{"id":213528,"date":"2026-03-04T11:09:38","date_gmt":"2026-03-04T10:09:38","guid":{"rendered":"https:\/\/www.escapadarural.com\/blog\/?p=213528"},"modified":"2026-03-16T17:15:40","modified_gmt":"2026-03-16T16:15:40","slug":"fallas-de-pueblo-valencia","status":"publish","type":"post","link":"https:\/\/www.escapadarural.com\/blog\/fallas-de-pueblo-valencia\/","title":{"rendered":"Fallas de pueblo: la otra cara (sin masificaciones) de la gran fiesta de Valencia"},"content":{"rendered":"\n<figure class=\"wp-block-image size-large\"><img loading=\"lazy\" decoding=\"async\" width=\"1024\" height=\"683\" src=\"https:\/\/www.escapadarural.com\/blog\/wp-content\/uploads\/2026\/02\/AdobeStock_179416843-1024x683.jpeg\" alt=\"Las Fallas de Val\u00e8ncia, que se celebran con la llegada de la primavera. Por paula\" class=\"wp-image-213531\" srcset=\"https:\/\/www.escapadarural.com\/blog\/wp-content\/uploads\/2026\/02\/AdobeStock_179416843-200x133.jpeg 200w, https:\/\/www.escapadarural.com\/blog\/wp-content\/uploads\/2026\/02\/AdobeStock_179416843-300x200.jpeg 300w, https:\/\/www.escapadarural.com\/blog\/wp-content\/uploads\/2026\/02\/AdobeStock_179416843-400x267.jpeg 400w, https:\/\/www.escapadarural.com\/blog\/wp-content\/uploads\/2026\/02\/AdobeStock_179416843-600x400.jpeg 600w, https:\/\/www.escapadarural.com\/blog\/wp-content\/uploads\/2026\/02\/AdobeStock_179416843-768x512.jpeg 768w, https:\/\/www.escapadarural.com\/blog\/wp-content\/uploads\/2026\/02\/AdobeStock_179416843-800x533.jpeg 800w, https:\/\/www.escapadarural.com\/blog\/wp-content\/uploads\/2026\/02\/AdobeStock_179416843-1024x683.jpeg 1024w, https:\/\/www.escapadarural.com\/blog\/wp-content\/uploads\/2026\/02\/AdobeStock_179416843-1200x800.jpeg 1200w, https:\/\/www.escapadarural.com\/blog\/wp-content\/uploads\/2026\/02\/AdobeStock_179416843-1536x1024.jpeg 1536w\" sizes=\"auto, (max-width: 1024px) 100vw, 1024px\" \/><figcaption class=\"wp-element-caption\">Las Fallas de Val\u00e8ncia, que se celebran con la llegada de la primavera. Por paula<\/figcaption><\/figure>\n\n\n\n<p>Las <strong>Fallas de Valencia<\/strong> comienzan, oficialmente, el \u00faltimo domingo de febrero. Ese d\u00eda, al final de la tarde, las falleras mayores de la ciudad presiden el acto de la <em>\u201cCrida\u201d <\/em>desde las emblem\u00e1ticas Torres de Serranos. A partir del 1 de marzo, comienza el trasiego de <em>mascletaes <\/em>diarias en la plaza del Ayuntamiento. La fiesta es un c\u00f3ctel que combina la exhibici\u00f3n de arte al aire libre, espect\u00e1culos de pirotecnia, m\u00fasica, indumentaria tradicional, paellas en la calle, mucha juerga y, por supuesto, el colof\u00f3n del <strong>fuego <\/strong>el <strong>19 de marzo<\/strong><em>\u00a0(la <\/em>Crem\u00e0<em>)<\/em>. Unos ingredientes que atraen a m\u00e1s de <strong>un mill\u00f3n de turistas cada a\u00f1o<\/strong>.<\/p>\n\n\n\n<div class=\"wp-block-buttons is-layout-flex wp-block-buttons-is-layout-flex\">\n<div class=\"wp-block-button\"><a class=\"wp-block-button__link wp-element-button\" href=\"\/casas-rurales\/valencia\">Alojamientos rurales en Valencia<\/a><\/div>\n<\/div>\n\n\n\n<h2 class=\"wp-block-heading\"><strong>Unas Fallas m\u00e1s tranquilas y cercanas<\/strong><\/h2>\n\n\n\n<figure class=\"wp-block-image size-large\"><img loading=\"lazy\" decoding=\"async\" width=\"1024\" height=\"683\" src=\"https:\/\/www.escapadarural.com\/blog\/wp-content\/uploads\/2026\/02\/AdobeStock_1844599268-1024x683.jpeg\" alt=\"Una mujer con un vestido tradicional de fallera en un pueblo de Valencia. Por Inspiraciones\" class=\"wp-image-213534\" srcset=\"https:\/\/www.escapadarural.com\/blog\/wp-content\/uploads\/2026\/02\/AdobeStock_1844599268-200x133.jpeg 200w, https:\/\/www.escapadarural.com\/blog\/wp-content\/uploads\/2026\/02\/AdobeStock_1844599268-300x200.jpeg 300w, https:\/\/www.escapadarural.com\/blog\/wp-content\/uploads\/2026\/02\/AdobeStock_1844599268-400x267.jpeg 400w, https:\/\/www.escapadarural.com\/blog\/wp-content\/uploads\/2026\/02\/AdobeStock_1844599268-600x400.jpeg 600w, https:\/\/www.escapadarural.com\/blog\/wp-content\/uploads\/2026\/02\/AdobeStock_1844599268-768x512.jpeg 768w, https:\/\/www.escapadarural.com\/blog\/wp-content\/uploads\/2026\/02\/AdobeStock_1844599268-800x533.jpeg 800w, https:\/\/www.escapadarural.com\/blog\/wp-content\/uploads\/2026\/02\/AdobeStock_1844599268-1024x683.jpeg 1024w, https:\/\/www.escapadarural.com\/blog\/wp-content\/uploads\/2026\/02\/AdobeStock_1844599268-1200x800.jpeg 1200w, https:\/\/www.escapadarural.com\/blog\/wp-content\/uploads\/2026\/02\/AdobeStock_1844599268-1536x1024.jpeg 1536w\" sizes=\"auto, (max-width: 1024px) 100vw, 1024px\" \/><figcaption class=\"wp-element-caption\">Una mujer con un vestido tradicional de fallera en un pueblo de Valencia. Por Inspiraciones<\/figcaption><\/figure>\n\n\n\n<p>Las Fallas tambi\u00e9n es el momento en el que muchos habitantes de la ciudad deciden <em>exiliarse<\/em>. Escapar de los petardos constantes, de las bandas tocando m\u00fasica a las 7 de la ma\u00f1ana<em>\u00a0(la Despert\u00e0)<\/em>, de hacer largas colas para comprar unos bu\u00f1uelos de calabaza o de higo, de tardar media hora para cruzar 200 metros de calle en los que, literalmente, no cabe ni un alfiler. Pero \u00a1ay!, lo bonitas que ser\u00edan las fiestas antes, m\u00e1s cercanas, sin tanta gente, con los <strong>vecinos y vecinas del barrio de toda la vida admirando los monumentos<\/strong> sin artificios, art\u00edsticos y sat\u00edricos a partes iguales.<\/p>\n\n\n\n<p>\u00a1Pero ojo! Es posible huir de las grandes aglomeraciones sin perderse las fiestas. No hablamos de verlas por la tele, sino de <strong>vivir las Fallas en pueblos valencianos <\/strong>donde todav\u00eda no aterrizan aviones ni atracan cruceros repletos de turistas. Y es que las Fallas nacen en Valencia en el siglo XVIII, pero a mitad del siglo XIX se extienden y se empiezan a ver en otros pueblos. Actualmente, la fiesta <strong>se celebra en m\u00e1s de 160 municipios valencianos<\/strong> gracias al trabajo de unas 800 comisiones falleras formadas por 200.000 falleros y falleras.<\/p>\n\n\n\n<h2 class=\"wp-block-heading\"><strong>Las Fallas de Alzira<\/strong><strong><\/strong><\/h2>\n\n\n\n<figure class=\"wp-block-image size-large is-resized\"><img loading=\"lazy\" decoding=\"async\" width=\"1024\" height=\"576\" src=\"https:\/\/www.escapadarural.com\/blog\/wp-content\/uploads\/2026\/03\/Fallas_Alzira-1024x576.jpg\" alt=\"Las Fallas de Alzira. \" class=\"wp-image-214478\" style=\"aspect-ratio:1.7777988769226596;width:1024px;height:auto\" srcset=\"https:\/\/www.escapadarural.com\/blog\/wp-content\/uploads\/2026\/03\/Fallas_Alzira-200x113.jpg 200w, https:\/\/www.escapadarural.com\/blog\/wp-content\/uploads\/2026\/03\/Fallas_Alzira-300x169.jpg 300w, https:\/\/www.escapadarural.com\/blog\/wp-content\/uploads\/2026\/03\/Fallas_Alzira-400x225.jpg 400w, https:\/\/www.escapadarural.com\/blog\/wp-content\/uploads\/2026\/03\/Fallas_Alzira-600x338.jpg 600w, https:\/\/www.escapadarural.com\/blog\/wp-content\/uploads\/2026\/03\/Fallas_Alzira-768x432.jpg 768w, https:\/\/www.escapadarural.com\/blog\/wp-content\/uploads\/2026\/03\/Fallas_Alzira-800x450.jpg 800w, https:\/\/www.escapadarural.com\/blog\/wp-content\/uploads\/2026\/03\/Fallas_Alzira-1024x576.jpg 1024w, https:\/\/www.escapadarural.com\/blog\/wp-content\/uploads\/2026\/03\/Fallas_Alzira-1200x675.jpg 1200w, https:\/\/www.escapadarural.com\/blog\/wp-content\/uploads\/2026\/03\/Fallas_Alzira-1536x864.jpg 1536w\" sizes=\"auto, (max-width: 1024px) 100vw, 1024px\" \/><figcaption class=\"wp-element-caption\">Las Fallas de Alzira. Por <a href=\"https:\/\/commons.wikimedia.org\/wiki\/File:Fallas_Alzira.jpg\" target=\"_blank\" rel=\"noreferrer noopener nofollow\">Rggjpg<\/a>.<\/figcaption><\/figure>\n\n\n\n<p>La capital de la Ribera Alta, Alzira, alberga las fallas m\u00e1s conocidas \u2014y reconocidas\u2014 tras las de Valencia. Se tiene constancia de que se plantaran aqu\u00ed los primeros <em>ninots <\/em>en 1888. Su <strong>origen centenario<\/strong> hace que est\u00e9 declarada <strong>Fiesta de Inter\u00e9s Tur\u00edstico Nacional<\/strong>. Alzira tiene 35 comisiones y m\u00e1s de 8.000 falleros. Entre el 16 y el 19 de marzo se extienden m\u00e1s de 70 fallas grandes e infantiles por todo el municipio.<\/p>\n\n\n\n<p>Por su tama\u00f1o, es <strong>una fiesta ideal para los que buscan jaleo, sin llegar a las aglomeraciones<\/strong> agobiantes de la gran ciudad. La escapada se puede complementar con una visita al <a href=\"\/blog\/aventuras-por-la-naturaleza-valenciana\/\">Paraje Natural La Murta y la Casella<\/a>, un precioso enclave con rutas <a href=\"\/blog\/rutas-entre-naranjos\/\">entre campos de naranjos<\/a> y bosque mediterr\u00e1neo.<\/p>\n\n\n\n<div class=\"wp-block-buttons is-layout-flex wp-block-buttons-is-layout-flex\">\n<div class=\"wp-block-button\"><a class=\"wp-block-button__link wp-element-button\" href=\"\/casas-rurales\/alzira\">Alojamientos rurales en Alzira<\/a><\/div>\n<\/div>\n\n\n\n<h2 class=\"wp-block-heading\"><strong>Las Fallas de X\u00e0tiva<\/strong><strong><\/strong><\/h2>\n\n\n\n<figure class=\"wp-block-image size-full\"><img loading=\"lazy\" decoding=\"async\" width=\"1024\" height=\"580\" src=\"https:\/\/www.escapadarural.com\/blog\/wp-content\/uploads\/2026\/03\/las-fallas-de-xtiva-20-1024x580-1.jpg\" alt=\"Las Fallas de X\u00e0tiva. \" class=\"wp-image-214480\" srcset=\"https:\/\/www.escapadarural.com\/blog\/wp-content\/uploads\/2026\/03\/las-fallas-de-xtiva-20-1024x580-1-200x113.jpg 200w, https:\/\/www.escapadarural.com\/blog\/wp-content\/uploads\/2026\/03\/las-fallas-de-xtiva-20-1024x580-1-300x170.jpg 300w, https:\/\/www.escapadarural.com\/blog\/wp-content\/uploads\/2026\/03\/las-fallas-de-xtiva-20-1024x580-1-400x227.jpg 400w, https:\/\/www.escapadarural.com\/blog\/wp-content\/uploads\/2026\/03\/las-fallas-de-xtiva-20-1024x580-1-600x340.jpg 600w, https:\/\/www.escapadarural.com\/blog\/wp-content\/uploads\/2026\/03\/las-fallas-de-xtiva-20-1024x580-1-768x435.jpg 768w, https:\/\/www.escapadarural.com\/blog\/wp-content\/uploads\/2026\/03\/las-fallas-de-xtiva-20-1024x580-1-800x453.jpg 800w, https:\/\/www.escapadarural.com\/blog\/wp-content\/uploads\/2026\/03\/las-fallas-de-xtiva-20-1024x580-1.jpg 1024w\" sizes=\"auto, (max-width: 1024px) 100vw, 1024px\" \/><figcaption class=\"wp-element-caption\">Las Fallas de X\u00e0tiva. Por <a href=\"https:\/\/xativaturismo.com\/fallas-de-xativa\/\" target=\"_blank\" rel=\"noreferrer noopener nofollow\">Turismo de X\u00e0tiva<\/a>.<\/figcaption><\/figure>\n\n\n\n<p>X\u00e0tiva<strong> <\/strong>es ese municipio valenciano que nunca importa volver a visitar. En un entorno rural, invita a sentir la historia con sus robustas murallas y su <a href=\"\/blog\/castillo-doble-fortaleza-de-xativa\/\">imponente castillo<\/a>. Fue el <strong>primer lugar que plant\u00f3 una falla despu\u00e9s de la ciudad de Valencia, en 1865<\/strong>. Hoy las fiestas tienen lugar del 15 al 19 de marzo y se instalan hasta 19 monumentos, junto a sus correspondientes versiones infantiles.<\/p>\n\n\n\n<p>El programa fallero es muy diverso, con campeonatos deportivos, concurso de teatro, elaboraci\u00f3n de paellas, cabalgatas, desfiles, actuaciones musicales, ofrenda floral y su caracter\u00edstica <em><strong>Baixada de Sant Josep<\/strong><\/em>, una romer\u00eda que se hace durante la ma\u00f1ana del 19 de marzo.<\/p>\n\n\n\n<div class=\"wp-block-buttons is-layout-flex wp-block-buttons-is-layout-flex\">\n<div class=\"wp-block-button\"><a class=\"wp-block-button__link wp-element-button\" href=\"\/casas-rurales\/xativa\">Alojamientos rurales en X\u00e0tiva<\/a><\/div>\n<\/div>\n\n\n\n<h2 class=\"wp-block-heading\"><strong>Las Fallas de Paterna<\/strong><strong><\/strong><\/h2>\n\n\n\n<figure class=\"wp-block-image size-large\"><img loading=\"lazy\" decoding=\"async\" width=\"1024\" height=\"576\" src=\"https:\/\/www.escapadarural.com\/blog\/wp-content\/uploads\/2026\/03\/Corda_Paterna_TurismoComValenciana-1024x576.jpg\" alt=\"La Cord\u00e0 de las Fallas de Paterna.\" class=\"wp-image-214477\" srcset=\"https:\/\/www.escapadarural.com\/blog\/wp-content\/uploads\/2026\/03\/Corda_Paterna_TurismoComValenciana-200x113.jpg 200w, https:\/\/www.escapadarural.com\/blog\/wp-content\/uploads\/2026\/03\/Corda_Paterna_TurismoComValenciana-300x169.jpg 300w, https:\/\/www.escapadarural.com\/blog\/wp-content\/uploads\/2026\/03\/Corda_Paterna_TurismoComValenciana-400x225.jpg 400w, https:\/\/www.escapadarural.com\/blog\/wp-content\/uploads\/2026\/03\/Corda_Paterna_TurismoComValenciana-600x338.jpg 600w, https:\/\/www.escapadarural.com\/blog\/wp-content\/uploads\/2026\/03\/Corda_Paterna_TurismoComValenciana-768x432.jpg 768w, https:\/\/www.escapadarural.com\/blog\/wp-content\/uploads\/2026\/03\/Corda_Paterna_TurismoComValenciana-800x450.jpg 800w, https:\/\/www.escapadarural.com\/blog\/wp-content\/uploads\/2026\/03\/Corda_Paterna_TurismoComValenciana-1024x576.jpg 1024w, https:\/\/www.escapadarural.com\/blog\/wp-content\/uploads\/2026\/03\/Corda_Paterna_TurismoComValenciana-1200x675.jpg 1200w, https:\/\/www.escapadarural.com\/blog\/wp-content\/uploads\/2026\/03\/Corda_Paterna_TurismoComValenciana-1536x864.jpg 1536w, https:\/\/www.escapadarural.com\/blog\/wp-content\/uploads\/2026\/03\/Corda_Paterna_TurismoComValenciana.jpg 1920w\" sizes=\"auto, (max-width: 1024px) 100vw, 1024px\" \/><figcaption class=\"wp-element-caption\">La Cord\u00e0 de las Fallas de Paterna. Por <a href=\"https:\/\/www.comunitatvalenciana.com\/es\/valencia\/paterna\/fiestas\/la-corda-de-paterna\" target=\"_blank\">Turismo Comunidad Valenciana<\/a>.<\/figcaption><\/figure>\n\n\n\n<p>Muy cerca de la ciudad de Valencia est\u00e1 Paterna. Es otro de los destinos imprescindibles de cara al d\u00eda de San Jos\u00e9: tiene 19 comisiones falleras con sus correspondientes monumentos. Es famosa por <strong>su espectacular Cord\u00e0<\/strong>, se disparan <strong><strong>masclet\u00e1<\/strong>s<em> <\/em>diarias <\/strong>del 15 al 19 de marzo y se organiza una <strong>Nit del Foc <\/strong>\u2014un gran espect\u00e1culo pirot\u00e9cnico\u2014 la noche del 18. El municipio trabaja en la apertura de un museo fallero.<\/p>\n\n\n\n<p>La ubicaci\u00f3n de Paterna, muy cerca de la capital, permite hacer un \u201c2&#215;1\u201d: vivir las Fallas en un lugar m\u00e1s tranquilo y hacer una escapada ocasional a las masificadas de la ciudad, con la que <strong>est\u00e1 conectada por metro<\/strong>. Y, c\u00f3mo no, la subida de las temperaturas es una buena excusa para tomar una horchata fresquita en su cuna, en la comarca de <a href=\"\/blog\/pueblos-de-la-huerta-de-valencia\/\">l\u2019Horta Nord<\/a>.<\/p>\n\n\n\n<div class=\"wp-block-buttons is-layout-flex wp-block-buttons-is-layout-flex\">\n<div class=\"wp-block-button\"><a class=\"wp-block-button__link wp-element-button\" href=\"\/casas-rurales\/paterna\">Alojamientos rurales en Paterna<\/a><\/div>\n<\/div>\n\n\n\n<h2 class=\"wp-block-heading\"><strong>Las Fallas de Gand\u00eda<\/strong><\/h2>\n\n\n\n<figure class=\"wp-block-image size-full\"><img loading=\"lazy\" decoding=\"async\" width=\"2048\" height=\"1366\" src=\"https:\/\/www.escapadarural.com\/blog\/wp-content\/uploads\/2026\/03\/AdobeStock_482443183_Editorial_Use_Only-scaled.jpeg\" alt=\"Las Fallas de Gand\u00eda.\" class=\"wp-image-214476\" srcset=\"https:\/\/www.escapadarural.com\/blog\/wp-content\/uploads\/2026\/03\/AdobeStock_482443183_Editorial_Use_Only-200x133.jpeg 200w, https:\/\/www.escapadarural.com\/blog\/wp-content\/uploads\/2026\/03\/AdobeStock_482443183_Editorial_Use_Only-300x200.jpeg 300w, https:\/\/www.escapadarural.com\/blog\/wp-content\/uploads\/2026\/03\/AdobeStock_482443183_Editorial_Use_Only-400x267.jpeg 400w, https:\/\/www.escapadarural.com\/blog\/wp-content\/uploads\/2026\/03\/AdobeStock_482443183_Editorial_Use_Only-600x400.jpeg 600w, https:\/\/www.escapadarural.com\/blog\/wp-content\/uploads\/2026\/03\/AdobeStock_482443183_Editorial_Use_Only-768x512.jpeg 768w, https:\/\/www.escapadarural.com\/blog\/wp-content\/uploads\/2026\/03\/AdobeStock_482443183_Editorial_Use_Only-800x534.jpeg 800w, https:\/\/www.escapadarural.com\/blog\/wp-content\/uploads\/2026\/03\/AdobeStock_482443183_Editorial_Use_Only-1024x683.jpeg 1024w, https:\/\/www.escapadarural.com\/blog\/wp-content\/uploads\/2026\/03\/AdobeStock_482443183_Editorial_Use_Only-1200x800.jpeg 1200w, https:\/\/www.escapadarural.com\/blog\/wp-content\/uploads\/2026\/03\/AdobeStock_482443183_Editorial_Use_Only-1536x1025.jpeg 1536w, https:\/\/www.escapadarural.com\/blog\/wp-content\/uploads\/2026\/03\/AdobeStock_482443183_Editorial_Use_Only-scaled.jpeg 2048w\" sizes=\"auto, (max-width: 2048px) 100vw, 2048px\" \/><figcaption class=\"wp-element-caption\">Las Fallas de Gand\u00eda. Por Loes Kieboom.<\/figcaption><\/figure>\n\n\n\n<p>S\u00ed, \u00a1tambi\u00e9n podemos combinar <strong>Fallas y playa<\/strong>! En <strong>Gand\u00eda<\/strong>, al sur de la provincia de Valencia, celebran unas fiestas junto al mar del 16 al 19 de marzo. Cada una de las 23 comisiones que hay en el municipio instala su monumento art\u00edstico con el que satirizan la actualidad pol\u00edtica y social. Lo m\u00e1s caracter\u00edstico es la tradici\u00f3n de <strong>bautizar un beb\u00e9<\/strong> \u2014escogido por la Federaci\u00f3n de Fallas\u2014, que pasa a tener como padrinos a la fallera mayor de ese a\u00f1o y al alcalde o alcaldesa. Tras la ceremonia, se realiza un desfile con el reci\u00e9n nacido en brazos y se reparten caramelos y golosinas a los m\u00e1s peques.<\/p>\n\n\n\n<p>Por supuesto, no faltan otros actos t\u00edpicos de las fallas como masclet\u00e1s, ofrendas a la Virgen de los Desamparados y la Nit de la Crem\u00e0, cuando arden todos los monumentos. Gandia tiene su <strong>Museu Faller<\/strong> para adentrarse en sus fiestas en cualquier momento del a\u00f1o.<\/p>\n\n\n\n<div class=\"wp-block-buttons is-layout-flex wp-block-buttons-is-layout-flex\">\n<div class=\"wp-block-button\"><a class=\"wp-block-button__link wp-element-button\" href=\"\/casas-rurales\/gandia\">Alojamientos rurales en Gandia<\/a><\/div>\n<\/div>\n\n\n\n<h2 class=\"wp-block-heading\"><strong>Las Fallas de Sagunt<\/strong>o<\/h2>\n\n\n\n<figure class=\"wp-block-image size-large\"><img loading=\"lazy\" decoding=\"async\" width=\"1024\" height=\"681\" src=\"https:\/\/www.escapadarural.com\/blog\/wp-content\/uploads\/2026\/02\/AdobeStock_1343817507-1024x681.jpeg\" alt=\"'Ninot' de un m\u00e9dico en las Fallas de Sagunto. Por martenaba\" class=\"wp-image-213533\" srcset=\"https:\/\/www.escapadarural.com\/blog\/wp-content\/uploads\/2026\/02\/AdobeStock_1343817507-200x133.jpeg 200w, https:\/\/www.escapadarural.com\/blog\/wp-content\/uploads\/2026\/02\/AdobeStock_1343817507-300x200.jpeg 300w, https:\/\/www.escapadarural.com\/blog\/wp-content\/uploads\/2026\/02\/AdobeStock_1343817507-400x266.jpeg 400w, https:\/\/www.escapadarural.com\/blog\/wp-content\/uploads\/2026\/02\/AdobeStock_1343817507-600x399.jpeg 600w, https:\/\/www.escapadarural.com\/blog\/wp-content\/uploads\/2026\/02\/AdobeStock_1343817507-768x511.jpeg 768w, https:\/\/www.escapadarural.com\/blog\/wp-content\/uploads\/2026\/02\/AdobeStock_1343817507-800x532.jpeg 800w, https:\/\/www.escapadarural.com\/blog\/wp-content\/uploads\/2026\/02\/AdobeStock_1343817507-1024x681.jpeg 1024w, https:\/\/www.escapadarural.com\/blog\/wp-content\/uploads\/2026\/02\/AdobeStock_1343817507-1200x798.jpeg 1200w, https:\/\/www.escapadarural.com\/blog\/wp-content\/uploads\/2026\/02\/AdobeStock_1343817507-1536x1022.jpeg 1536w\" sizes=\"auto, (max-width: 1024px) 100vw, 1024px\" \/><figcaption class=\"wp-element-caption\">&#8216;Ninot&#8217; de un m\u00e9dico en las Fallas de Sagunto. Por martenaba<\/figcaption><\/figure>\n\n\n\n<p>Sobre Sagunto<strong> <\/strong>se alza un impresionante castillo que se ve a kil\u00f3metros de distancia, entre las llanuras de los campos de huerta y c\u00edtricos y el mar Mediterr\u00e1neo <a href=\"\/blog\/pueblos-paisajes-camino-del-cid\/\">(\u00a1es una de las paradas del Camino del Cid!)<\/a>. Fueron los propios vecinos y vecinas del contiguo Puerto de Sagunto quienes, con sus propias manos y materiales, se lanzaron a montar una falla en la calle Poeta Llombart, <em>llibret <\/em>incluido (la publicaci\u00f3n donde se explica su significado, bocetos, etc.) en 1927.<\/p>\n\n\n\n<p>A Sagunto la fiesta llegar\u00eda un poco m\u00e1s tarde, en 1932. Hoy son <strong>58 los monumentos que se plantan en un destino<\/strong> que combina mar, historia y jolgorio.<\/p>\n\n\n\n<div class=\"wp-block-buttons is-layout-flex wp-block-buttons-is-layout-flex\">\n<div class=\"wp-block-button\"><a class=\"wp-block-button__link wp-element-button\" href=\"\/casas-rurales\/sagunto\">Alojamientos rurales cerca de Sagunto<\/a><\/div>\n<\/div>\n\n\n\n<h2 class=\"wp-block-heading\"><strong>Fallas en <a href=\"\/casas-rurales\/castellon\">Castell\u00f3n<\/a> y <a href=\"\/casas-rurales\/alicante\">Alicante<\/a><\/strong><\/h2>\n\n\n\n<figure class=\"wp-block-image size-large\"><img loading=\"lazy\" decoding=\"async\" width=\"1024\" height=\"683\" src=\"https:\/\/www.escapadarural.com\/blog\/wp-content\/uploads\/2026\/02\/AdobeStock_463893087_Editorial_Use_Only-1024x683.jpeg\" alt=\"Fallas de Borriana, en Castell\u00f3n. Por Andres\" class=\"wp-image-213532\" srcset=\"https:\/\/www.escapadarural.com\/blog\/wp-content\/uploads\/2026\/02\/AdobeStock_463893087_Editorial_Use_Only-200x133.jpeg 200w, https:\/\/www.escapadarural.com\/blog\/wp-content\/uploads\/2026\/02\/AdobeStock_463893087_Editorial_Use_Only-300x200.jpeg 300w, https:\/\/www.escapadarural.com\/blog\/wp-content\/uploads\/2026\/02\/AdobeStock_463893087_Editorial_Use_Only-400x267.jpeg 400w, https:\/\/www.escapadarural.com\/blog\/wp-content\/uploads\/2026\/02\/AdobeStock_463893087_Editorial_Use_Only-600x400.jpeg 600w, https:\/\/www.escapadarural.com\/blog\/wp-content\/uploads\/2026\/02\/AdobeStock_463893087_Editorial_Use_Only-768x512.jpeg 768w, https:\/\/www.escapadarural.com\/blog\/wp-content\/uploads\/2026\/02\/AdobeStock_463893087_Editorial_Use_Only-800x533.jpeg 800w, https:\/\/www.escapadarural.com\/blog\/wp-content\/uploads\/2026\/02\/AdobeStock_463893087_Editorial_Use_Only-1024x683.jpeg 1024w, https:\/\/www.escapadarural.com\/blog\/wp-content\/uploads\/2026\/02\/AdobeStock_463893087_Editorial_Use_Only-1200x800.jpeg 1200w, https:\/\/www.escapadarural.com\/blog\/wp-content\/uploads\/2026\/02\/AdobeStock_463893087_Editorial_Use_Only-1536x1024.jpeg 1536w\" sizes=\"auto, (max-width: 1024px) 100vw, 1024px\" \/><figcaption class=\"wp-element-caption\">Fallas de Borriana, en Castell\u00f3n. Por Andres<\/figcaption><\/figure>\n\n\n\n<p>Hay <strong>otros pueblos valencianos<\/strong>, fuera de la provincia de Valencia, que tambi\u00e9n celebran sus propias Fallas y son una buena opci\u00f3n para vivirlas en un contexto m\u00e1s amable. Un ejemplo es <a href=\"\/casas-rurales\/burriana\">Burriana<\/a>, al sureste de <a href=\"\/casas-rurales\/castellon\">Castell\u00f3n<\/a>, con una tradici\u00f3n que se remonta al a\u00f1o 1928. Son cuatro d\u00edas de p\u00f3lvora, m\u00fasica y fallas en la calle, del 15 al 19 de marzo.<\/p>\n\n\n\n<p>Otro caso es el de <a href=\"\/casas-rurales\/denia\">D\u00e9nia<\/a>. Pese a que en la provincia de <a href=\"\/casas-rurales\/alicante\">Alicante<\/a> se celebran unas fiestas similares a finales de junio (las Hogueras de San Juan), en este municipio lim\u00edtrofe con Valencia son m\u00e1s de Fallas. Las celebran del 17 al 19 de marzo y montan hasta 22 monumentos.<\/p>\n\n\n\n<figure class=\"wp-block-image size-large\"><img loading=\"lazy\" decoding=\"async\" width=\"1024\" height=\"668\" src=\"https:\/\/www.escapadarural.com\/blog\/wp-content\/uploads\/2026\/02\/AdobeStock_329103615-1024x668.jpeg\" alt=\"Masclet\u00e0 en las Fallas de D\u00e9nia (Alicante). Por MiniMoon Photo\" class=\"wp-image-213537\" srcset=\"https:\/\/www.escapadarural.com\/blog\/wp-content\/uploads\/2026\/02\/AdobeStock_329103615-200x130.jpeg 200w, https:\/\/www.escapadarural.com\/blog\/wp-content\/uploads\/2026\/02\/AdobeStock_329103615-300x196.jpeg 300w, https:\/\/www.escapadarural.com\/blog\/wp-content\/uploads\/2026\/02\/AdobeStock_329103615-400x261.jpeg 400w, https:\/\/www.escapadarural.com\/blog\/wp-content\/uploads\/2026\/02\/AdobeStock_329103615-600x391.jpeg 600w, https:\/\/www.escapadarural.com\/blog\/wp-content\/uploads\/2026\/02\/AdobeStock_329103615-768x501.jpeg 768w, https:\/\/www.escapadarural.com\/blog\/wp-content\/uploads\/2026\/02\/AdobeStock_329103615-800x522.jpeg 800w, https:\/\/www.escapadarural.com\/blog\/wp-content\/uploads\/2026\/02\/AdobeStock_329103615-1024x668.jpeg 1024w, https:\/\/www.escapadarural.com\/blog\/wp-content\/uploads\/2026\/02\/AdobeStock_329103615-1200x782.jpeg 1200w, https:\/\/www.escapadarural.com\/blog\/wp-content\/uploads\/2026\/02\/AdobeStock_329103615-1536x1001.jpeg 1536w\" sizes=\"auto, (max-width: 1024px) 100vw, 1024px\" \/><figcaption class=\"wp-element-caption\">Masclet\u00e0 en las Fallas de D\u00e9nia (Alicante). Por MiniMoon Photo<\/figcaption><\/figure>\n","protected":false},"excerpt":{"rendered":"<p>Conoce la fiesta valenciana del fuego, ninots, pirotecnia e indumentaria tradicional desde rincones no tan masificados como la capital, pero igualmente preciosos<\/p>\n","protected":false},"author":123,"featured_media":214476,"comment_status":"open","ping_status":"open","sticky":false,"template":"","format":"standard","meta":{"_acf_changed":false,"om_disable_all_campaigns":false,"footnotes":""},"categories":[231,191],"tags":[6597,2197,469,6650,1587,1946,511,821,1334,6794,215,5590,2659,257,3489,602,3031],"class_list":["post-213528","post","type-post","status-publish","format-standard","has-post-thumbnail","hentry","category-arte-y-cultura","category-destinos","tag-alzira","tag-amigos","tag-que-ver-en-la-comunidad-valenciana","tag-denia","tag-fallas","tag-fallas-de-valencia","tag-familia","tag-fiestas","tag-fiestas-de-interes-turistico-internacional","tag-gandia-2","tag-listado","tag-pareja","tag-paterna","tag-primavera","tag-sagunto","tag-que-ver-en-valencia","tag-xativa"],"acf":[],"featured_image_src":"https:\/\/www.escapadarural.com\/blog\/wp-content\/uploads\/2026\/03\/AdobeStock_482443183_Editorial_Use_Only-scaled.jpeg","author_info":{"display_name":"Raquel Andr\u00e9s","author_link":"https:\/\/www.escapadarural.com\/blog\/autor\/raquel\/"},"yoast_head":"<!-- This site is optimized with the Yoast SEO plugin v27.2 - https:\/\/yoast.com\/product\/yoast-seo-wordpress\/ -->\n<title>Fallas de pueblo: la otra cara (sin masificaciones) de la gran fiesta de Valencia - EscapadaRural<\/title>\n<meta name=\"description\" content=\"Conoce la fiesta valenciana del fuego, los ninots y las masclet\u00e1s desde rincones no tan masificados como la capital, pero igualmente preciosos\" \/>\n<meta name=\"robots\" content=\"index, follow, max-snippet:-1, max-image-preview:large, max-video-preview:-1\" \/>\n<link rel=\"canonical\" href=\"https:\/\/www.escapadarural.com\/blog\/fallas-de-pueblo-valencia\/\" \/>\n<meta property=\"og:locale\" content=\"es_ES\" \/>\n<meta property=\"og:type\" content=\"article\" \/>\n<meta property=\"og:title\" content=\"Fallas de pueblo: la otra cara (sin masificaciones) de la gran fiesta de Valencia - EscapadaRural\" \/>\n<meta property=\"og:description\" content=\"Conoce la fiesta valenciana del fuego, los ninots y las masclet\u00e1s desde rincones no tan masificados como la capital, pero igualmente preciosos\" \/>\n<meta property=\"og:url\" content=\"https:\/\/www.escapadarural.com\/blog\/fallas-de-pueblo-valencia\/\" \/>\n<meta property=\"og:site_name\" content=\"Magazine de viajes de EscapadaRural\" \/>\n<meta property=\"article:publisher\" content=\"https:\/\/www.facebook.com\/escapadarural\" \/>\n<meta property=\"article:published_time\" content=\"2026-03-04T10:09:38+00:00\" \/>\n<meta property=\"article:modified_time\" content=\"2026-03-16T16:15:40+00:00\" \/>\n<meta property=\"og:image\" content=\"https:\/\/www.escapadarural.com\/blog\/wp-content\/uploads\/2026\/03\/AdobeStock_482443183_Editorial_Use_Only-scaled.jpeg?v=1773677742\" \/>\n\t<meta property=\"og:image:width\" content=\"2048\" \/>\n\t<meta property=\"og:image:height\" content=\"1366\" \/>\n\t<meta property=\"og:image:type\" content=\"image\/jpeg\" \/>\n<meta name=\"author\" content=\"Raquel Andr\u00e9s\" \/>\n<meta name=\"twitter:card\" content=\"summary_large_image\" \/>\n<meta name=\"twitter:label1\" content=\"Escrito por\" \/>\n\t<meta name=\"twitter:data1\" content=\"Raquel Andr\u00e9s\" \/>\n\t<meta name=\"twitter:label2\" content=\"Tiempo de lectura\" \/>\n\t<meta name=\"twitter:data2\" content=\"6 minutos\" \/>\n<script type=\"application\/ld+json\" class=\"yoast-schema-graph\">{\"@context\":\"https:\/\/schema.org\",\"@graph\":[{\"@type\":\"Article\",\"@id\":\"https:\/\/www.escapadarural.com\/blog\/fallas-de-pueblo-valencia\/#article\",\"isPartOf\":{\"@id\":\"https:\/\/www.escapadarural.com\/blog\/fallas-de-pueblo-valencia\/\"},\"author\":{\"name\":\"Raquel Andr\u00e9s\",\"@id\":\"https:\/\/www.escapadarural.com\/blog\/#\/schema\/person\/67be061eb00d8315fa8642e01b88c894\"},\"headline\":\"Fallas de pueblo: la otra cara (sin masificaciones) de la gran fiesta de Valencia\",\"datePublished\":\"2026-03-04T10:09:38+00:00\",\"dateModified\":\"2026-03-16T16:15:40+00:00\",\"mainEntityOfPage\":{\"@id\":\"https:\/\/www.escapadarural.com\/blog\/fallas-de-pueblo-valencia\/\"},\"wordCount\":1250,\"commentCount\":0,\"publisher\":{\"@id\":\"https:\/\/www.escapadarural.com\/blog\/#organization\"},\"image\":{\"@id\":\"https:\/\/www.escapadarural.com\/blog\/fallas-de-pueblo-valencia\/#primaryimage\"},\"thumbnailUrl\":\"https:\/\/www.escapadarural.com\/blog\/wp-content\/uploads\/2026\/03\/AdobeStock_482443183_Editorial_Use_Only-scaled.jpeg\",\"keywords\":[\"Alzira\",\"amigos\",\"Comunidad Valenciana\",\"D\u00e9nia\",\"Fallas\",\"Fallas de Valencia\",\"Familia\",\"Fiestas\",\"Fiestas de Inter\u00e9s Tur\u00edstico Internacional\",\"Gand\u00eda\",\"Listado\",\"Pareja\",\"paterna\",\"Primavera\",\"sagunto\",\"Valencia\",\"X\u00e0tiva\"],\"articleSection\":[\"Arte y Cultura\",\"Destinos\"],\"inLanguage\":\"es\",\"potentialAction\":[{\"@type\":\"CommentAction\",\"name\":\"Comment\",\"target\":[\"https:\/\/www.escapadarural.com\/blog\/fallas-de-pueblo-valencia\/#respond\"]}]},{\"@type\":\"WebPage\",\"@id\":\"https:\/\/www.escapadarural.com\/blog\/fallas-de-pueblo-valencia\/\",\"url\":\"https:\/\/www.escapadarural.com\/blog\/fallas-de-pueblo-valencia\/\",\"name\":\"Fallas de pueblo: la otra cara (sin masificaciones) de la gran fiesta de Valencia - EscapadaRural\",\"isPartOf\":{\"@id\":\"https:\/\/www.escapadarural.com\/blog\/#website\"},\"primaryImageOfPage\":{\"@id\":\"https:\/\/www.escapadarural.com\/blog\/fallas-de-pueblo-valencia\/#primaryimage\"},\"image\":{\"@id\":\"https:\/\/www.escapadarural.com\/blog\/fallas-de-pueblo-valencia\/#primaryimage\"},\"thumbnailUrl\":\"https:\/\/www.escapadarural.com\/blog\/wp-content\/uploads\/2026\/03\/AdobeStock_482443183_Editorial_Use_Only-scaled.jpeg\",\"datePublished\":\"2026-03-04T10:09:38+00:00\",\"dateModified\":\"2026-03-16T16:15:40+00:00\",\"description\":\"Conoce la fiesta valenciana del fuego, los ninots y las masclet\u00e1s desde rincones no tan masificados como la capital, pero igualmente preciosos\",\"breadcrumb\":{\"@id\":\"https:\/\/www.escapadarural.com\/blog\/fallas-de-pueblo-valencia\/#breadcrumb\"},\"inLanguage\":\"es\",\"potentialAction\":[{\"@type\":\"ReadAction\",\"target\":[\"https:\/\/www.escapadarural.com\/blog\/fallas-de-pueblo-valencia\/\"]}]},{\"@type\":\"ImageObject\",\"inLanguage\":\"es\",\"@id\":\"https:\/\/www.escapadarural.com\/blog\/fallas-de-pueblo-valencia\/#primaryimage\",\"url\":\"https:\/\/www.escapadarural.com\/blog\/wp-content\/uploads\/2026\/03\/AdobeStock_482443183_Editorial_Use_Only-scaled.jpeg\",\"contentUrl\":\"https:\/\/www.escapadarural.com\/blog\/wp-content\/uploads\/2026\/03\/AdobeStock_482443183_Editorial_Use_Only-scaled.jpeg\",\"width\":2048,\"height\":1366,\"caption\":\"Las Fallas de Gand\u00eda. Por Loes Kieboom.\"},{\"@type\":\"BreadcrumbList\",\"@id\":\"https:\/\/www.escapadarural.com\/blog\/fallas-de-pueblo-valencia\/#breadcrumb\",\"itemListElement\":[{\"@type\":\"ListItem\",\"position\":1,\"name\":\"Inicio\",\"item\":\"https:\/\/www.escapadarural.com\/blog\/\"},{\"@type\":\"ListItem\",\"position\":2,\"name\":\"Arte y Cultura\",\"item\":\"https:\/\/www.escapadarural.com\/blog\/categoria\/arte-y-cultura\/\"},{\"@type\":\"ListItem\",\"position\":3,\"name\":\"Fallas de pueblo: la otra cara (sin masificaciones) de la gran fiesta de Valencia\"}]},{\"@type\":\"WebSite\",\"@id\":\"https:\/\/www.escapadarural.com\/blog\/#website\",\"url\":\"https:\/\/www.escapadarural.com\/blog\/\",\"name\":\"Blog de viajes | turismo rural, alojamientos e inspiraci\u00f3n\",\"description\":\"Alojamientos rurales e inspiraci\u00f3n para tus escapadas\",\"publisher\":{\"@id\":\"https:\/\/www.escapadarural.com\/blog\/#organization\"},\"alternateName\":\"Magazine de viajes de EscapadaRural\",\"potentialAction\":[{\"@type\":\"SearchAction\",\"target\":{\"@type\":\"EntryPoint\",\"urlTemplate\":\"https:\/\/www.escapadarural.com\/blog\/?s={search_term_string}\"},\"query-input\":{\"@type\":\"PropertyValueSpecification\",\"valueRequired\":true,\"valueName\":\"search_term_string\"}}],\"inLanguage\":\"es\"},{\"@type\":\"Organization\",\"@id\":\"https:\/\/www.escapadarural.com\/blog\/#organization\",\"name\":\"EscapadaRural\",\"url\":\"https:\/\/www.escapadarural.com\/blog\/\",\"logo\":{\"@type\":\"ImageObject\",\"inLanguage\":\"es\",\"@id\":\"https:\/\/www.escapadarural.com\/blog\/#\/schema\/logo\/image\/\",\"url\":\"https:\/\/www.escapadarural.com\/blog\/wp-content\/uploads\/2024\/10\/cropped-cropped-escapada-rural-icon-mag-3.png\",\"contentUrl\":\"https:\/\/www.escapadarural.com\/blog\/wp-content\/uploads\/2024\/10\/cropped-cropped-escapada-rural-icon-mag-3.png\",\"width\":512,\"height\":512,\"caption\":\"EscapadaRural\"},\"image\":{\"@id\":\"https:\/\/www.escapadarural.com\/blog\/#\/schema\/logo\/image\/\"},\"sameAs\":[\"https:\/\/www.facebook.com\/escapadarural\",\"https:\/\/www.instagram.com\/escapadarural\/\",\"https:\/\/www.youtube.com\/@escapadaruralcom\"]},{\"@type\":\"Person\",\"@id\":\"https:\/\/www.escapadarural.com\/blog\/#\/schema\/person\/67be061eb00d8315fa8642e01b88c894\",\"name\":\"Raquel Andr\u00e9s\",\"image\":{\"@type\":\"ImageObject\",\"inLanguage\":\"es\",\"@id\":\"https:\/\/secure.gravatar.com\/avatar\/b45840531462f3cafb335a9fc5c0bfda2c07c3df4b82b304b923526b85cc6cb5?s=96&d=mm&r=g\",\"url\":\"https:\/\/secure.gravatar.com\/avatar\/b45840531462f3cafb335a9fc5c0bfda2c07c3df4b82b304b923526b85cc6cb5?s=96&d=mm&r=g\",\"contentUrl\":\"https:\/\/secure.gravatar.com\/avatar\/b45840531462f3cafb335a9fc5c0bfda2c07c3df4b82b304b923526b85cc6cb5?s=96&d=mm&r=g\",\"caption\":\"Raquel Andr\u00e9s\"},\"description\":\"Periodista y aventurera. Me has podido leer en Escapada Rural, Diari Nosaltres La Veu, La Vanguardia, El Salto y otros medios. Habitante y amante de las zonas rurales, sea cual sea el destino. Procuro escaparme una vez por semana con las botas de monta\u00f1a, el arn\u00e9s o el neopreno. Tambi\u00e9n soy un intento de baserritarra.\",\"url\":\"https:\/\/www.escapadarural.com\/blog\/autor\/raquel\/\"}]}<\/script>\n<!-- \/ Yoast SEO plugin. -->","yoast_head_json":{"title":"Fallas de pueblo: la otra cara (sin masificaciones) de la gran fiesta de Valencia - EscapadaRural","description":"Conoce la fiesta valenciana del fuego, los ninots y las masclet\u00e1s desde rincones no tan masificados como la capital, pero igualmente preciosos","robots":{"index":"index","follow":"follow","max-snippet":"max-snippet:-1","max-image-preview":"max-image-preview:large","max-video-preview":"max-video-preview:-1"},"canonical":"https:\/\/www.escapadarural.com\/blog\/fallas-de-pueblo-valencia\/","og_locale":"es_ES","og_type":"article","og_title":"Fallas de pueblo: la otra cara (sin masificaciones) de la gran fiesta de Valencia - EscapadaRural","og_description":"Conoce la fiesta valenciana del fuego, los ninots y las masclet\u00e1s desde rincones no tan masificados como la capital, pero igualmente preciosos","og_url":"https:\/\/www.escapadarural.com\/blog\/fallas-de-pueblo-valencia\/","og_site_name":"Magazine de viajes de EscapadaRural","article_publisher":"https:\/\/www.facebook.com\/escapadarural","article_published_time":"2026-03-04T10:09:38+00:00","article_modified_time":"2026-03-16T16:15:40+00:00","og_image":[{"width":2048,"height":1366,"url":"https:\/\/www.escapadarural.com\/blog\/wp-content\/uploads\/2026\/03\/AdobeStock_482443183_Editorial_Use_Only-scaled.jpeg?v=1773677742","type":"image\/jpeg"}],"author":"Raquel Andr\u00e9s","twitter_card":"summary_large_image","twitter_misc":{"Escrito por":"Raquel Andr\u00e9s","Tiempo de lectura":"6 minutos"},"schema":{"@context":"https:\/\/schema.org","@graph":[{"@type":"Article","@id":"https:\/\/www.escapadarural.com\/blog\/fallas-de-pueblo-valencia\/#article","isPartOf":{"@id":"https:\/\/www.escapadarural.com\/blog\/fallas-de-pueblo-valencia\/"},"author":{"name":"Raquel Andr\u00e9s","@id":"https:\/\/www.escapadarural.com\/blog\/#\/schema\/person\/67be061eb00d8315fa8642e01b88c894"},"headline":"Fallas de pueblo: la otra cara (sin masificaciones) de la gran fiesta de Valencia","datePublished":"2026-03-04T10:09:38+00:00","dateModified":"2026-03-16T16:15:40+00:00","mainEntityOfPage":{"@id":"https:\/\/www.escapadarural.com\/blog\/fallas-de-pueblo-valencia\/"},"wordCount":1250,"commentCount":0,"publisher":{"@id":"https:\/\/www.escapadarural.com\/blog\/#organization"},"image":{"@id":"https:\/\/www.escapadarural.com\/blog\/fallas-de-pueblo-valencia\/#primaryimage"},"thumbnailUrl":"https:\/\/www.escapadarural.com\/blog\/wp-content\/uploads\/2026\/03\/AdobeStock_482443183_Editorial_Use_Only-scaled.jpeg","keywords":["Alzira","amigos","Comunidad Valenciana","D\u00e9nia","Fallas","Fallas de Valencia","Familia","Fiestas","Fiestas de Inter\u00e9s Tur\u00edstico Internacional","Gand\u00eda","Listado","Pareja","paterna","Primavera","sagunto","Valencia","X\u00e0tiva"],"articleSection":["Arte y Cultura","Destinos"],"inLanguage":"es","potentialAction":[{"@type":"CommentAction","name":"Comment","target":["https:\/\/www.escapadarural.com\/blog\/fallas-de-pueblo-valencia\/#respond"]}]},{"@type":"WebPage","@id":"https:\/\/www.escapadarural.com\/blog\/fallas-de-pueblo-valencia\/","url":"https:\/\/www.escapadarural.com\/blog\/fallas-de-pueblo-valencia\/","name":"Fallas de pueblo: la otra cara (sin masificaciones) de la gran fiesta de Valencia - EscapadaRural","isPartOf":{"@id":"https:\/\/www.escapadarural.com\/blog\/#website"},"primaryImageOfPage":{"@id":"https:\/\/www.escapadarural.com\/blog\/fallas-de-pueblo-valencia\/#primaryimage"},"image":{"@id":"https:\/\/www.escapadarural.com\/blog\/fallas-de-pueblo-valencia\/#primaryimage"},"thumbnailUrl":"https:\/\/www.escapadarural.com\/blog\/wp-content\/uploads\/2026\/03\/AdobeStock_482443183_Editorial_Use_Only-scaled.jpeg","datePublished":"2026-03-04T10:09:38+00:00","dateModified":"2026-03-16T16:15:40+00:00","description":"Conoce la fiesta valenciana del fuego, los ninots y las masclet\u00e1s desde rincones no tan masificados como la capital, pero igualmente preciosos","breadcrumb":{"@id":"https:\/\/www.escapadarural.com\/blog\/fallas-de-pueblo-valencia\/#breadcrumb"},"inLanguage":"es","potentialAction":[{"@type":"ReadAction","target":["https:\/\/www.escapadarural.com\/blog\/fallas-de-pueblo-valencia\/"]}]},{"@type":"ImageObject","inLanguage":"es","@id":"https:\/\/www.escapadarural.com\/blog\/fallas-de-pueblo-valencia\/#primaryimage","url":"https:\/\/www.escapadarural.com\/blog\/wp-content\/uploads\/2026\/03\/AdobeStock_482443183_Editorial_Use_Only-scaled.jpeg","contentUrl":"https:\/\/www.escapadarural.com\/blog\/wp-content\/uploads\/2026\/03\/AdobeStock_482443183_Editorial_Use_Only-scaled.jpeg","width":2048,"height":1366,"caption":"Las Fallas de Gand\u00eda. Por Loes Kieboom."},{"@type":"BreadcrumbList","@id":"https:\/\/www.escapadarural.com\/blog\/fallas-de-pueblo-valencia\/#breadcrumb","itemListElement":[{"@type":"ListItem","position":1,"name":"Inicio","item":"https:\/\/www.escapadarural.com\/blog\/"},{"@type":"ListItem","position":2,"name":"Arte y Cultura","item":"https:\/\/www.escapadarural.com\/blog\/categoria\/arte-y-cultura\/"},{"@type":"ListItem","position":3,"name":"Fallas de pueblo: la otra cara (sin masificaciones) de la gran fiesta de Valencia"}]},{"@type":"WebSite","@id":"https:\/\/www.escapadarural.com\/blog\/#website","url":"https:\/\/www.escapadarural.com\/blog\/","name":"Blog de viajes | turismo rural, alojamientos e inspiraci\u00f3n","description":"Alojamientos rurales e inspiraci\u00f3n para tus escapadas","publisher":{"@id":"https:\/\/www.escapadarural.com\/blog\/#organization"},"alternateName":"Magazine de viajes de EscapadaRural","potentialAction":[{"@type":"SearchAction","target":{"@type":"EntryPoint","urlTemplate":"https:\/\/www.escapadarural.com\/blog\/?s={search_term_string}"},"query-input":{"@type":"PropertyValueSpecification","valueRequired":true,"valueName":"search_term_string"}}],"inLanguage":"es"},{"@type":"Organization","@id":"https:\/\/www.escapadarural.com\/blog\/#organization","name":"EscapadaRural","url":"https:\/\/www.escapadarural.com\/blog\/","logo":{"@type":"ImageObject","inLanguage":"es","@id":"https:\/\/www.escapadarural.com\/blog\/#\/schema\/logo\/image\/","url":"https:\/\/www.escapadarural.com\/blog\/wp-content\/uploads\/2024\/10\/cropped-cropped-escapada-rural-icon-mag-3.png","contentUrl":"https:\/\/www.escapadarural.com\/blog\/wp-content\/uploads\/2024\/10\/cropped-cropped-escapada-rural-icon-mag-3.png","width":512,"height":512,"caption":"EscapadaRural"},"image":{"@id":"https:\/\/www.escapadarural.com\/blog\/#\/schema\/logo\/image\/"},"sameAs":["https:\/\/www.facebook.com\/escapadarural","https:\/\/www.instagram.com\/escapadarural\/","https:\/\/www.youtube.com\/@escapadaruralcom"]},{"@type":"Person","@id":"https:\/\/www.escapadarural.com\/blog\/#\/schema\/person\/67be061eb00d8315fa8642e01b88c894","name":"Raquel Andr\u00e9s","image":{"@type":"ImageObject","inLanguage":"es","@id":"https:\/\/secure.gravatar.com\/avatar\/b45840531462f3cafb335a9fc5c0bfda2c07c3df4b82b304b923526b85cc6cb5?s=96&d=mm&r=g","url":"https:\/\/secure.gravatar.com\/avatar\/b45840531462f3cafb335a9fc5c0bfda2c07c3df4b82b304b923526b85cc6cb5?s=96&d=mm&r=g","contentUrl":"https:\/\/secure.gravatar.com\/avatar\/b45840531462f3cafb335a9fc5c0bfda2c07c3df4b82b304b923526b85cc6cb5?s=96&d=mm&r=g","caption":"Raquel Andr\u00e9s"},"description":"Periodista y aventurera. Me has podido leer en Escapada Rural, Diari Nosaltres La Veu, La Vanguardia, El Salto y otros medios. Habitante y amante de las zonas rurales, sea cual sea el destino. Procuro escaparme una vez por semana con las botas de monta\u00f1a, el arn\u00e9s o el neopreno. Tambi\u00e9n soy un intento de baserritarra.","url":"https:\/\/www.escapadarural.com\/blog\/autor\/raquel\/"}]}},"_links":{"self":[{"href":"https:\/\/www.escapadarural.com\/blog\/wp-json\/wp\/v2\/posts\/213528","targetHints":{"allow":["GET"]}}],"collection":[{"href":"https:\/\/www.escapadarural.com\/blog\/wp-json\/wp\/v2\/posts"}],"about":[{"href":"https:\/\/www.escapadarural.com\/blog\/wp-json\/wp\/v2\/types\/post"}],"author":[{"embeddable":true,"href":"https:\/\/www.escapadarural.com\/blog\/wp-json\/wp\/v2\/users\/123"}],"replies":[{"embeddable":true,"href":"https:\/\/www.escapadarural.com\/blog\/wp-json\/wp\/v2\/comments?post=213528"}],"version-history":[{"count":0,"href":"https:\/\/www.escapadarural.com\/blog\/wp-json\/wp\/v2\/posts\/213528\/revisions"}],"wp:featuredmedia":[{"embeddable":true,"href":"https:\/\/www.escapadarural.com\/blog\/wp-json\/wp\/v2\/media\/214476"}],"wp:attachment":[{"href":"https:\/\/www.escapadarural.com\/blog\/wp-json\/wp\/v2\/media?parent=213528"}],"wp:term":[{"taxonomy":"category","embeddable":true,"href":"https:\/\/www.escapadarural.com\/blog\/wp-json\/wp\/v2\/categories?post=213528"},{"taxonomy":"post_tag","embeddable":true,"href":"https:\/\/www.escapadarural.com\/blog\/wp-json\/wp\/v2\/tags?post=213528"}],"curies":[{"name":"wp","href":"https:\/\/api.w.org\/{rel}","templated":true}]}}