{"id":214083,"date":"2026-03-01T11:35:48","date_gmt":"2026-03-01T10:35:48","guid":{"rendered":"https:\/\/www.escapadarural.com\/blog\/?p=214083"},"modified":"2026-03-17T14:10:05","modified_gmt":"2026-03-17T13:10:05","slug":"pueblos-que-visitar-cuando-salga-el-sol","status":"publish","type":"post","link":"https:\/\/www.escapadarural.com\/blog\/pueblos-que-visitar-cuando-salga-el-sol\/","title":{"rendered":"5 pueblos que visitar cuando salga el sol"},"content":{"rendered":"\n<p>Despu\u00e9s de tantas semanas de lluvias y cielos grises, el finde de sol se celebra. Y no hace falta irse muy lejos, basta con <strong>elegir un pueblo con encanto<\/strong>, comer rico y respirar aire limpio, \u00bfcoincid\u00eds conmigo? En esta lista tienes 5 escapadas perfectas para esos primeros d\u00edas luminosos: destinos con personalidad, historia, paisajes que se disfrutan el doble y ese tipo de lugares que invitan a alargar la estancia una noche m\u00e1s.<\/p>\n\n\n\n<div class=\"wp-block-buttons is-layout-flex wp-block-buttons-is-layout-flex\">\n<div class=\"wp-block-button\"><a class=\"wp-block-button__link wp-element-button\" href=\"\/casas-rurales\">Encuentra tu alojamiento<\/a><\/div>\n<\/div>\n\n\n\n<h2 class=\"wp-block-heading\"><strong>Garganta la Olla (<a href=\"\/casas-rurales\/caceres\">C\u00e1ceres<\/a><\/strong>)<\/h2>\n\n\n\n<figure class=\"wp-block-image size-large\"><img loading=\"lazy\" decoding=\"async\" width=\"1024\" height=\"767\" src=\"https:\/\/www.escapadarural.com\/blog\/wp-content\/uploads\/2026\/02\/AdobeStock_268725929-1024x767.jpeg\" alt=\"Vista a\u00e9rea de un peque\u00f1o pueblo con casas de tejados rojos y una prominente torre de iglesia, rodeado de verdes colinas y \u00e1rboles bajo un cielo azul despejado.\" class=\"wp-image-214192\" srcset=\"https:\/\/www.escapadarural.com\/blog\/wp-content\/uploads\/2026\/02\/AdobeStock_268725929-200x150.jpeg 200w, https:\/\/www.escapadarural.com\/blog\/wp-content\/uploads\/2026\/02\/AdobeStock_268725929-300x225.jpeg 300w, https:\/\/www.escapadarural.com\/blog\/wp-content\/uploads\/2026\/02\/AdobeStock_268725929-400x300.jpeg 400w, https:\/\/www.escapadarural.com\/blog\/wp-content\/uploads\/2026\/02\/AdobeStock_268725929-600x449.jpeg 600w, https:\/\/www.escapadarural.com\/blog\/wp-content\/uploads\/2026\/02\/AdobeStock_268725929-768x575.jpeg 768w, https:\/\/www.escapadarural.com\/blog\/wp-content\/uploads\/2026\/02\/AdobeStock_268725929-800x599.jpeg 800w, https:\/\/www.escapadarural.com\/blog\/wp-content\/uploads\/2026\/02\/AdobeStock_268725929-1024x767.jpeg 1024w, https:\/\/www.escapadarural.com\/blog\/wp-content\/uploads\/2026\/02\/AdobeStock_268725929-1200x899.jpeg 1200w, https:\/\/www.escapadarural.com\/blog\/wp-content\/uploads\/2026\/02\/AdobeStock_268725929-1536x1151.jpeg 1536w\" sizes=\"auto, (max-width: 1024px) 100vw, 1024px\" \/><figcaption class=\"wp-element-caption\">Garganta la Olla. Por: Nedrofly<\/figcaption><\/figure>\n\n\n\n<p>El invierno suele apretar en la comarca cacere\u00f1a de La Vera, pero cuando el tiempo da tregua, <a href=\"\/casas-rurales\/garganta-la-olla\">Garganta la Olla<\/a> es uno de esos pueblos que se saborean paseando despacio. Declarado <strong>Conjunto Hist\u00f3rico-Art\u00edstico<\/strong>, sorprende por su arquitectura singular, donde el casta\u00f1o -abundante en la zona- es uno de los materiales de construcci\u00f3n m\u00e1s presentes. El resultado es un casco urbano con much\u00edsimo car\u00e1cter, de esos que te obligan a mirar hacia arriba y detenerte en los detalles.<\/p>\n\n\n\n<p>Adem\u00e1s, la huella jud\u00eda tiene un peso importante, visible al recorrer rincones como el Barrio de la Huerta. Y si lo que te apetece es naturaleza en versi\u00f3n premium, a apenas un kil\u00f3metro tienes las <strong>piscinas naturales de la Pilatillas de Abajo<\/strong>.<\/p>\n\n\n\n<p>Para alargar el plan con comodidad, <a href=\"\/casa-rural\/caceres\/mansion-el-abuelo-marciano\">Abuelo Marciano<\/a> encaja muy bien si vais en grupo. Esta casa de campo, de finales del siglo XIX rehabilitada, con amplios salones y zonas exteriores, tiene capacidad para hasta 22 personas repartidas en 9 habitaciones. Ideal para un fin de semana completo.<\/p>\n\n\n\n<div class=\"wp-block-buttons is-layout-flex wp-block-buttons-is-layout-flex\">\n<div class=\"wp-block-button\"><a class=\"wp-block-button__link wp-element-button\" href=\"\/casa-rural\/caceres\/mansion-el-abuelo-marciano\">Reservar<\/a><\/div>\n<\/div>\n\n\n\n<h2 class=\"wp-block-heading\"><strong>Espot (<a href=\"\/casas-rurales\/lleida\">Lleida<\/a><\/strong>)<\/h2>\n\n\n\n<figure class=\"wp-block-image size-large\"><img loading=\"lazy\" decoding=\"async\" width=\"1024\" height=\"682\" src=\"https:\/\/www.escapadarural.com\/blog\/wp-content\/uploads\/2026\/02\/AdobeStock_750866951-1024x682.jpeg\" alt=\"Un puente de piedra cruza un arroyo rocoso junto a casas de colores, con exuberantes monta\u00f1as verdes elev\u00e1ndose al fondo bajo un cielo parcialmente nublado.\" class=\"wp-image-214187\" srcset=\"https:\/\/www.escapadarural.com\/blog\/wp-content\/uploads\/2026\/02\/AdobeStock_750866951-200x133.jpeg 200w, https:\/\/www.escapadarural.com\/blog\/wp-content\/uploads\/2026\/02\/AdobeStock_750866951-300x200.jpeg 300w, https:\/\/www.escapadarural.com\/blog\/wp-content\/uploads\/2026\/02\/AdobeStock_750866951-400x266.jpeg 400w, https:\/\/www.escapadarural.com\/blog\/wp-content\/uploads\/2026\/02\/AdobeStock_750866951-600x400.jpeg 600w, https:\/\/www.escapadarural.com\/blog\/wp-content\/uploads\/2026\/02\/AdobeStock_750866951-768x511.jpeg 768w, https:\/\/www.escapadarural.com\/blog\/wp-content\/uploads\/2026\/02\/AdobeStock_750866951-800x533.jpeg 800w, https:\/\/www.escapadarural.com\/blog\/wp-content\/uploads\/2026\/02\/AdobeStock_750866951-1024x682.jpeg 1024w, https:\/\/www.escapadarural.com\/blog\/wp-content\/uploads\/2026\/02\/AdobeStock_750866951-1200x799.jpeg 1200w, https:\/\/www.escapadarural.com\/blog\/wp-content\/uploads\/2026\/02\/AdobeStock_750866951-1536x1023.jpeg 1536w\" sizes=\"auto, (max-width: 1024px) 100vw, 1024px\" \/><figcaption class=\"wp-element-caption\">Espot. Por: Joan Vadell<\/figcaption><\/figure>\n\n\n\n<p><a href=\"\/casas-rurales\/espot\">Espot <\/a>es un municipio del Pallars Sobir\u00e0, en el valle del r\u00edo Escrita, rodeado por Pirineos de postal. Su gran baza es la ubicaci\u00f3n, desde aqu\u00ed se accede al <strong>Parque Nacional de Aig\u00fcestortes i Estany de Sant Maurici<\/strong>, uno de esos lugares que impresionan por su lagos y la sensaci\u00f3n de alta monta\u00f1a.<\/p>\n\n\n\n<p>Y, al otro lado, est\u00e1n las pistas de <strong>Espot Esqu\u00ed<\/strong>, as\u00ed que el destino funciona tanto si te apetece naturaleza como si buscas nieve. Con la creaci\u00f3n del parque, el pueblo -de origen medieval- cambi\u00f3 el paso: se transformaron las actividades tradicionales, la forma de vida y hasta la configuraci\u00f3n urban\u00edstica. A\u00fan as\u00ed, el casco antiguo conserva calles empedradas y ese aire de pueblo pirenaico que siempre apetece.<\/p>\n\n\n\n<p>Y para completar la experiencia, <a href=\"\/casa-rural\/lleida\/alba-d-esteve-casa-rural\">Alba d\u02cbEsteve<\/a> es una opci\u00f3n muy c\u00f3moda. Se trata de una casa rural de nueva creaci\u00f3n nacida de la remodelaci\u00f3n de una antigua cuadra, con privacidad y una amplia zona verde. Adem\u00e1s, ofrecen servicios pensados para exprimir la estancia: desayuno, catering, actividades, spa-jacuzzi o le\u00f1a para la chimenea.<\/p>\n\n\n\n<div class=\"wp-block-buttons is-layout-flex wp-block-buttons-is-layout-flex\">\n<div class=\"wp-block-button\"><a class=\"wp-block-button__link wp-element-button\" href=\"\/casa-rural\/lleida\/alba-d-esteve-casa-rural\">Reservar<\/a><\/div>\n<\/div>\n\n\n\n<h2 class=\"wp-block-heading\"><strong>Artikutza (<a href=\"\/casas-rurales\/navarra\">Navarra<\/a>)<\/strong><\/h2>\n\n\n\n<figure class=\"wp-block-image size-large\"><img loading=\"lazy\" decoding=\"async\" width=\"1024\" height=\"683\" src=\"https:\/\/www.escapadarural.com\/blog\/wp-content\/uploads\/2026\/02\/AdobeStock_278625172-1024x683.jpeg\" alt=\"Unos escalones de piedra suben por una colina verde y arbolada hacia una peque\u00f1a capilla blanca con una puerta de madera y una cruz en el tejado. La escena es apacible, rodeada de frondosa hierba y grandes \u00e1rboles.\" class=\"wp-image-214188\" srcset=\"https:\/\/www.escapadarural.com\/blog\/wp-content\/uploads\/2026\/02\/AdobeStock_278625172-200x133.jpeg 200w, https:\/\/www.escapadarural.com\/blog\/wp-content\/uploads\/2026\/02\/AdobeStock_278625172-300x200.jpeg 300w, https:\/\/www.escapadarural.com\/blog\/wp-content\/uploads\/2026\/02\/AdobeStock_278625172-400x267.jpeg 400w, https:\/\/www.escapadarural.com\/blog\/wp-content\/uploads\/2026\/02\/AdobeStock_278625172-600x400.jpeg 600w, https:\/\/www.escapadarural.com\/blog\/wp-content\/uploads\/2026\/02\/AdobeStock_278625172-768x512.jpeg 768w, https:\/\/www.escapadarural.com\/blog\/wp-content\/uploads\/2026\/02\/AdobeStock_278625172-800x533.jpeg 800w, https:\/\/www.escapadarural.com\/blog\/wp-content\/uploads\/2026\/02\/AdobeStock_278625172-1024x683.jpeg 1024w, https:\/\/www.escapadarural.com\/blog\/wp-content\/uploads\/2026\/02\/AdobeStock_278625172-1200x800.jpeg 1200w, https:\/\/www.escapadarural.com\/blog\/wp-content\/uploads\/2026\/02\/AdobeStock_278625172-1536x1024.jpeg 1536w\" sizes=\"auto, (max-width: 1024px) 100vw, 1024px\" \/><figcaption class=\"wp-element-caption\">Ermita de San Agustin, Artikutza. Por: aruizhu<\/figcaption><\/figure>\n\n\n\n<p>Un enclave natural propiedad de San Sebasti\u00e1n situado en la localidad navarra de <strong>Goizueta<\/strong>, \u00bfc\u00f3mo? Para conocer su historia hay que remontarse a varios siglos atr\u00e1s, cuando estos montes pertenec\u00edan a la <strong>Real Colegiata de Santa Mar\u00eda de Roncesvalles<\/strong>. El giro llega en 1919, cuando el Ayuntamiento de San Sebasti\u00e1n compra <a href=\"\/casas-rurales\/artikutza\">Artikutza <\/a>tras detectarse que el agua que abastec\u00eda la ciudad estaba relacionada con brotes de fiebres tifoideas.<\/p>\n\n\n\n<p>Desde entonces, se instala una red de tuber\u00edas y canales que capta manantiales y, sobre todo, se proh\u00edben actividades que puedan contaminar. \u00bfEl resultado? Un <strong>para\u00edso h\u00famedo de hayas y robles<\/strong> tan lluvioso que \u201ccompite\u201d con Grazalema. Eso s\u00ed, aqu\u00ed hay una regla muy clara, se viene a desconectar de verdad, no hay cobertura, y esa es la parte del encanto.<\/p>\n\n\n\n<p>Si quieres dormir cerca para vivirlo con calma, la <a href=\"\/casa-rural\/navarra\/casa-rural-garata\">Casa Rural Garata<\/a>, a 5 km de Artikutza, es un caser\u00edo tradicional navarro rehabilitado, decorado con antig\u00fcedades y detalles especiales. Dispone de 4 dormitorios y est\u00e1 bien equipada para estancias largas, con comodidades como calefacci\u00f3n, cocina completa y sala de juegos (billar y ping-pong).<\/p>\n\n\n\n<div class=\"wp-block-buttons is-layout-flex wp-block-buttons-is-layout-flex\">\n<div class=\"wp-block-button\"><a class=\"wp-block-button__link wp-element-button\" href=\"\/casa-rural\/navarra\/casa-rural-garata\">Reservar<\/a><\/div>\n<\/div>\n\n\n\n<h2 class=\"wp-block-heading\"><strong>Murla (<a href=\"\/casas-rurales\/alicante\">Alicante<\/a><\/strong>)<\/h2>\n\n\n\n<figure class=\"wp-block-image size-large\"><img loading=\"lazy\" decoding=\"async\" width=\"1024\" height=\"768\" src=\"https:\/\/www.escapadarural.com\/blog\/wp-content\/uploads\/2026\/02\/Castell-Esglesia_parroquial_de_Sant_Miquel_Arcangel_Murla-1024x768.jpg\" alt=\"Una torre medieval de piedra con una torreta cil\u00edndrica y peque\u00f1as ventanas, adosada a un edificio con escaleras que conducen a una puerta de madera, rodeada de casas modernas bajo un cielo azul despejado.\" class=\"wp-image-214189\" srcset=\"https:\/\/www.escapadarural.com\/blog\/wp-content\/uploads\/2026\/02\/Castell-Esglesia_parroquial_de_Sant_Miquel_Arcangel_Murla-200x150.jpg 200w, https:\/\/www.escapadarural.com\/blog\/wp-content\/uploads\/2026\/02\/Castell-Esglesia_parroquial_de_Sant_Miquel_Arcangel_Murla-300x225.jpg 300w, https:\/\/www.escapadarural.com\/blog\/wp-content\/uploads\/2026\/02\/Castell-Esglesia_parroquial_de_Sant_Miquel_Arcangel_Murla-400x300.jpg 400w, https:\/\/www.escapadarural.com\/blog\/wp-content\/uploads\/2026\/02\/Castell-Esglesia_parroquial_de_Sant_Miquel_Arcangel_Murla-600x450.jpg 600w, https:\/\/www.escapadarural.com\/blog\/wp-content\/uploads\/2026\/02\/Castell-Esglesia_parroquial_de_Sant_Miquel_Arcangel_Murla-768x576.jpg 768w, https:\/\/www.escapadarural.com\/blog\/wp-content\/uploads\/2026\/02\/Castell-Esglesia_parroquial_de_Sant_Miquel_Arcangel_Murla-800x600.jpg 800w, https:\/\/www.escapadarural.com\/blog\/wp-content\/uploads\/2026\/02\/Castell-Esglesia_parroquial_de_Sant_Miquel_Arcangel_Murla-1024x768.jpg 1024w, https:\/\/www.escapadarural.com\/blog\/wp-content\/uploads\/2026\/02\/Castell-Esglesia_parroquial_de_Sant_Miquel_Arcangel_Murla-1200x900.jpg 1200w, https:\/\/www.escapadarural.com\/blog\/wp-content\/uploads\/2026\/02\/Castell-Esglesia_parroquial_de_Sant_Miquel_Arcangel_Murla-1536x1152.jpg 1536w\" sizes=\"auto, (max-width: 1024px) 100vw, 1024px\" \/><figcaption class=\"wp-element-caption\">Castillo &#8211; Iglesia de Sant Miguel de Arc\u00e1ngel. Por: Juan Emilio Prades Bel<\/figcaption><\/figure>\n\n\n\n<p><a href=\"\/casas-rurales\/murla\">Murla<\/a>, situado en la provincia de Alicante, es de esos pueblos que te reconcilian con el Mediterr\u00e1neo cuando por fin sale el sol. En pleno Valle del Pop, entre bancales, almendros y monta\u00f1as suaves, se respira calma de la buena. El municipio se asienta a los pies del <strong>Cavall Verd<\/strong>, una cima con pasado morisco y con rutas que regalan vistas amplias del valle sin necesidad de ser un experto en senderismo.<\/p>\n\n\n\n<p>El casco urbano mantiene el sabor tradicional, con calles estrechas y rincones tranquilos. Su aut\u00e9ntica joya patrimonial es el <strong>Castillo-Iglesia de San Miguel de Arc\u00e1ngel<\/strong>, un edificio singular que mezcla defensa e identidad religiosa y ayuda a entender la historia de la zona. Es una escapada sencilla y muy agradecida: luz, paisaje, comida rica y un ritmo sin prisa.<\/p>\n\n\n\n<p>Para quedarte por la zona, <a href=\"\/casa-rural\/alicante\/casa-lennisa\">Casa Lennisa<\/a> est\u00e1 a 1,5 km de Murla y se alquila por habitaciones, con desayuno diario. Destaca por estar rodeada de naturaleza y por ofrecer ese plus de comodidad que apetece en una escapada rural sin complicaciones.<\/p>\n\n\n\n<div class=\"wp-block-buttons is-layout-flex wp-block-buttons-is-layout-flex\">\n<div class=\"wp-block-button\"><a class=\"wp-block-button__link wp-element-button\" href=\"\/casa-rural\/alicante\/casa-lennisa\">Reservar<\/a><\/div>\n<\/div>\n\n\n\n<h2 class=\"wp-block-heading\"><strong>Candeleda (<a href=\"\/casas-rurales\/avila\">\u00c1vila<\/a><\/strong>)<\/h2>\n\n\n\n<figure class=\"wp-block-image size-large\"><img loading=\"lazy\" decoding=\"async\" width=\"1024\" height=\"680\" src=\"https:\/\/www.escapadarural.com\/blog\/wp-content\/uploads\/2026\/02\/AdobeStock_380011971-1024x680.jpeg\" alt=\"Un encantador edificio r\u00fastico con balcones cubiertos de macetas y flores se alza en una tranquila esquina, rodeado de casas similares de estilo mediterr\u00e1neo, bajo un cielo parcialmente nublado.\" class=\"wp-image-214190\" srcset=\"https:\/\/www.escapadarural.com\/blog\/wp-content\/uploads\/2026\/02\/AdobeStock_380011971-200x133.jpeg 200w, https:\/\/www.escapadarural.com\/blog\/wp-content\/uploads\/2026\/02\/AdobeStock_380011971-300x199.jpeg 300w, https:\/\/www.escapadarural.com\/blog\/wp-content\/uploads\/2026\/02\/AdobeStock_380011971-400x266.jpeg 400w, https:\/\/www.escapadarural.com\/blog\/wp-content\/uploads\/2026\/02\/AdobeStock_380011971-600x399.jpeg 600w, https:\/\/www.escapadarural.com\/blog\/wp-content\/uploads\/2026\/02\/AdobeStock_380011971-768x510.jpeg 768w, https:\/\/www.escapadarural.com\/blog\/wp-content\/uploads\/2026\/02\/AdobeStock_380011971-800x531.jpeg 800w, https:\/\/www.escapadarural.com\/blog\/wp-content\/uploads\/2026\/02\/AdobeStock_380011971-1024x680.jpeg 1024w, https:\/\/www.escapadarural.com\/blog\/wp-content\/uploads\/2026\/02\/AdobeStock_380011971-1200x797.jpeg 1200w, https:\/\/www.escapadarural.com\/blog\/wp-content\/uploads\/2026\/02\/AdobeStock_380011971-1536x1020.jpeg 1536w\" sizes=\"auto, (max-width: 1024px) 100vw, 1024px\" \/><figcaption class=\"wp-element-caption\">Candeleda. Por: Jose Antonio<\/figcaption><\/figure>\n\n\n\n<p>Cuando sale el sol, en <a href=\"\/casas-rurales\/candeleda\">Candeleda <\/a>(\u00c1vila), el pueblo se vive en modo terraza y callejeo, \u00a1no hay mejor plan! Casas de piedras, balcones con flores y ese punto agradable que te hace decir: \u201caqu\u00ed se est\u00e1 bien\u201d. Eso s\u00ed, hay dos visitas que querr\u00e1s hacer. La primera, la Casa de las Flores, una esquina preciosa que se ha convertido en la foto obligada por sus fachadas llenas de color.<\/p>\n\n\n\n<p>La segunda, el Museo del Juguete de Hojalata, una visita corta y entra\u00f1able, perfecta si haces la escapada rural con ni\u00f1os o si te apetece un viaje directo a la nostalgia. Y sus alrededores tambi\u00e9n te lo ponen f\u00e1cil, la <strong>Sierra de Gredos<\/strong> te ofrece miradores, gargantas cercanas y la sensaci\u00f3n de tener naturaleza a un paso sin renunciar a la comodidad del pueblo.<\/p>\n\n\n\n<p>Si buscas un alojamiento que encaje con la idea de descansar, <a href=\"\/casa-rural\/avila\/los-naranjos\">Los Naranjos<\/a> es una opci\u00f3n muy adecuada. Una casa especialmente soleada, con jard\u00edn amplio y vistas agradables. Cuenta con 4 dormitorios, sal\u00f3n con techos altos, ventanales y chimenea, adem\u00e1s de piscina y hamacas para aprovechar el buen tiempo.<\/p>\n\n\n\n<div class=\"wp-block-buttons is-layout-flex wp-block-buttons-is-layout-flex\">\n<div class=\"wp-block-button\"><a class=\"wp-block-button__link wp-element-button\" href=\"\/casa-rural\/avila\/los-naranjos\">Reservar<\/a><\/div>\n<\/div>\n\n\n\n<p>Al final, lo bonito de estas recomendaciones es que no hay un \u00fanico plan perfecto, existe un pueblo para cada tipo de d\u00eda y de energ\u00eda. Desde el blanco inmaculado de Grazalema hasta el Pirineo de Espot, pasando por la comarca de La Vera o el Valle de Pop, todos tienen ese punto de encanto que se disfruta mejor sin agenda apretada. Elige el que m\u00e1s te encaje y d\u00e9jate llevar, a veces, la mejor escapada es la que empieza con un lugar peque\u00f1o y termina con la sensaci\u00f3n de haber respirado m\u00e1s hondo.<\/p>\n","protected":false},"excerpt":{"rendered":"<p>En esta lista tienes 5 escapadas perfectas para cuando salga el sol: destinos con personalidad, historia y paisajes que se disfrutan el doble<\/p>\n","protected":false},"author":98,"featured_media":214190,"comment_status":"open","ping_status":"open","sticky":false,"template":"","format":"standard","meta":{"_acf_changed":false,"om_disable_all_campaigns":false,"footnotes":""},"categories":[191],"tags":[674,896,273,215,196,421,212],"class_list":["post-214083","post","type-post","status-publish","format-standard","has-post-thumbnail","hentry","category-destinos","tag-que-ver-en-alicante","tag-que-ver-en-avila","tag-que-ver-en-caceres","tag-listado","tag-que-ver-en-lleida","tag-que-ver-en-navarra","tag-pueblos"],"acf":[],"featured_image_src":"https:\/\/www.escapadarural.com\/blog\/wp-content\/uploads\/2026\/02\/AdobeStock_380011971-scaled.jpeg","author_info":{"display_name":"Miryam Tejada","author_link":"https:\/\/www.escapadarural.com\/blog\/autor\/miryam\/"},"yoast_head":"<!-- This site is optimized with the Yoast SEO plugin v27.5 - https:\/\/yoast.com\/product\/yoast-seo-wordpress\/ -->\n<title>5 pueblos que visitar cuando salga el sol - EscapadaRural<\/title>\n<meta name=\"description\" content=\"En esta lista tienes 5 escapadas perfectas para cuando salga el sol: destinos con personalidad, historia y paisajes que se disfrutan el doble\" \/>\n<meta name=\"robots\" content=\"index, follow, max-snippet:-1, max-image-preview:large, max-video-preview:-1\" \/>\n<link rel=\"canonical\" href=\"https:\/\/www.escapadarural.com\/blog\/pueblos-que-visitar-cuando-salga-el-sol\/\" \/>\n<meta property=\"og:locale\" content=\"es_ES\" \/>\n<meta property=\"og:type\" content=\"article\" \/>\n<meta property=\"og:title\" content=\"5 pueblos que visitar cuando salga el sol - EscapadaRural\" \/>\n<meta property=\"og:description\" content=\"En esta lista tienes 5 escapadas perfectas para cuando salga el sol: destinos con personalidad, historia y paisajes que se disfrutan el doble\" \/>\n<meta property=\"og:url\" content=\"https:\/\/www.escapadarural.com\/blog\/pueblos-que-visitar-cuando-salga-el-sol\/\" \/>\n<meta property=\"og:site_name\" content=\"Magazine de viajes de EscapadaRural\" \/>\n<meta property=\"article:publisher\" content=\"https:\/\/www.facebook.com\/escapadarural\" \/>\n<meta property=\"article:published_time\" content=\"2026-03-01T10:35:48+00:00\" \/>\n<meta property=\"article:modified_time\" content=\"2026-03-17T13:10:05+00:00\" \/>\n<meta property=\"og:image\" content=\"https:\/\/www.escapadarural.com\/blog\/wp-content\/uploads\/2026\/02\/AdobeStock_380011971-scaled.jpeg?v=1773753005\" \/>\n\t<meta property=\"og:image:width\" content=\"2048\" \/>\n\t<meta property=\"og:image:height\" content=\"1360\" \/>\n\t<meta property=\"og:image:type\" content=\"image\/jpeg\" \/>\n<meta name=\"author\" content=\"Miryam Tejada\" \/>\n<meta name=\"twitter:card\" content=\"summary_large_image\" \/>\n<meta name=\"twitter:label1\" content=\"Escrito por\" \/>\n\t<meta name=\"twitter:data1\" content=\"Miryam Tejada\" \/>\n\t<meta name=\"twitter:label2\" content=\"Tiempo de lectura\" \/>\n\t<meta name=\"twitter:data2\" content=\"6 minutos\" \/>\n<script type=\"application\/ld+json\" class=\"yoast-schema-graph\">{\"@context\":\"https:\\\/\\\/schema.org\",\"@graph\":[{\"@type\":\"Article\",\"@id\":\"https:\\\/\\\/www.escapadarural.com\\\/blog\\\/pueblos-que-visitar-cuando-salga-el-sol\\\/#article\",\"isPartOf\":{\"@id\":\"https:\\\/\\\/www.escapadarural.com\\\/blog\\\/pueblos-que-visitar-cuando-salga-el-sol\\\/\"},\"author\":{\"name\":\"Miryam Tejada\",\"@id\":\"https:\\\/\\\/www.escapadarural.com\\\/blog\\\/#\\\/schema\\\/person\\\/3a79b504f208fd6cf3bb52c608e311f0\"},\"headline\":\"5 pueblos que visitar cuando salga el sol\",\"datePublished\":\"2026-03-01T10:35:48+00:00\",\"dateModified\":\"2026-03-17T13:10:05+00:00\",\"mainEntityOfPage\":{\"@id\":\"https:\\\/\\\/www.escapadarural.com\\\/blog\\\/pueblos-que-visitar-cuando-salga-el-sol\\\/\"},\"wordCount\":1168,\"commentCount\":0,\"publisher\":{\"@id\":\"https:\\\/\\\/www.escapadarural.com\\\/blog\\\/#organization\"},\"image\":{\"@id\":\"https:\\\/\\\/www.escapadarural.com\\\/blog\\\/pueblos-que-visitar-cuando-salga-el-sol\\\/#primaryimage\"},\"thumbnailUrl\":\"https:\\\/\\\/www.escapadarural.com\\\/blog\\\/wp-content\\\/uploads\\\/2026\\\/02\\\/AdobeStock_380011971-scaled.jpeg\",\"keywords\":[\"Alicante\",\"\u00c1vila\",\"C\u00e1ceres\",\"Listado\",\"Lleida\",\"Navarra\",\"pueblos\"],\"articleSection\":[\"Destinos\"],\"inLanguage\":\"es\",\"potentialAction\":[{\"@type\":\"CommentAction\",\"name\":\"Comment\",\"target\":[\"https:\\\/\\\/www.escapadarural.com\\\/blog\\\/pueblos-que-visitar-cuando-salga-el-sol\\\/#respond\"]}]},{\"@type\":\"WebPage\",\"@id\":\"https:\\\/\\\/www.escapadarural.com\\\/blog\\\/pueblos-que-visitar-cuando-salga-el-sol\\\/\",\"url\":\"https:\\\/\\\/www.escapadarural.com\\\/blog\\\/pueblos-que-visitar-cuando-salga-el-sol\\\/\",\"name\":\"5 pueblos que visitar cuando salga el sol - EscapadaRural\",\"isPartOf\":{\"@id\":\"https:\\\/\\\/www.escapadarural.com\\\/blog\\\/#website\"},\"primaryImageOfPage\":{\"@id\":\"https:\\\/\\\/www.escapadarural.com\\\/blog\\\/pueblos-que-visitar-cuando-salga-el-sol\\\/#primaryimage\"},\"image\":{\"@id\":\"https:\\\/\\\/www.escapadarural.com\\\/blog\\\/pueblos-que-visitar-cuando-salga-el-sol\\\/#primaryimage\"},\"thumbnailUrl\":\"https:\\\/\\\/www.escapadarural.com\\\/blog\\\/wp-content\\\/uploads\\\/2026\\\/02\\\/AdobeStock_380011971-scaled.jpeg\",\"datePublished\":\"2026-03-01T10:35:48+00:00\",\"dateModified\":\"2026-03-17T13:10:05+00:00\",\"description\":\"En esta lista tienes 5 escapadas perfectas para cuando salga el sol: destinos con personalidad, historia y paisajes que se disfrutan el doble\",\"breadcrumb\":{\"@id\":\"https:\\\/\\\/www.escapadarural.com\\\/blog\\\/pueblos-que-visitar-cuando-salga-el-sol\\\/#breadcrumb\"},\"inLanguage\":\"es\",\"potentialAction\":[{\"@type\":\"ReadAction\",\"target\":[\"https:\\\/\\\/www.escapadarural.com\\\/blog\\\/pueblos-que-visitar-cuando-salga-el-sol\\\/\"]}]},{\"@type\":\"ImageObject\",\"inLanguage\":\"es\",\"@id\":\"https:\\\/\\\/www.escapadarural.com\\\/blog\\\/pueblos-que-visitar-cuando-salga-el-sol\\\/#primaryimage\",\"url\":\"https:\\\/\\\/www.escapadarural.com\\\/blog\\\/wp-content\\\/uploads\\\/2026\\\/02\\\/AdobeStock_380011971-scaled.jpeg\",\"contentUrl\":\"https:\\\/\\\/www.escapadarural.com\\\/blog\\\/wp-content\\\/uploads\\\/2026\\\/02\\\/AdobeStock_380011971-scaled.jpeg\",\"width\":2048,\"height\":1360,\"caption\":\"Candeleda. Por: Jose Antonio\"},{\"@type\":\"BreadcrumbList\",\"@id\":\"https:\\\/\\\/www.escapadarural.com\\\/blog\\\/pueblos-que-visitar-cuando-salga-el-sol\\\/#breadcrumb\",\"itemListElement\":[{\"@type\":\"ListItem\",\"position\":1,\"name\":\"Inicio\",\"item\":\"https:\\\/\\\/www.escapadarural.com\\\/blog\\\/\"},{\"@type\":\"ListItem\",\"position\":2,\"name\":\"Destinos\",\"item\":\"https:\\\/\\\/www.escapadarural.com\\\/blog\\\/categoria\\\/destinos\\\/\"},{\"@type\":\"ListItem\",\"position\":3,\"name\":\"5 pueblos que visitar cuando salga el sol\"}]},{\"@type\":\"WebSite\",\"@id\":\"https:\\\/\\\/www.escapadarural.com\\\/blog\\\/#website\",\"url\":\"https:\\\/\\\/www.escapadarural.com\\\/blog\\\/\",\"name\":\"Blog de viajes | turismo rural, alojamientos e inspiraci\u00f3n\",\"description\":\"Alojamientos rurales e inspiraci\u00f3n para tus escapadas\",\"publisher\":{\"@id\":\"https:\\\/\\\/www.escapadarural.com\\\/blog\\\/#organization\"},\"alternateName\":\"Magazine de viajes de EscapadaRural\",\"potentialAction\":[{\"@type\":\"SearchAction\",\"target\":{\"@type\":\"EntryPoint\",\"urlTemplate\":\"https:\\\/\\\/www.escapadarural.com\\\/blog\\\/?s={search_term_string}\"},\"query-input\":{\"@type\":\"PropertyValueSpecification\",\"valueRequired\":true,\"valueName\":\"search_term_string\"}}],\"inLanguage\":\"es\"},{\"@type\":\"Organization\",\"@id\":\"https:\\\/\\\/www.escapadarural.com\\\/blog\\\/#organization\",\"name\":\"EscapadaRural\",\"url\":\"https:\\\/\\\/www.escapadarural.com\\\/blog\\\/\",\"logo\":{\"@type\":\"ImageObject\",\"inLanguage\":\"es\",\"@id\":\"https:\\\/\\\/www.escapadarural.com\\\/blog\\\/#\\\/schema\\\/logo\\\/image\\\/\",\"url\":\"https:\\\/\\\/www.escapadarural.com\\\/blog\\\/wp-content\\\/uploads\\\/2024\\\/10\\\/cropped-cropped-escapada-rural-icon-mag-3.png\",\"contentUrl\":\"https:\\\/\\\/www.escapadarural.com\\\/blog\\\/wp-content\\\/uploads\\\/2024\\\/10\\\/cropped-cropped-escapada-rural-icon-mag-3.png\",\"width\":512,\"height\":512,\"caption\":\"EscapadaRural\"},\"image\":{\"@id\":\"https:\\\/\\\/www.escapadarural.com\\\/blog\\\/#\\\/schema\\\/logo\\\/image\\\/\"},\"sameAs\":[\"https:\\\/\\\/www.facebook.com\\\/escapadarural\",\"https:\\\/\\\/www.instagram.com\\\/escapadarural\\\/\",\"https:\\\/\\\/www.youtube.com\\\/@escapadaruralcom\"]},{\"@type\":\"Person\",\"@id\":\"https:\\\/\\\/www.escapadarural.com\\\/blog\\\/#\\\/schema\\\/person\\\/3a79b504f208fd6cf3bb52c608e311f0\",\"name\":\"Miryam Tejada\",\"image\":{\"@type\":\"ImageObject\",\"inLanguage\":\"es\",\"@id\":\"https:\\\/\\\/www.escapadarural.com\\\/blog\\\/wp-content\\\/uploads\\\/2024\\\/12\\\/cropped-PXL_20240524_141044774.PORTRAIT.ORIGINAL-1-scaled-2-96x96.jpg\",\"url\":\"https:\\\/\\\/www.escapadarural.com\\\/blog\\\/wp-content\\\/uploads\\\/2024\\\/12\\\/cropped-PXL_20240524_141044774.PORTRAIT.ORIGINAL-1-scaled-2-96x96.jpg\",\"contentUrl\":\"https:\\\/\\\/www.escapadarural.com\\\/blog\\\/wp-content\\\/uploads\\\/2024\\\/12\\\/cropped-PXL_20240524_141044774.PORTRAIT.ORIGINAL-1-scaled-2-96x96.jpg\",\"caption\":\"Miryam Tejada\"},\"description\":\"Mi t\u00edtulo universitario dice que soy licenciada en periodismo, pero realmente soy una todoterreno a la que le pill\u00f3 la transici\u00f3n del mundo anal\u00f3gico al digital de pleno. Es decir, soy millennial, y eso lo que conlleva, seg\u00fan las habladur\u00edas, es que me dejo llevar y priorizo mi bienestar. O lo que es lo mismo, soy una apasionada de los viajes y las experiencias, del simple hecho de tomar unas cervezas entre amigas, organizar una buena comilona en la sociedad con sobremesa larga incluida o pasar las tardes en el parque con mis gemelos.\",\"url\":\"https:\\\/\\\/www.escapadarural.com\\\/blog\\\/autor\\\/miryam\\\/\"}]}<\/script>\n<!-- \/ Yoast SEO plugin. -->","yoast_head_json":{"title":"5 pueblos que visitar cuando salga el sol - EscapadaRural","description":"En esta lista tienes 5 escapadas perfectas para cuando salga el sol: destinos con personalidad, historia y paisajes que se disfrutan el doble","robots":{"index":"index","follow":"follow","max-snippet":"max-snippet:-1","max-image-preview":"max-image-preview:large","max-video-preview":"max-video-preview:-1"},"canonical":"https:\/\/www.escapadarural.com\/blog\/pueblos-que-visitar-cuando-salga-el-sol\/","og_locale":"es_ES","og_type":"article","og_title":"5 pueblos que visitar cuando salga el sol - EscapadaRural","og_description":"En esta lista tienes 5 escapadas perfectas para cuando salga el sol: destinos con personalidad, historia y paisajes que se disfrutan el doble","og_url":"https:\/\/www.escapadarural.com\/blog\/pueblos-que-visitar-cuando-salga-el-sol\/","og_site_name":"Magazine de viajes de EscapadaRural","article_publisher":"https:\/\/www.facebook.com\/escapadarural","article_published_time":"2026-03-01T10:35:48+00:00","article_modified_time":"2026-03-17T13:10:05+00:00","og_image":[{"width":2048,"height":1360,"url":"https:\/\/www.escapadarural.com\/blog\/wp-content\/uploads\/2026\/02\/AdobeStock_380011971-scaled.jpeg?v=1773753005","type":"image\/jpeg"}],"author":"Miryam Tejada","twitter_card":"summary_large_image","twitter_misc":{"Escrito por":"Miryam Tejada","Tiempo de lectura":"6 minutos"},"schema":{"@context":"https:\/\/schema.org","@graph":[{"@type":"Article","@id":"https:\/\/www.escapadarural.com\/blog\/pueblos-que-visitar-cuando-salga-el-sol\/#article","isPartOf":{"@id":"https:\/\/www.escapadarural.com\/blog\/pueblos-que-visitar-cuando-salga-el-sol\/"},"author":{"name":"Miryam Tejada","@id":"https:\/\/www.escapadarural.com\/blog\/#\/schema\/person\/3a79b504f208fd6cf3bb52c608e311f0"},"headline":"5 pueblos que visitar cuando salga el sol","datePublished":"2026-03-01T10:35:48+00:00","dateModified":"2026-03-17T13:10:05+00:00","mainEntityOfPage":{"@id":"https:\/\/www.escapadarural.com\/blog\/pueblos-que-visitar-cuando-salga-el-sol\/"},"wordCount":1168,"commentCount":0,"publisher":{"@id":"https:\/\/www.escapadarural.com\/blog\/#organization"},"image":{"@id":"https:\/\/www.escapadarural.com\/blog\/pueblos-que-visitar-cuando-salga-el-sol\/#primaryimage"},"thumbnailUrl":"https:\/\/www.escapadarural.com\/blog\/wp-content\/uploads\/2026\/02\/AdobeStock_380011971-scaled.jpeg","keywords":["Alicante","\u00c1vila","C\u00e1ceres","Listado","Lleida","Navarra","pueblos"],"articleSection":["Destinos"],"inLanguage":"es","potentialAction":[{"@type":"CommentAction","name":"Comment","target":["https:\/\/www.escapadarural.com\/blog\/pueblos-que-visitar-cuando-salga-el-sol\/#respond"]}]},{"@type":"WebPage","@id":"https:\/\/www.escapadarural.com\/blog\/pueblos-que-visitar-cuando-salga-el-sol\/","url":"https:\/\/www.escapadarural.com\/blog\/pueblos-que-visitar-cuando-salga-el-sol\/","name":"5 pueblos que visitar cuando salga el sol - EscapadaRural","isPartOf":{"@id":"https:\/\/www.escapadarural.com\/blog\/#website"},"primaryImageOfPage":{"@id":"https:\/\/www.escapadarural.com\/blog\/pueblos-que-visitar-cuando-salga-el-sol\/#primaryimage"},"image":{"@id":"https:\/\/www.escapadarural.com\/blog\/pueblos-que-visitar-cuando-salga-el-sol\/#primaryimage"},"thumbnailUrl":"https:\/\/www.escapadarural.com\/blog\/wp-content\/uploads\/2026\/02\/AdobeStock_380011971-scaled.jpeg","datePublished":"2026-03-01T10:35:48+00:00","dateModified":"2026-03-17T13:10:05+00:00","description":"En esta lista tienes 5 escapadas perfectas para cuando salga el sol: destinos con personalidad, historia y paisajes que se disfrutan el doble","breadcrumb":{"@id":"https:\/\/www.escapadarural.com\/blog\/pueblos-que-visitar-cuando-salga-el-sol\/#breadcrumb"},"inLanguage":"es","potentialAction":[{"@type":"ReadAction","target":["https:\/\/www.escapadarural.com\/blog\/pueblos-que-visitar-cuando-salga-el-sol\/"]}]},{"@type":"ImageObject","inLanguage":"es","@id":"https:\/\/www.escapadarural.com\/blog\/pueblos-que-visitar-cuando-salga-el-sol\/#primaryimage","url":"https:\/\/www.escapadarural.com\/blog\/wp-content\/uploads\/2026\/02\/AdobeStock_380011971-scaled.jpeg","contentUrl":"https:\/\/www.escapadarural.com\/blog\/wp-content\/uploads\/2026\/02\/AdobeStock_380011971-scaled.jpeg","width":2048,"height":1360,"caption":"Candeleda. Por: Jose Antonio"},{"@type":"BreadcrumbList","@id":"https:\/\/www.escapadarural.com\/blog\/pueblos-que-visitar-cuando-salga-el-sol\/#breadcrumb","itemListElement":[{"@type":"ListItem","position":1,"name":"Inicio","item":"https:\/\/www.escapadarural.com\/blog\/"},{"@type":"ListItem","position":2,"name":"Destinos","item":"https:\/\/www.escapadarural.com\/blog\/categoria\/destinos\/"},{"@type":"ListItem","position":3,"name":"5 pueblos que visitar cuando salga el sol"}]},{"@type":"WebSite","@id":"https:\/\/www.escapadarural.com\/blog\/#website","url":"https:\/\/www.escapadarural.com\/blog\/","name":"Blog de viajes | turismo rural, alojamientos e inspiraci\u00f3n","description":"Alojamientos rurales e inspiraci\u00f3n para tus escapadas","publisher":{"@id":"https:\/\/www.escapadarural.com\/blog\/#organization"},"alternateName":"Magazine de viajes de EscapadaRural","potentialAction":[{"@type":"SearchAction","target":{"@type":"EntryPoint","urlTemplate":"https:\/\/www.escapadarural.com\/blog\/?s={search_term_string}"},"query-input":{"@type":"PropertyValueSpecification","valueRequired":true,"valueName":"search_term_string"}}],"inLanguage":"es"},{"@type":"Organization","@id":"https:\/\/www.escapadarural.com\/blog\/#organization","name":"EscapadaRural","url":"https:\/\/www.escapadarural.com\/blog\/","logo":{"@type":"ImageObject","inLanguage":"es","@id":"https:\/\/www.escapadarural.com\/blog\/#\/schema\/logo\/image\/","url":"https:\/\/www.escapadarural.com\/blog\/wp-content\/uploads\/2024\/10\/cropped-cropped-escapada-rural-icon-mag-3.png","contentUrl":"https:\/\/www.escapadarural.com\/blog\/wp-content\/uploads\/2024\/10\/cropped-cropped-escapada-rural-icon-mag-3.png","width":512,"height":512,"caption":"EscapadaRural"},"image":{"@id":"https:\/\/www.escapadarural.com\/blog\/#\/schema\/logo\/image\/"},"sameAs":["https:\/\/www.facebook.com\/escapadarural","https:\/\/www.instagram.com\/escapadarural\/","https:\/\/www.youtube.com\/@escapadaruralcom"]},{"@type":"Person","@id":"https:\/\/www.escapadarural.com\/blog\/#\/schema\/person\/3a79b504f208fd6cf3bb52c608e311f0","name":"Miryam Tejada","image":{"@type":"ImageObject","inLanguage":"es","@id":"https:\/\/www.escapadarural.com\/blog\/wp-content\/uploads\/2024\/12\/cropped-PXL_20240524_141044774.PORTRAIT.ORIGINAL-1-scaled-2-96x96.jpg","url":"https:\/\/www.escapadarural.com\/blog\/wp-content\/uploads\/2024\/12\/cropped-PXL_20240524_141044774.PORTRAIT.ORIGINAL-1-scaled-2-96x96.jpg","contentUrl":"https:\/\/www.escapadarural.com\/blog\/wp-content\/uploads\/2024\/12\/cropped-PXL_20240524_141044774.PORTRAIT.ORIGINAL-1-scaled-2-96x96.jpg","caption":"Miryam Tejada"},"description":"Mi t\u00edtulo universitario dice que soy licenciada en periodismo, pero realmente soy una todoterreno a la que le pill\u00f3 la transici\u00f3n del mundo anal\u00f3gico al digital de pleno. Es decir, soy millennial, y eso lo que conlleva, seg\u00fan las habladur\u00edas, es que me dejo llevar y priorizo mi bienestar. O lo que es lo mismo, soy una apasionada de los viajes y las experiencias, del simple hecho de tomar unas cervezas entre amigas, organizar una buena comilona en la sociedad con sobremesa larga incluida o pasar las tardes en el parque con mis gemelos.","url":"https:\/\/www.escapadarural.com\/blog\/autor\/miryam\/"}]}},"_links":{"self":[{"href":"https:\/\/www.escapadarural.com\/blog\/wp-json\/wp\/v2\/posts\/214083","targetHints":{"allow":["GET"]}}],"collection":[{"href":"https:\/\/www.escapadarural.com\/blog\/wp-json\/wp\/v2\/posts"}],"about":[{"href":"https:\/\/www.escapadarural.com\/blog\/wp-json\/wp\/v2\/types\/post"}],"author":[{"embeddable":true,"href":"https:\/\/www.escapadarural.com\/blog\/wp-json\/wp\/v2\/users\/98"}],"replies":[{"embeddable":true,"href":"https:\/\/www.escapadarural.com\/blog\/wp-json\/wp\/v2\/comments?post=214083"}],"version-history":[{"count":0,"href":"https:\/\/www.escapadarural.com\/blog\/wp-json\/wp\/v2\/posts\/214083\/revisions"}],"wp:featuredmedia":[{"embeddable":true,"href":"https:\/\/www.escapadarural.com\/blog\/wp-json\/wp\/v2\/media\/214190"}],"wp:attachment":[{"href":"https:\/\/www.escapadarural.com\/blog\/wp-json\/wp\/v2\/media?parent=214083"}],"wp:term":[{"taxonomy":"category","embeddable":true,"href":"https:\/\/www.escapadarural.com\/blog\/wp-json\/wp\/v2\/categories?post=214083"},{"taxonomy":"post_tag","embeddable":true,"href":"https:\/\/www.escapadarural.com\/blog\/wp-json\/wp\/v2\/tags?post=214083"}],"curies":[{"name":"wp","href":"https:\/\/api.w.org\/{rel}","templated":true}]}}