{"id":214325,"date":"2026-03-11T10:20:33","date_gmt":"2026-03-11T09:20:33","guid":{"rendered":"https:\/\/www.escapadarural.com\/blog\/?p=214325"},"modified":"2026-03-17T15:54:55","modified_gmt":"2026-03-17T14:54:55","slug":"cabanas-en-el-campo-primavera","status":"publish","type":"post","link":"https:\/\/www.escapadarural.com\/blog\/cabanas-en-el-campo-primavera\/","title":{"rendered":"Caba\u00f1as en el campo para escaparnos esta primavera (y no querer volver) \ud83c\udf38"},"content":{"rendered":"\n<p>La primavera llega. Lentamente, pero llega. De repente los d\u00edas se alargan, el campo se pone en modo tecnicolor y el cuerpo te pide una <strong>escapada con terraza, vistas y olor a tierra mojada<\/strong>. Cambiamos la manta por el vermut al sol y la chimenea por <a href=\"\/blog\/rutas-para-ver-la-floracion\/\">rutas entre flores<\/a>. Aqu\u00ed van siete caba\u00f1as perfectas para darle la bienvenida a la estaci\u00f3n m\u00e1s bonita del a\u00f1o.<\/p>\n\n\n\n<div class=\"wp-block-buttons is-layout-flex wp-block-buttons-is-layout-flex\">\n<div class=\"wp-block-button\"><a class=\"wp-block-button__link wp-element-button\" href=\"\/casas-rurales\">Encuentra tu alojamiento<\/a><\/div>\n<\/div>\n\n\n\n<h2 class=\"wp-block-heading\">Caba\u00f1as Huma (<a href=\"\/casas-rurales\/asturias\">Asturias<\/a>)<\/h2>\n\n\n\n<figure class=\"wp-block-image size-large\"><img loading=\"lazy\" decoding=\"async\" width=\"1024\" height=\"683\" src=\"https:\/\/www.escapadarural.com\/blog\/wp-content\/uploads\/2026\/02\/Cabanas-Huma-1024x683.jpg\" alt=\"Caba\u00f1as Huma (Asturias)\" class=\"wp-image-214326\" srcset=\"https:\/\/www.escapadarural.com\/blog\/wp-content\/uploads\/2026\/02\/Cabanas-Huma-200x133.jpg 200w, https:\/\/www.escapadarural.com\/blog\/wp-content\/uploads\/2026\/02\/Cabanas-Huma-300x200.jpg 300w, https:\/\/www.escapadarural.com\/blog\/wp-content\/uploads\/2026\/02\/Cabanas-Huma-400x267.jpg 400w, https:\/\/www.escapadarural.com\/blog\/wp-content\/uploads\/2026\/02\/Cabanas-Huma-600x400.jpg 600w, https:\/\/www.escapadarural.com\/blog\/wp-content\/uploads\/2026\/02\/Cabanas-Huma-768x512.jpg 768w, https:\/\/www.escapadarural.com\/blog\/wp-content\/uploads\/2026\/02\/Cabanas-Huma-800x534.jpg 800w, https:\/\/www.escapadarural.com\/blog\/wp-content\/uploads\/2026\/02\/Cabanas-Huma-1024x683.jpg 1024w, https:\/\/www.escapadarural.com\/blog\/wp-content\/uploads\/2026\/02\/Cabanas-Huma-1200x801.jpg 1200w, https:\/\/www.escapadarural.com\/blog\/wp-content\/uploads\/2026\/02\/Cabanas-Huma.jpg 1280w\" sizes=\"auto, (max-width: 1024px) 100vw, 1024px\" \/><figcaption class=\"wp-element-caption\">Caba\u00f1as Huma (Asturias)<\/figcaption><\/figure>\n\n\n\n<p>Al norte, junto al mar Cant\u00e1brico, encontramos las <a href=\"\/casa-rural\/asturias\/cabanas-huma\">caba\u00f1as Huma<\/a>. Dos alojamientos de madera de pino ecol\u00f3gico con capacidad para 3 personas. Est\u00e1n en mitad del campo, en Vegadeo, la zona m\u00e1s occidental de Asturias, y <strong>son sostenibles<\/strong>, pues tienen placas fotovoltaicas y aerotermia. En su exterior, dependiendo de la temporada, <strong>hay disponible un jacuzzi<\/strong>.<\/p>\n\n\n\n<p>\ud83d\udc49 Desde ellas puedes descubrir la Reserva de la Biosfera de los <a href=\"\/blog\/pueblos-en-la-comarca-oscos-eo-asturias\/\">Oscos\u2011Eo<\/a>, un entorno de valles, praderas y bosques ideal para hacer rutas de senderismo. Muy cerca est\u00e1n la <strong>cascada de Cioyo y la senda de A Seimeira<\/strong>, dos paseos naturales que en primavera se visten de verde intenso.<\/p>\n\n\n\n<div class=\"wp-block-buttons is-layout-flex wp-block-buttons-is-layout-flex\">\n<div class=\"wp-block-button\"><a class=\"wp-block-button__link wp-element-button\" href=\"\/casa-rural\/asturias\/cabanas-huma\">Reservar<\/a><\/div>\n<\/div>\n\n\n\n<h2 class=\"wp-block-heading\">Cabanas de Carmen (<a href=\"\/casas-rurales\/a-coruna\">A Coru\u00f1a<\/a>)<\/h2>\n\n\n\n<figure class=\"wp-block-image size-large\"><img loading=\"lazy\" decoding=\"async\" width=\"1024\" height=\"575\" src=\"https:\/\/www.escapadarural.com\/blog\/wp-content\/uploads\/2026\/02\/Cabanas-de-Carmen-1024x575.jpg\" alt=\"Cabanas de Carmen (A Coru\u00f1a)\" class=\"wp-image-214335\" srcset=\"https:\/\/www.escapadarural.com\/blog\/wp-content\/uploads\/2026\/02\/Cabanas-de-Carmen-200x112.jpg 200w, https:\/\/www.escapadarural.com\/blog\/wp-content\/uploads\/2026\/02\/Cabanas-de-Carmen-300x169.jpg 300w, https:\/\/www.escapadarural.com\/blog\/wp-content\/uploads\/2026\/02\/Cabanas-de-Carmen-400x225.jpg 400w, https:\/\/www.escapadarural.com\/blog\/wp-content\/uploads\/2026\/02\/Cabanas-de-Carmen-600x337.jpg 600w, https:\/\/www.escapadarural.com\/blog\/wp-content\/uploads\/2026\/02\/Cabanas-de-Carmen-768x431.jpg 768w, https:\/\/www.escapadarural.com\/blog\/wp-content\/uploads\/2026\/02\/Cabanas-de-Carmen-800x449.jpg 800w, https:\/\/www.escapadarural.com\/blog\/wp-content\/uploads\/2026\/02\/Cabanas-de-Carmen-1024x575.jpg 1024w, https:\/\/www.escapadarural.com\/blog\/wp-content\/uploads\/2026\/02\/Cabanas-de-Carmen-1200x674.jpg 1200w, https:\/\/www.escapadarural.com\/blog\/wp-content\/uploads\/2026\/02\/Cabanas-de-Carmen-1536x863.jpg 1536w\" sizes=\"auto, (max-width: 1024px) 100vw, 1024px\" \/><figcaption class=\"wp-element-caption\">Cabanas de Carmen (A Coru\u00f1a)<\/figcaption><\/figure>\n\n\n\n<p>En el <a href=\"\/blog\/tag\/camino-de-santiago\/\">Camino de Santiago<\/a> a Finisterre, en el interior de la r\u00eda de Muros-Noia, encontramos las <a href=\"\/casa-rural\/a-coruna\/a-cabana-de-carmen\">Cabanas de Carmen<\/a>. Cinco caba\u00f1as con capacidad para 2, 4, 6 y 8 personas situadas en plena naturaleza a orillas de un r\u00edo. Algunas de ellas <strong>tienen jacuzzi en la habitaci\u00f3n<\/strong>. Tambi\u00e9n hay barbacoa, terraza y un huerto ecol\u00f3gico.&nbsp;<\/p>\n\n\n\n<p>\ud83d\udc49 Cerca puedes visitar las R\u00edas Altas y Baixas, pasear por <a href=\"\/casas-rurales\/noia\">Noia<\/a>, o acercarte a <a href=\"\/casas-rurales\/santiago-de-compostela\">Santiago de Compostela<\/a> y su catedral. Tambi\u00e9n hay <strong>rutas costeras y playas cercanas<\/strong> como Muros para dar un paseo primaveral con el mar de fondo.<\/p>\n\n\n\n<div class=\"wp-block-buttons is-layout-flex wp-block-buttons-is-layout-flex\">\n<div class=\"wp-block-button\"><a class=\"wp-block-button__link wp-element-button\" href=\"\/casa-rural\/a-coruna\/a-cabana-de-carmen\">Reservar<\/a><\/div>\n<\/div>\n\n\n\n<h2 class=\"wp-block-heading\">Hamlet&#8217;s Friends (<a href=\"\/casas-rurales\/toledo\">Toledo<\/a>)<\/h2>\n\n\n\n<figure class=\"wp-block-image size-full\"><img loading=\"lazy\" decoding=\"async\" width=\"960\" height=\"787\" src=\"https:\/\/www.escapadarural.com\/blog\/wp-content\/uploads\/2026\/02\/Hamlets-Friends-3.jpg\" alt=\"Hamlet's Friends (Toledo)\" class=\"wp-image-214334\" srcset=\"https:\/\/www.escapadarural.com\/blog\/wp-content\/uploads\/2026\/02\/Hamlets-Friends-3-200x164.jpg 200w, https:\/\/www.escapadarural.com\/blog\/wp-content\/uploads\/2026\/02\/Hamlets-Friends-3-300x246.jpg 300w, https:\/\/www.escapadarural.com\/blog\/wp-content\/uploads\/2026\/02\/Hamlets-Friends-3-400x328.jpg 400w, https:\/\/www.escapadarural.com\/blog\/wp-content\/uploads\/2026\/02\/Hamlets-Friends-3-600x492.jpg 600w, https:\/\/www.escapadarural.com\/blog\/wp-content\/uploads\/2026\/02\/Hamlets-Friends-3-768x630.jpg 768w, https:\/\/www.escapadarural.com\/blog\/wp-content\/uploads\/2026\/02\/Hamlets-Friends-3-800x656.jpg 800w, https:\/\/www.escapadarural.com\/blog\/wp-content\/uploads\/2026\/02\/Hamlets-Friends-3.jpg 960w\" sizes=\"auto, (max-width: 960px) 100vw, 960px\" \/><figcaption class=\"wp-element-caption\">Hamlet&#8217;s Friends (Toledo)<\/figcaption><\/figure>\n\n\n\n<p>En <a href=\"\/casa-rural\/toledo\/hamlet-s-friends\">Hamlet&#8217;s Friends<\/a> saben c\u00f3mo aprovechar la primavera: senderismo, p\u00e1del, talleres de cocina, yoga, observaci\u00f3n de aves, cine a la fresca o cenas al aire libre son solo algunas de sus propuestas. Estas caba\u00f1as, ubicadas en Nu\u00f1o G\u00f3mez, en Toledo, tienen capacidad para 4 y 2 personas. Todas <strong>cuentan con terraza, adem\u00e1s del enorme campo en el que se sit\u00faan<\/strong>. Es perfecta para pasar unos d\u00edas o irse una temporada, ya que ofrece la posibilidad de teletrabajar desde all\u00ed. Se define como un <em>coworking<\/em> y <em>coliving<\/em> rural.\u00a0<\/p>\n\n\n\n<p>\ud83d\udc49 Las caba\u00f1as de Hamlet&#8217;s Friends est\u00e1n <strong>situadas a los pies de la sierra de San Vicente<\/strong>, donde hay rutas de senderismo. Podemos acercarnos a <a href=\"\/casas-rurales\/talavera-de-la-reina\">Talavera de la Reina<\/a>, a las barrancas de Castrej\u00f3n y Cala\u00f1a, a castillos como el de Guadamur o Barcience, o a pueblos con encanto como <a href=\"\/blog\/que-ver-y-hacer-en-chinchon-en-madrid\/\">Chinch\u00f3n<\/a>.<\/p>\n\n\n\n<div class=\"wp-block-buttons is-layout-flex wp-block-buttons-is-layout-flex\">\n<div class=\"wp-block-button\"><a class=\"wp-block-button__link wp-element-button\" href=\"\/casa-rural\/toledo\/hamlet-s-friends\">Reservar<\/a><\/div>\n<\/div>\n\n\n\n<h2 class=\"wp-block-heading\">Caba\u00f1as Quercus apartamentos tur\u00edsticos (<a href=\"\/casas-rurales\/segovia\">Segovia<\/a>)<\/h2>\n\n\n\n<figure class=\"wp-block-image size-full\"><img loading=\"lazy\" decoding=\"async\" width=\"990\" height=\"350\" src=\"https:\/\/www.escapadarural.com\/blog\/wp-content\/uploads\/2026\/02\/Cabanas-Quercus-apartamentos-turisticos-1.jpg\" alt=\"Caba\u00f1as Quercus apartamentos tur\u00edsticos (Segovia)\" class=\"wp-image-214328\" srcset=\"https:\/\/www.escapadarural.com\/blog\/wp-content\/uploads\/2026\/02\/Cabanas-Quercus-apartamentos-turisticos-1-200x71.jpg 200w, https:\/\/www.escapadarural.com\/blog\/wp-content\/uploads\/2026\/02\/Cabanas-Quercus-apartamentos-turisticos-1-300x106.jpg 300w, https:\/\/www.escapadarural.com\/blog\/wp-content\/uploads\/2026\/02\/Cabanas-Quercus-apartamentos-turisticos-1-400x141.jpg 400w, https:\/\/www.escapadarural.com\/blog\/wp-content\/uploads\/2026\/02\/Cabanas-Quercus-apartamentos-turisticos-1-600x212.jpg 600w, https:\/\/www.escapadarural.com\/blog\/wp-content\/uploads\/2026\/02\/Cabanas-Quercus-apartamentos-turisticos-1-768x272.jpg 768w, https:\/\/www.escapadarural.com\/blog\/wp-content\/uploads\/2026\/02\/Cabanas-Quercus-apartamentos-turisticos-1-800x283.jpg 800w, https:\/\/www.escapadarural.com\/blog\/wp-content\/uploads\/2026\/02\/Cabanas-Quercus-apartamentos-turisticos-1.jpg 990w\" sizes=\"auto, (max-width: 990px) 100vw, 990px\" \/><figcaption class=\"wp-element-caption\">Caba\u00f1as Quercus apartamentos tur\u00edsticos (Segovia)<\/figcaption><\/figure>\n\n\n\n<p>Estas dos caba\u00f1as de madera est\u00e1n en Pe\u00f1arrubias de Pir\u00f3n, Segovia, un pueblo tranquilo rodeado de naturaleza. Cada caba\u00f1a tiene <strong>calefacci\u00f3n, jard\u00edn y barbacoa exterior<\/strong> donde puedes relajarte al sol primaveral. Las <a href=\"\/casa-rural\/segovia\/cabanas-quercus\">caba\u00f1as Quercus<\/a> admiten mascotas y est\u00e1n rodeadas de montes de sabinas y encinas. Adem\u00e1s, est\u00e1n muy cerca del r\u00edo Pir\u00f3n.\u00a0<\/p>\n\n\n\n<p>\ud83d\udc49 En los alrededores puedes acercarte a la ciudad de Segovia para ver su acueducto. Tambi\u00e9n est\u00e1n muy cerca las <a href=\"\/blog\/origenes-hoces-del-rio-duraton-segovia\/\">hoces del r\u00edo Durat\u00f3n<\/a>, perfectas para <strong>hacer senderismo y ver buitres leonados<\/strong>. O visitar pueblos con encanto como <a href=\"\/casas-rurales\/sepulveda\">Sep\u00falveda<\/a>, <a href=\"\/casas-rurales\/pedraza\">Pedraza<\/a> o <a href=\"\/casas-rurales\/turegano\">Tur\u00e9gano<\/a>.<\/p>\n\n\n\n<div class=\"wp-block-buttons is-layout-flex wp-block-buttons-is-layout-flex\">\n<div class=\"wp-block-button\"><a class=\"wp-block-button__link wp-element-button\" href=\"\/casa-rural\/segovia\/cabanas-quercus\">Reservar<\/a><\/div>\n<\/div>\n\n\n\n<h2 class=\"wp-block-heading\">Casita de Chocolate (<a href=\"\/casas-rurles\/cantabria\">Cantabria<\/a>)<\/h2>\n\n\n\n<figure class=\"wp-block-image size-large\"><img loading=\"lazy\" decoding=\"async\" width=\"1024\" height=\"768\" src=\"https:\/\/www.escapadarural.com\/blog\/wp-content\/uploads\/2026\/02\/Casita-de-Chocolate-1024x768.jpg\" alt=\"Casita de Chocolate (Cantabria)\" class=\"wp-image-214333\" srcset=\"https:\/\/www.escapadarural.com\/blog\/wp-content\/uploads\/2026\/02\/Casita-de-Chocolate-200x150.jpg 200w, https:\/\/www.escapadarural.com\/blog\/wp-content\/uploads\/2026\/02\/Casita-de-Chocolate-300x225.jpg 300w, https:\/\/www.escapadarural.com\/blog\/wp-content\/uploads\/2026\/02\/Casita-de-Chocolate-400x300.jpg 400w, https:\/\/www.escapadarural.com\/blog\/wp-content\/uploads\/2026\/02\/Casita-de-Chocolate-600x450.jpg 600w, https:\/\/www.escapadarural.com\/blog\/wp-content\/uploads\/2026\/02\/Casita-de-Chocolate-768x576.jpg 768w, https:\/\/www.escapadarural.com\/blog\/wp-content\/uploads\/2026\/02\/Casita-de-Chocolate-800x600.jpg 800w, https:\/\/www.escapadarural.com\/blog\/wp-content\/uploads\/2026\/02\/Casita-de-Chocolate-1024x768.jpg 1024w, https:\/\/www.escapadarural.com\/blog\/wp-content\/uploads\/2026\/02\/Casita-de-Chocolate-1200x900.jpg 1200w, https:\/\/www.escapadarural.com\/blog\/wp-content\/uploads\/2026\/02\/Casita-de-Chocolate-1536x1152.jpg 1536w\" sizes=\"auto, (max-width: 1024px) 100vw, 1024px\" \/><figcaption class=\"wp-element-caption\">Casita de Chocolate (Cantabria)<\/figcaption><\/figure>\n\n\n\n<p>En Carriazo, Cantabria, encontramos esta caba\u00f1a r\u00fastica de color chocolate que tiene capacidad para 6 personas. Dispone de <strong>porche con vistas al mar Cant\u00e1brico<\/strong>, ideal para ver el amanecer, desayunar al aire libre o ver puestas de sol que no tienen precio. El acceso es f\u00e1cil y asfaltado, a solo 2\u202fkm del pueblo, as\u00ed que llegas sin complicaciones. La <a href=\"\/casa-rural\/cantabria\/casita-de-chocolate\">Casita de Chocolate<\/a> tiene jard\u00edn, barbacoa y granja.&nbsp;<\/p>\n\n\n\n<p>\ud83d\udc49 Est\u00e1 a solo <strong>5 minutos de las playas, como la de Langre<\/strong>. Y est\u00e1 cerca de las <a href=\"\/blog\/cuevas-patrimonio-de-la-humanidad\/\">cuevas de Altamira<\/a>, as\u00ed como de pueblos con encanto como <a href=\"\/casas-rurales\/lierganes\">Li\u00e9rganes<\/a> o <a href=\"\/casas-rurales\/somo\">Somo<\/a>. Si te acercas a la costa ver\u00e1s, justo enfrente, el popular palacio de la Magdalena y la ciudad de Santander.&nbsp;<\/p>\n\n\n\n<div class=\"wp-block-buttons is-layout-flex wp-block-buttons-is-layout-flex\">\n<div class=\"wp-block-button\"><a class=\"wp-block-button__link wp-element-button\" href=\"\/casa-rural\/cantabria\/casita-de-chocolate\">Reservar<\/a><\/div>\n<\/div>\n\n\n\n<h2 class=\"wp-block-heading\">Las Caba\u00f1as (<a href=\"\/casas-rurales\/cadiz\">C\u00e1diz<\/a>)<\/h2>\n\n\n\n<figure class=\"wp-block-image size-large\"><img loading=\"lazy\" decoding=\"async\" width=\"1024\" height=\"683\" src=\"https:\/\/www.escapadarural.com\/blog\/wp-content\/uploads\/2026\/02\/Las-Cabanas-1024x683.jpg\" alt=\"Las Caba\u00f1as (C\u00e1diz)\" class=\"wp-image-214336\" srcset=\"https:\/\/www.escapadarural.com\/blog\/wp-content\/uploads\/2026\/02\/Las-Cabanas-200x133.jpg 200w, https:\/\/www.escapadarural.com\/blog\/wp-content\/uploads\/2026\/02\/Las-Cabanas-300x200.jpg 300w, https:\/\/www.escapadarural.com\/blog\/wp-content\/uploads\/2026\/02\/Las-Cabanas-400x267.jpg 400w, https:\/\/www.escapadarural.com\/blog\/wp-content\/uploads\/2026\/02\/Las-Cabanas-600x400.jpg 600w, https:\/\/www.escapadarural.com\/blog\/wp-content\/uploads\/2026\/02\/Las-Cabanas-768x512.jpg 768w, https:\/\/www.escapadarural.com\/blog\/wp-content\/uploads\/2026\/02\/Las-Cabanas-800x533.jpg 800w, https:\/\/www.escapadarural.com\/blog\/wp-content\/uploads\/2026\/02\/Las-Cabanas-1024x683.jpg 1024w, https:\/\/www.escapadarural.com\/blog\/wp-content\/uploads\/2026\/02\/Las-Cabanas-1200x800.jpg 1200w, https:\/\/www.escapadarural.com\/blog\/wp-content\/uploads\/2026\/02\/Las-Cabanas-1536x1024.jpg 1536w\" sizes=\"auto, (max-width: 1024px) 100vw, 1024px\" \/><figcaption class=\"wp-element-caption\">Las Caba\u00f1as (C\u00e1diz)<\/figcaption><\/figure>\n\n\n\n<p>En Tarifa, capital del viento y para\u00edso del surf, se encuentra <a href=\"\/casa-rural\/cadiz\/las-cabanas\">Las Caba\u00f1as<\/a>, un complejo rural con dos caba\u00f1as de madera: una con <strong>vistas al mar y la otra a la monta\u00f1a<\/strong>. Tienen capacidad para 6 personas y, por su ubicaci\u00f3n, es perfecta para una escapada primaveral. La casa cuenta con jard\u00edn y una huerta con naranjos, adem\u00e1s de gallinas aut\u00f3ctonas y caballos que le dan ese aire rural aut\u00e9ntico que engancha. Aqu\u00ed se cultivan hortalizas para consumo propio y para los animales, as\u00ed que el ambiente es 100% campestre y sostenible.&nbsp;<\/p>\n\n\n\n<p>\ud83d\udc49 Las Caba\u00f1as est\u00e1n cerca de <strong>playas tan populares como la de Valdevaqueros, la de Bolonia<\/strong> -que cuenta con la <a href=\"\/blog\/playas-declaradas-monumento-natural\/#h-duna-de-bolonia-cadiz\">inmensa duna<\/a> y con las ruinas de <a href=\"\/blog\/playas-de-espana-con-historia\/#h-el-yacimiento-de-baelo-claudia-y-la-playa-de-bolonia\">Baelo Claudia<\/a>&#8211; y el Paraje Natural de Los Lances. Desde ah\u00ed tambi\u00e9n podemos visitar el <a href=\"\/blog\/guia-para-visitar-donana\/\">Parque Nacional de Do\u00f1ana<\/a> y los pueblos de <a href=\"\/casas-rurales\/vejer-de-la-frontera\">Vejer de la Frontera<\/a> y <a href=\"\/casas-rurales\/benalup-casas-viejas\">Benalup-Casas Viejas<\/a>.<\/p>\n\n\n\n<div class=\"wp-block-buttons is-layout-flex wp-block-buttons-is-layout-flex\">\n<div class=\"wp-block-button\"><a class=\"wp-block-button__link wp-element-button\" href=\"\/casa-rural\/cadiz\/las-cabanas\">Reservar<\/a><\/div>\n<\/div>\n\n\n\n<h2 class=\"wp-block-heading\">NidoGredos &#8211; La Casa (<a href=\"\/casas-rurales\/avila\">\u00c1vila<\/a>)<\/h2>\n\n\n\n<figure class=\"wp-block-image size-large\"><img loading=\"lazy\" decoding=\"async\" width=\"1024\" height=\"986\" src=\"https:\/\/www.escapadarural.com\/blog\/wp-content\/uploads\/2026\/02\/NidoGredos-La-Casa-1024x986.jpg\" alt=\"NidoGredos - La Casa (\u00c1vila)\" class=\"wp-image-214337\" srcset=\"https:\/\/www.escapadarural.com\/blog\/wp-content\/uploads\/2026\/02\/NidoGredos-La-Casa-200x193.jpg 200w, https:\/\/www.escapadarural.com\/blog\/wp-content\/uploads\/2026\/02\/NidoGredos-La-Casa-300x289.jpg 300w, https:\/\/www.escapadarural.com\/blog\/wp-content\/uploads\/2026\/02\/NidoGredos-La-Casa-400x385.jpg 400w, https:\/\/www.escapadarural.com\/blog\/wp-content\/uploads\/2026\/02\/NidoGredos-La-Casa-600x578.jpg 600w, https:\/\/www.escapadarural.com\/blog\/wp-content\/uploads\/2026\/02\/NidoGredos-La-Casa-768x739.jpg 768w, https:\/\/www.escapadarural.com\/blog\/wp-content\/uploads\/2026\/02\/NidoGredos-La-Casa-800x770.jpg 800w, https:\/\/www.escapadarural.com\/blog\/wp-content\/uploads\/2026\/02\/NidoGredos-La-Casa-1024x986.jpg 1024w, https:\/\/www.escapadarural.com\/blog\/wp-content\/uploads\/2026\/02\/NidoGredos-La-Casa-1200x1155.jpg 1200w, https:\/\/www.escapadarural.com\/blog\/wp-content\/uploads\/2026\/02\/NidoGredos-La-Casa.jpg 1280w\" sizes=\"auto, (max-width: 1024px) 100vw, 1024px\" \/><figcaption class=\"wp-element-caption\">NidoGredos &#8211; La Casa (\u00c1vila)<\/figcaption><\/figure>\n\n\n\n<p>Ubicada en El Tiemblo, <a href=\"\/casa-rural\/avila\/nidogredos-la-casa\">Nidogredos \u2013 La Casa<\/a> es un alojamiento independiente ideal para una escapada en familia o con amigos. Tiene capacidad hasta para 6 personas y est\u00e1 totalmente equipada. Su exterior <strong>dispone de jard\u00edn y barbacoa<\/strong>, lo que invita a disfrutar del buen tiempo, algo que en primavera se convierte en imprescindible.&nbsp;<\/p>\n\n\n\n<p>\ud83d\udc49 Desde aqu\u00ed puedes explorar uno de los <strong>grandes tesoros de la zona<\/strong>: el <a href=\"\/blog\/la-joya-natural-del-tiemblo\/\">casta\u00f1ar de El Tiemblo<\/a>, un bosque espectacular que en primavera empieza a llenarse de verde intenso. Tambi\u00e9n est\u00e1 cerca del embalse de El Burguillo, perfecto para paseos junto al agua; y a un paso de la sierra de Gredos, en la que hay <a href=\"\/blog\/rutas-sierra-de-gredos\/\">rutas de senderismo<\/a> para todos los niveles.<\/p>\n\n\n\n<div class=\"wp-block-buttons is-layout-flex wp-block-buttons-is-layout-flex\">\n<div class=\"wp-block-button\"><a class=\"wp-block-button__link wp-element-button\" href=\"\/casa-rural\/avila\/nidogredos-la-casa\">Reservar<\/a><\/div>\n<\/div>\n","protected":false},"excerpt":{"rendered":"<p>Esta primavera, el plan est\u00e1 en estas caba\u00f1as entre huertos, bosques y sol para recargar energ\u00eda y desconectar del mundo.<\/p>\n","protected":false},"author":89,"featured_media":214335,"comment_status":"open","ping_status":"open","sticky":false,"template":"","format":"standard","meta":{"_acf_changed":false,"om_disable_all_campaigns":false,"footnotes":""},"categories":[247,191],"tags":[241,2197,246,896,2231,648,224,6203,511,215,5590,257,350,278],"class_list":["post-214325","post","type-post","status-publish","format-standard","has-post-thumbnail","hentry","category-alojamientos-rurales","category-destinos","tag-que-ver-en-a-coruna","tag-amigos","tag-que-ver-en-asturias","tag-que-ver-en-avila","tag-cabanas","tag-que-ver-en-cadiz","tag-que-ver-en-cantabria","tag-casas-rurales","tag-familia","tag-listado","tag-pareja","tag-primavera","tag-que-ver-en-segovia","tag-que-ver-en-toledo"],"acf":[],"featured_image_src":"https:\/\/www.escapadarural.com\/blog\/wp-content\/uploads\/2026\/02\/Cabanas-de-Carmen-scaled.jpg","author_info":{"display_name":"Laura Fern\u00e1ndez","author_link":"https:\/\/www.escapadarural.com\/blog\/autor\/laura\/"},"yoast_head":"<!-- This site is optimized with the Yoast SEO plugin v27.5 - https:\/\/yoast.com\/product\/yoast-seo-wordpress\/ -->\n<title>Caba\u00f1as en el campo para escaparnos esta primavera (y no querer volver) \ud83c\udf38 - EscapadaRural<\/title>\n<meta name=\"description\" content=\"Esta primavera, el plan est\u00e1 en estas caba\u00f1as entre huertos, bosques y sol para recargar energ\u00eda y desconectar del mundo.\" \/>\n<meta name=\"robots\" content=\"index, follow, max-snippet:-1, max-image-preview:large, max-video-preview:-1\" \/>\n<link rel=\"canonical\" href=\"https:\/\/www.escapadarural.com\/blog\/cabanas-en-el-campo-primavera\/\" \/>\n<meta property=\"og:locale\" content=\"es_ES\" \/>\n<meta property=\"og:type\" content=\"article\" \/>\n<meta property=\"og:title\" content=\"Caba\u00f1as en el campo para escaparnos esta primavera (y no querer volver) \ud83c\udf38 - EscapadaRural\" \/>\n<meta property=\"og:description\" content=\"Esta primavera, el plan est\u00e1 en estas caba\u00f1as entre huertos, bosques y sol para recargar energ\u00eda y desconectar del mundo.\" \/>\n<meta property=\"og:url\" content=\"https:\/\/www.escapadarural.com\/blog\/cabanas-en-el-campo-primavera\/\" \/>\n<meta property=\"og:site_name\" content=\"Magazine de viajes de EscapadaRural\" \/>\n<meta property=\"article:publisher\" content=\"https:\/\/www.facebook.com\/escapadarural\" \/>\n<meta property=\"article:published_time\" content=\"2026-03-11T09:20:33+00:00\" \/>\n<meta property=\"article:modified_time\" content=\"2026-03-17T14:54:55+00:00\" \/>\n<meta property=\"og:image\" content=\"https:\/\/www.escapadarural.com\/blog\/wp-content\/uploads\/2026\/02\/Cabanas-de-Carmen-scaled.jpg?v=1773759296\" \/>\n\t<meta property=\"og:image:width\" content=\"2048\" \/>\n\t<meta property=\"og:image:height\" content=\"1150\" \/>\n\t<meta property=\"og:image:type\" content=\"image\/jpeg\" \/>\n<meta name=\"author\" content=\"Laura Fern\u00e1ndez\" \/>\n<meta name=\"twitter:card\" content=\"summary_large_image\" \/>\n<meta name=\"twitter:label1\" content=\"Escrito por\" \/>\n\t<meta name=\"twitter:data1\" content=\"Laura Fern\u00e1ndez\" \/>\n\t<meta name=\"twitter:label2\" content=\"Tiempo de lectura\" \/>\n\t<meta name=\"twitter:data2\" content=\"5 minutos\" \/>\n<script type=\"application\/ld+json\" class=\"yoast-schema-graph\">{\"@context\":\"https:\\\/\\\/schema.org\",\"@graph\":[{\"@type\":\"Article\",\"@id\":\"https:\\\/\\\/www.escapadarural.com\\\/blog\\\/cabanas-en-el-campo-primavera\\\/#article\",\"isPartOf\":{\"@id\":\"https:\\\/\\\/www.escapadarural.com\\\/blog\\\/cabanas-en-el-campo-primavera\\\/\"},\"author\":{\"name\":\"Laura Fern\u00e1ndez\",\"@id\":\"https:\\\/\\\/www.escapadarural.com\\\/blog\\\/#\\\/schema\\\/person\\\/a9b46ae4d047d8a2c719f31e75206cff\"},\"headline\":\"Caba\u00f1as en el campo para escaparnos esta primavera (y no querer volver) \ud83c\udf38\",\"datePublished\":\"2026-03-11T09:20:33+00:00\",\"dateModified\":\"2026-03-17T14:54:55+00:00\",\"mainEntityOfPage\":{\"@id\":\"https:\\\/\\\/www.escapadarural.com\\\/blog\\\/cabanas-en-el-campo-primavera\\\/\"},\"wordCount\":1039,\"commentCount\":0,\"publisher\":{\"@id\":\"https:\\\/\\\/www.escapadarural.com\\\/blog\\\/#organization\"},\"image\":{\"@id\":\"https:\\\/\\\/www.escapadarural.com\\\/blog\\\/cabanas-en-el-campo-primavera\\\/#primaryimage\"},\"thumbnailUrl\":\"https:\\\/\\\/www.escapadarural.com\\\/blog\\\/wp-content\\\/uploads\\\/2026\\\/02\\\/Cabanas-de-Carmen-scaled.jpg\",\"keywords\":[\"A Coru\u00f1a\",\"amigos\",\"Asturias\",\"\u00c1vila\",\"Caba\u00f1as\",\"C\u00e1diz\",\"Cantabria\",\"Casas rurales\",\"Familia\",\"Listado\",\"Pareja\",\"Primavera\",\"Segovia\",\"Toledo\"],\"articleSection\":[\"Alojamientos rurales\",\"Destinos\"],\"inLanguage\":\"es\",\"potentialAction\":[{\"@type\":\"CommentAction\",\"name\":\"Comment\",\"target\":[\"https:\\\/\\\/www.escapadarural.com\\\/blog\\\/cabanas-en-el-campo-primavera\\\/#respond\"]}]},{\"@type\":\"WebPage\",\"@id\":\"https:\\\/\\\/www.escapadarural.com\\\/blog\\\/cabanas-en-el-campo-primavera\\\/\",\"url\":\"https:\\\/\\\/www.escapadarural.com\\\/blog\\\/cabanas-en-el-campo-primavera\\\/\",\"name\":\"Caba\u00f1as en el campo para escaparnos esta primavera (y no querer volver) \ud83c\udf38 - EscapadaRural\",\"isPartOf\":{\"@id\":\"https:\\\/\\\/www.escapadarural.com\\\/blog\\\/#website\"},\"primaryImageOfPage\":{\"@id\":\"https:\\\/\\\/www.escapadarural.com\\\/blog\\\/cabanas-en-el-campo-primavera\\\/#primaryimage\"},\"image\":{\"@id\":\"https:\\\/\\\/www.escapadarural.com\\\/blog\\\/cabanas-en-el-campo-primavera\\\/#primaryimage\"},\"thumbnailUrl\":\"https:\\\/\\\/www.escapadarural.com\\\/blog\\\/wp-content\\\/uploads\\\/2026\\\/02\\\/Cabanas-de-Carmen-scaled.jpg\",\"datePublished\":\"2026-03-11T09:20:33+00:00\",\"dateModified\":\"2026-03-17T14:54:55+00:00\",\"description\":\"Esta primavera, el plan est\u00e1 en estas caba\u00f1as entre huertos, bosques y sol para recargar energ\u00eda y desconectar del mundo.\",\"breadcrumb\":{\"@id\":\"https:\\\/\\\/www.escapadarural.com\\\/blog\\\/cabanas-en-el-campo-primavera\\\/#breadcrumb\"},\"inLanguage\":\"es\",\"potentialAction\":[{\"@type\":\"ReadAction\",\"target\":[\"https:\\\/\\\/www.escapadarural.com\\\/blog\\\/cabanas-en-el-campo-primavera\\\/\"]}]},{\"@type\":\"ImageObject\",\"inLanguage\":\"es\",\"@id\":\"https:\\\/\\\/www.escapadarural.com\\\/blog\\\/cabanas-en-el-campo-primavera\\\/#primaryimage\",\"url\":\"https:\\\/\\\/www.escapadarural.com\\\/blog\\\/wp-content\\\/uploads\\\/2026\\\/02\\\/Cabanas-de-Carmen-scaled.jpg\",\"contentUrl\":\"https:\\\/\\\/www.escapadarural.com\\\/blog\\\/wp-content\\\/uploads\\\/2026\\\/02\\\/Cabanas-de-Carmen-scaled.jpg\",\"width\":2048,\"height\":1150,\"caption\":\"Cabanas de Carmen (A Coru\u00f1a)\"},{\"@type\":\"BreadcrumbList\",\"@id\":\"https:\\\/\\\/www.escapadarural.com\\\/blog\\\/cabanas-en-el-campo-primavera\\\/#breadcrumb\",\"itemListElement\":[{\"@type\":\"ListItem\",\"position\":1,\"name\":\"Inicio\",\"item\":\"https:\\\/\\\/www.escapadarural.com\\\/blog\\\/\"},{\"@type\":\"ListItem\",\"position\":2,\"name\":\"Alojamientos rurales\",\"item\":\"https:\\\/\\\/www.escapadarural.com\\\/blog\\\/categoria\\\/alojamientos-rurales\\\/\"},{\"@type\":\"ListItem\",\"position\":3,\"name\":\"Caba\u00f1as en el campo para escaparnos esta primavera (y no querer volver) \ud83c\udf38\"}]},{\"@type\":\"WebSite\",\"@id\":\"https:\\\/\\\/www.escapadarural.com\\\/blog\\\/#website\",\"url\":\"https:\\\/\\\/www.escapadarural.com\\\/blog\\\/\",\"name\":\"Blog de viajes | turismo rural, alojamientos e inspiraci\u00f3n\",\"description\":\"Alojamientos rurales e inspiraci\u00f3n para tus escapadas\",\"publisher\":{\"@id\":\"https:\\\/\\\/www.escapadarural.com\\\/blog\\\/#organization\"},\"alternateName\":\"Magazine de viajes de EscapadaRural\",\"potentialAction\":[{\"@type\":\"SearchAction\",\"target\":{\"@type\":\"EntryPoint\",\"urlTemplate\":\"https:\\\/\\\/www.escapadarural.com\\\/blog\\\/?s={search_term_string}\"},\"query-input\":{\"@type\":\"PropertyValueSpecification\",\"valueRequired\":true,\"valueName\":\"search_term_string\"}}],\"inLanguage\":\"es\"},{\"@type\":\"Organization\",\"@id\":\"https:\\\/\\\/www.escapadarural.com\\\/blog\\\/#organization\",\"name\":\"EscapadaRural\",\"url\":\"https:\\\/\\\/www.escapadarural.com\\\/blog\\\/\",\"logo\":{\"@type\":\"ImageObject\",\"inLanguage\":\"es\",\"@id\":\"https:\\\/\\\/www.escapadarural.com\\\/blog\\\/#\\\/schema\\\/logo\\\/image\\\/\",\"url\":\"https:\\\/\\\/www.escapadarural.com\\\/blog\\\/wp-content\\\/uploads\\\/2024\\\/10\\\/cropped-cropped-escapada-rural-icon-mag-3.png\",\"contentUrl\":\"https:\\\/\\\/www.escapadarural.com\\\/blog\\\/wp-content\\\/uploads\\\/2024\\\/10\\\/cropped-cropped-escapada-rural-icon-mag-3.png\",\"width\":512,\"height\":512,\"caption\":\"EscapadaRural\"},\"image\":{\"@id\":\"https:\\\/\\\/www.escapadarural.com\\\/blog\\\/#\\\/schema\\\/logo\\\/image\\\/\"},\"sameAs\":[\"https:\\\/\\\/www.facebook.com\\\/escapadarural\",\"https:\\\/\\\/www.instagram.com\\\/escapadarural\\\/\",\"https:\\\/\\\/www.youtube.com\\\/@escapadaruralcom\"]},{\"@type\":\"Person\",\"@id\":\"https:\\\/\\\/www.escapadarural.com\\\/blog\\\/#\\\/schema\\\/person\\\/a9b46ae4d047d8a2c719f31e75206cff\",\"name\":\"Laura Fern\u00e1ndez\",\"image\":{\"@type\":\"ImageObject\",\"inLanguage\":\"es\",\"@id\":\"https:\\\/\\\/www.escapadarural.com\\\/blog\\\/wp-content\\\/uploads\\\/2025\\\/01\\\/cropped-laura_raponchii-96x96.jpg\",\"url\":\"https:\\\/\\\/www.escapadarural.com\\\/blog\\\/wp-content\\\/uploads\\\/2025\\\/01\\\/cropped-laura_raponchii-96x96.jpg\",\"contentUrl\":\"https:\\\/\\\/www.escapadarural.com\\\/blog\\\/wp-content\\\/uploads\\\/2025\\\/01\\\/cropped-laura_raponchii-96x96.jpg\",\"caption\":\"Laura Fern\u00e1ndez\"},\"description\":\"Periodista, blogger y viajera. No necesariamente en ese orden. En ocasiones me despierto sin saber d\u00f3nde estoy. Adicta a los c\u00f3mics y a los noodles con salsa de cacahuete. Redactora en @escapadarural, colaboradora en la Conde Nast Traveler y en la Divinity. Mi casa: Meridiano180.\",\"sameAs\":[\"http:\\\/\\\/www.meridiano180.com\\\/\"],\"url\":\"https:\\\/\\\/www.escapadarural.com\\\/blog\\\/autor\\\/laura\\\/\"}]}<\/script>\n<!-- \/ Yoast SEO plugin. -->","yoast_head_json":{"title":"Caba\u00f1as en el campo para escaparnos esta primavera (y no querer volver) \ud83c\udf38 - EscapadaRural","description":"Esta primavera, el plan est\u00e1 en estas caba\u00f1as entre huertos, bosques y sol para recargar energ\u00eda y desconectar del mundo.","robots":{"index":"index","follow":"follow","max-snippet":"max-snippet:-1","max-image-preview":"max-image-preview:large","max-video-preview":"max-video-preview:-1"},"canonical":"https:\/\/www.escapadarural.com\/blog\/cabanas-en-el-campo-primavera\/","og_locale":"es_ES","og_type":"article","og_title":"Caba\u00f1as en el campo para escaparnos esta primavera (y no querer volver) \ud83c\udf38 - EscapadaRural","og_description":"Esta primavera, el plan est\u00e1 en estas caba\u00f1as entre huertos, bosques y sol para recargar energ\u00eda y desconectar del mundo.","og_url":"https:\/\/www.escapadarural.com\/blog\/cabanas-en-el-campo-primavera\/","og_site_name":"Magazine de viajes de EscapadaRural","article_publisher":"https:\/\/www.facebook.com\/escapadarural","article_published_time":"2026-03-11T09:20:33+00:00","article_modified_time":"2026-03-17T14:54:55+00:00","og_image":[{"width":2048,"height":1150,"url":"https:\/\/www.escapadarural.com\/blog\/wp-content\/uploads\/2026\/02\/Cabanas-de-Carmen-scaled.jpg?v=1773759296","type":"image\/jpeg"}],"author":"Laura Fern\u00e1ndez","twitter_card":"summary_large_image","twitter_misc":{"Escrito por":"Laura Fern\u00e1ndez","Tiempo de lectura":"5 minutos"},"schema":{"@context":"https:\/\/schema.org","@graph":[{"@type":"Article","@id":"https:\/\/www.escapadarural.com\/blog\/cabanas-en-el-campo-primavera\/#article","isPartOf":{"@id":"https:\/\/www.escapadarural.com\/blog\/cabanas-en-el-campo-primavera\/"},"author":{"name":"Laura Fern\u00e1ndez","@id":"https:\/\/www.escapadarural.com\/blog\/#\/schema\/person\/a9b46ae4d047d8a2c719f31e75206cff"},"headline":"Caba\u00f1as en el campo para escaparnos esta primavera (y no querer volver) \ud83c\udf38","datePublished":"2026-03-11T09:20:33+00:00","dateModified":"2026-03-17T14:54:55+00:00","mainEntityOfPage":{"@id":"https:\/\/www.escapadarural.com\/blog\/cabanas-en-el-campo-primavera\/"},"wordCount":1039,"commentCount":0,"publisher":{"@id":"https:\/\/www.escapadarural.com\/blog\/#organization"},"image":{"@id":"https:\/\/www.escapadarural.com\/blog\/cabanas-en-el-campo-primavera\/#primaryimage"},"thumbnailUrl":"https:\/\/www.escapadarural.com\/blog\/wp-content\/uploads\/2026\/02\/Cabanas-de-Carmen-scaled.jpg","keywords":["A Coru\u00f1a","amigos","Asturias","\u00c1vila","Caba\u00f1as","C\u00e1diz","Cantabria","Casas rurales","Familia","Listado","Pareja","Primavera","Segovia","Toledo"],"articleSection":["Alojamientos rurales","Destinos"],"inLanguage":"es","potentialAction":[{"@type":"CommentAction","name":"Comment","target":["https:\/\/www.escapadarural.com\/blog\/cabanas-en-el-campo-primavera\/#respond"]}]},{"@type":"WebPage","@id":"https:\/\/www.escapadarural.com\/blog\/cabanas-en-el-campo-primavera\/","url":"https:\/\/www.escapadarural.com\/blog\/cabanas-en-el-campo-primavera\/","name":"Caba\u00f1as en el campo para escaparnos esta primavera (y no querer volver) \ud83c\udf38 - EscapadaRural","isPartOf":{"@id":"https:\/\/www.escapadarural.com\/blog\/#website"},"primaryImageOfPage":{"@id":"https:\/\/www.escapadarural.com\/blog\/cabanas-en-el-campo-primavera\/#primaryimage"},"image":{"@id":"https:\/\/www.escapadarural.com\/blog\/cabanas-en-el-campo-primavera\/#primaryimage"},"thumbnailUrl":"https:\/\/www.escapadarural.com\/blog\/wp-content\/uploads\/2026\/02\/Cabanas-de-Carmen-scaled.jpg","datePublished":"2026-03-11T09:20:33+00:00","dateModified":"2026-03-17T14:54:55+00:00","description":"Esta primavera, el plan est\u00e1 en estas caba\u00f1as entre huertos, bosques y sol para recargar energ\u00eda y desconectar del mundo.","breadcrumb":{"@id":"https:\/\/www.escapadarural.com\/blog\/cabanas-en-el-campo-primavera\/#breadcrumb"},"inLanguage":"es","potentialAction":[{"@type":"ReadAction","target":["https:\/\/www.escapadarural.com\/blog\/cabanas-en-el-campo-primavera\/"]}]},{"@type":"ImageObject","inLanguage":"es","@id":"https:\/\/www.escapadarural.com\/blog\/cabanas-en-el-campo-primavera\/#primaryimage","url":"https:\/\/www.escapadarural.com\/blog\/wp-content\/uploads\/2026\/02\/Cabanas-de-Carmen-scaled.jpg","contentUrl":"https:\/\/www.escapadarural.com\/blog\/wp-content\/uploads\/2026\/02\/Cabanas-de-Carmen-scaled.jpg","width":2048,"height":1150,"caption":"Cabanas de Carmen (A Coru\u00f1a)"},{"@type":"BreadcrumbList","@id":"https:\/\/www.escapadarural.com\/blog\/cabanas-en-el-campo-primavera\/#breadcrumb","itemListElement":[{"@type":"ListItem","position":1,"name":"Inicio","item":"https:\/\/www.escapadarural.com\/blog\/"},{"@type":"ListItem","position":2,"name":"Alojamientos rurales","item":"https:\/\/www.escapadarural.com\/blog\/categoria\/alojamientos-rurales\/"},{"@type":"ListItem","position":3,"name":"Caba\u00f1as en el campo para escaparnos esta primavera (y no querer volver) \ud83c\udf38"}]},{"@type":"WebSite","@id":"https:\/\/www.escapadarural.com\/blog\/#website","url":"https:\/\/www.escapadarural.com\/blog\/","name":"Blog de viajes | turismo rural, alojamientos e inspiraci\u00f3n","description":"Alojamientos rurales e inspiraci\u00f3n para tus escapadas","publisher":{"@id":"https:\/\/www.escapadarural.com\/blog\/#organization"},"alternateName":"Magazine de viajes de EscapadaRural","potentialAction":[{"@type":"SearchAction","target":{"@type":"EntryPoint","urlTemplate":"https:\/\/www.escapadarural.com\/blog\/?s={search_term_string}"},"query-input":{"@type":"PropertyValueSpecification","valueRequired":true,"valueName":"search_term_string"}}],"inLanguage":"es"},{"@type":"Organization","@id":"https:\/\/www.escapadarural.com\/blog\/#organization","name":"EscapadaRural","url":"https:\/\/www.escapadarural.com\/blog\/","logo":{"@type":"ImageObject","inLanguage":"es","@id":"https:\/\/www.escapadarural.com\/blog\/#\/schema\/logo\/image\/","url":"https:\/\/www.escapadarural.com\/blog\/wp-content\/uploads\/2024\/10\/cropped-cropped-escapada-rural-icon-mag-3.png","contentUrl":"https:\/\/www.escapadarural.com\/blog\/wp-content\/uploads\/2024\/10\/cropped-cropped-escapada-rural-icon-mag-3.png","width":512,"height":512,"caption":"EscapadaRural"},"image":{"@id":"https:\/\/www.escapadarural.com\/blog\/#\/schema\/logo\/image\/"},"sameAs":["https:\/\/www.facebook.com\/escapadarural","https:\/\/www.instagram.com\/escapadarural\/","https:\/\/www.youtube.com\/@escapadaruralcom"]},{"@type":"Person","@id":"https:\/\/www.escapadarural.com\/blog\/#\/schema\/person\/a9b46ae4d047d8a2c719f31e75206cff","name":"Laura Fern\u00e1ndez","image":{"@type":"ImageObject","inLanguage":"es","@id":"https:\/\/www.escapadarural.com\/blog\/wp-content\/uploads\/2025\/01\/cropped-laura_raponchii-96x96.jpg","url":"https:\/\/www.escapadarural.com\/blog\/wp-content\/uploads\/2025\/01\/cropped-laura_raponchii-96x96.jpg","contentUrl":"https:\/\/www.escapadarural.com\/blog\/wp-content\/uploads\/2025\/01\/cropped-laura_raponchii-96x96.jpg","caption":"Laura Fern\u00e1ndez"},"description":"Periodista, blogger y viajera. No necesariamente en ese orden. En ocasiones me despierto sin saber d\u00f3nde estoy. Adicta a los c\u00f3mics y a los noodles con salsa de cacahuete. Redactora en @escapadarural, colaboradora en la Conde Nast Traveler y en la Divinity. Mi casa: Meridiano180.","sameAs":["http:\/\/www.meridiano180.com\/"],"url":"https:\/\/www.escapadarural.com\/blog\/autor\/laura\/"}]}},"_links":{"self":[{"href":"https:\/\/www.escapadarural.com\/blog\/wp-json\/wp\/v2\/posts\/214325","targetHints":{"allow":["GET"]}}],"collection":[{"href":"https:\/\/www.escapadarural.com\/blog\/wp-json\/wp\/v2\/posts"}],"about":[{"href":"https:\/\/www.escapadarural.com\/blog\/wp-json\/wp\/v2\/types\/post"}],"author":[{"embeddable":true,"href":"https:\/\/www.escapadarural.com\/blog\/wp-json\/wp\/v2\/users\/89"}],"replies":[{"embeddable":true,"href":"https:\/\/www.escapadarural.com\/blog\/wp-json\/wp\/v2\/comments?post=214325"}],"version-history":[{"count":0,"href":"https:\/\/www.escapadarural.com\/blog\/wp-json\/wp\/v2\/posts\/214325\/revisions"}],"wp:featuredmedia":[{"embeddable":true,"href":"https:\/\/www.escapadarural.com\/blog\/wp-json\/wp\/v2\/media\/214335"}],"wp:attachment":[{"href":"https:\/\/www.escapadarural.com\/blog\/wp-json\/wp\/v2\/media?parent=214325"}],"wp:term":[{"taxonomy":"category","embeddable":true,"href":"https:\/\/www.escapadarural.com\/blog\/wp-json\/wp\/v2\/categories?post=214325"},{"taxonomy":"post_tag","embeddable":true,"href":"https:\/\/www.escapadarural.com\/blog\/wp-json\/wp\/v2\/tags?post=214325"}],"curies":[{"name":"wp","href":"https:\/\/api.w.org\/{rel}","templated":true}]}}