{"id":214622,"date":"2026-03-15T12:35:31","date_gmt":"2026-03-15T11:35:31","guid":{"rendered":"https:\/\/www.escapadarural.com\/blog\/?p=214622"},"modified":"2026-03-17T16:14:09","modified_gmt":"2026-03-17T15:14:09","slug":"maravillas-medievales-de-espana","status":"publish","type":"post","link":"https:\/\/www.escapadarural.com\/blog\/maravillas-medievales-de-espana\/","title":{"rendered":"Las 8 maravillas medievales que no te puedes perder"},"content":{"rendered":"\n<p>Si te apetece una escapada que te haga transportarte en el tiempo, para ver murallas, castillos, callejuelas de piedra y vistas que te hacen parar, atento a este listado. Te propongo <strong>8 destinos con alma medieval<\/strong> repartidos por Espa\u00f1a, perfectos para un fin de semana diferente. Y como el plan no se disfruta igual si vas corriendo, en cada parada te dejo una casa rural sugerida para que reserves, te instales a gusto y vivas la experiencia completa.<\/p>\n\n\n\n<div class=\"wp-block-buttons is-layout-flex wp-block-buttons-is-layout-flex\">\n<div class=\"wp-block-button\"><a class=\"wp-block-button__link wp-element-button\" href=\"\/casas-rurales\">Encuentra tu alojamiento<\/a><\/div>\n<\/div>\n\n\n\n<h2 class=\"wp-block-heading\"><strong>Alarc\u00f3n (<a href=\"\/casas-rurales\/cuenca\">Cuenca<\/a><\/strong>)<\/h2>\n\n\n\n<figure class=\"wp-block-image size-large\"><img loading=\"lazy\" decoding=\"async\" width=\"1024\" height=\"683\" src=\"https:\/\/www.escapadarural.com\/blog\/wp-content\/uploads\/2022\/11\/alarcon_AdobeStock_647807137-1024x683.jpeg\" alt=\"Castillo de Alarc\u00f3n. Por Germ\u00e1n Zeiler\" class=\"wp-image-184544\" srcset=\"https:\/\/www.escapadarural.com\/blog\/wp-content\/uploads\/2022\/11\/alarcon_AdobeStock_647807137-200x133.jpeg 200w, https:\/\/www.escapadarural.com\/blog\/wp-content\/uploads\/2022\/11\/alarcon_AdobeStock_647807137-300x200.jpeg 300w, https:\/\/www.escapadarural.com\/blog\/wp-content\/uploads\/2022\/11\/alarcon_AdobeStock_647807137-400x267.jpeg 400w, https:\/\/www.escapadarural.com\/blog\/wp-content\/uploads\/2022\/11\/alarcon_AdobeStock_647807137-600x400.jpeg 600w, https:\/\/www.escapadarural.com\/blog\/wp-content\/uploads\/2022\/11\/alarcon_AdobeStock_647807137-768x512.jpeg 768w, https:\/\/www.escapadarural.com\/blog\/wp-content\/uploads\/2022\/11\/alarcon_AdobeStock_647807137-800x533.jpeg 800w, https:\/\/www.escapadarural.com\/blog\/wp-content\/uploads\/2022\/11\/alarcon_AdobeStock_647807137-1024x683.jpeg 1024w, https:\/\/www.escapadarural.com\/blog\/wp-content\/uploads\/2022\/11\/alarcon_AdobeStock_647807137-1200x800.jpeg 1200w, https:\/\/www.escapadarural.com\/blog\/wp-content\/uploads\/2022\/11\/alarcon_AdobeStock_647807137-1536x1024.jpeg 1536w\" sizes=\"auto, (max-width: 1024px) 100vw, 1024px\" \/><figcaption class=\"wp-element-caption\">Castillo de Alarc\u00f3n. Por Germ\u00e1n Zeiler<\/figcaption><\/figure>\n\n\n\n<p>Alarc\u00f3n, en la provincia de Cuenca, es de esas villas que impresionan incluso antes de entrar. Aparece elevada sobre un meandro del <strong>r\u00edo J\u00facar<\/strong>, como una isla de piedra que protege su tesoro. El castillo manda, y se nota. Pero lo mejor es perderse por sus callejuelas y descubrir que, en un espacio peque\u00f1o, hay iglesias, casonas y rincones que hablan de siglos de historia. Llegar por primera vez, por la \u00fanica carretera de acceso, y encontrarse de bruces con el conjunto recortado sobre ese paisaje, es un momentazo \u00fanico.<\/p>\n\n\n\n<p>As\u00ed que para no perder detalle, la <strong><a href=\"\/casa-rural\/cuenca\/dehesa-vieja-casa-rural\">Dehesa Vieja Casa Rural<\/a><\/strong> te espera. Junto al pantano de Alarc\u00f3n, esta casa de campo reformada dispone de jard\u00edn con pinar y porche, piscina y sol\u00e1rium, barbacoa, parque infantil, fuente y cenadores. Ideal para reservar un fin de semana y alternar vistas medievales con descanso de verdad.<\/p>\n\n\n\n<div class=\"wp-block-buttons is-layout-flex wp-block-buttons-is-layout-flex\">\n<div class=\"wp-block-button\"><a class=\"wp-block-button__link wp-element-button\" href=\"\/casa-rural\/cuenca\/dehesa-vieja-casa-rural\">Reservar<\/a><\/div>\n<\/div>\n\n\n\n<h2 class=\"wp-block-heading\"><strong>Castro Caldelas (<a href=\"\/casas-rurales\/ourense\">Ourense<\/a><\/strong>)<\/h2>\n\n\n\n<figure class=\"wp-block-image size-large\"><img loading=\"lazy\" decoding=\"async\" width=\"1024\" height=\"767\" src=\"https:\/\/www.escapadarural.com\/blog\/wp-content\/uploads\/2026\/03\/AdobeStock_635917669-1024x767.jpeg\" alt=\"Vista a\u00e9rea de un castillo medieval de piedra con torres, rodeado de casas de tejados rojos y verdes colinas al fondo bajo un cielo despejado.\" class=\"wp-image-214638\" srcset=\"https:\/\/www.escapadarural.com\/blog\/wp-content\/uploads\/2026\/03\/AdobeStock_635917669-200x150.jpeg 200w, https:\/\/www.escapadarural.com\/blog\/wp-content\/uploads\/2026\/03\/AdobeStock_635917669-300x225.jpeg 300w, https:\/\/www.escapadarural.com\/blog\/wp-content\/uploads\/2026\/03\/AdobeStock_635917669-400x300.jpeg 400w, https:\/\/www.escapadarural.com\/blog\/wp-content\/uploads\/2026\/03\/AdobeStock_635917669-600x449.jpeg 600w, https:\/\/www.escapadarural.com\/blog\/wp-content\/uploads\/2026\/03\/AdobeStock_635917669-768x575.jpeg 768w, https:\/\/www.escapadarural.com\/blog\/wp-content\/uploads\/2026\/03\/AdobeStock_635917669-800x599.jpeg 800w, https:\/\/www.escapadarural.com\/blog\/wp-content\/uploads\/2026\/03\/AdobeStock_635917669-1024x767.jpeg 1024w, https:\/\/www.escapadarural.com\/blog\/wp-content\/uploads\/2026\/03\/AdobeStock_635917669-1200x899.jpeg 1200w, https:\/\/www.escapadarural.com\/blog\/wp-content\/uploads\/2026\/03\/AdobeStock_635917669-1536x1150.jpeg 1536w\" sizes=\"auto, (max-width: 1024px) 100vw, 1024px\" \/><figcaption class=\"wp-element-caption\">Castro Caldelas. Por KarSol<\/figcaption><\/figure>\n\n\n\n<p>Nos trasladamos hasta el municipio gallego de Castro Caldelas para meternos de lleno en la Edad Media. Su casco antiguo, declarado <strong>Conjunto Hist\u00f3rico-Art\u00edstico<\/strong>, te lo pone f\u00e1cil: calles empedradas, casas de piedra con galer\u00edas y escudos, y esa subida serpenteante hacia el castillo que es un viaje en el tiempo. La fortaleza conserva muy bien sus elementos m\u00e1s ic\u00f3nicos y, desde lo alto, el pueblo se entiende estrat\u00e9gico, bonito y con car\u00e1cter.<\/p>\n\n\n\n<p>A 8 km, en Cerdeira, la <strong><a href=\"\/casa-rural\/ourense\/casa-do-comediante\">Casa do Comediante<\/a><\/strong> es una opci\u00f3n comod\u00edsima si vais en familia grande o en grupo. Son seis apartamentos dentro de una edificaci\u00f3n tradicional cuidadosamente restaurada, con 12 habitaciones y capacidad de hasta 40 personas. Es el t\u00edpico alojamiento que se reserva para juntarse, tener espacio y disfrutar de la provincia de Ourense sin prisas.<\/p>\n\n\n\n<div class=\"wp-block-buttons is-layout-flex wp-block-buttons-is-layout-flex\">\n<div class=\"wp-block-button\"><a class=\"wp-block-button__link wp-element-button\" href=\"\/casa-rural\/ourense\/casa-do-comediante\">Reservar<\/a><\/div>\n<\/div>\n\n\n\n<h2 class=\"wp-block-heading\"><strong>Sos del Rey Cat\u00f3lico (<a href=\"\/casas-rurales\/zaragoza\">Zaragoza<\/a><\/strong>)<\/h2>\n\n\n\n<figure class=\"wp-block-image size-large\"><img loading=\"lazy\" decoding=\"async\" width=\"1024\" height=\"748\" src=\"https:\/\/www.escapadarural.com\/blog\/wp-content\/uploads\/2026\/03\/AdobeStock_465122807-1024x748.jpeg\" alt=\"Una estrecha calle adoquinada bordeada de r\u00fasticos edificios de piedra, balcones de madera y portales arqueados bajo un cielo azul brillante en un pueblo pintoresco y soleado.\" class=\"wp-image-214645\" srcset=\"https:\/\/www.escapadarural.com\/blog\/wp-content\/uploads\/2026\/03\/AdobeStock_465122807-200x146.jpeg 200w, https:\/\/www.escapadarural.com\/blog\/wp-content\/uploads\/2026\/03\/AdobeStock_465122807-300x219.jpeg 300w, https:\/\/www.escapadarural.com\/blog\/wp-content\/uploads\/2026\/03\/AdobeStock_465122807-400x292.jpeg 400w, https:\/\/www.escapadarural.com\/blog\/wp-content\/uploads\/2026\/03\/AdobeStock_465122807-600x438.jpeg 600w, https:\/\/www.escapadarural.com\/blog\/wp-content\/uploads\/2026\/03\/AdobeStock_465122807-768x561.jpeg 768w, https:\/\/www.escapadarural.com\/blog\/wp-content\/uploads\/2026\/03\/AdobeStock_465122807-800x584.jpeg 800w, https:\/\/www.escapadarural.com\/blog\/wp-content\/uploads\/2026\/03\/AdobeStock_465122807-1024x748.jpeg 1024w, https:\/\/www.escapadarural.com\/blog\/wp-content\/uploads\/2026\/03\/AdobeStock_465122807-1200x876.jpeg 1200w, https:\/\/www.escapadarural.com\/blog\/wp-content\/uploads\/2026\/03\/AdobeStock_465122807-1536x1122.jpeg 1536w\" sizes=\"auto, (max-width: 1024px) 100vw, 1024px\" \/><figcaption class=\"wp-element-caption\">Sos del Rey Cat\u00f3lico. Por cribea<\/figcaption><\/figure>\n\n\n\n<p>En la provincia de Zaragoza, <strong>Sos del Rey Cat\u00f3lico<\/strong> es de esos pueblos que se caminan despacio porque cada esquina es una postal. Antiguo, amurallado y con uno de los conjuntos medievales m\u00e1s bonitos de Arag\u00f3n, su encanto est\u00e1 en lo sencillo: callejuelas estrechas, piedra, rincones con historia y un ambiente que te transporta. Adem\u00e1s, su nombre no es casual, aqu\u00ed naci\u00f3 Fernando el Cat\u00f3lico, y el pueblo conserva ese aire de \u201clugar importante\u201d.<\/p>\n\n\n\n<p>Para alojarte, <strong><a href=\"\/casa-rural\/navarra\/el-pinar-de-bardena\">El Pinar de Bardena<\/a><\/strong> (a 12 km, en San Isidro del Pinar-C\u00e1seda) encaja perfecto si busc\u00e1is una casa completa. Tiene 6 habitaciones, chimenea, dos comedores y dos asadores, con todo lo necesario para que el plan en grupo funcione.<\/p>\n\n\n\n<div class=\"wp-block-buttons is-layout-flex wp-block-buttons-is-layout-flex\">\n<div class=\"wp-block-button\"><a class=\"wp-block-button__link wp-element-button\" href=\"\/casa-rural\/navarra\/el-pinar-de-bardena\">Reservar<\/a><\/div>\n<\/div>\n\n\n\n<h2 class=\"wp-block-heading\"><strong>Artajona (<a href=\"\/casas-rurales\/navarra\">Navarra<\/a><\/strong>)<\/h2>\n\n\n\n<figure class=\"wp-block-image size-full\"><img loading=\"lazy\" decoding=\"async\" width=\"1024\" height=\"576\" src=\"https:\/\/www.escapadarural.com\/blog\/wp-content\/uploads\/2024\/10\/Portada-Artajona-1024x576-2.jpg\" alt=\"Un campo de girasoles en flor se extiende frente a una hist\u00f3rica fortaleza de piedra con torres y murallas bajo un cielo parcialmente nublado al atardecer.\" class=\"wp-image-93444\" srcset=\"https:\/\/www.escapadarural.com\/blog\/wp-content\/uploads\/2024\/10\/Portada-Artajona-1024x576-2-200x113.jpg 200w, https:\/\/www.escapadarural.com\/blog\/wp-content\/uploads\/2024\/10\/Portada-Artajona-1024x576-2-300x169.jpg 300w, https:\/\/www.escapadarural.com\/blog\/wp-content\/uploads\/2024\/10\/Portada-Artajona-1024x576-2-400x225.jpg 400w, https:\/\/www.escapadarural.com\/blog\/wp-content\/uploads\/2024\/10\/Portada-Artajona-1024x576-2-600x338.jpg 600w, https:\/\/www.escapadarural.com\/blog\/wp-content\/uploads\/2024\/10\/Portada-Artajona-1024x576-2-768x432.jpg 768w, https:\/\/www.escapadarural.com\/blog\/wp-content\/uploads\/2024\/10\/Portada-Artajona-1024x576-2-800x450.jpg 800w, https:\/\/www.escapadarural.com\/blog\/wp-content\/uploads\/2024\/10\/Portada-Artajona-1024x576-2.jpg 1024w\" sizes=\"auto, (max-width: 1024px) 100vw, 1024px\" \/><\/figure>\n\n\n\n<p>Nos escapamos hasta Artajona, en Navarra, para conocer <strong>El Cerco<\/strong>. Una joya medieval que se ve desde lejos, con murallas y torres que todav\u00eda hoy te hacen imaginar batallas y asedios. Entrar ah\u00ed arriba es como cruzar de siglo. Y domin\u00e1ndolo todo est\u00e1 la iglesia-fortaleza de San Saturnino, con ese aspecto defensivo que impresiona: muros altos, torre vig\u00eda y una cubierta pensada con l\u00f3gica medieval (s\u00ed, incluso para canalizar el agua).<\/p>\n\n\n\n<p>Para quedarte cerca, <strong><a href=\"\/casa-rural\/navarra\/casa-rural-los-corrales\">Casa Rural Los Corrales<\/a><\/strong> (a 9 km, en A\u00f1orbe) es una opci\u00f3n muy familiar y pr\u00e1ctica. Tiene 6 habitaciones, 2 salones amplios, 2 ba\u00f1os y cocina equipada; y fuera, jard\u00edn privado, piscina y barbacoa.<\/p>\n\n\n\n<div class=\"wp-block-buttons is-layout-flex wp-block-buttons-is-layout-flex\">\n<div class=\"wp-block-button\"><a class=\"wp-block-button__link wp-element-button\" href=\"\/casa-rural\/navarra\/casa-rural-los-corrales\">Reservar<\/a><\/div>\n<\/div>\n\n\n\n<h2 class=\"wp-block-heading\"><strong>Cu\u00e9llar (<a href=\"\/casas-rurales\/segovia\">Segovia<\/a><\/strong>)<\/h2>\n\n\n\n<figure class=\"wp-block-image size-large\"><img loading=\"lazy\" decoding=\"async\" width=\"1024\" height=\"576\" src=\"https:\/\/www.escapadarural.com\/blog\/wp-content\/uploads\/2026\/03\/AdobeStock_625536640-1024x576.jpeg\" alt=\"Vista a\u00e9rea de un gran castillo hist\u00f3rico de piedra con torres y murallas fortificadas, rodeado por una peque\u00f1a ciudad con tejados de tejas rojas y campos verdes abiertos al fondo bajo un cielo parcialmente nublado.\" class=\"wp-image-214646\" srcset=\"https:\/\/www.escapadarural.com\/blog\/wp-content\/uploads\/2026\/03\/AdobeStock_625536640-200x113.jpeg 200w, https:\/\/www.escapadarural.com\/blog\/wp-content\/uploads\/2026\/03\/AdobeStock_625536640-300x169.jpeg 300w, https:\/\/www.escapadarural.com\/blog\/wp-content\/uploads\/2026\/03\/AdobeStock_625536640-400x225.jpeg 400w, https:\/\/www.escapadarural.com\/blog\/wp-content\/uploads\/2026\/03\/AdobeStock_625536640-600x338.jpeg 600w, https:\/\/www.escapadarural.com\/blog\/wp-content\/uploads\/2026\/03\/AdobeStock_625536640-768x432.jpeg 768w, https:\/\/www.escapadarural.com\/blog\/wp-content\/uploads\/2026\/03\/AdobeStock_625536640-800x450.jpeg 800w, https:\/\/www.escapadarural.com\/blog\/wp-content\/uploads\/2026\/03\/AdobeStock_625536640-1024x576.jpeg 1024w, https:\/\/www.escapadarural.com\/blog\/wp-content\/uploads\/2026\/03\/AdobeStock_625536640-1200x675.jpeg 1200w, https:\/\/www.escapadarural.com\/blog\/wp-content\/uploads\/2026\/03\/AdobeStock_625536640-1536x864.jpeg 1536w\" sizes=\"auto, (max-width: 1024px) 100vw, 1024px\" \/><figcaption class=\"wp-element-caption\">Pueblo de Cu\u00e9llar. Por TORI<\/figcaption><\/figure>\n\n\n\n<p>Podr\u00edamos decir que Cu\u00e9llar es una villa medieval con much\u00edsima \u201cchicha\u201d, ya que pasear por sus calles es ir encontrando huellas de historia a cada paso. Es conocida como la <strong>Villa del Mud\u00e9jar<\/strong>, y se nota en su patrimonio. Adem\u00e1s, es una gran ciudad amurallada, as\u00ed que durante la visita te acompa\u00f1an tramos defensivos, de los que tuvieron peso y lo siguen transmitiendo.<\/p>\n\n\n\n<p>Para respirar ese aire hist\u00f3rico que emana esta localidad segoviana, lo suyo es quedarse a dormir en <strong><a href=\"\/casa-rural\/segovia\/el-refugio-del-salinero\">El Refugio del Salinero<\/a><\/strong>. Un alojamiento que suma a la escapada un plus de comodidad y ambiente casero. Tiene piscina de agua salada, c\u00e9sped natural y zona de recreo para ni\u00f1os con columpios. Con 5 dormitorios y 8 camas, es perfecto para grupos medianos que buscan disfrutar del destino sin carreras.<\/p>\n\n\n\n<div class=\"wp-block-buttons is-layout-flex wp-block-buttons-is-layout-flex\">\n<div class=\"wp-block-button\"><a class=\"wp-block-button__link wp-element-button\" href=\"\/casa-rural\/segovia\/el-refugio-del-salinero\">Reservar<\/a><\/div>\n<\/div>\n\n\n\n<h2 class=\"wp-block-heading\"><strong>Medell\u00edn (<a href=\"\/casas-rurales\/badajoz\">Badajoz<\/a><\/strong>)<\/h2>\n\n\n\n<figure class=\"wp-block-image size-large\"><img loading=\"lazy\" decoding=\"async\" width=\"1024\" height=\"865\" src=\"https:\/\/www.escapadarural.com\/blog\/wp-content\/uploads\/2026\/03\/AdobeStock_1533162240-1024x865.jpeg\" alt=\"Vista a\u00e9rea de una antigua fortaleza de piedra en lo alto de una colina con un anfiteatro circular cerca, rodeada de tierras de labranza, r\u00edos y colinas onduladas bajo un cielo despejado.\" class=\"wp-image-214649\" srcset=\"https:\/\/www.escapadarural.com\/blog\/wp-content\/uploads\/2026\/03\/AdobeStock_1533162240-200x169.jpeg 200w, https:\/\/www.escapadarural.com\/blog\/wp-content\/uploads\/2026\/03\/AdobeStock_1533162240-300x253.jpeg 300w, https:\/\/www.escapadarural.com\/blog\/wp-content\/uploads\/2026\/03\/AdobeStock_1533162240-400x338.jpeg 400w, https:\/\/www.escapadarural.com\/blog\/wp-content\/uploads\/2026\/03\/AdobeStock_1533162240-600x507.jpeg 600w, https:\/\/www.escapadarural.com\/blog\/wp-content\/uploads\/2026\/03\/AdobeStock_1533162240-768x649.jpeg 768w, https:\/\/www.escapadarural.com\/blog\/wp-content\/uploads\/2026\/03\/AdobeStock_1533162240-800x676.jpeg 800w, https:\/\/www.escapadarural.com\/blog\/wp-content\/uploads\/2026\/03\/AdobeStock_1533162240-1024x865.jpeg 1024w, https:\/\/www.escapadarural.com\/blog\/wp-content\/uploads\/2026\/03\/AdobeStock_1533162240-1200x1014.jpeg 1200w, https:\/\/www.escapadarural.com\/blog\/wp-content\/uploads\/2026\/03\/AdobeStock_1533162240-1536x1298.jpeg 1536w\" sizes=\"auto, (max-width: 1024px) 100vw, 1024px\" \/><figcaption class=\"wp-element-caption\">Castillo de Medell\u00edn, Badajoz. Por Ivanb<\/figcaption><\/figure>\n\n\n\n<p>En la localidad pacense de <strong>Medell\u00edn<\/strong>, encontrar\u00e1s una mezcla de historia a lo grande con una atm\u00f3sfera tranquila que sorprende. Aqu\u00ed hay capas: un castillo medieval, un teatro romano, un puente romano\u2026 y calles que fueron testigo de \u00e9pocas muy distintas. Adem\u00e1s, el r\u00edo Guadiana le da ese punto especial, y la zona es conocida por atardeceres preciosos, de los que te reconcilian con el viaje sin necesidad de hacer mil actividades.<\/p>\n\n\n\n<p>A 24 km, en Almohar\u00edn, <strong><a href=\"\/casa-rural\/caceres\/casa-rural-la-atalaya\">La Atalaya<\/a><\/strong> es una base perfecta para esta escapada. Est\u00e1 rodeada de paisaje de dehesa y vistas a sierras cercanas, con un estilo que mezcla arquitectura popular e hispano-lusa. Tiene 5 dormitorios, zonas comunes bien equipadas, piscina, barbacoa y zona de juegos infantiles.<\/p>\n\n\n\n<div class=\"wp-block-buttons is-layout-flex wp-block-buttons-is-layout-flex\">\n<div class=\"wp-block-button\"><a class=\"wp-block-button__link wp-element-button\" href=\"\/casa-rural\/caceres\/casa-rural-la-atalaya\">Reservar<\/a><\/div>\n<\/div>\n\n\n\n<h2 class=\"wp-block-heading\"><strong>Almod\u00f3var del R\u00edo (<a href=\"\/casas-rurales\/cordoba\">C\u00f3rdoba<\/a><\/strong>)<\/h2>\n\n\n\n<figure class=\"wp-block-image size-large\"><img loading=\"lazy\" decoding=\"async\" width=\"1024\" height=\"686\" src=\"https:\/\/www.escapadarural.com\/blog\/wp-content\/uploads\/2019\/08\/Almodovar-del-Rio-3-scaled-1-1024x686.jpg\" alt=\"Castillo de Almod\u00f3var\" class=\"wp-image-23865\" srcset=\"https:\/\/www.escapadarural.com\/blog\/wp-content\/uploads\/2019\/08\/Almodovar-del-Rio-3-scaled-1-200x134.jpg 200w, https:\/\/www.escapadarural.com\/blog\/wp-content\/uploads\/2019\/08\/Almodovar-del-Rio-3-scaled-1-300x201.jpg 300w, https:\/\/www.escapadarural.com\/blog\/wp-content\/uploads\/2019\/08\/Almodovar-del-Rio-3-scaled-1-400x268.jpg 400w, https:\/\/www.escapadarural.com\/blog\/wp-content\/uploads\/2019\/08\/Almodovar-del-Rio-3-scaled-1-600x402.jpg 600w, https:\/\/www.escapadarural.com\/blog\/wp-content\/uploads\/2019\/08\/Almodovar-del-Rio-3-scaled-1-768x514.jpg 768w, https:\/\/www.escapadarural.com\/blog\/wp-content\/uploads\/2019\/08\/Almodovar-del-Rio-3-scaled-1-800x536.jpg 800w, https:\/\/www.escapadarural.com\/blog\/wp-content\/uploads\/2019\/08\/Almodovar-del-Rio-3-scaled-1-1024x686.jpg 1024w, https:\/\/www.escapadarural.com\/blog\/wp-content\/uploads\/2019\/08\/Almodovar-del-Rio-3-scaled-1-1200x803.jpg 1200w, https:\/\/www.escapadarural.com\/blog\/wp-content\/uploads\/2019\/08\/Almodovar-del-Rio-3-scaled-1-1536x1028.jpg 1536w\" sizes=\"auto, (max-width: 1024px) 100vw, 1024px\" \/><figcaption class=\"wp-element-caption\">Por Lukasz Janyst<\/figcaption><\/figure>\n\n\n\n<p><strong>Almod\u00f3var del R\u00edo<\/strong> se reconoce desde lejos por su castillo, enorme y dominante, coronando el paisaje. Visitarlo es un planazo: torres, vistas desde lo alto y ese aire \u00e9pico que te hace imaginar la Reconquista y la vida de fortaleza. Pero el pueblo en s\u00ed tambi\u00e9n acompa\u00f1a gracias a sus casas blancas, la campi\u00f1a de alrededor y los rincones para completar una escapada que no se queda en solo voy a ver el castillo y volver.<\/p>\n\n\n\n<p>Para alojarte, <a href=\"\/casa-rural\/cordoba\/casa-rural-la-garrida\"><strong>La Garrida<\/strong><\/a> es una opci\u00f3n estupenda si vais en familia o en grupo, ya que tiene capacidad para 8 y el alquiler es \u00edntegro. Tiene cocina-comedor equipada, aire acondicionado, parque infantil y hasta campo de f\u00fatbol, adem\u00e1s de piscina de agua salada con seguridad para ni\u00f1os.\u00a0<\/p>\n\n\n\n<div class=\"wp-block-buttons is-layout-flex wp-block-buttons-is-layout-flex\">\n<div class=\"wp-block-button\"><a class=\"wp-block-button__link wp-element-button\" href=\"\/casa-rural\/cordoba\/casa-rural-la-garrida\">Reservar<\/a><\/div>\n<\/div>\n\n\n\n<h2 class=\"wp-block-heading\"><strong>Pe\u00f1acerrada (<a href=\"\/casas-rurales\/alava\">\u00c1lava<\/a><\/strong>)<\/h2>\n\n\n\n<figure class=\"wp-block-image size-large\"><img loading=\"lazy\" decoding=\"async\" width=\"680\" height=\"1024\" src=\"https:\/\/www.escapadarural.com\/blog\/wp-content\/uploads\/2026\/03\/AdobeStock_538407528-680x1024.jpeg\" alt=\"Un arco de piedra enmarca la vista de un patio empedrado con un edificio azul brillante, puertas de madera y peque\u00f1as ventanas en un pintoresco entorno de pueblo europeo.\" class=\"wp-image-214654\" srcset=\"https:\/\/www.escapadarural.com\/blog\/wp-content\/uploads\/2026\/03\/AdobeStock_538407528-199x300.jpeg 199w, https:\/\/www.escapadarural.com\/blog\/wp-content\/uploads\/2026\/03\/AdobeStock_538407528-200x301.jpeg 200w, https:\/\/www.escapadarural.com\/blog\/wp-content\/uploads\/2026\/03\/AdobeStock_538407528-400x602.jpeg 400w, https:\/\/www.escapadarural.com\/blog\/wp-content\/uploads\/2026\/03\/AdobeStock_538407528-600x903.jpeg 600w, https:\/\/www.escapadarural.com\/blog\/wp-content\/uploads\/2026\/03\/AdobeStock_538407528-680x1024.jpeg 680w, https:\/\/www.escapadarural.com\/blog\/wp-content\/uploads\/2026\/03\/AdobeStock_538407528-768x1156.jpeg 768w, https:\/\/www.escapadarural.com\/blog\/wp-content\/uploads\/2026\/03\/AdobeStock_538407528-800x1204.jpeg 800w, https:\/\/www.escapadarural.com\/blog\/wp-content\/uploads\/2026\/03\/AdobeStock_538407528-1020x1536.jpeg 1020w, https:\/\/www.escapadarural.com\/blog\/wp-content\/uploads\/2026\/03\/AdobeStock_538407528-1200x1807.jpeg 1200w, https:\/\/www.escapadarural.com\/blog\/wp-content\/uploads\/2026\/03\/AdobeStock_538407528-scaled.jpeg 1360w\" sizes=\"auto, (max-width: 680px) 100vw, 680px\" \/><figcaption class=\"wp-element-caption\">Entrada a Pe\u00f1acerrada. Por Asier<\/figcaption><\/figure>\n\n\n\n<p>Y terminamos el listado en <strong>Pe\u00f1acerrada-Urizaharra<\/strong>, una villa medieval de frontera, estrat\u00e9gica y con un recinto amurallado que todav\u00eda se deja ver. Su Puerta Sur es de esas im\u00e1genes que se te quedan grabadas. Y si te gustan los datos curiosos, de esos que enriquecen la escapada, aqu\u00ed lo tienes: en esta zona alavesa se han encontrado yacimientos que han hecho famoso su \u00e1mbar, \u00fanico por antig\u00fcedad y por la calidad de los f\u00f3siles.<\/p>\n\n\n\n<p>As\u00ed que como el destino es muy completo, merece la pena hospedarse cerca, en <a href=\"https:\/\/www.escapadarural.com\/casa-rural\/la-rioja\/casa-alberto\"><strong>La Casa de Alberto<\/strong><\/a>. Tiene dos habitaciones de matrimonio y dos dobles, una chimenea muy acogedora y todo lo necesario para un plan rural completo.<\/p>\n\n\n\n<div class=\"wp-block-buttons is-layout-flex wp-block-buttons-is-layout-flex\">\n<div class=\"wp-block-button\"><a class=\"wp-block-button__link wp-element-button\" href=\"\/casa-rural\/la-rioja\/casa-alberto\">Reservar<\/a><\/div>\n<\/div>\n\n\n\n<p>Lo mejor de estas <strong>maravillas medievales<\/strong> es que no se visitan, se habitan un rato. Una plaza al atardecer cuando ya se han ido los turistas, una cena sin prisas en un pueblo de piedra, el silencio de una muralla de noche\u2026 Si te apetece ese tipo de viaje, elige uno, dos o los que hagan falta y d\u00e9jate llevar porque la Edad Media, cuando se mira de cerca, es mucho m\u00e1s bonita.<\/p>\n\n\n\n<p><\/p>\n","protected":false},"excerpt":{"rendered":"<p>Te propongo 8 destinos con alma medieval repartidos por Espa\u00f1a, perfectos para un fin de semana diferente. \u00bfVienes?<\/p>\n","protected":false},"author":98,"featured_media":214638,"comment_status":"open","ping_status":"open","sticky":false,"template":"","format":"standard","meta":{"_acf_changed":false,"om_disable_all_campaigns":false,"footnotes":""},"categories":[191],"tags":[736,539,222,329,215,421,642,1278,350,477],"class_list":["post-214622","post","type-post","status-publish","format-standard","has-post-thumbnail","hentry","category-destinos","tag-que-ver-en-alava","tag-que-ver-en-badajoz","tag-que-ver-en-cordoba","tag-que-ver-en-cuenca","tag-listado","tag-que-ver-en-navarra","tag-que-ver-en-ourense","tag-pueblos-medievales","tag-que-ver-en-segovia","tag-que-ver-en-zaragoza"],"acf":[],"featured_image_src":"https:\/\/www.escapadarural.com\/blog\/wp-content\/uploads\/2026\/03\/AdobeStock_635917669-scaled.jpeg","author_info":{"display_name":"Miryam Tejada","author_link":"https:\/\/www.escapadarural.com\/blog\/autor\/miryam\/"},"yoast_head":"<!-- This site is optimized with the Yoast SEO plugin v27.5 - https:\/\/yoast.com\/product\/yoast-seo-wordpress\/ -->\n<title>8 maravillas medievales de Espa\u00f1a - EscapadaRural<\/title>\n<meta name=\"description\" content=\"Te propongo 8 destinos con alma medieval repartidos por Espa\u00f1a, perfectos para un fin de semana diferente. \u00bfVienes?\" \/>\n<meta name=\"robots\" content=\"index, follow, max-snippet:-1, max-image-preview:large, max-video-preview:-1\" \/>\n<link rel=\"canonical\" href=\"https:\/\/www.escapadarural.com\/blog\/maravillas-medievales-de-espana\/\" \/>\n<meta property=\"og:locale\" content=\"es_ES\" \/>\n<meta property=\"og:type\" content=\"article\" \/>\n<meta property=\"og:title\" content=\"8 maravillas medievales de Espa\u00f1a - EscapadaRural\" \/>\n<meta property=\"og:description\" content=\"Te propongo 8 destinos con alma medieval repartidos por Espa\u00f1a, perfectos para un fin de semana diferente. \u00bfVienes?\" \/>\n<meta property=\"og:url\" content=\"https:\/\/www.escapadarural.com\/blog\/maravillas-medievales-de-espana\/\" \/>\n<meta property=\"og:site_name\" content=\"Magazine de viajes de EscapadaRural\" \/>\n<meta property=\"article:publisher\" content=\"https:\/\/www.facebook.com\/escapadarural\" \/>\n<meta property=\"article:published_time\" content=\"2026-03-15T11:35:31+00:00\" \/>\n<meta property=\"article:modified_time\" content=\"2026-03-17T15:14:09+00:00\" \/>\n<meta property=\"og:image\" content=\"https:\/\/www.escapadarural.com\/blog\/wp-content\/uploads\/2026\/03\/AdobeStock_635917669-scaled.jpeg?v=1773760449\" \/>\n\t<meta property=\"og:image:width\" content=\"2048\" \/>\n\t<meta property=\"og:image:height\" content=\"1534\" \/>\n\t<meta property=\"og:image:type\" content=\"image\/jpeg\" \/>\n<meta name=\"author\" content=\"Miryam Tejada\" \/>\n<meta name=\"twitter:card\" content=\"summary_large_image\" \/>\n<meta name=\"twitter:label1\" content=\"Escrito por\" \/>\n\t<meta name=\"twitter:data1\" content=\"Miryam Tejada\" \/>\n\t<meta name=\"twitter:label2\" content=\"Tiempo de lectura\" \/>\n\t<meta name=\"twitter:data2\" content=\"6 minutos\" \/>\n<script type=\"application\/ld+json\" class=\"yoast-schema-graph\">{\"@context\":\"https:\\\/\\\/schema.org\",\"@graph\":[{\"@type\":\"Article\",\"@id\":\"https:\\\/\\\/www.escapadarural.com\\\/blog\\\/maravillas-medievales-de-espana\\\/#article\",\"isPartOf\":{\"@id\":\"https:\\\/\\\/www.escapadarural.com\\\/blog\\\/maravillas-medievales-de-espana\\\/\"},\"author\":{\"name\":\"Miryam Tejada\",\"@id\":\"https:\\\/\\\/www.escapadarural.com\\\/blog\\\/#\\\/schema\\\/person\\\/3a79b504f208fd6cf3bb52c608e311f0\"},\"headline\":\"Las 8 maravillas medievales que no te puedes perder\",\"datePublished\":\"2026-03-15T11:35:31+00:00\",\"dateModified\":\"2026-03-17T15:14:09+00:00\",\"mainEntityOfPage\":{\"@id\":\"https:\\\/\\\/www.escapadarural.com\\\/blog\\\/maravillas-medievales-de-espana\\\/\"},\"wordCount\":1281,\"commentCount\":0,\"publisher\":{\"@id\":\"https:\\\/\\\/www.escapadarural.com\\\/blog\\\/#organization\"},\"image\":{\"@id\":\"https:\\\/\\\/www.escapadarural.com\\\/blog\\\/maravillas-medievales-de-espana\\\/#primaryimage\"},\"thumbnailUrl\":\"https:\\\/\\\/www.escapadarural.com\\\/blog\\\/wp-content\\\/uploads\\\/2026\\\/03\\\/AdobeStock_635917669-scaled.jpeg\",\"keywords\":[\"\u00c1lava\",\"Badajoz\",\"C\u00f3rdoba\",\"Cuenca\",\"Listado\",\"Navarra\",\"Ourense\",\"pueblos medievales\",\"Segovia\",\"Zaragoza\"],\"articleSection\":[\"Destinos\"],\"inLanguage\":\"es\",\"potentialAction\":[{\"@type\":\"CommentAction\",\"name\":\"Comment\",\"target\":[\"https:\\\/\\\/www.escapadarural.com\\\/blog\\\/maravillas-medievales-de-espana\\\/#respond\"]}]},{\"@type\":\"WebPage\",\"@id\":\"https:\\\/\\\/www.escapadarural.com\\\/blog\\\/maravillas-medievales-de-espana\\\/\",\"url\":\"https:\\\/\\\/www.escapadarural.com\\\/blog\\\/maravillas-medievales-de-espana\\\/\",\"name\":\"8 maravillas medievales de Espa\u00f1a - EscapadaRural\",\"isPartOf\":{\"@id\":\"https:\\\/\\\/www.escapadarural.com\\\/blog\\\/#website\"},\"primaryImageOfPage\":{\"@id\":\"https:\\\/\\\/www.escapadarural.com\\\/blog\\\/maravillas-medievales-de-espana\\\/#primaryimage\"},\"image\":{\"@id\":\"https:\\\/\\\/www.escapadarural.com\\\/blog\\\/maravillas-medievales-de-espana\\\/#primaryimage\"},\"thumbnailUrl\":\"https:\\\/\\\/www.escapadarural.com\\\/blog\\\/wp-content\\\/uploads\\\/2026\\\/03\\\/AdobeStock_635917669-scaled.jpeg\",\"datePublished\":\"2026-03-15T11:35:31+00:00\",\"dateModified\":\"2026-03-17T15:14:09+00:00\",\"description\":\"Te propongo 8 destinos con alma medieval repartidos por Espa\u00f1a, perfectos para un fin de semana diferente. \u00bfVienes?\",\"breadcrumb\":{\"@id\":\"https:\\\/\\\/www.escapadarural.com\\\/blog\\\/maravillas-medievales-de-espana\\\/#breadcrumb\"},\"inLanguage\":\"es\",\"potentialAction\":[{\"@type\":\"ReadAction\",\"target\":[\"https:\\\/\\\/www.escapadarural.com\\\/blog\\\/maravillas-medievales-de-espana\\\/\"]}]},{\"@type\":\"ImageObject\",\"inLanguage\":\"es\",\"@id\":\"https:\\\/\\\/www.escapadarural.com\\\/blog\\\/maravillas-medievales-de-espana\\\/#primaryimage\",\"url\":\"https:\\\/\\\/www.escapadarural.com\\\/blog\\\/wp-content\\\/uploads\\\/2026\\\/03\\\/AdobeStock_635917669-scaled.jpeg\",\"contentUrl\":\"https:\\\/\\\/www.escapadarural.com\\\/blog\\\/wp-content\\\/uploads\\\/2026\\\/03\\\/AdobeStock_635917669-scaled.jpeg\",\"width\":2048,\"height\":1534,\"caption\":\"Castro Caldelas. Por KarSol\"},{\"@type\":\"BreadcrumbList\",\"@id\":\"https:\\\/\\\/www.escapadarural.com\\\/blog\\\/maravillas-medievales-de-espana\\\/#breadcrumb\",\"itemListElement\":[{\"@type\":\"ListItem\",\"position\":1,\"name\":\"Inicio\",\"item\":\"https:\\\/\\\/www.escapadarural.com\\\/blog\\\/\"},{\"@type\":\"ListItem\",\"position\":2,\"name\":\"Destinos\",\"item\":\"https:\\\/\\\/www.escapadarural.com\\\/blog\\\/categoria\\\/destinos\\\/\"},{\"@type\":\"ListItem\",\"position\":3,\"name\":\"Las 8 maravillas medievales que no te puedes perder\"}]},{\"@type\":\"WebSite\",\"@id\":\"https:\\\/\\\/www.escapadarural.com\\\/blog\\\/#website\",\"url\":\"https:\\\/\\\/www.escapadarural.com\\\/blog\\\/\",\"name\":\"Blog de viajes | turismo rural, alojamientos e inspiraci\u00f3n\",\"description\":\"Alojamientos rurales e inspiraci\u00f3n para tus escapadas\",\"publisher\":{\"@id\":\"https:\\\/\\\/www.escapadarural.com\\\/blog\\\/#organization\"},\"alternateName\":\"Magazine de viajes de EscapadaRural\",\"potentialAction\":[{\"@type\":\"SearchAction\",\"target\":{\"@type\":\"EntryPoint\",\"urlTemplate\":\"https:\\\/\\\/www.escapadarural.com\\\/blog\\\/?s={search_term_string}\"},\"query-input\":{\"@type\":\"PropertyValueSpecification\",\"valueRequired\":true,\"valueName\":\"search_term_string\"}}],\"inLanguage\":\"es\"},{\"@type\":\"Organization\",\"@id\":\"https:\\\/\\\/www.escapadarural.com\\\/blog\\\/#organization\",\"name\":\"EscapadaRural\",\"url\":\"https:\\\/\\\/www.escapadarural.com\\\/blog\\\/\",\"logo\":{\"@type\":\"ImageObject\",\"inLanguage\":\"es\",\"@id\":\"https:\\\/\\\/www.escapadarural.com\\\/blog\\\/#\\\/schema\\\/logo\\\/image\\\/\",\"url\":\"https:\\\/\\\/www.escapadarural.com\\\/blog\\\/wp-content\\\/uploads\\\/2024\\\/10\\\/cropped-cropped-escapada-rural-icon-mag-3.png\",\"contentUrl\":\"https:\\\/\\\/www.escapadarural.com\\\/blog\\\/wp-content\\\/uploads\\\/2024\\\/10\\\/cropped-cropped-escapada-rural-icon-mag-3.png\",\"width\":512,\"height\":512,\"caption\":\"EscapadaRural\"},\"image\":{\"@id\":\"https:\\\/\\\/www.escapadarural.com\\\/blog\\\/#\\\/schema\\\/logo\\\/image\\\/\"},\"sameAs\":[\"https:\\\/\\\/www.facebook.com\\\/escapadarural\",\"https:\\\/\\\/www.instagram.com\\\/escapadarural\\\/\",\"https:\\\/\\\/www.youtube.com\\\/@escapadaruralcom\"]},{\"@type\":\"Person\",\"@id\":\"https:\\\/\\\/www.escapadarural.com\\\/blog\\\/#\\\/schema\\\/person\\\/3a79b504f208fd6cf3bb52c608e311f0\",\"name\":\"Miryam Tejada\",\"image\":{\"@type\":\"ImageObject\",\"inLanguage\":\"es\",\"@id\":\"https:\\\/\\\/www.escapadarural.com\\\/blog\\\/wp-content\\\/uploads\\\/2024\\\/12\\\/cropped-PXL_20240524_141044774.PORTRAIT.ORIGINAL-1-scaled-2-96x96.jpg\",\"url\":\"https:\\\/\\\/www.escapadarural.com\\\/blog\\\/wp-content\\\/uploads\\\/2024\\\/12\\\/cropped-PXL_20240524_141044774.PORTRAIT.ORIGINAL-1-scaled-2-96x96.jpg\",\"contentUrl\":\"https:\\\/\\\/www.escapadarural.com\\\/blog\\\/wp-content\\\/uploads\\\/2024\\\/12\\\/cropped-PXL_20240524_141044774.PORTRAIT.ORIGINAL-1-scaled-2-96x96.jpg\",\"caption\":\"Miryam Tejada\"},\"description\":\"Mi t\u00edtulo universitario dice que soy licenciada en periodismo, pero realmente soy una todoterreno a la que le pill\u00f3 la transici\u00f3n del mundo anal\u00f3gico al digital de pleno. Es decir, soy millennial, y eso lo que conlleva, seg\u00fan las habladur\u00edas, es que me dejo llevar y priorizo mi bienestar. O lo que es lo mismo, soy una apasionada de los viajes y las experiencias, del simple hecho de tomar unas cervezas entre amigas, organizar una buena comilona en la sociedad con sobremesa larga incluida o pasar las tardes en el parque con mis gemelos.\",\"url\":\"https:\\\/\\\/www.escapadarural.com\\\/blog\\\/autor\\\/miryam\\\/\"}]}<\/script>\n<!-- \/ Yoast SEO plugin. -->","yoast_head_json":{"title":"8 maravillas medievales de Espa\u00f1a - EscapadaRural","description":"Te propongo 8 destinos con alma medieval repartidos por Espa\u00f1a, perfectos para un fin de semana diferente. \u00bfVienes?","robots":{"index":"index","follow":"follow","max-snippet":"max-snippet:-1","max-image-preview":"max-image-preview:large","max-video-preview":"max-video-preview:-1"},"canonical":"https:\/\/www.escapadarural.com\/blog\/maravillas-medievales-de-espana\/","og_locale":"es_ES","og_type":"article","og_title":"8 maravillas medievales de Espa\u00f1a - EscapadaRural","og_description":"Te propongo 8 destinos con alma medieval repartidos por Espa\u00f1a, perfectos para un fin de semana diferente. \u00bfVienes?","og_url":"https:\/\/www.escapadarural.com\/blog\/maravillas-medievales-de-espana\/","og_site_name":"Magazine de viajes de EscapadaRural","article_publisher":"https:\/\/www.facebook.com\/escapadarural","article_published_time":"2026-03-15T11:35:31+00:00","article_modified_time":"2026-03-17T15:14:09+00:00","og_image":[{"width":2048,"height":1534,"url":"https:\/\/www.escapadarural.com\/blog\/wp-content\/uploads\/2026\/03\/AdobeStock_635917669-scaled.jpeg?v=1773760449","type":"image\/jpeg"}],"author":"Miryam Tejada","twitter_card":"summary_large_image","twitter_misc":{"Escrito por":"Miryam Tejada","Tiempo de lectura":"6 minutos"},"schema":{"@context":"https:\/\/schema.org","@graph":[{"@type":"Article","@id":"https:\/\/www.escapadarural.com\/blog\/maravillas-medievales-de-espana\/#article","isPartOf":{"@id":"https:\/\/www.escapadarural.com\/blog\/maravillas-medievales-de-espana\/"},"author":{"name":"Miryam Tejada","@id":"https:\/\/www.escapadarural.com\/blog\/#\/schema\/person\/3a79b504f208fd6cf3bb52c608e311f0"},"headline":"Las 8 maravillas medievales que no te puedes perder","datePublished":"2026-03-15T11:35:31+00:00","dateModified":"2026-03-17T15:14:09+00:00","mainEntityOfPage":{"@id":"https:\/\/www.escapadarural.com\/blog\/maravillas-medievales-de-espana\/"},"wordCount":1281,"commentCount":0,"publisher":{"@id":"https:\/\/www.escapadarural.com\/blog\/#organization"},"image":{"@id":"https:\/\/www.escapadarural.com\/blog\/maravillas-medievales-de-espana\/#primaryimage"},"thumbnailUrl":"https:\/\/www.escapadarural.com\/blog\/wp-content\/uploads\/2026\/03\/AdobeStock_635917669-scaled.jpeg","keywords":["\u00c1lava","Badajoz","C\u00f3rdoba","Cuenca","Listado","Navarra","Ourense","pueblos medievales","Segovia","Zaragoza"],"articleSection":["Destinos"],"inLanguage":"es","potentialAction":[{"@type":"CommentAction","name":"Comment","target":["https:\/\/www.escapadarural.com\/blog\/maravillas-medievales-de-espana\/#respond"]}]},{"@type":"WebPage","@id":"https:\/\/www.escapadarural.com\/blog\/maravillas-medievales-de-espana\/","url":"https:\/\/www.escapadarural.com\/blog\/maravillas-medievales-de-espana\/","name":"8 maravillas medievales de Espa\u00f1a - EscapadaRural","isPartOf":{"@id":"https:\/\/www.escapadarural.com\/blog\/#website"},"primaryImageOfPage":{"@id":"https:\/\/www.escapadarural.com\/blog\/maravillas-medievales-de-espana\/#primaryimage"},"image":{"@id":"https:\/\/www.escapadarural.com\/blog\/maravillas-medievales-de-espana\/#primaryimage"},"thumbnailUrl":"https:\/\/www.escapadarural.com\/blog\/wp-content\/uploads\/2026\/03\/AdobeStock_635917669-scaled.jpeg","datePublished":"2026-03-15T11:35:31+00:00","dateModified":"2026-03-17T15:14:09+00:00","description":"Te propongo 8 destinos con alma medieval repartidos por Espa\u00f1a, perfectos para un fin de semana diferente. \u00bfVienes?","breadcrumb":{"@id":"https:\/\/www.escapadarural.com\/blog\/maravillas-medievales-de-espana\/#breadcrumb"},"inLanguage":"es","potentialAction":[{"@type":"ReadAction","target":["https:\/\/www.escapadarural.com\/blog\/maravillas-medievales-de-espana\/"]}]},{"@type":"ImageObject","inLanguage":"es","@id":"https:\/\/www.escapadarural.com\/blog\/maravillas-medievales-de-espana\/#primaryimage","url":"https:\/\/www.escapadarural.com\/blog\/wp-content\/uploads\/2026\/03\/AdobeStock_635917669-scaled.jpeg","contentUrl":"https:\/\/www.escapadarural.com\/blog\/wp-content\/uploads\/2026\/03\/AdobeStock_635917669-scaled.jpeg","width":2048,"height":1534,"caption":"Castro Caldelas. Por KarSol"},{"@type":"BreadcrumbList","@id":"https:\/\/www.escapadarural.com\/blog\/maravillas-medievales-de-espana\/#breadcrumb","itemListElement":[{"@type":"ListItem","position":1,"name":"Inicio","item":"https:\/\/www.escapadarural.com\/blog\/"},{"@type":"ListItem","position":2,"name":"Destinos","item":"https:\/\/www.escapadarural.com\/blog\/categoria\/destinos\/"},{"@type":"ListItem","position":3,"name":"Las 8 maravillas medievales que no te puedes perder"}]},{"@type":"WebSite","@id":"https:\/\/www.escapadarural.com\/blog\/#website","url":"https:\/\/www.escapadarural.com\/blog\/","name":"Blog de viajes | turismo rural, alojamientos e inspiraci\u00f3n","description":"Alojamientos rurales e inspiraci\u00f3n para tus escapadas","publisher":{"@id":"https:\/\/www.escapadarural.com\/blog\/#organization"},"alternateName":"Magazine de viajes de EscapadaRural","potentialAction":[{"@type":"SearchAction","target":{"@type":"EntryPoint","urlTemplate":"https:\/\/www.escapadarural.com\/blog\/?s={search_term_string}"},"query-input":{"@type":"PropertyValueSpecification","valueRequired":true,"valueName":"search_term_string"}}],"inLanguage":"es"},{"@type":"Organization","@id":"https:\/\/www.escapadarural.com\/blog\/#organization","name":"EscapadaRural","url":"https:\/\/www.escapadarural.com\/blog\/","logo":{"@type":"ImageObject","inLanguage":"es","@id":"https:\/\/www.escapadarural.com\/blog\/#\/schema\/logo\/image\/","url":"https:\/\/www.escapadarural.com\/blog\/wp-content\/uploads\/2024\/10\/cropped-cropped-escapada-rural-icon-mag-3.png","contentUrl":"https:\/\/www.escapadarural.com\/blog\/wp-content\/uploads\/2024\/10\/cropped-cropped-escapada-rural-icon-mag-3.png","width":512,"height":512,"caption":"EscapadaRural"},"image":{"@id":"https:\/\/www.escapadarural.com\/blog\/#\/schema\/logo\/image\/"},"sameAs":["https:\/\/www.facebook.com\/escapadarural","https:\/\/www.instagram.com\/escapadarural\/","https:\/\/www.youtube.com\/@escapadaruralcom"]},{"@type":"Person","@id":"https:\/\/www.escapadarural.com\/blog\/#\/schema\/person\/3a79b504f208fd6cf3bb52c608e311f0","name":"Miryam Tejada","image":{"@type":"ImageObject","inLanguage":"es","@id":"https:\/\/www.escapadarural.com\/blog\/wp-content\/uploads\/2024\/12\/cropped-PXL_20240524_141044774.PORTRAIT.ORIGINAL-1-scaled-2-96x96.jpg","url":"https:\/\/www.escapadarural.com\/blog\/wp-content\/uploads\/2024\/12\/cropped-PXL_20240524_141044774.PORTRAIT.ORIGINAL-1-scaled-2-96x96.jpg","contentUrl":"https:\/\/www.escapadarural.com\/blog\/wp-content\/uploads\/2024\/12\/cropped-PXL_20240524_141044774.PORTRAIT.ORIGINAL-1-scaled-2-96x96.jpg","caption":"Miryam Tejada"},"description":"Mi t\u00edtulo universitario dice que soy licenciada en periodismo, pero realmente soy una todoterreno a la que le pill\u00f3 la transici\u00f3n del mundo anal\u00f3gico al digital de pleno. Es decir, soy millennial, y eso lo que conlleva, seg\u00fan las habladur\u00edas, es que me dejo llevar y priorizo mi bienestar. O lo que es lo mismo, soy una apasionada de los viajes y las experiencias, del simple hecho de tomar unas cervezas entre amigas, organizar una buena comilona en la sociedad con sobremesa larga incluida o pasar las tardes en el parque con mis gemelos.","url":"https:\/\/www.escapadarural.com\/blog\/autor\/miryam\/"}]}},"_links":{"self":[{"href":"https:\/\/www.escapadarural.com\/blog\/wp-json\/wp\/v2\/posts\/214622","targetHints":{"allow":["GET"]}}],"collection":[{"href":"https:\/\/www.escapadarural.com\/blog\/wp-json\/wp\/v2\/posts"}],"about":[{"href":"https:\/\/www.escapadarural.com\/blog\/wp-json\/wp\/v2\/types\/post"}],"author":[{"embeddable":true,"href":"https:\/\/www.escapadarural.com\/blog\/wp-json\/wp\/v2\/users\/98"}],"replies":[{"embeddable":true,"href":"https:\/\/www.escapadarural.com\/blog\/wp-json\/wp\/v2\/comments?post=214622"}],"version-history":[{"count":0,"href":"https:\/\/www.escapadarural.com\/blog\/wp-json\/wp\/v2\/posts\/214622\/revisions"}],"wp:featuredmedia":[{"embeddable":true,"href":"https:\/\/www.escapadarural.com\/blog\/wp-json\/wp\/v2\/media\/214638"}],"wp:attachment":[{"href":"https:\/\/www.escapadarural.com\/blog\/wp-json\/wp\/v2\/media?parent=214622"}],"wp:term":[{"taxonomy":"category","embeddable":true,"href":"https:\/\/www.escapadarural.com\/blog\/wp-json\/wp\/v2\/categories?post=214622"},{"taxonomy":"post_tag","embeddable":true,"href":"https:\/\/www.escapadarural.com\/blog\/wp-json\/wp\/v2\/tags?post=214622"}],"curies":[{"name":"wp","href":"https:\/\/api.w.org\/{rel}","templated":true}]}}