{"id":216553,"date":"2026-04-27T08:55:00","date_gmt":"2026-04-27T06:55:00","guid":{"rendered":"https:\/\/www.escapadarural.com\/blog\/?p=216553"},"modified":"2026-04-24T11:30:47","modified_gmt":"2026-04-24T09:30:47","slug":"planes-baratos-y-gratis-en-mayo","status":"publish","type":"post","link":"https:\/\/www.escapadarural.com\/blog\/planes-baratos-y-gratis-en-mayo\/","title":{"rendered":"Planes baratos (o gratis) para un mayo sin sayo \u2600\ufe0f"},"content":{"rendered":"\n<p>En mayo todo empieza a oler a fiesta. A flores, a hierba y a \u201cla \u00faltima y nos vamos\u201d. El campo est\u00e1 en su mejor momento, <strong>las plazas vuelven a llenarse<\/strong> y cualquier excusa sirve para montar un sarao.<\/p>\n\n\n\n<p>Es el mes en el que las romer\u00edas se cruzan con las <strong>ferias y los planes baratos<\/strong> salen debajo de las piedras. Hace calorcito, pero todav\u00eda puedes sobrevivir sin abanico ni masificaciones.<\/p>\n\n\n\n<p>Mayo es <strong>un poco como el verano<\/strong>\u2026 pero mucho m\u00e1s econ\u00f3mico.<\/p>\n\n\n\n<div class=\"wp-block-buttons is-layout-flex wp-block-buttons-is-layout-flex\">\n<div class=\"wp-block-button\"><a class=\"wp-block-button__link wp-element-button\" href=\"\/casas-rurales\">Encuentra tu alojamiento<\/a><\/div>\n<\/div>\n\n\n\n<h2 class=\"wp-block-heading\">\ud83c\udf38 Patios en flor en Priego de C\u00f3rdoba (<a href=\"\/casas-rurales\/cordoba\">C\u00f3rdoba<\/a>)<\/h2>\n\n\n\n<figure class=\"wp-block-image size-large\"><img loading=\"lazy\" decoding=\"async\" width=\"1024\" height=\"680\" src=\"https:\/\/www.escapadarural.com\/blog\/wp-content\/uploads\/2026\/04\/AdobeStock_226844574-1024x680.jpeg\" alt=\"Una estrecha callejuela bordeada de edificios blancos, donde coloridas macetas llenas de vibrantes flores rosas, rojas y naranjas decoran las paredes bajo un soleado cielo azul.\" class=\"wp-image-216554\" srcset=\"https:\/\/www.escapadarural.com\/blog\/wp-content\/uploads\/2026\/04\/AdobeStock_226844574-200x133.jpeg 200w, https:\/\/www.escapadarural.com\/blog\/wp-content\/uploads\/2026\/04\/AdobeStock_226844574-300x199.jpeg 300w, https:\/\/www.escapadarural.com\/blog\/wp-content\/uploads\/2026\/04\/AdobeStock_226844574-400x266.jpeg 400w, https:\/\/www.escapadarural.com\/blog\/wp-content\/uploads\/2026\/04\/AdobeStock_226844574-600x399.jpeg 600w, https:\/\/www.escapadarural.com\/blog\/wp-content\/uploads\/2026\/04\/AdobeStock_226844574-768x510.jpeg 768w, https:\/\/www.escapadarural.com\/blog\/wp-content\/uploads\/2026\/04\/AdobeStock_226844574-800x531.jpeg 800w, https:\/\/www.escapadarural.com\/blog\/wp-content\/uploads\/2026\/04\/AdobeStock_226844574-1024x680.jpeg 1024w, https:\/\/www.escapadarural.com\/blog\/wp-content\/uploads\/2026\/04\/AdobeStock_226844574-1200x797.jpeg 1200w, https:\/\/www.escapadarural.com\/blog\/wp-content\/uploads\/2026\/04\/AdobeStock_226844574-1536x1020.jpeg 1536w\" sizes=\"auto, (max-width: 1024px) 100vw, 1024px\" \/><figcaption class=\"wp-element-caption\">Priego de C\u00f3rdoba, varrio de la Villa. Por AndreasJ<\/figcaption><\/figure>\n\n\n\n<p>\ud83d\udcc5 <strong>Del 4 al 17 de mayo<\/strong><\/p>\n\n\n\n<p>Si te gustan las <a href=\"\/blog\/tag\/floracion\/\">flores<\/a>, este es de los planes que no fallan. <strong>Patios llenos de macetas, color y vecinos que abren sus casas<\/strong> como si nada. Aqu\u00ed todo se vive con m\u00e1s calma que en la capital cordobesa, pero con el mismo encanto floral.\u00a0<\/p>\n\n\n\n<p><strong>Puedes recorrer los patios gratis o pagando una entrada simb\u00f3lica<\/strong>. Un plan perfecto para perderse sin prisa y dejarse llevar por la primavera.<\/p>\n\n\n\n<p><strong>\u00bfQu\u00e9 m\u00e1s puedes ver?<\/strong> Su barrio de la Villa y sus miradores son parada obligatoria. No te pierdas una ruta por el <a href=\"\/casas-rurales\/sierras-subbeticas\">Parque Natural de las Sierras Subb\u00e9ticas<\/a>.<\/p>\n\n\n\n<div class=\"wp-block-buttons is-layout-flex wp-block-buttons-is-layout-flex\">\n<div class=\"wp-block-button\"><a class=\"wp-block-button__link wp-element-button\" href=\"\/casas-rurales\/priego-de-cordoba\">Alojamientos rurales en Priego de C\u00f3rdoba<\/a><\/div>\n<\/div>\n\n\n\n<h2 class=\"wp-block-heading\">\ud83d\udc83 Mayo cantado en Alosno (<a href=\"\/casas-rurales\/huelva\">Huelva<\/a>)<\/h2>\n\n\n\n<figure class=\"wp-block-image size-full\"><img loading=\"lazy\" decoding=\"async\" width=\"800\" height=\"535\" src=\"https:\/\/www.escapadarural.com\/blog\/wp-content\/uploads\/2026\/04\/alosno.jpg\" alt=\"Alosno, Huelva. Por Cruces de Mayo Alosno\/Ayuntamiento de Alosno\" class=\"wp-image-216565\" srcset=\"https:\/\/www.escapadarural.com\/blog\/wp-content\/uploads\/2026\/04\/alosno-200x134.jpg 200w, https:\/\/www.escapadarural.com\/blog\/wp-content\/uploads\/2026\/04\/alosno-300x201.jpg 300w, https:\/\/www.escapadarural.com\/blog\/wp-content\/uploads\/2026\/04\/alosno-400x268.jpg 400w, https:\/\/www.escapadarural.com\/blog\/wp-content\/uploads\/2026\/04\/alosno-600x401.jpg 600w, https:\/\/www.escapadarural.com\/blog\/wp-content\/uploads\/2026\/04\/alosno-768x514.jpg 768w, https:\/\/www.escapadarural.com\/blog\/wp-content\/uploads\/2026\/04\/alosno.jpg 800w\" sizes=\"auto, (max-width: 800px) 100vw, 800px\" \/><figcaption class=\"wp-element-caption\">Alosno, Huelva. Por <a href=\"http:\/\/crucesdemayoalosno.es\/historia\/\" target=\"_blank\" rel=\"noreferrer noopener nofollow\">Cruces de Mayo Alosno\/Ayuntamiento de Alosno<\/a><\/figcaption><\/figure>\n\n\n\n<p>\ud83d\udcc5 <strong>2 y 9 de mayo<\/strong><\/p>\n\n\n\n<p>Aqu\u00ed mayo no se celebra: se canta. Coplas tradicionales recorren calles, plazas y balcones. Las <strong>Cruces de Mayo de Alosno<\/strong> se viven en torno a las llamadas \u201ccol\u00e1s\u201d, salones decorados con mucho gusto por las mujeres donde se instalan las cruces.\u00a0<\/p>\n\n\n\n<p>Cuando llega la medianoche, ellas <strong>cantan y bailan alrededor de la cruz<\/strong> mientras esperan a los hombres, que recorren las calles con guitarras y panderetas cantando fandangos y seguidillas.<\/p>\n\n\n\n<p>Es una fiesta muy viva y musical, donde todo el pueblo participa en la calle. <strong>Una de las celebraciones m\u00e1s importantes de Huelva<\/strong>, con mucha tradici\u00f3n, ambiente y pasi\u00f3n por el cante.<\/p>\n\n\n\n<p><strong>\u00bfQu\u00e9 m\u00e1s puedes ver?<\/strong> Merece la pena perderse por su entorno rural y su tradici\u00f3n minera. Adem\u00e1s de acercarse hasta el <a href=\"\/blog\/minas-de-riotinto-o-como-viajar-a-marte-en-tren\/\">paisaje marciano del r\u00edo Tinto<\/a>.<\/p>\n\n\n\n<div class=\"wp-block-buttons is-layout-flex wp-block-buttons-is-layout-flex\">\n<div class=\"wp-block-button\"><a class=\"wp-block-button__link wp-element-button\" href=\"\/casas-rurales\/alosno\">Alojamientos rurales en Alosno<\/a><\/div>\n<\/div>\n\n\n\n<h2 class=\"wp-block-heading\">\ud83c\udff0 Mercado medieval en Balmaseda (<a href=\"\/casas-rurales\/vizcaya\">Vizcaya<\/a>)<\/h2>\n\n\n\n<figure class=\"wp-block-image size-large\"><img loading=\"lazy\" decoding=\"async\" width=\"1024\" height=\"768\" src=\"https:\/\/www.escapadarural.com\/blog\/wp-content\/uploads\/2026\/04\/AdobeStock_269820521-1024x768.jpeg\" alt=\"Mercado Medieval de Balmaseda (Vizcaya). Por Ceballos\" class=\"wp-image-216572\" srcset=\"https:\/\/www.escapadarural.com\/blog\/wp-content\/uploads\/2026\/04\/AdobeStock_269820521-200x150.jpeg 200w, https:\/\/www.escapadarural.com\/blog\/wp-content\/uploads\/2026\/04\/AdobeStock_269820521-300x225.jpeg 300w, https:\/\/www.escapadarural.com\/blog\/wp-content\/uploads\/2026\/04\/AdobeStock_269820521-400x300.jpeg 400w, https:\/\/www.escapadarural.com\/blog\/wp-content\/uploads\/2026\/04\/AdobeStock_269820521-600x450.jpeg 600w, https:\/\/www.escapadarural.com\/blog\/wp-content\/uploads\/2026\/04\/AdobeStock_269820521-768x576.jpeg 768w, https:\/\/www.escapadarural.com\/blog\/wp-content\/uploads\/2026\/04\/AdobeStock_269820521-800x600.jpeg 800w, https:\/\/www.escapadarural.com\/blog\/wp-content\/uploads\/2026\/04\/AdobeStock_269820521-1024x768.jpeg 1024w, https:\/\/www.escapadarural.com\/blog\/wp-content\/uploads\/2026\/04\/AdobeStock_269820521-1200x900.jpeg 1200w, https:\/\/www.escapadarural.com\/blog\/wp-content\/uploads\/2026\/04\/AdobeStock_269820521-1536x1152.jpeg 1536w\" sizes=\"auto, (max-width: 1024px) 100vw, 1024px\" \/><figcaption class=\"wp-element-caption\">Mercado Medieval de Balmaseda (Vizcaya). Por Ceballos<\/figcaption><\/figure>\n\n\n\n<p>\ud83d\udcc5 <strong>9 y 10 de mayo<\/strong><\/p>\n\n\n\n<p>Balmaseda no monta un mercado medieval: <strong>se transforma entera<\/strong>. Calles con paja, estandartes en los balcones y m\u00e1s de 400 vecinos vestidos de \u00e9poca convierten el casco hist\u00f3rico en un viaje total al medievo.<\/p>\n\n\n\n<p>Hay <strong>artesanos, juglares, pasacalles, m\u00fasica y espect\u00e1culos<\/strong> (ojo a los de fuego por la noche) que hacen que no pares ni un segundo.<br>El ambiente es muy inmersivo y participativo, de los que de verdad se sienten y no solo se miran. Y lo mejor: puedes disfrutarlo paseando, sin pagar entrada y dej\u00e1ndote llevar.<\/p>\n\n\n\n<p><strong>\u00bfQu\u00e9 m\u00e1s puedes ver?<\/strong> Es el pueblo m\u00e1s antiguo de Vizcaya, puedes cruzar su famoso puente medieval y recorrer uno de los cascos hist\u00f3ricos m\u00e1s bonitos del norte. En los alrededores hay varias rutas, siendo la que llega hasta la cumbre del\u00a0<strong>Kolitza\u00a0<\/strong>(879 m) una de las m\u00e1s populares.<\/p>\n\n\n\n<div class=\"wp-block-buttons is-layout-flex wp-block-buttons-is-layout-flex\">\n<div class=\"wp-block-button\"><a class=\"wp-block-button__link wp-element-button\" href=\"\/casas-rurales\/balmaseda\">Alojamientos rurales en Balmaseda<\/a><\/div>\n<\/div>\n\n\n\n<h2 class=\"wp-block-heading\">\ud83e\udd7e Senderismo entre pueblos en La Alberca (<a href=\"\/casas-rurales\/salamanca\">Salamanca<\/a>)<\/h2>\n\n\n\n<figure class=\"wp-block-image size-large\"><img loading=\"lazy\" decoding=\"async\" width=\"1024\" height=\"683\" src=\"https:\/\/www.escapadarural.com\/blog\/wp-content\/uploads\/2026\/01\/AdobeStock_220108299-1024x683.jpeg\" alt=\"La Alberca, Salamanca\" class=\"wp-image-212504\" srcset=\"https:\/\/www.escapadarural.com\/blog\/wp-content\/uploads\/2026\/01\/AdobeStock_220108299-200x133.jpeg 200w, https:\/\/www.escapadarural.com\/blog\/wp-content\/uploads\/2026\/01\/AdobeStock_220108299-300x200.jpeg 300w, https:\/\/www.escapadarural.com\/blog\/wp-content\/uploads\/2026\/01\/AdobeStock_220108299-400x267.jpeg 400w, https:\/\/www.escapadarural.com\/blog\/wp-content\/uploads\/2026\/01\/AdobeStock_220108299-600x400.jpeg 600w, https:\/\/www.escapadarural.com\/blog\/wp-content\/uploads\/2026\/01\/AdobeStock_220108299-768x512.jpeg 768w, https:\/\/www.escapadarural.com\/blog\/wp-content\/uploads\/2026\/01\/AdobeStock_220108299-800x533.jpeg 800w, https:\/\/www.escapadarural.com\/blog\/wp-content\/uploads\/2026\/01\/AdobeStock_220108299-1024x683.jpeg 1024w, https:\/\/www.escapadarural.com\/blog\/wp-content\/uploads\/2026\/01\/AdobeStock_220108299-1200x800.jpeg 1200w, https:\/\/www.escapadarural.com\/blog\/wp-content\/uploads\/2026\/01\/AdobeStock_220108299-1536x1024.jpeg 1536w\" sizes=\"auto, (max-width: 1024px) 100vw, 1024px\" \/><figcaption class=\"wp-element-caption\">La Alberca, Salamanca. Por josevgluis<\/figcaption><\/figure>\n\n\n\n<p>\ud83d\udcc5 <strong>Todo mayo<\/strong><\/p>\n\n\n\n<p>Mayo en la sierra de Francia es sin\u00f3nimo de rutas entre <strong>bosques, aire limpio y paisajes<\/strong> en su mejor versi\u00f3n. Los diferentes caminos te llevar\u00e1n hasta algunos de los <a href=\"\/blog\/pueblos-mas-bonitos-de-salamanca\/\">pueblos m\u00e1s bonitos de Salamanca<\/a>. S\u00ed, hablamos de La Alberca, la <a href=\"\/blog\/la-alberca-pueblo-medieval-salamanca\/\">primera localidad de Espa\u00f1a en ser declarada Monumento Nacional<\/a>.\u00a0<\/p>\n\n\n\n<p>Aunque tambi\u00e9n de <a href=\"\/blog\/los-388-retratos-de-mogarraz\/\">Mogarraz<\/a>, <strong>el pueblo cuyas fachadas est\u00e1n llenas de retratos<\/strong>; o <a href=\"\/casas-rurales\/miranda-del-castanar\">Miranda del Casta\u00f1ar<\/a>, con sus murallas y su aire medieval.\u00a0<\/p>\n\n\n\n<p><strong>\u00bfQu\u00e9 m\u00e1s puedes ver? <\/strong>Si est\u00e1s en buena forma puedes subir hasta la pe\u00f1a de Francia, acercarte hasta el santuario de Nuestra Se\u00f1ora de la Pe\u00f1a de Francia o hacer la ruta a la Torrita. Si no lo est\u00e1s, te recomendamos la ruta circular del Camino del Agua.<\/p>\n\n\n\n<div class=\"wp-block-buttons is-layout-flex wp-block-buttons-is-layout-flex\">\n<div class=\"wp-block-button\"><a class=\"wp-block-button__link wp-element-button\" href=\"\/casas-rurales\/la-alberca\">Alojamientos rurales en La Alberca<\/a><\/div>\n<\/div>\n\n\n\n<h2 class=\"wp-block-heading\">\ud83c\udfa1 Feria de mayo en Osuna (<a href=\"\/casas-rurales\/sevilla\">Sevilla<\/a>)<\/h2>\n\n\n\n<figure class=\"wp-block-image size-full\"><img loading=\"lazy\" decoding=\"async\" width=\"800\" height=\"534\" src=\"https:\/\/www.escapadarural.com\/blog\/wp-content\/uploads\/2026\/04\/osuna.webp\" alt=\"Fiesta de mayo en Osuna (Sevilla). Por Ayuntamiento de Osuna\" class=\"wp-image-216573\" srcset=\"https:\/\/www.escapadarural.com\/blog\/wp-content\/uploads\/2026\/04\/osuna-200x134.webp 200w, https:\/\/www.escapadarural.com\/blog\/wp-content\/uploads\/2026\/04\/osuna-300x200.webp 300w, https:\/\/www.escapadarural.com\/blog\/wp-content\/uploads\/2026\/04\/osuna-400x267.webp 400w, https:\/\/www.escapadarural.com\/blog\/wp-content\/uploads\/2026\/04\/osuna-600x401.webp 600w, https:\/\/www.escapadarural.com\/blog\/wp-content\/uploads\/2026\/04\/osuna-768x513.webp 768w, https:\/\/www.escapadarural.com\/blog\/wp-content\/uploads\/2026\/04\/osuna.webp 800w\" sizes=\"auto, (max-width: 800px) 100vw, 800px\" \/><figcaption class=\"wp-element-caption\">Fiesta de mayo en Osuna (Sevilla). Por Ayuntamiento de Osuna<\/figcaption><\/figure>\n\n\n\n<p>\ud83d\udcc5 <strong>Del 14 al 17 de mayo<\/strong><\/p>\n\n\n\n<p>Osuna vive su propia feria con <strong>casetas, m\u00fasica y ambiente andaluz<\/strong> sin necesidad de grandes aglomeraciones. Puedes pasear, bailar y comer sin gastar demasiado ni depender de invitaciones. En total tiene m\u00e1s de 30 casetas, aunque es una feria m\u00e1s cercana y c\u00f3moda que otras m\u00e1s masivas como las celebradas durante el mes de abril.\u00a0<\/p>\n\n\n\n<p>No te pierdas un paseo por su casco hist\u00f3rico, pues es uno de los m\u00e1s bonitos de Andaluc\u00eda.<\/p>\n\n\n\n<p><strong>\u00bfQu\u00e9 m\u00e1s puedes ver? <\/strong>A las afueras de Osuna est\u00e1 <a href=\"\/blog\/el-coto-de-las-canteras-de-osuna\/\">El Coto Las Canteras<\/a>, un yacimiento con necr\u00f3polis hipogea y teatro romano, entre otros restos.<\/p>\n\n\n\n<div class=\"wp-block-buttons is-layout-flex wp-block-buttons-is-layout-flex\">\n<div class=\"wp-block-button\"><a class=\"wp-block-button__link wp-element-button\" href=\"\/casas-rurales\/osuna\">Alojamientos rurales en Osuna<\/a><\/div>\n<\/div>\n\n\n\n<h2 class=\"wp-block-heading\">\ud83c\udf52 Feria de la Cereza en Jerte (<a href=\"\/casas-rurales\/caceres\">C\u00e1ceres<\/a>)<\/h2>\n\n\n\n<figure class=\"wp-block-image size-large\"><img loading=\"lazy\" decoding=\"async\" width=\"1024\" height=\"577\" src=\"https:\/\/www.escapadarural.com\/blog\/wp-content\/uploads\/2026\/04\/AdobeStock_613579227-1024x577.jpeg\" alt=\"Cerezos en flor en el Jerte (C\u00e1ceres). Por M.studio\" class=\"wp-image-216574\" srcset=\"https:\/\/www.escapadarural.com\/blog\/wp-content\/uploads\/2026\/04\/AdobeStock_613579227-200x113.jpeg 200w, https:\/\/www.escapadarural.com\/blog\/wp-content\/uploads\/2026\/04\/AdobeStock_613579227-300x169.jpeg 300w, https:\/\/www.escapadarural.com\/blog\/wp-content\/uploads\/2026\/04\/AdobeStock_613579227-400x225.jpeg 400w, https:\/\/www.escapadarural.com\/blog\/wp-content\/uploads\/2026\/04\/AdobeStock_613579227-600x338.jpeg 600w, https:\/\/www.escapadarural.com\/blog\/wp-content\/uploads\/2026\/04\/AdobeStock_613579227-768x433.jpeg 768w, https:\/\/www.escapadarural.com\/blog\/wp-content\/uploads\/2026\/04\/AdobeStock_613579227-800x451.jpeg 800w, https:\/\/www.escapadarural.com\/blog\/wp-content\/uploads\/2026\/04\/AdobeStock_613579227-1024x577.jpeg 1024w, https:\/\/www.escapadarural.com\/blog\/wp-content\/uploads\/2026\/04\/AdobeStock_613579227-1200x676.jpeg 1200w, https:\/\/www.escapadarural.com\/blog\/wp-content\/uploads\/2026\/04\/AdobeStock_613579227-1536x866.jpeg 1536w\" sizes=\"auto, (max-width: 1024px) 100vw, 1024px\" \/><figcaption class=\"wp-element-caption\">Cerezos en flor en el Jerte (C\u00e1ceres). Por M.studio<\/figcaption><\/figure>\n\n\n\n<p>\ud83d\udcc5 <strong>30 de mayo<\/strong><\/p>\n\n\n\n<p>Aqu\u00ed la protagonista es la cereza y todo gira en torno a ella: <strong>degustaciones, mercados y actividades en plena naturaleza<\/strong>. El ambiente es muy de pueblo, con productores locales, precios asequibles y cero postureo tur\u00edstico.<\/p>\n\n\n\n<p>Adem\u00e1s, el valle en mayo sigue espectacular, as\u00ed que el plan mezcla <strong>gastronom\u00eda y paisaje<\/strong> sin esfuerzo. Perfecto para comer bien, pasear y disfrutar sin gastar demasiado.<\/p>\n\n\n\n<p><strong>\u00bfQu\u00e9 m\u00e1s puedes ver?<\/strong> Aprovecha para hacer rutas por el <a href=\"\/blog\/tag\/valle-del-jerte\/\">valle del Jerte<\/a> y ver sus gargantas naturales.<\/p>\n\n\n\n<div class=\"wp-block-buttons is-layout-flex wp-block-buttons-is-layout-flex\">\n<div class=\"wp-block-button\"><a class=\"wp-block-button__link wp-element-button\" href=\"\/casas-rurales\/jerte\">Alojamientos rurales en Jerte<\/a><\/div>\n<\/div>\n\n\n\n<h2 class=\"wp-block-heading\">\ud83c\udf89 Romer\u00eda de San Isidro en Navalcarnero (<a href=\"\/casas-rurales\/madrid\">Madrid<\/a>)<\/h2>\n\n\n\n<figure class=\"wp-block-image size-large\"><img loading=\"lazy\" decoding=\"async\" width=\"1024\" height=\"678\" src=\"https:\/\/www.escapadarural.com\/blog\/wp-content\/uploads\/2026\/04\/AdobeStock_532572933-1024x678.jpeg\" alt=\"Navalcarnero (Madrid). Por vli86\" class=\"wp-image-216586\" srcset=\"https:\/\/www.escapadarural.com\/blog\/wp-content\/uploads\/2026\/04\/AdobeStock_532572933-200x132.jpeg 200w, https:\/\/www.escapadarural.com\/blog\/wp-content\/uploads\/2026\/04\/AdobeStock_532572933-300x199.jpeg 300w, https:\/\/www.escapadarural.com\/blog\/wp-content\/uploads\/2026\/04\/AdobeStock_532572933-400x265.jpeg 400w, https:\/\/www.escapadarural.com\/blog\/wp-content\/uploads\/2026\/04\/AdobeStock_532572933-600x397.jpeg 600w, https:\/\/www.escapadarural.com\/blog\/wp-content\/uploads\/2026\/04\/AdobeStock_532572933-768x509.jpeg 768w, https:\/\/www.escapadarural.com\/blog\/wp-content\/uploads\/2026\/04\/AdobeStock_532572933-800x530.jpeg 800w, https:\/\/www.escapadarural.com\/blog\/wp-content\/uploads\/2026\/04\/AdobeStock_532572933-1024x678.jpeg 1024w, https:\/\/www.escapadarural.com\/blog\/wp-content\/uploads\/2026\/04\/AdobeStock_532572933-1200x795.jpeg 1200w, https:\/\/www.escapadarural.com\/blog\/wp-content\/uploads\/2026\/04\/AdobeStock_532572933-1536x1017.jpeg 1536w\" sizes=\"auto, (max-width: 1024px) 100vw, 1024px\" \/><figcaption class=\"wp-element-caption\">Navalcarnero (Madrid). Por vli86<\/figcaption><\/figure>\n\n\n\n<p>\ud83d\udcc5 <strong>14 y 15 de mayo<\/strong><\/p>\n\n\n\n<p>Aqu\u00ed San Isidro se celebra como manda la tradici\u00f3n: con <strong>romer\u00eda, campo y mucho ambiente de pueblo<\/strong>. La noche del 14 ya arranca con baile y fuegos artificiales, pero lo bueno llega al d\u00eda siguiente. Remolques y carretas engalanadas acompa\u00f1an al santo hasta la pradera, donde se monta el plan completo: misa, m\u00fasica, comida y limonada.<\/p>\n\n\n\n<p>Todo se vive <strong>al aire libre, entre vi\u00f1as y campo<\/strong>, con ese ambiente de familias y grupos que van a pasar el d\u00eda sin complicarse.<br>Es una de esas romer\u00edas f\u00e1ciles, cercanas y muy disfrutonas (y bastante barata si te organizas bien).<\/p>\n\n\n\n<p><strong>\u00bfQu\u00e9 m\u00e1s puedes ver?<\/strong> Puedes pasear por su plaza mayor y descubrir una de las villas m\u00e1s bonitas del suroeste de Madrid. Tambi\u00e9n puedes acercarte hasta El Escorial o <a href=\"\/blog\/que-ver-y-hacer-en-chinchon-en-madrid\/\">Chinch\u00f3n<\/a>.<\/p>\n\n\n\n<div class=\"wp-block-buttons is-layout-flex wp-block-buttons-is-layout-flex\">\n<div class=\"wp-block-button\"><a class=\"wp-block-button__link wp-element-button\" href=\"\/casas-rurales\/navalcarnero\">Alojamientos rurales cerca de Navalcarnero<\/a><\/div>\n<\/div>\n","protected":false},"excerpt":{"rendered":"<p>Fiestas, flores, rutas, romer\u00edas en el campo&#8230;. \u00a1No te pierdas los mejores planes para mayo! Son econ\u00f3micos, y algunos gratis. <\/p>\n","protected":false},"author":89,"featured_media":216574,"comment_status":"open","ping_status":"open","sticky":false,"template":"","format":"standard","meta":{"_acf_changed":false,"om_disable_all_campaigns":false,"footnotes":""},"categories":[231,191],"tags":[2197,273,222,511,821,646,215,407,292,5590,257,587,312,1806,737],"class_list":["post-216553","post","type-post","status-publish","format-standard","has-post-thumbnail","hentry","category-arte-y-cultura","category-destinos","tag-amigos","tag-que-ver-en-caceres","tag-que-ver-en-cordoba","tag-familia","tag-fiestas","tag-que-ver-en-huelva","tag-listado","tag-que-ver-en-madrid","tag-mayo","tag-pareja","tag-primavera","tag-que-ver-en-salamanca","tag-que-ver-en-sevilla","tag-valle-del-jerte","tag-que-ver-en-vizcaya"],"acf":[],"featured_image_src":"https:\/\/www.escapadarural.com\/blog\/wp-content\/uploads\/2026\/04\/AdobeStock_613579227-scaled.jpeg","author_info":{"display_name":"Laura Fern\u00e1ndez","author_link":"https:\/\/www.escapadarural.com\/blog\/autor\/laura\/"},"yoast_head":"<!-- This site is optimized with the Yoast SEO plugin v27.2 - https:\/\/yoast.com\/product\/yoast-seo-wordpress\/ -->\n<title>Planes baratos (o gratis) para un mayo sin sayo \u2600\ufe0f - EscapadaRural<\/title>\n<meta name=\"description\" content=\"Fiestas, flores, rutas, romer\u00edas en el campo.... \u00a1No te pierdas los mejores planes para mayo! Son econ\u00f3micos, y algunos gratis.\" \/>\n<meta name=\"robots\" content=\"index, follow, max-snippet:-1, max-image-preview:large, max-video-preview:-1\" \/>\n<link rel=\"canonical\" href=\"https:\/\/www.escapadarural.com\/blog\/planes-baratos-y-gratis-en-mayo\/\" \/>\n<meta property=\"og:locale\" content=\"es_ES\" \/>\n<meta property=\"og:type\" content=\"article\" \/>\n<meta property=\"og:title\" content=\"Planes baratos (o gratis) para un mayo sin sayo \u2600\ufe0f - EscapadaRural\" \/>\n<meta property=\"og:description\" content=\"Fiestas, flores, rutas, romer\u00edas en el campo.... \u00a1No te pierdas los mejores planes para mayo! Son econ\u00f3micos, y algunos gratis.\" \/>\n<meta property=\"og:url\" content=\"https:\/\/www.escapadarural.com\/blog\/planes-baratos-y-gratis-en-mayo\/\" \/>\n<meta property=\"og:site_name\" content=\"Magazine de viajes de EscapadaRural\" \/>\n<meta property=\"article:publisher\" content=\"https:\/\/www.facebook.com\/escapadarural\" \/>\n<meta property=\"article:published_time\" content=\"2026-04-27T06:55:00+00:00\" \/>\n<meta property=\"og:image\" content=\"https:\/\/127.0.0.1\/blog\/wp-content\/uploads\/2026\/04\/AdobeStock_613579227-scaled.jpeg\" \/>\n\t<meta property=\"og:image:width\" content=\"2048\" \/>\n\t<meta property=\"og:image:height\" content=\"1154\" \/>\n\t<meta property=\"og:image:type\" content=\"image\/jpeg\" \/>\n<meta name=\"author\" content=\"Laura Fern\u00e1ndez\" \/>\n<meta name=\"twitter:card\" content=\"summary_large_image\" \/>\n<meta name=\"twitter:label1\" content=\"Escrito por\" \/>\n\t<meta name=\"twitter:data1\" content=\"Laura Fern\u00e1ndez\" \/>\n\t<meta name=\"twitter:label2\" content=\"Tiempo de lectura\" \/>\n\t<meta name=\"twitter:data2\" content=\"5 minutos\" \/>\n<script type=\"application\/ld+json\" class=\"yoast-schema-graph\">{\"@context\":\"https:\/\/schema.org\",\"@graph\":[{\"@type\":\"Article\",\"@id\":\"https:\/\/www.escapadarural.com\/blog\/planes-baratos-y-gratis-en-mayo\/#article\",\"isPartOf\":{\"@id\":\"https:\/\/www.escapadarural.com\/blog\/planes-baratos-y-gratis-en-mayo\/\"},\"author\":{\"name\":\"Laura Fern\u00e1ndez\",\"@id\":\"https:\/\/www.escapadarural.com\/blog\/#\/schema\/person\/a9b46ae4d047d8a2c719f31e75206cff\"},\"headline\":\"Planes baratos (o gratis) para un mayo sin sayo \u2600\ufe0f\",\"datePublished\":\"2026-04-27T06:55:00+00:00\",\"mainEntityOfPage\":{\"@id\":\"https:\/\/www.escapadarural.com\/blog\/planes-baratos-y-gratis-en-mayo\/\"},\"wordCount\":1105,\"commentCount\":0,\"publisher\":{\"@id\":\"https:\/\/www.escapadarural.com\/blog\/#organization\"},\"image\":{\"@id\":\"https:\/\/www.escapadarural.com\/blog\/planes-baratos-y-gratis-en-mayo\/#primaryimage\"},\"thumbnailUrl\":\"https:\/\/www.escapadarural.com\/blog\/wp-content\/uploads\/2026\/04\/AdobeStock_613579227-scaled.jpeg\",\"keywords\":[\"amigos\",\"C\u00e1ceres\",\"C\u00f3rdoba\",\"Familia\",\"Fiestas\",\"Huelva\",\"Listado\",\"Madrid\",\"Mayo\",\"Pareja\",\"Primavera\",\"Salamanca\",\"Sevilla\",\"Valle del Jerte\",\"Vizcaya\"],\"articleSection\":[\"Arte y Cultura\",\"Destinos\"],\"inLanguage\":\"es\",\"potentialAction\":[{\"@type\":\"CommentAction\",\"name\":\"Comment\",\"target\":[\"https:\/\/www.escapadarural.com\/blog\/planes-baratos-y-gratis-en-mayo\/#respond\"]}]},{\"@type\":\"WebPage\",\"@id\":\"https:\/\/www.escapadarural.com\/blog\/planes-baratos-y-gratis-en-mayo\/\",\"url\":\"https:\/\/www.escapadarural.com\/blog\/planes-baratos-y-gratis-en-mayo\/\",\"name\":\"Planes baratos (o gratis) para un mayo sin sayo \u2600\ufe0f - EscapadaRural\",\"isPartOf\":{\"@id\":\"https:\/\/www.escapadarural.com\/blog\/#website\"},\"primaryImageOfPage\":{\"@id\":\"https:\/\/www.escapadarural.com\/blog\/planes-baratos-y-gratis-en-mayo\/#primaryimage\"},\"image\":{\"@id\":\"https:\/\/www.escapadarural.com\/blog\/planes-baratos-y-gratis-en-mayo\/#primaryimage\"},\"thumbnailUrl\":\"https:\/\/www.escapadarural.com\/blog\/wp-content\/uploads\/2026\/04\/AdobeStock_613579227-scaled.jpeg\",\"datePublished\":\"2026-04-27T06:55:00+00:00\",\"description\":\"Fiestas, flores, rutas, romer\u00edas en el campo.... \u00a1No te pierdas los mejores planes para mayo! Son econ\u00f3micos, y algunos gratis.\",\"breadcrumb\":{\"@id\":\"https:\/\/www.escapadarural.com\/blog\/planes-baratos-y-gratis-en-mayo\/#breadcrumb\"},\"inLanguage\":\"es\",\"potentialAction\":[{\"@type\":\"ReadAction\",\"target\":[\"https:\/\/www.escapadarural.com\/blog\/planes-baratos-y-gratis-en-mayo\/\"]}]},{\"@type\":\"ImageObject\",\"inLanguage\":\"es\",\"@id\":\"https:\/\/www.escapadarural.com\/blog\/planes-baratos-y-gratis-en-mayo\/#primaryimage\",\"url\":\"https:\/\/www.escapadarural.com\/blog\/wp-content\/uploads\/2026\/04\/AdobeStock_613579227-scaled.jpeg\",\"contentUrl\":\"https:\/\/www.escapadarural.com\/blog\/wp-content\/uploads\/2026\/04\/AdobeStock_613579227-scaled.jpeg\",\"width\":2048,\"height\":1154,\"caption\":\"Cerezos en flor en el Jerte (C\u00e1ceres). Por M.studio\"},{\"@type\":\"BreadcrumbList\",\"@id\":\"https:\/\/www.escapadarural.com\/blog\/planes-baratos-y-gratis-en-mayo\/#breadcrumb\",\"itemListElement\":[{\"@type\":\"ListItem\",\"position\":1,\"name\":\"Inicio\",\"item\":\"https:\/\/www.escapadarural.com\/blog\/\"},{\"@type\":\"ListItem\",\"position\":2,\"name\":\"Destinos\",\"item\":\"https:\/\/www.escapadarural.com\/blog\/categoria\/destinos\/\"},{\"@type\":\"ListItem\",\"position\":3,\"name\":\"Planes baratos (o gratis) para un mayo sin sayo \u2600\ufe0f\"}]},{\"@type\":\"WebSite\",\"@id\":\"https:\/\/www.escapadarural.com\/blog\/#website\",\"url\":\"https:\/\/www.escapadarural.com\/blog\/\",\"name\":\"Blog de viajes | turismo rural, alojamientos e inspiraci\u00f3n\",\"description\":\"Alojamientos rurales e inspiraci\u00f3n para tus escapadas\",\"publisher\":{\"@id\":\"https:\/\/www.escapadarural.com\/blog\/#organization\"},\"alternateName\":\"Magazine de viajes de EscapadaRural\",\"potentialAction\":[{\"@type\":\"SearchAction\",\"target\":{\"@type\":\"EntryPoint\",\"urlTemplate\":\"https:\/\/www.escapadarural.com\/blog\/?s={search_term_string}\"},\"query-input\":{\"@type\":\"PropertyValueSpecification\",\"valueRequired\":true,\"valueName\":\"search_term_string\"}}],\"inLanguage\":\"es\"},{\"@type\":\"Organization\",\"@id\":\"https:\/\/www.escapadarural.com\/blog\/#organization\",\"name\":\"EscapadaRural\",\"url\":\"https:\/\/www.escapadarural.com\/blog\/\",\"logo\":{\"@type\":\"ImageObject\",\"inLanguage\":\"es\",\"@id\":\"https:\/\/www.escapadarural.com\/blog\/#\/schema\/logo\/image\/\",\"url\":\"https:\/\/www.escapadarural.com\/blog\/wp-content\/uploads\/2024\/10\/cropped-cropped-escapada-rural-icon-mag-3.png\",\"contentUrl\":\"https:\/\/www.escapadarural.com\/blog\/wp-content\/uploads\/2024\/10\/cropped-cropped-escapada-rural-icon-mag-3.png\",\"width\":512,\"height\":512,\"caption\":\"EscapadaRural\"},\"image\":{\"@id\":\"https:\/\/www.escapadarural.com\/blog\/#\/schema\/logo\/image\/\"},\"sameAs\":[\"https:\/\/www.facebook.com\/escapadarural\",\"https:\/\/www.instagram.com\/escapadarural\/\",\"https:\/\/www.youtube.com\/@escapadaruralcom\"]},{\"@type\":\"Person\",\"@id\":\"https:\/\/www.escapadarural.com\/blog\/#\/schema\/person\/a9b46ae4d047d8a2c719f31e75206cff\",\"name\":\"Laura Fern\u00e1ndez\",\"image\":{\"@type\":\"ImageObject\",\"inLanguage\":\"es\",\"@id\":\"https:\/\/www.escapadarural.com\/blog\/wp-content\/uploads\/2025\/01\/cropped-laura_raponchii-96x96.jpg\",\"url\":\"https:\/\/www.escapadarural.com\/blog\/wp-content\/uploads\/2025\/01\/cropped-laura_raponchii-96x96.jpg\",\"contentUrl\":\"https:\/\/www.escapadarural.com\/blog\/wp-content\/uploads\/2025\/01\/cropped-laura_raponchii-96x96.jpg\",\"caption\":\"Laura Fern\u00e1ndez\"},\"description\":\"Periodista, blogger y viajera. No necesariamente en ese orden. En ocasiones me despierto sin saber d\u00f3nde estoy. Adicta a los c\u00f3mics y a los noodles con salsa de cacahuete. Redactora en @escapadarural, colaboradora en la Conde Nast Traveler y en la Divinity. Mi casa: Meridiano180.\",\"sameAs\":[\"http:\/\/www.meridiano180.com\/\"],\"url\":\"https:\/\/www.escapadarural.com\/blog\/autor\/laura\/\"}]}<\/script>\n<!-- \/ Yoast SEO plugin. -->","yoast_head_json":{"title":"Planes baratos (o gratis) para un mayo sin sayo \u2600\ufe0f - EscapadaRural","description":"Fiestas, flores, rutas, romer\u00edas en el campo.... \u00a1No te pierdas los mejores planes para mayo! Son econ\u00f3micos, y algunos gratis.","robots":{"index":"index","follow":"follow","max-snippet":"max-snippet:-1","max-image-preview":"max-image-preview:large","max-video-preview":"max-video-preview:-1"},"canonical":"https:\/\/www.escapadarural.com\/blog\/planes-baratos-y-gratis-en-mayo\/","og_locale":"es_ES","og_type":"article","og_title":"Planes baratos (o gratis) para un mayo sin sayo \u2600\ufe0f - EscapadaRural","og_description":"Fiestas, flores, rutas, romer\u00edas en el campo.... \u00a1No te pierdas los mejores planes para mayo! Son econ\u00f3micos, y algunos gratis.","og_url":"https:\/\/www.escapadarural.com\/blog\/planes-baratos-y-gratis-en-mayo\/","og_site_name":"Magazine de viajes de EscapadaRural","article_publisher":"https:\/\/www.facebook.com\/escapadarural","article_published_time":"2026-04-27T06:55:00+00:00","og_image":[{"width":2048,"height":1154,"url":"https:\/\/127.0.0.1\/blog\/wp-content\/uploads\/2026\/04\/AdobeStock_613579227-scaled.jpeg","type":"image\/jpeg"}],"author":"Laura Fern\u00e1ndez","twitter_card":"summary_large_image","twitter_misc":{"Escrito por":"Laura Fern\u00e1ndez","Tiempo de lectura":"5 minutos"},"schema":{"@context":"https:\/\/schema.org","@graph":[{"@type":"Article","@id":"https:\/\/www.escapadarural.com\/blog\/planes-baratos-y-gratis-en-mayo\/#article","isPartOf":{"@id":"https:\/\/www.escapadarural.com\/blog\/planes-baratos-y-gratis-en-mayo\/"},"author":{"name":"Laura Fern\u00e1ndez","@id":"https:\/\/www.escapadarural.com\/blog\/#\/schema\/person\/a9b46ae4d047d8a2c719f31e75206cff"},"headline":"Planes baratos (o gratis) para un mayo sin sayo \u2600\ufe0f","datePublished":"2026-04-27T06:55:00+00:00","mainEntityOfPage":{"@id":"https:\/\/www.escapadarural.com\/blog\/planes-baratos-y-gratis-en-mayo\/"},"wordCount":1105,"commentCount":0,"publisher":{"@id":"https:\/\/www.escapadarural.com\/blog\/#organization"},"image":{"@id":"https:\/\/www.escapadarural.com\/blog\/planes-baratos-y-gratis-en-mayo\/#primaryimage"},"thumbnailUrl":"https:\/\/www.escapadarural.com\/blog\/wp-content\/uploads\/2026\/04\/AdobeStock_613579227-scaled.jpeg","keywords":["amigos","C\u00e1ceres","C\u00f3rdoba","Familia","Fiestas","Huelva","Listado","Madrid","Mayo","Pareja","Primavera","Salamanca","Sevilla","Valle del Jerte","Vizcaya"],"articleSection":["Arte y Cultura","Destinos"],"inLanguage":"es","potentialAction":[{"@type":"CommentAction","name":"Comment","target":["https:\/\/www.escapadarural.com\/blog\/planes-baratos-y-gratis-en-mayo\/#respond"]}]},{"@type":"WebPage","@id":"https:\/\/www.escapadarural.com\/blog\/planes-baratos-y-gratis-en-mayo\/","url":"https:\/\/www.escapadarural.com\/blog\/planes-baratos-y-gratis-en-mayo\/","name":"Planes baratos (o gratis) para un mayo sin sayo \u2600\ufe0f - EscapadaRural","isPartOf":{"@id":"https:\/\/www.escapadarural.com\/blog\/#website"},"primaryImageOfPage":{"@id":"https:\/\/www.escapadarural.com\/blog\/planes-baratos-y-gratis-en-mayo\/#primaryimage"},"image":{"@id":"https:\/\/www.escapadarural.com\/blog\/planes-baratos-y-gratis-en-mayo\/#primaryimage"},"thumbnailUrl":"https:\/\/www.escapadarural.com\/blog\/wp-content\/uploads\/2026\/04\/AdobeStock_613579227-scaled.jpeg","datePublished":"2026-04-27T06:55:00+00:00","description":"Fiestas, flores, rutas, romer\u00edas en el campo.... \u00a1No te pierdas los mejores planes para mayo! Son econ\u00f3micos, y algunos gratis.","breadcrumb":{"@id":"https:\/\/www.escapadarural.com\/blog\/planes-baratos-y-gratis-en-mayo\/#breadcrumb"},"inLanguage":"es","potentialAction":[{"@type":"ReadAction","target":["https:\/\/www.escapadarural.com\/blog\/planes-baratos-y-gratis-en-mayo\/"]}]},{"@type":"ImageObject","inLanguage":"es","@id":"https:\/\/www.escapadarural.com\/blog\/planes-baratos-y-gratis-en-mayo\/#primaryimage","url":"https:\/\/www.escapadarural.com\/blog\/wp-content\/uploads\/2026\/04\/AdobeStock_613579227-scaled.jpeg","contentUrl":"https:\/\/www.escapadarural.com\/blog\/wp-content\/uploads\/2026\/04\/AdobeStock_613579227-scaled.jpeg","width":2048,"height":1154,"caption":"Cerezos en flor en el Jerte (C\u00e1ceres). Por M.studio"},{"@type":"BreadcrumbList","@id":"https:\/\/www.escapadarural.com\/blog\/planes-baratos-y-gratis-en-mayo\/#breadcrumb","itemListElement":[{"@type":"ListItem","position":1,"name":"Inicio","item":"https:\/\/www.escapadarural.com\/blog\/"},{"@type":"ListItem","position":2,"name":"Destinos","item":"https:\/\/www.escapadarural.com\/blog\/categoria\/destinos\/"},{"@type":"ListItem","position":3,"name":"Planes baratos (o gratis) para un mayo sin sayo \u2600\ufe0f"}]},{"@type":"WebSite","@id":"https:\/\/www.escapadarural.com\/blog\/#website","url":"https:\/\/www.escapadarural.com\/blog\/","name":"Blog de viajes | turismo rural, alojamientos e inspiraci\u00f3n","description":"Alojamientos rurales e inspiraci\u00f3n para tus escapadas","publisher":{"@id":"https:\/\/www.escapadarural.com\/blog\/#organization"},"alternateName":"Magazine de viajes de EscapadaRural","potentialAction":[{"@type":"SearchAction","target":{"@type":"EntryPoint","urlTemplate":"https:\/\/www.escapadarural.com\/blog\/?s={search_term_string}"},"query-input":{"@type":"PropertyValueSpecification","valueRequired":true,"valueName":"search_term_string"}}],"inLanguage":"es"},{"@type":"Organization","@id":"https:\/\/www.escapadarural.com\/blog\/#organization","name":"EscapadaRural","url":"https:\/\/www.escapadarural.com\/blog\/","logo":{"@type":"ImageObject","inLanguage":"es","@id":"https:\/\/www.escapadarural.com\/blog\/#\/schema\/logo\/image\/","url":"https:\/\/www.escapadarural.com\/blog\/wp-content\/uploads\/2024\/10\/cropped-cropped-escapada-rural-icon-mag-3.png","contentUrl":"https:\/\/www.escapadarural.com\/blog\/wp-content\/uploads\/2024\/10\/cropped-cropped-escapada-rural-icon-mag-3.png","width":512,"height":512,"caption":"EscapadaRural"},"image":{"@id":"https:\/\/www.escapadarural.com\/blog\/#\/schema\/logo\/image\/"},"sameAs":["https:\/\/www.facebook.com\/escapadarural","https:\/\/www.instagram.com\/escapadarural\/","https:\/\/www.youtube.com\/@escapadaruralcom"]},{"@type":"Person","@id":"https:\/\/www.escapadarural.com\/blog\/#\/schema\/person\/a9b46ae4d047d8a2c719f31e75206cff","name":"Laura Fern\u00e1ndez","image":{"@type":"ImageObject","inLanguage":"es","@id":"https:\/\/www.escapadarural.com\/blog\/wp-content\/uploads\/2025\/01\/cropped-laura_raponchii-96x96.jpg","url":"https:\/\/www.escapadarural.com\/blog\/wp-content\/uploads\/2025\/01\/cropped-laura_raponchii-96x96.jpg","contentUrl":"https:\/\/www.escapadarural.com\/blog\/wp-content\/uploads\/2025\/01\/cropped-laura_raponchii-96x96.jpg","caption":"Laura Fern\u00e1ndez"},"description":"Periodista, blogger y viajera. No necesariamente en ese orden. En ocasiones me despierto sin saber d\u00f3nde estoy. Adicta a los c\u00f3mics y a los noodles con salsa de cacahuete. Redactora en @escapadarural, colaboradora en la Conde Nast Traveler y en la Divinity. Mi casa: Meridiano180.","sameAs":["http:\/\/www.meridiano180.com\/"],"url":"https:\/\/www.escapadarural.com\/blog\/autor\/laura\/"}]}},"_links":{"self":[{"href":"https:\/\/www.escapadarural.com\/blog\/wp-json\/wp\/v2\/posts\/216553","targetHints":{"allow":["GET"]}}],"collection":[{"href":"https:\/\/www.escapadarural.com\/blog\/wp-json\/wp\/v2\/posts"}],"about":[{"href":"https:\/\/www.escapadarural.com\/blog\/wp-json\/wp\/v2\/types\/post"}],"author":[{"embeddable":true,"href":"https:\/\/www.escapadarural.com\/blog\/wp-json\/wp\/v2\/users\/89"}],"replies":[{"embeddable":true,"href":"https:\/\/www.escapadarural.com\/blog\/wp-json\/wp\/v2\/comments?post=216553"}],"version-history":[{"count":10,"href":"https:\/\/www.escapadarural.com\/blog\/wp-json\/wp\/v2\/posts\/216553\/revisions"}],"predecessor-version":[{"id":216990,"href":"https:\/\/www.escapadarural.com\/blog\/wp-json\/wp\/v2\/posts\/216553\/revisions\/216990"}],"wp:featuredmedia":[{"embeddable":true,"href":"https:\/\/www.escapadarural.com\/blog\/wp-json\/wp\/v2\/media\/216574"}],"wp:attachment":[{"href":"https:\/\/www.escapadarural.com\/blog\/wp-json\/wp\/v2\/media?parent=216553"}],"wp:term":[{"taxonomy":"category","embeddable":true,"href":"https:\/\/www.escapadarural.com\/blog\/wp-json\/wp\/v2\/categories?post=216553"},{"taxonomy":"post_tag","embeddable":true,"href":"https:\/\/www.escapadarural.com\/blog\/wp-json\/wp\/v2\/tags?post=216553"}],"curies":[{"name":"wp","href":"https:\/\/api.w.org\/{rel}","templated":true}]}}