{"id":217131,"date":"2026-04-29T11:27:55","date_gmt":"2026-04-29T09:27:55","guid":{"rendered":"https:\/\/www.escapadarural.com\/blog\/?p=217131"},"modified":"2026-04-29T11:38:42","modified_gmt":"2026-04-29T09:38:42","slug":"navarra-territorio-invitado-coetur","status":"publish","type":"post","link":"https:\/\/www.escapadarural.com\/blog\/navarra-territorio-invitado-coetur\/","title":{"rendered":"Navarra ser\u00e1 el territorio invitado en la XII edici\u00f3n de Coetur, el congreso de turismo rural iniciativa de EscapadaRural"},"content":{"rendered":"\n<ul class=\"wp-block-list\">\n<li><strong>Navarra patrocina la sesi\u00f3n de networking del Congreso, durante la cual los asistentes podr\u00e1n conocer algunas experiencias tur\u00edsticas de la regi\u00f3n.<\/strong><\/li>\n<\/ul>\n\n\n\n<ul class=\"wp-block-list\">\n<li><strong>La XII edici\u00f3n de Coetur, el congreso de referencia del sector del turismo rural iniciativa de EscapadaRural, se celebrar\u00e1 los d\u00edas 6 y 7 de mayo en Villamart\u00edn (C\u00e1diz) y reunir\u00e1 a m\u00e1s de 150 asistentes del sector.<\/strong><\/li>\n<\/ul>\n\n\n\n<ul class=\"wp-block-list\">\n<li><strong>L\u00edderes de opini\u00f3n y expertos de diferentes \u00e1mbitos participar\u00e1n en el congreso a trav\u00e9s de ponencias, mesas redondas y talleres, creando un foro de debate y reflexi\u00f3n.&nbsp;<\/strong><\/li>\n<\/ul>\n\n\n\n<figure class=\"wp-block-image size-large\"><img loading=\"lazy\" decoding=\"async\" width=\"1024\" height=\"608\" src=\"https:\/\/www.escapadarural.com\/blog\/wp-content\/uploads\/2026\/04\/AdobeStock_671002011-1024x608.jpeg\" alt=\"Pueblo de Atallu en el Valle de Araitz, con las Malloas de fondo, en Navarra. Por poliki\" class=\"wp-image-216894\" srcset=\"https:\/\/www.escapadarural.com\/blog\/wp-content\/uploads\/2026\/04\/AdobeStock_671002011-200x119.jpeg 200w, https:\/\/www.escapadarural.com\/blog\/wp-content\/uploads\/2026\/04\/AdobeStock_671002011-300x178.jpeg 300w, https:\/\/www.escapadarural.com\/blog\/wp-content\/uploads\/2026\/04\/AdobeStock_671002011-400x238.jpeg 400w, https:\/\/www.escapadarural.com\/blog\/wp-content\/uploads\/2026\/04\/AdobeStock_671002011-600x356.jpeg 600w, https:\/\/www.escapadarural.com\/blog\/wp-content\/uploads\/2026\/04\/AdobeStock_671002011-768x456.jpeg 768w, https:\/\/www.escapadarural.com\/blog\/wp-content\/uploads\/2026\/04\/AdobeStock_671002011-800x475.jpeg 800w, https:\/\/www.escapadarural.com\/blog\/wp-content\/uploads\/2026\/04\/AdobeStock_671002011-1024x608.jpeg 1024w, https:\/\/www.escapadarural.com\/blog\/wp-content\/uploads\/2026\/04\/AdobeStock_671002011-1200x713.jpeg 1200w, https:\/\/www.escapadarural.com\/blog\/wp-content\/uploads\/2026\/04\/AdobeStock_671002011-1536x912.jpeg 1536w\" sizes=\"auto, (max-width: 1024px) 100vw, 1024px\" \/><figcaption class=\"wp-element-caption\">Pueblo de Atallu en el Valle de Araitz, con las Malloas de fondo, en Navarra. Por poliki<\/figcaption><\/figure>\n\n\n\n<p>La <strong>XII edici\u00f3n de Coetur<\/strong>, el <a href=\"https:\/\/www.escapadarural.com\/blog\/coetur\/\">congreso de referencia del sector del turismo rural<\/a> organizado por <strong>EscapadaRural<\/strong>, cuenta este a\u00f1o con la <strong>colaboraci\u00f3n especial de <\/strong><strong>Navarra<\/strong> como territorio invitado y dinamizador de la sesi\u00f3n de networking que cerrar\u00e1 la primera jornada del congreso.&nbsp;<\/p>\n\n\n\n<p>Coetur, que se celebra con el apoyo de la&nbsp; Consejer\u00eda de Turismo y Andaluc\u00eda Exterior de la <strong>Junta de Andaluc\u00eda y el Patronato de Turismo de la Diputaci\u00f3n Provincial de C\u00e1diz<\/strong>, tendr\u00e1 lugar los d\u00edas <strong>6 y 7 de mayo<\/strong> en la localidad de <strong>Villamart\u00edn<\/strong>, ubicada en la provincia de C\u00e1diz.<\/p>\n\n\n\n<p>Durante la sesi\u00f3n de networking, uno de los momentos m\u00e1s esperados del congreso, los asistentes tendr\u00e1n la oportunidad de sumergirse en la historia enotur\u00edstica de la <strong>Reyna de Copas Olite<\/strong>, que adem\u00e1s de ofrecer catas dirigidas y venta de vinos de la regi\u00f3n propone visitas guiadas al castillo de Olite y su casco hist\u00f3rico; sorprenderse con los ecodise\u00f1os de <strong>Baku Barrikupel<\/strong>, el negocio familiar de reutilizaci\u00f3n de las barricas de vino para dise\u00f1ar y fabricar elementos decorativos y funcionales; inspirarse con el proyecto de la casa rural <strong>Markulluko Borda Rural Suites<\/strong>, parte de la iniciativa Huella Positiva de turismo regenerativo de Navarra, cuya experiencia se centra en crear un oasis de mariposas y aves en Elizondo; y <strong>Catering Cock<\/strong>, empresa de c\u00e1tering que deleitar\u00e1n a los asistentes con una degustaci\u00f3n de quesos y pimientos de Navarra y elaborar\u00e1n el Mojito de Rosado (Mojirose), c\u00f3ctel tradicional elaborado con vino D.O. de Navarra, hierbabuena y lima.&nbsp;<\/p>\n\n\n\n<p>Beatriz P\u00e9rez, de Reyna de Copas Olite; Amaia Prieto, de Baku Barrikupel, Maxux Go\u00f1i de Markulluko Borda Rural Suites, y Carlos Rodr\u00edguez y Diana D\u00edez, de Catering Cock, nos acompa\u00f1ar\u00e1n y, en su labor de embajadores, explicar\u00e1n a los congresistas el origen, historia y elaboraci\u00f3n de cada producto.<\/p>\n\n\n\n<p>Asimismo, la provincia de C\u00e1diz ser\u00e1 protagonista de COETUR con la participaci\u00f3n de <strong>Adri\u00e1n P\u00e9rez, T\u00e9cnico de Promoci\u00f3n y Comercializaci\u00f3n Tur\u00edstica del Patronato Provincial de Turismo de C\u00e1diz, <\/strong>en una mesa redonda en la que conoceremos casos de \u00e9xito de experiencias agrotur\u00edsticas. Concretamente, Adri\u00e1n hablar\u00e1 del \u2018Cultivo Desterrado\u2019, un proyecto de redise\u00f1o agr\u00edcola sostenible que recupera y pone de nuevo en valor la huerta de navazo: uno de los sistemas tradicionales de cultivo m\u00e1s singulares del mundo, exclusivo -pr\u00e1cticamente- de la zona de Sanl\u00facar de Barrameda, con 800 a\u00f1os de historia y en peligro de extinci\u00f3n.<\/p>\n\n\n\n<p><strong>Ana Rivas Allo<\/strong>, <strong>directora general de\u00a0 Turismo del Gobierno de Navarra<\/strong>, recalca la apuesta por el turismo rural que hace el Visit Navarra con su presencia como territorio invitado en Coetur:<em> \u201cNavarra participa en Coetur 2026 con una propuesta que contin\u00faa la senda trazada en la direcci\u00f3n general de impulsar tipos de turismo especializados, de bajo impacto en n\u00famero, pero de alto valor a\u00f1adido, como son el turismo regenerativo, el enogastron\u00f3mico, el cicloturismo, el de experiencias exclusivas o el turismo de naturaleza, entre otros. Avanzando, adem\u00e1s, en este camino junto al sector privado, impulsando la competitividad y el empleo\u201d<\/em>, afirma.<\/p>\n\n\n\n<p>Por su parte, <strong>Olivia Fontela, directora de Marketing de EscapadaRural<\/strong>, a\u00f1ade que <em>\u201cla sesi\u00f3n de networking es un momento clave que permite a los asistentes conocerse y compartir impresiones de la jornada y del sector del turismo rural. El congreso es, en este sentido, el punto de encuentro nacional del sector del turismo rural, y poder acompa\u00f1ar esta sesi\u00f3n con algunas experiencias tur\u00edsticas de la regi\u00f3n de Navarra es un a\u00f1adido que, sin duda, har\u00e1 que disfruten a\u00fan m\u00e1s de esta actividad\u201d.<\/em><\/p>\n\n\n\n<h2 class=\"wp-block-heading\"><strong>Coetur 2026: dos d\u00edas de debate, reflexi\u00f3n y novedades<\/strong><\/h2>\n\n\n\n<p>Coetur es un espacio de debate abierto, punto de encuentro e intercambio de experiencias cuyo objetivo es potenciar el sector del turismo rural. Este a\u00f1o el programa cuenta con la <strong>participaci\u00f3n de veinte l\u00edderes de opini\u00f3n, expertos y profesionales del sector<\/strong> que, a trav\u00e9s de ponencias, mesas redondas, debates y talleres pr\u00e1cticos, tratar\u00e1n temas clave como la <strong>sostenibilidad y el equilibrio ambiental<\/strong>; la atracci\u00f3n de<strong> viajero internacional<\/strong> a nuestros destinos de interior; la <strong>transformaci\u00f3n digital de los destinos<\/strong>; y de nuevas posibilidades de turismo como las <strong>experiencias agrotur\u00edstica y de km0<\/strong>.&nbsp;<\/p>\n\n\n\n<p>Los asistentes tambi\u00e9n tendr\u00e1n la oportunidad de asistir a uno de los tres <strong>talleres<\/strong> en los que se abordar\u00e1n temas de actualidad c\u00f3mo la \u201cInteligencia Artificial (IA) aplicada al sector tur\u00edstico: Estrategias y herramientas para mejorar la reputaci\u00f3n online\u201d impartido por Turisteach; un taller de creaci\u00f3n de experiencias innovadoras para turismo rural y agroturismo liderado por Globaldit; as\u00ed c\u00f3mo las mejores pr\u00e1cticas para mejorar la visibilidad del alojamiento rural y conseguir m\u00e1s reservas en EscapadaRural.&nbsp;<\/p>\n\n\n\n<figure class=\"wp-block-image size-large\"><img loading=\"lazy\" decoding=\"async\" width=\"1024\" height=\"819\" src=\"https:\/\/www.escapadarural.com\/blog\/wp-content\/uploads\/2026\/03\/Cabecera-email-1024x819.jpg\" alt=\"Cartel promocional de Coetur, Iniciativa de EscapadaRural, celebrada los d\u00edas 6 y 7 de mayo de 2026 en Villamart\u00edn, C\u00e1diz. Con paisaje estilizado y logotipos de los patrocinadores: Andaluc\u00eda, Diputaci\u00f3n de C\u00e1diz y Junta de Andaluc\u00eda.\" class=\"wp-image-214467\" srcset=\"https:\/\/www.escapadarural.com\/blog\/wp-content\/uploads\/2026\/03\/Cabecera-email-200x160.jpg 200w, https:\/\/www.escapadarural.com\/blog\/wp-content\/uploads\/2026\/03\/Cabecera-email-300x240.jpg 300w, https:\/\/www.escapadarural.com\/blog\/wp-content\/uploads\/2026\/03\/Cabecera-email-400x320.jpg 400w, https:\/\/www.escapadarural.com\/blog\/wp-content\/uploads\/2026\/03\/Cabecera-email-600x480.jpg 600w, https:\/\/www.escapadarural.com\/blog\/wp-content\/uploads\/2026\/03\/Cabecera-email-768x614.jpg 768w, https:\/\/www.escapadarural.com\/blog\/wp-content\/uploads\/2026\/03\/Cabecera-email-800x640.jpg 800w, https:\/\/www.escapadarural.com\/blog\/wp-content\/uploads\/2026\/03\/Cabecera-email-1024x819.jpg 1024w, https:\/\/www.escapadarural.com\/blog\/wp-content\/uploads\/2026\/03\/Cabecera-email-1200x960.jpg 1200w, https:\/\/www.escapadarural.com\/blog\/wp-content\/uploads\/2026\/03\/Cabecera-email.jpg 1280w\" sizes=\"auto, (max-width: 1024px) 100vw, 1024px\" \/><\/figure>\n\n\n\n<p><\/p>\n","protected":false},"excerpt":{"rendered":"<p>La XII edici\u00f3n de Coetur, el congreso de referencia del sector del turismo rural organizado por EscapadaRural, cuenta este a\u00f1o con la colaboraci\u00f3n especial de Navarra como territorio invitado y dinamizador de la sesi\u00f3n de networking que cerrar\u00e1 la primera jornada del congreso.\u00a0<\/p>\n","protected":false},"author":176,"featured_media":216225,"comment_status":"open","ping_status":"open","sticky":false,"template":"","format":"standard","meta":{"_acf_changed":false,"om_disable_all_campaigns":false,"footnotes":""},"categories":[385,879,390],"tags":[],"class_list":["post-217131","post","type-post","status-publish","format-standard","has-post-thumbnail","hentry","category-coetur","category-notas-de-prensa","category-noticias"],"acf":[],"featured_image_src":"https:\/\/www.escapadarural.com\/blog\/wp-content\/uploads\/2026\/04\/04_PlanesLluvia_Irati_gurb101088_AdobeStock_682386670-scaled.jpeg","author_info":{"display_name":"Ariadna de Salsas","author_link":"https:\/\/www.escapadarural.com\/blog\/autor\/ariadna\/"},"yoast_head":"<!-- This site is optimized with the Yoast SEO plugin v27.5 - https:\/\/yoast.com\/product\/yoast-seo-wordpress\/ -->\n<title>Navarra ser\u00e1 el territorio invitado en la XII edici\u00f3n de Coetur, el congreso de turismo rural iniciativa de EscapadaRural - EscapadaRural<\/title>\n<meta name=\"description\" content=\"Coetur cuenta este a\u00f1o con la colaboraci\u00f3n especial de Navarra como territorio invitado en su XII edici\u00f3n.\" \/>\n<meta name=\"robots\" content=\"index, follow, max-snippet:-1, max-image-preview:large, max-video-preview:-1\" \/>\n<link rel=\"canonical\" href=\"https:\/\/www.escapadarural.com\/blog\/navarra-territorio-invitado-coetur\/\" \/>\n<meta property=\"og:locale\" content=\"es_ES\" \/>\n<meta property=\"og:type\" content=\"article\" \/>\n<meta property=\"og:title\" content=\"Navarra ser\u00e1 el territorio invitado en la XII edici\u00f3n de Coetur, el congreso de turismo rural iniciativa de EscapadaRural - EscapadaRural\" \/>\n<meta property=\"og:description\" content=\"Coetur cuenta este a\u00f1o con la colaboraci\u00f3n especial de Navarra como territorio invitado en su XII edici\u00f3n.\" \/>\n<meta property=\"og:url\" content=\"https:\/\/www.escapadarural.com\/blog\/navarra-territorio-invitado-coetur\/\" \/>\n<meta property=\"og:site_name\" content=\"Magazine de viajes de EscapadaRural\" \/>\n<meta property=\"article:publisher\" content=\"https:\/\/www.facebook.com\/escapadarural\" \/>\n<meta property=\"article:published_time\" content=\"2026-04-29T09:27:55+00:00\" \/>\n<meta property=\"article:modified_time\" content=\"2026-04-29T09:38:42+00:00\" \/>\n<meta property=\"og:image\" content=\"https:\/\/www.escapadarural.com\/blog\/wp-content\/uploads\/2026\/04\/04_PlanesLluvia_Irati_gurb101088_AdobeStock_682386670-scaled.jpeg?v=1777455523\" \/>\n\t<meta property=\"og:image:width\" content=\"2048\" \/>\n\t<meta property=\"og:image:height\" content=\"1365\" \/>\n\t<meta property=\"og:image:type\" content=\"image\/jpeg\" \/>\n<meta name=\"author\" content=\"Ariadna de Salsas\" \/>\n<meta name=\"twitter:card\" content=\"summary_large_image\" \/>\n<meta name=\"twitter:label1\" content=\"Escrito por\" \/>\n\t<meta name=\"twitter:data1\" content=\"Ariadna de Salsas\" \/>\n\t<meta name=\"twitter:label2\" content=\"Tiempo de lectura\" \/>\n\t<meta name=\"twitter:data2\" content=\"5 minutos\" \/>\n<script type=\"application\/ld+json\" class=\"yoast-schema-graph\">{\"@context\":\"https:\\\/\\\/schema.org\",\"@graph\":[{\"@type\":\"Article\",\"@id\":\"https:\\\/\\\/www.escapadarural.com\\\/blog\\\/navarra-territorio-invitado-coetur\\\/#article\",\"isPartOf\":{\"@id\":\"https:\\\/\\\/www.escapadarural.com\\\/blog\\\/navarra-territorio-invitado-coetur\\\/\"},\"author\":{\"name\":\"Ariadna de Salsas\",\"@id\":\"https:\\\/\\\/www.escapadarural.com\\\/blog\\\/#\\\/schema\\\/person\\\/e0700113ed97d90f1ec44e8099ceb8a6\"},\"headline\":\"Navarra ser\u00e1 el territorio invitado en la XII edici\u00f3n de Coetur, el congreso de turismo rural iniciativa de EscapadaRural\",\"datePublished\":\"2026-04-29T09:27:55+00:00\",\"dateModified\":\"2026-04-29T09:38:42+00:00\",\"mainEntityOfPage\":{\"@id\":\"https:\\\/\\\/www.escapadarural.com\\\/blog\\\/navarra-territorio-invitado-coetur\\\/\"},\"wordCount\":975,\"commentCount\":0,\"publisher\":{\"@id\":\"https:\\\/\\\/www.escapadarural.com\\\/blog\\\/#organization\"},\"image\":{\"@id\":\"https:\\\/\\\/www.escapadarural.com\\\/blog\\\/navarra-territorio-invitado-coetur\\\/#primaryimage\"},\"thumbnailUrl\":\"https:\\\/\\\/www.escapadarural.com\\\/blog\\\/wp-content\\\/uploads\\\/2026\\\/04\\\/04_PlanesLluvia_Irati_gurb101088_AdobeStock_682386670-scaled.jpeg\",\"articleSection\":[\"Coetur\",\"Notas de prensa\",\"Noticias\"],\"inLanguage\":\"es\",\"potentialAction\":[{\"@type\":\"CommentAction\",\"name\":\"Comment\",\"target\":[\"https:\\\/\\\/www.escapadarural.com\\\/blog\\\/navarra-territorio-invitado-coetur\\\/#respond\"]}]},{\"@type\":\"WebPage\",\"@id\":\"https:\\\/\\\/www.escapadarural.com\\\/blog\\\/navarra-territorio-invitado-coetur\\\/\",\"url\":\"https:\\\/\\\/www.escapadarural.com\\\/blog\\\/navarra-territorio-invitado-coetur\\\/\",\"name\":\"Navarra ser\u00e1 el territorio invitado en la XII edici\u00f3n de Coetur, el congreso de turismo rural iniciativa de EscapadaRural - EscapadaRural\",\"isPartOf\":{\"@id\":\"https:\\\/\\\/www.escapadarural.com\\\/blog\\\/#website\"},\"primaryImageOfPage\":{\"@id\":\"https:\\\/\\\/www.escapadarural.com\\\/blog\\\/navarra-territorio-invitado-coetur\\\/#primaryimage\"},\"image\":{\"@id\":\"https:\\\/\\\/www.escapadarural.com\\\/blog\\\/navarra-territorio-invitado-coetur\\\/#primaryimage\"},\"thumbnailUrl\":\"https:\\\/\\\/www.escapadarural.com\\\/blog\\\/wp-content\\\/uploads\\\/2026\\\/04\\\/04_PlanesLluvia_Irati_gurb101088_AdobeStock_682386670-scaled.jpeg\",\"datePublished\":\"2026-04-29T09:27:55+00:00\",\"dateModified\":\"2026-04-29T09:38:42+00:00\",\"description\":\"Coetur cuenta este a\u00f1o con la colaboraci\u00f3n especial de Navarra como territorio invitado en su XII edici\u00f3n.\",\"breadcrumb\":{\"@id\":\"https:\\\/\\\/www.escapadarural.com\\\/blog\\\/navarra-territorio-invitado-coetur\\\/#breadcrumb\"},\"inLanguage\":\"es\",\"potentialAction\":[{\"@type\":\"ReadAction\",\"target\":[\"https:\\\/\\\/www.escapadarural.com\\\/blog\\\/navarra-territorio-invitado-coetur\\\/\"]}]},{\"@type\":\"ImageObject\",\"inLanguage\":\"es\",\"@id\":\"https:\\\/\\\/www.escapadarural.com\\\/blog\\\/navarra-territorio-invitado-coetur\\\/#primaryimage\",\"url\":\"https:\\\/\\\/www.escapadarural.com\\\/blog\\\/wp-content\\\/uploads\\\/2026\\\/04\\\/04_PlanesLluvia_Irati_gurb101088_AdobeStock_682386670-scaled.jpeg\",\"contentUrl\":\"https:\\\/\\\/www.escapadarural.com\\\/blog\\\/wp-content\\\/uploads\\\/2026\\\/04\\\/04_PlanesLluvia_Irati_gurb101088_AdobeStock_682386670-scaled.jpeg\",\"width\":2048,\"height\":1365,\"caption\":\"La Selva de Irati (Navarra) adquiere otra atm\u00f3sfera cuando llueve. Por gurb101088.\"},{\"@type\":\"BreadcrumbList\",\"@id\":\"https:\\\/\\\/www.escapadarural.com\\\/blog\\\/navarra-territorio-invitado-coetur\\\/#breadcrumb\",\"itemListElement\":[{\"@type\":\"ListItem\",\"position\":1,\"name\":\"Inicio\",\"item\":\"https:\\\/\\\/www.escapadarural.com\\\/blog\\\/\"},{\"@type\":\"ListItem\",\"position\":2,\"name\":\"Coetur\",\"item\":\"https:\\\/\\\/www.escapadarural.com\\\/blog\\\/categoria\\\/coetur\\\/\"},{\"@type\":\"ListItem\",\"position\":3,\"name\":\"Navarra ser\u00e1 el territorio invitado en la XII edici\u00f3n de Coetur, el congreso de turismo rural iniciativa de EscapadaRural\"}]},{\"@type\":\"WebSite\",\"@id\":\"https:\\\/\\\/www.escapadarural.com\\\/blog\\\/#website\",\"url\":\"https:\\\/\\\/www.escapadarural.com\\\/blog\\\/\",\"name\":\"Blog de viajes | turismo rural, alojamientos e inspiraci\u00f3n\",\"description\":\"Alojamientos rurales e inspiraci\u00f3n para tus escapadas\",\"publisher\":{\"@id\":\"https:\\\/\\\/www.escapadarural.com\\\/blog\\\/#organization\"},\"alternateName\":\"Magazine de viajes de EscapadaRural\",\"potentialAction\":[{\"@type\":\"SearchAction\",\"target\":{\"@type\":\"EntryPoint\",\"urlTemplate\":\"https:\\\/\\\/www.escapadarural.com\\\/blog\\\/?s={search_term_string}\"},\"query-input\":{\"@type\":\"PropertyValueSpecification\",\"valueRequired\":true,\"valueName\":\"search_term_string\"}}],\"inLanguage\":\"es\"},{\"@type\":\"Organization\",\"@id\":\"https:\\\/\\\/www.escapadarural.com\\\/blog\\\/#organization\",\"name\":\"EscapadaRural\",\"url\":\"https:\\\/\\\/www.escapadarural.com\\\/blog\\\/\",\"logo\":{\"@type\":\"ImageObject\",\"inLanguage\":\"es\",\"@id\":\"https:\\\/\\\/www.escapadarural.com\\\/blog\\\/#\\\/schema\\\/logo\\\/image\\\/\",\"url\":\"https:\\\/\\\/www.escapadarural.com\\\/blog\\\/wp-content\\\/uploads\\\/2024\\\/10\\\/cropped-cropped-escapada-rural-icon-mag-3.png\",\"contentUrl\":\"https:\\\/\\\/www.escapadarural.com\\\/blog\\\/wp-content\\\/uploads\\\/2024\\\/10\\\/cropped-cropped-escapada-rural-icon-mag-3.png\",\"width\":512,\"height\":512,\"caption\":\"EscapadaRural\"},\"image\":{\"@id\":\"https:\\\/\\\/www.escapadarural.com\\\/blog\\\/#\\\/schema\\\/logo\\\/image\\\/\"},\"sameAs\":[\"https:\\\/\\\/www.facebook.com\\\/escapadarural\",\"https:\\\/\\\/www.instagram.com\\\/escapadarural\\\/\",\"https:\\\/\\\/www.youtube.com\\\/@escapadaruralcom\"]},{\"@type\":\"Person\",\"@id\":\"https:\\\/\\\/www.escapadarural.com\\\/blog\\\/#\\\/schema\\\/person\\\/e0700113ed97d90f1ec44e8099ceb8a6\",\"name\":\"Ariadna de Salsas\",\"image\":{\"@type\":\"ImageObject\",\"inLanguage\":\"es\",\"@id\":\"https:\\\/\\\/secure.gravatar.com\\\/avatar\\\/7fe6123882f3bc85cc55f1773384e6d0740b26498f9d5b7cf5eea7f9f1e141ba?s=96&d=mm&r=g\",\"url\":\"https:\\\/\\\/secure.gravatar.com\\\/avatar\\\/7fe6123882f3bc85cc55f1773384e6d0740b26498f9d5b7cf5eea7f9f1e141ba?s=96&d=mm&r=g\",\"contentUrl\":\"https:\\\/\\\/secure.gravatar.com\\\/avatar\\\/7fe6123882f3bc85cc55f1773384e6d0740b26498f9d5b7cf5eea7f9f1e141ba?s=96&d=mm&r=g\",\"caption\":\"Ariadna de Salsas\"},\"url\":\"https:\\\/\\\/www.escapadarural.com\\\/blog\\\/autor\\\/ariadna\\\/\"}]}<\/script>\n<!-- \/ Yoast SEO plugin. -->","yoast_head_json":{"title":"Navarra ser\u00e1 el territorio invitado en la XII edici\u00f3n de Coetur, el congreso de turismo rural iniciativa de EscapadaRural - EscapadaRural","description":"Coetur cuenta este a\u00f1o con la colaboraci\u00f3n especial de Navarra como territorio invitado en su XII edici\u00f3n.","robots":{"index":"index","follow":"follow","max-snippet":"max-snippet:-1","max-image-preview":"max-image-preview:large","max-video-preview":"max-video-preview:-1"},"canonical":"https:\/\/www.escapadarural.com\/blog\/navarra-territorio-invitado-coetur\/","og_locale":"es_ES","og_type":"article","og_title":"Navarra ser\u00e1 el territorio invitado en la XII edici\u00f3n de Coetur, el congreso de turismo rural iniciativa de EscapadaRural - EscapadaRural","og_description":"Coetur cuenta este a\u00f1o con la colaboraci\u00f3n especial de Navarra como territorio invitado en su XII edici\u00f3n.","og_url":"https:\/\/www.escapadarural.com\/blog\/navarra-territorio-invitado-coetur\/","og_site_name":"Magazine de viajes de EscapadaRural","article_publisher":"https:\/\/www.facebook.com\/escapadarural","article_published_time":"2026-04-29T09:27:55+00:00","article_modified_time":"2026-04-29T09:38:42+00:00","og_image":[{"width":2048,"height":1365,"url":"https:\/\/www.escapadarural.com\/blog\/wp-content\/uploads\/2026\/04\/04_PlanesLluvia_Irati_gurb101088_AdobeStock_682386670-scaled.jpeg?v=1777455523","type":"image\/jpeg"}],"author":"Ariadna de Salsas","twitter_card":"summary_large_image","twitter_misc":{"Escrito por":"Ariadna de Salsas","Tiempo de lectura":"5 minutos"},"schema":{"@context":"https:\/\/schema.org","@graph":[{"@type":"Article","@id":"https:\/\/www.escapadarural.com\/blog\/navarra-territorio-invitado-coetur\/#article","isPartOf":{"@id":"https:\/\/www.escapadarural.com\/blog\/navarra-territorio-invitado-coetur\/"},"author":{"name":"Ariadna de Salsas","@id":"https:\/\/www.escapadarural.com\/blog\/#\/schema\/person\/e0700113ed97d90f1ec44e8099ceb8a6"},"headline":"Navarra ser\u00e1 el territorio invitado en la XII edici\u00f3n de Coetur, el congreso de turismo rural iniciativa de EscapadaRural","datePublished":"2026-04-29T09:27:55+00:00","dateModified":"2026-04-29T09:38:42+00:00","mainEntityOfPage":{"@id":"https:\/\/www.escapadarural.com\/blog\/navarra-territorio-invitado-coetur\/"},"wordCount":975,"commentCount":0,"publisher":{"@id":"https:\/\/www.escapadarural.com\/blog\/#organization"},"image":{"@id":"https:\/\/www.escapadarural.com\/blog\/navarra-territorio-invitado-coetur\/#primaryimage"},"thumbnailUrl":"https:\/\/www.escapadarural.com\/blog\/wp-content\/uploads\/2026\/04\/04_PlanesLluvia_Irati_gurb101088_AdobeStock_682386670-scaled.jpeg","articleSection":["Coetur","Notas de prensa","Noticias"],"inLanguage":"es","potentialAction":[{"@type":"CommentAction","name":"Comment","target":["https:\/\/www.escapadarural.com\/blog\/navarra-territorio-invitado-coetur\/#respond"]}]},{"@type":"WebPage","@id":"https:\/\/www.escapadarural.com\/blog\/navarra-territorio-invitado-coetur\/","url":"https:\/\/www.escapadarural.com\/blog\/navarra-territorio-invitado-coetur\/","name":"Navarra ser\u00e1 el territorio invitado en la XII edici\u00f3n de Coetur, el congreso de turismo rural iniciativa de EscapadaRural - EscapadaRural","isPartOf":{"@id":"https:\/\/www.escapadarural.com\/blog\/#website"},"primaryImageOfPage":{"@id":"https:\/\/www.escapadarural.com\/blog\/navarra-territorio-invitado-coetur\/#primaryimage"},"image":{"@id":"https:\/\/www.escapadarural.com\/blog\/navarra-territorio-invitado-coetur\/#primaryimage"},"thumbnailUrl":"https:\/\/www.escapadarural.com\/blog\/wp-content\/uploads\/2026\/04\/04_PlanesLluvia_Irati_gurb101088_AdobeStock_682386670-scaled.jpeg","datePublished":"2026-04-29T09:27:55+00:00","dateModified":"2026-04-29T09:38:42+00:00","description":"Coetur cuenta este a\u00f1o con la colaboraci\u00f3n especial de Navarra como territorio invitado en su XII edici\u00f3n.","breadcrumb":{"@id":"https:\/\/www.escapadarural.com\/blog\/navarra-territorio-invitado-coetur\/#breadcrumb"},"inLanguage":"es","potentialAction":[{"@type":"ReadAction","target":["https:\/\/www.escapadarural.com\/blog\/navarra-territorio-invitado-coetur\/"]}]},{"@type":"ImageObject","inLanguage":"es","@id":"https:\/\/www.escapadarural.com\/blog\/navarra-territorio-invitado-coetur\/#primaryimage","url":"https:\/\/www.escapadarural.com\/blog\/wp-content\/uploads\/2026\/04\/04_PlanesLluvia_Irati_gurb101088_AdobeStock_682386670-scaled.jpeg","contentUrl":"https:\/\/www.escapadarural.com\/blog\/wp-content\/uploads\/2026\/04\/04_PlanesLluvia_Irati_gurb101088_AdobeStock_682386670-scaled.jpeg","width":2048,"height":1365,"caption":"La Selva de Irati (Navarra) adquiere otra atm\u00f3sfera cuando llueve. Por gurb101088."},{"@type":"BreadcrumbList","@id":"https:\/\/www.escapadarural.com\/blog\/navarra-territorio-invitado-coetur\/#breadcrumb","itemListElement":[{"@type":"ListItem","position":1,"name":"Inicio","item":"https:\/\/www.escapadarural.com\/blog\/"},{"@type":"ListItem","position":2,"name":"Coetur","item":"https:\/\/www.escapadarural.com\/blog\/categoria\/coetur\/"},{"@type":"ListItem","position":3,"name":"Navarra ser\u00e1 el territorio invitado en la XII edici\u00f3n de Coetur, el congreso de turismo rural iniciativa de EscapadaRural"}]},{"@type":"WebSite","@id":"https:\/\/www.escapadarural.com\/blog\/#website","url":"https:\/\/www.escapadarural.com\/blog\/","name":"Blog de viajes | turismo rural, alojamientos e inspiraci\u00f3n","description":"Alojamientos rurales e inspiraci\u00f3n para tus escapadas","publisher":{"@id":"https:\/\/www.escapadarural.com\/blog\/#organization"},"alternateName":"Magazine de viajes de EscapadaRural","potentialAction":[{"@type":"SearchAction","target":{"@type":"EntryPoint","urlTemplate":"https:\/\/www.escapadarural.com\/blog\/?s={search_term_string}"},"query-input":{"@type":"PropertyValueSpecification","valueRequired":true,"valueName":"search_term_string"}}],"inLanguage":"es"},{"@type":"Organization","@id":"https:\/\/www.escapadarural.com\/blog\/#organization","name":"EscapadaRural","url":"https:\/\/www.escapadarural.com\/blog\/","logo":{"@type":"ImageObject","inLanguage":"es","@id":"https:\/\/www.escapadarural.com\/blog\/#\/schema\/logo\/image\/","url":"https:\/\/www.escapadarural.com\/blog\/wp-content\/uploads\/2024\/10\/cropped-cropped-escapada-rural-icon-mag-3.png","contentUrl":"https:\/\/www.escapadarural.com\/blog\/wp-content\/uploads\/2024\/10\/cropped-cropped-escapada-rural-icon-mag-3.png","width":512,"height":512,"caption":"EscapadaRural"},"image":{"@id":"https:\/\/www.escapadarural.com\/blog\/#\/schema\/logo\/image\/"},"sameAs":["https:\/\/www.facebook.com\/escapadarural","https:\/\/www.instagram.com\/escapadarural\/","https:\/\/www.youtube.com\/@escapadaruralcom"]},{"@type":"Person","@id":"https:\/\/www.escapadarural.com\/blog\/#\/schema\/person\/e0700113ed97d90f1ec44e8099ceb8a6","name":"Ariadna de Salsas","image":{"@type":"ImageObject","inLanguage":"es","@id":"https:\/\/secure.gravatar.com\/avatar\/7fe6123882f3bc85cc55f1773384e6d0740b26498f9d5b7cf5eea7f9f1e141ba?s=96&d=mm&r=g","url":"https:\/\/secure.gravatar.com\/avatar\/7fe6123882f3bc85cc55f1773384e6d0740b26498f9d5b7cf5eea7f9f1e141ba?s=96&d=mm&r=g","contentUrl":"https:\/\/secure.gravatar.com\/avatar\/7fe6123882f3bc85cc55f1773384e6d0740b26498f9d5b7cf5eea7f9f1e141ba?s=96&d=mm&r=g","caption":"Ariadna de Salsas"},"url":"https:\/\/www.escapadarural.com\/blog\/autor\/ariadna\/"}]}},"_links":{"self":[{"href":"https:\/\/www.escapadarural.com\/blog\/wp-json\/wp\/v2\/posts\/217131","targetHints":{"allow":["GET"]}}],"collection":[{"href":"https:\/\/www.escapadarural.com\/blog\/wp-json\/wp\/v2\/posts"}],"about":[{"href":"https:\/\/www.escapadarural.com\/blog\/wp-json\/wp\/v2\/types\/post"}],"author":[{"embeddable":true,"href":"https:\/\/www.escapadarural.com\/blog\/wp-json\/wp\/v2\/users\/176"}],"replies":[{"embeddable":true,"href":"https:\/\/www.escapadarural.com\/blog\/wp-json\/wp\/v2\/comments?post=217131"}],"version-history":[{"count":8,"href":"https:\/\/www.escapadarural.com\/blog\/wp-json\/wp\/v2\/posts\/217131\/revisions"}],"predecessor-version":[{"id":217150,"href":"https:\/\/www.escapadarural.com\/blog\/wp-json\/wp\/v2\/posts\/217131\/revisions\/217150"}],"wp:featuredmedia":[{"embeddable":true,"href":"https:\/\/www.escapadarural.com\/blog\/wp-json\/wp\/v2\/media\/216225"}],"wp:attachment":[{"href":"https:\/\/www.escapadarural.com\/blog\/wp-json\/wp\/v2\/media?parent=217131"}],"wp:term":[{"taxonomy":"category","embeddable":true,"href":"https:\/\/www.escapadarural.com\/blog\/wp-json\/wp\/v2\/categories?post=217131"},{"taxonomy":"post_tag","embeddable":true,"href":"https:\/\/www.escapadarural.com\/blog\/wp-json\/wp\/v2\/tags?post=217131"}],"curies":[{"name":"wp","href":"https:\/\/api.w.org\/{rel}","templated":true}]}}