{"id":2198,"date":"2018-10-23T09:30:03","date_gmt":"2018-10-23T09:30:03","guid":{"rendered":"http:\/\/15.188.81.248\/2018\/10\/23\/las-dunas-de-gran-canaria-desierto-y-oceano\/"},"modified":"2025-08-12T17:06:29","modified_gmt":"2025-08-12T15:06:29","slug":"las-dunas-de-gran-canaria-desierto-y-oceano","status":"publish","type":"post","link":"https:\/\/www.escapadarural.com\/blog\/las-dunas-de-gran-canaria-desierto-y-oceano\/","title":{"rendered":"Las Dunas de Gran Canaria, desierto y oc\u00e9ano"},"content":{"rendered":"\n<p>Todo lo que ves en la imagen es una extensi\u00f3n de organismos triturados hace millones de a\u00f1os que el viento se ha encargado de diseminar y repartir.<\/p>\n\n\n\n<p>La Reserva Natural de las Dunas de Maspalomas, un desierto con mar y paseo comercial, se ubica en el sur de <a href=\"https:\/\/www.escapadarural.com\/casas-rurales?q=%22gran%20canaria%22\" target=\"_blank\" aria-label=\" (opens in a new tab)\" rel=\"noreferrer noopener\" class=\"rank-math-link\">Gran Canaria<\/a>. Es una de las costas m\u00e1s visitadas de Europa y a pesar de ello me sumerg\u00ed en un completo silencio. \u00bfC\u00f3mo era posible?<\/p>\n\n\n\n<figure class=\"wp-block-image size-large\"><a href=\"https:\/\/www.escapadarural.com\/blog\/wp-content\/uploads\/2018\/10\/cresta.jpg\"><img decoding=\"async\" src=\"https:\/\/www.escapadarural.com\/blog\/wp-content\/uploads\/2018\/10\/cresta-1024x681-2.jpg\" alt=\"Dunas de Mmaspalomas\" class=\"wp-image-25682\"\/><\/a><figcaption class=\"wp-element-caption\">Cresta de una de las dunas de Maspalomas\n\n<\/figcaption><\/figure>\n\n\n\n<p>El ecosistema de las dunas es interesant\u00edsimo y m\u00e1s complejo de lo que la rutina visual deja entrever. Ese mundo que no somos capaces de apreciar a simple vista se protege desde 1994, a\u00f1o en el que se declar\u00f3 el lugar Reserva Natural Especial.<\/p>\n\n\n\n<p>La Reserva de las Dunas ocupa el espacio comprendido desde el Faro hasta la playa del Ingl\u00e9s. All\u00ed, invisibles, se desarrollan las curiosas vidas de los h\u00e1bitats de El Palmeral, La Charca y las Dunas, los tres \u00e1mbitos naturales que los cient\u00edficos han diferenciado en la Reserva.<\/p>\n\n\n\n<figure class=\"wp-block-image size-large\"><a href=\"https:\/\/www.escapadarural.com\/blog\/wp-content\/uploads\/2018\/10\/carrera.jpg\"><img decoding=\"async\" src=\"https:\/\/www.escapadarural.com\/blog\/wp-content\/uploads\/2018\/10\/carrera-1024x681-2.jpg\" alt=\"Dunas de Gran Canaria\" class=\"wp-image-25681\"\/><\/a><figcaption class=\"wp-element-caption\">Mi primo disfrutando a tope de las Dunas. Y yo detr\u00e1s \ud83d\ude42<\/figcaption><\/figure>\n\n\n\n<p>No hablo de la vida de los surfistas del lugar, ni de los turistas ni de los nudistas que se tumban entre los chiringuitos 3 y 4 y los chiringuitos 5 y 6. Hablo de la vida de la fauna y la flora que apenas puedes apreciar.<\/p>\n\n\n\n<figure class=\"wp-block-image size-large\"><a href=\"https:\/\/www.escapadarural.com\/blog\/wp-content\/uploads\/2018\/10\/pajaro.jpg\"><img decoding=\"async\" src=\"https:\/\/www.escapadarural.com\/blog\/wp-content\/uploads\/2018\/10\/pajaro-1024x681-2.jpg\" alt=\"Gran Canaria\" class=\"wp-image-25680\"\/><\/a><figcaption class=\"wp-element-caption\">Un chorlitejo patinegro. Tan peque\u00f1o que no esperas unas alas tan grandes.<\/figcaption><\/figure>\n\n\n\n<p>Me sorprende que haya vida en el desierto. Pude ver un tipo de ave propia del lugar, el chorlitejo patinegro, y alg\u00fan tarajal, ese tipo de planta capaz de surgir en un lugar como este.<\/p>\n\n\n\n<figure class=\"wp-block-image size-large\"><a href=\"https:\/\/www.escapadarural.com\/blog\/wp-content\/uploads\/2018\/10\/panorama.jpg\"><img decoding=\"async\" src=\"https:\/\/www.escapadarural.com\/blog\/wp-content\/uploads\/2018\/10\/panorama-1024x681-2.jpg\" alt=\"Dunas de Gran Canaria\" class=\"wp-image-25679\"\/><\/a><figcaption class=\"wp-element-caption\">Silencio entre las dunas<\/figcaption><\/figure>\n\n\n\n<p>Lo que m\u00e1s me fascin\u00f3, eso s\u00ed, fue la inmensidad del silencio de las Dunas. Desde el paseo comercial, en la plaza Fuerteventura, hasta la orilla del Oc\u00e9ano, me separaban 30 minutos de pasos des\u00e9rticos, de sube y baja, de tonos ocres y viento. Pero de esos dos l\u00edmites, del mar y del turismo, a\u00fan me separaban m\u00e1s las sensaciones.<\/p>\n\n\n\n<p>Caus\u00f3 impacto la sensaci\u00f3n de encontrarme en el desierto m\u00e1s remoto. Y quiz\u00e1s por eso tambi\u00e9n me impact\u00f3 la llegada al mar, esa sensaci\u00f3n de apertura al mundo. Fue un paseo, pero un paseo sensacional.<\/p>\n\n\n\n<figure class=\"wp-block-image size-large\"><a href=\"https:\/\/www.escapadarural.com\/blog\/wp-content\/uploads\/2018\/10\/paseo.jpg\"><img decoding=\"async\" src=\"https:\/\/www.escapadarural.com\/blog\/wp-content\/uploads\/2018\/10\/paseo-1024x681-2.jpg\" alt=\"Dunas de Gran Canaria\" class=\"wp-image-25678\"\/><\/a><figcaption class=\"wp-element-caption\">Paseos y sensaciones caminando entre dunas enormes.<\/figcaption><\/figure>\n\n\n\n<h2 class=\"wp-block-heading title-rute\" id=\"h-apuntes-para-curiosos\">Apuntes para curiosos<\/h2>\n\n\n\n<p>Los usos espec\u00edficos de la Reserva se derivan de la ciencia y la educaci\u00f3n. S\u00f3lo de forma secundaria se le otorga un uso recreativo, aunque es el que buscamos la mayor\u00eda. Algunas zonas de las Dunas se han declarado de \u00abexclusi\u00f3n\u00bb, como la zona de La Charca, por ser el \u00e1mbito m\u00e1s vulnerable, donde el peligro de extinci\u00f3n de la vida es mayor.<\/p>\n\n\n\n<figure class=\"wp-block-image size-full\"><img loading=\"lazy\" decoding=\"async\" width=\"1024\" height=\"664\" src=\"https:\/\/www.escapadarural.com\/blog\/wp-content\/uploads\/2018\/10\/viento-1024x664-1.jpg\" alt=\"Dunas de Gran Canaria\" class=\"wp-image-113406\" srcset=\"https:\/\/www.escapadarural.com\/blog\/wp-content\/uploads\/2018\/10\/viento-1024x664-1-200x130.jpg 200w, https:\/\/www.escapadarural.com\/blog\/wp-content\/uploads\/2018\/10\/viento-1024x664-1-300x195.jpg 300w, https:\/\/www.escapadarural.com\/blog\/wp-content\/uploads\/2018\/10\/viento-1024x664-1-400x259.jpg 400w, https:\/\/www.escapadarural.com\/blog\/wp-content\/uploads\/2018\/10\/viento-1024x664-1-600x389.jpg 600w, https:\/\/www.escapadarural.com\/blog\/wp-content\/uploads\/2018\/10\/viento-1024x664-1-768x498.jpg 768w, https:\/\/www.escapadarural.com\/blog\/wp-content\/uploads\/2018\/10\/viento-1024x664-1-800x519.jpg 800w, https:\/\/www.escapadarural.com\/blog\/wp-content\/uploads\/2018\/10\/viento-1024x664-1.jpg 1024w\" sizes=\"auto, (max-width: 1024px) 100vw, 1024px\" \/><figcaption class=\"wp-element-caption\">Dunas de Gran Canaria<\/figcaption><\/figure>\n\n\n\n<p>El origen de las Dunas, adem\u00e1s, tiene mucho m\u00e1s que ver con el mar y la glaciaci\u00f3n de lo que nos pensamos.<\/p>\n\n\n\n<p>El clima subtropical templado que caracteriza la isla de Gran Canaria no evita el gran contraste de espacios y temperaturas. S\u00f3lo en esta zona sur, resguardado por las monta\u00f1as de los vientos alisios del noreste, es posible la formaci\u00f3n de un sistema dunar como este.<\/p>\n\n\n\n<figure class=\"wp-block-image size-large\"><a href=\"https:\/\/www.escapadarural.com\/blog\/wp-content\/uploads\/2018\/10\/mar.jpg\"><img decoding=\"async\" src=\"https:\/\/www.escapadarural.com\/blog\/wp-content\/uploads\/2018\/10\/mar-1024x681-2.jpg\" alt=\"Dunas de Gran Canaria\" class=\"wp-image-25676\"\/><\/a><figcaption class=\"wp-element-caption\">Tras el desierto, el oc\u00e9ano.<\/figcaption><\/figure>\n\n\n\n<p>En el resto de la isla, podr\u00e9is experimentar, concentrados, la mayor\u00eda de climas que conoc\u00e9is: monta\u00f1a, costa, continental. La niebla de las alturas en el Roque Nublo, la exuberancia verde de las laderas, los vientos y las corrientes marinas han experimentado en Gran Canaria como los cient\u00edficos lo han hecho en los laboratorios.<\/p>\n\n\n\n<p>Por \u00faltimo, puedes echar un ojo a la fauna y la flora de este desierto tan peculiar. Luego si quieres puedes darte un chapuz\u00f3n en el Atl\u00e1ntico. El agua est\u00e1 fresca, pero merece la pena contemplar el desierto desde el mar \ud83d\ude42<\/p>\n\n\n\n<figure class=\"wp-block-image size-large\"><a href=\"https:\/\/www.escapadarural.com\/blog\/wp-content\/uploads\/2018\/10\/saludo.jpg\"><img decoding=\"async\" src=\"https:\/\/www.escapadarural.com\/blog\/wp-content\/uploads\/2018\/10\/saludo-1024x681-2.jpg\" alt=\"Dunas de Gran Canaria\" class=\"wp-image-25675\"\/><\/a><figcaption class=\"wp-element-caption\">\u00a1Un saludo!<\/figcaption><\/figure>\n\n\n\n<p>M\u00e1s informaci\u00f3n | Reserva Natural Dunas de Maspalomas<\/p>\n","protected":false},"excerpt":{"rendered":"<p>La Reserva Natural de las Dunas de Maspalomas es el \u00fanico desierto con oc\u00e9ano y paseo comercial. All\u00ed el silencio abruma y&#8230;<\/p>\n","protected":false},"author":136,"featured_media":113407,"comment_status":"open","ping_status":"closed","sticky":false,"template":"","format":"standard","meta":{"_acf_changed":false,"om_disable_all_campaigns":false,"footnotes":""},"categories":[191],"tags":[260,2161,2162,2090,249,2141],"class_list":["post-2198","post","type-post","status-publish","format-standard","has-post-thumbnail","hentry","category-destinos","tag-articulo","tag-desierto","tag-dunas-de-maspalomas","tag-gran-canaria","tag-playa","tag-reserva-natural"],"acf":[],"featured_image_src":"https:\/\/www.escapadarural.com\/blog\/wp-content\/uploads\/2018\/10\/carrera-1024x681-2.jpg","author_info":{"display_name":"Escapada Rural","author_link":"https:\/\/www.escapadarural.com\/blog\/autor\/user\/"},"yoast_head":"<!-- This site is optimized with the Yoast SEO plugin v27.5 - https:\/\/yoast.com\/product\/yoast-seo-wordpress\/ -->\n<title>Las Dunas de Gran Canaria, desierto y oc\u00e9ano - EscapadaRural<\/title>\n<meta name=\"robots\" content=\"index, follow, max-snippet:-1, max-image-preview:large, max-video-preview:-1\" \/>\n<link rel=\"canonical\" href=\"https:\/\/www.escapadarural.com\/blog\/las-dunas-de-gran-canaria-desierto-y-oceano\/\" \/>\n<meta property=\"og:locale\" content=\"es_ES\" \/>\n<meta property=\"og:type\" content=\"article\" \/>\n<meta property=\"og:title\" content=\"Las Dunas de Gran Canaria, desierto y oc\u00e9ano - EscapadaRural\" \/>\n<meta property=\"og:description\" content=\"La Reserva Natural de las Dunas de Maspalomas es el \u00fanico desierto con oc\u00e9ano y paseo comercial. All\u00ed el silencio abruma y...\" \/>\n<meta property=\"og:url\" content=\"https:\/\/www.escapadarural.com\/blog\/las-dunas-de-gran-canaria-desierto-y-oceano\/\" \/>\n<meta property=\"og:site_name\" content=\"Magazine de viajes de EscapadaRural\" \/>\n<meta property=\"article:publisher\" content=\"https:\/\/www.facebook.com\/escapadarural\" \/>\n<meta property=\"article:author\" content=\"https:\/\/www.facebook.com\/escapadarural\" \/>\n<meta property=\"article:published_time\" content=\"2018-10-23T09:30:03+00:00\" \/>\n<meta property=\"article:modified_time\" content=\"2025-08-12T15:06:29+00:00\" \/>\n<meta property=\"og:image\" content=\"https:\/\/www.escapadarural.com\/blog\/wp-content\/uploads\/2018\/10\/carrera-1024x681-2.jpg?v=1755011190\" \/>\n\t<meta property=\"og:image:width\" content=\"1024\" \/>\n\t<meta property=\"og:image:height\" content=\"681\" \/>\n\t<meta property=\"og:image:type\" content=\"image\/jpeg\" \/>\n<meta name=\"author\" content=\"Escapada Rural\" \/>\n<meta name=\"twitter:card\" content=\"summary_large_image\" \/>\n<meta name=\"twitter:creator\" content=\"@https:\/\/x.com\/i\/flow\/login?redirect_after_login=escapadarural\" \/>\n<meta name=\"twitter:label1\" content=\"Escrito por\" \/>\n\t<meta name=\"twitter:data1\" content=\"Escapada Rural\" \/>\n\t<meta name=\"twitter:label2\" content=\"Tiempo de lectura\" \/>\n\t<meta name=\"twitter:data2\" content=\"5 minutos\" \/>\n<script type=\"application\/ld+json\" class=\"yoast-schema-graph\">{\"@context\":\"https:\\\/\\\/schema.org\",\"@graph\":[{\"@type\":\"Article\",\"@id\":\"https:\\\/\\\/www.escapadarural.com\\\/blog\\\/las-dunas-de-gran-canaria-desierto-y-oceano\\\/#article\",\"isPartOf\":{\"@id\":\"https:\\\/\\\/www.escapadarural.com\\\/blog\\\/las-dunas-de-gran-canaria-desierto-y-oceano\\\/\"},\"author\":{\"name\":\"Escapada Rural\",\"@id\":\"https:\\\/\\\/www.escapadarural.com\\\/blog\\\/#\\\/schema\\\/person\\\/d9ee55ff3e0cef41d6eac8922b4f972c\"},\"headline\":\"Las Dunas de Gran Canaria, desierto y oc\u00e9ano\",\"datePublished\":\"2018-10-23T09:30:03+00:00\",\"dateModified\":\"2025-08-12T15:06:29+00:00\",\"mainEntityOfPage\":{\"@id\":\"https:\\\/\\\/www.escapadarural.com\\\/blog\\\/las-dunas-de-gran-canaria-desierto-y-oceano\\\/\"},\"wordCount\":678,\"commentCount\":0,\"publisher\":{\"@id\":\"https:\\\/\\\/www.escapadarural.com\\\/blog\\\/#organization\"},\"image\":{\"@id\":\"https:\\\/\\\/www.escapadarural.com\\\/blog\\\/las-dunas-de-gran-canaria-desierto-y-oceano\\\/#primaryimage\"},\"thumbnailUrl\":\"https:\\\/\\\/www.escapadarural.com\\\/blog\\\/wp-content\\\/uploads\\\/2018\\\/10\\\/carrera-1024x681-2.jpg\",\"keywords\":[\"art\u00edculo\",\"Desierto\",\"Dunas de Maspalomas\",\"Gran Canaria\",\"playa\",\"Reserva Natural\"],\"articleSection\":[\"Destinos\"],\"inLanguage\":\"es\",\"potentialAction\":[{\"@type\":\"CommentAction\",\"name\":\"Comment\",\"target\":[\"https:\\\/\\\/www.escapadarural.com\\\/blog\\\/las-dunas-de-gran-canaria-desierto-y-oceano\\\/#respond\"]}]},{\"@type\":\"WebPage\",\"@id\":\"https:\\\/\\\/www.escapadarural.com\\\/blog\\\/las-dunas-de-gran-canaria-desierto-y-oceano\\\/\",\"url\":\"https:\\\/\\\/www.escapadarural.com\\\/blog\\\/las-dunas-de-gran-canaria-desierto-y-oceano\\\/\",\"name\":\"Las Dunas de Gran Canaria, desierto y oc\u00e9ano - EscapadaRural\",\"isPartOf\":{\"@id\":\"https:\\\/\\\/www.escapadarural.com\\\/blog\\\/#website\"},\"primaryImageOfPage\":{\"@id\":\"https:\\\/\\\/www.escapadarural.com\\\/blog\\\/las-dunas-de-gran-canaria-desierto-y-oceano\\\/#primaryimage\"},\"image\":{\"@id\":\"https:\\\/\\\/www.escapadarural.com\\\/blog\\\/las-dunas-de-gran-canaria-desierto-y-oceano\\\/#primaryimage\"},\"thumbnailUrl\":\"https:\\\/\\\/www.escapadarural.com\\\/blog\\\/wp-content\\\/uploads\\\/2018\\\/10\\\/carrera-1024x681-2.jpg\",\"datePublished\":\"2018-10-23T09:30:03+00:00\",\"dateModified\":\"2025-08-12T15:06:29+00:00\",\"breadcrumb\":{\"@id\":\"https:\\\/\\\/www.escapadarural.com\\\/blog\\\/las-dunas-de-gran-canaria-desierto-y-oceano\\\/#breadcrumb\"},\"inLanguage\":\"es\",\"potentialAction\":[{\"@type\":\"ReadAction\",\"target\":[\"https:\\\/\\\/www.escapadarural.com\\\/blog\\\/las-dunas-de-gran-canaria-desierto-y-oceano\\\/\"]}]},{\"@type\":\"ImageObject\",\"inLanguage\":\"es\",\"@id\":\"https:\\\/\\\/www.escapadarural.com\\\/blog\\\/las-dunas-de-gran-canaria-desierto-y-oceano\\\/#primaryimage\",\"url\":\"https:\\\/\\\/www.escapadarural.com\\\/blog\\\/wp-content\\\/uploads\\\/2018\\\/10\\\/carrera-1024x681-2.jpg\",\"contentUrl\":\"https:\\\/\\\/www.escapadarural.com\\\/blog\\\/wp-content\\\/uploads\\\/2018\\\/10\\\/carrera-1024x681-2.jpg\",\"width\":1024,\"height\":681,\"caption\":\"Dunas de Gran Canaria\"},{\"@type\":\"BreadcrumbList\",\"@id\":\"https:\\\/\\\/www.escapadarural.com\\\/blog\\\/las-dunas-de-gran-canaria-desierto-y-oceano\\\/#breadcrumb\",\"itemListElement\":[{\"@type\":\"ListItem\",\"position\":1,\"name\":\"Inicio\",\"item\":\"https:\\\/\\\/www.escapadarural.com\\\/blog\\\/\"},{\"@type\":\"ListItem\",\"position\":2,\"name\":\"Destinos\",\"item\":\"https:\\\/\\\/www.escapadarural.com\\\/blog\\\/categoria\\\/destinos\\\/\"},{\"@type\":\"ListItem\",\"position\":3,\"name\":\"Las Dunas de Gran Canaria, desierto y oc\u00e9ano\"}]},{\"@type\":\"WebSite\",\"@id\":\"https:\\\/\\\/www.escapadarural.com\\\/blog\\\/#website\",\"url\":\"https:\\\/\\\/www.escapadarural.com\\\/blog\\\/\",\"name\":\"Blog de viajes | turismo rural, alojamientos e inspiraci\u00f3n\",\"description\":\"Alojamientos rurales e inspiraci\u00f3n para tus escapadas\",\"publisher\":{\"@id\":\"https:\\\/\\\/www.escapadarural.com\\\/blog\\\/#organization\"},\"alternateName\":\"Magazine de viajes de EscapadaRural\",\"potentialAction\":[{\"@type\":\"SearchAction\",\"target\":{\"@type\":\"EntryPoint\",\"urlTemplate\":\"https:\\\/\\\/www.escapadarural.com\\\/blog\\\/?s={search_term_string}\"},\"query-input\":{\"@type\":\"PropertyValueSpecification\",\"valueRequired\":true,\"valueName\":\"search_term_string\"}}],\"inLanguage\":\"es\"},{\"@type\":\"Organization\",\"@id\":\"https:\\\/\\\/www.escapadarural.com\\\/blog\\\/#organization\",\"name\":\"EscapadaRural\",\"url\":\"https:\\\/\\\/www.escapadarural.com\\\/blog\\\/\",\"logo\":{\"@type\":\"ImageObject\",\"inLanguage\":\"es\",\"@id\":\"https:\\\/\\\/www.escapadarural.com\\\/blog\\\/#\\\/schema\\\/logo\\\/image\\\/\",\"url\":\"https:\\\/\\\/www.escapadarural.com\\\/blog\\\/wp-content\\\/uploads\\\/2024\\\/10\\\/cropped-cropped-escapada-rural-icon-mag-3.png\",\"contentUrl\":\"https:\\\/\\\/www.escapadarural.com\\\/blog\\\/wp-content\\\/uploads\\\/2024\\\/10\\\/cropped-cropped-escapada-rural-icon-mag-3.png\",\"width\":512,\"height\":512,\"caption\":\"EscapadaRural\"},\"image\":{\"@id\":\"https:\\\/\\\/www.escapadarural.com\\\/blog\\\/#\\\/schema\\\/logo\\\/image\\\/\"},\"sameAs\":[\"https:\\\/\\\/www.facebook.com\\\/escapadarural\",\"https:\\\/\\\/www.instagram.com\\\/escapadarural\\\/\",\"https:\\\/\\\/www.youtube.com\\\/@escapadaruralcom\"]},{\"@type\":\"Person\",\"@id\":\"https:\\\/\\\/www.escapadarural.com\\\/blog\\\/#\\\/schema\\\/person\\\/d9ee55ff3e0cef41d6eac8922b4f972c\",\"name\":\"Escapada Rural\",\"image\":{\"@type\":\"ImageObject\",\"inLanguage\":\"es\",\"@id\":\"https:\\\/\\\/www.escapadarural.com\\\/blog\\\/wp-content\\\/uploads\\\/2024\\\/10\\\/cropped-cropped-escapada-rural-icon-mag-3-96x96.png\",\"url\":\"https:\\\/\\\/www.escapadarural.com\\\/blog\\\/wp-content\\\/uploads\\\/2024\\\/10\\\/cropped-cropped-escapada-rural-icon-mag-3-96x96.png\",\"contentUrl\":\"https:\\\/\\\/www.escapadarural.com\\\/blog\\\/wp-content\\\/uploads\\\/2024\\\/10\\\/cropped-cropped-escapada-rural-icon-mag-3-96x96.png\",\"caption\":\"Escapada Rural\"},\"sameAs\":[\"https:\\\/\\\/www.facebook.com\\\/escapadarural\",\"https:\\\/\\\/www.linkedin.com\\\/company\\\/escapada-rural\\\/?originalSubdomain=es\",\"https:\\\/\\\/x.com\\\/https:\\\/\\\/x.com\\\/i\\\/flow\\\/login?redirect_after_login=escapadarural\"],\"url\":\"https:\\\/\\\/www.escapadarural.com\\\/blog\\\/autor\\\/user\\\/\"}]}<\/script>\n<!-- \/ Yoast SEO plugin. -->","yoast_head_json":{"title":"Las Dunas de Gran Canaria, desierto y oc\u00e9ano - EscapadaRural","robots":{"index":"index","follow":"follow","max-snippet":"max-snippet:-1","max-image-preview":"max-image-preview:large","max-video-preview":"max-video-preview:-1"},"canonical":"https:\/\/www.escapadarural.com\/blog\/las-dunas-de-gran-canaria-desierto-y-oceano\/","og_locale":"es_ES","og_type":"article","og_title":"Las Dunas de Gran Canaria, desierto y oc\u00e9ano - EscapadaRural","og_description":"La Reserva Natural de las Dunas de Maspalomas es el \u00fanico desierto con oc\u00e9ano y paseo comercial. All\u00ed el silencio abruma y...","og_url":"https:\/\/www.escapadarural.com\/blog\/las-dunas-de-gran-canaria-desierto-y-oceano\/","og_site_name":"Magazine de viajes de EscapadaRural","article_publisher":"https:\/\/www.facebook.com\/escapadarural","article_author":"https:\/\/www.facebook.com\/escapadarural","article_published_time":"2018-10-23T09:30:03+00:00","article_modified_time":"2025-08-12T15:06:29+00:00","og_image":[{"width":1024,"height":681,"url":"https:\/\/www.escapadarural.com\/blog\/wp-content\/uploads\/2018\/10\/carrera-1024x681-2.jpg?v=1755011190","type":"image\/jpeg"}],"author":"Escapada Rural","twitter_card":"summary_large_image","twitter_creator":"@https:\/\/x.com\/i\/flow\/login?redirect_after_login=escapadarural","twitter_misc":{"Escrito por":"Escapada Rural","Tiempo de lectura":"5 minutos"},"schema":{"@context":"https:\/\/schema.org","@graph":[{"@type":"Article","@id":"https:\/\/www.escapadarural.com\/blog\/las-dunas-de-gran-canaria-desierto-y-oceano\/#article","isPartOf":{"@id":"https:\/\/www.escapadarural.com\/blog\/las-dunas-de-gran-canaria-desierto-y-oceano\/"},"author":{"name":"Escapada Rural","@id":"https:\/\/www.escapadarural.com\/blog\/#\/schema\/person\/d9ee55ff3e0cef41d6eac8922b4f972c"},"headline":"Las Dunas de Gran Canaria, desierto y oc\u00e9ano","datePublished":"2018-10-23T09:30:03+00:00","dateModified":"2025-08-12T15:06:29+00:00","mainEntityOfPage":{"@id":"https:\/\/www.escapadarural.com\/blog\/las-dunas-de-gran-canaria-desierto-y-oceano\/"},"wordCount":678,"commentCount":0,"publisher":{"@id":"https:\/\/www.escapadarural.com\/blog\/#organization"},"image":{"@id":"https:\/\/www.escapadarural.com\/blog\/las-dunas-de-gran-canaria-desierto-y-oceano\/#primaryimage"},"thumbnailUrl":"https:\/\/www.escapadarural.com\/blog\/wp-content\/uploads\/2018\/10\/carrera-1024x681-2.jpg","keywords":["art\u00edculo","Desierto","Dunas de Maspalomas","Gran Canaria","playa","Reserva Natural"],"articleSection":["Destinos"],"inLanguage":"es","potentialAction":[{"@type":"CommentAction","name":"Comment","target":["https:\/\/www.escapadarural.com\/blog\/las-dunas-de-gran-canaria-desierto-y-oceano\/#respond"]}]},{"@type":"WebPage","@id":"https:\/\/www.escapadarural.com\/blog\/las-dunas-de-gran-canaria-desierto-y-oceano\/","url":"https:\/\/www.escapadarural.com\/blog\/las-dunas-de-gran-canaria-desierto-y-oceano\/","name":"Las Dunas de Gran Canaria, desierto y oc\u00e9ano - EscapadaRural","isPartOf":{"@id":"https:\/\/www.escapadarural.com\/blog\/#website"},"primaryImageOfPage":{"@id":"https:\/\/www.escapadarural.com\/blog\/las-dunas-de-gran-canaria-desierto-y-oceano\/#primaryimage"},"image":{"@id":"https:\/\/www.escapadarural.com\/blog\/las-dunas-de-gran-canaria-desierto-y-oceano\/#primaryimage"},"thumbnailUrl":"https:\/\/www.escapadarural.com\/blog\/wp-content\/uploads\/2018\/10\/carrera-1024x681-2.jpg","datePublished":"2018-10-23T09:30:03+00:00","dateModified":"2025-08-12T15:06:29+00:00","breadcrumb":{"@id":"https:\/\/www.escapadarural.com\/blog\/las-dunas-de-gran-canaria-desierto-y-oceano\/#breadcrumb"},"inLanguage":"es","potentialAction":[{"@type":"ReadAction","target":["https:\/\/www.escapadarural.com\/blog\/las-dunas-de-gran-canaria-desierto-y-oceano\/"]}]},{"@type":"ImageObject","inLanguage":"es","@id":"https:\/\/www.escapadarural.com\/blog\/las-dunas-de-gran-canaria-desierto-y-oceano\/#primaryimage","url":"https:\/\/www.escapadarural.com\/blog\/wp-content\/uploads\/2018\/10\/carrera-1024x681-2.jpg","contentUrl":"https:\/\/www.escapadarural.com\/blog\/wp-content\/uploads\/2018\/10\/carrera-1024x681-2.jpg","width":1024,"height":681,"caption":"Dunas de Gran Canaria"},{"@type":"BreadcrumbList","@id":"https:\/\/www.escapadarural.com\/blog\/las-dunas-de-gran-canaria-desierto-y-oceano\/#breadcrumb","itemListElement":[{"@type":"ListItem","position":1,"name":"Inicio","item":"https:\/\/www.escapadarural.com\/blog\/"},{"@type":"ListItem","position":2,"name":"Destinos","item":"https:\/\/www.escapadarural.com\/blog\/categoria\/destinos\/"},{"@type":"ListItem","position":3,"name":"Las Dunas de Gran Canaria, desierto y oc\u00e9ano"}]},{"@type":"WebSite","@id":"https:\/\/www.escapadarural.com\/blog\/#website","url":"https:\/\/www.escapadarural.com\/blog\/","name":"Blog de viajes | turismo rural, alojamientos e inspiraci\u00f3n","description":"Alojamientos rurales e inspiraci\u00f3n para tus escapadas","publisher":{"@id":"https:\/\/www.escapadarural.com\/blog\/#organization"},"alternateName":"Magazine de viajes de EscapadaRural","potentialAction":[{"@type":"SearchAction","target":{"@type":"EntryPoint","urlTemplate":"https:\/\/www.escapadarural.com\/blog\/?s={search_term_string}"},"query-input":{"@type":"PropertyValueSpecification","valueRequired":true,"valueName":"search_term_string"}}],"inLanguage":"es"},{"@type":"Organization","@id":"https:\/\/www.escapadarural.com\/blog\/#organization","name":"EscapadaRural","url":"https:\/\/www.escapadarural.com\/blog\/","logo":{"@type":"ImageObject","inLanguage":"es","@id":"https:\/\/www.escapadarural.com\/blog\/#\/schema\/logo\/image\/","url":"https:\/\/www.escapadarural.com\/blog\/wp-content\/uploads\/2024\/10\/cropped-cropped-escapada-rural-icon-mag-3.png","contentUrl":"https:\/\/www.escapadarural.com\/blog\/wp-content\/uploads\/2024\/10\/cropped-cropped-escapada-rural-icon-mag-3.png","width":512,"height":512,"caption":"EscapadaRural"},"image":{"@id":"https:\/\/www.escapadarural.com\/blog\/#\/schema\/logo\/image\/"},"sameAs":["https:\/\/www.facebook.com\/escapadarural","https:\/\/www.instagram.com\/escapadarural\/","https:\/\/www.youtube.com\/@escapadaruralcom"]},{"@type":"Person","@id":"https:\/\/www.escapadarural.com\/blog\/#\/schema\/person\/d9ee55ff3e0cef41d6eac8922b4f972c","name":"Escapada Rural","image":{"@type":"ImageObject","inLanguage":"es","@id":"https:\/\/www.escapadarural.com\/blog\/wp-content\/uploads\/2024\/10\/cropped-cropped-escapada-rural-icon-mag-3-96x96.png","url":"https:\/\/www.escapadarural.com\/blog\/wp-content\/uploads\/2024\/10\/cropped-cropped-escapada-rural-icon-mag-3-96x96.png","contentUrl":"https:\/\/www.escapadarural.com\/blog\/wp-content\/uploads\/2024\/10\/cropped-cropped-escapada-rural-icon-mag-3-96x96.png","caption":"Escapada Rural"},"sameAs":["https:\/\/www.facebook.com\/escapadarural","https:\/\/www.linkedin.com\/company\/escapada-rural\/?originalSubdomain=es","https:\/\/x.com\/https:\/\/x.com\/i\/flow\/login?redirect_after_login=escapadarural"],"url":"https:\/\/www.escapadarural.com\/blog\/autor\/user\/"}]}},"_links":{"self":[{"href":"https:\/\/www.escapadarural.com\/blog\/wp-json\/wp\/v2\/posts\/2198","targetHints":{"allow":["GET"]}}],"collection":[{"href":"https:\/\/www.escapadarural.com\/blog\/wp-json\/wp\/v2\/posts"}],"about":[{"href":"https:\/\/www.escapadarural.com\/blog\/wp-json\/wp\/v2\/types\/post"}],"author":[{"embeddable":true,"href":"https:\/\/www.escapadarural.com\/blog\/wp-json\/wp\/v2\/users\/136"}],"replies":[{"embeddable":true,"href":"https:\/\/www.escapadarural.com\/blog\/wp-json\/wp\/v2\/comments?post=2198"}],"version-history":[{"count":0,"href":"https:\/\/www.escapadarural.com\/blog\/wp-json\/wp\/v2\/posts\/2198\/revisions"}],"wp:featuredmedia":[{"embeddable":true,"href":"https:\/\/www.escapadarural.com\/blog\/wp-json\/wp\/v2\/media\/113407"}],"wp:attachment":[{"href":"https:\/\/www.escapadarural.com\/blog\/wp-json\/wp\/v2\/media?parent=2198"}],"wp:term":[{"taxonomy":"category","embeddable":true,"href":"https:\/\/www.escapadarural.com\/blog\/wp-json\/wp\/v2\/categories?post=2198"},{"taxonomy":"post_tag","embeddable":true,"href":"https:\/\/www.escapadarural.com\/blog\/wp-json\/wp\/v2\/tags?post=2198"}],"curies":[{"name":"wp","href":"https:\/\/api.w.org\/{rel}","templated":true}]}}