{"id":2208,"date":"2014-12-10T17:24:37","date_gmt":"2014-12-10T17:24:37","guid":{"rendered":"http:\/\/15.188.81.248\/2014\/12\/10\/cronica-de-un-finde-en-la-rioja\/"},"modified":"2025-05-11T11:17:53","modified_gmt":"2025-05-11T09:17:53","slug":"cronica-de-un-finde-en-la-rioja","status":"publish","type":"post","link":"https:\/\/www.escapadarural.com\/blog\/cronica-de-un-finde-en-la-rioja\/","title":{"rendered":"Cr\u00f3nica de un finde en La Rioja"},"content":{"rendered":"<div class=\"wp-block-image\">\n<figure class=\"aligncenter size-large\"><a href=\"https:\/\/www.escapadarural.com\/blog\/wp-content\/uploads\/2014\/12\/vendimia6-1.jpg\"><img decoding=\"async\" src=\"https:\/\/www.escapadarural.com\/blog\/wp-content\/uploads\/2014\/12\/vendimia6-1.jpg\" alt=\"La Rioja\" class=\"wp-image-37190\"\/><\/a><\/figure>\n<\/div>\n\n\n<p>A La Rioja se va un finde con 74 kg de peso y se vuelve con 75. Es como una Navidad que en lugar de fecha se ha vuelto regi\u00f3n: el decorado natural se pone de amarillo, ocres y verdes y las mesas rebosan de platos infrecuentes y vinos de crianza. Faltaba el turr\u00f3n, pero no nos hubiera cabido.<\/p>\n\n\n\n<p><strong>1.-&nbsp;<\/strong><a href=\"https:\/\/www.escapadarural.com\/blog\/cronica-de-un-finde-en-la-rioja\/#laurel\">Calle Laurel: soplando despu\u00e9s de cada tapa<\/a><br><strong>2.-&nbsp;<\/strong><a href=\"https:\/\/www.escapadarural.com\/blog\/cronica-de-un-finde-en-la-rioja\/#gastrobus\">El Gastrob\u00fas de La Rioja<\/a><br><strong>3.-&nbsp;<\/strong><a href=\"https:\/\/www.escapadarural.com\/blog\/cronica-de-un-finde-en-la-rioja\/#lecea\">Recorriendo una bodega con m\u00e1s de 300 a\u00f1os<\/a><\/p>\n\n\n\n<p>El pasado fin de semana nos desplazamos desde Barcelona invitados por La Rioja Turismo. Nada m\u00e1s llegar el viernes topamos con la Calle Laurel de Logro\u00f1o. El s\u00e1bado, participamos en el Gastrob\u00fas, y por la tarde visitamos las Bodegas Lecea. El domingo, el remate, <a href=\"https:\/\/twitter.com\/fabionunez_es\" target=\"_blank\" aria-label=\" (opens in a new tab)\" rel=\"noreferrer noopener\" class=\"rank-math-link\">Fabio N\u00fa\u00f1ez<\/a> (cofundador de EscapadaRural.com y riojano) y su familia prepararon chuletillas al sarmiento. Y morcilla dulce. \u00a1Y caparrones! Esta es la cr\u00f3nica de un engorde.<\/p>\n\n\n\n<h2 class=\"wp-block-heading\"><a name=\"laurel\"><\/a>1.- Calle Laurel: soplando despu\u00e9s de cada tapa<\/h2>\n\n\n\n<figure class=\"wp-block-image size-large\"><a href=\"https:\/\/www.escapadarural.com\/blog\/wp-content\/uploads\/laurel-2-scaled.jpg\"><img decoding=\"async\" src=\"https:\/\/www.escapadarural.com\/blog\/wp-content\/uploads\/2014\/12\/laurel-2-1024x768-2.jpg\" alt=\"La Rioja\" class=\"wp-image-37189\"\/><\/a><\/figure>\n\n\n\n<p>No s\u00f3lo se sopla para apagar velas o para darse un fresco en verano o para silbar. En la Calle Laurel se sopla despu\u00e9s de cada tapita que te ponen, como expresando lo rica que est\u00e1 y que te comer\u00edas otra pero al lado tienes muchas otras que parecen todav\u00eda mejores.<\/p>\n\n\n\n<p>La Calle Laurel es una zona de ocio, gastronom\u00eda y sociedad. Un entramado de calles estrechas en el centro de Logro\u00f1o, pegada a la zona de copas. All\u00ed se concentran multitud de bares, cada uno con su oferta de tapas y vinos.<\/p>\n\n\n\n<p>A prop\u00f3sito, tambi\u00e9n se le conoce como la Senda del Elefante: si te la recorres entera, terminas trompa. Nosotros \u00edbamos prevenidos. Pudimos disfrutar de 5 tapas y 5 clases de vinos. Recuerdo especialmente el primero: los mejores champis de mi vida, en el Bar \u00c1ngel. Pero hubo m\u00e1s:<\/p>\n\n\n\n<ul class=\"wp-block-list\">\n<li><strong>La tapa del T\u00edo Agus con la salsa secreta de la abuela Damiana<\/strong>: un pincho moruno delicioso, en bocadillo (sin el pincho) y con una salsa verde que por mucho que preguntes no te dir\u00e1n qu\u00e9 lleva. Este fue el Bar Lorenzo.<\/li>\n\n\n\n<li><strong>Tortilla evolucionada<\/strong>: imagina que sometes a la tortilla de patatas de toda la vida a un tratamiento tal que puedes meterla en un vaso de agua y com\u00e9rtela con una cuchara. En el fondo del vaso te quedar\u00e1 la llema casi frita y casi hervida. Arriba te quedar\u00e1 la espuma. Como un caf\u00e9. Para probarlo en El D.O.<\/li>\n\n\n\n<li><strong>Queso de cabra con mermelada de tomate y almendra<\/strong>. Sobre un trozo de pan tostado, estos ingredientes dejaron de ser en nuestra boca en menos de 1 min. En el bar Donosti<\/li>\n\n\n\n<li><strong>Boletus con huevo de codorniz<\/strong>. Era la misma presentaci\u00f3n que la anterior tapa: con un trozo de pan tostado. Pero sobre \u00e9l se hab\u00eda dispuesto un huevo frito y un frito de boletus, ese delicioso hongo. Casi tan delicioso como los champis del Bar \u00c1ngel, pero en la Segunda Taberna, calle San Juan.<\/li>\n<\/ul>\n\n\n\n<p>Ten\u00edamos los ojos m\u00e1s grandes que el est\u00f3mago. Quer\u00edamos m\u00e1s pero nos pudo la sensatez. Dejamos para otra ocasi\u00f3n los \u00abhuevos rotos con gulas\u00bb.<\/p>\n\n\n\n<p>En total, 5 soplidos. Qu\u00e9 rico.<\/p>\n\n\n\n<h2 class=\"wp-block-heading\"><a name=\"gastrobus\"><\/a>2.- El Gastrob\u00fas<\/h2>\n\n\n\n<p>Llegamos a la Oficina de Turismo de Logro\u00f1o a las 9:40. All\u00ed hab\u00eda un peregrino con su bicicleta y sus alforjas. Le preguntamos qu\u00e9 tal iba su viaje hacia Santiago y nos sorprendi\u00f3 con una sentencia: \u00abvengo desde Amsterdam\u00bb. El hombre ven\u00eda desde Holanda, cruz\u00f3 los Pirineos, lleg\u00f3 a Barcelona y ahora estaba esperando a que abriese la oficina de Logro\u00f1o.<\/p>\n\n\n\n<p>En esto abri\u00f3 <a href=\"https:\/\/twitter.com\/Estercita83\" target=\"_blank\" aria-label=\" (opens in a new tab)\" rel=\"noreferrer noopener\" class=\"rank-math-link\">Ester S\u00e1ez<\/a>, la responsable que nos guiar\u00eda hasta las 15:30 h por el Valle de Oc\u00f3n de <a href=\"https:\/\/www.lariojaturismo.com\/\" target=\"_blank\" label=\" (opens in a new tab)\" rel=\"noreferrer noopener\" class=\"rank-math-link\">La Rioja<\/a>. \u00cdbamos unas 20 personas en el autob\u00fas: Ester nos inform\u00f3 de todo, ofreci\u00e9ndonos mapas, gu\u00edas, bolis&#8230; y muchas sonrisas durante todo el recorrido. \u00a1Bravo por Ester!<\/p>\n\n\n\n<p>El Gastrob\u00fas de La Rioja Turismo es una oportunidad al alcance de todos los curiosos para conocer paisajes, cultura y gastronom\u00eda. Nuestra visita se centr\u00f3 en el Valle de Oc\u00f3n:<\/p>\n\n\n\n<h3 class=\"wp-block-heading\">A) El Trujal de Oc\u00f3n<\/h3>\n\n\n\n<figure class=\"wp-block-image size-large\"><a href=\"https:\/\/www.escapadarural.com\/blog\/wp-content\/uploads\/trujal-5.jpg\"><img decoding=\"async\" src=\"https:\/\/www.escapadarural.com\/blog\/wp-content\/uploads\/2014\/12\/trujal-5-1024x573-2.jpg\" alt=\"La Rioja\" class=\"wp-image-37188\"\/><\/a><\/figure>\n\n\n\n<p>\u00bfQu\u00e9 es un trujal? Me lo cuestionaba, pero por verg\u00fcenza no lo pregunt\u00e9, as\u00ed que lo supe de golpe y a lo grande: es el lugar donde se produce aceite de oliva. Asistimos a un antiguo trujal con toda la maquinaria dispuesta. La gu\u00eda nos present\u00f3 las m\u00e1quinas, las estancias y los procesos y valoramos, c\u00f3mo no, el trabajo que lleva la elaboraci\u00f3n de aceite desde que se recogen hasta que se prensa y extrae el tesoro.<\/p>\n\n\n\n<p>\u00bfY no probasteis aceite de oliva de Oc\u00f3n? S\u00ed, claro. Salimos del trujal hacia Pipaona y all\u00ed nos ten\u00edan preparado vino (claro), tortilla de patatas (claro tambi\u00e9n), queso y pan y aceite de oliva. Exquisito. a cargo del restaurante asador La Alameda. Lleg\u00f3 a la hora del almuerzo.<\/p>\n\n\n\n<h3 class=\"wp-block-heading\">B) El Molino de Oc\u00f3n<\/h3>\n\n\n\n<figure class=\"wp-block-image size-large\"><a href=\"https:\/\/www.escapadarural.com\/blog\/wp-content\/uploads\/molino-5.jpg\"><img decoding=\"async\" src=\"https:\/\/www.escapadarural.com\/blog\/wp-content\/uploads\/2014\/12\/molino-5-1024x575-2.jpg\" alt=\"La Rioja\" class=\"wp-image-37187\"\/><\/a><\/figure>\n\n\n\n<p>Un trayecto m\u00e1s en autob\u00fas escuchando la historia del lugar que nos revelaba Ester y llegamos al Molino. Confieso que aqu\u00ed comprob\u00e9 lo que realmente cuesta el pan. Es la reflexi\u00f3n principal que me llev\u00e9.<\/p>\n\n\n\n<p>Una construcci\u00f3n de piedra con unas aspas como gigantes (la comparaci\u00f3n no es m\u00eda) y un tejado picudo que se mov\u00eda a voluntad para satisfacer el capricho del viento. Las aspas, de madera, ten\u00edan un sistema parecido al de los barcos, en el que se repliegan y extienden las telas para recibir la fuerza del viento.<\/p>\n\n\n\n<p>Eso no era nada m\u00e1s que el exterior. En el interior sufrimos imaginando la labor del molinero y sus ayudantes. Subir o bajar, cuando era necesario, una piedra de tres toneladas de peso. Subir los sacos con el trigo, moler, recoger, volver a empezar. Yo voy por la harina al supermercado, pero aquellos hombres y mujeres deb\u00edan emplear much\u00edsimo tiempo para conseguirla. Fue un golpe de conocimiento.<\/p>\n\n\n\n<h3 class=\"wp-block-heading\">C) Cata de nueces<\/h3>\n\n\n\n<figure class=\"wp-block-image size-large\"><a href=\"https:\/\/www.escapadarural.com\/blog\/wp-content\/uploads\/2020\/03\/nueces-6.jpg\"><img decoding=\"async\" src=\"https:\/\/www.escapadarural.com\/blog\/wp-content\/uploads\/2014\/12\/nueces-6-1024x626-2.jpg\" alt=\"Nueces\" class=\"wp-image-18114\"\/><\/a><figcaption class=\"wp-element-caption\">Por Fabio N\u00fa\u00f1ez<\/figcaption><\/figure>\n\n\n\n<p>S\u00ed, en efecto, las nueces tambi\u00e9n se catan. Fue Roberto, responsable de \u00ab<a href=\"\/blog\/nueve-cosas-que-no-sabias-sobre-las-nueces\/\" target=\"_blank\" aria-label=\" (opens in a new tab)\" rel=\"noreferrer noopener\" class=\"rank-math-link\">Nueces Valle de Oc\u00f3n<\/a>\u00ab, quien nos explic\u00f3 sobre el terreno c\u00f3mo cultivan los nogales, all\u00ed, frente al molino. El paisaje era precioso. Nos coment\u00f3, antes de probar su producto, por qu\u00e9 es mala la sombra del nogal, que es el mismo motivo por el que debemos pelar la piel de las nueces tempranas: contienen cianuro.<\/p>\n\n\n\n<p>Todav\u00eda nos dijo algo m\u00e1s: que el grado de calidad de las nueces se mide en aceite y que la que m\u00e1s cantidad de aceite contenga es la que vale m\u00e1s. Para ello hay que tener un paladar hecho como lo tiene \u00e9l, un aut\u00e9ntico detector de porcentajes de aceite en nuez.<\/p>\n\n\n\n<p>Ahora s\u00ed, vamos a una mesa al aire libre y contra todo pron\u00f3stico Roberto lanza las nueces al suelo. Nos quiere ense\u00f1ar c\u00f3mo funciona un recogedor de nueces, lo cual agradecen nuestras lumbares. El invento nos maravilla y con este \u00e1nimo atacamos las nueces de vario tipo.<\/p>\n\n\n\n<h3 class=\"wp-block-heading\">D) Carne ecol\u00f3gica Luis Gil<\/h3>\n\n\n\n<figure class=\"wp-block-image size-large\"><a href=\"https:\/\/www.escapadarural.com\/blog\/wp-content\/uploads\/2014\/12\/fabrica-4-1.jpg\"><img decoding=\"async\" src=\"https:\/\/www.escapadarural.com\/blog\/wp-content\/uploads\/2014\/12\/fabrica-4-1.jpg\" alt=\"La Rioja\" class=\"wp-image-37186\"\/><\/a><\/figure>\n\n\n\n<p>La \u00faltima parada del Gastrob\u00fas fue en los dominios de la empresa Luis Gil, dedicada a la producci\u00f3n de carne de cerdo ecol\u00f3gica. Cerca de 30 hect\u00e1reas de encinar y monte donde los cerdos campan a sus anchas y a sus largas recogiendo bellotas y abonando el terreno.<\/p>\n\n\n\n<p>La inversi\u00f3n del negocio familiar fue considerable. A\u00fan de riesgo. Decidieron hace unos a\u00f1os criar ellos mismos a los cerdos y han dispuesto diversos sectores que corresponden a las etapas de crecimiento de los animales. Su siguiente reto, nos contaron, es producir su propio pienso.<\/p>\n\n\n\n<p>Por \u00faltimo, nos fuimos a la f\u00e1brica de producci\u00f3n y all\u00ed catamos el producto final: el chorizo y el salchich\u00f3n. Claro, riqu\u00edsimo.<\/p>\n\n\n\n<p>Con nuevos conocimientos y experiencias nos bajamos de nuevo del Gastrob\u00fas y nos despedimos de nuestros compa\u00f1eros. Ester sigue sonriendo: \u00abhasta la pr\u00f3xima, \u00a1gracias!\u00bb. Y nos fuimos a la \u00faltima visita del d\u00eda: las Bodegas Lecea.<\/p>\n\n\n\n<h2 class=\"wp-block-heading\"><a name=\"lecea\"><\/a>3.- C\u00f3mo aprender enolog\u00eda recorriendo una bodega con m\u00e1s de 300 a\u00f1os<\/h2>\n\n\n\n<figure class=\"wp-block-image size-large\"><a href=\"https:\/\/www.escapadarural.com\/blog\/wp-content\/uploads\/DSC_0082.jpg\"><img decoding=\"async\" src=\"https:\/\/www.escapadarural.com\/blog\/wp-content\/uploads\/2014\/12\/DSC_0082-1024x681-2.jpg\" alt=\"La Rioja\" class=\"wp-image-37185\"\/><\/a><\/figure>\n\n\n\n<p>Pues visitando <a href=\"https:\/\/www.bodegaslecea.com\/\" target=\"_blank\" label=\" (opens in a new tab)\" rel=\"noreferrer noopener\" class=\"rank-math-link\">Bodegas Lecea<\/a>, en San Asensio. Un peque\u00f1o pueblo que muestra m\u00e1s de lo que se ve a simple vista. Sin saberlo todav\u00eda, estamos caminando sobre m\u00e1s de 300 bodegas cuando nos dirigimos a Bodegas Lecea. Son subterr\u00e1neas, laber\u00ednticas, y como sabr\u00edamos m\u00e1s adelante, con m\u00e1s de tres siglos de historia.<\/p>\n\n\n\n<p>\u00abSomos cosecheros y elaboramos el vino, pero es un concepto de bodega m\u00e1s peque\u00f1o de Rioja. En Rioja hay bodegas que tratan 10 o 12 millones de kg de uva. Nuestras tolvas son de 30.000 litros\u00bb. As\u00ed comienza Luis Alberto Lecea nada m\u00e1s recibirnos. Nos va a relatar con detalle la historia de su bodega. Y lo har\u00e1 con pasi\u00f3n, porque el mundo del vino le ha atrapado como a nosotros su discurso.<\/p>\n\n\n\n<p>A lo largo de tres horas, Luis Alberto nos va contando c\u00f3mo elaboran el vino hoy, c\u00f3mo lo hac\u00eda antes, c\u00f3mo se transportaba hace siglos, de qu\u00e9 manera ve su oficio&#8230; En definitiva, qu\u00e9 se debe saber sobre el vino.<\/p>\n\n\n\n<p>\u00abNo sabemos el dato exacto de la fecha de la bodega. De la zona s\u00ed: hace 500 a\u00f1os se estaban construyendo bodegas. Ahora hay 300 bodegas y no se hac\u00eda en una semana, sino en siglos. As\u00ed que todas las de aqu\u00ed tienen m\u00e1s de 3 siglos\u00bb, asegura Luis Alberto. Nos acompa\u00f1a tambi\u00e9n su hija y as\u00ed vamos recorriendo, copita en mano, la historia y los rincones de una bodega \u00fanica.<\/p>\n\n\n\n<p>M\u00e1s im\u00e1genes de Bodegas Lecea.<\/p>\n\n\n\n<p><strong>Diferencia entre el blanco, clarete y tinto<\/strong>.<\/p>\n\n\n\n<p>&#8211; La diferencia de color es una cosa muy sencilla, pero muy \u00fatil para aprender mucho sobre el vino, aunque casi nadie lo sabe. El blanco y el clarete (rosado) fermentan en mosto limpio. En cambio, el tinto lo hace con las uvas, con los hollejos, que es de donde coge el color, dice Luis Alberto.<br>&#8211; Yo pensaba que era por la variedad de la uva&#8230;<br>&#8211; No, no -sigue-, la variedad da distinta calidad y sensaciones, pero no el color.<\/p>\n\n\n\n<h3 class=\"wp-block-heading\">\u00abEl que baja aqu\u00ed se muere\u00bb<\/h3>\n\n\n\n<p>Ver\u00e9is una abertura en cada la bodega subterr\u00e1nea. \u00bfPor qu\u00e9? En la fermentaci\u00f3n se produce un gas carb\u00f3nico, m\u00e1s pesado que el aire. \u00abEl que baja aqu\u00ed se muere\u00bb, concluye Luis Alberto. \u00abLas aberturas eran necesarias. Y el vino se guardaba bajo tierra para mantener la temperatura constante. Hace 500 a\u00f1os los sistemas de conservaci\u00f3n eran muy precarios\u00bb.<\/p>\n\n\n\n<p>Se\u00f1alamos un pellejo que vemos junto a la cuba. \u00abLa botella de vino es un invento moderno. En Espa\u00f1a, la botella entra por <a href=\"https:\/\/www.escapadarural.com\/casas-rurales\/la-rioja\" target=\"_blank\" aria-label=\" (opens in a new tab)\" rel=\"noreferrer noopener\" class=\"rank-math-link\">La Rioja<\/a> hace 140 a\u00f1os proveniente de Francia debido a la plaga de <a href=\"https:\/\/es.wikipedia.org\/wiki\/Dactylosphaera_vitifoliae\" target=\"_blank\" label=\" (opens in a new tab)\" rel=\"noreferrer noopener\" class=\"rank-math-link\">filoxera<\/a>. \u00bfSab\u00e9is qu\u00e9 es?\u00bb.<\/p>\n\n\n\n<p>No lo sabemos, as\u00ed que hace un inciso para explicarlo y contin\u00faa. \u00abSi ves una pel\u00edcula antigua con botella&#8230; mal. Lo que se utilizaba para el transporte del vino era el pellejo de cabra. Imagina que tienes que llevar vino hasta Valladolid. Con el pellejo se transportaba con el vino sin tocar, sin airear\u00bb.<\/p>\n\n\n\n<p>Continuamos el recorrido y probamos tanto el tinto como el blanco y el clarete de Lecea. Despu\u00e9s de tres horas, nos vemos abrumados por tanta informaci\u00f3n. Incluso antes de despedirnos Luis Alberto nos ense\u00f1a el antiguo sistema de prensado de uva, el tradicional, que celebra cada a\u00f1o y al que cada vez asiste m\u00e1s gente interesada.<\/p>\n\n\n\n<p>Nos ha encantado la visita. Y el vino. Y ya imagino la cantidad de informaci\u00f3n que le llega a un buen catador como Luis Alberto simplemente con asomar la nariz al producto.<\/p>\n\n\n\n<h2 class=\"wp-block-heading\">4.- Chuletillas al sarmiento, el remate<\/h2>\n\n\n\n<figure class=\"wp-block-image size-large\"><a href=\"https:\/\/www.escapadarural.com\/blog\/wp-content\/uploads\/DSC_0103.jpg\"><img decoding=\"async\" src=\"https:\/\/www.escapadarural.com\/blog\/wp-content\/uploads\/2014\/12\/DSC_0103-1024x681-2.jpg\" alt=\"La Rioja\" class=\"wp-image-37184\"\/><\/a><\/figure>\n\n\n\n<p>Al d\u00eda siguiente, domingo, pensaba que hab\u00eda conocido gran parte de la gastronom\u00eda de La Rioja, platos y vinos. Pero a\u00fan quedaba mucho. La familia de Fabio ha preparado una comida de lujo, popular y contundente. Yo disfrut\u00e9 como un enano.<\/p>\n\n\n\n<p>Lo primero fue la elecci\u00f3n del vino, claro, que corri\u00f3 a cuenta de Fabio N\u00fa\u00f1ez, padre. Yo ya empezaba a distinguir el color y el olor de un crianza de un tinto joven cuando apareci\u00f3 sobre la mesa la olla de caparrones, alubias rojas, peque\u00f1as y acompa\u00f1adas de todo tipo de carnes.<\/p>\n\n\n\n<p>Se me ha quitado el fr\u00edo con la segunda cucharada. Al terminar el plato, ya est\u00e1bamos con la temperatura ideal para ir a asar las chuletas. En Catalu\u00f1a, por ejemplo, asar requiere much\u00edsimo tiempo: quemar la madera y preparar las brasas. En La Rioja se hace en 10 minutos.<\/p>\n\n\n\n<p>El sarmiento es la rama seca de las parras. Se quema tan r\u00e1pido como el papel y quedan unas brasas estupendas para cocinar las carnes. Le da un sabor que&#8230;, bueno, un no s\u00e9 qu\u00e9 especial. Una experiencia muy de La Rioja.<\/p>\n\n\n\n<p>Todo delicioso, por supuesto, y a\u00fan quedaba un producto singular: la morcilla dulce. Y el postre. Y el caf\u00e9. Y&#8230; Ya no podemos m\u00e1s, el placer se empieza a notar entre las costuras y nos espera el tren de vuelta.<\/p>\n\n\n\n<p>El lunes, de buena ma\u00f1ana, as\u00ed estaba la oficina:<\/p>\n\n\n\n<figure class=\"wp-block-image size-large\"><a href=\"https:\/\/www.escapadarural.com\/blog\/wp-content\/uploads\/DSC_0139.jpg\"><img decoding=\"async\" src=\"https:\/\/www.escapadarural.com\/blog\/wp-content\/uploads\/2014\/12\/DSC_0139-1024x604-2.jpg\" alt=\"La Rioja\" class=\"wp-image-37183\"\/><\/a><\/figure>\n\n\n\n<p><strong>Y t\u00fa, \u00bfhas visitado La Rioja? \u00a1Cu\u00e9ntanos tu experiencia!<\/strong><\/p>\n","protected":false},"excerpt":{"rendered":"<p>Descubrimos en algo m\u00e1s de dos d\u00edas la gastronom\u00eda, el vino y los paisajes de La Rioja&#8230;<\/p>\n","protected":false},"author":136,"featured_media":3236,"comment_status":"open","ping_status":"closed","sticky":false,"template":"","format":"standard","meta":{"_acf_changed":false,"om_disable_all_campaigns":false,"footnotes":""},"categories":[191],"tags":[1505,1506,286,518,1416,1260,270,985],"class_list":["post-2208","post","type-post","status-publish","format-standard","has-post-thumbnail","hentry","category-destinos","tag-bodegas","tag-calle-laurel","tag-enoturismo","tag-que-ver-en-la-rioja","tag-longform","tag-tapas","tag-turismo-activo","tag-vino"],"acf":[],"featured_image_src":"https:\/\/www.escapadarural.com\/blog\/wp-content\/uploads\/2020\/04\/La-Rioja.jpg","author_info":{"display_name":"Escapada Rural","author_link":"https:\/\/www.escapadarural.com\/blog\/autor\/user\/"},"yoast_head":"<!-- This site is optimized with the Yoast SEO plugin v27.5 - https:\/\/yoast.com\/product\/yoast-seo-wordpress\/ -->\n<title>Cr\u00f3nica de un finde en La Rioja - EscapadaRural<\/title>\n<meta name=\"robots\" content=\"index, follow, max-snippet:-1, max-image-preview:large, max-video-preview:-1\" \/>\n<link rel=\"canonical\" href=\"https:\/\/www.escapadarural.com\/blog\/cronica-de-un-finde-en-la-rioja\/\" \/>\n<meta property=\"og:locale\" content=\"es_ES\" \/>\n<meta property=\"og:type\" content=\"article\" \/>\n<meta property=\"og:title\" content=\"Cr\u00f3nica de un finde en La Rioja - EscapadaRural\" \/>\n<meta property=\"og:description\" content=\"Descubrimos en algo m\u00e1s de dos d\u00edas la gastronom\u00eda, el vino y los paisajes de La Rioja...\" \/>\n<meta property=\"og:url\" content=\"https:\/\/www.escapadarural.com\/blog\/cronica-de-un-finde-en-la-rioja\/\" \/>\n<meta property=\"og:site_name\" content=\"Magazine de viajes de EscapadaRural\" \/>\n<meta property=\"article:publisher\" content=\"https:\/\/www.facebook.com\/escapadarural\" \/>\n<meta property=\"article:author\" content=\"https:\/\/www.facebook.com\/escapadarural\" \/>\n<meta property=\"article:published_time\" content=\"2014-12-10T17:24:37+00:00\" \/>\n<meta property=\"article:modified_time\" content=\"2025-05-11T09:17:53+00:00\" \/>\n<meta property=\"og:image\" content=\"https:\/\/www.escapadarural.com\/blog\/wp-content\/uploads\/2020\/04\/La-Rioja.jpg\" \/>\n\t<meta property=\"og:image:width\" content=\"1632\" \/>\n\t<meta property=\"og:image:height\" content=\"883\" \/>\n\t<meta property=\"og:image:type\" content=\"image\/jpeg\" \/>\n<meta name=\"author\" content=\"Escapada Rural\" \/>\n<meta name=\"twitter:card\" content=\"summary_large_image\" \/>\n<meta name=\"twitter:creator\" content=\"@https:\/\/x.com\/i\/flow\/login?redirect_after_login=escapadarural\" \/>\n<meta name=\"twitter:label1\" content=\"Escrito por\" \/>\n\t<meta name=\"twitter:data1\" content=\"Escapada Rural\" \/>\n\t<meta name=\"twitter:label2\" content=\"Tiempo de lectura\" \/>\n\t<meta name=\"twitter:data2\" content=\"12 minutos\" \/>\n<script type=\"application\/ld+json\" class=\"yoast-schema-graph\">{\"@context\":\"https:\\\/\\\/schema.org\",\"@graph\":[{\"@type\":\"Article\",\"@id\":\"https:\\\/\\\/www.escapadarural.com\\\/blog\\\/cronica-de-un-finde-en-la-rioja\\\/#article\",\"isPartOf\":{\"@id\":\"https:\\\/\\\/www.escapadarural.com\\\/blog\\\/cronica-de-un-finde-en-la-rioja\\\/\"},\"author\":{\"name\":\"Escapada Rural\",\"@id\":\"https:\\\/\\\/www.escapadarural.com\\\/blog\\\/#\\\/schema\\\/person\\\/d9ee55ff3e0cef41d6eac8922b4f972c\"},\"headline\":\"Cr\u00f3nica de un finde en La Rioja\",\"datePublished\":\"2014-12-10T17:24:37+00:00\",\"dateModified\":\"2025-05-11T09:17:53+00:00\",\"mainEntityOfPage\":{\"@id\":\"https:\\\/\\\/www.escapadarural.com\\\/blog\\\/cronica-de-un-finde-en-la-rioja\\\/\"},\"wordCount\":2267,\"commentCount\":2,\"publisher\":{\"@id\":\"https:\\\/\\\/www.escapadarural.com\\\/blog\\\/#organization\"},\"image\":{\"@id\":\"https:\\\/\\\/www.escapadarural.com\\\/blog\\\/cronica-de-un-finde-en-la-rioja\\\/#primaryimage\"},\"thumbnailUrl\":\"https:\\\/\\\/www.escapadarural.com\\\/blog\\\/wp-content\\\/uploads\\\/2020\\\/04\\\/La-Rioja.jpg\",\"keywords\":[\"Bodegas\",\"Calle Laurel\",\"Enoturismo\",\"La Rioja\",\"longform\",\"Tapas\",\"Turismo activo\",\"vino\"],\"articleSection\":[\"Destinos\"],\"inLanguage\":\"es\",\"potentialAction\":[{\"@type\":\"CommentAction\",\"name\":\"Comment\",\"target\":[\"https:\\\/\\\/www.escapadarural.com\\\/blog\\\/cronica-de-un-finde-en-la-rioja\\\/#respond\"]}]},{\"@type\":\"WebPage\",\"@id\":\"https:\\\/\\\/www.escapadarural.com\\\/blog\\\/cronica-de-un-finde-en-la-rioja\\\/\",\"url\":\"https:\\\/\\\/www.escapadarural.com\\\/blog\\\/cronica-de-un-finde-en-la-rioja\\\/\",\"name\":\"Cr\u00f3nica de un finde en La Rioja - EscapadaRural\",\"isPartOf\":{\"@id\":\"https:\\\/\\\/www.escapadarural.com\\\/blog\\\/#website\"},\"primaryImageOfPage\":{\"@id\":\"https:\\\/\\\/www.escapadarural.com\\\/blog\\\/cronica-de-un-finde-en-la-rioja\\\/#primaryimage\"},\"image\":{\"@id\":\"https:\\\/\\\/www.escapadarural.com\\\/blog\\\/cronica-de-un-finde-en-la-rioja\\\/#primaryimage\"},\"thumbnailUrl\":\"https:\\\/\\\/www.escapadarural.com\\\/blog\\\/wp-content\\\/uploads\\\/2020\\\/04\\\/La-Rioja.jpg\",\"datePublished\":\"2014-12-10T17:24:37+00:00\",\"dateModified\":\"2025-05-11T09:17:53+00:00\",\"breadcrumb\":{\"@id\":\"https:\\\/\\\/www.escapadarural.com\\\/blog\\\/cronica-de-un-finde-en-la-rioja\\\/#breadcrumb\"},\"inLanguage\":\"es\",\"potentialAction\":[{\"@type\":\"ReadAction\",\"target\":[\"https:\\\/\\\/www.escapadarural.com\\\/blog\\\/cronica-de-un-finde-en-la-rioja\\\/\"]}]},{\"@type\":\"ImageObject\",\"inLanguage\":\"es\",\"@id\":\"https:\\\/\\\/www.escapadarural.com\\\/blog\\\/cronica-de-un-finde-en-la-rioja\\\/#primaryimage\",\"url\":\"https:\\\/\\\/www.escapadarural.com\\\/blog\\\/wp-content\\\/uploads\\\/2020\\\/04\\\/La-Rioja.jpg\",\"contentUrl\":\"https:\\\/\\\/www.escapadarural.com\\\/blog\\\/wp-content\\\/uploads\\\/2020\\\/04\\\/La-Rioja.jpg\",\"width\":1632,\"height\":883,\"caption\":\"Coloridos vi\u00f1edos oto\u00f1ales con hileras de follaje amarillo, naranja y rojo se extienden por onduladas colinas, con un peque\u00f1o pueblo y m\u00e1s colinas visibles al fondo bajo un cielo despejado.\"},{\"@type\":\"BreadcrumbList\",\"@id\":\"https:\\\/\\\/www.escapadarural.com\\\/blog\\\/cronica-de-un-finde-en-la-rioja\\\/#breadcrumb\",\"itemListElement\":[{\"@type\":\"ListItem\",\"position\":1,\"name\":\"Inicio\",\"item\":\"https:\\\/\\\/www.escapadarural.com\\\/blog\\\/\"},{\"@type\":\"ListItem\",\"position\":2,\"name\":\"Destinos\",\"item\":\"https:\\\/\\\/www.escapadarural.com\\\/blog\\\/categoria\\\/destinos\\\/\"},{\"@type\":\"ListItem\",\"position\":3,\"name\":\"Cr\u00f3nica de un finde en La Rioja\"}]},{\"@type\":\"WebSite\",\"@id\":\"https:\\\/\\\/www.escapadarural.com\\\/blog\\\/#website\",\"url\":\"https:\\\/\\\/www.escapadarural.com\\\/blog\\\/\",\"name\":\"Blog de viajes | turismo rural, alojamientos e inspiraci\u00f3n\",\"description\":\"Alojamientos rurales e inspiraci\u00f3n para tus escapadas\",\"publisher\":{\"@id\":\"https:\\\/\\\/www.escapadarural.com\\\/blog\\\/#organization\"},\"alternateName\":\"Magazine de viajes de EscapadaRural\",\"potentialAction\":[{\"@type\":\"SearchAction\",\"target\":{\"@type\":\"EntryPoint\",\"urlTemplate\":\"https:\\\/\\\/www.escapadarural.com\\\/blog\\\/?s={search_term_string}\"},\"query-input\":{\"@type\":\"PropertyValueSpecification\",\"valueRequired\":true,\"valueName\":\"search_term_string\"}}],\"inLanguage\":\"es\"},{\"@type\":\"Organization\",\"@id\":\"https:\\\/\\\/www.escapadarural.com\\\/blog\\\/#organization\",\"name\":\"EscapadaRural\",\"url\":\"https:\\\/\\\/www.escapadarural.com\\\/blog\\\/\",\"logo\":{\"@type\":\"ImageObject\",\"inLanguage\":\"es\",\"@id\":\"https:\\\/\\\/www.escapadarural.com\\\/blog\\\/#\\\/schema\\\/logo\\\/image\\\/\",\"url\":\"https:\\\/\\\/www.escapadarural.com\\\/blog\\\/wp-content\\\/uploads\\\/2024\\\/10\\\/cropped-cropped-escapada-rural-icon-mag-3.png\",\"contentUrl\":\"https:\\\/\\\/www.escapadarural.com\\\/blog\\\/wp-content\\\/uploads\\\/2024\\\/10\\\/cropped-cropped-escapada-rural-icon-mag-3.png\",\"width\":512,\"height\":512,\"caption\":\"EscapadaRural\"},\"image\":{\"@id\":\"https:\\\/\\\/www.escapadarural.com\\\/blog\\\/#\\\/schema\\\/logo\\\/image\\\/\"},\"sameAs\":[\"https:\\\/\\\/www.facebook.com\\\/escapadarural\",\"https:\\\/\\\/www.instagram.com\\\/escapadarural\\\/\",\"https:\\\/\\\/www.youtube.com\\\/@escapadaruralcom\"]},{\"@type\":\"Person\",\"@id\":\"https:\\\/\\\/www.escapadarural.com\\\/blog\\\/#\\\/schema\\\/person\\\/d9ee55ff3e0cef41d6eac8922b4f972c\",\"name\":\"Escapada Rural\",\"image\":{\"@type\":\"ImageObject\",\"inLanguage\":\"es\",\"@id\":\"https:\\\/\\\/www.escapadarural.com\\\/blog\\\/wp-content\\\/uploads\\\/2024\\\/10\\\/cropped-cropped-escapada-rural-icon-mag-3-96x96.png\",\"url\":\"https:\\\/\\\/www.escapadarural.com\\\/blog\\\/wp-content\\\/uploads\\\/2024\\\/10\\\/cropped-cropped-escapada-rural-icon-mag-3-96x96.png\",\"contentUrl\":\"https:\\\/\\\/www.escapadarural.com\\\/blog\\\/wp-content\\\/uploads\\\/2024\\\/10\\\/cropped-cropped-escapada-rural-icon-mag-3-96x96.png\",\"caption\":\"Escapada Rural\"},\"sameAs\":[\"https:\\\/\\\/www.facebook.com\\\/escapadarural\",\"https:\\\/\\\/www.linkedin.com\\\/company\\\/escapada-rural\\\/?originalSubdomain=es\",\"https:\\\/\\\/x.com\\\/https:\\\/\\\/x.com\\\/i\\\/flow\\\/login?redirect_after_login=escapadarural\"],\"url\":\"https:\\\/\\\/www.escapadarural.com\\\/blog\\\/autor\\\/user\\\/\"}]}<\/script>\n<!-- \/ Yoast SEO plugin. -->","yoast_head_json":{"title":"Cr\u00f3nica de un finde en La Rioja - EscapadaRural","robots":{"index":"index","follow":"follow","max-snippet":"max-snippet:-1","max-image-preview":"max-image-preview:large","max-video-preview":"max-video-preview:-1"},"canonical":"https:\/\/www.escapadarural.com\/blog\/cronica-de-un-finde-en-la-rioja\/","og_locale":"es_ES","og_type":"article","og_title":"Cr\u00f3nica de un finde en La Rioja - EscapadaRural","og_description":"Descubrimos en algo m\u00e1s de dos d\u00edas la gastronom\u00eda, el vino y los paisajes de La Rioja...","og_url":"https:\/\/www.escapadarural.com\/blog\/cronica-de-un-finde-en-la-rioja\/","og_site_name":"Magazine de viajes de EscapadaRural","article_publisher":"https:\/\/www.facebook.com\/escapadarural","article_author":"https:\/\/www.facebook.com\/escapadarural","article_published_time":"2014-12-10T17:24:37+00:00","article_modified_time":"2025-05-11T09:17:53+00:00","og_image":[{"width":1632,"height":883,"url":"https:\/\/www.escapadarural.com\/blog\/wp-content\/uploads\/2020\/04\/La-Rioja.jpg","type":"image\/jpeg"}],"author":"Escapada Rural","twitter_card":"summary_large_image","twitter_creator":"@https:\/\/x.com\/i\/flow\/login?redirect_after_login=escapadarural","twitter_misc":{"Escrito por":"Escapada Rural","Tiempo de lectura":"12 minutos"},"schema":{"@context":"https:\/\/schema.org","@graph":[{"@type":"Article","@id":"https:\/\/www.escapadarural.com\/blog\/cronica-de-un-finde-en-la-rioja\/#article","isPartOf":{"@id":"https:\/\/www.escapadarural.com\/blog\/cronica-de-un-finde-en-la-rioja\/"},"author":{"name":"Escapada Rural","@id":"https:\/\/www.escapadarural.com\/blog\/#\/schema\/person\/d9ee55ff3e0cef41d6eac8922b4f972c"},"headline":"Cr\u00f3nica de un finde en La Rioja","datePublished":"2014-12-10T17:24:37+00:00","dateModified":"2025-05-11T09:17:53+00:00","mainEntityOfPage":{"@id":"https:\/\/www.escapadarural.com\/blog\/cronica-de-un-finde-en-la-rioja\/"},"wordCount":2267,"commentCount":2,"publisher":{"@id":"https:\/\/www.escapadarural.com\/blog\/#organization"},"image":{"@id":"https:\/\/www.escapadarural.com\/blog\/cronica-de-un-finde-en-la-rioja\/#primaryimage"},"thumbnailUrl":"https:\/\/www.escapadarural.com\/blog\/wp-content\/uploads\/2020\/04\/La-Rioja.jpg","keywords":["Bodegas","Calle Laurel","Enoturismo","La Rioja","longform","Tapas","Turismo activo","vino"],"articleSection":["Destinos"],"inLanguage":"es","potentialAction":[{"@type":"CommentAction","name":"Comment","target":["https:\/\/www.escapadarural.com\/blog\/cronica-de-un-finde-en-la-rioja\/#respond"]}]},{"@type":"WebPage","@id":"https:\/\/www.escapadarural.com\/blog\/cronica-de-un-finde-en-la-rioja\/","url":"https:\/\/www.escapadarural.com\/blog\/cronica-de-un-finde-en-la-rioja\/","name":"Cr\u00f3nica de un finde en La Rioja - EscapadaRural","isPartOf":{"@id":"https:\/\/www.escapadarural.com\/blog\/#website"},"primaryImageOfPage":{"@id":"https:\/\/www.escapadarural.com\/blog\/cronica-de-un-finde-en-la-rioja\/#primaryimage"},"image":{"@id":"https:\/\/www.escapadarural.com\/blog\/cronica-de-un-finde-en-la-rioja\/#primaryimage"},"thumbnailUrl":"https:\/\/www.escapadarural.com\/blog\/wp-content\/uploads\/2020\/04\/La-Rioja.jpg","datePublished":"2014-12-10T17:24:37+00:00","dateModified":"2025-05-11T09:17:53+00:00","breadcrumb":{"@id":"https:\/\/www.escapadarural.com\/blog\/cronica-de-un-finde-en-la-rioja\/#breadcrumb"},"inLanguage":"es","potentialAction":[{"@type":"ReadAction","target":["https:\/\/www.escapadarural.com\/blog\/cronica-de-un-finde-en-la-rioja\/"]}]},{"@type":"ImageObject","inLanguage":"es","@id":"https:\/\/www.escapadarural.com\/blog\/cronica-de-un-finde-en-la-rioja\/#primaryimage","url":"https:\/\/www.escapadarural.com\/blog\/wp-content\/uploads\/2020\/04\/La-Rioja.jpg","contentUrl":"https:\/\/www.escapadarural.com\/blog\/wp-content\/uploads\/2020\/04\/La-Rioja.jpg","width":1632,"height":883,"caption":"Coloridos vi\u00f1edos oto\u00f1ales con hileras de follaje amarillo, naranja y rojo se extienden por onduladas colinas, con un peque\u00f1o pueblo y m\u00e1s colinas visibles al fondo bajo un cielo despejado."},{"@type":"BreadcrumbList","@id":"https:\/\/www.escapadarural.com\/blog\/cronica-de-un-finde-en-la-rioja\/#breadcrumb","itemListElement":[{"@type":"ListItem","position":1,"name":"Inicio","item":"https:\/\/www.escapadarural.com\/blog\/"},{"@type":"ListItem","position":2,"name":"Destinos","item":"https:\/\/www.escapadarural.com\/blog\/categoria\/destinos\/"},{"@type":"ListItem","position":3,"name":"Cr\u00f3nica de un finde en La Rioja"}]},{"@type":"WebSite","@id":"https:\/\/www.escapadarural.com\/blog\/#website","url":"https:\/\/www.escapadarural.com\/blog\/","name":"Blog de viajes | turismo rural, alojamientos e inspiraci\u00f3n","description":"Alojamientos rurales e inspiraci\u00f3n para tus escapadas","publisher":{"@id":"https:\/\/www.escapadarural.com\/blog\/#organization"},"alternateName":"Magazine de viajes de EscapadaRural","potentialAction":[{"@type":"SearchAction","target":{"@type":"EntryPoint","urlTemplate":"https:\/\/www.escapadarural.com\/blog\/?s={search_term_string}"},"query-input":{"@type":"PropertyValueSpecification","valueRequired":true,"valueName":"search_term_string"}}],"inLanguage":"es"},{"@type":"Organization","@id":"https:\/\/www.escapadarural.com\/blog\/#organization","name":"EscapadaRural","url":"https:\/\/www.escapadarural.com\/blog\/","logo":{"@type":"ImageObject","inLanguage":"es","@id":"https:\/\/www.escapadarural.com\/blog\/#\/schema\/logo\/image\/","url":"https:\/\/www.escapadarural.com\/blog\/wp-content\/uploads\/2024\/10\/cropped-cropped-escapada-rural-icon-mag-3.png","contentUrl":"https:\/\/www.escapadarural.com\/blog\/wp-content\/uploads\/2024\/10\/cropped-cropped-escapada-rural-icon-mag-3.png","width":512,"height":512,"caption":"EscapadaRural"},"image":{"@id":"https:\/\/www.escapadarural.com\/blog\/#\/schema\/logo\/image\/"},"sameAs":["https:\/\/www.facebook.com\/escapadarural","https:\/\/www.instagram.com\/escapadarural\/","https:\/\/www.youtube.com\/@escapadaruralcom"]},{"@type":"Person","@id":"https:\/\/www.escapadarural.com\/blog\/#\/schema\/person\/d9ee55ff3e0cef41d6eac8922b4f972c","name":"Escapada Rural","image":{"@type":"ImageObject","inLanguage":"es","@id":"https:\/\/www.escapadarural.com\/blog\/wp-content\/uploads\/2024\/10\/cropped-cropped-escapada-rural-icon-mag-3-96x96.png","url":"https:\/\/www.escapadarural.com\/blog\/wp-content\/uploads\/2024\/10\/cropped-cropped-escapada-rural-icon-mag-3-96x96.png","contentUrl":"https:\/\/www.escapadarural.com\/blog\/wp-content\/uploads\/2024\/10\/cropped-cropped-escapada-rural-icon-mag-3-96x96.png","caption":"Escapada Rural"},"sameAs":["https:\/\/www.facebook.com\/escapadarural","https:\/\/www.linkedin.com\/company\/escapada-rural\/?originalSubdomain=es","https:\/\/x.com\/https:\/\/x.com\/i\/flow\/login?redirect_after_login=escapadarural"],"url":"https:\/\/www.escapadarural.com\/blog\/autor\/user\/"}]}},"_links":{"self":[{"href":"https:\/\/www.escapadarural.com\/blog\/wp-json\/wp\/v2\/posts\/2208","targetHints":{"allow":["GET"]}}],"collection":[{"href":"https:\/\/www.escapadarural.com\/blog\/wp-json\/wp\/v2\/posts"}],"about":[{"href":"https:\/\/www.escapadarural.com\/blog\/wp-json\/wp\/v2\/types\/post"}],"author":[{"embeddable":true,"href":"https:\/\/www.escapadarural.com\/blog\/wp-json\/wp\/v2\/users\/136"}],"replies":[{"embeddable":true,"href":"https:\/\/www.escapadarural.com\/blog\/wp-json\/wp\/v2\/comments?post=2208"}],"version-history":[{"count":0,"href":"https:\/\/www.escapadarural.com\/blog\/wp-json\/wp\/v2\/posts\/2208\/revisions"}],"wp:featuredmedia":[{"embeddable":true,"href":"https:\/\/www.escapadarural.com\/blog\/wp-json\/wp\/v2\/media\/3236"}],"wp:attachment":[{"href":"https:\/\/www.escapadarural.com\/blog\/wp-json\/wp\/v2\/media?parent=2208"}],"wp:term":[{"taxonomy":"category","embeddable":true,"href":"https:\/\/www.escapadarural.com\/blog\/wp-json\/wp\/v2\/categories?post=2208"},{"taxonomy":"post_tag","embeddable":true,"href":"https:\/\/www.escapadarural.com\/blog\/wp-json\/wp\/v2\/tags?post=2208"}],"curies":[{"name":"wp","href":"https:\/\/api.w.org\/{rel}","templated":true}]}}