{"id":221085,"date":"2026-09-02T08:55:00","date_gmt":"2026-09-02T06:55:00","guid":{"rendered":"https:\/\/www.escapadarural.com\/blog\/?p=221085"},"modified":"2026-09-02T11:00:21","modified_gmt":"2026-09-02T09:00:21","slug":"pueblos-calurosos-en-septiembre","status":"publish","type":"post","link":"https:\/\/www.escapadarural.com\/blog\/pueblos-calurosos-en-septiembre\/","title":{"rendered":"El verano no termina en agosto: 7 destinos donde seguir disfrutando del buen tiempo"},"content":{"rendered":"\n<figure class=\"wp-block-image size-large\"><img loading=\"lazy\" decoding=\"async\" width=\"1024\" height=\"688\" src=\"https:\/\/www.escapadarural.com\/blog\/wp-content\/uploads\/2026\/08\/AdobeStock_201268611_isla_fraile-1024x688.jpeg\" alt=\"Isla del Fraile, en \u00c1guilas (Murcia). Por David.\" class=\"wp-image-221093\" srcset=\"https:\/\/www.escapadarural.com\/blog\/wp-content\/uploads\/2026\/08\/AdobeStock_201268611_isla_fraile-200x134.jpeg 200w, https:\/\/www.escapadarural.com\/blog\/wp-content\/uploads\/2026\/08\/AdobeStock_201268611_isla_fraile-300x202.jpeg 300w, https:\/\/www.escapadarural.com\/blog\/wp-content\/uploads\/2026\/08\/AdobeStock_201268611_isla_fraile-400x269.jpeg 400w, https:\/\/www.escapadarural.com\/blog\/wp-content\/uploads\/2026\/08\/AdobeStock_201268611_isla_fraile-600x403.jpeg 600w, https:\/\/www.escapadarural.com\/blog\/wp-content\/uploads\/2026\/08\/AdobeStock_201268611_isla_fraile-768x516.jpeg 768w, https:\/\/www.escapadarural.com\/blog\/wp-content\/uploads\/2026\/08\/AdobeStock_201268611_isla_fraile-800x538.jpeg 800w, https:\/\/www.escapadarural.com\/blog\/wp-content\/uploads\/2026\/08\/AdobeStock_201268611_isla_fraile-1024x688.jpeg 1024w, https:\/\/www.escapadarural.com\/blog\/wp-content\/uploads\/2026\/08\/AdobeStock_201268611_isla_fraile-1200x807.jpeg 1200w, https:\/\/www.escapadarural.com\/blog\/wp-content\/uploads\/2026\/08\/AdobeStock_201268611_isla_fraile-1536x1032.jpeg 1536w\" sizes=\"auto, (max-width: 1024px) 100vw, 1024px\" \/><figcaption class=\"wp-element-caption\">Isla del Fraile, en \u00c1guilas (Murcia). Por David.<\/figcaption><\/figure>\n\n\n\n<p class=\"wp-block-paragraph\">Aunque <a href=\"\/blog\/planes-baratos-y-gratis-en-septiembre\/\">septiembre<\/a> no sea sin\u00f3nimo de bajada de temperaturas muy notoria (el cambio clim\u00e1tico se ha encargado poco a poco de esto), en muchos puntos de la pen\u00ednsula ib\u00e9rica hay que sacar la chaquetita <strong>cuando llega el final del verano<\/strong>. Esto puede ser una buena noticia para muchos, aunque otros se resisten a decir adi\u00f3s a la camiseta de tirantes.<\/p>\n\n\n\n<p class=\"wp-block-paragraph\">La buena noticia para estos \u00faltimos es que la Agencia Estatal de Meteorolog\u00eda (AEMET) <strong>prev\u00e9 que septiembre de 2026 sea m\u00e1s c\u00e1lido de lo habitual<\/strong>. Y, como curiosidad, las zonas en las que se espera m\u00e1s calor son las mismas que registraron las temperaturas m\u00e1s altas el pasado septiembre de 2025. <strong>Estos fueron los pueblos m\u00e1s calurosos <\/strong>que tienen muchas papeletas para repetir en lo m\u00e1s alto del <em>ranking<\/em><strong>.<\/strong><\/p>\n\n\n\n<div class=\"wp-block-buttons is-layout-flex wp-block-buttons-is-layout-flex\">\n<div class=\"wp-block-button\"><a class=\"wp-block-button__link wp-element-button\" href=\"\/casas-rurales\">Encuentra tu alojamiento<\/a><\/div>\n<\/div>\n\n\n\n<h2 class=\"wp-block-heading\">Telde (<a href=\"\/casas-rurales\/las-palmas\" target=\"_blank\" rel=\"noreferrer noopener\">Gran Canaria<\/a>)<\/h2>\n\n\n\n<figure class=\"wp-block-image size-large\"><img loading=\"lazy\" decoding=\"async\" width=\"1024\" height=\"668\" src=\"https:\/\/www.escapadarural.com\/blog\/wp-content\/uploads\/2026\/08\/AdobeStock_495454546_telde-1024x668.jpeg\" alt=\"Telde (Las Palmas). Por Balate Dorin.\" class=\"wp-image-221086\" srcset=\"https:\/\/www.escapadarural.com\/blog\/wp-content\/uploads\/2026\/08\/AdobeStock_495454546_telde-200x130.jpeg 200w, https:\/\/www.escapadarural.com\/blog\/wp-content\/uploads\/2026\/08\/AdobeStock_495454546_telde-300x196.jpeg 300w, https:\/\/www.escapadarural.com\/blog\/wp-content\/uploads\/2026\/08\/AdobeStock_495454546_telde-400x261.jpeg 400w, https:\/\/www.escapadarural.com\/blog\/wp-content\/uploads\/2026\/08\/AdobeStock_495454546_telde-600x391.jpeg 600w, https:\/\/www.escapadarural.com\/blog\/wp-content\/uploads\/2026\/08\/AdobeStock_495454546_telde-768x501.jpeg 768w, https:\/\/www.escapadarural.com\/blog\/wp-content\/uploads\/2026\/08\/AdobeStock_495454546_telde-800x522.jpeg 800w, https:\/\/www.escapadarural.com\/blog\/wp-content\/uploads\/2026\/08\/AdobeStock_495454546_telde-1024x668.jpeg 1024w, https:\/\/www.escapadarural.com\/blog\/wp-content\/uploads\/2026\/08\/AdobeStock_495454546_telde-1200x783.jpeg 1200w, https:\/\/www.escapadarural.com\/blog\/wp-content\/uploads\/2026\/08\/AdobeStock_495454546_telde-1536x1002.jpeg 1536w\" sizes=\"auto, (max-width: 1024px) 100vw, 1024px\" \/><figcaption class=\"wp-element-caption\">Telde (Gran Canaria). Por Balate Dorin.<\/figcaption><\/figure>\n\n\n\n<p class=\"wp-block-paragraph\">Fue una de las dos grandes capitales abor\u00edgenes de la isla antes de la conquista castellana. Su casco antiguo est\u00e1 compuesto por <strong>tres barrios de fuerte personalidad<\/strong>: San Juan, con sus casas se\u00f1oriales de fachada blanca y balcones de tea; San Francisco, un laberinto de callejuelas empedradas y arquitectura tradicional; y San Gregorio, el hist\u00f3rico centro de comerciantes y artesanos.<\/p>\n\n\n\n<p class=\"wp-block-paragraph\">Entre sus <strong>elementos patrimoniales m\u00e1s importantes<\/strong> se encuentra la bas\u00edlica de San Juan Bautista, con un curioso Cristo crucificado del siglo XVI que se elabor\u00f3 en M\u00e9xico con pasta de ma\u00edz. Adem\u00e1s, tambi\u00e9n destacan el yacimiento arqueol\u00f3gico de Cuatro Puertas y el conjunto hist\u00f3rico de la Casa-Museo Le\u00f3n y Castillo.<\/p>\n\n\n\n<div class=\"wp-block-buttons is-layout-flex wp-block-buttons-is-layout-flex\">\n<div class=\"wp-block-button\"><a class=\"wp-block-button__link wp-element-button\" href=\"\/casas-rurales\/telde\" target=\"_blank\" rel=\"noreferrer noopener\">Alojamientos rurales en Telde<\/a><\/div>\n<\/div>\n\n\n\n<h2 class=\"wp-block-heading\">Montoro (<a href=\"\/casas-rurales\/cordoba\" target=\"_blank\" rel=\"noreferrer noopener\">C\u00f3rdoba<\/a>)<\/h2>\n\n\n\n<figure class=\"wp-block-image size-large\"><img loading=\"lazy\" decoding=\"async\" width=\"1024\" height=\"683\" src=\"https:\/\/www.escapadarural.com\/blog\/wp-content\/uploads\/2026\/08\/AdobeStock_530792724_montoro-1024x683.jpeg\" alt=\"Montoro (C\u00f3rdoba). Por Alfredo.\" class=\"wp-image-221088\" srcset=\"https:\/\/www.escapadarural.com\/blog\/wp-content\/uploads\/2026\/08\/AdobeStock_530792724_montoro-200x133.jpeg 200w, https:\/\/www.escapadarural.com\/blog\/wp-content\/uploads\/2026\/08\/AdobeStock_530792724_montoro-300x200.jpeg 300w, https:\/\/www.escapadarural.com\/blog\/wp-content\/uploads\/2026\/08\/AdobeStock_530792724_montoro-400x267.jpeg 400w, https:\/\/www.escapadarural.com\/blog\/wp-content\/uploads\/2026\/08\/AdobeStock_530792724_montoro-600x400.jpeg 600w, https:\/\/www.escapadarural.com\/blog\/wp-content\/uploads\/2026\/08\/AdobeStock_530792724_montoro-768x512.jpeg 768w, https:\/\/www.escapadarural.com\/blog\/wp-content\/uploads\/2026\/08\/AdobeStock_530792724_montoro-800x533.jpeg 800w, https:\/\/www.escapadarural.com\/blog\/wp-content\/uploads\/2026\/08\/AdobeStock_530792724_montoro-1024x683.jpeg 1024w, https:\/\/www.escapadarural.com\/blog\/wp-content\/uploads\/2026\/08\/AdobeStock_530792724_montoro-1200x800.jpeg 1200w, https:\/\/www.escapadarural.com\/blog\/wp-content\/uploads\/2026\/08\/AdobeStock_530792724_montoro-1536x1024.jpeg 1536w\" sizes=\"auto, (max-width: 1024px) 100vw, 1024px\" \/><figcaption class=\"wp-element-caption\">Montoro (C\u00f3rdoba). Por Alfredo.<\/figcaption><\/figure>\n\n\n\n<p class=\"wp-block-paragraph\">Declarado <strong>Conjunto Hist\u00f3rico-Art\u00edstico<\/strong>, este pueblo andaluz se eleva sobre cinco colinas rodeadas por un meandro del r\u00edo Guadalquivir. Su origen es \u00edbero y vivi\u00f3 un gran esplendor durante las \u00e9pocas romanas y musulmanas. En \u00e9l destaca el llamativo contraste entre el blanco de sus fachadas y el tono rojizo de la piedra molinaza de sus construcciones se\u00f1oriales.<\/p>\n\n\n\n<p class=\"wp-block-paragraph\">Tiene muchos <strong>puntos de inter\u00e9s como el puente mayor de las Donadas<\/strong>, que se construy\u00f3 en el siglo XV gracias a la aportaci\u00f3n de joyas de mujeres locales; y la plaza de Espa\u00f1a con la Iglesia de San Bartolom\u00e9 y la llamativa Casa de las Conchas. No hay que dejar pasar la oportunidad de visitar el Parque Natural Sierra de Carde\u00f1a y Montoro.<\/p>\n\n\n\n<div class=\"wp-block-buttons is-layout-flex wp-block-buttons-is-layout-flex\">\n<div class=\"wp-block-button\"><a class=\"wp-block-button__link wp-element-button\" href=\"\/casas-rurales\/montoro\" target=\"_blank\" rel=\"noreferrer noopener\">Alojamientos rurales en Montoro<\/a><\/div>\n<\/div>\n\n\n\n<h2 class=\"wp-block-heading\">Zafra (<a href=\"\/casas-rurales\/badajoz\" target=\"_blank\" rel=\"noreferrer noopener\">Badajoz<\/a>)<\/h2>\n\n\n\n<figure class=\"wp-block-image size-large\"><img loading=\"lazy\" decoding=\"async\" width=\"1024\" height=\"671\" src=\"https:\/\/www.escapadarural.com\/blog\/wp-content\/uploads\/2026\/08\/AdobeStock_93102469_zafra-1024x671.jpeg\" alt=\"Castillo de los Duques de Feria, en Zafra. Por joserpizarro.\" class=\"wp-image-221069\" srcset=\"https:\/\/www.escapadarural.com\/blog\/wp-content\/uploads\/2026\/08\/AdobeStock_93102469_zafra-200x131.jpeg 200w, https:\/\/www.escapadarural.com\/blog\/wp-content\/uploads\/2026\/08\/AdobeStock_93102469_zafra-300x197.jpeg 300w, https:\/\/www.escapadarural.com\/blog\/wp-content\/uploads\/2026\/08\/AdobeStock_93102469_zafra-400x262.jpeg 400w, https:\/\/www.escapadarural.com\/blog\/wp-content\/uploads\/2026\/08\/AdobeStock_93102469_zafra-600x393.jpeg 600w, https:\/\/www.escapadarural.com\/blog\/wp-content\/uploads\/2026\/08\/AdobeStock_93102469_zafra-768x503.jpeg 768w, https:\/\/www.escapadarural.com\/blog\/wp-content\/uploads\/2026\/08\/AdobeStock_93102469_zafra-800x524.jpeg 800w, https:\/\/www.escapadarural.com\/blog\/wp-content\/uploads\/2026\/08\/AdobeStock_93102469_zafra-1024x671.jpeg 1024w, https:\/\/www.escapadarural.com\/blog\/wp-content\/uploads\/2026\/08\/AdobeStock_93102469_zafra-1200x786.jpeg 1200w, https:\/\/www.escapadarural.com\/blog\/wp-content\/uploads\/2026\/08\/AdobeStock_93102469_zafra-1536x1006.jpeg 1536w\" sizes=\"auto, (max-width: 1024px) 100vw, 1024px\" \/><figcaption class=\"wp-element-caption\">Castillo de los duques de Feria, en Zafra (Badajoz). Por joserpizarro.<\/figcaption><\/figure>\n\n\n\n<p class=\"wp-block-paragraph\">Conocida hist\u00f3ricamente como<strong> &#8216;Sevilla la Chica&#8217;<\/strong>, Zafra est\u00e1 formada por calles encaladas, arcos y pasadizos. Fue una importante plaza se\u00f1orial dominada por los duques de Feria, cuyo poder se refleja en el palacio que lleva su nombre y que, en la actualidad, es un Parador de Turismo.<\/p>\n\n\n\n<p class=\"wp-block-paragraph\">Adem\u00e1s del mencionado edificio, en la gu\u00eda del visitante no pueden faltar la <strong>plaza Grande y la plaza Chica<\/strong>, que est\u00e1n unidas por el Arquillo del Pan. Y, por supuesto, hay que conocer la colegiata de Santa Mar\u00eda de Candelaria.<\/p>\n\n\n\n<div class=\"wp-block-buttons is-layout-flex wp-block-buttons-is-layout-flex\">\n<div class=\"wp-block-button\"><a class=\"wp-block-button__link wp-element-button\" href=\"\/casas-rurales\/zafra\" target=\"_blank\" rel=\"noreferrer noopener\">Alojamientos rurales en Zafra<\/a><\/div>\n<\/div>\n\n\n\n<h2 class=\"wp-block-heading\">Jerez de la Frontera (<a href=\"\/casas-rurales\/cadiz\" target=\"_blank\" rel=\"noreferrer noopener\">C\u00e1diz<\/a>)<\/h2>\n\n\n\n<figure class=\"wp-block-image size-large\"><img loading=\"lazy\" decoding=\"async\" width=\"1024\" height=\"680\" src=\"https:\/\/www.escapadarural.com\/blog\/wp-content\/uploads\/2026\/08\/AdobeStock_203579167_jerez-1024x680.jpeg\" alt=\"Jerez de la Frontera (C\u00e1diz). Por GISTEL.\" class=\"wp-image-221089\" srcset=\"https:\/\/www.escapadarural.com\/blog\/wp-content\/uploads\/2026\/08\/AdobeStock_203579167_jerez-200x133.jpeg 200w, https:\/\/www.escapadarural.com\/blog\/wp-content\/uploads\/2026\/08\/AdobeStock_203579167_jerez-300x199.jpeg 300w, https:\/\/www.escapadarural.com\/blog\/wp-content\/uploads\/2026\/08\/AdobeStock_203579167_jerez-400x266.jpeg 400w, https:\/\/www.escapadarural.com\/blog\/wp-content\/uploads\/2026\/08\/AdobeStock_203579167_jerez-600x399.jpeg 600w, https:\/\/www.escapadarural.com\/blog\/wp-content\/uploads\/2026\/08\/AdobeStock_203579167_jerez-768x510.jpeg 768w, https:\/\/www.escapadarural.com\/blog\/wp-content\/uploads\/2026\/08\/AdobeStock_203579167_jerez-800x531.jpeg 800w, https:\/\/www.escapadarural.com\/blog\/wp-content\/uploads\/2026\/08\/AdobeStock_203579167_jerez-1024x680.jpeg 1024w, https:\/\/www.escapadarural.com\/blog\/wp-content\/uploads\/2026\/08\/AdobeStock_203579167_jerez-1200x797.jpeg 1200w, https:\/\/www.escapadarural.com\/blog\/wp-content\/uploads\/2026\/08\/AdobeStock_203579167_jerez-1536x1020.jpeg 1536w\" sizes=\"auto, (max-width: 1024px) 100vw, 1024px\" \/><figcaption class=\"wp-element-caption\">Jerez de la Frontera (C\u00e1diz). Por GISTEL.<\/figcaption><\/figure>\n\n\n\n<p class=\"wp-block-paragraph\">Esta localidad casi no necesita presentaci\u00f3n. Es m\u00e1s que conocida por sus <strong>vinos, el flamenco y los caballos cartujanos<\/strong>, as\u00ed como por su trazado medieval. En una visita no pueden faltar el conjunto monumental del Alc\u00e1zar \u00e1rabe del siglo XII, la catedral de San Salvador, las tabernas tradicionales tambi\u00e9n conocidas como <a href=\"\/blog\/furanchos-guachinches-templos-clandestinos-gastronomia-rural\/#h-tabancos-de-jerez-cadiz-vino-madera-y-cante-espontaneo\">tabancos<\/a> y las bodegas centenarias como T\u00edo Pepe o Tradici\u00f3n.<\/p>\n\n\n\n<p class=\"wp-block-paragraph\">Una idea para los m\u00e1s deportistas es aprovechar <strong>los vientos t\u00e9rmicos de septiembre<\/strong> para practicar <em>kitesurf<\/em> y <em>windsurf <\/em>en playas como Valdelagrana.<\/p>\n\n\n\n<div class=\"wp-block-buttons is-layout-flex wp-block-buttons-is-layout-flex\">\n<div class=\"wp-block-button\"><a class=\"wp-block-button__link wp-element-button\" href=\"\/casas-rurales\/jerez-de-la-frontera\" target=\"_blank\" rel=\"noreferrer noopener\">Alojamientos rurales en Jerez de la Frontera<\/a><\/div>\n<\/div>\n\n\n\n<h2 class=\"wp-block-heading\">Chauchina (<a href=\"\/casas-rurales\/granada\" target=\"_blank\" rel=\"noreferrer noopener\">Granada<\/a>)<\/h2>\n\n\n\n<figure class=\"wp-block-image size-large\"><img loading=\"lazy\" decoding=\"async\" width=\"1024\" height=\"865\" src=\"https:\/\/www.escapadarural.com\/blog\/wp-content\/uploads\/2026\/08\/Ayuntamiento_de_Chauchina_en_Granada_Espana-1024x865.jpg\" alt=\"Chauchina, en Granada. Por Lopezsuarez (Wikimedia)\" class=\"wp-image-221090\" srcset=\"https:\/\/www.escapadarural.com\/blog\/wp-content\/uploads\/2026\/08\/Ayuntamiento_de_Chauchina_en_Granada_Espana-200x169.jpg 200w, https:\/\/www.escapadarural.com\/blog\/wp-content\/uploads\/2026\/08\/Ayuntamiento_de_Chauchina_en_Granada_Espana-300x253.jpg 300w, https:\/\/www.escapadarural.com\/blog\/wp-content\/uploads\/2026\/08\/Ayuntamiento_de_Chauchina_en_Granada_Espana-400x338.jpg 400w, https:\/\/www.escapadarural.com\/blog\/wp-content\/uploads\/2026\/08\/Ayuntamiento_de_Chauchina_en_Granada_Espana-600x507.jpg 600w, https:\/\/www.escapadarural.com\/blog\/wp-content\/uploads\/2026\/08\/Ayuntamiento_de_Chauchina_en_Granada_Espana-768x649.jpg 768w, https:\/\/www.escapadarural.com\/blog\/wp-content\/uploads\/2026\/08\/Ayuntamiento_de_Chauchina_en_Granada_Espana-800x676.jpg 800w, https:\/\/www.escapadarural.com\/blog\/wp-content\/uploads\/2026\/08\/Ayuntamiento_de_Chauchina_en_Granada_Espana-1024x865.jpg 1024w, https:\/\/www.escapadarural.com\/blog\/wp-content\/uploads\/2026\/08\/Ayuntamiento_de_Chauchina_en_Granada_Espana-1200x1014.jpg 1200w, https:\/\/www.escapadarural.com\/blog\/wp-content\/uploads\/2026\/08\/Ayuntamiento_de_Chauchina_en_Granada_Espana-1536x1297.jpg 1536w\" sizes=\"auto, (max-width: 1024px) 100vw, 1024px\" \/><figcaption class=\"wp-element-caption\">Chauchina, en Granada. Por <a href=\"https:\/\/commons.wikimedia.org\/wiki\/File:Ayuntamiento_de_Chauchina,_en_Granada_%28Espa%C3%B1a%29.jpg\" target=\"_blank\" rel=\"noreferrer noopener nofollow\">Lopezsuarez<\/a> (Wikimedia)<\/figcaption><\/figure>\n\n\n\n<p class=\"wp-block-paragraph\">La historia de este pueblo est\u00e1 ligada a la cultura del agua de origen nazar\u00ed y al legado del <strong>poeta Federico Garc\u00eda Lorca<\/strong>, quien inspir\u00f3 parte de su obra en los paisajes de esta zona. Ubicada en el coraz\u00f3n de la <strong>Vega de Granada<\/strong>, en su patrimonio sobresale la torre vig\u00eda de Romilla, de origen nazar\u00ed del siglo XIV. Asimismo, son interesantes el santuario de la Virgen del Pincho y la Casa-Museo Natal de Lorca en la colindante Fuente Vaqueros.<\/p>\n\n\n\n<p class=\"wp-block-paragraph\">Entre sus tesoros naturales est\u00e1n el <strong>sendero acu\u00e1tico <a href=\"\/blog\/cahorros-de-monachil-entre-puentes-colgantes-y-montanas\/\" target=\"_blank\" rel=\"noreferrer noopener\">Cahorros de Monachil<\/a> <\/strong>y la ruta de la Vega, apta para caminantes y ciclistas.<\/p>\n\n\n\n<div class=\"wp-block-buttons is-layout-flex wp-block-buttons-is-layout-flex\">\n<div class=\"wp-block-button\"><a class=\"wp-block-button__link wp-element-button\" href=\"\/casas-rurales\/vega-de-granada\" target=\"_blank\" rel=\"noreferrer noopener\">Alojamientos rurales en la Vega de Granada<\/a><\/div>\n<\/div>\n\n\n\n<h2 class=\"wp-block-heading\">La Roda de Andaluc\u00eda (<a href=\"\/casas-rurales\/sevilla\" target=\"_blank\" rel=\"noreferrer noopener\">Sevilla<\/a>)<\/h2>\n\n\n\n<figure class=\"wp-block-image size-large\"><img loading=\"lazy\" decoding=\"async\" width=\"1024\" height=\"576\" src=\"https:\/\/www.escapadarural.com\/blog\/wp-content\/uploads\/2026\/08\/AdobeStock_1897525778_roda_andalucia-1024x576.jpeg\" alt=\"La Roda de Andaluc\u00eda, en Sevilla. Por DMegias.\" class=\"wp-image-221091\" srcset=\"https:\/\/www.escapadarural.com\/blog\/wp-content\/uploads\/2026\/08\/AdobeStock_1897525778_roda_andalucia-200x113.jpeg 200w, https:\/\/www.escapadarural.com\/blog\/wp-content\/uploads\/2026\/08\/AdobeStock_1897525778_roda_andalucia-300x169.jpeg 300w, https:\/\/www.escapadarural.com\/blog\/wp-content\/uploads\/2026\/08\/AdobeStock_1897525778_roda_andalucia-400x225.jpeg 400w, https:\/\/www.escapadarural.com\/blog\/wp-content\/uploads\/2026\/08\/AdobeStock_1897525778_roda_andalucia-600x338.jpeg 600w, https:\/\/www.escapadarural.com\/blog\/wp-content\/uploads\/2026\/08\/AdobeStock_1897525778_roda_andalucia-768x432.jpeg 768w, https:\/\/www.escapadarural.com\/blog\/wp-content\/uploads\/2026\/08\/AdobeStock_1897525778_roda_andalucia-800x450.jpeg 800w, https:\/\/www.escapadarural.com\/blog\/wp-content\/uploads\/2026\/08\/AdobeStock_1897525778_roda_andalucia-1024x576.jpeg 1024w, https:\/\/www.escapadarural.com\/blog\/wp-content\/uploads\/2026\/08\/AdobeStock_1897525778_roda_andalucia-1200x675.jpeg 1200w, https:\/\/www.escapadarural.com\/blog\/wp-content\/uploads\/2026\/08\/AdobeStock_1897525778_roda_andalucia-1536x864.jpeg 1536w\" sizes=\"auto, (max-width: 1024px) 100vw, 1024px\" \/><figcaption class=\"wp-element-caption\">La Roda de Andaluc\u00eda, en Sevilla. Por DMegias.<\/figcaption><\/figure>\n\n\n\n<p class=\"wp-block-paragraph\">Se trata del enlace hist\u00f3rico entre la campi\u00f1a sevillana, la Subb\u00e9tica y la Costa del Sol. La arquitectura de sus edificios est\u00e1 conformada por <strong>casas encaladas y grandes patios<\/strong> interiores. La historia del pueblo est\u00e1 muy ligada al tren, de ah\u00ed que tenga un interesante museo del ferrocarril dentro de su patrimonio. Adem\u00e1s, tambi\u00e9n se recomienda conocer la iglesia barroca de Santa Ana y las antiguas canteras romanas de piedra.<\/p>\n\n\n\n<p class=\"wp-block-paragraph\">A muy pocos kil\u00f3metros de distancia est\u00e1 <strong>la Reserva Natural Laguna de Fuente de Piedra<\/strong>, uno de los <a href=\"\/blog\/que-ver-malaga-imprescindibles\/\">imprescindibles de M\u00e1laga<\/a>, que ofrece itinerarios adaptados para el avistamiento de aves al amanecer, coincidiendo con el <a href=\"\/blog\/lugares-de-espana-donde-podemos-ver-flamencos\/\">paso migratorio de flamencos rosas<\/a> en septiembre.<\/p>\n\n\n\n<div class=\"wp-block-buttons is-layout-flex wp-block-buttons-is-layout-flex\">\n<div class=\"wp-block-button\"><a class=\"wp-block-button__link wp-element-button\" href=\"\/casas-rurales\/la-roda-de-andalucia\" target=\"_blank\" rel=\"noreferrer noopener\">Alojamientos rurales en La Roda de Andaluc\u00eda<\/a><\/div>\n<\/div>\n\n\n\n<h2 class=\"wp-block-heading\">\u00c1guilas (<a href=\"\/casas-rurales\/murcia\" target=\"_blank\" rel=\"noreferrer noopener\">Murcia<\/a>)<\/h2>\n\n\n\n<figure class=\"wp-block-image size-large\"><img loading=\"lazy\" decoding=\"async\" width=\"1024\" height=\"683\" src=\"https:\/\/www.escapadarural.com\/blog\/wp-content\/uploads\/2026\/08\/AdobeStock_296339836_aguilas-1024x683.jpeg\" alt=\"\u00c1guilas, en Murcia. Por Alvaro.\" class=\"wp-image-221092\" srcset=\"https:\/\/www.escapadarural.com\/blog\/wp-content\/uploads\/2026\/08\/AdobeStock_296339836_aguilas-200x133.jpeg 200w, https:\/\/www.escapadarural.com\/blog\/wp-content\/uploads\/2026\/08\/AdobeStock_296339836_aguilas-300x200.jpeg 300w, https:\/\/www.escapadarural.com\/blog\/wp-content\/uploads\/2026\/08\/AdobeStock_296339836_aguilas-400x267.jpeg 400w, https:\/\/www.escapadarural.com\/blog\/wp-content\/uploads\/2026\/08\/AdobeStock_296339836_aguilas-600x400.jpeg 600w, https:\/\/www.escapadarural.com\/blog\/wp-content\/uploads\/2026\/08\/AdobeStock_296339836_aguilas-768x512.jpeg 768w, https:\/\/www.escapadarural.com\/blog\/wp-content\/uploads\/2026\/08\/AdobeStock_296339836_aguilas-800x533.jpeg 800w, https:\/\/www.escapadarural.com\/blog\/wp-content\/uploads\/2026\/08\/AdobeStock_296339836_aguilas-1024x683.jpeg 1024w, https:\/\/www.escapadarural.com\/blog\/wp-content\/uploads\/2026\/08\/AdobeStock_296339836_aguilas-1200x800.jpeg 1200w, https:\/\/www.escapadarural.com\/blog\/wp-content\/uploads\/2026\/08\/AdobeStock_296339836_aguilas-1536x1024.jpeg 1536w\" sizes=\"auto, (max-width: 1024px) 100vw, 1024px\" \/><figcaption class=\"wp-element-caption\">\u00c1guilas, en Murcia. Por Alvaro.<\/figcaption><\/figure>\n\n\n\n<p class=\"wp-block-paragraph\">La costa murciana destaca por un microclima \u00e1rido con m\u00e1s de 3.000 horas de sol al a\u00f1o y bah\u00edas protegidas y ah\u00ed, precisamente, es donde se encuentra esta localidad. El <strong><a href=\"\/blog\/aguilas-y-mazarron-dos-imprescindibles-de-la-costa-calida\/\">castillo de San Juan de las \u00c1guilas<\/a><\/strong>, el embarcadero del Hornillo y la plaza de Espa\u00f1a son algunos de sus rincones m\u00e1s atractivos.<\/p>\n\n\n\n<p class=\"wp-block-paragraph\">All\u00ed tambi\u00e9n se pueden realizar <strong>actividades de turismo activo<\/strong>. Por ejemplo, el sendero costero GR-92 permite recorrer sus acantilados a pie con paradas para ba\u00f1arse en aguas cristalinas. Adem\u00e1s, los submarinistas y aficionados al <em>snorkel<\/em>, el kayak y el <em>paddle surf<\/em> encontrar\u00e1n en el mar de <strong>la isla del Fraile<\/strong> un entorno perfecto.<\/p>\n\n\n\n<div class=\"wp-block-buttons is-layout-flex wp-block-buttons-is-layout-flex\">\n<div class=\"wp-block-button\"><a class=\"wp-block-button__link wp-element-button\" href=\"\/casas-rurales\/aguilas\" target=\"_blank\" rel=\"noreferrer noopener\">Alojamientos rurales en \u00c1guilas<\/a><\/div>\n<\/div>\n","protected":false},"excerpt":{"rendered":"<p>Aunque el mes de septiembre era sin\u00f3nimo de bajada de temperaturas, hay pueblos de Espa\u00f1a en los que el calor contin\u00faa m\u00e1s all\u00e1 de agosto.<\/p>\n","protected":false},"author":114,"featured_media":221088,"comment_status":"open","ping_status":"open","sticky":false,"template":"","format":"standard","meta":{"_acf_changed":false,"om_disable_all_campaigns":false,"footnotes":""},"categories":[191],"tags":[2197,539,648,3452,222,511,2090,338,215,428,5590,212,6952,312,274,217],"class_list":["post-221085","post","type-post","status-publish","format-standard","has-post-thumbnail","hentry","category-destinos","tag-amigos","tag-que-ver-en-badajoz","tag-que-ver-en-cadiz","tag-calor","tag-que-ver-en-cordoba","tag-familia","tag-gran-canaria","tag-que-ver-en-granada","tag-listado","tag-que-ver-en-murcia","tag-pareja","tag-pueblos","tag-septiembre","tag-que-ver-en-sevilla","tag-turismo-rural","tag-verano"],"acf":[],"featured_image_src":"https:\/\/www.escapadarural.com\/blog\/wp-content\/uploads\/2026\/08\/AdobeStock_530792724_montoro-scaled.jpeg","author_info":{"display_name":"Carmen L\u00f3pez","author_link":"https:\/\/www.escapadarural.com\/blog\/autor\/carmenlopez\/"},"yoast_head":"<!-- This site is optimized with the Yoast SEO plugin v28.1 - https:\/\/yoast.com\/product\/yoast-seo-wordpress\/ -->\n<title>El verano no termina en agosto: 7 destinos donde seguir disfrutando del buen tiempo - EscapadaRural<\/title>\n<meta name=\"description\" content=\"Aunque el mes de septiembre era sin\u00f3nimo de bajada de temperaturas, hay pueblos de Espa\u00f1a en los que el calor contin\u00faa m\u00e1s all\u00e1 de agosto.\" \/>\n<meta name=\"robots\" content=\"index, follow, max-snippet:-1, max-image-preview:large, max-video-preview:-1\" \/>\n<link rel=\"canonical\" href=\"https:\/\/www.escapadarural.com\/blog\/pueblos-calurosos-en-septiembre\/\" \/>\n<meta property=\"og:locale\" content=\"es_ES\" \/>\n<meta property=\"og:type\" content=\"article\" \/>\n<meta property=\"og:title\" content=\"El verano no termina en agosto: 7 destinos donde seguir disfrutando del buen tiempo - EscapadaRural\" \/>\n<meta property=\"og:description\" content=\"Aunque el mes de septiembre era sin\u00f3nimo de bajada de temperaturas, hay pueblos de Espa\u00f1a en los que el calor contin\u00faa m\u00e1s all\u00e1 de agosto.\" \/>\n<meta property=\"og:url\" content=\"https:\/\/www.escapadarural.com\/blog\/pueblos-calurosos-en-septiembre\/\" \/>\n<meta property=\"og:site_name\" content=\"Magazine de viajes de EscapadaRural\" \/>\n<meta property=\"article:publisher\" content=\"https:\/\/www.facebook.com\/escapadarural\" \/>\n<meta property=\"article:published_time\" content=\"2026-09-02T06:55:00+00:00\" \/>\n<meta property=\"article:modified_time\" content=\"2026-09-02T09:00:21+00:00\" \/>\n<meta property=\"og:image\" content=\"https:\/\/www.escapadarural.com\/blog\/wp-content\/uploads\/2026\/08\/AdobeStock_530792724_montoro-scaled.jpeg?v=1788339621\" \/>\n\t<meta property=\"og:image:width\" content=\"2048\" \/>\n\t<meta property=\"og:image:height\" content=\"1366\" \/>\n\t<meta property=\"og:image:type\" content=\"image\/jpeg\" \/>\n<meta name=\"author\" content=\"Carmen L\u00f3pez\" \/>\n<meta name=\"twitter:card\" content=\"summary_large_image\" \/>\n<meta name=\"twitter:label1\" content=\"Escrito por\" \/>\n\t<meta name=\"twitter:data1\" content=\"Carmen L\u00f3pez\" \/>\n\t<meta name=\"twitter:label2\" content=\"Tiempo de lectura\" \/>\n\t<meta name=\"twitter:data2\" content=\"5 minutos\" \/>\n<script type=\"application\/ld+json\" class=\"yoast-schema-graph\">{\"@context\":\"https:\\\/\\\/schema.org\",\"@graph\":[{\"@type\":\"Article\",\"@id\":\"https:\\\/\\\/www.escapadarural.com\\\/blog\\\/pueblos-calurosos-en-septiembre\\\/#article\",\"isPartOf\":{\"@id\":\"https:\\\/\\\/www.escapadarural.com\\\/blog\\\/pueblos-calurosos-en-septiembre\\\/\"},\"author\":{\"name\":\"Carmen L\u00f3pez\",\"@id\":\"https:\\\/\\\/www.escapadarural.com\\\/blog\\\/#\\\/schema\\\/person\\\/42dfdff6118172efc6a04c8ae599a2ce\"},\"headline\":\"El verano no termina en agosto: 7 destinos donde seguir disfrutando del buen tiempo\",\"datePublished\":\"2026-09-02T06:55:00+00:00\",\"dateModified\":\"2026-09-02T09:00:21+00:00\",\"mainEntityOfPage\":{\"@id\":\"https:\\\/\\\/www.escapadarural.com\\\/blog\\\/pueblos-calurosos-en-septiembre\\\/\"},\"wordCount\":1049,\"commentCount\":0,\"publisher\":{\"@id\":\"https:\\\/\\\/www.escapadarural.com\\\/blog\\\/#organization\"},\"image\":{\"@id\":\"https:\\\/\\\/www.escapadarural.com\\\/blog\\\/pueblos-calurosos-en-septiembre\\\/#primaryimage\"},\"thumbnailUrl\":\"https:\\\/\\\/www.escapadarural.com\\\/blog\\\/wp-content\\\/uploads\\\/2026\\\/08\\\/AdobeStock_530792724_montoro-scaled.jpeg\",\"keywords\":[\"amigos\",\"Badajoz\",\"C\u00e1diz\",\"calor\",\"C\u00f3rdoba\",\"Familia\",\"Gran Canaria\",\"Granada\",\"Listado\",\"Murcia\",\"Pareja\",\"pueblos\",\"septiembre\",\"Sevilla\",\"turismo rural\",\"verano\"],\"articleSection\":[\"Destinos\"],\"inLanguage\":\"es\",\"potentialAction\":[{\"@type\":\"CommentAction\",\"name\":\"Comment\",\"target\":[\"https:\\\/\\\/www.escapadarural.com\\\/blog\\\/pueblos-calurosos-en-septiembre\\\/#respond\"]}]},{\"@type\":\"WebPage\",\"@id\":\"https:\\\/\\\/www.escapadarural.com\\\/blog\\\/pueblos-calurosos-en-septiembre\\\/\",\"url\":\"https:\\\/\\\/www.escapadarural.com\\\/blog\\\/pueblos-calurosos-en-septiembre\\\/\",\"name\":\"El verano no termina en agosto: 7 destinos donde seguir disfrutando del buen tiempo - EscapadaRural\",\"isPartOf\":{\"@id\":\"https:\\\/\\\/www.escapadarural.com\\\/blog\\\/#website\"},\"primaryImageOfPage\":{\"@id\":\"https:\\\/\\\/www.escapadarural.com\\\/blog\\\/pueblos-calurosos-en-septiembre\\\/#primaryimage\"},\"image\":{\"@id\":\"https:\\\/\\\/www.escapadarural.com\\\/blog\\\/pueblos-calurosos-en-septiembre\\\/#primaryimage\"},\"thumbnailUrl\":\"https:\\\/\\\/www.escapadarural.com\\\/blog\\\/wp-content\\\/uploads\\\/2026\\\/08\\\/AdobeStock_530792724_montoro-scaled.jpeg\",\"datePublished\":\"2026-09-02T06:55:00+00:00\",\"dateModified\":\"2026-09-02T09:00:21+00:00\",\"description\":\"Aunque el mes de septiembre era sin\u00f3nimo de bajada de temperaturas, hay pueblos de Espa\u00f1a en los que el calor contin\u00faa m\u00e1s all\u00e1 de agosto.\",\"breadcrumb\":{\"@id\":\"https:\\\/\\\/www.escapadarural.com\\\/blog\\\/pueblos-calurosos-en-septiembre\\\/#breadcrumb\"},\"inLanguage\":\"es\",\"potentialAction\":[{\"@type\":\"ReadAction\",\"target\":[\"https:\\\/\\\/www.escapadarural.com\\\/blog\\\/pueblos-calurosos-en-septiembre\\\/\"]}]},{\"@type\":\"ImageObject\",\"inLanguage\":\"es\",\"@id\":\"https:\\\/\\\/www.escapadarural.com\\\/blog\\\/pueblos-calurosos-en-septiembre\\\/#primaryimage\",\"url\":\"https:\\\/\\\/www.escapadarural.com\\\/blog\\\/wp-content\\\/uploads\\\/2026\\\/08\\\/AdobeStock_530792724_montoro-scaled.jpeg\",\"contentUrl\":\"https:\\\/\\\/www.escapadarural.com\\\/blog\\\/wp-content\\\/uploads\\\/2026\\\/08\\\/AdobeStock_530792724_montoro-scaled.jpeg\",\"width\":2048,\"height\":1366,\"caption\":\"Montoro (C\u00f3rdoba). Por Alfredo.\"},{\"@type\":\"BreadcrumbList\",\"@id\":\"https:\\\/\\\/www.escapadarural.com\\\/blog\\\/pueblos-calurosos-en-septiembre\\\/#breadcrumb\",\"itemListElement\":[{\"@type\":\"ListItem\",\"position\":1,\"name\":\"Inicio\",\"item\":\"https:\\\/\\\/www.escapadarural.com\\\/blog\\\/\"},{\"@type\":\"ListItem\",\"position\":2,\"name\":\"Destinos\",\"item\":\"https:\\\/\\\/www.escapadarural.com\\\/blog\\\/categoria\\\/destinos\\\/\"},{\"@type\":\"ListItem\",\"position\":3,\"name\":\"El verano no termina en agosto: 7 destinos donde seguir disfrutando del buen tiempo\"}]},{\"@type\":\"WebSite\",\"@id\":\"https:\\\/\\\/www.escapadarural.com\\\/blog\\\/#website\",\"url\":\"https:\\\/\\\/www.escapadarural.com\\\/blog\\\/\",\"name\":\"Blog de viajes | turismo rural, alojamientos e inspiraci\u00f3n\",\"description\":\"Alojamientos rurales e inspiraci\u00f3n para tus escapadas\",\"publisher\":{\"@id\":\"https:\\\/\\\/www.escapadarural.com\\\/blog\\\/#organization\"},\"alternateName\":\"Magazine de viajes de EscapadaRural\",\"potentialAction\":[{\"@type\":\"SearchAction\",\"target\":{\"@type\":\"EntryPoint\",\"urlTemplate\":\"https:\\\/\\\/www.escapadarural.com\\\/blog\\\/?s={search_term_string}\"},\"query-input\":{\"@type\":\"PropertyValueSpecification\",\"valueRequired\":true,\"valueName\":\"search_term_string\"}}],\"inLanguage\":\"es\"},{\"@type\":\"Organization\",\"@id\":\"https:\\\/\\\/www.escapadarural.com\\\/blog\\\/#organization\",\"name\":\"EscapadaRural\",\"url\":\"https:\\\/\\\/www.escapadarural.com\\\/blog\\\/\",\"logo\":{\"@type\":\"ImageObject\",\"inLanguage\":\"es\",\"@id\":\"https:\\\/\\\/www.escapadarural.com\\\/blog\\\/#\\\/schema\\\/logo\\\/image\\\/\",\"url\":\"https:\\\/\\\/www.escapadarural.com\\\/blog\\\/wp-content\\\/uploads\\\/2024\\\/10\\\/cropped-cropped-escapada-rural-icon-mag-3.png\",\"contentUrl\":\"https:\\\/\\\/www.escapadarural.com\\\/blog\\\/wp-content\\\/uploads\\\/2024\\\/10\\\/cropped-cropped-escapada-rural-icon-mag-3.png\",\"width\":512,\"height\":512,\"caption\":\"EscapadaRural\"},\"image\":{\"@id\":\"https:\\\/\\\/www.escapadarural.com\\\/blog\\\/#\\\/schema\\\/logo\\\/image\\\/\"},\"sameAs\":[\"https:\\\/\\\/www.facebook.com\\\/escapadarural\",\"https:\\\/\\\/www.instagram.com\\\/escapadarural\\\/\",\"https:\\\/\\\/www.youtube.com\\\/@escapadaruralcom\"]},{\"@type\":\"Person\",\"@id\":\"https:\\\/\\\/www.escapadarural.com\\\/blog\\\/#\\\/schema\\\/person\\\/42dfdff6118172efc6a04c8ae599a2ce\",\"name\":\"Carmen L\u00f3pez\",\"image\":{\"@type\":\"ImageObject\",\"inLanguage\":\"es\",\"@id\":\"https:\\\/\\\/www.escapadarural.com\\\/blog\\\/wp-content\\\/uploads\\\/2024\\\/11\\\/cropped-perfil_eldiario-96x96-1-96x96.jpeg\",\"url\":\"https:\\\/\\\/www.escapadarural.com\\\/blog\\\/wp-content\\\/uploads\\\/2024\\\/11\\\/cropped-perfil_eldiario-96x96-1-96x96.jpeg\",\"contentUrl\":\"https:\\\/\\\/www.escapadarural.com\\\/blog\\\/wp-content\\\/uploads\\\/2024\\\/11\\\/cropped-perfil_eldiario-96x96-1-96x96.jpeg\",\"caption\":\"Carmen L\u00f3pez\"},\"description\":\"Soy periodista y escribo sobre cosas que importan en sitios que interesan desde hace m\u00e1s de una d\u00e9cada.\",\"url\":\"https:\\\/\\\/www.escapadarural.com\\\/blog\\\/autor\\\/carmenlopez\\\/\"}]}<\/script>\n<!-- \/ Yoast SEO plugin. -->","yoast_head_json":{"title":"El verano no termina en agosto: 7 destinos donde seguir disfrutando del buen tiempo - EscapadaRural","description":"Aunque el mes de septiembre era sin\u00f3nimo de bajada de temperaturas, hay pueblos de Espa\u00f1a en los que el calor contin\u00faa m\u00e1s all\u00e1 de agosto.","robots":{"index":"index","follow":"follow","max-snippet":"max-snippet:-1","max-image-preview":"max-image-preview:large","max-video-preview":"max-video-preview:-1"},"canonical":"https:\/\/www.escapadarural.com\/blog\/pueblos-calurosos-en-septiembre\/","og_locale":"es_ES","og_type":"article","og_title":"El verano no termina en agosto: 7 destinos donde seguir disfrutando del buen tiempo - EscapadaRural","og_description":"Aunque el mes de septiembre era sin\u00f3nimo de bajada de temperaturas, hay pueblos de Espa\u00f1a en los que el calor contin\u00faa m\u00e1s all\u00e1 de agosto.","og_url":"https:\/\/www.escapadarural.com\/blog\/pueblos-calurosos-en-septiembre\/","og_site_name":"Magazine de viajes de EscapadaRural","article_publisher":"https:\/\/www.facebook.com\/escapadarural","article_published_time":"2026-09-02T06:55:00+00:00","article_modified_time":"2026-09-02T09:00:21+00:00","og_image":[{"width":2048,"height":1366,"url":"https:\/\/www.escapadarural.com\/blog\/wp-content\/uploads\/2026\/08\/AdobeStock_530792724_montoro-scaled.jpeg?v=1788339621","type":"image\/jpeg"}],"author":"Carmen L\u00f3pez","twitter_card":"summary_large_image","twitter_misc":{"Escrito por":"Carmen L\u00f3pez","Tiempo de lectura":"5 minutos"},"schema":{"@context":"https:\/\/schema.org","@graph":[{"@type":"Article","@id":"https:\/\/www.escapadarural.com\/blog\/pueblos-calurosos-en-septiembre\/#article","isPartOf":{"@id":"https:\/\/www.escapadarural.com\/blog\/pueblos-calurosos-en-septiembre\/"},"author":{"name":"Carmen L\u00f3pez","@id":"https:\/\/www.escapadarural.com\/blog\/#\/schema\/person\/42dfdff6118172efc6a04c8ae599a2ce"},"headline":"El verano no termina en agosto: 7 destinos donde seguir disfrutando del buen tiempo","datePublished":"2026-09-02T06:55:00+00:00","dateModified":"2026-09-02T09:00:21+00:00","mainEntityOfPage":{"@id":"https:\/\/www.escapadarural.com\/blog\/pueblos-calurosos-en-septiembre\/"},"wordCount":1049,"commentCount":0,"publisher":{"@id":"https:\/\/www.escapadarural.com\/blog\/#organization"},"image":{"@id":"https:\/\/www.escapadarural.com\/blog\/pueblos-calurosos-en-septiembre\/#primaryimage"},"thumbnailUrl":"https:\/\/www.escapadarural.com\/blog\/wp-content\/uploads\/2026\/08\/AdobeStock_530792724_montoro-scaled.jpeg","keywords":["amigos","Badajoz","C\u00e1diz","calor","C\u00f3rdoba","Familia","Gran Canaria","Granada","Listado","Murcia","Pareja","pueblos","septiembre","Sevilla","turismo rural","verano"],"articleSection":["Destinos"],"inLanguage":"es","potentialAction":[{"@type":"CommentAction","name":"Comment","target":["https:\/\/www.escapadarural.com\/blog\/pueblos-calurosos-en-septiembre\/#respond"]}]},{"@type":"WebPage","@id":"https:\/\/www.escapadarural.com\/blog\/pueblos-calurosos-en-septiembre\/","url":"https:\/\/www.escapadarural.com\/blog\/pueblos-calurosos-en-septiembre\/","name":"El verano no termina en agosto: 7 destinos donde seguir disfrutando del buen tiempo - EscapadaRural","isPartOf":{"@id":"https:\/\/www.escapadarural.com\/blog\/#website"},"primaryImageOfPage":{"@id":"https:\/\/www.escapadarural.com\/blog\/pueblos-calurosos-en-septiembre\/#primaryimage"},"image":{"@id":"https:\/\/www.escapadarural.com\/blog\/pueblos-calurosos-en-septiembre\/#primaryimage"},"thumbnailUrl":"https:\/\/www.escapadarural.com\/blog\/wp-content\/uploads\/2026\/08\/AdobeStock_530792724_montoro-scaled.jpeg","datePublished":"2026-09-02T06:55:00+00:00","dateModified":"2026-09-02T09:00:21+00:00","description":"Aunque el mes de septiembre era sin\u00f3nimo de bajada de temperaturas, hay pueblos de Espa\u00f1a en los que el calor contin\u00faa m\u00e1s all\u00e1 de agosto.","breadcrumb":{"@id":"https:\/\/www.escapadarural.com\/blog\/pueblos-calurosos-en-septiembre\/#breadcrumb"},"inLanguage":"es","potentialAction":[{"@type":"ReadAction","target":["https:\/\/www.escapadarural.com\/blog\/pueblos-calurosos-en-septiembre\/"]}]},{"@type":"ImageObject","inLanguage":"es","@id":"https:\/\/www.escapadarural.com\/blog\/pueblos-calurosos-en-septiembre\/#primaryimage","url":"https:\/\/www.escapadarural.com\/blog\/wp-content\/uploads\/2026\/08\/AdobeStock_530792724_montoro-scaled.jpeg","contentUrl":"https:\/\/www.escapadarural.com\/blog\/wp-content\/uploads\/2026\/08\/AdobeStock_530792724_montoro-scaled.jpeg","width":2048,"height":1366,"caption":"Montoro (C\u00f3rdoba). Por Alfredo."},{"@type":"BreadcrumbList","@id":"https:\/\/www.escapadarural.com\/blog\/pueblos-calurosos-en-septiembre\/#breadcrumb","itemListElement":[{"@type":"ListItem","position":1,"name":"Inicio","item":"https:\/\/www.escapadarural.com\/blog\/"},{"@type":"ListItem","position":2,"name":"Destinos","item":"https:\/\/www.escapadarural.com\/blog\/categoria\/destinos\/"},{"@type":"ListItem","position":3,"name":"El verano no termina en agosto: 7 destinos donde seguir disfrutando del buen tiempo"}]},{"@type":"WebSite","@id":"https:\/\/www.escapadarural.com\/blog\/#website","url":"https:\/\/www.escapadarural.com\/blog\/","name":"Blog de viajes | turismo rural, alojamientos e inspiraci\u00f3n","description":"Alojamientos rurales e inspiraci\u00f3n para tus escapadas","publisher":{"@id":"https:\/\/www.escapadarural.com\/blog\/#organization"},"alternateName":"Magazine de viajes de EscapadaRural","potentialAction":[{"@type":"SearchAction","target":{"@type":"EntryPoint","urlTemplate":"https:\/\/www.escapadarural.com\/blog\/?s={search_term_string}"},"query-input":{"@type":"PropertyValueSpecification","valueRequired":true,"valueName":"search_term_string"}}],"inLanguage":"es"},{"@type":"Organization","@id":"https:\/\/www.escapadarural.com\/blog\/#organization","name":"EscapadaRural","url":"https:\/\/www.escapadarural.com\/blog\/","logo":{"@type":"ImageObject","inLanguage":"es","@id":"https:\/\/www.escapadarural.com\/blog\/#\/schema\/logo\/image\/","url":"https:\/\/www.escapadarural.com\/blog\/wp-content\/uploads\/2024\/10\/cropped-cropped-escapada-rural-icon-mag-3.png","contentUrl":"https:\/\/www.escapadarural.com\/blog\/wp-content\/uploads\/2024\/10\/cropped-cropped-escapada-rural-icon-mag-3.png","width":512,"height":512,"caption":"EscapadaRural"},"image":{"@id":"https:\/\/www.escapadarural.com\/blog\/#\/schema\/logo\/image\/"},"sameAs":["https:\/\/www.facebook.com\/escapadarural","https:\/\/www.instagram.com\/escapadarural\/","https:\/\/www.youtube.com\/@escapadaruralcom"]},{"@type":"Person","@id":"https:\/\/www.escapadarural.com\/blog\/#\/schema\/person\/42dfdff6118172efc6a04c8ae599a2ce","name":"Carmen L\u00f3pez","image":{"@type":"ImageObject","inLanguage":"es","@id":"https:\/\/www.escapadarural.com\/blog\/wp-content\/uploads\/2024\/11\/cropped-perfil_eldiario-96x96-1-96x96.jpeg","url":"https:\/\/www.escapadarural.com\/blog\/wp-content\/uploads\/2024\/11\/cropped-perfil_eldiario-96x96-1-96x96.jpeg","contentUrl":"https:\/\/www.escapadarural.com\/blog\/wp-content\/uploads\/2024\/11\/cropped-perfil_eldiario-96x96-1-96x96.jpeg","caption":"Carmen L\u00f3pez"},"description":"Soy periodista y escribo sobre cosas que importan en sitios que interesan desde hace m\u00e1s de una d\u00e9cada.","url":"https:\/\/www.escapadarural.com\/blog\/autor\/carmenlopez\/"}]}},"_links":{"self":[{"href":"https:\/\/www.escapadarural.com\/blog\/wp-json\/wp\/v2\/posts\/221085","targetHints":{"allow":["GET"]}}],"collection":[{"href":"https:\/\/www.escapadarural.com\/blog\/wp-json\/wp\/v2\/posts"}],"about":[{"href":"https:\/\/www.escapadarural.com\/blog\/wp-json\/wp\/v2\/types\/post"}],"author":[{"embeddable":true,"href":"https:\/\/www.escapadarural.com\/blog\/wp-json\/wp\/v2\/users\/114"}],"replies":[{"embeddable":true,"href":"https:\/\/www.escapadarural.com\/blog\/wp-json\/wp\/v2\/comments?post=221085"}],"version-history":[{"count":11,"href":"https:\/\/www.escapadarural.com\/blog\/wp-json\/wp\/v2\/posts\/221085\/revisions"}],"predecessor-version":[{"id":221303,"href":"https:\/\/www.escapadarural.com\/blog\/wp-json\/wp\/v2\/posts\/221085\/revisions\/221303"}],"wp:featuredmedia":[{"embeddable":true,"href":"https:\/\/www.escapadarural.com\/blog\/wp-json\/wp\/v2\/media\/221088"}],"wp:attachment":[{"href":"https:\/\/www.escapadarural.com\/blog\/wp-json\/wp\/v2\/media?parent=221085"}],"wp:term":[{"taxonomy":"category","embeddable":true,"href":"https:\/\/www.escapadarural.com\/blog\/wp-json\/wp\/v2\/categories?post=221085"},{"taxonomy":"post_tag","embeddable":true,"href":"https:\/\/www.escapadarural.com\/blog\/wp-json\/wp\/v2\/tags?post=221085"}],"curies":[{"name":"wp","href":"https:\/\/api.w.org\/{rel}","templated":true}]}}