{"id":22159,"date":"2020-04-29T10:00:00","date_gmt":"2020-04-29T09:00:00","guid":{"rendered":"http:\/\/15.188.81.248\/?p=22159"},"modified":"2025-01-15T10:57:50","modified_gmt":"2025-01-15T08:57:50","slug":"como-afectan-las-nuevas-medidas-de-desescalada-al-turismo-rural","status":"publish","type":"post","link":"https:\/\/www.escapadarural.com\/blog\/como-afectan-las-nuevas-medidas-de-desescalada-al-turismo-rural\/","title":{"rendered":"C\u00f3mo afectan las nuevas medidas de desescalada al turismo rural"},"content":{"rendered":"\n<div class=\"wp-block-image\"><figure class=\"aligncenter size-large\"><img decoding=\"async\" src=\"https:\/\/www.escapadarural.com\/blog\/wp-content\/uploads\/2019\/09\/Etica-3-1-1024x678.jpg\" alt=\"\" class=\"wp-image-23846\"\/><figcaption>Por Por Triff<\/figcaption><\/figure><\/div>\n\n\n\n<p>Tras semanas de confinamiento e incertidumbre debido a la crisis del coronavirus, parece que el proceso de desescalada empezar\u00e1 a dar sus primeros pasos. El presidente del Gobierno, Pedro S\u00e1nchez, anunci\u00f3 el martes 28 de abril <strong>las diferentes fases<\/strong> que se seguir\u00e1n de camino a la \u201cnueva normalidad\u201d.<\/p>\n\n\n\n<p>Pero pese a la informaci\u00f3n emitida, las dudas no se han resuelto del todo. De hecho, casi nada. En muchos sectores profesionales han surgido casi m\u00e1s preguntas de las que exist\u00edan. Esta es una situaci\u00f3n para la que nadie estaba preparado y los aspectos que hay que resolver parecen inabarcables. Por el momento, lo que se conocen son<strong> las directivas generales<\/strong> y, poco a poco, se ir\u00e1n dando m\u00e1s detalles.<\/p>\n\n\n\n<!--more-->\n\n\n\n<p>El proceso se divide en cuatro fases y <strong>se pondr\u00e1 en marcha el pr\u00f3ximo 11 de mayo<\/strong>, aunque previamente, el d\u00eda 4, se iniciar\u00e1 la \u2018Fase 0\u2019 que es la de preparaci\u00f3n. En esta se permitir\u00e1n salir a hacer ejercicio individualmente, las salidas de los ni\u00f1os como se ha establecido hasta el momento y la apertura de locales con cita previa y aquellos que tengan servicio de comida para llevar.<\/p>\n\n\n\n<p>En esta fase estar\u00e1 todo el territorio con excepci\u00f3n de algunas islas: <strong>Formentera en las Baleares y El Hierro, La Graciosa y La Gomera en Canarias<\/strong>, que entrar\u00e1n directamente a la Fase 1 el d\u00eda 4 de mayo. El resto de provincias tendr\u00e1n que esperar al d\u00eda 11.<\/p>\n\n\n\n<p>El turismo es uno de los sectores que se ver\u00e1 aliviado en ese primer tramo de desescalada, ya que <strong>se ha decretado la apertura de hoteles y alojamientos tur\u00edsticos<\/strong>. Una buena noticia en principio, pero que ha desatado una oleada de preguntas debido a la \u2018letra peque\u00f1a\u2019 de la medida, por ejemplo, que las zonas comunes estar\u00e1n canceladas.&nbsp;<\/p>\n\n\n\n<p>De momento no se ha especificado nada m\u00e1s. <strong>Hasta la Fase 3<\/strong>, en la que se afirma que se podr\u00e1 hacer turismo activo y de naturaleza e ir a la playa (manteniendo siempre las condiciones de seguridad y distanciamiento) no se vuelve a mencionar al sector.<\/p>\n\n\n\n<p>Seg\u00fan se vayan superando las fases, las medidas restrictivas relativas a los hoteles y las casas rurales <strong>ir\u00e1n relaj\u00e1ndose.<\/strong> En alg\u00fan momento podr\u00e1n utilizarse las zonas comunes y subir\u00e1 la capacidad de aforo, aunque es posible que no supere el 50% en la nueva normalidad.<\/p>\n\n\n\n<p>Se supone que si los planes del gobierno salen bien, sobre el 22 de junio (cada fase durar\u00e1 como m\u00ednimo dos semanas) el pa\u00eds habr\u00eda llegado a esa nueva normalidad en la que habr\u00e1 que vivir hasta que se encuentre un medicamento o una vacuna contra la COVID-19. C\u00f3mo ser\u00e1 esa realidad no est\u00e1 muy claro tampoco, aunque todo indica a que habr\u00e1 que seguir guardando <strong>la distancia entre personas y el uso de mascarillas<\/strong> estar\u00e1 \u201crecomendado\u201d como poco.<\/p>\n\n\n\n<h2 class=\"wp-block-heading\">Preguntas todav\u00eda sin respuesta<\/h2>\n\n\n\n<p>Quienes se planteen abrir su negocio cuando llegue el momento de la Fase 1, tendr\u00e1n que <strong>haber encontrado respuesta<\/strong> a preguntas esenciales como son las siguientes. Si no, lo m\u00e1s prudente ser\u00eda no abrir.<\/p>\n\n\n\n<h3 class=\"wp-block-heading\"><strong>Las casas rurales que se alquilan por habitaciones:<\/strong><\/h3>\n\n\n\n<p>-Los espacios comunes no se pueden utilizar: \u00bfqu\u00e9 pasa si el ba\u00f1o de mi casa rural es compartido?<\/p>\n\n\n\n<p>-\u00bfPuedo ofrecer desayunos o comidas en mi casa rural si los inquilinos no pueden sentarse en el comedor?<\/p>\n\n\n\n<h3 class=\"wp-block-heading\"><strong>Las casas rurales que se alquilan completas:<\/strong><\/h3>\n\n\n\n<p>-En la fase 1 est\u00e1n permitidas las reuniones con personas no vulnerables y las visitas a las familias, siempre manteniendo la distancia de seguridad: \u00bfpuedo alquilar la casa bajo dicha premisa?<\/p>\n\n\n\n<p>-Si puedo abrirla a los clientes, \u00bfes necesario cumplir con el m\u00e1ximo del 30% del aforo?<\/p>\n\n\n\n<p>En todos los casos, las dudas m\u00e1s habituales son acerca de los protocolos de higiene y seguridad que llevar a cabo en casas rurales (en las pr\u00f3ximas semanas elaboraremos una gu\u00eda con la informaci\u00f3n oficial) y las fechas exactas de entrada en vigor de las fases. No hay respuesta v\u00e1lida para ninguna de ellas todav\u00eda.<\/p>\n\n\n\n<p>Desde el ICTE (Instituto de Calidad Tur\u00edstica Espa\u00f1ola) se est\u00e1 preparando el protocolo sobre Higiene y Seguridad, por encargo de la Secretar\u00eda de Estado de Turismo. Pero hasta que no se emita un comunicado oficial, lo sensato es esperar. Y tener cautela con algunas soluciones hasta conocer mejor cu\u00e1l es m\u00e1s eficaz: mamparas no homologadas, m\u00e1quinas de ozono, etc.<\/p>\n\n\n\n<p>Lo importante es superar esta situaci\u00f3n lo mejor y m\u00e1s r\u00e1pido posible para reactivar la vida y la econom\u00eda.<\/p>\n\n\n\n<p>M\u00e1s informaci\u00f3n: <em>Plan de transici\u00f3n hacia la nueva <\/em><em><a href=\"https:\/\/www.mscbs.gob.es\/profesionales\/saludPublica\/ccayes\/alertasActual\/nCov-China\/documentos\/PlanTransicionNuevaNormalidad.pdf\" class=\"rank-math-link\" target=\"_blank\">normalidad<\/a><\/em><\/p>\n","protected":false},"excerpt":{"rendered":"<p>El proceso se divide en cuatro fases y se pondr\u00e1 en marcha el pr\u00f3ximo 11 de mayo, aunque previamente, el d\u00eda 4, se iniciar\u00e1 la \u2018Fase 0\u2019 que es la de preparaci\u00f3n<\/p>\n","protected":false},"author":114,"featured_media":103231,"comment_status":"open","ping_status":"open","sticky":false,"template":"","format":"standard","meta":{"_acf_changed":false,"om_disable_all_campaigns":false,"footnotes":""},"categories":[524],"tags":[716,2555,2550,2652,718,274],"class_list":["post-22159","post","type-post","status-publish","format-standard","has-post-thumbnail","hentry","category-er-academy","tag-consejos","tag-coronavirus","tag-covid-19","tag-desescalada","tag-propietarios","tag-turismo-rural"],"acf":[],"featured_image_src":"https:\/\/www.escapadarural.com\/blog\/wp-content\/uploads\/2024\/10\/Etica-3-1-1024x678-1.jpg","author_info":{"display_name":"Carmen L\u00f3pez","author_link":"https:\/\/www.escapadarural.com\/blog\/autor\/carmenlopez\/"},"yoast_head":"<!-- This site is optimized with the Yoast SEO plugin v27.5 - https:\/\/yoast.com\/product\/yoast-seo-wordpress\/ -->\n<title>C\u00f3mo afectan las nuevas medidas de desescalada al turismo rural - EscapadaRural<\/title>\n<meta name=\"robots\" content=\"index, follow, max-snippet:-1, max-image-preview:large, max-video-preview:-1\" \/>\n<link rel=\"canonical\" href=\"https:\/\/www.escapadarural.com\/blog\/como-afectan-las-nuevas-medidas-de-desescalada-al-turismo-rural\/\" \/>\n<meta property=\"og:locale\" content=\"es_ES\" \/>\n<meta property=\"og:type\" content=\"article\" \/>\n<meta property=\"og:title\" content=\"C\u00f3mo afectan las nuevas medidas de desescalada al turismo rural - EscapadaRural\" \/>\n<meta property=\"og:description\" content=\"El proceso se divide en cuatro fases y se pondr\u00e1 en marcha el pr\u00f3ximo 11 de mayo, aunque previamente, el d\u00eda 4, se iniciar\u00e1 la \u2018Fase 0\u2019 que es la de preparaci\u00f3n\" \/>\n<meta property=\"og:url\" content=\"https:\/\/www.escapadarural.com\/blog\/como-afectan-las-nuevas-medidas-de-desescalada-al-turismo-rural\/\" \/>\n<meta property=\"og:site_name\" content=\"Magazine de viajes de EscapadaRural\" \/>\n<meta property=\"article:publisher\" content=\"https:\/\/www.facebook.com\/escapadarural\" \/>\n<meta property=\"article:published_time\" content=\"2020-04-29T09:00:00+00:00\" \/>\n<meta property=\"article:modified_time\" content=\"2025-01-15T08:57:50+00:00\" \/>\n<meta property=\"og:image\" content=\"https:\/\/www.escapadarural.com\/blog\/wp-content\/uploads\/2024\/10\/Etica-3-1-1024x678-1.jpg\" \/>\n\t<meta property=\"og:image:width\" content=\"1024\" \/>\n\t<meta property=\"og:image:height\" content=\"678\" \/>\n\t<meta property=\"og:image:type\" content=\"image\/jpeg\" \/>\n<meta name=\"author\" content=\"Carmen L\u00f3pez\" \/>\n<meta name=\"twitter:card\" content=\"summary_large_image\" \/>\n<meta name=\"twitter:label1\" content=\"Escrito por\" \/>\n\t<meta name=\"twitter:data1\" content=\"Carmen L\u00f3pez\" \/>\n\t<meta name=\"twitter:label2\" content=\"Tiempo de lectura\" \/>\n\t<meta name=\"twitter:data2\" content=\"4 minutos\" \/>\n<script type=\"application\/ld+json\" class=\"yoast-schema-graph\">{\"@context\":\"https:\\\/\\\/schema.org\",\"@graph\":[{\"@type\":\"Article\",\"@id\":\"https:\\\/\\\/www.escapadarural.com\\\/blog\\\/como-afectan-las-nuevas-medidas-de-desescalada-al-turismo-rural\\\/#article\",\"isPartOf\":{\"@id\":\"https:\\\/\\\/www.escapadarural.com\\\/blog\\\/como-afectan-las-nuevas-medidas-de-desescalada-al-turismo-rural\\\/\"},\"author\":{\"name\":\"Carmen L\u00f3pez\",\"@id\":\"https:\\\/\\\/www.escapadarural.com\\\/blog\\\/#\\\/schema\\\/person\\\/42dfdff6118172efc6a04c8ae599a2ce\"},\"headline\":\"C\u00f3mo afectan las nuevas medidas de desescalada al turismo rural\",\"datePublished\":\"2020-04-29T09:00:00+00:00\",\"dateModified\":\"2025-01-15T08:57:50+00:00\",\"mainEntityOfPage\":{\"@id\":\"https:\\\/\\\/www.escapadarural.com\\\/blog\\\/como-afectan-las-nuevas-medidas-de-desescalada-al-turismo-rural\\\/\"},\"wordCount\":802,\"commentCount\":0,\"publisher\":{\"@id\":\"https:\\\/\\\/www.escapadarural.com\\\/blog\\\/#organization\"},\"image\":{\"@id\":\"https:\\\/\\\/www.escapadarural.com\\\/blog\\\/como-afectan-las-nuevas-medidas-de-desescalada-al-turismo-rural\\\/#primaryimage\"},\"thumbnailUrl\":\"https:\\\/\\\/www.escapadarural.com\\\/blog\\\/wp-content\\\/uploads\\\/2024\\\/10\\\/Etica-3-1-1024x678-1.jpg\",\"keywords\":[\"consejos\",\"coronavirus\",\"COVID-19\",\"desescalada\",\"Propietarios\",\"turismo rural\"],\"articleSection\":[\"ER Academy\"],\"inLanguage\":\"es\",\"potentialAction\":[{\"@type\":\"CommentAction\",\"name\":\"Comment\",\"target\":[\"https:\\\/\\\/www.escapadarural.com\\\/blog\\\/como-afectan-las-nuevas-medidas-de-desescalada-al-turismo-rural\\\/#respond\"]}]},{\"@type\":\"WebPage\",\"@id\":\"https:\\\/\\\/www.escapadarural.com\\\/blog\\\/como-afectan-las-nuevas-medidas-de-desescalada-al-turismo-rural\\\/\",\"url\":\"https:\\\/\\\/www.escapadarural.com\\\/blog\\\/como-afectan-las-nuevas-medidas-de-desescalada-al-turismo-rural\\\/\",\"name\":\"C\u00f3mo afectan las nuevas medidas de desescalada al turismo rural - EscapadaRural\",\"isPartOf\":{\"@id\":\"https:\\\/\\\/www.escapadarural.com\\\/blog\\\/#website\"},\"primaryImageOfPage\":{\"@id\":\"https:\\\/\\\/www.escapadarural.com\\\/blog\\\/como-afectan-las-nuevas-medidas-de-desescalada-al-turismo-rural\\\/#primaryimage\"},\"image\":{\"@id\":\"https:\\\/\\\/www.escapadarural.com\\\/blog\\\/como-afectan-las-nuevas-medidas-de-desescalada-al-turismo-rural\\\/#primaryimage\"},\"thumbnailUrl\":\"https:\\\/\\\/www.escapadarural.com\\\/blog\\\/wp-content\\\/uploads\\\/2024\\\/10\\\/Etica-3-1-1024x678-1.jpg\",\"datePublished\":\"2020-04-29T09:00:00+00:00\",\"dateModified\":\"2025-01-15T08:57:50+00:00\",\"breadcrumb\":{\"@id\":\"https:\\\/\\\/www.escapadarural.com\\\/blog\\\/como-afectan-las-nuevas-medidas-de-desescalada-al-turismo-rural\\\/#breadcrumb\"},\"inLanguage\":\"es\",\"potentialAction\":[{\"@type\":\"ReadAction\",\"target\":[\"https:\\\/\\\/www.escapadarural.com\\\/blog\\\/como-afectan-las-nuevas-medidas-de-desescalada-al-turismo-rural\\\/\"]}]},{\"@type\":\"ImageObject\",\"inLanguage\":\"es\",\"@id\":\"https:\\\/\\\/www.escapadarural.com\\\/blog\\\/como-afectan-las-nuevas-medidas-de-desescalada-al-turismo-rural\\\/#primaryimage\",\"url\":\"https:\\\/\\\/www.escapadarural.com\\\/blog\\\/wp-content\\\/uploads\\\/2024\\\/10\\\/Etica-3-1-1024x678-1.jpg\",\"contentUrl\":\"https:\\\/\\\/www.escapadarural.com\\\/blog\\\/wp-content\\\/uploads\\\/2024\\\/10\\\/Etica-3-1-1024x678-1.jpg\",\"width\":1024,\"height\":678,\"caption\":\"Una peque\u00f1a pl\u00e1ntula verde con dos hojas brota de la tierra oscura, sobre un fondo verde difuminado.\"},{\"@type\":\"BreadcrumbList\",\"@id\":\"https:\\\/\\\/www.escapadarural.com\\\/blog\\\/como-afectan-las-nuevas-medidas-de-desescalada-al-turismo-rural\\\/#breadcrumb\",\"itemListElement\":[{\"@type\":\"ListItem\",\"position\":1,\"name\":\"Inicio\",\"item\":\"https:\\\/\\\/www.escapadarural.com\\\/blog\\\/\"},{\"@type\":\"ListItem\",\"position\":2,\"name\":\"ER Academy\",\"item\":\"https:\\\/\\\/www.escapadarural.com\\\/blog\\\/categoria\\\/er-academy\\\/\"},{\"@type\":\"ListItem\",\"position\":3,\"name\":\"C\u00f3mo afectan las nuevas medidas de desescalada al turismo rural\"}]},{\"@type\":\"WebSite\",\"@id\":\"https:\\\/\\\/www.escapadarural.com\\\/blog\\\/#website\",\"url\":\"https:\\\/\\\/www.escapadarural.com\\\/blog\\\/\",\"name\":\"Blog de viajes | turismo rural, alojamientos e inspiraci\u00f3n\",\"description\":\"Alojamientos rurales e inspiraci\u00f3n para tus escapadas\",\"publisher\":{\"@id\":\"https:\\\/\\\/www.escapadarural.com\\\/blog\\\/#organization\"},\"alternateName\":\"Magazine de viajes de EscapadaRural\",\"potentialAction\":[{\"@type\":\"SearchAction\",\"target\":{\"@type\":\"EntryPoint\",\"urlTemplate\":\"https:\\\/\\\/www.escapadarural.com\\\/blog\\\/?s={search_term_string}\"},\"query-input\":{\"@type\":\"PropertyValueSpecification\",\"valueRequired\":true,\"valueName\":\"search_term_string\"}}],\"inLanguage\":\"es\"},{\"@type\":\"Organization\",\"@id\":\"https:\\\/\\\/www.escapadarural.com\\\/blog\\\/#organization\",\"name\":\"EscapadaRural\",\"url\":\"https:\\\/\\\/www.escapadarural.com\\\/blog\\\/\",\"logo\":{\"@type\":\"ImageObject\",\"inLanguage\":\"es\",\"@id\":\"https:\\\/\\\/www.escapadarural.com\\\/blog\\\/#\\\/schema\\\/logo\\\/image\\\/\",\"url\":\"https:\\\/\\\/www.escapadarural.com\\\/blog\\\/wp-content\\\/uploads\\\/2024\\\/10\\\/cropped-cropped-escapada-rural-icon-mag-3.png\",\"contentUrl\":\"https:\\\/\\\/www.escapadarural.com\\\/blog\\\/wp-content\\\/uploads\\\/2024\\\/10\\\/cropped-cropped-escapada-rural-icon-mag-3.png\",\"width\":512,\"height\":512,\"caption\":\"EscapadaRural\"},\"image\":{\"@id\":\"https:\\\/\\\/www.escapadarural.com\\\/blog\\\/#\\\/schema\\\/logo\\\/image\\\/\"},\"sameAs\":[\"https:\\\/\\\/www.facebook.com\\\/escapadarural\",\"https:\\\/\\\/www.instagram.com\\\/escapadarural\\\/\",\"https:\\\/\\\/www.youtube.com\\\/@escapadaruralcom\"]},{\"@type\":\"Person\",\"@id\":\"https:\\\/\\\/www.escapadarural.com\\\/blog\\\/#\\\/schema\\\/person\\\/42dfdff6118172efc6a04c8ae599a2ce\",\"name\":\"Carmen L\u00f3pez\",\"image\":{\"@type\":\"ImageObject\",\"inLanguage\":\"es\",\"@id\":\"https:\\\/\\\/www.escapadarural.com\\\/blog\\\/wp-content\\\/uploads\\\/2024\\\/11\\\/cropped-perfil_eldiario-96x96-1-96x96.jpeg\",\"url\":\"https:\\\/\\\/www.escapadarural.com\\\/blog\\\/wp-content\\\/uploads\\\/2024\\\/11\\\/cropped-perfil_eldiario-96x96-1-96x96.jpeg\",\"contentUrl\":\"https:\\\/\\\/www.escapadarural.com\\\/blog\\\/wp-content\\\/uploads\\\/2024\\\/11\\\/cropped-perfil_eldiario-96x96-1-96x96.jpeg\",\"caption\":\"Carmen L\u00f3pez\"},\"description\":\"Soy periodista y escribo sobre cosas que importan en sitios que interesan desde hace m\u00e1s de una d\u00e9cada.\",\"url\":\"https:\\\/\\\/www.escapadarural.com\\\/blog\\\/autor\\\/carmenlopez\\\/\"}]}<\/script>\n<!-- \/ Yoast SEO plugin. -->","yoast_head_json":{"title":"C\u00f3mo afectan las nuevas medidas de desescalada al turismo rural - EscapadaRural","robots":{"index":"index","follow":"follow","max-snippet":"max-snippet:-1","max-image-preview":"max-image-preview:large","max-video-preview":"max-video-preview:-1"},"canonical":"https:\/\/www.escapadarural.com\/blog\/como-afectan-las-nuevas-medidas-de-desescalada-al-turismo-rural\/","og_locale":"es_ES","og_type":"article","og_title":"C\u00f3mo afectan las nuevas medidas de desescalada al turismo rural - EscapadaRural","og_description":"El proceso se divide en cuatro fases y se pondr\u00e1 en marcha el pr\u00f3ximo 11 de mayo, aunque previamente, el d\u00eda 4, se iniciar\u00e1 la \u2018Fase 0\u2019 que es la de preparaci\u00f3n","og_url":"https:\/\/www.escapadarural.com\/blog\/como-afectan-las-nuevas-medidas-de-desescalada-al-turismo-rural\/","og_site_name":"Magazine de viajes de EscapadaRural","article_publisher":"https:\/\/www.facebook.com\/escapadarural","article_published_time":"2020-04-29T09:00:00+00:00","article_modified_time":"2025-01-15T08:57:50+00:00","og_image":[{"width":1024,"height":678,"url":"https:\/\/www.escapadarural.com\/blog\/wp-content\/uploads\/2024\/10\/Etica-3-1-1024x678-1.jpg","type":"image\/jpeg"}],"author":"Carmen L\u00f3pez","twitter_card":"summary_large_image","twitter_misc":{"Escrito por":"Carmen L\u00f3pez","Tiempo de lectura":"4 minutos"},"schema":{"@context":"https:\/\/schema.org","@graph":[{"@type":"Article","@id":"https:\/\/www.escapadarural.com\/blog\/como-afectan-las-nuevas-medidas-de-desescalada-al-turismo-rural\/#article","isPartOf":{"@id":"https:\/\/www.escapadarural.com\/blog\/como-afectan-las-nuevas-medidas-de-desescalada-al-turismo-rural\/"},"author":{"name":"Carmen L\u00f3pez","@id":"https:\/\/www.escapadarural.com\/blog\/#\/schema\/person\/42dfdff6118172efc6a04c8ae599a2ce"},"headline":"C\u00f3mo afectan las nuevas medidas de desescalada al turismo rural","datePublished":"2020-04-29T09:00:00+00:00","dateModified":"2025-01-15T08:57:50+00:00","mainEntityOfPage":{"@id":"https:\/\/www.escapadarural.com\/blog\/como-afectan-las-nuevas-medidas-de-desescalada-al-turismo-rural\/"},"wordCount":802,"commentCount":0,"publisher":{"@id":"https:\/\/www.escapadarural.com\/blog\/#organization"},"image":{"@id":"https:\/\/www.escapadarural.com\/blog\/como-afectan-las-nuevas-medidas-de-desescalada-al-turismo-rural\/#primaryimage"},"thumbnailUrl":"https:\/\/www.escapadarural.com\/blog\/wp-content\/uploads\/2024\/10\/Etica-3-1-1024x678-1.jpg","keywords":["consejos","coronavirus","COVID-19","desescalada","Propietarios","turismo rural"],"articleSection":["ER Academy"],"inLanguage":"es","potentialAction":[{"@type":"CommentAction","name":"Comment","target":["https:\/\/www.escapadarural.com\/blog\/como-afectan-las-nuevas-medidas-de-desescalada-al-turismo-rural\/#respond"]}]},{"@type":"WebPage","@id":"https:\/\/www.escapadarural.com\/blog\/como-afectan-las-nuevas-medidas-de-desescalada-al-turismo-rural\/","url":"https:\/\/www.escapadarural.com\/blog\/como-afectan-las-nuevas-medidas-de-desescalada-al-turismo-rural\/","name":"C\u00f3mo afectan las nuevas medidas de desescalada al turismo rural - EscapadaRural","isPartOf":{"@id":"https:\/\/www.escapadarural.com\/blog\/#website"},"primaryImageOfPage":{"@id":"https:\/\/www.escapadarural.com\/blog\/como-afectan-las-nuevas-medidas-de-desescalada-al-turismo-rural\/#primaryimage"},"image":{"@id":"https:\/\/www.escapadarural.com\/blog\/como-afectan-las-nuevas-medidas-de-desescalada-al-turismo-rural\/#primaryimage"},"thumbnailUrl":"https:\/\/www.escapadarural.com\/blog\/wp-content\/uploads\/2024\/10\/Etica-3-1-1024x678-1.jpg","datePublished":"2020-04-29T09:00:00+00:00","dateModified":"2025-01-15T08:57:50+00:00","breadcrumb":{"@id":"https:\/\/www.escapadarural.com\/blog\/como-afectan-las-nuevas-medidas-de-desescalada-al-turismo-rural\/#breadcrumb"},"inLanguage":"es","potentialAction":[{"@type":"ReadAction","target":["https:\/\/www.escapadarural.com\/blog\/como-afectan-las-nuevas-medidas-de-desescalada-al-turismo-rural\/"]}]},{"@type":"ImageObject","inLanguage":"es","@id":"https:\/\/www.escapadarural.com\/blog\/como-afectan-las-nuevas-medidas-de-desescalada-al-turismo-rural\/#primaryimage","url":"https:\/\/www.escapadarural.com\/blog\/wp-content\/uploads\/2024\/10\/Etica-3-1-1024x678-1.jpg","contentUrl":"https:\/\/www.escapadarural.com\/blog\/wp-content\/uploads\/2024\/10\/Etica-3-1-1024x678-1.jpg","width":1024,"height":678,"caption":"Una peque\u00f1a pl\u00e1ntula verde con dos hojas brota de la tierra oscura, sobre un fondo verde difuminado."},{"@type":"BreadcrumbList","@id":"https:\/\/www.escapadarural.com\/blog\/como-afectan-las-nuevas-medidas-de-desescalada-al-turismo-rural\/#breadcrumb","itemListElement":[{"@type":"ListItem","position":1,"name":"Inicio","item":"https:\/\/www.escapadarural.com\/blog\/"},{"@type":"ListItem","position":2,"name":"ER Academy","item":"https:\/\/www.escapadarural.com\/blog\/categoria\/er-academy\/"},{"@type":"ListItem","position":3,"name":"C\u00f3mo afectan las nuevas medidas de desescalada al turismo rural"}]},{"@type":"WebSite","@id":"https:\/\/www.escapadarural.com\/blog\/#website","url":"https:\/\/www.escapadarural.com\/blog\/","name":"Blog de viajes | turismo rural, alojamientos e inspiraci\u00f3n","description":"Alojamientos rurales e inspiraci\u00f3n para tus escapadas","publisher":{"@id":"https:\/\/www.escapadarural.com\/blog\/#organization"},"alternateName":"Magazine de viajes de EscapadaRural","potentialAction":[{"@type":"SearchAction","target":{"@type":"EntryPoint","urlTemplate":"https:\/\/www.escapadarural.com\/blog\/?s={search_term_string}"},"query-input":{"@type":"PropertyValueSpecification","valueRequired":true,"valueName":"search_term_string"}}],"inLanguage":"es"},{"@type":"Organization","@id":"https:\/\/www.escapadarural.com\/blog\/#organization","name":"EscapadaRural","url":"https:\/\/www.escapadarural.com\/blog\/","logo":{"@type":"ImageObject","inLanguage":"es","@id":"https:\/\/www.escapadarural.com\/blog\/#\/schema\/logo\/image\/","url":"https:\/\/www.escapadarural.com\/blog\/wp-content\/uploads\/2024\/10\/cropped-cropped-escapada-rural-icon-mag-3.png","contentUrl":"https:\/\/www.escapadarural.com\/blog\/wp-content\/uploads\/2024\/10\/cropped-cropped-escapada-rural-icon-mag-3.png","width":512,"height":512,"caption":"EscapadaRural"},"image":{"@id":"https:\/\/www.escapadarural.com\/blog\/#\/schema\/logo\/image\/"},"sameAs":["https:\/\/www.facebook.com\/escapadarural","https:\/\/www.instagram.com\/escapadarural\/","https:\/\/www.youtube.com\/@escapadaruralcom"]},{"@type":"Person","@id":"https:\/\/www.escapadarural.com\/blog\/#\/schema\/person\/42dfdff6118172efc6a04c8ae599a2ce","name":"Carmen L\u00f3pez","image":{"@type":"ImageObject","inLanguage":"es","@id":"https:\/\/www.escapadarural.com\/blog\/wp-content\/uploads\/2024\/11\/cropped-perfil_eldiario-96x96-1-96x96.jpeg","url":"https:\/\/www.escapadarural.com\/blog\/wp-content\/uploads\/2024\/11\/cropped-perfil_eldiario-96x96-1-96x96.jpeg","contentUrl":"https:\/\/www.escapadarural.com\/blog\/wp-content\/uploads\/2024\/11\/cropped-perfil_eldiario-96x96-1-96x96.jpeg","caption":"Carmen L\u00f3pez"},"description":"Soy periodista y escribo sobre cosas que importan en sitios que interesan desde hace m\u00e1s de una d\u00e9cada.","url":"https:\/\/www.escapadarural.com\/blog\/autor\/carmenlopez\/"}]}},"_links":{"self":[{"href":"https:\/\/www.escapadarural.com\/blog\/wp-json\/wp\/v2\/posts\/22159","targetHints":{"allow":["GET"]}}],"collection":[{"href":"https:\/\/www.escapadarural.com\/blog\/wp-json\/wp\/v2\/posts"}],"about":[{"href":"https:\/\/www.escapadarural.com\/blog\/wp-json\/wp\/v2\/types\/post"}],"author":[{"embeddable":true,"href":"https:\/\/www.escapadarural.com\/blog\/wp-json\/wp\/v2\/users\/114"}],"replies":[{"embeddable":true,"href":"https:\/\/www.escapadarural.com\/blog\/wp-json\/wp\/v2\/comments?post=22159"}],"version-history":[{"count":0,"href":"https:\/\/www.escapadarural.com\/blog\/wp-json\/wp\/v2\/posts\/22159\/revisions"}],"wp:featuredmedia":[{"embeddable":true,"href":"https:\/\/www.escapadarural.com\/blog\/wp-json\/wp\/v2\/media\/103231"}],"wp:attachment":[{"href":"https:\/\/www.escapadarural.com\/blog\/wp-json\/wp\/v2\/media?parent=22159"}],"wp:term":[{"taxonomy":"category","embeddable":true,"href":"https:\/\/www.escapadarural.com\/blog\/wp-json\/wp\/v2\/categories?post=22159"},{"taxonomy":"post_tag","embeddable":true,"href":"https:\/\/www.escapadarural.com\/blog\/wp-json\/wp\/v2\/tags?post=22159"}],"curies":[{"name":"wp","href":"https:\/\/api.w.org\/{rel}","templated":true}]}}