{"id":2280,"date":"2012-12-19T08:00:32","date_gmt":"2012-12-19T07:00:32","guid":{"rendered":"http:\/\/15.188.81.248\/2012\/12\/19\/historias-y-lugares-del-fin-del-mundo\/"},"modified":"2025-08-06T11:07:28","modified_gmt":"2025-08-06T09:07:28","slug":"historias-y-lugares-del-fin-del-mundo","status":"publish","type":"post","link":"https:\/\/www.escapadarural.com\/blog\/historias-y-lugares-del-fin-del-mundo\/","title":{"rendered":"Distopias alocadas sobre el Fin del Mundo en Espa\u00f1a"},"content":{"rendered":"\n<figure class=\"wp-block-image size-full\"><img loading=\"lazy\" decoding=\"async\" width=\"1024\" height=\"678\" src=\"https:\/\/www.escapadarural.com\/blog\/wp-content\/uploads\/2012\/12\/lagoverde-1024x678-1.jpg\" alt=\"El Lago Verde en Lanzarote. Fuente: Marc\" class=\"wp-image-110890\" srcset=\"https:\/\/www.escapadarural.com\/blog\/wp-content\/uploads\/2012\/12\/lagoverde-1024x678-1-200x132.jpg 200w, https:\/\/www.escapadarural.com\/blog\/wp-content\/uploads\/2012\/12\/lagoverde-1024x678-1-300x199.jpg 300w, https:\/\/www.escapadarural.com\/blog\/wp-content\/uploads\/2012\/12\/lagoverde-1024x678-1-400x265.jpg 400w, https:\/\/www.escapadarural.com\/blog\/wp-content\/uploads\/2012\/12\/lagoverde-1024x678-1-600x397.jpg 600w, https:\/\/www.escapadarural.com\/blog\/wp-content\/uploads\/2012\/12\/lagoverde-1024x678-1-768x509.jpg 768w, https:\/\/www.escapadarural.com\/blog\/wp-content\/uploads\/2012\/12\/lagoverde-1024x678-1-800x530.jpg 800w, https:\/\/www.escapadarural.com\/blog\/wp-content\/uploads\/2012\/12\/lagoverde-1024x678-1.jpg 1024w\" sizes=\"auto, (max-width: 1024px) 100vw, 1024px\" \/><figcaption class=\"wp-element-caption\">El Lago Verde en Lanzarote. Fuente: Marc<\/figcaption><\/figure>\n\n\n\n<p>Si est\u00e1s leyendo esto probablemente el mundo todav\u00eda sigue girando. Pero \u00bfpor cu\u00e1nto tiempo m\u00e1s, eh? \u00bfY <strong>c\u00f3mo es el fin del mundo?<\/strong> No estamos nerviosos, pero los Mayas y los medios instalaron en nuestros imaginarios una fecha y un apocalipsis que no se cumpli\u00f3: 21 de diciembre de 2012, el Fin. Tuvimos Fin b\u00edblico, pero las tinieblas y los juicios no llegaron.<\/p>\n\n\n\n<p>Eso s\u00ed, hay lugares en Espa\u00f1a que parecen de apocalipsis. Y nuestra imaginaci\u00f3n se ha disparado como la escopeta de Froil\u00e1n, as\u00ed de improviso, y han venido a nuestras mentes lugares apocal\u00edpticos en nuestro pa\u00eds. Adem\u00e1s, nos han inspirado algunas historias. Nos lo tomamos a broma, pero puede que esto sea lo \u00faltimo que leamos (y todav\u00eda sin saber de <a href=\"https:\/\/www.cervantesvirtual.com\/obra\/la-eneida-de-virgilio\/\" target=\"_blank\" rel=\"noreferrer noopener\" class=\"rank-math-link\">Virgilio<\/a>).<\/p>\n\n\n\n<h2 class=\"wp-block-heading\" id=\"h-1-el-roque-nublo-que-la-niebla-cubrio\">1.- El Roque Nublo que la niebla cubri\u00f3<\/h2>\n\n\n\n<figure class=\"wp-block-image size-large\"><img decoding=\"async\" src=\"https:\/\/www.escapadarural.com\/blog\/wp-content\/uploads\/2012\/12\/roque-1024x681-3-1.jpg\" alt=\"Roque Nublo\" class=\"wp-image-37036\"\/><figcaption class=\"wp-element-caption\">El Roque Nublo en Gran Canaria.\n\n<\/figcaption><\/figure>\n\n\n\n<p>Se subieron a m\u00e1s de 2.000 metros de altura porque pensaron que el fin del mundo llegar\u00eda desde el mar. La isla de Gran Canaria les pareci\u00f3 un lugar seguro: all\u00ed no llegar\u00eda la marea. Contemplar\u00edan, seg\u00fan sus planes, el fin de su Era desde una posici\u00f3n segura y de privilegio, con una mezcla de arrobo y tristeza, y luego pensar\u00edan el siguiente paso.<\/p>\n\n\n\n<p>Fallaron los planes cuando las tinieblas vinieron a posarse sobre las laderas del Roque Nublo y todo estaba perdido en sus esperanzas cuando no consiguieron verse ya las piernas. Todo estaba tomado. Miraron el roque, se abrazaron y Gran Canaria desapareci\u00f3.<\/p>\n\n\n\n<h2 class=\"wp-block-heading\" id=\"h-2-acantilados-de-monsul-solidos-vivientes\">2.- Acantilados de Monsul, s\u00f3lidos vivientes<\/h2>\n\n\n\n<figure class=\"wp-block-image size-full\"><img loading=\"lazy\" decoding=\"async\" width=\"800\" height=\"508\" src=\"https:\/\/www.escapadarural.com\/blog\/wp-content\/uploads\/2014\/05\/Acantilados-de-Monsul-1.jpg\" alt=\"Acantilados de Monsul\" class=\"wp-image-114410\" srcset=\"https:\/\/www.escapadarural.com\/blog\/wp-content\/uploads\/2014\/05\/Acantilados-de-Monsul-1-200x127.jpg 200w, https:\/\/www.escapadarural.com\/blog\/wp-content\/uploads\/2014\/05\/Acantilados-de-Monsul-1-300x191.jpg 300w, https:\/\/www.escapadarural.com\/blog\/wp-content\/uploads\/2014\/05\/Acantilados-de-Monsul-1-320x202.jpg 320w, https:\/\/www.escapadarural.com\/blog\/wp-content\/uploads\/2014\/05\/Acantilados-de-Monsul-1-400x254.jpg 400w, https:\/\/www.escapadarural.com\/blog\/wp-content\/uploads\/2014\/05\/Acantilados-de-Monsul-1-600x381.jpg 600w, https:\/\/www.escapadarural.com\/blog\/wp-content\/uploads\/2014\/05\/Acantilados-de-Monsul-1-768x488.jpg 768w, https:\/\/www.escapadarural.com\/blog\/wp-content\/uploads\/2014\/05\/Acantilados-de-Monsul-1.jpg 800w\" sizes=\"auto, (max-width: 800px) 100vw, 800px\" \/><figcaption class=\"wp-element-caption\">Acantilados de Monsul<\/figcaption><\/figure>\n\n\n\n<p>Se ha extinguido la vida en la Tierra, es la Era de los elementos inanimados, de los \u00e1tomos que se componen en s\u00f3lidos y gaseosos. Quiz\u00e1s por azar, quiz\u00e1s por voluntad (todo es ya tan distinto&#8230;), los acantilados de Monsul se han declarado profundamente s\u00f3lidos e incluso si explotaran los cimientos sobre los que se sostienen, piensan quedar como cuerpos rocosos gravitando en torno a otro cuerpo celeste.<\/p>\n\n\n\n<p>Ning\u00fan otro ser inanimado se ha acercado a Monsul. Su nombre arredra y tambi\u00e9n su imponente estampa. Es lo \u00fanico que no se ha desintegrado y sigue flotando en el espacio despu\u00e9s de todo.<\/p>\n\n\n\n<h2 class=\"wp-block-heading\" id=\"h-3-hierro-bajo-las-pies-el-rio-tinto\">3.- Hierro bajo las pies, el r\u00edo Tinto<\/h2>\n\n\n\n<figure class=\"wp-block-image size-large\"><img loading=\"lazy\" decoding=\"async\" width=\"1024\" height=\"682\" src=\"https:\/\/www.escapadarural.com\/blog\/wp-content\/uploads\/2012\/12\/Lugares-surrealistas-en-Espana-34-2-1.jpg\" alt=\"R\u00edo Tinto\" class=\"wp-image-113469\" srcset=\"https:\/\/www.escapadarural.com\/blog\/wp-content\/uploads\/2012\/12\/Lugares-surrealistas-en-Espana-34-2-1-200x133.jpg 200w, https:\/\/www.escapadarural.com\/blog\/wp-content\/uploads\/2012\/12\/Lugares-surrealistas-en-Espana-34-2-1-300x200.jpg 300w, https:\/\/www.escapadarural.com\/blog\/wp-content\/uploads\/2012\/12\/Lugares-surrealistas-en-Espana-34-2-1-400x266.jpg 400w, https:\/\/www.escapadarural.com\/blog\/wp-content\/uploads\/2012\/12\/Lugares-surrealistas-en-Espana-34-2-1-600x400.jpg 600w, https:\/\/www.escapadarural.com\/blog\/wp-content\/uploads\/2012\/12\/Lugares-surrealistas-en-Espana-34-2-1-768x512.jpg 768w, https:\/\/www.escapadarural.com\/blog\/wp-content\/uploads\/2012\/12\/Lugares-surrealistas-en-Espana-34-2-1-800x533.jpg 800w, https:\/\/www.escapadarural.com\/blog\/wp-content\/uploads\/2012\/12\/Lugares-surrealistas-en-Espana-34-2-1.jpg 1024w\" sizes=\"auto, (max-width: 1024px) 100vw, 1024px\" \/><figcaption class=\"wp-element-caption\">Por Jose Arcos Aguilar <\/figcaption><\/figure>\n\n\n\n<p>Despu\u00e9s de los truenos y el polvo del Apocalipsis han ca\u00eddo en Andaluc\u00eda meteoritos con una alta concentraci\u00f3n en hierro. El fin del mundo se ha visto primeramente en Huelva, en el Parque Minero del r\u00edo Tinto, y su color no es nada alentador. Los turistas se han quedado at\u00f3nitos. Dijeron, aseguraron, que no pasar\u00eda. Lo dijeron <a href=\"https:\/\/www.rtve.es\/alacarta\/videos\/telediario\/nasa-asegura-hay-fin-del-mundo\/1613626\/\" target=\"_blank\" rel=\"noreferrer noopener\" class=\"rank-math-link\">desde la NASA<\/a>, incluso. Y al final, mira.<\/p>\n\n\n\n<h2 class=\"wp-block-heading\" id=\"h-4-la-cueva-de-can-marca-apocaliptica-fluorescencia\">4.- La cueva de Can Mar\u00e7\u00e0, <a class=\"rank-math-link\" href=\"https:\/\/www.youtube.com\/watch?v=ewrAUyV-z7c\" target=\"_blank\" rel=\"noreferrer noopener\">apocal\u00edptica<\/a> fluorescencia<\/h2>\n\n\n\n<figure class=\"wp-block-image size-full\"><img loading=\"lazy\" decoding=\"async\" width=\"1024\" height=\"684\" src=\"https:\/\/www.escapadarural.com\/blog\/wp-content\/uploads\/2012\/10\/can-marca-ibiza-1024x684-3-2.jpg\" alt=\"Ruta en bici por Ibiza\" class=\"wp-image-113290\" srcset=\"https:\/\/www.escapadarural.com\/blog\/wp-content\/uploads\/2012\/10\/can-marca-ibiza-1024x684-3-2-200x134.jpg 200w, https:\/\/www.escapadarural.com\/blog\/wp-content\/uploads\/2012\/10\/can-marca-ibiza-1024x684-3-2-300x200.jpg 300w, https:\/\/www.escapadarural.com\/blog\/wp-content\/uploads\/2012\/10\/can-marca-ibiza-1024x684-3-2-400x267.jpg 400w, https:\/\/www.escapadarural.com\/blog\/wp-content\/uploads\/2012\/10\/can-marca-ibiza-1024x684-3-2-600x401.jpg 600w, https:\/\/www.escapadarural.com\/blog\/wp-content\/uploads\/2012\/10\/can-marca-ibiza-1024x684-3-2-768x513.jpg 768w, https:\/\/www.escapadarural.com\/blog\/wp-content\/uploads\/2012\/10\/can-marca-ibiza-1024x684-3-2-800x534.jpg 800w, https:\/\/www.escapadarural.com\/blog\/wp-content\/uploads\/2012\/10\/can-marca-ibiza-1024x684-3-2.jpg 1024w\" sizes=\"auto, (max-width: 1024px) 100vw, 1024px\" \/><figcaption class=\"wp-element-caption\">Ruta en bici por Ibiza. Por Javi<\/figcaption><\/figure>\n\n\n\n<p>Un grupo de j\u00f3venes decide ir a Ibiza porque \u00abantes de que se acabe el mundo\u00bb, dec\u00edan \u00abcerramos alguna de las discotecas de la isla\u00bb. En el trasunto del viaje, cayeron en la cuenta de que ya era demasiado tarde, pero hubiese valido m\u00e1s la pena conocer la isla a fondo, <a href=\"\/blog\/vuelta-a-ibiza-y-formentera-en-btt\/\" target=\"_blank\" aria-label=\" (opens in a new tab)\" rel=\"noreferrer noopener\" class=\"rank-math-link\">las costumbres y los paisajes de Ibiza<\/a>. Aquella alegr\u00eda nocturna se difuminaba.<\/p>\n\n\n\n<p>Se decidieron, como \u00faltimo acto de voluntad, a visitar el Norte. All\u00ed contemplaron el fin del mundo emerger de las profundidades de la tierra. Contemplaron la fluorescencia atroz de Can Mar\u00e7\u00e0 [en realidad es artificial], se les ilumin\u00f3 el rostro desde la barbilla hacia las frentes y cada uno de los amigos supo que antes que nada quer\u00eda ir a abrazar a sus seres queridos antes del fin del mundo. S\u00ed, les dio tiempo a cumplirlo.<\/p>\n\n\n\n<h2 class=\"wp-block-heading\" id=\"h-5-silencio-y-desierto-bardenas-reales\">5.- Silencio y desierto, Bardenas Reales<\/h2>\n\n\n<div class=\"wp-block-image\">\n<figure class=\"aligncenter size-large\"><img loading=\"lazy\" decoding=\"async\" width=\"640\" height=\"426\" src=\"https:\/\/www.escapadarural.com\/blog\/wp-content\/uploads\/2012\/12\/bardenas2-2-1.jpg\" alt=\"Bardenas Reales\" class=\"wp-image-113471\" srcset=\"https:\/\/www.escapadarural.com\/blog\/wp-content\/uploads\/2012\/12\/bardenas2-2-1-200x133.jpg 200w, https:\/\/www.escapadarural.com\/blog\/wp-content\/uploads\/2012\/12\/bardenas2-2-1-300x200.jpg 300w, https:\/\/www.escapadarural.com\/blog\/wp-content\/uploads\/2012\/12\/bardenas2-2-1-400x266.jpg 400w, https:\/\/www.escapadarural.com\/blog\/wp-content\/uploads\/2012\/12\/bardenas2-2-1-600x399.jpg 600w, https:\/\/www.escapadarural.com\/blog\/wp-content\/uploads\/2012\/12\/bardenas2-2-1.jpg 640w\" sizes=\"auto, (max-width: 640px) 100vw, 640px\" \/><figcaption class=\"wp-element-caption\">Fuente: Flipao\n\n<\/figcaption><\/figure>\n<\/div>\n\n\n<p>Lo \u00fanico real que queda la v\u00edspera del Fin del Mundo. Las Bardenas en Navarra contin\u00faan con su silencio limpio, pero algo se respira en el aire que acaba por quebrantar el \u00e1nimo m\u00e1s s\u00f3lido. Algunos amigos han querido re\u00edrse del fin del mundo recorriendo en BTT las Bardenas Reales, pero en una de sus lomas uno de ellos se ha quedado petrificado: el paisaje que contempla no es s\u00f3lo desierto.<\/p>\n\n\n\n<p>Efectivamente, es el fin. Se abrazan. Y uno absurdamente <strong>engrasa la cadena de su bicicleta<\/strong>, en un intento final de negar el tr\u00e1gico desenlace.<\/p>\n\n\n\n<h2 class=\"wp-block-heading\" id=\"h-6-los-bufones-de-pria-violencia-maritima\">6.- Los bufones de Pr\u00eda, violencia mar\u00edtima<\/h2>\n\n\n\n<figure class=\"wp-block-image size-large\"><img decoding=\"async\" src=\"https:\/\/www.escapadarural.com\/blog\/wp-content\/uploads\/2012\/12\/Bufones-de-Pria-1-1024x595-3-1.jpg\" alt=\"Bufones de Pr\u00eda\" class=\"wp-image-31706\"\/><figcaption class=\"wp-element-caption\">Fuente: Mar\u00eda TC<\/figcaption><\/figure>\n\n\n\n<p>Los j\u00f3venes ge\u00f3logos de la Universidad de Oviedo salen de excursi\u00f3n hacia los Bufones de Pr\u00eda. All\u00ed el agua se mete con tal fuerza entre las rocas que parecen volcanes salados y espumosos en el estallido principal. El ruido es ensordecedor y el espect\u00e1culo seguro, aunque terrible. Bajo la tutela de la cl\u00e1usula 3 del seguro del Club Excursionista, el grupo se atreve a atravesar el terreno. Recopilan muestras, se sorprenden y vuelven a su an\u00e1lisis.<\/p>\n\n\n\n<p>Alguien pregunta por Juan porque ha desaparecido. En el momento en que Luis, su compa\u00f1ero, explica que se lo acaba de llevar un golpe de agua bajo sus pies, otro golpe de agua se lleva a Luis. A un ritmo cada vez m\u00e1s elevado, la cadencia de los bufones se incrementa y expulsa literalmente a cada uno de los universitarios. Pronto no qued\u00f3 nada y el mundo estalla en un s\u00f3lo Buf\u00f3n. Se dijo a un nivel intergal\u00e1ctico que La Tierra muri\u00f3 en Espa\u00f1a. Que todo empez\u00f3 en Pr\u00eda.<\/p>\n\n\n\n<h2 class=\"wp-block-heading\" id=\"h-7-de-gulpiyuri-a-la-estratosfera\">7.- De <a aria-label=\" (opens in a new tab)\" class=\"rank-math-link\" href=\"\/blog\/gulpiyuri-la-playa-que-desaparece\/\" target=\"_blank\" rel=\"noreferrer noopener\">Gulpiyuri<\/a> a la estratosfera<\/h2>\n\n\n\n<figure class=\"wp-block-image size-large\"><img loading=\"lazy\" decoding=\"async\" width=\"1024\" height=\"684\" src=\"https:\/\/www.escapadarural.com\/blog\/wp-content\/uploads\/2024\/10\/gulpiyuri-2-1170x781-1-1024x684.jpg\" alt=\"Gulpiyuri, en Asturias. Por Dartagnan1980\" class=\"wp-image-92180\" srcset=\"https:\/\/www.escapadarural.com\/blog\/wp-content\/uploads\/2024\/10\/gulpiyuri-2-1170x781-1-200x134.jpg 200w, https:\/\/www.escapadarural.com\/blog\/wp-content\/uploads\/2024\/10\/gulpiyuri-2-1170x781-1-300x200.jpg 300w, https:\/\/www.escapadarural.com\/blog\/wp-content\/uploads\/2024\/10\/gulpiyuri-2-1170x781-1-400x267.jpg 400w, https:\/\/www.escapadarural.com\/blog\/wp-content\/uploads\/2024\/10\/gulpiyuri-2-1170x781-1-600x401.jpg 600w, https:\/\/www.escapadarural.com\/blog\/wp-content\/uploads\/2024\/10\/gulpiyuri-2-1170x781-1-768x513.jpg 768w, https:\/\/www.escapadarural.com\/blog\/wp-content\/uploads\/2024\/10\/gulpiyuri-2-1170x781-1-800x534.jpg 800w, https:\/\/www.escapadarural.com\/blog\/wp-content\/uploads\/2024\/10\/gulpiyuri-2-1170x781-1-1024x684.jpg 1024w, https:\/\/www.escapadarural.com\/blog\/wp-content\/uploads\/2024\/10\/gulpiyuri-2-1170x781-1.jpg 1170w\" sizes=\"auto, (max-width: 1024px) 100vw, 1024px\" \/><figcaption class=\"wp-element-caption\">Gulpiyuri, en Asturias. Por Dartagnan1980<\/figcaption><\/figure>\n\n\n\n<p>Fueron a jugar con el efecto de la marea alta a un rinc\u00f3n de Asturias: Gulpiyuri. Llegaron vestidos de playa. Alguno le comentaba a otro que ya ver\u00eda lo curioso del efecto, que era <a href=\"\/blog\/gulpiyuri-la-playa-que-desaparece\/\" target=\"_blank\" aria-label=\" (opens in a new tab)\" rel=\"noreferrer noopener\" class=\"rank-math-link\">una playa que aparec\u00eda y desaparec\u00eda<\/a>. Colocaron las toallas en la orilla todav\u00eda seca y poco a poco vieron c\u00f3mo el agua se deslizaba a trav\u00e9s de la cueva e iba llenando el espacio. Reculaban con las toallas, no quer\u00edan que se mojaran, mientras se re\u00edan.<\/p>\n\n\n\n<p>Pero algo iba mal: nunca hab\u00eda crecido tanto el agua. Se desbordaba desmesuradamente como cuando se desborda el agua de la ba\u00f1era. Pronto estaba la villa inundada, la Tierra se aneg\u00f3 y los que flotaron llegaron a la estratosfera. Alg\u00fan avi\u00f3n tuvo que amerizar en el mejor de los casos. El punto Baumgartner se hizo boya all\u00ed donde el agua no subi\u00f3 m\u00e1s, a 33.000 metros de altura. Pero ya no quedaba nadie. Chatarra flotante y alg\u00fan pedazo de roca del hueco de Gulpiyuri, ir\u00f3nicamente.<\/p>\n\n\n\n<h2 class=\"wp-block-heading\" id=\"h-y-al-fin-el-fin-el-teide\">Y al fin el fin: el Teide<\/h2>\n\n\n\n<figure class=\"wp-block-image size-large\"><img loading=\"lazy\" decoding=\"async\" width=\"1024\" height=\"683\" src=\"https:\/\/www.escapadarural.com\/blog\/wp-content\/uploads\/2012\/12\/teide-2-1.jpg\" alt=\"El fin del mundo\" class=\"wp-image-113475\" srcset=\"https:\/\/www.escapadarural.com\/blog\/wp-content\/uploads\/2012\/12\/teide-2-1-200x133.jpg 200w, https:\/\/www.escapadarural.com\/blog\/wp-content\/uploads\/2012\/12\/teide-2-1-300x200.jpg 300w, https:\/\/www.escapadarural.com\/blog\/wp-content\/uploads\/2012\/12\/teide-2-1-400x267.jpg 400w, https:\/\/www.escapadarural.com\/blog\/wp-content\/uploads\/2012\/12\/teide-2-1-600x400.jpg 600w, https:\/\/www.escapadarural.com\/blog\/wp-content\/uploads\/2012\/12\/teide-2-1-768x512.jpg 768w, https:\/\/www.escapadarural.com\/blog\/wp-content\/uploads\/2012\/12\/teide-2-1-800x534.jpg 800w, https:\/\/www.escapadarural.com\/blog\/wp-content\/uploads\/2012\/12\/teide-2-1.jpg 1024w\" sizes=\"auto, (max-width: 1024px) 100vw, 1024px\" \/><figcaption class=\"wp-element-caption\">En la cima del Teide. Adi\u00f3s, Mundo. Fuente: Till Krech\n\n<\/figcaption><\/figure>\n\n\n\n<p>Dijeron que nunca ver\u00edan el Teide y explicaron que aunque fuera el Fin del Mundo, que ellos s\u00ed se cre\u00edan, quer\u00edan verlo al menos una vez antes de que llegara la nada. \u00abVisitad el Teide al menos una vez en la vida, el techo de Espa\u00f1a\u00bb. Y no era una frase hecha. Desde all\u00ed, en la cima del pico m\u00e1s alto del pa\u00eds (3.718 m), vieron alumbrarse los meteoritos que caer\u00edan en Huelva, en R\u00edo Tinto.<\/p>\n\n\n\n<p>Contemplaron la belleza crepuscular de la niebla en el Roque Nublo, los golpes marinos y violentos de Pr\u00eda, las primeras olas de Gulpiyuri. Se dijeron que hab\u00eda valido la pena, que todo el mundo se merec\u00eda un Fin contemplando la Tierra desde el Teide. Pero s\u00f3lo fueron ellos los que creyeron que <strong>los viajes val\u00edan la pena<\/strong>, aunque fuera lo \u00faltimo que hicieran.<\/p>\n","protected":false},"excerpt":{"rendered":"<p>La predicci\u00f3n Maya fall\u00f3. El Fin del Mundo no sobrevino en diciembre, pero hay paisajes en Espa\u00f1a que efectivamente parecen hechos a medida para el Fin&#8230;<\/p>\n","protected":false},"author":136,"featured_media":37036,"comment_status":"open","ping_status":"closed","sticky":false,"template":"","format":"standard","meta":{"_acf_changed":false,"om_disable_all_campaigns":false,"footnotes":""},"categories":[231],"tags":[947,948,923,440,215,949,950,951,313],"class_list":["post-2280","post","type-post","status-publish","format-standard","has-post-thumbnail","hentry","category-arte-y-cultura","tag-bardenas-reales","tag-bufones","tag-gulpiyuri","tag-historias-y-curiosidades","tag-listado","tag-mayas","tag-monsul","tag-rio-tinto","tag-teide"],"acf":[],"featured_image_src":"https:\/\/www.escapadarural.com\/blog\/wp-content\/uploads\/2021\/01\/roque.jpg","author_info":{"display_name":"Escapada Rural","author_link":"https:\/\/www.escapadarural.com\/blog\/autor\/user\/"},"yoast_head":"<!-- This site is optimized with the Yoast SEO plugin v27.5 - https:\/\/yoast.com\/product\/yoast-seo-wordpress\/ -->\n<title>Distopias alocadas sobre el Fin del Mundo en Espa\u00f1a - EscapadaRural<\/title>\n<meta name=\"robots\" content=\"index, follow, max-snippet:-1, max-image-preview:large, max-video-preview:-1\" \/>\n<link rel=\"canonical\" href=\"https:\/\/www.escapadarural.com\/blog\/historias-y-lugares-del-fin-del-mundo\/\" \/>\n<meta property=\"og:locale\" content=\"es_ES\" \/>\n<meta property=\"og:type\" content=\"article\" \/>\n<meta property=\"og:title\" content=\"Distopias alocadas sobre el Fin del Mundo en Espa\u00f1a - EscapadaRural\" \/>\n<meta property=\"og:description\" content=\"La predicci\u00f3n Maya fall\u00f3. El Fin del Mundo no sobrevino en diciembre, pero hay paisajes en Espa\u00f1a que efectivamente parecen hechos a medida para el Fin...\" \/>\n<meta property=\"og:url\" content=\"https:\/\/www.escapadarural.com\/blog\/historias-y-lugares-del-fin-del-mundo\/\" \/>\n<meta property=\"og:site_name\" content=\"Magazine de viajes de EscapadaRural\" \/>\n<meta property=\"article:publisher\" content=\"https:\/\/www.facebook.com\/escapadarural\" \/>\n<meta property=\"article:author\" content=\"https:\/\/www.facebook.com\/escapadarural\" \/>\n<meta property=\"article:published_time\" content=\"2012-12-19T07:00:32+00:00\" \/>\n<meta property=\"article:modified_time\" content=\"2025-08-06T09:07:28+00:00\" \/>\n<meta property=\"og:image\" content=\"https:\/\/www.escapadarural.com\/blog\/wp-content\/uploads\/2021\/01\/roque.jpg?v=1754471249\" \/>\n\t<meta property=\"og:image:width\" content=\"1600\" \/>\n\t<meta property=\"og:image:height\" content=\"1064\" \/>\n\t<meta property=\"og:image:type\" content=\"image\/jpeg\" \/>\n<meta name=\"author\" content=\"Escapada Rural\" \/>\n<meta name=\"twitter:card\" content=\"summary_large_image\" \/>\n<meta name=\"twitter:creator\" content=\"@https:\/\/x.com\/i\/flow\/login?redirect_after_login=escapadarural\" \/>\n<meta name=\"twitter:label1\" content=\"Escrito por\" \/>\n\t<meta name=\"twitter:data1\" content=\"Escapada Rural\" \/>\n\t<meta name=\"twitter:label2\" content=\"Tiempo de lectura\" \/>\n\t<meta name=\"twitter:data2\" content=\"6 minutos\" \/>\n<script type=\"application\/ld+json\" class=\"yoast-schema-graph\">{\"@context\":\"https:\\\/\\\/schema.org\",\"@graph\":[{\"@type\":\"Article\",\"@id\":\"https:\\\/\\\/www.escapadarural.com\\\/blog\\\/historias-y-lugares-del-fin-del-mundo\\\/#article\",\"isPartOf\":{\"@id\":\"https:\\\/\\\/www.escapadarural.com\\\/blog\\\/historias-y-lugares-del-fin-del-mundo\\\/\"},\"author\":{\"name\":\"Escapada Rural\",\"@id\":\"https:\\\/\\\/www.escapadarural.com\\\/blog\\\/#\\\/schema\\\/person\\\/d9ee55ff3e0cef41d6eac8922b4f972c\"},\"headline\":\"Distopias alocadas sobre el Fin del Mundo en Espa\u00f1a\",\"datePublished\":\"2012-12-19T07:00:32+00:00\",\"dateModified\":\"2025-08-06T09:07:28+00:00\",\"mainEntityOfPage\":{\"@id\":\"https:\\\/\\\/www.escapadarural.com\\\/blog\\\/historias-y-lugares-del-fin-del-mundo\\\/\"},\"wordCount\":1302,\"commentCount\":1,\"publisher\":{\"@id\":\"https:\\\/\\\/www.escapadarural.com\\\/blog\\\/#organization\"},\"image\":{\"@id\":\"https:\\\/\\\/www.escapadarural.com\\\/blog\\\/historias-y-lugares-del-fin-del-mundo\\\/#primaryimage\"},\"thumbnailUrl\":\"https:\\\/\\\/www.escapadarural.com\\\/blog\\\/wp-content\\\/uploads\\\/2021\\\/01\\\/roque.jpg\",\"keywords\":[\"Bardenas Reales\",\"Bufones\",\"Gulpiyuri\",\"Historias y Curiosidades\",\"Listado\",\"Mayas\",\"Monsul\",\"R\u00edo Tinto\",\"Teide\"],\"articleSection\":[\"Arte y Cultura\"],\"inLanguage\":\"es\",\"potentialAction\":[{\"@type\":\"CommentAction\",\"name\":\"Comment\",\"target\":[\"https:\\\/\\\/www.escapadarural.com\\\/blog\\\/historias-y-lugares-del-fin-del-mundo\\\/#respond\"]}]},{\"@type\":\"WebPage\",\"@id\":\"https:\\\/\\\/www.escapadarural.com\\\/blog\\\/historias-y-lugares-del-fin-del-mundo\\\/\",\"url\":\"https:\\\/\\\/www.escapadarural.com\\\/blog\\\/historias-y-lugares-del-fin-del-mundo\\\/\",\"name\":\"Distopias alocadas sobre el Fin del Mundo en Espa\u00f1a - EscapadaRural\",\"isPartOf\":{\"@id\":\"https:\\\/\\\/www.escapadarural.com\\\/blog\\\/#website\"},\"primaryImageOfPage\":{\"@id\":\"https:\\\/\\\/www.escapadarural.com\\\/blog\\\/historias-y-lugares-del-fin-del-mundo\\\/#primaryimage\"},\"image\":{\"@id\":\"https:\\\/\\\/www.escapadarural.com\\\/blog\\\/historias-y-lugares-del-fin-del-mundo\\\/#primaryimage\"},\"thumbnailUrl\":\"https:\\\/\\\/www.escapadarural.com\\\/blog\\\/wp-content\\\/uploads\\\/2021\\\/01\\\/roque.jpg\",\"datePublished\":\"2012-12-19T07:00:32+00:00\",\"dateModified\":\"2025-08-06T09:07:28+00:00\",\"breadcrumb\":{\"@id\":\"https:\\\/\\\/www.escapadarural.com\\\/blog\\\/historias-y-lugares-del-fin-del-mundo\\\/#breadcrumb\"},\"inLanguage\":\"es\",\"potentialAction\":[{\"@type\":\"ReadAction\",\"target\":[\"https:\\\/\\\/www.escapadarural.com\\\/blog\\\/historias-y-lugares-del-fin-del-mundo\\\/\"]}]},{\"@type\":\"ImageObject\",\"inLanguage\":\"es\",\"@id\":\"https:\\\/\\\/www.escapadarural.com\\\/blog\\\/historias-y-lugares-del-fin-del-mundo\\\/#primaryimage\",\"url\":\"https:\\\/\\\/www.escapadarural.com\\\/blog\\\/wp-content\\\/uploads\\\/2021\\\/01\\\/roque.jpg\",\"contentUrl\":\"https:\\\/\\\/www.escapadarural.com\\\/blog\\\/wp-content\\\/uploads\\\/2021\\\/01\\\/roque.jpg\",\"width\":1600,\"height\":1064,\"caption\":\"El Roque Nublo en Gran Canaria.\"},{\"@type\":\"BreadcrumbList\",\"@id\":\"https:\\\/\\\/www.escapadarural.com\\\/blog\\\/historias-y-lugares-del-fin-del-mundo\\\/#breadcrumb\",\"itemListElement\":[{\"@type\":\"ListItem\",\"position\":1,\"name\":\"Inicio\",\"item\":\"https:\\\/\\\/www.escapadarural.com\\\/blog\\\/\"},{\"@type\":\"ListItem\",\"position\":2,\"name\":\"Arte y Cultura\",\"item\":\"https:\\\/\\\/www.escapadarural.com\\\/blog\\\/categoria\\\/arte-y-cultura\\\/\"},{\"@type\":\"ListItem\",\"position\":3,\"name\":\"Distopias alocadas sobre el Fin del Mundo en Espa\u00f1a\"}]},{\"@type\":\"WebSite\",\"@id\":\"https:\\\/\\\/www.escapadarural.com\\\/blog\\\/#website\",\"url\":\"https:\\\/\\\/www.escapadarural.com\\\/blog\\\/\",\"name\":\"Blog de viajes | turismo rural, alojamientos e inspiraci\u00f3n\",\"description\":\"Alojamientos rurales e inspiraci\u00f3n para tus escapadas\",\"publisher\":{\"@id\":\"https:\\\/\\\/www.escapadarural.com\\\/blog\\\/#organization\"},\"alternateName\":\"Magazine de viajes de EscapadaRural\",\"potentialAction\":[{\"@type\":\"SearchAction\",\"target\":{\"@type\":\"EntryPoint\",\"urlTemplate\":\"https:\\\/\\\/www.escapadarural.com\\\/blog\\\/?s={search_term_string}\"},\"query-input\":{\"@type\":\"PropertyValueSpecification\",\"valueRequired\":true,\"valueName\":\"search_term_string\"}}],\"inLanguage\":\"es\"},{\"@type\":\"Organization\",\"@id\":\"https:\\\/\\\/www.escapadarural.com\\\/blog\\\/#organization\",\"name\":\"EscapadaRural\",\"url\":\"https:\\\/\\\/www.escapadarural.com\\\/blog\\\/\",\"logo\":{\"@type\":\"ImageObject\",\"inLanguage\":\"es\",\"@id\":\"https:\\\/\\\/www.escapadarural.com\\\/blog\\\/#\\\/schema\\\/logo\\\/image\\\/\",\"url\":\"https:\\\/\\\/www.escapadarural.com\\\/blog\\\/wp-content\\\/uploads\\\/2024\\\/10\\\/cropped-cropped-escapada-rural-icon-mag-3.png\",\"contentUrl\":\"https:\\\/\\\/www.escapadarural.com\\\/blog\\\/wp-content\\\/uploads\\\/2024\\\/10\\\/cropped-cropped-escapada-rural-icon-mag-3.png\",\"width\":512,\"height\":512,\"caption\":\"EscapadaRural\"},\"image\":{\"@id\":\"https:\\\/\\\/www.escapadarural.com\\\/blog\\\/#\\\/schema\\\/logo\\\/image\\\/\"},\"sameAs\":[\"https:\\\/\\\/www.facebook.com\\\/escapadarural\",\"https:\\\/\\\/www.instagram.com\\\/escapadarural\\\/\",\"https:\\\/\\\/www.youtube.com\\\/@escapadaruralcom\"]},{\"@type\":\"Person\",\"@id\":\"https:\\\/\\\/www.escapadarural.com\\\/blog\\\/#\\\/schema\\\/person\\\/d9ee55ff3e0cef41d6eac8922b4f972c\",\"name\":\"Escapada Rural\",\"image\":{\"@type\":\"ImageObject\",\"inLanguage\":\"es\",\"@id\":\"https:\\\/\\\/www.escapadarural.com\\\/blog\\\/wp-content\\\/uploads\\\/2024\\\/10\\\/cropped-cropped-escapada-rural-icon-mag-3-96x96.png\",\"url\":\"https:\\\/\\\/www.escapadarural.com\\\/blog\\\/wp-content\\\/uploads\\\/2024\\\/10\\\/cropped-cropped-escapada-rural-icon-mag-3-96x96.png\",\"contentUrl\":\"https:\\\/\\\/www.escapadarural.com\\\/blog\\\/wp-content\\\/uploads\\\/2024\\\/10\\\/cropped-cropped-escapada-rural-icon-mag-3-96x96.png\",\"caption\":\"Escapada Rural\"},\"sameAs\":[\"https:\\\/\\\/www.facebook.com\\\/escapadarural\",\"https:\\\/\\\/www.linkedin.com\\\/company\\\/escapada-rural\\\/?originalSubdomain=es\",\"https:\\\/\\\/x.com\\\/https:\\\/\\\/x.com\\\/i\\\/flow\\\/login?redirect_after_login=escapadarural\"],\"url\":\"https:\\\/\\\/www.escapadarural.com\\\/blog\\\/autor\\\/user\\\/\"}]}<\/script>\n<!-- \/ Yoast SEO plugin. -->","yoast_head_json":{"title":"Distopias alocadas sobre el Fin del Mundo en Espa\u00f1a - EscapadaRural","robots":{"index":"index","follow":"follow","max-snippet":"max-snippet:-1","max-image-preview":"max-image-preview:large","max-video-preview":"max-video-preview:-1"},"canonical":"https:\/\/www.escapadarural.com\/blog\/historias-y-lugares-del-fin-del-mundo\/","og_locale":"es_ES","og_type":"article","og_title":"Distopias alocadas sobre el Fin del Mundo en Espa\u00f1a - EscapadaRural","og_description":"La predicci\u00f3n Maya fall\u00f3. El Fin del Mundo no sobrevino en diciembre, pero hay paisajes en Espa\u00f1a que efectivamente parecen hechos a medida para el Fin...","og_url":"https:\/\/www.escapadarural.com\/blog\/historias-y-lugares-del-fin-del-mundo\/","og_site_name":"Magazine de viajes de EscapadaRural","article_publisher":"https:\/\/www.facebook.com\/escapadarural","article_author":"https:\/\/www.facebook.com\/escapadarural","article_published_time":"2012-12-19T07:00:32+00:00","article_modified_time":"2025-08-06T09:07:28+00:00","og_image":[{"width":1600,"height":1064,"url":"https:\/\/www.escapadarural.com\/blog\/wp-content\/uploads\/2021\/01\/roque.jpg?v=1754471249","type":"image\/jpeg"}],"author":"Escapada Rural","twitter_card":"summary_large_image","twitter_creator":"@https:\/\/x.com\/i\/flow\/login?redirect_after_login=escapadarural","twitter_misc":{"Escrito por":"Escapada Rural","Tiempo de lectura":"6 minutos"},"schema":{"@context":"https:\/\/schema.org","@graph":[{"@type":"Article","@id":"https:\/\/www.escapadarural.com\/blog\/historias-y-lugares-del-fin-del-mundo\/#article","isPartOf":{"@id":"https:\/\/www.escapadarural.com\/blog\/historias-y-lugares-del-fin-del-mundo\/"},"author":{"name":"Escapada Rural","@id":"https:\/\/www.escapadarural.com\/blog\/#\/schema\/person\/d9ee55ff3e0cef41d6eac8922b4f972c"},"headline":"Distopias alocadas sobre el Fin del Mundo en Espa\u00f1a","datePublished":"2012-12-19T07:00:32+00:00","dateModified":"2025-08-06T09:07:28+00:00","mainEntityOfPage":{"@id":"https:\/\/www.escapadarural.com\/blog\/historias-y-lugares-del-fin-del-mundo\/"},"wordCount":1302,"commentCount":1,"publisher":{"@id":"https:\/\/www.escapadarural.com\/blog\/#organization"},"image":{"@id":"https:\/\/www.escapadarural.com\/blog\/historias-y-lugares-del-fin-del-mundo\/#primaryimage"},"thumbnailUrl":"https:\/\/www.escapadarural.com\/blog\/wp-content\/uploads\/2021\/01\/roque.jpg","keywords":["Bardenas Reales","Bufones","Gulpiyuri","Historias y Curiosidades","Listado","Mayas","Monsul","R\u00edo Tinto","Teide"],"articleSection":["Arte y Cultura"],"inLanguage":"es","potentialAction":[{"@type":"CommentAction","name":"Comment","target":["https:\/\/www.escapadarural.com\/blog\/historias-y-lugares-del-fin-del-mundo\/#respond"]}]},{"@type":"WebPage","@id":"https:\/\/www.escapadarural.com\/blog\/historias-y-lugares-del-fin-del-mundo\/","url":"https:\/\/www.escapadarural.com\/blog\/historias-y-lugares-del-fin-del-mundo\/","name":"Distopias alocadas sobre el Fin del Mundo en Espa\u00f1a - EscapadaRural","isPartOf":{"@id":"https:\/\/www.escapadarural.com\/blog\/#website"},"primaryImageOfPage":{"@id":"https:\/\/www.escapadarural.com\/blog\/historias-y-lugares-del-fin-del-mundo\/#primaryimage"},"image":{"@id":"https:\/\/www.escapadarural.com\/blog\/historias-y-lugares-del-fin-del-mundo\/#primaryimage"},"thumbnailUrl":"https:\/\/www.escapadarural.com\/blog\/wp-content\/uploads\/2021\/01\/roque.jpg","datePublished":"2012-12-19T07:00:32+00:00","dateModified":"2025-08-06T09:07:28+00:00","breadcrumb":{"@id":"https:\/\/www.escapadarural.com\/blog\/historias-y-lugares-del-fin-del-mundo\/#breadcrumb"},"inLanguage":"es","potentialAction":[{"@type":"ReadAction","target":["https:\/\/www.escapadarural.com\/blog\/historias-y-lugares-del-fin-del-mundo\/"]}]},{"@type":"ImageObject","inLanguage":"es","@id":"https:\/\/www.escapadarural.com\/blog\/historias-y-lugares-del-fin-del-mundo\/#primaryimage","url":"https:\/\/www.escapadarural.com\/blog\/wp-content\/uploads\/2021\/01\/roque.jpg","contentUrl":"https:\/\/www.escapadarural.com\/blog\/wp-content\/uploads\/2021\/01\/roque.jpg","width":1600,"height":1064,"caption":"El Roque Nublo en Gran Canaria."},{"@type":"BreadcrumbList","@id":"https:\/\/www.escapadarural.com\/blog\/historias-y-lugares-del-fin-del-mundo\/#breadcrumb","itemListElement":[{"@type":"ListItem","position":1,"name":"Inicio","item":"https:\/\/www.escapadarural.com\/blog\/"},{"@type":"ListItem","position":2,"name":"Arte y Cultura","item":"https:\/\/www.escapadarural.com\/blog\/categoria\/arte-y-cultura\/"},{"@type":"ListItem","position":3,"name":"Distopias alocadas sobre el Fin del Mundo en Espa\u00f1a"}]},{"@type":"WebSite","@id":"https:\/\/www.escapadarural.com\/blog\/#website","url":"https:\/\/www.escapadarural.com\/blog\/","name":"Blog de viajes | turismo rural, alojamientos e inspiraci\u00f3n","description":"Alojamientos rurales e inspiraci\u00f3n para tus escapadas","publisher":{"@id":"https:\/\/www.escapadarural.com\/blog\/#organization"},"alternateName":"Magazine de viajes de EscapadaRural","potentialAction":[{"@type":"SearchAction","target":{"@type":"EntryPoint","urlTemplate":"https:\/\/www.escapadarural.com\/blog\/?s={search_term_string}"},"query-input":{"@type":"PropertyValueSpecification","valueRequired":true,"valueName":"search_term_string"}}],"inLanguage":"es"},{"@type":"Organization","@id":"https:\/\/www.escapadarural.com\/blog\/#organization","name":"EscapadaRural","url":"https:\/\/www.escapadarural.com\/blog\/","logo":{"@type":"ImageObject","inLanguage":"es","@id":"https:\/\/www.escapadarural.com\/blog\/#\/schema\/logo\/image\/","url":"https:\/\/www.escapadarural.com\/blog\/wp-content\/uploads\/2024\/10\/cropped-cropped-escapada-rural-icon-mag-3.png","contentUrl":"https:\/\/www.escapadarural.com\/blog\/wp-content\/uploads\/2024\/10\/cropped-cropped-escapada-rural-icon-mag-3.png","width":512,"height":512,"caption":"EscapadaRural"},"image":{"@id":"https:\/\/www.escapadarural.com\/blog\/#\/schema\/logo\/image\/"},"sameAs":["https:\/\/www.facebook.com\/escapadarural","https:\/\/www.instagram.com\/escapadarural\/","https:\/\/www.youtube.com\/@escapadaruralcom"]},{"@type":"Person","@id":"https:\/\/www.escapadarural.com\/blog\/#\/schema\/person\/d9ee55ff3e0cef41d6eac8922b4f972c","name":"Escapada Rural","image":{"@type":"ImageObject","inLanguage":"es","@id":"https:\/\/www.escapadarural.com\/blog\/wp-content\/uploads\/2024\/10\/cropped-cropped-escapada-rural-icon-mag-3-96x96.png","url":"https:\/\/www.escapadarural.com\/blog\/wp-content\/uploads\/2024\/10\/cropped-cropped-escapada-rural-icon-mag-3-96x96.png","contentUrl":"https:\/\/www.escapadarural.com\/blog\/wp-content\/uploads\/2024\/10\/cropped-cropped-escapada-rural-icon-mag-3-96x96.png","caption":"Escapada Rural"},"sameAs":["https:\/\/www.facebook.com\/escapadarural","https:\/\/www.linkedin.com\/company\/escapada-rural\/?originalSubdomain=es","https:\/\/x.com\/https:\/\/x.com\/i\/flow\/login?redirect_after_login=escapadarural"],"url":"https:\/\/www.escapadarural.com\/blog\/autor\/user\/"}]}},"_links":{"self":[{"href":"https:\/\/www.escapadarural.com\/blog\/wp-json\/wp\/v2\/posts\/2280","targetHints":{"allow":["GET"]}}],"collection":[{"href":"https:\/\/www.escapadarural.com\/blog\/wp-json\/wp\/v2\/posts"}],"about":[{"href":"https:\/\/www.escapadarural.com\/blog\/wp-json\/wp\/v2\/types\/post"}],"author":[{"embeddable":true,"href":"https:\/\/www.escapadarural.com\/blog\/wp-json\/wp\/v2\/users\/136"}],"replies":[{"embeddable":true,"href":"https:\/\/www.escapadarural.com\/blog\/wp-json\/wp\/v2\/comments?post=2280"}],"version-history":[{"count":0,"href":"https:\/\/www.escapadarural.com\/blog\/wp-json\/wp\/v2\/posts\/2280\/revisions"}],"wp:featuredmedia":[{"embeddable":true,"href":"https:\/\/www.escapadarural.com\/blog\/wp-json\/wp\/v2\/media\/37036"}],"wp:attachment":[{"href":"https:\/\/www.escapadarural.com\/blog\/wp-json\/wp\/v2\/media?parent=2280"}],"wp:term":[{"taxonomy":"category","embeddable":true,"href":"https:\/\/www.escapadarural.com\/blog\/wp-json\/wp\/v2\/categories?post=2280"},{"taxonomy":"post_tag","embeddable":true,"href":"https:\/\/www.escapadarural.com\/blog\/wp-json\/wp\/v2\/tags?post=2280"}],"curies":[{"name":"wp","href":"https:\/\/api.w.org\/{rel}","templated":true}]}}