{"id":22971,"date":"2021-09-10T08:29:00","date_gmt":"2021-09-10T07:29:00","guid":{"rendered":"https:\/\/www.escapadarural.com\/blog\/?p=22971"},"modified":"2026-02-17T17:23:57","modified_gmt":"2026-02-17T16:23:57","slug":"islas-usadas-para-cuarentenas-en-espana","status":"publish","type":"post","link":"https:\/\/www.escapadarural.com\/blog\/islas-usadas-para-cuarentenas-en-espana\/","title":{"rendered":"5 islas usadas para cuarentenas en Espa\u00f1a"},"content":{"rendered":"<div class=\"wp-block-image\">\n<figure class=\"aligncenter size-large\"><a href=\"https:\/\/www.escapadarural.com\/blog\/wp-content\/uploads\/2020\/06\/isla-san-sim\u00f3n-vigo.jpg\"><img decoding=\"async\" src=\"https:\/\/www.escapadarural.com\/blog\/wp-content\/uploads\/2020\/06\/isla-san-sim\u00f3n-vigo-1024x549.jpg\" alt=\"Isla de San Sim\u00f3n, Vigo. Islas usadas para cuarentenas en Espa\u00f1a\" class=\"wp-image-22992\"\/><\/a><figcaption class=\"wp-element-caption\">Isla de San Sim\u00f3n, Vigo. Por&nbsp;<a href=\"https:\/\/stock.adobe.com\/es\/contributor\/147357\/wildman?load_type=author&amp;prev_url=detail\" target=\"_blank\">wildman<\/a><\/figcaption><\/figure>\n<\/div>\n\n\n<p>Aislar a las personas para evitar que una enfermedad se transmita entre la poblaci\u00f3n es una medida que se lleva tomando desde tiempos remotos. Hay constancia de que en los siglos V y IV a.C los griegos y romanos ya la aplicaban.&nbsp;<\/p>\n\n\n\n<p>En el Antiguo Testamento, el Lev\u00edtico 13: <em>Leyes sobre enfermedades cut\u00e1neas<\/em>, dice que si alguna persona presenta alguna inflamaci\u00f3n o erupci\u00f3n en la piel -referido a la lepra-&nbsp; \u201c<strong>El sacerdote aislar\u00e1 a la persona enferma<\/strong> durante siete d\u00edas y al s\u00e9ptimo d\u00eda la examinar\u00e1 de nuevo\u201d.<\/p>\n\n\n\n<p>Con las enfermedades altamente infecciosas, adem\u00e1s del aislamiento de enfermos, se empez\u00f3 a aplicar tambi\u00e9n la cuarentena. Se separaba y restring\u00eda el movimiento a aquellos que no ten\u00edan s\u00edntomas, pero que hab\u00edan estado en contacto con personas que estuvieron expuestas a la enfermedad. Tal y como vivimos durante la pandemia por Coronavirus.<\/p>\n\n\n<div style=\"background-color: #d9edf7; color: #31708f; border-left-color: #31708f; \" class=\"ub-styled-box ub-notification-box wp-block-ub-styled-box\" id=\"ub-styled-box-baa44d4e-21c2-4b40-8ac8-bfae7a644f77\">\n<p id=\"ub-styled-box-notification-content-\"><strong>Sab\u00edas que<\/strong><\/p>\n\n\n\n<p>El nombre de cuarentena viene del lat\u00edn\u00a0<em>quadraginta<\/em>\u00a0y significa cuatro veces diez. Se cree que viene de la importancia del n\u00famero 40 en la religi\u00f3n cristiana. De hecho, 40 fueron los d\u00edas que Mois\u00e9s y el pueblo hebreo pasaron aislados en el desierto.<\/p>\n\n\n<\/div>\n\n\n<h2 class=\"wp-block-heading\" id=\"h-el-primer-lazareto-de-europa\"><strong>El primer Lazareto de Europa<\/strong><\/h2>\n\n\n<div class=\"wp-block-image\">\n<figure class=\"aligncenter size-large\"><a href=\"https:\/\/www.escapadarural.com\/blog\/wp-content\/uploads\/2020\/06\/lazareto-mah\u00f3n.jpg\"><img decoding=\"async\" src=\"https:\/\/www.escapadarural.com\/blog\/wp-content\/uploads\/2020\/06\/lazareto-mah\u00f3n-1024x429.jpg\" alt=\"Lazareto de Mah\u00f3n\" class=\"wp-image-22991\"\/><\/a><figcaption class=\"wp-element-caption\">Lazareto de Mah\u00f3n. Por&nbsp;<a href=\"https:\/\/stock.adobe.com\/es\/contributor\/207606960\/migue-photos?load_type=author&amp;prev_url=detail\" target=\"_blank\">Migue Photos<\/a><\/figcaption><\/figure>\n<\/div>\n\n\n<p>Seg\u00fan el Instituto de Ciencias e Innovaci\u00f3n en Medicina, el <strong>primer pa\u00eds en establecer una cuarentena<\/strong> de forma oficial fue Italia. Fue en 1423, cuando la peste negra amenaz\u00f3 a Europa y se estableci\u00f3 que los barcos y personas que proven\u00edan de Asia <strong>deb\u00edan esperar 40 d\u00edas antes de entrar en las ciudades<\/strong> para cerciorarse de que no estaban enfermos.&nbsp;<\/p>\n\n\n\n<p>Para ello, el consejo de San Bernardino de Sena decidi\u00f3 establecer el primer <a href=\"https:\/\/es.wikipedia.org\/wiki\/Lazareto\" class=\"rank-math-link\" target=\"_blank\">lazareto<\/a> en Santa Mar\u00eda de Nazaret, la primera de las islas usadas para cuarentenas en Europa. Era el <strong>Lazareto Vecchio<\/strong> (lazareto viejo), llamado as\u00ed para diferenciarlo del segundo que se abri\u00f3 en otra de las islas de la ciudad.&nbsp;<\/p>\n\n\n\n<p>Los lazaretos eran sanatorios que deb\u00edan estar aislados. Muchos fueron levantados en las islas o en la costa, ya que el objetivo era poner en cuarentena a los pasajeros, a la&nbsp;tripulaci\u00f3n de los barcos y sus mercanc\u00edas; pues pod\u00edan llegar desde cualquier parte del mundo.&nbsp;<\/p>\n\n\n\n<p>La palabra lazareto <strong>se cree que viene de San L\u00e1zaro<\/strong>, enfermo de lepra. Y de la orden religiosa que en el siglo XII comenz\u00f3 a cuidar de los leprosos bajo la advocaci\u00f3n de este santo y que cedieron su casa para que se recuperasen.<\/p>\n\n\n\n<p>En Espa\u00f1a, <strong>uno de los primeros lazaretos fue el de Mah\u00f3n<\/strong>, en <a href=\"https:\/\/www.escapadarural.com\/casas-rurales\/menorca\" class=\"rank-math-link\">Menorca<\/a>. Se construy\u00f3 a finales del siglo XVIII sobre la pen\u00ednsula de San Felipet, en la entrada al puerto de Mah\u00f3n.&nbsp;<\/p>\n\n\n\n<h2 class=\"wp-block-heading\" id=\"h-lazareto-de-mahon-menorca\"><strong>Lazareto de Mah\u00f3n (Menorca)<\/strong><\/h2>\n\n\n<div class=\"wp-block-image\">\n<figure class=\"aligncenter size-large\"><a href=\"https:\/\/www.escapadarural.com\/blog\/wp-content\/uploads\/2020\/06\/lazareto-de-mah\u00f3n.jpg\"><img decoding=\"async\" src=\"https:\/\/www.escapadarural.com\/blog\/wp-content\/uploads\/2020\/06\/lazareto-de-mah\u00f3n-1024x682.jpg\" alt=\"Lazareto de Mah\u00f3n\" class=\"wp-image-22987\"\/><\/a><figcaption class=\"wp-element-caption\">Por&nbsp;<a href=\"https:\/\/stock.adobe.com\/es\/contributor\/207606960\/migue-photos?load_type=author&amp;prev_url=detail\" target=\"_blank\">Migue Photos<\/a><\/figcaption><\/figure>\n<\/div>\n\n\n<p>El lazareto de <a href=\"https:\/\/www.escapadarural.com\/casas-rurales\/mao_islas-baleares\" class=\"rank-math-link\">Mah\u00f3n<\/a> fue inaugurado en 1807 en la isla de San Felipet. Originariamente, San Felipet estaba unido al puerto de Mah\u00f3n por un istmo, pero lo destruyeron para que fuera una isla.&nbsp;<\/p>\n\n\n\n<p>Seg\u00fan la p\u00e1gina web de Lazareto de Mah\u00f3n, el edificio estaba rodeado por una muralla de piedra y estaba dividido en tres partes: <strong>sospechosa, sucia y apestada<\/strong>. Todas ellas separadas por muros.<\/p>\n\n\n\n<p>En \u00e9l se aislaron a personas sospechosas o enfermas de la fiebre amarilla (1821-1876) y tifus (1821), principalmente. Despu\u00e9s de ello fue abandonado, hasta que en 1914 se realizaron reformas para acoger a enfermos de otras pandemias. <strong>En 1919 fue considerado un sanatorio de lujo<\/strong>, aunque ese fue el \u00faltimo a\u00f1o que recibi\u00f3 barcos infectados.&nbsp;<\/p>\n\n\n\n<p>A mediados del siglo XX tambi\u00e9n fue utilizado como campamento de verano infantil y en \u00e9l se celebraron congresos m\u00e9dicos.&nbsp;<\/p>\n\n\n\n<p>Actualmente, durante los meses de primavera y verano se organizan visitas guiadas. Este 2020 el calendario ha sufrido modificaciones debido al COVID-19. Te recomendamos que te pongas en contacto con la Oficina de Turismo de Menorca para m\u00e1s informaci\u00f3n.<\/p>\n\n\n\n<h2 class=\"wp-block-heading\" id=\"h-isla-de-pedrosa-cantabria\"><strong>Isla de Pedrosa (Cantabria)<\/strong><\/h2>\n\n\n<div class=\"wp-block-image\">\n<figure class=\"aligncenter size-large\"><a href=\"https:\/\/www.escapadarural.com\/blog\/wp-content\/uploads\/2020\/06\/Hospital_Isla_Pedrosa.jpg\"><img decoding=\"async\" src=\"https:\/\/www.escapadarural.com\/blog\/wp-content\/uploads\/2020\/06\/Hospital_Isla_Pedrosa-1024x768.jpg\" alt=\"Isla de Pedrosa en Cantabria\" class=\"wp-image-22988\"\/><\/a><figcaption class=\"wp-element-caption\">Por <a href=\"https:\/\/commons.wikimedia.org\/wiki\/User:Vanbasten_23\" target=\"_blank\">Vanbasten 23<\/a>&nbsp;<\/figcaption><\/figure>\n<\/div>\n\n\n<p>La <strong>isla de Pedrosa<\/strong> (llamada anteriormente como la isla de la Astilla) est\u00e1 situada en la <a href=\"https:\/\/www.escapadarural.com\/casas-rurales\/bahia-de-santander\" class=\"rank-math-link\">bah\u00eda de Santander<\/a>. Est\u00e1 frente a la localidad de Pontejos y desde 1966 la isla est\u00e1 unida a ella por un puente.&nbsp;<\/p>\n\n\n\n<p><strong>Fue convertida en lazareto en 1834<\/strong>, aunque no empez\u00f3 a funcionar como sanatorio mar\u00edtimo hasta 1914. En \u00e9l hac\u00edan cuarentena los marineros que quer\u00edan llegar hasta Santander pero que pod\u00edan traer enfermedades de otros pa\u00edses. Se trat\u00f3, sobre todo, la tuberculosis.&nbsp;<\/p>\n\n\n\n<p>Adem\u00e1s de los pabellones para enfermos y terminales, el recinto contaba con una <strong>iglesia, un balneario, la casa del m\u00e9dico y un teatro<\/strong>. Actualmente, la mayor parte de los edificios est\u00e1n en ruinas.&nbsp;<\/p>\n\n\n\n<p>Podemos llegar hasta ellas cruzando el puente y atravesando el bosque de eucaliptos, aunque hay que tener cuidado y no entrar en sus interiores, pues hay riesgo de derrumbe.<\/p>\n\n\n\n<h2 class=\"wp-block-heading\" id=\"h-isla-de-san-simon-pontevedra\"><strong>Isla de San Sim\u00f3n (Pontevedra)<\/strong><\/h2>\n\n\n<div class=\"wp-block-image\">\n<figure class=\"aligncenter size-large\"><a href=\"https:\/\/www.escapadarural.com\/blog\/wp-content\/uploads\/2020\/06\/2136669624_2e1a7b006e_o.jpg\"><img decoding=\"async\" src=\"https:\/\/www.escapadarural.com\/blog\/wp-content\/uploads\/2020\/06\/2136669624_2e1a7b006e_o-1024x768.jpg\" alt=\"Isla de San Sim\u00f3n, Vigo\" class=\"wp-image-22989\"\/><\/a><figcaption class=\"wp-element-caption\">Isla de San Sim\u00f3n. Por <a href=\"https:\/\/www.flickr.com\/photos\/farrangallo\/\" target=\"_blank\">Angel<\/a><\/figcaption><\/figure>\n<\/div>\n\n\n<p>Como alternativa al lazareto de Mah\u00f3n, que recib\u00eda a un gran n\u00famero de viajeros, estaba la <strong>isla de San Sim\u00f3n y San Ant\u00f3n<\/strong>, en la <a href=\"https:\/\/www.escapadarural.com\/casas-rurales\/ria-de-vigo-e-baixo-mino\" class=\"rank-math-link\">r\u00eda de Vigo<\/a>.&nbsp;<\/p>\n\n\n\n<p>Su lazareto empez\u00f3 a funcionar en 1842 y recib\u00eda, sobre todo, a navegantes que ven\u00edan de puertos europeos y del Caribe. Ambas islas estaban unidas por un puente de piedra y los edificios tambi\u00e9n estaban amurallados.&nbsp;<\/p>\n\n\n\n<p>El lazareto dej\u00f3 de estar en funcionamiento a principios del siglo XX. Durante la guerra civil espa\u00f1ola el lugar fue <strong>reconvertido en c\u00e1rcel<\/strong>. All\u00ed fueron llevados los presos republicanos.&nbsp;<\/p>\n\n\n\n<p>Tras la guerra, el lugar fue acondicionado como <strong>residencia de verano de la guardia de Franco<\/strong>. Hasta que en 1950 hubo un accidente mar\u00edtimo que termin\u00f3 con la vida de unos 40 guardias y el lugar fue abandonado. Su \u00faltimo uso fue como orfanato para los hijos de los marineros fallecidos.&nbsp;<\/p>\n\n\n\n<p>Para visitar la isla de San Sim\u00f3n hace falta <a href=\"https:\/\/www.cultura.gal\/es\/illadesansimon\/visita\" target=\"_blank\">solicitar un permiso a la Xunta<\/a>.<\/p>\n\n\n\n<h2 class=\"wp-block-heading\" id=\"h-isla-de-san-anton-a-coruna\"><strong>Isla de San Ant\u00f3n (A Coru\u00f1a)<\/strong><\/h2>\n\n\n\n<figure class=\"wp-block-image size-large\"><img decoding=\"async\" src=\"https:\/\/www.escapadarural.com\/blog\/wp-content\/uploads\/2020\/06\/isla-de-san-anton-coru\u00f1a-1024x682.jpg\" alt=\"\" class=\"wp-image-22990\"\/><figcaption class=\"wp-element-caption\">Por&nbsp;<a href=\"https:\/\/stock.adobe.com\/es\/contributor\/207545998\/imaxepress?load_type=author&amp;prev_url=detail\" target=\"_blank\">Imaxepress<\/a><\/figcaption><\/figure>\n\n\n\n<p>M\u00e1s al norte, tambi\u00e9n en Galicia, hay otra <strong>isla de San Ant\u00f3n que tambi\u00e9n fue utilizada de lazareto<\/strong>. Est\u00e1 situada frente a la costa de <a href=\"https:\/\/www.escapadarural.com\/casas-rurales\/a-coruna\" class=\"rank-math-link\">A Coru\u00f1a<\/a> y, aunque antiguamente era una isla, hoy est\u00e1 unida a la pen\u00ednsula.&nbsp;<\/p>\n\n\n\n<p>Se dice que ya en la Edad Media en ella hab\u00eda una <strong>capilla consagrada a San Ant\u00f3n<\/strong> a la que llegaban enfermos por v\u00eda mar\u00edtima. En el siglo XVI fue destinada a la defensa de los piratas ingleses, por lo que en ella se construy\u00f3 una fortaleza.&nbsp;<br>Durante el siglo XIX volvi\u00f3 a convertirse en lazareto, aunque poco despu\u00e9s fue abandonada. <\/p>\n\n\n\n<p>En 1968 se inaugur\u00f3 en ella el Museo Arqueol\u00f3gico Castillo de San Ant\u00f3n.<\/p>\n\n\n\n<h2 class=\"wp-block-heading\" id=\"h-isla-de-garraitz-vizcaya\"><strong>Isla de Garraitz, Vizcaya<\/strong><\/h2>\n\n\n\n<figure class=\"wp-block-image size-large\"><img decoding=\"async\" src=\"https:\/\/www.escapadarural.com\/blog\/wp-content\/uploads\/2020\/06\/garraitz-island-stockpack-adobe-stock-1024x584.jpg\" alt=\"Garraitz island\" class=\"wp-image-22335\"\/><figcaption class=\"wp-element-caption\">Por Oscar Calero<\/figcaption><\/figure>\n\n\n\n<p>Aunque en ella no se lleg\u00f3 a construir ning\u00fan sanatorio, la <strong>isla de Garraitz<\/strong> contaba en el siglo XV con una ermita consagrada a San Nicol\u00e1s -reconvertida en convento dos siglos m\u00e1s tarde- que se cree que fue utilizada como lazareto.&nbsp;<\/p>\n\n\n\n<p>All\u00ed llegaron los navegantes <strong>enfermos de c\u00f3lera<\/strong> para evitar que alcanzaran la costa de <a href=\"https:\/\/www.escapadarural.com\/casas-rurales\/lekeitio\" class=\"rank-math-link\">Lekeitio<\/a>. De hecho, en las excavaciones realizadas por la asociaci\u00f3n&nbsp; cultural Atabaka, seg\u00fan su secretario Guillermo Ruiz, se encontr\u00f3 una mand\u00edbula humana.&nbsp;<\/p>\n\n\n\n<p>Actualmente la isla de Garraitz est\u00e1 <strong>declarada parque arqueol\u00f3gico<\/strong>, siendo el \u00fanico en Euskadi. <strong>Se puede acceder a ella a pie<\/strong>, cuando hay marea baja, a trav\u00e9s de un estrecho camino de piedra (cuando sube la marea queda cubierto por el agua) o de la playa de Lekeitio.&nbsp;<\/p>\n\n\n\n<p>Las islas fueron perfectas para aislar y hacer cuarentenas, sobre todo para aquellos que navegaban y pod\u00edan traer enfermedades de otros pa\u00edses. Sin estar aislados, tambi\u00e9n fueron populares el <strong>sanatorio de Caubet<\/strong>, en <a href=\"https:\/\/www.escapadarural.com\/casas-rurales\/mallorca\" class=\"rank-math-link\">Mallorca<\/a>, y el <a href=\"https:\/\/www.escapadarural.com\/blog\/el-teide-el-sanatorio-del-s-xix\/\" class=\"rank-math-link\">sanatorio del Teide<\/a>, aunque en ellos hab\u00eda m\u00e1s riesgo de que los residentes de la isla se contagiaran. <\/p>\n\n\n\n<p>\u00bfConoces m\u00e1s islas de Espa\u00f1a que hayan servido de lazareto?<\/p>\n","protected":false},"excerpt":{"rendered":"<p>Aislar a los enfermos y poner a la poblaci\u00f3n en cuarentena ya se hac\u00eda desde el Imperio romano. Estas son las islas usadas para cuarentenas en Espa\u00f1a.<\/p>\n","protected":false},"author":89,"featured_media":101092,"comment_status":"open","ping_status":"open","sticky":false,"template":"","format":"standard","meta":{"_acf_changed":false,"om_disable_all_campaigns":false,"footnotes":""},"categories":[231],"tags":[2631,440,2302,215,411,3473],"class_list":["post-22971","post","type-post","status-publish","format-standard","has-post-thumbnail","hentry","category-arte-y-cultura","tag-cuarentena","tag-historias-y-curiosidades","tag-islas","tag-listado","tag-menorca","tag-sanatorio"],"acf":[],"featured_image_src":"https:\/\/www.escapadarural.com\/blog\/wp-content\/uploads\/2024\/10\/isla-san-simon-vigo-1024x549-2.jpg","author_info":{"display_name":"Laura Fern\u00e1ndez","author_link":"https:\/\/www.escapadarural.com\/blog\/autor\/laura\/"},"yoast_head":"<!-- This site is optimized with the Yoast SEO plugin v27.5 - https:\/\/yoast.com\/product\/yoast-seo-wordpress\/ -->\n<title>5 islas usadas para cuarentenas en Espa\u00f1a - EscapadaRural<\/title>\n<meta name=\"robots\" content=\"index, follow, max-snippet:-1, max-image-preview:large, max-video-preview:-1\" \/>\n<link rel=\"canonical\" href=\"https:\/\/www.escapadarural.com\/blog\/islas-usadas-para-cuarentenas-en-espana\/\" \/>\n<meta property=\"og:locale\" content=\"es_ES\" \/>\n<meta property=\"og:type\" content=\"article\" \/>\n<meta property=\"og:title\" content=\"5 islas usadas para cuarentenas en Espa\u00f1a - EscapadaRural\" \/>\n<meta property=\"og:description\" content=\"Aislar a los enfermos y poner a la poblaci\u00f3n en cuarentena ya se hac\u00eda desde el Imperio romano. Estas son las islas usadas para cuarentenas en Espa\u00f1a.\" \/>\n<meta property=\"og:url\" content=\"https:\/\/www.escapadarural.com\/blog\/islas-usadas-para-cuarentenas-en-espana\/\" \/>\n<meta property=\"og:site_name\" content=\"Magazine de viajes de EscapadaRural\" \/>\n<meta property=\"article:publisher\" content=\"https:\/\/www.facebook.com\/escapadarural\" \/>\n<meta property=\"article:published_time\" content=\"2021-09-10T07:29:00+00:00\" \/>\n<meta property=\"article:modified_time\" content=\"2026-02-17T16:23:57+00:00\" \/>\n<meta property=\"og:image\" content=\"https:\/\/www.escapadarural.com\/blog\/wp-content\/uploads\/2024\/10\/isla-san-simon-vigo-1024x549-2.jpg\" \/>\n\t<meta property=\"og:image:width\" content=\"1024\" \/>\n\t<meta property=\"og:image:height\" content=\"549\" \/>\n\t<meta property=\"og:image:type\" content=\"image\/jpeg\" \/>\n<meta name=\"author\" content=\"Laura Fern\u00e1ndez\" \/>\n<meta name=\"twitter:card\" content=\"summary_large_image\" \/>\n<meta name=\"twitter:label1\" content=\"Escrito por\" \/>\n\t<meta name=\"twitter:data1\" content=\"Laura Fern\u00e1ndez\" \/>\n\t<meta name=\"twitter:label2\" content=\"Tiempo de lectura\" \/>\n\t<meta name=\"twitter:data2\" content=\"8 minutos\" \/>\n<script type=\"application\/ld+json\" class=\"yoast-schema-graph\">{\"@context\":\"https:\\\/\\\/schema.org\",\"@graph\":[{\"@type\":\"Article\",\"@id\":\"https:\\\/\\\/www.escapadarural.com\\\/blog\\\/islas-usadas-para-cuarentenas-en-espana\\\/#article\",\"isPartOf\":{\"@id\":\"https:\\\/\\\/www.escapadarural.com\\\/blog\\\/islas-usadas-para-cuarentenas-en-espana\\\/\"},\"author\":{\"name\":\"Laura Fern\u00e1ndez\",\"@id\":\"https:\\\/\\\/www.escapadarural.com\\\/blog\\\/#\\\/schema\\\/person\\\/a9b46ae4d047d8a2c719f31e75206cff\"},\"headline\":\"5 islas usadas para cuarentenas en Espa\u00f1a\",\"datePublished\":\"2021-09-10T07:29:00+00:00\",\"dateModified\":\"2026-02-17T16:23:57+00:00\",\"mainEntityOfPage\":{\"@id\":\"https:\\\/\\\/www.escapadarural.com\\\/blog\\\/islas-usadas-para-cuarentenas-en-espana\\\/\"},\"wordCount\":1387,\"commentCount\":2,\"publisher\":{\"@id\":\"https:\\\/\\\/www.escapadarural.com\\\/blog\\\/#organization\"},\"image\":{\"@id\":\"https:\\\/\\\/www.escapadarural.com\\\/blog\\\/islas-usadas-para-cuarentenas-en-espana\\\/#primaryimage\"},\"thumbnailUrl\":\"https:\\\/\\\/www.escapadarural.com\\\/blog\\\/wp-content\\\/uploads\\\/2024\\\/10\\\/isla-san-simon-vigo-1024x549-2.jpg\",\"keywords\":[\"cuarentena\",\"Historias y Curiosidades\",\"Islas\",\"Listado\",\"Menorca\",\"sanatorio\"],\"articleSection\":[\"Arte y Cultura\"],\"inLanguage\":\"es\",\"potentialAction\":[{\"@type\":\"CommentAction\",\"name\":\"Comment\",\"target\":[\"https:\\\/\\\/www.escapadarural.com\\\/blog\\\/islas-usadas-para-cuarentenas-en-espana\\\/#respond\"]}]},{\"@type\":\"WebPage\",\"@id\":\"https:\\\/\\\/www.escapadarural.com\\\/blog\\\/islas-usadas-para-cuarentenas-en-espana\\\/\",\"url\":\"https:\\\/\\\/www.escapadarural.com\\\/blog\\\/islas-usadas-para-cuarentenas-en-espana\\\/\",\"name\":\"5 islas usadas para cuarentenas en Espa\u00f1a - EscapadaRural\",\"isPartOf\":{\"@id\":\"https:\\\/\\\/www.escapadarural.com\\\/blog\\\/#website\"},\"primaryImageOfPage\":{\"@id\":\"https:\\\/\\\/www.escapadarural.com\\\/blog\\\/islas-usadas-para-cuarentenas-en-espana\\\/#primaryimage\"},\"image\":{\"@id\":\"https:\\\/\\\/www.escapadarural.com\\\/blog\\\/islas-usadas-para-cuarentenas-en-espana\\\/#primaryimage\"},\"thumbnailUrl\":\"https:\\\/\\\/www.escapadarural.com\\\/blog\\\/wp-content\\\/uploads\\\/2024\\\/10\\\/isla-san-simon-vigo-1024x549-2.jpg\",\"datePublished\":\"2021-09-10T07:29:00+00:00\",\"dateModified\":\"2026-02-17T16:23:57+00:00\",\"breadcrumb\":{\"@id\":\"https:\\\/\\\/www.escapadarural.com\\\/blog\\\/islas-usadas-para-cuarentenas-en-espana\\\/#breadcrumb\"},\"inLanguage\":\"es\",\"potentialAction\":[{\"@type\":\"ReadAction\",\"target\":[\"https:\\\/\\\/www.escapadarural.com\\\/blog\\\/islas-usadas-para-cuarentenas-en-espana\\\/\"]}]},{\"@type\":\"ImageObject\",\"inLanguage\":\"es\",\"@id\":\"https:\\\/\\\/www.escapadarural.com\\\/blog\\\/islas-usadas-para-cuarentenas-en-espana\\\/#primaryimage\",\"url\":\"https:\\\/\\\/www.escapadarural.com\\\/blog\\\/wp-content\\\/uploads\\\/2024\\\/10\\\/isla-san-simon-vigo-1024x549-2.jpg\",\"contentUrl\":\"https:\\\/\\\/www.escapadarural.com\\\/blog\\\/wp-content\\\/uploads\\\/2024\\\/10\\\/isla-san-simon-vigo-1024x549-2.jpg\",\"width\":1024,\"height\":549,\"caption\":\"Una vista panor\u00e1mica de la costa con un primer plano cubierto de hierba, una casa cerca de la orilla, aguas azules tranquilas, playa de arena, una peque\u00f1a isla cubierta de \u00e1rboles y colinas al fondo bajo un cielo azul con nubes dispersas.\"},{\"@type\":\"BreadcrumbList\",\"@id\":\"https:\\\/\\\/www.escapadarural.com\\\/blog\\\/islas-usadas-para-cuarentenas-en-espana\\\/#breadcrumb\",\"itemListElement\":[{\"@type\":\"ListItem\",\"position\":1,\"name\":\"Inicio\",\"item\":\"https:\\\/\\\/www.escapadarural.com\\\/blog\\\/\"},{\"@type\":\"ListItem\",\"position\":2,\"name\":\"Arte y Cultura\",\"item\":\"https:\\\/\\\/www.escapadarural.com\\\/blog\\\/categoria\\\/arte-y-cultura\\\/\"},{\"@type\":\"ListItem\",\"position\":3,\"name\":\"5 islas usadas para cuarentenas en Espa\u00f1a\"}]},{\"@type\":\"WebSite\",\"@id\":\"https:\\\/\\\/www.escapadarural.com\\\/blog\\\/#website\",\"url\":\"https:\\\/\\\/www.escapadarural.com\\\/blog\\\/\",\"name\":\"Blog de viajes | turismo rural, alojamientos e inspiraci\u00f3n\",\"description\":\"Alojamientos rurales e inspiraci\u00f3n para tus escapadas\",\"publisher\":{\"@id\":\"https:\\\/\\\/www.escapadarural.com\\\/blog\\\/#organization\"},\"alternateName\":\"Magazine de viajes de EscapadaRural\",\"potentialAction\":[{\"@type\":\"SearchAction\",\"target\":{\"@type\":\"EntryPoint\",\"urlTemplate\":\"https:\\\/\\\/www.escapadarural.com\\\/blog\\\/?s={search_term_string}\"},\"query-input\":{\"@type\":\"PropertyValueSpecification\",\"valueRequired\":true,\"valueName\":\"search_term_string\"}}],\"inLanguage\":\"es\"},{\"@type\":\"Organization\",\"@id\":\"https:\\\/\\\/www.escapadarural.com\\\/blog\\\/#organization\",\"name\":\"EscapadaRural\",\"url\":\"https:\\\/\\\/www.escapadarural.com\\\/blog\\\/\",\"logo\":{\"@type\":\"ImageObject\",\"inLanguage\":\"es\",\"@id\":\"https:\\\/\\\/www.escapadarural.com\\\/blog\\\/#\\\/schema\\\/logo\\\/image\\\/\",\"url\":\"https:\\\/\\\/www.escapadarural.com\\\/blog\\\/wp-content\\\/uploads\\\/2024\\\/10\\\/cropped-cropped-escapada-rural-icon-mag-3.png\",\"contentUrl\":\"https:\\\/\\\/www.escapadarural.com\\\/blog\\\/wp-content\\\/uploads\\\/2024\\\/10\\\/cropped-cropped-escapada-rural-icon-mag-3.png\",\"width\":512,\"height\":512,\"caption\":\"EscapadaRural\"},\"image\":{\"@id\":\"https:\\\/\\\/www.escapadarural.com\\\/blog\\\/#\\\/schema\\\/logo\\\/image\\\/\"},\"sameAs\":[\"https:\\\/\\\/www.facebook.com\\\/escapadarural\",\"https:\\\/\\\/www.instagram.com\\\/escapadarural\\\/\",\"https:\\\/\\\/www.youtube.com\\\/@escapadaruralcom\"]},{\"@type\":\"Person\",\"@id\":\"https:\\\/\\\/www.escapadarural.com\\\/blog\\\/#\\\/schema\\\/person\\\/a9b46ae4d047d8a2c719f31e75206cff\",\"name\":\"Laura Fern\u00e1ndez\",\"image\":{\"@type\":\"ImageObject\",\"inLanguage\":\"es\",\"@id\":\"https:\\\/\\\/www.escapadarural.com\\\/blog\\\/wp-content\\\/uploads\\\/2025\\\/01\\\/cropped-laura_raponchii-96x96.jpg\",\"url\":\"https:\\\/\\\/www.escapadarural.com\\\/blog\\\/wp-content\\\/uploads\\\/2025\\\/01\\\/cropped-laura_raponchii-96x96.jpg\",\"contentUrl\":\"https:\\\/\\\/www.escapadarural.com\\\/blog\\\/wp-content\\\/uploads\\\/2025\\\/01\\\/cropped-laura_raponchii-96x96.jpg\",\"caption\":\"Laura Fern\u00e1ndez\"},\"description\":\"Periodista, blogger y viajera. No necesariamente en ese orden. En ocasiones me despierto sin saber d\u00f3nde estoy. Adicta a los c\u00f3mics y a los noodles con salsa de cacahuete. Redactora en @escapadarural, colaboradora en la Conde Nast Traveler y en la Divinity. Mi casa: Meridiano180.\",\"sameAs\":[\"http:\\\/\\\/www.meridiano180.com\\\/\"],\"url\":\"https:\\\/\\\/www.escapadarural.com\\\/blog\\\/autor\\\/laura\\\/\"}]}<\/script>\n<!-- \/ Yoast SEO plugin. -->","yoast_head_json":{"title":"5 islas usadas para cuarentenas en Espa\u00f1a - EscapadaRural","robots":{"index":"index","follow":"follow","max-snippet":"max-snippet:-1","max-image-preview":"max-image-preview:large","max-video-preview":"max-video-preview:-1"},"canonical":"https:\/\/www.escapadarural.com\/blog\/islas-usadas-para-cuarentenas-en-espana\/","og_locale":"es_ES","og_type":"article","og_title":"5 islas usadas para cuarentenas en Espa\u00f1a - EscapadaRural","og_description":"Aislar a los enfermos y poner a la poblaci\u00f3n en cuarentena ya se hac\u00eda desde el Imperio romano. Estas son las islas usadas para cuarentenas en Espa\u00f1a.","og_url":"https:\/\/www.escapadarural.com\/blog\/islas-usadas-para-cuarentenas-en-espana\/","og_site_name":"Magazine de viajes de EscapadaRural","article_publisher":"https:\/\/www.facebook.com\/escapadarural","article_published_time":"2021-09-10T07:29:00+00:00","article_modified_time":"2026-02-17T16:23:57+00:00","og_image":[{"width":1024,"height":549,"url":"https:\/\/www.escapadarural.com\/blog\/wp-content\/uploads\/2024\/10\/isla-san-simon-vigo-1024x549-2.jpg","type":"image\/jpeg"}],"author":"Laura Fern\u00e1ndez","twitter_card":"summary_large_image","twitter_misc":{"Escrito por":"Laura Fern\u00e1ndez","Tiempo de lectura":"8 minutos"},"schema":{"@context":"https:\/\/schema.org","@graph":[{"@type":"Article","@id":"https:\/\/www.escapadarural.com\/blog\/islas-usadas-para-cuarentenas-en-espana\/#article","isPartOf":{"@id":"https:\/\/www.escapadarural.com\/blog\/islas-usadas-para-cuarentenas-en-espana\/"},"author":{"name":"Laura Fern\u00e1ndez","@id":"https:\/\/www.escapadarural.com\/blog\/#\/schema\/person\/a9b46ae4d047d8a2c719f31e75206cff"},"headline":"5 islas usadas para cuarentenas en Espa\u00f1a","datePublished":"2021-09-10T07:29:00+00:00","dateModified":"2026-02-17T16:23:57+00:00","mainEntityOfPage":{"@id":"https:\/\/www.escapadarural.com\/blog\/islas-usadas-para-cuarentenas-en-espana\/"},"wordCount":1387,"commentCount":2,"publisher":{"@id":"https:\/\/www.escapadarural.com\/blog\/#organization"},"image":{"@id":"https:\/\/www.escapadarural.com\/blog\/islas-usadas-para-cuarentenas-en-espana\/#primaryimage"},"thumbnailUrl":"https:\/\/www.escapadarural.com\/blog\/wp-content\/uploads\/2024\/10\/isla-san-simon-vigo-1024x549-2.jpg","keywords":["cuarentena","Historias y Curiosidades","Islas","Listado","Menorca","sanatorio"],"articleSection":["Arte y Cultura"],"inLanguage":"es","potentialAction":[{"@type":"CommentAction","name":"Comment","target":["https:\/\/www.escapadarural.com\/blog\/islas-usadas-para-cuarentenas-en-espana\/#respond"]}]},{"@type":"WebPage","@id":"https:\/\/www.escapadarural.com\/blog\/islas-usadas-para-cuarentenas-en-espana\/","url":"https:\/\/www.escapadarural.com\/blog\/islas-usadas-para-cuarentenas-en-espana\/","name":"5 islas usadas para cuarentenas en Espa\u00f1a - EscapadaRural","isPartOf":{"@id":"https:\/\/www.escapadarural.com\/blog\/#website"},"primaryImageOfPage":{"@id":"https:\/\/www.escapadarural.com\/blog\/islas-usadas-para-cuarentenas-en-espana\/#primaryimage"},"image":{"@id":"https:\/\/www.escapadarural.com\/blog\/islas-usadas-para-cuarentenas-en-espana\/#primaryimage"},"thumbnailUrl":"https:\/\/www.escapadarural.com\/blog\/wp-content\/uploads\/2024\/10\/isla-san-simon-vigo-1024x549-2.jpg","datePublished":"2021-09-10T07:29:00+00:00","dateModified":"2026-02-17T16:23:57+00:00","breadcrumb":{"@id":"https:\/\/www.escapadarural.com\/blog\/islas-usadas-para-cuarentenas-en-espana\/#breadcrumb"},"inLanguage":"es","potentialAction":[{"@type":"ReadAction","target":["https:\/\/www.escapadarural.com\/blog\/islas-usadas-para-cuarentenas-en-espana\/"]}]},{"@type":"ImageObject","inLanguage":"es","@id":"https:\/\/www.escapadarural.com\/blog\/islas-usadas-para-cuarentenas-en-espana\/#primaryimage","url":"https:\/\/www.escapadarural.com\/blog\/wp-content\/uploads\/2024\/10\/isla-san-simon-vigo-1024x549-2.jpg","contentUrl":"https:\/\/www.escapadarural.com\/blog\/wp-content\/uploads\/2024\/10\/isla-san-simon-vigo-1024x549-2.jpg","width":1024,"height":549,"caption":"Una vista panor\u00e1mica de la costa con un primer plano cubierto de hierba, una casa cerca de la orilla, aguas azules tranquilas, playa de arena, una peque\u00f1a isla cubierta de \u00e1rboles y colinas al fondo bajo un cielo azul con nubes dispersas."},{"@type":"BreadcrumbList","@id":"https:\/\/www.escapadarural.com\/blog\/islas-usadas-para-cuarentenas-en-espana\/#breadcrumb","itemListElement":[{"@type":"ListItem","position":1,"name":"Inicio","item":"https:\/\/www.escapadarural.com\/blog\/"},{"@type":"ListItem","position":2,"name":"Arte y Cultura","item":"https:\/\/www.escapadarural.com\/blog\/categoria\/arte-y-cultura\/"},{"@type":"ListItem","position":3,"name":"5 islas usadas para cuarentenas en Espa\u00f1a"}]},{"@type":"WebSite","@id":"https:\/\/www.escapadarural.com\/blog\/#website","url":"https:\/\/www.escapadarural.com\/blog\/","name":"Blog de viajes | turismo rural, alojamientos e inspiraci\u00f3n","description":"Alojamientos rurales e inspiraci\u00f3n para tus escapadas","publisher":{"@id":"https:\/\/www.escapadarural.com\/blog\/#organization"},"alternateName":"Magazine de viajes de EscapadaRural","potentialAction":[{"@type":"SearchAction","target":{"@type":"EntryPoint","urlTemplate":"https:\/\/www.escapadarural.com\/blog\/?s={search_term_string}"},"query-input":{"@type":"PropertyValueSpecification","valueRequired":true,"valueName":"search_term_string"}}],"inLanguage":"es"},{"@type":"Organization","@id":"https:\/\/www.escapadarural.com\/blog\/#organization","name":"EscapadaRural","url":"https:\/\/www.escapadarural.com\/blog\/","logo":{"@type":"ImageObject","inLanguage":"es","@id":"https:\/\/www.escapadarural.com\/blog\/#\/schema\/logo\/image\/","url":"https:\/\/www.escapadarural.com\/blog\/wp-content\/uploads\/2024\/10\/cropped-cropped-escapada-rural-icon-mag-3.png","contentUrl":"https:\/\/www.escapadarural.com\/blog\/wp-content\/uploads\/2024\/10\/cropped-cropped-escapada-rural-icon-mag-3.png","width":512,"height":512,"caption":"EscapadaRural"},"image":{"@id":"https:\/\/www.escapadarural.com\/blog\/#\/schema\/logo\/image\/"},"sameAs":["https:\/\/www.facebook.com\/escapadarural","https:\/\/www.instagram.com\/escapadarural\/","https:\/\/www.youtube.com\/@escapadaruralcom"]},{"@type":"Person","@id":"https:\/\/www.escapadarural.com\/blog\/#\/schema\/person\/a9b46ae4d047d8a2c719f31e75206cff","name":"Laura Fern\u00e1ndez","image":{"@type":"ImageObject","inLanguage":"es","@id":"https:\/\/www.escapadarural.com\/blog\/wp-content\/uploads\/2025\/01\/cropped-laura_raponchii-96x96.jpg","url":"https:\/\/www.escapadarural.com\/blog\/wp-content\/uploads\/2025\/01\/cropped-laura_raponchii-96x96.jpg","contentUrl":"https:\/\/www.escapadarural.com\/blog\/wp-content\/uploads\/2025\/01\/cropped-laura_raponchii-96x96.jpg","caption":"Laura Fern\u00e1ndez"},"description":"Periodista, blogger y viajera. No necesariamente en ese orden. En ocasiones me despierto sin saber d\u00f3nde estoy. Adicta a los c\u00f3mics y a los noodles con salsa de cacahuete. Redactora en @escapadarural, colaboradora en la Conde Nast Traveler y en la Divinity. Mi casa: Meridiano180.","sameAs":["http:\/\/www.meridiano180.com\/"],"url":"https:\/\/www.escapadarural.com\/blog\/autor\/laura\/"}]}},"_links":{"self":[{"href":"https:\/\/www.escapadarural.com\/blog\/wp-json\/wp\/v2\/posts\/22971","targetHints":{"allow":["GET"]}}],"collection":[{"href":"https:\/\/www.escapadarural.com\/blog\/wp-json\/wp\/v2\/posts"}],"about":[{"href":"https:\/\/www.escapadarural.com\/blog\/wp-json\/wp\/v2\/types\/post"}],"author":[{"embeddable":true,"href":"https:\/\/www.escapadarural.com\/blog\/wp-json\/wp\/v2\/users\/89"}],"replies":[{"embeddable":true,"href":"https:\/\/www.escapadarural.com\/blog\/wp-json\/wp\/v2\/comments?post=22971"}],"version-history":[{"count":0,"href":"https:\/\/www.escapadarural.com\/blog\/wp-json\/wp\/v2\/posts\/22971\/revisions"}],"wp:featuredmedia":[{"embeddable":true,"href":"https:\/\/www.escapadarural.com\/blog\/wp-json\/wp\/v2\/media\/101092"}],"wp:attachment":[{"href":"https:\/\/www.escapadarural.com\/blog\/wp-json\/wp\/v2\/media?parent=22971"}],"wp:term":[{"taxonomy":"category","embeddable":true,"href":"https:\/\/www.escapadarural.com\/blog\/wp-json\/wp\/v2\/categories?post=22971"},{"taxonomy":"post_tag","embeddable":true,"href":"https:\/\/www.escapadarural.com\/blog\/wp-json\/wp\/v2\/tags?post=22971"}],"curies":[{"name":"wp","href":"https:\/\/api.w.org\/{rel}","templated":true}]}}