{"id":23754,"date":"2020-07-02T09:53:38","date_gmt":"2020-07-02T08:53:38","guid":{"rendered":"https:\/\/www.escapadarural.com\/blog\/?p=23754"},"modified":"2024-10-21T12:16:23","modified_gmt":"2024-10-21T10:16:23","slug":"tres-motivos-por-los-que-visitar-la-isla-de-madeira","status":"publish","type":"post","link":"https:\/\/www.escapadarural.com\/blog\/tres-motivos-por-los-que-visitar-la-isla-de-madeira\/","title":{"rendered":"Tres motivos por los que visitar la isla de Madeira"},"content":{"rendered":"\n<figure class=\"wp-block-image size-large\"><a href=\"https:\/\/www.escapadarural.com\/blog\/wp-content\/uploads\/2020\/07\/AdobeStock_102542099-scaled.jpeg\"><img decoding=\"async\" src=\"https:\/\/www.escapadarural.com\/blog\/wp-content\/uploads\/2020\/07\/AdobeStock_102542099-1024x680.jpeg\" alt=\"Madeira\" class=\"wp-image-24082\"\/><\/a><figcaption class=\"wp-element-caption\">Por&nbsp;<a href=\"https:\/\/stock.adobe.com\/es\/contributor\/205974459\/majonit?load_type=author&amp;prev_url=detail\" target=\"_blank\">majonit<\/a><\/figcaption><\/figure>\n\n\n\n<p>Si hay un personaje hist\u00f3rico al que la cultura haya cubierto de romanticismo es el de Isabel de Baviera, emperatriz de Austria y reina consorte de Hungr\u00eda. O, como se la conoce popularmente, <strong>Sissi Emperatriz<\/strong>, a la que el imaginario colectivo del siglo XX recuerda con la cara de Romy Schneider, ya que fue quien le dio vida en las famosas pel\u00edculas basadas en su vida dirigidas por Ernst Marischka.&nbsp;<\/p>\n\n\n\n<p>Pero ese universo ideal en el que la situ\u00f3 la ficci\u00f3n poco tiene que ver con el que habit\u00f3 <strong>la aut\u00e9ntica Isabel.<\/strong> Nacida en 1837, a los 15 a\u00f1os conoci\u00f3 al emperador Francisco Jos\u00e9 I en una visita a la casa de la familia real austriaca, a la que acudi\u00f3 con su madre y con su hermana mayor Elena. Se supon\u00eda que era esta quien ten\u00eda que emparejarse con Francisco Jos\u00e9 I pero, seg\u00fan cuenta la historia, \u00e9l cay\u00f3 rendido a los pies de Sissi y nadie pudo hacerle cambiar de idea.<\/p>\n\n\n\n<p>Se casaron en 1854 y tuvieron cuatro hijos: Sof\u00eda, que muri\u00f3 a los dos a\u00f1os de tifus, Gisela, Rodolfo y Mar\u00eda Valeria. Su descendiente var\u00f3n tambi\u00e9n muri\u00f3 joven, a los 30 a\u00f1os, en unas extra\u00f1as circunstancias junto a su amante la duquesa Mar\u00eda Vetsera: nunca qued\u00f3 claro si se suicidaron o les mataron. El incidente pas\u00f3 a la posteridad con el nombre del <strong>\u2018Crimen de Mayerling\u2019.<\/strong><\/p>\n\n\n\n<p>Circulan <strong>muchas leyendas <\/strong>alrededor de la figura de la emperatriz. Se sabe que estaba obsesionada con su f\u00edsico: lleg\u00f3 a pesar 50 kilos pese a que med\u00eda 1,70 cm y se dice que ten\u00eda una trenza que cuidaba durante tres horas al d\u00eda. Tambi\u00e9n se asegura que su matrimonio no fue especialmente bueno \u2013sobre todo por el empe\u00f1o de su suegra Sof\u00eda de Baviera en intervenir en la educaci\u00f3n de sus hijos\u2013 y que los amor\u00edos extramatrimoniales eran habituales (por ambas partes).<\/p>\n\n\n\n<p>Se comenta que tuvo m\u00e1s poder en los asuntos pol\u00edticos del que se plasm\u00f3 en las ficciones que narran su vida (adem\u00e1s de los filmes, hay decenas de libros centrados en su figura, incluso infantiles). Pero a la historia le acabaron interesando los detalles de su <strong>vida privada y su belleza<\/strong>, que siempre se recuerda como una parte esencial de su personalidad.<\/p>\n\n\n\n<p>Una biograf\u00eda destinada a convertirse en leyenda no pod\u00eda tener un final corriente y lo cierto es que su muerte fue de pel\u00edcula. Falleci\u00f3 a los 61 a\u00f1os despu\u00e9s de que el <strong>anarquista italiano Luigi Lucheni <\/strong>le clavase un fino estilete en el coraz\u00f3n mientras paseaba al lado del lago Lem\u00e1n en Ginebra. El ataque fue tan certero a la vez que tan sutil que la emperatriz no se dio cuenta de que la hab\u00edan agredido hasta que se subi\u00f3 al barco que las esperaba a ella y a su acompa\u00f1ante. All\u00ed empez\u00f3 a encontrarse mal sin saber por qu\u00e9 y muri\u00f3.<\/p>\n\n\n\n<figure class=\"wp-block-image size-large\"><img decoding=\"async\" src=\"https:\/\/www.escapadarural.com\/blog\/wp-content\/uploads\/2020\/07\/AdobeStock_99277882-1024x681.jpeg\" alt=\"\" class=\"wp-image-24084\"\/><figcaption class=\"wp-element-caption\">Funchal. Por Grecaud Paul<\/figcaption><\/figure>\n\n\n\n<p><strong>\u00bfQu\u00e9 hac\u00eda la emperatriz en la capital de Suiza?<\/strong> entre sus aficiones m\u00e1s recordadas est\u00e1 la de viajar. Isabel de Baviera empez\u00f3 a moverse por Europa con mucha frecuencia seg\u00fan su vida en palacio se iba deteriorando y se aislaba cada vez m\u00e1s del entorno p\u00fablico. Y, adem\u00e1s de por placer, sus diversos y frecuentes problemas de salud la hac\u00edan trasladarse a lugares en los que pudiese recibir tratamientos para sus achaques.<\/p>\n\n\n\n<p>Los admiradores de Sissi (que no son pocos) a los que les guste viajar tienen f\u00e1cil trazarse <strong>rutas siguiendo los pasos que la arist\u00f3crata<\/strong> dio por el mundo, incluso por Espa\u00f1a (<a href=\"https:\/\/www.escapadarural.com\/casas-rurales\/elche\" class=\"rank-math-link\">Elche<\/a> o <a href=\"https:\/\/www.escapadarural.com\/casas-rurales\/sevilla\" class=\"rank-math-link\">Sevilla<\/a> fueron algunos de sus destinos). O descubriendo las estatuas erigidas en su honor, que se reparten por Viena, Budapest, Corf\u00fa, Merano, Ginebra o Madeira.<\/p>\n\n\n\n<p>Esta isla supuso uno de los primeros desplazamientos de la emperatriz, aquejada por una difusa enfermedad cuyos s\u00edntomas eran desgana, fiebre o insomnio. <strong>Se hosped\u00f3 en la capital, Funchal<\/strong> y no solo mejor\u00f3, sino que tambi\u00e9n se qued\u00f3 prendada de la isla. No fue ni ser\u00e1 la \u00faltima, porque la isla ofrece buenos motivos para ello.<\/p>\n\n\n\n<h2 class=\"wp-block-heading\"><strong>Por qu\u00e9 Madeira<\/strong><\/h2>\n\n\n\n<figure class=\"wp-block-image size-large\"><img decoding=\"async\" src=\"https:\/\/www.escapadarural.com\/blog\/wp-content\/uploads\/2020\/07\/AdobeStock_249066094-1-1024x683.jpeg\" alt=\"bosque laurisilva Madeira\" class=\"wp-image-24087\"\/><figcaption class=\"wp-element-caption\"> Por&nbsp;<a href=\"https:\/\/stock.adobe.com\/es\/contributor\/205443115\/dennisvdwater?load_type=author&amp;prev_url=detail\" target=\"_blank\">dennisvdwater<\/a><\/figcaption><\/figure>\n\n\n\n<p><strong>Por el bosque de Laurisilva:<\/strong> a quienes les guste \u201cel verde\u201d se quedar\u00e1n patidifusos con este espacio nombrado Patrimonio Natural de la Humanidad por&nbsp; la UNESCO en 1999. Es un bosque h\u00famedo de clima subtropical que ocupa 15.000 hect\u00e1reas de la isla y a d\u00eda de hoy es el m\u00e1s grande de los de su g\u00e9nero.&nbsp;<\/p>\n\n\n\n<p>En \u00e9l conviven muchas especies de animales end\u00e9micas como la paloma de Madeira o el reyezuelo listado (es una zona de conservaci\u00f3n y cuidado de aves). En cuanto a su flora, la mayor\u00eda de los \u00e1rboles que lo componen pertenecen a la familia de las Laur\u00e1ceas, aunque tambi\u00e9n tiene tilos y arbustos como el palo blanco. Hacer una ruta atravesando sus frondosidades permite explorar una de las reservas naturales m\u00e1s importantes de Europa.<\/p>\n\n\n\n<h3 class=\"wp-block-heading\"><strong>Por las playas<\/strong><\/h3>\n\n\n\n<figure class=\"wp-block-image size-large\"><img decoding=\"async\" src=\"https:\/\/www.escapadarural.com\/blog\/wp-content\/uploads\/2020\/07\/Porto-Moniz-2-1024x400.jpeg\" alt=\"Porto Moniz\" class=\"wp-image-24085\"\/><figcaption class=\"wp-element-caption\">Piscinas de lava. Por saiko3p <\/figcaption><\/figure>\n\n\n\n<p>Hay de varios tipos y para todos los gustos: de arena blanca como la de Porto Santo, de arena negra como la de Formosa o las de piedras como la de los Reyes Magos. Los surfistas, unos de los turistas potenciales de la isla, tienen la playa Jardim do Mar marcada en el mapa como destino predilecto.&nbsp;<\/p>\n\n\n\n<p>Adem\u00e1s, para quienes quieran ba\u00f1arse en las aguas del Atl\u00e1ntico pero no se sientan demasiado atra\u00eddos por el ajetreo del oleaje, existe la opci\u00f3n de probar las piscinas de lava volc\u00e1nica de Porto Moniz. El mar entra de forma natural en los espacios moldeados por las rocas y se renueva constantemente. Y s\u00ed, hay piscina infantil.<\/p>\n\n\n\n<h3 class=\"wp-block-heading\"><strong>Por las fotos<\/strong><\/h3>\n\n\n\n<figure class=\"wp-block-image size-large\"><img decoding=\"async\" src=\"https:\/\/www.escapadarural.com\/blog\/wp-content\/uploads\/2020\/07\/AdobeStock_235315871-1024x683.jpeg\" alt=\"Santana\" class=\"wp-image-24088\"\/><figcaption class=\"wp-element-caption\">Santana. Por Por&nbsp;<a href=\"https:\/\/stock.adobe.com\/es\/contributor\/207750304\/jan?load_type=author&amp;prev_url=detail\" target=\"_blank\">Jan<\/a><\/figcaption><\/figure>\n\n\n\n<p>Ser\u00e1 raro que alguien vaya a Madeira de vacaciones y no vuelva con el m\u00f3vil sin espacio por culpa de las fotograf\u00edas. O cargado con carretes para revelar si a\u00fan se mantiene fiel a lo anal\u00f3gico, ya que la isla est\u00e1 plagada de miradores que ofrecen atardeceres incandescentes o elevan al visitante muy por encima del mar.&nbsp;<\/p>\n\n\n\n<p>Solo en la localidad de C\u00e2mara de Lobos, cercana a Funchal, ya hay cuatro: el Miradouro de Winston Churchill (otro visitante ilustre), el Miradouro do Rancho, el Pico da Torre y el Miradouro do Sal\u00e3o Ideal.&nbsp;<\/p>\n\n\n\n<p>El Pico do Arieiro, 1.817 metros de altura, es otro de los puntos de inter\u00e9s para los amantes de las panor\u00e1micas, as\u00ed como Eira do Serrado que, aunque est\u00e1 un poco m\u00e1s cerca del nivel del mar (a 1.094 metros) tambi\u00e9n ofrece unas impresionantes vistas.<\/p>\n\n\n\n<p>Pero no todas las im\u00e1genes tienen que ser de los paisajes naturales (que tambi\u00e9n). Las barcas de colores del puerto de C\u00e2mara de Lobos, conocidas como <em>Xavelhas<\/em> o las casas t\u00edpicas de Santana tambi\u00e9n merecen su fotograf\u00eda. Las segundas reciben el nombre de <em>palho\u00e7as<\/em> y llaman la atenci\u00f3n por su techo de paja en forma de tri\u00e1ngulo y el rojo y azul de sus puertas y ventanas. Actualmente quedan solo unas cuantas como recuerdo del pasado y como reclamo tur\u00edstico, pero no por ello dejan de ser interesantes.<\/p>\n\n\n\n<p>Asimismo, en 2018, el proyecto Arte de Puertas Abiertas transform\u00f3 la r\u00faa de Santa Mar\u00eda, situada en la Zona Vieja de Funchal, en una galer\u00eda al aire libre con obras de artistas locales plasmados en sus puertas. Todo reclamos para la fotograf\u00eda.<\/p>\n\n\n\n<h3 class=\"wp-block-heading\"><strong>Por el paladar<\/strong><\/h3>\n\n\n\n<figure class=\"wp-block-image size-large\"><a href=\"https:\/\/www.escapadarural.com\/blog\/wp-content\/uploads\/2020\/07\/madeira1.jpg\"><img decoding=\"async\" src=\"https:\/\/www.escapadarural.com\/blog\/wp-content\/uploads\/2020\/07\/madeira1.jpg\" alt=\"C\u00e1mara de Lobos\" class=\"wp-image-24089\"\/><\/a><figcaption class=\"wp-element-caption\">C\u00e2mara de Lobos. Por <a href=\"https:\/\/stock.adobe.com\/es\/contributor\/205853126\/leezor?load_type=author&amp;prev_url=detail\" target=\"_blank\">Leezor<\/a><\/figcaption><\/figure>\n\n\n\n<p>Madeira es un buen destino para mover el cuerpo: perfecto para los deportes acu\u00e1ticos y con m\u00faltiples opciones para hacer senderismo y trekking de monta\u00f1a. Afortunadamente, porque la actividad permite quemar todas las calor\u00edas de m\u00e1s que se ingieren en la visita a la isla. Y suelen ser bastantes.<\/p>\n\n\n\n<p>El bacalao est\u00e1 muy presente en sus cartas, como no pod\u00eda ser menos trat\u00e1ndose de Portugal. Destaca el de C\u00e2mara de Lobos, que tambi\u00e9n se conoce como <em>gata<\/em>. De all\u00ed tambi\u00e9n son t\u00edpicos la sopa de casta\u00f1as y el pudim de maracuy\u00e1. Pero tambi\u00e9n es muy habitual el pez espada y, por supuesto, el marisco.<\/p>\n\n\n\n<p>Uno de los productos m\u00e1s emblem\u00e1ticos es el <em>bolo do caco<\/em>, un pan circular hecho de harina y boniato que se come con mantequilla de ajo, generalmente como acompa\u00f1amiento de otros platos o en forma de bocadillo. Otra guarnici\u00f3n tradicional de Madeira es el <em>milho frito<\/em>, unos \u2018cubitos\u2019 hechos con harina de ma\u00edz, col rizada, mantequilla y ajo (al ojo tienen pinta de picatostes).&nbsp;<\/p>\n\n\n\n<p>En cuanto a los l\u00edquidos, adem\u00e1s de bebidas populares como la Nikita \u2013hecha a base de cerveza, helado y trozos de pi\u00f1a\u2013 est\u00e1, por supuesto, el vino. No hay mejor souvenir de Madeira que unas cuantas botellas de su insignia gastron\u00f3mica.<\/p>\n","protected":false},"excerpt":{"rendered":"<p>Sissi Emperatriz estuvo en Madeira por motivos sanitarios. Sin embargo, esta isla portuguesa tiene tanto que ofrecer que se qued\u00f3 prendada de ella. Estos son algunos de los motivos<\/p>\n","protected":false},"author":114,"featured_media":103074,"comment_status":"open","ping_status":"open","sticky":false,"template":"","format":"standard","meta":{"_acf_changed":false,"om_disable_all_campaigns":false,"footnotes":""},"categories":[191],"tags":[2734,2735,2736,2322,215,2323,2737,538,2738,2739,2740,2741],"class_list":["post-23754","post","type-post","status-publish","format-standard","has-post-thumbnail","hentry","category-destinos","tag-bolo-do-caco","tag-bosque-de-laurisilva","tag-camara-de-lobos","tag-funchal","tag-listado","tag-madeira","tag-milho-frito","tag-portugal","tag-santana","tag-sissi-emperatriz","tag-vino-de-madeira","tag-wiston-churchill"],"acf":[],"featured_image_src":"https:\/\/www.escapadarural.com\/blog\/wp-content\/uploads\/2024\/10\/AdobeStock_102542099-1024x680-3.jpeg","author_info":{"display_name":"Carmen L\u00f3pez","author_link":"https:\/\/www.escapadarural.com\/blog\/autor\/carmenlopez\/"},"yoast_head":"<!-- This site is optimized with the Yoast SEO plugin v27.5 - https:\/\/yoast.com\/product\/yoast-seo-wordpress\/ -->\n<title>Tres motivos por los que visitar la isla de Madeira - EscapadaRural<\/title>\n<meta name=\"robots\" content=\"index, follow, max-snippet:-1, max-image-preview:large, max-video-preview:-1\" \/>\n<link rel=\"canonical\" href=\"https:\/\/www.escapadarural.com\/blog\/tres-motivos-por-los-que-visitar-la-isla-de-madeira\/\" \/>\n<meta property=\"og:locale\" content=\"es_ES\" \/>\n<meta property=\"og:type\" content=\"article\" \/>\n<meta property=\"og:title\" content=\"Tres motivos por los que visitar la isla de Madeira - EscapadaRural\" \/>\n<meta property=\"og:description\" content=\"Sissi Emperatriz estuvo en Madeira por motivos sanitarios. Sin embargo, esta isla portuguesa tiene tanto que ofrecer que se qued\u00f3 prendada de ella. Estos son algunos de los motivos\" \/>\n<meta property=\"og:url\" content=\"https:\/\/www.escapadarural.com\/blog\/tres-motivos-por-los-que-visitar-la-isla-de-madeira\/\" \/>\n<meta property=\"og:site_name\" content=\"Magazine de viajes de EscapadaRural\" \/>\n<meta property=\"article:publisher\" content=\"https:\/\/www.facebook.com\/escapadarural\" \/>\n<meta property=\"article:published_time\" content=\"2020-07-02T08:53:38+00:00\" \/>\n<meta property=\"article:modified_time\" content=\"2024-10-21T10:16:23+00:00\" \/>\n<meta property=\"og:image\" content=\"https:\/\/www.escapadarural.com\/blog\/wp-content\/uploads\/2024\/10\/AdobeStock_102542099-1024x680-3.jpeg\" \/>\n\t<meta property=\"og:image:width\" content=\"1024\" \/>\n\t<meta property=\"og:image:height\" content=\"680\" \/>\n\t<meta property=\"og:image:type\" content=\"image\/jpeg\" \/>\n<meta name=\"author\" content=\"Carmen L\u00f3pez\" \/>\n<meta name=\"twitter:card\" content=\"summary_large_image\" \/>\n<meta name=\"twitter:label1\" content=\"Escrito por\" \/>\n\t<meta name=\"twitter:data1\" content=\"Carmen L\u00f3pez\" \/>\n\t<meta name=\"twitter:label2\" content=\"Tiempo de lectura\" \/>\n\t<meta name=\"twitter:data2\" content=\"8 minutos\" \/>\n<script type=\"application\/ld+json\" class=\"yoast-schema-graph\">{\"@context\":\"https:\\\/\\\/schema.org\",\"@graph\":[{\"@type\":\"Article\",\"@id\":\"https:\\\/\\\/www.escapadarural.com\\\/blog\\\/tres-motivos-por-los-que-visitar-la-isla-de-madeira\\\/#article\",\"isPartOf\":{\"@id\":\"https:\\\/\\\/www.escapadarural.com\\\/blog\\\/tres-motivos-por-los-que-visitar-la-isla-de-madeira\\\/\"},\"author\":{\"name\":\"Carmen L\u00f3pez\",\"@id\":\"https:\\\/\\\/www.escapadarural.com\\\/blog\\\/#\\\/schema\\\/person\\\/42dfdff6118172efc6a04c8ae599a2ce\"},\"headline\":\"Tres motivos por los que visitar la isla de Madeira\",\"datePublished\":\"2020-07-02T08:53:38+00:00\",\"dateModified\":\"2024-10-21T10:16:23+00:00\",\"mainEntityOfPage\":{\"@id\":\"https:\\\/\\\/www.escapadarural.com\\\/blog\\\/tres-motivos-por-los-que-visitar-la-isla-de-madeira\\\/\"},\"wordCount\":1537,\"commentCount\":1,\"publisher\":{\"@id\":\"https:\\\/\\\/www.escapadarural.com\\\/blog\\\/#organization\"},\"image\":{\"@id\":\"https:\\\/\\\/www.escapadarural.com\\\/blog\\\/tres-motivos-por-los-que-visitar-la-isla-de-madeira\\\/#primaryimage\"},\"thumbnailUrl\":\"https:\\\/\\\/www.escapadarural.com\\\/blog\\\/wp-content\\\/uploads\\\/2024\\\/10\\\/AdobeStock_102542099-1024x680-3.jpeg\",\"keywords\":[\"bolo do caco\",\"bosque de Laurisilva\",\"C\u00e2mara de Lobos\",\"Funchal\",\"Listado\",\"Madeira\",\"milho frito\",\"portugal\",\"santana\",\"sissi emperatriz\",\"vino de madeira\",\"wiston churchill\"],\"articleSection\":[\"Destinos\"],\"inLanguage\":\"es\",\"potentialAction\":[{\"@type\":\"CommentAction\",\"name\":\"Comment\",\"target\":[\"https:\\\/\\\/www.escapadarural.com\\\/blog\\\/tres-motivos-por-los-que-visitar-la-isla-de-madeira\\\/#respond\"]}]},{\"@type\":\"WebPage\",\"@id\":\"https:\\\/\\\/www.escapadarural.com\\\/blog\\\/tres-motivos-por-los-que-visitar-la-isla-de-madeira\\\/\",\"url\":\"https:\\\/\\\/www.escapadarural.com\\\/blog\\\/tres-motivos-por-los-que-visitar-la-isla-de-madeira\\\/\",\"name\":\"Tres motivos por los que visitar la isla de Madeira - EscapadaRural\",\"isPartOf\":{\"@id\":\"https:\\\/\\\/www.escapadarural.com\\\/blog\\\/#website\"},\"primaryImageOfPage\":{\"@id\":\"https:\\\/\\\/www.escapadarural.com\\\/blog\\\/tres-motivos-por-los-que-visitar-la-isla-de-madeira\\\/#primaryimage\"},\"image\":{\"@id\":\"https:\\\/\\\/www.escapadarural.com\\\/blog\\\/tres-motivos-por-los-que-visitar-la-isla-de-madeira\\\/#primaryimage\"},\"thumbnailUrl\":\"https:\\\/\\\/www.escapadarural.com\\\/blog\\\/wp-content\\\/uploads\\\/2024\\\/10\\\/AdobeStock_102542099-1024x680-3.jpeg\",\"datePublished\":\"2020-07-02T08:53:38+00:00\",\"dateModified\":\"2024-10-21T10:16:23+00:00\",\"breadcrumb\":{\"@id\":\"https:\\\/\\\/www.escapadarural.com\\\/blog\\\/tres-motivos-por-los-que-visitar-la-isla-de-madeira\\\/#breadcrumb\"},\"inLanguage\":\"es\",\"potentialAction\":[{\"@type\":\"ReadAction\",\"target\":[\"https:\\\/\\\/www.escapadarural.com\\\/blog\\\/tres-motivos-por-los-que-visitar-la-isla-de-madeira\\\/\"]}]},{\"@type\":\"ImageObject\",\"inLanguage\":\"es\",\"@id\":\"https:\\\/\\\/www.escapadarural.com\\\/blog\\\/tres-motivos-por-los-que-visitar-la-isla-de-madeira\\\/#primaryimage\",\"url\":\"https:\\\/\\\/www.escapadarural.com\\\/blog\\\/wp-content\\\/uploads\\\/2024\\\/10\\\/AdobeStock_102542099-1024x680-3.jpeg\",\"contentUrl\":\"https:\\\/\\\/www.escapadarural.com\\\/blog\\\/wp-content\\\/uploads\\\/2024\\\/10\\\/AdobeStock_102542099-1024x680-3.jpeg\",\"width\":1024,\"height\":680,\"caption\":\"Vista panor\u00e1mica de la costa de Madeira, Portugal, que muestra exuberantes monta\u00f1as verdes, dram\u00e1ticos acantilados y peque\u00f1os pueblos a lo largo del azul oc\u00e9ano Atl\u00e1ntico bajo un cielo parcialmente nublado.\"},{\"@type\":\"BreadcrumbList\",\"@id\":\"https:\\\/\\\/www.escapadarural.com\\\/blog\\\/tres-motivos-por-los-que-visitar-la-isla-de-madeira\\\/#breadcrumb\",\"itemListElement\":[{\"@type\":\"ListItem\",\"position\":1,\"name\":\"Inicio\",\"item\":\"https:\\\/\\\/www.escapadarural.com\\\/blog\\\/\"},{\"@type\":\"ListItem\",\"position\":2,\"name\":\"Destinos\",\"item\":\"https:\\\/\\\/www.escapadarural.com\\\/blog\\\/categoria\\\/destinos\\\/\"},{\"@type\":\"ListItem\",\"position\":3,\"name\":\"Tres motivos por los que visitar la isla de Madeira\"}]},{\"@type\":\"WebSite\",\"@id\":\"https:\\\/\\\/www.escapadarural.com\\\/blog\\\/#website\",\"url\":\"https:\\\/\\\/www.escapadarural.com\\\/blog\\\/\",\"name\":\"Blog de viajes | turismo rural, alojamientos e inspiraci\u00f3n\",\"description\":\"Alojamientos rurales e inspiraci\u00f3n para tus escapadas\",\"publisher\":{\"@id\":\"https:\\\/\\\/www.escapadarural.com\\\/blog\\\/#organization\"},\"alternateName\":\"Magazine de viajes de EscapadaRural\",\"potentialAction\":[{\"@type\":\"SearchAction\",\"target\":{\"@type\":\"EntryPoint\",\"urlTemplate\":\"https:\\\/\\\/www.escapadarural.com\\\/blog\\\/?s={search_term_string}\"},\"query-input\":{\"@type\":\"PropertyValueSpecification\",\"valueRequired\":true,\"valueName\":\"search_term_string\"}}],\"inLanguage\":\"es\"},{\"@type\":\"Organization\",\"@id\":\"https:\\\/\\\/www.escapadarural.com\\\/blog\\\/#organization\",\"name\":\"EscapadaRural\",\"url\":\"https:\\\/\\\/www.escapadarural.com\\\/blog\\\/\",\"logo\":{\"@type\":\"ImageObject\",\"inLanguage\":\"es\",\"@id\":\"https:\\\/\\\/www.escapadarural.com\\\/blog\\\/#\\\/schema\\\/logo\\\/image\\\/\",\"url\":\"https:\\\/\\\/www.escapadarural.com\\\/blog\\\/wp-content\\\/uploads\\\/2024\\\/10\\\/cropped-cropped-escapada-rural-icon-mag-3.png\",\"contentUrl\":\"https:\\\/\\\/www.escapadarural.com\\\/blog\\\/wp-content\\\/uploads\\\/2024\\\/10\\\/cropped-cropped-escapada-rural-icon-mag-3.png\",\"width\":512,\"height\":512,\"caption\":\"EscapadaRural\"},\"image\":{\"@id\":\"https:\\\/\\\/www.escapadarural.com\\\/blog\\\/#\\\/schema\\\/logo\\\/image\\\/\"},\"sameAs\":[\"https:\\\/\\\/www.facebook.com\\\/escapadarural\",\"https:\\\/\\\/www.instagram.com\\\/escapadarural\\\/\",\"https:\\\/\\\/www.youtube.com\\\/@escapadaruralcom\"]},{\"@type\":\"Person\",\"@id\":\"https:\\\/\\\/www.escapadarural.com\\\/blog\\\/#\\\/schema\\\/person\\\/42dfdff6118172efc6a04c8ae599a2ce\",\"name\":\"Carmen L\u00f3pez\",\"image\":{\"@type\":\"ImageObject\",\"inLanguage\":\"es\",\"@id\":\"https:\\\/\\\/www.escapadarural.com\\\/blog\\\/wp-content\\\/uploads\\\/2024\\\/11\\\/cropped-perfil_eldiario-96x96-1-96x96.jpeg\",\"url\":\"https:\\\/\\\/www.escapadarural.com\\\/blog\\\/wp-content\\\/uploads\\\/2024\\\/11\\\/cropped-perfil_eldiario-96x96-1-96x96.jpeg\",\"contentUrl\":\"https:\\\/\\\/www.escapadarural.com\\\/blog\\\/wp-content\\\/uploads\\\/2024\\\/11\\\/cropped-perfil_eldiario-96x96-1-96x96.jpeg\",\"caption\":\"Carmen L\u00f3pez\"},\"description\":\"Soy periodista y escribo sobre cosas que importan en sitios que interesan desde hace m\u00e1s de una d\u00e9cada.\",\"url\":\"https:\\\/\\\/www.escapadarural.com\\\/blog\\\/autor\\\/carmenlopez\\\/\"}]}<\/script>\n<!-- \/ Yoast SEO plugin. -->","yoast_head_json":{"title":"Tres motivos por los que visitar la isla de Madeira - EscapadaRural","robots":{"index":"index","follow":"follow","max-snippet":"max-snippet:-1","max-image-preview":"max-image-preview:large","max-video-preview":"max-video-preview:-1"},"canonical":"https:\/\/www.escapadarural.com\/blog\/tres-motivos-por-los-que-visitar-la-isla-de-madeira\/","og_locale":"es_ES","og_type":"article","og_title":"Tres motivos por los que visitar la isla de Madeira - EscapadaRural","og_description":"Sissi Emperatriz estuvo en Madeira por motivos sanitarios. Sin embargo, esta isla portuguesa tiene tanto que ofrecer que se qued\u00f3 prendada de ella. Estos son algunos de los motivos","og_url":"https:\/\/www.escapadarural.com\/blog\/tres-motivos-por-los-que-visitar-la-isla-de-madeira\/","og_site_name":"Magazine de viajes de EscapadaRural","article_publisher":"https:\/\/www.facebook.com\/escapadarural","article_published_time":"2020-07-02T08:53:38+00:00","article_modified_time":"2024-10-21T10:16:23+00:00","og_image":[{"width":1024,"height":680,"url":"https:\/\/www.escapadarural.com\/blog\/wp-content\/uploads\/2024\/10\/AdobeStock_102542099-1024x680-3.jpeg","type":"image\/jpeg"}],"author":"Carmen L\u00f3pez","twitter_card":"summary_large_image","twitter_misc":{"Escrito por":"Carmen L\u00f3pez","Tiempo de lectura":"8 minutos"},"schema":{"@context":"https:\/\/schema.org","@graph":[{"@type":"Article","@id":"https:\/\/www.escapadarural.com\/blog\/tres-motivos-por-los-que-visitar-la-isla-de-madeira\/#article","isPartOf":{"@id":"https:\/\/www.escapadarural.com\/blog\/tres-motivos-por-los-que-visitar-la-isla-de-madeira\/"},"author":{"name":"Carmen L\u00f3pez","@id":"https:\/\/www.escapadarural.com\/blog\/#\/schema\/person\/42dfdff6118172efc6a04c8ae599a2ce"},"headline":"Tres motivos por los que visitar la isla de Madeira","datePublished":"2020-07-02T08:53:38+00:00","dateModified":"2024-10-21T10:16:23+00:00","mainEntityOfPage":{"@id":"https:\/\/www.escapadarural.com\/blog\/tres-motivos-por-los-que-visitar-la-isla-de-madeira\/"},"wordCount":1537,"commentCount":1,"publisher":{"@id":"https:\/\/www.escapadarural.com\/blog\/#organization"},"image":{"@id":"https:\/\/www.escapadarural.com\/blog\/tres-motivos-por-los-que-visitar-la-isla-de-madeira\/#primaryimage"},"thumbnailUrl":"https:\/\/www.escapadarural.com\/blog\/wp-content\/uploads\/2024\/10\/AdobeStock_102542099-1024x680-3.jpeg","keywords":["bolo do caco","bosque de Laurisilva","C\u00e2mara de Lobos","Funchal","Listado","Madeira","milho frito","portugal","santana","sissi emperatriz","vino de madeira","wiston churchill"],"articleSection":["Destinos"],"inLanguage":"es","potentialAction":[{"@type":"CommentAction","name":"Comment","target":["https:\/\/www.escapadarural.com\/blog\/tres-motivos-por-los-que-visitar-la-isla-de-madeira\/#respond"]}]},{"@type":"WebPage","@id":"https:\/\/www.escapadarural.com\/blog\/tres-motivos-por-los-que-visitar-la-isla-de-madeira\/","url":"https:\/\/www.escapadarural.com\/blog\/tres-motivos-por-los-que-visitar-la-isla-de-madeira\/","name":"Tres motivos por los que visitar la isla de Madeira - EscapadaRural","isPartOf":{"@id":"https:\/\/www.escapadarural.com\/blog\/#website"},"primaryImageOfPage":{"@id":"https:\/\/www.escapadarural.com\/blog\/tres-motivos-por-los-que-visitar-la-isla-de-madeira\/#primaryimage"},"image":{"@id":"https:\/\/www.escapadarural.com\/blog\/tres-motivos-por-los-que-visitar-la-isla-de-madeira\/#primaryimage"},"thumbnailUrl":"https:\/\/www.escapadarural.com\/blog\/wp-content\/uploads\/2024\/10\/AdobeStock_102542099-1024x680-3.jpeg","datePublished":"2020-07-02T08:53:38+00:00","dateModified":"2024-10-21T10:16:23+00:00","breadcrumb":{"@id":"https:\/\/www.escapadarural.com\/blog\/tres-motivos-por-los-que-visitar-la-isla-de-madeira\/#breadcrumb"},"inLanguage":"es","potentialAction":[{"@type":"ReadAction","target":["https:\/\/www.escapadarural.com\/blog\/tres-motivos-por-los-que-visitar-la-isla-de-madeira\/"]}]},{"@type":"ImageObject","inLanguage":"es","@id":"https:\/\/www.escapadarural.com\/blog\/tres-motivos-por-los-que-visitar-la-isla-de-madeira\/#primaryimage","url":"https:\/\/www.escapadarural.com\/blog\/wp-content\/uploads\/2024\/10\/AdobeStock_102542099-1024x680-3.jpeg","contentUrl":"https:\/\/www.escapadarural.com\/blog\/wp-content\/uploads\/2024\/10\/AdobeStock_102542099-1024x680-3.jpeg","width":1024,"height":680,"caption":"Vista panor\u00e1mica de la costa de Madeira, Portugal, que muestra exuberantes monta\u00f1as verdes, dram\u00e1ticos acantilados y peque\u00f1os pueblos a lo largo del azul oc\u00e9ano Atl\u00e1ntico bajo un cielo parcialmente nublado."},{"@type":"BreadcrumbList","@id":"https:\/\/www.escapadarural.com\/blog\/tres-motivos-por-los-que-visitar-la-isla-de-madeira\/#breadcrumb","itemListElement":[{"@type":"ListItem","position":1,"name":"Inicio","item":"https:\/\/www.escapadarural.com\/blog\/"},{"@type":"ListItem","position":2,"name":"Destinos","item":"https:\/\/www.escapadarural.com\/blog\/categoria\/destinos\/"},{"@type":"ListItem","position":3,"name":"Tres motivos por los que visitar la isla de Madeira"}]},{"@type":"WebSite","@id":"https:\/\/www.escapadarural.com\/blog\/#website","url":"https:\/\/www.escapadarural.com\/blog\/","name":"Blog de viajes | turismo rural, alojamientos e inspiraci\u00f3n","description":"Alojamientos rurales e inspiraci\u00f3n para tus escapadas","publisher":{"@id":"https:\/\/www.escapadarural.com\/blog\/#organization"},"alternateName":"Magazine de viajes de EscapadaRural","potentialAction":[{"@type":"SearchAction","target":{"@type":"EntryPoint","urlTemplate":"https:\/\/www.escapadarural.com\/blog\/?s={search_term_string}"},"query-input":{"@type":"PropertyValueSpecification","valueRequired":true,"valueName":"search_term_string"}}],"inLanguage":"es"},{"@type":"Organization","@id":"https:\/\/www.escapadarural.com\/blog\/#organization","name":"EscapadaRural","url":"https:\/\/www.escapadarural.com\/blog\/","logo":{"@type":"ImageObject","inLanguage":"es","@id":"https:\/\/www.escapadarural.com\/blog\/#\/schema\/logo\/image\/","url":"https:\/\/www.escapadarural.com\/blog\/wp-content\/uploads\/2024\/10\/cropped-cropped-escapada-rural-icon-mag-3.png","contentUrl":"https:\/\/www.escapadarural.com\/blog\/wp-content\/uploads\/2024\/10\/cropped-cropped-escapada-rural-icon-mag-3.png","width":512,"height":512,"caption":"EscapadaRural"},"image":{"@id":"https:\/\/www.escapadarural.com\/blog\/#\/schema\/logo\/image\/"},"sameAs":["https:\/\/www.facebook.com\/escapadarural","https:\/\/www.instagram.com\/escapadarural\/","https:\/\/www.youtube.com\/@escapadaruralcom"]},{"@type":"Person","@id":"https:\/\/www.escapadarural.com\/blog\/#\/schema\/person\/42dfdff6118172efc6a04c8ae599a2ce","name":"Carmen L\u00f3pez","image":{"@type":"ImageObject","inLanguage":"es","@id":"https:\/\/www.escapadarural.com\/blog\/wp-content\/uploads\/2024\/11\/cropped-perfil_eldiario-96x96-1-96x96.jpeg","url":"https:\/\/www.escapadarural.com\/blog\/wp-content\/uploads\/2024\/11\/cropped-perfil_eldiario-96x96-1-96x96.jpeg","contentUrl":"https:\/\/www.escapadarural.com\/blog\/wp-content\/uploads\/2024\/11\/cropped-perfil_eldiario-96x96-1-96x96.jpeg","caption":"Carmen L\u00f3pez"},"description":"Soy periodista y escribo sobre cosas que importan en sitios que interesan desde hace m\u00e1s de una d\u00e9cada.","url":"https:\/\/www.escapadarural.com\/blog\/autor\/carmenlopez\/"}]}},"_links":{"self":[{"href":"https:\/\/www.escapadarural.com\/blog\/wp-json\/wp\/v2\/posts\/23754","targetHints":{"allow":["GET"]}}],"collection":[{"href":"https:\/\/www.escapadarural.com\/blog\/wp-json\/wp\/v2\/posts"}],"about":[{"href":"https:\/\/www.escapadarural.com\/blog\/wp-json\/wp\/v2\/types\/post"}],"author":[{"embeddable":true,"href":"https:\/\/www.escapadarural.com\/blog\/wp-json\/wp\/v2\/users\/114"}],"replies":[{"embeddable":true,"href":"https:\/\/www.escapadarural.com\/blog\/wp-json\/wp\/v2\/comments?post=23754"}],"version-history":[{"count":0,"href":"https:\/\/www.escapadarural.com\/blog\/wp-json\/wp\/v2\/posts\/23754\/revisions"}],"wp:featuredmedia":[{"embeddable":true,"href":"https:\/\/www.escapadarural.com\/blog\/wp-json\/wp\/v2\/media\/103074"}],"wp:attachment":[{"href":"https:\/\/www.escapadarural.com\/blog\/wp-json\/wp\/v2\/media?parent=23754"}],"wp:term":[{"taxonomy":"category","embeddable":true,"href":"https:\/\/www.escapadarural.com\/blog\/wp-json\/wp\/v2\/categories?post=23754"},{"taxonomy":"post_tag","embeddable":true,"href":"https:\/\/www.escapadarural.com\/blog\/wp-json\/wp\/v2\/tags?post=23754"}],"curies":[{"name":"wp","href":"https:\/\/api.w.org\/{rel}","templated":true}]}}