{"id":2513,"date":"2013-03-04T13:52:37","date_gmt":"2013-03-04T12:52:37","guid":{"rendered":"http:\/\/15.188.81.248\/2013\/03\/04\/la-vuelta-al-mundo-en-bicicleta\/"},"modified":"2025-08-06T11:08:02","modified_gmt":"2025-08-06T09:08:02","slug":"la-vuelta-al-mundo-en-bicicleta","status":"publish","type":"post","link":"https:\/\/www.escapadarural.com\/blog\/la-vuelta-al-mundo-en-bicicleta\/","title":{"rendered":"La vuelta al mundo en bicicleta"},"content":{"rendered":"\n<p>A <strong>Xavi Narro<\/strong> (Barcelona, 1982) le preguntaron en la televisi\u00f3n de Catalu\u00f1a por qu\u00e9 iba a dar la vuelta al mundo en bicicleta y respondi\u00f3 \u00abque si no, exploto\u00bb. Y realmente iba a explotar, porque cogi\u00f3 sus ahorros de los \u00faltimos 5 a\u00f1os, dej\u00f3 su trabajo y se despidi\u00f3 de su familia y amigos hasta el siguiente a\u00f1o.<\/p>\n\n\n\n<p>De eso hace ya 219 d\u00edas, el 29 de julio de 2012. Nos responde la entrevista desde Probolinngo, en la isla de Java, recorridos ya <strong>m\u00e1s de 18.000 km<\/strong>, el ecuador de su aventura. En su trayecto ha cruzado desiertos, traspasado monta\u00f1as y soportado temperaturas de hasta -15\u00baC. Pero sobre todo recuerda los buenos momentos, como el reencuentro con Cris, su chica.<\/p>\n\n\n\n<figure class=\"wp-block-image size-large\"><a href=\"https:\/\/www.escapadarural.com\/blog\/wp-content\/uploads\/2013\/03\/Chaam-1-3-1.jpg\"><img loading=\"lazy\" decoding=\"async\" width=\"1024\" height=\"766\" src=\"https:\/\/www.escapadarural.com\/blog\/wp-content\/uploads\/2013\/03\/Chaam-1-3-1.jpg\" alt=\"Playa de Cham-am\" class=\"wp-image-113515\" srcset=\"https:\/\/www.escapadarural.com\/blog\/wp-content\/uploads\/2013\/03\/Chaam-1-3-1-200x150.jpg 200w, https:\/\/www.escapadarural.com\/blog\/wp-content\/uploads\/2013\/03\/Chaam-1-3-1-300x224.jpg 300w, https:\/\/www.escapadarural.com\/blog\/wp-content\/uploads\/2013\/03\/Chaam-1-3-1-400x299.jpg 400w, https:\/\/www.escapadarural.com\/blog\/wp-content\/uploads\/2013\/03\/Chaam-1-3-1-600x449.jpg 600w, https:\/\/www.escapadarural.com\/blog\/wp-content\/uploads\/2013\/03\/Chaam-1-3-1-768x575.jpg 768w, https:\/\/www.escapadarural.com\/blog\/wp-content\/uploads\/2013\/03\/Chaam-1-3-1-800x598.jpg 800w, https:\/\/www.escapadarural.com\/blog\/wp-content\/uploads\/2013\/03\/Chaam-1-3-1.jpg 1024w\" sizes=\"auto, (max-width: 1024px) 100vw, 1024px\" \/><\/a><figcaption class=\"wp-element-caption\">Playa de Cham-am. Fuente: Rodam\u00f3n\n\n<\/figcaption><\/figure>\n\n\n\n<p>\u00c9l mismo se define: \u00abYo era una persona que de lunes a viernes se levantaba para ir a trabajar y los fines de semana com\u00eda con la familia y quedaba con los amigos. Seguramente lo volver\u00e9 a ser. Pero ahora mismo vivo con el excitante sentimiento de no saber d\u00f3nde dormir\u00e9\u00bb.<\/p>\n\n\n\n<p>El poder de cumplir sue\u00f1os es magn\u00e9tico y contagioso. Verlo cumplirlo te arranca de la silla y te revuelve, porque su historia es la de todos: la del miedo al tiempo impersonal, la de la vida arrepentida, la del miedo al cambio y el olvido de los instintos.<\/p>\n\n\n\n<p>Cada d\u00eda, despu\u00e9s de recorrer 100 km m\u00e1s de ruta, escribe su diario, \u00abque a veces resulta m\u00e1s duro que pedalear\u00bb, y env\u00eda las im\u00e1genes a Cris, quiz\u00e1s la gran sufridora emocional, para que monte los v\u00eddeos desde Barcelona.<\/p>\n\n\n\n<p>Suele comer en la carretera y duerme las m\u00e1s de las veces en su tienda de campa\u00f1a, lo que le permite en gran medida involucrarse en la vida local, conocer las gentes y no ser considerado un turista aislado de la realidad del destino que visita. Las bajas temperaturas de China y las lluvias frecuentes del sudeste asi\u00e1tico le llevan a pasar la noche en hostales, albergues o casas de hu\u00e9spedes&#8230;<\/p>\n\n\n\n<p>\u00abNo pido caridad, no trabajo all\u00ed donde llego ni me cuelo en los trenes de mercanc\u00edas, pero he aprendido a sobrevivir con poca cosa\u00bb.<\/p>\n\n\n\n<p>En <a href=\"https:\/\/vimeo.com\/user12600344\" target=\"_blank\">Vimeo<\/a> ya ha subido 36 v\u00eddeos con sus experiencias. Pod\u00e9is seguir su aventura desde su videoblog, Rodamon.tv, y desde sus cuentas de <a href=\"https:\/\/twitter.com\/rodamontv\" target=\"_blank\">Twitter<\/a> y Facebook. Por cierto, los comentarios le ayudan much\u00edsimo, as\u00ed que si os apetece, pod\u00e9is pasar a comentarle \ud83d\ude42<\/p>\n\n\n\n<h2 class=\"wp-block-heading\" id=\"h-1-ni-siquiera-nos-lo-imaginamos-como-se-prepara-la-vuelta-al-mundo-en-un-ano\">1. Ni siquiera nos lo imaginamos: \u00bfc\u00f3mo se prepara la vuelta al mundo en un a\u00f1o?<\/h2>\n\n\n\n<p>Lo primero es aceptar que tenemos que hacerlo. Siempre hay razones para posponerlo o enterrarlo en el fondo de nuestra lista de prioridades, pero sabremos que estamos decididos a dar la vuelta al mundo cuando en vez de dormir pasemos las noches en vela pensando en el mapa. Lo siguiente es escoger una fecha de salida y comunicar nuestra decisi\u00f3n a familiares, amigos y nuestro jefe para que ya no haya vuelta atr\u00e1s. Y, a partir de aqu\u00ed, el resto son tr\u00e1mites que se van superando uno a uno: ruta, visados, equipaje\u2026 Todo se va solucionando cuando ya tenemos la determinaci\u00f3n de marcharnos.<\/p>\n\n\n\n<h2 class=\"wp-block-heading\" id=\"h-2-cuantos-kilometros-y-que-paises-te-quedan-por-delante\">2. \u00bfCu\u00e1ntos kil\u00f3metros y qu\u00e9 pa\u00edses te quedan por delante?<\/h2>\n\n\n\n<p>De momento he pedaleado 18.000 km por Europa y Asia. Ahora me queda m\u00e1s o menos la mitad del viaje: acabar de rodar por Indonesia, saltar a Australia, despu\u00e9s Am\u00e9rica desde Chile hasta Canad\u00e1, un paseo por Marruecos y luego la recta final hasta Barcelona.<\/p>\n\n\n\n<h2 class=\"wp-block-heading\" id=\"h-3-cuentanos-sobre-los-momentos-mas-duros-de-la-experiencia\">3. Cu\u00e9ntanos sobre los momentos m\u00e1s duros de la experiencia&#8230;<\/h2>\n\n\n\n<p>Los malos tragos de una ruta as\u00ed se olvidan r\u00e1pidamente. En mi caso, al viajar en bici, no solo se trata de un viaje de placer sino que adem\u00e1s implica un gran sacrificio f\u00edsico. Tambi\u00e9n, por las caracter\u00edsticas de mi ruta, he tenido que cruzar zonas muy inh\u00f3spitas.<\/p>\n\n\n\n<p>En la Regi\u00f3n Aut\u00f3noma Uigur de Sinkiang, en el noroeste de China, cada d\u00eda era el peor del viaje. El invierno se acercaba y en el desierto del Gobi tuve que soportar temperaturas de -15\u00baC. Por suerte, en ese tramo viajaba con Chris y Stu, unos hermanos ingleses que se dirig\u00edan a Vietnam tambi\u00e9n en bici. Los tres juntos pudimos sobrellevar mejor estas condiciones tan cr\u00edticas.<\/p>\n\n\n\n<h2 class=\"wp-block-heading\" id=\"h-4-has-expresado-mas-de-una-vez-que-el-mayor-tesoro-de-un-destino-es-su-gente-cual-es-la-mejor-manera-de-involucrarse-en-la-poblacion-local\">4. Has expresado m\u00e1s de una vez que el mayor tesoro de un destino es su gente. \u00bfCu\u00e1l es la mejor manera de involucrarse en la poblaci\u00f3n local?<\/h2>\n\n\n\n<p>Sin duda, el mejor recuerdo de un pa\u00eds es el trato con sus gentes. Un paisaje bonito o un edificio peculiar lo podemos ver en internet. En cambio, una conversaci\u00f3n alegre o interesante con un lugare\u00f1o es un suvenir \u00fanico. De ninguna manera podremos disfrutar de una relaci\u00f3n sincera con los habitantes del pa\u00eds que estamos visitando si nos perciben como los turistas que van en grupo, se alojan en el hotel caro y van de excursi\u00f3n en el autocar privado.<\/p>\n\n\n\n<p>Respeto mucho esta manera de conocer mundo, pero as\u00ed es dif\u00edcil que los locales se interesen m\u00e1s por nosotros que por nuestro dinero. En cuanto a la gente que he conocido en la carretera, solo he podido compartir el camino con otros viajeros, ya que cuando pedaleas 100 km cada d\u00eda es complicado establecer una relaci\u00f3n con un lugare\u00f1o con quien quiz\u00e1s solo has coincidido en una tienda o un bar. Aunque ahora, con las redes sociales de que disponemos, todo es posible.<\/p>\n\n\n\n<figure class=\"wp-block-image size-large\"><a href=\"https:\/\/www.escapadarural.com\/blog\/wp-content\/uploads\/2013\/03\/desert-1-3-1.jpg\"><img decoding=\"async\" src=\"https:\/\/www.escapadarural.com\/blog\/wp-content\/uploads\/2013\/03\/desert-1-3-1.jpg\" alt=\"La mansi\u00f3n de la tiza\" class=\"wp-image-36323\"\/><\/a><figcaption class=\"wp-element-caption\">La mansi\u00f3n de la tiza. Fuente: Rodam\u00f3n\n\n<\/figcaption><\/figure>\n\n\n\n<h2 class=\"wp-block-heading\" id=\"h-5-a-que-miedos-se-enfrenta-alguien-que-tiene-que-abandonarlo-todo-para-cumplir-su-sueno\">5. \u00bfA qu\u00e9 miedos se enfrenta alguien que tiene que abandonarlo todo para cumplir su sue\u00f1o?<\/h2>\n\n\n\n<p>Tomar la decisi\u00f3n de emprender un viaje as\u00ed puede ser f\u00e1cil para alguien que no se sienta muy enraizado en su tierra. En mi caso, estaba disfrutando de una vida muy dulce con mi novia, mi familia, mis amigos, el trabajo ideal&#8230;<\/p>\n\n\n\n<p>Dejarlo todo de lado es muy duro, pero acaba pesando m\u00e1s la urgencia de realizar nuestro sue\u00f1o. Piensas: \u201cSer\u00e1 mucho peor si llega el momento en que tenga que reconocer que ya es demasiado tarde\u201d. Esta idea me provocaba p\u00e1nico y por suerte mis seres queridos me han apoyado durante todo el proceso. En cuanto al trabajo, m\u00e1s vale no pensar en ello hasta que vuelva.<\/p>\n\n\n\n<figure class=\"wp-block-image size-large\"><a href=\"https:\/\/www.escapadarural.com\/blog\/wp-content\/uploads\/2013\/03\/Autopista-per-a-ciclistes-1.jpg\"><img decoding=\"async\" src=\"https:\/\/www.escapadarural.com\/blog\/wp-content\/uploads\/2013\/03\/Autopista-per-a-ciclistes-1-1024x768-3-1.jpg\" alt=\"Autopista para ciclistas\" class=\"wp-image-36322\"\/><\/a><figcaption class=\"wp-element-caption\">Autopista para ciclistas. Fuente: Rodam\u00f3n\n\n<\/figcaption><\/figure>\n\n\n\n<h2 class=\"wp-block-heading\" id=\"h-6-es-el-mundo-un-lugar-tan-peligroso\">6. \u00bfEs el mundo un lugar tan peligroso?<\/h2>\n\n\n\n<p>Mi impresi\u00f3n es que podr\u00eda quedarme tirado en medio de cualquier carretera y no me pasar\u00eda nada malo. Soy consciente de que hay gente de todo tipo en todas partes, de que quiz\u00e1s estoy teniendo suerte y de que s\u00ed que existen lugares m\u00e1s peligrosos que otros. Pero en general, si usas el sentido com\u00fan, no tiene por qu\u00e9 pasarte nada indeseable. La carretera s\u00ed que puede ser peligrosa seg\u00fan d\u00f3nde cuando viajas en bici, pero si piensas demasiado en ello te subir\u00edas al primer autob\u00fas que pasara<\/p>\n\n\n\n<h2 class=\"wp-block-heading\" id=\"h-7-que-consejos-le-darias-a-alguien-que-quiera-vivir-tu-misma-experiencia\">7. \u00bfQu\u00e9 consejos le dar\u00edas a alguien que quiera vivir tu misma experiencia?<\/h2>\n\n\n\n<p>Creo que cualquier persona que est\u00e9 pensando en hacer un viaje similar al m\u00edo tiene que sincerarse y reconocer si realmente quiere embarcarse en un proyecto as\u00ed o si valora m\u00e1s mantener la estabilidad de la que pueda estar disfrutando en su vida actual. Ser\u00eda una l\u00e1stima que alguien descartara tal idea por miedo a interrumpir su vida durante unos meses. Entiendo que hay personas con responsabilidades que no pueden eludir; a los dem\u00e1s, les recomiendo que se pongan ya una fecha de salida, que lo expliquen a diestra y siniestra y que empiecen a prepararse para una experiencia que podr\u00eda ser la m\u00e1s importante de su vida.<\/p>\n\n\n\n<figure class=\"wp-block-image size-large\"><a href=\"https:\/\/www.escapadarural.com\/blog\/wp-content\/uploads\/2013\/03\/singapur-1-3-1.jpg\"><img decoding=\"async\" src=\"https:\/\/www.escapadarural.com\/blog\/wp-content\/uploads\/2013\/03\/singapur-1-3-1.jpg\" alt=\"Xavier Narro en Singapur\" class=\"wp-image-36321\"\/><\/a><figcaption class=\"wp-element-caption\">Xavier Narro en Singapur. Fuente: Rodam\u00f3n\n\n<\/figcaption><\/figure>\n\n\n\n<h2 class=\"wp-block-heading\" id=\"h-8-alguna-leccion-vital-durante-la-experiencia-de-esas-que-transforman-tu-mundo\">8. \u00bfAlguna lecci\u00f3n vital durante la experiencia, de esas que transforman tu mundo?<\/h2>\n\n\n\n<p>Aunque este es el mayor viaje que jam\u00e1s he emprendido, desde muy joven me he dedicado a recorrer el mundo, ya fuera a pie, en bici o mediante alg\u00fan otro medio de transporte. Quiz\u00e1s por ello en esta ocasi\u00f3n no he tenido ninguna experiencia reveladora. Sin embargo, considero que un viaje de estas caracter\u00edsticas es una lecci\u00f3n continua. Sin darnos cuenta, cada plato que probamos, cada palabra que aprendemos, cada conversaci\u00f3n que mantenemos con un lugare\u00f1o nos ense\u00f1a algo nuevo. Estoy convencido de que al sumar todas estas experiencias, viajar nos convierte en personas m\u00e1s completas.<\/p>\n\n\n\n<h2 class=\"wp-block-heading\" id=\"h-9-como-fue-aquello-de-la-duquesa-de-alba\">9. \u00bfC\u00f3mo fue aquello de la Duquesa de Alba?<\/h2>\n\n\n\n<p>Estaba visitando el Gran Palacio de Bangkok con mi concu\u00f1ado Joan, que pedale\u00f3 conmigo desde Han\u00f3i hasta Singapur, y mientras tom\u00e1bamos unas fotos del Templo del Buda Esmeralda nos sorprendi\u00f3 una peculiar comitiva con una se\u00f1ora muy anciana en silla de ruedas en medio. A pesar de nuestra sorpresa al descubrir que se trataba de la duquesa de Alba de luna de miel, le hicimos unas fotos y posteriormente las vendimos a la prensa rosa. La experiencia me dej\u00f3 un sabor agridulce porque, tras muchos esfuerzos para difundir mi viaje y el blog donde lo explico con textos, fotos y v\u00eddeos, la mayor repercusi\u00f3n la obtuve haciendo de paparazzi aficionado.<\/p>\n\n\n\n<h2 class=\"wp-block-heading\" id=\"h-10-tienes-algun-plan-para-la-vuelta\">10. \u00bfTienes alg\u00fan plan para la vuelta?<\/h2>\n\n\n\n<p>Mi \u00fanico plan para la vuelta es caer en los brazos de mi novia, intentar convencerla para que me deje vivir en su piso, disfrutar mucho de mi familia y amigos y luego reintegrarme en el mercado laboral. S\u00e9 que esto \u00faltimo puede ser dif\u00edcil, pero mi intenci\u00f3n es elaborar un buen producto con todo el material escrito y audiovisual que estoy generando.<\/p>\n\n\n\n<h2 class=\"wp-block-heading\" id=\"h-11-preguntas-de-respuesta-rapida\">11. Preguntas de respuesta r\u00e1pida<\/h2>\n\n\n\n<ul class=\"wp-block-list\">\n<li><strong>Tu primer destino<\/strong>: Mi primer viaje solo fue a los 18 a\u00f1os, una ruta por el Alt Empord\u00e0 con el objetivo de declararme a la chica que me gustaba.<\/li>\n\n\n\n<li><strong>\u00bfY el \u00faltimo?<\/strong> Ahora mismo estoy en Probolinngo, Java, a los pies del volc\u00e1n Bromo.<\/li>\n\n\n\n<li><strong>Tu rinc\u00f3n del mundo favorito<\/strong>: Parece incre\u00edble decirlo despu\u00e9s de haber viajado tanto, pero mi rinc\u00f3n preferido es el bosque de Collserola, la sierra de Barcelona, donde crec\u00ed.<\/li>\n\n\n\n<li><strong>\u00bfY de Espa\u00f1a?<\/strong> Ya veis que me tiran mucho las ra\u00edces: en Espa\u00f1a, mi lugar preferido es el pueblo de mi padre, Morcuera, en <a title=\"Casas rurales en Soria\" href=\"https:\/\/www.escapadarural.com\/casas-rurales\/soria\">Soria<\/a>, con su gente, sus casas de piedra y su peque\u00f1a iglesia rom\u00e1nica.<\/li>\n\n\n\n<li><strong>Un personaje que te haya marcado<\/strong>: Dean Moriarty (apodo de Neal Cassady), personaje de <em>En el camino<\/em>, de Jack Kerouac, me impact\u00f3 por su vitalidad ardiente y su manera alocada de viajar. Pero me identifico m\u00e1s con Sal, el protagonista (que representa al propio Kerouac), ya que equilibra mejor pasi\u00f3n y reflexi\u00f3n.<\/li>\n\n\n\n<li><strong>Un libro de viajes<\/strong>: <em>En el camino<\/em> es sin duda el libro que m\u00e1s me ha marcado a la hora de lanzarme a la carretera. Lo le\u00ed de adolescente y desde entonces no he parado de viajar.<\/li>\n\n\n\n<li><strong>Tu plato favorito<\/strong>: Mi plato preferido es aquel que como por primera vez. Ning\u00fan sabor supera al que nunca antes hab\u00eda probado.<\/li>\n<\/ul>\n\n\n\n<p><strong>Y t\u00fa, \u00bfte atrever\u00edas a dar la vuelta al mundo?<\/strong><\/p>\n","protected":false},"excerpt":{"rendered":"<p>Pocas personas se atreven a cumplir sus sue\u00f1os. Xavier Narro s\u00ed lo est\u00e1 consiguiendo: lleva la mitad de su viaje dando la vuelta al mundo en bicicleta&#8230;<\/p>\n","protected":false},"author":136,"featured_media":36328,"comment_status":"open","ping_status":"closed","sticky":false,"template":"","format":"standard","meta":{"_acf_changed":false,"om_disable_all_campaigns":false,"footnotes":""},"categories":[191],"tags":[495,831,270,983,984],"class_list":["post-2513","post","type-post","status-publish","format-standard","has-post-thumbnail","hentry","category-destinos","tag-bicicleta","tag-entrevistas","tag-turismo-activo","tag-vuelta-al-mundo","tag-xavier-narro"],"acf":[],"featured_image_src":"https:\/\/www.escapadarural.com\/blog\/wp-content\/uploads\/2013\/03\/carretera-1.jpg","author_info":{"display_name":"Escapada Rural","author_link":"https:\/\/www.escapadarural.com\/blog\/autor\/user\/"},"yoast_head":"<!-- This site is optimized with the Yoast SEO plugin v27.5 - https:\/\/yoast.com\/product\/yoast-seo-wordpress\/ -->\n<title>La vuelta al mundo en bicicleta - EscapadaRural<\/title>\n<meta name=\"robots\" content=\"index, follow, max-snippet:-1, max-image-preview:large, max-video-preview:-1\" \/>\n<link rel=\"canonical\" href=\"https:\/\/www.escapadarural.com\/blog\/la-vuelta-al-mundo-en-bicicleta\/\" \/>\n<meta property=\"og:locale\" content=\"es_ES\" \/>\n<meta property=\"og:type\" content=\"article\" \/>\n<meta property=\"og:title\" content=\"La vuelta al mundo en bicicleta - EscapadaRural\" \/>\n<meta property=\"og:description\" content=\"Pocas personas se atreven a cumplir sus sue\u00f1os. Xavier Narro s\u00ed lo est\u00e1 consiguiendo: lleva la mitad de su viaje dando la vuelta al mundo en bicicleta...\" \/>\n<meta property=\"og:url\" content=\"https:\/\/www.escapadarural.com\/blog\/la-vuelta-al-mundo-en-bicicleta\/\" \/>\n<meta property=\"og:site_name\" content=\"Magazine de viajes de EscapadaRural\" \/>\n<meta property=\"article:publisher\" content=\"https:\/\/www.facebook.com\/escapadarural\" \/>\n<meta property=\"article:author\" content=\"https:\/\/www.facebook.com\/escapadarural\" \/>\n<meta property=\"article:published_time\" content=\"2013-03-04T12:52:37+00:00\" \/>\n<meta property=\"article:modified_time\" content=\"2025-08-06T09:08:02+00:00\" \/>\n<meta property=\"og:image\" content=\"https:\/\/www.escapadarural.com\/blog\/wp-content\/uploads\/2013\/03\/carretera-1.jpg?v=1754471283\" \/>\n\t<meta property=\"og:image:width\" content=\"1024\" \/>\n\t<meta property=\"og:image:height\" content=\"764\" \/>\n\t<meta property=\"og:image:type\" content=\"image\/jpeg\" \/>\n<meta name=\"author\" content=\"Escapada Rural\" \/>\n<meta name=\"twitter:card\" content=\"summary_large_image\" \/>\n<meta name=\"twitter:creator\" content=\"@https:\/\/x.com\/i\/flow\/login?redirect_after_login=escapadarural\" \/>\n<meta name=\"twitter:label1\" content=\"Escrito por\" \/>\n\t<meta name=\"twitter:data1\" content=\"Escapada Rural\" \/>\n\t<meta name=\"twitter:label2\" content=\"Tiempo de lectura\" \/>\n\t<meta name=\"twitter:data2\" content=\"10 minutos\" \/>\n<script type=\"application\/ld+json\" class=\"yoast-schema-graph\">{\"@context\":\"https:\\\/\\\/schema.org\",\"@graph\":[{\"@type\":\"Article\",\"@id\":\"https:\\\/\\\/www.escapadarural.com\\\/blog\\\/la-vuelta-al-mundo-en-bicicleta\\\/#article\",\"isPartOf\":{\"@id\":\"https:\\\/\\\/www.escapadarural.com\\\/blog\\\/la-vuelta-al-mundo-en-bicicleta\\\/\"},\"author\":{\"name\":\"Escapada Rural\",\"@id\":\"https:\\\/\\\/www.escapadarural.com\\\/blog\\\/#\\\/schema\\\/person\\\/d9ee55ff3e0cef41d6eac8922b4f972c\"},\"headline\":\"La vuelta al mundo en bicicleta\",\"datePublished\":\"2013-03-04T12:52:37+00:00\",\"dateModified\":\"2025-08-06T09:08:02+00:00\",\"mainEntityOfPage\":{\"@id\":\"https:\\\/\\\/www.escapadarural.com\\\/blog\\\/la-vuelta-al-mundo-en-bicicleta\\\/\"},\"wordCount\":1908,\"commentCount\":7,\"publisher\":{\"@id\":\"https:\\\/\\\/www.escapadarural.com\\\/blog\\\/#organization\"},\"image\":{\"@id\":\"https:\\\/\\\/www.escapadarural.com\\\/blog\\\/la-vuelta-al-mundo-en-bicicleta\\\/#primaryimage\"},\"thumbnailUrl\":\"https:\\\/\\\/www.escapadarural.com\\\/blog\\\/wp-content\\\/uploads\\\/2013\\\/03\\\/carretera-1.jpg\",\"keywords\":[\"Bicicleta\",\"Entrevistas\",\"Turismo activo\",\"Vuelta al mundo\",\"Xavier Narro\"],\"articleSection\":[\"Destinos\"],\"inLanguage\":\"es\",\"potentialAction\":[{\"@type\":\"CommentAction\",\"name\":\"Comment\",\"target\":[\"https:\\\/\\\/www.escapadarural.com\\\/blog\\\/la-vuelta-al-mundo-en-bicicleta\\\/#respond\"]}]},{\"@type\":\"WebPage\",\"@id\":\"https:\\\/\\\/www.escapadarural.com\\\/blog\\\/la-vuelta-al-mundo-en-bicicleta\\\/\",\"url\":\"https:\\\/\\\/www.escapadarural.com\\\/blog\\\/la-vuelta-al-mundo-en-bicicleta\\\/\",\"name\":\"La vuelta al mundo en bicicleta - EscapadaRural\",\"isPartOf\":{\"@id\":\"https:\\\/\\\/www.escapadarural.com\\\/blog\\\/#website\"},\"primaryImageOfPage\":{\"@id\":\"https:\\\/\\\/www.escapadarural.com\\\/blog\\\/la-vuelta-al-mundo-en-bicicleta\\\/#primaryimage\"},\"image\":{\"@id\":\"https:\\\/\\\/www.escapadarural.com\\\/blog\\\/la-vuelta-al-mundo-en-bicicleta\\\/#primaryimage\"},\"thumbnailUrl\":\"https:\\\/\\\/www.escapadarural.com\\\/blog\\\/wp-content\\\/uploads\\\/2013\\\/03\\\/carretera-1.jpg\",\"datePublished\":\"2013-03-04T12:52:37+00:00\",\"dateModified\":\"2025-08-06T09:08:02+00:00\",\"breadcrumb\":{\"@id\":\"https:\\\/\\\/www.escapadarural.com\\\/blog\\\/la-vuelta-al-mundo-en-bicicleta\\\/#breadcrumb\"},\"inLanguage\":\"es\",\"potentialAction\":[{\"@type\":\"ReadAction\",\"target\":[\"https:\\\/\\\/www.escapadarural.com\\\/blog\\\/la-vuelta-al-mundo-en-bicicleta\\\/\"]}]},{\"@type\":\"ImageObject\",\"inLanguage\":\"es\",\"@id\":\"https:\\\/\\\/www.escapadarural.com\\\/blog\\\/la-vuelta-al-mundo-en-bicicleta\\\/#primaryimage\",\"url\":\"https:\\\/\\\/www.escapadarural.com\\\/blog\\\/wp-content\\\/uploads\\\/2013\\\/03\\\/carretera-1.jpg\",\"contentUrl\":\"https:\\\/\\\/www.escapadarural.com\\\/blog\\\/wp-content\\\/uploads\\\/2013\\\/03\\\/carretera-1.jpg\",\"width\":1024,\"height\":764,\"caption\":\"\\\"Carretera del Infierno\\\". Fuente: Rodam\u00f3n\"},{\"@type\":\"BreadcrumbList\",\"@id\":\"https:\\\/\\\/www.escapadarural.com\\\/blog\\\/la-vuelta-al-mundo-en-bicicleta\\\/#breadcrumb\",\"itemListElement\":[{\"@type\":\"ListItem\",\"position\":1,\"name\":\"Inicio\",\"item\":\"https:\\\/\\\/www.escapadarural.com\\\/blog\\\/\"},{\"@type\":\"ListItem\",\"position\":2,\"name\":\"Destinos\",\"item\":\"https:\\\/\\\/www.escapadarural.com\\\/blog\\\/categoria\\\/destinos\\\/\"},{\"@type\":\"ListItem\",\"position\":3,\"name\":\"La vuelta al mundo en bicicleta\"}]},{\"@type\":\"WebSite\",\"@id\":\"https:\\\/\\\/www.escapadarural.com\\\/blog\\\/#website\",\"url\":\"https:\\\/\\\/www.escapadarural.com\\\/blog\\\/\",\"name\":\"Blog de viajes | turismo rural, alojamientos e inspiraci\u00f3n\",\"description\":\"Alojamientos rurales e inspiraci\u00f3n para tus escapadas\",\"publisher\":{\"@id\":\"https:\\\/\\\/www.escapadarural.com\\\/blog\\\/#organization\"},\"alternateName\":\"Magazine de viajes de EscapadaRural\",\"potentialAction\":[{\"@type\":\"SearchAction\",\"target\":{\"@type\":\"EntryPoint\",\"urlTemplate\":\"https:\\\/\\\/www.escapadarural.com\\\/blog\\\/?s={search_term_string}\"},\"query-input\":{\"@type\":\"PropertyValueSpecification\",\"valueRequired\":true,\"valueName\":\"search_term_string\"}}],\"inLanguage\":\"es\"},{\"@type\":\"Organization\",\"@id\":\"https:\\\/\\\/www.escapadarural.com\\\/blog\\\/#organization\",\"name\":\"EscapadaRural\",\"url\":\"https:\\\/\\\/www.escapadarural.com\\\/blog\\\/\",\"logo\":{\"@type\":\"ImageObject\",\"inLanguage\":\"es\",\"@id\":\"https:\\\/\\\/www.escapadarural.com\\\/blog\\\/#\\\/schema\\\/logo\\\/image\\\/\",\"url\":\"https:\\\/\\\/www.escapadarural.com\\\/blog\\\/wp-content\\\/uploads\\\/2024\\\/10\\\/cropped-cropped-escapada-rural-icon-mag-3.png\",\"contentUrl\":\"https:\\\/\\\/www.escapadarural.com\\\/blog\\\/wp-content\\\/uploads\\\/2024\\\/10\\\/cropped-cropped-escapada-rural-icon-mag-3.png\",\"width\":512,\"height\":512,\"caption\":\"EscapadaRural\"},\"image\":{\"@id\":\"https:\\\/\\\/www.escapadarural.com\\\/blog\\\/#\\\/schema\\\/logo\\\/image\\\/\"},\"sameAs\":[\"https:\\\/\\\/www.facebook.com\\\/escapadarural\",\"https:\\\/\\\/www.instagram.com\\\/escapadarural\\\/\",\"https:\\\/\\\/www.youtube.com\\\/@escapadaruralcom\"]},{\"@type\":\"Person\",\"@id\":\"https:\\\/\\\/www.escapadarural.com\\\/blog\\\/#\\\/schema\\\/person\\\/d9ee55ff3e0cef41d6eac8922b4f972c\",\"name\":\"Escapada Rural\",\"image\":{\"@type\":\"ImageObject\",\"inLanguage\":\"es\",\"@id\":\"https:\\\/\\\/www.escapadarural.com\\\/blog\\\/wp-content\\\/uploads\\\/2024\\\/10\\\/cropped-cropped-escapada-rural-icon-mag-3-96x96.png\",\"url\":\"https:\\\/\\\/www.escapadarural.com\\\/blog\\\/wp-content\\\/uploads\\\/2024\\\/10\\\/cropped-cropped-escapada-rural-icon-mag-3-96x96.png\",\"contentUrl\":\"https:\\\/\\\/www.escapadarural.com\\\/blog\\\/wp-content\\\/uploads\\\/2024\\\/10\\\/cropped-cropped-escapada-rural-icon-mag-3-96x96.png\",\"caption\":\"Escapada Rural\"},\"sameAs\":[\"https:\\\/\\\/www.facebook.com\\\/escapadarural\",\"https:\\\/\\\/www.linkedin.com\\\/company\\\/escapada-rural\\\/?originalSubdomain=es\",\"https:\\\/\\\/x.com\\\/https:\\\/\\\/x.com\\\/i\\\/flow\\\/login?redirect_after_login=escapadarural\"],\"url\":\"https:\\\/\\\/www.escapadarural.com\\\/blog\\\/autor\\\/user\\\/\"}]}<\/script>\n<!-- \/ Yoast SEO plugin. -->","yoast_head_json":{"title":"La vuelta al mundo en bicicleta - EscapadaRural","robots":{"index":"index","follow":"follow","max-snippet":"max-snippet:-1","max-image-preview":"max-image-preview:large","max-video-preview":"max-video-preview:-1"},"canonical":"https:\/\/www.escapadarural.com\/blog\/la-vuelta-al-mundo-en-bicicleta\/","og_locale":"es_ES","og_type":"article","og_title":"La vuelta al mundo en bicicleta - EscapadaRural","og_description":"Pocas personas se atreven a cumplir sus sue\u00f1os. Xavier Narro s\u00ed lo est\u00e1 consiguiendo: lleva la mitad de su viaje dando la vuelta al mundo en bicicleta...","og_url":"https:\/\/www.escapadarural.com\/blog\/la-vuelta-al-mundo-en-bicicleta\/","og_site_name":"Magazine de viajes de EscapadaRural","article_publisher":"https:\/\/www.facebook.com\/escapadarural","article_author":"https:\/\/www.facebook.com\/escapadarural","article_published_time":"2013-03-04T12:52:37+00:00","article_modified_time":"2025-08-06T09:08:02+00:00","og_image":[{"width":1024,"height":764,"url":"https:\/\/www.escapadarural.com\/blog\/wp-content\/uploads\/2013\/03\/carretera-1.jpg?v=1754471283","type":"image\/jpeg"}],"author":"Escapada Rural","twitter_card":"summary_large_image","twitter_creator":"@https:\/\/x.com\/i\/flow\/login?redirect_after_login=escapadarural","twitter_misc":{"Escrito por":"Escapada Rural","Tiempo de lectura":"10 minutos"},"schema":{"@context":"https:\/\/schema.org","@graph":[{"@type":"Article","@id":"https:\/\/www.escapadarural.com\/blog\/la-vuelta-al-mundo-en-bicicleta\/#article","isPartOf":{"@id":"https:\/\/www.escapadarural.com\/blog\/la-vuelta-al-mundo-en-bicicleta\/"},"author":{"name":"Escapada Rural","@id":"https:\/\/www.escapadarural.com\/blog\/#\/schema\/person\/d9ee55ff3e0cef41d6eac8922b4f972c"},"headline":"La vuelta al mundo en bicicleta","datePublished":"2013-03-04T12:52:37+00:00","dateModified":"2025-08-06T09:08:02+00:00","mainEntityOfPage":{"@id":"https:\/\/www.escapadarural.com\/blog\/la-vuelta-al-mundo-en-bicicleta\/"},"wordCount":1908,"commentCount":7,"publisher":{"@id":"https:\/\/www.escapadarural.com\/blog\/#organization"},"image":{"@id":"https:\/\/www.escapadarural.com\/blog\/la-vuelta-al-mundo-en-bicicleta\/#primaryimage"},"thumbnailUrl":"https:\/\/www.escapadarural.com\/blog\/wp-content\/uploads\/2013\/03\/carretera-1.jpg","keywords":["Bicicleta","Entrevistas","Turismo activo","Vuelta al mundo","Xavier Narro"],"articleSection":["Destinos"],"inLanguage":"es","potentialAction":[{"@type":"CommentAction","name":"Comment","target":["https:\/\/www.escapadarural.com\/blog\/la-vuelta-al-mundo-en-bicicleta\/#respond"]}]},{"@type":"WebPage","@id":"https:\/\/www.escapadarural.com\/blog\/la-vuelta-al-mundo-en-bicicleta\/","url":"https:\/\/www.escapadarural.com\/blog\/la-vuelta-al-mundo-en-bicicleta\/","name":"La vuelta al mundo en bicicleta - EscapadaRural","isPartOf":{"@id":"https:\/\/www.escapadarural.com\/blog\/#website"},"primaryImageOfPage":{"@id":"https:\/\/www.escapadarural.com\/blog\/la-vuelta-al-mundo-en-bicicleta\/#primaryimage"},"image":{"@id":"https:\/\/www.escapadarural.com\/blog\/la-vuelta-al-mundo-en-bicicleta\/#primaryimage"},"thumbnailUrl":"https:\/\/www.escapadarural.com\/blog\/wp-content\/uploads\/2013\/03\/carretera-1.jpg","datePublished":"2013-03-04T12:52:37+00:00","dateModified":"2025-08-06T09:08:02+00:00","breadcrumb":{"@id":"https:\/\/www.escapadarural.com\/blog\/la-vuelta-al-mundo-en-bicicleta\/#breadcrumb"},"inLanguage":"es","potentialAction":[{"@type":"ReadAction","target":["https:\/\/www.escapadarural.com\/blog\/la-vuelta-al-mundo-en-bicicleta\/"]}]},{"@type":"ImageObject","inLanguage":"es","@id":"https:\/\/www.escapadarural.com\/blog\/la-vuelta-al-mundo-en-bicicleta\/#primaryimage","url":"https:\/\/www.escapadarural.com\/blog\/wp-content\/uploads\/2013\/03\/carretera-1.jpg","contentUrl":"https:\/\/www.escapadarural.com\/blog\/wp-content\/uploads\/2013\/03\/carretera-1.jpg","width":1024,"height":764,"caption":"\"Carretera del Infierno\". Fuente: Rodam\u00f3n"},{"@type":"BreadcrumbList","@id":"https:\/\/www.escapadarural.com\/blog\/la-vuelta-al-mundo-en-bicicleta\/#breadcrumb","itemListElement":[{"@type":"ListItem","position":1,"name":"Inicio","item":"https:\/\/www.escapadarural.com\/blog\/"},{"@type":"ListItem","position":2,"name":"Destinos","item":"https:\/\/www.escapadarural.com\/blog\/categoria\/destinos\/"},{"@type":"ListItem","position":3,"name":"La vuelta al mundo en bicicleta"}]},{"@type":"WebSite","@id":"https:\/\/www.escapadarural.com\/blog\/#website","url":"https:\/\/www.escapadarural.com\/blog\/","name":"Blog de viajes | turismo rural, alojamientos e inspiraci\u00f3n","description":"Alojamientos rurales e inspiraci\u00f3n para tus escapadas","publisher":{"@id":"https:\/\/www.escapadarural.com\/blog\/#organization"},"alternateName":"Magazine de viajes de EscapadaRural","potentialAction":[{"@type":"SearchAction","target":{"@type":"EntryPoint","urlTemplate":"https:\/\/www.escapadarural.com\/blog\/?s={search_term_string}"},"query-input":{"@type":"PropertyValueSpecification","valueRequired":true,"valueName":"search_term_string"}}],"inLanguage":"es"},{"@type":"Organization","@id":"https:\/\/www.escapadarural.com\/blog\/#organization","name":"EscapadaRural","url":"https:\/\/www.escapadarural.com\/blog\/","logo":{"@type":"ImageObject","inLanguage":"es","@id":"https:\/\/www.escapadarural.com\/blog\/#\/schema\/logo\/image\/","url":"https:\/\/www.escapadarural.com\/blog\/wp-content\/uploads\/2024\/10\/cropped-cropped-escapada-rural-icon-mag-3.png","contentUrl":"https:\/\/www.escapadarural.com\/blog\/wp-content\/uploads\/2024\/10\/cropped-cropped-escapada-rural-icon-mag-3.png","width":512,"height":512,"caption":"EscapadaRural"},"image":{"@id":"https:\/\/www.escapadarural.com\/blog\/#\/schema\/logo\/image\/"},"sameAs":["https:\/\/www.facebook.com\/escapadarural","https:\/\/www.instagram.com\/escapadarural\/","https:\/\/www.youtube.com\/@escapadaruralcom"]},{"@type":"Person","@id":"https:\/\/www.escapadarural.com\/blog\/#\/schema\/person\/d9ee55ff3e0cef41d6eac8922b4f972c","name":"Escapada Rural","image":{"@type":"ImageObject","inLanguage":"es","@id":"https:\/\/www.escapadarural.com\/blog\/wp-content\/uploads\/2024\/10\/cropped-cropped-escapada-rural-icon-mag-3-96x96.png","url":"https:\/\/www.escapadarural.com\/blog\/wp-content\/uploads\/2024\/10\/cropped-cropped-escapada-rural-icon-mag-3-96x96.png","contentUrl":"https:\/\/www.escapadarural.com\/blog\/wp-content\/uploads\/2024\/10\/cropped-cropped-escapada-rural-icon-mag-3-96x96.png","caption":"Escapada Rural"},"sameAs":["https:\/\/www.facebook.com\/escapadarural","https:\/\/www.linkedin.com\/company\/escapada-rural\/?originalSubdomain=es","https:\/\/x.com\/https:\/\/x.com\/i\/flow\/login?redirect_after_login=escapadarural"],"url":"https:\/\/www.escapadarural.com\/blog\/autor\/user\/"}]}},"_links":{"self":[{"href":"https:\/\/www.escapadarural.com\/blog\/wp-json\/wp\/v2\/posts\/2513","targetHints":{"allow":["GET"]}}],"collection":[{"href":"https:\/\/www.escapadarural.com\/blog\/wp-json\/wp\/v2\/posts"}],"about":[{"href":"https:\/\/www.escapadarural.com\/blog\/wp-json\/wp\/v2\/types\/post"}],"author":[{"embeddable":true,"href":"https:\/\/www.escapadarural.com\/blog\/wp-json\/wp\/v2\/users\/136"}],"replies":[{"embeddable":true,"href":"https:\/\/www.escapadarural.com\/blog\/wp-json\/wp\/v2\/comments?post=2513"}],"version-history":[{"count":0,"href":"https:\/\/www.escapadarural.com\/blog\/wp-json\/wp\/v2\/posts\/2513\/revisions"}],"wp:featuredmedia":[{"embeddable":true,"href":"https:\/\/www.escapadarural.com\/blog\/wp-json\/wp\/v2\/media\/36328"}],"wp:attachment":[{"href":"https:\/\/www.escapadarural.com\/blog\/wp-json\/wp\/v2\/media?parent=2513"}],"wp:term":[{"taxonomy":"category","embeddable":true,"href":"https:\/\/www.escapadarural.com\/blog\/wp-json\/wp\/v2\/categories?post=2513"},{"taxonomy":"post_tag","embeddable":true,"href":"https:\/\/www.escapadarural.com\/blog\/wp-json\/wp\/v2\/tags?post=2513"}],"curies":[{"name":"wp","href":"https:\/\/api.w.org\/{rel}","templated":true}]}}