{"id":2516,"date":"2018-05-24T10:00:19","date_gmt":"2018-05-24T10:00:19","guid":{"rendered":"http:\/\/15.188.81.248\/2018\/05\/24\/linces-astronomia-y-mucho-mas-el-monnatura-pirineus\/"},"modified":"2026-02-05T14:13:46","modified_gmt":"2026-02-05T13:13:46","slug":"linces-astronomia-y-mucho-mas-el-monnatura-pirineus","status":"publish","type":"post","link":"https:\/\/www.escapadarural.com\/blog\/linces-astronomia-y-mucho-mas-el-monnatura-pirineus\/","title":{"rendered":"C\u00f3mo ver linces (y buitres y estrellas) en el Pirineo"},"content":{"rendered":"<div class=\"wp-block-image\">\n<figure class=\"aligncenter size-large\"><a href=\"https:\/\/www.escapadarural.com\/blog\/wp-content\/uploads\/2018\/05\/linx.jpg\"><img decoding=\"async\" src=\"https:\/\/www.escapadarural.com\/blog\/wp-content\/uploads\/2018\/05\/linx.jpg\" alt=\"Lince ib\u00e9rico\" class=\"wp-image-26447\"\/><\/a><figcaption class=\"wp-element-caption\">El lince. Fuente: M\u00f3nNatura Pirineus<\/figcaption><\/figure>\n<\/div>\n\n\n<p>Lo primero que llama del M\u00f3nNatura Pirineus (<a title=\"Casas rurales en Lleida\" href=\"https:\/\/www.escapadarural.com\/casas-rurales\/lleida\">Lleida<\/a>) es la promesa de una pareja de <strong>linces<\/strong> en su h\u00e1bitat. Pero luego llega la astronom\u00eda en aquella noche perfecta, ese edificio bioclim\u00e1tico tambi\u00e9n llega, y cuando ya es hora de irse comprendes que la promesa particular ha sido desbordada por el conjunto.<\/p>\n\n\n\n<p><strong><a href=\"https:\/\/www.escapadarural.com\/casa-rural\/lleida\/mon-natura-pirineus\">M\u00f3nNatura<\/a> Pirineus<\/strong> es un equipamiento de la Fundaci\u00f3n Catalunya-La Pedrera dedicado a la educaci\u00f3n ambiental. Ofrece actividades, alojamiento y <a href=\"https:\/\/www.escapadarural.com\/blog\/6-comunidades-en-las-que-hacer-una-ruta-de-la-tapa-gratis\/\" title=\"6 comunidades en las que hacer una ruta de la tapa gratis\"  data-wpil-monitor-id=\"651\">gastronom\u00eda<\/a> para todo tipo de p\u00fablico. Se inserta en un paraje inenarrable: les <a href=\"https:\/\/www.escapadarural.com\/casas-rurales\/valls-d-aneu\">Valls d&#8217;\u00c0neu<\/a>. La visita es m\u00e1s que <a href=\"https:\/\/www.escapadarural.com\/blog\/planes-que-hacer-primavera-asturias\/\" title=\"Planes para una escapada rural en primavera en Asturias\"  data-wpil-monitor-id=\"645\">recomendable<\/a>.<\/p>\n\n\n\n<p>El entorno <a href=\"https:\/\/www.escapadarural.com\/blog\/iglesias-incrustadas-en-la-roca\/\" title=\"Culto en la monta\u00f1a: 12 iglesias incrustadas en la roca\"  data-wpil-monitor-id=\"652\">monta\u00f1oso<\/a> que acoge este espect\u00e1culo apareci\u00f3 nevado durante nuestra visita.<\/p>\n\n\n\n<figure class=\"wp-block-image size-large\"><a href=\"https:\/\/www.escapadarural.com\/blog\/wp-content\/uploads\/2018\/05\/Pirineus-139.jpg\"><img decoding=\"async\" src=\"https:\/\/www.escapadarural.com\/blog\/wp-content\/uploads\/2018\/05\/Pirineus-139-1024x636-1.jpg\" alt=\"M\u00f3nNatura Pirineus\" class=\"wp-image-26446\"\/><\/a><figcaption class=\"wp-element-caption\">El edificio bioclim\u00e1tico del M\u00f3nNatura Pirineus y su entorno nevado.<\/figcaption><\/figure>\n\n\n\n<figure class=\"wp-block-image size-large\"><a href=\"https:\/\/www.escapadarural.com\/blog\/wp-content\/uploads\/2018\/05\/Pirineus-13.jpg\"><img decoding=\"async\" src=\"https:\/\/www.escapadarural.com\/blog\/wp-content\/uploads\/2018\/05\/Pirineus-13-1024x635-1.jpg\" alt=\"M\u00f3nNatura Pirineus\" class=\"wp-image-26445\"\/><\/a><figcaption class=\"wp-element-caption\">Caballos pastando despu\u00e9s de la nevada.<\/figcaption><\/figure>\n\n\n\n<figure class=\"wp-block-image size-large\"><a href=\"https:\/\/www.escapadarural.com\/blog\/wp-content\/uploads\/2018\/05\/Pirineus-9.jpg\"><img decoding=\"async\" src=\"https:\/\/www.escapadarural.com\/blog\/wp-content\/uploads\/2018\/05\/Pirineus-9-1024x573-1.jpg\" alt=\"M\u00f3nNatura Pirineus\" class=\"wp-image-26444\"\/><\/a><figcaption class=\"wp-element-caption\">Monta\u00f1as y valles desde las ventanas del M\u00f3nNatura Pirineus.<\/figcaption><\/figure>\n\n\n\n<figure class=\"wp-block-image size-large\"><a href=\"https:\/\/www.escapadarural.com\/blog\/wp-content\/uploads\/2018\/05\/Pirineus-11.jpg\"><img decoding=\"async\" src=\"https:\/\/www.escapadarural.com\/blog\/wp-content\/uploads\/2018\/05\/Pirineus-11-1024x655-1.jpg\" alt=\"Pirineus\" class=\"wp-image-26443\"\/><\/a><\/figure>\n\n\n\n<figure class=\"wp-block-pullquote\"><blockquote><p>El equipamiento del M\u00f3nNatura Pirineus es especialmente atractivo para <strong><a href=\"https:\/\/www.escapadarural.com\/blog\/les-estunes-ruta-para-ninos-lago-banyoles\/\" title=\"Les Estunes: el bosque de hadas con una bonita ruta para ni\u00f1os junto a Banyoles\"  data-wpil-monitor-id=\"643\">familias con ni\u00f1os<\/a><\/strong>.<\/p><\/blockquote><\/figure>\n\n\n\n<p>De la misma manera que todo en la naturaleza es <strong>adaptaci\u00f3n<\/strong>, el centro M\u00f3nNatura Pirineus se ha asimilado a su entorno: el edificio bioclim\u00e1tico, el centro de fauna, el observatorio y hasta el conocimiento de su equipo humano, son muestra de una adaptaci\u00f3n completo del equipamiento en pleno Pirineo.<\/p>\n\n\n\n<p>Deber\u00eda ser obligatorio como la <a href=\"https:\/\/www.escapadarural.com\/blog\/la-peregrinacion-de-les-useres\/\" title=\"La peregrinaci\u00f3n de Les Useres: la tradici\u00f3n medieval que a\u00fan se conserva en Castell\u00f3n\"  data-wpil-monitor-id=\"653\">peregrinaci\u00f3n<\/a> a la Meca para los musulmanes. El M\u00f3nNatura Pirineus nos devuelve a nuestra naturaleza olvidada y nos transmite un futuro alternativo, respetuoso, en contacto literal con lo que nos hace m\u00e1s humanos.<\/p>\n\n\n\n<figure class=\"wp-block-image size-large\"><a href=\"https:\/\/www.escapadarural.com\/blog\/wp-content\/uploads\/2018\/05\/Pirineus-149.jpg\"><img decoding=\"async\" src=\"https:\/\/www.escapadarural.com\/blog\/wp-content\/uploads\/2018\/05\/Pirineus-149-1024x681-1.jpg\" alt=\"Pirineus\" class=\"wp-image-26442\"\/><\/a><\/figure>\n\n\n\n<figure class=\"wp-block-image size-large\"><a href=\"https:\/\/www.escapadarural.com\/blog\/wp-content\/uploads\/2018\/05\/Pirineus-154.jpg\"><img decoding=\"async\" src=\"https:\/\/www.escapadarural.com\/blog\/wp-content\/uploads\/2018\/05\/Pirineus-154-1024x681-1.jpg\" alt=\"Pirineus\" class=\"wp-image-26441\"\/><\/a><\/figure>\n\n\n\n<p>Los descubrimientos est\u00e1n a la orden del d\u00eda, las actividades son <strong>tan l\u00fadicas como educativas<\/strong> y las sensaciones en el entorno est\u00e1n totalmente alejadas a las que se experimentan en la ciudad.<\/p>\n\n\n\n<p>Pudimos comprobar todo ello de primera mano, compartiendo sensaciones y actividades en un grupo reducido con dos ni\u00f1os peque\u00f1os. \u00bfQui\u00e9n disfrut\u00f3 m\u00e1s, ellos o nosotros?<\/p>\n\n\n\n<ul class=\"wp-block-list\">\n<li><strong>Edificio bioclim\u00e1tico<\/strong>. M\u00e1s de 3.000 m2 mide el edificio bioclim\u00e1tico de M\u00f3nNatura Pirineus alimentado por energ\u00edas renovables. Sin embargo, pese a sus dimensiones su dise\u00f1o pasa desapercibido. Incluso se pasean corzos por su cubierta vegetal, por su techo, por la noche.<\/li>\n\n\n\n<li><strong>Observatorio<\/strong>. A m\u00e1s de 1.500 m de altitud, con ausencia total de contaminaci\u00f3n lum\u00ednica, el firmamento es sobrecogedor. El planetario, el observatorio y la explicaci\u00f3n del <a href=\"https:\/\/www.escapadarural.com\/blog\/que-ver-en-setenil-de-las-bodegas\/\" title=\"Qu\u00e9 ver en Setenil de las Bodegas: el pueblo gaditano incrustado bajo las rocas\"  data-wpil-monitor-id=\"644\">gu\u00eda<\/a> nos permitieron acercarnos a los grandes misterios del universo.<\/li>\n\n\n\n<li><strong>Raquetas de nieve<\/strong>. Si hay sol, rutas con botas. Si hay nieve, <a href=\"https:\/\/www.escapadarural.com\/blog\/rutas-con-raquetas-de-nieve\/\" title=\"Las mejores rutas con raquetas de nieve en Espa\u00f1a\"  data-wpil-monitor-id=\"655\">rutas con raquetas<\/a>. La adaptaci\u00f3n al entorno es principal y no lo iban a ser menos las actividades. Nos calzamos las raquetas y paseamos por un manto blanco bajo un cielo azul. Idil\u00edco.<\/li>\n\n\n\n<li><strong>Centro de Fauna<\/strong>. Un centro de recuperaci\u00f3n de fauna salvaje en su h\u00e1bitat. Encontramos una <a href=\"https:\/\/www.escapadarural.com\/blog\/los-mejores-rincones-de-la-sierra-de-madrid\/\" title=\"Los 14 mejores rincones de la Sierra Norte de Madrid\"  data-wpil-monitor-id=\"648\">pareja<\/a> de linces, s\u00ed, pero descubrimos tambi\u00e9n al urogallo, a la gineta, al zorro, al quebrantahuesos, entre otros. Una experiencia memorable.<\/li>\n<\/ul>\n\n\n\n<h2 class=\"wp-block-heading title-rute\" id=\"h-1-el-edificio-mimetizado\"><strong>1.<\/strong> El edificio mimetizado<\/h2>\n\n\n\n<figure class=\"wp-block-image size-large\"><a href=\"https:\/\/www.escapadarural.com\/blog\/wp-content\/uploads\/2018\/05\/Pirineus-78.jpg\"><img decoding=\"async\" src=\"https:\/\/www.escapadarural.com\/blog\/wp-content\/uploads\/2018\/05\/Pirineus-78-1024x627-1.jpg\" alt=\"M\u00f3nNatura Pirineus\" class=\"wp-image-26440\"\/><\/a><figcaption class=\"wp-element-caption\">Sal\u00f3n de estar, con vistas al valle y chimenea.<\/figcaption><\/figure>\n\n\n\n<figure class=\"wp-block-image size-large\"><a href=\"https:\/\/www.escapadarural.com\/blog\/wp-content\/uploads\/2018\/05\/Pirineus-64-scaled.jpg\"><img decoding=\"async\" src=\"https:\/\/www.escapadarural.com\/blog\/wp-content\/uploads\/2018\/05\/Pirineus-64-1024x681-1.jpg\" alt=\"\" class=\"wp-image-26439\"\/><\/a><\/figure>\n\n\n\n<figure class=\"wp-block-image size-large\"><a href=\"https:\/\/www.escapadarural.com\/blog\/wp-content\/uploads\/2018\/05\/Pirineus-169.jpg\"><img decoding=\"async\" src=\"https:\/\/www.escapadarural.com\/blog\/wp-content\/uploads\/2018\/05\/Pirineus-169-1024x636-1.jpg\" alt=\"M\u00f3nNatura Pirineus\" class=\"wp-image-26437\"\/><\/a><\/figure>\n\n\n\n<figure class=\"wp-block-image size-large\"><a href=\"https:\/\/www.escapadarural.com\/blog\/wp-content\/uploads\/2018\/05\/Pirineus-44.jpg\"><img decoding=\"async\" src=\"https:\/\/www.escapadarural.com\/blog\/wp-content\/uploads\/2018\/05\/Pirineus-44-1024x650-1.jpg\" alt=\"Pirineus\" class=\"wp-image-26436\"\/><\/a><\/figure>\n\n\n\n<p>Explicaba Audit, nuestra <a href=\"https:\/\/www.escapadarural.com\/blog\/guia-para-hacer-la-ruta-del-cares\/\" title=\"La gu\u00eda definitiva para hacer la Ruta del Cares (actualizado julio 2024)\"  data-wpil-monitor-id=\"654\">gu\u00eda<\/a> y educadora, que el edificio del M\u00f3nNatura Pirineus realmente hab\u00eda conseguido su prop\u00f3sito de autosuficiencia. Y lo consigui\u00f3 en un momento, hace m\u00e1s de una d\u00e9cada, en el que la palabra no estaba tan de moda ni hab\u00eda tantos arquitectos capaces para la tarea.<\/p>\n\n\n\n<p>Una gran zona acristalada orientada hacia el Sur recibe toda la luz del <strong>Sol<\/strong>. La zona Norte queda incrustada en la <a title=\"Alojamientos rurales en la monta\u00f1a\" href=\"https:\/\/www.escapadarural.com\/casas-rurales?f=48\">monta\u00f1a<\/a> en que se asienta. La dificultad para transportar grandes vigas hasta aquel rinc\u00f3n apartado motiv\u00f3 su concepci\u00f3n casi tanto como su objetivo: pasar desapercibido y asimilarse al <a href=\"https:\/\/www.escapadarural.com\/blog\/lagos-preciosos-que-visitar-en-espana\/\" title=\"15 lagos en Espa\u00f1a que merecen una visita\"  data-wpil-monitor-id=\"649\">paisaje<\/a>.<\/p>\n\n\n\n<figure class=\"wp-block-pullquote\"><blockquote><p>M\u00f3nNatura Pirineus usa placas fotovoltaicas, captadores t\u00e9rmicos, caldera de biomasa, calefacci\u00f3n por suelo radiante y equipos de consumo eficiente.<\/p><\/blockquote><\/figure>\n\n\n\n<p>El techo est\u00e1 cubierto, es un espacio m\u00e1s de camino vegetal. Por all\u00ed se pasean con alguna frecuencia corzos y otros animales, ajenos a todo como \u00e9xito de la construcci\u00f3n, por encima de las cabezas de los visitantes. Tambi\u00e9n en la cubierta vegetal se ha mantenido una caba\u00f1a de pastor. Ese breve patrimonio cultural heredado y mantenido inspir\u00f3 en parte el dise\u00f1o del edificio.<\/p>\n\n\n\n<p>Aqu\u00ed todo se recicla, hasta el punto de que en M\u00f3nNatura Pirineus generan 20,5 toneladas de materia org\u00e1nica que reparten a los campesinos de la zona. Los excrementos del quebrantahuesos, siento la mueca, no son m\u00e1s que tiza, calcio. La recogida es selectiva, la energ\u00eda natural, aunque eso s\u00ed se debe apoyar en parte con gas natural: el invierno en el Pirineo y a esta altura es dif\u00edcil de aplacar con pele. El agua proviene del deshielo y el r\u00edo, filtrado por una depuradora que cubre todas las necesidades.<\/p>\n\n\n\n<figure class=\"wp-block-image size-large\"><a href=\"https:\/\/www.escapadarural.com\/blog\/wp-content\/uploads\/2018\/05\/Pirineus-26.jpg\"><img decoding=\"async\" src=\"https:\/\/www.escapadarural.com\/blog\/wp-content\/uploads\/2018\/05\/Pirineus-26-1024x625-1.jpg\" alt=\"Pirineus\" class=\"wp-image-26435\"\/><\/a><\/figure>\n\n\n\n<figure class=\"wp-block-image size-large\"><a href=\"https:\/\/www.escapadarural.com\/blog\/wp-content\/uploads\/2018\/05\/Pirineus-24.jpg\"><img decoding=\"async\" src=\"https:\/\/www.escapadarural.com\/blog\/wp-content\/uploads\/2018\/05\/Pirineus-24-1024x613-1.jpg\" alt=\"Pirineus\" class=\"wp-image-26434\"\/><\/a><\/figure>\n\n\n\n<figure class=\"wp-block-image size-large\"><a href=\"https:\/\/www.escapadarural.com\/blog\/wp-content\/uploads\/2018\/05\/Pirineus-25.jpg\"><img decoding=\"async\" src=\"https:\/\/www.escapadarural.com\/blog\/wp-content\/uploads\/2018\/05\/Pirineus-25-1024x630-1.jpg\" alt=\"Pirineus\" class=\"wp-image-26433\"\/><\/a><\/figure>\n\n\n\n<p>El edificio cuenta con 94 plazas de alojamiento en 24 habitaciones. Tiene un restaurante con una exquisitez cotidiana dif\u00edcil de explicar, un auditorio, una <a title=\"Casas rurales con biblioteca\" href=\"https:\/\/www.escapadarural.com\/casas-rurales?f=24\">biblioteca<\/a> con libros, revistas y documentales del mundo natural, una ludoteca y un aula de inform\u00e1tica.<\/p>\n\n\n\n<h2 class=\"wp-block-heading title-rute\" id=\"h-2-rutas-en-invierno-las-raquetas-de-nieve\"><strong>2.<\/strong> Rutas en invierno: las raquetas de nieve<\/h2>\n\n\n\n<figure class=\"wp-block-image size-large\"><a href=\"https:\/\/www.escapadarural.com\/blog\/wp-content\/uploads\/2018\/05\/Pirineus-131.jpg\"><img decoding=\"async\" src=\"https:\/\/www.escapadarural.com\/blog\/wp-content\/uploads\/2018\/05\/Pirineus-131-1024x587-1.jpg\" alt=\"Pirineus\" class=\"wp-image-26432\"\/><\/a><\/figure>\n\n\n\n<figure class=\"wp-block-image size-large\"><a href=\"https:\/\/www.escapadarural.com\/blog\/wp-content\/uploads\/2018\/05\/Pirineus-173.jpg\"><img decoding=\"async\" src=\"https:\/\/www.escapadarural.com\/blog\/wp-content\/uploads\/2018\/05\/Pirineus-173-1024x608-1.jpg\" alt=\"Pirineus\" class=\"wp-image-26431\"\/><\/a><\/figure>\n\n\n\n<figure class=\"wp-block-image size-large\"><a href=\"https:\/\/www.escapadarural.com\/blog\/wp-content\/uploads\/2018\/05\/Pirineus-98.jpg\"><img decoding=\"async\" src=\"https:\/\/www.escapadarural.com\/blog\/wp-content\/uploads\/2018\/05\/Pirineus-98-1024x606-1.jpg\" alt=\"Pirineus\" class=\"wp-image-26430\"\/><\/a><\/figure>\n\n\n\n<figure class=\"wp-block-image size-large\"><a href=\"https:\/\/www.escapadarural.com\/blog\/wp-content\/uploads\/2018\/05\/Pirineus-90.jpg\"><img decoding=\"async\" src=\"https:\/\/www.escapadarural.com\/blog\/wp-content\/uploads\/2018\/05\/Pirineus-90-1024x681-1.jpg\" alt=\"Pirineus\" class=\"wp-image-26429\"\/><\/a><\/figure>\n\n\n\n<figure class=\"wp-block-image size-large\"><a href=\"https:\/\/www.escapadarural.com\/blog\/wp-content\/uploads\/2018\/05\/Pirineus-114.jpg\"><img decoding=\"async\" src=\"https:\/\/www.escapadarural.com\/blog\/wp-content\/uploads\/2018\/05\/Pirineus-114-1024x681-1.jpg\" alt=\"Pirineus\" class=\"wp-image-26427\"\/><\/a><\/figure>\n\n\n\n<p>Es un entorno para todas las estaciones. Nuestra <a href=\"https:\/\/www.escapadarural.com\/blog\/pueblos-de-postal-que-visitar-invierno\/\" title=\"7 pueblos de postal que visitar este invierno\"  data-wpil-monitor-id=\"642\">visita transcurre en invierno<\/a>, justo despu\u00e9s de una gran nevada, y antes de entrar por primera vez al edificio se deslizan grupos de aficionados al esqu\u00ed por las laderas.<\/p>\n\n\n\n<figure class=\"wp-block-pullquote\"><blockquote><p>En <strong><a href=\"https:\/\/www.escapadarural.com\/blog\/rutas-originales-para-semana-santa\/\" title=\"4 rutas originales que hacer esta Semana Santa\"  data-wpil-monitor-id=\"641\">Semana Santa<\/a><\/strong>, M\u00f3nNatura Pirineus ha preparado el programa \u00abTradici\u00f3n y costumbres de Alta Monta\u00f1a. <a href=\"https:\/\/monnaturapirineus.com\" target=\"_blank\">M\u00e1s informaci\u00f3n<\/a>.<\/p><\/blockquote><\/figure>\n\n\n\n<p>Nosotros tambi\u00e9n hicimos nuestros pinitos, aunque de una forma menos deportiva. Nos calzamos las raquetas de nieve por primera vez y fuimos a observar de cerca todo aquello que nuestra intuici\u00f3n se\u00f1alaba como bonito. Se equivocaba: era m\u00e1s bonito todav\u00eda.<\/p>\n\n\n\n<p>El paisaje contemplado con las raquetas de nieve era po\u00e9tico, porque se ten\u00edan en frente todos los elementos que suelen cantarse a la naturaleza. Un r\u00edo quebraba en lo posible la monoton\u00eda de la nieve. Aquello \u00e1rboles se hab\u00edan adaptado por completo a los fr\u00edos y calores y a los suelos en pendiente.<\/p>\n\n\n\n<p>Lo que a nosotros nos parec\u00eda una estampa para fotograf\u00edar se revelaba de cerca como una conquista de la vida por el territorio. Quedaba a lo lejos el edificio. Y por supuesto que antes de llegar a \u00e9l de vuelta intentamos dibujar un \u00e1ngel en la nieve.<\/p>\n\n\n\n<h2 class=\"wp-block-heading title-rute\" id=\"h-3-la-fascinante-contemplacion-del-firmamento\"><strong>3.<\/strong> La fascinante contemplaci\u00f3n del firmamento<\/h2>\n\n\n\n<figure class=\"wp-block-image size-large\"><a href=\"https:\/\/www.escapadarural.com\/blog\/wp-content\/uploads\/2018\/05\/Pirineus-175.jpg\"><img decoding=\"async\" src=\"https:\/\/www.escapadarural.com\/blog\/wp-content\/uploads\/2018\/05\/Pirineus-175-1024x580-1.jpg\" alt=\"Observatorio astron\u00f3mico del M\u00f3nNatura Pirineus.\" class=\"wp-image-26426\"\/><\/a><figcaption class=\"wp-element-caption\">Observatorio astron\u00f3mico del M\u00f3nNatura Pirineus.<\/figcaption><\/figure>\n\n\n\n<figure class=\"wp-block-image size-large\"><a href=\"https:\/\/www.escapadarural.com\/blog\/wp-content\/uploads\/2018\/05\/marc3a7.jpg\"><img decoding=\"async\" src=\"https:\/\/www.escapadarural.com\/blog\/wp-content\/uploads\/2018\/05\/marc3a7.jpg\" alt=\"Observatorio astron\u00f3mico del M\u00f3nNatura Pirineus.\" class=\"wp-image-26425\"\/><\/a><\/figure>\n\n\n\n<figure class=\"wp-block-image size-large\"><a href=\"https:\/\/www.escapadarural.com\/blog\/wp-content\/uploads\/2018\/05\/Pirineus-142.jpg\"><img decoding=\"async\" src=\"https:\/\/www.escapadarural.com\/blog\/wp-content\/uploads\/2018\/05\/Pirineus-142-1024x668-1.jpg\" alt=\"Observatorio astron\u00f3mico del M\u00f3nNatura Pirineus.\" class=\"wp-image-26424\"\/><\/a><\/figure>\n\n\n\n<p>He visto pintados en la noche una doncella, un cazador en Ori\u00f3n observando a unas j\u00f3venes y obstaculizado por un dios transformado en toro. He visto la oscuridad absoluta y tambi\u00e9n he visto las cuatro lunas de J\u00fapiter y las l\u00edneas gaseosas del gran planeta.<\/p>\n\n\n\n<p>Ya s\u00e9 por qu\u00e9 una es la Osa Mayor y otra la Menor. Por qu\u00e9 los egipcios necesitaban ver la <a href=\"https:\/\/www.escapadarural.com\/blog\/los-mejores-destinos-para-ver-las-estrellas-en-espana\/\" title=\"Los 5 mejores destinos para ver las estrellas en Espa\u00f1a\"  data-wpil-monitor-id=\"646\">estrella<\/a> Sirius, la que m\u00e1s brilla, y por qu\u00e9 la polar nos se\u00f1ala el norte. Ya conoc\u00eda algunos mitos y sus figuras, pero nunca los hab\u00eda conseguido ver. Adem\u00e1s, ignoraba su significado.<\/p>\n\n\n\n<p>A riesgo de que el p\u00e1rrafo anterior sea demasiado l\u00edrico y pierda vuestra confianza, leed con atenci\u00f3n. Audit, nuestra gu\u00eda, nos explic\u00f3 adapt\u00e1ndose a las necesidades de su p\u00fablico, nosotros, el origen y evoluci\u00f3n del universo. Quienes m\u00e1s preguntaban era los ni\u00f1os, porque no ten\u00edan pudor en manifestar en voz alta la curiosidad que nosotros los adultos sent\u00edamos por dentro.<\/p>\n\n\n\n<p>Audit llev\u00f3 a cabo su explicaci\u00f3n en un planetario, con los recursos t\u00edpicos de un gran orador y los conocimientos de un humilde sabio. Vueltas nuestras cabezas hacia la c\u00fapula, comenzamos a ver los mitos dibujados, las constelaciones y las teor\u00edas modernas. Dur\u00f3 45 min, aunque deb\u00eda durar 30, porque Audit tiene esa cosa de vivir su oficio.<\/p>\n\n\n\n<p>Salimos a la noche (la noche, repito, m\u00e1s oscura que he visto nunca) y comprobamos todo aquello que hasta entonces eran proyecciones inform\u00e1ticas. Ah\u00ed estaban las cinco constelaciones visibles todo el a\u00f1o. Una peque\u00f1a curiosidad sobre el m\u00e9todo de alistamiento en el ej\u00e9rcito romano apareci\u00f3 de pronto mirando un grupo de estrellas. El telescopio ampli\u00f3 nuestra mirada y vimos con nuestros ojos que aquel punto que no titilaba efectivamente era el planeta J\u00fapiter.<\/p>\n\n\n\n<p>Yo, miope de toda la vida, ve\u00eda un objeto a m\u00e1s de 965 millones de km de distancia.<\/p>\n\n\n\n<h2 class=\"wp-block-heading title-rute\" id=\"h-4-linces-en-un-centro-de-fauna\"><strong>4.<\/strong> Linces en un Centro de Fauna<\/h2>\n\n\n\n<figure class=\"wp-block-image size-large\"><a href=\"https:\/\/www.escapadarural.com\/blog\/wp-content\/uploads\/2018\/05\/Pirineus-178.jpg\"><img decoding=\"async\" src=\"https:\/\/www.escapadarural.com\/blog\/wp-content\/uploads\/2018\/05\/Pirineus-178-1024x681-1.jpg\" alt=\"Centro de Fauna\" class=\"wp-image-26423\"\/><\/a><\/figure>\n\n\n<div class=\"wp-block-image\">\n<figure class=\"aligncenter size-large\"><a href=\"https:\/\/www.escapadarural.com\/blog\/wp-content\/uploads\/2018\/05\/gatfer.jpg\"><img decoding=\"async\" src=\"https:\/\/www.escapadarural.com\/blog\/wp-content\/uploads\/2018\/05\/gatfer.jpg\" alt=\"Lince ib\u00e9rico\" class=\"wp-image-26422\"\/><\/a><\/figure>\n<\/div>\n\n<div class=\"wp-block-image\">\n<figure class=\"aligncenter size-large\"><a href=\"https:\/\/www.escapadarural.com\/blog\/wp-content\/uploads\/2018\/05\/isard.jpg\"><img decoding=\"async\" src=\"https:\/\/www.escapadarural.com\/blog\/wp-content\/uploads\/2018\/05\/isard.jpg\" alt=\"Centro de Fauna\" class=\"wp-image-26421\"\/><\/a><\/figure>\n<\/div>\n\n\n<p>\u00abEsto no es un zoo, ni lo queremos ser. Los animales est\u00e1n aqu\u00ed por alguna raz\u00f3n: perdieron a su madre, la gran mayor\u00eda por atropellos\u00bb, explica Audit. El Centro de Fauna del M\u00f3nNatura Pirineus tiene 9 animales salvajes en un considerable per\u00edmetro de <a href=\"https:\/\/www.escapadarural.com\/blog\/bosques-espectaculares-de-espana\/\" title=\"Los 10 bosques m\u00e1s espectaculares de Espa\u00f1a\"  data-wpil-monitor-id=\"647\">bosque<\/a> natural.<\/p>\n\n\n\n<p>Los animales del Centro de Fauna han quedado <strong>improntados<\/strong>, han asociado el papel de madre a sus cuidadores y as\u00ed va a seguir siendo. Por eso est\u00e1n en aqu\u00ed, para tener una oportunidad. Los linces la han tenido, pero a estas alturas de la experiencia los linces no son una atracci\u00f3n, sino <a href=\"https:\/\/www.escapadarural.com\/blog\/el-pueblo-de-las-100-fuentes-en-teruel\/\" title=\"Descubre el pueblo de las 100 fuentes: Est\u00e1 en Teruel y su historia te fascinar\u00e1\"  data-wpil-monitor-id=\"650\">fuente<\/a> de conocimiento y sensibilidad.<\/p>\n\n\n<div class=\"wp-block-image\">\n<figure class=\"aligncenter size-large\"><a href=\"https:\/\/www.escapadarural.com\/blog\/wp-content\/uploads\/2018\/05\/Ciervos.jpg\"><img decoding=\"async\" src=\"https:\/\/www.escapadarural.com\/blog\/wp-content\/uploads\/2018\/05\/Ciervos.jpg\" alt=\"Centro de Fauna\" class=\"wp-image-26420\"\/><\/a><\/figure>\n<\/div>\n\n\n<figure class=\"wp-block-image size-large\"><a href=\"https:\/\/www.escapadarural.com\/blog\/wp-content\/uploads\/2018\/05\/Pirineus-226.jpg\"><img decoding=\"async\" src=\"https:\/\/www.escapadarural.com\/blog\/wp-content\/uploads\/2018\/05\/Pirineus-226-1024x681-1.jpg\" alt=\"Centro de Fauna\" class=\"wp-image-26419\"\/><\/a><\/figure>\n\n\n\n<figure class=\"wp-block-image size-large\"><img decoding=\"async\" src=\"https:\/\/www.escapadarural.com\/blog\/wp-content\/uploads\/2018\/05\/Pirineus-183-1024x681-1.jpg\" alt=\"Centro de Fauna\" class=\"wp-image-26418\"\/><\/figure>\n\n\n\n<p>En este lugar las im\u00e1genes se expresan por s\u00ed solas. Lo \u00fanico que a\u00f1adir\u00e9 es el circuito: a lo largo de unas horas fuimos aprendiendo de aquellos ejemplares siguiendo los caminos. Audit se sentaba junto a la mayor\u00eda de los animales, les daba de comer y ah\u00ed, en vivo y en directo, nos explicaba sus gestos, sus ciclos y caracter\u00edsticas. Para redondear la jornada, los animales decidieron mostrarse y pudimos verlos todos.<\/p>\n\n\n\n<p>Es dif\u00edcil explicar el servicio social que se realiza desde este centro y la pasi\u00f3n de sus trabajadores. Me acordar\u00e9 muchas veces de la charla que mantuve con Santiago, el camarero del bar y del restaurante, sobre ornitolog\u00eda y sobre las fotos que ocasionalmente lanza a las aves y ciervos que aparecen tras el ventanal. Lo podr\u00eda haber confundido con un cient\u00edfico que hab\u00eda ido al M\u00f3nNatura Pirineus a investigar.<\/p>\n\n\n\n<p><a href=\"https:\/\/www.escapadarural.com\/casa-rural\/lleida\/mon-natura-pirineus\">Alojamiento rural M\u00f3nNatura Pirineus<\/a><\/p>\n\n\n\n<h2 class=\"wp-block-heading\" id=\"h-que-mas-ver-en-el-pirineo\">Qu\u00e9 m\u00e1s ver en el Pirineo<\/h2>\n\n\n<section class=\"wp-block-ub-post-grid ub-block-post-grid align  is-equal-height preserve-post-image-aspect-ratio\" style=\"\" id=\"ub-post-grid-\"><div class=\"ub-post-grid-items is-list\" style=\"row-gap: 32px; column-gap: 32px; \"><article id=\"post-214679\" class=\"ub-post-grid-item post-214679 post type-post status-publish format-standard has-post-thumbnail hentry category-destinos category-rutas-y-excursiones tag-amigos tag-que-ver-en-asturias tag-que-ver-en-barcelona tag-caminito-del-rey tag-camino-de-santiago tag-cola-de-caballo tag-familia tag-que-ver-en-galicia tag-que-ver-en-girona tag-gr11-senda-pirenaica tag-que-ver-en-huesca tag-lagos-de-saliencia tag-que-ver-en-leon tag-listado tag-montserrat tag-que-ver-en-navarra tag-que-ver-en-pais-vasco tag-pareja tag-parque-nacional-de-ordesa-y-monte-perdido tag-pirineo tag-ruta-del-cares tag-senderismo\" style=\"\"><div class=\"ub-block-post-grid-image\" style=\"\"><a href=\"https:\/\/www.escapadarural.com\/blog\/rutas-mas-populares-espana\/\" rel=\"bookmark\" aria-hidden=\"true\" tabindex=\"-1\"><img loading=\"lazy\" decoding=\"async\" width=\"1200\" height=\"800\" src=\"https:\/\/www.escapadarural.com\/blog\/wp-content\/uploads\/2025\/09\/01_Malaga_caminito_atardecer_WP01.webp\" class=\"attachment-full size-full\" alt=\"Atardecer en el Caminito del Rey (M\u00e1laga).\" style=\"max-width: 600px; \" srcset=\"https:\/\/www.escapadarural.com\/blog\/wp-content\/uploads\/2025\/09\/01_Malaga_caminito_atardecer_WP01-200x133.webp 200w, https:\/\/www.escapadarural.com\/blog\/wp-content\/uploads\/2025\/09\/01_Malaga_caminito_atardecer_WP01-300x200.webp 300w, https:\/\/www.escapadarural.com\/blog\/wp-content\/uploads\/2025\/09\/01_Malaga_caminito_atardecer_WP01-400x267.webp 400w, https:\/\/www.escapadarural.com\/blog\/wp-content\/uploads\/2025\/09\/01_Malaga_caminito_atardecer_WP01-600x400.webp 600w, https:\/\/www.escapadarural.com\/blog\/wp-content\/uploads\/2025\/09\/01_Malaga_caminito_atardecer_WP01-768x512.webp 768w, https:\/\/www.escapadarural.com\/blog\/wp-content\/uploads\/2025\/09\/01_Malaga_caminito_atardecer_WP01-800x533.webp 800w, https:\/\/www.escapadarural.com\/blog\/wp-content\/uploads\/2025\/09\/01_Malaga_caminito_atardecer_WP01-1024x683.webp 1024w, https:\/\/www.escapadarural.com\/blog\/wp-content\/uploads\/2025\/09\/01_Malaga_caminito_atardecer_WP01.webp 1200w\" sizes=\"auto, (max-width: 1200px) 100vw, 1200px\"><\/a><\/div><div class=\"ub-block-post-grid-text\" style=\"\"><div class=\"ub-block-post-grid-header-content\"><header class=\"ub-block-post-grid-header\"><h3 class=\"ub-block-post-grid-title\"><a style=\"\" href=\"https:\/\/www.escapadarural.com\/blog\/rutas-mas-populares-espana\/\" rel=\"bookmark\">Las rutas m\u00e1s deseadas de 2026 (y cu\u00e1ndo hacerlas sin masificaciones)\u00a0<\/a><\/h3><\/header><\/div><div class=\"ub-block-post-grid-excerpt\"><div class=\"ub-block-post-grid-excerpt-text\" style=\"\"><p>Estas son las rutas m\u00e1s buscadas por los viajeros, seg\u00fan datos de Google Trends. Aunque no siempre est\u00e1n masificadas, mira cu\u00e1ndo realizarlas<\/p>\n<\/div><\/div><\/div><\/article>\n<article id=\"post-204828\" class=\"ub-post-grid-item post-204828 post type-post status-publish format-standard has-post-thumbnail hentry category-destinos category-rutas-y-excursiones tag-agullana tag-que-ver-en-cataluna tag-exilio tag-que-ver-en-girona tag-guerra-civil tag-la-vajol tag-memoria-historica tag-pirineo tag-senderismo\" style=\"\"><div class=\"ub-block-post-grid-image\" style=\"\"><a href=\"https:\/\/www.escapadarural.com\/blog\/agullana-pueblo-que-fue-capital-espana\/\" rel=\"bookmark\" aria-hidden=\"true\" tabindex=\"-1\"><img loading=\"lazy\" decoding=\"async\" width=\"1024\" height=\"769\" src=\"https:\/\/www.escapadarural.com\/blog\/wp-content\/uploads\/2025\/07\/La_Vajol_2011_010.webp\" class=\"attachment-full size-full\" alt=\"Escultura de exiliados republicanos en La Vajol (Girona). Por Bertrand GRONDIN (Wikimedia Commons)\" style=\"max-width: 600px; \" srcset=\"https:\/\/www.escapadarural.com\/blog\/wp-content\/uploads\/2025\/07\/La_Vajol_2011_010-200x150.webp 200w, https:\/\/www.escapadarural.com\/blog\/wp-content\/uploads\/2025\/07\/La_Vajol_2011_010-300x225.webp 300w, https:\/\/www.escapadarural.com\/blog\/wp-content\/uploads\/2025\/07\/La_Vajol_2011_010-400x300.webp 400w, https:\/\/www.escapadarural.com\/blog\/wp-content\/uploads\/2025\/07\/La_Vajol_2011_010-600x451.webp 600w, https:\/\/www.escapadarural.com\/blog\/wp-content\/uploads\/2025\/07\/La_Vajol_2011_010-768x577.webp 768w, https:\/\/www.escapadarural.com\/blog\/wp-content\/uploads\/2025\/07\/La_Vajol_2011_010-800x601.webp 800w, https:\/\/www.escapadarural.com\/blog\/wp-content\/uploads\/2025\/07\/La_Vajol_2011_010.webp 1024w\" sizes=\"auto, (max-width: 1024px) 100vw, 1024px\"><\/a><\/div><div class=\"ub-block-post-grid-text\" style=\"\"><div class=\"ub-block-post-grid-header-content\"><header class=\"ub-block-post-grid-header\"><h3 class=\"ub-block-post-grid-title\"><a style=\"\" href=\"https:\/\/www.escapadarural.com\/blog\/agullana-pueblo-que-fue-capital-espana\/\" rel=\"bookmark\">Pocos lo conocen: 909 habitantes, un pasado como capital y una ruta que sigue los pasos de los exiliados<\/a><\/h3><\/header><\/div><div class=\"ub-block-post-grid-excerpt\"><div class=\"ub-block-post-grid-excerpt-text\" style=\"\"><p>En Agullana se reuni\u00f3 el gobierno republicano antes de partir hacia el exilio en Francia. Una ruta que cruza el Pirineo recuerda sus pasos<\/p>\n<\/div><\/div><\/div><\/article>\n<article id=\"post-200361\" class=\"ub-post-grid-item post-200361 post type-post status-publish format-standard has-post-thumbnail hentry category-arte-y-cultura tag-fiestas tag-lesaka tag-que-ver-en-navarra tag-pirineo tag-pirineo-navarro tag-pueblo-medieval tag-sanfermines\" style=\"\"><div class=\"ub-block-post-grid-image\" style=\"\"><a href=\"https:\/\/www.escapadarural.com\/blog\/sanfermines-sin-animales-en-lesaka\/\" rel=\"bookmark\" aria-hidden=\"true\" tabindex=\"-1\"><img loading=\"lazy\" decoding=\"async\" width=\"1024\" height=\"546\" src=\"https:\/\/www.escapadarural.com\/blog\/wp-content\/uploads\/2025\/05\/Zubigainekoa.webp\" class=\"attachment-full size-full\" alt='El baile del \"Zubigainekoa\" de los sanfermines de Lesaka. Por CC-BY-SA Amaiur Aristi \/ dantzan.com' style=\"max-width: 600px; \" srcset=\"https:\/\/www.escapadarural.com\/blog\/wp-content\/uploads\/2025\/05\/Zubigainekoa-200x107.webp 200w, https:\/\/www.escapadarural.com\/blog\/wp-content\/uploads\/2025\/05\/Zubigainekoa-300x160.webp 300w, https:\/\/www.escapadarural.com\/blog\/wp-content\/uploads\/2025\/05\/Zubigainekoa-400x213.webp 400w, https:\/\/www.escapadarural.com\/blog\/wp-content\/uploads\/2025\/05\/Zubigainekoa-600x320.webp 600w, https:\/\/www.escapadarural.com\/blog\/wp-content\/uploads\/2025\/05\/Zubigainekoa-768x410.webp 768w, https:\/\/www.escapadarural.com\/blog\/wp-content\/uploads\/2025\/05\/Zubigainekoa-800x427.webp 800w, https:\/\/www.escapadarural.com\/blog\/wp-content\/uploads\/2025\/05\/Zubigainekoa.webp 1024w\" sizes=\"auto, (max-width: 1024px) 100vw, 1024px\"><\/a><\/div><div class=\"ub-block-post-grid-text\" style=\"\"><div class=\"ub-block-post-grid-header-content\"><header class=\"ub-block-post-grid-header\"><h3 class=\"ub-block-post-grid-title\"><a style=\"\" href=\"https:\/\/www.escapadarural.com\/blog\/sanfermines-sin-animales-en-lesaka\/\" rel=\"bookmark\">No sab\u00edamos que en Navarra hab\u00eda unos Sanfermines sin animales, pero existen<\/a><\/h3><\/header><\/div><div class=\"ub-block-post-grid-excerpt\"><div class=\"ub-block-post-grid-excerpt-text\" style=\"\"><p>Lesaka est\u00e1 en el Pirineo Navarro y tiene unas fiestas dedicadas a San Ferm\u00edn en las que uno de los platos fuertes es la danza<\/p>\n<\/div><\/div><\/div><\/article>\n<article id=\"post-195167\" class=\"ub-post-grid-item post-195167 post type-post status-publish format-standard has-post-thumbnail hentry category-destinos tag-camino-de-santiago tag-camino-frances tag-que-ver-en-navarra tag-orreaga tag-pirineo tag-pirineo-navarro tag-roncesvalles\" style=\"\"><div class=\"ub-block-post-grid-image\" style=\"\"><a href=\"https:\/\/www.escapadarural.com\/blog\/que-hacer-en-roncesvalles\/\" rel=\"bookmark\" aria-hidden=\"true\" tabindex=\"-1\"><img loading=\"lazy\" decoding=\"async\" width=\"1024\" height=\"768\" src=\"https:\/\/www.escapadarural.com\/blog\/wp-content\/uploads\/2025\/03\/AdobeStock_624700396.webp\" class=\"attachment-full size-full\" alt=\"Panor\u00e1mica de Roncesvalles. Por N\u00e9stor MN\" style=\"max-width: 600px; \" srcset=\"https:\/\/www.escapadarural.com\/blog\/wp-content\/uploads\/2025\/03\/AdobeStock_624700396-200x150.webp 200w, https:\/\/www.escapadarural.com\/blog\/wp-content\/uploads\/2025\/03\/AdobeStock_624700396-300x225.webp 300w, https:\/\/www.escapadarural.com\/blog\/wp-content\/uploads\/2025\/03\/AdobeStock_624700396-400x300.webp 400w, https:\/\/www.escapadarural.com\/blog\/wp-content\/uploads\/2025\/03\/AdobeStock_624700396-600x450.webp 600w, https:\/\/www.escapadarural.com\/blog\/wp-content\/uploads\/2025\/03\/AdobeStock_624700396-768x576.webp 768w, https:\/\/www.escapadarural.com\/blog\/wp-content\/uploads\/2025\/03\/AdobeStock_624700396-800x600.webp 800w, https:\/\/www.escapadarural.com\/blog\/wp-content\/uploads\/2025\/03\/AdobeStock_624700396.webp 1024w\" sizes=\"auto, (max-width: 1024px) 100vw, 1024px\"><\/a><\/div><div class=\"ub-block-post-grid-text\" style=\"\"><div class=\"ub-block-post-grid-header-content\"><header class=\"ub-block-post-grid-header\"><h3 class=\"ub-block-post-grid-title\"><a style=\"\" href=\"https:\/\/www.escapadarural.com\/blog\/que-hacer-en-roncesvalles\/\" rel=\"bookmark\">Qu\u00e9 hacer en Roncesvalles, el inicio del Camino de Santiago<\/a><\/h3><\/header><\/div><div class=\"ub-block-post-grid-excerpt\"><div class=\"ub-block-post-grid-excerpt-text\" style=\"\"><p>La puerta de entrada al Camino de Santiago, Roncesvalles, tiene mucho que ver y bonitas y sencillas rutas de senderismo<\/p>\n<\/div><\/div><\/div><\/article>\n<article id=\"post-75421\" class=\"ub-post-grid-item post-75421 post type-post status-publish format-standard has-post-thumbnail hentry category-rutas-y-excursiones tag-aragon tag-familia tag-que-ver-en-navarra tag-pirineo\" style=\"\"><div class=\"ub-block-post-grid-image\" style=\"\"><a href=\"https:\/\/www.escapadarural.com\/blog\/ruta-golondrinas-mujeres-pirineos\/\" rel=\"bookmark\" aria-hidden=\"true\" tabindex=\"-1\"><img loading=\"lazy\" decoding=\"async\" width=\"2048\" height=\"1365\" src=\"https:\/\/www.escapadarural.com\/blog\/wp-content\/uploads\/2022\/07\/valle_roncal_114636345.jpg\" class=\"attachment-full size-full\" alt=\"Valle del Roncal\" style=\"max-width: 600px; \" srcset=\"https:\/\/www.escapadarural.com\/blog\/wp-content\/uploads\/2022\/07\/valle_roncal_114636345-200x133.jpg 200w, https:\/\/www.escapadarural.com\/blog\/wp-content\/uploads\/2022\/07\/valle_roncal_114636345-300x200.jpg 300w, https:\/\/www.escapadarural.com\/blog\/wp-content\/uploads\/2022\/07\/valle_roncal_114636345-400x267.jpg 400w, https:\/\/www.escapadarural.com\/blog\/wp-content\/uploads\/2022\/07\/valle_roncal_114636345-600x400.jpg 600w, https:\/\/www.escapadarural.com\/blog\/wp-content\/uploads\/2022\/07\/valle_roncal_114636345-768x512.jpg 768w, https:\/\/www.escapadarural.com\/blog\/wp-content\/uploads\/2022\/07\/valle_roncal_114636345-800x533.jpg 800w, https:\/\/www.escapadarural.com\/blog\/wp-content\/uploads\/2022\/07\/valle_roncal_114636345-1024x683.jpg 1024w, https:\/\/www.escapadarural.com\/blog\/wp-content\/uploads\/2022\/07\/valle_roncal_114636345-1200x800.jpg 1200w, https:\/\/www.escapadarural.com\/blog\/wp-content\/uploads\/2022\/07\/valle_roncal_114636345-1536x1024.jpg 1536w, https:\/\/www.escapadarural.com\/blog\/wp-content\/uploads\/2022\/07\/valle_roncal_114636345.jpg 2048w\" sizes=\"auto, (max-width: 2048px) 100vw, 2048px\"><\/a><\/div><div class=\"ub-block-post-grid-text\" style=\"\"><div class=\"ub-block-post-grid-header-content\"><header class=\"ub-block-post-grid-header\"><h3 class=\"ub-block-post-grid-title\"><a style=\"\" href=\"https:\/\/www.escapadarural.com\/blog\/ruta-golondrinas-mujeres-pirineos\/\" rel=\"bookmark\">La Ruta de las Golondrinas, las mujeres que cruzaban los Pirineos para hacer alpargatas<\/a><\/h3><\/header><\/div><div class=\"ub-block-post-grid-excerpt\"><div class=\"ub-block-post-grid-excerpt-text\" style=\"\"><p>En la vertiente sur de los Pirineos, la traves\u00eda circular Ruta de las Golondrinas nos lleva a un pasado no muy lejano que recuerda la migraci\u00f3n de las mujeres de la zona para trabajar en la industria de la alpargata.<\/p>\n<\/div><\/div><\/div><\/article>\n<article id=\"post-70855\" class=\"ub-post-grid-item post-70855 post type-post status-publish format-standard has-post-thumbnail hentry category-destinos tag-que-ver-en-aragon tag-que-ver-en-huesca tag-pirineo tag-pueblos tag-pueblos-bonitos\" style=\"\"><div class=\"ub-block-post-grid-image\" style=\"\"><a href=\"https:\/\/www.escapadarural.com\/blog\/pueblos-mas-bonitos-de-huesca\/\" rel=\"bookmark\" aria-hidden=\"true\" tabindex=\"-1\"><img loading=\"lazy\" decoding=\"async\" width=\"1024\" height=\"766\" src=\"https:\/\/www.escapadarural.com\/blog\/wp-content\/uploads\/2024\/10\/lanuza-huesca-1-1024x766-12.jpg\" class=\"attachment-full size-full\" alt=\"Rutas por el valle de Tena: Lanuza. Por StockPhotoAstur\" style=\"max-width: 600px; \" srcset=\"https:\/\/www.escapadarural.com\/blog\/wp-content\/uploads\/2024\/10\/lanuza-huesca-1-1024x766-12-200x150.jpg 200w, https:\/\/www.escapadarural.com\/blog\/wp-content\/uploads\/2024\/10\/lanuza-huesca-1-1024x766-12-300x224.jpg 300w, https:\/\/www.escapadarural.com\/blog\/wp-content\/uploads\/2024\/10\/lanuza-huesca-1-1024x766-12-400x299.jpg 400w, https:\/\/www.escapadarural.com\/blog\/wp-content\/uploads\/2024\/10\/lanuza-huesca-1-1024x766-12-600x449.jpg 600w, https:\/\/www.escapadarural.com\/blog\/wp-content\/uploads\/2024\/10\/lanuza-huesca-1-1024x766-12-768x575.jpg 768w, https:\/\/www.escapadarural.com\/blog\/wp-content\/uploads\/2024\/10\/lanuza-huesca-1-1024x766-12-800x598.jpg 800w, https:\/\/www.escapadarural.com\/blog\/wp-content\/uploads\/2024\/10\/lanuza-huesca-1-1024x766-12.jpg 1024w\" sizes=\"auto, (max-width: 1024px) 100vw, 1024px\"><\/a><\/div><div class=\"ub-block-post-grid-text\" style=\"\"><div class=\"ub-block-post-grid-header-content\"><header class=\"ub-block-post-grid-header\"><h3 class=\"ub-block-post-grid-title\"><a style=\"\" href=\"https:\/\/www.escapadarural.com\/blog\/pueblos-mas-bonitos-de-huesca\/\" rel=\"bookmark\">9 de los pueblos m\u00e1s bonitos de Huesca<\/a><\/h3><\/header><\/div><div class=\"ub-block-post-grid-excerpt\"><div class=\"ub-block-post-grid-excerpt-text\" style=\"\"><p>Adem\u00e1s de por sus altas cimas y naturaleza, la provincia de Huesca tambi\u00e9n destaca por su patrimonio, medieval y de monta\u00f1a.<\/p>\n<\/div><\/div><\/div><\/article>\n<article id=\"post-53637\" class=\"ub-post-grid-item post-53637 post type-post status-publish format-standard has-post-thumbnail hentry category-rutas-y-excursiones tag-aiguestortes tag-que-ver-en-cataluna tag-colomers tag-lagos-de-colomers tag-lagos-en-catalunya tag-que-ver-en-lleida tag-los-mejores-planes-cataluna tag-parque-nacional tag-pirineo tag-pirineo-catalan tag-pirineos tag-rutas-en-cataluna tag-val-daran tag-valle-de-aran\" style=\"\"><div class=\"ub-block-post-grid-image\" style=\"\"><a href=\"https:\/\/www.escapadarural.com\/blog\/ruta-de-los-lagos-de-colomers\/\" rel=\"bookmark\" aria-hidden=\"true\" tabindex=\"-1\"><img loading=\"lazy\" decoding=\"async\" width=\"1024\" height=\"732\" src=\"https:\/\/www.escapadarural.com\/blog\/wp-content\/uploads\/2024\/10\/the-lakes-of-colomers-in-the-aran-valley-of-the-pyrenees-stockpack-adobe-stock-1024x732-3.jpg\" class=\"attachment-full size-full\" alt=\"Lagos de Colomers (Valle de Ar\u00e1n, Catalu\u00f1a)\" style=\"max-width: 600px; \" srcset=\"https:\/\/www.escapadarural.com\/blog\/wp-content\/uploads\/2024\/10\/the-lakes-of-colomers-in-the-aran-valley-of-the-pyrenees-stockpack-adobe-stock-1024x732-3-200x143.jpg 200w, https:\/\/www.escapadarural.com\/blog\/wp-content\/uploads\/2024\/10\/the-lakes-of-colomers-in-the-aran-valley-of-the-pyrenees-stockpack-adobe-stock-1024x732-3-300x214.jpg 300w, https:\/\/www.escapadarural.com\/blog\/wp-content\/uploads\/2024\/10\/the-lakes-of-colomers-in-the-aran-valley-of-the-pyrenees-stockpack-adobe-stock-1024x732-3-400x286.jpg 400w, https:\/\/www.escapadarural.com\/blog\/wp-content\/uploads\/2024\/10\/the-lakes-of-colomers-in-the-aran-valley-of-the-pyrenees-stockpack-adobe-stock-1024x732-3-600x429.jpg 600w, https:\/\/www.escapadarural.com\/blog\/wp-content\/uploads\/2024\/10\/the-lakes-of-colomers-in-the-aran-valley-of-the-pyrenees-stockpack-adobe-stock-1024x732-3-768x549.jpg 768w, https:\/\/www.escapadarural.com\/blog\/wp-content\/uploads\/2024\/10\/the-lakes-of-colomers-in-the-aran-valley-of-the-pyrenees-stockpack-adobe-stock-1024x732-3-800x572.jpg 800w, https:\/\/www.escapadarural.com\/blog\/wp-content\/uploads\/2024\/10\/the-lakes-of-colomers-in-the-aran-valley-of-the-pyrenees-stockpack-adobe-stock-1024x732-3.jpg 1024w\" sizes=\"auto, (max-width: 1024px) 100vw, 1024px\"><\/a><\/div><div class=\"ub-block-post-grid-text\" style=\"\"><div class=\"ub-block-post-grid-header-content\"><header class=\"ub-block-post-grid-header\"><h3 class=\"ub-block-post-grid-title\"><a style=\"\" href=\"https:\/\/www.escapadarural.com\/blog\/ruta-de-los-lagos-de-colomers\/\" rel=\"bookmark\">Ruta de los 7 lagos de Colom\u00e8rs (Lleida)<\/a><\/h3><\/header><\/div><div class=\"ub-block-post-grid-excerpt\"><div class=\"ub-block-post-grid-excerpt-text\" style=\"\"><p>El Circ de Colom\u00e8rs, en pleno Valle de Ar\u00e1n, es el escenario sobre el que discurre una de las rutas m\u00e1s bonitas y sugerentes de Lleida y de las m\u00e1s conocidas del Parque Nacional d\u2019Aig\u00fcestortes<\/p>\n<\/div><\/div><\/div><\/article>\n<article id=\"post-41795\" class=\"ub-post-grid-item post-41795 post type-post status-publish format-standard has-post-thumbnail hentry category-rutas-y-excursiones tag-que-ver-en-aragon tag-castiello-dacher tag-geologia tag-que-ver-en-huesca tag-pastores tag-pirineo tag-primer-pirineo tag-valle tag-valle-de-echo\" style=\"\"><div class=\"ub-block-post-grid-image\" style=\"\"><a href=\"https:\/\/www.escapadarural.com\/blog\/a-la-busqueda-del-primer-pirineo\/\" rel=\"bookmark\" aria-hidden=\"true\" tabindex=\"-1\"><img loading=\"lazy\" decoding=\"async\" width=\"1024\" height=\"768\" src=\"https:\/\/www.escapadarural.com\/blog\/wp-content\/uploads\/2024\/10\/09-Estas-arcillas-rojas-son-los-restos-del-primer-Pirineo-que-se-erosiono-y-desaparecio-bajo-las-aguas-hace-millones-de-anos-1024x768-3.jpg\" class=\"attachment-full size-full\" alt=\"Una persona con una chaqueta verde camina sobre hierba verde cerca de llamativas formaciones rocosas rojas y una monta\u00f1a escarpada y estratificada bajo un cielo azul despejado.\" style=\"max-width: 600px; \" srcset=\"https:\/\/www.escapadarural.com\/blog\/wp-content\/uploads\/2024\/10\/09-Estas-arcillas-rojas-son-los-restos-del-primer-Pirineo-que-se-erosiono-y-desaparecio-bajo-las-aguas-hace-millones-de-anos-1024x768-3-200x150.jpg 200w, https:\/\/www.escapadarural.com\/blog\/wp-content\/uploads\/2024\/10\/09-Estas-arcillas-rojas-son-los-restos-del-primer-Pirineo-que-se-erosiono-y-desaparecio-bajo-las-aguas-hace-millones-de-anos-1024x768-3-300x225.jpg 300w, https:\/\/www.escapadarural.com\/blog\/wp-content\/uploads\/2024\/10\/09-Estas-arcillas-rojas-son-los-restos-del-primer-Pirineo-que-se-erosiono-y-desaparecio-bajo-las-aguas-hace-millones-de-anos-1024x768-3-400x300.jpg 400w, https:\/\/www.escapadarural.com\/blog\/wp-content\/uploads\/2024\/10\/09-Estas-arcillas-rojas-son-los-restos-del-primer-Pirineo-que-se-erosiono-y-desaparecio-bajo-las-aguas-hace-millones-de-anos-1024x768-3-600x450.jpg 600w, https:\/\/www.escapadarural.com\/blog\/wp-content\/uploads\/2024\/10\/09-Estas-arcillas-rojas-son-los-restos-del-primer-Pirineo-que-se-erosiono-y-desaparecio-bajo-las-aguas-hace-millones-de-anos-1024x768-3-768x576.jpg 768w, https:\/\/www.escapadarural.com\/blog\/wp-content\/uploads\/2024\/10\/09-Estas-arcillas-rojas-son-los-restos-del-primer-Pirineo-que-se-erosiono-y-desaparecio-bajo-las-aguas-hace-millones-de-anos-1024x768-3-800x600.jpg 800w, https:\/\/www.escapadarural.com\/blog\/wp-content\/uploads\/2024\/10\/09-Estas-arcillas-rojas-son-los-restos-del-primer-Pirineo-que-se-erosiono-y-desaparecio-bajo-las-aguas-hace-millones-de-anos-1024x768-3.jpg 1024w\" sizes=\"auto, (max-width: 1024px) 100vw, 1024px\"><\/a><\/div><div class=\"ub-block-post-grid-text\" style=\"\"><div class=\"ub-block-post-grid-header-content\"><header class=\"ub-block-post-grid-header\"><h3 class=\"ub-block-post-grid-title\"><a style=\"\" href=\"https:\/\/www.escapadarural.com\/blog\/a-la-busqueda-del-primer-pirineo\/\" rel=\"bookmark\">A la b\u00fasqueda del primer Pirineo<\/a><\/h3><\/header><\/div><div class=\"ub-block-post-grid-excerpt\"><div class=\"ub-block-post-grid-excerpt-text\" style=\"\"><p>Caminamos una vuelta completa alrededor del Castiello d\u2019Acher (valle de Echo, Huesca), una monta\u00f1a imponente que ense\u00f1a como muy pocas la historia geol\u00f3gica de la cordillera. En un excursi\u00f3n de paisajes muy variados y colores asombrosos, recorremos una selva, un valle glaciar, un humedal de altura y unas laderas de alta monta\u00f1a, para encontrar los restos del primer Pirineo, mucho m\u00e1s antiguo que el actual.<\/p>\n<\/div><\/div><\/div><\/article>\n<\/div><\/section>","protected":false},"excerpt":{"rendered":"<p>Cara a cara con una pareja de linces, la fascinaci\u00f3n por el universo y un mundo rodeado de naturaleza y sostenibilidad en el M\u00f3nNatura Pirineus&#8230;<\/p>\n","protected":false},"author":91,"featured_media":113522,"comment_status":"open","ping_status":"closed","sticky":false,"template":"","format":"standard","meta":{"_acf_changed":false,"om_disable_all_campaigns":false,"footnotes":""},"categories":[191],"tags":[929,511,2105,1627,196,2106,585,711,257],"class_list":["post-2516","post","type-post","status-publish","format-standard","has-post-thumbnail","hentry","category-destinos","tag-blogtrip","tag-familia","tag-fauna","tag-linces","tag-que-ver-en-lleida","tag-monnatura","tag-naturaleza","tag-pirineos","tag-primavera"],"acf":[],"featured_image_src":"https:\/\/www.escapadarural.com\/blog\/wp-content\/uploads\/2018\/05\/linx.jpg","author_info":{"display_name":"Javi","author_link":"https:\/\/www.escapadarural.com\/blog\/autor\/javi\/"},"yoast_head":"<!-- This site is optimized with the Yoast SEO plugin v27.5 - https:\/\/yoast.com\/product\/yoast-seo-wordpress\/ -->\n<title>C\u00f3mo ver linces (y buitres y estrellas) en el Pirineo - EscapadaRural<\/title>\n<meta name=\"robots\" content=\"index, follow, max-snippet:-1, max-image-preview:large, max-video-preview:-1\" \/>\n<link rel=\"canonical\" href=\"https:\/\/www.escapadarural.com\/blog\/linces-astronomia-y-mucho-mas-el-monnatura-pirineus\/\" \/>\n<meta property=\"og:locale\" content=\"es_ES\" \/>\n<meta property=\"og:type\" content=\"article\" \/>\n<meta property=\"og:title\" content=\"C\u00f3mo ver linces (y buitres y estrellas) en el Pirineo - EscapadaRural\" \/>\n<meta property=\"og:description\" content=\"Cara a cara con una pareja de linces, la fascinaci\u00f3n por el universo y un mundo rodeado de naturaleza y sostenibilidad en el M\u00f3nNatura Pirineus...\" \/>\n<meta property=\"og:url\" content=\"https:\/\/www.escapadarural.com\/blog\/linces-astronomia-y-mucho-mas-el-monnatura-pirineus\/\" \/>\n<meta property=\"og:site_name\" content=\"Magazine de viajes de EscapadaRural\" \/>\n<meta property=\"article:publisher\" content=\"https:\/\/www.facebook.com\/escapadarural\" \/>\n<meta property=\"article:published_time\" content=\"2018-05-24T10:00:19+00:00\" \/>\n<meta property=\"article:modified_time\" content=\"2026-02-05T13:13:46+00:00\" \/>\n<meta property=\"og:image\" content=\"https:\/\/www.escapadarural.com\/blog\/wp-content\/uploads\/2018\/05\/linx.jpg\" \/>\n\t<meta property=\"og:image:width\" content=\"711\" \/>\n\t<meta property=\"og:image:height\" content=\"477\" \/>\n\t<meta property=\"og:image:type\" content=\"image\/jpeg\" \/>\n<meta name=\"author\" content=\"Javi\" \/>\n<meta name=\"twitter:card\" content=\"summary_large_image\" \/>\n<meta name=\"twitter:label1\" content=\"Escrito por\" \/>\n\t<meta name=\"twitter:data1\" content=\"Javi\" \/>\n\t<meta name=\"twitter:label2\" content=\"Tiempo de lectura\" \/>\n\t<meta name=\"twitter:data2\" content=\"17 minutos\" \/>\n<script type=\"application\/ld+json\" class=\"yoast-schema-graph\">{\"@context\":\"https:\\\/\\\/schema.org\",\"@graph\":[{\"@type\":\"Article\",\"@id\":\"https:\\\/\\\/www.escapadarural.com\\\/blog\\\/linces-astronomia-y-mucho-mas-el-monnatura-pirineus\\\/#article\",\"isPartOf\":{\"@id\":\"https:\\\/\\\/www.escapadarural.com\\\/blog\\\/linces-astronomia-y-mucho-mas-el-monnatura-pirineus\\\/\"},\"author\":{\"name\":\"Javi\",\"@id\":\"https:\\\/\\\/www.escapadarural.com\\\/blog\\\/#\\\/schema\\\/person\\\/cebb40bb79a7e95bb98b099a1ecf26f6\"},\"headline\":\"C\u00f3mo ver linces (y buitres y estrellas) en el Pirineo\",\"datePublished\":\"2018-05-24T10:00:19+00:00\",\"dateModified\":\"2026-02-05T13:13:46+00:00\",\"mainEntityOfPage\":{\"@id\":\"https:\\\/\\\/www.escapadarural.com\\\/blog\\\/linces-astronomia-y-mucho-mas-el-monnatura-pirineus\\\/\"},\"wordCount\":1706,\"commentCount\":3,\"publisher\":{\"@id\":\"https:\\\/\\\/www.escapadarural.com\\\/blog\\\/#organization\"},\"image\":{\"@id\":\"https:\\\/\\\/www.escapadarural.com\\\/blog\\\/linces-astronomia-y-mucho-mas-el-monnatura-pirineus\\\/#primaryimage\"},\"thumbnailUrl\":\"https:\\\/\\\/www.escapadarural.com\\\/blog\\\/wp-content\\\/uploads\\\/2018\\\/05\\\/linx.jpg\",\"keywords\":[\"blogtrip\",\"Familia\",\"fauna\",\"linces\",\"Lleida\",\"M\u00f3nNatura\",\"Naturaleza\",\"Pirineos\",\"Primavera\"],\"articleSection\":[\"Destinos\"],\"inLanguage\":\"es\",\"potentialAction\":[{\"@type\":\"CommentAction\",\"name\":\"Comment\",\"target\":[\"https:\\\/\\\/www.escapadarural.com\\\/blog\\\/linces-astronomia-y-mucho-mas-el-monnatura-pirineus\\\/#respond\"]}]},{\"@type\":\"WebPage\",\"@id\":\"https:\\\/\\\/www.escapadarural.com\\\/blog\\\/linces-astronomia-y-mucho-mas-el-monnatura-pirineus\\\/\",\"url\":\"https:\\\/\\\/www.escapadarural.com\\\/blog\\\/linces-astronomia-y-mucho-mas-el-monnatura-pirineus\\\/\",\"name\":\"C\u00f3mo ver linces (y buitres y estrellas) en el Pirineo - EscapadaRural\",\"isPartOf\":{\"@id\":\"https:\\\/\\\/www.escapadarural.com\\\/blog\\\/#website\"},\"primaryImageOfPage\":{\"@id\":\"https:\\\/\\\/www.escapadarural.com\\\/blog\\\/linces-astronomia-y-mucho-mas-el-monnatura-pirineus\\\/#primaryimage\"},\"image\":{\"@id\":\"https:\\\/\\\/www.escapadarural.com\\\/blog\\\/linces-astronomia-y-mucho-mas-el-monnatura-pirineus\\\/#primaryimage\"},\"thumbnailUrl\":\"https:\\\/\\\/www.escapadarural.com\\\/blog\\\/wp-content\\\/uploads\\\/2018\\\/05\\\/linx.jpg\",\"datePublished\":\"2018-05-24T10:00:19+00:00\",\"dateModified\":\"2026-02-05T13:13:46+00:00\",\"breadcrumb\":{\"@id\":\"https:\\\/\\\/www.escapadarural.com\\\/blog\\\/linces-astronomia-y-mucho-mas-el-monnatura-pirineus\\\/#breadcrumb\"},\"inLanguage\":\"es\",\"potentialAction\":[{\"@type\":\"ReadAction\",\"target\":[\"https:\\\/\\\/www.escapadarural.com\\\/blog\\\/linces-astronomia-y-mucho-mas-el-monnatura-pirineus\\\/\"]}]},{\"@type\":\"ImageObject\",\"inLanguage\":\"es\",\"@id\":\"https:\\\/\\\/www.escapadarural.com\\\/blog\\\/linces-astronomia-y-mucho-mas-el-monnatura-pirineus\\\/#primaryimage\",\"url\":\"https:\\\/\\\/www.escapadarural.com\\\/blog\\\/wp-content\\\/uploads\\\/2018\\\/05\\\/linx.jpg\",\"contentUrl\":\"https:\\\/\\\/www.escapadarural.com\\\/blog\\\/wp-content\\\/uploads\\\/2018\\\/05\\\/linx.jpg\",\"width\":711,\"height\":477,\"caption\":\"M\u00f3nNatura Pirineu, lince\"},{\"@type\":\"BreadcrumbList\",\"@id\":\"https:\\\/\\\/www.escapadarural.com\\\/blog\\\/linces-astronomia-y-mucho-mas-el-monnatura-pirineus\\\/#breadcrumb\",\"itemListElement\":[{\"@type\":\"ListItem\",\"position\":1,\"name\":\"Inicio\",\"item\":\"https:\\\/\\\/www.escapadarural.com\\\/blog\\\/\"},{\"@type\":\"ListItem\",\"position\":2,\"name\":\"Destinos\",\"item\":\"https:\\\/\\\/www.escapadarural.com\\\/blog\\\/categoria\\\/destinos\\\/\"},{\"@type\":\"ListItem\",\"position\":3,\"name\":\"C\u00f3mo ver linces (y buitres y estrellas) en el Pirineo\"}]},{\"@type\":\"WebSite\",\"@id\":\"https:\\\/\\\/www.escapadarural.com\\\/blog\\\/#website\",\"url\":\"https:\\\/\\\/www.escapadarural.com\\\/blog\\\/\",\"name\":\"Blog de viajes | turismo rural, alojamientos e inspiraci\u00f3n\",\"description\":\"Alojamientos rurales e inspiraci\u00f3n para tus escapadas\",\"publisher\":{\"@id\":\"https:\\\/\\\/www.escapadarural.com\\\/blog\\\/#organization\"},\"alternateName\":\"Magazine de viajes de EscapadaRural\",\"potentialAction\":[{\"@type\":\"SearchAction\",\"target\":{\"@type\":\"EntryPoint\",\"urlTemplate\":\"https:\\\/\\\/www.escapadarural.com\\\/blog\\\/?s={search_term_string}\"},\"query-input\":{\"@type\":\"PropertyValueSpecification\",\"valueRequired\":true,\"valueName\":\"search_term_string\"}}],\"inLanguage\":\"es\"},{\"@type\":\"Organization\",\"@id\":\"https:\\\/\\\/www.escapadarural.com\\\/blog\\\/#organization\",\"name\":\"EscapadaRural\",\"url\":\"https:\\\/\\\/www.escapadarural.com\\\/blog\\\/\",\"logo\":{\"@type\":\"ImageObject\",\"inLanguage\":\"es\",\"@id\":\"https:\\\/\\\/www.escapadarural.com\\\/blog\\\/#\\\/schema\\\/logo\\\/image\\\/\",\"url\":\"https:\\\/\\\/www.escapadarural.com\\\/blog\\\/wp-content\\\/uploads\\\/2024\\\/10\\\/cropped-cropped-escapada-rural-icon-mag-3.png\",\"contentUrl\":\"https:\\\/\\\/www.escapadarural.com\\\/blog\\\/wp-content\\\/uploads\\\/2024\\\/10\\\/cropped-cropped-escapada-rural-icon-mag-3.png\",\"width\":512,\"height\":512,\"caption\":\"EscapadaRural\"},\"image\":{\"@id\":\"https:\\\/\\\/www.escapadarural.com\\\/blog\\\/#\\\/schema\\\/logo\\\/image\\\/\"},\"sameAs\":[\"https:\\\/\\\/www.facebook.com\\\/escapadarural\",\"https:\\\/\\\/www.instagram.com\\\/escapadarural\\\/\",\"https:\\\/\\\/www.youtube.com\\\/@escapadaruralcom\"]},{\"@type\":\"Person\",\"@id\":\"https:\\\/\\\/www.escapadarural.com\\\/blog\\\/#\\\/schema\\\/person\\\/cebb40bb79a7e95bb98b099a1ecf26f6\",\"name\":\"Javi\",\"image\":{\"@type\":\"ImageObject\",\"inLanguage\":\"es\",\"@id\":\"https:\\\/\\\/secure.gravatar.com\\\/avatar\\\/e415360ae09a25a75639c411e2960ac18e72de27b31f4997534e1b9931fcecff?s=96&d=mm&r=g\",\"url\":\"https:\\\/\\\/secure.gravatar.com\\\/avatar\\\/e415360ae09a25a75639c411e2960ac18e72de27b31f4997534e1b9931fcecff?s=96&d=mm&r=g\",\"contentUrl\":\"https:\\\/\\\/secure.gravatar.com\\\/avatar\\\/e415360ae09a25a75639c411e2960ac18e72de27b31f4997534e1b9931fcecff?s=96&d=mm&r=g\",\"caption\":\"Javi\"},\"url\":\"https:\\\/\\\/www.escapadarural.com\\\/blog\\\/autor\\\/javi\\\/\"}]}<\/script>\n<!-- \/ Yoast SEO plugin. -->","yoast_head_json":{"title":"C\u00f3mo ver linces (y buitres y estrellas) en el Pirineo - EscapadaRural","robots":{"index":"index","follow":"follow","max-snippet":"max-snippet:-1","max-image-preview":"max-image-preview:large","max-video-preview":"max-video-preview:-1"},"canonical":"https:\/\/www.escapadarural.com\/blog\/linces-astronomia-y-mucho-mas-el-monnatura-pirineus\/","og_locale":"es_ES","og_type":"article","og_title":"C\u00f3mo ver linces (y buitres y estrellas) en el Pirineo - EscapadaRural","og_description":"Cara a cara con una pareja de linces, la fascinaci\u00f3n por el universo y un mundo rodeado de naturaleza y sostenibilidad en el M\u00f3nNatura Pirineus...","og_url":"https:\/\/www.escapadarural.com\/blog\/linces-astronomia-y-mucho-mas-el-monnatura-pirineus\/","og_site_name":"Magazine de viajes de EscapadaRural","article_publisher":"https:\/\/www.facebook.com\/escapadarural","article_published_time":"2018-05-24T10:00:19+00:00","article_modified_time":"2026-02-05T13:13:46+00:00","og_image":[{"width":711,"height":477,"url":"https:\/\/www.escapadarural.com\/blog\/wp-content\/uploads\/2018\/05\/linx.jpg","type":"image\/jpeg"}],"author":"Javi","twitter_card":"summary_large_image","twitter_misc":{"Escrito por":"Javi","Tiempo de lectura":"17 minutos"},"schema":{"@context":"https:\/\/schema.org","@graph":[{"@type":"Article","@id":"https:\/\/www.escapadarural.com\/blog\/linces-astronomia-y-mucho-mas-el-monnatura-pirineus\/#article","isPartOf":{"@id":"https:\/\/www.escapadarural.com\/blog\/linces-astronomia-y-mucho-mas-el-monnatura-pirineus\/"},"author":{"name":"Javi","@id":"https:\/\/www.escapadarural.com\/blog\/#\/schema\/person\/cebb40bb79a7e95bb98b099a1ecf26f6"},"headline":"C\u00f3mo ver linces (y buitres y estrellas) en el Pirineo","datePublished":"2018-05-24T10:00:19+00:00","dateModified":"2026-02-05T13:13:46+00:00","mainEntityOfPage":{"@id":"https:\/\/www.escapadarural.com\/blog\/linces-astronomia-y-mucho-mas-el-monnatura-pirineus\/"},"wordCount":1706,"commentCount":3,"publisher":{"@id":"https:\/\/www.escapadarural.com\/blog\/#organization"},"image":{"@id":"https:\/\/www.escapadarural.com\/blog\/linces-astronomia-y-mucho-mas-el-monnatura-pirineus\/#primaryimage"},"thumbnailUrl":"https:\/\/www.escapadarural.com\/blog\/wp-content\/uploads\/2018\/05\/linx.jpg","keywords":["blogtrip","Familia","fauna","linces","Lleida","M\u00f3nNatura","Naturaleza","Pirineos","Primavera"],"articleSection":["Destinos"],"inLanguage":"es","potentialAction":[{"@type":"CommentAction","name":"Comment","target":["https:\/\/www.escapadarural.com\/blog\/linces-astronomia-y-mucho-mas-el-monnatura-pirineus\/#respond"]}]},{"@type":"WebPage","@id":"https:\/\/www.escapadarural.com\/blog\/linces-astronomia-y-mucho-mas-el-monnatura-pirineus\/","url":"https:\/\/www.escapadarural.com\/blog\/linces-astronomia-y-mucho-mas-el-monnatura-pirineus\/","name":"C\u00f3mo ver linces (y buitres y estrellas) en el Pirineo - EscapadaRural","isPartOf":{"@id":"https:\/\/www.escapadarural.com\/blog\/#website"},"primaryImageOfPage":{"@id":"https:\/\/www.escapadarural.com\/blog\/linces-astronomia-y-mucho-mas-el-monnatura-pirineus\/#primaryimage"},"image":{"@id":"https:\/\/www.escapadarural.com\/blog\/linces-astronomia-y-mucho-mas-el-monnatura-pirineus\/#primaryimage"},"thumbnailUrl":"https:\/\/www.escapadarural.com\/blog\/wp-content\/uploads\/2018\/05\/linx.jpg","datePublished":"2018-05-24T10:00:19+00:00","dateModified":"2026-02-05T13:13:46+00:00","breadcrumb":{"@id":"https:\/\/www.escapadarural.com\/blog\/linces-astronomia-y-mucho-mas-el-monnatura-pirineus\/#breadcrumb"},"inLanguage":"es","potentialAction":[{"@type":"ReadAction","target":["https:\/\/www.escapadarural.com\/blog\/linces-astronomia-y-mucho-mas-el-monnatura-pirineus\/"]}]},{"@type":"ImageObject","inLanguage":"es","@id":"https:\/\/www.escapadarural.com\/blog\/linces-astronomia-y-mucho-mas-el-monnatura-pirineus\/#primaryimage","url":"https:\/\/www.escapadarural.com\/blog\/wp-content\/uploads\/2018\/05\/linx.jpg","contentUrl":"https:\/\/www.escapadarural.com\/blog\/wp-content\/uploads\/2018\/05\/linx.jpg","width":711,"height":477,"caption":"M\u00f3nNatura Pirineu, lince"},{"@type":"BreadcrumbList","@id":"https:\/\/www.escapadarural.com\/blog\/linces-astronomia-y-mucho-mas-el-monnatura-pirineus\/#breadcrumb","itemListElement":[{"@type":"ListItem","position":1,"name":"Inicio","item":"https:\/\/www.escapadarural.com\/blog\/"},{"@type":"ListItem","position":2,"name":"Destinos","item":"https:\/\/www.escapadarural.com\/blog\/categoria\/destinos\/"},{"@type":"ListItem","position":3,"name":"C\u00f3mo ver linces (y buitres y estrellas) en el Pirineo"}]},{"@type":"WebSite","@id":"https:\/\/www.escapadarural.com\/blog\/#website","url":"https:\/\/www.escapadarural.com\/blog\/","name":"Blog de viajes | turismo rural, alojamientos e inspiraci\u00f3n","description":"Alojamientos rurales e inspiraci\u00f3n para tus escapadas","publisher":{"@id":"https:\/\/www.escapadarural.com\/blog\/#organization"},"alternateName":"Magazine de viajes de EscapadaRural","potentialAction":[{"@type":"SearchAction","target":{"@type":"EntryPoint","urlTemplate":"https:\/\/www.escapadarural.com\/blog\/?s={search_term_string}"},"query-input":{"@type":"PropertyValueSpecification","valueRequired":true,"valueName":"search_term_string"}}],"inLanguage":"es"},{"@type":"Organization","@id":"https:\/\/www.escapadarural.com\/blog\/#organization","name":"EscapadaRural","url":"https:\/\/www.escapadarural.com\/blog\/","logo":{"@type":"ImageObject","inLanguage":"es","@id":"https:\/\/www.escapadarural.com\/blog\/#\/schema\/logo\/image\/","url":"https:\/\/www.escapadarural.com\/blog\/wp-content\/uploads\/2024\/10\/cropped-cropped-escapada-rural-icon-mag-3.png","contentUrl":"https:\/\/www.escapadarural.com\/blog\/wp-content\/uploads\/2024\/10\/cropped-cropped-escapada-rural-icon-mag-3.png","width":512,"height":512,"caption":"EscapadaRural"},"image":{"@id":"https:\/\/www.escapadarural.com\/blog\/#\/schema\/logo\/image\/"},"sameAs":["https:\/\/www.facebook.com\/escapadarural","https:\/\/www.instagram.com\/escapadarural\/","https:\/\/www.youtube.com\/@escapadaruralcom"]},{"@type":"Person","@id":"https:\/\/www.escapadarural.com\/blog\/#\/schema\/person\/cebb40bb79a7e95bb98b099a1ecf26f6","name":"Javi","image":{"@type":"ImageObject","inLanguage":"es","@id":"https:\/\/secure.gravatar.com\/avatar\/e415360ae09a25a75639c411e2960ac18e72de27b31f4997534e1b9931fcecff?s=96&d=mm&r=g","url":"https:\/\/secure.gravatar.com\/avatar\/e415360ae09a25a75639c411e2960ac18e72de27b31f4997534e1b9931fcecff?s=96&d=mm&r=g","contentUrl":"https:\/\/secure.gravatar.com\/avatar\/e415360ae09a25a75639c411e2960ac18e72de27b31f4997534e1b9931fcecff?s=96&d=mm&r=g","caption":"Javi"},"url":"https:\/\/www.escapadarural.com\/blog\/autor\/javi\/"}]}},"_links":{"self":[{"href":"https:\/\/www.escapadarural.com\/blog\/wp-json\/wp\/v2\/posts\/2516","targetHints":{"allow":["GET"]}}],"collection":[{"href":"https:\/\/www.escapadarural.com\/blog\/wp-json\/wp\/v2\/posts"}],"about":[{"href":"https:\/\/www.escapadarural.com\/blog\/wp-json\/wp\/v2\/types\/post"}],"author":[{"embeddable":true,"href":"https:\/\/www.escapadarural.com\/blog\/wp-json\/wp\/v2\/users\/91"}],"replies":[{"embeddable":true,"href":"https:\/\/www.escapadarural.com\/blog\/wp-json\/wp\/v2\/comments?post=2516"}],"version-history":[{"count":0,"href":"https:\/\/www.escapadarural.com\/blog\/wp-json\/wp\/v2\/posts\/2516\/revisions"}],"wp:featuredmedia":[{"embeddable":true,"href":"https:\/\/www.escapadarural.com\/blog\/wp-json\/wp\/v2\/media\/113522"}],"wp:attachment":[{"href":"https:\/\/www.escapadarural.com\/blog\/wp-json\/wp\/v2\/media?parent=2516"}],"wp:term":[{"taxonomy":"category","embeddable":true,"href":"https:\/\/www.escapadarural.com\/blog\/wp-json\/wp\/v2\/categories?post=2516"},{"taxonomy":"post_tag","embeddable":true,"href":"https:\/\/www.escapadarural.com\/blog\/wp-json\/wp\/v2\/tags?post=2516"}],"curies":[{"name":"wp","href":"https:\/\/api.w.org\/{rel}","templated":true}]}}