{"id":25485,"date":"2022-03-25T08:25:00","date_gmt":"2022-03-25T07:25:00","guid":{"rendered":"https:\/\/www.escapadarural.com\/blog\/?p=25485"},"modified":"2026-02-06T10:13:53","modified_gmt":"2026-02-06T09:13:53","slug":"comillas-el-pueblo-modernista-de-cantabria","status":"publish","type":"post","link":"https:\/\/www.escapadarural.com\/blog\/comillas-el-pueblo-modernista-de-cantabria\/","title":{"rendered":"Comillas, el pueblo modernista de Cantabria"},"content":{"rendered":"\n<figure class=\"wp-block-image size-large\"><a href=\"https:\/\/www.escapadarural.com\/blog\/wp-content\/uploads\/2020\/07\/el-capricho-in-comillas-spain-stockpack-adobe-stock-1-scaled.jpg\"><img decoding=\"async\" src=\"https:\/\/www.escapadarural.com\/blog\/wp-content\/uploads\/2020\/07\/el-capricho-in-comillas-spain-stockpack-adobe-stock-1-1024x684.jpg\" alt=\"El Capricho en Comillas, Spain\" class=\"wp-image-25716\"\/><\/a><figcaption class=\"wp-element-caption\">El Capricho en Comillas. Por saiko3p<\/figcaption><\/figure>\n\n\n\n<p>Cualquiera que haya pasado alg\u00fan verano en un pueblo de la costa puede haberse sentido identificado con algunas de sus vivencias al ver la pel\u00edcula <em>Primos<\/em>, de Daniel S\u00e1nchez Ar\u00e9valo. Y si fue en alg\u00fan punto del norte de Espa\u00f1a, m\u00e1s todav\u00eda. El filme <strong>se rod\u00f3 en <a href=\"https:\/\/www.escapadarural.com\/casas-rurales\/comillas\" class=\"rank-math-link\">Comillas<\/a><\/strong>, la peque\u00f1a localidad de Cantabria que est\u00e1 considerada como la cuna \u2013o al menos el laboratorio\u2013 del <a href=\"https:\/\/es.wikipedia.org\/wiki\/Modernismo\" target=\"_blank\" aria-label=\" (opens in a new tab)\" rel=\"noreferrer noopener nofollow\" class=\"rank-math-link\">modernismo<\/a>.<\/p>\n\n\n\n<p>En la pel\u00edcula, tres primos deciden por impulso volver al sitio en el que pasaron sus veranos de infancia y juventud para animar a uno de ellos, reci\u00e9n abandonado en el altar. Un viaje por carretera que, seg\u00fan se acerca a su destino, va dejando ver los atractivos de la zona. Aunque quiz\u00e1s para los que no est\u00e9n acostumbrados, el ba\u00f1o al amanecer en <strong>las aguas del Cant\u00e1brico <\/strong>no sea tan ideal como se muestra. Es lo que tiene la ficci\u00f3n.<\/p>\n\n\n\n<figure class=\"wp-block-image size-large\"><a href=\"https:\/\/www.escapadarural.com\/blog\/wp-content\/uploads\/2020\/07\/aerial-view-of-comillas-village-spain-stockpack-adobe-stock-scaled.jpg\"><img decoding=\"async\" src=\"https:\/\/www.escapadarural.com\/blog\/wp-content\/uploads\/2020\/07\/aerial-view-of-comillas-village-spain-stockpack-adobe-stock-1024x682.jpg\" alt=\"Vista a\u00e9rea de Comillas\" class=\"wp-image-25714\"\/><\/a><figcaption class=\"wp-element-caption\">Vista a\u00e9rea de Comillas. Por JackF <\/figcaption><\/figure>\n\n\n\n<p>Algunas de las localizaciones muestran algunos de <strong>los puntos m\u00e1s destacados de Comillas<\/strong>, como el cementerio (s\u00ed, despu\u00e9s se explicar\u00e1 por qu\u00e9), sus calles empedradas, su playa de arena fina o el puerto. Y tambi\u00e9n las costumbres propias del est\u00edo en un pueblo de la zona: las fiestas, el concurso de la cuca\u00f1a, las orquestas y la buena comida (en el caso de <a href=\"https:\/\/www.escapadarural.com\/casas-rurales\/cantabria\" class=\"rank-math-link\">Cantabria<\/a>, con sobaos para desayunar).<\/p>\n\n\n\n<p>Esta localidad se encuentra, adem\u00e1s, <strong>cerca de <a href=\"https:\/\/www.escapadarural.com\/casas-rurales\/santillana-del-mar\" class=\"rank-math-link\">Santillana de Mar<\/a> y <a href=\"https:\/\/www.escapadarural.com\/casas-rurales\/potes\" class=\"rank-math-link\">Potes<\/a><\/strong>, Capitales del Turismo Rural 2019 y 2020 respectivamente. Dos razones de peso m\u00e1s para escaparse a disfrutar de los atractivos de Cantabria.<\/p>\n\n\n\n<h2 class=\"wp-block-heading\" id=\"h-el-paraiso-de-los-amantes-de-la-arquitectura\"><strong>El para\u00edso de los amantes de la arquitectura<\/strong><\/h2>\n\n\n\n<p>No se puede negar que uno de <strong>sus puntos fuertes <\/strong>son sus construcciones. Como para casi todo, hay una explicaci\u00f3n de por qu\u00e9 un estilo arquitect\u00f3nico en concreto naci\u00f3 \u2013o empez\u00f3 a desarrollarse\u2013 en un sitio que, de entrada, nadie se\u00f1alar\u00eda como lugar de origen.<\/p>\n\n\n\n<p>Si se menciona<strong> la arquitectura modernista en Espa\u00f1a<\/strong>, posiblemente la mente se dirija directamente a<a href=\"https:\/\/www.escapadarural.com\/casas-rurales\/barcelona\" class=\"rank-math-link\"> Barcelona<\/a> y el nombre que destaque sea el de Antonio Gaud\u00ed. La Casa Batll\u00f3, la Casa Mil\u00e0 o, por supuesto, la bas\u00edlica de la Sagrada Familia son algunos de los edificios m\u00e1s fotografiados del mundo (en 2019, la ciudad recibi\u00f3 m\u00e1s de 8 millones de turistas y est\u00e1 entre las urbes m\u00e1s visitadas del planeta).<\/p>\n\n\n\n<p>Pero el autor dej\u00f3 su primera <strong>gran huella en Comillas<\/strong> gracias a la iniciativa de Antonio L\u00f3pez y L\u00f3pez, que decidi\u00f3 hacer de su ciudad natal un sitio de referencia. El que acabar\u00eda siendo I Marqu\u00e9s de Comillas, naci\u00f3 en el seno de una familia humilde, pero como muchos otros decidi\u00f3 emigrar a Cuba en el siglo XIX y hacer fortuna.&nbsp;<\/p>\n\n\n\n<p>Despu\u00e9s de casarse con la hija de un acomodado comerciante de Barcelona, invirti\u00f3 la dote de su esposa en sus negocios cubanos, que le llevaron a tener una posici\u00f3n muy acomodada (como era su intenci\u00f3n desde la juventud). Debido a sus actividades, forj\u00f3 una amistad con <strong>el rey Alfonso XII,<\/strong> que acudi\u00f3 a Comillas de veraneo con su familia en 1881 y 1882. De hecho, fue este monarca quien le otorg\u00f3 el t\u00edtulo nobiliario.<\/p>\n\n\n\n<p>Debido a su posici\u00f3n social quiso convertir su ciudad de nacimiento en un lugar digno de nobles y reyes. Para eso, Antonio L\u00f3pez decidi\u00f3 contratar a los arquitectos catalanes que estaban empezando a despuntar (una hija suya se hab\u00eda casado con el se\u00f1or Eusebio G\u00fcell, as\u00ed que sab\u00eda a qui\u00e9n buscar) para que desarrollasen all\u00ed sus ideas. Debido a esta iniciativa, Comillas acoge algunos de <strong>los ejemplos del modernismo <\/strong>m\u00e1s elogiados del pa\u00eds.&nbsp;<\/p>\n\n\n\n<h2 class=\"wp-block-heading\" id=\"h-el-palacio-de-sobrellano\"><strong>El Palacio de Sobrellano<\/strong><\/h2>\n\n\n\n<figure class=\"wp-block-image size-large\"><a href=\"https:\/\/www.escapadarural.com\/blog\/wp-content\/uploads\/2020\/07\/palace-sobrellano-comillas-cantabria-spainscenic-historic-architecturecantabria-and-santander-tourism-landmarkcomillas-palace-spain-travel-stockpack-adobe-stock-scaled.jpg\"><img decoding=\"async\" src=\"https:\/\/www.escapadarural.com\/blog\/wp-content\/uploads\/2020\/07\/palace-sobrellano-comillas-cantabria-spainscenic-historic-architecturecantabria-and-santander-tourism-landmarkcomillas-palace-spain-travel-stockpack-adobe-stock-1024x432.jpg\" alt=\"Palacio de Sobrellano, Comillas\" class=\"wp-image-25717\"\/><\/a><figcaption class=\"wp-element-caption\">Palacio de Sobrellano. Por carloscastilla<\/figcaption><\/figure>\n\n\n\n<p>El se\u00f1or marqu\u00e9s le pidi\u00f3 al arquitecto Joan Martorell que dise\u00f1ase su residencia de verano. Un lugar adecuado al tipo de vida que llevar\u00eda una persona de su categor\u00eda: la casa cuenta hasta con una sala del trono. Una pena que el marqu\u00e9s nunca lo llegase a ver terminado, ya que se inaugur\u00f3 en 1988 y \u00e9l muri\u00f3 en 1883.&nbsp;<\/p>\n\n\n\n<p>El exterior es de estilo neog\u00f3tico pero el interior <strong>es una muestra de modernismo<\/strong> con muebles de Antonio Gaud\u00ed, chimeneas dise\u00f1adas por Crist\u00f3bal Cascante y vidrieras de colores talladas en el taller de Eudald Amig\u00f3. Al lado se encuentra la capilla-pante\u00f3n, que va en consonancia con la edificaci\u00f3n principal. Actualmente se ofrecen visitas guiadas por 5 euros para los adultos y 1,5 euros para ni\u00f1os de cuatro a 12 a\u00f1os.<\/p>\n\n\n\n<h2 class=\"wp-block-heading\" id=\"h-la-antigua-universidad-pontificia-de-comillas\"><strong>La Antigua Universidad Pontificia de Comillas<\/strong><\/h2>\n\n\n\n<figure class=\"wp-block-image size-large\"><a href=\"https:\/\/www.escapadarural.com\/blog\/wp-content\/uploads\/2020\/07\/comillas-pontifical-university-spain-stockpack-adobe-stock-scaled.jpg\"><img decoding=\"async\" src=\"https:\/\/www.escapadarural.com\/blog\/wp-content\/uploads\/2020\/07\/comillas-pontifical-university-spain-stockpack-adobe-stock-1024x767.jpg\" alt=\"Universidad Pontificia de Comillas\" class=\"wp-image-25718\"\/><\/a><figcaption class=\"wp-element-caption\">Universidad Pontificia de Comillas. Por saiko3p<\/figcaption><\/figure>\n\n\n\n<p>Pese a que fue el promotor de su construcci\u00f3n, tampoco lleg\u00f3 a verla y fue su hijo Claudio L\u00f3pez Bru el que tom\u00f3 el relevo. Joan Martorell i Montells fue el encargado de elaborar el proyecto, que cont\u00f3 con la ayuda del padre Alcolado, ingeniero jesuita, y del padre G\u00f3mez Carral para que el edificio cumpliese con las directrices jesuitas.<\/p>\n\n\n\n<p>Llu\u00eds Dom\u00e9nech i Montaner fue el arquitecto de la obra y quien se encarg\u00f3 de <strong>la ornamentaci\u00f3n modernista del edificio.<\/strong> Tambi\u00e9n participaron otros profesionales como el pintor Eduard Llorens Masdeu. Gracias a su ubicaci\u00f3n elevada puede verse f\u00e1cilmente desde toda la localidad. Antonio L\u00f3pez pidi\u00f3 que se construyese all\u00ed para poder observarla desde su palacio de Sobrellano. Se organizan visitas guiadas.<\/p>\n\n\n\n<h2 class=\"wp-block-heading\" id=\"h-el-capricho-de-gaudi\"><strong>El capricho de Gaud\u00ed<\/strong><\/h2>\n\n\n\n<figure class=\"wp-block-image size-large\"><a href=\"https:\/\/www.escapadarural.com\/blog\/wp-content\/uploads\/2020\/07\/villa-el-capricho-de-gaudi-designed-by-antoni-gaudi-built-in-1883-1885-comillas-cantabria-spain-europe-stockpack-adobe-stock-scaled.jpg\"><img decoding=\"async\" src=\"https:\/\/www.escapadarural.com\/blog\/wp-content\/uploads\/2020\/07\/villa-el-capricho-de-gaudi-designed-by-antoni-gaudi-built-in-1883-1885-comillas-cantabria-spain-europe-stockpack-adobe-stock-1024x1024.jpg\" alt=\"Villa El Capricho de Gaud\u00ed, designed by Antoni Gaud\u00ed, built in 1883-1885, Comillas, Cantabria, Spain, Europe\" class=\"wp-image-25719\"\/><\/a><figcaption class=\"wp-element-caption\">El Capricho de Gaud\u00ed. Por Juan Carlos Munoz<\/figcaption><\/figure>\n\n\n\n<p>El m\u00e1s reconocible de todos en lo que a estilo modernista se refiere. Se aprecia el toque de Antoni Gaud\u00ed desde el primer vistazo y cualquiera que pasa se detiene para admirarlo. Es uno de los pocos trabajos que el autor construy\u00f3 fuera de Catalu\u00f1a, junto al Palacio Episcopal de <a href=\"https:\/\/www.escapadarural.com\/casas-rurales?l=astorga\">Astorga<\/a>, la Casa Botines de <a href=\"https:\/\/www.escapadarural.com\/casas-rurales?l=leon\">Le\u00f3n<\/a> y la Catedral de Santa Mar\u00eda de <a href=\"https:\/\/www.escapadarural.com\/casas-rurales?l=mallorca\">Mallorca<\/a> (trabaj\u00f3 en su reconstrucci\u00f3n a principios del siglo XX).<\/p>\n\n\n\n<p>El edificio se llama en realidad <strong>La villa Quijano<\/strong>, propiedad del indiano M\u00e1ximo D\u00edaz de Quijano, que quer\u00eda una casa de veraneo en la ciudad de su familiar Antonio L\u00f3pez. Gaud\u00ed nunca lleg\u00f3 a ir a Comillas, sino que traz\u00f3 el proyecto y envi\u00f3 a su ayudante Crist\u00f3bal Cascante a supervisar la obra. Se construy\u00f3 entre 1883 y 1885 y, adem\u00e1s de residencia, tambi\u00e9n ha sido un restaurante y ahora, un museo.<\/p>\n\n\n\n<p>Se puede entrar pagando una entrada de 7 euros para los adultos, 3 para los ni\u00f1os y 5 para personas con acreditaci\u00f3n como jubilados o familias numerosas, entre otros. Es Bien de Inter\u00e9s Cultural desde 1969.<\/p>\n\n\n\n<h2 class=\"wp-block-heading\" id=\"h-la-fuente-de-los-tres-canos\"><strong>La fuente de los tres ca\u00f1os<\/strong><\/h2>\n\n\n\n<figure class=\"wp-block-image size-large\"><a href=\"https:\/\/www.escapadarural.com\/blog\/wp-content\/uploads\/AdobeStock_102267645-scaled.jpeg\"><img decoding=\"async\" src=\"https:\/\/www.escapadarural.com\/blog\/wp-content\/uploads\/AdobeStock_102267645-683x1024.jpeg\" alt=\"Fuente de los tres ca\u00f1os. \" class=\"wp-image-50018\"\/><\/a><figcaption class=\"wp-element-caption\">Fuente de los tres ca\u00f1os. Por uzkiland<\/figcaption><\/figure>\n\n\n\n<p>Se levant\u00f3 en homenaje a Joaqu\u00edn del Pi\u00e9lago, yerno del marqu\u00e9s de Comillas y responsable la canalizaci\u00f3n del agua de la ciudad. Es obra del arquitecto Llu\u00eds Dom\u00e8nech i Montaner y est\u00e1 situada en una plaza con el nombre del homenajeado.&nbsp;<\/p>\n\n\n\n<p>Est\u00e1 compuesta por una columna central con ornamentos en forma de flores, textos de agradecimiento, \u00e1ngeles y <strong>un delf\u00edn enrollado<\/strong> que se destaca en todas las gu\u00edas como motivo central de la obra.<\/p>\n\n\n\n<h2 class=\"wp-block-heading\" id=\"h-cementerio-modernista\"><strong>Cementerio modernista<\/strong><\/h2>\n\n\n\n<figure class=\"wp-block-image size-large\"><a href=\"https:\/\/www.escapadarural.com\/blog\/wp-content\/uploads\/2020\/07\/angel-de-comillas-cantabria-stockpack-adobe-stock-scaled.jpg\"><img decoding=\"async\" src=\"https:\/\/www.escapadarural.com\/blog\/wp-content\/uploads\/2020\/07\/angel-de-comillas-cantabria-stockpack-adobe-stock-1024x685.jpg\" alt=\"Angel de Comillas, Cantabria.\" class=\"wp-image-25721\"\/><\/a><figcaption class=\"wp-element-caption\">Angel exterminador en el cementerio de Comillas. Por jorgesp <\/figcaption><\/figure>\n\n\n\n<p>El que van a visitar los protagonistas de la pel\u00edcula. Situado al lado de una antigua ermita g\u00f3tica, tambi\u00e9n es un proyecto de Luis Dom\u00e9nech y Montaner y, adem\u00e1s, se encuentra el mausoleo de la familia de Joaqu\u00edn del Pi\u00e9lago.<\/p>\n\n\n\n<p>Lo m\u00e1s representativo del camposanto, adem\u00e1s de los pin\u00e1culos del antiguo templo y los arcos, es <strong>la figura de El \u00e1ngel exterminador<\/strong>, firmada por Josep Llimona y que preside todo el recinto. Tambi\u00e9n se le conoce como El \u00e1ngel guardi\u00e1n y data de 1895.&nbsp;<\/p>\n\n\n\n<h2 class=\"wp-block-heading\" id=\"h-la-puerta-del-moro\"><strong>La puerta del moro<\/strong><\/h2>\n\n\n\n<figure class=\"wp-block-image size-large\"><a href=\"https:\/\/www.escapadarural.com\/blog\/wp-content\/uploads\/2020\/07\/Puertapajaros.jpg\"><img decoding=\"async\" src=\"https:\/\/www.escapadarural.com\/blog\/wp-content\/uploads\/2020\/07\/Puertapajaros-1024x768.jpg\" alt=\"Puerta de los p\u00e1jaros de Comillas\" class=\"wp-image-25722\"\/><\/a><figcaption class=\"wp-element-caption\">Puerta de los p\u00e1jaros de Comillas. Por Gonzalo P.M.G.<\/figcaption><\/figure>\n\n\n\n<p>La puerta del moro o de los p\u00e1jaros pertenece a una vivienda particular. El dise\u00f1o es de Antonio Gaud\u00ed, que lo traz\u00f3 para una casa en Barcelona que nunca se lleg\u00f3 a terminar ya que su due\u00f1o se qued\u00f3 en la ruina. A\u00f1os despu\u00e9s, el alba\u00f1il Juli\u00e1n Bardier Pardo la reprodujo para la entrada de la casa de Paulino Moro, de ah\u00ed su nombre.<\/p>\n\n\n\n<p>La ruta modernista tambi\u00e9n incluye otras paradas como el homenaje al marqu\u00e9s de Comillas, el Santo Hospital o la residencia privada conocida como La Coteruca. Pero, adem\u00e1s del modernismo, Comillas se disfruta caminando por sus empedrados, paseando por su puerto (que fue muy importante en la historia por dedicarse a las ballenas) o <strong>comiendo unas rabas<\/strong> en cualquier bar de la zona para recuperar fuerzas. Sin duda, los protagonistas de <em>Primos<\/em> veraneaban en un gran lugar.&nbsp;<\/p>\n\n\n\n<div class=\"wp-block-buttons is-layout-flex wp-block-buttons-is-layout-flex\">\n<div class=\"wp-block-button\"><a class=\"wp-block-button__link wp-element-button\" href=\"https:\/\/www.escapadarural.com\/casas-rurales\/comillas\">Casas rurales en Comillas<\/a><\/div>\n<\/div>\n","protected":false},"excerpt":{"rendered":"<p>Comillas es el para\u00edso de los amantes de la arquitectura modernista. Antoni Gaud\u00ed dejo en este pueblo c\u00e1ntabro una de sus obras m\u00e1s preciadas: el Capricho, aunque no es la \u00fanica obra de este estilo. Comillas tiene toda una ruta de monumentos arquitect\u00f3nicos. <\/p>\n","protected":false},"author":114,"featured_media":101601,"comment_status":"open","ping_status":"open","sticky":false,"template":"","format":"standard","meta":{"_acf_changed":false,"om_disable_all_campaigns":false,"footnotes":""},"categories":[231],"tags":[3023,224,2887,3903,3904,6764,2871,215,1265,3905,3906,3907,3908,3909,3910],"class_list":["post-25485","post","type-post","status-publish","format-standard","has-post-thumbnail","hentry","category-arte-y-cultura","tag-antonio-gaudi","tag-que-ver-en-cantabria","tag-comillas","tag-el-angel-exterminador","tag-el-capricho-de-gaudi","tag-imprescindibles","tag-imprescindibles-de-cantabria","tag-listado","tag-modernismo","tag-palacio-de-sobrellano","tag-pelicula","tag-primos","tag-puerta-del-moro","tag-rabas","tag-universidad-pontificia-de-comillas"],"acf":[],"featured_image_src":"https:\/\/www.escapadarural.com\/blog\/wp-content\/uploads\/2024\/10\/el-capricho-in-comillas-spain-stockpack-adobe-stock-1-1024x684-5.jpg","author_info":{"display_name":"Carmen L\u00f3pez","author_link":"https:\/\/www.escapadarural.com\/blog\/autor\/carmenlopez\/"},"yoast_head":"<!-- This site is optimized with the Yoast SEO plugin v27.5 - https:\/\/yoast.com\/product\/yoast-seo-wordpress\/ -->\n<title>Comillas, el pueblo modernista de Cantabria - EscapadaRural<\/title>\n<meta name=\"robots\" content=\"index, follow, max-snippet:-1, max-image-preview:large, max-video-preview:-1\" \/>\n<link rel=\"canonical\" href=\"https:\/\/www.escapadarural.com\/blog\/comillas-el-pueblo-modernista-de-cantabria\/\" \/>\n<meta property=\"og:locale\" content=\"es_ES\" \/>\n<meta property=\"og:type\" content=\"article\" \/>\n<meta property=\"og:title\" content=\"Comillas, el pueblo modernista de Cantabria - EscapadaRural\" \/>\n<meta property=\"og:description\" content=\"Comillas es el para\u00edso de los amantes de la arquitectura modernista. Antoni Gaud\u00ed dejo en este pueblo c\u00e1ntabro una de sus obras m\u00e1s preciadas: el Capricho, aunque no es la \u00fanica obra de este estilo. Comillas tiene toda una ruta de monumentos arquitect\u00f3nicos.\" \/>\n<meta property=\"og:url\" content=\"https:\/\/www.escapadarural.com\/blog\/comillas-el-pueblo-modernista-de-cantabria\/\" \/>\n<meta property=\"og:site_name\" content=\"Magazine de viajes de EscapadaRural\" \/>\n<meta property=\"article:publisher\" content=\"https:\/\/www.facebook.com\/escapadarural\" \/>\n<meta property=\"article:published_time\" content=\"2022-03-25T07:25:00+00:00\" \/>\n<meta property=\"article:modified_time\" content=\"2026-02-06T09:13:53+00:00\" \/>\n<meta property=\"og:image\" content=\"https:\/\/www.escapadarural.com\/blog\/wp-content\/uploads\/2024\/10\/el-capricho-in-comillas-spain-stockpack-adobe-stock-1-1024x684-5.jpg\" \/>\n\t<meta property=\"og:image:width\" content=\"1024\" \/>\n\t<meta property=\"og:image:height\" content=\"684\" \/>\n\t<meta property=\"og:image:type\" content=\"image\/jpeg\" \/>\n<meta name=\"author\" content=\"Carmen L\u00f3pez\" \/>\n<meta name=\"twitter:card\" content=\"summary_large_image\" \/>\n<meta name=\"twitter:label1\" content=\"Escrito por\" \/>\n\t<meta name=\"twitter:data1\" content=\"Carmen L\u00f3pez\" \/>\n\t<meta name=\"twitter:label2\" content=\"Tiempo de lectura\" \/>\n\t<meta name=\"twitter:data2\" content=\"8 minutos\" \/>\n<script type=\"application\/ld+json\" class=\"yoast-schema-graph\">{\"@context\":\"https:\\\/\\\/schema.org\",\"@graph\":[{\"@type\":\"Article\",\"@id\":\"https:\\\/\\\/www.escapadarural.com\\\/blog\\\/comillas-el-pueblo-modernista-de-cantabria\\\/#article\",\"isPartOf\":{\"@id\":\"https:\\\/\\\/www.escapadarural.com\\\/blog\\\/comillas-el-pueblo-modernista-de-cantabria\\\/\"},\"author\":{\"name\":\"Carmen L\u00f3pez\",\"@id\":\"https:\\\/\\\/www.escapadarural.com\\\/blog\\\/#\\\/schema\\\/person\\\/42dfdff6118172efc6a04c8ae599a2ce\"},\"headline\":\"Comillas, el pueblo modernista de Cantabria\",\"datePublished\":\"2022-03-25T07:25:00+00:00\",\"dateModified\":\"2026-02-06T09:13:53+00:00\",\"mainEntityOfPage\":{\"@id\":\"https:\\\/\\\/www.escapadarural.com\\\/blog\\\/comillas-el-pueblo-modernista-de-cantabria\\\/\"},\"wordCount\":1517,\"commentCount\":2,\"publisher\":{\"@id\":\"https:\\\/\\\/www.escapadarural.com\\\/blog\\\/#organization\"},\"image\":{\"@id\":\"https:\\\/\\\/www.escapadarural.com\\\/blog\\\/comillas-el-pueblo-modernista-de-cantabria\\\/#primaryimage\"},\"thumbnailUrl\":\"https:\\\/\\\/www.escapadarural.com\\\/blog\\\/wp-content\\\/uploads\\\/2024\\\/10\\\/el-capricho-in-comillas-spain-stockpack-adobe-stock-1-1024x684-5.jpg\",\"keywords\":[\"antonio gaudi\",\"Cantabria\",\"Comillas\",\"el angel exterminador\",\"El Capricho de Gaud\u00ed\",\"Imprescindibles\",\"Imprescindibles de Cantabria\",\"Listado\",\"modernismo\",\"palacio de sobrellano\",\"pelicula\",\"primos\",\"puerta del moro\",\"rabas\",\"universidad pontificia de comillas\"],\"articleSection\":[\"Arte y Cultura\"],\"inLanguage\":\"es\",\"potentialAction\":[{\"@type\":\"CommentAction\",\"name\":\"Comment\",\"target\":[\"https:\\\/\\\/www.escapadarural.com\\\/blog\\\/comillas-el-pueblo-modernista-de-cantabria\\\/#respond\"]}]},{\"@type\":\"WebPage\",\"@id\":\"https:\\\/\\\/www.escapadarural.com\\\/blog\\\/comillas-el-pueblo-modernista-de-cantabria\\\/\",\"url\":\"https:\\\/\\\/www.escapadarural.com\\\/blog\\\/comillas-el-pueblo-modernista-de-cantabria\\\/\",\"name\":\"Comillas, el pueblo modernista de Cantabria - EscapadaRural\",\"isPartOf\":{\"@id\":\"https:\\\/\\\/www.escapadarural.com\\\/blog\\\/#website\"},\"primaryImageOfPage\":{\"@id\":\"https:\\\/\\\/www.escapadarural.com\\\/blog\\\/comillas-el-pueblo-modernista-de-cantabria\\\/#primaryimage\"},\"image\":{\"@id\":\"https:\\\/\\\/www.escapadarural.com\\\/blog\\\/comillas-el-pueblo-modernista-de-cantabria\\\/#primaryimage\"},\"thumbnailUrl\":\"https:\\\/\\\/www.escapadarural.com\\\/blog\\\/wp-content\\\/uploads\\\/2024\\\/10\\\/el-capricho-in-comillas-spain-stockpack-adobe-stock-1-1024x684-5.jpg\",\"datePublished\":\"2022-03-25T07:25:00+00:00\",\"dateModified\":\"2026-02-06T09:13:53+00:00\",\"breadcrumb\":{\"@id\":\"https:\\\/\\\/www.escapadarural.com\\\/blog\\\/comillas-el-pueblo-modernista-de-cantabria\\\/#breadcrumb\"},\"inLanguage\":\"es\",\"potentialAction\":[{\"@type\":\"ReadAction\",\"target\":[\"https:\\\/\\\/www.escapadarural.com\\\/blog\\\/comillas-el-pueblo-modernista-de-cantabria\\\/\"]}]},{\"@type\":\"ImageObject\",\"inLanguage\":\"es\",\"@id\":\"https:\\\/\\\/www.escapadarural.com\\\/blog\\\/comillas-el-pueblo-modernista-de-cantabria\\\/#primaryimage\",\"url\":\"https:\\\/\\\/www.escapadarural.com\\\/blog\\\/wp-content\\\/uploads\\\/2024\\\/10\\\/el-capricho-in-comillas-spain-stockpack-adobe-stock-1-1024x684-5.jpg\",\"contentUrl\":\"https:\\\/\\\/www.escapadarural.com\\\/blog\\\/wp-content\\\/uploads\\\/2024\\\/10\\\/el-capricho-in-comillas-spain-stockpack-adobe-stock-1-1024x684-5.jpg\",\"width\":1024,\"height\":684,\"caption\":\"El Capricho de Gaud\u00eda en Comillas, Cantabria. Por saiko3p\"},{\"@type\":\"BreadcrumbList\",\"@id\":\"https:\\\/\\\/www.escapadarural.com\\\/blog\\\/comillas-el-pueblo-modernista-de-cantabria\\\/#breadcrumb\",\"itemListElement\":[{\"@type\":\"ListItem\",\"position\":1,\"name\":\"Inicio\",\"item\":\"https:\\\/\\\/www.escapadarural.com\\\/blog\\\/\"},{\"@type\":\"ListItem\",\"position\":2,\"name\":\"Arte y Cultura\",\"item\":\"https:\\\/\\\/www.escapadarural.com\\\/blog\\\/categoria\\\/arte-y-cultura\\\/\"},{\"@type\":\"ListItem\",\"position\":3,\"name\":\"Comillas, el pueblo modernista de Cantabria\"}]},{\"@type\":\"WebSite\",\"@id\":\"https:\\\/\\\/www.escapadarural.com\\\/blog\\\/#website\",\"url\":\"https:\\\/\\\/www.escapadarural.com\\\/blog\\\/\",\"name\":\"Blog de viajes | turismo rural, alojamientos e inspiraci\u00f3n\",\"description\":\"Alojamientos rurales e inspiraci\u00f3n para tus escapadas\",\"publisher\":{\"@id\":\"https:\\\/\\\/www.escapadarural.com\\\/blog\\\/#organization\"},\"alternateName\":\"Magazine de viajes de EscapadaRural\",\"potentialAction\":[{\"@type\":\"SearchAction\",\"target\":{\"@type\":\"EntryPoint\",\"urlTemplate\":\"https:\\\/\\\/www.escapadarural.com\\\/blog\\\/?s={search_term_string}\"},\"query-input\":{\"@type\":\"PropertyValueSpecification\",\"valueRequired\":true,\"valueName\":\"search_term_string\"}}],\"inLanguage\":\"es\"},{\"@type\":\"Organization\",\"@id\":\"https:\\\/\\\/www.escapadarural.com\\\/blog\\\/#organization\",\"name\":\"EscapadaRural\",\"url\":\"https:\\\/\\\/www.escapadarural.com\\\/blog\\\/\",\"logo\":{\"@type\":\"ImageObject\",\"inLanguage\":\"es\",\"@id\":\"https:\\\/\\\/www.escapadarural.com\\\/blog\\\/#\\\/schema\\\/logo\\\/image\\\/\",\"url\":\"https:\\\/\\\/www.escapadarural.com\\\/blog\\\/wp-content\\\/uploads\\\/2024\\\/10\\\/cropped-cropped-escapada-rural-icon-mag-3.png\",\"contentUrl\":\"https:\\\/\\\/www.escapadarural.com\\\/blog\\\/wp-content\\\/uploads\\\/2024\\\/10\\\/cropped-cropped-escapada-rural-icon-mag-3.png\",\"width\":512,\"height\":512,\"caption\":\"EscapadaRural\"},\"image\":{\"@id\":\"https:\\\/\\\/www.escapadarural.com\\\/blog\\\/#\\\/schema\\\/logo\\\/image\\\/\"},\"sameAs\":[\"https:\\\/\\\/www.facebook.com\\\/escapadarural\",\"https:\\\/\\\/www.instagram.com\\\/escapadarural\\\/\",\"https:\\\/\\\/www.youtube.com\\\/@escapadaruralcom\"]},{\"@type\":\"Person\",\"@id\":\"https:\\\/\\\/www.escapadarural.com\\\/blog\\\/#\\\/schema\\\/person\\\/42dfdff6118172efc6a04c8ae599a2ce\",\"name\":\"Carmen L\u00f3pez\",\"image\":{\"@type\":\"ImageObject\",\"inLanguage\":\"es\",\"@id\":\"https:\\\/\\\/www.escapadarural.com\\\/blog\\\/wp-content\\\/uploads\\\/2024\\\/11\\\/cropped-perfil_eldiario-96x96-1-96x96.jpeg\",\"url\":\"https:\\\/\\\/www.escapadarural.com\\\/blog\\\/wp-content\\\/uploads\\\/2024\\\/11\\\/cropped-perfil_eldiario-96x96-1-96x96.jpeg\",\"contentUrl\":\"https:\\\/\\\/www.escapadarural.com\\\/blog\\\/wp-content\\\/uploads\\\/2024\\\/11\\\/cropped-perfil_eldiario-96x96-1-96x96.jpeg\",\"caption\":\"Carmen L\u00f3pez\"},\"description\":\"Soy periodista y escribo sobre cosas que importan en sitios que interesan desde hace m\u00e1s de una d\u00e9cada.\",\"url\":\"https:\\\/\\\/www.escapadarural.com\\\/blog\\\/autor\\\/carmenlopez\\\/\"}]}<\/script>\n<!-- \/ Yoast SEO plugin. -->","yoast_head_json":{"title":"Comillas, el pueblo modernista de Cantabria - EscapadaRural","robots":{"index":"index","follow":"follow","max-snippet":"max-snippet:-1","max-image-preview":"max-image-preview:large","max-video-preview":"max-video-preview:-1"},"canonical":"https:\/\/www.escapadarural.com\/blog\/comillas-el-pueblo-modernista-de-cantabria\/","og_locale":"es_ES","og_type":"article","og_title":"Comillas, el pueblo modernista de Cantabria - EscapadaRural","og_description":"Comillas es el para\u00edso de los amantes de la arquitectura modernista. Antoni Gaud\u00ed dejo en este pueblo c\u00e1ntabro una de sus obras m\u00e1s preciadas: el Capricho, aunque no es la \u00fanica obra de este estilo. Comillas tiene toda una ruta de monumentos arquitect\u00f3nicos.","og_url":"https:\/\/www.escapadarural.com\/blog\/comillas-el-pueblo-modernista-de-cantabria\/","og_site_name":"Magazine de viajes de EscapadaRural","article_publisher":"https:\/\/www.facebook.com\/escapadarural","article_published_time":"2022-03-25T07:25:00+00:00","article_modified_time":"2026-02-06T09:13:53+00:00","og_image":[{"width":1024,"height":684,"url":"https:\/\/www.escapadarural.com\/blog\/wp-content\/uploads\/2024\/10\/el-capricho-in-comillas-spain-stockpack-adobe-stock-1-1024x684-5.jpg","type":"image\/jpeg"}],"author":"Carmen L\u00f3pez","twitter_card":"summary_large_image","twitter_misc":{"Escrito por":"Carmen L\u00f3pez","Tiempo de lectura":"8 minutos"},"schema":{"@context":"https:\/\/schema.org","@graph":[{"@type":"Article","@id":"https:\/\/www.escapadarural.com\/blog\/comillas-el-pueblo-modernista-de-cantabria\/#article","isPartOf":{"@id":"https:\/\/www.escapadarural.com\/blog\/comillas-el-pueblo-modernista-de-cantabria\/"},"author":{"name":"Carmen L\u00f3pez","@id":"https:\/\/www.escapadarural.com\/blog\/#\/schema\/person\/42dfdff6118172efc6a04c8ae599a2ce"},"headline":"Comillas, el pueblo modernista de Cantabria","datePublished":"2022-03-25T07:25:00+00:00","dateModified":"2026-02-06T09:13:53+00:00","mainEntityOfPage":{"@id":"https:\/\/www.escapadarural.com\/blog\/comillas-el-pueblo-modernista-de-cantabria\/"},"wordCount":1517,"commentCount":2,"publisher":{"@id":"https:\/\/www.escapadarural.com\/blog\/#organization"},"image":{"@id":"https:\/\/www.escapadarural.com\/blog\/comillas-el-pueblo-modernista-de-cantabria\/#primaryimage"},"thumbnailUrl":"https:\/\/www.escapadarural.com\/blog\/wp-content\/uploads\/2024\/10\/el-capricho-in-comillas-spain-stockpack-adobe-stock-1-1024x684-5.jpg","keywords":["antonio gaudi","Cantabria","Comillas","el angel exterminador","El Capricho de Gaud\u00ed","Imprescindibles","Imprescindibles de Cantabria","Listado","modernismo","palacio de sobrellano","pelicula","primos","puerta del moro","rabas","universidad pontificia de comillas"],"articleSection":["Arte y Cultura"],"inLanguage":"es","potentialAction":[{"@type":"CommentAction","name":"Comment","target":["https:\/\/www.escapadarural.com\/blog\/comillas-el-pueblo-modernista-de-cantabria\/#respond"]}]},{"@type":"WebPage","@id":"https:\/\/www.escapadarural.com\/blog\/comillas-el-pueblo-modernista-de-cantabria\/","url":"https:\/\/www.escapadarural.com\/blog\/comillas-el-pueblo-modernista-de-cantabria\/","name":"Comillas, el pueblo modernista de Cantabria - EscapadaRural","isPartOf":{"@id":"https:\/\/www.escapadarural.com\/blog\/#website"},"primaryImageOfPage":{"@id":"https:\/\/www.escapadarural.com\/blog\/comillas-el-pueblo-modernista-de-cantabria\/#primaryimage"},"image":{"@id":"https:\/\/www.escapadarural.com\/blog\/comillas-el-pueblo-modernista-de-cantabria\/#primaryimage"},"thumbnailUrl":"https:\/\/www.escapadarural.com\/blog\/wp-content\/uploads\/2024\/10\/el-capricho-in-comillas-spain-stockpack-adobe-stock-1-1024x684-5.jpg","datePublished":"2022-03-25T07:25:00+00:00","dateModified":"2026-02-06T09:13:53+00:00","breadcrumb":{"@id":"https:\/\/www.escapadarural.com\/blog\/comillas-el-pueblo-modernista-de-cantabria\/#breadcrumb"},"inLanguage":"es","potentialAction":[{"@type":"ReadAction","target":["https:\/\/www.escapadarural.com\/blog\/comillas-el-pueblo-modernista-de-cantabria\/"]}]},{"@type":"ImageObject","inLanguage":"es","@id":"https:\/\/www.escapadarural.com\/blog\/comillas-el-pueblo-modernista-de-cantabria\/#primaryimage","url":"https:\/\/www.escapadarural.com\/blog\/wp-content\/uploads\/2024\/10\/el-capricho-in-comillas-spain-stockpack-adobe-stock-1-1024x684-5.jpg","contentUrl":"https:\/\/www.escapadarural.com\/blog\/wp-content\/uploads\/2024\/10\/el-capricho-in-comillas-spain-stockpack-adobe-stock-1-1024x684-5.jpg","width":1024,"height":684,"caption":"El Capricho de Gaud\u00eda en Comillas, Cantabria. Por saiko3p"},{"@type":"BreadcrumbList","@id":"https:\/\/www.escapadarural.com\/blog\/comillas-el-pueblo-modernista-de-cantabria\/#breadcrumb","itemListElement":[{"@type":"ListItem","position":1,"name":"Inicio","item":"https:\/\/www.escapadarural.com\/blog\/"},{"@type":"ListItem","position":2,"name":"Arte y Cultura","item":"https:\/\/www.escapadarural.com\/blog\/categoria\/arte-y-cultura\/"},{"@type":"ListItem","position":3,"name":"Comillas, el pueblo modernista de Cantabria"}]},{"@type":"WebSite","@id":"https:\/\/www.escapadarural.com\/blog\/#website","url":"https:\/\/www.escapadarural.com\/blog\/","name":"Blog de viajes | turismo rural, alojamientos e inspiraci\u00f3n","description":"Alojamientos rurales e inspiraci\u00f3n para tus escapadas","publisher":{"@id":"https:\/\/www.escapadarural.com\/blog\/#organization"},"alternateName":"Magazine de viajes de EscapadaRural","potentialAction":[{"@type":"SearchAction","target":{"@type":"EntryPoint","urlTemplate":"https:\/\/www.escapadarural.com\/blog\/?s={search_term_string}"},"query-input":{"@type":"PropertyValueSpecification","valueRequired":true,"valueName":"search_term_string"}}],"inLanguage":"es"},{"@type":"Organization","@id":"https:\/\/www.escapadarural.com\/blog\/#organization","name":"EscapadaRural","url":"https:\/\/www.escapadarural.com\/blog\/","logo":{"@type":"ImageObject","inLanguage":"es","@id":"https:\/\/www.escapadarural.com\/blog\/#\/schema\/logo\/image\/","url":"https:\/\/www.escapadarural.com\/blog\/wp-content\/uploads\/2024\/10\/cropped-cropped-escapada-rural-icon-mag-3.png","contentUrl":"https:\/\/www.escapadarural.com\/blog\/wp-content\/uploads\/2024\/10\/cropped-cropped-escapada-rural-icon-mag-3.png","width":512,"height":512,"caption":"EscapadaRural"},"image":{"@id":"https:\/\/www.escapadarural.com\/blog\/#\/schema\/logo\/image\/"},"sameAs":["https:\/\/www.facebook.com\/escapadarural","https:\/\/www.instagram.com\/escapadarural\/","https:\/\/www.youtube.com\/@escapadaruralcom"]},{"@type":"Person","@id":"https:\/\/www.escapadarural.com\/blog\/#\/schema\/person\/42dfdff6118172efc6a04c8ae599a2ce","name":"Carmen L\u00f3pez","image":{"@type":"ImageObject","inLanguage":"es","@id":"https:\/\/www.escapadarural.com\/blog\/wp-content\/uploads\/2024\/11\/cropped-perfil_eldiario-96x96-1-96x96.jpeg","url":"https:\/\/www.escapadarural.com\/blog\/wp-content\/uploads\/2024\/11\/cropped-perfil_eldiario-96x96-1-96x96.jpeg","contentUrl":"https:\/\/www.escapadarural.com\/blog\/wp-content\/uploads\/2024\/11\/cropped-perfil_eldiario-96x96-1-96x96.jpeg","caption":"Carmen L\u00f3pez"},"description":"Soy periodista y escribo sobre cosas que importan en sitios que interesan desde hace m\u00e1s de una d\u00e9cada.","url":"https:\/\/www.escapadarural.com\/blog\/autor\/carmenlopez\/"}]}},"_links":{"self":[{"href":"https:\/\/www.escapadarural.com\/blog\/wp-json\/wp\/v2\/posts\/25485","targetHints":{"allow":["GET"]}}],"collection":[{"href":"https:\/\/www.escapadarural.com\/blog\/wp-json\/wp\/v2\/posts"}],"about":[{"href":"https:\/\/www.escapadarural.com\/blog\/wp-json\/wp\/v2\/types\/post"}],"author":[{"embeddable":true,"href":"https:\/\/www.escapadarural.com\/blog\/wp-json\/wp\/v2\/users\/114"}],"replies":[{"embeddable":true,"href":"https:\/\/www.escapadarural.com\/blog\/wp-json\/wp\/v2\/comments?post=25485"}],"version-history":[{"count":0,"href":"https:\/\/www.escapadarural.com\/blog\/wp-json\/wp\/v2\/posts\/25485\/revisions"}],"wp:featuredmedia":[{"embeddable":true,"href":"https:\/\/www.escapadarural.com\/blog\/wp-json\/wp\/v2\/media\/101601"}],"wp:attachment":[{"href":"https:\/\/www.escapadarural.com\/blog\/wp-json\/wp\/v2\/media?parent=25485"}],"wp:term":[{"taxonomy":"category","embeddable":true,"href":"https:\/\/www.escapadarural.com\/blog\/wp-json\/wp\/v2\/categories?post=25485"},{"taxonomy":"post_tag","embeddable":true,"href":"https:\/\/www.escapadarural.com\/blog\/wp-json\/wp\/v2\/tags?post=25485"}],"curies":[{"name":"wp","href":"https:\/\/api.w.org\/{rel}","templated":true}]}}