{"id":2622,"date":"2020-04-23T08:30:10","date_gmt":"2020-04-23T07:30:10","guid":{"rendered":"http:\/\/15.188.81.248\/2020\/04\/23\/dia-del-libro-libros-de-viaje-que-me-han-marcado\/"},"modified":"2025-08-12T16:42:55","modified_gmt":"2025-08-12T14:42:55","slug":"dia-del-libro-libros-de-viaje-que-me-han-marcado","status":"publish","type":"post","link":"https:\/\/www.escapadarural.com\/blog\/dia-del-libro-libros-de-viaje-que-me-han-marcado\/","title":{"rendered":"7 libros (y un v\u00eddeo) que inspiran un viaje"},"content":{"rendered":"\n<figure class=\"wp-block-image size-large\"><a href=\"\/blog\/wp-content\/uploads\/2020\/04\/8674933712_236f129bf0_k.jpg\"><img decoding=\"async\" src=\"\/blog\/wp-content\/uploads\/2020\/04\/8674933712_236f129bf0_k-1024x683.jpg\" alt=\"D\u00eda del Libro\" class=\"wp-image-17797\"\/><\/a><figcaption>Por Martin Cox<\/figcaption><\/figure>\n\n\n\n<p>Como sabr\u00e9is, desde 1995 cada 23 de abril se conmemora el <strong>D\u00eda del Libro<\/strong>. Es la fiesta de la lectura. Shakespeare y Cervantes murieron, al parecer, un 23 de abril, y tambi\u00e9n pusieron punto final grandes como William Wordsworth o Josep Pla.<\/p>\n\n\n\n<p>Josep Pla dedic\u00f3 tiempo y esfuerzo a narrar viajes por Catalu\u00f1a. Y los campos de Castilla descritos por Cervantes han quedado ya en el imaginario colectivo, tambi\u00e9n los de Antonio Machado. Por alg\u00fan motivo, casi todos los libros podemos considerarlos de viaje: inoculan las ganas de viajar a otros mundos, reales o ficticios, y todos ellos te sacan de tu vida y te llevan a vivir experiencias, como cualquier viaje. Hemos hecho una selecci\u00f3n de los que nos han inspirado m\u00e1s en el \u00faltimo a\u00f1o lector. Y vosotros, \u00bfcu\u00e1l a\u00f1adir\u00edais?<\/p>\n\n\n\n<!--more-->\n\n\n\n<p>S\u00e9 que algunas no son obras de viaje al uso. Ver\u00e9is relatos fant\u00e1sticos, estudios cient\u00edficos con tribus remotas o recuerdos personales mezclados con un viaje que termin\u00f3 siendo todo uno. \u00a1All\u00e1 van!<\/p>\n\n\n\n<h2 class=\"title-rute wp-block-heading\"><em>El antrop\u00f3logo inocente<\/em><\/h2>\n\n\n\n<p>Fue una sugerencia de <a href=\"\/blog\/ines-fernandez-tuesta-de-mis-viajes-por-ahi\/\">In\u00e9s Fern\u00e1ndez<\/a>. Nigel Barley narra ir\u00f3nicamente su experiencia como investigador en el pueblo de los <em>dowayos<\/em>, en el norte de Camer\u00fan. Sus experiencias son p\u00e9simas (burocracia, incomodidad, carreteras en mal estado&#8230;). En cambio, su enfoque es divertid\u00edsimo.<\/p>\n\n\n\n<p>Lo que debi\u00f3 ser una publicaci\u00f3n de estudio de campo antropol\u00f3gico termin\u00f3 por convertirse en una cr\u00f3nica aguda para el gran p\u00fablico, no s\u00f3lo acad\u00e9mico. \u00abUno espera que detr\u00e1s de la curva la carretera contin\u00fae&#8230;\u00bb. Pero no. Y as\u00ed.<\/p>\n\n\n\n<h2 class=\"title-rute wp-block-heading\"><em>Sense fronteres<\/em>, <em>Sin fronteras<\/em><\/h2>\n\n\n\n<figure class=\"wp-block-embed-youtube wp-block-embed is-type-video is-provider-youtube wp-embed-aspect-16-9 wp-has-aspect-ratio\"><div class=\"wp-block-embed__wrapper\">\n<span class=\"HOKCt3WL10qj7zY07bDoASmWg18ZNJuVffnFuobjZck96aDMpBQdF6PhRENIrPk\"><div class=\"video-shortcode\"><iframe title=\"Mundo peque\u00f1o (M\u00f3n petit) - trailer\" width=\"1200\" height=\"675\" src=\"https:\/\/www.youtube.com\/embed\/BwfwF2PrtX8?feature=oembed\" frameborder=\"0\" allow=\"accelerometer; autoplay; clipboard-write; encrypted-media; gyroscope; picture-in-picture; web-share\" referrerpolicy=\"strict-origin-when-cross-origin\" allowfullscreen><\/iframe><\/div><\/span>\n<\/div><\/figure>\n\n\n\n<p><\/p>\n\n\n\n<p>Albert Casals es un joven inquieto, vital, risue\u00f1o, estimulante y viaja en silla de ruedas sin dinero. Se hizo famoso hace a\u00f1os en plat\u00f3s de programas como <em>Cr\u00f3nicas marcianas<\/em> o <em>Buenafuente<\/em>: descubre a los ciudadanos que lo que deb\u00eda atarle (la silla) a una vida sedentaria no es una frontera, ni siquiera una limitaci\u00f3n. Su ejemplo nos concierne porque nos pregunta: \u00bfsomos felices con lo que hacemos?<\/p>\n\n\n\n<p>En su segundo libro, <em>Sin fronteras<\/em>, escribe sobre sus aventuras por Suram\u00e9rica, \u00c1frica y Jap\u00f3n. Incluso, se lanza a alg\u00fan relato propio escrito durante sus viajes.<\/p>\n\n\n\n<p>Tiene una frase que seguramente comparten muchos blogueros de viajes: \u00abLa verdad es que una vez te has acostumbrado a compartir las experiencias se hace muy dif\u00edcil dejar de hacerlo. \u00a1Tantas aventuras no se pueden quedar s\u00f3lo en mi recuerdo!\u00bb<\/p>\n\n\n\n<h2 class=\"title-rute wp-block-heading\"><em>Relato de un n\u00e1ufrago<\/em><\/h2>\n\n\n\n<p>Ya os avisamos: no todos son libros de viajes al uso. <em>Relato de un n\u00e1ufrago<\/em> es una maravilla period\u00edstica de Gabriel Garc\u00eda M\u00e1rquez donde narra la experiencia de Alejandro Velasco, un marino de la armada colombiana que pasa 10 d\u00edas sin comida ni bebida a la deriva en el Mar Caribe.<\/p>\n\n\n\n<p>La descripci\u00f3n del paisaje del mar Caribe no es mon\u00f3tona. La visibilidad de las escenas te atrapan. Y son tan n\u00edtidas las penas y alegr\u00edas que podr\u00edas querer sacar al protagonista para salvarlo.<\/p>\n\n\n\n<h2 class=\"title-rute wp-block-heading\"><em>El elogio de la sombra<\/em><\/h2>\n\n\n\n<p>Pocos libros han abierto tantas puertas a quien escribe como <em>El elogio de la sombra<\/em>, de Junichiro Tanizaki. Las puertas y la visi\u00f3n.<\/p>\n\n\n\n<p>Es un cl\u00e1sico japon\u00e9s y la propuesta es original: en Occidente admiramos la luz, el oro y los brillantes. Por contra, asociamos lo oscuro a ideas negativas. En Jap\u00f3n, en cambio, las sombras son elogiables, admiradas, incluso buscadas.<\/p>\n\n\n\n<p>Me convencieron sus argumentos. Desde entonces enciendo mucho menos la luz de mi casa, ya veis, as\u00ed te cambia un libro. Pero lo que consigui\u00f3 esta obra de 1933 fue una experiencia inolvidable en mi paso por Kyoto. Una mujer con una pamela enorme y un ingl\u00e9s de martillo, Yoko, me habl\u00f3 por azar de Cervantes y yo le contest\u00e9 con Tanizaki. Le ilusion\u00f3 tanto la referencia que dedic\u00f3 toda una jornada a ense\u00f1arme los rincones m\u00e1s tradicionales de la antigua capital japonesa, me obsequi\u00f3 con regalos, me invit\u00f3 a una charla con profesores de geishas, saludamos a las maikos. Y de pronto entend\u00ed por qu\u00e9 Jap\u00f3n construye esos tejados en punta: para crear espacios de sombra y de recogimiento.<\/p>\n\n\n\n<h2 class=\"title-rute wp-block-heading\"><em>Historias de Nueva York, Roma y Londres<\/em><\/h2>\n\n\n\n<p>Aparece como un t\u00edtulo pero son tres obras distintas, todas ellas del periodista Enric Gonz\u00e1lez.<\/p>\n\n\n\n<p>Estas <em>Historias&#8230;<\/em> forman parte de la experiencia del periodista como corresponsal en esas ciudades. El periodista retrata persona, personajes, ambientes y espacios de una manera amena y sin aspavientos.<\/p>\n\n\n\n<p>La sencillez de sus historias de viaje atrapan, y no es nada sencilla proponer a los lectores unas descripciones atractivas. Excelentes cr\u00f3nicas de un periodista excelente. Corred a leerlo, insensatos.<\/p>\n\n\n\n<h2 class=\"title-rute wp-block-heading\"><em>Moby Dick<\/em><\/h2>\n\n\n\n<p>\u00ab\u00bfQu\u00e9 pinta este libro?\u00bb, pensar\u00e9is. Pues s\u00ed. Para m\u00ed es un libro de viajes de primera. De viajes a un mundo totalmente desconocido a bordo de un barco capitaneado por Ahab, personaje melanc\u00f3lico, vengativo y entra\u00f1able. Zozobras en las p\u00e1ginas tanto o m\u00e1s que Ismael y el resto de la tripulaci\u00f3n en el barco. Es un viaje \u00fanico, hacia el interior no solo de una ballena.<\/p>\n\n\n\n<blockquote class=\"wp-block-quote is-layout-flow wp-block-quote-is-layout-flow\"><p>\u00ab<em>El principal [argumento a favor del viaje] era la idea abrumadora de la gran ballena en carne y hueso. Un monstruo tan portentoso y enigm\u00e1tico despertaba toda mi curiosidad. Y despu\u00e9s, los mares salvajes y distantes donde el monstruo hac\u00eda rodar su masa, gigantesca como una isla; y los peligros indescriptible de la ballena: todo eso, sumado a las maravillas que esperaba descubrir en un millar de paisajes y vientos patag\u00f3nicos, constribuy\u00f3 a alimentar mi deseo. Para otros hombres, quiz\u00e1, nada de eso habr\u00eda sido un incentivo. Pero yo <strong>me siento atormentado por una inagotable ansiedad de cosas remotas<\/strong><\/em>\u00ab.<\/p><\/blockquote>\n\n\n\n<h2 class=\"title-rute wp-block-heading\"><em>Si hoy es jueves, esto es tumbuct\u00fa<\/em><\/h2>\n\n\n\n<p>Paco Nadal es un referente del periodismo de viajes en espa\u00f1ol. Ha visitado decenas de pa\u00edses, varias veces, y la \u00faltima vez que le\u00ed este libro daba la impresi\u00f3n que no se cansa de viajar. Sus vacaciones, al contrario que todos los dem\u00e1s, las pasa en su casa por gusto.<\/p>\n\n\n\n<p><a href=\"https:\/\/elpais.com\/elpais\/2013\/04\/10\/paco_nadal\/1365581176_136558.html\" target=\"_blank\"><em>Si hoy es jueves, esto es Tombuct\u00fa. El alocado diario de un periodista de viajes<\/em><\/a> re\u00fane los mejores art\u00edculos de su blog en <em>El Pa\u00eds<\/em>. Recuerdo a\u00fan el sudor que le cost\u00f3 una expedici\u00f3n a Groenlandia y c\u00f3mo me alegr\u00e9 de que consiguiera su objetivo. Tiene esa capacidad: que siempre te importa lo que est\u00e1 cont\u00e1ndote.<\/p>\n\n\n\n<p>Y hasta aqu\u00ed. Podr\u00edamos hablar de libros de viaje todo el d\u00eda. Ya lo sabr\u00e9is todos los que os gusta viajar. No s\u00e9 por qu\u00e9 raz\u00f3n no he incluido <em>20 leguas de viaje submarino<\/em> o <em>La vuelta al mundo en 80 d\u00edas<\/em>, de Julio Verne.<\/p>\n\n\n\n<h2 class=\"title-rute wp-block-heading\">\u00a1Espera!<\/h2>\n\n\n\n<p>Antes de salir a regalar alguno de estos libros, mira este v\u00eddeo.<\/p>\n\n\n\n<figure class=\"wp-block-embed-youtube wp-block-embed is-type-video is-provider-youtube wp-embed-aspect-16-9 wp-has-aspect-ratio\"><div class=\"wp-block-embed__wrapper\">\n<span class=\"UcxLhuW3Uw1TIB7ij1MtcBZsHbdePTtnFfpOJqG4PfYSjbunViCNS6Lz0rpzDQD8hN\"><div class=\"video-shortcode\"><iframe title=\"El s\u00edndrome del eterno viajero\" width=\"1200\" height=\"675\" src=\"https:\/\/www.youtube.com\/embed\/7dKGcg_jBhw?feature=oembed\" frameborder=\"0\" allow=\"accelerometer; autoplay; clipboard-write; encrypted-media; gyroscope; picture-in-picture; web-share\" referrerpolicy=\"strict-origin-when-cross-origin\" allowfullscreen><\/iframe><\/div><\/span>\n<\/div><\/figure>\n\n\n\n<p><strong>Y t\u00fa, \u00bfqu\u00e9 libro recomiendas para viajar?<\/strong><\/p>\n","protected":false},"excerpt":{"rendered":"<p>Estos son los 7 libros (y el v\u00eddeo) que m\u00e1s y mejor nos impulsaron a viajar&#8230;<\/p>\n","protected":false},"author":85,"featured_media":108476,"comment_status":"open","ping_status":"closed","sticky":false,"template":"","format":"standard","meta":{"_acf_changed":false,"om_disable_all_campaigns":false,"footnotes":""},"categories":[231],"tags":[1277,1319,215,2376],"class_list":["post-2622","post","type-post","status-publish","format-standard","has-post-thumbnail","hentry","category-arte-y-cultura","tag-dia-del-libro","tag-libros","tag-listado","tag-viaje"],"acf":[],"featured_image_src":"https:\/\/www.escapadarural.com\/blog\/wp-content\/uploads\/2024\/11\/pexels-yuuilina-8872868-scaled-1.jpg","author_info":{"display_name":"Redacci\u00f3n ER","author_link":"https:\/\/www.escapadarural.com\/blog\/autor\/admin\/"},"yoast_head":"<!-- This site is optimized with the Yoast SEO plugin v27.5 - https:\/\/yoast.com\/product\/yoast-seo-wordpress\/ -->\n<title>7 libros (y un v\u00eddeo) que inspiran un viaje - EscapadaRural<\/title>\n<meta name=\"robots\" content=\"index, follow, max-snippet:-1, max-image-preview:large, max-video-preview:-1\" \/>\n<link rel=\"canonical\" href=\"https:\/\/www.escapadarural.com\/blog\/dia-del-libro-libros-de-viaje-que-me-han-marcado\/\" \/>\n<meta property=\"og:locale\" content=\"es_ES\" \/>\n<meta property=\"og:type\" content=\"article\" \/>\n<meta property=\"og:title\" content=\"7 libros (y un v\u00eddeo) que inspiran un viaje - EscapadaRural\" \/>\n<meta property=\"og:description\" content=\"Estos son los 7 libros (y el v\u00eddeo) que m\u00e1s y mejor nos impulsaron a viajar...\" \/>\n<meta property=\"og:url\" content=\"https:\/\/www.escapadarural.com\/blog\/dia-del-libro-libros-de-viaje-que-me-han-marcado\/\" \/>\n<meta property=\"og:site_name\" content=\"Magazine de viajes de EscapadaRural\" \/>\n<meta property=\"article:publisher\" content=\"https:\/\/www.facebook.com\/escapadarural\" \/>\n<meta property=\"article:published_time\" content=\"2020-04-23T07:30:10+00:00\" \/>\n<meta property=\"article:modified_time\" content=\"2025-08-12T14:42:55+00:00\" \/>\n<meta property=\"og:image\" content=\"https:\/\/www.escapadarural.com\/blog\/wp-content\/uploads\/2024\/11\/pexels-yuuilina-8872868-scaled-1.jpg?v=1755009776\" \/>\n\t<meta property=\"og:image:width\" content=\"2048\" \/>\n\t<meta property=\"og:image:height\" content=\"1536\" \/>\n\t<meta property=\"og:image:type\" content=\"image\/jpeg\" \/>\n<meta name=\"author\" content=\"Redacci\u00f3n ER\" \/>\n<meta name=\"twitter:card\" content=\"summary_large_image\" \/>\n<meta name=\"twitter:label1\" content=\"Escrito por\" \/>\n\t<meta name=\"twitter:data1\" content=\"Redacci\u00f3n ER\" \/>\n\t<meta name=\"twitter:label2\" content=\"Tiempo de lectura\" \/>\n\t<meta name=\"twitter:data2\" content=\"6 minutos\" \/>\n<script type=\"application\/ld+json\" class=\"yoast-schema-graph\">{\"@context\":\"https:\\\/\\\/schema.org\",\"@graph\":[{\"@type\":\"Article\",\"@id\":\"https:\\\/\\\/www.escapadarural.com\\\/blog\\\/dia-del-libro-libros-de-viaje-que-me-han-marcado\\\/#article\",\"isPartOf\":{\"@id\":\"https:\\\/\\\/www.escapadarural.com\\\/blog\\\/dia-del-libro-libros-de-viaje-que-me-han-marcado\\\/\"},\"author\":{\"name\":\"Redacci\u00f3n ER\",\"@id\":\"https:\\\/\\\/www.escapadarural.com\\\/blog\\\/#\\\/schema\\\/person\\\/bd5b0d7ad308a0bf4efed73e8308b4fa\"},\"headline\":\"7 libros (y un v\u00eddeo) que inspiran un viaje\",\"datePublished\":\"2020-04-23T07:30:10+00:00\",\"dateModified\":\"2025-08-12T14:42:55+00:00\",\"mainEntityOfPage\":{\"@id\":\"https:\\\/\\\/www.escapadarural.com\\\/blog\\\/dia-del-libro-libros-de-viaje-que-me-han-marcado\\\/\"},\"wordCount\":1204,\"commentCount\":0,\"publisher\":{\"@id\":\"https:\\\/\\\/www.escapadarural.com\\\/blog\\\/#organization\"},\"image\":{\"@id\":\"https:\\\/\\\/www.escapadarural.com\\\/blog\\\/dia-del-libro-libros-de-viaje-que-me-han-marcado\\\/#primaryimage\"},\"thumbnailUrl\":\"https:\\\/\\\/www.escapadarural.com\\\/blog\\\/wp-content\\\/uploads\\\/2024\\\/11\\\/pexels-yuuilina-8872868-scaled-1.jpg\",\"keywords\":[\"D\u00eda del Libro\",\"Libros\",\"Listado\",\"viaje\"],\"articleSection\":[\"Arte y Cultura\"],\"inLanguage\":\"es\",\"potentialAction\":[{\"@type\":\"CommentAction\",\"name\":\"Comment\",\"target\":[\"https:\\\/\\\/www.escapadarural.com\\\/blog\\\/dia-del-libro-libros-de-viaje-que-me-han-marcado\\\/#respond\"]}]},{\"@type\":\"WebPage\",\"@id\":\"https:\\\/\\\/www.escapadarural.com\\\/blog\\\/dia-del-libro-libros-de-viaje-que-me-han-marcado\\\/\",\"url\":\"https:\\\/\\\/www.escapadarural.com\\\/blog\\\/dia-del-libro-libros-de-viaje-que-me-han-marcado\\\/\",\"name\":\"7 libros (y un v\u00eddeo) que inspiran un viaje - EscapadaRural\",\"isPartOf\":{\"@id\":\"https:\\\/\\\/www.escapadarural.com\\\/blog\\\/#website\"},\"primaryImageOfPage\":{\"@id\":\"https:\\\/\\\/www.escapadarural.com\\\/blog\\\/dia-del-libro-libros-de-viaje-que-me-han-marcado\\\/#primaryimage\"},\"image\":{\"@id\":\"https:\\\/\\\/www.escapadarural.com\\\/blog\\\/dia-del-libro-libros-de-viaje-que-me-han-marcado\\\/#primaryimage\"},\"thumbnailUrl\":\"https:\\\/\\\/www.escapadarural.com\\\/blog\\\/wp-content\\\/uploads\\\/2024\\\/11\\\/pexels-yuuilina-8872868-scaled-1.jpg\",\"datePublished\":\"2020-04-23T07:30:10+00:00\",\"dateModified\":\"2025-08-12T14:42:55+00:00\",\"breadcrumb\":{\"@id\":\"https:\\\/\\\/www.escapadarural.com\\\/blog\\\/dia-del-libro-libros-de-viaje-que-me-han-marcado\\\/#breadcrumb\"},\"inLanguage\":\"es\",\"potentialAction\":[{\"@type\":\"ReadAction\",\"target\":[\"https:\\\/\\\/www.escapadarural.com\\\/blog\\\/dia-del-libro-libros-de-viaje-que-me-han-marcado\\\/\"]}]},{\"@type\":\"ImageObject\",\"inLanguage\":\"es\",\"@id\":\"https:\\\/\\\/www.escapadarural.com\\\/blog\\\/dia-del-libro-libros-de-viaje-que-me-han-marcado\\\/#primaryimage\",\"url\":\"https:\\\/\\\/www.escapadarural.com\\\/blog\\\/wp-content\\\/uploads\\\/2024\\\/11\\\/pexels-yuuilina-8872868-scaled-1.jpg\",\"contentUrl\":\"https:\\\/\\\/www.escapadarural.com\\\/blog\\\/wp-content\\\/uploads\\\/2024\\\/11\\\/pexels-yuuilina-8872868-scaled-1.jpg\",\"width\":2048,\"height\":1536,\"caption\":\"Libro\"},{\"@type\":\"BreadcrumbList\",\"@id\":\"https:\\\/\\\/www.escapadarural.com\\\/blog\\\/dia-del-libro-libros-de-viaje-que-me-han-marcado\\\/#breadcrumb\",\"itemListElement\":[{\"@type\":\"ListItem\",\"position\":1,\"name\":\"Inicio\",\"item\":\"https:\\\/\\\/www.escapadarural.com\\\/blog\\\/\"},{\"@type\":\"ListItem\",\"position\":2,\"name\":\"Arte y Cultura\",\"item\":\"https:\\\/\\\/www.escapadarural.com\\\/blog\\\/categoria\\\/arte-y-cultura\\\/\"},{\"@type\":\"ListItem\",\"position\":3,\"name\":\"7 libros (y un v\u00eddeo) que inspiran un viaje\"}]},{\"@type\":\"WebSite\",\"@id\":\"https:\\\/\\\/www.escapadarural.com\\\/blog\\\/#website\",\"url\":\"https:\\\/\\\/www.escapadarural.com\\\/blog\\\/\",\"name\":\"Blog de viajes | turismo rural, alojamientos e inspiraci\u00f3n\",\"description\":\"Alojamientos rurales e inspiraci\u00f3n para tus escapadas\",\"publisher\":{\"@id\":\"https:\\\/\\\/www.escapadarural.com\\\/blog\\\/#organization\"},\"alternateName\":\"Magazine de viajes de EscapadaRural\",\"potentialAction\":[{\"@type\":\"SearchAction\",\"target\":{\"@type\":\"EntryPoint\",\"urlTemplate\":\"https:\\\/\\\/www.escapadarural.com\\\/blog\\\/?s={search_term_string}\"},\"query-input\":{\"@type\":\"PropertyValueSpecification\",\"valueRequired\":true,\"valueName\":\"search_term_string\"}}],\"inLanguage\":\"es\"},{\"@type\":\"Organization\",\"@id\":\"https:\\\/\\\/www.escapadarural.com\\\/blog\\\/#organization\",\"name\":\"EscapadaRural\",\"url\":\"https:\\\/\\\/www.escapadarural.com\\\/blog\\\/\",\"logo\":{\"@type\":\"ImageObject\",\"inLanguage\":\"es\",\"@id\":\"https:\\\/\\\/www.escapadarural.com\\\/blog\\\/#\\\/schema\\\/logo\\\/image\\\/\",\"url\":\"https:\\\/\\\/www.escapadarural.com\\\/blog\\\/wp-content\\\/uploads\\\/2024\\\/10\\\/cropped-cropped-escapada-rural-icon-mag-3.png\",\"contentUrl\":\"https:\\\/\\\/www.escapadarural.com\\\/blog\\\/wp-content\\\/uploads\\\/2024\\\/10\\\/cropped-cropped-escapada-rural-icon-mag-3.png\",\"width\":512,\"height\":512,\"caption\":\"EscapadaRural\"},\"image\":{\"@id\":\"https:\\\/\\\/www.escapadarural.com\\\/blog\\\/#\\\/schema\\\/logo\\\/image\\\/\"},\"sameAs\":[\"https:\\\/\\\/www.facebook.com\\\/escapadarural\",\"https:\\\/\\\/www.instagram.com\\\/escapadarural\\\/\",\"https:\\\/\\\/www.youtube.com\\\/@escapadaruralcom\"]},{\"@type\":\"Person\",\"@id\":\"https:\\\/\\\/www.escapadarural.com\\\/blog\\\/#\\\/schema\\\/person\\\/bd5b0d7ad308a0bf4efed73e8308b4fa\",\"name\":\"Redacci\u00f3n ER\",\"image\":{\"@type\":\"ImageObject\",\"inLanguage\":\"es\",\"@id\":\"https:\\\/\\\/www.escapadarural.com\\\/blog\\\/wp-content\\\/uploads\\\/2024\\\/10\\\/cropped-cropped-escapada-rural-icon-mag-3-96x96.png\",\"url\":\"https:\\\/\\\/www.escapadarural.com\\\/blog\\\/wp-content\\\/uploads\\\/2024\\\/10\\\/cropped-cropped-escapada-rural-icon-mag-3-96x96.png\",\"contentUrl\":\"https:\\\/\\\/www.escapadarural.com\\\/blog\\\/wp-content\\\/uploads\\\/2024\\\/10\\\/cropped-cropped-escapada-rural-icon-mag-3-96x96.png\",\"caption\":\"Redacci\u00f3n ER\"},\"description\":\"Nos encanta inspirar a viajeros y ayudar a los propietarios con nuestros contenidos\",\"url\":\"https:\\\/\\\/www.escapadarural.com\\\/blog\\\/autor\\\/admin\\\/\"}]}<\/script>\n<!-- \/ Yoast SEO plugin. -->","yoast_head_json":{"title":"7 libros (y un v\u00eddeo) que inspiran un viaje - EscapadaRural","robots":{"index":"index","follow":"follow","max-snippet":"max-snippet:-1","max-image-preview":"max-image-preview:large","max-video-preview":"max-video-preview:-1"},"canonical":"https:\/\/www.escapadarural.com\/blog\/dia-del-libro-libros-de-viaje-que-me-han-marcado\/","og_locale":"es_ES","og_type":"article","og_title":"7 libros (y un v\u00eddeo) que inspiran un viaje - EscapadaRural","og_description":"Estos son los 7 libros (y el v\u00eddeo) que m\u00e1s y mejor nos impulsaron a viajar...","og_url":"https:\/\/www.escapadarural.com\/blog\/dia-del-libro-libros-de-viaje-que-me-han-marcado\/","og_site_name":"Magazine de viajes de EscapadaRural","article_publisher":"https:\/\/www.facebook.com\/escapadarural","article_published_time":"2020-04-23T07:30:10+00:00","article_modified_time":"2025-08-12T14:42:55+00:00","og_image":[{"width":2048,"height":1536,"url":"https:\/\/www.escapadarural.com\/blog\/wp-content\/uploads\/2024\/11\/pexels-yuuilina-8872868-scaled-1.jpg?v=1755009776","type":"image\/jpeg"}],"author":"Redacci\u00f3n ER","twitter_card":"summary_large_image","twitter_misc":{"Escrito por":"Redacci\u00f3n ER","Tiempo de lectura":"6 minutos"},"schema":{"@context":"https:\/\/schema.org","@graph":[{"@type":"Article","@id":"https:\/\/www.escapadarural.com\/blog\/dia-del-libro-libros-de-viaje-que-me-han-marcado\/#article","isPartOf":{"@id":"https:\/\/www.escapadarural.com\/blog\/dia-del-libro-libros-de-viaje-que-me-han-marcado\/"},"author":{"name":"Redacci\u00f3n ER","@id":"https:\/\/www.escapadarural.com\/blog\/#\/schema\/person\/bd5b0d7ad308a0bf4efed73e8308b4fa"},"headline":"7 libros (y un v\u00eddeo) que inspiran un viaje","datePublished":"2020-04-23T07:30:10+00:00","dateModified":"2025-08-12T14:42:55+00:00","mainEntityOfPage":{"@id":"https:\/\/www.escapadarural.com\/blog\/dia-del-libro-libros-de-viaje-que-me-han-marcado\/"},"wordCount":1204,"commentCount":0,"publisher":{"@id":"https:\/\/www.escapadarural.com\/blog\/#organization"},"image":{"@id":"https:\/\/www.escapadarural.com\/blog\/dia-del-libro-libros-de-viaje-que-me-han-marcado\/#primaryimage"},"thumbnailUrl":"https:\/\/www.escapadarural.com\/blog\/wp-content\/uploads\/2024\/11\/pexels-yuuilina-8872868-scaled-1.jpg","keywords":["D\u00eda del Libro","Libros","Listado","viaje"],"articleSection":["Arte y Cultura"],"inLanguage":"es","potentialAction":[{"@type":"CommentAction","name":"Comment","target":["https:\/\/www.escapadarural.com\/blog\/dia-del-libro-libros-de-viaje-que-me-han-marcado\/#respond"]}]},{"@type":"WebPage","@id":"https:\/\/www.escapadarural.com\/blog\/dia-del-libro-libros-de-viaje-que-me-han-marcado\/","url":"https:\/\/www.escapadarural.com\/blog\/dia-del-libro-libros-de-viaje-que-me-han-marcado\/","name":"7 libros (y un v\u00eddeo) que inspiran un viaje - EscapadaRural","isPartOf":{"@id":"https:\/\/www.escapadarural.com\/blog\/#website"},"primaryImageOfPage":{"@id":"https:\/\/www.escapadarural.com\/blog\/dia-del-libro-libros-de-viaje-que-me-han-marcado\/#primaryimage"},"image":{"@id":"https:\/\/www.escapadarural.com\/blog\/dia-del-libro-libros-de-viaje-que-me-han-marcado\/#primaryimage"},"thumbnailUrl":"https:\/\/www.escapadarural.com\/blog\/wp-content\/uploads\/2024\/11\/pexels-yuuilina-8872868-scaled-1.jpg","datePublished":"2020-04-23T07:30:10+00:00","dateModified":"2025-08-12T14:42:55+00:00","breadcrumb":{"@id":"https:\/\/www.escapadarural.com\/blog\/dia-del-libro-libros-de-viaje-que-me-han-marcado\/#breadcrumb"},"inLanguage":"es","potentialAction":[{"@type":"ReadAction","target":["https:\/\/www.escapadarural.com\/blog\/dia-del-libro-libros-de-viaje-que-me-han-marcado\/"]}]},{"@type":"ImageObject","inLanguage":"es","@id":"https:\/\/www.escapadarural.com\/blog\/dia-del-libro-libros-de-viaje-que-me-han-marcado\/#primaryimage","url":"https:\/\/www.escapadarural.com\/blog\/wp-content\/uploads\/2024\/11\/pexels-yuuilina-8872868-scaled-1.jpg","contentUrl":"https:\/\/www.escapadarural.com\/blog\/wp-content\/uploads\/2024\/11\/pexels-yuuilina-8872868-scaled-1.jpg","width":2048,"height":1536,"caption":"Libro"},{"@type":"BreadcrumbList","@id":"https:\/\/www.escapadarural.com\/blog\/dia-del-libro-libros-de-viaje-que-me-han-marcado\/#breadcrumb","itemListElement":[{"@type":"ListItem","position":1,"name":"Inicio","item":"https:\/\/www.escapadarural.com\/blog\/"},{"@type":"ListItem","position":2,"name":"Arte y Cultura","item":"https:\/\/www.escapadarural.com\/blog\/categoria\/arte-y-cultura\/"},{"@type":"ListItem","position":3,"name":"7 libros (y un v\u00eddeo) que inspiran un viaje"}]},{"@type":"WebSite","@id":"https:\/\/www.escapadarural.com\/blog\/#website","url":"https:\/\/www.escapadarural.com\/blog\/","name":"Blog de viajes | turismo rural, alojamientos e inspiraci\u00f3n","description":"Alojamientos rurales e inspiraci\u00f3n para tus escapadas","publisher":{"@id":"https:\/\/www.escapadarural.com\/blog\/#organization"},"alternateName":"Magazine de viajes de EscapadaRural","potentialAction":[{"@type":"SearchAction","target":{"@type":"EntryPoint","urlTemplate":"https:\/\/www.escapadarural.com\/blog\/?s={search_term_string}"},"query-input":{"@type":"PropertyValueSpecification","valueRequired":true,"valueName":"search_term_string"}}],"inLanguage":"es"},{"@type":"Organization","@id":"https:\/\/www.escapadarural.com\/blog\/#organization","name":"EscapadaRural","url":"https:\/\/www.escapadarural.com\/blog\/","logo":{"@type":"ImageObject","inLanguage":"es","@id":"https:\/\/www.escapadarural.com\/blog\/#\/schema\/logo\/image\/","url":"https:\/\/www.escapadarural.com\/blog\/wp-content\/uploads\/2024\/10\/cropped-cropped-escapada-rural-icon-mag-3.png","contentUrl":"https:\/\/www.escapadarural.com\/blog\/wp-content\/uploads\/2024\/10\/cropped-cropped-escapada-rural-icon-mag-3.png","width":512,"height":512,"caption":"EscapadaRural"},"image":{"@id":"https:\/\/www.escapadarural.com\/blog\/#\/schema\/logo\/image\/"},"sameAs":["https:\/\/www.facebook.com\/escapadarural","https:\/\/www.instagram.com\/escapadarural\/","https:\/\/www.youtube.com\/@escapadaruralcom"]},{"@type":"Person","@id":"https:\/\/www.escapadarural.com\/blog\/#\/schema\/person\/bd5b0d7ad308a0bf4efed73e8308b4fa","name":"Redacci\u00f3n ER","image":{"@type":"ImageObject","inLanguage":"es","@id":"https:\/\/www.escapadarural.com\/blog\/wp-content\/uploads\/2024\/10\/cropped-cropped-escapada-rural-icon-mag-3-96x96.png","url":"https:\/\/www.escapadarural.com\/blog\/wp-content\/uploads\/2024\/10\/cropped-cropped-escapada-rural-icon-mag-3-96x96.png","contentUrl":"https:\/\/www.escapadarural.com\/blog\/wp-content\/uploads\/2024\/10\/cropped-cropped-escapada-rural-icon-mag-3-96x96.png","caption":"Redacci\u00f3n ER"},"description":"Nos encanta inspirar a viajeros y ayudar a los propietarios con nuestros contenidos","url":"https:\/\/www.escapadarural.com\/blog\/autor\/admin\/"}]}},"_links":{"self":[{"href":"https:\/\/www.escapadarural.com\/blog\/wp-json\/wp\/v2\/posts\/2622","targetHints":{"allow":["GET"]}}],"collection":[{"href":"https:\/\/www.escapadarural.com\/blog\/wp-json\/wp\/v2\/posts"}],"about":[{"href":"https:\/\/www.escapadarural.com\/blog\/wp-json\/wp\/v2\/types\/post"}],"author":[{"embeddable":true,"href":"https:\/\/www.escapadarural.com\/blog\/wp-json\/wp\/v2\/users\/85"}],"replies":[{"embeddable":true,"href":"https:\/\/www.escapadarural.com\/blog\/wp-json\/wp\/v2\/comments?post=2622"}],"version-history":[{"count":0,"href":"https:\/\/www.escapadarural.com\/blog\/wp-json\/wp\/v2\/posts\/2622\/revisions"}],"wp:featuredmedia":[{"embeddable":true,"href":"https:\/\/www.escapadarural.com\/blog\/wp-json\/wp\/v2\/media\/108476"}],"wp:attachment":[{"href":"https:\/\/www.escapadarural.com\/blog\/wp-json\/wp\/v2\/media?parent=2622"}],"wp:term":[{"taxonomy":"category","embeddable":true,"href":"https:\/\/www.escapadarural.com\/blog\/wp-json\/wp\/v2\/categories?post=2622"},{"taxonomy":"post_tag","embeddable":true,"href":"https:\/\/www.escapadarural.com\/blog\/wp-json\/wp\/v2\/tags?post=2622"}],"curies":[{"name":"wp","href":"https:\/\/api.w.org\/{rel}","templated":true}]}}