{"id":26449,"date":"2020-07-23T15:23:16","date_gmt":"2020-07-23T14:23:16","guid":{"rendered":"https:\/\/www.escapadarural.com\/blog\/?p=26449"},"modified":"2025-03-12T17:35:28","modified_gmt":"2025-03-12T15:35:28","slug":"warrior-nun-en-malaga","status":"publish","type":"post","link":"https:\/\/www.escapadarural.com\/blog\/warrior-nun-en-malaga\/","title":{"rendered":"El d\u00eda que los demonios poseyeron la provincia M\u00e1laga"},"content":{"rendered":"\n<figure class=\"wp-block-image size-large\"><a href=\"https:\/\/www.escapadarural.com\/blog\/wp-content\/uploads\/2019\/08\/Ronda-2-scaled.jpg\"><img decoding=\"async\" src=\"https:\/\/www.escapadarural.com\/blog\/wp-content\/uploads\/2019\/08\/Ronda-2-1024x683.jpg\" alt=\"Ronda\" class=\"wp-image-23983\"\/><\/a><figcaption class=\"wp-element-caption\">Por Sean Pavone<\/figcaption><\/figure>\n\n\n\n<p>Algunos demonios salieron del infierno y decidieron jugar con los vecinos de dos pueblos malague\u00f1os. Suerte que una orden religiosa secreta lleg\u00f3 a tiempo para salvarles. Calma, no nos hemos vuelto locos. Ning\u00fan pueblo de <strong>M\u00e1laga<\/strong> ha sido pose\u00eddo por demonios en la vida real (que lo sepamos). Ya en la ficci\u00f3n, la provincia andaluza fue uno de los principales escenarios de la serie de Netflix, <em><strong>Warrior Nun<\/strong><\/em> (Monja Guerrera).<\/p>\n\n\n\n<p>Estrenada el pasado 2 de julio, la serie es una adaptaci\u00f3n del c\u00f3mic norteamericano <em>Warrior Nun Areala<\/em>. La trama cuenta la historia de Ava Silva, una hu\u00e9rfana tetrapl\u00e9jica que resucita en una morgue con superpoderes generados por el <em>Halo<\/em>, una especie de objeto celestial implantado en ella por error. La protagonista se ve atrapada en medio de una guerra entre el Bien y el Mal.<\/p>\n\n\n\n<figure class=\"wp-block-embed is-type-video is-provider-youtube wp-block-embed-youtube wp-embed-aspect-16-9 wp-has-aspect-ratio\"><div class=\"wp-block-embed__wrapper\">\n<span class=\"RInluEOQrbHTmZ05oCi2jKAWysLGzJDMqXpUwPFSkV7\"><div class=\"video-shortcode\"><iframe title=\"La monja guerrera | Tr\u00e1iler oficial | Netflix Espa\u00f1a\" width=\"1200\" height=\"675\" src=\"https:\/\/www.youtube.com\/embed\/W0OIYOfnZWM?feature=oembed\" frameborder=\"0\" allow=\"accelerometer; autoplay; clipboard-write; encrypted-media; gyroscope; picture-in-picture; web-share\" referrerpolicy=\"strict-origin-when-cross-origin\" allowfullscreen><\/iframe><\/div><\/span>\n<\/div><\/figure>\n\n\n\n<p>La serie cuenta con demonios, exorcismos y monjas guerreras pertenecientes a una secta religiosa, empu\u00f1ando katanas y repartiendo golpes por todos lados. En la semana de su estreno, la <strong>serie de ficci\u00f3n fant\u00e1stica<\/strong> se posicion\u00f3 en el Top 10 de los t\u00edtulos m\u00e1s vistos en Netflix.<\/p>\n\n\n\n<p>El reparto est\u00e1 liderado por la actriz portuguesa Alba Baptista y cuenta con nombres conocidos como Trist\u00e1n Ulloa (<em>Fari\u00f1a<\/em>, <em>La Catedral del Mar<\/em>, entre otros) y Joaquim de Almeida (<em>Peligro Inminente<\/em>, <em>Fast Five<\/em>, la serie <em>24<\/em>, entre otros).<\/p>\n\n\n\n<p>La serie fue rodada en <a aria-label=\"M\u00e1laga (opens in a new tab)\" href=\"https:\/\/www.escapadarural.com\/casas-rurales?l=malaga\" target=\"_blank\" rel=\"noreferrer noopener\" class=\"rank-math-link\">M\u00e1laga<\/a>, <a aria-label=\"C\u00f3rdoba (opens in a new tab)\" href=\"https:\/\/www.escapadarural.com\/casas-rurales?l=cordoba\" target=\"_blank\" rel=\"noreferrer noopener\" class=\"rank-math-link\">C\u00f3rdoba<\/a> y<a aria-label=\" Sevilla (opens in a new tab)\" href=\"https:\/\/www.escapadarural.com\/casas-rurales?l=sevilla\" target=\"_blank\" rel=\"noreferrer noopener\" class=\"rank-math-link\"> Sevilla<\/a>. Cuenta con incre\u00edbles escenarios que inspiran una escapada a Andaluc\u00eda. Aqu\u00ed os mostramos algunas de las localizaciones de la serie, se\u00f1aladas en el <a aria-label=\"art\u00edculo (opens in a new tab)\" href=\"https:\/\/es.atlasofwonders.com\/2020\/07\/donde-se-rodo-la-monja-guerrera.html\" target=\"_blank\" rel=\"noreferrer noopener\" class=\"rank-math-link\">art\u00edculo<\/a> de Atlas of Wonders (web dedicada a hablar de las localizaciones de pel\u00edculas y series).<\/p>\n\n\n<div data-is_sticky=\"false\" data-sticky_toc_position=\"left\" data-hide_sticky_on_mobile=\"false\" data-sticky_button_icon='&lt;svg style=\"color:#000000;\" class=\"ub_sticky-toc-open-button-icon\" xmlns=\"http:\/\/www.w3.org\/2000\/svg\" height=\"34px\" width=\"34px\" viewBox=\"0, 0, 448, 512\"&gt;&lt;path fill=\"currentColor\" d=\"M0 96C0 78.33 14.33 64 32 64H416C433.7 64 448 78.33 448 96C448 113.7 433.7 128 416 128H32C14.33 128 0 113.7 0 96zM0 256C0 238.3 14.33 224 32 224H416C433.7 224 448 238.3 448 256C448 273.7 433.7 288 416 288H32C14.33 288 0 273.7 0 256zM416 448H32C14.33 448 0 433.7 0 416C0 398.3 14.33 384 32 384H416C433.7 384 448 398.3 448 416C448 433.7 433.7 448 416 448z\"&gt;&lt;\/svg&gt;' data-sticky_button_color=\"#000000\" data-sticky_toc_width=\"320px\" class=\"wp-block-ub-table-of-contents-block ub_table-of-contents\" id=\"ub_table-of-contents-345759ed-204e-4db9-89fe-61fbd08d84d8\" data-linktodivider=\"false\" data-showtext=\"show\" data-hidetext=\"hide\" data-scrolltype=\"auto\" data-enablesmoothscroll=\"false\" data-initiallyhideonmobile=\"false\" data-initiallyshow=\"true\"><div class=\"ub_table-of-contents-header-container\" style=\"\">\n\t\t\t<div class=\"ub_table-of-contents-header\" style=\"text-align: left; \">\n\t\t\t\t<div class=\"ub_table-of-contents-title\"><\/div>\n\t\t\t\t\n\t\t\t<\/div>\n\t\t<\/div><div class=\"ub_table-of-contents-extra-container\" style=\"\">\n\t\t\t<div class=\"ub_table-of-contents-container ub_table-of-contents-1-column \">\n\t\t\t\t<ol style=\"\"><li style=\"\"><a href=\"https:\/\/www.escapadarural.com\/blog\/warrior-nun-en-malaga\/#0-dos-pueblos-malague%C3%B1os-pose%C3%ADdos-por-demonios\" style=\"\">Dos pueblos malague\u00f1os pose\u00eddos por demonios<\/a><ol><li style=\"\"><a href=\"https:\/\/www.escapadarural.com\/blog\/warrior-nun-en-malaga\/#1-ronda-que-no-falte-el-puente-nuevo-am%C3%A9n\" style=\"\">Ronda: que no falte el Puente Nuevo, am\u00e9n<\/a><\/li><li style=\"\"><a href=\"https:\/\/www.escapadarural.com\/blog\/warrior-nun-en-malaga\/#2-antequera-sede-de-la-orden-secreta\" style=\"\">Antequera: sede de la orden secreta<\/a><\/li><\/ol><\/li><li style=\"\"><a href=\"https:\/\/www.escapadarural.com\/blog\/warrior-nun-en-malaga\/#3-otros-escenarios-de-m%C3%A1laga-donde-se-rod%C3%B3-warrior-nun-\" style=\"\">Otros escenarios de M\u00e1laga donde se rod\u00f3 Warrior Nun<\/a><ol><li style=\"\"><a href=\"https:\/\/www.escapadarural.com\/blog\/warrior-nun-en-malaga\/#4-marbella-el-lujo-de-la-costa-del-sol\" style=\"\">Marbella: el lujo de la Costa del Sol<\/a><\/li><\/ol><\/li><li style=\"\"><a href=\"https:\/\/www.escapadarural.com\/blog\/warrior-nun-en-malaga\/#5-almod%C3%B3var-del-r%C3%ADo-c%C3%B3rdoba-donde-todo-empez%C3%B3\" style=\"\">Almod\u00f3var del R\u00edo (C\u00f3rdoba): donde todo empez\u00f3<\/a><\/li><li style=\"\"><a href=\"https:\/\/www.escapadarural.com\/blog\/warrior-nun-en-malaga\/#6-sevilla-de-necr%C3%B3polis-al-vaticano\" style=\"\">Sevilla: de necr\u00f3polis al Vaticano<\/a><ol><li style=\"\"><a href=\"https:\/\/www.escapadarural.com\/blog\/warrior-nun-en-malaga\/#7-%C2%A1ojo-spoiler-la-batalla-final\" style=\"\">\u00a1Ojo, spoiler! La batalla final<\/a><\/li><\/ol><\/li><\/ol>\n\t\t\t<\/div>\n\t\t<\/div><\/div>\n\n\n<h2 class=\"wp-block-heading\" id=\"0-dos-pueblos-malague%C3%B1os-pose%C3%ADdos-por-demonios\">Dos pueblos malague\u00f1os pose\u00eddos por demonios<\/h2>\n\n\n\n<figure class=\"wp-block-image size-large\"><a href=\"https:\/\/www.escapadarural.com\/blog\/wp-content\/uploads\/2020\/07\/110771554_2658193884428698_4637703086756332787_n.jpg\"><img decoding=\"async\" src=\"https:\/\/www.escapadarural.com\/blog\/wp-content\/uploads\/2020\/07\/110771554_2658193884428698_4637703086756332787_n-1024x509.jpg\" alt=\"Localizaciones Warrior Nun\" class=\"wp-image-26510\"\/><\/a><figcaption class=\"wp-element-caption\">Episodio 6. Isa\u00edas 30, 20-21. Por Netflix<\/figcaption><\/figure>\n\n\n\n<h3 class=\"wp-block-heading\" id=\"1-ronda-que-no-falte-el-puente-nuevo-am%C3%A9n\">Ronda: que no falte el Puente Nuevo, am\u00e9n<\/h3>\n\n\n\n<figure class=\"wp-block-image size-large\"><a href=\"https:\/\/www.escapadarural.com\/blog\/wp-content\/uploads\/2020\/07\/EckXPM8XsAMAXt4.jpg\"><img decoding=\"async\" src=\"https:\/\/www.escapadarural.com\/blog\/wp-content\/uploads\/2020\/07\/EckXPM8XsAMAXt4-1024x576.jpg\" alt=\"Warrior Nun en el Puente Nuevo de Ronda\" class=\"wp-image-26480\"\/><\/a><figcaption class=\"wp-element-caption\"> Fotograma del episodio 6. Isa\u00edas 30,20-21. Por Netflix<\/figcaption><\/figure>\n\n\n\n<p>En el sexto episodio, las monjas viajan hasta un pueblo para recobrar energ\u00edas y para que Ava descubra m\u00e1s sobre la Orden y sus poderes. El fotograma que hace que todos los espa\u00f1oles reconozcan el pueblo es el que aparece el Puente Nuevo, s\u00edmbolo de Ronda.<\/p>\n\n\n\n<p>El <strong>Puente Nuevo de Ronda<\/strong> fue levantado entre 1751 y 1793 y cuenta con 98 metros de altura. Fue construido en sillares de piedra extra\u00eddos del fondo de la garganta del Tajo y conecta el Mercadillo (barrio moderno) con el barrio antiguo de la ciudad.<\/p>\n\n\n\n<p>El pueblo tiene diversos miradores desde donde admirar las preciosas vistas de las casas colgantes, del Puente y del espectacular paisaje que lo rodea.<\/p>\n\n\n\n<p>Al llegar al pueblo la protagonista se sorprende con que todos los vecinos conocen a Mary. La raz\u00f3n es que las monjas lucharon contra una horda de demonios que poseyeron a los vecinos del pueblo. Las escenas fueron grabadas en<a href=\"https:\/\/www.escapadarural.com\/casas-rurales?l=ronda\" target=\"_blank\" aria-label=\" Ronda (opens in a new tab)\" rel=\"noreferrer noopener\" class=\"rank-math-link\"> Ronda<\/a> y en <a href=\"https:\/\/www.escapadarural.com\/casas-rurales?l=antequera\" target=\"_blank\" aria-label=\"Antequera (opens in a new tab)\" rel=\"noreferrer noopener\" class=\"rank-math-link\">Antequera<\/a>.<\/p>\n\n\n\n<h3 class=\"wp-block-heading\" id=\"2-antequera-sede-de-la-orden-secreta\">Antequera: sede de la orden secreta<\/h3>\n\n\n\n<figure class=\"wp-block-image size-large\"><a href=\"https:\/\/www.escapadarural.com\/blog\/wp-content\/uploads\/2020\/07\/Antequera_Colegiata_de_Santa_Mar\u00eda_la_Mayor_Antequera-1.jpg-2-1.jpg\"><img decoding=\"async\" src=\"https:\/\/www.escapadarural.com\/blog\/wp-content\/uploads\/2020\/07\/Antequera_Colegiata_de_Santa_Mar\u00eda_la_Mayor_Antequera-1.jpg-2-1-1024x515.jpg\" alt=\"Colegiata de Santa Mar\u00eda La Mayor en la serie Warrior Nun\" class=\"wp-image-26498\"\/><\/a><figcaption class=\"wp-element-caption\">Fotograma del episodio 3. Efesios 6,11. Por Netflix<\/figcaption><\/figure>\n\n\n\n<p>Adem\u00e1s de formar parte de los escenarios del pueblo pose\u00eddo, en Antequera tambi\u00e9n est\u00e1 la sede de la Orden de la Espada Cruciforme, la secta de las monjas cazademonios. La sede fue situada en la <strong>Real Colegiata de Santa Mar\u00eda la Mayor<\/strong>, y es el primer edificio de estilo renacentista en Andaluc\u00eda, declarado como Patrimonio Nacional.&nbsp;<\/p>\n\n\n\n<p>Se construy\u00f3 entre los a\u00f1os 1514 y 1550 y fue fundado por iniciativa del obispo de M\u00e1laga, don Diego Ram\u00edrez de Villaescusa. Adem\u00e1s de su monumental edificaci\u00f3n, merecen una especial atenci\u00f3n las tres armaduras mud\u00e9jares que cubren las naves del siglo XVI.<\/p>\n\n\n\n<figure class=\"wp-block-image size-large\"><a href=\"https:\/\/www.escapadarural.com\/blog\/wp-content\/uploads\/2020\/07\/Antequera_Colegiata_de_Santa_Mar\u00eda_la_Mayor_Antequera.jpg-2-scaled.jpg\"><img decoding=\"async\" src=\"https:\/\/www.escapadarural.com\/blog\/wp-content\/uploads\/2020\/07\/Antequera_Colegiata_de_Santa_Mar\u00eda_la_Mayor_Antequera.jpg-2-1024x713.jpg\" alt=\"Real Colegiata de Santa Mar\u00eda la Mayor, Antequera\" class=\"wp-image-26474\"\/><\/a><figcaption class=\"wp-element-caption\">Real Colegiata de Santa Mar\u00eda la Mayor, Antequera. Por <a aria-label=\"Malopez 21 (opens in a new tab)\" rel=\"noreferrer noopener\" href=\"https:\/\/es.wikipedia.org\/wiki\/Real_Colegiata_de_Santa_Mar%C3%ADa_la_Mayor#\/media\/Archivo:Real_Colegiata_de_Santa_Mar%C3%ADa_la_Mayor.jpg\" target=\"_blank\" class=\"rank-math-link\">Malopez 21<\/a><\/figcaption><\/figure>\n\n\n\n<p>El <strong>Torcal de Antequera<\/strong> tambi\u00e9n fue escenario de la serie en el tercer episodio con Mary, una de las monjas cazademonios, y el mercenario, y tambi\u00e9n en el sexto episodio durante el recorrido de Ava y Mary. El Paraje Natural de El Torcal es Patrimonio Mundial de la Humanidad por la UNESCO. El sitio se caracteriza por su incre\u00edble paisaje k\u00e1rstico. Su origen se remonta 200 millones de a\u00f1os.<\/p>\n\n\n\n<figure class=\"wp-block-image size-large\"><a href=\"https:\/\/www.escapadarural.com\/blog\/wp-content\/uploads\/2020\/07\/02.jpg\"><img decoding=\"async\" src=\"https:\/\/www.escapadarural.com\/blog\/wp-content\/uploads\/2020\/07\/02-1024x513.jpg\" alt=\"Localizaciones Warrior Nun\" class=\"wp-image-26499\"\/><\/a><figcaption class=\"wp-element-caption\">Fotograma del episodio 3. <em>Efesios<\/em> 6,11. Por Netflix<\/figcaption><\/figure>\n\n\n<div class=\"wp-block-image\">\n<figure class=\"aligncenter size-large\"><a href=\"https:\/\/www.escapadarural.com\/blog\/wp-content\/uploads\/2020\/07\/115728667_4355407097833040_5269823544822389871_n.jpg\"><img decoding=\"async\" src=\"https:\/\/www.escapadarural.com\/blog\/wp-content\/uploads\/2020\/07\/115728667_4355407097833040_5269823544822389871_n-1024x515.jpg\" alt=\"Localizaciones Warrior Nun\" class=\"wp-image-26500\"\/><\/a><figcaption class=\"wp-element-caption\">Fotograma del episodio 6. <em>Isa\u00edas<\/em> 30, 20-21. Por Netflix<\/figcaption><\/figure>\n<\/div>\n\n\n<figure class=\"wp-block-image size-large\"><a href=\"https:\/\/www.escapadarural.com\/blog\/wp-content\/uploads\/2012\/04\/Torcal-de-Antequera-4-1-2-1.jpg\"><img loading=\"lazy\" decoding=\"async\" width=\"1024\" height=\"682\" src=\"https:\/\/www.escapadarural.com\/blog\/wp-content\/uploads\/2012\/04\/Torcal-de-Antequera-4-1-2-1.jpg\" alt=\"Antequera\" class=\"wp-image-113071\" srcset=\"https:\/\/www.escapadarural.com\/blog\/wp-content\/uploads\/2012\/04\/Torcal-de-Antequera-4-1-2-1-200x133.jpg 200w, https:\/\/www.escapadarural.com\/blog\/wp-content\/uploads\/2012\/04\/Torcal-de-Antequera-4-1-2-1-300x200.jpg 300w, https:\/\/www.escapadarural.com\/blog\/wp-content\/uploads\/2012\/04\/Torcal-de-Antequera-4-1-2-1-400x266.jpg 400w, https:\/\/www.escapadarural.com\/blog\/wp-content\/uploads\/2012\/04\/Torcal-de-Antequera-4-1-2-1-600x400.jpg 600w, https:\/\/www.escapadarural.com\/blog\/wp-content\/uploads\/2012\/04\/Torcal-de-Antequera-4-1-2-1-768x512.jpg 768w, https:\/\/www.escapadarural.com\/blog\/wp-content\/uploads\/2012\/04\/Torcal-de-Antequera-4-1-2-1-800x533.jpg 800w, https:\/\/www.escapadarural.com\/blog\/wp-content\/uploads\/2012\/04\/Torcal-de-Antequera-4-1-2-1.jpg 1024w\" sizes=\"auto, (max-width: 1024px) 100vw, 1024px\" \/><\/a><figcaption class=\"wp-element-caption\">Paraje Natural de El Torcal. Por evantravels<\/figcaption><\/figure>\n\n\n\n<h2 class=\"wp-block-heading\" id=\"3-otros-escenarios-de-m%C3%A1laga-donde-se-rod%C3%B3-warrior-nun-\">Otros escenarios de M\u00e1laga donde se rod\u00f3 <em>Warrior Nun<\/em><\/h2>\n\n\n<div class=\"wp-block-image\">\n<figure class=\"aligncenter size-large\"><a href=\"https:\/\/www.escapadarural.com\/blog\/wp-content\/uploads\/2020\/07\/110214910_657031961560912_7486522334888188482_n.jpg\"><img decoding=\"async\" src=\"https:\/\/www.escapadarural.com\/blog\/wp-content\/uploads\/2020\/07\/110214910_657031961560912_7486522334888188482_n-1024x513.jpg\" alt=\"Localizaciones Warrior Nun\" class=\"wp-image-26502\"\/><\/a><figcaption class=\"wp-element-caption\">Fotograma del episodio 1. <em>Salmos<\/em> 46,5. Por Netflix<\/figcaption><\/figure>\n<\/div>\n\n\n<figure class=\"wp-block-image size-large is-resized\"><a href=\"https:\/\/www.escapadarural.com\/blog\/wp-content\/uploads\/2020\/07\/La_T\u00e9rmica_M\u00e1laga_3313-scaled.jpg\"><img decoding=\"async\" src=\"https:\/\/www.escapadarural.com\/blog\/wp-content\/uploads\/2020\/07\/La_T\u00e9rmica_M\u00e1laga_3313-1024x768.jpg\" alt=\"Centro Cultural La T\u00e9rmica de M\u00e1laga\" class=\"wp-image-26478\" style=\"width:780px;height:585px\"\/><\/a><figcaption class=\"wp-element-caption\">Centro Cultural La T\u00e9rmica de M\u00e1laga. Por Tyk<\/figcaption><\/figure>\n\n\n\n<p>La provincia de M\u00e1laga fue la principal localizaci\u00f3n de <em>Warrior Nun<\/em>. Entre los escenarios de la capital, est\u00e1 el <strong>Centro Cultural La T\u00e9rmica de M\u00e1laga<\/strong>, que dio lugar al orfanato St. Michael\u2019s, donde Ava, la protagonista, pas\u00f3 su infancia y adolescencia despu\u00e9s de quedarse hu\u00e9rfana.<\/p>\n\n\n\n<p>Construido a principios del siglo XX, el edificio de La T\u00e9rmica fue proyectado para ser la nueva Casa de Misericordia de la ciudad. Durante muchos a\u00f1os fue sitio de acogida de ni\u00f1os hu\u00e9rfanos y de personas mayores abandonadas. Sus paredes presenciaron todos los cambios sociales y pol\u00edticos del siglo pasado. En 2013, en el edificio se inaugur\u00f3 La T\u00e9rmica, un espacio de creaci\u00f3n cultural.<\/p>\n\n\n\n<p>El <strong>Palacio de la Aduana<\/strong> tambi\u00e9n sirvi\u00f3 de plat\u00f3 para la serie. Construido a finales del siglo XVIII y de estilo neocl\u00e1sico, ambienta los pasillos del Vaticano. La Catedral de M\u00e1laga dedicada a la Encarnaci\u00f3n ambient\u00f3 el c\u00f3nclave para elegir al nuevo Papa. La iglesia fue construida sobre la Mezquita Mayor y es una de las principales joyas del Renacimiento espa\u00f1ol.<\/p>\n\n\n\n<p>En la serie, en Roma aparece la imagen de un teatro romano. Se trata del <strong>Teatro Romano de M\u00e1laga<\/strong>, edificado en la \u00e9poca de Augusto y utilizado hasta el siglo III. Fue descubierto en 1951, tras quedarse oculto durante siglos.<\/p>\n\n\n\n<figure class=\"wp-block-image size-large\"><a href=\"https:\/\/www.escapadarural.com\/blog\/wp-content\/uploads\/2020\/07\/EckXPOmWAAU1W2M.jpg\"><img decoding=\"async\" src=\"https:\/\/www.escapadarural.com\/blog\/wp-content\/uploads\/2020\/07\/EckXPOmWAAU1W2M-1024x576.jpg\" alt=\"\" class=\"wp-image-26485\"\/><\/a><figcaption class=\"wp-element-caption\">Fotograma del episodio 9. 2 <em>Corintios<\/em> 10, 4. Por Netflix<\/figcaption><\/figure>\n\n\n\n<figure class=\"wp-block-image size-large\"><a href=\"https:\/\/www.escapadarural.com\/blog\/wp-content\/uploads\/2020\/07\/Roman_Malaga-scaled.jpg\"><img decoding=\"async\" src=\"https:\/\/www.escapadarural.com\/blog\/wp-content\/uploads\/2020\/07\/Roman_Malaga-1024x765.jpg\" alt=\"Teatro Romano de M\u00e1laga\" class=\"wp-image-26487\"\/><\/a><figcaption class=\"wp-element-caption\">Teatro Romano de M\u00e1laga. Por andynash<\/figcaption><\/figure>\n\n\n\n<p>Adem\u00e1s, en el Puerto de M\u00e1laga y en la terminal de Cruceros fueron rodadas diversas escenas que aparecen a lo largo de la serie, principalmente en las persecuciones que sufre Ava.<\/p>\n\n\n\n<h3 class=\"wp-block-heading\" id=\"4-marbella-el-lujo-de-la-costa-del-sol\">Marbella: el lujo de la Costa del Sol<\/h3>\n\n\n\n<figure class=\"wp-block-image size-large\"><a href=\"https:\/\/www.escapadarural.com\/blog\/wp-content\/uploads\/2020\/07\/110318731_942145926299413_8852374923592026484_n.jpg\"><img decoding=\"async\" src=\"https:\/\/www.escapadarural.com\/blog\/wp-content\/uploads\/2020\/07\/110318731_942145926299413_8852374923592026484_n-1024x512.jpg\" alt=\"Localizaciones Warrior Nun\" class=\"wp-image-26513\"\/><\/a><figcaption class=\"wp-element-caption\">Fotograma del episodio 1. Salmos 46, 5. Por Netflix<\/figcaption><\/figure>\n\n\n\n<figure class=\"wp-block-image size-large\"><a href=\"https:\/\/www.escapadarural.com\/blog\/wp-content\/uploads\/2020\/07\/jetty-1255005_1920.jpg\"><img decoding=\"async\" src=\"https:\/\/www.escapadarural.com\/blog\/wp-content\/uploads\/2020\/07\/jetty-1255005_1920-1024x691.jpg\" alt=\"Embarcadero de Marbella\" class=\"wp-image-26512\"\/><\/a><figcaption class=\"wp-element-caption\">Embarcadero de Marbella. Por Manolo Franco<\/figcaption><\/figure>\n\n\n\n<p>Las escenas en las lujosas casas costeras ocupadas por el grupo de amigos que la protagonista conoce y los paseos por la playa que Ava disfruta cuando vuelve a la vida, fueron rodadas en <a href=\"https:\/\/www.escapadarural.com\/casas-rurales?l=marbella\" target=\"_blank\" aria-label=\"Marbella (opens in a new tab)\" rel=\"noreferrer noopener\" class=\"rank-math-link\">Marbella<\/a>. Y es que no es de extra\u00f1ar que Marbella sea uno de los escenarios, ya que cuenta con uno de los mejores paisajes de la <strong>Costa del Sol<\/strong>.<\/p>\n\n\n\n<p>Marbella cuenta con playas id\u00edlicas, ideal para realizar un sinf\u00edn de actividades acu\u00e1ticas y disfrutar de las aguas del Mediterr\u00e1neo. Pero m\u00e1s all\u00e1 de sus 24 playas, la ciudad es rica en historia y en patrimonio.<\/p>\n\n\n\n<p>En la Sierra Blanca de Marbella ya exist\u00edan asentamientos humanos siglos antes de Cristo. Con el paso del tiempo, se establecieron en la ciudad fenicios, cartagineses y romanos, quienes construyeron la Villa Romana de R\u00edo Verde y las Termas Romanas de la B\u00f3veda.<\/p>\n\n\n\n<p>La ciudad tambi\u00e9n fue conquistada por los musulmanes, que levantaron las murallas y el castillo. La herencia de estas civilizaciones puede apreciarse paseando por la ciudad o bien visitando la Colecci\u00f3n Municipal de Arqueolog\u00eda de Marbella.<\/p>\n\n\n\n<h2 class=\"wp-block-heading\" id=\"5-almod%C3%B3var-del-r%C3%ADo-c%C3%B3rdoba-donde-todo-empez%C3%B3\">Almod\u00f3var del R\u00edo (C\u00f3rdoba): donde todo empez\u00f3<\/h2>\n\n\n\n<figure class=\"wp-block-image size-large\"><a href=\"https:\/\/www.escapadarural.com\/blog\/wp-content\/uploads\/2020\/07\/110235860_228004331621628_552934180692857073_n.jpg\"><img decoding=\"async\" src=\"https:\/\/www.escapadarural.com\/blog\/wp-content\/uploads\/2020\/07\/110235860_228004331621628_552934180692857073_n-1024x429.jpg\" alt=\"Localizaciones Warrior Nun\" class=\"wp-image-26505\"\/><\/a><figcaption class=\"wp-element-caption\">Fotograma del episodio 10. Apocalipsis 2, 10. Por Netflix<\/figcaption><\/figure>\n\n\n\n<figure class=\"wp-block-image size-large\"><a href=\"https:\/\/www.escapadarural.com\/blog\/wp-content\/uploads\/2020\/07\/110286155_584811782191169_8444013415074340554_n.jpg\"><img decoding=\"async\" src=\"https:\/\/www.escapadarural.com\/blog\/wp-content\/uploads\/2020\/07\/110286155_584811782191169_8444013415074340554_n-1024x426.jpg\" alt=\"Localizaciones Warrior Nun\" class=\"wp-image-26504\"\/><\/a><figcaption class=\"wp-element-caption\">Fotograma del episodio 10. Apocalipsis 2, 10. Por Netflix<\/figcaption><\/figure>\n\n\n\n<figure class=\"wp-block-image size-large\"><a href=\"https:\/\/www.escapadarural.com\/blog\/wp-content\/uploads\/2019\/08\/Almodovar-del-Rio-3-scaled.jpg\"><img decoding=\"async\" src=\"https:\/\/www.escapadarural.com\/blog\/wp-content\/uploads\/2019\/08\/Almodovar-del-Rio-3-1024x686.jpg\" alt=\"Castillo de Almod\u00f3var\" class=\"wp-image-23865\"\/><\/a><figcaption class=\"wp-element-caption\">Por Lukasz Janyst<\/figcaption><\/figure>\n\n\n\n<p>Los <em>flashbacks<\/em> que cuentan la historia de Areala de C\u00f3rdoba, la primera monja guerrera, y Adriel, quien entreg\u00f3 el <em>Halo<\/em> a la guerrera, fueron rodados en el <strong>castillo de Almod\u00f3var del R\u00edo<\/strong>. Situado sobre el cerro de La Floresta, es uno de los m\u00e1s imponentes castillos del sur de la Pen\u00ednsula Ib\u00e9rica.<\/p>\n\n\n\n<p>Esta fortaleza de origen \u00e1rabe fue construida en torno del a\u00f1o 740 para defender el pueblo. Su estilo arquitect\u00f3nico est\u00e1 marcado por el paso de los musulmanes y cristianos. El castillo sirvi\u00f3 como prisi\u00f3n a Do\u00f1a Juana de Lara (esposa del infante D. Tello), adem\u00e1s de custodiar los tesoros de Castilla.<\/p>\n\n\n\n<p>El castillo tambi\u00e9n fue escenario de la serie <em>Juego de Tronos<\/em> ambientando el reino de Altojard\u00edn y las mazmorras recrearon Roca Casterly.<\/p>\n\n\n\n<h2 class=\"wp-block-heading\" id=\"6-sevilla-de-necr%C3%B3polis-al-vaticano\">Sevilla: de necr\u00f3polis al Vaticano<\/h2>\n\n\n\n<figure class=\"wp-block-image size-large\"><a href=\"https:\/\/www.escapadarural.com\/blog\/wp-content\/uploads\/2020\/07\/110221413_204971897603357_2976681231287777408_n.jpg\"><img decoding=\"async\" src=\"https:\/\/www.escapadarural.com\/blog\/wp-content\/uploads\/2020\/07\/110221413_204971897603357_2976681231287777408_n-1024x514.jpg\" alt=\"Localizaciones Warrior Nun\" class=\"wp-image-26507\"\/><\/a><figcaption class=\"wp-element-caption\">Fotograma del episodio 9. 2 Corintios 10, 4. Por Netflix<\/figcaption><\/figure>\n\n\n\n<figure class=\"wp-block-image size-large\"><a href=\"https:\/\/www.escapadarural.com\/blog\/wp-content\/uploads\/2020\/07\/Espa\u00f1a-natural-13-2-scaled.jpg\"><img decoding=\"async\" src=\"https:\/\/www.escapadarural.com\/blog\/wp-content\/uploads\/2020\/07\/Espa\u00f1a-natural-13-2-1024x764.jpg\" alt=\"Ba\u00f1os de Mar\u00eda de Padilla\" class=\"wp-image-26469\"\/><\/a><figcaption class=\"wp-element-caption\">Por StevanZZ<\/figcaption><\/figure>\n\n\n\n<p>La necr\u00f3polis donde las monjas buscan los huesos de Adriel fue rodada en los Ba\u00f1os de Mar\u00eda de Padilla, en el <strong>Real Alc\u00e1zar de Sevilla<\/strong>. El Alc\u00e1zar fue tambi\u00e9n escenario de <em>Juego de Tronos<\/em>.<\/p>\n\n\n\n<p>En pleno coraz\u00f3n de la capital andaluza se encuentra el Alc\u00e1zar de Sevilla, es uno de los palacios en uso m\u00e1s antiguos del mundo. En \u00e9l est\u00e1n los <strong>Ba\u00f1os de Mar\u00eda de Padilla<\/strong>, situados bajo el patio del Crucero. Se trata de una cripta abovedada, construida entre los siglos XII y XIII.<\/p>\n\n\n\n<p>Algunas personas afirman que la galer\u00eda es el lugar m\u00e1s fresco de <strong>Sevilla<\/strong>, ya que en su interior las temperaturas bajan hasta los 10\u00baC. Esta galer\u00eda subterr\u00e1nea es objeto de leyendas y es uno de los lugares m\u00e1s fotografiados del Alc\u00e1zar.<\/p>\n\n\n\n<h3 class=\"wp-block-heading\" id=\"7-%C2%A1ojo-spoiler-la-batalla-final\">\u00a1Ojo, spoiler! La batalla final<\/h3>\n\n\n\n<figure class=\"wp-block-image size-large\"><a href=\"https:\/\/www.escapadarural.com\/blog\/wp-content\/uploads\/2020\/07\/110180958_3666046286745697_6011277587200172190_n.jpg\"><img decoding=\"async\" src=\"https:\/\/www.escapadarural.com\/blog\/wp-content\/uploads\/2020\/07\/110180958_3666046286745697_6011277587200172190_n-1024x512.jpg\" alt=\"Localizaciones Warrior Nun\" class=\"wp-image-26506\"\/><\/a><figcaption class=\"wp-element-caption\">Fotograma del episodio 10. Apocalipsis 2, 10. Por Netflix<\/figcaption><\/figure>\n\n\n\n<figure class=\"wp-block-image size-large\"><a href=\"https:\/\/www.escapadarural.com\/blog\/wp-content\/uploads\/2020\/07\/F\u00e1brica_de_Tabacos_1728-1771-scaled.jpg\"><img decoding=\"async\" src=\"https:\/\/www.escapadarural.com\/blog\/wp-content\/uploads\/2020\/07\/F\u00e1brica_de_Tabacos_1728-1771-1024x576.jpg\" alt=\"Real F\u00e1brica de Tabacos de Sevilla\" class=\"wp-image-26470\"\/><\/a><figcaption class=\"wp-element-caption\">Patio de la Real F\u00e1brica de Tabacos de Sevilla. Por <a href=\"https:\/\/commons.wikimedia.org\/wiki\/File:F%C3%A1brica_de_Tabacos_(1728-1771).jpg\" target=\"_blank\" aria-label=\"Jos\u00e9 Luis Filpo Cabana (opens in a new tab)\" rel=\"noreferrer noopener\" class=\"rank-math-link\">Jos\u00e9 Luis Filpo Cabana<\/a><\/figcaption><\/figure>\n\n\n\n<p>En el \u00faltimo episodio de esta temporada, la batalla final tiene lugar en el patio del <strong>Rectorado de la Universidad de Sevilla<\/strong>, ambientada en el Vaticano.<\/p>\n\n\n\n<p>El Rectorado se encuentra en la <strong>Real F\u00e1brica de Tabacos de Sevilla<\/strong>, edificio declarado Bien de Inter\u00e9s Cultural desde 1959. Construido en el siglo XVIII, fue la sede de la primera f\u00e1brica de tabacos establecida en Europa, ya que Sevilla contaba con el monopolio del comercio en Am\u00e9rica.<\/p>\n\n\n\n<p>El recinto se encuentra rodeado por un foso que lo deja aislado del exterior y es uno de los edificios industriales mejor conservados del pa\u00eds. En Espa\u00f1a, s\u00f3lo el monasterio de El Escorial supera su tama\u00f1o.<\/p>\n","protected":false},"excerpt":{"rendered":"<p>Algunos demonios salieron del infierno y decidieron jugar con los vecinos de dos pueblos malague\u00f1os. Suerte que una orden religiosa secreta lleg\u00f3 a tiempo para salvarles. Calma, no nos hemos vuelto locos. Ning\u00fan pueblo de M\u00e1laga ha sido pose\u00eddo por demonios en la vida real (que lo sepamos). Ya en la ficci\u00f3n, la provincia andaluza fue uno de los principales escenarios de la serie de Netflix, Warrior Nun (Monja Guerrera).<\/p>\n","protected":false},"author":119,"featured_media":195195,"comment_status":"open","ping_status":"open","sticky":false,"template":"","format":"standard","meta":{"_acf_changed":false,"om_disable_all_campaigns":false,"footnotes":""},"categories":[231],"tags":[2773,448,2195,215,792,2774,1195,2775,2776],"class_list":["post-26449","post","type-post","status-publish","format-standard","has-post-thumbnail","hentry","category-arte-y-cultura","tag-almodovar-del-rio","tag-que-ver-en-andalucia","tag-antequera","tag-listado","tag-que-ver-en-malaga","tag-marbella","tag-netflix","tag-ronda","tag-warrior-nun"],"acf":[],"featured_image_src":"https:\/\/www.escapadarural.com\/blog\/wp-content\/uploads\/2025\/03\/ronda.webp","author_info":{"display_name":"Caroline Dalpr\u00e1","author_link":"https:\/\/www.escapadarural.com\/blog\/autor\/caroline\/"},"yoast_head":"<!-- This site is optimized with the Yoast SEO plugin v27.5 - https:\/\/yoast.com\/product\/yoast-seo-wordpress\/ -->\n<title>El d\u00eda que los demonios poseyeron la provincia M\u00e1laga - EscapadaRural<\/title>\n<meta name=\"robots\" content=\"index, follow, max-snippet:-1, max-image-preview:large, max-video-preview:-1\" \/>\n<link rel=\"canonical\" href=\"https:\/\/www.escapadarural.com\/blog\/warrior-nun-en-malaga\/\" \/>\n<meta property=\"og:locale\" content=\"es_ES\" \/>\n<meta property=\"og:type\" content=\"article\" \/>\n<meta property=\"og:title\" content=\"El d\u00eda que los demonios poseyeron la provincia M\u00e1laga - EscapadaRural\" \/>\n<meta property=\"og:description\" content=\"Algunos demonios salieron del infierno y decidieron jugar con los vecinos de dos pueblos malague\u00f1os. Suerte que una orden religiosa secreta lleg\u00f3 a tiempo para salvarles. Calma, no nos hemos vuelto locos. Ning\u00fan pueblo de M\u00e1laga ha sido pose\u00eddo por demonios en la vida real (que lo sepamos). Ya en la ficci\u00f3n, la provincia andaluza fue uno de los principales escenarios de la serie de Netflix, Warrior Nun (Monja Guerrera).\" \/>\n<meta property=\"og:url\" content=\"https:\/\/www.escapadarural.com\/blog\/warrior-nun-en-malaga\/\" \/>\n<meta property=\"og:site_name\" content=\"Magazine de viajes de EscapadaRural\" \/>\n<meta property=\"article:publisher\" content=\"https:\/\/www.facebook.com\/escapadarural\" \/>\n<meta property=\"article:published_time\" content=\"2020-07-23T14:23:16+00:00\" \/>\n<meta property=\"article:modified_time\" content=\"2025-03-12T15:35:28+00:00\" \/>\n<meta property=\"og:image\" content=\"https:\/\/www.escapadarural.com\/blog\/wp-content\/uploads\/2025\/03\/ronda.webp\" \/>\n\t<meta property=\"og:image:width\" content=\"1080\" \/>\n\t<meta property=\"og:image:height\" content=\"1080\" \/>\n\t<meta property=\"og:image:type\" content=\"image\/webp\" \/>\n<meta name=\"author\" content=\"Caroline Dalpr\u00e1\" \/>\n<meta name=\"twitter:card\" content=\"summary_large_image\" \/>\n<meta name=\"twitter:label1\" content=\"Escrito por\" \/>\n\t<meta name=\"twitter:data1\" content=\"Caroline Dalpr\u00e1\" \/>\n\t<meta name=\"twitter:label2\" content=\"Tiempo de lectura\" \/>\n\t<meta name=\"twitter:data2\" content=\"12 minutos\" \/>\n<script type=\"application\/ld+json\" class=\"yoast-schema-graph\">{\"@context\":\"https:\\\/\\\/schema.org\",\"@graph\":[{\"@type\":\"Article\",\"@id\":\"https:\\\/\\\/www.escapadarural.com\\\/blog\\\/warrior-nun-en-malaga\\\/#article\",\"isPartOf\":{\"@id\":\"https:\\\/\\\/www.escapadarural.com\\\/blog\\\/warrior-nun-en-malaga\\\/\"},\"author\":{\"name\":\"Caroline Dalpr\u00e1\",\"@id\":\"https:\\\/\\\/www.escapadarural.com\\\/blog\\\/#\\\/schema\\\/person\\\/71a3509afe98d853c3837b4889cdab61\"},\"headline\":\"El d\u00eda que los demonios poseyeron la provincia M\u00e1laga\",\"datePublished\":\"2020-07-23T14:23:16+00:00\",\"dateModified\":\"2025-03-12T15:35:28+00:00\",\"mainEntityOfPage\":{\"@id\":\"https:\\\/\\\/www.escapadarural.com\\\/blog\\\/warrior-nun-en-malaga\\\/\"},\"wordCount\":1702,\"commentCount\":0,\"publisher\":{\"@id\":\"https:\\\/\\\/www.escapadarural.com\\\/blog\\\/#organization\"},\"image\":{\"@id\":\"https:\\\/\\\/www.escapadarural.com\\\/blog\\\/warrior-nun-en-malaga\\\/#primaryimage\"},\"thumbnailUrl\":\"https:\\\/\\\/www.escapadarural.com\\\/blog\\\/wp-content\\\/uploads\\\/2025\\\/03\\\/ronda.webp\",\"keywords\":[\"Almod\u00f3var del R\u00edo\",\"Andaluc\u00eda\",\"Antequera\",\"Listado\",\"M\u00e1laga\",\"Marbella\",\"Netflix\",\"Ronda\",\"Warrior Nun\"],\"articleSection\":[\"Arte y Cultura\"],\"inLanguage\":\"es\",\"potentialAction\":[{\"@type\":\"CommentAction\",\"name\":\"Comment\",\"target\":[\"https:\\\/\\\/www.escapadarural.com\\\/blog\\\/warrior-nun-en-malaga\\\/#respond\"]}]},{\"@type\":\"WebPage\",\"@id\":\"https:\\\/\\\/www.escapadarural.com\\\/blog\\\/warrior-nun-en-malaga\\\/\",\"url\":\"https:\\\/\\\/www.escapadarural.com\\\/blog\\\/warrior-nun-en-malaga\\\/\",\"name\":\"El d\u00eda que los demonios poseyeron la provincia M\u00e1laga - EscapadaRural\",\"isPartOf\":{\"@id\":\"https:\\\/\\\/www.escapadarural.com\\\/blog\\\/#website\"},\"primaryImageOfPage\":{\"@id\":\"https:\\\/\\\/www.escapadarural.com\\\/blog\\\/warrior-nun-en-malaga\\\/#primaryimage\"},\"image\":{\"@id\":\"https:\\\/\\\/www.escapadarural.com\\\/blog\\\/warrior-nun-en-malaga\\\/#primaryimage\"},\"thumbnailUrl\":\"https:\\\/\\\/www.escapadarural.com\\\/blog\\\/wp-content\\\/uploads\\\/2025\\\/03\\\/ronda.webp\",\"datePublished\":\"2020-07-23T14:23:16+00:00\",\"dateModified\":\"2025-03-12T15:35:28+00:00\",\"breadcrumb\":{\"@id\":\"https:\\\/\\\/www.escapadarural.com\\\/blog\\\/warrior-nun-en-malaga\\\/#breadcrumb\"},\"inLanguage\":\"es\",\"potentialAction\":[{\"@type\":\"ReadAction\",\"target\":[\"https:\\\/\\\/www.escapadarural.com\\\/blog\\\/warrior-nun-en-malaga\\\/\"]}]},{\"@type\":\"ImageObject\",\"inLanguage\":\"es\",\"@id\":\"https:\\\/\\\/www.escapadarural.com\\\/blog\\\/warrior-nun-en-malaga\\\/#primaryimage\",\"url\":\"https:\\\/\\\/www.escapadarural.com\\\/blog\\\/wp-content\\\/uploads\\\/2025\\\/03\\\/ronda.webp\",\"contentUrl\":\"https:\\\/\\\/www.escapadarural.com\\\/blog\\\/wp-content\\\/uploads\\\/2025\\\/03\\\/ronda.webp\",\"width\":1080,\"height\":1080,\"caption\":\"Ronda, M\u00e1laga. Por: dziewul\"},{\"@type\":\"BreadcrumbList\",\"@id\":\"https:\\\/\\\/www.escapadarural.com\\\/blog\\\/warrior-nun-en-malaga\\\/#breadcrumb\",\"itemListElement\":[{\"@type\":\"ListItem\",\"position\":1,\"name\":\"Inicio\",\"item\":\"https:\\\/\\\/www.escapadarural.com\\\/blog\\\/\"},{\"@type\":\"ListItem\",\"position\":2,\"name\":\"Arte y Cultura\",\"item\":\"https:\\\/\\\/www.escapadarural.com\\\/blog\\\/categoria\\\/arte-y-cultura\\\/\"},{\"@type\":\"ListItem\",\"position\":3,\"name\":\"El d\u00eda que los demonios poseyeron la provincia M\u00e1laga\"}]},{\"@type\":\"WebSite\",\"@id\":\"https:\\\/\\\/www.escapadarural.com\\\/blog\\\/#website\",\"url\":\"https:\\\/\\\/www.escapadarural.com\\\/blog\\\/\",\"name\":\"Blog de viajes | turismo rural, alojamientos e inspiraci\u00f3n\",\"description\":\"Alojamientos rurales e inspiraci\u00f3n para tus escapadas\",\"publisher\":{\"@id\":\"https:\\\/\\\/www.escapadarural.com\\\/blog\\\/#organization\"},\"alternateName\":\"Magazine de viajes de EscapadaRural\",\"potentialAction\":[{\"@type\":\"SearchAction\",\"target\":{\"@type\":\"EntryPoint\",\"urlTemplate\":\"https:\\\/\\\/www.escapadarural.com\\\/blog\\\/?s={search_term_string}\"},\"query-input\":{\"@type\":\"PropertyValueSpecification\",\"valueRequired\":true,\"valueName\":\"search_term_string\"}}],\"inLanguage\":\"es\"},{\"@type\":\"Organization\",\"@id\":\"https:\\\/\\\/www.escapadarural.com\\\/blog\\\/#organization\",\"name\":\"EscapadaRural\",\"url\":\"https:\\\/\\\/www.escapadarural.com\\\/blog\\\/\",\"logo\":{\"@type\":\"ImageObject\",\"inLanguage\":\"es\",\"@id\":\"https:\\\/\\\/www.escapadarural.com\\\/blog\\\/#\\\/schema\\\/logo\\\/image\\\/\",\"url\":\"https:\\\/\\\/www.escapadarural.com\\\/blog\\\/wp-content\\\/uploads\\\/2024\\\/10\\\/cropped-cropped-escapada-rural-icon-mag-3.png\",\"contentUrl\":\"https:\\\/\\\/www.escapadarural.com\\\/blog\\\/wp-content\\\/uploads\\\/2024\\\/10\\\/cropped-cropped-escapada-rural-icon-mag-3.png\",\"width\":512,\"height\":512,\"caption\":\"EscapadaRural\"},\"image\":{\"@id\":\"https:\\\/\\\/www.escapadarural.com\\\/blog\\\/#\\\/schema\\\/logo\\\/image\\\/\"},\"sameAs\":[\"https:\\\/\\\/www.facebook.com\\\/escapadarural\",\"https:\\\/\\\/www.instagram.com\\\/escapadarural\\\/\",\"https:\\\/\\\/www.youtube.com\\\/@escapadaruralcom\"]},{\"@type\":\"Person\",\"@id\":\"https:\\\/\\\/www.escapadarural.com\\\/blog\\\/#\\\/schema\\\/person\\\/71a3509afe98d853c3837b4889cdab61\",\"name\":\"Caroline Dalpr\u00e1\",\"image\":{\"@type\":\"ImageObject\",\"inLanguage\":\"es\",\"@id\":\"https:\\\/\\\/secure.gravatar.com\\\/avatar\\\/7c69701bfb6edce5bb470d94ec03340a2dd7130049dcaa9f93a67689fbb9bce5?s=96&d=mm&r=g\",\"url\":\"https:\\\/\\\/secure.gravatar.com\\\/avatar\\\/7c69701bfb6edce5bb470d94ec03340a2dd7130049dcaa9f93a67689fbb9bce5?s=96&d=mm&r=g\",\"contentUrl\":\"https:\\\/\\\/secure.gravatar.com\\\/avatar\\\/7c69701bfb6edce5bb470d94ec03340a2dd7130049dcaa9f93a67689fbb9bce5?s=96&d=mm&r=g\",\"caption\":\"Caroline Dalpr\u00e1\"},\"description\":\"Periodista de viajes con debilidad por los pueblos con encanto. Brasile\u00f1a curiosa descubriendo la Espa\u00f1a rural, una escapada a la vez. En EscapadaRural llevo el tim\u00f3n del Marketing Digital y busco formas de contar lugares con alma.\",\"url\":\"https:\\\/\\\/www.escapadarural.com\\\/blog\\\/autor\\\/caroline\\\/\"}]}<\/script>\n<!-- \/ Yoast SEO plugin. -->","yoast_head_json":{"title":"El d\u00eda que los demonios poseyeron la provincia M\u00e1laga - EscapadaRural","robots":{"index":"index","follow":"follow","max-snippet":"max-snippet:-1","max-image-preview":"max-image-preview:large","max-video-preview":"max-video-preview:-1"},"canonical":"https:\/\/www.escapadarural.com\/blog\/warrior-nun-en-malaga\/","og_locale":"es_ES","og_type":"article","og_title":"El d\u00eda que los demonios poseyeron la provincia M\u00e1laga - EscapadaRural","og_description":"Algunos demonios salieron del infierno y decidieron jugar con los vecinos de dos pueblos malague\u00f1os. Suerte que una orden religiosa secreta lleg\u00f3 a tiempo para salvarles. Calma, no nos hemos vuelto locos. Ning\u00fan pueblo de M\u00e1laga ha sido pose\u00eddo por demonios en la vida real (que lo sepamos). Ya en la ficci\u00f3n, la provincia andaluza fue uno de los principales escenarios de la serie de Netflix, Warrior Nun (Monja Guerrera).","og_url":"https:\/\/www.escapadarural.com\/blog\/warrior-nun-en-malaga\/","og_site_name":"Magazine de viajes de EscapadaRural","article_publisher":"https:\/\/www.facebook.com\/escapadarural","article_published_time":"2020-07-23T14:23:16+00:00","article_modified_time":"2025-03-12T15:35:28+00:00","og_image":[{"width":1080,"height":1080,"url":"https:\/\/www.escapadarural.com\/blog\/wp-content\/uploads\/2025\/03\/ronda.webp","type":"image\/webp"}],"author":"Caroline Dalpr\u00e1","twitter_card":"summary_large_image","twitter_misc":{"Escrito por":"Caroline Dalpr\u00e1","Tiempo de lectura":"12 minutos"},"schema":{"@context":"https:\/\/schema.org","@graph":[{"@type":"Article","@id":"https:\/\/www.escapadarural.com\/blog\/warrior-nun-en-malaga\/#article","isPartOf":{"@id":"https:\/\/www.escapadarural.com\/blog\/warrior-nun-en-malaga\/"},"author":{"name":"Caroline Dalpr\u00e1","@id":"https:\/\/www.escapadarural.com\/blog\/#\/schema\/person\/71a3509afe98d853c3837b4889cdab61"},"headline":"El d\u00eda que los demonios poseyeron la provincia M\u00e1laga","datePublished":"2020-07-23T14:23:16+00:00","dateModified":"2025-03-12T15:35:28+00:00","mainEntityOfPage":{"@id":"https:\/\/www.escapadarural.com\/blog\/warrior-nun-en-malaga\/"},"wordCount":1702,"commentCount":0,"publisher":{"@id":"https:\/\/www.escapadarural.com\/blog\/#organization"},"image":{"@id":"https:\/\/www.escapadarural.com\/blog\/warrior-nun-en-malaga\/#primaryimage"},"thumbnailUrl":"https:\/\/www.escapadarural.com\/blog\/wp-content\/uploads\/2025\/03\/ronda.webp","keywords":["Almod\u00f3var del R\u00edo","Andaluc\u00eda","Antequera","Listado","M\u00e1laga","Marbella","Netflix","Ronda","Warrior Nun"],"articleSection":["Arte y Cultura"],"inLanguage":"es","potentialAction":[{"@type":"CommentAction","name":"Comment","target":["https:\/\/www.escapadarural.com\/blog\/warrior-nun-en-malaga\/#respond"]}]},{"@type":"WebPage","@id":"https:\/\/www.escapadarural.com\/blog\/warrior-nun-en-malaga\/","url":"https:\/\/www.escapadarural.com\/blog\/warrior-nun-en-malaga\/","name":"El d\u00eda que los demonios poseyeron la provincia M\u00e1laga - EscapadaRural","isPartOf":{"@id":"https:\/\/www.escapadarural.com\/blog\/#website"},"primaryImageOfPage":{"@id":"https:\/\/www.escapadarural.com\/blog\/warrior-nun-en-malaga\/#primaryimage"},"image":{"@id":"https:\/\/www.escapadarural.com\/blog\/warrior-nun-en-malaga\/#primaryimage"},"thumbnailUrl":"https:\/\/www.escapadarural.com\/blog\/wp-content\/uploads\/2025\/03\/ronda.webp","datePublished":"2020-07-23T14:23:16+00:00","dateModified":"2025-03-12T15:35:28+00:00","breadcrumb":{"@id":"https:\/\/www.escapadarural.com\/blog\/warrior-nun-en-malaga\/#breadcrumb"},"inLanguage":"es","potentialAction":[{"@type":"ReadAction","target":["https:\/\/www.escapadarural.com\/blog\/warrior-nun-en-malaga\/"]}]},{"@type":"ImageObject","inLanguage":"es","@id":"https:\/\/www.escapadarural.com\/blog\/warrior-nun-en-malaga\/#primaryimage","url":"https:\/\/www.escapadarural.com\/blog\/wp-content\/uploads\/2025\/03\/ronda.webp","contentUrl":"https:\/\/www.escapadarural.com\/blog\/wp-content\/uploads\/2025\/03\/ronda.webp","width":1080,"height":1080,"caption":"Ronda, M\u00e1laga. Por: dziewul"},{"@type":"BreadcrumbList","@id":"https:\/\/www.escapadarural.com\/blog\/warrior-nun-en-malaga\/#breadcrumb","itemListElement":[{"@type":"ListItem","position":1,"name":"Inicio","item":"https:\/\/www.escapadarural.com\/blog\/"},{"@type":"ListItem","position":2,"name":"Arte y Cultura","item":"https:\/\/www.escapadarural.com\/blog\/categoria\/arte-y-cultura\/"},{"@type":"ListItem","position":3,"name":"El d\u00eda que los demonios poseyeron la provincia M\u00e1laga"}]},{"@type":"WebSite","@id":"https:\/\/www.escapadarural.com\/blog\/#website","url":"https:\/\/www.escapadarural.com\/blog\/","name":"Blog de viajes | turismo rural, alojamientos e inspiraci\u00f3n","description":"Alojamientos rurales e inspiraci\u00f3n para tus escapadas","publisher":{"@id":"https:\/\/www.escapadarural.com\/blog\/#organization"},"alternateName":"Magazine de viajes de EscapadaRural","potentialAction":[{"@type":"SearchAction","target":{"@type":"EntryPoint","urlTemplate":"https:\/\/www.escapadarural.com\/blog\/?s={search_term_string}"},"query-input":{"@type":"PropertyValueSpecification","valueRequired":true,"valueName":"search_term_string"}}],"inLanguage":"es"},{"@type":"Organization","@id":"https:\/\/www.escapadarural.com\/blog\/#organization","name":"EscapadaRural","url":"https:\/\/www.escapadarural.com\/blog\/","logo":{"@type":"ImageObject","inLanguage":"es","@id":"https:\/\/www.escapadarural.com\/blog\/#\/schema\/logo\/image\/","url":"https:\/\/www.escapadarural.com\/blog\/wp-content\/uploads\/2024\/10\/cropped-cropped-escapada-rural-icon-mag-3.png","contentUrl":"https:\/\/www.escapadarural.com\/blog\/wp-content\/uploads\/2024\/10\/cropped-cropped-escapada-rural-icon-mag-3.png","width":512,"height":512,"caption":"EscapadaRural"},"image":{"@id":"https:\/\/www.escapadarural.com\/blog\/#\/schema\/logo\/image\/"},"sameAs":["https:\/\/www.facebook.com\/escapadarural","https:\/\/www.instagram.com\/escapadarural\/","https:\/\/www.youtube.com\/@escapadaruralcom"]},{"@type":"Person","@id":"https:\/\/www.escapadarural.com\/blog\/#\/schema\/person\/71a3509afe98d853c3837b4889cdab61","name":"Caroline Dalpr\u00e1","image":{"@type":"ImageObject","inLanguage":"es","@id":"https:\/\/secure.gravatar.com\/avatar\/7c69701bfb6edce5bb470d94ec03340a2dd7130049dcaa9f93a67689fbb9bce5?s=96&d=mm&r=g","url":"https:\/\/secure.gravatar.com\/avatar\/7c69701bfb6edce5bb470d94ec03340a2dd7130049dcaa9f93a67689fbb9bce5?s=96&d=mm&r=g","contentUrl":"https:\/\/secure.gravatar.com\/avatar\/7c69701bfb6edce5bb470d94ec03340a2dd7130049dcaa9f93a67689fbb9bce5?s=96&d=mm&r=g","caption":"Caroline Dalpr\u00e1"},"description":"Periodista de viajes con debilidad por los pueblos con encanto. Brasile\u00f1a curiosa descubriendo la Espa\u00f1a rural, una escapada a la vez. En EscapadaRural llevo el tim\u00f3n del Marketing Digital y busco formas de contar lugares con alma.","url":"https:\/\/www.escapadarural.com\/blog\/autor\/caroline\/"}]}},"_links":{"self":[{"href":"https:\/\/www.escapadarural.com\/blog\/wp-json\/wp\/v2\/posts\/26449","targetHints":{"allow":["GET"]}}],"collection":[{"href":"https:\/\/www.escapadarural.com\/blog\/wp-json\/wp\/v2\/posts"}],"about":[{"href":"https:\/\/www.escapadarural.com\/blog\/wp-json\/wp\/v2\/types\/post"}],"author":[{"embeddable":true,"href":"https:\/\/www.escapadarural.com\/blog\/wp-json\/wp\/v2\/users\/119"}],"replies":[{"embeddable":true,"href":"https:\/\/www.escapadarural.com\/blog\/wp-json\/wp\/v2\/comments?post=26449"}],"version-history":[{"count":0,"href":"https:\/\/www.escapadarural.com\/blog\/wp-json\/wp\/v2\/posts\/26449\/revisions"}],"wp:featuredmedia":[{"embeddable":true,"href":"https:\/\/www.escapadarural.com\/blog\/wp-json\/wp\/v2\/media\/195195"}],"wp:attachment":[{"href":"https:\/\/www.escapadarural.com\/blog\/wp-json\/wp\/v2\/media?parent=26449"}],"wp:term":[{"taxonomy":"category","embeddable":true,"href":"https:\/\/www.escapadarural.com\/blog\/wp-json\/wp\/v2\/categories?post=26449"},{"taxonomy":"post_tag","embeddable":true,"href":"https:\/\/www.escapadarural.com\/blog\/wp-json\/wp\/v2\/tags?post=26449"}],"curies":[{"name":"wp","href":"https:\/\/api.w.org\/{rel}","templated":true}]}}