{"id":27079,"date":"2020-08-07T09:40:27","date_gmt":"2020-08-07T08:40:27","guid":{"rendered":"https:\/\/www.escapadarural.com\/blog\/?p=27079"},"modified":"2025-08-12T11:35:59","modified_gmt":"2025-08-12T09:35:59","slug":"peliculas-de-verano-autocines-en-espana","status":"publish","type":"post","link":"https:\/\/www.escapadarural.com\/blog\/peliculas-de-verano-autocines-en-espana\/","title":{"rendered":"Pel\u00edculas de verano: autocines en Espa\u00f1a"},"content":{"rendered":"\n<figure class=\"wp-block-image size-large\"><img decoding=\"async\" src=\"https:\/\/www.escapadarural.com\/blog\/wp-content\/uploads\/2020\/08\/AdobeStock_366546012-1024x576.jpeg\" alt=\"\" class=\"wp-image-27225\"\/><\/figure>\n\n\n\n<p>Puede que la escena de una pel\u00edcula en la que los personajes est\u00e1n en un autocine (\u00bfmetacine?) sea la de <strong>Danny y Sandy en <em>Grease<\/em><\/strong>. Los m\u00e1s cin\u00e9filos quiz\u00e1s apunten a <em>Regreso al futuro III<\/em>, <em>Exploradores<\/em> o <em>Twister<\/em>, pero es que es casi imposible no haber visto el musical protagonizado por Olivia Newton-John y John Travolta. Lo han echado tantas veces en la televisi\u00f3n que ser\u00eda como no conocer el telediario. O <em><a href=\"https:\/\/www.escapadarural.com\/blog\/nerja-el-pueblo-idilico-de-verano-azul\/\" class=\"rank-math-link\">Verano azul<\/a><\/em>.<\/p>\n\n\n\n<p>Este verano no se parece en nada a todos los anteriores. El peligro de contagio de la COVID-19 sigue siendo muy alto y muchas de las actividades estivales tradicionales han tenido que suspenderse o, como poco, modificarse. La parte buena es que el ser humano tiene una capacidad de adaptarse a las circunstancias m\u00e1s alta de lo que se piensa y <strong>siempre busca alternativas<\/strong>.&nbsp;<\/p>\n\n\n\n<p>Si no se puede ir al cine o a bailar a la plaza en las fiestas \u2013las posibilidades van variando seg\u00fan evolucionan los rebrotes\u2013 las ideas para el ocio tienen que dirigirse hacia la seguridad. Y por eso en muchos pueblos <strong>han optado por el autocine:<\/strong> en <em>Grease<\/em> parec\u00eda que lo pasaban bien o, como poco, no se aburr\u00edan.<\/p>\n\n\n\n<p>Precisamente esa ha sido la pel\u00edcula que la delegaci\u00f3n de cultura del <strong>ayuntamiento de <\/strong><a href=\"https:\/\/www.escapadarural.com\/casas-rurales\/fraga\" class=\"rank-math-link\"><strong>Fraga<\/strong><\/a> y la asociaci\u00f3n Pe\u00f1a Fragatina escogieron para inaugurar la temporada de autocine estival del pueblo. Y acertaron porque el aforo, determinado en 60 coches, se llen\u00f3. Las proyecciones seguir\u00e1n durante todo el est\u00edo en este pueblo de <a class=\"rank-math-link\" href=\"https:\/\/www.escapadarural.com\/casas-rurales\/huesca\">Huesca<\/a>.<\/p>\n\n\n\n<figure class=\"wp-block-embed aligncenter is-type-rich is-provider-twitter wp-block-embed-twitter\"><div class=\"wp-block-embed__wrapper\">\n<span class=\"oCU7ixh0JWPGImEcLFB6AnkaObuvdQMltsgf1Y4j\"><div class=\"video-shortcode\"><blockquote class=\"twitter-tweet\" data-width=\"550\" data-dnt=\"true\"><p lang=\"es\" dir=\"ltr\">\ud83d\ude99 | AUTOCINE<br><br>Si quieres ver la \u00faltima pel\u00edcula de los h\u00e9roes de <a href=\"https:\/\/twitter.com\/hashtag\/Marvel?src=hash&amp;ref_src=twsrc%5Etfw\" target=\"_blank\">#Marvel<\/a> \ud83e\uddb9\u200d\u2642\ufe0f &quot;VENGADORES: EndGame&quot;, todav\u00eda puedes reservar tu plaza para el <a href=\"https:\/\/twitter.com\/hashtag\/Autocine?src=hash&amp;ref_src=twsrc%5Etfw\" target=\"_blank\">#Autocine<\/a> de verano.<br><br>\ud83d\udcc5 S\u00e1bado 8 de agosto<br>\u231a\ufe0f 22h00<br>\ud83d\udccd Explanada Jaime I<a href=\"https:\/\/t.co\/1d5yIh9HbL\" target=\"_blank\">https:\/\/t.co\/1d5yIh9HbL<\/a><br><br>Sigue hilo\ud83d\udc47<\/p>&mdash; Ayuntamiento Fraga (@FragaAyto) <a href=\"https:\/\/twitter.com\/FragaAyto\/status\/1291082233814622208?ref_src=twsrc%5Etfw\" target=\"_blank\">August 5, 2020<\/a><\/blockquote><script async src=\"https:\/\/platform.twitter.com\/widgets.js\" charset=\"utf-8\"><\/script><\/div><\/span>\n<\/div><\/figure>\n\n\n\n<p>La <strong>provincia de <\/strong><a href=\"https:\/\/www.escapadarural.com\/casas-rurales\/salamanca\" class=\"rank-math-link\"><strong>Salamanca<\/strong><\/a> pronto se dio cuenta de que esta actividad es una opci\u00f3n perfecta para impulsar el ocio veraniego. Algunos de sus pueblos ya han proyectado las primeras pel\u00edculas y la respuesta del p\u00fablico es la prueba de que es una buena idea. En <a href=\"https:\/\/www.escapadarural.com\/casas-rurales\/puerto-de-bejar\" class=\"rank-math-link\">Puerto de B\u00e9jar<\/a> llegaron al n\u00famero m\u00e1ximo de asistentes la primera vez. En <a href=\"https:\/\/www.escapadarural.com\/casas-rurales\/santa-marta-de-tormes\" class=\"rank-math-link\">Santa Marta de Tormes<\/a> la proyecci\u00f3n de los filmes se completa con mon\u00f3logos y conciertos.&nbsp;<\/p>\n\n\n\n<p>El p\u00fablico infantil de <a href=\"https:\/\/www.escapadarural.com\/casas-rurales\/caravaca-de-la-cruz\" class=\"rank-math-link\">Caravaca de la Cruz<\/a> est\u00e1 de enhorabuena. El autocine de <strong>este pueblo de <\/strong><a class=\"rank-math-link\" href=\"https:\/\/www.escapadarural.com\/casas-rurales\/murcia\"><strong>Murcia<\/strong><\/a> ofrece en su cartelera varias pel\u00edculas de g\u00e9nero \u2018familiar\u2019 como <em>Jumanji<\/em>. Tambi\u00e9n en la localidad de <a href=\"https:\/\/www.escapadarural.com\/casas-rurales\/san-pedro-del-pinatar\" class=\"rank-math-link\">San Pedro del Pinatar<\/a> se podr\u00e1 coger el coche para ver una pel\u00edcula dentro del propio coche, algo que muchos y muchas posiblemente no han hecho hasta ahora.&nbsp;<\/p>\n\n\n\n<p>Aquellos que visiten <a class=\"rank-math-link\" href=\"https:\/\/www.escapadarural.com\/casas-rurales\/san-nicolas\">San Nicol\u00e1s<\/a>, en <a class=\"rank-math-link\" href=\"https:\/\/www.escapadarural.com\/casas-rurales?l=gran-canaria\">Gran Canaria<\/a>, tienen mucho que ver. Y no solo en su autocine, que estar\u00e1 abierto de manera gratuita durante el mes de agosto. Durante el d\u00eda pueden conocer algunas de sus playas como la de La Aldea (en el mismo pueblo) o las de G\u00fci G\u00fci, cuya arena es negra. A una hora en coche, se llega al<strong> Monumento natural del Roque Nublo,<\/strong> dentro del parque natural hom\u00f3nimo. Una buena idea para no pasar hambre durante la proyecci\u00f3n del filme (en el caso de que no se quiera comer dentro del veh\u00edculo) es probar un plato que naci\u00f3 en ese mismo municipio: <strong>la ropavieja de pulpo<\/strong>.<\/p>\n\n\n\n<p>El <strong>centro Niemeyer de <\/strong><a href=\"https:\/\/www.escapadarural.com\/casas-rurales\/aviles\" class=\"rank-math-link\"><strong>Avil\u00e9s<\/strong><\/a> tambi\u00e9n ha decidido convertir su plaza en un autocine hasta el 8 de agosto. Un escenario privilegiado al que merece la pena acercarse tanto para disfrutar del cine como de las instalaciones. Eso s\u00ed, hay que asegurarse de cumplir las medidas de seguridad impuestas, que son muy espec\u00edficas: nada de consumir alcohol, mascarilla en el interior del veh\u00edculo, tres personas como m\u00e1ximo en cada coche y que ninguna sea poblaci\u00f3n de riesgo.<\/p>\n\n\n\n<figure class=\"wp-block-embed aligncenter is-type-rich is-provider-twitter wp-block-embed-twitter\"><div class=\"wp-block-embed__wrapper\">\n<span class=\"C4FiW6AglIhry18KH0RqJxMO3tcosN9ZGDdpSbTLauYjzUk\"><div class=\"video-shortcode\"><blockquote class=\"twitter-tweet\" data-width=\"550\" data-dnt=\"true\"><p lang=\"es\" dir=\"ltr\">&quot;Conmovedora y desternillante&quot;, The New York Times.<br>&quot;Una de las pel\u00edculas m\u00e1s emotivas de Sundance&quot;, The Rolling Stone.<br>&quot;The farewell&quot; es 1 apuesta segura para 1 buena noche de cine. <br>7 agosto 23:00 en el autocine.<br>Tr\u00e1iler <a href=\"https:\/\/t.co\/SQ2McR18nc\" target=\"_blank\">https:\/\/t.co\/SQ2McR18nc<\/a><br>Entradas <a href=\"https:\/\/t.co\/huNL9lqRyR\" target=\"_blank\">https:\/\/t.co\/huNL9lqRyR<\/a> <a href=\"https:\/\/t.co\/oWhthnqgaA\" target=\"_blank\">pic.twitter.com\/oWhthnqgaA<\/a><\/p>&mdash; Centro Niemeyer (@CentroNiemeyer) <a href=\"https:\/\/twitter.com\/CentroNiemeyer\/status\/1291052948659884038?ref_src=twsrc%5Etfw\" target=\"_blank\">August 5, 2020<\/a><\/blockquote><script async src=\"https:\/\/platform.twitter.com\/widgets.js\" charset=\"utf-8\"><\/script><\/div><\/span>\n<\/div><\/figure>\n\n\n\n<h2 class=\"wp-block-heading\" id=\"h-no-solo-este-verano\"><strong>No solo este verano<\/strong><\/h2>\n\n\n\n<figure class=\"wp-block-image size-large\"><img decoding=\"async\" src=\"https:\/\/www.escapadarural.com\/blog\/wp-content\/uploads\/2020\/08\/Autocine-Madrid-Race-1024x682.jpg\" alt=\"Autocine Madrid Race\" class=\"wp-image-27226\"\/><figcaption class=\"wp-element-caption\"><strong>Autocine Madrid Race<\/strong><\/figcaption><\/figure>\n\n\n\n<p>En el recorrido anterior se comentan pueblos que han organizado <strong>sesiones de autocine<\/strong> por primera vez, en principio motivados por la tambi\u00e9n mencionada \u2013imposible no hacerlo\u2013 emergencia sanitaria. Puede que para algunos la iniciativa sea pasajera o tambi\u00e9n podr\u00eda suceder que la respuesta sea tan buena (como por lo visto est\u00e1 siendo) que se establezca como una actividad permanente, al menos en los meses de est\u00edo.<\/p>\n\n\n\n<p>Pero a lo largo del pa\u00eds hay <strong>otros autocines<\/strong> que no son pasajeros, sino que funcionan como una sala m\u00e1s. Solo cambia que el espectador se trae la butaca de casa, puede regular el aire acondicionado a su antojo (si tiene, claro) y poner el volumen de la pel\u00edcula seg\u00fan sus necesidades auditivas (generalmente el sonido se escucha a trav\u00e9s de la emisora de FM). Aunque solo sea por <strong>vivir la experiencia<\/strong>, merece la pena probar.<\/p>\n\n\n\n<p>En el autocine <strong>Drive-In de <\/strong><a href=\"https:\/\/www.escapadarural.com\/casas-rurales\/denia\" class=\"rank-math-link\"><strong>D\u00e9nia<\/strong><\/a>, localidad de <a class=\"rank-math-link\" href=\"https:\/\/www.escapadarural.com\/casas-rurales\/alicante\">Alicante<\/a>, ofrecen la posibilidad de tener una noche de cena y pel\u00edcula dentro del autom\u00f3vil. Los men\u00fas llevan nombre de filmes cl\u00e1sicos \u2013<em>Kill Bill, Full Monty<\/em>\u2013 y hay sesiones dobles. El aforo permite hasta 800 espectadores pero es <a class=\"rank-math-link\" href=\"https:\/\/autocinedrivein.com\/normas-y-consejos\" target=\"_blank\">necesario<\/a> mantener las distancias de seguridad entre coches y tambi\u00e9n si se sale al exterior.&nbsp;<\/p>\n\n\n\n<p><a class=\"rank-math-link\" href=\"https:\/\/www.escapadarural.com\/casas-rurales\/vizcaya\">Vizcaya<\/a> tiene el <strong>autocine de <\/strong><a href=\"https:\/\/www.escapadarural.com\/casas-rurales\/getxo\" class=\"rank-math-link\"><strong>Getxo<\/strong><\/a>, que tambi\u00e9n ofrece muchas comodidades extras como ba\u00f1os, bar y la \u201cpantalla exterior m\u00e1s grande del Cant\u00e1brico\u201d, seg\u00fan publicita la empresa. Quienes est\u00e9n pensando <strong>qu\u00e9 pasa si llueve<\/strong> \u2013no ser\u00eda tan raro en el norte del pa\u00eds aunque sea verano\u2013 pueden estar tranquilos: existen unas viseras que se acoplan al techo del coche y evitan que el cristal se moje. No todo el mundo (\u00a1ejem!) conoce la existencia de ese complemento.<\/p>\n\n\n\n<p>El <strong>autocine de <\/strong><a href=\"https:\/\/www.escapadarural.com\/casas-rurales\/serranillos-del-valle\" class=\"rank-math-link\"><strong>Serranillos del Valle<\/strong><\/a>, que se inaugur\u00f3 a principios del mes de julio, es el primero que abre en el sur de <a href=\"https:\/\/www.escapadarural.com\/casas-rurales\/madrid\" class=\"rank-math-link\">Madrid<\/a>. Si el del <a href=\"https:\/\/www.escapadarural.com\/casas-rurales\/pais-vasco\" class=\"rank-math-link\">Pa\u00eds Vasco<\/a> presume de tener la m\u00e1s grande del Cant\u00e1brico, este afirma que la suya es la m\u00e1s grande de toda Espa\u00f1a. Adem\u00e1s de cine, tambi\u00e9n ofrece conciertos o proyecciones de partidos de f\u00fatbol. Las mascotas pueden acompa\u00f1ar a sus propietarios.&nbsp;<\/p>\n\n\n\n<figure class=\"wp-block-embed is-type-video is-provider-youtube wp-block-embed-youtube wp-embed-aspect-16-9 wp-has-aspect-ratio\"><div class=\"wp-block-embed__wrapper\">\n<span class=\"uv8QAYp35toGrkFimg\"><div class=\"video-shortcode\"><iframe title=\"CONOCE AUTOCINE MADRID RACE\" width=\"1200\" height=\"675\" src=\"https:\/\/www.youtube.com\/embed\/o4H9UxMbsc4?feature=oembed\" frameborder=\"0\" allow=\"accelerometer; autoplay; clipboard-write; encrypted-media; gyroscope; picture-in-picture; web-share\" referrerpolicy=\"strict-origin-when-cross-origin\" allowfullscreen><\/iframe><\/div><\/span>\n<\/div><\/figure>\n\n\n\n<p>Pero la comunidad, tiene tambi\u00e9n el <strong>Autocine Madrid Race<\/strong> con una est\u00e9tica basada en los a\u00f1os 50 \u2013como la de <em>Grease<\/em>\u2013 en el que se pueden ver pel\u00edculas de ficci\u00f3n, documentales de m\u00fasica, comer perritos calientes u organizar un evento privado. Adem\u00e1s del situado cerca del Paseo de la Castellana, la misma empresa ha abierto otro en el <strong>circuito del Jarama<\/strong>.&nbsp;<\/p>\n\n\n\n<p>La m\u00e1s grande del norte, la m\u00e1s grande del pa\u00eds y <strong>en Cinemacar, en <\/strong><a href=\"https:\/\/www.escapadarural.com\/casas-rurales\/alicante\" class=\"rank-math-link\"><strong>Alicante<\/strong><\/a><strong>,<\/strong> ganan un punto de superlativos al ofrecer la posibilidad de ver la pel\u00edcula en la pantalla de cine al aire libre m\u00e1s grande de Europa. Adem\u00e1s, tambi\u00e9n hay un servicio de desinfecci\u00f3n de coches y limpieza de lunas y un arco de desinfecci\u00f3n en todos los pasos de gente. Medidas de seguridad extra para poder disfrutar del ocio incluso en un verano tan extra\u00f1o como este de 2020.<\/p>\n","protected":false},"excerpt":{"rendered":"<p>Si no se puede ir al cine o a bailar a la plaza en las fiestas \u2013las posibilidades van variando seg\u00fan evolucionan los rebrotes\u2013 las ideas para el ocio tienen que dirigirse hacia la seguridad. Y por eso en muchos pueblos han optado por el autocine: en Grease parec\u00eda que lo pasaban bien o, como poco, no se aburr\u00edan.<\/p>\n","protected":false},"author":114,"featured_media":102945,"comment_status":"open","ping_status":"open","sticky":false,"template":"","format":"standard","meta":{"_acf_changed":false,"om_disable_all_campaigns":false,"footnotes":""},"categories":[231],"tags":[260,2797,331,2798,2799,864,212],"class_list":["post-27079","post","type-post","status-publish","format-standard","has-post-thumbnail","hentry","category-arte-y-cultura","tag-articulo","tag-autocines","tag-espana","tag-fraga","tag-getxo","tag-peliculas","tag-pueblos"],"acf":[],"featured_image_src":"https:\/\/www.escapadarural.com\/blog\/wp-content\/uploads\/2024\/10\/AdobeStock_366546012-1024x576-3.jpeg","author_info":{"display_name":"Carmen L\u00f3pez","author_link":"https:\/\/www.escapadarural.com\/blog\/autor\/carmenlopez\/"},"yoast_head":"<!-- This site is optimized with the Yoast SEO plugin v27.5 - https:\/\/yoast.com\/product\/yoast-seo-wordpress\/ -->\n<title>Pel\u00edculas de verano: autocines en Espa\u00f1a - EscapadaRural<\/title>\n<meta name=\"robots\" content=\"index, follow, max-snippet:-1, max-image-preview:large, max-video-preview:-1\" \/>\n<link rel=\"canonical\" href=\"https:\/\/www.escapadarural.com\/blog\/peliculas-de-verano-autocines-en-espana\/\" \/>\n<meta property=\"og:locale\" content=\"es_ES\" \/>\n<meta property=\"og:type\" content=\"article\" \/>\n<meta property=\"og:title\" content=\"Pel\u00edculas de verano: autocines en Espa\u00f1a - EscapadaRural\" \/>\n<meta property=\"og:description\" content=\"Si no se puede ir al cine o a bailar a la plaza en las fiestas \u2013las posibilidades van variando seg\u00fan evolucionan los rebrotes\u2013 las ideas para el ocio tienen que dirigirse hacia la seguridad. Y por eso en muchos pueblos han optado por el autocine: en Grease parec\u00eda que lo pasaban bien o, como poco, no se aburr\u00edan.\" \/>\n<meta property=\"og:url\" content=\"https:\/\/www.escapadarural.com\/blog\/peliculas-de-verano-autocines-en-espana\/\" \/>\n<meta property=\"og:site_name\" content=\"Magazine de viajes de EscapadaRural\" \/>\n<meta property=\"article:publisher\" content=\"https:\/\/www.facebook.com\/escapadarural\" \/>\n<meta property=\"article:published_time\" content=\"2020-08-07T08:40:27+00:00\" \/>\n<meta property=\"article:modified_time\" content=\"2025-08-12T09:35:59+00:00\" \/>\n<meta property=\"og:image\" content=\"https:\/\/www.escapadarural.com\/blog\/wp-content\/uploads\/2024\/10\/AdobeStock_366546012-1024x576-3.jpeg?v=1754991362\" \/>\n\t<meta property=\"og:image:width\" content=\"1024\" \/>\n\t<meta property=\"og:image:height\" content=\"576\" \/>\n\t<meta property=\"og:image:type\" content=\"image\/jpeg\" \/>\n<meta name=\"author\" content=\"Carmen L\u00f3pez\" \/>\n<meta name=\"twitter:card\" content=\"summary_large_image\" \/>\n<meta name=\"twitter:label1\" content=\"Escrito por\" \/>\n\t<meta name=\"twitter:data1\" content=\"Carmen L\u00f3pez\" \/>\n\t<meta name=\"twitter:label2\" content=\"Tiempo de lectura\" \/>\n\t<meta name=\"twitter:data2\" content=\"6 minutos\" \/>\n<script type=\"application\/ld+json\" class=\"yoast-schema-graph\">{\"@context\":\"https:\\\/\\\/schema.org\",\"@graph\":[{\"@type\":\"Article\",\"@id\":\"https:\\\/\\\/www.escapadarural.com\\\/blog\\\/peliculas-de-verano-autocines-en-espana\\\/#article\",\"isPartOf\":{\"@id\":\"https:\\\/\\\/www.escapadarural.com\\\/blog\\\/peliculas-de-verano-autocines-en-espana\\\/\"},\"author\":{\"name\":\"Carmen L\u00f3pez\",\"@id\":\"https:\\\/\\\/www.escapadarural.com\\\/blog\\\/#\\\/schema\\\/person\\\/42dfdff6118172efc6a04c8ae599a2ce\"},\"headline\":\"Pel\u00edculas de verano: autocines en Espa\u00f1a\",\"datePublished\":\"2020-08-07T08:40:27+00:00\",\"dateModified\":\"2025-08-12T09:35:59+00:00\",\"mainEntityOfPage\":{\"@id\":\"https:\\\/\\\/www.escapadarural.com\\\/blog\\\/peliculas-de-verano-autocines-en-espana\\\/\"},\"wordCount\":1195,\"commentCount\":0,\"publisher\":{\"@id\":\"https:\\\/\\\/www.escapadarural.com\\\/blog\\\/#organization\"},\"image\":{\"@id\":\"https:\\\/\\\/www.escapadarural.com\\\/blog\\\/peliculas-de-verano-autocines-en-espana\\\/#primaryimage\"},\"thumbnailUrl\":\"https:\\\/\\\/www.escapadarural.com\\\/blog\\\/wp-content\\\/uploads\\\/2024\\\/10\\\/AdobeStock_366546012-1024x576-3.jpeg\",\"keywords\":[\"art\u00edculo\",\"autocines\",\"Espa\u00f1a\",\"fraga\",\"getxo\",\"Pel\u00edculas\",\"pueblos\"],\"articleSection\":[\"Arte y Cultura\"],\"inLanguage\":\"es\",\"potentialAction\":[{\"@type\":\"CommentAction\",\"name\":\"Comment\",\"target\":[\"https:\\\/\\\/www.escapadarural.com\\\/blog\\\/peliculas-de-verano-autocines-en-espana\\\/#respond\"]}]},{\"@type\":\"WebPage\",\"@id\":\"https:\\\/\\\/www.escapadarural.com\\\/blog\\\/peliculas-de-verano-autocines-en-espana\\\/\",\"url\":\"https:\\\/\\\/www.escapadarural.com\\\/blog\\\/peliculas-de-verano-autocines-en-espana\\\/\",\"name\":\"Pel\u00edculas de verano: autocines en Espa\u00f1a - EscapadaRural\",\"isPartOf\":{\"@id\":\"https:\\\/\\\/www.escapadarural.com\\\/blog\\\/#website\"},\"primaryImageOfPage\":{\"@id\":\"https:\\\/\\\/www.escapadarural.com\\\/blog\\\/peliculas-de-verano-autocines-en-espana\\\/#primaryimage\"},\"image\":{\"@id\":\"https:\\\/\\\/www.escapadarural.com\\\/blog\\\/peliculas-de-verano-autocines-en-espana\\\/#primaryimage\"},\"thumbnailUrl\":\"https:\\\/\\\/www.escapadarural.com\\\/blog\\\/wp-content\\\/uploads\\\/2024\\\/10\\\/AdobeStock_366546012-1024x576-3.jpeg\",\"datePublished\":\"2020-08-07T08:40:27+00:00\",\"dateModified\":\"2025-08-12T09:35:59+00:00\",\"breadcrumb\":{\"@id\":\"https:\\\/\\\/www.escapadarural.com\\\/blog\\\/peliculas-de-verano-autocines-en-espana\\\/#breadcrumb\"},\"inLanguage\":\"es\",\"potentialAction\":[{\"@type\":\"ReadAction\",\"target\":[\"https:\\\/\\\/www.escapadarural.com\\\/blog\\\/peliculas-de-verano-autocines-en-espana\\\/\"]}]},{\"@type\":\"ImageObject\",\"inLanguage\":\"es\",\"@id\":\"https:\\\/\\\/www.escapadarural.com\\\/blog\\\/peliculas-de-verano-autocines-en-espana\\\/#primaryimage\",\"url\":\"https:\\\/\\\/www.escapadarural.com\\\/blog\\\/wp-content\\\/uploads\\\/2024\\\/10\\\/AdobeStock_366546012-1024x576-3.jpeg\",\"contentUrl\":\"https:\\\/\\\/www.escapadarural.com\\\/blog\\\/wp-content\\\/uploads\\\/2024\\\/10\\\/AdobeStock_366546012-1024x576-3.jpeg\",\"width\":1024,\"height\":576,\"caption\":\"Vista a\u00e9rea de un autocine al atardecer, con filas de coches aparcados frente a una gran pantalla al aire libre, rodeados de \u00e1rboles y vegetaci\u00f3n bajo un cielo colorido.\"},{\"@type\":\"BreadcrumbList\",\"@id\":\"https:\\\/\\\/www.escapadarural.com\\\/blog\\\/peliculas-de-verano-autocines-en-espana\\\/#breadcrumb\",\"itemListElement\":[{\"@type\":\"ListItem\",\"position\":1,\"name\":\"Inicio\",\"item\":\"https:\\\/\\\/www.escapadarural.com\\\/blog\\\/\"},{\"@type\":\"ListItem\",\"position\":2,\"name\":\"Arte y Cultura\",\"item\":\"https:\\\/\\\/www.escapadarural.com\\\/blog\\\/categoria\\\/arte-y-cultura\\\/\"},{\"@type\":\"ListItem\",\"position\":3,\"name\":\"Pel\u00edculas de verano: autocines en Espa\u00f1a\"}]},{\"@type\":\"WebSite\",\"@id\":\"https:\\\/\\\/www.escapadarural.com\\\/blog\\\/#website\",\"url\":\"https:\\\/\\\/www.escapadarural.com\\\/blog\\\/\",\"name\":\"Blog de viajes | turismo rural, alojamientos e inspiraci\u00f3n\",\"description\":\"Alojamientos rurales e inspiraci\u00f3n para tus escapadas\",\"publisher\":{\"@id\":\"https:\\\/\\\/www.escapadarural.com\\\/blog\\\/#organization\"},\"alternateName\":\"Magazine de viajes de EscapadaRural\",\"potentialAction\":[{\"@type\":\"SearchAction\",\"target\":{\"@type\":\"EntryPoint\",\"urlTemplate\":\"https:\\\/\\\/www.escapadarural.com\\\/blog\\\/?s={search_term_string}\"},\"query-input\":{\"@type\":\"PropertyValueSpecification\",\"valueRequired\":true,\"valueName\":\"search_term_string\"}}],\"inLanguage\":\"es\"},{\"@type\":\"Organization\",\"@id\":\"https:\\\/\\\/www.escapadarural.com\\\/blog\\\/#organization\",\"name\":\"EscapadaRural\",\"url\":\"https:\\\/\\\/www.escapadarural.com\\\/blog\\\/\",\"logo\":{\"@type\":\"ImageObject\",\"inLanguage\":\"es\",\"@id\":\"https:\\\/\\\/www.escapadarural.com\\\/blog\\\/#\\\/schema\\\/logo\\\/image\\\/\",\"url\":\"https:\\\/\\\/www.escapadarural.com\\\/blog\\\/wp-content\\\/uploads\\\/2024\\\/10\\\/cropped-cropped-escapada-rural-icon-mag-3.png\",\"contentUrl\":\"https:\\\/\\\/www.escapadarural.com\\\/blog\\\/wp-content\\\/uploads\\\/2024\\\/10\\\/cropped-cropped-escapada-rural-icon-mag-3.png\",\"width\":512,\"height\":512,\"caption\":\"EscapadaRural\"},\"image\":{\"@id\":\"https:\\\/\\\/www.escapadarural.com\\\/blog\\\/#\\\/schema\\\/logo\\\/image\\\/\"},\"sameAs\":[\"https:\\\/\\\/www.facebook.com\\\/escapadarural\",\"https:\\\/\\\/www.instagram.com\\\/escapadarural\\\/\",\"https:\\\/\\\/www.youtube.com\\\/@escapadaruralcom\"]},{\"@type\":\"Person\",\"@id\":\"https:\\\/\\\/www.escapadarural.com\\\/blog\\\/#\\\/schema\\\/person\\\/42dfdff6118172efc6a04c8ae599a2ce\",\"name\":\"Carmen L\u00f3pez\",\"image\":{\"@type\":\"ImageObject\",\"inLanguage\":\"es\",\"@id\":\"https:\\\/\\\/www.escapadarural.com\\\/blog\\\/wp-content\\\/uploads\\\/2024\\\/11\\\/cropped-perfil_eldiario-96x96-1-96x96.jpeg\",\"url\":\"https:\\\/\\\/www.escapadarural.com\\\/blog\\\/wp-content\\\/uploads\\\/2024\\\/11\\\/cropped-perfil_eldiario-96x96-1-96x96.jpeg\",\"contentUrl\":\"https:\\\/\\\/www.escapadarural.com\\\/blog\\\/wp-content\\\/uploads\\\/2024\\\/11\\\/cropped-perfil_eldiario-96x96-1-96x96.jpeg\",\"caption\":\"Carmen L\u00f3pez\"},\"description\":\"Soy periodista y escribo sobre cosas que importan en sitios que interesan desde hace m\u00e1s de una d\u00e9cada.\",\"url\":\"https:\\\/\\\/www.escapadarural.com\\\/blog\\\/autor\\\/carmenlopez\\\/\"}]}<\/script>\n<!-- \/ Yoast SEO plugin. -->","yoast_head_json":{"title":"Pel\u00edculas de verano: autocines en Espa\u00f1a - EscapadaRural","robots":{"index":"index","follow":"follow","max-snippet":"max-snippet:-1","max-image-preview":"max-image-preview:large","max-video-preview":"max-video-preview:-1"},"canonical":"https:\/\/www.escapadarural.com\/blog\/peliculas-de-verano-autocines-en-espana\/","og_locale":"es_ES","og_type":"article","og_title":"Pel\u00edculas de verano: autocines en Espa\u00f1a - EscapadaRural","og_description":"Si no se puede ir al cine o a bailar a la plaza en las fiestas \u2013las posibilidades van variando seg\u00fan evolucionan los rebrotes\u2013 las ideas para el ocio tienen que dirigirse hacia la seguridad. Y por eso en muchos pueblos han optado por el autocine: en Grease parec\u00eda que lo pasaban bien o, como poco, no se aburr\u00edan.","og_url":"https:\/\/www.escapadarural.com\/blog\/peliculas-de-verano-autocines-en-espana\/","og_site_name":"Magazine de viajes de EscapadaRural","article_publisher":"https:\/\/www.facebook.com\/escapadarural","article_published_time":"2020-08-07T08:40:27+00:00","article_modified_time":"2025-08-12T09:35:59+00:00","og_image":[{"width":1024,"height":576,"url":"https:\/\/www.escapadarural.com\/blog\/wp-content\/uploads\/2024\/10\/AdobeStock_366546012-1024x576-3.jpeg?v=1754991362","type":"image\/jpeg"}],"author":"Carmen L\u00f3pez","twitter_card":"summary_large_image","twitter_misc":{"Escrito por":"Carmen L\u00f3pez","Tiempo de lectura":"6 minutos"},"schema":{"@context":"https:\/\/schema.org","@graph":[{"@type":"Article","@id":"https:\/\/www.escapadarural.com\/blog\/peliculas-de-verano-autocines-en-espana\/#article","isPartOf":{"@id":"https:\/\/www.escapadarural.com\/blog\/peliculas-de-verano-autocines-en-espana\/"},"author":{"name":"Carmen L\u00f3pez","@id":"https:\/\/www.escapadarural.com\/blog\/#\/schema\/person\/42dfdff6118172efc6a04c8ae599a2ce"},"headline":"Pel\u00edculas de verano: autocines en Espa\u00f1a","datePublished":"2020-08-07T08:40:27+00:00","dateModified":"2025-08-12T09:35:59+00:00","mainEntityOfPage":{"@id":"https:\/\/www.escapadarural.com\/blog\/peliculas-de-verano-autocines-en-espana\/"},"wordCount":1195,"commentCount":0,"publisher":{"@id":"https:\/\/www.escapadarural.com\/blog\/#organization"},"image":{"@id":"https:\/\/www.escapadarural.com\/blog\/peliculas-de-verano-autocines-en-espana\/#primaryimage"},"thumbnailUrl":"https:\/\/www.escapadarural.com\/blog\/wp-content\/uploads\/2024\/10\/AdobeStock_366546012-1024x576-3.jpeg","keywords":["art\u00edculo","autocines","Espa\u00f1a","fraga","getxo","Pel\u00edculas","pueblos"],"articleSection":["Arte y Cultura"],"inLanguage":"es","potentialAction":[{"@type":"CommentAction","name":"Comment","target":["https:\/\/www.escapadarural.com\/blog\/peliculas-de-verano-autocines-en-espana\/#respond"]}]},{"@type":"WebPage","@id":"https:\/\/www.escapadarural.com\/blog\/peliculas-de-verano-autocines-en-espana\/","url":"https:\/\/www.escapadarural.com\/blog\/peliculas-de-verano-autocines-en-espana\/","name":"Pel\u00edculas de verano: autocines en Espa\u00f1a - EscapadaRural","isPartOf":{"@id":"https:\/\/www.escapadarural.com\/blog\/#website"},"primaryImageOfPage":{"@id":"https:\/\/www.escapadarural.com\/blog\/peliculas-de-verano-autocines-en-espana\/#primaryimage"},"image":{"@id":"https:\/\/www.escapadarural.com\/blog\/peliculas-de-verano-autocines-en-espana\/#primaryimage"},"thumbnailUrl":"https:\/\/www.escapadarural.com\/blog\/wp-content\/uploads\/2024\/10\/AdobeStock_366546012-1024x576-3.jpeg","datePublished":"2020-08-07T08:40:27+00:00","dateModified":"2025-08-12T09:35:59+00:00","breadcrumb":{"@id":"https:\/\/www.escapadarural.com\/blog\/peliculas-de-verano-autocines-en-espana\/#breadcrumb"},"inLanguage":"es","potentialAction":[{"@type":"ReadAction","target":["https:\/\/www.escapadarural.com\/blog\/peliculas-de-verano-autocines-en-espana\/"]}]},{"@type":"ImageObject","inLanguage":"es","@id":"https:\/\/www.escapadarural.com\/blog\/peliculas-de-verano-autocines-en-espana\/#primaryimage","url":"https:\/\/www.escapadarural.com\/blog\/wp-content\/uploads\/2024\/10\/AdobeStock_366546012-1024x576-3.jpeg","contentUrl":"https:\/\/www.escapadarural.com\/blog\/wp-content\/uploads\/2024\/10\/AdobeStock_366546012-1024x576-3.jpeg","width":1024,"height":576,"caption":"Vista a\u00e9rea de un autocine al atardecer, con filas de coches aparcados frente a una gran pantalla al aire libre, rodeados de \u00e1rboles y vegetaci\u00f3n bajo un cielo colorido."},{"@type":"BreadcrumbList","@id":"https:\/\/www.escapadarural.com\/blog\/peliculas-de-verano-autocines-en-espana\/#breadcrumb","itemListElement":[{"@type":"ListItem","position":1,"name":"Inicio","item":"https:\/\/www.escapadarural.com\/blog\/"},{"@type":"ListItem","position":2,"name":"Arte y Cultura","item":"https:\/\/www.escapadarural.com\/blog\/categoria\/arte-y-cultura\/"},{"@type":"ListItem","position":3,"name":"Pel\u00edculas de verano: autocines en Espa\u00f1a"}]},{"@type":"WebSite","@id":"https:\/\/www.escapadarural.com\/blog\/#website","url":"https:\/\/www.escapadarural.com\/blog\/","name":"Blog de viajes | turismo rural, alojamientos e inspiraci\u00f3n","description":"Alojamientos rurales e inspiraci\u00f3n para tus escapadas","publisher":{"@id":"https:\/\/www.escapadarural.com\/blog\/#organization"},"alternateName":"Magazine de viajes de EscapadaRural","potentialAction":[{"@type":"SearchAction","target":{"@type":"EntryPoint","urlTemplate":"https:\/\/www.escapadarural.com\/blog\/?s={search_term_string}"},"query-input":{"@type":"PropertyValueSpecification","valueRequired":true,"valueName":"search_term_string"}}],"inLanguage":"es"},{"@type":"Organization","@id":"https:\/\/www.escapadarural.com\/blog\/#organization","name":"EscapadaRural","url":"https:\/\/www.escapadarural.com\/blog\/","logo":{"@type":"ImageObject","inLanguage":"es","@id":"https:\/\/www.escapadarural.com\/blog\/#\/schema\/logo\/image\/","url":"https:\/\/www.escapadarural.com\/blog\/wp-content\/uploads\/2024\/10\/cropped-cropped-escapada-rural-icon-mag-3.png","contentUrl":"https:\/\/www.escapadarural.com\/blog\/wp-content\/uploads\/2024\/10\/cropped-cropped-escapada-rural-icon-mag-3.png","width":512,"height":512,"caption":"EscapadaRural"},"image":{"@id":"https:\/\/www.escapadarural.com\/blog\/#\/schema\/logo\/image\/"},"sameAs":["https:\/\/www.facebook.com\/escapadarural","https:\/\/www.instagram.com\/escapadarural\/","https:\/\/www.youtube.com\/@escapadaruralcom"]},{"@type":"Person","@id":"https:\/\/www.escapadarural.com\/blog\/#\/schema\/person\/42dfdff6118172efc6a04c8ae599a2ce","name":"Carmen L\u00f3pez","image":{"@type":"ImageObject","inLanguage":"es","@id":"https:\/\/www.escapadarural.com\/blog\/wp-content\/uploads\/2024\/11\/cropped-perfil_eldiario-96x96-1-96x96.jpeg","url":"https:\/\/www.escapadarural.com\/blog\/wp-content\/uploads\/2024\/11\/cropped-perfil_eldiario-96x96-1-96x96.jpeg","contentUrl":"https:\/\/www.escapadarural.com\/blog\/wp-content\/uploads\/2024\/11\/cropped-perfil_eldiario-96x96-1-96x96.jpeg","caption":"Carmen L\u00f3pez"},"description":"Soy periodista y escribo sobre cosas que importan en sitios que interesan desde hace m\u00e1s de una d\u00e9cada.","url":"https:\/\/www.escapadarural.com\/blog\/autor\/carmenlopez\/"}]}},"_links":{"self":[{"href":"https:\/\/www.escapadarural.com\/blog\/wp-json\/wp\/v2\/posts\/27079","targetHints":{"allow":["GET"]}}],"collection":[{"href":"https:\/\/www.escapadarural.com\/blog\/wp-json\/wp\/v2\/posts"}],"about":[{"href":"https:\/\/www.escapadarural.com\/blog\/wp-json\/wp\/v2\/types\/post"}],"author":[{"embeddable":true,"href":"https:\/\/www.escapadarural.com\/blog\/wp-json\/wp\/v2\/users\/114"}],"replies":[{"embeddable":true,"href":"https:\/\/www.escapadarural.com\/blog\/wp-json\/wp\/v2\/comments?post=27079"}],"version-history":[{"count":0,"href":"https:\/\/www.escapadarural.com\/blog\/wp-json\/wp\/v2\/posts\/27079\/revisions"}],"wp:featuredmedia":[{"embeddable":true,"href":"https:\/\/www.escapadarural.com\/blog\/wp-json\/wp\/v2\/media\/102945"}],"wp:attachment":[{"href":"https:\/\/www.escapadarural.com\/blog\/wp-json\/wp\/v2\/media?parent=27079"}],"wp:term":[{"taxonomy":"category","embeddable":true,"href":"https:\/\/www.escapadarural.com\/blog\/wp-json\/wp\/v2\/categories?post=27079"},{"taxonomy":"post_tag","embeddable":true,"href":"https:\/\/www.escapadarural.com\/blog\/wp-json\/wp\/v2\/tags?post=27079"}],"curies":[{"name":"wp","href":"https:\/\/api.w.org\/{rel}","templated":true}]}}