{"id":28059,"date":"2020-09-09T08:00:00","date_gmt":"2020-09-09T07:00:00","guid":{"rendered":"https:\/\/www.escapadarural.com\/blog\/?p=28059"},"modified":"2025-01-16T14:51:23","modified_gmt":"2025-01-16T12:51:23","slug":"el-drago-de-agalan-en-la-gomera","status":"publish","type":"post","link":"https:\/\/www.escapadarural.com\/blog\/el-drago-de-agalan-en-la-gomera\/","title":{"rendered":"El Drago de Agal\u00e1n, un s\u00edmbolo de La Gomera"},"content":{"rendered":"\n<figure class=\"wp-block-image size-large\"><img decoding=\"async\" src=\"https:\/\/www.escapadarural.com\/blog\/wp-content\/uploads\/2020\/09\/el-drago-de-agalan-2-924x1024.jpg\" alt=\"El Drago de Agal\u00e1n\" class=\"wp-image-28078\"\/><figcaption>Por El\u00edsabet Garc\u00eda<\/figcaption><\/figure>\n\n\n\n<p>El drago canario es una de las especies que forma parte de la identidad de las Islas Canarias. <em><a href=\"https:\/\/es.wikipedia.org\/wiki\/Dracaena_draco\" class=\"rank-math-link\" target=\"_blank\">Dracaena draco<\/a><\/em> es su nombre oficial en bot\u00e1nica y, en el conjunto de las ocho islas afortunadas, se localizan ejemplares de gran importancia y belleza. En La Gomera, <strong>el ejemplar m\u00e1s antiguo y de mayor envergadura de la isla<\/strong> tiene nombre propio: el <strong>Drago de Agal\u00e1n<\/strong>.<\/p>\n\n\n\n<p>Como no pod\u00eda ser de otra forma trat\u00e1ndose de <a href=\"\/casas-rurales\/la-gomera\" class=\"rank-math-link\">La Gomera<\/a>, este hist\u00f3rico ejemplar de drago canario se encuentra en un barranco. Concretamente, en el <strong>municipio de <a href=\"\/casas-rurales\/alajero\" class=\"rank-math-link\">Alajer\u00f3<\/a><\/strong>, en una de las laderas del <strong>Barranco de Tajonaje<\/strong>, muy <strong>cerca del Caser\u00edo de Imada<\/strong>, uno de los n\u00facleos rurales donde mejor se aprecia la arquitectura tradicional de la isla.<\/p>\n\n\n\n<h2 class=\"wp-block-heading\">C\u00f3mo llegar al drago de La Gomera<\/h2>\n\n\n\n<p>Para llegar hasta \u00e9l, una vez se abandona Alajer\u00f3, direcci\u00f3n Imada, a excasos kil\u00f3metros, del lado derecho de la carretera, nace un desv\u00edo de fuerte pendiente que indica claramente el camino a seguir para llegar al Drago de Agal\u00e1n. Este desv\u00edo llega hasta un \u00e1rea con dos o tres casas donde se puede dejar el coche.<\/p>\n\n\n\n<p>Empezamos a caminar. El sendero parte desde detr\u00e1s de una de las casas. Una se\u00f1alizaci\u00f3n de madera marca la direcci\u00f3n. <\/p>\n\n\n\n<figure class=\"wp-block-image size-large\"><img decoding=\"async\" src=\"https:\/\/www.escapadarural.com\/blog\/wp-content\/uploads\/2020\/09\/el-drago-de-agalan-indicacion-1024x768.jpg\" alt=\"El Drago de Agal\u00e1n\" class=\"wp-image-28072\"\/><figcaption>Por El\u00edsabet Garc\u00eda<\/figcaption><\/figure>\n\n\n\n<p>El primer tramo es de tierra y parece que termina en una zona privada. Sin embargo, se puede continuar por el lado izquierdo, por un sendero algo m\u00e1s estrecho hasta llegar a una senda adoquinada y muy bien acondicionada.<\/p>\n\n\n\n<figure class=\"wp-block-image size-large\"><img decoding=\"async\" src=\"https:\/\/www.escapadarural.com\/blog\/wp-content\/uploads\/2020\/09\/el-drago-de-agalan-comienzo-1024x768.jpg\" alt=\"El Drago de Agal\u00e1n\" class=\"wp-image-28069\"\/><figcaption>Por El\u00edsabet Garc\u00eda<\/figcaption><\/figure>\n\n\n\n<p>Pocos metros despu\u00e9s se alcanza el primer mirador. Desde aqu\u00ed puede capturarse una primera instant\u00e1nea del bello ejemplar. Eso s\u00ed, en la lejan\u00eda y sin apreciar su majestuoso porte en detalle. <\/p>\n\n\n\n<figure class=\"wp-block-image size-large\"><img decoding=\"async\" src=\"https:\/\/www.escapadarural.com\/blog\/wp-content\/uploads\/2020\/09\/el-drago-de-agalan-mirador-1024x768.jpg\" alt=\"El Drago de Agal\u00e1n\" class=\"wp-image-28068\"\/><figcaption>Por El\u00edsabet Garc\u00eda<\/figcaption><\/figure>\n\n\n\n<figure class=\"wp-block-image size-large\"><img decoding=\"async\" src=\"https:\/\/www.escapadarural.com\/blog\/wp-content\/uploads\/2020\/09\/el-drago-de-agalan-a-lo-lejos-1024x768.jpg\" alt=\"El Drago de Agal\u00e1n\" class=\"wp-image-28073\"\/><figcaption>Por El\u00edsabet Garc\u00eda<\/figcaption><\/figure>\n\n\n\n<p>Para los m\u00e1s aventureros, <strong>el sendero contin\u00faa barranco abajo, zigzagueante y con piedras poco pulidas<\/strong>.<\/p>\n\n\n\n<figure class=\"wp-block-image size-large\"><img decoding=\"async\" src=\"https:\/\/www.escapadarural.com\/blog\/wp-content\/uploads\/2020\/09\/el-drago-de-agalan-sendero-768x1024.jpg\" alt=\"El Drago de Agal\u00e1n\" class=\"wp-image-28070\"\/><figcaption>Por El\u00edsabet Garc\u00eda<\/figcaption><\/figure>\n\n\n\n<p>Un sendero que debe recorrerse con paciencia y que regala una <strong>generosa muestra de \u00e1gaves, palmeras y chumberas<\/strong>, ofreciendo paisaj\u00edsticas muy fotog\u00e9nicas.<\/p>\n\n\n\n<figure class=\"wp-block-image size-large\"><img decoding=\"async\" src=\"https:\/\/www.escapadarural.com\/blog\/wp-content\/uploads\/2020\/09\/el-drago-de-agalan-chumberas-1024x768.jpg\" alt=\"El Drago de Agal\u00e1n\" class=\"wp-image-28077\"\/><figcaption>Por El\u00edsabet Garc\u00eda<\/figcaption><\/figure>\n\n\n\n<figure class=\"wp-block-image size-large\"><img decoding=\"async\" src=\"https:\/\/www.escapadarural.com\/blog\/wp-content\/uploads\/2020\/09\/el-drago-de-agalan-paisaje-1024x768.jpg\" alt=\"El Drago de Agal\u00e1n\" class=\"wp-image-28075\"\/><figcaption>Por El\u00edsabet Garc\u00eda<\/figcaption><\/figure>\n\n\n\n<p>Despu\u00e9s de veinte minutos de \u00abinterminable\u00bb -puede producir esa sensaci\u00f3n- descenso, tras un \u00faltimo recodo del camino, aparece el segundo mirador y el <strong>Drago de Agal\u00e1n<\/strong>, con sus <strong>m\u00e1s de 400 a\u00f1os de vida<\/strong>. <\/p>\n\n\n\n<figure class=\"wp-block-image size-large\"><img decoding=\"async\" src=\"https:\/\/www.escapadarural.com\/blog\/wp-content\/uploads\/2020\/09\/el-drago-de-agalan-sendero-2-1024x768.jpg\" alt=\"El Drago de Agal\u00e1n\" class=\"wp-image-28071\"\/><figcaption>Por El\u00edsabet Garc\u00eda<\/figcaption><\/figure>\n\n\n\n<p>Ninguna imagen le hace justicia. Su gran envergadura s\u00f3lo es apreciable si se le saluda en persona.<\/p>\n\n\n\n<figure class=\"wp-block-image size-large\"><img decoding=\"async\" src=\"https:\/\/www.escapadarural.com\/blog\/wp-content\/uploads\/2020\/09\/el-drago-de-agalan-1024x710.jpg\" alt=\"El Drago de Agal\u00e1n\" class=\"wp-image-28074\"\/><figcaption>Por El\u00edsabet Garc\u00eda<\/figcaption><\/figure>\n\n\n\n<p>Con el fin de proteger el ejemplar y asegurar su mantenimiento, su \u00e1rea vital est\u00e1 vallada. A\u00fan as\u00ed, el mirador proporciona diferentes \u00e1ngulos desde donde contemplarlo como se merece, con calma.<\/p>\n\n\n\n<p>Como curiosidad, <strong>los dragos son la \u00fanica especie del planeta cuya savia es de color rojo<\/strong>. De hecho, desde hace cientos de a\u00f1os, la conocida como \u00absangre de drago\u00bb ha sido utilizada, entre otros usos, para barnizar violines Stradivarius.<\/p>\n\n\n\n<p>Otra curiosidad, <strong>para averiguar la edad de los dragos<\/strong>, como su tronco no presenta anillos, se deben contar sus ramificaciones teniendo en cuenta que un drago florece una vez cada quince a\u00f1os y que, tras cada floraci\u00f3n, nace una ramificaci\u00f3n. Te animamos a que, una vez frente a \u00e9l, cuentes cu\u00e1ntas veces ha florecido y, por ende, averig\u00fces su edad.<\/p>\n\n\n\n<div class=\"wp-block-buttons is-layout-flex wp-block-buttons-is-layout-flex\">\n<div class=\"wp-block-button\"><a class=\"wp-block-button__link\" href=\"https:\/\/www.escapadarural.com\/casas-rurales\/la-gomera\">Casas rurales en La Gomera<\/a><\/div>\n<\/div>\n","protected":false},"excerpt":{"rendered":"<p>Este hist\u00f3rico ejemplar de drago canario se encuentra en el municipio de Alajer\u00f3, en una de las laderas del Barranco de Tajonaje, muy cerca del Caser\u00edo de Imada, uno de los n\u00facleos rurales donde mejor se aprecia la arquitectura tradicional de la isla.<\/p>\n","protected":false},"author":109,"featured_media":102886,"comment_status":"open","ping_status":"open","sticky":false,"template":"","format":"standard","meta":{"_acf_changed":false,"om_disable_all_campaigns":false,"footnotes":""},"categories":[191],"tags":[307,636],"class_list":["post-28059","post","type-post","status-publish","format-standard","has-post-thumbnail","hentry","category-destinos","tag-que-ver-en-islas-canarias","tag-la-gomera"],"acf":[],"featured_image_src":"https:\/\/www.escapadarural.com\/blog\/wp-content\/uploads\/2024\/10\/el-drago-de-agalan-2-924x1024-3.jpg","author_info":{"display_name":"El\u00edsabet Garc\u00eda","author_link":"https:\/\/www.escapadarural.com\/blog\/autor\/lagranescapada\/"},"yoast_head":"<!-- This site is optimized with the Yoast SEO plugin v27.5 - https:\/\/yoast.com\/product\/yoast-seo-wordpress\/ -->\n<title>El Drago de Agal\u00e1n, un s\u00edmbolo de La Gomera - EscapadaRural<\/title>\n<meta name=\"robots\" content=\"index, follow, max-snippet:-1, max-image-preview:large, max-video-preview:-1\" \/>\n<link rel=\"canonical\" href=\"https:\/\/www.escapadarural.com\/blog\/el-drago-de-agalan-en-la-gomera\/\" \/>\n<meta property=\"og:locale\" content=\"es_ES\" \/>\n<meta property=\"og:type\" content=\"article\" \/>\n<meta property=\"og:title\" content=\"El Drago de Agal\u00e1n, un s\u00edmbolo de La Gomera - EscapadaRural\" \/>\n<meta property=\"og:description\" content=\"Este hist\u00f3rico ejemplar de drago canario se encuentra en el municipio de Alajer\u00f3, en una de las laderas del Barranco de Tajonaje, muy cerca del Caser\u00edo de Imada, uno de los n\u00facleos rurales donde mejor se aprecia la arquitectura tradicional de la isla.\" \/>\n<meta property=\"og:url\" content=\"https:\/\/www.escapadarural.com\/blog\/el-drago-de-agalan-en-la-gomera\/\" \/>\n<meta property=\"og:site_name\" content=\"Magazine de viajes de EscapadaRural\" \/>\n<meta property=\"article:publisher\" content=\"https:\/\/www.facebook.com\/escapadarural\" \/>\n<meta property=\"article:published_time\" content=\"2020-09-09T07:00:00+00:00\" \/>\n<meta property=\"article:modified_time\" content=\"2025-01-16T12:51:23+00:00\" \/>\n<meta property=\"og:image\" content=\"https:\/\/www.escapadarural.com\/blog\/wp-content\/uploads\/2024\/10\/el-drago-de-agalan-2-924x1024-3.jpg\" \/>\n\t<meta property=\"og:image:width\" content=\"924\" \/>\n\t<meta property=\"og:image:height\" content=\"1024\" \/>\n\t<meta property=\"og:image:type\" content=\"image\/jpeg\" \/>\n<meta name=\"author\" content=\"El\u00edsabet Garc\u00eda\" \/>\n<meta name=\"twitter:card\" content=\"summary_large_image\" \/>\n<meta name=\"twitter:label1\" content=\"Escrito por\" \/>\n\t<meta name=\"twitter:data1\" content=\"El\u00edsabet Garc\u00eda\" \/>\n\t<meta name=\"twitter:label2\" content=\"Tiempo de lectura\" \/>\n\t<meta name=\"twitter:data2\" content=\"3 minutos\" \/>\n<script type=\"application\/ld+json\" class=\"yoast-schema-graph\">{\"@context\":\"https:\\\/\\\/schema.org\",\"@graph\":[{\"@type\":\"Article\",\"@id\":\"https:\\\/\\\/www.escapadarural.com\\\/blog\\\/el-drago-de-agalan-en-la-gomera\\\/#article\",\"isPartOf\":{\"@id\":\"https:\\\/\\\/www.escapadarural.com\\\/blog\\\/el-drago-de-agalan-en-la-gomera\\\/\"},\"author\":{\"name\":\"El\u00edsabet Garc\u00eda\",\"@id\":\"https:\\\/\\\/www.escapadarural.com\\\/blog\\\/#\\\/schema\\\/person\\\/2cac652e2d16373a24890ffaa220140f\"},\"headline\":\"El Drago de Agal\u00e1n, un s\u00edmbolo de La Gomera\",\"datePublished\":\"2020-09-09T07:00:00+00:00\",\"dateModified\":\"2025-01-16T12:51:23+00:00\",\"mainEntityOfPage\":{\"@id\":\"https:\\\/\\\/www.escapadarural.com\\\/blog\\\/el-drago-de-agalan-en-la-gomera\\\/\"},\"wordCount\":597,\"commentCount\":1,\"publisher\":{\"@id\":\"https:\\\/\\\/www.escapadarural.com\\\/blog\\\/#organization\"},\"image\":{\"@id\":\"https:\\\/\\\/www.escapadarural.com\\\/blog\\\/el-drago-de-agalan-en-la-gomera\\\/#primaryimage\"},\"thumbnailUrl\":\"https:\\\/\\\/www.escapadarural.com\\\/blog\\\/wp-content\\\/uploads\\\/2024\\\/10\\\/el-drago-de-agalan-2-924x1024-3.jpg\",\"keywords\":[\"Islas Canarias\",\"La Gomera\"],\"articleSection\":[\"Destinos\"],\"inLanguage\":\"es\",\"potentialAction\":[{\"@type\":\"CommentAction\",\"name\":\"Comment\",\"target\":[\"https:\\\/\\\/www.escapadarural.com\\\/blog\\\/el-drago-de-agalan-en-la-gomera\\\/#respond\"]}]},{\"@type\":\"WebPage\",\"@id\":\"https:\\\/\\\/www.escapadarural.com\\\/blog\\\/el-drago-de-agalan-en-la-gomera\\\/\",\"url\":\"https:\\\/\\\/www.escapadarural.com\\\/blog\\\/el-drago-de-agalan-en-la-gomera\\\/\",\"name\":\"El Drago de Agal\u00e1n, un s\u00edmbolo de La Gomera - EscapadaRural\",\"isPartOf\":{\"@id\":\"https:\\\/\\\/www.escapadarural.com\\\/blog\\\/#website\"},\"primaryImageOfPage\":{\"@id\":\"https:\\\/\\\/www.escapadarural.com\\\/blog\\\/el-drago-de-agalan-en-la-gomera\\\/#primaryimage\"},\"image\":{\"@id\":\"https:\\\/\\\/www.escapadarural.com\\\/blog\\\/el-drago-de-agalan-en-la-gomera\\\/#primaryimage\"},\"thumbnailUrl\":\"https:\\\/\\\/www.escapadarural.com\\\/blog\\\/wp-content\\\/uploads\\\/2024\\\/10\\\/el-drago-de-agalan-2-924x1024-3.jpg\",\"datePublished\":\"2020-09-09T07:00:00+00:00\",\"dateModified\":\"2025-01-16T12:51:23+00:00\",\"breadcrumb\":{\"@id\":\"https:\\\/\\\/www.escapadarural.com\\\/blog\\\/el-drago-de-agalan-en-la-gomera\\\/#breadcrumb\"},\"inLanguage\":\"es\",\"potentialAction\":[{\"@type\":\"ReadAction\",\"target\":[\"https:\\\/\\\/www.escapadarural.com\\\/blog\\\/el-drago-de-agalan-en-la-gomera\\\/\"]}]},{\"@type\":\"ImageObject\",\"inLanguage\":\"es\",\"@id\":\"https:\\\/\\\/www.escapadarural.com\\\/blog\\\/el-drago-de-agalan-en-la-gomera\\\/#primaryimage\",\"url\":\"https:\\\/\\\/www.escapadarural.com\\\/blog\\\/wp-content\\\/uploads\\\/2024\\\/10\\\/el-drago-de-agalan-2-924x1024-3.jpg\",\"contentUrl\":\"https:\\\/\\\/www.escapadarural.com\\\/blog\\\/wp-content\\\/uploads\\\/2024\\\/10\\\/el-drago-de-agalan-2-924x1024-3.jpg\",\"width\":924,\"height\":1024,\"caption\":\"Un gran drago de grueso tronco y amplia copa en forma de paraguas se alza en un paisaje seco, rodeado de palmeras y escasa vegetaci\u00f3n en una ladera rocosa.\"},{\"@type\":\"BreadcrumbList\",\"@id\":\"https:\\\/\\\/www.escapadarural.com\\\/blog\\\/el-drago-de-agalan-en-la-gomera\\\/#breadcrumb\",\"itemListElement\":[{\"@type\":\"ListItem\",\"position\":1,\"name\":\"Inicio\",\"item\":\"https:\\\/\\\/www.escapadarural.com\\\/blog\\\/\"},{\"@type\":\"ListItem\",\"position\":2,\"name\":\"Destinos\",\"item\":\"https:\\\/\\\/www.escapadarural.com\\\/blog\\\/categoria\\\/destinos\\\/\"},{\"@type\":\"ListItem\",\"position\":3,\"name\":\"El Drago de Agal\u00e1n, un s\u00edmbolo de La Gomera\"}]},{\"@type\":\"WebSite\",\"@id\":\"https:\\\/\\\/www.escapadarural.com\\\/blog\\\/#website\",\"url\":\"https:\\\/\\\/www.escapadarural.com\\\/blog\\\/\",\"name\":\"Blog de viajes | turismo rural, alojamientos e inspiraci\u00f3n\",\"description\":\"Alojamientos rurales e inspiraci\u00f3n para tus escapadas\",\"publisher\":{\"@id\":\"https:\\\/\\\/www.escapadarural.com\\\/blog\\\/#organization\"},\"alternateName\":\"Magazine de viajes de EscapadaRural\",\"potentialAction\":[{\"@type\":\"SearchAction\",\"target\":{\"@type\":\"EntryPoint\",\"urlTemplate\":\"https:\\\/\\\/www.escapadarural.com\\\/blog\\\/?s={search_term_string}\"},\"query-input\":{\"@type\":\"PropertyValueSpecification\",\"valueRequired\":true,\"valueName\":\"search_term_string\"}}],\"inLanguage\":\"es\"},{\"@type\":\"Organization\",\"@id\":\"https:\\\/\\\/www.escapadarural.com\\\/blog\\\/#organization\",\"name\":\"EscapadaRural\",\"url\":\"https:\\\/\\\/www.escapadarural.com\\\/blog\\\/\",\"logo\":{\"@type\":\"ImageObject\",\"inLanguage\":\"es\",\"@id\":\"https:\\\/\\\/www.escapadarural.com\\\/blog\\\/#\\\/schema\\\/logo\\\/image\\\/\",\"url\":\"https:\\\/\\\/www.escapadarural.com\\\/blog\\\/wp-content\\\/uploads\\\/2024\\\/10\\\/cropped-cropped-escapada-rural-icon-mag-3.png\",\"contentUrl\":\"https:\\\/\\\/www.escapadarural.com\\\/blog\\\/wp-content\\\/uploads\\\/2024\\\/10\\\/cropped-cropped-escapada-rural-icon-mag-3.png\",\"width\":512,\"height\":512,\"caption\":\"EscapadaRural\"},\"image\":{\"@id\":\"https:\\\/\\\/www.escapadarural.com\\\/blog\\\/#\\\/schema\\\/logo\\\/image\\\/\"},\"sameAs\":[\"https:\\\/\\\/www.facebook.com\\\/escapadarural\",\"https:\\\/\\\/www.instagram.com\\\/escapadarural\\\/\",\"https:\\\/\\\/www.youtube.com\\\/@escapadaruralcom\"]},{\"@type\":\"Person\",\"@id\":\"https:\\\/\\\/www.escapadarural.com\\\/blog\\\/#\\\/schema\\\/person\\\/2cac652e2d16373a24890ffaa220140f\",\"name\":\"El\u00edsabet Garc\u00eda\",\"image\":{\"@type\":\"ImageObject\",\"inLanguage\":\"es\",\"@id\":\"https:\\\/\\\/www.escapadarural.com\\\/blog\\\/wp-content\\\/uploads\\\/2025\\\/02\\\/elisabet_gran_escapada.webp\",\"url\":\"https:\\\/\\\/www.escapadarural.com\\\/blog\\\/wp-content\\\/uploads\\\/2025\\\/02\\\/elisabet_gran_escapada.webp\",\"contentUrl\":\"https:\\\/\\\/www.escapadarural.com\\\/blog\\\/wp-content\\\/uploads\\\/2025\\\/02\\\/elisabet_gran_escapada.webp\",\"caption\":\"El\u00edsabet Garc\u00eda\"},\"description\":\"Hola a todos! Soy El\u00edsabet Garc\u00eda, Consultora Inform\u00e1tica y, desde hace 7 a\u00f1os, blogger de viajes. Me apasiona viajar, conocer lugares inh\u00f3spitos, experimentar aventuras, perderme por la naturaleza y saborear la gastronom\u00eda local de cada lugar. Coeditora del blog lagranescapada.com junto a Mar Gonz\u00e1lez, un lugar que creamos para compartir cada nueva escapada que hacemos por el mundo.\",\"sameAs\":[\"https:\\\/\\\/lagranescapada.com\\\/\"],\"url\":\"https:\\\/\\\/www.escapadarural.com\\\/blog\\\/autor\\\/lagranescapada\\\/\"}]}<\/script>\n<!-- \/ Yoast SEO plugin. -->","yoast_head_json":{"title":"El Drago de Agal\u00e1n, un s\u00edmbolo de La Gomera - EscapadaRural","robots":{"index":"index","follow":"follow","max-snippet":"max-snippet:-1","max-image-preview":"max-image-preview:large","max-video-preview":"max-video-preview:-1"},"canonical":"https:\/\/www.escapadarural.com\/blog\/el-drago-de-agalan-en-la-gomera\/","og_locale":"es_ES","og_type":"article","og_title":"El Drago de Agal\u00e1n, un s\u00edmbolo de La Gomera - EscapadaRural","og_description":"Este hist\u00f3rico ejemplar de drago canario se encuentra en el municipio de Alajer\u00f3, en una de las laderas del Barranco de Tajonaje, muy cerca del Caser\u00edo de Imada, uno de los n\u00facleos rurales donde mejor se aprecia la arquitectura tradicional de la isla.","og_url":"https:\/\/www.escapadarural.com\/blog\/el-drago-de-agalan-en-la-gomera\/","og_site_name":"Magazine de viajes de EscapadaRural","article_publisher":"https:\/\/www.facebook.com\/escapadarural","article_published_time":"2020-09-09T07:00:00+00:00","article_modified_time":"2025-01-16T12:51:23+00:00","og_image":[{"width":924,"height":1024,"url":"https:\/\/www.escapadarural.com\/blog\/wp-content\/uploads\/2024\/10\/el-drago-de-agalan-2-924x1024-3.jpg","type":"image\/jpeg"}],"author":"El\u00edsabet Garc\u00eda","twitter_card":"summary_large_image","twitter_misc":{"Escrito por":"El\u00edsabet Garc\u00eda","Tiempo de lectura":"3 minutos"},"schema":{"@context":"https:\/\/schema.org","@graph":[{"@type":"Article","@id":"https:\/\/www.escapadarural.com\/blog\/el-drago-de-agalan-en-la-gomera\/#article","isPartOf":{"@id":"https:\/\/www.escapadarural.com\/blog\/el-drago-de-agalan-en-la-gomera\/"},"author":{"name":"El\u00edsabet Garc\u00eda","@id":"https:\/\/www.escapadarural.com\/blog\/#\/schema\/person\/2cac652e2d16373a24890ffaa220140f"},"headline":"El Drago de Agal\u00e1n, un s\u00edmbolo de La Gomera","datePublished":"2020-09-09T07:00:00+00:00","dateModified":"2025-01-16T12:51:23+00:00","mainEntityOfPage":{"@id":"https:\/\/www.escapadarural.com\/blog\/el-drago-de-agalan-en-la-gomera\/"},"wordCount":597,"commentCount":1,"publisher":{"@id":"https:\/\/www.escapadarural.com\/blog\/#organization"},"image":{"@id":"https:\/\/www.escapadarural.com\/blog\/el-drago-de-agalan-en-la-gomera\/#primaryimage"},"thumbnailUrl":"https:\/\/www.escapadarural.com\/blog\/wp-content\/uploads\/2024\/10\/el-drago-de-agalan-2-924x1024-3.jpg","keywords":["Islas Canarias","La Gomera"],"articleSection":["Destinos"],"inLanguage":"es","potentialAction":[{"@type":"CommentAction","name":"Comment","target":["https:\/\/www.escapadarural.com\/blog\/el-drago-de-agalan-en-la-gomera\/#respond"]}]},{"@type":"WebPage","@id":"https:\/\/www.escapadarural.com\/blog\/el-drago-de-agalan-en-la-gomera\/","url":"https:\/\/www.escapadarural.com\/blog\/el-drago-de-agalan-en-la-gomera\/","name":"El Drago de Agal\u00e1n, un s\u00edmbolo de La Gomera - EscapadaRural","isPartOf":{"@id":"https:\/\/www.escapadarural.com\/blog\/#website"},"primaryImageOfPage":{"@id":"https:\/\/www.escapadarural.com\/blog\/el-drago-de-agalan-en-la-gomera\/#primaryimage"},"image":{"@id":"https:\/\/www.escapadarural.com\/blog\/el-drago-de-agalan-en-la-gomera\/#primaryimage"},"thumbnailUrl":"https:\/\/www.escapadarural.com\/blog\/wp-content\/uploads\/2024\/10\/el-drago-de-agalan-2-924x1024-3.jpg","datePublished":"2020-09-09T07:00:00+00:00","dateModified":"2025-01-16T12:51:23+00:00","breadcrumb":{"@id":"https:\/\/www.escapadarural.com\/blog\/el-drago-de-agalan-en-la-gomera\/#breadcrumb"},"inLanguage":"es","potentialAction":[{"@type":"ReadAction","target":["https:\/\/www.escapadarural.com\/blog\/el-drago-de-agalan-en-la-gomera\/"]}]},{"@type":"ImageObject","inLanguage":"es","@id":"https:\/\/www.escapadarural.com\/blog\/el-drago-de-agalan-en-la-gomera\/#primaryimage","url":"https:\/\/www.escapadarural.com\/blog\/wp-content\/uploads\/2024\/10\/el-drago-de-agalan-2-924x1024-3.jpg","contentUrl":"https:\/\/www.escapadarural.com\/blog\/wp-content\/uploads\/2024\/10\/el-drago-de-agalan-2-924x1024-3.jpg","width":924,"height":1024,"caption":"Un gran drago de grueso tronco y amplia copa en forma de paraguas se alza en un paisaje seco, rodeado de palmeras y escasa vegetaci\u00f3n en una ladera rocosa."},{"@type":"BreadcrumbList","@id":"https:\/\/www.escapadarural.com\/blog\/el-drago-de-agalan-en-la-gomera\/#breadcrumb","itemListElement":[{"@type":"ListItem","position":1,"name":"Inicio","item":"https:\/\/www.escapadarural.com\/blog\/"},{"@type":"ListItem","position":2,"name":"Destinos","item":"https:\/\/www.escapadarural.com\/blog\/categoria\/destinos\/"},{"@type":"ListItem","position":3,"name":"El Drago de Agal\u00e1n, un s\u00edmbolo de La Gomera"}]},{"@type":"WebSite","@id":"https:\/\/www.escapadarural.com\/blog\/#website","url":"https:\/\/www.escapadarural.com\/blog\/","name":"Blog de viajes | turismo rural, alojamientos e inspiraci\u00f3n","description":"Alojamientos rurales e inspiraci\u00f3n para tus escapadas","publisher":{"@id":"https:\/\/www.escapadarural.com\/blog\/#organization"},"alternateName":"Magazine de viajes de EscapadaRural","potentialAction":[{"@type":"SearchAction","target":{"@type":"EntryPoint","urlTemplate":"https:\/\/www.escapadarural.com\/blog\/?s={search_term_string}"},"query-input":{"@type":"PropertyValueSpecification","valueRequired":true,"valueName":"search_term_string"}}],"inLanguage":"es"},{"@type":"Organization","@id":"https:\/\/www.escapadarural.com\/blog\/#organization","name":"EscapadaRural","url":"https:\/\/www.escapadarural.com\/blog\/","logo":{"@type":"ImageObject","inLanguage":"es","@id":"https:\/\/www.escapadarural.com\/blog\/#\/schema\/logo\/image\/","url":"https:\/\/www.escapadarural.com\/blog\/wp-content\/uploads\/2024\/10\/cropped-cropped-escapada-rural-icon-mag-3.png","contentUrl":"https:\/\/www.escapadarural.com\/blog\/wp-content\/uploads\/2024\/10\/cropped-cropped-escapada-rural-icon-mag-3.png","width":512,"height":512,"caption":"EscapadaRural"},"image":{"@id":"https:\/\/www.escapadarural.com\/blog\/#\/schema\/logo\/image\/"},"sameAs":["https:\/\/www.facebook.com\/escapadarural","https:\/\/www.instagram.com\/escapadarural\/","https:\/\/www.youtube.com\/@escapadaruralcom"]},{"@type":"Person","@id":"https:\/\/www.escapadarural.com\/blog\/#\/schema\/person\/2cac652e2d16373a24890ffaa220140f","name":"El\u00edsabet Garc\u00eda","image":{"@type":"ImageObject","inLanguage":"es","@id":"https:\/\/www.escapadarural.com\/blog\/wp-content\/uploads\/2025\/02\/elisabet_gran_escapada.webp","url":"https:\/\/www.escapadarural.com\/blog\/wp-content\/uploads\/2025\/02\/elisabet_gran_escapada.webp","contentUrl":"https:\/\/www.escapadarural.com\/blog\/wp-content\/uploads\/2025\/02\/elisabet_gran_escapada.webp","caption":"El\u00edsabet Garc\u00eda"},"description":"Hola a todos! Soy El\u00edsabet Garc\u00eda, Consultora Inform\u00e1tica y, desde hace 7 a\u00f1os, blogger de viajes. Me apasiona viajar, conocer lugares inh\u00f3spitos, experimentar aventuras, perderme por la naturaleza y saborear la gastronom\u00eda local de cada lugar. Coeditora del blog lagranescapada.com junto a Mar Gonz\u00e1lez, un lugar que creamos para compartir cada nueva escapada que hacemos por el mundo.","sameAs":["https:\/\/lagranescapada.com\/"],"url":"https:\/\/www.escapadarural.com\/blog\/autor\/lagranescapada\/"}]}},"_links":{"self":[{"href":"https:\/\/www.escapadarural.com\/blog\/wp-json\/wp\/v2\/posts\/28059","targetHints":{"allow":["GET"]}}],"collection":[{"href":"https:\/\/www.escapadarural.com\/blog\/wp-json\/wp\/v2\/posts"}],"about":[{"href":"https:\/\/www.escapadarural.com\/blog\/wp-json\/wp\/v2\/types\/post"}],"author":[{"embeddable":true,"href":"https:\/\/www.escapadarural.com\/blog\/wp-json\/wp\/v2\/users\/109"}],"replies":[{"embeddable":true,"href":"https:\/\/www.escapadarural.com\/blog\/wp-json\/wp\/v2\/comments?post=28059"}],"version-history":[{"count":0,"href":"https:\/\/www.escapadarural.com\/blog\/wp-json\/wp\/v2\/posts\/28059\/revisions"}],"wp:featuredmedia":[{"embeddable":true,"href":"https:\/\/www.escapadarural.com\/blog\/wp-json\/wp\/v2\/media\/102886"}],"wp:attachment":[{"href":"https:\/\/www.escapadarural.com\/blog\/wp-json\/wp\/v2\/media?parent=28059"}],"wp:term":[{"taxonomy":"category","embeddable":true,"href":"https:\/\/www.escapadarural.com\/blog\/wp-json\/wp\/v2\/categories?post=28059"},{"taxonomy":"post_tag","embeddable":true,"href":"https:\/\/www.escapadarural.com\/blog\/wp-json\/wp\/v2\/tags?post=28059"}],"curies":[{"name":"wp","href":"https:\/\/api.w.org\/{rel}","templated":true}]}}