{"id":28150,"date":"2020-09-15T14:21:06","date_gmt":"2020-09-15T13:21:06","guid":{"rendered":"https:\/\/www.escapadarural.com\/blog\/?p=28150"},"modified":"2025-03-12T17:10:49","modified_gmt":"2025-03-12T15:10:49","slug":"ruta-del-embutido-por-espana","status":"publish","type":"post","link":"https:\/\/www.escapadarural.com\/blog\/ruta-del-embutido-por-espana\/","title":{"rendered":"Ruta del embutido por Espa\u00f1a, de norte a sur"},"content":{"rendered":"\n<figure class=\"wp-block-image size-large\"><a href=\"https:\/\/www.escapadarural.com\/blog\/wp-content\/uploads\/2020\/09\/embutido-iberico-de-carne-de-cerdo-chorizo-salami-salchichon-morcilla-lomo-lengua-con-navaja-artesanal-stockpack-adobe-stock-scaled.jpg\"><img decoding=\"async\" src=\"https:\/\/www.escapadarural.com\/blog\/wp-content\/uploads\/2020\/09\/embutido-iberico-de-carne-de-cerdo-chorizo-salami-salchichon-morcilla-lomo-lengua-con-navaja-artesanal-stockpack-adobe-stock-1024x683.jpg\" alt=\"Embutido ib\u00e9rico de carne de cerdo chorizo, salami, salchich\u00f3n, morcilla,  lomo, lengua con navaja artesanal.\" class=\"wp-image-28348\"\/><\/a><figcaption class=\"wp-element-caption\">Por Angel Simon<\/figcaption><\/figure>\n\n\n\n<p>Del cerdo, hasta los andares. Ese refr\u00e1n, como casi todos, refleja una <strong>realidad hist\u00f3rica de Espa\u00f1a<\/strong>: este animal ha estado presente en las mesas del pa\u00eds desde hace mucho tiempo. Y en todo su ser, porque hasta sus pezu\u00f1as se comen guisadas. Puede que su aspecto cuando campa lozano y a sus anchas por su h\u00e1bitat (esos ba\u00f1itos en el barro) no sea demasiado atractivo, pero r\u00e1pidamente se olvida esa imagen cuando llega al plato.<\/p>\n\n\n\n<p>Adem\u00e1s de su presencia en los men\u00fas diarios, el cerdo tambi\u00e9n tiene un importante peso en las tradiciones nacionales. Hasta hace relativamente poco, cuando <strong>los pueblos estaban m\u00e1s poblados<\/strong> y la cr\u00eda del ganado para consumo propio era habitual, la matanza del cerdo era un evento social.&nbsp;<\/p>\n\n\n\n<p>De hecho, a\u00fan se sigue haciendo: suele tener lugar a mediados de oto\u00f1o. Hasta hay una fecha de referencia tambi\u00e9n incluida en el refranero popular: <strong>\u201ca todo cerdo le llega su San Mart\u00edn\u201d<\/strong>. La onom\u00e1stica se celebra el 11 de noviembre&nbsp;<\/p>\n\n\n\n<p>\u00bfCu\u00e1l es la relaci\u00f3n entre el animal y el obispo canonizado? Pues no se sabe muy bien. La transmisi\u00f3n ha sido oral y, seg\u00fan el <a class=\"rank-math-link\" href=\"https:\/\/cvc.cervantes.es\/lengua\/refranero\/ficha.aspx?Par=58048&amp;Lng=0\" target=\"_blank\">Instituto Cervantes<\/a>, la expresi\u00f3n ya aparece en <strong>las p\u00e1ginas de <em>El Quijote<\/em> (1605):<\/strong> \u201cSu San Mart\u00edn se le llegar\u00e1 como a cada puerco\u201d. Francisco de Quevedo tambi\u00e9n la utiliz\u00f3 en <em>La vida del Busc\u00f3n llamado don Pablos<\/em> (1626) con una ligera variaci\u00f3n: \u201cA cada puerco le viene su San Mart\u00edn\u201d.<\/p>\n\n\n\n<p>Antiguamente, la familia se reun\u00eda en el d\u00eda escogido para sacrificar a los cerdos (a veces tambi\u00e9n se juntaban con otros vecinos) y se repart\u00edan las diferentes labores que hab\u00eda que llevar a cabo. De esa jornada se sacaba la materia prima necesaria para hacer fiambres, jamones y dem\u00e1s productos con los que <strong>alimentarse durante todo el a\u00f1o<\/strong>.&nbsp;<\/p>\n\n\n\n<p>Puede decirse que cada Comunidad Aut\u00f3noma tiene su propio <strong>embutido estrella<\/strong>. O m\u00e1s de uno, porque a veces cuesta decidir entre tanta variedad. Aqu\u00ed no aparecen todos los que hay (la lista ser\u00eda eterna), pero todos merecen una degustaci\u00f3n.&nbsp;<\/p>\n\n\n\n<p>Un apunte <strong>para vegetarianos y veganos<\/strong>: con el tiempo la gastronom\u00eda tambi\u00e9n ha evolucionado y es posible que en algunos casos haya opciones de embutido sin elementos animales. Aunque, de momento, los que se rese\u00f1an a continuaci\u00f3n provienen de seres vivos con cuatro patas.<\/p>\n\n\n\n<h2 class=\"wp-block-heading\" id=\"h-galicia-androlla\"><strong>Galicia: Androlla<\/strong><\/h2>\n\n\n\n<p>Es solo uno de los muchos embutidos t\u00edpicos de la Comunidad. Se dice que su origen se remonta a la \u00e9poca romana y es propio sobre todo por la zona de <a href=\"https:\/\/www.escapadarural.com\/casas-rurales\/lugo\">Lugo<\/a> y <a class=\"rank-math-link\" href=\"https:\/\/www.escapadarural.com\/casas-rurales\/ourense\">Orense<\/a>, en pueblos como Viana do Bolo o <a href=\"https:\/\/www.escapadarural.com\/casas-rurales\/navia-de-suarna\">Navia de Suarna<\/a>. Tambi\u00e9n se come en <a href=\"https:\/\/www.escapadarural.com\/casas-rurales\/leon\">Le\u00f3n<\/a>: a veces las fronteras gastron\u00f3micas est\u00e1n un tanto desdibujadas.&nbsp;<\/p>\n\n\n\n<p>Est\u00e1 hecho de costilla casi en su totalidad, adobada con piment\u00f3n dulce y picante y ajo. La carne se mete en una tripa de intestino grueso y se somete a un proceso de ahumado que le da su sabor caracter\u00edstico. Se suele comer cocida y acompa\u00f1ada de cachelos, berzas o grelos.<\/p>\n\n\n\n<h2 class=\"wp-block-heading\" id=\"h-asturias-longaniza-de-aviles-nbsp\"><strong>Asturias: Longaniza de Avil\u00e9s&nbsp;<\/strong><\/h2>\n\n\n\n<p>Uno de los fiambres m\u00e1s conocidos del Principado, despu\u00e9s de los chorizos y las morcillas que se hacen para usar como compango en la fabada. Se elabora con la carne magra de cerdo y se embute en una tripa estrecha. Se suele degustar cocida con patata, cortada en rajas y ali\u00f1ada con un poco de aceite.&nbsp;<\/p>\n\n\n\n<p><a href=\"https:\/\/www.rtve.es\/play\/videos\/aqui-la-tierra\/aqui-tierra-sabrosa-longaniza-aviles\/4604902\/\" target=\"_blank\">Mira el v\u00eddeo de <em>Aqu\u00ed la Tierra<\/em><\/a>.<\/p>\n\n\n\n<h2 class=\"wp-block-heading\" id=\"h-cantabria-borono-nbsp\"><strong>Cantabria: Borono<\/strong>&nbsp;<\/h2>\n\n\n\n<figure class=\"wp-block-image size-large\"><a href=\"https:\/\/www.escapadarural.com\/blog\/wp-content\/uploads\/2020\/09\/Boronos_-_Asturias.jpg\"><img decoding=\"async\" src=\"https:\/\/www.escapadarural.com\/blog\/wp-content\/uploads\/2020\/09\/Boronos_-_Asturias.jpg\" alt=\"embutidos, borono Cantabria\" class=\"wp-image-28351\"\/><\/a><figcaption class=\"wp-element-caption\">Por wikimedia<\/figcaption><\/figure>\n\n\n\n<p>Aunque esta tierra es m\u00e1s conocida por sus anchoas, quesadas y sobaos pasiegos, tambi\u00e9n tiene un embutido destacado. Se llama borono y est\u00e1 hecho con sangre de cerdo acompa\u00f1ada de cebolla, harina, manteca y especias como la pimienta, por ejemplo.&nbsp;<\/p>\n\n\n\n<p>Aunque su aspecto sea parecido, no es una morcilla: no se aprieta en ninguna tripa sino que la masa se deja reposar y despu\u00e9s se cuece para que adquiera consistencia. Se suele comer frito y curiosamente, a veces se dulce como manzana frita o az\u00facar. De hecho, tradicionalmente se consum\u00eda en el desayuno.<\/p>\n\n\n\n<h2 class=\"wp-block-heading\" id=\"h-castilla-y-leon-chorizo-de-cantimpalos-y-morcilla-de-burgos\"><strong>Castilla y Le\u00f3n: Chorizo de Cantimpalos y morcilla de Burgos<\/strong><\/h2>\n\n\n\n<figure class=\"wp-block-image size-large\"><a href=\"https:\/\/www.escapadarural.com\/blog\/wp-content\/uploads\/2020\/09\/spanish-cuisine-morcilla-de-burgos-stockpack-adobe-stock-scaled.jpg\"><img decoding=\"async\" src=\"https:\/\/www.escapadarural.com\/blog\/wp-content\/uploads\/2020\/09\/spanish-cuisine-morcilla-de-burgos-stockpack-adobe-stock-1024x683.jpg\" alt=\"Embutidos, Morcilla de Burgos\" class=\"wp-image-28353\"\/><\/a><figcaption class=\"wp-element-caption\">Por demidoff<\/figcaption><\/figure>\n\n\n\n<p>Es de justicia mencionar a dos de las estrellas de la gastronom\u00eda del pa\u00eds. El chorizo de <a href=\"https:\/\/www.escapadarural.com\/casas-rurales\/cantimpalos\">Cantimpalos<\/a> (<a href=\"https:\/\/www.escapadarural.com\/casas-rurales\/segovia\">Segovia<\/a>) se elabora con carne de cerdo alimentado con una dieta basada principalmente en cereales y especias como el or\u00e9gano y piment\u00f3n de La Vera. Tiene Indicaci\u00f3n Geogr\u00e1fica Protegida desde el a\u00f1o 2008. Se vende en tres formatos: cular, sarta y achorizado. No hace falta cocinarlo: se corta en l\u00e1minas, se junta con un poco de pan y listo.<\/p>\n\n\n\n<p>La morcilla de <a href=\"https:\/\/www.escapadarural.com\/casas-rurales\/burgos\">Burgos<\/a>, tambi\u00e9n muy famosa, se hace con sangre de cerdo, cebolla, manteca, arroz (no siempre, pero s\u00ed mayoritariamente) y especias. Se come frita, a ser preferible crujiente por fuera y jugosa por dentro. Hace unos meses consigui\u00f3 la IGP, pero solo aquella que est\u00e9 elaborada con cebolla horcal, propia de Burgos y <a href=\"https:\/\/www.escapadarural.com\/casas-rurales\/palencia\">Palencia<\/a>.<\/p>\n\n\n\n<h2 class=\"wp-block-heading\" id=\"h-navarra-chistorra-nbsp\"><strong>Navarra: Chistorra&nbsp;<\/strong><\/h2>\n\n\n\n<figure class=\"wp-block-image size-large\"><a href=\"https:\/\/www.escapadarural.com\/blog\/wp-content\/uploads\/2020\/09\/traditional-navarrese-red-sausage-stockpack-adobe-stock-scaled.jpg\"><img decoding=\"async\" src=\"https:\/\/www.escapadarural.com\/blog\/wp-content\/uploads\/2020\/09\/traditional-navarrese-red-sausage-stockpack-adobe-stock-747x1024.jpg\" alt=\"embutido chistorra de Navarra\" class=\"wp-image-28354\"\/><\/a><figcaption class=\"wp-element-caption\">Por Miguel Garc\u00eda Saaved<\/figcaption><\/figure>\n\n\n\n<p>Otro producto famoso m\u00e1s all\u00e1 de sus fronteras. Se elabora con tocino, panceta, sal, piment\u00f3n y ajo y se embute en una tripa fina, por norma general de cordero. No est\u00e1 curado sino que se consume fresco y principalmente, frito (con poco aceite porque suelta mucha grasa). Se guarda en la nevera y dura en buenas condiciones menos de una semana.<\/p>\n\n\n\n<h2 class=\"wp-block-heading\" id=\"h-aragon-longaniza-de-graus\"><strong>Arag\u00f3n: Longaniza de Graus<\/strong><\/h2>\n\n\n\n<figure class=\"wp-block-embed is-type-video is-provider-youtube wp-block-embed-youtube wp-embed-aspect-4-3 wp-has-aspect-ratio\"><div class=\"wp-block-embed__wrapper\">\n<span class=\"PxS4hstkFdD0nG5rwU6uMpHAT32vfg8yZKC7OBW\"><div class=\"video-shortcode\"><iframe title=\"C\u00f3mo se hace la longaniza de Arag\u00f3n \/ How to make longaniza (spicy pork sausage)\" width=\"1200\" height=\"900\" src=\"https:\/\/www.youtube.com\/embed\/GsXW5zPYmb0?feature=oembed\" frameborder=\"0\" allow=\"accelerometer; autoplay; clipboard-write; encrypted-media; gyroscope; picture-in-picture; web-share\" referrerpolicy=\"strict-origin-when-cross-origin\" allowfullscreen><\/iframe><\/div><\/span>\n<\/div><\/figure>\n\n\n\n<p>Es t\u00edpica de la zona de la <a href=\"https:\/\/www.escapadarural.com\/casas-rurales\/la-ribagorza\">Ribagorza<\/a>, en la provincia de <a href=\"https:\/\/www.escapadarural.com\/casas-rurales\/huesca\">Huesca<\/a>. Est\u00e1 hecha con carne de cerdo (m\u00ednimo 70%) y aderezada con nuez moscada, clavo, tomillo, or\u00e9gano y vino, pero no lleva piment\u00f3n (al contrario que la mayor\u00eda de los embutidos). Se puede comer de muchas formas: sin cocinar, partida en lonchas o guisada con patatas. Tiene su propio d\u00eda de festejo, el 28 de julio.&nbsp;<\/p>\n\n\n\n<h2 class=\"wp-block-heading\" id=\"h-extremadura-morcilla-patatera\"><strong>Extremadura: Morcilla patatera<\/strong><\/h2>\n\n\n\n<figure class=\"wp-block-embed is-type-video is-provider-youtube wp-block-embed-youtube wp-embed-aspect-16-9 wp-has-aspect-ratio\"><div class=\"wp-block-embed__wrapper\">\n<span class=\"CKgHXySR\"><div class=\"video-shortcode\"><iframe title=\"EL COMIDISTA | Patatera, tasajo y lomo doblado: tres productos \u00fanicos de Extremadura\" width=\"1200\" height=\"675\" src=\"https:\/\/www.youtube.com\/embed\/JjcBNxT3qTM?feature=oembed\" frameborder=\"0\" allow=\"accelerometer; autoplay; clipboard-write; encrypted-media; gyroscope; picture-in-picture; web-share\" referrerpolicy=\"strict-origin-when-cross-origin\" allowfullscreen><\/iframe><\/div><\/span>\n<\/div><\/figure>\n\n\n\n<p>Aunque se llame \u2018morcilla\u2019 no lleva sangre en sus ingredientes. S\u00ed contiene f\u00e9cula de patata (de ah\u00ed el nombre), grasa de cerdo, magro, sal, ajo y, por supuesto, piment\u00f3n (dulce o salado) de <a href=\"https:\/\/www.escapadarural.com\/casas-rurales\/la-vera_zona-turistica\">La Vera<\/a>. Es un alimento de or\u00edgenes humildes, poco conocido fuera de la Comunidad pero con muchos a\u00f1os a sus espaldas.<\/p>\n\n\n\n<p>Se puede comer cortada en l\u00e1minas pero tambi\u00e9n untada en pan o pasada por la sart\u00e9n. Hay quien le a\u00f1ade un poco de miel, con lo que se obtiene un sorprendente contraste de sabores. Para los amantes del buen comer (carn\u00edvoro) irse de <a href=\"https:\/\/www.escapadarural.com\/casas-rurales\/extremadura\">Extremadura<\/a> sin probarla es casi un pecado.<\/p>\n\n\n\n<h2 class=\"wp-block-heading\" id=\"h-islas-baleares-cuixot-de-menorca\"><strong>Islas Baleares: Cuixot de Menorca<\/strong><\/h2>\n\n\n\n<p>S\u00ed, el cl\u00e1sico del archipi\u00e9lago es la sobrasada de <a href=\"https:\/\/www.escapadarural.com\/casas-rurales\/mallorca\">Mallorca<\/a>, pero el cuixot de <a href=\"https:\/\/www.escapadarural.com\/casas-rurales\/menorca\">Menorca<\/a> tambi\u00e9n merece darse a conocer. Se trata de una longaniza negra compuesta de carne de cerdo, sangre, pimienta, un poco de piment\u00f3n, un poco de hinojo, canela y un poco de an\u00eds.&nbsp;<\/p>\n\n\n\n<p>Tiene una forma caracter\u00edstica porque se embute en corteza de cerdo y no en una tripa. Se sirve cortado en l\u00e1minas o tambi\u00e9n pasada por la plancha. Acompa\u00f1ado con un poco de \u2018pa amb oli\u2019 es una gloria.<\/p>\n\n\n\n<h2 class=\"wp-block-heading\" id=\"h-murcia-chiquillo\"><strong>Murcia: Chiquillo<\/strong><\/h2>\n\n\n\n<p><a href=\"https:\/\/www.regmurcia.com\/servlet\/s.Sl?sit=c,543,m,2658&amp;r=ReP-20522-DETALLE_REPORTAJES\" class=\"rank-math-link\" target=\"_blank\">Su aspecto es muy peculiar<\/a>, ya que se elabora con las pieles del animal \u2013chato murciano o cerdo blanco\u2013 adobadas con canela, or\u00e9gano, sal, clavo y pimienta negra enroscadas en c\u00edrculos conc\u00e9ntricos.&nbsp;<\/p>\n\n\n\n<p>Una vez obtenida la pieza, se ata con bramante y se cuece durante diez horas aproximadamente. Se sirve en rodajas, fr\u00edo o caliente. Puede ir acompa\u00f1ado por alguna salsa, por ejemplo alioli.<\/p>\n","protected":false},"excerpt":{"rendered":"<p>Puede decirse que cada Comunidad Aut\u00f3noma tiene su propio embutido estrella. O m\u00e1s de uno, porque a veces cuesta decidir entre tanta variedad. Aqu\u00ed no aparecen todos los que hay (la lista ser\u00eda eterna), pero todos merecen una degustaci\u00f3n. <\/p>\n","protected":false},"author":114,"featured_media":196678,"comment_status":"open","ping_status":"open","sticky":false,"template":"","format":"standard","meta":{"_acf_changed":false,"om_disable_all_campaigns":false,"footnotes":""},"categories":[231,1379],"tags":[2853,2854,2855,2856,2857,2858,2859,243,508,2526,2860,2861,2862,2863,428],"class_list":["post-28150","post","type-post","status-publish","format-standard","has-post-thumbnail","hentry","category-arte-y-cultura","category-rutas-y-excursiones","tag-androlla","tag-borono","tag-chiquillo","tag-chistorra","tag-chorizo-de-cantimpalos","tag-cuixot-de-menorca","tag-embutidos","tag-que-ver-en-extremadura","tag-gastronomia","tag-gastronomia-popular","tag-longaniza-de-aviles","tag-longaniza-de-graus","tag-morcilla-de-burgos","tag-morcilla-patatera","tag-que-ver-en-murcia"],"acf":[],"featured_image_src":"https:\/\/www.escapadarural.com\/blog\/wp-content\/uploads\/2020\/09\/embutido-iberico-de-carne-de-cerdo-chorizo-salami-salchichon-morcilla-lomo-lengua-con-navaja-artesanal-stockpack-adobe-stock-1024x683.jpg-1.webp","author_info":{"display_name":"Carmen L\u00f3pez","author_link":"https:\/\/www.escapadarural.com\/blog\/autor\/carmenlopez\/"},"yoast_head":"<!-- This site is optimized with the Yoast SEO plugin v27.2 - https:\/\/yoast.com\/product\/yoast-seo-wordpress\/ -->\n<title>Ruta del embutido por Espa\u00f1a, de norte a sur - EscapadaRural<\/title>\n<meta name=\"robots\" content=\"index, follow, max-snippet:-1, max-image-preview:large, max-video-preview:-1\" \/>\n<link rel=\"canonical\" href=\"https:\/\/www.escapadarural.com\/blog\/ruta-del-embutido-por-espana\/\" \/>\n<meta property=\"og:locale\" content=\"es_ES\" \/>\n<meta property=\"og:type\" content=\"article\" \/>\n<meta property=\"og:title\" content=\"Ruta del embutido por Espa\u00f1a, de norte a sur - EscapadaRural\" \/>\n<meta property=\"og:description\" content=\"Puede decirse que cada Comunidad Aut\u00f3noma tiene su propio embutido estrella. O m\u00e1s de uno, porque a veces cuesta decidir entre tanta variedad. Aqu\u00ed no aparecen todos los que hay (la lista ser\u00eda eterna), pero todos merecen una degustaci\u00f3n.\" \/>\n<meta property=\"og:url\" content=\"https:\/\/www.escapadarural.com\/blog\/ruta-del-embutido-por-espana\/\" \/>\n<meta property=\"og:site_name\" content=\"Magazine de viajes de EscapadaRural\" \/>\n<meta property=\"article:publisher\" content=\"https:\/\/www.facebook.com\/escapadarural\" \/>\n<meta property=\"article:published_time\" content=\"2020-09-15T13:21:06+00:00\" \/>\n<meta property=\"article:modified_time\" content=\"2025-03-12T15:10:49+00:00\" \/>\n<meta property=\"og:image\" content=\"https:\/\/www.escapadarural.com\/blog\/wp-content\/uploads\/2020\/09\/embutido-iberico-de-carne-de-cerdo-chorizo-salami-salchichon-morcilla-lomo-lengua-con-navaja-artesanal-stockpack-adobe-stock-1024x683.jpg-1.webp\" \/>\n\t<meta property=\"og:image:width\" content=\"1024\" \/>\n\t<meta property=\"og:image:height\" content=\"683\" \/>\n\t<meta property=\"og:image:type\" content=\"image\/webp\" \/>\n<meta name=\"author\" content=\"Carmen L\u00f3pez\" \/>\n<meta name=\"twitter:card\" content=\"summary_large_image\" \/>\n<meta name=\"twitter:label1\" content=\"Escrito por\" \/>\n\t<meta name=\"twitter:data1\" content=\"Carmen L\u00f3pez\" \/>\n\t<meta name=\"twitter:label2\" content=\"Tiempo de lectura\" \/>\n\t<meta name=\"twitter:data2\" content=\"7 minutos\" \/>\n<script type=\"application\/ld+json\" class=\"yoast-schema-graph\">{\"@context\":\"https:\/\/schema.org\",\"@graph\":[{\"@type\":\"Article\",\"@id\":\"https:\/\/www.escapadarural.com\/blog\/ruta-del-embutido-por-espana\/#article\",\"isPartOf\":{\"@id\":\"https:\/\/www.escapadarural.com\/blog\/ruta-del-embutido-por-espana\/\"},\"author\":{\"name\":\"Carmen L\u00f3pez\",\"@id\":\"https:\/\/www.escapadarural.com\/blog\/#\/schema\/person\/42dfdff6118172efc6a04c8ae599a2ce\"},\"headline\":\"Ruta del embutido por Espa\u00f1a, de norte a sur\",\"datePublished\":\"2020-09-15T13:21:06+00:00\",\"dateModified\":\"2025-03-12T15:10:49+00:00\",\"mainEntityOfPage\":{\"@id\":\"https:\/\/www.escapadarural.com\/blog\/ruta-del-embutido-por-espana\/\"},\"wordCount\":1340,\"commentCount\":0,\"publisher\":{\"@id\":\"https:\/\/www.escapadarural.com\/blog\/#organization\"},\"image\":{\"@id\":\"https:\/\/www.escapadarural.com\/blog\/ruta-del-embutido-por-espana\/#primaryimage\"},\"thumbnailUrl\":\"https:\/\/www.escapadarural.com\/blog\/wp-content\/uploads\/2020\/09\/embutido-iberico-de-carne-de-cerdo-chorizo-salami-salchichon-morcilla-lomo-lengua-con-navaja-artesanal-stockpack-adobe-stock-1024x683.jpg-1.webp\",\"keywords\":[\"androlla\",\"borono\",\"chiquillo\",\"chistorra\",\"chorizo de cantimpalos\",\"cuixot de menorca\",\"embutidos\",\"Extremadura\",\"Gastronom\u00eda\",\"gastronomia popular\",\"longaniza de aviles\",\"longaniza de graus\",\"morcilla de burgos\",\"morcilla patatera\",\"Murcia\"],\"articleSection\":[\"Arte y Cultura\",\"Rutas y excursiones\"],\"inLanguage\":\"es\",\"potentialAction\":[{\"@type\":\"CommentAction\",\"name\":\"Comment\",\"target\":[\"https:\/\/www.escapadarural.com\/blog\/ruta-del-embutido-por-espana\/#respond\"]}]},{\"@type\":\"WebPage\",\"@id\":\"https:\/\/www.escapadarural.com\/blog\/ruta-del-embutido-por-espana\/\",\"url\":\"https:\/\/www.escapadarural.com\/blog\/ruta-del-embutido-por-espana\/\",\"name\":\"Ruta del embutido por Espa\u00f1a, de norte a sur - EscapadaRural\",\"isPartOf\":{\"@id\":\"https:\/\/www.escapadarural.com\/blog\/#website\"},\"primaryImageOfPage\":{\"@id\":\"https:\/\/www.escapadarural.com\/blog\/ruta-del-embutido-por-espana\/#primaryimage\"},\"image\":{\"@id\":\"https:\/\/www.escapadarural.com\/blog\/ruta-del-embutido-por-espana\/#primaryimage\"},\"thumbnailUrl\":\"https:\/\/www.escapadarural.com\/blog\/wp-content\/uploads\/2020\/09\/embutido-iberico-de-carne-de-cerdo-chorizo-salami-salchichon-morcilla-lomo-lengua-con-navaja-artesanal-stockpack-adobe-stock-1024x683.jpg-1.webp\",\"datePublished\":\"2020-09-15T13:21:06+00:00\",\"dateModified\":\"2025-03-12T15:10:49+00:00\",\"breadcrumb\":{\"@id\":\"https:\/\/www.escapadarural.com\/blog\/ruta-del-embutido-por-espana\/#breadcrumb\"},\"inLanguage\":\"es\",\"potentialAction\":[{\"@type\":\"ReadAction\",\"target\":[\"https:\/\/www.escapadarural.com\/blog\/ruta-del-embutido-por-espana\/\"]}]},{\"@type\":\"ImageObject\",\"inLanguage\":\"es\",\"@id\":\"https:\/\/www.escapadarural.com\/blog\/ruta-del-embutido-por-espana\/#primaryimage\",\"url\":\"https:\/\/www.escapadarural.com\/blog\/wp-content\/uploads\/2020\/09\/embutido-iberico-de-carne-de-cerdo-chorizo-salami-salchichon-morcilla-lomo-lengua-con-navaja-artesanal-stockpack-adobe-stock-1024x683.jpg-1.webp\",\"contentUrl\":\"https:\/\/www.escapadarural.com\/blog\/wp-content\/uploads\/2020\/09\/embutido-iberico-de-carne-de-cerdo-chorizo-salami-salchichon-morcilla-lomo-lengua-con-navaja-artesanal-stockpack-adobe-stock-1024x683.jpg-1.webp\",\"width\":1024,\"height\":683,\"caption\":\"Embutido, chorizo. Por \u00c1ngel Simon\"},{\"@type\":\"BreadcrumbList\",\"@id\":\"https:\/\/www.escapadarural.com\/blog\/ruta-del-embutido-por-espana\/#breadcrumb\",\"itemListElement\":[{\"@type\":\"ListItem\",\"position\":1,\"name\":\"Inicio\",\"item\":\"https:\/\/www.escapadarural.com\/blog\/\"},{\"@type\":\"ListItem\",\"position\":2,\"name\":\"Arte y Cultura\",\"item\":\"https:\/\/www.escapadarural.com\/blog\/categoria\/arte-y-cultura\/\"},{\"@type\":\"ListItem\",\"position\":3,\"name\":\"Ruta del embutido por Espa\u00f1a, de norte a sur\"}]},{\"@type\":\"WebSite\",\"@id\":\"https:\/\/www.escapadarural.com\/blog\/#website\",\"url\":\"https:\/\/www.escapadarural.com\/blog\/\",\"name\":\"Blog de viajes | turismo rural, alojamientos e inspiraci\u00f3n\",\"description\":\"Alojamientos rurales e inspiraci\u00f3n para tus escapadas\",\"publisher\":{\"@id\":\"https:\/\/www.escapadarural.com\/blog\/#organization\"},\"alternateName\":\"Magazine de viajes de EscapadaRural\",\"potentialAction\":[{\"@type\":\"SearchAction\",\"target\":{\"@type\":\"EntryPoint\",\"urlTemplate\":\"https:\/\/www.escapadarural.com\/blog\/?s={search_term_string}\"},\"query-input\":{\"@type\":\"PropertyValueSpecification\",\"valueRequired\":true,\"valueName\":\"search_term_string\"}}],\"inLanguage\":\"es\"},{\"@type\":\"Organization\",\"@id\":\"https:\/\/www.escapadarural.com\/blog\/#organization\",\"name\":\"EscapadaRural\",\"url\":\"https:\/\/www.escapadarural.com\/blog\/\",\"logo\":{\"@type\":\"ImageObject\",\"inLanguage\":\"es\",\"@id\":\"https:\/\/www.escapadarural.com\/blog\/#\/schema\/logo\/image\/\",\"url\":\"https:\/\/www.escapadarural.com\/blog\/wp-content\/uploads\/2024\/10\/cropped-cropped-escapada-rural-icon-mag-3.png\",\"contentUrl\":\"https:\/\/www.escapadarural.com\/blog\/wp-content\/uploads\/2024\/10\/cropped-cropped-escapada-rural-icon-mag-3.png\",\"width\":512,\"height\":512,\"caption\":\"EscapadaRural\"},\"image\":{\"@id\":\"https:\/\/www.escapadarural.com\/blog\/#\/schema\/logo\/image\/\"},\"sameAs\":[\"https:\/\/www.facebook.com\/escapadarural\",\"https:\/\/www.instagram.com\/escapadarural\/\",\"https:\/\/www.youtube.com\/@escapadaruralcom\"]},{\"@type\":\"Person\",\"@id\":\"https:\/\/www.escapadarural.com\/blog\/#\/schema\/person\/42dfdff6118172efc6a04c8ae599a2ce\",\"name\":\"Carmen L\u00f3pez\",\"image\":{\"@type\":\"ImageObject\",\"inLanguage\":\"es\",\"@id\":\"https:\/\/www.escapadarural.com\/blog\/wp-content\/uploads\/2024\/11\/cropped-perfil_eldiario-96x96-1-96x96.jpeg\",\"url\":\"https:\/\/www.escapadarural.com\/blog\/wp-content\/uploads\/2024\/11\/cropped-perfil_eldiario-96x96-1-96x96.jpeg\",\"contentUrl\":\"https:\/\/www.escapadarural.com\/blog\/wp-content\/uploads\/2024\/11\/cropped-perfil_eldiario-96x96-1-96x96.jpeg\",\"caption\":\"Carmen L\u00f3pez\"},\"description\":\"Soy periodista y escribo sobre cosas que importan en sitios que interesan desde hace m\u00e1s de una d\u00e9cada.\",\"url\":\"https:\/\/www.escapadarural.com\/blog\/autor\/carmenlopez\/\"}]}<\/script>\n<!-- \/ Yoast SEO plugin. -->","yoast_head_json":{"title":"Ruta del embutido por Espa\u00f1a, de norte a sur - EscapadaRural","robots":{"index":"index","follow":"follow","max-snippet":"max-snippet:-1","max-image-preview":"max-image-preview:large","max-video-preview":"max-video-preview:-1"},"canonical":"https:\/\/www.escapadarural.com\/blog\/ruta-del-embutido-por-espana\/","og_locale":"es_ES","og_type":"article","og_title":"Ruta del embutido por Espa\u00f1a, de norte a sur - EscapadaRural","og_description":"Puede decirse que cada Comunidad Aut\u00f3noma tiene su propio embutido estrella. O m\u00e1s de uno, porque a veces cuesta decidir entre tanta variedad. Aqu\u00ed no aparecen todos los que hay (la lista ser\u00eda eterna), pero todos merecen una degustaci\u00f3n.","og_url":"https:\/\/www.escapadarural.com\/blog\/ruta-del-embutido-por-espana\/","og_site_name":"Magazine de viajes de EscapadaRural","article_publisher":"https:\/\/www.facebook.com\/escapadarural","article_published_time":"2020-09-15T13:21:06+00:00","article_modified_time":"2025-03-12T15:10:49+00:00","og_image":[{"width":1024,"height":683,"url":"https:\/\/www.escapadarural.com\/blog\/wp-content\/uploads\/2020\/09\/embutido-iberico-de-carne-de-cerdo-chorizo-salami-salchichon-morcilla-lomo-lengua-con-navaja-artesanal-stockpack-adobe-stock-1024x683.jpg-1.webp","type":"image\/webp"}],"author":"Carmen L\u00f3pez","twitter_card":"summary_large_image","twitter_misc":{"Escrito por":"Carmen L\u00f3pez","Tiempo de lectura":"7 minutos"},"schema":{"@context":"https:\/\/schema.org","@graph":[{"@type":"Article","@id":"https:\/\/www.escapadarural.com\/blog\/ruta-del-embutido-por-espana\/#article","isPartOf":{"@id":"https:\/\/www.escapadarural.com\/blog\/ruta-del-embutido-por-espana\/"},"author":{"name":"Carmen L\u00f3pez","@id":"https:\/\/www.escapadarural.com\/blog\/#\/schema\/person\/42dfdff6118172efc6a04c8ae599a2ce"},"headline":"Ruta del embutido por Espa\u00f1a, de norte a sur","datePublished":"2020-09-15T13:21:06+00:00","dateModified":"2025-03-12T15:10:49+00:00","mainEntityOfPage":{"@id":"https:\/\/www.escapadarural.com\/blog\/ruta-del-embutido-por-espana\/"},"wordCount":1340,"commentCount":0,"publisher":{"@id":"https:\/\/www.escapadarural.com\/blog\/#organization"},"image":{"@id":"https:\/\/www.escapadarural.com\/blog\/ruta-del-embutido-por-espana\/#primaryimage"},"thumbnailUrl":"https:\/\/www.escapadarural.com\/blog\/wp-content\/uploads\/2020\/09\/embutido-iberico-de-carne-de-cerdo-chorizo-salami-salchichon-morcilla-lomo-lengua-con-navaja-artesanal-stockpack-adobe-stock-1024x683.jpg-1.webp","keywords":["androlla","borono","chiquillo","chistorra","chorizo de cantimpalos","cuixot de menorca","embutidos","Extremadura","Gastronom\u00eda","gastronomia popular","longaniza de aviles","longaniza de graus","morcilla de burgos","morcilla patatera","Murcia"],"articleSection":["Arte y Cultura","Rutas y excursiones"],"inLanguage":"es","potentialAction":[{"@type":"CommentAction","name":"Comment","target":["https:\/\/www.escapadarural.com\/blog\/ruta-del-embutido-por-espana\/#respond"]}]},{"@type":"WebPage","@id":"https:\/\/www.escapadarural.com\/blog\/ruta-del-embutido-por-espana\/","url":"https:\/\/www.escapadarural.com\/blog\/ruta-del-embutido-por-espana\/","name":"Ruta del embutido por Espa\u00f1a, de norte a sur - EscapadaRural","isPartOf":{"@id":"https:\/\/www.escapadarural.com\/blog\/#website"},"primaryImageOfPage":{"@id":"https:\/\/www.escapadarural.com\/blog\/ruta-del-embutido-por-espana\/#primaryimage"},"image":{"@id":"https:\/\/www.escapadarural.com\/blog\/ruta-del-embutido-por-espana\/#primaryimage"},"thumbnailUrl":"https:\/\/www.escapadarural.com\/blog\/wp-content\/uploads\/2020\/09\/embutido-iberico-de-carne-de-cerdo-chorizo-salami-salchichon-morcilla-lomo-lengua-con-navaja-artesanal-stockpack-adobe-stock-1024x683.jpg-1.webp","datePublished":"2020-09-15T13:21:06+00:00","dateModified":"2025-03-12T15:10:49+00:00","breadcrumb":{"@id":"https:\/\/www.escapadarural.com\/blog\/ruta-del-embutido-por-espana\/#breadcrumb"},"inLanguage":"es","potentialAction":[{"@type":"ReadAction","target":["https:\/\/www.escapadarural.com\/blog\/ruta-del-embutido-por-espana\/"]}]},{"@type":"ImageObject","inLanguage":"es","@id":"https:\/\/www.escapadarural.com\/blog\/ruta-del-embutido-por-espana\/#primaryimage","url":"https:\/\/www.escapadarural.com\/blog\/wp-content\/uploads\/2020\/09\/embutido-iberico-de-carne-de-cerdo-chorizo-salami-salchichon-morcilla-lomo-lengua-con-navaja-artesanal-stockpack-adobe-stock-1024x683.jpg-1.webp","contentUrl":"https:\/\/www.escapadarural.com\/blog\/wp-content\/uploads\/2020\/09\/embutido-iberico-de-carne-de-cerdo-chorizo-salami-salchichon-morcilla-lomo-lengua-con-navaja-artesanal-stockpack-adobe-stock-1024x683.jpg-1.webp","width":1024,"height":683,"caption":"Embutido, chorizo. Por \u00c1ngel Simon"},{"@type":"BreadcrumbList","@id":"https:\/\/www.escapadarural.com\/blog\/ruta-del-embutido-por-espana\/#breadcrumb","itemListElement":[{"@type":"ListItem","position":1,"name":"Inicio","item":"https:\/\/www.escapadarural.com\/blog\/"},{"@type":"ListItem","position":2,"name":"Arte y Cultura","item":"https:\/\/www.escapadarural.com\/blog\/categoria\/arte-y-cultura\/"},{"@type":"ListItem","position":3,"name":"Ruta del embutido por Espa\u00f1a, de norte a sur"}]},{"@type":"WebSite","@id":"https:\/\/www.escapadarural.com\/blog\/#website","url":"https:\/\/www.escapadarural.com\/blog\/","name":"Blog de viajes | turismo rural, alojamientos e inspiraci\u00f3n","description":"Alojamientos rurales e inspiraci\u00f3n para tus escapadas","publisher":{"@id":"https:\/\/www.escapadarural.com\/blog\/#organization"},"alternateName":"Magazine de viajes de EscapadaRural","potentialAction":[{"@type":"SearchAction","target":{"@type":"EntryPoint","urlTemplate":"https:\/\/www.escapadarural.com\/blog\/?s={search_term_string}"},"query-input":{"@type":"PropertyValueSpecification","valueRequired":true,"valueName":"search_term_string"}}],"inLanguage":"es"},{"@type":"Organization","@id":"https:\/\/www.escapadarural.com\/blog\/#organization","name":"EscapadaRural","url":"https:\/\/www.escapadarural.com\/blog\/","logo":{"@type":"ImageObject","inLanguage":"es","@id":"https:\/\/www.escapadarural.com\/blog\/#\/schema\/logo\/image\/","url":"https:\/\/www.escapadarural.com\/blog\/wp-content\/uploads\/2024\/10\/cropped-cropped-escapada-rural-icon-mag-3.png","contentUrl":"https:\/\/www.escapadarural.com\/blog\/wp-content\/uploads\/2024\/10\/cropped-cropped-escapada-rural-icon-mag-3.png","width":512,"height":512,"caption":"EscapadaRural"},"image":{"@id":"https:\/\/www.escapadarural.com\/blog\/#\/schema\/logo\/image\/"},"sameAs":["https:\/\/www.facebook.com\/escapadarural","https:\/\/www.instagram.com\/escapadarural\/","https:\/\/www.youtube.com\/@escapadaruralcom"]},{"@type":"Person","@id":"https:\/\/www.escapadarural.com\/blog\/#\/schema\/person\/42dfdff6118172efc6a04c8ae599a2ce","name":"Carmen L\u00f3pez","image":{"@type":"ImageObject","inLanguage":"es","@id":"https:\/\/www.escapadarural.com\/blog\/wp-content\/uploads\/2024\/11\/cropped-perfil_eldiario-96x96-1-96x96.jpeg","url":"https:\/\/www.escapadarural.com\/blog\/wp-content\/uploads\/2024\/11\/cropped-perfil_eldiario-96x96-1-96x96.jpeg","contentUrl":"https:\/\/www.escapadarural.com\/blog\/wp-content\/uploads\/2024\/11\/cropped-perfil_eldiario-96x96-1-96x96.jpeg","caption":"Carmen L\u00f3pez"},"description":"Soy periodista y escribo sobre cosas que importan en sitios que interesan desde hace m\u00e1s de una d\u00e9cada.","url":"https:\/\/www.escapadarural.com\/blog\/autor\/carmenlopez\/"}]}},"_links":{"self":[{"href":"https:\/\/www.escapadarural.com\/blog\/wp-json\/wp\/v2\/posts\/28150","targetHints":{"allow":["GET"]}}],"collection":[{"href":"https:\/\/www.escapadarural.com\/blog\/wp-json\/wp\/v2\/posts"}],"about":[{"href":"https:\/\/www.escapadarural.com\/blog\/wp-json\/wp\/v2\/types\/post"}],"author":[{"embeddable":true,"href":"https:\/\/www.escapadarural.com\/blog\/wp-json\/wp\/v2\/users\/114"}],"replies":[{"embeddable":true,"href":"https:\/\/www.escapadarural.com\/blog\/wp-json\/wp\/v2\/comments?post=28150"}],"version-history":[{"count":0,"href":"https:\/\/www.escapadarural.com\/blog\/wp-json\/wp\/v2\/posts\/28150\/revisions"}],"wp:featuredmedia":[{"embeddable":true,"href":"https:\/\/www.escapadarural.com\/blog\/wp-json\/wp\/v2\/media\/196678"}],"wp:attachment":[{"href":"https:\/\/www.escapadarural.com\/blog\/wp-json\/wp\/v2\/media?parent=28150"}],"wp:term":[{"taxonomy":"category","embeddable":true,"href":"https:\/\/www.escapadarural.com\/blog\/wp-json\/wp\/v2\/categories?post=28150"},{"taxonomy":"post_tag","embeddable":true,"href":"https:\/\/www.escapadarural.com\/blog\/wp-json\/wp\/v2\/tags?post=28150"}],"curies":[{"name":"wp","href":"https:\/\/api.w.org\/{rel}","templated":true}]}}