{"id":29241,"date":"2020-10-27T08:15:00","date_gmt":"2020-10-27T07:15:00","guid":{"rendered":"https:\/\/www.escapadarural.com\/blog\/?p=29241"},"modified":"2024-12-23T18:42:40","modified_gmt":"2024-12-23T16:42:40","slug":"volver-al-pueblo-una-idea-de-cine","status":"publish","type":"post","link":"https:\/\/www.escapadarural.com\/blog\/volver-al-pueblo-una-idea-de-cine\/","title":{"rendered":"Volver al pueblo: una idea de cine"},"content":{"rendered":"\n<figure class=\"wp-block-image size-large\"><a href=\"https:\/\/www.escapadarural.com\/blog\/wp-content\/uploads\/2020\/10\/AdobeStock_298713269-scaled.jpeg\"><img decoding=\"async\" src=\"https:\/\/www.escapadarural.com\/blog\/wp-content\/uploads\/2020\/10\/AdobeStock_298713269-1024x683.jpeg\" alt=\"Santa Catalina de Somosa\" class=\"wp-image-32893\"\/><\/a><figcaption>Santa Catalina de Somosa. Por&nbsp;<a href=\"https:\/\/stock.adobe.com\/es\/contributor\/208145382\/max-maximov?load_type=author&amp;prev_url=detail\" target=\"_blank\">Max Maximov<\/a><\/figcaption><\/figure>\n\n\n\n<p>\u00daltima semana del mes de julio de 2020, el verano del coronavirus. Un grupo de diez amigos treinta\u00f1eros disfruta de una barbacoa en el jard\u00edn de uno de ellos en <a href=\"https:\/\/www.escapadarural.com\/casas-rurales\/sopela\" class=\"rank-math-link\">Sopela<\/a>, <a class=\"rank-math-link\" href=\"https:\/\/www.escapadarural.com\/casas-rurales\/vizcaya\">Vizcaya<\/a> (es una situaci\u00f3n real, no una hip\u00f3tesis). Todos son vascos. Hace tres a\u00f1os, tres de ellos viv\u00edan en Barcelona, pero fueron volviendo de manera escalonada al <a class=\"rank-math-link\" href=\"https:\/\/www.escapadarural.com\/casas-rurales\/pais-vasco\">Pa\u00eds Vasco<\/a>. <strong>Echaban de menos su tierra y su calidad de vida<\/strong>.<\/p>\n\n\n\n<p>La pareja de la pandilla, que espera un beb\u00e9, vive oficialmente en <a href=\"https:\/\/www.escapadarural.com\/casas-rurales?l=barcelona\">Barcelona<\/a> pero no tiene pensado volver hasta que la crisis sanitaria amaine: ambos <strong>pueden teletrabajar y tienen casa en el pueblo<\/strong>. Hay otros dos que tambi\u00e9n viven en la capital catalana, pero la idea de regresar a su lugar de origen cada vez es m\u00e1s potente. Y el par que falta para completar el recuento, aunque viajan por temas laborales, nunca dej\u00f3 su tierra porque como all\u00ed no se vive en ning\u00fan lado.&nbsp;<\/p>\n\n\n\n<p>Por supuesto, no son una muestra representativa de toda la sociedad (pertenecen a la misma clase social, son del mismo sitio, tienen la misma edad) pero a grosso modo s\u00ed <strong>reflejan una tendencia que ha tomado fuerza en la pandemia<\/strong>: el \u00e9xodo de las grandes ciudades.&nbsp;<\/p>\n\n\n\n<p>Antes de la crisis del coronavirus los alquileres desorbitados, el coste de la vida diaria, la contaminaci\u00f3n o las dificultades para conciliar vida laboral y personal (perder dos horas al d\u00eda en ir y volver del trabajo a casa es habitual en una ciudad como Madrid, por ejemplo) ya hab\u00edan provocado que muchas familias optasen por <strong>buscar su hogar en ciudades peque\u00f1as o en pueblos<\/strong>.<\/p>\n\n\n\n<p>Pero con el ataque de la COVID-19, la propensi\u00f3n se ha disparado. Solo hay que echar una ojeada en Twitter para leer comentarios de usuarios que se despiden de la gran ciudad y ya se han hecho reportajes sobre el tema en los informativos televisivos y en la prensa escrita.&nbsp;<\/p>\n\n\n\n<figure class=\"wp-block-image size-large\"><a href=\"https:\/\/www.escapadarural.com\/blog\/wp-content\/uploads\/2020\/10\/ovejasnopierden-el-tren.jpg\"><img decoding=\"async\" src=\"https:\/\/www.escapadarural.com\/blog\/wp-content\/uploads\/2020\/10\/ovejasnopierden-el-tren.jpg\" alt=\"\" class=\"wp-image-32890\"\/><\/a><figcaption>Fotograma de Las ovejas no pierden el tren<\/figcaption><\/figure>\n\n\n\n<p>Y no solo est\u00e1 ocurriendo en Espa\u00f1a: hace unas semanas el famoso emprendedor-escritor-ajedrecista\u2013podcaster estadounidense James Altucher escribi\u00f3 un post en su <a class=\"rank-math-link\" href=\"https:\/\/jamesaltucher.com\/blog\/nyc-is-dead-forever-heres-why\/\" target=\"_blank\">p\u00e1gina web<\/a> afirmando que \u201cNueva York est\u00e1 muerta\u201d.<\/p>\n\n\n\n<p>Su argumentaci\u00f3n es, b\u00e1sicamente, que <strong>el estilo de vida que \u00e9l llevaba en la ciudad y que la hac\u00eda atractiva se ha suspendido por la pandemia<\/strong> y que, por lo tanto, ya no merece la pena vivir all\u00ed. Su post se hizo viral, aunque otro gran amante Gran Manzana le contest\u00f3 que se callase la boca y se dejase de frusler\u00edas.&nbsp;<\/p>\n\n\n\n<p>No fue otro que Jerry Seinfeld: \u201clo \u00faltimo que necesitamos en medio de tantos desaf\u00edos es que un tipo en LinkedIn est\u00e9 quej\u00e1ndose y lloriqueando porque: \u201c\u00a1Todos se fueron! \u00a1Quiero que regrese el 2019!\u201d. Por supuesto, su texto tambi\u00e9n se hizo viral (Altucher puede tener seguidores pero, en fin, no es Jerry Seinfeld).<\/p>\n\n\n\n<p>Para los que decidan decir adi\u00f3s a la urbe e <strong>instalarse en un entorno rural<\/strong> \u2013no en una peque\u00f1a ciudad de provincias sino en un pueblo\u2013 se abre un importante interrogante <strong>\u00bfser\u00e1 como nos lo imagin\u00e1bamos?<\/strong> \u00bfo cuando llegue el invierno nos estaremos arrepintiendo? Porque una cosa es proyectar un futuro buc\u00f3lico y otra es vivirlo. Seguramente los vecinos asistan divertidos a esa revelaci\u00f3n.<\/p>\n\n\n\n<p>El cine espa\u00f1ol ya ha reflexionado sobre el tema. Principalmente en clave de tragicomedia \u2013dependiendo del director tiene m\u00e1s de una o de otra\u2013 pero generalmente las historias consiguen arrancar sino risas, sonrisas. A lo mejor no sirve para tomar la decisi\u00f3n de irse o quedarse, pero s\u00ed para pasar un buen rato entretenido y pensar un poco. Y para aprender, porque <strong>de la cultura siempre se extrae algo valioso<\/strong>.<\/p>\n\n\n\n<h2 class=\"wp-block-heading\"><strong><em>La flor de mi secreto<\/em> (Pedro Almod\u00f3var, 1995)<\/strong><\/h2>\n\n\n\n<figure class=\"wp-block-image size-large\"><img decoding=\"async\" src=\"https:\/\/www.escapadarural.com\/blog\/wp-content\/uploads\/2020\/07\/almagro-8.jpg\" alt=\"\" class=\"wp-image-24407\"\/><figcaption>Por Turismo Castilla-La Mancha<\/figcaption><\/figure>\n\n\n\n<p>Pocos realizadores han difundido los paisajes y la cultura propia de <a class=\"rank-math-link\" href=\"https:\/\/www.escapadarural.com\/casas-rurales\/castilla-la-mancha\">Castilla La-Mancha<\/a>, <strong>su tierra de origen<\/strong>, como Pedro Almod\u00f3var. Uno de los pueblos que m\u00e1s ha aparecido en los fotogramas de sus pel\u00edculas es <a href=\"https:\/\/www.escapadarural.com\/casas-rurales\/almagro\" class=\"rank-math-link\">Almagro<\/a>, en <a class=\"rank-math-link\" href=\"https:\/\/www.escapadarural.com\/casas-rurales\/ciudad-real\">Ciudad Real<\/a>: sus paredes salen en <em>Volver<\/em> (2006) y en <em>La flor de mi secreto<\/em>.&nbsp;<\/p>\n\n\n\n<p>En la segunda, la protagonista, Leo Mac\u00edas, regresa al pueblo con su madre despu\u00e9s de un desenga\u00f1o amoroso que la ha dejado incapacitada para llevar una vida funcional. All\u00ed, rodeada de las vecinas de toda la vida, recupera el \u00e1nimo entre labores de bordado e historias de familiares.&nbsp;<\/p>\n\n\n\n<p>Incluso en una escena, el grupo de mujeres entona la canci\u00f3n <em>Soy de Almagro<\/em>. <strong>La vuelta a la aldea le sirve a la protagonista de terapia<\/strong>, le aporte un cambio de perspectiva que le ayuda a retomar las riendas de su vida.&nbsp;<\/p>\n\n\n\n<figure class=\"wp-block-embed-youtube wp-block-embed is-type-video is-provider-youtube wp-embed-aspect-16-9 wp-has-aspect-ratio\"><div class=\"wp-block-embed__wrapper\">\n<span class=\"yEMLekDjthqVSw7z8dBmra3X6Q10OlHiAZPg95WRs4Nvopn2\"><div class=\"video-shortcode\"><iframe title=\"La flor de mi secreto. Soy de Almagro\" width=\"1200\" height=\"675\" src=\"https:\/\/www.youtube.com\/embed\/XaJL4QmuTMA?feature=oembed\" frameborder=\"0\" allow=\"accelerometer; autoplay; clipboard-write; encrypted-media; gyroscope; picture-in-picture; web-share\" referrerpolicy=\"strict-origin-when-cross-origin\" allowfullscreen><\/iframe><\/div><\/span>\n<\/div><\/figure>\n\n\n\n<h2 class=\"wp-block-heading\"><strong><em>Las ovejas no pierden el tren<\/em> (\u00c1lvaro Fern\u00e1ndez Armero, 2015)<\/strong><\/h2>\n\n\n\n<figure class=\"wp-block-image size-large\"><img decoding=\"async\" src=\"https:\/\/www.escapadarural.com\/blog\/wp-content\/uploads\/2020\/10\/Valdeprados_02_iglesia_by-dpc-1024x678.jpg\" alt=\"Valdeprados\" class=\"wp-image-32878\"\/><figcaption>Valdeprados. Por <a href=\"https:\/\/commons.wikimedia.org\/wiki\/User:David_Perez\" target=\"_blank\">David Perez<\/a>&nbsp;<\/figcaption><\/figure>\n\n\n\n<p>Luisa y Alberto, una pareja con un ni\u00f1o peque\u00f1o, se van a vivir a <a class=\"rank-math-link\" href=\"https:\/\/www.escapadarural.com\/casas-rurales?l=valdeprados\">Valdeprados<\/a>, un pueblo de <a href=\"https:\/\/www.escapadarural.com\/casas-rurales\/segovia\">Segovia<\/a> \u2018obligados\u2019 por su situaci\u00f3n econ\u00f3mica. \u00c9l fue un escritor revelaci\u00f3n en su primera juventud, pero desde su novela debut no ha vuelto a publicar nada.&nbsp;<\/p>\n\n\n\n<p>Ella tiene una academia de dise\u00f1o de moda en <a href=\"https:\/\/www.escapadarural.com\/casas-rurales?l=madrid\">Madrid<\/a> que tampoco va viento en popa, aunque mantiene el \u00e1nimo y el objetivo de tener un segundo hijo que tarda en llegar. Adem\u00e1s, ambos lidian con los problemas de sus respectivas familias.<\/p>\n\n\n\n<p>Alberto pasa los d\u00edas intentando empezar un nuevo libro, pero <strong>no se acostumbra a la vida en el campo<\/strong>. Tiene fr\u00edo, se aburre y su car\u00e1cter cada vez es m\u00e1s arisco. Pero un vecino, ganadero y agricultor, acaba descubri\u00e9ndole una nueva vocaci\u00f3n y se reconcilia con su nueva realidad. Pese a lo negativa que pueda parecer la trama es una comedia emotiva que reflexiona sobre lo positivos que pueden ser los cambios y, por qu\u00e9 no, las <strong>bondades del entorno rural<\/strong>.<\/p>\n\n\n\n<figure class=\"wp-block-embed-youtube wp-block-embed is-type-video is-provider-youtube wp-embed-aspect-16-9 wp-has-aspect-ratio\"><div class=\"wp-block-embed__wrapper\">\nhttps:\/\/www.youtube.com\/watch?v=VFkTkceZ7Ew\n<\/div><\/figure>\n\n\n\n<h2 class=\"wp-block-heading\"><strong><em>La torre de Suso<\/em> (Tom Fern\u00e1ndez, 2007)<\/strong><\/h2>\n\n\n\n<figure class=\"wp-block-image size-large\"><a href=\"https:\/\/www.escapadarural.com\/blog\/wp-content\/uploads\/2020\/10\/AdobeStock_378845679-scaled.jpeg\"><img decoding=\"async\" src=\"https:\/\/www.escapadarural.com\/blog\/wp-content\/uploads\/2020\/10\/AdobeStock_378845679-1024x683.jpeg\" alt=\"Mieres\" class=\"wp-image-32884\"\/><\/a><figcaption>Mieres. Por&nbsp;<a href=\"https:\/\/stock.adobe.com\/es\/contributor\/203442435\/pixs-sell?load_type=author&amp;prev_url=detail\" target=\"_blank\">pixs:sell<\/a><\/figcaption><\/figure>\n\n\n\n<p>Cundo es un asturiano treinta\u00f1ero emigrado a Argentina que, despu\u00e9s de diez a\u00f1os, <strong>vuelve a su tierra natal<\/strong> (concretamente a la Cuenca Minera de <a href=\"https:\/\/www.escapadarural.com\/casas-rurales\/asturias\" class=\"rank-math-link\">Asturias<\/a>) cuando muere su amigo Suso, el primero de la pandilla en fallecer. Al regresar se encuentra con una realidad parecida a la que dej\u00f3 al marcharse, pero diferente. Es lo que tiene el paso del tiempo.<\/p>\n\n\n\n<p>El objetivo del reencuentro es terminar el proyecto de Suso, construir una torre de madera al lado de su casa para poder \u201cver las cosas desde arriba\u201d. Es una historia sobre amistad, sobre hacerse mayor, sobre valorar las cosas que importan y sobre entender que <strong>no hace falta irse tan lejos para encontrar lo que se busca<\/strong>. La pel\u00edcula se rod\u00f3 en <a href=\"https:\/\/www.escapadarural.com\/casas-rurales\/mieres\" class=\"rank-math-link\">Mieres<\/a> y <a href=\"https:\/\/www.escapadarural.com\/casas-rurales\/aller\" class=\"rank-math-link\">Aller<\/a>, entre otros sitios y obtuvo tres nominaciones a los premios Goya.&nbsp;<\/p>\n\n\n\n<figure class=\"wp-block-embed-youtube wp-block-embed is-type-video is-provider-youtube wp-embed-aspect-4-3 wp-has-aspect-ratio\"><div class=\"wp-block-embed__wrapper\">\n<span class=\"LHeHftye3Ki8aEu9dM2NCTYV9ZOtzDj7fPcUTkhB8FPgdsWp0lIJqkwvcabj0x6oUwS\"><div class=\"video-shortcode\"><iframe title=\"La Torre de Suso - Tr\u00e1iler\" width=\"1200\" height=\"900\" src=\"https:\/\/www.youtube.com\/embed\/1wx9mbiftoY?feature=oembed\" frameborder=\"0\" allow=\"accelerometer; autoplay; clipboard-write; encrypted-media; gyroscope; picture-in-picture; web-share\" referrerpolicy=\"strict-origin-when-cross-origin\" allowfullscreen><\/iframe><\/div><\/span>\n<\/div><\/figure>\n\n\n\n<h2 class=\"wp-block-heading\"><strong><em>Primos<\/em> (Daniel S\u00e1nchez Ar\u00e9valo, 2011)<\/strong><\/h2>\n\n\n\n<figure class=\"wp-block-image size-large\"><a href=\"https:\/\/www.escapadarural.com\/blog\/wp-content\/uploads\/2020\/07\/el-capricho-in-comillas-spain-stockpack-adobe-stock-1-scaled.jpg\"><img decoding=\"async\" src=\"https:\/\/www.escapadarural.com\/blog\/wp-content\/uploads\/2020\/07\/el-capricho-in-comillas-spain-stockpack-adobe-stock-1-1024x684.jpg\" alt=\"El Capricho en Comillas, Spain\" class=\"wp-image-25716\"\/><\/a><figcaption>El Capricho en Comillas. Por saiko3p<\/figcaption><\/figure>\n\n\n\n<p>El d\u00eda de su boda, Diego anuncia a sus invitados que su novia no va a aparecer. Era algo que les ten\u00eda que haber comunicado antes porque ya hab\u00edan roto, pero no lo hizo. Con esa espinosa situaci\u00f3n comienza una pel\u00edcula que seguramente haga a muchos espectadores retroceder a los veranos de su adolescencia.<\/p>\n\n\n\n<p>Con una buena dosis de alcohol en el cuerpo, Diego y sus dos primos deciden plantarse en <a href=\"https:\/\/www.escapadarural.com\/casas-rurales\/comillas\" class=\"rank-math-link\">Comillas, <\/a><strong>el pueblo en el que pasaron los veranos de su infancia<\/strong> y donde a\u00fan vive el primer amor del protagonista. Como en toda buena comedia rom\u00e1ntica hay enredos, amores paralelos, malentendidos, alguna l\u00e1grima y muchas situaciones hilarantes.<\/p>\n\n\n\n<p>Los tres protagonistas tambi\u00e9n se reconcilian con su pasado y su presente (est\u00e1 visto que en las pel\u00edculas sobre la vuelta al pueblo este es un tema recurrente) y ponen las cosas en una balanza. Puede que la ciudad est\u00e9 bien, pero <strong>comerse cada d\u00eda un buen sobao c\u00e1ntabro para desayunar quiz\u00e1 merezca m\u00e1s la pena<\/strong>.<\/p>\n\n\n\n<figure class=\"wp-block-embed-youtube wp-block-embed is-type-video is-provider-youtube wp-embed-aspect-16-9 wp-has-aspect-ratio\"><div class=\"wp-block-embed__wrapper\">\n<span class=\"UjaCHIxqfeS1F0sD5U8uKeprvQ7E6MAjNhCv2B94zMTXQ3GDTaVPXSpoA7rd4bOOwVlnxtfFsYliG0y6wgKLJWHm9PcERRo8Iu\"><div class=\"video-shortcode\"><iframe title=\"Primos - Trailer HD\" width=\"1200\" height=\"675\" src=\"https:\/\/www.youtube.com\/embed\/QtGZAtmovt4?feature=oembed\" frameborder=\"0\" allow=\"accelerometer; autoplay; clipboard-write; encrypted-media; gyroscope; picture-in-picture; web-share\" referrerpolicy=\"strict-origin-when-cross-origin\" allowfullscreen><\/iframe><\/div><\/span>\n<\/div><\/figure>\n","protected":false},"excerpt":{"rendered":"<p>El \u00e9xodo de las grandes ciudades es una idea que tomado fuerza durante la pandemia.  los alquileres desorbitados, el coste de la vida diaria, la contaminaci\u00f3n o las dificultades para conciliar vida laboral y personal ya hab\u00edan provocado que muchas familias optasen por buscar su hogar en ciudades peque\u00f1as o en pueblos.<\/p>\n","protected":false},"author":114,"featured_media":102749,"comment_status":"open","ping_status":"open","sticky":false,"template":"","format":"standard","meta":{"_acf_changed":false,"om_disable_all_campaigns":false,"footnotes":""},"categories":[231],"tags":[2886,863,2887,294,215,2888,2889,499,350,2890],"class_list":["post-29241","post","type-post","status-publish","format-standard","has-post-thumbnail","hentry","category-arte-y-cultura","tag-aller","tag-cine","tag-comillas","tag-cultura","tag-listado","tag-mieres","tag-pedro-almodovar","tag-pueblo","tag-que-ver-en-segovia","tag-valdeprados"],"acf":[],"featured_image_src":"https:\/\/www.escapadarural.com\/blog\/wp-content\/uploads\/2024\/10\/AdobeStock_298713269-1024x683-3.jpeg","author_info":{"display_name":"Carmen L\u00f3pez","author_link":"https:\/\/www.escapadarural.com\/blog\/autor\/carmenlopez\/"},"yoast_head":"<!-- This site is optimized with the Yoast SEO plugin v27.5 - https:\/\/yoast.com\/product\/yoast-seo-wordpress\/ -->\n<title>Volver al pueblo: una idea de cine - EscapadaRural<\/title>\n<meta name=\"robots\" content=\"index, follow, max-snippet:-1, max-image-preview:large, max-video-preview:-1\" \/>\n<link rel=\"canonical\" href=\"https:\/\/www.escapadarural.com\/blog\/volver-al-pueblo-una-idea-de-cine\/\" \/>\n<meta property=\"og:locale\" content=\"es_ES\" \/>\n<meta property=\"og:type\" content=\"article\" \/>\n<meta property=\"og:title\" content=\"Volver al pueblo: una idea de cine - EscapadaRural\" \/>\n<meta property=\"og:description\" content=\"El \u00e9xodo de las grandes ciudades es una idea que tomado fuerza durante la pandemia. los alquileres desorbitados, el coste de la vida diaria, la contaminaci\u00f3n o las dificultades para conciliar vida laboral y personal ya hab\u00edan provocado que muchas familias optasen por buscar su hogar en ciudades peque\u00f1as o en pueblos.\" \/>\n<meta property=\"og:url\" content=\"https:\/\/www.escapadarural.com\/blog\/volver-al-pueblo-una-idea-de-cine\/\" \/>\n<meta property=\"og:site_name\" content=\"Magazine de viajes de EscapadaRural\" \/>\n<meta property=\"article:publisher\" content=\"https:\/\/www.facebook.com\/escapadarural\" \/>\n<meta property=\"article:published_time\" content=\"2020-10-27T07:15:00+00:00\" \/>\n<meta property=\"article:modified_time\" content=\"2024-12-23T16:42:40+00:00\" \/>\n<meta property=\"og:image\" content=\"https:\/\/www.escapadarural.com\/blog\/wp-content\/uploads\/2024\/10\/AdobeStock_298713269-1024x683-3.jpeg\" \/>\n\t<meta property=\"og:image:width\" content=\"1024\" \/>\n\t<meta property=\"og:image:height\" content=\"683\" \/>\n\t<meta property=\"og:image:type\" content=\"image\/jpeg\" \/>\n<meta name=\"author\" content=\"Carmen L\u00f3pez\" \/>\n<meta name=\"twitter:card\" content=\"summary_large_image\" \/>\n<meta name=\"twitter:label1\" content=\"Escrito por\" \/>\n\t<meta name=\"twitter:data1\" content=\"Carmen L\u00f3pez\" \/>\n\t<meta name=\"twitter:label2\" content=\"Tiempo de lectura\" \/>\n\t<meta name=\"twitter:data2\" content=\"7 minutos\" \/>\n<script type=\"application\/ld+json\" class=\"yoast-schema-graph\">{\"@context\":\"https:\\\/\\\/schema.org\",\"@graph\":[{\"@type\":\"Article\",\"@id\":\"https:\\\/\\\/www.escapadarural.com\\\/blog\\\/volver-al-pueblo-una-idea-de-cine\\\/#article\",\"isPartOf\":{\"@id\":\"https:\\\/\\\/www.escapadarural.com\\\/blog\\\/volver-al-pueblo-una-idea-de-cine\\\/\"},\"author\":{\"name\":\"Carmen L\u00f3pez\",\"@id\":\"https:\\\/\\\/www.escapadarural.com\\\/blog\\\/#\\\/schema\\\/person\\\/42dfdff6118172efc6a04c8ae599a2ce\"},\"headline\":\"Volver al pueblo: una idea de cine\",\"datePublished\":\"2020-10-27T07:15:00+00:00\",\"dateModified\":\"2024-12-23T16:42:40+00:00\",\"mainEntityOfPage\":{\"@id\":\"https:\\\/\\\/www.escapadarural.com\\\/blog\\\/volver-al-pueblo-una-idea-de-cine\\\/\"},\"wordCount\":1386,\"commentCount\":0,\"publisher\":{\"@id\":\"https:\\\/\\\/www.escapadarural.com\\\/blog\\\/#organization\"},\"image\":{\"@id\":\"https:\\\/\\\/www.escapadarural.com\\\/blog\\\/volver-al-pueblo-una-idea-de-cine\\\/#primaryimage\"},\"thumbnailUrl\":\"https:\\\/\\\/www.escapadarural.com\\\/blog\\\/wp-content\\\/uploads\\\/2024\\\/10\\\/AdobeStock_298713269-1024x683-3.jpeg\",\"keywords\":[\"aller\",\"Cine\",\"Comillas\",\"cultura\",\"Listado\",\"mieres\",\"pedro almodovar\",\"pueblo\",\"Segovia\",\"valdeprados\"],\"articleSection\":[\"Arte y Cultura\"],\"inLanguage\":\"es\",\"potentialAction\":[{\"@type\":\"CommentAction\",\"name\":\"Comment\",\"target\":[\"https:\\\/\\\/www.escapadarural.com\\\/blog\\\/volver-al-pueblo-una-idea-de-cine\\\/#respond\"]}]},{\"@type\":\"WebPage\",\"@id\":\"https:\\\/\\\/www.escapadarural.com\\\/blog\\\/volver-al-pueblo-una-idea-de-cine\\\/\",\"url\":\"https:\\\/\\\/www.escapadarural.com\\\/blog\\\/volver-al-pueblo-una-idea-de-cine\\\/\",\"name\":\"Volver al pueblo: una idea de cine - EscapadaRural\",\"isPartOf\":{\"@id\":\"https:\\\/\\\/www.escapadarural.com\\\/blog\\\/#website\"},\"primaryImageOfPage\":{\"@id\":\"https:\\\/\\\/www.escapadarural.com\\\/blog\\\/volver-al-pueblo-una-idea-de-cine\\\/#primaryimage\"},\"image\":{\"@id\":\"https:\\\/\\\/www.escapadarural.com\\\/blog\\\/volver-al-pueblo-una-idea-de-cine\\\/#primaryimage\"},\"thumbnailUrl\":\"https:\\\/\\\/www.escapadarural.com\\\/blog\\\/wp-content\\\/uploads\\\/2024\\\/10\\\/AdobeStock_298713269-1024x683-3.jpeg\",\"datePublished\":\"2020-10-27T07:15:00+00:00\",\"dateModified\":\"2024-12-23T16:42:40+00:00\",\"breadcrumb\":{\"@id\":\"https:\\\/\\\/www.escapadarural.com\\\/blog\\\/volver-al-pueblo-una-idea-de-cine\\\/#breadcrumb\"},\"inLanguage\":\"es\",\"potentialAction\":[{\"@type\":\"ReadAction\",\"target\":[\"https:\\\/\\\/www.escapadarural.com\\\/blog\\\/volver-al-pueblo-una-idea-de-cine\\\/\"]}]},{\"@type\":\"ImageObject\",\"inLanguage\":\"es\",\"@id\":\"https:\\\/\\\/www.escapadarural.com\\\/blog\\\/volver-al-pueblo-una-idea-de-cine\\\/#primaryimage\",\"url\":\"https:\\\/\\\/www.escapadarural.com\\\/blog\\\/wp-content\\\/uploads\\\/2024\\\/10\\\/AdobeStock_298713269-1024x683-3.jpeg\",\"contentUrl\":\"https:\\\/\\\/www.escapadarural.com\\\/blog\\\/wp-content\\\/uploads\\\/2024\\\/10\\\/AdobeStock_298713269-1024x683-3.jpeg\",\"width\":1024,\"height\":683,\"caption\":\"Tres personas con mochilas caminan por un sendero de tierra hacia un pueblo con edificios de tejados rojos y una torre de iglesia, rodeado de arbustos y colinas al fondo.\"},{\"@type\":\"BreadcrumbList\",\"@id\":\"https:\\\/\\\/www.escapadarural.com\\\/blog\\\/volver-al-pueblo-una-idea-de-cine\\\/#breadcrumb\",\"itemListElement\":[{\"@type\":\"ListItem\",\"position\":1,\"name\":\"Inicio\",\"item\":\"https:\\\/\\\/www.escapadarural.com\\\/blog\\\/\"},{\"@type\":\"ListItem\",\"position\":2,\"name\":\"Arte y Cultura\",\"item\":\"https:\\\/\\\/www.escapadarural.com\\\/blog\\\/categoria\\\/arte-y-cultura\\\/\"},{\"@type\":\"ListItem\",\"position\":3,\"name\":\"Volver al pueblo: una idea de cine\"}]},{\"@type\":\"WebSite\",\"@id\":\"https:\\\/\\\/www.escapadarural.com\\\/blog\\\/#website\",\"url\":\"https:\\\/\\\/www.escapadarural.com\\\/blog\\\/\",\"name\":\"Blog de viajes | turismo rural, alojamientos e inspiraci\u00f3n\",\"description\":\"Alojamientos rurales e inspiraci\u00f3n para tus escapadas\",\"publisher\":{\"@id\":\"https:\\\/\\\/www.escapadarural.com\\\/blog\\\/#organization\"},\"alternateName\":\"Magazine de viajes de EscapadaRural\",\"potentialAction\":[{\"@type\":\"SearchAction\",\"target\":{\"@type\":\"EntryPoint\",\"urlTemplate\":\"https:\\\/\\\/www.escapadarural.com\\\/blog\\\/?s={search_term_string}\"},\"query-input\":{\"@type\":\"PropertyValueSpecification\",\"valueRequired\":true,\"valueName\":\"search_term_string\"}}],\"inLanguage\":\"es\"},{\"@type\":\"Organization\",\"@id\":\"https:\\\/\\\/www.escapadarural.com\\\/blog\\\/#organization\",\"name\":\"EscapadaRural\",\"url\":\"https:\\\/\\\/www.escapadarural.com\\\/blog\\\/\",\"logo\":{\"@type\":\"ImageObject\",\"inLanguage\":\"es\",\"@id\":\"https:\\\/\\\/www.escapadarural.com\\\/blog\\\/#\\\/schema\\\/logo\\\/image\\\/\",\"url\":\"https:\\\/\\\/www.escapadarural.com\\\/blog\\\/wp-content\\\/uploads\\\/2024\\\/10\\\/cropped-cropped-escapada-rural-icon-mag-3.png\",\"contentUrl\":\"https:\\\/\\\/www.escapadarural.com\\\/blog\\\/wp-content\\\/uploads\\\/2024\\\/10\\\/cropped-cropped-escapada-rural-icon-mag-3.png\",\"width\":512,\"height\":512,\"caption\":\"EscapadaRural\"},\"image\":{\"@id\":\"https:\\\/\\\/www.escapadarural.com\\\/blog\\\/#\\\/schema\\\/logo\\\/image\\\/\"},\"sameAs\":[\"https:\\\/\\\/www.facebook.com\\\/escapadarural\",\"https:\\\/\\\/www.instagram.com\\\/escapadarural\\\/\",\"https:\\\/\\\/www.youtube.com\\\/@escapadaruralcom\"]},{\"@type\":\"Person\",\"@id\":\"https:\\\/\\\/www.escapadarural.com\\\/blog\\\/#\\\/schema\\\/person\\\/42dfdff6118172efc6a04c8ae599a2ce\",\"name\":\"Carmen L\u00f3pez\",\"image\":{\"@type\":\"ImageObject\",\"inLanguage\":\"es\",\"@id\":\"https:\\\/\\\/www.escapadarural.com\\\/blog\\\/wp-content\\\/uploads\\\/2024\\\/11\\\/cropped-perfil_eldiario-96x96-1-96x96.jpeg\",\"url\":\"https:\\\/\\\/www.escapadarural.com\\\/blog\\\/wp-content\\\/uploads\\\/2024\\\/11\\\/cropped-perfil_eldiario-96x96-1-96x96.jpeg\",\"contentUrl\":\"https:\\\/\\\/www.escapadarural.com\\\/blog\\\/wp-content\\\/uploads\\\/2024\\\/11\\\/cropped-perfil_eldiario-96x96-1-96x96.jpeg\",\"caption\":\"Carmen L\u00f3pez\"},\"description\":\"Soy periodista y escribo sobre cosas que importan en sitios que interesan desde hace m\u00e1s de una d\u00e9cada.\",\"url\":\"https:\\\/\\\/www.escapadarural.com\\\/blog\\\/autor\\\/carmenlopez\\\/\"}]}<\/script>\n<!-- \/ Yoast SEO plugin. -->","yoast_head_json":{"title":"Volver al pueblo: una idea de cine - EscapadaRural","robots":{"index":"index","follow":"follow","max-snippet":"max-snippet:-1","max-image-preview":"max-image-preview:large","max-video-preview":"max-video-preview:-1"},"canonical":"https:\/\/www.escapadarural.com\/blog\/volver-al-pueblo-una-idea-de-cine\/","og_locale":"es_ES","og_type":"article","og_title":"Volver al pueblo: una idea de cine - EscapadaRural","og_description":"El \u00e9xodo de las grandes ciudades es una idea que tomado fuerza durante la pandemia. los alquileres desorbitados, el coste de la vida diaria, la contaminaci\u00f3n o las dificultades para conciliar vida laboral y personal ya hab\u00edan provocado que muchas familias optasen por buscar su hogar en ciudades peque\u00f1as o en pueblos.","og_url":"https:\/\/www.escapadarural.com\/blog\/volver-al-pueblo-una-idea-de-cine\/","og_site_name":"Magazine de viajes de EscapadaRural","article_publisher":"https:\/\/www.facebook.com\/escapadarural","article_published_time":"2020-10-27T07:15:00+00:00","article_modified_time":"2024-12-23T16:42:40+00:00","og_image":[{"width":1024,"height":683,"url":"https:\/\/www.escapadarural.com\/blog\/wp-content\/uploads\/2024\/10\/AdobeStock_298713269-1024x683-3.jpeg","type":"image\/jpeg"}],"author":"Carmen L\u00f3pez","twitter_card":"summary_large_image","twitter_misc":{"Escrito por":"Carmen L\u00f3pez","Tiempo de lectura":"7 minutos"},"schema":{"@context":"https:\/\/schema.org","@graph":[{"@type":"Article","@id":"https:\/\/www.escapadarural.com\/blog\/volver-al-pueblo-una-idea-de-cine\/#article","isPartOf":{"@id":"https:\/\/www.escapadarural.com\/blog\/volver-al-pueblo-una-idea-de-cine\/"},"author":{"name":"Carmen L\u00f3pez","@id":"https:\/\/www.escapadarural.com\/blog\/#\/schema\/person\/42dfdff6118172efc6a04c8ae599a2ce"},"headline":"Volver al pueblo: una idea de cine","datePublished":"2020-10-27T07:15:00+00:00","dateModified":"2024-12-23T16:42:40+00:00","mainEntityOfPage":{"@id":"https:\/\/www.escapadarural.com\/blog\/volver-al-pueblo-una-idea-de-cine\/"},"wordCount":1386,"commentCount":0,"publisher":{"@id":"https:\/\/www.escapadarural.com\/blog\/#organization"},"image":{"@id":"https:\/\/www.escapadarural.com\/blog\/volver-al-pueblo-una-idea-de-cine\/#primaryimage"},"thumbnailUrl":"https:\/\/www.escapadarural.com\/blog\/wp-content\/uploads\/2024\/10\/AdobeStock_298713269-1024x683-3.jpeg","keywords":["aller","Cine","Comillas","cultura","Listado","mieres","pedro almodovar","pueblo","Segovia","valdeprados"],"articleSection":["Arte y Cultura"],"inLanguage":"es","potentialAction":[{"@type":"CommentAction","name":"Comment","target":["https:\/\/www.escapadarural.com\/blog\/volver-al-pueblo-una-idea-de-cine\/#respond"]}]},{"@type":"WebPage","@id":"https:\/\/www.escapadarural.com\/blog\/volver-al-pueblo-una-idea-de-cine\/","url":"https:\/\/www.escapadarural.com\/blog\/volver-al-pueblo-una-idea-de-cine\/","name":"Volver al pueblo: una idea de cine - EscapadaRural","isPartOf":{"@id":"https:\/\/www.escapadarural.com\/blog\/#website"},"primaryImageOfPage":{"@id":"https:\/\/www.escapadarural.com\/blog\/volver-al-pueblo-una-idea-de-cine\/#primaryimage"},"image":{"@id":"https:\/\/www.escapadarural.com\/blog\/volver-al-pueblo-una-idea-de-cine\/#primaryimage"},"thumbnailUrl":"https:\/\/www.escapadarural.com\/blog\/wp-content\/uploads\/2024\/10\/AdobeStock_298713269-1024x683-3.jpeg","datePublished":"2020-10-27T07:15:00+00:00","dateModified":"2024-12-23T16:42:40+00:00","breadcrumb":{"@id":"https:\/\/www.escapadarural.com\/blog\/volver-al-pueblo-una-idea-de-cine\/#breadcrumb"},"inLanguage":"es","potentialAction":[{"@type":"ReadAction","target":["https:\/\/www.escapadarural.com\/blog\/volver-al-pueblo-una-idea-de-cine\/"]}]},{"@type":"ImageObject","inLanguage":"es","@id":"https:\/\/www.escapadarural.com\/blog\/volver-al-pueblo-una-idea-de-cine\/#primaryimage","url":"https:\/\/www.escapadarural.com\/blog\/wp-content\/uploads\/2024\/10\/AdobeStock_298713269-1024x683-3.jpeg","contentUrl":"https:\/\/www.escapadarural.com\/blog\/wp-content\/uploads\/2024\/10\/AdobeStock_298713269-1024x683-3.jpeg","width":1024,"height":683,"caption":"Tres personas con mochilas caminan por un sendero de tierra hacia un pueblo con edificios de tejados rojos y una torre de iglesia, rodeado de arbustos y colinas al fondo."},{"@type":"BreadcrumbList","@id":"https:\/\/www.escapadarural.com\/blog\/volver-al-pueblo-una-idea-de-cine\/#breadcrumb","itemListElement":[{"@type":"ListItem","position":1,"name":"Inicio","item":"https:\/\/www.escapadarural.com\/blog\/"},{"@type":"ListItem","position":2,"name":"Arte y Cultura","item":"https:\/\/www.escapadarural.com\/blog\/categoria\/arte-y-cultura\/"},{"@type":"ListItem","position":3,"name":"Volver al pueblo: una idea de cine"}]},{"@type":"WebSite","@id":"https:\/\/www.escapadarural.com\/blog\/#website","url":"https:\/\/www.escapadarural.com\/blog\/","name":"Blog de viajes | turismo rural, alojamientos e inspiraci\u00f3n","description":"Alojamientos rurales e inspiraci\u00f3n para tus escapadas","publisher":{"@id":"https:\/\/www.escapadarural.com\/blog\/#organization"},"alternateName":"Magazine de viajes de EscapadaRural","potentialAction":[{"@type":"SearchAction","target":{"@type":"EntryPoint","urlTemplate":"https:\/\/www.escapadarural.com\/blog\/?s={search_term_string}"},"query-input":{"@type":"PropertyValueSpecification","valueRequired":true,"valueName":"search_term_string"}}],"inLanguage":"es"},{"@type":"Organization","@id":"https:\/\/www.escapadarural.com\/blog\/#organization","name":"EscapadaRural","url":"https:\/\/www.escapadarural.com\/blog\/","logo":{"@type":"ImageObject","inLanguage":"es","@id":"https:\/\/www.escapadarural.com\/blog\/#\/schema\/logo\/image\/","url":"https:\/\/www.escapadarural.com\/blog\/wp-content\/uploads\/2024\/10\/cropped-cropped-escapada-rural-icon-mag-3.png","contentUrl":"https:\/\/www.escapadarural.com\/blog\/wp-content\/uploads\/2024\/10\/cropped-cropped-escapada-rural-icon-mag-3.png","width":512,"height":512,"caption":"EscapadaRural"},"image":{"@id":"https:\/\/www.escapadarural.com\/blog\/#\/schema\/logo\/image\/"},"sameAs":["https:\/\/www.facebook.com\/escapadarural","https:\/\/www.instagram.com\/escapadarural\/","https:\/\/www.youtube.com\/@escapadaruralcom"]},{"@type":"Person","@id":"https:\/\/www.escapadarural.com\/blog\/#\/schema\/person\/42dfdff6118172efc6a04c8ae599a2ce","name":"Carmen L\u00f3pez","image":{"@type":"ImageObject","inLanguage":"es","@id":"https:\/\/www.escapadarural.com\/blog\/wp-content\/uploads\/2024\/11\/cropped-perfil_eldiario-96x96-1-96x96.jpeg","url":"https:\/\/www.escapadarural.com\/blog\/wp-content\/uploads\/2024\/11\/cropped-perfil_eldiario-96x96-1-96x96.jpeg","contentUrl":"https:\/\/www.escapadarural.com\/blog\/wp-content\/uploads\/2024\/11\/cropped-perfil_eldiario-96x96-1-96x96.jpeg","caption":"Carmen L\u00f3pez"},"description":"Soy periodista y escribo sobre cosas que importan en sitios que interesan desde hace m\u00e1s de una d\u00e9cada.","url":"https:\/\/www.escapadarural.com\/blog\/autor\/carmenlopez\/"}]}},"_links":{"self":[{"href":"https:\/\/www.escapadarural.com\/blog\/wp-json\/wp\/v2\/posts\/29241","targetHints":{"allow":["GET"]}}],"collection":[{"href":"https:\/\/www.escapadarural.com\/blog\/wp-json\/wp\/v2\/posts"}],"about":[{"href":"https:\/\/www.escapadarural.com\/blog\/wp-json\/wp\/v2\/types\/post"}],"author":[{"embeddable":true,"href":"https:\/\/www.escapadarural.com\/blog\/wp-json\/wp\/v2\/users\/114"}],"replies":[{"embeddable":true,"href":"https:\/\/www.escapadarural.com\/blog\/wp-json\/wp\/v2\/comments?post=29241"}],"version-history":[{"count":0,"href":"https:\/\/www.escapadarural.com\/blog\/wp-json\/wp\/v2\/posts\/29241\/revisions"}],"wp:featuredmedia":[{"embeddable":true,"href":"https:\/\/www.escapadarural.com\/blog\/wp-json\/wp\/v2\/media\/102749"}],"wp:attachment":[{"href":"https:\/\/www.escapadarural.com\/blog\/wp-json\/wp\/v2\/media?parent=29241"}],"wp:term":[{"taxonomy":"category","embeddable":true,"href":"https:\/\/www.escapadarural.com\/blog\/wp-json\/wp\/v2\/categories?post=29241"},{"taxonomy":"post_tag","embeddable":true,"href":"https:\/\/www.escapadarural.com\/blog\/wp-json\/wp\/v2\/tags?post=29241"}],"curies":[{"name":"wp","href":"https:\/\/api.w.org\/{rel}","templated":true}]}}