{"id":2994,"date":"2013-07-11T13:20:21","date_gmt":"2013-07-11T12:20:21","guid":{"rendered":"http:\/\/15.188.81.248\/2013\/07\/11\/la-tinenca-de-benifassa-paraiso-desconocido\/"},"modified":"2025-05-26T13:31:53","modified_gmt":"2025-05-26T11:31:53","slug":"la-tinenca-de-benifassa-paraiso-desconocido","status":"publish","type":"post","link":"https:\/\/www.escapadarural.com\/blog\/la-tinenca-de-benifassa-paraiso-desconocido\/","title":{"rendered":"\u00bfQu\u00e9 ver en Castell\u00f3n? La Tinen\u00e7a de Benifass\u00e0, para\u00edso natural"},"content":{"rendered":"\n<p>Si decir de un Parque Natural que es precioso puede parecer mucho, en el caso de La Tinen\u00e7a de Benifass\u00e0 no lo es. Habr\u00eda que a\u00f1adir que es desconocido 30 km m\u00e1s all\u00e1 de sus fronteras, que se cocinan unos platos dif\u00edciles de ubicar en un medio rural y que su gente es tan abierta como el horizonte que desde esas monta\u00f1as dibuja el Mediterr\u00e1neo.<\/p>\n\n\n\n<p>La Tinen\u00e7a de Benifass\u00e0 es una subcomarca del Baix Maestrat (Norte de Castell\u00f3n), frontera con Catalu\u00f1a y Arag\u00f3n, un paso hist\u00f3rico monta\u00f1oso a 40 km del Mediterr\u00e1neo. Desde el mar, precisamente, se observa la l\u00f3gica de toda la provincia: un l\u00ednea que une el puerto comercial, la llanura frutal y las poblaciones hist\u00f3ricas tras las monta\u00f1as, protegidas. Conocimos este espacio protegido in situ, durante el blogtrip <a href=\"https:\/\/twitter.com\/search\/realtime?q=%23Castell%C3%B3nMediterr%C3%A1neo\" target=\"_blank\">#Castell\u00f3nMediterr\u00e1neo<\/a> y hemos vuelto impresionados.<\/p>\n\n\n\n<h2 class=\"wp-block-heading\" id=\"h-la-tinenca-un-lugar-protegido\">La Tinen\u00e7a, un lugar protegido<\/h2>\n\n\n\n<p>Las monta\u00f1as han resguardado desde siempre a la poblaci\u00f3n. \u00danicamente cuando las duras condiciones se aliviaron en la llanura los habitantes se atrevieron a construir asentamientos grandes y estables cerca del mar. Por la Tinen\u00e7a pas\u00f3 hacia el Sur <a href=\"https:\/\/es.wikipedia.org\/wiki\/Jaime_I_de_Arag%C3%B3n\" target=\"_blank\">Jaime I<\/a> (s. XIII) y antes de ello en Coratx\u00e0 (el pueblecito donde pernoctamos) se levant\u00f3 la primera iglesia cristiana de Castell\u00f3n. Tal es la importancia del lugar para la historia medieval, que aqu\u00ed se encuentra el Tossal dels Tres Reis, un lugar donde la leyenda cuenta que los reyes llegaban aqu\u00ed a firmar acuerdos. Hoy, en el Tossal, insertado en la naturaleza, puedes estar en Arag\u00f3n, Catalu\u00f1a y la Comunidad Valenciana al mismo tiempo.<\/p>\n\n\n\n<p>De esa manera de entender el mundo y de administrar estrategias de supervivencia deriva la principal fiesta de Castell\u00f3n: la de la Magdalena. Durante la celebraci\u00f3n se conmemora el origen de la ciudad, que se traslad\u00f3 desde las monta\u00f1as hasta el litoral y la llanura de cultivos, hoy poblada de frutales. Me lo explicaba Salvador Andr\u00e9s, t\u00e9cnico de promoci\u00f3n del Patronato de Turismo de Castell\u00f3n, mientras \u00edbamos hacia la Tinen\u00e7a, es decir, cuando todav\u00eda no hab\u00eda imaginado que en 10 min el paisaje cambiar\u00eda totalmente.<\/p>\n\n\n\n<p>Hoy la Tinen\u00e7a de Benifass\u00e0 contin\u00faa siendo un espacio de protecci\u00f3n, pero de otro tipo. <strong>En 2006 fue declarado Parque Natural<\/strong>, un paisaje de sierras abruptas, bosques de hayedos, pinares y boj que alcanza los 1.300 m. Nuestro alojamiento, la Hostatgeria Sant Jaume de Coratx\u00e0, se elevaba por encima de los 1.200 m. No podr\u00eda explicaros a qu\u00e9 huele ni cu\u00e1n n\u00edtido se contempla el firmamento. Son adjetivos end\u00e9micos, \u00fanicamente de La Tinen\u00e7a. Huele a Tinen\u00e7a, como si dij\u00e9ramos, que es entre fresco y puro.<\/p>\n\n\n\n<p>Hay un espacio todav\u00eda m\u00e1s protegido en La Tinen\u00e7a: el <strong>Monasterio de Santa Mar\u00eda de Benifass\u00e0<\/strong>. Lo habitan monjas de clausura, realizado el voto de silencio, y no se puede visitar el interior. Con todo, es el lugar que dio nombre a todo el territorio: <em>Tinen\u00e7a<\/em>, traducido por \u00abtenencia\u00bb, la posesi\u00f3n de las tierras por parte de la orden mon\u00e1stica.<\/p>\n\n\n\n<p>Fuera, desde las rutas del valle en que se asienta, el Monasterio del s. XIII parece inmutable, m\u00e1s s\u00f3lido que la roca. David, quien por la noche nos invitar\u00eda a una deliciosa cena de 5 platos en su Taberna de Fredes, nos explica algunas curiosidades: \u00abLas monjas salen una vez a la semana y puedes verlas por la carretera. Cada 4 a\u00f1os, por las elecciones, salen a votar y es cuando aprovechan para hablar lo que no han hablado los a\u00f1os anteriores: se interesan por c\u00f3mo va el mundo, por las noticias de actualidad, por la vida de los vecinos&#8230;\u00bb. Incre\u00edble, \u00bfverdad?<\/p>\n\n\n\n<h2 class=\"wp-block-heading\" id=\"h-turismo-activo-en-la-tinenca-de-benifassa\">Turismo activo en La Tinen\u00e7a de Benifass\u00e0<\/h2>\n\n\n\n<a title=\"Blogtrip a La Tinensa\" href=\"\/blog\/wp-content\/uploads\/2013\/07\/castellonmediterraneos.jpg\" rel=\"lightbox[roadtrip106]\"><img loading=\"lazy\" decoding=\"async\" class=\"alignnone  wp-image-28463\" src=\"\/blog\/wp-content\/uploads\/2020\/04\/castellonmediterraneos.jpg\" alt=\"Blogtrip a la Tinen\u00e7a de Benifass\u00e0\" width=\"407\" height=\"313\"><\/a>\n\n\n\n<p>Disfrutamos del blogtrip #Castell\u00f3n Mediterr\u00e1neo 8 bloggers y medio (si Neo lo permite) y la organizaci\u00f3n:<\/p>\n\n\n\n<ul class=\"wp-block-list\">\n<li><a href=\"https:\/\/twitter.com\/esPabloMartin\" target=\"_blank\">@espablomartin<\/a><\/li>\n\n\n\n<li><a href=\"https:\/\/twitter.com\/LoryBarrios\" target=\"_blank\">@loryBarrios<\/a><\/li>\n\n\n\n<li><a href=\"https:\/\/twitter.com\/viajarcondiego\" target=\"_blank\">@viajarcondiego<\/a><\/li>\n\n\n\n<li><a href=\"https:\/\/twitter.com\/futurobloguero\" target=\"_blank\">@futurobloguero<\/a><\/li>\n\n\n\n<li><a href=\"https:\/\/twitter.com\/Mariano_Torres\" target=\"_blank\">@Mariano_Torres<\/a><\/li>\n\n\n\n<li><a href=\"https:\/\/twitter.com\/echaleku\" target=\"_blank\">@echaleku<\/a><\/li>\n\n\n\n<li><a href=\"https:\/\/twitter.com\/lauracastll\" target=\"_blank\">@lauracastll<\/a><\/li>\n\n\n\n<li>Neo<\/li>\n\n\n\n<li>David Gil (Fredes)<\/li>\n\n\n\n<li>Jose J. Giner (Coratx\u00e0)<\/li>\n\n\n\n<li><a href=\"https:\/\/twitter.com\/nuriaboneto\" target=\"_blank\">@nuriaboneto<\/a>\u00a0(Coratx\u00e0)<\/li>\n\n\n\n<li><a href=\"https:\/\/twitter.com\/escapadarural\" target=\"_blank\">@escapadarural<\/a><\/li>\n<\/ul>\n\n\n\n<p>Bien, aqu\u00ed todo es interesante y todo es contemplaci\u00f3n, pero <strong>\u00bfqu\u00e9 se puede hacer?<\/strong><\/p>\n\n\n\n<p>Si descansar, aprender y comer te parece insuficiente, te queda el turismo activo y de naturaleza. \u00bfQu\u00e9 quiere decir?<\/p>\n\n\n\n<p>Que nos lo pasamos genial todos los miembros del blogtrip llegando en 4&#215;4 a las cimas de las monta\u00f1as de La Tinen\u00e7a (o Tinensa), donde ve\u00edamos el cogote a los buitres en lugar de sus patas porque est\u00e1bamos por encima de ellos.<\/p>\n\n\n\n<p>Que el senderismo por La Tinensa (o Tinen\u00e7a) te puede llevar a lugares con cierta magia, como el pino de los 12 brazos (pod\u00e9is verlo en la 4\u00aa imagen de la galer\u00eda anterior).<\/p>\n\n\n\n<p>Quiere decir tambi\u00e9n que el turismo activo en este rinconcito desconocido pasa por las <a href=\"https:\/\/www.facebook.com\/pages\/Rutas-a-caballo-La-Tinen%C3%A7a\/239318766130831\" target=\"_blank\">Rutas a Caballo<\/a> que organiza F\u00e9lix en plena naturaleza (jam\u00e1s pens\u00e9 que lo podr\u00eda pasar tan bien sobre uno), m\u00e1s que recomendables.<\/p>\n\n\n\n<p>Y quiere decir por \u00faltimo que a la Tinen\u00e7a s\u00f3lo le faltan los deportes acu\u00e1ticos. Pero tambi\u00e9n los tiene, porque ah\u00ed, en el <strong>pantano de Ulldecona<\/strong>, nos dimos al kayak, al nado, al padelsurf (@echaleku) y a los patines (o velomares), adem\u00e1s de tomarnos un refresco descansando con aquellas vistas.<\/p>\n\n\n\n<p>Lo \u00fanico que s\u00ed deber\u00edas tener en cuenta son todas estas actividades antes de llegar, porque ning\u00fan cartel ni ninguna se\u00f1al te lo van a mostrar. Simplemente se realizan esas actividades, dispuestas a ser descubiertas y disfrutadas, pero sin se\u00f1alizaci\u00f3n previa. As\u00ed que:<\/p>\n\n\n\n<ul class=\"wp-block-list\">\n<li><a href=\"https:\/\/www.facebook.com\/pages\/Rutas-a-caballo-La-Tinen%C3%A7a\/239318766130831\" target=\"_blank\">Rutas a caballo<\/a>: La Pobla de Benifass\u00e0<\/li>\n\n\n\n<li>Rutas 4&#215;4: Explora, rutas por La Tinen\u00e7a, Els Ports y Beceite.<\/li>\n\n\n\n<li>Piraguas, velomares, chapuzones y padelsurf: <a href=\"https:\/\/www.moliabad.com\/\" target=\"_blank\">Mol\u00ed l\u2019Abad<\/a><\/li>\n\n\n\n<li>Senderismo: 4 rutas homologadas (azul, verde, amarilla y roja). Adem\u00e1s, un mapa de la Asociaci\u00f3n de La Tinen\u00e7a de Benefissa\u00e0 cartograf\u00eda 45 rutas f\u00e1ciles.<\/li>\n<\/ul>\n\n\n\n<p>Por \u00faltimo, nos falt\u00f3 tiempo, pero os recomendamos un lugar que siempre aparec\u00eda en las conversciones: <strong>El Jard\u00ed de Peter<\/strong>. Se trata de un espacio creado por un artista que combina t\u00e9cnicas, objetos y temas de manera singular\u00edsima. F\u00e9lix, montado sobre el caballo, nos lo se\u00f1alaba: \u00aball\u00ed est\u00e1 el Jard\u00ed de Peter, nunca he visto algo tan curioso. Es como la obra de Gaud\u00ed pero especial. Muy curioso\u00bb. Y al trote.<\/p>\n\n\n\n<h2 class=\"wp-block-heading\" id=\"h-la-gastronomia-de-la-tinenca-de-benifassa-capitulo-aparte\">La gastronom\u00eda de La Tinen\u00e7a de Benifass\u00e0, cap\u00edtulo aparte<\/h2>\n\n\n\n<p>Hay que ver <strong>lo bien que se come y se cena en La Tinen\u00e7a<\/strong>. Te da la sensaci\u00f3n de que los alimentos alimentan, de que esa fruta y esa carne no han conocido nunca un envase de pl\u00e1stico, que el ecosistema que se mantiene en el Parque Natural implica tambi\u00e9n a los humanos, que han sabido respetar las necesidades propias con las de los animales en libertad. Y no es s\u00f3lo la sensaci\u00f3n porque luego te lo confirman.<\/p>\n\n\n\n<p>Te lo confirman en La Taberna de Fredes, en los desayunos de la Hostatgeria de Sant Jaume, en Lo Forn, en el <a href=\"https:\/\/www.moliabad.com\/\" target=\"_blank\">Mol\u00ed l&#8217;Abad<\/a> sobre el r\u00edo S\u00e9nia y en el restaurante Font Sant Pere sobre una cascada de agua. Que los productos son de verdad, igual que de verdad son los cocineros, te lo confirman las miradas, el paladar y despu\u00e9s los vecinos: \u00abtodo es de aqu\u00ed y de los alrededores\u00bb. No hay duda.<\/p>\n\n\n\n<p>Paco, de Futuro blog, especialista en gastronom\u00eda, da su punto de vista de la experiencia #Castell\u00f3nMediterr\u00e1neo desde su blog de una forma mucho m\u00e1s detallada, por lo que <a href=\"https:\/\/www.lazyblog.net\/2013\/07\/la-tinenca-de-benifassa-paseo.html\" target=\"_blank\">os invitamos a leerlo<\/a>. Nos llevamos por \u00faltimo unas cerezas del lugar. Dimos buena cuenta de ellas, gracias <a href=\"https:\/\/www.escapadarural.com\/casa-rural\/castellon\/casa-yayo\">Manolita<\/a>.<\/p>\n\n\n\n<p>La \u00faltima noche del blogtrip <strong>se nos apareci\u00f3 un corzo<\/strong> con la sorpresa con la que se aparece la Tinen\u00e7a de Benifass\u00e0 al viajero.<\/p>\n\n\n\n<p>M\u00e1s informaci\u00f3n | La Tinen\u00e7a de Benifass\u00e0 | Cr\u00f3nica de Pablo Mart\u00edn | <a class=\"rank-math-link\" href=\"https:\/\/echaleku.es\/la-tinenca-de-benifassa\/\" target=\"_blank\">Reflexi\u00f3n de Echaleku sobre el blogtrip<\/a><\/p>\n","protected":false},"excerpt":{"rendered":"<p>As\u00ed fue el blogtrip a La Tinen\u00e7a de Benifass\u00e0, un Parque Natural desconocido donde comer, descansar y divertirse&#8230;<\/p>\n","protected":false},"author":136,"featured_media":2996,"comment_status":"open","ping_status":"closed","sticky":false,"template":"","format":"standard","meta":{"_acf_changed":false,"om_disable_all_campaigns":false,"footnotes":""},"categories":[191],"tags":[260,496,469,1036,1037,579],"class_list":["post-2994","post","type-post","status-publish","format-standard","has-post-thumbnail","hentry","category-destinos","tag-articulo","tag-que-ver-en-castellon","tag-que-ver-en-la-comunidad-valenciana","tag-la-tinensa-de-benifassa","tag-pantano-de-ulldecona","tag-parque-natural"],"acf":[],"featured_image_src":"https:\/\/www.escapadarural.com\/blog\/wp-content\/uploads\/2020\/04\/Tinensa.jpg","author_info":{"display_name":"Escapada Rural","author_link":"https:\/\/www.escapadarural.com\/blog\/autor\/user\/"},"yoast_head":"<!-- This site is optimized with the Yoast SEO plugin v27.2 - https:\/\/yoast.com\/product\/yoast-seo-wordpress\/ -->\n<title>\u00bfQu\u00e9 ver en Castell\u00f3n? La Tinen\u00e7a de Benifass\u00e0, para\u00edso natural - EscapadaRural<\/title>\n<meta name=\"robots\" content=\"index, follow, max-snippet:-1, max-image-preview:large, max-video-preview:-1\" \/>\n<link rel=\"canonical\" href=\"https:\/\/www.escapadarural.com\/blog\/la-tinenca-de-benifassa-paraiso-desconocido\/\" \/>\n<meta property=\"og:locale\" content=\"es_ES\" \/>\n<meta property=\"og:type\" content=\"article\" \/>\n<meta property=\"og:title\" content=\"\u00bfQu\u00e9 ver en Castell\u00f3n? La Tinen\u00e7a de Benifass\u00e0, para\u00edso natural - EscapadaRural\" \/>\n<meta property=\"og:description\" content=\"As\u00ed fue el blogtrip a La Tinen\u00e7a de Benifass\u00e0, un Parque Natural desconocido donde comer, descansar y divertirse...\" \/>\n<meta property=\"og:url\" content=\"https:\/\/www.escapadarural.com\/blog\/la-tinenca-de-benifassa-paraiso-desconocido\/\" \/>\n<meta property=\"og:site_name\" content=\"Magazine de viajes de EscapadaRural\" \/>\n<meta property=\"article:publisher\" content=\"https:\/\/www.facebook.com\/escapadarural\" \/>\n<meta property=\"article:author\" content=\"https:\/\/www.facebook.com\/escapadarural\" \/>\n<meta property=\"article:published_time\" content=\"2013-07-11T12:20:21+00:00\" \/>\n<meta property=\"article:modified_time\" content=\"2025-05-26T11:31:53+00:00\" \/>\n<meta property=\"og:image\" content=\"https:\/\/www.escapadarural.com\/blog\/wp-content\/uploads\/2020\/04\/Tinensa.jpg\" \/>\n\t<meta property=\"og:image:width\" content=\"556\" \/>\n\t<meta property=\"og:image:height\" content=\"415\" \/>\n\t<meta property=\"og:image:type\" content=\"image\/jpeg\" \/>\n<meta name=\"author\" content=\"Escapada Rural\" \/>\n<meta name=\"twitter:card\" content=\"summary_large_image\" \/>\n<meta name=\"twitter:creator\" content=\"@https:\/\/x.com\/i\/flow\/login?redirect_after_login=escapadarural\" \/>\n<meta name=\"twitter:label1\" content=\"Escrito por\" \/>\n\t<meta name=\"twitter:data1\" content=\"Escapada Rural\" \/>\n\t<meta name=\"twitter:label2\" content=\"Tiempo de lectura\" \/>\n\t<meta name=\"twitter:data2\" content=\"7 minutos\" \/>\n<script type=\"application\/ld+json\" class=\"yoast-schema-graph\">{\"@context\":\"https:\/\/schema.org\",\"@graph\":[{\"@type\":\"Article\",\"@id\":\"https:\/\/www.escapadarural.com\/blog\/la-tinenca-de-benifassa-paraiso-desconocido\/#article\",\"isPartOf\":{\"@id\":\"https:\/\/www.escapadarural.com\/blog\/la-tinenca-de-benifassa-paraiso-desconocido\/\"},\"author\":{\"name\":\"Escapada Rural\",\"@id\":\"https:\/\/www.escapadarural.com\/blog\/#\/schema\/person\/d9ee55ff3e0cef41d6eac8922b4f972c\"},\"headline\":\"\u00bfQu\u00e9 ver en Castell\u00f3n? La Tinen\u00e7a de Benifass\u00e0, para\u00edso natural\",\"datePublished\":\"2013-07-11T12:20:21+00:00\",\"dateModified\":\"2025-05-26T11:31:53+00:00\",\"mainEntityOfPage\":{\"@id\":\"https:\/\/www.escapadarural.com\/blog\/la-tinenca-de-benifassa-paraiso-desconocido\/\"},\"wordCount\":1360,\"commentCount\":6,\"publisher\":{\"@id\":\"https:\/\/www.escapadarural.com\/blog\/#organization\"},\"image\":{\"@id\":\"https:\/\/www.escapadarural.com\/blog\/la-tinenca-de-benifassa-paraiso-desconocido\/#primaryimage\"},\"thumbnailUrl\":\"https:\/\/www.escapadarural.com\/blog\/wp-content\/uploads\/2020\/04\/Tinensa.jpg\",\"keywords\":[\"art\u00edculo\",\"Castell\u00f3n\",\"Comunidad Valenciana\",\"La Tinensa de Benifass\u00e0\",\"Pantano de Ulldecona\",\"Parque Natural\"],\"articleSection\":[\"Destinos\"],\"inLanguage\":\"es\",\"potentialAction\":[{\"@type\":\"CommentAction\",\"name\":\"Comment\",\"target\":[\"https:\/\/www.escapadarural.com\/blog\/la-tinenca-de-benifassa-paraiso-desconocido\/#respond\"]}]},{\"@type\":\"WebPage\",\"@id\":\"https:\/\/www.escapadarural.com\/blog\/la-tinenca-de-benifassa-paraiso-desconocido\/\",\"url\":\"https:\/\/www.escapadarural.com\/blog\/la-tinenca-de-benifassa-paraiso-desconocido\/\",\"name\":\"\u00bfQu\u00e9 ver en Castell\u00f3n? La Tinen\u00e7a de Benifass\u00e0, para\u00edso natural - EscapadaRural\",\"isPartOf\":{\"@id\":\"https:\/\/www.escapadarural.com\/blog\/#website\"},\"primaryImageOfPage\":{\"@id\":\"https:\/\/www.escapadarural.com\/blog\/la-tinenca-de-benifassa-paraiso-desconocido\/#primaryimage\"},\"image\":{\"@id\":\"https:\/\/www.escapadarural.com\/blog\/la-tinenca-de-benifassa-paraiso-desconocido\/#primaryimage\"},\"thumbnailUrl\":\"https:\/\/www.escapadarural.com\/blog\/wp-content\/uploads\/2020\/04\/Tinensa.jpg\",\"datePublished\":\"2013-07-11T12:20:21+00:00\",\"dateModified\":\"2025-05-26T11:31:53+00:00\",\"breadcrumb\":{\"@id\":\"https:\/\/www.escapadarural.com\/blog\/la-tinenca-de-benifassa-paraiso-desconocido\/#breadcrumb\"},\"inLanguage\":\"es\",\"potentialAction\":[{\"@type\":\"ReadAction\",\"target\":[\"https:\/\/www.escapadarural.com\/blog\/la-tinenca-de-benifassa-paraiso-desconocido\/\"]}]},{\"@type\":\"ImageObject\",\"inLanguage\":\"es\",\"@id\":\"https:\/\/www.escapadarural.com\/blog\/la-tinenca-de-benifassa-paraiso-desconocido\/#primaryimage\",\"url\":\"https:\/\/www.escapadarural.com\/blog\/wp-content\/uploads\/2020\/04\/Tinensa.jpg\",\"contentUrl\":\"https:\/\/www.escapadarural.com\/blog\/wp-content\/uploads\/2020\/04\/Tinensa.jpg\",\"width\":556,\"height\":415,\"caption\":\"Un lago verde y sereno rodeado de densos bosques y monta\u00f1as bajo un cielo despejado, con unas cuantas personas navegando en kayak por el agua.\"},{\"@type\":\"BreadcrumbList\",\"@id\":\"https:\/\/www.escapadarural.com\/blog\/la-tinenca-de-benifassa-paraiso-desconocido\/#breadcrumb\",\"itemListElement\":[{\"@type\":\"ListItem\",\"position\":1,\"name\":\"Inicio\",\"item\":\"https:\/\/www.escapadarural.com\/blog\/\"},{\"@type\":\"ListItem\",\"position\":2,\"name\":\"Destinos\",\"item\":\"https:\/\/www.escapadarural.com\/blog\/categoria\/destinos\/\"},{\"@type\":\"ListItem\",\"position\":3,\"name\":\"\u00bfQu\u00e9 ver en Castell\u00f3n? La Tinen\u00e7a de Benifass\u00e0, para\u00edso natural\"}]},{\"@type\":\"WebSite\",\"@id\":\"https:\/\/www.escapadarural.com\/blog\/#website\",\"url\":\"https:\/\/www.escapadarural.com\/blog\/\",\"name\":\"Blog de viajes | turismo rural, alojamientos e inspiraci\u00f3n\",\"description\":\"Alojamientos rurales e inspiraci\u00f3n para tus escapadas\",\"publisher\":{\"@id\":\"https:\/\/www.escapadarural.com\/blog\/#organization\"},\"alternateName\":\"Magazine de viajes de EscapadaRural\",\"potentialAction\":[{\"@type\":\"SearchAction\",\"target\":{\"@type\":\"EntryPoint\",\"urlTemplate\":\"https:\/\/www.escapadarural.com\/blog\/?s={search_term_string}\"},\"query-input\":{\"@type\":\"PropertyValueSpecification\",\"valueRequired\":true,\"valueName\":\"search_term_string\"}}],\"inLanguage\":\"es\"},{\"@type\":\"Organization\",\"@id\":\"https:\/\/www.escapadarural.com\/blog\/#organization\",\"name\":\"EscapadaRural\",\"url\":\"https:\/\/www.escapadarural.com\/blog\/\",\"logo\":{\"@type\":\"ImageObject\",\"inLanguage\":\"es\",\"@id\":\"https:\/\/www.escapadarural.com\/blog\/#\/schema\/logo\/image\/\",\"url\":\"https:\/\/www.escapadarural.com\/blog\/wp-content\/uploads\/2024\/10\/cropped-cropped-escapada-rural-icon-mag-3.png\",\"contentUrl\":\"https:\/\/www.escapadarural.com\/blog\/wp-content\/uploads\/2024\/10\/cropped-cropped-escapada-rural-icon-mag-3.png\",\"width\":512,\"height\":512,\"caption\":\"EscapadaRural\"},\"image\":{\"@id\":\"https:\/\/www.escapadarural.com\/blog\/#\/schema\/logo\/image\/\"},\"sameAs\":[\"https:\/\/www.facebook.com\/escapadarural\",\"https:\/\/www.instagram.com\/escapadarural\/\",\"https:\/\/www.youtube.com\/@escapadaruralcom\"]},{\"@type\":\"Person\",\"@id\":\"https:\/\/www.escapadarural.com\/blog\/#\/schema\/person\/d9ee55ff3e0cef41d6eac8922b4f972c\",\"name\":\"Escapada Rural\",\"image\":{\"@type\":\"ImageObject\",\"inLanguage\":\"es\",\"@id\":\"https:\/\/www.escapadarural.com\/blog\/wp-content\/uploads\/2024\/10\/cropped-cropped-escapada-rural-icon-mag-3-96x96.png\",\"url\":\"https:\/\/www.escapadarural.com\/blog\/wp-content\/uploads\/2024\/10\/cropped-cropped-escapada-rural-icon-mag-3-96x96.png\",\"contentUrl\":\"https:\/\/www.escapadarural.com\/blog\/wp-content\/uploads\/2024\/10\/cropped-cropped-escapada-rural-icon-mag-3-96x96.png\",\"caption\":\"Escapada Rural\"},\"sameAs\":[\"https:\/\/www.facebook.com\/escapadarural\",\"https:\/\/www.linkedin.com\/company\/escapada-rural\/?originalSubdomain=es\",\"https:\/\/x.com\/https:\/\/x.com\/i\/flow\/login?redirect_after_login=escapadarural\"],\"url\":\"https:\/\/www.escapadarural.com\/blog\/autor\/user\/\"}]}<\/script>\n<!-- \/ Yoast SEO plugin. -->","yoast_head_json":{"title":"\u00bfQu\u00e9 ver en Castell\u00f3n? La Tinen\u00e7a de Benifass\u00e0, para\u00edso natural - EscapadaRural","robots":{"index":"index","follow":"follow","max-snippet":"max-snippet:-1","max-image-preview":"max-image-preview:large","max-video-preview":"max-video-preview:-1"},"canonical":"https:\/\/www.escapadarural.com\/blog\/la-tinenca-de-benifassa-paraiso-desconocido\/","og_locale":"es_ES","og_type":"article","og_title":"\u00bfQu\u00e9 ver en Castell\u00f3n? La Tinen\u00e7a de Benifass\u00e0, para\u00edso natural - EscapadaRural","og_description":"As\u00ed fue el blogtrip a La Tinen\u00e7a de Benifass\u00e0, un Parque Natural desconocido donde comer, descansar y divertirse...","og_url":"https:\/\/www.escapadarural.com\/blog\/la-tinenca-de-benifassa-paraiso-desconocido\/","og_site_name":"Magazine de viajes de EscapadaRural","article_publisher":"https:\/\/www.facebook.com\/escapadarural","article_author":"https:\/\/www.facebook.com\/escapadarural","article_published_time":"2013-07-11T12:20:21+00:00","article_modified_time":"2025-05-26T11:31:53+00:00","og_image":[{"width":556,"height":415,"url":"https:\/\/www.escapadarural.com\/blog\/wp-content\/uploads\/2020\/04\/Tinensa.jpg","type":"image\/jpeg"}],"author":"Escapada Rural","twitter_card":"summary_large_image","twitter_creator":"@https:\/\/x.com\/i\/flow\/login?redirect_after_login=escapadarural","twitter_misc":{"Escrito por":"Escapada Rural","Tiempo de lectura":"7 minutos"},"schema":{"@context":"https:\/\/schema.org","@graph":[{"@type":"Article","@id":"https:\/\/www.escapadarural.com\/blog\/la-tinenca-de-benifassa-paraiso-desconocido\/#article","isPartOf":{"@id":"https:\/\/www.escapadarural.com\/blog\/la-tinenca-de-benifassa-paraiso-desconocido\/"},"author":{"name":"Escapada Rural","@id":"https:\/\/www.escapadarural.com\/blog\/#\/schema\/person\/d9ee55ff3e0cef41d6eac8922b4f972c"},"headline":"\u00bfQu\u00e9 ver en Castell\u00f3n? La Tinen\u00e7a de Benifass\u00e0, para\u00edso natural","datePublished":"2013-07-11T12:20:21+00:00","dateModified":"2025-05-26T11:31:53+00:00","mainEntityOfPage":{"@id":"https:\/\/www.escapadarural.com\/blog\/la-tinenca-de-benifassa-paraiso-desconocido\/"},"wordCount":1360,"commentCount":6,"publisher":{"@id":"https:\/\/www.escapadarural.com\/blog\/#organization"},"image":{"@id":"https:\/\/www.escapadarural.com\/blog\/la-tinenca-de-benifassa-paraiso-desconocido\/#primaryimage"},"thumbnailUrl":"https:\/\/www.escapadarural.com\/blog\/wp-content\/uploads\/2020\/04\/Tinensa.jpg","keywords":["art\u00edculo","Castell\u00f3n","Comunidad Valenciana","La Tinensa de Benifass\u00e0","Pantano de Ulldecona","Parque Natural"],"articleSection":["Destinos"],"inLanguage":"es","potentialAction":[{"@type":"CommentAction","name":"Comment","target":["https:\/\/www.escapadarural.com\/blog\/la-tinenca-de-benifassa-paraiso-desconocido\/#respond"]}]},{"@type":"WebPage","@id":"https:\/\/www.escapadarural.com\/blog\/la-tinenca-de-benifassa-paraiso-desconocido\/","url":"https:\/\/www.escapadarural.com\/blog\/la-tinenca-de-benifassa-paraiso-desconocido\/","name":"\u00bfQu\u00e9 ver en Castell\u00f3n? La Tinen\u00e7a de Benifass\u00e0, para\u00edso natural - EscapadaRural","isPartOf":{"@id":"https:\/\/www.escapadarural.com\/blog\/#website"},"primaryImageOfPage":{"@id":"https:\/\/www.escapadarural.com\/blog\/la-tinenca-de-benifassa-paraiso-desconocido\/#primaryimage"},"image":{"@id":"https:\/\/www.escapadarural.com\/blog\/la-tinenca-de-benifassa-paraiso-desconocido\/#primaryimage"},"thumbnailUrl":"https:\/\/www.escapadarural.com\/blog\/wp-content\/uploads\/2020\/04\/Tinensa.jpg","datePublished":"2013-07-11T12:20:21+00:00","dateModified":"2025-05-26T11:31:53+00:00","breadcrumb":{"@id":"https:\/\/www.escapadarural.com\/blog\/la-tinenca-de-benifassa-paraiso-desconocido\/#breadcrumb"},"inLanguage":"es","potentialAction":[{"@type":"ReadAction","target":["https:\/\/www.escapadarural.com\/blog\/la-tinenca-de-benifassa-paraiso-desconocido\/"]}]},{"@type":"ImageObject","inLanguage":"es","@id":"https:\/\/www.escapadarural.com\/blog\/la-tinenca-de-benifassa-paraiso-desconocido\/#primaryimage","url":"https:\/\/www.escapadarural.com\/blog\/wp-content\/uploads\/2020\/04\/Tinensa.jpg","contentUrl":"https:\/\/www.escapadarural.com\/blog\/wp-content\/uploads\/2020\/04\/Tinensa.jpg","width":556,"height":415,"caption":"Un lago verde y sereno rodeado de densos bosques y monta\u00f1as bajo un cielo despejado, con unas cuantas personas navegando en kayak por el agua."},{"@type":"BreadcrumbList","@id":"https:\/\/www.escapadarural.com\/blog\/la-tinenca-de-benifassa-paraiso-desconocido\/#breadcrumb","itemListElement":[{"@type":"ListItem","position":1,"name":"Inicio","item":"https:\/\/www.escapadarural.com\/blog\/"},{"@type":"ListItem","position":2,"name":"Destinos","item":"https:\/\/www.escapadarural.com\/blog\/categoria\/destinos\/"},{"@type":"ListItem","position":3,"name":"\u00bfQu\u00e9 ver en Castell\u00f3n? La Tinen\u00e7a de Benifass\u00e0, para\u00edso natural"}]},{"@type":"WebSite","@id":"https:\/\/www.escapadarural.com\/blog\/#website","url":"https:\/\/www.escapadarural.com\/blog\/","name":"Blog de viajes | turismo rural, alojamientos e inspiraci\u00f3n","description":"Alojamientos rurales e inspiraci\u00f3n para tus escapadas","publisher":{"@id":"https:\/\/www.escapadarural.com\/blog\/#organization"},"alternateName":"Magazine de viajes de EscapadaRural","potentialAction":[{"@type":"SearchAction","target":{"@type":"EntryPoint","urlTemplate":"https:\/\/www.escapadarural.com\/blog\/?s={search_term_string}"},"query-input":{"@type":"PropertyValueSpecification","valueRequired":true,"valueName":"search_term_string"}}],"inLanguage":"es"},{"@type":"Organization","@id":"https:\/\/www.escapadarural.com\/blog\/#organization","name":"EscapadaRural","url":"https:\/\/www.escapadarural.com\/blog\/","logo":{"@type":"ImageObject","inLanguage":"es","@id":"https:\/\/www.escapadarural.com\/blog\/#\/schema\/logo\/image\/","url":"https:\/\/www.escapadarural.com\/blog\/wp-content\/uploads\/2024\/10\/cropped-cropped-escapada-rural-icon-mag-3.png","contentUrl":"https:\/\/www.escapadarural.com\/blog\/wp-content\/uploads\/2024\/10\/cropped-cropped-escapada-rural-icon-mag-3.png","width":512,"height":512,"caption":"EscapadaRural"},"image":{"@id":"https:\/\/www.escapadarural.com\/blog\/#\/schema\/logo\/image\/"},"sameAs":["https:\/\/www.facebook.com\/escapadarural","https:\/\/www.instagram.com\/escapadarural\/","https:\/\/www.youtube.com\/@escapadaruralcom"]},{"@type":"Person","@id":"https:\/\/www.escapadarural.com\/blog\/#\/schema\/person\/d9ee55ff3e0cef41d6eac8922b4f972c","name":"Escapada Rural","image":{"@type":"ImageObject","inLanguage":"es","@id":"https:\/\/www.escapadarural.com\/blog\/wp-content\/uploads\/2024\/10\/cropped-cropped-escapada-rural-icon-mag-3-96x96.png","url":"https:\/\/www.escapadarural.com\/blog\/wp-content\/uploads\/2024\/10\/cropped-cropped-escapada-rural-icon-mag-3-96x96.png","contentUrl":"https:\/\/www.escapadarural.com\/blog\/wp-content\/uploads\/2024\/10\/cropped-cropped-escapada-rural-icon-mag-3-96x96.png","caption":"Escapada Rural"},"sameAs":["https:\/\/www.facebook.com\/escapadarural","https:\/\/www.linkedin.com\/company\/escapada-rural\/?originalSubdomain=es","https:\/\/x.com\/https:\/\/x.com\/i\/flow\/login?redirect_after_login=escapadarural"],"url":"https:\/\/www.escapadarural.com\/blog\/autor\/user\/"}]}},"_links":{"self":[{"href":"https:\/\/www.escapadarural.com\/blog\/wp-json\/wp\/v2\/posts\/2994","targetHints":{"allow":["GET"]}}],"collection":[{"href":"https:\/\/www.escapadarural.com\/blog\/wp-json\/wp\/v2\/posts"}],"about":[{"href":"https:\/\/www.escapadarural.com\/blog\/wp-json\/wp\/v2\/types\/post"}],"author":[{"embeddable":true,"href":"https:\/\/www.escapadarural.com\/blog\/wp-json\/wp\/v2\/users\/136"}],"replies":[{"embeddable":true,"href":"https:\/\/www.escapadarural.com\/blog\/wp-json\/wp\/v2\/comments?post=2994"}],"version-history":[{"count":0,"href":"https:\/\/www.escapadarural.com\/blog\/wp-json\/wp\/v2\/posts\/2994\/revisions"}],"wp:featuredmedia":[{"embeddable":true,"href":"https:\/\/www.escapadarural.com\/blog\/wp-json\/wp\/v2\/media\/2996"}],"wp:attachment":[{"href":"https:\/\/www.escapadarural.com\/blog\/wp-json\/wp\/v2\/media?parent=2994"}],"wp:term":[{"taxonomy":"category","embeddable":true,"href":"https:\/\/www.escapadarural.com\/blog\/wp-json\/wp\/v2\/categories?post=2994"},{"taxonomy":"post_tag","embeddable":true,"href":"https:\/\/www.escapadarural.com\/blog\/wp-json\/wp\/v2\/tags?post=2994"}],"curies":[{"name":"wp","href":"https:\/\/api.w.org\/{rel}","templated":true}]}}