{"id":2997,"date":"2013-07-12T12:14:33","date_gmt":"2013-07-12T12:14:33","guid":{"rendered":"http:\/\/15.188.81.248\/2013\/07\/12\/tarazona-el-hogar-de-paco-martinez-soria\/"},"modified":"2026-02-05T13:46:26","modified_gmt":"2026-02-05T12:46:26","slug":"tarazona-el-hogar-de-paco-martinez-soria","status":"publish","type":"post","link":"https:\/\/www.escapadarural.com\/blog\/tarazona-el-hogar-de-paco-martinez-soria\/","title":{"rendered":"Tarazona, el hogar de Paco Mart\u00ednez Soria"},"content":{"rendered":"\n<p>Hace ya un par de meses el equipo de comunicaci\u00f3n de EscapadaRural.com (<a href=\"https:\/\/twitter.com\/anitatnt\" target=\"_blank\" aria-label=\" (opens in a new tab)\" rel=\"noreferrer noopener\" class=\"rank-math-link\">Ana Alonso<\/a> y <a href=\"https:\/\/twitter.com\/CrisPerseguer\" target=\"_blank\" aria-label=\" (opens in a new tab)\" rel=\"noreferrer noopener\" class=\"rank-math-link\">Cristina Perseguer<\/a>) tuvo la oportunidad de desplazarse hasta <strong>Tarazona<\/strong> para impartir un taller de formaci\u00f3n a los propietarios de alojamientos rurales de la zona. El viaje nos permiti\u00f3 descubrir los encantos de este rinc\u00f3n aragon\u00e9s cargado de historia, opciones de ocio y fant\u00e1sticos entornos naturales.<\/p>\n\n\n\n<p>Tarazona no es s\u00f3lo la fiesta del Cipotegato (27 de agosto, fiesta de Inter\u00e9s Tur\u00edstico Nacional). Cuando nos acerc\u00e1bamos a nuestro destino nos dimos cuenta de la gran belleza que reside en los paisajes del Moncayo, un territorio entre el valle del Ebro y la meseta castellana donde el <strong>Parque Natural<\/strong> presentaba a\u00fan las cumbres nevadas en contraste con los colores de la primavera.<\/p>\n\n\n\n<p>Nuestra visita a este municipio empez\u00f3 en la misma oficina de turismo, donde muy amablemente nos acompa\u00f1aron en un recorrido por los lugares m\u00e1s emblem\u00e1ticos. La primera idea que nos vino a la cabeza es que se trataba de un lugar peque\u00f1o pero preparado para dar una buena calidad de vida a sus paisanos. <a href=\"https:\/\/www.escapadarural.com\/casas-rurales\/tarazona\" target=\"_blank\" aria-label=\" (opens in a new tab)\" rel=\"noreferrer noopener\" class=\"rank-math-link\">Tarazona<\/a> cuenta con s\u00f3lo 11.000 habitantes, pero posee todos los servicios de una gran ciudad:<\/p>\n\n\n\n<ul class=\"wp-block-list\">\n<li>Varios centros educativos<\/li>\n\n\n\n<li>Un conservatorio de m\u00fasica en el antiguo convento de la iglesia de la Merced<\/li>\n\n\n\n<li>Una amplia oferta cultural<\/li>\n<\/ul>\n\n\n\n<p>Y en medio de todo ello, el Queiles es el testigo silencioso que atraviesa su fisonom\u00eda. Este afluente del Ebro nace en un manantial subterr\u00e1neo, en Vozmediano, cercano al Parque Natural del Moncayo y llega hasta Tudela reuniendo uno de los mayores caudales de Europa, que se canaliza en un embalse a 5 km.<\/p>\n\n\n\n<h2 class=\"wp-block-heading\" id=\"h-el-museo-de-paco-martinez-soria\">El museo de Paco Mart\u00ednez Soria<\/h2>\n\n\n\n<p>Sin m\u00e1s demora nos dirigimos a uno de los lugares estrella de nuestra escapada: el <strong>museo de Paco Mart\u00ednez Soria<\/strong>. Este ilustre c\u00f3mico espa\u00f1ol, todo un icono de las pel\u00edculas de los 60 y 70, era natural de Tarazona aunque se criase en Barcelona. La ciudad que le vio nacer le honra con una sala habilitada dentro de su Teatro de Bellas Artes, donde se encuentran varios objetos personales y fotograf\u00edas de su trayectoria profesional.<\/p>\n\n\n\n<p>Precisamente en Barcelona dio sus primeros pasos en el mundo de la interpretaci\u00f3n y acab\u00f3 comprando el Teatro Tal\u00eda, que m\u00e1s tarde pas\u00f3 a llevar su propio nombre. Pero a pesar de vivir lejos de all\u00ed, Paco Mart\u00ednez Soria siempre estuvo muy unido a esta localidad, hasta el punto de ser el primer destino al que quiso llevar a su mujer nada m\u00e1s casarse. Tarazona fue incluso escenario de una de sus pel\u00edculas <em>(Vaya par de gemelos)<\/em> y, como no pod\u00eda ser menos, una plaza alberga una estatua suya y una calle principal lleva su nombre.<\/p>\n\n\n\n<p>Pero lo m\u00e1s remarcable es, sin duda, el homenaje anual que le rinde su Ayuntamiento con el <strong><a href=\"https:\/\/www.cinetarazonaymoncayo.es\/\" target=\"_blank\" label=\" (opens in a new tab)\" rel=\"noreferrer noopener\" class=\"rank-math-link\">Festival de Cine de Comedia<\/a><\/strong>, que celebrar\u00e1 su d\u00e9cima edici\u00f3n del 13 al 24 de agosto. Durante este evento tambi\u00e9n tiene lugar un taller de cortos y a \u00e9l ya han acudido actores de la talla de Javier C\u00e1mara, Amaia Salamanca, Carlos Areces o Ra\u00fal Cimas.<\/p>\n\n\n\n<p>Nos comentaron que son muchos los fans que acuden al teatro interes\u00e1ndose por este artista entra\u00f1able, acerca del cual se edit\u00f3 un libro en el centenario de su nacimiento, <em>Paco Mart\u00ednez Soria, actor con may\u00fasculas<\/em> (2002). Lo cierto es que no me extra\u00f1\u00f3 puesto que soy una de tantos y la visita al modesto museo fue uno de mis recuerdos m\u00e1s memorables. Si os llegase a interesar conocerlo, os recomendamos fijar una cita con el Ayuntamiento, ya que no est\u00e1 abierto al p\u00fablico de manera permanente.<\/p>\n\n\n\n<h2 class=\"wp-block-heading\" id=\"h-la-juderia-vieja-de-tarazona\">La Juder\u00eda Vieja de Tarazona<\/h2>\n\n\n\n<p><br>Despu\u00e9s del museo continuamos nuestro paseo dando un salto en el tiempo para conocer la juder\u00eda vieja. <em>Sefarad<\/em> en hebreo quiere decir \u00abEspa\u00f1a\u00bb, pero para los que quieran aprender un poco m\u00e1s este idioma en el mes de julio se organiza con Sefarad Arag\u00f3n un curso para aprenderlo. Tambi\u00e9n en julio se celebra Retorno de Sefarad, un evento cultural cargado de conferencias, charlas teatralizadas y conciertos en torno a la presencia jud\u00eda en Tarazona. La ciudad forma parte de la Red de Juder\u00edas de Espa\u00f1a.<\/p>\n\n\n\n<p>Se sabe que en el s. XIV hab\u00eda unos 235 jud\u00edos conviviendo con cristianos en una poblaci\u00f3n de 1.300 habitantes. Por aquel entonces no gozaban de la consideraci\u00f3n de aragoneses en el sentido foral del t\u00e9rmino, sino que se somet\u00edan a un status jur\u00eddico especial. Los jud\u00edos de la \u00e9poca estaban obligados al abono de determinados impuestos y derechos, pero disfrutando en contrapartida de una autonom\u00eda.<\/p>\n\n\n\n<p>Adem\u00e1s, nos enteramos de que los jud\u00edos no expon\u00edan su vida al exterior y por eso en sus casas siempre dispon\u00edan de patios interiores. Incluso <em>la Tor\u00e1<\/em> les indicaba cu\u00e1ntos codos (la medida de referencia para ellos) ten\u00eda que haber entre las paredes de las casas. En aquella \u00e9poca se intentaba preservar la intimidad y por eso era obligatorio que entre vecinos hubiese al menos una distancia de cuatro codos.<\/p>\n\n\n\n<p>Con esa separaci\u00f3n y dibujando un zig zag, sus calles se configuran evitando corrientes de aire. La Juder\u00eda de Tarazona se ha sometido a una gran rehabilitaci\u00f3n, en la que se pueden observar las fachadas de las casas colgadas, construidas en la propia muralla. Pero este rinc\u00f3n esconde muchos m\u00e1s detalles hist\u00f3ricos, por lo que os vendr\u00e1n de maravilla los <strong>c\u00f3digos QR<\/strong> en las encrucijadas de varias callejuelas. Os recomendamos descubrirlos sin dejar de ascender hasta la juder\u00eda nueva, al lado del r\u00edo. All\u00ed hay una casa privada, donde se cree que estaba la sinagoga y el centro de interpretaci\u00f3n Mosh\u00e9 de Portella, una de las figuras m\u00e1s relevantes de su \u00e9poca y que lleg\u00f3 a ser Bayle General de Arag\u00f3n, durante el reinado de Pedro III.<\/p>\n\n\n\n<h2 class=\"wp-block-heading\" id=\"h-tarazona-y-su-palacio-episcopal\">Tarazona y su Palacio Episcopal<\/h2>\n\n\n\n<figure class=\"wp-block-image size-large\"><a href=\"https:\/\/www.escapadarural.com\/blog\/wp-content\/uploads\/2013\/07\/catedral-1-3-1.jpg\"><img decoding=\"async\" src=\"https:\/\/www.escapadarural.com\/blog\/wp-content\/uploads\/2013\/07\/catedral-1-3-1.jpg\" alt=\"Tarazona\" class=\"wp-image-33806\"\/><\/a><figcaption class=\"wp-element-caption\">Catedral de Tarazona. Fuente: Miguel \u00c1ngel Garc\u00eda<\/figcaption><\/figure>\n\n\n\n<p>Subiendo, subiendo, llegamos al Palacio Episcopal, sede del Obispado de Tarazona. Es un lugar accesible todo el a\u00f1o con visitas guiadas y adem\u00e1s durante los meses de verano es visitable todos los d\u00edas (excepto los lunes) y el resto del a\u00f1o, en fin de semana con el horario de la Catedral.<\/p>\n\n\n\n<p>La entrada permite visitar el Sal\u00f3n de los Obispos y algunas estancias, pero antes de conocerlo es obligado detenerse en el mirador con magn\u00edficas vistas al Moncayo y al Queiles. Desde esa zona elevada de la ciudad se observa tambi\u00e9n la plaza de toros vieja, un edificio octogonal de 1792, conformada por 32 viviendas dispuestas alrededor de la plaza, la cual es un espacio p\u00fablico donde se realizan conciertos, actividades culturales o un lugar singular donde tomar un aperitivo o comprar alguna artesan\u00eda.<\/p>\n\n\n\n<p>De all\u00ed, completamos nuestro recorrido regresando al lugar de origen, ya que cerca de la Oficina de Turismo se encuentra <a href=\"\/blog\/la-capilla-sixtina-del-renacimiento-espanol\/\" target=\"_blank\" aria-label=\" (opens in a new tab)\" rel=\"noreferrer noopener\" class=\"rank-math-link\">la Catedral<\/a>, un edificio espectacular y cargado de historia. Las primeras obras comenzaron en 1119, tras la Reconquista, en un emplazamiento fuera de la muralla. Su ubicaci\u00f3n buscaba los or\u00edgenes del cristianismo, ya que se encuentra donde hab\u00eda existido una antigua necr\u00f3polis tardorromana y un baptisterio hispano-visigodo.<\/p>\n\n\n\n<p>Pero su arquitectura ha sufrido varios cambios a lo largo de los siglos, ya que en 1235 se consagrar\u00eda en su vertiente g\u00f3tica, llevando por nombre Sta. M\u00aa de la Huerta. Posteriormente sufre renovaciones continuas, llegando a clausurarse parcial y totalmente entre los a\u00f1os 80 y el 92. En 2011 abre de nuevo sus puertas con todo su esplendor, permitiendo al visitante conocer la que es considerada <strong>la Capilla Sixtina del renacimiento espa\u00f1ol<\/strong>.<\/p>\n\n\n\n<h2 class=\"wp-block-heading\" id=\"h-un-ultima-sorpresa\">Un \u00faltima sorpresa<\/h2>\n\n\n\n<p>Y aqu\u00ed acaba nuestra visita a Tarazona pero no nuestra ruta por tierras aragonesas, ya que al dejarla atr\u00e1s nos dirigimos a otro lugar de referencia de la zona. A poco m\u00e1s de 12 km se encuentra el <strong>Real Monasterio Cisterciense de Santa Mar\u00eda de Veruela<\/strong>.<\/p>\n\n\n\n<p>Abandonado con la Desamortizaci\u00f3n de Mendiz\u00e1bal (1835), desde el a\u00f1o 1976, despu\u00e9s de m\u00faltiples circunstancias, se ha cedido a la Diputaci\u00f3n Provincial de Zaragoza para su restauraci\u00f3n y conservaci\u00f3n, qui\u00e9n tambi\u00e9n lo destina a usos culturales. Este lugar tiene especial importancia para los amantes de la obra de Gustavo Adolfo B\u00e9cquer, ya que \u00e9l y su hermano, el pintor Valeriano B\u00e9cquer, se instalaron all\u00ed del 1863 al 1864.<\/p>\n\n\n\n<p>De esta temporada de sus vidas han quedado las famosas <em>Cartas desde mi celda<\/em> de uno y los dibujos del otro. En la visita nos quedamos impresionadas por su precioso claustro y por el hecho de que acoja cada verano el Festival de M\u00fasica Viva, que en 2012 permiti\u00f3 a los asistentes disfrutar de la m\u00fasica de Jorge Drexler, Juan Perro o Russian Red en un marco incomparable. Este a\u00f1o le toca el turno a Caf\u00e9 Quijano, Annie B. Sweet o Carlos N\u00fa\u00f1ez entre otros.<\/p>\n\n\n\n<p>En el recinto en el que se encuentra el monasterio se encuentra el <strong>Museo del Vino de la D.O. del Campo de Borja<\/strong> donde pod\u00e9is adquirir el sabor embotellado y un buen recuerdo de la zona. Y para que adem\u00e1s vuestras compras valgan su peso en an\u00e9cdota, m\u00e1s all\u00e1 del Monasterio descubrimos un dato relacionado con la ruta de B\u00e9cquer en Tarazona. Y es que Curro Fat\u00e1s, inolvidable cantante del grupo ochentero Puturr\u00fa de Fu\u00e1, es qui\u00e9n fabrica artesanalmente las mermeladas Mundo Bubub en Trasmoz, al pie del Moncayo.<\/p>\n\n\n\n<p>As\u00ed que, al margen del consejo de su m\u00edtica canci\u00f3n del verano <em>No te olvides la toalla cuando vayas a la playa<\/em> nuestra recomendaci\u00f3n estival es visitar estas tierra para conocer una cara de Arag\u00f3n que no deja indiferente. Si has decidido que este verano la ciudad no es para ti&#8230; \u00a1viaja a Tarazona!<\/p>\n\n\n\n<p>Informaci\u00f3n | Oficina municipal de turismo. Pza. de San Francisco, 1. 50500 Tarazona Tel. 976 640 074<\/p>\n","protected":false},"excerpt":{"rendered":"<p>Visitamos Tarazona y el Parque Natural del Moncayo, a trav\u00e9s de la figura del popular artista Paco Mart\u00ednez Soria&#8230;<\/p>\n","protected":false},"author":93,"featured_media":33811,"comment_status":"open","ping_status":"closed","sticky":false,"template":"","format":"standard","meta":{"_acf_changed":false,"om_disable_all_campaigns":false,"footnotes":""},"categories":[191],"tags":[6401,260,1038,579,257,212,890,477],"class_list":["post-2997","post","type-post","status-publish","format-standard","has-post-thumbnail","hentry","category-destinos","tag-aragon","tag-articulo","tag-moncayo","tag-parque-natural","tag-primavera","tag-pueblos","tag-tarazona","tag-que-ver-en-zaragoza"],"acf":[],"featured_image_src":"https:\/\/www.escapadarural.com\/blog\/wp-content\/uploads\/2013\/07\/El-Moncayo-2-2.jpg","author_info":{"display_name":"Ana Alonso","author_link":"https:\/\/www.escapadarural.com\/blog\/autor\/anitatnt\/"},"yoast_head":"<!-- This site is optimized with the Yoast SEO plugin v27.5 - https:\/\/yoast.com\/product\/yoast-seo-wordpress\/ -->\n<title>Tarazona, el hogar de Paco Mart\u00ednez Soria - EscapadaRural<\/title>\n<meta name=\"robots\" content=\"index, follow, max-snippet:-1, max-image-preview:large, max-video-preview:-1\" \/>\n<link rel=\"canonical\" href=\"https:\/\/www.escapadarural.com\/blog\/tarazona-el-hogar-de-paco-martinez-soria\/\" \/>\n<meta property=\"og:locale\" content=\"es_ES\" \/>\n<meta property=\"og:type\" content=\"article\" \/>\n<meta property=\"og:title\" content=\"Tarazona, el hogar de Paco Mart\u00ednez Soria - EscapadaRural\" \/>\n<meta property=\"og:description\" content=\"Visitamos Tarazona y el Parque Natural del Moncayo, a trav\u00e9s de la figura del popular artista Paco Mart\u00ednez Soria...\" \/>\n<meta property=\"og:url\" content=\"https:\/\/www.escapadarural.com\/blog\/tarazona-el-hogar-de-paco-martinez-soria\/\" \/>\n<meta property=\"og:site_name\" content=\"Magazine de viajes de EscapadaRural\" \/>\n<meta property=\"article:publisher\" content=\"https:\/\/www.facebook.com\/escapadarural\" \/>\n<meta property=\"article:published_time\" content=\"2013-07-12T12:14:33+00:00\" \/>\n<meta property=\"article:modified_time\" content=\"2026-02-05T12:46:26+00:00\" \/>\n<meta property=\"og:image\" content=\"https:\/\/www.escapadarural.com\/blog\/wp-content\/uploads\/2013\/07\/El-Moncayo-2-2.jpg\" \/>\n\t<meta property=\"og:image:width\" content=\"1500\" \/>\n\t<meta property=\"og:image:height\" content=\"997\" \/>\n\t<meta property=\"og:image:type\" content=\"image\/jpeg\" \/>\n<meta name=\"author\" content=\"Ana Alonso\" \/>\n<meta name=\"twitter:card\" content=\"summary_large_image\" \/>\n<meta name=\"twitter:label1\" content=\"Escrito por\" \/>\n\t<meta name=\"twitter:data1\" content=\"Ana Alonso\" \/>\n\t<meta name=\"twitter:label2\" content=\"Tiempo de lectura\" \/>\n\t<meta name=\"twitter:data2\" content=\"8 minutos\" \/>\n<script type=\"application\/ld+json\" class=\"yoast-schema-graph\">{\"@context\":\"https:\\\/\\\/schema.org\",\"@graph\":[{\"@type\":\"Article\",\"@id\":\"https:\\\/\\\/www.escapadarural.com\\\/blog\\\/tarazona-el-hogar-de-paco-martinez-soria\\\/#article\",\"isPartOf\":{\"@id\":\"https:\\\/\\\/www.escapadarural.com\\\/blog\\\/tarazona-el-hogar-de-paco-martinez-soria\\\/\"},\"author\":{\"name\":\"Ana Alonso\",\"@id\":\"https:\\\/\\\/www.escapadarural.com\\\/blog\\\/#\\\/schema\\\/person\\\/5e65fb5faeb7c086b1be68ef14fbfda8\"},\"headline\":\"Tarazona, el hogar de Paco Mart\u00ednez Soria\",\"datePublished\":\"2013-07-12T12:14:33+00:00\",\"dateModified\":\"2026-02-05T12:46:26+00:00\",\"mainEntityOfPage\":{\"@id\":\"https:\\\/\\\/www.escapadarural.com\\\/blog\\\/tarazona-el-hogar-de-paco-martinez-soria\\\/\"},\"wordCount\":1707,\"commentCount\":0,\"publisher\":{\"@id\":\"https:\\\/\\\/www.escapadarural.com\\\/blog\\\/#organization\"},\"image\":{\"@id\":\"https:\\\/\\\/www.escapadarural.com\\\/blog\\\/tarazona-el-hogar-de-paco-martinez-soria\\\/#primaryimage\"},\"thumbnailUrl\":\"https:\\\/\\\/www.escapadarural.com\\\/blog\\\/wp-content\\\/uploads\\\/2013\\\/07\\\/El-Moncayo-2-2.jpg\",\"keywords\":[\"aragon\",\"art\u00edculo\",\"Moncayo\",\"Parque Natural\",\"Primavera\",\"pueblos\",\"Tarazona\",\"Zaragoza\"],\"articleSection\":[\"Destinos\"],\"inLanguage\":\"es\",\"potentialAction\":[{\"@type\":\"CommentAction\",\"name\":\"Comment\",\"target\":[\"https:\\\/\\\/www.escapadarural.com\\\/blog\\\/tarazona-el-hogar-de-paco-martinez-soria\\\/#respond\"]}]},{\"@type\":\"WebPage\",\"@id\":\"https:\\\/\\\/www.escapadarural.com\\\/blog\\\/tarazona-el-hogar-de-paco-martinez-soria\\\/\",\"url\":\"https:\\\/\\\/www.escapadarural.com\\\/blog\\\/tarazona-el-hogar-de-paco-martinez-soria\\\/\",\"name\":\"Tarazona, el hogar de Paco Mart\u00ednez Soria - EscapadaRural\",\"isPartOf\":{\"@id\":\"https:\\\/\\\/www.escapadarural.com\\\/blog\\\/#website\"},\"primaryImageOfPage\":{\"@id\":\"https:\\\/\\\/www.escapadarural.com\\\/blog\\\/tarazona-el-hogar-de-paco-martinez-soria\\\/#primaryimage\"},\"image\":{\"@id\":\"https:\\\/\\\/www.escapadarural.com\\\/blog\\\/tarazona-el-hogar-de-paco-martinez-soria\\\/#primaryimage\"},\"thumbnailUrl\":\"https:\\\/\\\/www.escapadarural.com\\\/blog\\\/wp-content\\\/uploads\\\/2013\\\/07\\\/El-Moncayo-2-2.jpg\",\"datePublished\":\"2013-07-12T12:14:33+00:00\",\"dateModified\":\"2026-02-05T12:46:26+00:00\",\"breadcrumb\":{\"@id\":\"https:\\\/\\\/www.escapadarural.com\\\/blog\\\/tarazona-el-hogar-de-paco-martinez-soria\\\/#breadcrumb\"},\"inLanguage\":\"es\",\"potentialAction\":[{\"@type\":\"ReadAction\",\"target\":[\"https:\\\/\\\/www.escapadarural.com\\\/blog\\\/tarazona-el-hogar-de-paco-martinez-soria\\\/\"]}]},{\"@type\":\"ImageObject\",\"inLanguage\":\"es\",\"@id\":\"https:\\\/\\\/www.escapadarural.com\\\/blog\\\/tarazona-el-hogar-de-paco-martinez-soria\\\/#primaryimage\",\"url\":\"https:\\\/\\\/www.escapadarural.com\\\/blog\\\/wp-content\\\/uploads\\\/2013\\\/07\\\/El-Moncayo-2-2.jpg\",\"contentUrl\":\"https:\\\/\\\/www.escapadarural.com\\\/blog\\\/wp-content\\\/uploads\\\/2013\\\/07\\\/El-Moncayo-2-2.jpg\",\"width\":1500,\"height\":997,\"caption\":\"Vista panor\u00e1mica del Moncayo\"},{\"@type\":\"BreadcrumbList\",\"@id\":\"https:\\\/\\\/www.escapadarural.com\\\/blog\\\/tarazona-el-hogar-de-paco-martinez-soria\\\/#breadcrumb\",\"itemListElement\":[{\"@type\":\"ListItem\",\"position\":1,\"name\":\"Inicio\",\"item\":\"https:\\\/\\\/www.escapadarural.com\\\/blog\\\/\"},{\"@type\":\"ListItem\",\"position\":2,\"name\":\"Destinos\",\"item\":\"https:\\\/\\\/www.escapadarural.com\\\/blog\\\/categoria\\\/destinos\\\/\"},{\"@type\":\"ListItem\",\"position\":3,\"name\":\"Tarazona, el hogar de Paco Mart\u00ednez Soria\"}]},{\"@type\":\"WebSite\",\"@id\":\"https:\\\/\\\/www.escapadarural.com\\\/blog\\\/#website\",\"url\":\"https:\\\/\\\/www.escapadarural.com\\\/blog\\\/\",\"name\":\"Blog de viajes | turismo rural, alojamientos e inspiraci\u00f3n\",\"description\":\"Alojamientos rurales e inspiraci\u00f3n para tus escapadas\",\"publisher\":{\"@id\":\"https:\\\/\\\/www.escapadarural.com\\\/blog\\\/#organization\"},\"alternateName\":\"Magazine de viajes de EscapadaRural\",\"potentialAction\":[{\"@type\":\"SearchAction\",\"target\":{\"@type\":\"EntryPoint\",\"urlTemplate\":\"https:\\\/\\\/www.escapadarural.com\\\/blog\\\/?s={search_term_string}\"},\"query-input\":{\"@type\":\"PropertyValueSpecification\",\"valueRequired\":true,\"valueName\":\"search_term_string\"}}],\"inLanguage\":\"es\"},{\"@type\":\"Organization\",\"@id\":\"https:\\\/\\\/www.escapadarural.com\\\/blog\\\/#organization\",\"name\":\"EscapadaRural\",\"url\":\"https:\\\/\\\/www.escapadarural.com\\\/blog\\\/\",\"logo\":{\"@type\":\"ImageObject\",\"inLanguage\":\"es\",\"@id\":\"https:\\\/\\\/www.escapadarural.com\\\/blog\\\/#\\\/schema\\\/logo\\\/image\\\/\",\"url\":\"https:\\\/\\\/www.escapadarural.com\\\/blog\\\/wp-content\\\/uploads\\\/2024\\\/10\\\/cropped-cropped-escapada-rural-icon-mag-3.png\",\"contentUrl\":\"https:\\\/\\\/www.escapadarural.com\\\/blog\\\/wp-content\\\/uploads\\\/2024\\\/10\\\/cropped-cropped-escapada-rural-icon-mag-3.png\",\"width\":512,\"height\":512,\"caption\":\"EscapadaRural\"},\"image\":{\"@id\":\"https:\\\/\\\/www.escapadarural.com\\\/blog\\\/#\\\/schema\\\/logo\\\/image\\\/\"},\"sameAs\":[\"https:\\\/\\\/www.facebook.com\\\/escapadarural\",\"https:\\\/\\\/www.instagram.com\\\/escapadarural\\\/\",\"https:\\\/\\\/www.youtube.com\\\/@escapadaruralcom\"]},{\"@type\":\"Person\",\"@id\":\"https:\\\/\\\/www.escapadarural.com\\\/blog\\\/#\\\/schema\\\/person\\\/5e65fb5faeb7c086b1be68ef14fbfda8\",\"name\":\"Ana Alonso\",\"image\":{\"@type\":\"ImageObject\",\"inLanguage\":\"es\",\"@id\":\"https:\\\/\\\/secure.gravatar.com\\\/avatar\\\/c11cc61c0b15991f3b92269cb6b814f052361c7da5dc5295eaf5a93dd9278fad?s=96&d=mm&r=g\",\"url\":\"https:\\\/\\\/secure.gravatar.com\\\/avatar\\\/c11cc61c0b15991f3b92269cb6b814f052361c7da5dc5295eaf5a93dd9278fad?s=96&d=mm&r=g\",\"contentUrl\":\"https:\\\/\\\/secure.gravatar.com\\\/avatar\\\/c11cc61c0b15991f3b92269cb6b814f052361c7da5dc5295eaf5a93dd9278fad?s=96&d=mm&r=g\",\"caption\":\"Ana Alonso\"},\"url\":\"https:\\\/\\\/www.escapadarural.com\\\/blog\\\/autor\\\/anitatnt\\\/\"}]}<\/script>\n<!-- \/ Yoast SEO plugin. -->","yoast_head_json":{"title":"Tarazona, el hogar de Paco Mart\u00ednez Soria - EscapadaRural","robots":{"index":"index","follow":"follow","max-snippet":"max-snippet:-1","max-image-preview":"max-image-preview:large","max-video-preview":"max-video-preview:-1"},"canonical":"https:\/\/www.escapadarural.com\/blog\/tarazona-el-hogar-de-paco-martinez-soria\/","og_locale":"es_ES","og_type":"article","og_title":"Tarazona, el hogar de Paco Mart\u00ednez Soria - EscapadaRural","og_description":"Visitamos Tarazona y el Parque Natural del Moncayo, a trav\u00e9s de la figura del popular artista Paco Mart\u00ednez Soria...","og_url":"https:\/\/www.escapadarural.com\/blog\/tarazona-el-hogar-de-paco-martinez-soria\/","og_site_name":"Magazine de viajes de EscapadaRural","article_publisher":"https:\/\/www.facebook.com\/escapadarural","article_published_time":"2013-07-12T12:14:33+00:00","article_modified_time":"2026-02-05T12:46:26+00:00","og_image":[{"width":1500,"height":997,"url":"https:\/\/www.escapadarural.com\/blog\/wp-content\/uploads\/2013\/07\/El-Moncayo-2-2.jpg","type":"image\/jpeg"}],"author":"Ana Alonso","twitter_card":"summary_large_image","twitter_misc":{"Escrito por":"Ana Alonso","Tiempo de lectura":"8 minutos"},"schema":{"@context":"https:\/\/schema.org","@graph":[{"@type":"Article","@id":"https:\/\/www.escapadarural.com\/blog\/tarazona-el-hogar-de-paco-martinez-soria\/#article","isPartOf":{"@id":"https:\/\/www.escapadarural.com\/blog\/tarazona-el-hogar-de-paco-martinez-soria\/"},"author":{"name":"Ana Alonso","@id":"https:\/\/www.escapadarural.com\/blog\/#\/schema\/person\/5e65fb5faeb7c086b1be68ef14fbfda8"},"headline":"Tarazona, el hogar de Paco Mart\u00ednez Soria","datePublished":"2013-07-12T12:14:33+00:00","dateModified":"2026-02-05T12:46:26+00:00","mainEntityOfPage":{"@id":"https:\/\/www.escapadarural.com\/blog\/tarazona-el-hogar-de-paco-martinez-soria\/"},"wordCount":1707,"commentCount":0,"publisher":{"@id":"https:\/\/www.escapadarural.com\/blog\/#organization"},"image":{"@id":"https:\/\/www.escapadarural.com\/blog\/tarazona-el-hogar-de-paco-martinez-soria\/#primaryimage"},"thumbnailUrl":"https:\/\/www.escapadarural.com\/blog\/wp-content\/uploads\/2013\/07\/El-Moncayo-2-2.jpg","keywords":["aragon","art\u00edculo","Moncayo","Parque Natural","Primavera","pueblos","Tarazona","Zaragoza"],"articleSection":["Destinos"],"inLanguage":"es","potentialAction":[{"@type":"CommentAction","name":"Comment","target":["https:\/\/www.escapadarural.com\/blog\/tarazona-el-hogar-de-paco-martinez-soria\/#respond"]}]},{"@type":"WebPage","@id":"https:\/\/www.escapadarural.com\/blog\/tarazona-el-hogar-de-paco-martinez-soria\/","url":"https:\/\/www.escapadarural.com\/blog\/tarazona-el-hogar-de-paco-martinez-soria\/","name":"Tarazona, el hogar de Paco Mart\u00ednez Soria - EscapadaRural","isPartOf":{"@id":"https:\/\/www.escapadarural.com\/blog\/#website"},"primaryImageOfPage":{"@id":"https:\/\/www.escapadarural.com\/blog\/tarazona-el-hogar-de-paco-martinez-soria\/#primaryimage"},"image":{"@id":"https:\/\/www.escapadarural.com\/blog\/tarazona-el-hogar-de-paco-martinez-soria\/#primaryimage"},"thumbnailUrl":"https:\/\/www.escapadarural.com\/blog\/wp-content\/uploads\/2013\/07\/El-Moncayo-2-2.jpg","datePublished":"2013-07-12T12:14:33+00:00","dateModified":"2026-02-05T12:46:26+00:00","breadcrumb":{"@id":"https:\/\/www.escapadarural.com\/blog\/tarazona-el-hogar-de-paco-martinez-soria\/#breadcrumb"},"inLanguage":"es","potentialAction":[{"@type":"ReadAction","target":["https:\/\/www.escapadarural.com\/blog\/tarazona-el-hogar-de-paco-martinez-soria\/"]}]},{"@type":"ImageObject","inLanguage":"es","@id":"https:\/\/www.escapadarural.com\/blog\/tarazona-el-hogar-de-paco-martinez-soria\/#primaryimage","url":"https:\/\/www.escapadarural.com\/blog\/wp-content\/uploads\/2013\/07\/El-Moncayo-2-2.jpg","contentUrl":"https:\/\/www.escapadarural.com\/blog\/wp-content\/uploads\/2013\/07\/El-Moncayo-2-2.jpg","width":1500,"height":997,"caption":"Vista panor\u00e1mica del Moncayo"},{"@type":"BreadcrumbList","@id":"https:\/\/www.escapadarural.com\/blog\/tarazona-el-hogar-de-paco-martinez-soria\/#breadcrumb","itemListElement":[{"@type":"ListItem","position":1,"name":"Inicio","item":"https:\/\/www.escapadarural.com\/blog\/"},{"@type":"ListItem","position":2,"name":"Destinos","item":"https:\/\/www.escapadarural.com\/blog\/categoria\/destinos\/"},{"@type":"ListItem","position":3,"name":"Tarazona, el hogar de Paco Mart\u00ednez Soria"}]},{"@type":"WebSite","@id":"https:\/\/www.escapadarural.com\/blog\/#website","url":"https:\/\/www.escapadarural.com\/blog\/","name":"Blog de viajes | turismo rural, alojamientos e inspiraci\u00f3n","description":"Alojamientos rurales e inspiraci\u00f3n para tus escapadas","publisher":{"@id":"https:\/\/www.escapadarural.com\/blog\/#organization"},"alternateName":"Magazine de viajes de EscapadaRural","potentialAction":[{"@type":"SearchAction","target":{"@type":"EntryPoint","urlTemplate":"https:\/\/www.escapadarural.com\/blog\/?s={search_term_string}"},"query-input":{"@type":"PropertyValueSpecification","valueRequired":true,"valueName":"search_term_string"}}],"inLanguage":"es"},{"@type":"Organization","@id":"https:\/\/www.escapadarural.com\/blog\/#organization","name":"EscapadaRural","url":"https:\/\/www.escapadarural.com\/blog\/","logo":{"@type":"ImageObject","inLanguage":"es","@id":"https:\/\/www.escapadarural.com\/blog\/#\/schema\/logo\/image\/","url":"https:\/\/www.escapadarural.com\/blog\/wp-content\/uploads\/2024\/10\/cropped-cropped-escapada-rural-icon-mag-3.png","contentUrl":"https:\/\/www.escapadarural.com\/blog\/wp-content\/uploads\/2024\/10\/cropped-cropped-escapada-rural-icon-mag-3.png","width":512,"height":512,"caption":"EscapadaRural"},"image":{"@id":"https:\/\/www.escapadarural.com\/blog\/#\/schema\/logo\/image\/"},"sameAs":["https:\/\/www.facebook.com\/escapadarural","https:\/\/www.instagram.com\/escapadarural\/","https:\/\/www.youtube.com\/@escapadaruralcom"]},{"@type":"Person","@id":"https:\/\/www.escapadarural.com\/blog\/#\/schema\/person\/5e65fb5faeb7c086b1be68ef14fbfda8","name":"Ana Alonso","image":{"@type":"ImageObject","inLanguage":"es","@id":"https:\/\/secure.gravatar.com\/avatar\/c11cc61c0b15991f3b92269cb6b814f052361c7da5dc5295eaf5a93dd9278fad?s=96&d=mm&r=g","url":"https:\/\/secure.gravatar.com\/avatar\/c11cc61c0b15991f3b92269cb6b814f052361c7da5dc5295eaf5a93dd9278fad?s=96&d=mm&r=g","contentUrl":"https:\/\/secure.gravatar.com\/avatar\/c11cc61c0b15991f3b92269cb6b814f052361c7da5dc5295eaf5a93dd9278fad?s=96&d=mm&r=g","caption":"Ana Alonso"},"url":"https:\/\/www.escapadarural.com\/blog\/autor\/anitatnt\/"}]}},"_links":{"self":[{"href":"https:\/\/www.escapadarural.com\/blog\/wp-json\/wp\/v2\/posts\/2997","targetHints":{"allow":["GET"]}}],"collection":[{"href":"https:\/\/www.escapadarural.com\/blog\/wp-json\/wp\/v2\/posts"}],"about":[{"href":"https:\/\/www.escapadarural.com\/blog\/wp-json\/wp\/v2\/types\/post"}],"author":[{"embeddable":true,"href":"https:\/\/www.escapadarural.com\/blog\/wp-json\/wp\/v2\/users\/93"}],"replies":[{"embeddable":true,"href":"https:\/\/www.escapadarural.com\/blog\/wp-json\/wp\/v2\/comments?post=2997"}],"version-history":[{"count":0,"href":"https:\/\/www.escapadarural.com\/blog\/wp-json\/wp\/v2\/posts\/2997\/revisions"}],"wp:featuredmedia":[{"embeddable":true,"href":"https:\/\/www.escapadarural.com\/blog\/wp-json\/wp\/v2\/media\/33811"}],"wp:attachment":[{"href":"https:\/\/www.escapadarural.com\/blog\/wp-json\/wp\/v2\/media?parent=2997"}],"wp:term":[{"taxonomy":"category","embeddable":true,"href":"https:\/\/www.escapadarural.com\/blog\/wp-json\/wp\/v2\/categories?post=2997"},{"taxonomy":"post_tag","embeddable":true,"href":"https:\/\/www.escapadarural.com\/blog\/wp-json\/wp\/v2\/tags?post=2997"}],"curies":[{"name":"wp","href":"https:\/\/api.w.org\/{rel}","templated":true}]}}