{"id":3085,"date":"2013-10-07T09:10:30","date_gmt":"2013-10-07T09:10:30","guid":{"rendered":"http:\/\/15.188.81.248\/2013\/10\/07\/espana-2o-en-numero-de-reservas-de-la-biosfera\/"},"modified":"2025-08-06T11:06:39","modified_gmt":"2025-08-06T09:06:39","slug":"espana-2o-en-numero-de-reservas-de-la-biosfera","status":"publish","type":"post","link":"https:\/\/www.escapadarural.com\/blog\/espana-2o-en-numero-de-reservas-de-la-biosfera\/","title":{"rendered":"Espa\u00f1a, 2\u00ba en n\u00famero de Reservas de la Biosfera"},"content":{"rendered":"\n<figure class=\"wp-block-image size-full\"><img loading=\"lazy\" decoding=\"async\" width=\"1024\" height=\"682\" src=\"https:\/\/www.escapadarural.com\/blog\/wp-content\/uploads\/2024\/02\/lago_de_la_cueva.webp\" alt=\"Lago interior en la cueva de Valporquero\" class=\"wp-image-198770\" srcset=\"https:\/\/www.escapadarural.com\/blog\/wp-content\/uploads\/2024\/02\/lago_de_la_cueva-200x133.webp 200w, https:\/\/www.escapadarural.com\/blog\/wp-content\/uploads\/2024\/02\/lago_de_la_cueva-300x200.webp 300w, https:\/\/www.escapadarural.com\/blog\/wp-content\/uploads\/2024\/02\/lago_de_la_cueva-400x266.webp 400w, https:\/\/www.escapadarural.com\/blog\/wp-content\/uploads\/2024\/02\/lago_de_la_cueva-600x400.webp 600w, https:\/\/www.escapadarural.com\/blog\/wp-content\/uploads\/2024\/02\/lago_de_la_cueva-768x512.webp 768w, https:\/\/www.escapadarural.com\/blog\/wp-content\/uploads\/2024\/02\/lago_de_la_cueva-800x533.webp 800w, https:\/\/www.escapadarural.com\/blog\/wp-content\/uploads\/2024\/02\/lago_de_la_cueva.webp 1024w\" sizes=\"auto, (max-width: 1024px) 100vw, 1024px\" \/><figcaption class=\"wp-element-caption\">Lago interior en la cueva de Valporquero. Por Noradoa<\/figcaption><\/figure>\n\n\n\n<p>Espa\u00f1a, con 45 Reservas de la Biosfera, es el segundo pa\u00eds del mundo con mayor n\u00famero de espacios protegidos en esta categor\u00eda. Por delante s\u00f3lo aparece Estados Unidos, con 47 Reservas de la Biosfera. Rusia, medalla de bronce en este particular ranking con 41 espacios naturales.<\/p>\n\n\n\n<p>El programa \u00abEl Hombre y la Biosfera\u00bb (MAB, por sus siglas en ingl\u00e9s) se lanz\u00f3 en 1971. El objetivo, crear un programa cient\u00edfico e intergubernamental \u00abcon el fin de mejorar la relaci\u00f3n global de las personas con su entorno\u00bb. El acento se pone en las consecuencias sociales, ecol\u00f3gicas y econ\u00f3micas de la reducci\u00f3n de la biodiversidad.<\/p>\n\n\n\n<blockquote class=\"wp-block-quote is-layout-flow wp-block-quote-is-layout-flow\">\n<p>La incorporaci\u00f3n de nuevos territorios a esta Red se hace a petici\u00f3n de los pa\u00edses, de forma voluntaria<\/p>\n<\/blockquote>\n\n\n\n<p>As\u00ed, el programa El Hombre y la Biosfera propone, mediante distintas acciones, identificar los cambios en los espacios protegidos debido a la actividad del hombre. Estudia y compara la din\u00e1mica resultante de las relaciones entre la naturaleza y los procesos socioecon\u00f3micos, en particular la p\u00e9rdida de biodiversidad.<\/p>\n\n\n\n<p>Tambi\u00e9n se preocupa de garantizar el bienestar humano en un entorno cada d\u00eda menos adecuado como consecuencia de la r\u00e1pida urbanizaci\u00f3n y el consumo de energ\u00eda. Por \u00faltimo, promueve el intercambio de conocimientos sobre problemas y soculuciones, adem\u00e1s de fomentar la educaci\u00f3n ambiental.<\/p>\n\n\n\n<p>Un trabajo ingente y necesario de conservaci\u00f3n y estudio que lleva m\u00e1s de 40 a\u00f1os en marcha.<\/p>\n\n\n\n<figure class=\"wp-block-image size-full\"><img loading=\"lazy\" decoding=\"async\" width=\"1024\" height=\"682\" src=\"https:\/\/www.escapadarural.com\/blog\/wp-content\/uploads\/2013\/10\/lapalma_mirador_de_la_tosca.webp\" alt=\"Mirador de la Tosca (La Palma)\" class=\"wp-image-198774\" srcset=\"https:\/\/www.escapadarural.com\/blog\/wp-content\/uploads\/2013\/10\/lapalma_mirador_de_la_tosca-200x133.webp 200w, https:\/\/www.escapadarural.com\/blog\/wp-content\/uploads\/2013\/10\/lapalma_mirador_de_la_tosca-300x200.webp 300w, https:\/\/www.escapadarural.com\/blog\/wp-content\/uploads\/2013\/10\/lapalma_mirador_de_la_tosca-400x266.webp 400w, https:\/\/www.escapadarural.com\/blog\/wp-content\/uploads\/2013\/10\/lapalma_mirador_de_la_tosca-600x400.webp 600w, https:\/\/www.escapadarural.com\/blog\/wp-content\/uploads\/2013\/10\/lapalma_mirador_de_la_tosca-768x512.webp 768w, https:\/\/www.escapadarural.com\/blog\/wp-content\/uploads\/2013\/10\/lapalma_mirador_de_la_tosca-800x533.webp 800w, https:\/\/www.escapadarural.com\/blog\/wp-content\/uploads\/2013\/10\/lapalma_mirador_de_la_tosca.webp 1024w\" sizes=\"auto, (max-width: 1024px) 100vw, 1024px\" \/><figcaption class=\"wp-element-caption\">Mirador de la Tosca (La Palma) Por Sa\u00fal Santos<\/figcaption><\/figure>\n\n\n\n<p>Ahora es un tema com\u00fan. En la d\u00e9cada de los setenta, el asunto era una estridencia y el concepto \u00abdesarrollo sostenible\u00bb todav\u00eda no hab\u00eda llegado a los hogares. En mayo de 2013, la Unesco declar\u00f3 12 nuevas reservas de la Biosfera, 3 de ellas espa\u00f1olas (<a href=\"https:\/\/player.vimeo.com\/video\/67089056\" class=\"rank-math-link\" target=\"_blank\">Mari\u00f1as Coru\u00f1esas e Terras do Mandeo<\/a>, Terres de l&#8217;Ebre y Sitio real de San Ildefonso-El Espinar).<\/p>\n\n\n\n<p>En Espa\u00f1a, el impulso definitivo para crear los espacios que aplicar\u00edan los postulados del programa MAB lo marc\u00f3 la nueva Oficina de apoyo al Comit\u00e9 MaB del MOPU (Ministerio de Obras P\u00fablicas y Urbanismo), en 1988.<\/p>\n\n\n\n<p>Andaluc\u00eda es la CC.AA. con mayor n\u00famero de Reservas de la Biosfera (9), a la que siguen Castilla y Le\u00f3n (7) y Canarias (5). De las 45 Reservas declaradas en el pa\u00eds, dos de ellas son transfronterizas y una intercontinental, a trav\u00e9s del Estrecho de Gibraltar. Tan s\u00f3lo dos CC.AA. no tienen todav\u00eda declarado un espacio de esta clase: Comunidad Valenciana y Murcia.<\/p>\n","protected":false},"excerpt":{"rendered":"<p>Con 45 declaradas, Espa\u00f1a es el segundo pa\u00eds del mundo con m\u00e1s Reservas de la Biosfera&#8230;<\/p>\n","protected":false},"author":136,"featured_media":198770,"comment_status":"open","ping_status":"open","sticky":false,"template":"","format":"standard","meta":{"_acf_changed":false,"om_disable_all_campaigns":false,"footnotes":""},"categories":[231],"tags":[246,224,591,617,1001,606],"class_list":["post-3085","post","type-post","status-publish","format-standard","has-post-thumbnail","hentry","category-arte-y-cultura","tag-que-ver-en-asturias","tag-que-ver-en-cantabria","tag-que-ver-en-leon","tag-parque-nacional","tag-picos-de-europa","tag-reserva-de-la-biosfera"],"acf":[],"featured_image_src":"https:\/\/www.escapadarural.com\/blog\/wp-content\/uploads\/2024\/02\/lago_de_la_cueva.webp","author_info":{"display_name":"Escapada Rural","author_link":"https:\/\/www.escapadarural.com\/blog\/autor\/user\/"},"yoast_head":"<!-- This site is optimized with the Yoast SEO plugin v27.5 - https:\/\/yoast.com\/product\/yoast-seo-wordpress\/ -->\n<title>Espa\u00f1a, 2\u00ba en n\u00famero de Reservas de la Biosfera - EscapadaRural<\/title>\n<meta name=\"robots\" content=\"index, follow, max-snippet:-1, max-image-preview:large, max-video-preview:-1\" \/>\n<link rel=\"canonical\" href=\"https:\/\/www.escapadarural.com\/blog\/espana-2o-en-numero-de-reservas-de-la-biosfera\/\" \/>\n<meta property=\"og:locale\" content=\"es_ES\" \/>\n<meta property=\"og:type\" content=\"article\" \/>\n<meta property=\"og:title\" content=\"Espa\u00f1a, 2\u00ba en n\u00famero de Reservas de la Biosfera - EscapadaRural\" \/>\n<meta property=\"og:description\" content=\"Con 45 declaradas, Espa\u00f1a es el segundo pa\u00eds del mundo con m\u00e1s Reservas de la Biosfera...\" \/>\n<meta property=\"og:url\" content=\"https:\/\/www.escapadarural.com\/blog\/espana-2o-en-numero-de-reservas-de-la-biosfera\/\" \/>\n<meta property=\"og:site_name\" content=\"Magazine de viajes de EscapadaRural\" \/>\n<meta property=\"article:publisher\" content=\"https:\/\/www.facebook.com\/escapadarural\" \/>\n<meta property=\"article:author\" content=\"https:\/\/www.facebook.com\/escapadarural\" \/>\n<meta property=\"article:published_time\" content=\"2013-10-07T09:10:30+00:00\" \/>\n<meta property=\"article:modified_time\" content=\"2025-08-06T09:06:39+00:00\" \/>\n<meta property=\"og:image\" content=\"https:\/\/www.escapadarural.com\/blog\/wp-content\/uploads\/2024\/02\/lago_de_la_cueva.webp?v=1754471200\" \/>\n\t<meta property=\"og:image:width\" content=\"1024\" \/>\n\t<meta property=\"og:image:height\" content=\"682\" \/>\n\t<meta property=\"og:image:type\" content=\"image\/webp\" \/>\n<meta name=\"author\" content=\"Escapada Rural\" \/>\n<meta name=\"twitter:card\" content=\"summary_large_image\" \/>\n<meta name=\"twitter:creator\" content=\"@https:\/\/x.com\/i\/flow\/login?redirect_after_login=escapadarural\" \/>\n<meta name=\"twitter:label1\" content=\"Escrito por\" \/>\n\t<meta name=\"twitter:data1\" content=\"Escapada Rural\" \/>\n\t<meta name=\"twitter:label2\" content=\"Tiempo de lectura\" \/>\n\t<meta name=\"twitter:data2\" content=\"3 minutos\" \/>\n<script type=\"application\/ld+json\" class=\"yoast-schema-graph\">{\"@context\":\"https:\\\/\\\/schema.org\",\"@graph\":[{\"@type\":\"Article\",\"@id\":\"https:\\\/\\\/www.escapadarural.com\\\/blog\\\/espana-2o-en-numero-de-reservas-de-la-biosfera\\\/#article\",\"isPartOf\":{\"@id\":\"https:\\\/\\\/www.escapadarural.com\\\/blog\\\/espana-2o-en-numero-de-reservas-de-la-biosfera\\\/\"},\"author\":{\"name\":\"Escapada Rural\",\"@id\":\"https:\\\/\\\/www.escapadarural.com\\\/blog\\\/#\\\/schema\\\/person\\\/d9ee55ff3e0cef41d6eac8922b4f972c\"},\"headline\":\"Espa\u00f1a, 2\u00ba en n\u00famero de Reservas de la Biosfera\",\"datePublished\":\"2013-10-07T09:10:30+00:00\",\"dateModified\":\"2025-08-06T09:06:39+00:00\",\"mainEntityOfPage\":{\"@id\":\"https:\\\/\\\/www.escapadarural.com\\\/blog\\\/espana-2o-en-numero-de-reservas-de-la-biosfera\\\/\"},\"wordCount\":450,\"commentCount\":7,\"publisher\":{\"@id\":\"https:\\\/\\\/www.escapadarural.com\\\/blog\\\/#organization\"},\"image\":{\"@id\":\"https:\\\/\\\/www.escapadarural.com\\\/blog\\\/espana-2o-en-numero-de-reservas-de-la-biosfera\\\/#primaryimage\"},\"thumbnailUrl\":\"https:\\\/\\\/www.escapadarural.com\\\/blog\\\/wp-content\\\/uploads\\\/2024\\\/02\\\/lago_de_la_cueva.webp\",\"keywords\":[\"Asturias\",\"Cantabria\",\"Le\u00f3n\",\"Parque Nacional\",\"Qu\u00e9 ver en los Picos de Europa\",\"Reserva de la Biosfera\"],\"articleSection\":[\"Arte y Cultura\"],\"inLanguage\":\"es\",\"potentialAction\":[{\"@type\":\"CommentAction\",\"name\":\"Comment\",\"target\":[\"https:\\\/\\\/www.escapadarural.com\\\/blog\\\/espana-2o-en-numero-de-reservas-de-la-biosfera\\\/#respond\"]}]},{\"@type\":\"WebPage\",\"@id\":\"https:\\\/\\\/www.escapadarural.com\\\/blog\\\/espana-2o-en-numero-de-reservas-de-la-biosfera\\\/\",\"url\":\"https:\\\/\\\/www.escapadarural.com\\\/blog\\\/espana-2o-en-numero-de-reservas-de-la-biosfera\\\/\",\"name\":\"Espa\u00f1a, 2\u00ba en n\u00famero de Reservas de la Biosfera - EscapadaRural\",\"isPartOf\":{\"@id\":\"https:\\\/\\\/www.escapadarural.com\\\/blog\\\/#website\"},\"primaryImageOfPage\":{\"@id\":\"https:\\\/\\\/www.escapadarural.com\\\/blog\\\/espana-2o-en-numero-de-reservas-de-la-biosfera\\\/#primaryimage\"},\"image\":{\"@id\":\"https:\\\/\\\/www.escapadarural.com\\\/blog\\\/espana-2o-en-numero-de-reservas-de-la-biosfera\\\/#primaryimage\"},\"thumbnailUrl\":\"https:\\\/\\\/www.escapadarural.com\\\/blog\\\/wp-content\\\/uploads\\\/2024\\\/02\\\/lago_de_la_cueva.webp\",\"datePublished\":\"2013-10-07T09:10:30+00:00\",\"dateModified\":\"2025-08-06T09:06:39+00:00\",\"breadcrumb\":{\"@id\":\"https:\\\/\\\/www.escapadarural.com\\\/blog\\\/espana-2o-en-numero-de-reservas-de-la-biosfera\\\/#breadcrumb\"},\"inLanguage\":\"es\",\"potentialAction\":[{\"@type\":\"ReadAction\",\"target\":[\"https:\\\/\\\/www.escapadarural.com\\\/blog\\\/espana-2o-en-numero-de-reservas-de-la-biosfera\\\/\"]}]},{\"@type\":\"ImageObject\",\"inLanguage\":\"es\",\"@id\":\"https:\\\/\\\/www.escapadarural.com\\\/blog\\\/espana-2o-en-numero-de-reservas-de-la-biosfera\\\/#primaryimage\",\"url\":\"https:\\\/\\\/www.escapadarural.com\\\/blog\\\/wp-content\\\/uploads\\\/2024\\\/02\\\/lago_de_la_cueva.webp\",\"contentUrl\":\"https:\\\/\\\/www.escapadarural.com\\\/blog\\\/wp-content\\\/uploads\\\/2024\\\/02\\\/lago_de_la_cueva.webp\",\"width\":1024,\"height\":682,\"caption\":\"Lago interior en la cueva de Valporquero. Por Noradoa\"},{\"@type\":\"BreadcrumbList\",\"@id\":\"https:\\\/\\\/www.escapadarural.com\\\/blog\\\/espana-2o-en-numero-de-reservas-de-la-biosfera\\\/#breadcrumb\",\"itemListElement\":[{\"@type\":\"ListItem\",\"position\":1,\"name\":\"Inicio\",\"item\":\"https:\\\/\\\/www.escapadarural.com\\\/blog\\\/\"},{\"@type\":\"ListItem\",\"position\":2,\"name\":\"Arte y Cultura\",\"item\":\"https:\\\/\\\/www.escapadarural.com\\\/blog\\\/categoria\\\/arte-y-cultura\\\/\"},{\"@type\":\"ListItem\",\"position\":3,\"name\":\"Espa\u00f1a, 2\u00ba en n\u00famero de Reservas de la Biosfera\"}]},{\"@type\":\"WebSite\",\"@id\":\"https:\\\/\\\/www.escapadarural.com\\\/blog\\\/#website\",\"url\":\"https:\\\/\\\/www.escapadarural.com\\\/blog\\\/\",\"name\":\"Blog de viajes | turismo rural, alojamientos e inspiraci\u00f3n\",\"description\":\"Alojamientos rurales e inspiraci\u00f3n para tus escapadas\",\"publisher\":{\"@id\":\"https:\\\/\\\/www.escapadarural.com\\\/blog\\\/#organization\"},\"alternateName\":\"Magazine de viajes de EscapadaRural\",\"potentialAction\":[{\"@type\":\"SearchAction\",\"target\":{\"@type\":\"EntryPoint\",\"urlTemplate\":\"https:\\\/\\\/www.escapadarural.com\\\/blog\\\/?s={search_term_string}\"},\"query-input\":{\"@type\":\"PropertyValueSpecification\",\"valueRequired\":true,\"valueName\":\"search_term_string\"}}],\"inLanguage\":\"es\"},{\"@type\":\"Organization\",\"@id\":\"https:\\\/\\\/www.escapadarural.com\\\/blog\\\/#organization\",\"name\":\"EscapadaRural\",\"url\":\"https:\\\/\\\/www.escapadarural.com\\\/blog\\\/\",\"logo\":{\"@type\":\"ImageObject\",\"inLanguage\":\"es\",\"@id\":\"https:\\\/\\\/www.escapadarural.com\\\/blog\\\/#\\\/schema\\\/logo\\\/image\\\/\",\"url\":\"https:\\\/\\\/www.escapadarural.com\\\/blog\\\/wp-content\\\/uploads\\\/2024\\\/10\\\/cropped-cropped-escapada-rural-icon-mag-3.png\",\"contentUrl\":\"https:\\\/\\\/www.escapadarural.com\\\/blog\\\/wp-content\\\/uploads\\\/2024\\\/10\\\/cropped-cropped-escapada-rural-icon-mag-3.png\",\"width\":512,\"height\":512,\"caption\":\"EscapadaRural\"},\"image\":{\"@id\":\"https:\\\/\\\/www.escapadarural.com\\\/blog\\\/#\\\/schema\\\/logo\\\/image\\\/\"},\"sameAs\":[\"https:\\\/\\\/www.facebook.com\\\/escapadarural\",\"https:\\\/\\\/www.instagram.com\\\/escapadarural\\\/\",\"https:\\\/\\\/www.youtube.com\\\/@escapadaruralcom\"]},{\"@type\":\"Person\",\"@id\":\"https:\\\/\\\/www.escapadarural.com\\\/blog\\\/#\\\/schema\\\/person\\\/d9ee55ff3e0cef41d6eac8922b4f972c\",\"name\":\"Escapada Rural\",\"image\":{\"@type\":\"ImageObject\",\"inLanguage\":\"es\",\"@id\":\"https:\\\/\\\/www.escapadarural.com\\\/blog\\\/wp-content\\\/uploads\\\/2024\\\/10\\\/cropped-cropped-escapada-rural-icon-mag-3-96x96.png\",\"url\":\"https:\\\/\\\/www.escapadarural.com\\\/blog\\\/wp-content\\\/uploads\\\/2024\\\/10\\\/cropped-cropped-escapada-rural-icon-mag-3-96x96.png\",\"contentUrl\":\"https:\\\/\\\/www.escapadarural.com\\\/blog\\\/wp-content\\\/uploads\\\/2024\\\/10\\\/cropped-cropped-escapada-rural-icon-mag-3-96x96.png\",\"caption\":\"Escapada Rural\"},\"sameAs\":[\"https:\\\/\\\/www.facebook.com\\\/escapadarural\",\"https:\\\/\\\/www.linkedin.com\\\/company\\\/escapada-rural\\\/?originalSubdomain=es\",\"https:\\\/\\\/x.com\\\/https:\\\/\\\/x.com\\\/i\\\/flow\\\/login?redirect_after_login=escapadarural\"],\"url\":\"https:\\\/\\\/www.escapadarural.com\\\/blog\\\/autor\\\/user\\\/\"}]}<\/script>\n<!-- \/ Yoast SEO plugin. -->","yoast_head_json":{"title":"Espa\u00f1a, 2\u00ba en n\u00famero de Reservas de la Biosfera - EscapadaRural","robots":{"index":"index","follow":"follow","max-snippet":"max-snippet:-1","max-image-preview":"max-image-preview:large","max-video-preview":"max-video-preview:-1"},"canonical":"https:\/\/www.escapadarural.com\/blog\/espana-2o-en-numero-de-reservas-de-la-biosfera\/","og_locale":"es_ES","og_type":"article","og_title":"Espa\u00f1a, 2\u00ba en n\u00famero de Reservas de la Biosfera - EscapadaRural","og_description":"Con 45 declaradas, Espa\u00f1a es el segundo pa\u00eds del mundo con m\u00e1s Reservas de la Biosfera...","og_url":"https:\/\/www.escapadarural.com\/blog\/espana-2o-en-numero-de-reservas-de-la-biosfera\/","og_site_name":"Magazine de viajes de EscapadaRural","article_publisher":"https:\/\/www.facebook.com\/escapadarural","article_author":"https:\/\/www.facebook.com\/escapadarural","article_published_time":"2013-10-07T09:10:30+00:00","article_modified_time":"2025-08-06T09:06:39+00:00","og_image":[{"width":1024,"height":682,"url":"https:\/\/www.escapadarural.com\/blog\/wp-content\/uploads\/2024\/02\/lago_de_la_cueva.webp?v=1754471200","type":"image\/webp"}],"author":"Escapada Rural","twitter_card":"summary_large_image","twitter_creator":"@https:\/\/x.com\/i\/flow\/login?redirect_after_login=escapadarural","twitter_misc":{"Escrito por":"Escapada Rural","Tiempo de lectura":"3 minutos"},"schema":{"@context":"https:\/\/schema.org","@graph":[{"@type":"Article","@id":"https:\/\/www.escapadarural.com\/blog\/espana-2o-en-numero-de-reservas-de-la-biosfera\/#article","isPartOf":{"@id":"https:\/\/www.escapadarural.com\/blog\/espana-2o-en-numero-de-reservas-de-la-biosfera\/"},"author":{"name":"Escapada Rural","@id":"https:\/\/www.escapadarural.com\/blog\/#\/schema\/person\/d9ee55ff3e0cef41d6eac8922b4f972c"},"headline":"Espa\u00f1a, 2\u00ba en n\u00famero de Reservas de la Biosfera","datePublished":"2013-10-07T09:10:30+00:00","dateModified":"2025-08-06T09:06:39+00:00","mainEntityOfPage":{"@id":"https:\/\/www.escapadarural.com\/blog\/espana-2o-en-numero-de-reservas-de-la-biosfera\/"},"wordCount":450,"commentCount":7,"publisher":{"@id":"https:\/\/www.escapadarural.com\/blog\/#organization"},"image":{"@id":"https:\/\/www.escapadarural.com\/blog\/espana-2o-en-numero-de-reservas-de-la-biosfera\/#primaryimage"},"thumbnailUrl":"https:\/\/www.escapadarural.com\/blog\/wp-content\/uploads\/2024\/02\/lago_de_la_cueva.webp","keywords":["Asturias","Cantabria","Le\u00f3n","Parque Nacional","Qu\u00e9 ver en los Picos de Europa","Reserva de la Biosfera"],"articleSection":["Arte y Cultura"],"inLanguage":"es","potentialAction":[{"@type":"CommentAction","name":"Comment","target":["https:\/\/www.escapadarural.com\/blog\/espana-2o-en-numero-de-reservas-de-la-biosfera\/#respond"]}]},{"@type":"WebPage","@id":"https:\/\/www.escapadarural.com\/blog\/espana-2o-en-numero-de-reservas-de-la-biosfera\/","url":"https:\/\/www.escapadarural.com\/blog\/espana-2o-en-numero-de-reservas-de-la-biosfera\/","name":"Espa\u00f1a, 2\u00ba en n\u00famero de Reservas de la Biosfera - EscapadaRural","isPartOf":{"@id":"https:\/\/www.escapadarural.com\/blog\/#website"},"primaryImageOfPage":{"@id":"https:\/\/www.escapadarural.com\/blog\/espana-2o-en-numero-de-reservas-de-la-biosfera\/#primaryimage"},"image":{"@id":"https:\/\/www.escapadarural.com\/blog\/espana-2o-en-numero-de-reservas-de-la-biosfera\/#primaryimage"},"thumbnailUrl":"https:\/\/www.escapadarural.com\/blog\/wp-content\/uploads\/2024\/02\/lago_de_la_cueva.webp","datePublished":"2013-10-07T09:10:30+00:00","dateModified":"2025-08-06T09:06:39+00:00","breadcrumb":{"@id":"https:\/\/www.escapadarural.com\/blog\/espana-2o-en-numero-de-reservas-de-la-biosfera\/#breadcrumb"},"inLanguage":"es","potentialAction":[{"@type":"ReadAction","target":["https:\/\/www.escapadarural.com\/blog\/espana-2o-en-numero-de-reservas-de-la-biosfera\/"]}]},{"@type":"ImageObject","inLanguage":"es","@id":"https:\/\/www.escapadarural.com\/blog\/espana-2o-en-numero-de-reservas-de-la-biosfera\/#primaryimage","url":"https:\/\/www.escapadarural.com\/blog\/wp-content\/uploads\/2024\/02\/lago_de_la_cueva.webp","contentUrl":"https:\/\/www.escapadarural.com\/blog\/wp-content\/uploads\/2024\/02\/lago_de_la_cueva.webp","width":1024,"height":682,"caption":"Lago interior en la cueva de Valporquero. Por Noradoa"},{"@type":"BreadcrumbList","@id":"https:\/\/www.escapadarural.com\/blog\/espana-2o-en-numero-de-reservas-de-la-biosfera\/#breadcrumb","itemListElement":[{"@type":"ListItem","position":1,"name":"Inicio","item":"https:\/\/www.escapadarural.com\/blog\/"},{"@type":"ListItem","position":2,"name":"Arte y Cultura","item":"https:\/\/www.escapadarural.com\/blog\/categoria\/arte-y-cultura\/"},{"@type":"ListItem","position":3,"name":"Espa\u00f1a, 2\u00ba en n\u00famero de Reservas de la Biosfera"}]},{"@type":"WebSite","@id":"https:\/\/www.escapadarural.com\/blog\/#website","url":"https:\/\/www.escapadarural.com\/blog\/","name":"Blog de viajes | turismo rural, alojamientos e inspiraci\u00f3n","description":"Alojamientos rurales e inspiraci\u00f3n para tus escapadas","publisher":{"@id":"https:\/\/www.escapadarural.com\/blog\/#organization"},"alternateName":"Magazine de viajes de EscapadaRural","potentialAction":[{"@type":"SearchAction","target":{"@type":"EntryPoint","urlTemplate":"https:\/\/www.escapadarural.com\/blog\/?s={search_term_string}"},"query-input":{"@type":"PropertyValueSpecification","valueRequired":true,"valueName":"search_term_string"}}],"inLanguage":"es"},{"@type":"Organization","@id":"https:\/\/www.escapadarural.com\/blog\/#organization","name":"EscapadaRural","url":"https:\/\/www.escapadarural.com\/blog\/","logo":{"@type":"ImageObject","inLanguage":"es","@id":"https:\/\/www.escapadarural.com\/blog\/#\/schema\/logo\/image\/","url":"https:\/\/www.escapadarural.com\/blog\/wp-content\/uploads\/2024\/10\/cropped-cropped-escapada-rural-icon-mag-3.png","contentUrl":"https:\/\/www.escapadarural.com\/blog\/wp-content\/uploads\/2024\/10\/cropped-cropped-escapada-rural-icon-mag-3.png","width":512,"height":512,"caption":"EscapadaRural"},"image":{"@id":"https:\/\/www.escapadarural.com\/blog\/#\/schema\/logo\/image\/"},"sameAs":["https:\/\/www.facebook.com\/escapadarural","https:\/\/www.instagram.com\/escapadarural\/","https:\/\/www.youtube.com\/@escapadaruralcom"]},{"@type":"Person","@id":"https:\/\/www.escapadarural.com\/blog\/#\/schema\/person\/d9ee55ff3e0cef41d6eac8922b4f972c","name":"Escapada Rural","image":{"@type":"ImageObject","inLanguage":"es","@id":"https:\/\/www.escapadarural.com\/blog\/wp-content\/uploads\/2024\/10\/cropped-cropped-escapada-rural-icon-mag-3-96x96.png","url":"https:\/\/www.escapadarural.com\/blog\/wp-content\/uploads\/2024\/10\/cropped-cropped-escapada-rural-icon-mag-3-96x96.png","contentUrl":"https:\/\/www.escapadarural.com\/blog\/wp-content\/uploads\/2024\/10\/cropped-cropped-escapada-rural-icon-mag-3-96x96.png","caption":"Escapada Rural"},"sameAs":["https:\/\/www.facebook.com\/escapadarural","https:\/\/www.linkedin.com\/company\/escapada-rural\/?originalSubdomain=es","https:\/\/x.com\/https:\/\/x.com\/i\/flow\/login?redirect_after_login=escapadarural"],"url":"https:\/\/www.escapadarural.com\/blog\/autor\/user\/"}]}},"_links":{"self":[{"href":"https:\/\/www.escapadarural.com\/blog\/wp-json\/wp\/v2\/posts\/3085","targetHints":{"allow":["GET"]}}],"collection":[{"href":"https:\/\/www.escapadarural.com\/blog\/wp-json\/wp\/v2\/posts"}],"about":[{"href":"https:\/\/www.escapadarural.com\/blog\/wp-json\/wp\/v2\/types\/post"}],"author":[{"embeddable":true,"href":"https:\/\/www.escapadarural.com\/blog\/wp-json\/wp\/v2\/users\/136"}],"replies":[{"embeddable":true,"href":"https:\/\/www.escapadarural.com\/blog\/wp-json\/wp\/v2\/comments?post=3085"}],"version-history":[{"count":0,"href":"https:\/\/www.escapadarural.com\/blog\/wp-json\/wp\/v2\/posts\/3085\/revisions"}],"wp:featuredmedia":[{"embeddable":true,"href":"https:\/\/www.escapadarural.com\/blog\/wp-json\/wp\/v2\/media\/198770"}],"wp:attachment":[{"href":"https:\/\/www.escapadarural.com\/blog\/wp-json\/wp\/v2\/media?parent=3085"}],"wp:term":[{"taxonomy":"category","embeddable":true,"href":"https:\/\/www.escapadarural.com\/blog\/wp-json\/wp\/v2\/categories?post=3085"},{"taxonomy":"post_tag","embeddable":true,"href":"https:\/\/www.escapadarural.com\/blog\/wp-json\/wp\/v2\/tags?post=3085"}],"curies":[{"name":"wp","href":"https:\/\/api.w.org\/{rel}","templated":true}]}}