{"id":32252,"date":"2020-10-20T08:00:00","date_gmt":"2020-10-20T07:00:00","guid":{"rendered":"https:\/\/www.escapadarural.com\/blog\/?p=32252"},"modified":"2025-08-12T11:34:34","modified_gmt":"2025-08-12T09:34:34","slug":"la-historia-del-castillo-de-pubol-que-dali-regalo-a-gala","status":"publish","type":"post","link":"https:\/\/www.escapadarural.com\/blog\/la-historia-del-castillo-de-pubol-que-dali-regalo-a-gala\/","title":{"rendered":"La historia del castillo de P\u00fabol que Dal\u00ed regal\u00f3 a Gala"},"content":{"rendered":"\n<figure class=\"wp-block-image size-large is-resized\"><a href=\"https:\/\/www.escapadarural.com\/blog\/wp-content\/uploads\/2020\/10\/AdobeStock_55766125-scaled.jpeg\"><img decoding=\"async\" src=\"https:\/\/www.escapadarural.com\/blog\/wp-content\/uploads\/2020\/10\/AdobeStock_55766125-1024x683.jpeg\" alt=\"Castillo de P\u00fabol\" class=\"wp-image-32456\" style=\"width:780px;height:520px\"\/><\/a><figcaption class=\"wp-element-caption\">Castillo de P\u00fabol. Por&nbsp;JackF<\/figcaption><\/figure>\n\n\n\n<p>En 1929, <strong>la escritora brit\u00e1nica Virginia Woolf <\/strong>public\u00f3 su ensayo feminista <em>Una habitaci\u00f3n propia<\/em>. La tesis principal del libro es que una mujer necesita lo que dice el t\u00edtulo adem\u00e1s de dinero para poder escribir su novela. Un espacio que solo le pertenezca a ella, en el que se pueda aislar de las obligaciones y las presiones exteriores y se pueda concentrar en su trabajo intelectual. Un sue\u00f1o que ni siquiera ahora, un siglo despu\u00e9s, es tan f\u00e1cil de conseguir para muchas creadoras.<\/p>\n\n\n\n<p>Sin embargo, <strong>Gala Dal\u00ed no solo tuvo una salita sino un castillo<\/strong> entero, el de P\u00fabol, que ni siquiera pag\u00f3 ella. Fue regalo de su pareja, Salvador Dal\u00ed, que la veneraba y le hubiese dado hasta la luna si hubiese podido. Se conocieron en <a href=\"https:\/\/www.escapadarural.com\/casas-rurales\/cadaques\" class=\"rank-math-link\">Cadaqu\u00e9s<\/a> a finales de la segunda d\u00e9cada del siglo pasado y su amor fue de por vida. En aquel momento ella todav\u00eda era la pareja del poeta franc\u00e9s Paul \u00c9luard, pero la conexi\u00f3n con el joven pintor catal\u00e1n fue inmediata e irreversible.&nbsp;<\/p>\n\n\n\n<p>Vivieron con el surrealismo por bandera y sus personas se mezclaron llegando a una simbiosis que se plasm\u00f3 hasta en la <strong>firma de muchas de las obras: Gala Salvador Dal\u00ed<\/strong>. La investigadora y escritora Estrella de Diego, que ha estudiado la figura de Gala con profundidad, explic\u00f3 en <a href=\"https:\/\/www.youtube.com\/watch?v=lPGw38gLnHA\" target=\"_blank\" aria-label=\" (opens in a new tab)\" rel=\"noreferrer noopener nofollow\" class=\"rank-math-link\">una conferencia<\/a> que: \u201cElla idea y \u00e9l, artista, la ejecuta, quiz\u00e1s lo m\u00e1s f\u00e1cil\u201d.<\/p>\n\n\n\n<figure class=\"wp-block-image size-large\"><a href=\"https:\/\/www.escapadarural.com\/blog\/wp-content\/uploads\/2020\/10\/1024px-Dali_Brunnen_Castell_Pubol.jpg\"><img decoding=\"async\" src=\"https:\/\/www.escapadarural.com\/blog\/wp-content\/uploads\/2020\/10\/1024px-Dali_Brunnen_Castell_Pubol.jpg\" alt=\"Castillo de P\u00fabol\" class=\"wp-image-32458\"\/><\/a><figcaption class=\"wp-element-caption\">Castillo de P\u00fabol. Por Gordito1869<\/figcaption><\/figure>\n\n\n\n<p>Pero Gala, que en realidad se llamaba Elena Dimitrievna Diakonova y hab\u00eda nacido en Kaz\u00e1n en 1894, no solo participaba en las creaciones de Salvador sino que tambi\u00e9n trabajaba por su cuenta. La palabra musa parece su apellido, pero ella era mucho m\u00e1s que una inspiraci\u00f3n para otros, sino que <strong>tambi\u00e9n era una artista activa<\/strong>.<\/p>\n\n\n\n<p>Fue marchante de arte, escritora y una dise\u00f1adora de ropa bastante respetada. Por ejemplo, el famoso <em>sombrero zapato<\/em> se realiz\u00f3 en colaboraci\u00f3n con la reputada Elsa Schiaparelli, una de las creadoras de moda m\u00e1s importantes de la historia. Precisamente, fue en su \u2018fortaleza\u2019 de P\u00fabol donde llev\u00f3 a cabo muchos de sus proyectos con la libertad de la soledad escogida. Si <strong>Salvador Dal\u00ed quer\u00eda visitarla ten\u00eda que ser por invitaci\u00f3n manuscrita<\/strong>. Y en esa guarida, Gala tambi\u00e9n recib\u00eda a sus amantes \u2013ella y su marido ten\u00edan una relaci\u00f3n abierta\u2013 sin tener que dar explicaciones a nadie.<\/p>\n\n\n\n<h2 class=\"wp-block-heading\" id=\"h-donde-esta-el-castillo-de-pubol-y-como-lo-adquirio-dali\"><strong>D\u00f3nde est\u00e1 el castillo de P\u00fabol y c\u00f3mo<\/strong> lo adquiri\u00f3 Dal\u00ed<\/h2>\n\n\n\n<figure class=\"wp-block-image size-large\"><a href=\"https:\/\/www.escapadarural.com\/blog\/wp-content\/uploads\/2020\/10\/035_Castell_de_P\u00fabol_Casa_Museu_Gala_Dal\u00ed_sal\u00f3_dels_escuts_tron_de_Gala-scaled.jpg\"><img decoding=\"async\" src=\"https:\/\/www.escapadarural.com\/blog\/wp-content\/uploads\/2020\/10\/035_Castell_de_P\u00fabol_Casa_Museu_Gala_Dal\u00ed_sal\u00f3_dels_escuts_tron_de_Gala-1024x768.jpg\" alt=\"Castillo de P\u00fabol\" class=\"wp-image-32459\"\/><\/a><figcaption class=\"wp-element-caption\">Castillo de P\u00fabol. Por Enric&nbsp;<\/figcaption><\/figure>\n\n\n\n<p>El <strong>castillo se encuentra en <a href=\"https:\/\/www.escapadarural.com\/casas-rurales\/la-pera\" class=\"rank-math-link\">La Pera<\/a>, un municipio situado en el <a href=\"https:\/\/www.escapadarural.com\/casas-rurales\/baix-emporda\" class=\"rank-math-link\">Baix Empord\u00e0<\/a><\/strong>, en la provincia de <a href=\"https:\/\/www.escapadarural.com\/casas-rurales\/girona\" class=\"rank-math-link\">Girona<\/a>. No fue la primera opci\u00f3n de Salvador Dal\u00ed, que antes intent\u00f3 comprar el castillo de Foix\u00e0, construido en la misma regi\u00f3n y el d&#8217;Empord\u00e0, erigido en <a href=\"https:\/\/www.escapadarural.com\/casas-rurales\/la-bisbal-d-emporda\" class=\"rank-math-link\">La Bisbal<\/a>.&nbsp;<\/p>\n\n\n\n<p>Cuando el artista lo adquiri\u00f3, <strong>el edificio se encontraba casi en ruinas<\/strong>. Pero m\u00e1s que un problema fue una oportunidad para crear una obra m\u00e1s de manera conjunta. Porque se le suele atribuir a Salvador el dise\u00f1o, pero todo lleva tambi\u00e9n la firma de Gala. Al fin y al cabo, ella iba a ser su inquilina.<\/p>\n\n\n\n<figure class=\"wp-block-image size-large\"><a href=\"https:\/\/www.escapadarural.com\/blog\/wp-content\/uploads\/2020\/10\/036_Castell_de_P\u00fabol_Casa_Museu_Gala_Dal\u00ed_sal\u00f3_dels_escuts-scaled.jpg\"><img decoding=\"async\" src=\"https:\/\/www.escapadarural.com\/blog\/wp-content\/uploads\/2020\/10\/036_Castell_de_P\u00fabol_Casa_Museu_Gala_Dal\u00ed_sal\u00f3_dels_escuts-1024x768.jpg\" alt=\"Castillo de P\u00fabol\" class=\"wp-image-32466\"\/><\/a><figcaption class=\"wp-element-caption\">Castillo de P\u00fabol. Por Enric<\/figcaption><\/figure>\n\n\n\n<p>De <strong>origen medieval,<\/strong> est\u00e1 estructurado en tres plantas que se articulan alrededor de un patio estrecho (se calcula que su dise\u00f1o se llev\u00f3 a cabo en el siglo XI). Sus paredes y sus cubiertas estaban muy deterioradas, pero los Dal\u00ed aprovecharon los desperfectos para dar forma a las estancias del castillo, que ten\u00edan formas y dimensiones surrealistas, por supuesto. Seg\u00fan el propio artista, el castillo de P\u00fabol era una prolongaci\u00f3n de <strong>la casa de Portlligat, en Cadaqu\u00e9s.<\/strong> En sus <em>Confesiones inconfesables<\/em> (1973), explica que:<\/p>\n\n\n\n<p>\u201cTodo celebra el culto de Gala, hasta la habitaci\u00f3n redonda, de eco perfecto, que corona el conjunto de la edificaci\u00f3n y que es como una c\u00fapula de esta catedral Gal\u00e1ctica; y cuando me paseo por esta casa, me miro y veo mi concentricidad. Me gusta su rigor moruno. Me faltaba<strong> ofrecer a Gala un estuche m\u00e1s solemnemente<\/strong> digno de nuestro amor\u201d. Despu\u00e9s de la muerte de su compa\u00f1era, en 1982, Salvador Dal\u00ed instal\u00f3 all\u00ed su taller hasta 1984, cuando un incendio arras\u00f3 con partes del edificio y caus\u00f3 importantes quemaduras al artista.<\/p>\n\n\n\n<figure class=\"wp-block-image size-large\"><a href=\"https:\/\/www.escapadarural.com\/blog\/wp-content\/uploads\/2020\/10\/Castillo_de_P\u00f9bol-8-2013_3-scaled.jpg\"><img decoding=\"async\" src=\"https:\/\/www.escapadarural.com\/blog\/wp-content\/uploads\/2020\/10\/Castillo_de_P\u00f9bol-8-2013_3-1024x714.jpg\" alt=\"Castillo de P\u00fabol\" class=\"wp-image-32460\"\/><\/a><figcaption class=\"wp-element-caption\">Jardines del castillo de P\u00fabol<\/figcaption><\/figure>\n\n\n\n<p>Ese estuche-regalo tambi\u00e9n es <strong>el mausoleo donde est\u00e1 enterrada Gala<\/strong>. Se supon\u00eda que era el destino del cuerpo del artista despu\u00e9s de su muerte, pero actualmente reside en su teatro-museo de <a href=\"https:\/\/www.escapadarural.com\/casas-rurales\/figueres\" class=\"rank-math-link\">Figueres<\/a>. Existe cierta pol\u00e9mica en relaci\u00f3n a este tema: Salvador Dal\u00ed hab\u00eda preparado dos tumbas contiguas (en una reside el cuerpo de ella) con un peque\u00f1o conducto que las comunicase y que de esa manera los amantes pudiesen cogerse de la mano durante la eternidad.<\/p>\n\n\n\n<p>Sin embargo, poco antes de morir en 1989, <strong>Salvador Dal\u00ed le expres\u00f3 al alcalde de Figueres<\/strong> en su momento, Mari\u00e0 Llorca, que deseaba ser enterrado en el edificio en el que sigue hoy en d\u00eda. La duda sobre la veracidad de este hecho se basa en que nada qued\u00f3 por escrito ni hab\u00eda otra persona presente. Ha habido numerosas peticiones de rom\u00e1nticos y rom\u00e1nticas que quieren que los amantes descansen juntos para que el cuerpo del artista se traslade a P\u00fabol pero, por el momento, no parece que vaya a ser posible.<\/p>\n\n\n\n<h2 class=\"wp-block-heading\" id=\"h-que-hay-dentro-del-castillo\"><strong>Qu\u00e9 hay dentro<\/strong> del castillo<\/h2>\n\n\n\n<figure class=\"wp-block-image size-large\"><img decoding=\"async\" src=\"https:\/\/www.escapadarural.com\/blog\/wp-content\/uploads\/2020\/10\/Castillo_de_P\u00f9bol-8-2013-1024x686.jpg\" alt=\"Castillo de P\u00fabol\" class=\"wp-image-32461\"\/><figcaption class=\"wp-element-caption\">Castillo de P\u00fabol. Por Alberto-g-rovi<\/figcaption><\/figure>\n\n\n\n<p><strong>En 1996, el castillo se abri\u00f3 al p\u00fablico<\/strong>, que desde entonces puede vivir la experiencia de observar el surrealismo hecho vivienda. All\u00ed reside el trono de Gala \u2013toda reina necesita uno\u2013, el Cadillac azul con el que se desplazaba el matrimonio o las pinturas que \u00e9l plasm\u00f3 en las paredes (muchas de ellas trampantojos).<\/p>\n\n\n\n<p>En la buhardilla se conservan sus <strong>vestidos de Alta Costura firmados por Chanel o Dior<\/strong>, dise\u00f1ador al que el propio Salvador adoraba (quer\u00eda que Gala llevase un vestido rojo elaborado por \u00e9l en la tumba. Finalmente no fue as\u00ed). Adem\u00e1s, tambi\u00e9n se puede visitar su habitaci\u00f3n y ver algunos objetos como su tocador. Por supuesto, tambi\u00e9n est\u00e1 el jard\u00edn con las esculturas de los elefantes de patas escu\u00e1lidas y la piscina con bustos de Wagner. Asimismo se puede ver el carruaje con el que Gala se mov\u00eda por la regi\u00f3n y las b\u00f3vedas decoradas con las pinturas del enamorado.<\/p>\n\n\n\n<figure class=\"wp-block-image size-large\"><a href=\"https:\/\/www.escapadarural.com\/blog\/wp-content\/uploads\/2020\/10\/053_Castell_de_P\u00fabol_Casa_Museu_Gala_Dal\u00ed_exposici\u00f3_de_vestits_Les_Gales_de_Gala-scaled.jpg\"><img decoding=\"async\" src=\"https:\/\/www.escapadarural.com\/blog\/wp-content\/uploads\/2020\/10\/053_Castell_de_P\u00fabol_Casa_Museu_Gala_Dal\u00ed_exposici\u00f3_de_vestits_Les_Gales_de_Gala-1024x768.jpg\" alt=\"Castillo de P\u00fabol\" class=\"wp-image-32463\"\/><\/a><figcaption class=\"wp-element-caption\">Colecci\u00f3n de ropa de Gala. Por Enric<\/figcaption><\/figure>\n\n\n\n<p>El castillo de P\u00fabol forma parte de lo que se conoce como <strong>\u2018El tri\u00e1ngulo Daliniano\u2019<\/strong> que se completa con el teatro-museo de Figueres y la casa-museo de Portlligat. Una buena idea es leer sobre la historia personal de Salvador Dal\u00ed antes de acudir a dichos espacios: su biograf\u00eda est\u00e1 plagada de l\u00edos familiares, obstinaciones, genialidades, arrebatos y amor por Gala. As\u00ed, al entrar en sus moradas, imaginarse qu\u00e9 pas\u00f3 all\u00ed adentro ser\u00e1 a\u00fan m\u00e1s estimulante para la mente.<\/p>\n\n\n\n<div class=\"wp-block-buttons is-layout-flex wp-block-buttons-is-layout-flex\">\n<div class=\"wp-block-button\"><a class=\"wp-block-button__link wp-element-button\" href=\"https:\/\/www.escapadarural.com\/casas-rurales\/baix-emporda\">Casas rurales en el Baix Empord\u00e0<\/a><\/div>\n<\/div>\n","protected":false},"excerpt":{"rendered":"<p>Gala Dal\u00ed no solo tuvo una salita sino un castillo entero: el castillo de P\u00fabol, que ni siquiera pag\u00f3 ella. Fue regalo de su pareja, Salvador Dal\u00ed, que la veneraba y le hubiese dado hasta la luna si hubiese podido. Se conocieron en Cadaqu\u00e9s a finales de la segunda d\u00e9cada del siglo pasado y su amor fue de por vida.<\/p>\n","protected":false},"author":114,"featured_media":102797,"comment_status":"open","ping_status":"open","sticky":false,"template":"","format":"standard","meta":{"_acf_changed":false,"om_disable_all_campaigns":false,"footnotes":""},"categories":[231],"tags":[260,2903,2904,2905,294,2906,2907,404,2908,870,2909,2910,2911],"class_list":["post-32252","post","type-post","status-publish","format-standard","has-post-thumbnail","hentry","category-arte-y-cultura","tag-articulo","tag-baix-emporda","tag-cadaques","tag-castillo-de-pubol","tag-cultura","tag-figueres","tag-gala","tag-que-ver-en-girona","tag-la-pera","tag-monumentos","tag-portlligat","tag-salvador-dali","tag-surrealismo"],"acf":[],"featured_image_src":"https:\/\/www.escapadarural.com\/blog\/wp-content\/uploads\/2024\/10\/AdobeStock_55766125-1024x683-3.jpeg","author_info":{"display_name":"Carmen L\u00f3pez","author_link":"https:\/\/www.escapadarural.com\/blog\/autor\/carmenlopez\/"},"yoast_head":"<!-- This site is optimized with the Yoast SEO plugin v27.5 - https:\/\/yoast.com\/product\/yoast-seo-wordpress\/ -->\n<title>La historia del castillo de P\u00fabol que Dal\u00ed regal\u00f3 a Gala - EscapadaRural<\/title>\n<meta name=\"robots\" content=\"index, follow, max-snippet:-1, max-image-preview:large, max-video-preview:-1\" \/>\n<link rel=\"canonical\" href=\"https:\/\/www.escapadarural.com\/blog\/la-historia-del-castillo-de-pubol-que-dali-regalo-a-gala\/\" \/>\n<meta property=\"og:locale\" content=\"es_ES\" \/>\n<meta property=\"og:type\" content=\"article\" \/>\n<meta property=\"og:title\" content=\"La historia del castillo de P\u00fabol que Dal\u00ed regal\u00f3 a Gala - EscapadaRural\" \/>\n<meta property=\"og:description\" content=\"Gala Dal\u00ed no solo tuvo una salita sino un castillo entero: el castillo de P\u00fabol, que ni siquiera pag\u00f3 ella. Fue regalo de su pareja, Salvador Dal\u00ed, que la veneraba y le hubiese dado hasta la luna si hubiese podido. Se conocieron en Cadaqu\u00e9s a finales de la segunda d\u00e9cada del siglo pasado y su amor fue de por vida.\" \/>\n<meta property=\"og:url\" content=\"https:\/\/www.escapadarural.com\/blog\/la-historia-del-castillo-de-pubol-que-dali-regalo-a-gala\/\" \/>\n<meta property=\"og:site_name\" content=\"Magazine de viajes de EscapadaRural\" \/>\n<meta property=\"article:publisher\" content=\"https:\/\/www.facebook.com\/escapadarural\" \/>\n<meta property=\"article:published_time\" content=\"2020-10-20T07:00:00+00:00\" \/>\n<meta property=\"article:modified_time\" content=\"2025-08-12T09:34:34+00:00\" \/>\n<meta property=\"og:image\" content=\"https:\/\/www.escapadarural.com\/blog\/wp-content\/uploads\/2024\/10\/AdobeStock_55766125-1024x683-3.jpeg?v=1754991276\" \/>\n\t<meta property=\"og:image:width\" content=\"1024\" \/>\n\t<meta property=\"og:image:height\" content=\"683\" \/>\n\t<meta property=\"og:image:type\" content=\"image\/jpeg\" \/>\n<meta name=\"author\" content=\"Carmen L\u00f3pez\" \/>\n<meta name=\"twitter:card\" content=\"summary_large_image\" \/>\n<meta name=\"twitter:label1\" content=\"Escrito por\" \/>\n\t<meta name=\"twitter:data1\" content=\"Carmen L\u00f3pez\" \/>\n\t<meta name=\"twitter:label2\" content=\"Tiempo de lectura\" \/>\n\t<meta name=\"twitter:data2\" content=\"6 minutos\" \/>\n<script type=\"application\/ld+json\" class=\"yoast-schema-graph\">{\"@context\":\"https:\\\/\\\/schema.org\",\"@graph\":[{\"@type\":\"Article\",\"@id\":\"https:\\\/\\\/www.escapadarural.com\\\/blog\\\/la-historia-del-castillo-de-pubol-que-dali-regalo-a-gala\\\/#article\",\"isPartOf\":{\"@id\":\"https:\\\/\\\/www.escapadarural.com\\\/blog\\\/la-historia-del-castillo-de-pubol-que-dali-regalo-a-gala\\\/\"},\"author\":{\"name\":\"Carmen L\u00f3pez\",\"@id\":\"https:\\\/\\\/www.escapadarural.com\\\/blog\\\/#\\\/schema\\\/person\\\/42dfdff6118172efc6a04c8ae599a2ce\"},\"headline\":\"La historia del castillo de P\u00fabol que Dal\u00ed regal\u00f3 a Gala\",\"datePublished\":\"2020-10-20T07:00:00+00:00\",\"dateModified\":\"2025-08-12T09:34:34+00:00\",\"mainEntityOfPage\":{\"@id\":\"https:\\\/\\\/www.escapadarural.com\\\/blog\\\/la-historia-del-castillo-de-pubol-que-dali-regalo-a-gala\\\/\"},\"wordCount\":1222,\"commentCount\":0,\"publisher\":{\"@id\":\"https:\\\/\\\/www.escapadarural.com\\\/blog\\\/#organization\"},\"image\":{\"@id\":\"https:\\\/\\\/www.escapadarural.com\\\/blog\\\/la-historia-del-castillo-de-pubol-que-dali-regalo-a-gala\\\/#primaryimage\"},\"thumbnailUrl\":\"https:\\\/\\\/www.escapadarural.com\\\/blog\\\/wp-content\\\/uploads\\\/2024\\\/10\\\/AdobeStock_55766125-1024x683-3.jpeg\",\"keywords\":[\"art\u00edculo\",\"Baix Empord\u00e0\",\"Cadaqu\u00e9s\",\"castillo de P\u00fabol\",\"cultura\",\"figueres\",\"gala\",\"Girona\",\"la pera\",\"Monumentos\",\"Portlligat\",\"salvador dal\u00ed\",\"surrealismo\"],\"articleSection\":[\"Arte y Cultura\"],\"inLanguage\":\"es\",\"potentialAction\":[{\"@type\":\"CommentAction\",\"name\":\"Comment\",\"target\":[\"https:\\\/\\\/www.escapadarural.com\\\/blog\\\/la-historia-del-castillo-de-pubol-que-dali-regalo-a-gala\\\/#respond\"]}]},{\"@type\":\"WebPage\",\"@id\":\"https:\\\/\\\/www.escapadarural.com\\\/blog\\\/la-historia-del-castillo-de-pubol-que-dali-regalo-a-gala\\\/\",\"url\":\"https:\\\/\\\/www.escapadarural.com\\\/blog\\\/la-historia-del-castillo-de-pubol-que-dali-regalo-a-gala\\\/\",\"name\":\"La historia del castillo de P\u00fabol que Dal\u00ed regal\u00f3 a Gala - EscapadaRural\",\"isPartOf\":{\"@id\":\"https:\\\/\\\/www.escapadarural.com\\\/blog\\\/#website\"},\"primaryImageOfPage\":{\"@id\":\"https:\\\/\\\/www.escapadarural.com\\\/blog\\\/la-historia-del-castillo-de-pubol-que-dali-regalo-a-gala\\\/#primaryimage\"},\"image\":{\"@id\":\"https:\\\/\\\/www.escapadarural.com\\\/blog\\\/la-historia-del-castillo-de-pubol-que-dali-regalo-a-gala\\\/#primaryimage\"},\"thumbnailUrl\":\"https:\\\/\\\/www.escapadarural.com\\\/blog\\\/wp-content\\\/uploads\\\/2024\\\/10\\\/AdobeStock_55766125-1024x683-3.jpeg\",\"datePublished\":\"2020-10-20T07:00:00+00:00\",\"dateModified\":\"2025-08-12T09:34:34+00:00\",\"breadcrumb\":{\"@id\":\"https:\\\/\\\/www.escapadarural.com\\\/blog\\\/la-historia-del-castillo-de-pubol-que-dali-regalo-a-gala\\\/#breadcrumb\"},\"inLanguage\":\"es\",\"potentialAction\":[{\"@type\":\"ReadAction\",\"target\":[\"https:\\\/\\\/www.escapadarural.com\\\/blog\\\/la-historia-del-castillo-de-pubol-que-dali-regalo-a-gala\\\/\"]}]},{\"@type\":\"ImageObject\",\"inLanguage\":\"es\",\"@id\":\"https:\\\/\\\/www.escapadarural.com\\\/blog\\\/la-historia-del-castillo-de-pubol-que-dali-regalo-a-gala\\\/#primaryimage\",\"url\":\"https:\\\/\\\/www.escapadarural.com\\\/blog\\\/wp-content\\\/uploads\\\/2024\\\/10\\\/AdobeStock_55766125-1024x683-3.jpeg\",\"contentUrl\":\"https:\\\/\\\/www.escapadarural.com\\\/blog\\\/wp-content\\\/uploads\\\/2024\\\/10\\\/AdobeStock_55766125-1024x683-3.jpeg\",\"width\":1024,\"height\":683,\"caption\":\"Una r\u00fastica iglesia de piedra con campanario se alza junto a un campo de trigo, con amapolas rojas floreciendo en primer plano bajo un cielo parcialmente nublado.\"},{\"@type\":\"BreadcrumbList\",\"@id\":\"https:\\\/\\\/www.escapadarural.com\\\/blog\\\/la-historia-del-castillo-de-pubol-que-dali-regalo-a-gala\\\/#breadcrumb\",\"itemListElement\":[{\"@type\":\"ListItem\",\"position\":1,\"name\":\"Inicio\",\"item\":\"https:\\\/\\\/www.escapadarural.com\\\/blog\\\/\"},{\"@type\":\"ListItem\",\"position\":2,\"name\":\"Arte y Cultura\",\"item\":\"https:\\\/\\\/www.escapadarural.com\\\/blog\\\/categoria\\\/arte-y-cultura\\\/\"},{\"@type\":\"ListItem\",\"position\":3,\"name\":\"La historia del castillo de P\u00fabol que Dal\u00ed regal\u00f3 a Gala\"}]},{\"@type\":\"WebSite\",\"@id\":\"https:\\\/\\\/www.escapadarural.com\\\/blog\\\/#website\",\"url\":\"https:\\\/\\\/www.escapadarural.com\\\/blog\\\/\",\"name\":\"Blog de viajes | turismo rural, alojamientos e inspiraci\u00f3n\",\"description\":\"Alojamientos rurales e inspiraci\u00f3n para tus escapadas\",\"publisher\":{\"@id\":\"https:\\\/\\\/www.escapadarural.com\\\/blog\\\/#organization\"},\"alternateName\":\"Magazine de viajes de EscapadaRural\",\"potentialAction\":[{\"@type\":\"SearchAction\",\"target\":{\"@type\":\"EntryPoint\",\"urlTemplate\":\"https:\\\/\\\/www.escapadarural.com\\\/blog\\\/?s={search_term_string}\"},\"query-input\":{\"@type\":\"PropertyValueSpecification\",\"valueRequired\":true,\"valueName\":\"search_term_string\"}}],\"inLanguage\":\"es\"},{\"@type\":\"Organization\",\"@id\":\"https:\\\/\\\/www.escapadarural.com\\\/blog\\\/#organization\",\"name\":\"EscapadaRural\",\"url\":\"https:\\\/\\\/www.escapadarural.com\\\/blog\\\/\",\"logo\":{\"@type\":\"ImageObject\",\"inLanguage\":\"es\",\"@id\":\"https:\\\/\\\/www.escapadarural.com\\\/blog\\\/#\\\/schema\\\/logo\\\/image\\\/\",\"url\":\"https:\\\/\\\/www.escapadarural.com\\\/blog\\\/wp-content\\\/uploads\\\/2024\\\/10\\\/cropped-cropped-escapada-rural-icon-mag-3.png\",\"contentUrl\":\"https:\\\/\\\/www.escapadarural.com\\\/blog\\\/wp-content\\\/uploads\\\/2024\\\/10\\\/cropped-cropped-escapada-rural-icon-mag-3.png\",\"width\":512,\"height\":512,\"caption\":\"EscapadaRural\"},\"image\":{\"@id\":\"https:\\\/\\\/www.escapadarural.com\\\/blog\\\/#\\\/schema\\\/logo\\\/image\\\/\"},\"sameAs\":[\"https:\\\/\\\/www.facebook.com\\\/escapadarural\",\"https:\\\/\\\/www.instagram.com\\\/escapadarural\\\/\",\"https:\\\/\\\/www.youtube.com\\\/@escapadaruralcom\"]},{\"@type\":\"Person\",\"@id\":\"https:\\\/\\\/www.escapadarural.com\\\/blog\\\/#\\\/schema\\\/person\\\/42dfdff6118172efc6a04c8ae599a2ce\",\"name\":\"Carmen L\u00f3pez\",\"image\":{\"@type\":\"ImageObject\",\"inLanguage\":\"es\",\"@id\":\"https:\\\/\\\/www.escapadarural.com\\\/blog\\\/wp-content\\\/uploads\\\/2024\\\/11\\\/cropped-perfil_eldiario-96x96-1-96x96.jpeg\",\"url\":\"https:\\\/\\\/www.escapadarural.com\\\/blog\\\/wp-content\\\/uploads\\\/2024\\\/11\\\/cropped-perfil_eldiario-96x96-1-96x96.jpeg\",\"contentUrl\":\"https:\\\/\\\/www.escapadarural.com\\\/blog\\\/wp-content\\\/uploads\\\/2024\\\/11\\\/cropped-perfil_eldiario-96x96-1-96x96.jpeg\",\"caption\":\"Carmen L\u00f3pez\"},\"description\":\"Soy periodista y escribo sobre cosas que importan en sitios que interesan desde hace m\u00e1s de una d\u00e9cada.\",\"url\":\"https:\\\/\\\/www.escapadarural.com\\\/blog\\\/autor\\\/carmenlopez\\\/\"}]}<\/script>\n<!-- \/ Yoast SEO plugin. -->","yoast_head_json":{"title":"La historia del castillo de P\u00fabol que Dal\u00ed regal\u00f3 a Gala - EscapadaRural","robots":{"index":"index","follow":"follow","max-snippet":"max-snippet:-1","max-image-preview":"max-image-preview:large","max-video-preview":"max-video-preview:-1"},"canonical":"https:\/\/www.escapadarural.com\/blog\/la-historia-del-castillo-de-pubol-que-dali-regalo-a-gala\/","og_locale":"es_ES","og_type":"article","og_title":"La historia del castillo de P\u00fabol que Dal\u00ed regal\u00f3 a Gala - EscapadaRural","og_description":"Gala Dal\u00ed no solo tuvo una salita sino un castillo entero: el castillo de P\u00fabol, que ni siquiera pag\u00f3 ella. Fue regalo de su pareja, Salvador Dal\u00ed, que la veneraba y le hubiese dado hasta la luna si hubiese podido. Se conocieron en Cadaqu\u00e9s a finales de la segunda d\u00e9cada del siglo pasado y su amor fue de por vida.","og_url":"https:\/\/www.escapadarural.com\/blog\/la-historia-del-castillo-de-pubol-que-dali-regalo-a-gala\/","og_site_name":"Magazine de viajes de EscapadaRural","article_publisher":"https:\/\/www.facebook.com\/escapadarural","article_published_time":"2020-10-20T07:00:00+00:00","article_modified_time":"2025-08-12T09:34:34+00:00","og_image":[{"width":1024,"height":683,"url":"https:\/\/www.escapadarural.com\/blog\/wp-content\/uploads\/2024\/10\/AdobeStock_55766125-1024x683-3.jpeg?v=1754991276","type":"image\/jpeg"}],"author":"Carmen L\u00f3pez","twitter_card":"summary_large_image","twitter_misc":{"Escrito por":"Carmen L\u00f3pez","Tiempo de lectura":"6 minutos"},"schema":{"@context":"https:\/\/schema.org","@graph":[{"@type":"Article","@id":"https:\/\/www.escapadarural.com\/blog\/la-historia-del-castillo-de-pubol-que-dali-regalo-a-gala\/#article","isPartOf":{"@id":"https:\/\/www.escapadarural.com\/blog\/la-historia-del-castillo-de-pubol-que-dali-regalo-a-gala\/"},"author":{"name":"Carmen L\u00f3pez","@id":"https:\/\/www.escapadarural.com\/blog\/#\/schema\/person\/42dfdff6118172efc6a04c8ae599a2ce"},"headline":"La historia del castillo de P\u00fabol que Dal\u00ed regal\u00f3 a Gala","datePublished":"2020-10-20T07:00:00+00:00","dateModified":"2025-08-12T09:34:34+00:00","mainEntityOfPage":{"@id":"https:\/\/www.escapadarural.com\/blog\/la-historia-del-castillo-de-pubol-que-dali-regalo-a-gala\/"},"wordCount":1222,"commentCount":0,"publisher":{"@id":"https:\/\/www.escapadarural.com\/blog\/#organization"},"image":{"@id":"https:\/\/www.escapadarural.com\/blog\/la-historia-del-castillo-de-pubol-que-dali-regalo-a-gala\/#primaryimage"},"thumbnailUrl":"https:\/\/www.escapadarural.com\/blog\/wp-content\/uploads\/2024\/10\/AdobeStock_55766125-1024x683-3.jpeg","keywords":["art\u00edculo","Baix Empord\u00e0","Cadaqu\u00e9s","castillo de P\u00fabol","cultura","figueres","gala","Girona","la pera","Monumentos","Portlligat","salvador dal\u00ed","surrealismo"],"articleSection":["Arte y Cultura"],"inLanguage":"es","potentialAction":[{"@type":"CommentAction","name":"Comment","target":["https:\/\/www.escapadarural.com\/blog\/la-historia-del-castillo-de-pubol-que-dali-regalo-a-gala\/#respond"]}]},{"@type":"WebPage","@id":"https:\/\/www.escapadarural.com\/blog\/la-historia-del-castillo-de-pubol-que-dali-regalo-a-gala\/","url":"https:\/\/www.escapadarural.com\/blog\/la-historia-del-castillo-de-pubol-que-dali-regalo-a-gala\/","name":"La historia del castillo de P\u00fabol que Dal\u00ed regal\u00f3 a Gala - EscapadaRural","isPartOf":{"@id":"https:\/\/www.escapadarural.com\/blog\/#website"},"primaryImageOfPage":{"@id":"https:\/\/www.escapadarural.com\/blog\/la-historia-del-castillo-de-pubol-que-dali-regalo-a-gala\/#primaryimage"},"image":{"@id":"https:\/\/www.escapadarural.com\/blog\/la-historia-del-castillo-de-pubol-que-dali-regalo-a-gala\/#primaryimage"},"thumbnailUrl":"https:\/\/www.escapadarural.com\/blog\/wp-content\/uploads\/2024\/10\/AdobeStock_55766125-1024x683-3.jpeg","datePublished":"2020-10-20T07:00:00+00:00","dateModified":"2025-08-12T09:34:34+00:00","breadcrumb":{"@id":"https:\/\/www.escapadarural.com\/blog\/la-historia-del-castillo-de-pubol-que-dali-regalo-a-gala\/#breadcrumb"},"inLanguage":"es","potentialAction":[{"@type":"ReadAction","target":["https:\/\/www.escapadarural.com\/blog\/la-historia-del-castillo-de-pubol-que-dali-regalo-a-gala\/"]}]},{"@type":"ImageObject","inLanguage":"es","@id":"https:\/\/www.escapadarural.com\/blog\/la-historia-del-castillo-de-pubol-que-dali-regalo-a-gala\/#primaryimage","url":"https:\/\/www.escapadarural.com\/blog\/wp-content\/uploads\/2024\/10\/AdobeStock_55766125-1024x683-3.jpeg","contentUrl":"https:\/\/www.escapadarural.com\/blog\/wp-content\/uploads\/2024\/10\/AdobeStock_55766125-1024x683-3.jpeg","width":1024,"height":683,"caption":"Una r\u00fastica iglesia de piedra con campanario se alza junto a un campo de trigo, con amapolas rojas floreciendo en primer plano bajo un cielo parcialmente nublado."},{"@type":"BreadcrumbList","@id":"https:\/\/www.escapadarural.com\/blog\/la-historia-del-castillo-de-pubol-que-dali-regalo-a-gala\/#breadcrumb","itemListElement":[{"@type":"ListItem","position":1,"name":"Inicio","item":"https:\/\/www.escapadarural.com\/blog\/"},{"@type":"ListItem","position":2,"name":"Arte y Cultura","item":"https:\/\/www.escapadarural.com\/blog\/categoria\/arte-y-cultura\/"},{"@type":"ListItem","position":3,"name":"La historia del castillo de P\u00fabol que Dal\u00ed regal\u00f3 a Gala"}]},{"@type":"WebSite","@id":"https:\/\/www.escapadarural.com\/blog\/#website","url":"https:\/\/www.escapadarural.com\/blog\/","name":"Blog de viajes | turismo rural, alojamientos e inspiraci\u00f3n","description":"Alojamientos rurales e inspiraci\u00f3n para tus escapadas","publisher":{"@id":"https:\/\/www.escapadarural.com\/blog\/#organization"},"alternateName":"Magazine de viajes de EscapadaRural","potentialAction":[{"@type":"SearchAction","target":{"@type":"EntryPoint","urlTemplate":"https:\/\/www.escapadarural.com\/blog\/?s={search_term_string}"},"query-input":{"@type":"PropertyValueSpecification","valueRequired":true,"valueName":"search_term_string"}}],"inLanguage":"es"},{"@type":"Organization","@id":"https:\/\/www.escapadarural.com\/blog\/#organization","name":"EscapadaRural","url":"https:\/\/www.escapadarural.com\/blog\/","logo":{"@type":"ImageObject","inLanguage":"es","@id":"https:\/\/www.escapadarural.com\/blog\/#\/schema\/logo\/image\/","url":"https:\/\/www.escapadarural.com\/blog\/wp-content\/uploads\/2024\/10\/cropped-cropped-escapada-rural-icon-mag-3.png","contentUrl":"https:\/\/www.escapadarural.com\/blog\/wp-content\/uploads\/2024\/10\/cropped-cropped-escapada-rural-icon-mag-3.png","width":512,"height":512,"caption":"EscapadaRural"},"image":{"@id":"https:\/\/www.escapadarural.com\/blog\/#\/schema\/logo\/image\/"},"sameAs":["https:\/\/www.facebook.com\/escapadarural","https:\/\/www.instagram.com\/escapadarural\/","https:\/\/www.youtube.com\/@escapadaruralcom"]},{"@type":"Person","@id":"https:\/\/www.escapadarural.com\/blog\/#\/schema\/person\/42dfdff6118172efc6a04c8ae599a2ce","name":"Carmen L\u00f3pez","image":{"@type":"ImageObject","inLanguage":"es","@id":"https:\/\/www.escapadarural.com\/blog\/wp-content\/uploads\/2024\/11\/cropped-perfil_eldiario-96x96-1-96x96.jpeg","url":"https:\/\/www.escapadarural.com\/blog\/wp-content\/uploads\/2024\/11\/cropped-perfil_eldiario-96x96-1-96x96.jpeg","contentUrl":"https:\/\/www.escapadarural.com\/blog\/wp-content\/uploads\/2024\/11\/cropped-perfil_eldiario-96x96-1-96x96.jpeg","caption":"Carmen L\u00f3pez"},"description":"Soy periodista y escribo sobre cosas que importan en sitios que interesan desde hace m\u00e1s de una d\u00e9cada.","url":"https:\/\/www.escapadarural.com\/blog\/autor\/carmenlopez\/"}]}},"_links":{"self":[{"href":"https:\/\/www.escapadarural.com\/blog\/wp-json\/wp\/v2\/posts\/32252","targetHints":{"allow":["GET"]}}],"collection":[{"href":"https:\/\/www.escapadarural.com\/blog\/wp-json\/wp\/v2\/posts"}],"about":[{"href":"https:\/\/www.escapadarural.com\/blog\/wp-json\/wp\/v2\/types\/post"}],"author":[{"embeddable":true,"href":"https:\/\/www.escapadarural.com\/blog\/wp-json\/wp\/v2\/users\/114"}],"replies":[{"embeddable":true,"href":"https:\/\/www.escapadarural.com\/blog\/wp-json\/wp\/v2\/comments?post=32252"}],"version-history":[{"count":0,"href":"https:\/\/www.escapadarural.com\/blog\/wp-json\/wp\/v2\/posts\/32252\/revisions"}],"wp:featuredmedia":[{"embeddable":true,"href":"https:\/\/www.escapadarural.com\/blog\/wp-json\/wp\/v2\/media\/102797"}],"wp:attachment":[{"href":"https:\/\/www.escapadarural.com\/blog\/wp-json\/wp\/v2\/media?parent=32252"}],"wp:term":[{"taxonomy":"category","embeddable":true,"href":"https:\/\/www.escapadarural.com\/blog\/wp-json\/wp\/v2\/categories?post=32252"},{"taxonomy":"post_tag","embeddable":true,"href":"https:\/\/www.escapadarural.com\/blog\/wp-json\/wp\/v2\/tags?post=32252"}],"curies":[{"name":"wp","href":"https:\/\/api.w.org\/{rel}","templated":true}]}}