{"id":33101,"date":"2020-11-04T07:58:00","date_gmt":"2020-11-04T06:58:00","guid":{"rendered":"https:\/\/www.escapadarural.com\/blog\/?p=33101"},"modified":"2024-10-21T12:11:16","modified_gmt":"2024-10-21T10:11:16","slug":"el-hombre-que-quiso-viajar-al-centro-de-la-tierra","status":"publish","type":"post","link":"https:\/\/www.escapadarural.com\/blog\/el-hombre-que-quiso-viajar-al-centro-de-la-tierra\/","title":{"rendered":"El hombre que quiso viajar al centro de la Tierra para comprobar si estaba hueca (y la mujer que lo hizo con la ciencia)"},"content":{"rendered":"\n<figure class=\"wp-block-image size-large\"><a href=\"https:\/\/www.escapadarural.com\/blog\/wp-content\/uploads\/2020\/10\/John_Cleves_Symmes_Jr..jpg\"><img decoding=\"async\" src=\"https:\/\/www.escapadarural.com\/blog\/wp-content\/uploads\/2020\/10\/John_Cleves_Symmes_Jr.-834x1024.jpg\" alt=\"John Cleves Symmes, quien quiso explorar el centro de la Tierra\" class=\"wp-image-33174\"\/><\/a><figcaption>John Cleves Symmes. Por Wikimedia<\/figcaption><\/figure>\n\n\n\n<p>\u00abDeclaro que la Tierra est\u00e1 vac\u00eda y es habitable\u00bb es lo que, m\u00e1s o menos, vino a decir <strong>John Cleves Symmes<\/strong>, de Ohio, all\u00e1 por abril de 1818. Y estaba dispuesto a demostrarlo a todo el mundo.<\/p>\n\n\n\n<p>Para llevar a cabo su plan, estaba dispuesto a liderar un viaje al interior de nuestro planeta, llegando m\u00e1s all\u00e1 de lo que nadie hab\u00eda llegado jam\u00e1s. No le faltaban arrestos, habilidades y hasta visi\u00f3n, pues Symmes era un excapit\u00e1n del ej\u00e9rcito de treinta y ocho a\u00f1os de edad.<\/p>\n\n\n\n<h2 class=\"wp-block-heading\"><strong>Polo Norte y Sur<\/strong><\/h2>\n\n\n\n<p>Para persuadir a la gente m\u00e1s valiente y preparada del pa\u00eds a fin de que le acompa\u00f1ara en su traves\u00eda, <strong>escribi\u00f3 una carta a quinientas personas escogidas<\/strong>, entre las que se encontraban cient\u00edficos, directores de peri\u00f3dicos, profesores, congresistas y hasta alg\u00fan pr\u00edncipe europeo.<\/p>\n\n\n\n<p>En su carta podemos leer: \u00abSolicito cien compa\u00f1eros valerosos y bien equipados para empezar en Siberia en oto\u00f1o con renos y trineos sobre el mar helado. Y me comprometo a que encontraremos una tierra c\u00e1lida y f\u00e9rtil abastecida de verduras sabrosas y animales, si no hombres\u00bb.<\/p>\n\n\n\n<p><img decoding=\"async\" class=\"wp-image-33103\" style=\"width: 700px\" src=\"https:\/\/www.escapadarural.com\/blog\/wp-content\/uploads\/2020\/10\/Hollow_Leavitt_FI.png\" alt=\"\"><\/p>\n\n\n\n<p>\u00bfRenos y trineos? En efecto. Porque Symmes estaba convencido de que al interior de la Tierra se pod\u00eda llegar a trav\u00e9s de <strong>unas enormes aberturas circulares en los polos Norte y Sur<\/strong>.<\/p>\n\n\n\n<p>Hemos de recordar que <strong><a href=\"https:\/\/es.wikipedia.org\/wiki\/Julio_Verne\" class=\"rank-math-link\" target=\"_blank\">Julio Verne<\/a><\/strong> a\u00fan no hab\u00eda escrito su c\u00e9lebre novela <em>Viaje al centro de la Tierra<\/em>. En aquella obra de 1864, el escritor franc\u00e9s contaba c\u00f3mo, siguiendo las instrucciones de un documento, una expedici\u00f3n se propon\u00eda llegar al centro de la Tierra accediendo por el volc\u00e1n Sn\u00e6fellsj\u00f6kull, en Islandia.<\/p>\n\n\n\n<p>Quiz\u00e1 por ello, porque la idea de viajar al centro de la Tierra ni siquiera era popular, nadie respondi\u00f3 a las misivas enviadas por Symmes. Inasequible al desaliento, entonces inici\u00f3 una gira de conferencias a fin de divulgar sus teor\u00edas, as\u00ed como su inter\u00e9s por realizar aquella expedici\u00f3n a lo desconocido.<\/p>\n\n\n\n<p>Symmes contaba a una audiencia entre asombrada y esc\u00e9ptica que el interior de nuestro mundo estaba formado por diversas esferas conc\u00e9ntricas y s\u00f3lidas, <strong>una dentro de la otra como <em>matrioshkas<\/em><\/strong>, y que estas albergaban formas de vida desconocidas, y tal vez razas humanas no descubiertas.<\/p>\n\n\n\n<p>Resulta indudable que Symmes alcanz\u00f3 cierta fama. Ten\u00eda dotes dram\u00e1ticas y sus relatos eran muy sugerentes, que se publicaron incluso en peri\u00f3dicos y revistas. Alg\u00fan gacetillero le lleg\u00f3 a tildar de \u00abNewton de Occidente\u00bb.<\/p>\n\n\n\n<p>Con todo, en 1829, durante una gira de conferencias por Canad\u00e1 y Nueva Inglaterra, <strong>Symmes cay\u00f3 enfermo y falleci\u00f3<\/strong>. Muchos le tomaron por loco. <\/p>\n\n\n\n<p>Los cient\u00edficos de la \u00e9poca no dieron demasiado cr\u00e9dito a sus tesis. Sin embargo, inspir\u00f3 a algunos escritores como Edgar Allan Poe, que us\u00f3 sus teor\u00edas para escribir <em>La narraci\u00f3n de Arthur Gordon Pym<\/em>. <\/p>\n\n\n\n<p>M\u00e1s tarde, el mismo Julio Verne tambi\u00e9n escribir\u00eda inspirado parcialmente por aquellas teor\u00edas <em>Viaje al centro de la Tierra<\/em>. Como tambi\u00e9n hicieron lo propio autores como H.G. Wells, Edgard Rice Burroughs o L. Frank Baum. <\/p>\n\n\n\n<p>En la \u00faltima d\u00e9cada del siglo XIX, <strong>se publicaron solo en Estados Unidos m\u00e1s de cien novelas sobre formas de vida subterr\u00e1neas<\/strong>.<\/p>\n\n\n\n<p><img decoding=\"async\" class=\"wp-image-33104\" style=\"width: 700px\" src=\"https:\/\/www.escapadarural.com\/blog\/wp-content\/uploads\/2020\/10\/Symmes_Concentric_Spheres.png\" alt=\"\"><\/p>\n\n\n\n<h2 class=\"wp-block-heading\"><strong>La discontinuidad s\u00edsmica de Lehmann<\/strong><\/h2>\n\n\n\n<p>Sin embargo, fue una mujer la que, en 1936, desmont\u00f3 \u00e9sta y otras hip\u00f3tesis, como la de que el n\u00facleo era simplemente una esfera \u00fanica. <\/p>\n\n\n\n<p>Se llamaba <strong>Inge Lehmann<\/strong>, y era una sism\u00f3loga danesa que publicar\u00eda un estudio titulado sucintamente como \u00abP&#8217;\u00bb (por las ondas P, ondas primarias en el registro sismol\u00f3gico). <\/p>\n\n\n\n<p>El estudio describ\u00eda una nueva discontinuidad s\u00edsmica en la estructura de la Tierra, que ahora se conoce como la <strong>discontinuidad de Lehmann<\/strong>, que separa el n\u00facleo externo del n\u00facleo interno.<\/p>\n\n\n\n<figure class=\"wp-block-embed-youtube wp-block-embed is-type-video is-provider-youtube wp-embed-aspect-16-9 wp-has-aspect-ratio\"><div class=\"wp-block-embed__wrapper\">\n<span class=\"mSM6DlTxYmoaqiATfsyodPadkB5wzjKnGY4uUcNtLF74W519Z3cQIRbUi8nDCGtV\"><div class=\"video-shortcode\"><iframe title=\"\u00bfC\u00f3mo sabemos que la Tierra no es hueca? | Inge Lehmann | MUJERES EN LA CIENCIA\" width=\"1200\" height=\"675\" src=\"https:\/\/www.youtube.com\/embed\/yXlRFfzsiHk?feature=oembed\" frameborder=\"0\" allow=\"accelerometer; autoplay; clipboard-write; encrypted-media; gyroscope; picture-in-picture; web-share\" referrerpolicy=\"strict-origin-when-cross-origin\" allowfullscreen><\/iframe><\/div><\/span>\n<\/div><\/figure>\n\n\n\n<p>Midiendo las ondas s\u00edsmicas, Lehmann lleg\u00f3 a la conclusi\u00f3n de que el n\u00facleo interno de nuestro planeta deb\u00eda medir unos 2.440 km, es decir, aproximadamente el 70% del tama\u00f1o de la Luna. Adem\u00e1s, tambi\u00e9n descubrir\u00eda que <strong>alcanzaba una temperatura muy elevada, probablemente de 2.727 a 4.727 \u00baC<\/strong>. Una temperatura que, de haberlo sabido, hubiera desalentado incluso al valiente capit\u00e1n Symmes.<\/p>\n\n\n\n<p>A d\u00eda de hoy, todo esto lo sabemos a trav\u00e9s de mediciones indirectas. Apenas hemos logrado penetrar de verdad en la superficie de nuestro planeta: de hecho, si fuera una manzana, ni siquiera habr\u00edamos explorado el 10 % del grosor de la piel, que ya de por s\u00ed constituye una m\u00ednima parte del fruto. No en vano, el agujero m\u00e1s profundo que se ha logrado taladrar, en la Pen\u00ednsula de Kola, <strong>apenas alcanza los 13 km <\/strong>(2.262 m).<\/p>\n\n\n\n<p>Es un hoyo excavado en 1962 como proyecto cient\u00edfico, cuyo objetivo era el de alcanzar una capa muy profunda de la Tierra, pero que se queda en la superficie de la superficie de la superficie de la superficie de un universo subterr\u00e1neo que alcanza hasta los 3.000 km de profundidad. <\/p>\n\n\n\n<p>La perforaci\u00f3n de Kola apenas penetra a trav\u00e9s de un tercio de la corteza continental b\u00e1ltica, cuyo grosor se calcula en 35 km, exponiendo a la luz rocas de 2700 millones de a\u00f1os de antig\u00fcedad existentes en el fondo.<\/p>\n\n\n\n<div class=\"wp-block-image\"><figure class=\"alignleft size-large is-resized\"><a href=\"https:\/\/www.escapadarural.com\/blog\/wp-content\/uploads\/2020\/11\/Inge_Lehman.jpg\"><img loading=\"lazy\" decoding=\"async\" src=\"https:\/\/www.escapadarural.com\/blog\/wp-content\/uploads\/2020\/11\/Inge_Lehman.jpg\" alt=\"Inge Lehmann\" class=\"wp-image-33177\" width=\"300\" height=\"444\"\/><\/a><figcaption>Inge Lehmann. Por Wikimedia<\/figcaption><\/figure><\/div>\n\n\n\n<p>En ese sentido, el interior de nuestro planeta es tan inh\u00f3spito como el espacio exterior. <strong>Bill Bryson<\/strong> lo expresa as\u00ed en su <em>Breve historia de casi todo<\/em>:<\/p>\n\n\n\n<p>\u00abSe ha calculado que si abrieses un pozo que llegase hasta el centro de la Tierra y dejases caer por \u00e9l un ladrillo, s\u00f3lo tardar\u00eda 45 minutos en llegar al fondo.\u00bb<\/p>\n\n\n\n<p>El n\u00facleo del planeta, adem\u00e1s, es tan caliente como el sol y gira como una peonza. Pero todo eso, as\u00ed como otras muchas cosas, solo las sospechamos. <\/p>\n\n\n\n<p>As\u00ed pues, solo sabemos lo que intuimos con las mediciones indirectas de investigadores como Lehmann, o si sencillamente nos dejamos arrastrar por las fantas\u00edas del capit\u00e1n Symmes. Que cada uno escoja la carta que prefiera.\u00a0<\/p>\n","protected":false},"excerpt":{"rendered":"<p>Symmes contaba que el interior de nuestro mundo estaba formado por diversas esferas, una dentro de la otra como matrioshkas, y que albergaban formas de vida desconocidas, y tal vez razas humanas no descubiertas.<\/p>\n","protected":false},"author":120,"featured_media":102709,"comment_status":"open","ping_status":"open","sticky":false,"template":"","format":"standard","meta":{"_acf_changed":false,"om_disable_all_campaigns":false,"footnotes":""},"categories":[279],"tags":[2955,2386,2956,2957,2601],"class_list":["post-33101","post","type-post","status-publish","format-standard","has-post-thumbnail","hentry","category-ciencia","tag-centro-de-la-tierra","tag-ciencia","tag-inge-lehmann","tag-john-cleves-symmes","tag-tierra"],"acf":[],"featured_image_src":"https:\/\/www.escapadarural.com\/blog\/wp-content\/uploads\/2024\/10\/John_Cleves_Symmes_Jr.-834x1024-3.jpg","author_info":{"display_name":"Sergio Parra","author_link":"https:\/\/www.escapadarural.com\/blog\/autor\/sergio\/"},"yoast_head":"<!-- This site is optimized with the Yoast SEO plugin v27.5 - https:\/\/yoast.com\/product\/yoast-seo-wordpress\/ -->\n<title>El hombre que quiso viajar al centro de la Tierra para comprobar si estaba hueca (y la mujer que lo hizo con la ciencia) - EscapadaRural<\/title>\n<meta name=\"robots\" content=\"index, follow, max-snippet:-1, max-image-preview:large, max-video-preview:-1\" \/>\n<link rel=\"canonical\" href=\"https:\/\/www.escapadarural.com\/blog\/el-hombre-que-quiso-viajar-al-centro-de-la-tierra\/\" \/>\n<meta property=\"og:locale\" content=\"es_ES\" \/>\n<meta property=\"og:type\" content=\"article\" \/>\n<meta property=\"og:title\" content=\"El hombre que quiso viajar al centro de la Tierra para comprobar si estaba hueca (y la mujer que lo hizo con la ciencia) - EscapadaRural\" \/>\n<meta property=\"og:description\" content=\"Symmes contaba que el interior de nuestro mundo estaba formado por diversas esferas, una dentro de la otra como matrioshkas, y que albergaban formas de vida desconocidas, y tal vez razas humanas no descubiertas.\" \/>\n<meta property=\"og:url\" content=\"https:\/\/www.escapadarural.com\/blog\/el-hombre-que-quiso-viajar-al-centro-de-la-tierra\/\" \/>\n<meta property=\"og:site_name\" content=\"Magazine de viajes de EscapadaRural\" \/>\n<meta property=\"article:publisher\" content=\"https:\/\/www.facebook.com\/escapadarural\" \/>\n<meta property=\"article:published_time\" content=\"2020-11-04T06:58:00+00:00\" \/>\n<meta property=\"article:modified_time\" content=\"2024-10-21T10:11:16+00:00\" \/>\n<meta property=\"og:image\" content=\"https:\/\/www.escapadarural.com\/blog\/wp-content\/uploads\/2024\/10\/John_Cleves_Symmes_Jr.-834x1024-3.jpg\" \/>\n\t<meta property=\"og:image:width\" content=\"834\" \/>\n\t<meta property=\"og:image:height\" content=\"1024\" \/>\n\t<meta property=\"og:image:type\" content=\"image\/jpeg\" \/>\n<meta name=\"author\" content=\"Sergio Parra\" \/>\n<meta name=\"twitter:card\" content=\"summary_large_image\" \/>\n<meta name=\"twitter:label1\" content=\"Escrito por\" \/>\n\t<meta name=\"twitter:data1\" content=\"Sergio Parra\" \/>\n\t<meta name=\"twitter:label2\" content=\"Tiempo de lectura\" \/>\n\t<meta name=\"twitter:data2\" content=\"5 minutos\" \/>\n<script type=\"application\/ld+json\" class=\"yoast-schema-graph\">{\"@context\":\"https:\\\/\\\/schema.org\",\"@graph\":[{\"@type\":\"Article\",\"@id\":\"https:\\\/\\\/www.escapadarural.com\\\/blog\\\/el-hombre-que-quiso-viajar-al-centro-de-la-tierra\\\/#article\",\"isPartOf\":{\"@id\":\"https:\\\/\\\/www.escapadarural.com\\\/blog\\\/el-hombre-que-quiso-viajar-al-centro-de-la-tierra\\\/\"},\"author\":{\"name\":\"Sergio Parra\",\"@id\":\"https:\\\/\\\/www.escapadarural.com\\\/blog\\\/#\\\/schema\\\/person\\\/b19b2221b2fc03d3ab5ec82d81f7a678\"},\"headline\":\"El hombre que quiso viajar al centro de la Tierra para comprobar si estaba hueca (y la mujer que lo hizo con la ciencia)\",\"datePublished\":\"2020-11-04T06:58:00+00:00\",\"dateModified\":\"2024-10-21T10:11:16+00:00\",\"mainEntityOfPage\":{\"@id\":\"https:\\\/\\\/www.escapadarural.com\\\/blog\\\/el-hombre-que-quiso-viajar-al-centro-de-la-tierra\\\/\"},\"wordCount\":1060,\"commentCount\":0,\"publisher\":{\"@id\":\"https:\\\/\\\/www.escapadarural.com\\\/blog\\\/#organization\"},\"image\":{\"@id\":\"https:\\\/\\\/www.escapadarural.com\\\/blog\\\/el-hombre-que-quiso-viajar-al-centro-de-la-tierra\\\/#primaryimage\"},\"thumbnailUrl\":\"https:\\\/\\\/www.escapadarural.com\\\/blog\\\/wp-content\\\/uploads\\\/2024\\\/10\\\/John_Cleves_Symmes_Jr.-834x1024-3.jpg\",\"keywords\":[\"Centro de la Tierra\",\"ciencia\",\"Inge Lehmann\",\"John Cleves Symmes\",\"Tierra\"],\"articleSection\":[\"Ciencia\"],\"inLanguage\":\"es\",\"potentialAction\":[{\"@type\":\"CommentAction\",\"name\":\"Comment\",\"target\":[\"https:\\\/\\\/www.escapadarural.com\\\/blog\\\/el-hombre-que-quiso-viajar-al-centro-de-la-tierra\\\/#respond\"]}]},{\"@type\":\"WebPage\",\"@id\":\"https:\\\/\\\/www.escapadarural.com\\\/blog\\\/el-hombre-que-quiso-viajar-al-centro-de-la-tierra\\\/\",\"url\":\"https:\\\/\\\/www.escapadarural.com\\\/blog\\\/el-hombre-que-quiso-viajar-al-centro-de-la-tierra\\\/\",\"name\":\"El hombre que quiso viajar al centro de la Tierra para comprobar si estaba hueca (y la mujer que lo hizo con la ciencia) - EscapadaRural\",\"isPartOf\":{\"@id\":\"https:\\\/\\\/www.escapadarural.com\\\/blog\\\/#website\"},\"primaryImageOfPage\":{\"@id\":\"https:\\\/\\\/www.escapadarural.com\\\/blog\\\/el-hombre-que-quiso-viajar-al-centro-de-la-tierra\\\/#primaryimage\"},\"image\":{\"@id\":\"https:\\\/\\\/www.escapadarural.com\\\/blog\\\/el-hombre-que-quiso-viajar-al-centro-de-la-tierra\\\/#primaryimage\"},\"thumbnailUrl\":\"https:\\\/\\\/www.escapadarural.com\\\/blog\\\/wp-content\\\/uploads\\\/2024\\\/10\\\/John_Cleves_Symmes_Jr.-834x1024-3.jpg\",\"datePublished\":\"2020-11-04T06:58:00+00:00\",\"dateModified\":\"2024-10-21T10:11:16+00:00\",\"breadcrumb\":{\"@id\":\"https:\\\/\\\/www.escapadarural.com\\\/blog\\\/el-hombre-que-quiso-viajar-al-centro-de-la-tierra\\\/#breadcrumb\"},\"inLanguage\":\"es\",\"potentialAction\":[{\"@type\":\"ReadAction\",\"target\":[\"https:\\\/\\\/www.escapadarural.com\\\/blog\\\/el-hombre-que-quiso-viajar-al-centro-de-la-tierra\\\/\"]}]},{\"@type\":\"ImageObject\",\"inLanguage\":\"es\",\"@id\":\"https:\\\/\\\/www.escapadarural.com\\\/blog\\\/el-hombre-que-quiso-viajar-al-centro-de-la-tierra\\\/#primaryimage\",\"url\":\"https:\\\/\\\/www.escapadarural.com\\\/blog\\\/wp-content\\\/uploads\\\/2024\\\/10\\\/John_Cleves_Symmes_Jr.-834x1024-3.jpg\",\"contentUrl\":\"https:\\\/\\\/www.escapadarural.com\\\/blog\\\/wp-content\\\/uploads\\\/2024\\\/10\\\/John_Cleves_Symmes_Jr.-834x1024-3.jpg\",\"width\":834,\"height\":1024,\"caption\":\"Boceto en blanco y negro de un hombre vestido a la usanza del siglo XIX, sentado ante un escritorio con papeles, un libro e instrumentos cient\u00edficos; al fondo, una ventana redonda y una cortina drapeada.\"},{\"@type\":\"BreadcrumbList\",\"@id\":\"https:\\\/\\\/www.escapadarural.com\\\/blog\\\/el-hombre-que-quiso-viajar-al-centro-de-la-tierra\\\/#breadcrumb\",\"itemListElement\":[{\"@type\":\"ListItem\",\"position\":1,\"name\":\"Inicio\",\"item\":\"https:\\\/\\\/www.escapadarural.com\\\/blog\\\/\"},{\"@type\":\"ListItem\",\"position\":2,\"name\":\"Ciencia\",\"item\":\"https:\\\/\\\/www.escapadarural.com\\\/blog\\\/categoria\\\/ciencia\\\/\"},{\"@type\":\"ListItem\",\"position\":3,\"name\":\"El hombre que quiso viajar al centro de la Tierra para comprobar si estaba hueca (y la mujer que lo hizo con la ciencia)\"}]},{\"@type\":\"WebSite\",\"@id\":\"https:\\\/\\\/www.escapadarural.com\\\/blog\\\/#website\",\"url\":\"https:\\\/\\\/www.escapadarural.com\\\/blog\\\/\",\"name\":\"Blog de viajes | turismo rural, alojamientos e inspiraci\u00f3n\",\"description\":\"Alojamientos rurales e inspiraci\u00f3n para tus escapadas\",\"publisher\":{\"@id\":\"https:\\\/\\\/www.escapadarural.com\\\/blog\\\/#organization\"},\"alternateName\":\"Magazine de viajes de EscapadaRural\",\"potentialAction\":[{\"@type\":\"SearchAction\",\"target\":{\"@type\":\"EntryPoint\",\"urlTemplate\":\"https:\\\/\\\/www.escapadarural.com\\\/blog\\\/?s={search_term_string}\"},\"query-input\":{\"@type\":\"PropertyValueSpecification\",\"valueRequired\":true,\"valueName\":\"search_term_string\"}}],\"inLanguage\":\"es\"},{\"@type\":\"Organization\",\"@id\":\"https:\\\/\\\/www.escapadarural.com\\\/blog\\\/#organization\",\"name\":\"EscapadaRural\",\"url\":\"https:\\\/\\\/www.escapadarural.com\\\/blog\\\/\",\"logo\":{\"@type\":\"ImageObject\",\"inLanguage\":\"es\",\"@id\":\"https:\\\/\\\/www.escapadarural.com\\\/blog\\\/#\\\/schema\\\/logo\\\/image\\\/\",\"url\":\"https:\\\/\\\/www.escapadarural.com\\\/blog\\\/wp-content\\\/uploads\\\/2024\\\/10\\\/cropped-cropped-escapada-rural-icon-mag-3.png\",\"contentUrl\":\"https:\\\/\\\/www.escapadarural.com\\\/blog\\\/wp-content\\\/uploads\\\/2024\\\/10\\\/cropped-cropped-escapada-rural-icon-mag-3.png\",\"width\":512,\"height\":512,\"caption\":\"EscapadaRural\"},\"image\":{\"@id\":\"https:\\\/\\\/www.escapadarural.com\\\/blog\\\/#\\\/schema\\\/logo\\\/image\\\/\"},\"sameAs\":[\"https:\\\/\\\/www.facebook.com\\\/escapadarural\",\"https:\\\/\\\/www.instagram.com\\\/escapadarural\\\/\",\"https:\\\/\\\/www.youtube.com\\\/@escapadaruralcom\"]},{\"@type\":\"Person\",\"@id\":\"https:\\\/\\\/www.escapadarural.com\\\/blog\\\/#\\\/schema\\\/person\\\/b19b2221b2fc03d3ab5ec82d81f7a678\",\"name\":\"Sergio Parra\",\"image\":{\"@type\":\"ImageObject\",\"inLanguage\":\"es\",\"@id\":\"https:\\\/\\\/www.escapadarural.com\\\/blog\\\/wp-content\\\/uploads\\\/2025\\\/02\\\/cropped-sergio_parra.webp\",\"url\":\"https:\\\/\\\/www.escapadarural.com\\\/blog\\\/wp-content\\\/uploads\\\/2025\\\/02\\\/cropped-sergio_parra.webp\",\"contentUrl\":\"https:\\\/\\\/www.escapadarural.com\\\/blog\\\/wp-content\\\/uploads\\\/2025\\\/02\\\/cropped-sergio_parra.webp\",\"caption\":\"Sergio Parra\"},\"description\":\"Juntaletras, divulgador y alfanum\u00e9rico vocacional. Siempre a la caza de historias que iluminen el camino y de ense\u00f1anzas que permitan capturar lo que te salga al paso. Escribo en Yorokobu, Jot Down y Muy Interesante, y soy editor de Xataka Ciencia y Diario del Viajero. Cuando necesito recogimiento, escribo libros. Cuando me siento extrovertido, salgo en el canal de YouTube Optirrealismo o el podcast Xanad\u00fa: Hearst &amp; Kane. Cuando busco perspectiva, me marcho lejos en bicicleta.\",\"sameAs\":[\"https:\\\/\\\/about.me\\\/sergioparra\",\"https:\\\/\\\/www.instagram.com\\\/melvinud\\\/\"],\"url\":\"https:\\\/\\\/www.escapadarural.com\\\/blog\\\/autor\\\/sergio\\\/\"}]}<\/script>\n<!-- \/ Yoast SEO plugin. -->","yoast_head_json":{"title":"El hombre que quiso viajar al centro de la Tierra para comprobar si estaba hueca (y la mujer que lo hizo con la ciencia) - EscapadaRural","robots":{"index":"index","follow":"follow","max-snippet":"max-snippet:-1","max-image-preview":"max-image-preview:large","max-video-preview":"max-video-preview:-1"},"canonical":"https:\/\/www.escapadarural.com\/blog\/el-hombre-que-quiso-viajar-al-centro-de-la-tierra\/","og_locale":"es_ES","og_type":"article","og_title":"El hombre que quiso viajar al centro de la Tierra para comprobar si estaba hueca (y la mujer que lo hizo con la ciencia) - EscapadaRural","og_description":"Symmes contaba que el interior de nuestro mundo estaba formado por diversas esferas, una dentro de la otra como matrioshkas, y que albergaban formas de vida desconocidas, y tal vez razas humanas no descubiertas.","og_url":"https:\/\/www.escapadarural.com\/blog\/el-hombre-que-quiso-viajar-al-centro-de-la-tierra\/","og_site_name":"Magazine de viajes de EscapadaRural","article_publisher":"https:\/\/www.facebook.com\/escapadarural","article_published_time":"2020-11-04T06:58:00+00:00","article_modified_time":"2024-10-21T10:11:16+00:00","og_image":[{"width":834,"height":1024,"url":"https:\/\/www.escapadarural.com\/blog\/wp-content\/uploads\/2024\/10\/John_Cleves_Symmes_Jr.-834x1024-3.jpg","type":"image\/jpeg"}],"author":"Sergio Parra","twitter_card":"summary_large_image","twitter_misc":{"Escrito por":"Sergio Parra","Tiempo de lectura":"5 minutos"},"schema":{"@context":"https:\/\/schema.org","@graph":[{"@type":"Article","@id":"https:\/\/www.escapadarural.com\/blog\/el-hombre-que-quiso-viajar-al-centro-de-la-tierra\/#article","isPartOf":{"@id":"https:\/\/www.escapadarural.com\/blog\/el-hombre-que-quiso-viajar-al-centro-de-la-tierra\/"},"author":{"name":"Sergio Parra","@id":"https:\/\/www.escapadarural.com\/blog\/#\/schema\/person\/b19b2221b2fc03d3ab5ec82d81f7a678"},"headline":"El hombre que quiso viajar al centro de la Tierra para comprobar si estaba hueca (y la mujer que lo hizo con la ciencia)","datePublished":"2020-11-04T06:58:00+00:00","dateModified":"2024-10-21T10:11:16+00:00","mainEntityOfPage":{"@id":"https:\/\/www.escapadarural.com\/blog\/el-hombre-que-quiso-viajar-al-centro-de-la-tierra\/"},"wordCount":1060,"commentCount":0,"publisher":{"@id":"https:\/\/www.escapadarural.com\/blog\/#organization"},"image":{"@id":"https:\/\/www.escapadarural.com\/blog\/el-hombre-que-quiso-viajar-al-centro-de-la-tierra\/#primaryimage"},"thumbnailUrl":"https:\/\/www.escapadarural.com\/blog\/wp-content\/uploads\/2024\/10\/John_Cleves_Symmes_Jr.-834x1024-3.jpg","keywords":["Centro de la Tierra","ciencia","Inge Lehmann","John Cleves Symmes","Tierra"],"articleSection":["Ciencia"],"inLanguage":"es","potentialAction":[{"@type":"CommentAction","name":"Comment","target":["https:\/\/www.escapadarural.com\/blog\/el-hombre-que-quiso-viajar-al-centro-de-la-tierra\/#respond"]}]},{"@type":"WebPage","@id":"https:\/\/www.escapadarural.com\/blog\/el-hombre-que-quiso-viajar-al-centro-de-la-tierra\/","url":"https:\/\/www.escapadarural.com\/blog\/el-hombre-que-quiso-viajar-al-centro-de-la-tierra\/","name":"El hombre que quiso viajar al centro de la Tierra para comprobar si estaba hueca (y la mujer que lo hizo con la ciencia) - EscapadaRural","isPartOf":{"@id":"https:\/\/www.escapadarural.com\/blog\/#website"},"primaryImageOfPage":{"@id":"https:\/\/www.escapadarural.com\/blog\/el-hombre-que-quiso-viajar-al-centro-de-la-tierra\/#primaryimage"},"image":{"@id":"https:\/\/www.escapadarural.com\/blog\/el-hombre-que-quiso-viajar-al-centro-de-la-tierra\/#primaryimage"},"thumbnailUrl":"https:\/\/www.escapadarural.com\/blog\/wp-content\/uploads\/2024\/10\/John_Cleves_Symmes_Jr.-834x1024-3.jpg","datePublished":"2020-11-04T06:58:00+00:00","dateModified":"2024-10-21T10:11:16+00:00","breadcrumb":{"@id":"https:\/\/www.escapadarural.com\/blog\/el-hombre-que-quiso-viajar-al-centro-de-la-tierra\/#breadcrumb"},"inLanguage":"es","potentialAction":[{"@type":"ReadAction","target":["https:\/\/www.escapadarural.com\/blog\/el-hombre-que-quiso-viajar-al-centro-de-la-tierra\/"]}]},{"@type":"ImageObject","inLanguage":"es","@id":"https:\/\/www.escapadarural.com\/blog\/el-hombre-que-quiso-viajar-al-centro-de-la-tierra\/#primaryimage","url":"https:\/\/www.escapadarural.com\/blog\/wp-content\/uploads\/2024\/10\/John_Cleves_Symmes_Jr.-834x1024-3.jpg","contentUrl":"https:\/\/www.escapadarural.com\/blog\/wp-content\/uploads\/2024\/10\/John_Cleves_Symmes_Jr.-834x1024-3.jpg","width":834,"height":1024,"caption":"Boceto en blanco y negro de un hombre vestido a la usanza del siglo XIX, sentado ante un escritorio con papeles, un libro e instrumentos cient\u00edficos; al fondo, una ventana redonda y una cortina drapeada."},{"@type":"BreadcrumbList","@id":"https:\/\/www.escapadarural.com\/blog\/el-hombre-que-quiso-viajar-al-centro-de-la-tierra\/#breadcrumb","itemListElement":[{"@type":"ListItem","position":1,"name":"Inicio","item":"https:\/\/www.escapadarural.com\/blog\/"},{"@type":"ListItem","position":2,"name":"Ciencia","item":"https:\/\/www.escapadarural.com\/blog\/categoria\/ciencia\/"},{"@type":"ListItem","position":3,"name":"El hombre que quiso viajar al centro de la Tierra para comprobar si estaba hueca (y la mujer que lo hizo con la ciencia)"}]},{"@type":"WebSite","@id":"https:\/\/www.escapadarural.com\/blog\/#website","url":"https:\/\/www.escapadarural.com\/blog\/","name":"Blog de viajes | turismo rural, alojamientos e inspiraci\u00f3n","description":"Alojamientos rurales e inspiraci\u00f3n para tus escapadas","publisher":{"@id":"https:\/\/www.escapadarural.com\/blog\/#organization"},"alternateName":"Magazine de viajes de EscapadaRural","potentialAction":[{"@type":"SearchAction","target":{"@type":"EntryPoint","urlTemplate":"https:\/\/www.escapadarural.com\/blog\/?s={search_term_string}"},"query-input":{"@type":"PropertyValueSpecification","valueRequired":true,"valueName":"search_term_string"}}],"inLanguage":"es"},{"@type":"Organization","@id":"https:\/\/www.escapadarural.com\/blog\/#organization","name":"EscapadaRural","url":"https:\/\/www.escapadarural.com\/blog\/","logo":{"@type":"ImageObject","inLanguage":"es","@id":"https:\/\/www.escapadarural.com\/blog\/#\/schema\/logo\/image\/","url":"https:\/\/www.escapadarural.com\/blog\/wp-content\/uploads\/2024\/10\/cropped-cropped-escapada-rural-icon-mag-3.png","contentUrl":"https:\/\/www.escapadarural.com\/blog\/wp-content\/uploads\/2024\/10\/cropped-cropped-escapada-rural-icon-mag-3.png","width":512,"height":512,"caption":"EscapadaRural"},"image":{"@id":"https:\/\/www.escapadarural.com\/blog\/#\/schema\/logo\/image\/"},"sameAs":["https:\/\/www.facebook.com\/escapadarural","https:\/\/www.instagram.com\/escapadarural\/","https:\/\/www.youtube.com\/@escapadaruralcom"]},{"@type":"Person","@id":"https:\/\/www.escapadarural.com\/blog\/#\/schema\/person\/b19b2221b2fc03d3ab5ec82d81f7a678","name":"Sergio Parra","image":{"@type":"ImageObject","inLanguage":"es","@id":"https:\/\/www.escapadarural.com\/blog\/wp-content\/uploads\/2025\/02\/cropped-sergio_parra.webp","url":"https:\/\/www.escapadarural.com\/blog\/wp-content\/uploads\/2025\/02\/cropped-sergio_parra.webp","contentUrl":"https:\/\/www.escapadarural.com\/blog\/wp-content\/uploads\/2025\/02\/cropped-sergio_parra.webp","caption":"Sergio Parra"},"description":"Juntaletras, divulgador y alfanum\u00e9rico vocacional. Siempre a la caza de historias que iluminen el camino y de ense\u00f1anzas que permitan capturar lo que te salga al paso. Escribo en Yorokobu, Jot Down y Muy Interesante, y soy editor de Xataka Ciencia y Diario del Viajero. Cuando necesito recogimiento, escribo libros. Cuando me siento extrovertido, salgo en el canal de YouTube Optirrealismo o el podcast Xanad\u00fa: Hearst &amp; Kane. Cuando busco perspectiva, me marcho lejos en bicicleta.","sameAs":["https:\/\/about.me\/sergioparra","https:\/\/www.instagram.com\/melvinud\/"],"url":"https:\/\/www.escapadarural.com\/blog\/autor\/sergio\/"}]}},"_links":{"self":[{"href":"https:\/\/www.escapadarural.com\/blog\/wp-json\/wp\/v2\/posts\/33101","targetHints":{"allow":["GET"]}}],"collection":[{"href":"https:\/\/www.escapadarural.com\/blog\/wp-json\/wp\/v2\/posts"}],"about":[{"href":"https:\/\/www.escapadarural.com\/blog\/wp-json\/wp\/v2\/types\/post"}],"author":[{"embeddable":true,"href":"https:\/\/www.escapadarural.com\/blog\/wp-json\/wp\/v2\/users\/120"}],"replies":[{"embeddable":true,"href":"https:\/\/www.escapadarural.com\/blog\/wp-json\/wp\/v2\/comments?post=33101"}],"version-history":[{"count":0,"href":"https:\/\/www.escapadarural.com\/blog\/wp-json\/wp\/v2\/posts\/33101\/revisions"}],"wp:featuredmedia":[{"embeddable":true,"href":"https:\/\/www.escapadarural.com\/blog\/wp-json\/wp\/v2\/media\/102709"}],"wp:attachment":[{"href":"https:\/\/www.escapadarural.com\/blog\/wp-json\/wp\/v2\/media?parent=33101"}],"wp:term":[{"taxonomy":"category","embeddable":true,"href":"https:\/\/www.escapadarural.com\/blog\/wp-json\/wp\/v2\/categories?post=33101"},{"taxonomy":"post_tag","embeddable":true,"href":"https:\/\/www.escapadarural.com\/blog\/wp-json\/wp\/v2\/tags?post=33101"}],"curies":[{"name":"wp","href":"https:\/\/api.w.org\/{rel}","templated":true}]}}