{"id":3379,"date":"2023-10-01T10:16:49","date_gmt":"2023-10-01T09:16:49","guid":{"rendered":"http:\/\/15.188.81.248\/2015\/10\/13\/bosques-otonales-donde-podrian-habitar-los-elfos-del-hobbit\/"},"modified":"2025-09-05T11:49:22","modified_gmt":"2025-09-05T09:49:22","slug":"bosques-otonales-y-preciosos-en-espana","status":"publish","type":"post","link":"https:\/\/www.escapadarural.com\/blog\/bosques-otonales-y-preciosos-en-espana\/","title":{"rendered":"7 bosques oto\u00f1ales donde podr\u00edan vivir elfos"},"content":{"rendered":"\n<figure class=\"wp-block-image size-large\"><img decoding=\"async\" src=\"https:\/\/www.escapadarural.com\/blog\/wp-content\/uploads\/2023\/10\/AdobeStock_36473791-1024x571-1.jpeg\" alt=\"Muniello\" class=\"wp-image-32994\"\/><figcaption class=\"wp-element-caption\">Por&nbsp;StockPhotoAstur<\/figcaption><\/figure>\n\n\n\n<p>Queremos luchar contra un <strong>oto\u00f1o melanc\u00f3lico<\/strong> y mandar un mensaje: las hojas en el suelo no se mueren, se renuevan. El color naranja (o amarillo o rojo o morado) es tan esperanzador como el verde. Las bufandas le quedan bien a todo el mundo. Las <a aria-label=\" (opens in a new tab)\" rel=\"noreferrer noopener\" href=\"\/blog\/turismo-rural-al-calorcito\/\" target=\"_blank\" class=\"rank-math-link\">casas rurales con chimenea<\/a> son irresistibles. Nos encantan los <a aria-label=\" (opens in a new tab)\" rel=\"noreferrer noopener\" href=\"\/blog\/bosques-para-recibir-el-otono-en-espana\/\" target=\"_blank\" class=\"rank-math-link\">bosques oto\u00f1ales<\/a> y sabemos que en un futuro inmediato <a aria-label=\" (opens in a new tab)\" rel=\"noreferrer noopener\" href=\"\/blog\/una-ardilla-atravesara-espana-sin-pisar-suelo\/\" target=\"_blank\" class=\"rank-math-link\">una ardilla podr\u00e1 cruzar el pa\u00eds sin tocar el suelo<\/a>. Y otra cosa: en estos bosques podr\u00edan habitar elfos. Viva el oto\u00f1o.<\/p>\n\n\n\n<div class=\"wp-block-buttons is-layout-flex wp-block-buttons-is-layout-flex\">\n<div class=\"wp-block-button\"><a class=\"wp-block-button__link wp-element-button\" href=\"\/casas-rurales\" target=\"_blank\" rel=\"noreferrer noopener\">Encuentra tu alojamiento<\/a><\/div>\n<\/div>\n\n\n\n<h2 class=\"wp-block-heading title-rute\" id=\"h-hayedo-de-otzarreta\">Hayedo de Otzarreta<\/h2>\n\n\n\n<figure class=\"wp-block-embed is-type-video is-provider-youtube wp-block-embed-youtube wp-embed-aspect-16-9 wp-has-aspect-ratio\"><div class=\"wp-block-embed__wrapper\">\n<span class=\"SOwyeCDflx3mby8hoGxkz6BWnw2cKNJApt3YdZ42IJXUQQjIgi5Obvu7ZacXUFqSLrHG\"><div class=\"video-shortcode\"><iframe title=\"Uno de los bosques m\u00e1s bonitos de Espa\u00f1a: el Hayedo de Otzarreta\" width=\"1200\" height=\"675\" src=\"https:\/\/www.youtube.com\/embed\/rNtilA5s2-E?feature=oembed\" frameborder=\"0\" allow=\"accelerometer; autoplay; clipboard-write; encrypted-media; gyroscope; picture-in-picture; web-share\" referrerpolicy=\"strict-origin-when-cross-origin\" allowfullscreen><\/iframe><\/div><\/span>\n<\/div><\/figure>\n\n\n\n<p>El Hayedo de Otzarreta est\u00e1 a 50 min desde Bilbao, en el <a aria-label=\" (opens in a new tab)\" class=\"rank-math-link\" href=\"https:\/\/www.escapadarural.com\/casas-rurales\/gorbeia\" target=\"_blank\" rel=\"noreferrer noopener\">Parque Natural del Gorbeia<\/a>. Alguien dijo que estos son los \u00e1rboles m\u00e1s fotografiados de Euskadi. Puede ser porque se intenta localizar a <strong>seres de fantas\u00eda<\/strong> o porque su dise\u00f1o obedece no propiamente a la gen\u00e9tica de las hayas, sino a la acci\u00f3n del hombre sobre ellas.<\/p>\n\n\n\n<p>Se trata de un bosque trasmocho, donde las hayas crecen hacia el cielo, en lugar de hacia los lados como suelen, porque se han sometido a podas para conseguir le\u00f1a y carb\u00f3n. Es un lugar m\u00e1gico.<\/p>\n\n\n\n<div class=\"wp-block-buttons is-layout-flex wp-block-buttons-is-layout-flex\">\n<div class=\"wp-block-button\"><a class=\"wp-block-button__link wp-element-button\" href=\"\/casas-rurales\/gorbeia\" target=\"_blank\" rel=\"noreferrer noopener\">Alojamientos rurales en el Gorbeia<\/a><\/div>\n<\/div>\n\n\n\n<h2 class=\"wp-block-heading title-rute\" id=\"h-hayedo-de-montejo\">Hayedo de Montejo<\/h2>\n\n\n\n<figure class=\"wp-block-image size-large\"><img decoding=\"async\" src=\"https:\/\/www.escapadarural.com\/blog\/wp-content\/uploads\/2023\/10\/AdobeStock_293099424-1024x768-2.jpg\" alt=\"Bosques. Hayedo de Montejo\" class=\"wp-image-52591\"\/><figcaption class=\"wp-element-caption\">Hayedo de Montejo. Por jcmarcos<\/figcaption><\/figure>\n\n\n\n<p>No lo decimos nosotros, lo dice la leyenda: que algunos le\u00f1adores han afirmado ver en el Hayedo de Montejo a <strong>duendes, hadas y dem\u00e1s seres que pueblan <em>Fantas\u00eda<\/em><\/strong>. Atra\u00edan dulcemente a los paseantes y luego los convert\u00edan en animales. Pedro, por ejemplo, podr\u00eda ser aquel petirrojo que acabas de ver.<\/p>\n\n\n\n<p>Lo que es cierto es que el hayedo se extiende sobre 250 hect\u00e1reas en las faldas de la <a class=\"rank-math-link\" href=\"https:\/\/www.escapadarural.com\/casas-rurales\/sierra-de-ayllon\">Sierra de Ayll\u00f3n<\/a>, muy cerquita de Guadalajara y del Jarama.<\/p>\n\n\n\n<div class=\"wp-block-buttons is-layout-flex wp-block-buttons-is-layout-flex\">\n<div class=\"wp-block-button\"><a class=\"wp-block-button__link wp-element-button\" href=\"\/casas-rurales\/montejo-de-la-sierra\" target=\"_blank\" rel=\"noreferrer noopener\">Alojamientos rurales en Montejo de la Sierra<\/a><\/div>\n<\/div>\n\n\n\n<h2 class=\"wp-block-heading title-rute\" id=\"h-selva-de-irati-y-senorio-de-bertiz\">Selva de Irati y Se\u00f1or\u00edo de B\u00e9rtiz<\/h2>\n\n\n\n<figure class=\"wp-block-image size-large\"><img decoding=\"async\" src=\"https:\/\/www.escapadarural.com\/blog\/wp-content\/uploads\/2023\/10\/Selva-de-Irati-4-1024x683-1.jpg\" alt=\"Selva de Irati\" class=\"wp-image-18800\"\/><figcaption class=\"wp-element-caption\">Por holbox<\/figcaption><\/figure>\n\n\n\n<p>La <a class=\"rank-math-link\" href=\"https:\/\/www.escapadarural.com\/casas-rurales\/selva-de-irati\">Selva de Irati<\/a> se codea con nombres grandes de la naturaleza mundial como la Selva Negra de Alemania. Despu\u00e9s de la germana, <strong>el de Irati es el segundo hayedo y abetal m\u00e1s extenso de Europa<\/strong>: 17.000 hect\u00e1reas sobre el Pirineo franco-navarro. Se accede por el Valle de A\u00e9zcoa (Orbaiceta) o por el Valle de Salazar (Ochagav\u00eda).<\/p>\n\n\n\n<p>Desde estos dos puntos se han se\u00f1alizado 16 senderos para disfrutar a pie o en bicicleta del paisaje y el patrimonio humano conservado. Para quien tenga tiempo, adem\u00e1s, tambi\u00e9n puede interesarle acercarse hasta la <a aria-label=\" (opens in a new tab)\" class=\"rank-math-link\" href=\"\/blog\/cruzando-el-abismo-la-pasarela-dholzarte\/\" target=\"_blank\" rel=\"noreferrer noopener\">Pasarela d&#8217;Holzarte<\/a>.<\/p>\n\n\n\n<p>Los Elfos podr\u00edan cruzar sin demasiado esfuerzo, cantando por la noche sobre sus caballos n\u00edveos, la <a href=\"https:\/\/www.escapadarural.com\/casas-rurales\/selva-de-irati\">Selva de Irati<\/a> hasta el Se\u00f1or\u00edo de Bertiz. Ambos se encuentran en Navarra, la comunidad \u00e9lfica por excelencia. Al Se\u00f1or\u00edo se accede desde Oyeregui.<\/p>\n\n\n\n<p>Es un Parque Natural declarado con m\u00e1s de 2.000 hect\u00e1reas de terreno. Incluye en su intereir merenderos, senderos y un jard\u00edn bot\u00e1nico singular\u00edsimo con secuoyas de California, n\u00e9nufares (\u00bf<a aria-label=\" (opens in a new tab)\" class=\"rank-math-link\" href=\"https:\/\/es.wikipedia.org\/wiki\/Nen%C3%BAfares_(Monet)\" target=\"_blank\" rel=\"noreferrer noopener\">de Monet<\/a>?) y casta\u00f1os de los Balcanes.<\/p>\n\n\n\n<div class=\"wp-block-buttons is-layout-flex wp-block-buttons-is-layout-flex\">\n<div class=\"wp-block-button\"><a class=\"wp-block-button__link wp-element-button\" href=\"\/casas-rurales\/navarra\" target=\"_blank\" rel=\"noreferrer noopener\">Alojamientos rurales en Navarra<\/a><\/div>\n<\/div>\n\n\n\n<h2 class=\"wp-block-heading title-rute\" id=\"h-el-moncayo\">El Moncayo<\/h2>\n\n\n\n<figure class=\"wp-block-image size-large\"><img decoding=\"async\" src=\"https:\/\/www.escapadarural.com\/blog\/wp-content\/uploads\/2023\/10\/6319240785_633811b41c_k-1024x615-1.jpg\" alt=\"\" class=\"wp-image-32985\"\/><figcaption class=\"wp-element-caption\">Por <a href=\"https:\/\/www.flickr.com\/photos\/respenda\/\" target=\"_blank\">Miguel \u00c1ngel Garc\u00eda.<\/a><\/figcaption><\/figure>\n\n\n\n<p>Al <strong>Moncayo <\/strong>se llegaba Gustavo Adolfo B\u00e9cquer a escuchar las leyendas sombr\u00edas de los lugare\u00f1os. Cada 1 de noviembre se celebra una noche de muertos envuelta por el misterio y la naturaleza imponente del macizo.<\/p>\n\n\n\n<p>Pasada esa fecha, en pleno oto\u00f1o, quedan lugares en los que sentarse y meditar e imaginar ayudado por el crujido de las hojas al pisarlas. En <strong>Tarazona<\/strong>, provincia de Zaragoza, el Moncayo eleva el Pico de San Miguel, el techo del Sistema Ib\u00e9rico con sus 2.315 metros. A la altura de las expectativas de todos los amantes de la naturaleza.<\/p>\n\n\n\n<div class=\"wp-block-buttons is-layout-flex wp-block-buttons-is-layout-flex\">\n<div class=\"wp-block-button\"><a class=\"wp-block-button__link wp-element-button\" href=\"\/casas-rurales\/tarazona-y-el-moncayo\" target=\"_blank\" rel=\"noreferrer noopener\">Alojamientos rurales en Tarazona<\/a><\/div>\n<\/div>\n\n\n\n<h2 class=\"wp-block-heading title-rute\" id=\"h-bosque-de-muniellos\">Bosque de Muniellos<\/h2>\n\n\n\n<figure class=\"wp-block-image size-full\"><img loading=\"lazy\" decoding=\"async\" width=\"1024\" height=\"682\" src=\"https:\/\/www.escapadarural.com\/blog\/wp-content\/uploads\/2014\/05\/muniellos.webp\" alt=\"Bosque de Muniellos (Asturias)\" class=\"wp-image-197358\" srcset=\"https:\/\/www.escapadarural.com\/blog\/wp-content\/uploads\/2014\/05\/muniellos-200x133.webp 200w, https:\/\/www.escapadarural.com\/blog\/wp-content\/uploads\/2014\/05\/muniellos-300x200.webp 300w, https:\/\/www.escapadarural.com\/blog\/wp-content\/uploads\/2014\/05\/muniellos-400x266.webp 400w, https:\/\/www.escapadarural.com\/blog\/wp-content\/uploads\/2014\/05\/muniellos-600x400.webp 600w, https:\/\/www.escapadarural.com\/blog\/wp-content\/uploads\/2014\/05\/muniellos-768x512.webp 768w, https:\/\/www.escapadarural.com\/blog\/wp-content\/uploads\/2014\/05\/muniellos-800x533.webp 800w, https:\/\/www.escapadarural.com\/blog\/wp-content\/uploads\/2014\/05\/muniellos.webp 1024w\" sizes=\"auto, (max-width: 1024px) 100vw, 1024px\" \/><figcaption class=\"wp-element-caption\">Bosque de Muniellos (Asturias). Por h368k742<\/figcaption><\/figure>\n\n\n\n<p>La <a aria-label=\" (opens in a new tab)\" class=\"rank-math-link\" href=\"https:\/\/www.escapadarural.com\/casas-rurales\/muniellos\" target=\"_blank\" rel=\"noreferrer noopener\">Reserva Natural Integral de Muniellos<\/a> recuerda a un estado primitivo de las cosas. Es la vida en la Tierra sin humanos, por decirlo as\u00ed. De hecho, uno todav\u00eda no encontrar\u00e1 a muchos de su especie porque para entrar se necesita una autorizaci\u00f3n, pedida con unas 3 semanas de antelaci\u00f3n, una por persona y a\u00f1o.<\/p>\n\n\n\n<p>El n\u00famero de visitantes al d\u00eda no puede superar los 20, sin contar los elfos, lo cual ya da noticia del estado de conservaci\u00f3n y del amor que tienen los asturianos por su tierra. Est\u00e1 declarado <strong>Reserva de la Biosfera por la Unesco<\/strong>. Se encuentra en el suroeste del Principado y es el mayor robledal del pa\u00eds.<\/p>\n\n\n\n<div class=\"wp-block-buttons is-layout-flex wp-block-buttons-is-layout-flex\">\n<div class=\"wp-block-button\"><a class=\"wp-block-button__link wp-element-button\" href=\"\/casas-rurales\/asturias\" target=\"_blank\" rel=\"noreferrer noopener\">Alojamientos rurales en Asturias<\/a><\/div>\n<\/div>\n\n\n\n<h2 class=\"wp-block-heading title-rute\" id=\"h-montseny\">Montseny<\/h2>\n\n\n\n<figure class=\"wp-block-image size-large\"><img decoding=\"async\" src=\"https:\/\/www.escapadarural.com\/blog\/wp-content\/uploads\/2023\/10\/Montseny-5.jpg\" alt=\"Montseny\" class=\"wp-image-32991\"\/><figcaption class=\"wp-element-caption\">Por&nbsp;<a class=\"\" href=\"https:\/\/www.shutterstock.com\/es\/g\/pepj\" target=\"_blank\">Pepj<\/a><\/figcaption><\/figure>\n\n\n\n<p>\u00abReserva de la Biosfera\u00bb, \u00abParque Natural\u00bb, \u00abMosaico de paisajes mediterr\u00e1neos\u00bb&#8230; Quiz\u00e1s estos t\u00edtulos se le quedan cortos al <a href=\"https:\/\/www.escapadarural.com\/casas-rurales\/el-montseny\">Montseny<\/a>. Es eso y m\u00e1s porque sobre esta naturaleza se depositan emociones, puede que por la cercan\u00eda y el escape que supone un lugar as\u00ed tan cerca de Barcelona.<\/p>\n\n\n\n<p>Es el <strong>Parque Natural m\u00e1s antiguo de Catalu\u00f1a<\/strong> y un crisol de ecosistemas \u00abmediterr\u00e1neos, eurosiberianos y borealpinos\u00bb. Le falta el propio de la Tierra Media. Ocupa 31.063 hect\u00e1reas y semanalmente se programan actividades para solaz de los ciudadanos.<\/p>\n\n\n\n<div class=\"wp-block-buttons is-layout-flex wp-block-buttons-is-layout-flex\">\n<div class=\"wp-block-button\"><a class=\"wp-block-button__link wp-element-button\" href=\"\/casas-rurales\/el-montseny\" target=\"_blank\" rel=\"noreferrer noopener\">Alojamientos rurales en el Montseny<\/a><\/div>\n<\/div>\n\n\n\n<h2 class=\"wp-block-heading title-rute\" id=\"h-bosques-de-ordesa-y-monte-perdido\">Bosques de Ordesa y Monte Perdido<\/h2>\n\n\n\n<figure class=\"wp-block-image size-large\"><img decoding=\"async\" src=\"https:\/\/www.escapadarural.com\/blog\/wp-content\/uploads\/2023\/10\/Ordesa-y-Monte-Perdido-3.jpg\" alt=\"Ordesa y Monte Perdido\" class=\"wp-image-32992\"\/><figcaption class=\"wp-element-caption\">Pr holbox<\/figcaption><\/figure>\n\n\n\n<p>Los bosques de <a aria-label=\" (opens in a new tab)\" class=\"rank-math-link\" href=\"https:\/\/www.escapadarural.com\/casas-rurales\/ordesa-y-monte-perdido\" target=\"_blank\" rel=\"noreferrer noopener\">Ordesa y Monte Perdido<\/a> se ponen preciosos con el oto\u00f1o. El lugar es m\u00e1s conocido por su famosa Cola de Caballo, una cascada hermosa a la que se llega tras una excursi\u00f3n de unas cuatro horas.<\/p>\n\n\n\n<p>Esta maravilla est\u00e1 en Huesca, aunque podr\u00eda estar tambi\u00e9n en un cuento. Es Parque Nacional desde 1918, el territorio natural protegido m\u00e1s antiguo del pa\u00eds, Reserva de la Biosfera desde 1997 y ocupa casi 20.000 hect\u00e1reas.<\/p>\n\n\n\n<div class=\"wp-block-buttons is-layout-flex wp-block-buttons-is-layout-flex\">\n<div class=\"wp-block-button\"><a class=\"wp-block-button__link wp-element-button\" href=\"\/casas-rurales\/huesca\" target=\"_blank\" rel=\"noreferrer noopener\">Alojamientos rurales en Huesca<\/a><\/div>\n<\/div>\n","protected":false},"excerpt":{"rendered":"<p>Estos 8 bosques espa\u00f1oles intensifican sus colores durante el oto\u00f1o. Cualquiera podr\u00eda ser la morada de los Elfos del Hobbit. \u00bfQue no?<\/p>\n","protected":false},"author":85,"featured_media":95815,"comment_status":"open","ping_status":"closed","sticky":false,"template":"","format":"standard","meta":{"_acf_changed":false,"om_disable_all_campaigns":false,"footnotes":""},"categories":[191],"tags":[1231,215,1500],"class_list":["post-3379","post","type-post","status-publish","format-standard","has-post-thumbnail","hentry","category-destinos","tag-bosques","tag-listado","tag-otono"],"acf":[],"featured_image_src":"https:\/\/www.escapadarural.com\/blog\/wp-content\/uploads\/2024\/10\/AdobeStock_36473791-1024x571-1.jpeg","author_info":{"display_name":"Redacci\u00f3n ER","author_link":"https:\/\/www.escapadarural.com\/blog\/autor\/admin\/"},"yoast_head":"<!-- This site is optimized with the Yoast SEO plugin v27.5 - https:\/\/yoast.com\/product\/yoast-seo-wordpress\/ -->\n<title>7 bosques oto\u00f1ales donde podr\u00edan vivir elfos - EscapadaRural<\/title>\n<meta name=\"robots\" content=\"index, follow, max-snippet:-1, max-image-preview:large, max-video-preview:-1\" \/>\n<link rel=\"canonical\" href=\"https:\/\/www.escapadarural.com\/blog\/bosques-otonales-y-preciosos-en-espana\/\" \/>\n<meta property=\"og:locale\" content=\"es_ES\" \/>\n<meta property=\"og:type\" content=\"article\" \/>\n<meta property=\"og:title\" content=\"7 bosques oto\u00f1ales donde podr\u00edan vivir elfos - EscapadaRural\" \/>\n<meta property=\"og:description\" content=\"Estos 8 bosques espa\u00f1oles intensifican sus colores durante el oto\u00f1o. Cualquiera podr\u00eda ser la morada de los Elfos del Hobbit. \u00bfQue no?\" \/>\n<meta property=\"og:url\" content=\"https:\/\/www.escapadarural.com\/blog\/bosques-otonales-y-preciosos-en-espana\/\" \/>\n<meta property=\"og:site_name\" content=\"Magazine de viajes de EscapadaRural\" \/>\n<meta property=\"article:publisher\" content=\"https:\/\/www.facebook.com\/escapadarural\" \/>\n<meta property=\"article:published_time\" content=\"2023-10-01T09:16:49+00:00\" \/>\n<meta property=\"article:modified_time\" content=\"2025-09-05T09:49:22+00:00\" \/>\n<meta property=\"og:image\" content=\"https:\/\/www.escapadarural.com\/blog\/wp-content\/uploads\/2024\/10\/AdobeStock_36473791-1024x571-1.jpeg?v=1757065763\" \/>\n\t<meta property=\"og:image:width\" content=\"1024\" \/>\n\t<meta property=\"og:image:height\" content=\"571\" \/>\n\t<meta property=\"og:image:type\" content=\"image\/jpeg\" \/>\n<meta name=\"author\" content=\"Redacci\u00f3n ER\" \/>\n<meta name=\"twitter:card\" content=\"summary_large_image\" \/>\n<meta name=\"twitter:label1\" content=\"Escrito por\" \/>\n\t<meta name=\"twitter:data1\" content=\"Redacci\u00f3n ER\" \/>\n\t<meta name=\"twitter:label2\" content=\"Tiempo de lectura\" \/>\n\t<meta name=\"twitter:data2\" content=\"5 minutos\" \/>\n<script type=\"application\/ld+json\" class=\"yoast-schema-graph\">{\"@context\":\"https:\\\/\\\/schema.org\",\"@graph\":[{\"@type\":\"Article\",\"@id\":\"https:\\\/\\\/www.escapadarural.com\\\/blog\\\/bosques-otonales-y-preciosos-en-espana\\\/#article\",\"isPartOf\":{\"@id\":\"https:\\\/\\\/www.escapadarural.com\\\/blog\\\/bosques-otonales-y-preciosos-en-espana\\\/\"},\"author\":{\"name\":\"Redacci\u00f3n ER\",\"@id\":\"https:\\\/\\\/www.escapadarural.com\\\/blog\\\/#\\\/schema\\\/person\\\/bd5b0d7ad308a0bf4efed73e8308b4fa\"},\"headline\":\"7 bosques oto\u00f1ales donde podr\u00edan vivir elfos\",\"datePublished\":\"2023-10-01T09:16:49+00:00\",\"dateModified\":\"2025-09-05T09:49:22+00:00\",\"mainEntityOfPage\":{\"@id\":\"https:\\\/\\\/www.escapadarural.com\\\/blog\\\/bosques-otonales-y-preciosos-en-espana\\\/\"},\"wordCount\":958,\"commentCount\":15,\"publisher\":{\"@id\":\"https:\\\/\\\/www.escapadarural.com\\\/blog\\\/#organization\"},\"image\":{\"@id\":\"https:\\\/\\\/www.escapadarural.com\\\/blog\\\/bosques-otonales-y-preciosos-en-espana\\\/#primaryimage\"},\"thumbnailUrl\":\"https:\\\/\\\/www.escapadarural.com\\\/blog\\\/wp-content\\\/uploads\\\/2024\\\/10\\\/AdobeStock_36473791-1024x571-1.jpeg\",\"keywords\":[\"Bosques\",\"Listado\",\"Oto\u00f1o\"],\"articleSection\":[\"Destinos\"],\"inLanguage\":\"es\",\"potentialAction\":[{\"@type\":\"CommentAction\",\"name\":\"Comment\",\"target\":[\"https:\\\/\\\/www.escapadarural.com\\\/blog\\\/bosques-otonales-y-preciosos-en-espana\\\/#respond\"]}]},{\"@type\":\"WebPage\",\"@id\":\"https:\\\/\\\/www.escapadarural.com\\\/blog\\\/bosques-otonales-y-preciosos-en-espana\\\/\",\"url\":\"https:\\\/\\\/www.escapadarural.com\\\/blog\\\/bosques-otonales-y-preciosos-en-espana\\\/\",\"name\":\"7 bosques oto\u00f1ales donde podr\u00edan vivir elfos - EscapadaRural\",\"isPartOf\":{\"@id\":\"https:\\\/\\\/www.escapadarural.com\\\/blog\\\/#website\"},\"primaryImageOfPage\":{\"@id\":\"https:\\\/\\\/www.escapadarural.com\\\/blog\\\/bosques-otonales-y-preciosos-en-espana\\\/#primaryimage\"},\"image\":{\"@id\":\"https:\\\/\\\/www.escapadarural.com\\\/blog\\\/bosques-otonales-y-preciosos-en-espana\\\/#primaryimage\"},\"thumbnailUrl\":\"https:\\\/\\\/www.escapadarural.com\\\/blog\\\/wp-content\\\/uploads\\\/2024\\\/10\\\/AdobeStock_36473791-1024x571-1.jpeg\",\"datePublished\":\"2023-10-01T09:16:49+00:00\",\"dateModified\":\"2025-09-05T09:49:22+00:00\",\"breadcrumb\":{\"@id\":\"https:\\\/\\\/www.escapadarural.com\\\/blog\\\/bosques-otonales-y-preciosos-en-espana\\\/#breadcrumb\"},\"inLanguage\":\"es\",\"potentialAction\":[{\"@type\":\"ReadAction\",\"target\":[\"https:\\\/\\\/www.escapadarural.com\\\/blog\\\/bosques-otonales-y-preciosos-en-espana\\\/\"]}]},{\"@type\":\"ImageObject\",\"inLanguage\":\"es\",\"@id\":\"https:\\\/\\\/www.escapadarural.com\\\/blog\\\/bosques-otonales-y-preciosos-en-espana\\\/#primaryimage\",\"url\":\"https:\\\/\\\/www.escapadarural.com\\\/blog\\\/wp-content\\\/uploads\\\/2024\\\/10\\\/AdobeStock_36473791-1024x571-1.jpeg\",\"contentUrl\":\"https:\\\/\\\/www.escapadarural.com\\\/blog\\\/wp-content\\\/uploads\\\/2024\\\/10\\\/AdobeStock_36473791-1024x571-1.jpeg\",\"width\":1024,\"height\":571,\"caption\":\"Una pista forestal cubierta de hojas oto\u00f1ales discurre junto a una peque\u00f1a cascada, perfecta para el turismo rural. Frondosos \u00e1rboles verdes y helechos rodean la vibrante escena, llena de colores oto\u00f1ales y del sonido del agua que fluye suavemente.\"},{\"@type\":\"BreadcrumbList\",\"@id\":\"https:\\\/\\\/www.escapadarural.com\\\/blog\\\/bosques-otonales-y-preciosos-en-espana\\\/#breadcrumb\",\"itemListElement\":[{\"@type\":\"ListItem\",\"position\":1,\"name\":\"Inicio\",\"item\":\"https:\\\/\\\/www.escapadarural.com\\\/blog\\\/\"},{\"@type\":\"ListItem\",\"position\":2,\"name\":\"Destinos\",\"item\":\"https:\\\/\\\/www.escapadarural.com\\\/blog\\\/categoria\\\/destinos\\\/\"},{\"@type\":\"ListItem\",\"position\":3,\"name\":\"7 bosques oto\u00f1ales donde podr\u00edan vivir elfos\"}]},{\"@type\":\"WebSite\",\"@id\":\"https:\\\/\\\/www.escapadarural.com\\\/blog\\\/#website\",\"url\":\"https:\\\/\\\/www.escapadarural.com\\\/blog\\\/\",\"name\":\"Blog de viajes | turismo rural, alojamientos e inspiraci\u00f3n\",\"description\":\"Alojamientos rurales e inspiraci\u00f3n para tus escapadas\",\"publisher\":{\"@id\":\"https:\\\/\\\/www.escapadarural.com\\\/blog\\\/#organization\"},\"alternateName\":\"Magazine de viajes de EscapadaRural\",\"potentialAction\":[{\"@type\":\"SearchAction\",\"target\":{\"@type\":\"EntryPoint\",\"urlTemplate\":\"https:\\\/\\\/www.escapadarural.com\\\/blog\\\/?s={search_term_string}\"},\"query-input\":{\"@type\":\"PropertyValueSpecification\",\"valueRequired\":true,\"valueName\":\"search_term_string\"}}],\"inLanguage\":\"es\"},{\"@type\":\"Organization\",\"@id\":\"https:\\\/\\\/www.escapadarural.com\\\/blog\\\/#organization\",\"name\":\"EscapadaRural\",\"url\":\"https:\\\/\\\/www.escapadarural.com\\\/blog\\\/\",\"logo\":{\"@type\":\"ImageObject\",\"inLanguage\":\"es\",\"@id\":\"https:\\\/\\\/www.escapadarural.com\\\/blog\\\/#\\\/schema\\\/logo\\\/image\\\/\",\"url\":\"https:\\\/\\\/www.escapadarural.com\\\/blog\\\/wp-content\\\/uploads\\\/2024\\\/10\\\/cropped-cropped-escapada-rural-icon-mag-3.png\",\"contentUrl\":\"https:\\\/\\\/www.escapadarural.com\\\/blog\\\/wp-content\\\/uploads\\\/2024\\\/10\\\/cropped-cropped-escapada-rural-icon-mag-3.png\",\"width\":512,\"height\":512,\"caption\":\"EscapadaRural\"},\"image\":{\"@id\":\"https:\\\/\\\/www.escapadarural.com\\\/blog\\\/#\\\/schema\\\/logo\\\/image\\\/\"},\"sameAs\":[\"https:\\\/\\\/www.facebook.com\\\/escapadarural\",\"https:\\\/\\\/www.instagram.com\\\/escapadarural\\\/\",\"https:\\\/\\\/www.youtube.com\\\/@escapadaruralcom\"]},{\"@type\":\"Person\",\"@id\":\"https:\\\/\\\/www.escapadarural.com\\\/blog\\\/#\\\/schema\\\/person\\\/bd5b0d7ad308a0bf4efed73e8308b4fa\",\"name\":\"Redacci\u00f3n ER\",\"image\":{\"@type\":\"ImageObject\",\"inLanguage\":\"es\",\"@id\":\"https:\\\/\\\/www.escapadarural.com\\\/blog\\\/wp-content\\\/uploads\\\/2024\\\/10\\\/cropped-cropped-escapada-rural-icon-mag-3-96x96.png\",\"url\":\"https:\\\/\\\/www.escapadarural.com\\\/blog\\\/wp-content\\\/uploads\\\/2024\\\/10\\\/cropped-cropped-escapada-rural-icon-mag-3-96x96.png\",\"contentUrl\":\"https:\\\/\\\/www.escapadarural.com\\\/blog\\\/wp-content\\\/uploads\\\/2024\\\/10\\\/cropped-cropped-escapada-rural-icon-mag-3-96x96.png\",\"caption\":\"Redacci\u00f3n ER\"},\"description\":\"Nos encanta inspirar a viajeros y ayudar a los propietarios con nuestros contenidos\",\"url\":\"https:\\\/\\\/www.escapadarural.com\\\/blog\\\/autor\\\/admin\\\/\"}]}<\/script>\n<!-- \/ Yoast SEO plugin. -->","yoast_head_json":{"title":"7 bosques oto\u00f1ales donde podr\u00edan vivir elfos - EscapadaRural","robots":{"index":"index","follow":"follow","max-snippet":"max-snippet:-1","max-image-preview":"max-image-preview:large","max-video-preview":"max-video-preview:-1"},"canonical":"https:\/\/www.escapadarural.com\/blog\/bosques-otonales-y-preciosos-en-espana\/","og_locale":"es_ES","og_type":"article","og_title":"7 bosques oto\u00f1ales donde podr\u00edan vivir elfos - EscapadaRural","og_description":"Estos 8 bosques espa\u00f1oles intensifican sus colores durante el oto\u00f1o. Cualquiera podr\u00eda ser la morada de los Elfos del Hobbit. \u00bfQue no?","og_url":"https:\/\/www.escapadarural.com\/blog\/bosques-otonales-y-preciosos-en-espana\/","og_site_name":"Magazine de viajes de EscapadaRural","article_publisher":"https:\/\/www.facebook.com\/escapadarural","article_published_time":"2023-10-01T09:16:49+00:00","article_modified_time":"2025-09-05T09:49:22+00:00","og_image":[{"width":1024,"height":571,"url":"https:\/\/www.escapadarural.com\/blog\/wp-content\/uploads\/2024\/10\/AdobeStock_36473791-1024x571-1.jpeg?v=1757065763","type":"image\/jpeg"}],"author":"Redacci\u00f3n ER","twitter_card":"summary_large_image","twitter_misc":{"Escrito por":"Redacci\u00f3n ER","Tiempo de lectura":"5 minutos"},"schema":{"@context":"https:\/\/schema.org","@graph":[{"@type":"Article","@id":"https:\/\/www.escapadarural.com\/blog\/bosques-otonales-y-preciosos-en-espana\/#article","isPartOf":{"@id":"https:\/\/www.escapadarural.com\/blog\/bosques-otonales-y-preciosos-en-espana\/"},"author":{"name":"Redacci\u00f3n ER","@id":"https:\/\/www.escapadarural.com\/blog\/#\/schema\/person\/bd5b0d7ad308a0bf4efed73e8308b4fa"},"headline":"7 bosques oto\u00f1ales donde podr\u00edan vivir elfos","datePublished":"2023-10-01T09:16:49+00:00","dateModified":"2025-09-05T09:49:22+00:00","mainEntityOfPage":{"@id":"https:\/\/www.escapadarural.com\/blog\/bosques-otonales-y-preciosos-en-espana\/"},"wordCount":958,"commentCount":15,"publisher":{"@id":"https:\/\/www.escapadarural.com\/blog\/#organization"},"image":{"@id":"https:\/\/www.escapadarural.com\/blog\/bosques-otonales-y-preciosos-en-espana\/#primaryimage"},"thumbnailUrl":"https:\/\/www.escapadarural.com\/blog\/wp-content\/uploads\/2024\/10\/AdobeStock_36473791-1024x571-1.jpeg","keywords":["Bosques","Listado","Oto\u00f1o"],"articleSection":["Destinos"],"inLanguage":"es","potentialAction":[{"@type":"CommentAction","name":"Comment","target":["https:\/\/www.escapadarural.com\/blog\/bosques-otonales-y-preciosos-en-espana\/#respond"]}]},{"@type":"WebPage","@id":"https:\/\/www.escapadarural.com\/blog\/bosques-otonales-y-preciosos-en-espana\/","url":"https:\/\/www.escapadarural.com\/blog\/bosques-otonales-y-preciosos-en-espana\/","name":"7 bosques oto\u00f1ales donde podr\u00edan vivir elfos - EscapadaRural","isPartOf":{"@id":"https:\/\/www.escapadarural.com\/blog\/#website"},"primaryImageOfPage":{"@id":"https:\/\/www.escapadarural.com\/blog\/bosques-otonales-y-preciosos-en-espana\/#primaryimage"},"image":{"@id":"https:\/\/www.escapadarural.com\/blog\/bosques-otonales-y-preciosos-en-espana\/#primaryimage"},"thumbnailUrl":"https:\/\/www.escapadarural.com\/blog\/wp-content\/uploads\/2024\/10\/AdobeStock_36473791-1024x571-1.jpeg","datePublished":"2023-10-01T09:16:49+00:00","dateModified":"2025-09-05T09:49:22+00:00","breadcrumb":{"@id":"https:\/\/www.escapadarural.com\/blog\/bosques-otonales-y-preciosos-en-espana\/#breadcrumb"},"inLanguage":"es","potentialAction":[{"@type":"ReadAction","target":["https:\/\/www.escapadarural.com\/blog\/bosques-otonales-y-preciosos-en-espana\/"]}]},{"@type":"ImageObject","inLanguage":"es","@id":"https:\/\/www.escapadarural.com\/blog\/bosques-otonales-y-preciosos-en-espana\/#primaryimage","url":"https:\/\/www.escapadarural.com\/blog\/wp-content\/uploads\/2024\/10\/AdobeStock_36473791-1024x571-1.jpeg","contentUrl":"https:\/\/www.escapadarural.com\/blog\/wp-content\/uploads\/2024\/10\/AdobeStock_36473791-1024x571-1.jpeg","width":1024,"height":571,"caption":"Una pista forestal cubierta de hojas oto\u00f1ales discurre junto a una peque\u00f1a cascada, perfecta para el turismo rural. Frondosos \u00e1rboles verdes y helechos rodean la vibrante escena, llena de colores oto\u00f1ales y del sonido del agua que fluye suavemente."},{"@type":"BreadcrumbList","@id":"https:\/\/www.escapadarural.com\/blog\/bosques-otonales-y-preciosos-en-espana\/#breadcrumb","itemListElement":[{"@type":"ListItem","position":1,"name":"Inicio","item":"https:\/\/www.escapadarural.com\/blog\/"},{"@type":"ListItem","position":2,"name":"Destinos","item":"https:\/\/www.escapadarural.com\/blog\/categoria\/destinos\/"},{"@type":"ListItem","position":3,"name":"7 bosques oto\u00f1ales donde podr\u00edan vivir elfos"}]},{"@type":"WebSite","@id":"https:\/\/www.escapadarural.com\/blog\/#website","url":"https:\/\/www.escapadarural.com\/blog\/","name":"Blog de viajes | turismo rural, alojamientos e inspiraci\u00f3n","description":"Alojamientos rurales e inspiraci\u00f3n para tus escapadas","publisher":{"@id":"https:\/\/www.escapadarural.com\/blog\/#organization"},"alternateName":"Magazine de viajes de EscapadaRural","potentialAction":[{"@type":"SearchAction","target":{"@type":"EntryPoint","urlTemplate":"https:\/\/www.escapadarural.com\/blog\/?s={search_term_string}"},"query-input":{"@type":"PropertyValueSpecification","valueRequired":true,"valueName":"search_term_string"}}],"inLanguage":"es"},{"@type":"Organization","@id":"https:\/\/www.escapadarural.com\/blog\/#organization","name":"EscapadaRural","url":"https:\/\/www.escapadarural.com\/blog\/","logo":{"@type":"ImageObject","inLanguage":"es","@id":"https:\/\/www.escapadarural.com\/blog\/#\/schema\/logo\/image\/","url":"https:\/\/www.escapadarural.com\/blog\/wp-content\/uploads\/2024\/10\/cropped-cropped-escapada-rural-icon-mag-3.png","contentUrl":"https:\/\/www.escapadarural.com\/blog\/wp-content\/uploads\/2024\/10\/cropped-cropped-escapada-rural-icon-mag-3.png","width":512,"height":512,"caption":"EscapadaRural"},"image":{"@id":"https:\/\/www.escapadarural.com\/blog\/#\/schema\/logo\/image\/"},"sameAs":["https:\/\/www.facebook.com\/escapadarural","https:\/\/www.instagram.com\/escapadarural\/","https:\/\/www.youtube.com\/@escapadaruralcom"]},{"@type":"Person","@id":"https:\/\/www.escapadarural.com\/blog\/#\/schema\/person\/bd5b0d7ad308a0bf4efed73e8308b4fa","name":"Redacci\u00f3n ER","image":{"@type":"ImageObject","inLanguage":"es","@id":"https:\/\/www.escapadarural.com\/blog\/wp-content\/uploads\/2024\/10\/cropped-cropped-escapada-rural-icon-mag-3-96x96.png","url":"https:\/\/www.escapadarural.com\/blog\/wp-content\/uploads\/2024\/10\/cropped-cropped-escapada-rural-icon-mag-3-96x96.png","contentUrl":"https:\/\/www.escapadarural.com\/blog\/wp-content\/uploads\/2024\/10\/cropped-cropped-escapada-rural-icon-mag-3-96x96.png","caption":"Redacci\u00f3n ER"},"description":"Nos encanta inspirar a viajeros y ayudar a los propietarios con nuestros contenidos","url":"https:\/\/www.escapadarural.com\/blog\/autor\/admin\/"}]}},"_links":{"self":[{"href":"https:\/\/www.escapadarural.com\/blog\/wp-json\/wp\/v2\/posts\/3379","targetHints":{"allow":["GET"]}}],"collection":[{"href":"https:\/\/www.escapadarural.com\/blog\/wp-json\/wp\/v2\/posts"}],"about":[{"href":"https:\/\/www.escapadarural.com\/blog\/wp-json\/wp\/v2\/types\/post"}],"author":[{"embeddable":true,"href":"https:\/\/www.escapadarural.com\/blog\/wp-json\/wp\/v2\/users\/85"}],"replies":[{"embeddable":true,"href":"https:\/\/www.escapadarural.com\/blog\/wp-json\/wp\/v2\/comments?post=3379"}],"version-history":[{"count":0,"href":"https:\/\/www.escapadarural.com\/blog\/wp-json\/wp\/v2\/posts\/3379\/revisions"}],"wp:featuredmedia":[{"embeddable":true,"href":"https:\/\/www.escapadarural.com\/blog\/wp-json\/wp\/v2\/media\/95815"}],"wp:attachment":[{"href":"https:\/\/www.escapadarural.com\/blog\/wp-json\/wp\/v2\/media?parent=3379"}],"wp:term":[{"taxonomy":"category","embeddable":true,"href":"https:\/\/www.escapadarural.com\/blog\/wp-json\/wp\/v2\/categories?post=3379"},{"taxonomy":"post_tag","embeddable":true,"href":"https:\/\/www.escapadarural.com\/blog\/wp-json\/wp\/v2\/tags?post=3379"}],"curies":[{"name":"wp","href":"https:\/\/api.w.org\/{rel}","templated":true}]}}