{"id":34515,"date":"2020-12-02T12:12:18","date_gmt":"2020-12-02T11:12:18","guid":{"rendered":"https:\/\/www.escapadarural.com\/blog\/?p=34515"},"modified":"2025-08-12T17:54:25","modified_gmt":"2025-08-12T15:54:25","slug":"el-hombre-de-neanthertal-en-gibraltar","status":"publish","type":"post","link":"https:\/\/www.escapadarural.com\/blog\/el-hombre-de-neanthertal-en-gibraltar\/","title":{"rendered":"El hombre de Neanthertal se descubri\u00f3 antes en Gibraltar (Homo calpicus)"},"content":{"rendered":"\n<figure class=\"wp-block-image size-large\"><a href=\"https:\/\/www.escapadarural.com\/blog\/wp-content\/uploads\/2020\/11\/Gibraltar_Skull_2.jpg\"><img decoding=\"async\" src=\"https:\/\/www.escapadarural.com\/blog\/wp-content\/uploads\/2020\/11\/Gibraltar_Skull_2-1024x768.jpg\" alt=\"hombre de Neanthertal, Gibraltar\" class=\"wp-image-35277\"\/><\/a><figcaption>Vista lateral del cr\u00e1neo original de la cantera de Forbes, Gibraltar, en el Museo Brit\u00e1nico. Por Jononmac46<\/figcaption><\/figure>\n\n\n\n<p>Durante unas operaciones mineras brit\u00e1nicas en la <strong>cantera de Forbes<\/strong> (<a href=\"https:\/\/www.escapadarural.com\/casas-rurales\/campo-de-gibraltar\" class=\"rank-math-link\">Gibraltar<\/a>), en el a\u00f1o 1848, se realiz\u00f3 un hallazgo desconcertante: un cr\u00e1neo que parec\u00eda humano pero que no lo era del todo. Parec\u00eda m\u00e1s grueso de lo normal y mostraba un ce\u00f1o prominente y unas cuencas oculares muy grandes. Si los Ovnis hubieran estado de moda, m\u00e1s de uno hubiera asegurado que se trataba de un extraterrestre. Tal vez un <a href=\"https:\/\/es.wikipedia.org\/wiki\/Anunnaki\" class=\"rank-math-link\" target=\"_blank\">Anunnaki<\/a>.<\/p>\n\n\n\n<p>Aquel f\u00f3sil se present\u00f3 en una reuni\u00f3n de la Asociaci\u00f3n Cient\u00edfica de Gibraltar (Forbes se hallaba en la cara norte del pe\u00f1\u00f3n de Gibraltar), pero <strong>nadie pudo llegar a una conclusi\u00f3n sobre su naturaleza<\/strong>. Como si fuera una de esas reliquias que encuentra Indiana Jones en sus aventuras, el cr\u00e1neo fue almacenado y, hasta cierto punto, olvidado.<\/p>\n\n\n\n<h2 class=\"wp-block-heading\"><strong>M\u00e1s cr\u00e1neos<\/strong><\/h2>\n\n\n\n<p>La cosa se hubiese terminado aqu\u00ed si no se hubiera localizado otro cr\u00e1neo muy parecido, solo ocho a\u00f1os m\u00e1s tarde, en otra cantera minera que estaba en Alemania. Concretamente, en la gruta Feldhofer, del <strong>valle de Neander<\/strong>, muy cerca de D\u00fcsseldorf. Los trabajadores que hallaron el cr\u00e1neo, en un principio, pensaron que eran restos de un oso.<\/p>\n\n\n\n<p>Aquel ce\u00f1o prominente desconcert\u00f3 tambi\u00e9n a los expertos alemanes. Algunos sugirieron que quiz\u00e1 aquella persona hab\u00eda sufrido de alguna enfermedad que le provocaba dolores intensos y constantes, lo que quiz\u00e1 le oblig\u00f3 a fruncir el entrecejo durante mucho tiempo.<\/p>\n\n\n\n<p><img decoding=\"async\" class=\"wp-image-34517\" style=\"width: 750px\" src=\"https:\/\/www.escapadarural.com\/blog\/wp-content\/uploads\/2020\/11\/386px-Neandertal_1856.jpg\" alt=\"\"><\/p>\n\n\n\n<p>Uno de aquellos expertos, <strong>Hermann Schaaffhausen<\/strong>, sin embargo, se\u00f1al\u00f3 que quiz\u00e1s era el cr\u00e1neo de alg\u00fan habitante muy antiguo de Europa, una raza desconocida.<\/p>\n\n\n\n<p>En 1861, el anatomista londinense <strong>George Busk<\/strong>, que estaba traduciendo el ensayo de Schaaffhausen donde propon\u00eda su teor\u00eda sobre aquel cr\u00e1neo, qued\u00f3 tan fascinado que solicit\u00f3 que se le permitiera examinar ambos cr\u00e1neos. Tres a\u00f1os despu\u00e9s, Busk publicar\u00eda un informe donde establec\u00eda que ambos cr\u00e1neos, el de Gibraltar y el de Fedlhofer, eran similares, y que no eran rarezas, sino que seguramente formaban parte de alguna tribu perdida de seres humanos.<\/p>\n\n\n\n<p>Busk estuvo a punto de ser quien bautizara aquel nuevo esp\u00e9cimen por sugerencia de un colega, <strong>Hugh Falconer<\/strong>, que le escribi\u00f3 una carta sugiri\u00e9ndole el nombre de <em>Homo calpicus<\/em> (Calpe era el antiguo nombre del pe\u00f1\u00f3n de Gibraltar). En la misiva, ya le alentaba con aquel nombre mostr\u00e1ndole su sonoridad en un supuesto anuncio que pod\u00edan mostrar al mundo: \u00ab\u00a1Ac\u00e9rquense, damas y caballeros! \u00a1Ac\u00e9rquense y vean el gran <em>Homo calpicus<\/em> pret\u00e9rito, pitecoide, mesoc\u00e9falo, prognato, agroblematoso, <a href=\"https:\/\/dicciomed.usal.es\/palabra\/platicnemia\" class=\"rank-math-link\" target=\"_blank\">platicn\u00e9mico <\/a>y salvaje de Gibraltar&#8230;!\u00bb<\/p>\n\n\n\n<p>Un ge\u00f3logo del Queen\u00b4s Collegue de Galway que hab\u00eda pedido un molde del cr\u00e1neo de Feldhofer para estudiarlo, <strong>William King<\/strong>, se le adelant\u00f3 por muy poco, proponiendo un nombre diferente: <em>Homo neanderthalensis<\/em>, por el nombre del valle alem\u00e1n donde hab\u00eda sido hallado uno de los cr\u00e1neos.<\/p>\n\n\n\n<p>Ahora el hombre de Neanthertal se llaman as\u00ed por pura chiripa, cuando en justicia deber\u00edan haberse llamado calpenses o c\u00e1lpicos.<\/p>\n\n\n\n<h2 class=\"wp-block-heading\"><strong>Neandertales y muchos m\u00e1s<\/strong><\/h2>\n\n\n\n<p>La constataci\u00f3n de que hab\u00edan existido otras especies humanas adem\u00e1s de la nuestra produjo un gran impacto. \u00bfAcaso Dios hab\u00eda hecho algunas pruebas antes de decantarse por uno u otro? \u00bfO quiz\u00e1 nosotros, los que hab\u00edamos sobrevivido, no \u00e9ramos los elegidos, sino simplemente los que hab\u00edan exterminado a los elegidos?<\/p>\n\n\n\n<p><img decoding=\"async\" class=\"wp-image-34519\" style=\"width: 750px\" src=\"https:\/\/www.escapadarural.com\/blog\/wp-content\/uploads\/2020\/11\/800px-Sapiens_neanderthal_comparison_ES.png\" alt=\"\">Progresivamente, fueron hall\u00e1ndose m\u00e1s y m\u00e1s f\u00f3siles, no solo de neandertales, sino de otras ramas de un enorme y complejo \u00e1rbol geneal\u00f3gico. Ya no solo estaban los humanos, sino muchas otras especies humanas. Y todos empezamos a formar parte de un gran conjunto: los <strong>hom\u00ednidos<\/strong>. Tal y como lo explica <strong>Alice Roberts<\/strong> en su libro <em>Domesticados<\/em>:<\/p>\n\n\n\n<blockquote class=\"wp-block-quote is-layout-flow wp-block-quote-is-layout-flow\"><p>\u00abHoy en d\u00eda hay m\u00e1s de veinte especies nombradas de hom\u00ednidos, entre ellas ocho que han existido en los dos \u00faltimos millones de a\u00f1os y que est\u00e1n lo bastante emparentadas con nosotros como para ser incluidas en nuestro mismo g\u00e9nero, Homo, los humanos (&#8230;). Ya se han encontrado miles de huesos en m\u00e1s de setenta yacimientos distintos.\u201d<\/p><\/blockquote>\n\n\n\n<p>El ser humano y el neandertal se separaron en especies diferentes hace entre 440.000 y 270.000 a\u00f1os. Los segundos extinguieron hace 30.000 a\u00f1os (el \u00faltimo asentamiento neandertal conocido estaba en Gibraltar). Pero se ignora la causa de su extinci\u00f3n. Con todo, compartimos con ellos mucho m\u00e1s de lo que sospechamos, tal y como explica <strong>John Lloyd<\/strong> en <em>El peque\u00f1o gran libro de la ignorancia<\/em>:<\/p>\n\n\n\n<blockquote class=\"wp-block-quote is-layout-flow wp-block-quote-is-layout-flow\"><p>\u00abLa informaci\u00f3n m\u00e1s sorprendente que se ha obtenido del genoma de los neandertales es que se mezclaron con nosotros. Por lo tanto, a no ser que usted sea un negro africano puro, entre un 1 y un 4 por ciento de usted es neandertal.\u00bb<\/p><\/blockquote>\n\n\n\n<p><img decoding=\"async\" class=\"wp-image-34520\" style=\"width: 750px\" src=\"https:\/\/www.escapadarural.com\/blog\/wp-content\/uploads\/2020\/11\/800px-Kebara_2_skeleton_replica.jpg\" alt=\"\">Todav\u00eda queda mucho por esclarecer sobre ellos. Lo que s\u00ed sabemos es que dominaban el fuego hace 200.000 a\u00f1os: las primeras evidencias materiales de ello fueron halladas recientemente en <a href=\"https:\/\/www.universiteitleiden.nl\/en\/news\/2018\/07\/neanderthals-could-make-fire\" class=\"rank-math-link\" target=\"_blank\">un estudio<\/a> publicado en <em>Scientific Reports<\/em>, que hay restos de su joyer\u00eda que datan de 130.000 a\u00f1os, que hay pinturas rupestres suyas en cuevas espa\u00f1olas de hace 65.000 a\u00f1os\u2026 y que, si bien se ignora por qu\u00e9 se extinguieron, hubo alrededor de 70.000 y 150.000 individuos que se mov\u00edan en grupos de entre 15 y 25 por zonas de Asia y Europa hace al menos 250.000 a\u00f1os.<\/p>\n\n\n\n<p><strong>Todo esto significa que llegaron a realizar gestas similares a las nuestras<\/strong>. Que estaban ungidos de inteligencia. Y que quiz\u00e1 dominar\u00edan el mundo si no se hubieran extinguido. Y que los seres humanos no somos la c\u00faspide de la Creaci\u00f3n ni de la Evoluci\u00f3n: solo fruto de fuerzas azarosas nos han hecho sobrevivir durante un breve lapso de tiempo, un simple pesta\u00f1eo en lo referente a las edades geol\u00f3gicas.<\/p>\n\n\n\n<p>Que los Humanos, en suma, solo formamos parte de un conjunto mucho m\u00e1s amplio de entidades biol\u00f3gicas que interaccionan entre s\u00ed. O como lo resumi\u00f3 <strong>Nikol\u00e1i Vav\u00edlov<\/strong>: \u00abHay muchos problemas hist\u00f3ricos que s\u00f3lo se pueden entender por medio de la interacci\u00f3n entre el hombre, los animales y las plantas\u00bb.<\/p>\n","protected":false},"excerpt":{"rendered":"<p>Busk estuvo a punto de ser quien bautizara aquel nuevo esp\u00e9cimen por sugerencia de un colega, que le escribi\u00f3 una carta sugiri\u00e9ndole el nombre de Homo calpicus (Calpe era el antiguo nombre del pe\u00f1\u00f3n de Gibraltar). Todav\u00eda no se hab\u00eda descubierto el hombre de Neanthertal<\/p>\n","protected":false},"author":120,"featured_media":207345,"comment_status":"open","ping_status":"open","sticky":false,"template":"","format":"standard","meta":{"_acf_changed":false,"om_disable_all_campaigns":false,"footnotes":""},"categories":[279],"tags":[6072,2986,1378,648,2987,2058,2988,2989,2990],"class_list":["post-34515","post","type-post","status-publish","format-standard","has-post-thumbnail","hentry","category-ciencia","tag-andalucia","tag-antropologia","tag-arqueologia","tag-que-ver-en-cadiz","tag-cantera-de-forbes","tag-gibraltar","tag-homo-calpicus","tag-neandertal","tag-neanthertal"],"acf":[],"featured_image_src":"https:\/\/www.escapadarural.com\/blog\/wp-content\/uploads\/2020\/12\/Gibraltar_Skull_2.webp","author_info":{"display_name":"Sergio Parra","author_link":"https:\/\/www.escapadarural.com\/blog\/autor\/sergio\/"},"yoast_head":"<!-- This site is optimized with the Yoast SEO plugin v27.5 - https:\/\/yoast.com\/product\/yoast-seo-wordpress\/ -->\n<title>El hombre de Neanthertal se descubri\u00f3 antes en Gibraltar (Homo calpicus) - EscapadaRural<\/title>\n<meta name=\"robots\" content=\"index, follow, max-snippet:-1, max-image-preview:large, max-video-preview:-1\" \/>\n<link rel=\"canonical\" href=\"https:\/\/www.escapadarural.com\/blog\/el-hombre-de-neanthertal-en-gibraltar\/\" \/>\n<meta property=\"og:locale\" content=\"es_ES\" \/>\n<meta property=\"og:type\" content=\"article\" \/>\n<meta property=\"og:title\" content=\"El hombre de Neanthertal se descubri\u00f3 antes en Gibraltar (Homo calpicus) - EscapadaRural\" \/>\n<meta property=\"og:description\" content=\"Busk estuvo a punto de ser quien bautizara aquel nuevo esp\u00e9cimen por sugerencia de un colega, que le escribi\u00f3 una carta sugiri\u00e9ndole el nombre de Homo calpicus (Calpe era el antiguo nombre del pe\u00f1\u00f3n de Gibraltar). Todav\u00eda no se hab\u00eda descubierto el hombre de Neanthertal\" \/>\n<meta property=\"og:url\" content=\"https:\/\/www.escapadarural.com\/blog\/el-hombre-de-neanthertal-en-gibraltar\/\" \/>\n<meta property=\"og:site_name\" content=\"Magazine de viajes de EscapadaRural\" \/>\n<meta property=\"article:publisher\" content=\"https:\/\/www.facebook.com\/escapadarural\" \/>\n<meta property=\"article:published_time\" content=\"2020-12-02T11:12:18+00:00\" \/>\n<meta property=\"article:modified_time\" content=\"2025-08-12T15:54:25+00:00\" \/>\n<meta property=\"og:image\" content=\"https:\/\/www.escapadarural.com\/blog\/wp-content\/uploads\/2020\/12\/Gibraltar_Skull_2.webp?v=1755014066\" \/>\n\t<meta property=\"og:image:width\" content=\"1024\" \/>\n\t<meta property=\"og:image:height\" content=\"768\" \/>\n\t<meta property=\"og:image:type\" content=\"image\/webp\" \/>\n<meta name=\"author\" content=\"Sergio Parra\" \/>\n<meta name=\"twitter:card\" content=\"summary_large_image\" \/>\n<meta name=\"twitter:label1\" content=\"Escrito por\" \/>\n\t<meta name=\"twitter:data1\" content=\"Sergio Parra\" \/>\n\t<meta name=\"twitter:label2\" content=\"Tiempo de lectura\" \/>\n\t<meta name=\"twitter:data2\" content=\"5 minutos\" \/>\n<script type=\"application\/ld+json\" class=\"yoast-schema-graph\">{\"@context\":\"https:\\\/\\\/schema.org\",\"@graph\":[{\"@type\":\"Article\",\"@id\":\"https:\\\/\\\/www.escapadarural.com\\\/blog\\\/el-hombre-de-neanthertal-en-gibraltar\\\/#article\",\"isPartOf\":{\"@id\":\"https:\\\/\\\/www.escapadarural.com\\\/blog\\\/el-hombre-de-neanthertal-en-gibraltar\\\/\"},\"author\":{\"name\":\"Sergio Parra\",\"@id\":\"https:\\\/\\\/www.escapadarural.com\\\/blog\\\/#\\\/schema\\\/person\\\/b19b2221b2fc03d3ab5ec82d81f7a678\"},\"headline\":\"El hombre de Neanthertal se descubri\u00f3 antes en Gibraltar (Homo calpicus)\",\"datePublished\":\"2020-12-02T11:12:18+00:00\",\"dateModified\":\"2025-08-12T15:54:25+00:00\",\"mainEntityOfPage\":{\"@id\":\"https:\\\/\\\/www.escapadarural.com\\\/blog\\\/el-hombre-de-neanthertal-en-gibraltar\\\/\"},\"wordCount\":1075,\"commentCount\":3,\"publisher\":{\"@id\":\"https:\\\/\\\/www.escapadarural.com\\\/blog\\\/#organization\"},\"image\":{\"@id\":\"https:\\\/\\\/www.escapadarural.com\\\/blog\\\/el-hombre-de-neanthertal-en-gibraltar\\\/#primaryimage\"},\"thumbnailUrl\":\"https:\\\/\\\/www.escapadarural.com\\\/blog\\\/wp-content\\\/uploads\\\/2020\\\/12\\\/Gibraltar_Skull_2.webp\",\"keywords\":[\"Andaluc\u00eda\",\"Antropolog\u00eda\",\"Arqueolog\u00eda\",\"C\u00e1diz\",\"Cantera de Forbes\",\"Gibraltar\",\"Homo calpicus\",\"neandertal\",\"neanthertal\"],\"articleSection\":[\"Ciencia\"],\"inLanguage\":\"es\",\"potentialAction\":[{\"@type\":\"CommentAction\",\"name\":\"Comment\",\"target\":[\"https:\\\/\\\/www.escapadarural.com\\\/blog\\\/el-hombre-de-neanthertal-en-gibraltar\\\/#respond\"]}]},{\"@type\":\"WebPage\",\"@id\":\"https:\\\/\\\/www.escapadarural.com\\\/blog\\\/el-hombre-de-neanthertal-en-gibraltar\\\/\",\"url\":\"https:\\\/\\\/www.escapadarural.com\\\/blog\\\/el-hombre-de-neanthertal-en-gibraltar\\\/\",\"name\":\"El hombre de Neanthertal se descubri\u00f3 antes en Gibraltar (Homo calpicus) - EscapadaRural\",\"isPartOf\":{\"@id\":\"https:\\\/\\\/www.escapadarural.com\\\/blog\\\/#website\"},\"primaryImageOfPage\":{\"@id\":\"https:\\\/\\\/www.escapadarural.com\\\/blog\\\/el-hombre-de-neanthertal-en-gibraltar\\\/#primaryimage\"},\"image\":{\"@id\":\"https:\\\/\\\/www.escapadarural.com\\\/blog\\\/el-hombre-de-neanthertal-en-gibraltar\\\/#primaryimage\"},\"thumbnailUrl\":\"https:\\\/\\\/www.escapadarural.com\\\/blog\\\/wp-content\\\/uploads\\\/2020\\\/12\\\/Gibraltar_Skull_2.webp\",\"datePublished\":\"2020-12-02T11:12:18+00:00\",\"dateModified\":\"2025-08-12T15:54:25+00:00\",\"breadcrumb\":{\"@id\":\"https:\\\/\\\/www.escapadarural.com\\\/blog\\\/el-hombre-de-neanthertal-en-gibraltar\\\/#breadcrumb\"},\"inLanguage\":\"es\",\"potentialAction\":[{\"@type\":\"ReadAction\",\"target\":[\"https:\\\/\\\/www.escapadarural.com\\\/blog\\\/el-hombre-de-neanthertal-en-gibraltar\\\/\"]}]},{\"@type\":\"ImageObject\",\"inLanguage\":\"es\",\"@id\":\"https:\\\/\\\/www.escapadarural.com\\\/blog\\\/el-hombre-de-neanthertal-en-gibraltar\\\/#primaryimage\",\"url\":\"https:\\\/\\\/www.escapadarural.com\\\/blog\\\/wp-content\\\/uploads\\\/2020\\\/12\\\/Gibraltar_Skull_2.webp\",\"contentUrl\":\"https:\\\/\\\/www.escapadarural.com\\\/blog\\\/wp-content\\\/uploads\\\/2020\\\/12\\\/Gibraltar_Skull_2.webp\",\"width\":1024,\"height\":768,\"caption\":\"Vista lateral del cr\u00e1neo original de la cantera de Forbes, Gibraltar, en el Museo Brit\u00e1nico. Por Jononmac46\"},{\"@type\":\"BreadcrumbList\",\"@id\":\"https:\\\/\\\/www.escapadarural.com\\\/blog\\\/el-hombre-de-neanthertal-en-gibraltar\\\/#breadcrumb\",\"itemListElement\":[{\"@type\":\"ListItem\",\"position\":1,\"name\":\"Inicio\",\"item\":\"https:\\\/\\\/www.escapadarural.com\\\/blog\\\/\"},{\"@type\":\"ListItem\",\"position\":2,\"name\":\"Ciencia\",\"item\":\"https:\\\/\\\/www.escapadarural.com\\\/blog\\\/categoria\\\/ciencia\\\/\"},{\"@type\":\"ListItem\",\"position\":3,\"name\":\"El hombre de Neanthertal se descubri\u00f3 antes en Gibraltar (Homo calpicus)\"}]},{\"@type\":\"WebSite\",\"@id\":\"https:\\\/\\\/www.escapadarural.com\\\/blog\\\/#website\",\"url\":\"https:\\\/\\\/www.escapadarural.com\\\/blog\\\/\",\"name\":\"Blog de viajes | turismo rural, alojamientos e inspiraci\u00f3n\",\"description\":\"Alojamientos rurales e inspiraci\u00f3n para tus escapadas\",\"publisher\":{\"@id\":\"https:\\\/\\\/www.escapadarural.com\\\/blog\\\/#organization\"},\"alternateName\":\"Magazine de viajes de EscapadaRural\",\"potentialAction\":[{\"@type\":\"SearchAction\",\"target\":{\"@type\":\"EntryPoint\",\"urlTemplate\":\"https:\\\/\\\/www.escapadarural.com\\\/blog\\\/?s={search_term_string}\"},\"query-input\":{\"@type\":\"PropertyValueSpecification\",\"valueRequired\":true,\"valueName\":\"search_term_string\"}}],\"inLanguage\":\"es\"},{\"@type\":\"Organization\",\"@id\":\"https:\\\/\\\/www.escapadarural.com\\\/blog\\\/#organization\",\"name\":\"EscapadaRural\",\"url\":\"https:\\\/\\\/www.escapadarural.com\\\/blog\\\/\",\"logo\":{\"@type\":\"ImageObject\",\"inLanguage\":\"es\",\"@id\":\"https:\\\/\\\/www.escapadarural.com\\\/blog\\\/#\\\/schema\\\/logo\\\/image\\\/\",\"url\":\"https:\\\/\\\/www.escapadarural.com\\\/blog\\\/wp-content\\\/uploads\\\/2024\\\/10\\\/cropped-cropped-escapada-rural-icon-mag-3.png\",\"contentUrl\":\"https:\\\/\\\/www.escapadarural.com\\\/blog\\\/wp-content\\\/uploads\\\/2024\\\/10\\\/cropped-cropped-escapada-rural-icon-mag-3.png\",\"width\":512,\"height\":512,\"caption\":\"EscapadaRural\"},\"image\":{\"@id\":\"https:\\\/\\\/www.escapadarural.com\\\/blog\\\/#\\\/schema\\\/logo\\\/image\\\/\"},\"sameAs\":[\"https:\\\/\\\/www.facebook.com\\\/escapadarural\",\"https:\\\/\\\/www.instagram.com\\\/escapadarural\\\/\",\"https:\\\/\\\/www.youtube.com\\\/@escapadaruralcom\"]},{\"@type\":\"Person\",\"@id\":\"https:\\\/\\\/www.escapadarural.com\\\/blog\\\/#\\\/schema\\\/person\\\/b19b2221b2fc03d3ab5ec82d81f7a678\",\"name\":\"Sergio Parra\",\"image\":{\"@type\":\"ImageObject\",\"inLanguage\":\"es\",\"@id\":\"https:\\\/\\\/www.escapadarural.com\\\/blog\\\/wp-content\\\/uploads\\\/2025\\\/02\\\/cropped-sergio_parra.webp\",\"url\":\"https:\\\/\\\/www.escapadarural.com\\\/blog\\\/wp-content\\\/uploads\\\/2025\\\/02\\\/cropped-sergio_parra.webp\",\"contentUrl\":\"https:\\\/\\\/www.escapadarural.com\\\/blog\\\/wp-content\\\/uploads\\\/2025\\\/02\\\/cropped-sergio_parra.webp\",\"caption\":\"Sergio Parra\"},\"description\":\"Juntaletras, divulgador y alfanum\u00e9rico vocacional. Siempre a la caza de historias que iluminen el camino y de ense\u00f1anzas que permitan capturar lo que te salga al paso. Escribo en Yorokobu, Jot Down y Muy Interesante, y soy editor de Xataka Ciencia y Diario del Viajero. Cuando necesito recogimiento, escribo libros. Cuando me siento extrovertido, salgo en el canal de YouTube Optirrealismo o el podcast Xanad\u00fa: Hearst &amp; Kane. Cuando busco perspectiva, me marcho lejos en bicicleta.\",\"sameAs\":[\"https:\\\/\\\/about.me\\\/sergioparra\",\"https:\\\/\\\/www.instagram.com\\\/melvinud\\\/\"],\"url\":\"https:\\\/\\\/www.escapadarural.com\\\/blog\\\/autor\\\/sergio\\\/\"}]}<\/script>\n<!-- \/ Yoast SEO plugin. -->","yoast_head_json":{"title":"El hombre de Neanthertal se descubri\u00f3 antes en Gibraltar (Homo calpicus) - EscapadaRural","robots":{"index":"index","follow":"follow","max-snippet":"max-snippet:-1","max-image-preview":"max-image-preview:large","max-video-preview":"max-video-preview:-1"},"canonical":"https:\/\/www.escapadarural.com\/blog\/el-hombre-de-neanthertal-en-gibraltar\/","og_locale":"es_ES","og_type":"article","og_title":"El hombre de Neanthertal se descubri\u00f3 antes en Gibraltar (Homo calpicus) - EscapadaRural","og_description":"Busk estuvo a punto de ser quien bautizara aquel nuevo esp\u00e9cimen por sugerencia de un colega, que le escribi\u00f3 una carta sugiri\u00e9ndole el nombre de Homo calpicus (Calpe era el antiguo nombre del pe\u00f1\u00f3n de Gibraltar). Todav\u00eda no se hab\u00eda descubierto el hombre de Neanthertal","og_url":"https:\/\/www.escapadarural.com\/blog\/el-hombre-de-neanthertal-en-gibraltar\/","og_site_name":"Magazine de viajes de EscapadaRural","article_publisher":"https:\/\/www.facebook.com\/escapadarural","article_published_time":"2020-12-02T11:12:18+00:00","article_modified_time":"2025-08-12T15:54:25+00:00","og_image":[{"width":1024,"height":768,"url":"https:\/\/www.escapadarural.com\/blog\/wp-content\/uploads\/2020\/12\/Gibraltar_Skull_2.webp?v=1755014066","type":"image\/webp"}],"author":"Sergio Parra","twitter_card":"summary_large_image","twitter_misc":{"Escrito por":"Sergio Parra","Tiempo de lectura":"5 minutos"},"schema":{"@context":"https:\/\/schema.org","@graph":[{"@type":"Article","@id":"https:\/\/www.escapadarural.com\/blog\/el-hombre-de-neanthertal-en-gibraltar\/#article","isPartOf":{"@id":"https:\/\/www.escapadarural.com\/blog\/el-hombre-de-neanthertal-en-gibraltar\/"},"author":{"name":"Sergio Parra","@id":"https:\/\/www.escapadarural.com\/blog\/#\/schema\/person\/b19b2221b2fc03d3ab5ec82d81f7a678"},"headline":"El hombre de Neanthertal se descubri\u00f3 antes en Gibraltar (Homo calpicus)","datePublished":"2020-12-02T11:12:18+00:00","dateModified":"2025-08-12T15:54:25+00:00","mainEntityOfPage":{"@id":"https:\/\/www.escapadarural.com\/blog\/el-hombre-de-neanthertal-en-gibraltar\/"},"wordCount":1075,"commentCount":3,"publisher":{"@id":"https:\/\/www.escapadarural.com\/blog\/#organization"},"image":{"@id":"https:\/\/www.escapadarural.com\/blog\/el-hombre-de-neanthertal-en-gibraltar\/#primaryimage"},"thumbnailUrl":"https:\/\/www.escapadarural.com\/blog\/wp-content\/uploads\/2020\/12\/Gibraltar_Skull_2.webp","keywords":["Andaluc\u00eda","Antropolog\u00eda","Arqueolog\u00eda","C\u00e1diz","Cantera de Forbes","Gibraltar","Homo calpicus","neandertal","neanthertal"],"articleSection":["Ciencia"],"inLanguage":"es","potentialAction":[{"@type":"CommentAction","name":"Comment","target":["https:\/\/www.escapadarural.com\/blog\/el-hombre-de-neanthertal-en-gibraltar\/#respond"]}]},{"@type":"WebPage","@id":"https:\/\/www.escapadarural.com\/blog\/el-hombre-de-neanthertal-en-gibraltar\/","url":"https:\/\/www.escapadarural.com\/blog\/el-hombre-de-neanthertal-en-gibraltar\/","name":"El hombre de Neanthertal se descubri\u00f3 antes en Gibraltar (Homo calpicus) - EscapadaRural","isPartOf":{"@id":"https:\/\/www.escapadarural.com\/blog\/#website"},"primaryImageOfPage":{"@id":"https:\/\/www.escapadarural.com\/blog\/el-hombre-de-neanthertal-en-gibraltar\/#primaryimage"},"image":{"@id":"https:\/\/www.escapadarural.com\/blog\/el-hombre-de-neanthertal-en-gibraltar\/#primaryimage"},"thumbnailUrl":"https:\/\/www.escapadarural.com\/blog\/wp-content\/uploads\/2020\/12\/Gibraltar_Skull_2.webp","datePublished":"2020-12-02T11:12:18+00:00","dateModified":"2025-08-12T15:54:25+00:00","breadcrumb":{"@id":"https:\/\/www.escapadarural.com\/blog\/el-hombre-de-neanthertal-en-gibraltar\/#breadcrumb"},"inLanguage":"es","potentialAction":[{"@type":"ReadAction","target":["https:\/\/www.escapadarural.com\/blog\/el-hombre-de-neanthertal-en-gibraltar\/"]}]},{"@type":"ImageObject","inLanguage":"es","@id":"https:\/\/www.escapadarural.com\/blog\/el-hombre-de-neanthertal-en-gibraltar\/#primaryimage","url":"https:\/\/www.escapadarural.com\/blog\/wp-content\/uploads\/2020\/12\/Gibraltar_Skull_2.webp","contentUrl":"https:\/\/www.escapadarural.com\/blog\/wp-content\/uploads\/2020\/12\/Gibraltar_Skull_2.webp","width":1024,"height":768,"caption":"Vista lateral del cr\u00e1neo original de la cantera de Forbes, Gibraltar, en el Museo Brit\u00e1nico. Por Jononmac46"},{"@type":"BreadcrumbList","@id":"https:\/\/www.escapadarural.com\/blog\/el-hombre-de-neanthertal-en-gibraltar\/#breadcrumb","itemListElement":[{"@type":"ListItem","position":1,"name":"Inicio","item":"https:\/\/www.escapadarural.com\/blog\/"},{"@type":"ListItem","position":2,"name":"Ciencia","item":"https:\/\/www.escapadarural.com\/blog\/categoria\/ciencia\/"},{"@type":"ListItem","position":3,"name":"El hombre de Neanthertal se descubri\u00f3 antes en Gibraltar (Homo calpicus)"}]},{"@type":"WebSite","@id":"https:\/\/www.escapadarural.com\/blog\/#website","url":"https:\/\/www.escapadarural.com\/blog\/","name":"Blog de viajes | turismo rural, alojamientos e inspiraci\u00f3n","description":"Alojamientos rurales e inspiraci\u00f3n para tus escapadas","publisher":{"@id":"https:\/\/www.escapadarural.com\/blog\/#organization"},"alternateName":"Magazine de viajes de EscapadaRural","potentialAction":[{"@type":"SearchAction","target":{"@type":"EntryPoint","urlTemplate":"https:\/\/www.escapadarural.com\/blog\/?s={search_term_string}"},"query-input":{"@type":"PropertyValueSpecification","valueRequired":true,"valueName":"search_term_string"}}],"inLanguage":"es"},{"@type":"Organization","@id":"https:\/\/www.escapadarural.com\/blog\/#organization","name":"EscapadaRural","url":"https:\/\/www.escapadarural.com\/blog\/","logo":{"@type":"ImageObject","inLanguage":"es","@id":"https:\/\/www.escapadarural.com\/blog\/#\/schema\/logo\/image\/","url":"https:\/\/www.escapadarural.com\/blog\/wp-content\/uploads\/2024\/10\/cropped-cropped-escapada-rural-icon-mag-3.png","contentUrl":"https:\/\/www.escapadarural.com\/blog\/wp-content\/uploads\/2024\/10\/cropped-cropped-escapada-rural-icon-mag-3.png","width":512,"height":512,"caption":"EscapadaRural"},"image":{"@id":"https:\/\/www.escapadarural.com\/blog\/#\/schema\/logo\/image\/"},"sameAs":["https:\/\/www.facebook.com\/escapadarural","https:\/\/www.instagram.com\/escapadarural\/","https:\/\/www.youtube.com\/@escapadaruralcom"]},{"@type":"Person","@id":"https:\/\/www.escapadarural.com\/blog\/#\/schema\/person\/b19b2221b2fc03d3ab5ec82d81f7a678","name":"Sergio Parra","image":{"@type":"ImageObject","inLanguage":"es","@id":"https:\/\/www.escapadarural.com\/blog\/wp-content\/uploads\/2025\/02\/cropped-sergio_parra.webp","url":"https:\/\/www.escapadarural.com\/blog\/wp-content\/uploads\/2025\/02\/cropped-sergio_parra.webp","contentUrl":"https:\/\/www.escapadarural.com\/blog\/wp-content\/uploads\/2025\/02\/cropped-sergio_parra.webp","caption":"Sergio Parra"},"description":"Juntaletras, divulgador y alfanum\u00e9rico vocacional. Siempre a la caza de historias que iluminen el camino y de ense\u00f1anzas que permitan capturar lo que te salga al paso. Escribo en Yorokobu, Jot Down y Muy Interesante, y soy editor de Xataka Ciencia y Diario del Viajero. Cuando necesito recogimiento, escribo libros. Cuando me siento extrovertido, salgo en el canal de YouTube Optirrealismo o el podcast Xanad\u00fa: Hearst &amp; Kane. Cuando busco perspectiva, me marcho lejos en bicicleta.","sameAs":["https:\/\/about.me\/sergioparra","https:\/\/www.instagram.com\/melvinud\/"],"url":"https:\/\/www.escapadarural.com\/blog\/autor\/sergio\/"}]}},"_links":{"self":[{"href":"https:\/\/www.escapadarural.com\/blog\/wp-json\/wp\/v2\/posts\/34515","targetHints":{"allow":["GET"]}}],"collection":[{"href":"https:\/\/www.escapadarural.com\/blog\/wp-json\/wp\/v2\/posts"}],"about":[{"href":"https:\/\/www.escapadarural.com\/blog\/wp-json\/wp\/v2\/types\/post"}],"author":[{"embeddable":true,"href":"https:\/\/www.escapadarural.com\/blog\/wp-json\/wp\/v2\/users\/120"}],"replies":[{"embeddable":true,"href":"https:\/\/www.escapadarural.com\/blog\/wp-json\/wp\/v2\/comments?post=34515"}],"version-history":[{"count":0,"href":"https:\/\/www.escapadarural.com\/blog\/wp-json\/wp\/v2\/posts\/34515\/revisions"}],"wp:featuredmedia":[{"embeddable":true,"href":"https:\/\/www.escapadarural.com\/blog\/wp-json\/wp\/v2\/media\/207345"}],"wp:attachment":[{"href":"https:\/\/www.escapadarural.com\/blog\/wp-json\/wp\/v2\/media?parent=34515"}],"wp:term":[{"taxonomy":"category","embeddable":true,"href":"https:\/\/www.escapadarural.com\/blog\/wp-json\/wp\/v2\/categories?post=34515"},{"taxonomy":"post_tag","embeddable":true,"href":"https:\/\/www.escapadarural.com\/blog\/wp-json\/wp\/v2\/tags?post=34515"}],"curies":[{"name":"wp","href":"https:\/\/api.w.org\/{rel}","templated":true}]}}