{"id":34793,"date":"2020-12-14T09:32:00","date_gmt":"2020-12-14T08:32:00","guid":{"rendered":"https:\/\/www.escapadarural.com\/blog\/?p=34793"},"modified":"2025-02-21T12:38:27","modified_gmt":"2025-02-21T10:38:27","slug":"el-encino-de-las-tres-patas-de-mendaza","status":"publish","type":"post","link":"https:\/\/www.escapadarural.com\/blog\/el-encino-de-las-tres-patas-de-mendaza\/","title":{"rendered":"El encino de las tres patas de Mendaza, entre los 10 \u00e1rboles europeos del 2020"},"content":{"rendered":"\n<figure class=\"wp-block-embed is-type-video is-provider-youtube wp-block-embed-youtube wp-embed-aspect-16-9 wp-has-aspect-ratio\"><div class=\"wp-block-embed__wrapper\">\n<span class=\"A0MFQc\"><div class=\"video-shortcode\"><iframe title=\"2019 Tree of the Year Spain - The three-legged Spanish oak\" width=\"1200\" height=\"675\" src=\"https:\/\/www.youtube.com\/embed\/tls9PXL9txI?feature=oembed\" frameborder=\"0\" allow=\"accelerometer; autoplay; clipboard-write; encrypted-media; gyroscope; picture-in-picture; web-share\" referrerpolicy=\"strict-origin-when-cross-origin\" allowfullscreen><\/iframe><\/div><\/span>\n<\/div><\/figure>\n\n\n\n<p>En Par\u00eds tienen la Torre Eiffel; en Londres, el Big Ben; en Nueva York, el Empire State; en Lisboa, el Elevador de Santa Justa; en Roma, el Coliseo. Y en Mendaza, el encino de las tres patas. Curiosamente, s\u00f3lo el anfiteatro romano es m\u00e1s antiguo que el encino, que <strong>con 1.200 a\u00f1os de antig\u00fcedad es uno de los \u00e1rboles m\u00e1s antiguos de toda la Pen\u00ednsula Ib\u00e9rica<\/strong>. Ahora tambi\u00e9n es uno de los diez \u00e1rboles europeos del a\u00f1o 2020.<\/p>\n\n\n\n<p>\u201cOye, \u00bfd\u00f3nde est\u00e1 ese \u00e1rbol del que hablan?\u201d, cuentan que les preguntan los visitantes cuando llegan a esta peque\u00f1a localidad navarra de menos de cien habitantes. \u201cPara nosotros es como un habitante m\u00e1s. Siempre decimos que es nuestro vecino m\u00e1s antiguo\u201d, explica a Escapada Rural el joven alcalde de Mendaza, Javier Senosi\u00e1in Patern\u00e1in. Dice que desde la celebraci\u00f3n del certamen europeo se ha notado m\u00e1s movimiento por el pueblo, \u201cy eso que este a\u00f1o con el tema de la pandemia ha habido un buen par\u00f3n\u201d, puntualiza.<\/p>\n\n\n\n<p>Sobre todo es gente de <a href=\"https:\/\/www.escapadarural.com\/casas-rurales\/navarra\" class=\"rank-math-link\">Navarra<\/a> y de las localidades lim\u00edtrofes, Pa\u00eds Vasco y La Rioja, las que se suelen aventurar m\u00e1s hasta el bello paraje del <strong>monte conocido por \u201cLa Laguna\u201d<\/strong>, a medio camino entre el pueblo de Mendaza y la ermita de Santa Coloma, que es donde se yergue monumental esta encina tan singular.<\/p>\n\n\n\n<p>Tree Of The Year es un certamen que acaba de cumplir su d\u00e9cima edici\u00f3n y que se dedica a seleccionar los <strong>\u00e1rboles europeos m\u00e1s importantes del a\u00f1o<\/strong> como forma de dar valor al patrimonio natural y cultural del continente. Los tres ganadores son elegidos por votaci\u00f3n popular y en total participan un total de diecis\u00e9is pa\u00edses europeos. \u201cPara nosotros es un orgullo haber podido representar a Espa\u00f1a en el concurso de \u00e1rbol europeo en esta edici\u00f3n\u201d, cuenta Javier. El encino de las tres patas de Mendaza qued\u00f3 en novena posici\u00f3n; pero a pesar de no estar entre los tres ganadores, 14.456 votos lo avalan como <strong>uno de los \u00e1rboles europeos m\u00e1s singulares del a\u00f1o<\/strong>.<\/p>\n\n\n\n<h2 class=\"wp-block-heading\" id=\"h-el-encino-de-las-tres-patas-de-mendaza\">El encino de las tres patas de Mendaza<\/h2>\n\n\n<div class=\"wp-block-image\">\n<figure class=\"alignleft size-large\"><img decoding=\"async\" src=\"https:\/\/www.escapadarural.com\/blog\/wp-content\/uploads\/2020\/12\/Mendaza_Navarra_Spanien-Steineiche-1.jpg\" alt=\"\" class=\"wp-image-35611\"\/><figcaption class=\"wp-element-caption\">Por Javier Hermoso De Mendoza<\/figcaption><\/figure>\n<\/div>\n\n\n<p>El encino de las tres patas bien podr\u00eda haber inspirado a J. R. R Tolkien para crear a los ents, aquellos maravillosos seres arb\u00f3reos de la Tierra Media que se dedicaban como \u201cpastores de \u00e1rboles\u201d a proteger a los bosques. La peculiaridad de los <em>ents <\/em>era que, a pesar de ser ellos mismos \u00e1rboles, pod\u00edan desplazarse y hablar. A punto de echarse a andar es, precisamente, lo que parece que est\u00e1 a punto de hacer el encino de las tres patas cuando se contempla por primera vez su espectacular forma con un tronco hueco apoyado s\u00f3lo en tres grandes patas. S\u00f3lo le faltar\u00eda hablar\u2026 Aunque igual ya lo hace pero con un idioma tan secreto que los humanos no sabemos identificar.<\/p>\n\n\n\n<p>Cuentan los del lugar que <strong>el ganado ten\u00eda la costumbre de pasar justo por el hueco formado en su tronco<\/strong> y que les gustaba rascarse en su corteza. Con 1.200 a\u00f1os de antig\u00fcedad, ha visto de todo por los alrededores, ha sufrido la furia de varios vendavales fuertes, el filo de las hachas para hacer le\u00f1a y mil desventuras m\u00e1s. Tal vez fuera por ello que se comenz\u00f3 a abrir la grieta de su tronco. Fue en el a\u00f1o 1993 que el Departamento de Medio Ambiente del Gobierno de Navarra, a trav\u00e9s del Servicio de Montes, intent\u00f3 <strong>coser el tronco con unos tornillos de acero<\/strong>, pero fue insuficiente. Si hoy se ha salvado es por el zuncho met\u00e1lico que le colocaron unos vecinos. Probablemente, de no haber sido as\u00ed, el encino se habr\u00eda vencido bajo su propio peso.<\/p>\n\n\n\n<p>El de ser uno de los \u00e1rboles europeos del a\u00f1o no es el \u00fanico reconocimiento que ha recibido este encino. <strong>En el a\u00f1o 2007 fue escogido como \u201c\u00c1rbol longevo\u201d en el concurso \u00c1rbol y Bosque del A\u00f1o\u201d<\/strong> promovido por Ministerio de Medio Ambiente a trav\u00e9s de la Direcci\u00f3n General para la Biodiversidad y la Asociaci\u00f3n Bosques sin Fronteras.<\/p>\n\n\n\n<h2 class=\"wp-block-heading\" id=\"h-que-ver-en-mendaza\">Qu\u00e9 ver en Mendaza<\/h2>\n\n\n\n<figure class=\"wp-block-image size-large is-resized\"><a href=\"https:\/\/www.escapadarural.com\/blog\/wp-content\/uploads\/2018\/09\/Estella-Lizarra-Puente-de-la-Carcel-1.jpg\"><img decoding=\"async\" src=\"https:\/\/www.escapadarural.com\/blog\/wp-content\/uploads\/2018\/09\/Estella-Lizarra-Puente-de-la-Carcel-1-1024x752.jpg\" alt=\"Estella\" class=\"wp-image-25922\" style=\"width:780px;height:572px\"\/><\/a><figcaption class=\"wp-element-caption\">Estella. Fotograf\u00edas cedidas por el Archivo de Turismo \u201cReyno de Navarra\u201d<\/figcaption><\/figure>\n\n\n\n<p>Aprovechando que se va a visitar a tan ilustre personaje, se puede optar por ir hasta <a href=\"https:\/\/www.escapadarural.com\/casas-rurales\/estella-lizarra\" class=\"rank-math-link\">Estella-Lizarra<\/a>, una de las <strong>ciudades medievales m\u00e1s bellas del norte de Espa\u00f1a<\/strong>. Una buena idea es llegar hasta ella pedaleando. Y es que la V\u00eda Verde de Ferrocarril Vasco Navarro pasa muy cerca de Mendaza. Se puede llegar hasta el cruce de Z\u00fa\u00f1iga, a unos 200 metros aproximadamente de la poblaci\u00f3n, donde se encuentra la indicaci\u00f3n de inicio del \u00faltimo tramo que lleva a la ciudad monumental a trav\u00e9s de un suave sendero, apto para toda la familia. En total, unos 23 kil\u00f3metros de ruta lineal.<\/p>\n\n\n\n<p>El viajero har\u00e1 bien en hacerse con un plano donde aparezcan los lugares patrimoniales m\u00e1s importantes. No en vano, a Estella se la conoce como el \u201cToledo del Norte\u201d por su cantidad de iglesias centenarias, donde destacan la de San Pedro de la R\u00faa (frente al Palacio de los Reyes de Navarra) y la Iglesia del Santo Sepulcro, adem\u00e1s de castillos y palacios fastuosos. Por sus calles peatonales de m\u00e1s de 500 a\u00f1os, se llega al barrio de la juder\u00eda, uno de los <strong>imprescindibles de la red de la Red de Juder\u00edas de Espa\u00f1a, Caminos de Sefarad<\/strong>.<\/p>\n\n\n\n<p>Si hay ganas de m\u00e1s actividades naturales, Estella es una de las <strong>puertas de entrada de la Reserva Natural del Parque Natural de Urbasa y And\u00eda<\/strong>, el hogar del gato mont\u00e9s, del azor y del poderoso quebrantahuesos. Atenci\u00f3n porque si hay ganas de recorrer sus senderos para llegar al <a href=\"https:\/\/www.escapadarural.com\/blog\/urederra-la-fuerza-del-agua\/\" class=\"rank-math-link\">Nacedero del Urederra<\/a> habr\u00e1 que reservar anticipadamente, ya que hay restricciones de acceso a medio centenar de visitantes al d\u00eda con tal de preservar este entorno natural que parece salir de un cuento de hadas.<\/p>\n\n\n\n<div class=\"wp-block-buttons is-layout-flex wp-block-buttons-is-layout-flex\">\n<div class=\"wp-block-button\"><a class=\"wp-block-button__link wp-element-button\" href=\"https:\/\/www.escapadarural.com\/casas-rurales\/navarra\">Casas rurales en Navarra<\/a><\/div>\n<\/div>\n","protected":false},"excerpt":{"rendered":"<p>En Par\u00eds tienen la Torre Eiffel; en Londres, el Big  [&#8230;]<\/p>\n","protected":false},"author":112,"featured_media":102536,"comment_status":"open","ping_status":"open","sticky":false,"template":"","format":"standard","meta":{"_acf_changed":false,"om_disable_all_campaigns":false,"footnotes":""},"categories":[191],"tags":[3026,301,3027,1913,3028,3029],"class_list":["post-34793","post","type-post","status-publish","format-standard","has-post-thumbnail","hentry","category-destinos","tag-arbol-del-ano","tag-arboles","tag-encino-de-las-tres-patas","tag-estella","tag-mendaza","tag-tree-of-the-year"],"acf":[],"featured_image_src":"https:\/\/www.escapadarural.com\/blog\/wp-content\/uploads\/2024\/10\/Mendaza_Navarra_Spanien-Steineiche-1-1.jpg","author_info":{"display_name":"Jos\u00e9 Alejandro Adamuz","author_link":"https:\/\/www.escapadarural.com\/blog\/autor\/josealejandro\/"},"yoast_head":"<!-- This site is optimized with the Yoast SEO plugin v27.5 - https:\/\/yoast.com\/product\/yoast-seo-wordpress\/ -->\n<title>El encino de las tres patas de Mendaza, entre los 10 \u00e1rboles europeos del 2020 - EscapadaRural<\/title>\n<meta name=\"robots\" content=\"index, follow, max-snippet:-1, max-image-preview:large, max-video-preview:-1\" \/>\n<link rel=\"canonical\" href=\"https:\/\/www.escapadarural.com\/blog\/el-encino-de-las-tres-patas-de-mendaza\/\" \/>\n<meta property=\"og:locale\" content=\"es_ES\" \/>\n<meta property=\"og:type\" content=\"article\" \/>\n<meta property=\"og:title\" content=\"El encino de las tres patas de Mendaza, entre los 10 \u00e1rboles europeos del 2020 - EscapadaRural\" \/>\n<meta property=\"og:description\" content=\"En Par\u00eds tienen la Torre Eiffel; en Londres, el Big [...]\" \/>\n<meta property=\"og:url\" content=\"https:\/\/www.escapadarural.com\/blog\/el-encino-de-las-tres-patas-de-mendaza\/\" \/>\n<meta property=\"og:site_name\" content=\"Magazine de viajes de EscapadaRural\" \/>\n<meta property=\"article:publisher\" content=\"https:\/\/www.facebook.com\/escapadarural\" \/>\n<meta property=\"article:published_time\" content=\"2020-12-14T08:32:00+00:00\" \/>\n<meta property=\"article:modified_time\" content=\"2025-02-21T10:38:27+00:00\" \/>\n<meta property=\"og:image\" content=\"https:\/\/www.escapadarural.com\/blog\/wp-content\/uploads\/2024\/10\/Mendaza_Navarra_Spanien-Steineiche-1-1.jpg\" \/>\n\t<meta property=\"og:image:width\" content=\"450\" \/>\n\t<meta property=\"og:image:height\" content=\"600\" \/>\n\t<meta property=\"og:image:type\" content=\"image\/jpeg\" \/>\n<meta name=\"author\" content=\"Jos\u00e9 Alejandro Adamuz\" \/>\n<meta name=\"twitter:card\" content=\"summary_large_image\" \/>\n<meta name=\"twitter:label1\" content=\"Escrito por\" \/>\n\t<meta name=\"twitter:data1\" content=\"Jos\u00e9 Alejandro Adamuz\" \/>\n\t<meta name=\"twitter:label2\" content=\"Tiempo de lectura\" \/>\n\t<meta name=\"twitter:data2\" content=\"6 minutos\" \/>\n<script type=\"application\/ld+json\" class=\"yoast-schema-graph\">{\"@context\":\"https:\\\/\\\/schema.org\",\"@graph\":[{\"@type\":\"Article\",\"@id\":\"https:\\\/\\\/www.escapadarural.com\\\/blog\\\/el-encino-de-las-tres-patas-de-mendaza\\\/#article\",\"isPartOf\":{\"@id\":\"https:\\\/\\\/www.escapadarural.com\\\/blog\\\/el-encino-de-las-tres-patas-de-mendaza\\\/\"},\"author\":{\"name\":\"Jos\u00e9 Alejandro Adamuz\",\"@id\":\"https:\\\/\\\/www.escapadarural.com\\\/blog\\\/#\\\/schema\\\/person\\\/ac6969ba5ab90987dda9465be409d6b3\"},\"headline\":\"El encino de las tres patas de Mendaza, entre los 10 \u00e1rboles europeos del 2020\",\"datePublished\":\"2020-12-14T08:32:00+00:00\",\"dateModified\":\"2025-02-21T10:38:27+00:00\",\"mainEntityOfPage\":{\"@id\":\"https:\\\/\\\/www.escapadarural.com\\\/blog\\\/el-encino-de-las-tres-patas-de-mendaza\\\/\"},\"wordCount\":1061,\"commentCount\":0,\"publisher\":{\"@id\":\"https:\\\/\\\/www.escapadarural.com\\\/blog\\\/#organization\"},\"image\":{\"@id\":\"https:\\\/\\\/www.escapadarural.com\\\/blog\\\/el-encino-de-las-tres-patas-de-mendaza\\\/#primaryimage\"},\"thumbnailUrl\":\"https:\\\/\\\/www.escapadarural.com\\\/blog\\\/wp-content\\\/uploads\\\/2024\\\/10\\\/Mendaza_Navarra_Spanien-Steineiche-1-1.jpg\",\"keywords\":[\"\u00c1rbol del a\u00f1o\",\"\u00c1rboles\",\"Encino de las tres patas\",\"Estella\",\"Mendaza\",\"Tree Of The Year\"],\"articleSection\":[\"Destinos\"],\"inLanguage\":\"es\",\"potentialAction\":[{\"@type\":\"CommentAction\",\"name\":\"Comment\",\"target\":[\"https:\\\/\\\/www.escapadarural.com\\\/blog\\\/el-encino-de-las-tres-patas-de-mendaza\\\/#respond\"]}]},{\"@type\":\"WebPage\",\"@id\":\"https:\\\/\\\/www.escapadarural.com\\\/blog\\\/el-encino-de-las-tres-patas-de-mendaza\\\/\",\"url\":\"https:\\\/\\\/www.escapadarural.com\\\/blog\\\/el-encino-de-las-tres-patas-de-mendaza\\\/\",\"name\":\"El encino de las tres patas de Mendaza, entre los 10 \u00e1rboles europeos del 2020 - EscapadaRural\",\"isPartOf\":{\"@id\":\"https:\\\/\\\/www.escapadarural.com\\\/blog\\\/#website\"},\"primaryImageOfPage\":{\"@id\":\"https:\\\/\\\/www.escapadarural.com\\\/blog\\\/el-encino-de-las-tres-patas-de-mendaza\\\/#primaryimage\"},\"image\":{\"@id\":\"https:\\\/\\\/www.escapadarural.com\\\/blog\\\/el-encino-de-las-tres-patas-de-mendaza\\\/#primaryimage\"},\"thumbnailUrl\":\"https:\\\/\\\/www.escapadarural.com\\\/blog\\\/wp-content\\\/uploads\\\/2024\\\/10\\\/Mendaza_Navarra_Spanien-Steineiche-1-1.jpg\",\"datePublished\":\"2020-12-14T08:32:00+00:00\",\"dateModified\":\"2025-02-21T10:38:27+00:00\",\"breadcrumb\":{\"@id\":\"https:\\\/\\\/www.escapadarural.com\\\/blog\\\/el-encino-de-las-tres-patas-de-mendaza\\\/#breadcrumb\"},\"inLanguage\":\"es\",\"potentialAction\":[{\"@type\":\"ReadAction\",\"target\":[\"https:\\\/\\\/www.escapadarural.com\\\/blog\\\/el-encino-de-las-tres-patas-de-mendaza\\\/\"]}]},{\"@type\":\"ImageObject\",\"inLanguage\":\"es\",\"@id\":\"https:\\\/\\\/www.escapadarural.com\\\/blog\\\/el-encino-de-las-tres-patas-de-mendaza\\\/#primaryimage\",\"url\":\"https:\\\/\\\/www.escapadarural.com\\\/blog\\\/wp-content\\\/uploads\\\/2024\\\/10\\\/Mendaza_Navarra_Spanien-Steineiche-1-1.jpg\",\"contentUrl\":\"https:\\\/\\\/www.escapadarural.com\\\/blog\\\/wp-content\\\/uploads\\\/2024\\\/10\\\/Mendaza_Navarra_Spanien-Steineiche-1-1.jpg\",\"width\":450,\"height\":600,\"caption\":\"\u00c1rbol grande y frondoso de tronco grueso y ancho que crece en un campo cubierto de hierba bajo un cielo parcialmente nublado: una escena pintoresca perfecta para el turismo rural. Algunas de las hojas muestran manchas de color marr\u00f3n rojizo entre el verde.\"},{\"@type\":\"BreadcrumbList\",\"@id\":\"https:\\\/\\\/www.escapadarural.com\\\/blog\\\/el-encino-de-las-tres-patas-de-mendaza\\\/#breadcrumb\",\"itemListElement\":[{\"@type\":\"ListItem\",\"position\":1,\"name\":\"Inicio\",\"item\":\"https:\\\/\\\/www.escapadarural.com\\\/blog\\\/\"},{\"@type\":\"ListItem\",\"position\":2,\"name\":\"Destinos\",\"item\":\"https:\\\/\\\/www.escapadarural.com\\\/blog\\\/categoria\\\/destinos\\\/\"},{\"@type\":\"ListItem\",\"position\":3,\"name\":\"El encino de las tres patas de Mendaza, entre los 10 \u00e1rboles europeos del 2020\"}]},{\"@type\":\"WebSite\",\"@id\":\"https:\\\/\\\/www.escapadarural.com\\\/blog\\\/#website\",\"url\":\"https:\\\/\\\/www.escapadarural.com\\\/blog\\\/\",\"name\":\"Blog de viajes | turismo rural, alojamientos e inspiraci\u00f3n\",\"description\":\"Alojamientos rurales e inspiraci\u00f3n para tus escapadas\",\"publisher\":{\"@id\":\"https:\\\/\\\/www.escapadarural.com\\\/blog\\\/#organization\"},\"alternateName\":\"Magazine de viajes de EscapadaRural\",\"potentialAction\":[{\"@type\":\"SearchAction\",\"target\":{\"@type\":\"EntryPoint\",\"urlTemplate\":\"https:\\\/\\\/www.escapadarural.com\\\/blog\\\/?s={search_term_string}\"},\"query-input\":{\"@type\":\"PropertyValueSpecification\",\"valueRequired\":true,\"valueName\":\"search_term_string\"}}],\"inLanguage\":\"es\"},{\"@type\":\"Organization\",\"@id\":\"https:\\\/\\\/www.escapadarural.com\\\/blog\\\/#organization\",\"name\":\"EscapadaRural\",\"url\":\"https:\\\/\\\/www.escapadarural.com\\\/blog\\\/\",\"logo\":{\"@type\":\"ImageObject\",\"inLanguage\":\"es\",\"@id\":\"https:\\\/\\\/www.escapadarural.com\\\/blog\\\/#\\\/schema\\\/logo\\\/image\\\/\",\"url\":\"https:\\\/\\\/www.escapadarural.com\\\/blog\\\/wp-content\\\/uploads\\\/2024\\\/10\\\/cropped-cropped-escapada-rural-icon-mag-3.png\",\"contentUrl\":\"https:\\\/\\\/www.escapadarural.com\\\/blog\\\/wp-content\\\/uploads\\\/2024\\\/10\\\/cropped-cropped-escapada-rural-icon-mag-3.png\",\"width\":512,\"height\":512,\"caption\":\"EscapadaRural\"},\"image\":{\"@id\":\"https:\\\/\\\/www.escapadarural.com\\\/blog\\\/#\\\/schema\\\/logo\\\/image\\\/\"},\"sameAs\":[\"https:\\\/\\\/www.facebook.com\\\/escapadarural\",\"https:\\\/\\\/www.instagram.com\\\/escapadarural\\\/\",\"https:\\\/\\\/www.youtube.com\\\/@escapadaruralcom\"]},{\"@type\":\"Person\",\"@id\":\"https:\\\/\\\/www.escapadarural.com\\\/blog\\\/#\\\/schema\\\/person\\\/ac6969ba5ab90987dda9465be409d6b3\",\"name\":\"Jos\u00e9 Alejandro Adamuz\",\"image\":{\"@type\":\"ImageObject\",\"inLanguage\":\"es\",\"@id\":\"https:\\\/\\\/www.escapadarural.com\\\/blog\\\/wp-content\\\/uploads\\\/2025\\\/02\\\/cropped-jose_alejandro_viajar-96x96.webp\",\"url\":\"https:\\\/\\\/www.escapadarural.com\\\/blog\\\/wp-content\\\/uploads\\\/2025\\\/02\\\/cropped-jose_alejandro_viajar-96x96.webp\",\"contentUrl\":\"https:\\\/\\\/www.escapadarural.com\\\/blog\\\/wp-content\\\/uploads\\\/2025\\\/02\\\/cropped-jose_alejandro_viajar-96x96.webp\",\"caption\":\"Jos\u00e9 Alejandro Adamuz\"},\"description\":\"Soy licenciado en filolog\u00eda hisp\u00e1nica y periodista por vocaci\u00f3n. Tambi\u00e9n soy disl\u00e9xico, por lo que suelo confundir la derecha con la izquierda y los kil\u00f3metros con la literatura. Pero de momento me va bien as\u00ed. Colaboro habitualmente en diferentes medios haciendo cr\u00f3nica de viajes y periodismo cultural. Me gusta que los viajes cuenten historias y que las historias me hagan viajar.\",\"sameAs\":[\"https:\\\/\\\/viviratodaletra.com\\\/\"],\"url\":\"https:\\\/\\\/www.escapadarural.com\\\/blog\\\/autor\\\/josealejandro\\\/\"}]}<\/script>\n<!-- \/ Yoast SEO plugin. -->","yoast_head_json":{"title":"El encino de las tres patas de Mendaza, entre los 10 \u00e1rboles europeos del 2020 - EscapadaRural","robots":{"index":"index","follow":"follow","max-snippet":"max-snippet:-1","max-image-preview":"max-image-preview:large","max-video-preview":"max-video-preview:-1"},"canonical":"https:\/\/www.escapadarural.com\/blog\/el-encino-de-las-tres-patas-de-mendaza\/","og_locale":"es_ES","og_type":"article","og_title":"El encino de las tres patas de Mendaza, entre los 10 \u00e1rboles europeos del 2020 - EscapadaRural","og_description":"En Par\u00eds tienen la Torre Eiffel; en Londres, el Big [...]","og_url":"https:\/\/www.escapadarural.com\/blog\/el-encino-de-las-tres-patas-de-mendaza\/","og_site_name":"Magazine de viajes de EscapadaRural","article_publisher":"https:\/\/www.facebook.com\/escapadarural","article_published_time":"2020-12-14T08:32:00+00:00","article_modified_time":"2025-02-21T10:38:27+00:00","og_image":[{"width":450,"height":600,"url":"https:\/\/www.escapadarural.com\/blog\/wp-content\/uploads\/2024\/10\/Mendaza_Navarra_Spanien-Steineiche-1-1.jpg","type":"image\/jpeg"}],"author":"Jos\u00e9 Alejandro Adamuz","twitter_card":"summary_large_image","twitter_misc":{"Escrito por":"Jos\u00e9 Alejandro Adamuz","Tiempo de lectura":"6 minutos"},"schema":{"@context":"https:\/\/schema.org","@graph":[{"@type":"Article","@id":"https:\/\/www.escapadarural.com\/blog\/el-encino-de-las-tres-patas-de-mendaza\/#article","isPartOf":{"@id":"https:\/\/www.escapadarural.com\/blog\/el-encino-de-las-tres-patas-de-mendaza\/"},"author":{"name":"Jos\u00e9 Alejandro Adamuz","@id":"https:\/\/www.escapadarural.com\/blog\/#\/schema\/person\/ac6969ba5ab90987dda9465be409d6b3"},"headline":"El encino de las tres patas de Mendaza, entre los 10 \u00e1rboles europeos del 2020","datePublished":"2020-12-14T08:32:00+00:00","dateModified":"2025-02-21T10:38:27+00:00","mainEntityOfPage":{"@id":"https:\/\/www.escapadarural.com\/blog\/el-encino-de-las-tres-patas-de-mendaza\/"},"wordCount":1061,"commentCount":0,"publisher":{"@id":"https:\/\/www.escapadarural.com\/blog\/#organization"},"image":{"@id":"https:\/\/www.escapadarural.com\/blog\/el-encino-de-las-tres-patas-de-mendaza\/#primaryimage"},"thumbnailUrl":"https:\/\/www.escapadarural.com\/blog\/wp-content\/uploads\/2024\/10\/Mendaza_Navarra_Spanien-Steineiche-1-1.jpg","keywords":["\u00c1rbol del a\u00f1o","\u00c1rboles","Encino de las tres patas","Estella","Mendaza","Tree Of The Year"],"articleSection":["Destinos"],"inLanguage":"es","potentialAction":[{"@type":"CommentAction","name":"Comment","target":["https:\/\/www.escapadarural.com\/blog\/el-encino-de-las-tres-patas-de-mendaza\/#respond"]}]},{"@type":"WebPage","@id":"https:\/\/www.escapadarural.com\/blog\/el-encino-de-las-tres-patas-de-mendaza\/","url":"https:\/\/www.escapadarural.com\/blog\/el-encino-de-las-tres-patas-de-mendaza\/","name":"El encino de las tres patas de Mendaza, entre los 10 \u00e1rboles europeos del 2020 - EscapadaRural","isPartOf":{"@id":"https:\/\/www.escapadarural.com\/blog\/#website"},"primaryImageOfPage":{"@id":"https:\/\/www.escapadarural.com\/blog\/el-encino-de-las-tres-patas-de-mendaza\/#primaryimage"},"image":{"@id":"https:\/\/www.escapadarural.com\/blog\/el-encino-de-las-tres-patas-de-mendaza\/#primaryimage"},"thumbnailUrl":"https:\/\/www.escapadarural.com\/blog\/wp-content\/uploads\/2024\/10\/Mendaza_Navarra_Spanien-Steineiche-1-1.jpg","datePublished":"2020-12-14T08:32:00+00:00","dateModified":"2025-02-21T10:38:27+00:00","breadcrumb":{"@id":"https:\/\/www.escapadarural.com\/blog\/el-encino-de-las-tres-patas-de-mendaza\/#breadcrumb"},"inLanguage":"es","potentialAction":[{"@type":"ReadAction","target":["https:\/\/www.escapadarural.com\/blog\/el-encino-de-las-tres-patas-de-mendaza\/"]}]},{"@type":"ImageObject","inLanguage":"es","@id":"https:\/\/www.escapadarural.com\/blog\/el-encino-de-las-tres-patas-de-mendaza\/#primaryimage","url":"https:\/\/www.escapadarural.com\/blog\/wp-content\/uploads\/2024\/10\/Mendaza_Navarra_Spanien-Steineiche-1-1.jpg","contentUrl":"https:\/\/www.escapadarural.com\/blog\/wp-content\/uploads\/2024\/10\/Mendaza_Navarra_Spanien-Steineiche-1-1.jpg","width":450,"height":600,"caption":"\u00c1rbol grande y frondoso de tronco grueso y ancho que crece en un campo cubierto de hierba bajo un cielo parcialmente nublado: una escena pintoresca perfecta para el turismo rural. Algunas de las hojas muestran manchas de color marr\u00f3n rojizo entre el verde."},{"@type":"BreadcrumbList","@id":"https:\/\/www.escapadarural.com\/blog\/el-encino-de-las-tres-patas-de-mendaza\/#breadcrumb","itemListElement":[{"@type":"ListItem","position":1,"name":"Inicio","item":"https:\/\/www.escapadarural.com\/blog\/"},{"@type":"ListItem","position":2,"name":"Destinos","item":"https:\/\/www.escapadarural.com\/blog\/categoria\/destinos\/"},{"@type":"ListItem","position":3,"name":"El encino de las tres patas de Mendaza, entre los 10 \u00e1rboles europeos del 2020"}]},{"@type":"WebSite","@id":"https:\/\/www.escapadarural.com\/blog\/#website","url":"https:\/\/www.escapadarural.com\/blog\/","name":"Blog de viajes | turismo rural, alojamientos e inspiraci\u00f3n","description":"Alojamientos rurales e inspiraci\u00f3n para tus escapadas","publisher":{"@id":"https:\/\/www.escapadarural.com\/blog\/#organization"},"alternateName":"Magazine de viajes de EscapadaRural","potentialAction":[{"@type":"SearchAction","target":{"@type":"EntryPoint","urlTemplate":"https:\/\/www.escapadarural.com\/blog\/?s={search_term_string}"},"query-input":{"@type":"PropertyValueSpecification","valueRequired":true,"valueName":"search_term_string"}}],"inLanguage":"es"},{"@type":"Organization","@id":"https:\/\/www.escapadarural.com\/blog\/#organization","name":"EscapadaRural","url":"https:\/\/www.escapadarural.com\/blog\/","logo":{"@type":"ImageObject","inLanguage":"es","@id":"https:\/\/www.escapadarural.com\/blog\/#\/schema\/logo\/image\/","url":"https:\/\/www.escapadarural.com\/blog\/wp-content\/uploads\/2024\/10\/cropped-cropped-escapada-rural-icon-mag-3.png","contentUrl":"https:\/\/www.escapadarural.com\/blog\/wp-content\/uploads\/2024\/10\/cropped-cropped-escapada-rural-icon-mag-3.png","width":512,"height":512,"caption":"EscapadaRural"},"image":{"@id":"https:\/\/www.escapadarural.com\/blog\/#\/schema\/logo\/image\/"},"sameAs":["https:\/\/www.facebook.com\/escapadarural","https:\/\/www.instagram.com\/escapadarural\/","https:\/\/www.youtube.com\/@escapadaruralcom"]},{"@type":"Person","@id":"https:\/\/www.escapadarural.com\/blog\/#\/schema\/person\/ac6969ba5ab90987dda9465be409d6b3","name":"Jos\u00e9 Alejandro Adamuz","image":{"@type":"ImageObject","inLanguage":"es","@id":"https:\/\/www.escapadarural.com\/blog\/wp-content\/uploads\/2025\/02\/cropped-jose_alejandro_viajar-96x96.webp","url":"https:\/\/www.escapadarural.com\/blog\/wp-content\/uploads\/2025\/02\/cropped-jose_alejandro_viajar-96x96.webp","contentUrl":"https:\/\/www.escapadarural.com\/blog\/wp-content\/uploads\/2025\/02\/cropped-jose_alejandro_viajar-96x96.webp","caption":"Jos\u00e9 Alejandro Adamuz"},"description":"Soy licenciado en filolog\u00eda hisp\u00e1nica y periodista por vocaci\u00f3n. Tambi\u00e9n soy disl\u00e9xico, por lo que suelo confundir la derecha con la izquierda y los kil\u00f3metros con la literatura. Pero de momento me va bien as\u00ed. Colaboro habitualmente en diferentes medios haciendo cr\u00f3nica de viajes y periodismo cultural. Me gusta que los viajes cuenten historias y que las historias me hagan viajar.","sameAs":["https:\/\/viviratodaletra.com\/"],"url":"https:\/\/www.escapadarural.com\/blog\/autor\/josealejandro\/"}]}},"_links":{"self":[{"href":"https:\/\/www.escapadarural.com\/blog\/wp-json\/wp\/v2\/posts\/34793","targetHints":{"allow":["GET"]}}],"collection":[{"href":"https:\/\/www.escapadarural.com\/blog\/wp-json\/wp\/v2\/posts"}],"about":[{"href":"https:\/\/www.escapadarural.com\/blog\/wp-json\/wp\/v2\/types\/post"}],"author":[{"embeddable":true,"href":"https:\/\/www.escapadarural.com\/blog\/wp-json\/wp\/v2\/users\/112"}],"replies":[{"embeddable":true,"href":"https:\/\/www.escapadarural.com\/blog\/wp-json\/wp\/v2\/comments?post=34793"}],"version-history":[{"count":0,"href":"https:\/\/www.escapadarural.com\/blog\/wp-json\/wp\/v2\/posts\/34793\/revisions"}],"wp:featuredmedia":[{"embeddable":true,"href":"https:\/\/www.escapadarural.com\/blog\/wp-json\/wp\/v2\/media\/102536"}],"wp:attachment":[{"href":"https:\/\/www.escapadarural.com\/blog\/wp-json\/wp\/v2\/media?parent=34793"}],"wp:term":[{"taxonomy":"category","embeddable":true,"href":"https:\/\/www.escapadarural.com\/blog\/wp-json\/wp\/v2\/categories?post=34793"},{"taxonomy":"post_tag","embeddable":true,"href":"https:\/\/www.escapadarural.com\/blog\/wp-json\/wp\/v2\/tags?post=34793"}],"curies":[{"name":"wp","href":"https:\/\/api.w.org\/{rel}","templated":true}]}}