{"id":35281,"date":"2020-12-16T08:00:00","date_gmt":"2020-12-16T07:00:00","guid":{"rendered":"https:\/\/www.escapadarural.com\/blog\/?p=35281"},"modified":"2025-02-21T12:34:06","modified_gmt":"2025-02-21T10:34:06","slug":"5-belenes-muy-originales-que-se-pueden-visitar-esta-navidad","status":"publish","type":"post","link":"https:\/\/www.escapadarural.com\/blog\/5-belenes-muy-originales-que-se-pueden-visitar-esta-navidad\/","title":{"rendered":"5 belenes muy originales que se pueden visitar esta Navidad"},"content":{"rendered":"\n<figure class=\"wp-block-image size-large\"><a href=\"https:\/\/www.escapadarural.com\/blog\/wp-content\/uploads\/2020\/12\/unnamed.jpg\"><img decoding=\"async\" src=\"https:\/\/www.escapadarural.com\/blog\/wp-content\/uploads\/2020\/12\/unnamed-1024x683.jpg\" alt=\"Bel\u00e9n de arena de Las Canteras\" class=\"wp-image-35406\"\/><\/a><figcaption class=\"wp-element-caption\">Por Bel\u00e9n de arena de Las Canteras<\/figcaption><\/figure>\n\n\n\n<p>La crisis sanitaria causada por la pandemia de la Covid19 har\u00e1 que esta <a href=\"https:\/\/www.escapadarural.com\/blog\/?s=Navidad\" class=\"rank-math-link\">Navidad<\/a> sea un poco diferente. Muchas de las tradiciones navide\u00f1as a las que est\u00e1bamos acostumbrados no se podr\u00e1n celebrar. Por ejemplo, las fiestas de A\u00f1o Nuevo, la cabalgata de Reyes o la representaci\u00f3n de belenes. Aunque en este \u00faltimo punto, no todos han sido cancelados<\/p>\n\n\n\n<p>Diversas localidades de Espa\u00f1a han podido montar su <strong>tradicional bel\u00e9n de forma segura para los visitantes<\/strong>. Muchos pesebres est\u00e1n al aire libre, tienen aforo limitado y algunos requieren cita previa para visitarlos. <\/p>\n\n\n\n<p>Estos son 5 belenes que se pueden ver en nuestro pa\u00eds este 2020 muy originales. <\/p>\n\n\n\n<h2 class=\"wp-block-heading\" id=\"h-1-belen-de-arena-de-las-canteras\">1. <strong>Bel\u00e9n de arena de Las Canteras<\/strong><\/h2>\n\n\n\n<figure class=\"wp-block-image size-large\"><a href=\"https:\/\/www.escapadarural.com\/blog\/wp-content\/uploads\/2020\/12\/unnamed-1.jpg\"><img decoding=\"async\" src=\"https:\/\/www.escapadarural.com\/blog\/wp-content\/uploads\/2020\/12\/unnamed-1-1024x683.jpg\" alt=\"Bel\u00e9n de arena de Las Canteras\" class=\"wp-image-35407\"\/><\/a><figcaption class=\"wp-element-caption\">Por Bel\u00e9n de arena de Las Canteras<\/figcaption><\/figure>\n\n\n\n<p>El <strong>bel\u00e9n de arena de la playa de Las Canteras<\/strong> es uno de los iconos navide\u00f1os de <a href=\"https:\/\/www.escapadarural.com\/casas-rurales\/las-palmas\" class=\"rank-math-link\">Las Palmas de Gran Canaria<\/a> desde hace 15 a\u00f1os. En esta nueva edici\u00f3n, en \u00e9l han trabajado hasta ocho escultores de diferentes nacionalidades dirigidos por el artista Miguel Rodr\u00edguez P\u00e9rez, ide\u00f3logo de este evento. <\/p>\n\n\n\n<p>Este 2020, adem\u00e1s de representar la Anunciaci\u00f3n, el Nacimiento y a los Reyes Magos, los artistas han querido <strong>rendir homenaje a varios sectores imprescindibles durante la crisis sanitaria por la Covid19<\/strong>. Hay escenas dedicadas al sector primario, representados en un mercado, a los sanitarios,  a los pescadores y marineros, a las aguadoras y al mundo cultural. <\/p>\n\n\n\n<p>En total, se han utilizado 2.000 toneladas de arena que han servido para modelar 8 escenas navide\u00f1as de hasta 4 metros de altura en un espacio de 1.500 metros cuadrados junto al mar.<\/p>\n\n\n\n<p>La entrada es gratuita, aunque debido a las restricciones por la Covid19 hay control de aforo y se requerir\u00e1 inscripci\u00f3n previa online en&nbsp;<a rel=\"noreferrer noopener\" href=\"https:\/\/globallygroup.us13.list-manage.com\/track\/click?u=25451f537c802976b094032ea&amp;id=a0549d7ee0&amp;e=20b88ed059\" target=\"_blank\">www.lpavisit.com<\/a>&nbsp;y&nbsp;<a rel=\"noreferrer noopener\" href=\"https:\/\/globallygroup.us13.list-manage.com\/track\/click?u=25451f537c802976b094032ea&amp;id=2cb06aa70d&amp;e=20b88ed059\" target=\"_blank\">www.belendearena.es<\/a>. Es un bel\u00e9n solidario, por lo que <strong>se podr\u00e1n realizar donativos electr\u00f3nicos<\/strong> que ir\u00e1n destinados a ayudar a los comedores sociales.&nbsp;<\/p>\n\n\n\n<p>El bel\u00e9n suele recibir a m\u00e1s de 200.000 visitantes. Aunque este a\u00f1o, para evitar masificaciones, se ha organizado un&nbsp;<strong>recorrido virtual<\/strong>&nbsp;que estar\u00e1 disponible en los pr\u00f3ximos d\u00edas a trav\u00e9s de la web de <a href=\"https:\/\/lpavisit.com\/es\/\" class=\"rank-math-link\" target=\"_blank\">Las Palmas de Gran Canaria<\/a>. <\/p>\n\n\n\n<h2 class=\"wp-block-heading\" id=\"h-2-belen-de-chocolate-de-rute\">2. <strong>Bel\u00e9n de chocolate de Rute<\/strong><\/h2>\n\n\n\n<figure class=\"wp-block-image size-large\"><a href=\"https:\/\/www.escapadarural.com\/blog\/wp-content\/uploads\/2020\/12\/WhatsApp-Image-2020-10-21-at-19.20.23-1.jpeg\"><img decoding=\"async\" src=\"https:\/\/www.escapadarural.com\/blog\/wp-content\/uploads\/2020\/12\/WhatsApp-Image-2020-10-21-at-19.20.23-1-1024x768.jpeg\" alt=\"Bel\u00e9n de chocolate de Rute\" class=\"wp-image-35403\"\/><\/a><figcaption class=\"wp-element-caption\">Por <a rel=\"noreferrer noopener\" href=\"https:\/\/www.gallerosartesanos.com\/\" target=\"_blank\" class=\"rank-math-link\">Galleros Artesanos<\/a><\/figcaption><\/figure>\n\n\n\n<p>En Rute, <a href=\"https:\/\/www.escapadarural.com\/casas-rurales\/cordoba\" class=\"rank-math-link\">C\u00f3rdoba<\/a>, la Navidad comienza en octubre, cuando <a href=\"https:\/\/www.gallerosartesanos.com\/\" class=\"rank-math-link\" target=\"_blank\">Galleros Artesanos<\/a> inaugura su popular bel\u00e9n de chocolate. Una tradici\u00f3n que esta familia de chocolateros comenz\u00f3 en el 2000 y que, desde entonces, atrae a numerosos golosos y turistas hasta el pueblo.&nbsp;\u201cEl pasado a\u00f1o pusimos un contador de visitas, ya que era unos de los requisitos para que <a href=\"https:\/\/www.escapadarural.com\/casas-rurales\/rute\" class=\"rank-math-link\">Rute<\/a> fuera nombrado municipio tur\u00edstico. Desde finales de octubre hasta el 5 de enero rozamos las 100.000\u201c, explica Jorge Garrido. <\/p>\n\n\n\n<p>Este 2020, el&nbsp;<strong>bel\u00e9n de chocolate de Rute <\/strong>est\u00e1 dedicado a la regi\u00f3n hist\u00f3rica y cultural de la Alsacia. En \u00e9l est\u00e1n representadas cada calle y casa con la arquitectura t\u00edpica del lugar, as\u00ed como sus comercios y oficios m\u00e1s populares. En la parte central del bel\u00e9n se ha construido el castillo de Liechtenstein, situado en la llamada selva negra, rodeado de un lago y de la vegetaci\u00f3n de la zona. Tambi\u00e9n hay una parte nevada que es un peque\u00f1o homenaje a las regiones de m\u00e1s al norte de Europa.<\/p>\n\n\n\n<figure class=\"wp-block-image size-large\"><a href=\"https:\/\/www.escapadarural.com\/blog\/wp-content\/uploads\/2020\/12\/WhatsApp-Image-2020-10-21-at-19.20.21.jpeg\"><img decoding=\"async\" src=\"https:\/\/www.escapadarural.com\/blog\/wp-content\/uploads\/2020\/12\/WhatsApp-Image-2020-10-21-at-19.20.21-768x1024.jpeg\" alt=\"Bel\u00e9n de chocolate de Rute\" class=\"wp-image-35404\"\/><\/a><figcaption class=\"wp-element-caption\">Por <a rel=\"noreferrer noopener\" href=\"https:\/\/www.gallerosartesanos.com\/\" target=\"_blank\" class=\"rank-math-link\">Galleros Artesanos<\/a><\/figcaption><\/figure>\n\n\n\n<p>Para su elaboraci\u00f3n se han necesitado <strong>1.500 kg de chocolate de diferentes clases<\/strong>: negro, con leche, blanco y chocolate de colores. Adem\u00e1s se han utilizado unos 50 Kg de fondant para la elaboraci\u00f3n de algunos de los peque\u00f1os detalles. \u201cEl bel\u00e9n lo empezamos en marzo, cuando hacemos los primeros bocetos y la planificaci\u00f3n. Luego comenzamos el montaje y no solemos terminarlo hasta finales de agosto o incluso principios de septiembre\u201c, dice Garrido. <strong>En su elaboraci\u00f3n suelen trabajar unas 7 personas<\/strong>. <\/p>\n\n\n\n<p>La entrada vale 1 euro para los adultos y es gratis para los ni\u00f1os.&nbsp; Y, en la misma f\u00e1brica, Galleros Artesanos tambi\u00e9n tiene un museo con esculturas de chocolate a tama\u00f1o real de diferentes personalidades como el Papa Francisco,&nbsp; la Virgen del Roc\u00edo, Roc\u00edo Jurado, etc.&nbsp;<\/p>\n\n\n\n<h2 class=\"wp-block-heading\" id=\"h-3-belen-de-yaiza-lanzarote-en-miniatura\">3. <strong>Bel\u00e9n de Yaiza: Lanzarote en miniatura<\/strong><\/h2>\n\n\n\n<figure class=\"wp-block-image size-large\"><a href=\"https:\/\/www.escapadarural.com\/blog\/wp-content\/uploads\/2020\/12\/yaiza.jpg\"><img decoding=\"async\" src=\"https:\/\/www.escapadarural.com\/blog\/wp-content\/uploads\/2020\/12\/yaiza.jpg\" alt=\"\" class=\"wp-image-35431\"\/><\/a><figcaption class=\"wp-element-caption\">El bel\u00e9n de Yaiza en una edici\u00f3n anterior. Por Ayuntamiento de Yaiza<\/figcaption><\/figure>\n\n\n\n<p>El municipio canario de Yaiza, en <a href=\"https:\/\/www.escapadarural.com\/casas-rurales\/lanzarote\" class=\"rank-math-link\">Lanzarote<\/a>, tambi\u00e9n ha decidido montar su tradicional bel\u00e9n de Navidad que se lleva organizando desde los a\u00f1os 70. Su dise\u00f1o ha corrido a cargo del <strong>artista conejero Alexander Dorta<\/strong>, quien ha introducido parajes t\u00edpicos de la isla como las Monta\u00f1as de Fuego, las salinas de Janubio o el Charco de los Clicos, en cuya agua se puede ver reflejado el n\u00famero 2020. \u201cUn a\u00f1o muy duro\u201c, declar\u00f3 el artista.&nbsp;<\/p>\n\n\n\n<p>El bel\u00e9n est\u00e1 ubicado en la plaza de los Remedios y ocupa 120 metros cuadrados. Aunque este a\u00f1o, debido a las restricciones y para evitar aglomeraciones, se ha optado por <strong>un bel\u00e9n circular<\/strong> que \u201cConserva su encanto y ocupa menos superficie para intentar que las visitas sean m\u00e1s r\u00e1pidas\u201c, dice \u00d3scar Noda, alcalde de Yaiza.&nbsp;<\/p>\n\n\n\n<p>El bel\u00e9n de Yaiza se podr\u00e1 disfrutar desde el 9 de diciembre hasta despu\u00e9s del D\u00eda de Reyes. <\/p>\n\n\n\n<h2 class=\"wp-block-heading\" id=\"h-4-el-belen-subacuatico\">4. El bel\u00e9n subacu\u00e1tico<\/h2>\n\n\n<div class=\"wp-block-image\">\n<figure class=\"aligncenter size-large\"><a href=\"https:\/\/www.escapadarural.com\/blog\/wp-content\/uploads\/2020\/12\/belpoz0.jpg\"><img decoding=\"async\" src=\"https:\/\/www.escapadarural.com\/blog\/wp-content\/uploads\/2020\/12\/belpoz0.jpg\" alt=\"Pesebre subacu\u00e1tico\" class=\"wp-image-35436\"\/><\/a><figcaption class=\"wp-element-caption\">Por Buceo Delf\u00edn Burgos<\/figcaption><\/figure>\n<\/div>\n\n\n<p>Desde hace 16 a\u00f1os, el <a href=\"https:\/\/delfinburgos.es\/bajada-del-belen\/\" class=\"rank-math-link\" target=\"_blank\">club de buceo Delf\u00edn Burgos<\/a> sumerge <strong>en las profundidades del Pozo Azul de Covanera<\/strong> (<a href=\"https:\/\/www.escapadarural.com\/casas-rurales\/burgos\" class=\"rank-math-link\">Burgos<\/a>) su tradicional bel\u00e9n hecho a mano. Est\u00e1 montado sobre una r\u00e9plica de una botella de buceo abierta para que se vea el pesebre, en el que alg\u00fan a\u00f1o se ha podido ver representaciones de peces e incluso un tibur\u00f3n. <\/p>\n\n\n\n<p>Una vez el bel\u00e9n ha sido bendecido por un sacerdote, <strong>se baja a 5 metros de profundidad<\/strong> para que pueda ser visto&nbsp; desde el exterior por las personas que se acerquen al pozo durante las fiestas de Navidad.&nbsp; &nbsp;<\/p>\n\n\n\n<p>Este a\u00f1o el evento tendr\u00e1 lugar el 20 de diciembre y es un <strong>homenaje a los sanitarios<\/strong> que han estado en primera l\u00ednea luchando contra la Covid19. Los encargados de descender el bel\u00e9n junto con los buceadores del centro ser\u00e1n dos profesionales sanitarios y socios del club, el m\u00e9dico neum\u00f3logo Gustavo Guti\u00e9rrez y la enfermera de urgencias Mari Cruz Fern\u00e1ndez.<\/p>\n\n\n\n<p>Debido a las restricciones sanitarias, este 2020 los organizadores del centro de buceo Delf\u00edn Burgos han pedido a los asistentes que no vayan a ver la bajada del bel\u00e9n para evitar las reuniones. A trav\u00e9s de sus redes informar\u00e1n de c\u00f3mo se ha realizado el acto.<\/p>\n\n\n\n<h2 class=\"wp-block-heading\" id=\"h-5-el-belen-de-xativa-el-mas-grande-de-espana\">5. El bel\u00e9n de X\u00e0tiva, el m\u00e1s grande de Espa\u00f1a<\/h2>\n\n\n\n<figure class=\"wp-block-image size-large\"><img decoding=\"async\" src=\"https:\/\/www.escapadarural.com\/blog\/wp-content\/uploads\/2020\/12\/DSC05941-1536x1152.jpg.webp\" alt=\"\" class=\"wp-image-35722\"\/><figcaption class=\"wp-element-caption\">Ajuntament de X\u00e0tiva<\/figcaption><\/figure>\n\n\n\n<p>El bel\u00e9n de <a href=\"https:\/\/www.escapadarural.com\/casas-rurales\/xativa\" class=\"rank-math-link\">X\u00e0tiva<\/a> es una de las principales atracciones tur\u00edsticas de esta ciudad valenciana. Cada a\u00f1o atrae a alrededor de <strong>120.000  visitantes<\/strong>. Toda una tradici\u00f3n que se organiza desde 1999 y que se caracteriza por ser <strong>uno de los belenes m\u00e1s grande de Espa\u00f1a<\/strong>. Es como un pueblo artificial de motivos cristianos. <\/p>\n\n\n\n<p>Este 2020, el bel\u00e9n estar\u00e1 disponible desde el 19 de diciembre. Igual que otras ediciones, <strong>las figuras fueron elaboradas a tama\u00f1o real por artistas falleros<\/strong>, quienes utilizan materiales reciclados y antiguas herramientas. Y es que uno de sus valores principales es que se trata de <strong>un bel\u00e9n sostenible y solidario<\/strong>. Todas las hortalizas y frutas que son aportadas por los comerciantes locales, posteriormente son repartidas a la gente sin recursos. <\/p>\n\n\n\n<p>Asimismo, en el recinto hay varias fuentes donde se anima a los visitantes a que tiren una moneda y pidan un deseo. Los fondos recogidos ser\u00e1n donados a organizaciones sin \u00e1nimo de lucro locales. <\/p>\n\n\n\n<p>Debido a las restricciones, este a\u00f1o \u00abHabr\u00e1 control de acceso y medidas de seguridad, aunque <strong>no es necesaria reserva previa<\/strong>\u00ab, dicen desde la organizaci\u00f3n. Y no habr\u00e1 animales vivos debido a las medidas de higiene y de prevenci\u00f3n sanitaria que afectan a todos los servicios p\u00fablicos de la ciudad.<\/p>\n\n\n\n<p>El bel\u00e9n de X\u00e0tiva estar\u00e1 expuesto hasta el 6 de enero. La visita es gratuita. <\/p>\n","protected":false},"excerpt":{"rendered":"<p>Diversas localidades de Espa\u00f1a han podido montar su tradicional bel\u00e9n de forma segura para los visitantes. Muchos pesebres est\u00e1n al aire libre, tienen aforo limitado y algunos requieren cita previa para visitarlos. <\/p>\n","protected":false},"author":89,"featured_media":102281,"comment_status":"open","ping_status":"open","sticky":false,"template":"","format":"standard","meta":{"_acf_changed":false,"om_disable_all_campaigns":false,"footnotes":""},"categories":[231],"tags":[3030,215,600,2034,3031],"class_list":["post-35281","post","type-post","status-publish","format-standard","has-post-thumbnail","hentry","category-arte-y-cultura","tag-belenes","tag-listado","tag-navidad","tag-rute","tag-xativa"],"acf":[],"featured_image_src":"https:\/\/www.escapadarural.com\/blog\/wp-content\/uploads\/2024\/10\/unnamed-1024x683-2.jpg","author_info":{"display_name":"Laura Fern\u00e1ndez","author_link":"https:\/\/www.escapadarural.com\/blog\/autor\/laura\/"},"yoast_head":"<!-- This site is optimized with the Yoast SEO plugin v27.5 - https:\/\/yoast.com\/product\/yoast-seo-wordpress\/ -->\n<title>5 belenes muy originales que se pueden visitar esta Navidad - EscapadaRural<\/title>\n<meta name=\"robots\" content=\"index, follow, max-snippet:-1, max-image-preview:large, max-video-preview:-1\" \/>\n<link rel=\"canonical\" href=\"https:\/\/www.escapadarural.com\/blog\/5-belenes-muy-originales-que-se-pueden-visitar-esta-navidad\/\" \/>\n<meta property=\"og:locale\" content=\"es_ES\" \/>\n<meta property=\"og:type\" content=\"article\" \/>\n<meta property=\"og:title\" content=\"5 belenes muy originales que se pueden visitar esta Navidad - EscapadaRural\" \/>\n<meta property=\"og:description\" content=\"Diversas localidades de Espa\u00f1a han podido montar su tradicional bel\u00e9n de forma segura para los visitantes. Muchos pesebres est\u00e1n al aire libre, tienen aforo limitado y algunos requieren cita previa para visitarlos.\" \/>\n<meta property=\"og:url\" content=\"https:\/\/www.escapadarural.com\/blog\/5-belenes-muy-originales-que-se-pueden-visitar-esta-navidad\/\" \/>\n<meta property=\"og:site_name\" content=\"Magazine de viajes de EscapadaRural\" \/>\n<meta property=\"article:publisher\" content=\"https:\/\/www.facebook.com\/escapadarural\" \/>\n<meta property=\"article:published_time\" content=\"2020-12-16T07:00:00+00:00\" \/>\n<meta property=\"article:modified_time\" content=\"2025-02-21T10:34:06+00:00\" \/>\n<meta property=\"og:image\" content=\"https:\/\/app.escapadarural.com\/blog\/wp-content\/uploads\/2024\/10\/unnamed-1024x683-2.jpg\" \/>\n\t<meta property=\"og:image:width\" content=\"1024\" \/>\n\t<meta property=\"og:image:height\" content=\"683\" \/>\n\t<meta property=\"og:image:type\" content=\"image\/jpeg\" \/>\n<meta name=\"author\" content=\"Laura Fern\u00e1ndez\" \/>\n<meta name=\"twitter:card\" content=\"summary_large_image\" \/>\n<meta name=\"twitter:label1\" content=\"Escrito por\" \/>\n\t<meta name=\"twitter:data1\" content=\"Laura Fern\u00e1ndez\" \/>\n\t<meta name=\"twitter:label2\" content=\"Tiempo de lectura\" \/>\n\t<meta name=\"twitter:data2\" content=\"8 minutos\" \/>\n<script type=\"application\/ld+json\" class=\"yoast-schema-graph\">{\"@context\":\"https:\\\/\\\/schema.org\",\"@graph\":[{\"@type\":\"Article\",\"@id\":\"https:\\\/\\\/www.escapadarural.com\\\/blog\\\/5-belenes-muy-originales-que-se-pueden-visitar-esta-navidad\\\/#article\",\"isPartOf\":{\"@id\":\"https:\\\/\\\/www.escapadarural.com\\\/blog\\\/5-belenes-muy-originales-que-se-pueden-visitar-esta-navidad\\\/\"},\"author\":{\"name\":\"Laura Fern\u00e1ndez\",\"@id\":\"https:\\\/\\\/www.escapadarural.com\\\/blog\\\/#\\\/schema\\\/person\\\/a9b46ae4d047d8a2c719f31e75206cff\"},\"headline\":\"5 belenes muy originales que se pueden visitar esta Navidad\",\"datePublished\":\"2020-12-16T07:00:00+00:00\",\"dateModified\":\"2025-02-21T10:34:06+00:00\",\"mainEntityOfPage\":{\"@id\":\"https:\\\/\\\/www.escapadarural.com\\\/blog\\\/5-belenes-muy-originales-que-se-pueden-visitar-esta-navidad\\\/\"},\"wordCount\":1392,\"commentCount\":0,\"publisher\":{\"@id\":\"https:\\\/\\\/www.escapadarural.com\\\/blog\\\/#organization\"},\"image\":{\"@id\":\"https:\\\/\\\/www.escapadarural.com\\\/blog\\\/5-belenes-muy-originales-que-se-pueden-visitar-esta-navidad\\\/#primaryimage\"},\"thumbnailUrl\":\"https:\\\/\\\/www.escapadarural.com\\\/blog\\\/wp-content\\\/uploads\\\/2024\\\/10\\\/unnamed-1024x683-2.jpg\",\"keywords\":[\"belenes\",\"Listado\",\"Navidad\",\"Rute\",\"X\u00e0tiva\"],\"articleSection\":[\"Arte y Cultura\"],\"inLanguage\":\"es\",\"potentialAction\":[{\"@type\":\"CommentAction\",\"name\":\"Comment\",\"target\":[\"https:\\\/\\\/www.escapadarural.com\\\/blog\\\/5-belenes-muy-originales-que-se-pueden-visitar-esta-navidad\\\/#respond\"]}]},{\"@type\":\"WebPage\",\"@id\":\"https:\\\/\\\/www.escapadarural.com\\\/blog\\\/5-belenes-muy-originales-que-se-pueden-visitar-esta-navidad\\\/\",\"url\":\"https:\\\/\\\/www.escapadarural.com\\\/blog\\\/5-belenes-muy-originales-que-se-pueden-visitar-esta-navidad\\\/\",\"name\":\"5 belenes muy originales que se pueden visitar esta Navidad - EscapadaRural\",\"isPartOf\":{\"@id\":\"https:\\\/\\\/www.escapadarural.com\\\/blog\\\/#website\"},\"primaryImageOfPage\":{\"@id\":\"https:\\\/\\\/www.escapadarural.com\\\/blog\\\/5-belenes-muy-originales-que-se-pueden-visitar-esta-navidad\\\/#primaryimage\"},\"image\":{\"@id\":\"https:\\\/\\\/www.escapadarural.com\\\/blog\\\/5-belenes-muy-originales-que-se-pueden-visitar-esta-navidad\\\/#primaryimage\"},\"thumbnailUrl\":\"https:\\\/\\\/www.escapadarural.com\\\/blog\\\/wp-content\\\/uploads\\\/2024\\\/10\\\/unnamed-1024x683-2.jpg\",\"datePublished\":\"2020-12-16T07:00:00+00:00\",\"dateModified\":\"2025-02-21T10:34:06+00:00\",\"breadcrumb\":{\"@id\":\"https:\\\/\\\/www.escapadarural.com\\\/blog\\\/5-belenes-muy-originales-que-se-pueden-visitar-esta-navidad\\\/#breadcrumb\"},\"inLanguage\":\"es\",\"potentialAction\":[{\"@type\":\"ReadAction\",\"target\":[\"https:\\\/\\\/www.escapadarural.com\\\/blog\\\/5-belenes-muy-originales-que-se-pueden-visitar-esta-navidad\\\/\"]}]},{\"@type\":\"ImageObject\",\"inLanguage\":\"es\",\"@id\":\"https:\\\/\\\/www.escapadarural.com\\\/blog\\\/5-belenes-muy-originales-que-se-pueden-visitar-esta-navidad\\\/#primaryimage\",\"url\":\"https:\\\/\\\/www.escapadarural.com\\\/blog\\\/wp-content\\\/uploads\\\/2024\\\/10\\\/unnamed-1024x683-2.jpg\",\"contentUrl\":\"https:\\\/\\\/www.escapadarural.com\\\/blog\\\/wp-content\\\/uploads\\\/2024\\\/10\\\/unnamed-1024x683-2.jpg\",\"width\":1024,\"height\":683,\"caption\":\"Una detallada escultura de arena de un gran edificio con ventanas arqueadas, palmeras e intrincados elementos arquitect\u00f3nicos, situado al aire libre con un cielo nublado y un lejano paisaje urbano de fondo.\"},{\"@type\":\"BreadcrumbList\",\"@id\":\"https:\\\/\\\/www.escapadarural.com\\\/blog\\\/5-belenes-muy-originales-que-se-pueden-visitar-esta-navidad\\\/#breadcrumb\",\"itemListElement\":[{\"@type\":\"ListItem\",\"position\":1,\"name\":\"Inicio\",\"item\":\"https:\\\/\\\/www.escapadarural.com\\\/blog\\\/\"},{\"@type\":\"ListItem\",\"position\":2,\"name\":\"Arte y Cultura\",\"item\":\"https:\\\/\\\/www.escapadarural.com\\\/blog\\\/categoria\\\/arte-y-cultura\\\/\"},{\"@type\":\"ListItem\",\"position\":3,\"name\":\"5 belenes muy originales que se pueden visitar esta Navidad\"}]},{\"@type\":\"WebSite\",\"@id\":\"https:\\\/\\\/www.escapadarural.com\\\/blog\\\/#website\",\"url\":\"https:\\\/\\\/www.escapadarural.com\\\/blog\\\/\",\"name\":\"Blog de viajes | turismo rural, alojamientos e inspiraci\u00f3n\",\"description\":\"Alojamientos rurales e inspiraci\u00f3n para tus escapadas\",\"publisher\":{\"@id\":\"https:\\\/\\\/www.escapadarural.com\\\/blog\\\/#organization\"},\"alternateName\":\"Magazine de viajes de EscapadaRural\",\"potentialAction\":[{\"@type\":\"SearchAction\",\"target\":{\"@type\":\"EntryPoint\",\"urlTemplate\":\"https:\\\/\\\/www.escapadarural.com\\\/blog\\\/?s={search_term_string}\"},\"query-input\":{\"@type\":\"PropertyValueSpecification\",\"valueRequired\":true,\"valueName\":\"search_term_string\"}}],\"inLanguage\":\"es\"},{\"@type\":\"Organization\",\"@id\":\"https:\\\/\\\/www.escapadarural.com\\\/blog\\\/#organization\",\"name\":\"EscapadaRural\",\"url\":\"https:\\\/\\\/www.escapadarural.com\\\/blog\\\/\",\"logo\":{\"@type\":\"ImageObject\",\"inLanguage\":\"es\",\"@id\":\"https:\\\/\\\/www.escapadarural.com\\\/blog\\\/#\\\/schema\\\/logo\\\/image\\\/\",\"url\":\"https:\\\/\\\/www.escapadarural.com\\\/blog\\\/wp-content\\\/uploads\\\/2024\\\/10\\\/cropped-cropped-escapada-rural-icon-mag-3.png\",\"contentUrl\":\"https:\\\/\\\/www.escapadarural.com\\\/blog\\\/wp-content\\\/uploads\\\/2024\\\/10\\\/cropped-cropped-escapada-rural-icon-mag-3.png\",\"width\":512,\"height\":512,\"caption\":\"EscapadaRural\"},\"image\":{\"@id\":\"https:\\\/\\\/www.escapadarural.com\\\/blog\\\/#\\\/schema\\\/logo\\\/image\\\/\"},\"sameAs\":[\"https:\\\/\\\/www.facebook.com\\\/escapadarural\",\"https:\\\/\\\/www.instagram.com\\\/escapadarural\\\/\",\"https:\\\/\\\/www.youtube.com\\\/@escapadaruralcom\"]},{\"@type\":\"Person\",\"@id\":\"https:\\\/\\\/www.escapadarural.com\\\/blog\\\/#\\\/schema\\\/person\\\/a9b46ae4d047d8a2c719f31e75206cff\",\"name\":\"Laura Fern\u00e1ndez\",\"image\":{\"@type\":\"ImageObject\",\"inLanguage\":\"es\",\"@id\":\"https:\\\/\\\/www.escapadarural.com\\\/blog\\\/wp-content\\\/uploads\\\/2025\\\/01\\\/cropped-laura_raponchii-96x96.jpg\",\"url\":\"https:\\\/\\\/www.escapadarural.com\\\/blog\\\/wp-content\\\/uploads\\\/2025\\\/01\\\/cropped-laura_raponchii-96x96.jpg\",\"contentUrl\":\"https:\\\/\\\/www.escapadarural.com\\\/blog\\\/wp-content\\\/uploads\\\/2025\\\/01\\\/cropped-laura_raponchii-96x96.jpg\",\"caption\":\"Laura Fern\u00e1ndez\"},\"description\":\"Periodista, blogger y viajera. No necesariamente en ese orden. En ocasiones me despierto sin saber d\u00f3nde estoy. Adicta a los c\u00f3mics y a los noodles con salsa de cacahuete. Redactora en @escapadarural, colaboradora en la Conde Nast Traveler y en la Divinity. Mi casa: Meridiano180.\",\"sameAs\":[\"http:\\\/\\\/www.meridiano180.com\\\/\"],\"url\":\"https:\\\/\\\/www.escapadarural.com\\\/blog\\\/autor\\\/laura\\\/\"}]}<\/script>\n<!-- \/ Yoast SEO plugin. -->","yoast_head_json":{"title":"5 belenes muy originales que se pueden visitar esta Navidad - EscapadaRural","robots":{"index":"index","follow":"follow","max-snippet":"max-snippet:-1","max-image-preview":"max-image-preview:large","max-video-preview":"max-video-preview:-1"},"canonical":"https:\/\/www.escapadarural.com\/blog\/5-belenes-muy-originales-que-se-pueden-visitar-esta-navidad\/","og_locale":"es_ES","og_type":"article","og_title":"5 belenes muy originales que se pueden visitar esta Navidad - EscapadaRural","og_description":"Diversas localidades de Espa\u00f1a han podido montar su tradicional bel\u00e9n de forma segura para los visitantes. Muchos pesebres est\u00e1n al aire libre, tienen aforo limitado y algunos requieren cita previa para visitarlos.","og_url":"https:\/\/www.escapadarural.com\/blog\/5-belenes-muy-originales-que-se-pueden-visitar-esta-navidad\/","og_site_name":"Magazine de viajes de EscapadaRural","article_publisher":"https:\/\/www.facebook.com\/escapadarural","article_published_time":"2020-12-16T07:00:00+00:00","article_modified_time":"2025-02-21T10:34:06+00:00","og_image":[{"width":1024,"height":683,"url":"https:\/\/app.escapadarural.com\/blog\/wp-content\/uploads\/2024\/10\/unnamed-1024x683-2.jpg","type":"image\/jpeg"}],"author":"Laura Fern\u00e1ndez","twitter_card":"summary_large_image","twitter_misc":{"Escrito por":"Laura Fern\u00e1ndez","Tiempo de lectura":"8 minutos"},"schema":{"@context":"https:\/\/schema.org","@graph":[{"@type":"Article","@id":"https:\/\/www.escapadarural.com\/blog\/5-belenes-muy-originales-que-se-pueden-visitar-esta-navidad\/#article","isPartOf":{"@id":"https:\/\/www.escapadarural.com\/blog\/5-belenes-muy-originales-que-se-pueden-visitar-esta-navidad\/"},"author":{"name":"Laura Fern\u00e1ndez","@id":"https:\/\/www.escapadarural.com\/blog\/#\/schema\/person\/a9b46ae4d047d8a2c719f31e75206cff"},"headline":"5 belenes muy originales que se pueden visitar esta Navidad","datePublished":"2020-12-16T07:00:00+00:00","dateModified":"2025-02-21T10:34:06+00:00","mainEntityOfPage":{"@id":"https:\/\/www.escapadarural.com\/blog\/5-belenes-muy-originales-que-se-pueden-visitar-esta-navidad\/"},"wordCount":1392,"commentCount":0,"publisher":{"@id":"https:\/\/www.escapadarural.com\/blog\/#organization"},"image":{"@id":"https:\/\/www.escapadarural.com\/blog\/5-belenes-muy-originales-que-se-pueden-visitar-esta-navidad\/#primaryimage"},"thumbnailUrl":"https:\/\/www.escapadarural.com\/blog\/wp-content\/uploads\/2024\/10\/unnamed-1024x683-2.jpg","keywords":["belenes","Listado","Navidad","Rute","X\u00e0tiva"],"articleSection":["Arte y Cultura"],"inLanguage":"es","potentialAction":[{"@type":"CommentAction","name":"Comment","target":["https:\/\/www.escapadarural.com\/blog\/5-belenes-muy-originales-que-se-pueden-visitar-esta-navidad\/#respond"]}]},{"@type":"WebPage","@id":"https:\/\/www.escapadarural.com\/blog\/5-belenes-muy-originales-que-se-pueden-visitar-esta-navidad\/","url":"https:\/\/www.escapadarural.com\/blog\/5-belenes-muy-originales-que-se-pueden-visitar-esta-navidad\/","name":"5 belenes muy originales que se pueden visitar esta Navidad - EscapadaRural","isPartOf":{"@id":"https:\/\/www.escapadarural.com\/blog\/#website"},"primaryImageOfPage":{"@id":"https:\/\/www.escapadarural.com\/blog\/5-belenes-muy-originales-que-se-pueden-visitar-esta-navidad\/#primaryimage"},"image":{"@id":"https:\/\/www.escapadarural.com\/blog\/5-belenes-muy-originales-que-se-pueden-visitar-esta-navidad\/#primaryimage"},"thumbnailUrl":"https:\/\/www.escapadarural.com\/blog\/wp-content\/uploads\/2024\/10\/unnamed-1024x683-2.jpg","datePublished":"2020-12-16T07:00:00+00:00","dateModified":"2025-02-21T10:34:06+00:00","breadcrumb":{"@id":"https:\/\/www.escapadarural.com\/blog\/5-belenes-muy-originales-que-se-pueden-visitar-esta-navidad\/#breadcrumb"},"inLanguage":"es","potentialAction":[{"@type":"ReadAction","target":["https:\/\/www.escapadarural.com\/blog\/5-belenes-muy-originales-que-se-pueden-visitar-esta-navidad\/"]}]},{"@type":"ImageObject","inLanguage":"es","@id":"https:\/\/www.escapadarural.com\/blog\/5-belenes-muy-originales-que-se-pueden-visitar-esta-navidad\/#primaryimage","url":"https:\/\/www.escapadarural.com\/blog\/wp-content\/uploads\/2024\/10\/unnamed-1024x683-2.jpg","contentUrl":"https:\/\/www.escapadarural.com\/blog\/wp-content\/uploads\/2024\/10\/unnamed-1024x683-2.jpg","width":1024,"height":683,"caption":"Una detallada escultura de arena de un gran edificio con ventanas arqueadas, palmeras e intrincados elementos arquitect\u00f3nicos, situado al aire libre con un cielo nublado y un lejano paisaje urbano de fondo."},{"@type":"BreadcrumbList","@id":"https:\/\/www.escapadarural.com\/blog\/5-belenes-muy-originales-que-se-pueden-visitar-esta-navidad\/#breadcrumb","itemListElement":[{"@type":"ListItem","position":1,"name":"Inicio","item":"https:\/\/www.escapadarural.com\/blog\/"},{"@type":"ListItem","position":2,"name":"Arte y Cultura","item":"https:\/\/www.escapadarural.com\/blog\/categoria\/arte-y-cultura\/"},{"@type":"ListItem","position":3,"name":"5 belenes muy originales que se pueden visitar esta Navidad"}]},{"@type":"WebSite","@id":"https:\/\/www.escapadarural.com\/blog\/#website","url":"https:\/\/www.escapadarural.com\/blog\/","name":"Blog de viajes | turismo rural, alojamientos e inspiraci\u00f3n","description":"Alojamientos rurales e inspiraci\u00f3n para tus escapadas","publisher":{"@id":"https:\/\/www.escapadarural.com\/blog\/#organization"},"alternateName":"Magazine de viajes de EscapadaRural","potentialAction":[{"@type":"SearchAction","target":{"@type":"EntryPoint","urlTemplate":"https:\/\/www.escapadarural.com\/blog\/?s={search_term_string}"},"query-input":{"@type":"PropertyValueSpecification","valueRequired":true,"valueName":"search_term_string"}}],"inLanguage":"es"},{"@type":"Organization","@id":"https:\/\/www.escapadarural.com\/blog\/#organization","name":"EscapadaRural","url":"https:\/\/www.escapadarural.com\/blog\/","logo":{"@type":"ImageObject","inLanguage":"es","@id":"https:\/\/www.escapadarural.com\/blog\/#\/schema\/logo\/image\/","url":"https:\/\/www.escapadarural.com\/blog\/wp-content\/uploads\/2024\/10\/cropped-cropped-escapada-rural-icon-mag-3.png","contentUrl":"https:\/\/www.escapadarural.com\/blog\/wp-content\/uploads\/2024\/10\/cropped-cropped-escapada-rural-icon-mag-3.png","width":512,"height":512,"caption":"EscapadaRural"},"image":{"@id":"https:\/\/www.escapadarural.com\/blog\/#\/schema\/logo\/image\/"},"sameAs":["https:\/\/www.facebook.com\/escapadarural","https:\/\/www.instagram.com\/escapadarural\/","https:\/\/www.youtube.com\/@escapadaruralcom"]},{"@type":"Person","@id":"https:\/\/www.escapadarural.com\/blog\/#\/schema\/person\/a9b46ae4d047d8a2c719f31e75206cff","name":"Laura Fern\u00e1ndez","image":{"@type":"ImageObject","inLanguage":"es","@id":"https:\/\/www.escapadarural.com\/blog\/wp-content\/uploads\/2025\/01\/cropped-laura_raponchii-96x96.jpg","url":"https:\/\/www.escapadarural.com\/blog\/wp-content\/uploads\/2025\/01\/cropped-laura_raponchii-96x96.jpg","contentUrl":"https:\/\/www.escapadarural.com\/blog\/wp-content\/uploads\/2025\/01\/cropped-laura_raponchii-96x96.jpg","caption":"Laura Fern\u00e1ndez"},"description":"Periodista, blogger y viajera. No necesariamente en ese orden. En ocasiones me despierto sin saber d\u00f3nde estoy. Adicta a los c\u00f3mics y a los noodles con salsa de cacahuete. Redactora en @escapadarural, colaboradora en la Conde Nast Traveler y en la Divinity. Mi casa: Meridiano180.","sameAs":["http:\/\/www.meridiano180.com\/"],"url":"https:\/\/www.escapadarural.com\/blog\/autor\/laura\/"}]}},"_links":{"self":[{"href":"https:\/\/www.escapadarural.com\/blog\/wp-json\/wp\/v2\/posts\/35281","targetHints":{"allow":["GET"]}}],"collection":[{"href":"https:\/\/www.escapadarural.com\/blog\/wp-json\/wp\/v2\/posts"}],"about":[{"href":"https:\/\/www.escapadarural.com\/blog\/wp-json\/wp\/v2\/types\/post"}],"author":[{"embeddable":true,"href":"https:\/\/www.escapadarural.com\/blog\/wp-json\/wp\/v2\/users\/89"}],"replies":[{"embeddable":true,"href":"https:\/\/www.escapadarural.com\/blog\/wp-json\/wp\/v2\/comments?post=35281"}],"version-history":[{"count":0,"href":"https:\/\/www.escapadarural.com\/blog\/wp-json\/wp\/v2\/posts\/35281\/revisions"}],"wp:featuredmedia":[{"embeddable":true,"href":"https:\/\/www.escapadarural.com\/blog\/wp-json\/wp\/v2\/media\/102281"}],"wp:attachment":[{"href":"https:\/\/www.escapadarural.com\/blog\/wp-json\/wp\/v2\/media?parent=35281"}],"wp:term":[{"taxonomy":"category","embeddable":true,"href":"https:\/\/www.escapadarural.com\/blog\/wp-json\/wp\/v2\/categories?post=35281"},{"taxonomy":"post_tag","embeddable":true,"href":"https:\/\/www.escapadarural.com\/blog\/wp-json\/wp\/v2\/tags?post=35281"}],"curies":[{"name":"wp","href":"https:\/\/api.w.org\/{rel}","templated":true}]}}