{"id":35622,"date":"2021-12-22T08:30:00","date_gmt":"2021-12-22T07:30:00","guid":{"rendered":"https:\/\/www.escapadarural.com\/blog\/?p=35622"},"modified":"2024-10-21T11:37:49","modified_gmt":"2024-10-21T09:37:49","slug":"poner-musgo-natural-en-belenes-es-malo","status":"publish","type":"post","link":"https:\/\/www.escapadarural.com\/blog\/poner-musgo-natural-en-belenes-es-malo\/","title":{"rendered":"Por qu\u00e9 poner musgo natural en nuestros belenes es una mala idea (e ilegal)"},"content":{"rendered":"\n<div class=\"wp-block-advanced-gutenberg-blocks-intro\"><p class=\"wp-block-advanced-gutenberg-blocks-intro__content\"><strong>Arrancar musgo para nuestros belenes de Navidad atenta contra el medio ambiente<\/strong><\/p><\/div>\n\n\n\n<figure class=\"wp-block-image size-large\"><a href=\"https:\/\/www.escapadarural.com\/blog\/wp-content\/uploads\/2020\/12\/forest-moss-nature-stockpack-pixabay-scaled.jpg\"><img decoding=\"async\" src=\"https:\/\/www.escapadarural.com\/blog\/wp-content\/uploads\/2020\/12\/forest-moss-nature-stockpack-pixabay-1024x683.jpg\" alt=\"musgo\" class=\"wp-image-35685\"\/><\/a><figcaption>Por ioa8320<\/figcaption><\/figure>\n\n\n\n<p>Las <strong>bri\u00f3fitas<\/strong> (musgos, hep\u00e1ticas y <a href=\"https:\/\/es.wikipedia.org\/wiki\/Anthocerotophyta\" class=\"rank-math-link\" target=\"_blank\">antocerotes<\/a>) son, a nivel vegetal, el tejido conectivo de nuestro planeta: no solo pueden ofrecernos respuestas sobre el cambio clim\u00e1tico e informaci\u00f3n sobre los ecosistemas, sino que constituyen un pilar b\u00e1sico sobre la salud del medioambiente.<\/p>\n\n\n\n<p>Las bri\u00f3fitas, adem\u00e1s, siempre han estado ah\u00ed: son plantas que surgieron hace m\u00e1s de 500 millones de a\u00f1os. Es decir, que los musgos son en gran parte el origen de las plantas actuales, las precursoras de la clorofila. Son las hijas de las algas verdes que conquistaron la tierra y <strong>se convirtieron en las primeras plantas terrestres<\/strong>.<\/p>\n\n\n\n<p>Sin embargo, hace relativamente pocas d\u00e9cadas, se puso de moda tomar una parte de ellas, el musgo, <strong>para decorar nuestros belenes<\/strong> en Navidad. Arranc\u00e1ndolo de su h\u00e1bitat natural para satisfacer una tradici\u00f3n que, adem\u00e1s, no tiene mucho sustento porque el paisaje de la ciudad palestina del famoso pesebre no contaba con este tipo de vegetaci\u00f3n.<\/p>\n\n\n\n<p>A Espa\u00f1a lleg\u00f3 la costumbre de montar ese tipo de belenes durante el Renacimiento, pero cuando realmente <strong>se populariz\u00f3 fue hacia la segunda mitad del siglo XVIII<\/strong>.<\/p>\n\n\n\n<figure class=\"wp-block-image size-large\"><a href=\"https:\/\/www.escapadarural.com\/blog\/wp-content\/uploads\/2020\/12\/mushroom-moss-mini-mushroom-stockpack-pixabay-scaled.jpg\"><img decoding=\"async\" src=\"https:\/\/www.escapadarural.com\/blog\/wp-content\/uploads\/2020\/12\/mushroom-moss-mini-mushroom-stockpack-pixabay-1024x682.jpg\" alt=\"mushroom, moss, mini mushroom\" class=\"wp-image-35690\"\/><\/a><figcaption>Por adege <\/figcaption><\/figure>\n\n\n\n<h2 class=\"wp-block-heading\"><strong>La importancia del musgo<\/strong><\/h2>\n\n\n\n<p><strong>Arist\u00f3teles<\/strong> (384-322 a. C.) fue uno de los primeros en estudiar en profundidad los musgos, recopilando una valiosa informaci\u00f3n acerca de espec\u00edmenes vegetales y animales de la mayor parte del mundo entonces conocido. Dividi\u00f3 las plantas en dos grupos: plantas con flores y plantas sin flores, incluyendo en este \u00faltimo a los helechos, los musgos, las <a href=\"https:\/\/es.wikipedia.org\/wiki\/Hepatica\" class=\"rank-math-link\" target=\"_blank\">hep\u00e1ticas<\/a>, los hongos y las algas observadas hasta el momento.<\/p>\n\n\n\n<p>Los musgos est\u00e1n <strong>entre las formas vegetales m\u00e1s antiguas<\/strong> que existen. Y si bien tradicionalmente se ha considerado un tipo de planta de poca importancia, lo cierto es que resulta fundamental para el planeta. Adem\u00e1s, posee una extraordinaria capacidad de adaptaci\u00f3n y supervivencia: un musgo de la especie <em>Chorisodontium aciphyllum<\/em>, por ejemplo, fue hallado y \u201crevivido\u201d por un grupo de cient\u00edficos del British Antarctic Survey y la Universidad de Reading <strong>tras permanecer 1.500 a\u00f1os congelado bajo el hielo de la Ant\u00e1rtida<\/strong>.<\/p>\n\n\n\n<p>Son plantas que suelen vivir en lugares h\u00famedos o cerca del agua, e interceptan, absorben y retienen los minerales disueltos en el agua de las lluvias, permitiendo la incorporaci\u00f3n de \u00e9stos en el ecosistema. Es decir, que son purificadores naturales muy eficientes (no en vano, son capaces de retener hasta 20 veces su peso en agua).<\/p>\n\n\n\n<figure class=\"wp-block-image size-large\"><a href=\"https:\/\/www.escapadarural.com\/blog\/wp-content\/uploads\/2020\/12\/fall-foliage-moss-tree-stockpack-pixabay-scaled.jpg\"><img decoding=\"async\" src=\"https:\/\/www.escapadarural.com\/blog\/wp-content\/uploads\/2020\/12\/fall-foliage-moss-tree-stockpack-pixabay-1024x683.jpg\" alt=\"fall foliage, moss, tree\" class=\"wp-image-35691\"\/><\/a><figcaption>Por rihaij<\/figcaption><\/figure>\n\n\n\n<p>Por ello no ha de extra\u00f1arnos que Simone Borelli, de la organizaci\u00f3n de las Naciones Unidas para la Alimentaci\u00f3n y la Agricultura (FAO), haya afirmado que necesitamos \u00e1rboles y musgo en las ciudades: \u201cLos \u00e1rboles podr\u00edan reducir la temperatura en las ciudades hasta 8\u00b0C, lo que llevar\u00eda aparejada la disminuci\u00f3n del uso del aire acondicionado y de las emisiones relacionadas con estos aparatos hasta en un 40%\u201c. <\/p>\n\n\n\n<p>Un grupo de investigadores incluso desarroll\u00f3 recientemente una pintura elaborada con esporas de musgo para cubrir las fachadas de los edificios de las ciudades a fin de que la planta crezca sobre las paredes de los edificios y absorba el CO2 de la atm\u00f3sfera, reduciendo de esta forma la temperatura de las llamadas islas de calor de las grandes urbes y tornando las ciudades m\u00e1s sostenibles. <\/p>\n\n\n\n<p>La empresa alemana Green City Solutions tambi\u00e9n usa paneles de musgo, de cuatro metros de alto por tres de ancho, para absorber el di\u00f3xido de nitr\u00f3geno. Ya los ha instalado en 25 ciudades del mundo, entre las que se encuentran Oslo, Hong Kong o Glasgow.<\/p>\n\n\n\n<p><strong>Los musgos tambi\u00e9n ayudan a la reforestaci\u00f3n natural<\/strong> y son el hogar de peque\u00f1os animales, especialmente invertebrados como insectos, ar\u00e1cnidos, rot\u00edferos, nematodos y an\u00e9lidos.<\/p>\n\n\n\n<p>Cuando sustraemos cantidades importantes de musgo de un lugar, estamos propiciando la disminuci\u00f3n de la humedad de los bosques, aumentando la erosi\u00f3n de los suelos e incrementando la contaminaci\u00f3n ambiental. Sin contar que estamos dejando sin hogar a un n\u00famero importante de animales.<\/p>\n\n\n\n<h2 class=\"wp-block-heading\">C\u00f3mo decorar nuestros belenes sin musgo natural<\/h2>\n\n\n\n<figure class=\"wp-block-image size-large is-resized\"><a href=\"https:\/\/www.escapadarural.com\/blog\/wp-content\/uploads\/2020\/12\/crib-1934818_640.jpg\"><img loading=\"lazy\" decoding=\"async\" src=\"https:\/\/www.escapadarural.com\/blog\/wp-content\/uploads\/2020\/12\/crib-1934818_640.jpg\" alt=\"\" class=\"wp-image-35627\" width=\"777\" height=\"573\"\/><\/a><figcaption>Por Pikist<\/figcaption><\/figure>\n\n\n\n<p>Entonces, <strong>\u00bfqu\u00e9 podemos hacer para decorar nuestros belenes?<\/strong> En primer lugar, borrar la idea de que poner musgo es una condici\u00f3n <em>sine qua non<\/em>. Ya hemos dicho que la tradici\u00f3n del bel\u00e9n es relativamente reciente. Y que la incorporaci\u00f3n de musgo es, de hecho, incoherente dado el paisaje que estamos representando. <\/p>\n\n\n\n<p>En el t\u00edpico bel\u00e9n de tipo abierto y estilo popular, de sobremesa, con figuras b\u00edblicas de madera o pl\u00e1stico, podemos recurrir, por ejemplo, al <strong>musgo artificial<\/strong>. Adem\u00e1s, el musgo natural tiene una duraci\u00f3n limitada, mientras que el musgo artificial se puede guardar para utilizarlo en m\u00e1s ocasiones. Tampoco necesitan humedad, tierra o fertilizante, son f\u00e1ciles de mantener y no se ven afectados por el clima natural.<\/p>\n\n\n\n<p>O, si preferimos algo natural, entonces los adornos naturales secos como semillas, pi\u00f1as u hojas secas pueden ser un recurso decorativo interesante. <strong>La corteza de pino es otro material muy ornamental<\/strong>.<\/p>\n\n\n\n<p><strong>El musgo deber\u00eda ser preservado<\/strong>. No deber\u00eda comerciarse con \u00e9l. Tal vez, incluso, deber\u00edamos considerarlo tan preciado como el marfil que se extrae de los colmillos de los elefantes. Afortunadamente, en pa\u00edses como <strong>Espa\u00f1a est\u00e1 prohibida su recolecci\u00f3n directa<\/strong>, y las tiendas que lo comercializan deben estar acreditadas con permisos para su venta. <\/p>\n\n\n\n<p>Es un peque\u00f1o paso para preservar el musgo, el tejido conectivo vegetal de nuestro mundo y, por extensi\u00f3n, esos seres extraordinarios que son las plantas. En palabras de <strong>Jos\u00e9 Ram\u00f3n Alonso<\/strong> en <em>Bot\u00e1nica ins\u00f3lita<\/em>:<\/p>\n\n\n\n<blockquote class=\"wp-block-quote is-layout-flow wp-block-quote-is-layout-flow\"><p><\/p><cite>Nos proporcionan, directa o indirectamente, comida, alimento para nuestros animales, materiales de construcci\u00f3n, le\u00f1a para calentarnos y cocinar, papel para escribir y leer, fibras para vestirnos y muchas cosas m\u00e1s<\/cite><\/blockquote>\n","protected":false},"excerpt":{"rendered":"<p>Las bri\u00f3fitas (musgos, hep\u00e1ticas y antocerotes) son el tejido conectivo de nuestro planeta: no solo pueden ofrecernos respuestas sobre el cambio clim\u00e1tico e informaci\u00f3n sobre los ecosistemas, sino que constituyen un pilar b\u00e1sico sobre la salud del medioambiente.<\/p>\n","protected":false},"author":120,"featured_media":100238,"comment_status":"open","ping_status":"open","sticky":false,"template":"","format":"standard","meta":{"_acf_changed":false,"om_disable_all_campaigns":false,"footnotes":""},"categories":[279],"tags":[260,3030,2632,3650,3651,600,502],"class_list":["post-35622","post","type-post","status-publish","format-standard","has-post-thumbnail","hentry","category-ciencia","tag-articulo","tag-belenes","tag-medio-ambiente","tag-musgo","tag-musgo-natural","tag-navidad","tag-tradiciones"],"acf":[],"featured_image_src":"https:\/\/www.escapadarural.com\/blog\/wp-content\/uploads\/2024\/10\/forest-moss-nature-stockpack-pixabay-1024x683-2.jpg","author_info":{"display_name":"Sergio Parra","author_link":"https:\/\/www.escapadarural.com\/blog\/autor\/sergio\/"},"yoast_head":"<!-- This site is optimized with the Yoast SEO plugin v27.5 - https:\/\/yoast.com\/product\/yoast-seo-wordpress\/ -->\n<title>Por qu\u00e9 poner musgo natural en nuestros belenes es una mala idea (e ilegal) - EscapadaRural<\/title>\n<meta name=\"robots\" content=\"index, follow, max-snippet:-1, max-image-preview:large, max-video-preview:-1\" \/>\n<link rel=\"canonical\" href=\"https:\/\/www.escapadarural.com\/blog\/poner-musgo-natural-en-belenes-es-malo\/\" \/>\n<meta property=\"og:locale\" content=\"es_ES\" \/>\n<meta property=\"og:type\" content=\"article\" \/>\n<meta property=\"og:title\" content=\"Por qu\u00e9 poner musgo natural en nuestros belenes es una mala idea (e ilegal) - EscapadaRural\" \/>\n<meta property=\"og:description\" content=\"Las bri\u00f3fitas (musgos, hep\u00e1ticas y antocerotes) son el tejido conectivo de nuestro planeta: no solo pueden ofrecernos respuestas sobre el cambio clim\u00e1tico e informaci\u00f3n sobre los ecosistemas, sino que constituyen un pilar b\u00e1sico sobre la salud del medioambiente.\" \/>\n<meta property=\"og:url\" content=\"https:\/\/www.escapadarural.com\/blog\/poner-musgo-natural-en-belenes-es-malo\/\" \/>\n<meta property=\"og:site_name\" content=\"Magazine de viajes de EscapadaRural\" \/>\n<meta property=\"article:publisher\" content=\"https:\/\/www.facebook.com\/escapadarural\" \/>\n<meta property=\"article:published_time\" content=\"2021-12-22T07:30:00+00:00\" \/>\n<meta property=\"article:modified_time\" content=\"2024-10-21T09:37:49+00:00\" \/>\n<meta property=\"og:image\" content=\"https:\/\/www.escapadarural.com\/blog\/wp-content\/uploads\/2024\/10\/forest-moss-nature-stockpack-pixabay-1024x683-2.jpg\" \/>\n\t<meta property=\"og:image:width\" content=\"1024\" \/>\n\t<meta property=\"og:image:height\" content=\"683\" \/>\n\t<meta property=\"og:image:type\" content=\"image\/jpeg\" \/>\n<meta name=\"author\" content=\"Sergio Parra\" \/>\n<meta name=\"twitter:card\" content=\"summary_large_image\" \/>\n<meta name=\"twitter:label1\" content=\"Escrito por\" \/>\n\t<meta name=\"twitter:data1\" content=\"Sergio Parra\" \/>\n\t<meta name=\"twitter:label2\" content=\"Tiempo de lectura\" \/>\n\t<meta name=\"twitter:data2\" content=\"5 minutos\" \/>\n<script type=\"application\/ld+json\" class=\"yoast-schema-graph\">{\"@context\":\"https:\\\/\\\/schema.org\",\"@graph\":[{\"@type\":\"Article\",\"@id\":\"https:\\\/\\\/www.escapadarural.com\\\/blog\\\/poner-musgo-natural-en-belenes-es-malo\\\/#article\",\"isPartOf\":{\"@id\":\"https:\\\/\\\/www.escapadarural.com\\\/blog\\\/poner-musgo-natural-en-belenes-es-malo\\\/\"},\"author\":{\"name\":\"Sergio Parra\",\"@id\":\"https:\\\/\\\/www.escapadarural.com\\\/blog\\\/#\\\/schema\\\/person\\\/b19b2221b2fc03d3ab5ec82d81f7a678\"},\"headline\":\"Por qu\u00e9 poner musgo natural en nuestros belenes es una mala idea (e ilegal)\",\"datePublished\":\"2021-12-22T07:30:00+00:00\",\"dateModified\":\"2024-10-21T09:37:49+00:00\",\"mainEntityOfPage\":{\"@id\":\"https:\\\/\\\/www.escapadarural.com\\\/blog\\\/poner-musgo-natural-en-belenes-es-malo\\\/\"},\"wordCount\":1011,\"commentCount\":2,\"publisher\":{\"@id\":\"https:\\\/\\\/www.escapadarural.com\\\/blog\\\/#organization\"},\"image\":{\"@id\":\"https:\\\/\\\/www.escapadarural.com\\\/blog\\\/poner-musgo-natural-en-belenes-es-malo\\\/#primaryimage\"},\"thumbnailUrl\":\"https:\\\/\\\/www.escapadarural.com\\\/blog\\\/wp-content\\\/uploads\\\/2024\\\/10\\\/forest-moss-nature-stockpack-pixabay-1024x683-2.jpg\",\"keywords\":[\"art\u00edculo\",\"belenes\",\"Medio Ambiente\",\"Musgo\",\"musgo natural\",\"Navidad\",\"Tradiciones\"],\"articleSection\":[\"Ciencia\"],\"inLanguage\":\"es\",\"potentialAction\":[{\"@type\":\"CommentAction\",\"name\":\"Comment\",\"target\":[\"https:\\\/\\\/www.escapadarural.com\\\/blog\\\/poner-musgo-natural-en-belenes-es-malo\\\/#respond\"]}]},{\"@type\":\"WebPage\",\"@id\":\"https:\\\/\\\/www.escapadarural.com\\\/blog\\\/poner-musgo-natural-en-belenes-es-malo\\\/\",\"url\":\"https:\\\/\\\/www.escapadarural.com\\\/blog\\\/poner-musgo-natural-en-belenes-es-malo\\\/\",\"name\":\"Por qu\u00e9 poner musgo natural en nuestros belenes es una mala idea (e ilegal) - EscapadaRural\",\"isPartOf\":{\"@id\":\"https:\\\/\\\/www.escapadarural.com\\\/blog\\\/#website\"},\"primaryImageOfPage\":{\"@id\":\"https:\\\/\\\/www.escapadarural.com\\\/blog\\\/poner-musgo-natural-en-belenes-es-malo\\\/#primaryimage\"},\"image\":{\"@id\":\"https:\\\/\\\/www.escapadarural.com\\\/blog\\\/poner-musgo-natural-en-belenes-es-malo\\\/#primaryimage\"},\"thumbnailUrl\":\"https:\\\/\\\/www.escapadarural.com\\\/blog\\\/wp-content\\\/uploads\\\/2024\\\/10\\\/forest-moss-nature-stockpack-pixabay-1024x683-2.jpg\",\"datePublished\":\"2021-12-22T07:30:00+00:00\",\"dateModified\":\"2024-10-21T09:37:49+00:00\",\"breadcrumb\":{\"@id\":\"https:\\\/\\\/www.escapadarural.com\\\/blog\\\/poner-musgo-natural-en-belenes-es-malo\\\/#breadcrumb\"},\"inLanguage\":\"es\",\"potentialAction\":[{\"@type\":\"ReadAction\",\"target\":[\"https:\\\/\\\/www.escapadarural.com\\\/blog\\\/poner-musgo-natural-en-belenes-es-malo\\\/\"]}]},{\"@type\":\"ImageObject\",\"inLanguage\":\"es\",\"@id\":\"https:\\\/\\\/www.escapadarural.com\\\/blog\\\/poner-musgo-natural-en-belenes-es-malo\\\/#primaryimage\",\"url\":\"https:\\\/\\\/www.escapadarural.com\\\/blog\\\/wp-content\\\/uploads\\\/2024\\\/10\\\/forest-moss-nature-stockpack-pixabay-1024x683-2.jpg\",\"contentUrl\":\"https:\\\/\\\/www.escapadarural.com\\\/blog\\\/wp-content\\\/uploads\\\/2024\\\/10\\\/forest-moss-nature-stockpack-pixabay-1024x683-2.jpg\",\"width\":1024,\"height\":683,\"caption\":\"Un tronco de \u00e1rbol ca\u00eddo cubierto de exuberante musgo verde yace en el suelo del bosque, rodeado de un denso follaje de un verde vibrante y una suave luz que se filtra entre los \u00e1rboles.\"},{\"@type\":\"BreadcrumbList\",\"@id\":\"https:\\\/\\\/www.escapadarural.com\\\/blog\\\/poner-musgo-natural-en-belenes-es-malo\\\/#breadcrumb\",\"itemListElement\":[{\"@type\":\"ListItem\",\"position\":1,\"name\":\"Inicio\",\"item\":\"https:\\\/\\\/www.escapadarural.com\\\/blog\\\/\"},{\"@type\":\"ListItem\",\"position\":2,\"name\":\"Ciencia\",\"item\":\"https:\\\/\\\/www.escapadarural.com\\\/blog\\\/categoria\\\/ciencia\\\/\"},{\"@type\":\"ListItem\",\"position\":3,\"name\":\"Por qu\u00e9 poner musgo natural en nuestros belenes es una mala idea (e ilegal)\"}]},{\"@type\":\"WebSite\",\"@id\":\"https:\\\/\\\/www.escapadarural.com\\\/blog\\\/#website\",\"url\":\"https:\\\/\\\/www.escapadarural.com\\\/blog\\\/\",\"name\":\"Blog de viajes | turismo rural, alojamientos e inspiraci\u00f3n\",\"description\":\"Alojamientos rurales e inspiraci\u00f3n para tus escapadas\",\"publisher\":{\"@id\":\"https:\\\/\\\/www.escapadarural.com\\\/blog\\\/#organization\"},\"alternateName\":\"Magazine de viajes de EscapadaRural\",\"potentialAction\":[{\"@type\":\"SearchAction\",\"target\":{\"@type\":\"EntryPoint\",\"urlTemplate\":\"https:\\\/\\\/www.escapadarural.com\\\/blog\\\/?s={search_term_string}\"},\"query-input\":{\"@type\":\"PropertyValueSpecification\",\"valueRequired\":true,\"valueName\":\"search_term_string\"}}],\"inLanguage\":\"es\"},{\"@type\":\"Organization\",\"@id\":\"https:\\\/\\\/www.escapadarural.com\\\/blog\\\/#organization\",\"name\":\"EscapadaRural\",\"url\":\"https:\\\/\\\/www.escapadarural.com\\\/blog\\\/\",\"logo\":{\"@type\":\"ImageObject\",\"inLanguage\":\"es\",\"@id\":\"https:\\\/\\\/www.escapadarural.com\\\/blog\\\/#\\\/schema\\\/logo\\\/image\\\/\",\"url\":\"https:\\\/\\\/www.escapadarural.com\\\/blog\\\/wp-content\\\/uploads\\\/2024\\\/10\\\/cropped-cropped-escapada-rural-icon-mag-3.png\",\"contentUrl\":\"https:\\\/\\\/www.escapadarural.com\\\/blog\\\/wp-content\\\/uploads\\\/2024\\\/10\\\/cropped-cropped-escapada-rural-icon-mag-3.png\",\"width\":512,\"height\":512,\"caption\":\"EscapadaRural\"},\"image\":{\"@id\":\"https:\\\/\\\/www.escapadarural.com\\\/blog\\\/#\\\/schema\\\/logo\\\/image\\\/\"},\"sameAs\":[\"https:\\\/\\\/www.facebook.com\\\/escapadarural\",\"https:\\\/\\\/www.instagram.com\\\/escapadarural\\\/\",\"https:\\\/\\\/www.youtube.com\\\/@escapadaruralcom\"]},{\"@type\":\"Person\",\"@id\":\"https:\\\/\\\/www.escapadarural.com\\\/blog\\\/#\\\/schema\\\/person\\\/b19b2221b2fc03d3ab5ec82d81f7a678\",\"name\":\"Sergio Parra\",\"image\":{\"@type\":\"ImageObject\",\"inLanguage\":\"es\",\"@id\":\"https:\\\/\\\/www.escapadarural.com\\\/blog\\\/wp-content\\\/uploads\\\/2025\\\/02\\\/cropped-sergio_parra.webp\",\"url\":\"https:\\\/\\\/www.escapadarural.com\\\/blog\\\/wp-content\\\/uploads\\\/2025\\\/02\\\/cropped-sergio_parra.webp\",\"contentUrl\":\"https:\\\/\\\/www.escapadarural.com\\\/blog\\\/wp-content\\\/uploads\\\/2025\\\/02\\\/cropped-sergio_parra.webp\",\"caption\":\"Sergio Parra\"},\"description\":\"Juntaletras, divulgador y alfanum\u00e9rico vocacional. Siempre a la caza de historias que iluminen el camino y de ense\u00f1anzas que permitan capturar lo que te salga al paso. Escribo en Yorokobu, Jot Down y Muy Interesante, y soy editor de Xataka Ciencia y Diario del Viajero. Cuando necesito recogimiento, escribo libros. Cuando me siento extrovertido, salgo en el canal de YouTube Optirrealismo o el podcast Xanad\u00fa: Hearst &amp; Kane. Cuando busco perspectiva, me marcho lejos en bicicleta.\",\"sameAs\":[\"https:\\\/\\\/about.me\\\/sergioparra\",\"https:\\\/\\\/www.instagram.com\\\/melvinud\\\/\"],\"url\":\"https:\\\/\\\/www.escapadarural.com\\\/blog\\\/autor\\\/sergio\\\/\"}]}<\/script>\n<!-- \/ Yoast SEO plugin. -->","yoast_head_json":{"title":"Por qu\u00e9 poner musgo natural en nuestros belenes es una mala idea (e ilegal) - EscapadaRural","robots":{"index":"index","follow":"follow","max-snippet":"max-snippet:-1","max-image-preview":"max-image-preview:large","max-video-preview":"max-video-preview:-1"},"canonical":"https:\/\/www.escapadarural.com\/blog\/poner-musgo-natural-en-belenes-es-malo\/","og_locale":"es_ES","og_type":"article","og_title":"Por qu\u00e9 poner musgo natural en nuestros belenes es una mala idea (e ilegal) - EscapadaRural","og_description":"Las bri\u00f3fitas (musgos, hep\u00e1ticas y antocerotes) son el tejido conectivo de nuestro planeta: no solo pueden ofrecernos respuestas sobre el cambio clim\u00e1tico e informaci\u00f3n sobre los ecosistemas, sino que constituyen un pilar b\u00e1sico sobre la salud del medioambiente.","og_url":"https:\/\/www.escapadarural.com\/blog\/poner-musgo-natural-en-belenes-es-malo\/","og_site_name":"Magazine de viajes de EscapadaRural","article_publisher":"https:\/\/www.facebook.com\/escapadarural","article_published_time":"2021-12-22T07:30:00+00:00","article_modified_time":"2024-10-21T09:37:49+00:00","og_image":[{"width":1024,"height":683,"url":"https:\/\/www.escapadarural.com\/blog\/wp-content\/uploads\/2024\/10\/forest-moss-nature-stockpack-pixabay-1024x683-2.jpg","type":"image\/jpeg"}],"author":"Sergio Parra","twitter_card":"summary_large_image","twitter_misc":{"Escrito por":"Sergio Parra","Tiempo de lectura":"5 minutos"},"schema":{"@context":"https:\/\/schema.org","@graph":[{"@type":"Article","@id":"https:\/\/www.escapadarural.com\/blog\/poner-musgo-natural-en-belenes-es-malo\/#article","isPartOf":{"@id":"https:\/\/www.escapadarural.com\/blog\/poner-musgo-natural-en-belenes-es-malo\/"},"author":{"name":"Sergio Parra","@id":"https:\/\/www.escapadarural.com\/blog\/#\/schema\/person\/b19b2221b2fc03d3ab5ec82d81f7a678"},"headline":"Por qu\u00e9 poner musgo natural en nuestros belenes es una mala idea (e ilegal)","datePublished":"2021-12-22T07:30:00+00:00","dateModified":"2024-10-21T09:37:49+00:00","mainEntityOfPage":{"@id":"https:\/\/www.escapadarural.com\/blog\/poner-musgo-natural-en-belenes-es-malo\/"},"wordCount":1011,"commentCount":2,"publisher":{"@id":"https:\/\/www.escapadarural.com\/blog\/#organization"},"image":{"@id":"https:\/\/www.escapadarural.com\/blog\/poner-musgo-natural-en-belenes-es-malo\/#primaryimage"},"thumbnailUrl":"https:\/\/www.escapadarural.com\/blog\/wp-content\/uploads\/2024\/10\/forest-moss-nature-stockpack-pixabay-1024x683-2.jpg","keywords":["art\u00edculo","belenes","Medio Ambiente","Musgo","musgo natural","Navidad","Tradiciones"],"articleSection":["Ciencia"],"inLanguage":"es","potentialAction":[{"@type":"CommentAction","name":"Comment","target":["https:\/\/www.escapadarural.com\/blog\/poner-musgo-natural-en-belenes-es-malo\/#respond"]}]},{"@type":"WebPage","@id":"https:\/\/www.escapadarural.com\/blog\/poner-musgo-natural-en-belenes-es-malo\/","url":"https:\/\/www.escapadarural.com\/blog\/poner-musgo-natural-en-belenes-es-malo\/","name":"Por qu\u00e9 poner musgo natural en nuestros belenes es una mala idea (e ilegal) - EscapadaRural","isPartOf":{"@id":"https:\/\/www.escapadarural.com\/blog\/#website"},"primaryImageOfPage":{"@id":"https:\/\/www.escapadarural.com\/blog\/poner-musgo-natural-en-belenes-es-malo\/#primaryimage"},"image":{"@id":"https:\/\/www.escapadarural.com\/blog\/poner-musgo-natural-en-belenes-es-malo\/#primaryimage"},"thumbnailUrl":"https:\/\/www.escapadarural.com\/blog\/wp-content\/uploads\/2024\/10\/forest-moss-nature-stockpack-pixabay-1024x683-2.jpg","datePublished":"2021-12-22T07:30:00+00:00","dateModified":"2024-10-21T09:37:49+00:00","breadcrumb":{"@id":"https:\/\/www.escapadarural.com\/blog\/poner-musgo-natural-en-belenes-es-malo\/#breadcrumb"},"inLanguage":"es","potentialAction":[{"@type":"ReadAction","target":["https:\/\/www.escapadarural.com\/blog\/poner-musgo-natural-en-belenes-es-malo\/"]}]},{"@type":"ImageObject","inLanguage":"es","@id":"https:\/\/www.escapadarural.com\/blog\/poner-musgo-natural-en-belenes-es-malo\/#primaryimage","url":"https:\/\/www.escapadarural.com\/blog\/wp-content\/uploads\/2024\/10\/forest-moss-nature-stockpack-pixabay-1024x683-2.jpg","contentUrl":"https:\/\/www.escapadarural.com\/blog\/wp-content\/uploads\/2024\/10\/forest-moss-nature-stockpack-pixabay-1024x683-2.jpg","width":1024,"height":683,"caption":"Un tronco de \u00e1rbol ca\u00eddo cubierto de exuberante musgo verde yace en el suelo del bosque, rodeado de un denso follaje de un verde vibrante y una suave luz que se filtra entre los \u00e1rboles."},{"@type":"BreadcrumbList","@id":"https:\/\/www.escapadarural.com\/blog\/poner-musgo-natural-en-belenes-es-malo\/#breadcrumb","itemListElement":[{"@type":"ListItem","position":1,"name":"Inicio","item":"https:\/\/www.escapadarural.com\/blog\/"},{"@type":"ListItem","position":2,"name":"Ciencia","item":"https:\/\/www.escapadarural.com\/blog\/categoria\/ciencia\/"},{"@type":"ListItem","position":3,"name":"Por qu\u00e9 poner musgo natural en nuestros belenes es una mala idea (e ilegal)"}]},{"@type":"WebSite","@id":"https:\/\/www.escapadarural.com\/blog\/#website","url":"https:\/\/www.escapadarural.com\/blog\/","name":"Blog de viajes | turismo rural, alojamientos e inspiraci\u00f3n","description":"Alojamientos rurales e inspiraci\u00f3n para tus escapadas","publisher":{"@id":"https:\/\/www.escapadarural.com\/blog\/#organization"},"alternateName":"Magazine de viajes de EscapadaRural","potentialAction":[{"@type":"SearchAction","target":{"@type":"EntryPoint","urlTemplate":"https:\/\/www.escapadarural.com\/blog\/?s={search_term_string}"},"query-input":{"@type":"PropertyValueSpecification","valueRequired":true,"valueName":"search_term_string"}}],"inLanguage":"es"},{"@type":"Organization","@id":"https:\/\/www.escapadarural.com\/blog\/#organization","name":"EscapadaRural","url":"https:\/\/www.escapadarural.com\/blog\/","logo":{"@type":"ImageObject","inLanguage":"es","@id":"https:\/\/www.escapadarural.com\/blog\/#\/schema\/logo\/image\/","url":"https:\/\/www.escapadarural.com\/blog\/wp-content\/uploads\/2024\/10\/cropped-cropped-escapada-rural-icon-mag-3.png","contentUrl":"https:\/\/www.escapadarural.com\/blog\/wp-content\/uploads\/2024\/10\/cropped-cropped-escapada-rural-icon-mag-3.png","width":512,"height":512,"caption":"EscapadaRural"},"image":{"@id":"https:\/\/www.escapadarural.com\/blog\/#\/schema\/logo\/image\/"},"sameAs":["https:\/\/www.facebook.com\/escapadarural","https:\/\/www.instagram.com\/escapadarural\/","https:\/\/www.youtube.com\/@escapadaruralcom"]},{"@type":"Person","@id":"https:\/\/www.escapadarural.com\/blog\/#\/schema\/person\/b19b2221b2fc03d3ab5ec82d81f7a678","name":"Sergio Parra","image":{"@type":"ImageObject","inLanguage":"es","@id":"https:\/\/www.escapadarural.com\/blog\/wp-content\/uploads\/2025\/02\/cropped-sergio_parra.webp","url":"https:\/\/www.escapadarural.com\/blog\/wp-content\/uploads\/2025\/02\/cropped-sergio_parra.webp","contentUrl":"https:\/\/www.escapadarural.com\/blog\/wp-content\/uploads\/2025\/02\/cropped-sergio_parra.webp","caption":"Sergio Parra"},"description":"Juntaletras, divulgador y alfanum\u00e9rico vocacional. Siempre a la caza de historias que iluminen el camino y de ense\u00f1anzas que permitan capturar lo que te salga al paso. Escribo en Yorokobu, Jot Down y Muy Interesante, y soy editor de Xataka Ciencia y Diario del Viajero. Cuando necesito recogimiento, escribo libros. Cuando me siento extrovertido, salgo en el canal de YouTube Optirrealismo o el podcast Xanad\u00fa: Hearst &amp; Kane. Cuando busco perspectiva, me marcho lejos en bicicleta.","sameAs":["https:\/\/about.me\/sergioparra","https:\/\/www.instagram.com\/melvinud\/"],"url":"https:\/\/www.escapadarural.com\/blog\/autor\/sergio\/"}]}},"_links":{"self":[{"href":"https:\/\/www.escapadarural.com\/blog\/wp-json\/wp\/v2\/posts\/35622","targetHints":{"allow":["GET"]}}],"collection":[{"href":"https:\/\/www.escapadarural.com\/blog\/wp-json\/wp\/v2\/posts"}],"about":[{"href":"https:\/\/www.escapadarural.com\/blog\/wp-json\/wp\/v2\/types\/post"}],"author":[{"embeddable":true,"href":"https:\/\/www.escapadarural.com\/blog\/wp-json\/wp\/v2\/users\/120"}],"replies":[{"embeddable":true,"href":"https:\/\/www.escapadarural.com\/blog\/wp-json\/wp\/v2\/comments?post=35622"}],"version-history":[{"count":0,"href":"https:\/\/www.escapadarural.com\/blog\/wp-json\/wp\/v2\/posts\/35622\/revisions"}],"wp:featuredmedia":[{"embeddable":true,"href":"https:\/\/www.escapadarural.com\/blog\/wp-json\/wp\/v2\/media\/100238"}],"wp:attachment":[{"href":"https:\/\/www.escapadarural.com\/blog\/wp-json\/wp\/v2\/media?parent=35622"}],"wp:term":[{"taxonomy":"category","embeddable":true,"href":"https:\/\/www.escapadarural.com\/blog\/wp-json\/wp\/v2\/categories?post=35622"},{"taxonomy":"post_tag","embeddable":true,"href":"https:\/\/www.escapadarural.com\/blog\/wp-json\/wp\/v2\/tags?post=35622"}],"curies":[{"name":"wp","href":"https:\/\/api.w.org\/{rel}","templated":true}]}}