{"id":35871,"date":"2021-02-05T09:04:01","date_gmt":"2021-02-05T08:04:01","guid":{"rendered":"https:\/\/www.escapadarural.com\/blog\/?p=35871"},"modified":"2025-08-12T10:14:24","modified_gmt":"2025-08-12T08:14:24","slug":"los-5-arboles-mas-singulares-de-espana-del-2021","status":"publish","type":"post","link":"https:\/\/www.escapadarural.com\/blog\/los-5-arboles-mas-singulares-de-espana-del-2021\/","title":{"rendered":"Los 5 \u00e1rboles m\u00e1s singulares de Espa\u00f1a del 2021"},"content":{"rendered":"\n<figure class=\"wp-block-image size-large\"><img decoding=\"async\" src=\"https:\/\/www.escapadarural.com\/blog\/wp-content\/uploads\/1024px-IPinMG_20201014_235714Pinjehjrhewjeded.jpg\" alt=\"\" class=\"wp-image-38073\"\/><figcaption class=\"wp-element-caption\">Pino de Elche. Por <a href=\"https:\/\/commons.wikimedia.org\/w\/index.php?title=User:Fran26ss&amp;action=edit&amp;redlink=1\" target=\"_blank\">Fran26ss<\/a><\/figcaption><\/figure>\n\n\n\n<p>Ha sido en el a\u00f1o de la pandemia mundial cuando la naturaleza y los espacios abiertos se nos han revelado m\u00e1s necesarios que nunca. Fue el confinamiento de principios de 2020 el que nos llev\u00f3 a mirar con a\u00f1oranza los espacios naturales, los bosques, las rutas senderistas, los nacimientos de r\u00edos y las escapadas rurales cerca de casa. \u00bfY qui\u00e9nes mejor que los \u00e1rboles para simbolizar esta vuelta a la naturaleza?&nbsp;<\/p>\n\n\n\n<p>En este sentido, el <strong>concurso \u201c\u00c1rbol del A\u00f1o en Espa\u00f1a\u201d<\/strong> es una forma fabulosa de otorgarles el respeto que se merecen: higueras sagradas, pinos solitarios, algarrobos nobles, encinas milenarias, robles que se salvaron a \u00faltima hora de ser talados, magnolias que llegaron en una maceta\u2026 Algunos son enormes, otros, longevos, o emblem\u00e1ticos, hist\u00f3ricos o est\u00e1n amenazados. Los de esta lista son s\u00f3lo cinco de los \u00e1rboles m\u00e1s singulares en Espa\u00f1a para el 2021.&nbsp;<\/p>\n\n\n\n<p>De entre todos los candidatos, la carrasca milenaria de <a href=\"https:\/\/www.escapadarural.com\/casas-rurales\/lecina\" class=\"rank-math-link\">Lecina<\/a> (en Huesca) se ha hecho con el m\u00e1ximo reconomiento a&nbsp; &#8216;\u00c1rbol del a\u00f1o en Espa\u00f1a 2021&#8217; y, a su vez, ser\u00e1 el representante espa\u00f1ol a \u00c1rbol Europeo del 2021, un concurso convocado anualmente desde el 2011 por el consorcio <em>Environmental Partnership Association<\/em> (EPA). Con \u00e9l, se trata de destacar los \u00e1rboles m\u00e1s relevantes como un modo de dar valor al patrimonio tanto natural como cultural de los lugares donde crecen. En cada edici\u00f3n, el ganador es elegido por votaci\u00f3n popular y en total participan quince pa\u00edses europeos.<\/p>\n\n\n\n<h2 class=\"wp-block-heading\" id=\"el-ganador-un-\u00e1rbol-de-bandera-o-de-escudo\">El ganador: un \u00e1rbol de bandera (o de escudo)<\/h2>\n\n\n\n<p><strong>(Lecina-Barcabo, Huesca)<\/strong><\/p>\n\n\n\n<p>Esta preciosidad de carrasca ubicada en <a href=\"https:\/\/www.escapadarural.com\/casas-rurales\/lecina\" class=\"rank-math-link\">Lecina<\/a>, un municipio de apenas un centenar de habitantes, se ha alzado con el t\u00edtulo de <strong>&#8216;\u00c1rbol del a\u00f1o en Espa\u00f1a 2021&#8217;<\/strong>, con un total de 9.931 votos. Es un ejemplar \u00fanico principalmente por dos razones. Primero, porque sus ra\u00edces se asientan en un enclave natural privilegiado, en el <strong>Parque Cultural R\u00edo Vero<\/strong>, que se solapa a la vez con el Parque Natural de la Sierra y los Can\u0303ones de Guara. \u00c9ste \u00faltimo es un parque natural que comparten las comarcas del Alto G\u00e1llego, Hoya de Huesca, <a href=\"https:\/\/www.escapadarural.com\/casas-rurales\/sobrarbe\" class=\"rank-math-link\">Sobrarbe<\/a> y Somontano de Barbastro y cuya vegetaci\u00f3n m\u00e1s representativa es el carrascal.<\/p>\n\n\n\n<p>Lecina es un lugar de referencia en la regi\u00f3n. De hecho, alrededor de esta encina han crecido leyendas y mitos y se han celebrado eventos culturales de todo tipo desde tiempos ancestrales. Esta es la segunda poderosa raz\u00f3n que convierte a este \u00e1rbol en el m\u00e1s singular del 2021 en Espa\u00f1a. Si se observa el escudo de Arag\u00f3n se observar\u00e1 que en la zona superior izquierda aparece representada una encina sobre la que hay una cruz de color rojo. El dise\u00f1o hace referencia a la leyenda seg\u00fan la cual la batalla de los cristianos contra los sarracenos cambio de suerte.<\/p>\n\n\n\n<p>Resulta que los jacetanos que hab\u00edan venido desde San Juan de la Pe\u00f1a para ayudar en la reconquista estaban perdiendo la batalla, hasta que se les apareci\u00f3 una <strong>gran cruz roja sobre una encina<\/strong> que les infundi\u00f3 valor y fuerzas suficientes para dar la vuelta a la situaci\u00f3n, logrando, al fin, conquistar A\u00ednsa. Desde aquel entonces, la encina y la cruz roja es el s\u00edmbolo de Sobrarbe (&#8216;sobre \u00e1rbol&#8217;).<\/p>\n\n\n\n<h2 class=\"wp-block-heading\" id=\"las-\u00faltimas-moreras-que-quedan-en-el-pueblo\">Las \u00faltimas moreras que quedan en el pueblo<\/h2>\n\n\n\n<p><strong>(La Cala del Moral, <a href=\"https:\/\/www.escapadarural.com\/casas-rurales\/malaga\" class=\"rank-math-link\">M\u00e1laga<\/a><\/strong>)<\/p>\n\n\n\n<p>Con ellas, son ya s\u00f3lo seis las que quedan en la plaza de la Iglesia, pero cuentan que hubo m\u00e1s, muchas, m\u00e1s, casi un centenar. Pero una desafortunada decisi\u00f3n municipal llev\u00f3 a que fueran arrancadas. Ni los movimientos vecinales pudieron evitarlo. Hoy quedan las de esta plaza como recuerdo a una de las especies de \u00e1rboles m\u00e1s importantes de la zona, introducida por tribus sirias all\u00e1 por el a\u00f1o 740, convencidos de que el buen clima beneficiar\u00eda su crecimiento en Andaluc\u00eda. Desde luego, no se equivocaron. Muchas moreras siguen engalanando los paisajes andaluces.<\/p>\n\n\n\n<h2 class=\"wp-block-heading\" id=\"el-pino-que-es-lugar-de-encuentro\">El pino que es lugar de encuentro<\/h2>\n\n\n\n<p><strong>(<a href=\"https:\/\/www.escapadarural.com\/casas-rurales\/elche\" class=\"rank-math-link\">Elche<\/a>, Alicante)<\/strong><\/p>\n\n\n\n<p>M\u00e1s que un \u00e1rbol es un vecino querido. La sombra de su enorme copa sigue siendo como la plaza urbana que es lugar de encuentro entre los del pueblo: reuniones, juegos y no pocas confidencias han acontecido aqu\u00ed. Si sus ramas hablaran\u2026 El convertirse en el tercer \u00e1rbol del a\u00f1o del concurso ayuda a poner el foco en el relevante papel que juega la naturaleza como efectivo elemento de socializaci\u00f3n. Con el paso del tiempo, el pino de La Baia, o \u201cel pino\u201d, como lo conocen coloquialmente los del lugar, ha ido envejeciendo; pero el cuidado de todo el vecindario ha hecho que sobrelleve la edad con muy buen aspecto.<\/p>\n\n\n\n<h2 class=\"wp-block-heading\" id=\"un-algarrobo-que-ya-estaba-en-el-s-xvi\">Un algarrobo que ya estaba en el S. XVI<\/h2>\n\n\n\n<p><strong>(Alaqu\u00e0s, <a href=\"https:\/\/www.escapadarural.com\/casas-rurales\/valencia\" class=\"rank-math-link\">Valencia<\/a>)<\/strong><\/p>\n\n\n\n<p>Es el \u00e1rbol m\u00e1s antiguo del t\u00e9rmino municipal de Alaqu\u00e0s, donde vi\u00f1as y algarrobos fueron los principales h\u00e1bitats naturales hasta finales del S. XIX. No en vano, los algarrobos son una de las especies mediterr\u00e1neas m\u00e1s emblem\u00e1ticas de las tierras valencianas, donde su presencia all\u00ed se remonta a la antig\u00fcedad. En concreto, este algarrobo es representante de los que el se\u00f1or de Alaqu\u00e0s orden\u00f3 plantar all\u00e1 en 1577. Este majestuoso \u00e1rbol se encuentra incluido en la <strong>Ruta Bot\u00e1nica del pueblo de Alaqu\u00e0s<\/strong>. Su valor hist\u00f3rico le llev\u00f3 a ser declarado Bien de Inter\u00e9s Cultural y es desde 1918 Monumento Hist\u00f3rico Art\u00edstico Nacional.<\/p>\n\n\n\n<h2 class=\"wp-block-heading\" id=\"la-encina-testigo-de-la-guerra-de-granada\">La encina testigo de la Guerra de Granada<\/h2>\n\n\n\n<p><strong>(<a href=\"https:\/\/www.escapadarural.com\/casas-rurales\/llanos-de-don-juan\" class=\"rank-math-link\">Llanos de Don Juan<\/a>, C\u00f3rdoba)<\/strong><\/p>\n\n\n\n<p>La sombra de esta encina tiene car\u00e1cter de plaza p\u00fablica: dibuja una sombra de cerca de treinta metros de di\u00e1metro y, aproximadamente, unos 600 metros cuadrados. Con un per\u00edmetro de cerca de 5 metros de tronco, su silueta gigantesca tiene algo de ser m\u00edtico.<\/p>\n\n\n\n<p>Ubicada junto al arroyo Granadilla, en la aldea de Llanos de Don Juan, pero m\u00e1s cerca en distancia de Lucena, se trata de un <strong>ejemplar \u00fanico en la provincia<\/strong>. Sigue ah\u00ed desde poco despu\u00e9s de la batalla de Lucena (1483), el hecho b\u00e9lico que dio comienzo a la Guerra de Granada que dar\u00eda fin a la Reconquista. Para visitarla hay un sendero lineal que parte tanto desde Llanos de Don Juan como de Lucena.<\/p>\n","protected":false},"excerpt":{"rendered":"<p>El concurso \u201c\u00c1rbol del A\u00f1o en Espa\u00f1a\u201d es una forma fabulosa de otorgarles el respeto que se merecen: higueras sagradas, pinos solitarios, algarrobos nobles, encinas milenarias, robles que se salvaron a \u00faltima hora de ser talados, magnolias que llegaron en una maceta\u2026 Algunos son enormes, otros, longevos, o emblem\u00e1ticos, hist\u00f3ricos o est\u00e1n amenazados. Los de esta lista son s\u00f3lo cinco de los \u00e1rboles m\u00e1s singulares en Espa\u00f1a para el 2021. <\/p>\n","protected":false},"author":112,"featured_media":102179,"comment_status":"open","ping_status":"open","sticky":false,"template":"","format":"standard","meta":{"_acf_changed":false,"om_disable_all_campaigns":false,"footnotes":""},"categories":[191],"tags":[3080,3026,301,3081,215,3082],"class_list":["post-35871","post","type-post","status-publish","format-standard","has-post-thumbnail","hentry","category-destinos","tag-alaquas","tag-arbol-del-ano","tag-arboles","tag-la-cala-del-moral","tag-listado","tag-llanos-de-don-juan"],"acf":[],"featured_image_src":"https:\/\/www.escapadarural.com\/blog\/wp-content\/uploads\/2024\/10\/1024px-IPinMG_20201014_235714Pinjehjrhewjeded.jpg","author_info":{"display_name":"Jos\u00e9 Alejandro Adamuz","author_link":"https:\/\/www.escapadarural.com\/blog\/autor\/josealejandro\/"},"yoast_head":"<!-- This site is optimized with the Yoast SEO plugin v27.5 - https:\/\/yoast.com\/product\/yoast-seo-wordpress\/ -->\n<title>Los 5 \u00e1rboles m\u00e1s singulares de Espa\u00f1a del 2021 - EscapadaRural<\/title>\n<meta name=\"robots\" content=\"index, follow, max-snippet:-1, max-image-preview:large, max-video-preview:-1\" \/>\n<link rel=\"canonical\" href=\"https:\/\/www.escapadarural.com\/blog\/los-5-arboles-mas-singulares-de-espana-del-2021\/\" \/>\n<meta property=\"og:locale\" content=\"es_ES\" \/>\n<meta property=\"og:type\" content=\"article\" \/>\n<meta property=\"og:title\" content=\"Los 5 \u00e1rboles m\u00e1s singulares de Espa\u00f1a del 2021 - EscapadaRural\" \/>\n<meta property=\"og:description\" content=\"El concurso \u201c\u00c1rbol del A\u00f1o en Espa\u00f1a\u201d es una forma fabulosa de otorgarles el respeto que se merecen: higueras sagradas, pinos solitarios, algarrobos nobles, encinas milenarias, robles que se salvaron a \u00faltima hora de ser talados, magnolias que llegaron en una maceta\u2026 Algunos son enormes, otros, longevos, o emblem\u00e1ticos, hist\u00f3ricos o est\u00e1n amenazados. Los de esta lista son s\u00f3lo cinco de los \u00e1rboles m\u00e1s singulares en Espa\u00f1a para el 2021.\" \/>\n<meta property=\"og:url\" content=\"https:\/\/www.escapadarural.com\/blog\/los-5-arboles-mas-singulares-de-espana-del-2021\/\" \/>\n<meta property=\"og:site_name\" content=\"Magazine de viajes de EscapadaRural\" \/>\n<meta property=\"article:publisher\" content=\"https:\/\/www.facebook.com\/escapadarural\" \/>\n<meta property=\"article:published_time\" content=\"2021-02-05T08:04:01+00:00\" \/>\n<meta property=\"article:modified_time\" content=\"2025-08-12T08:14:24+00:00\" \/>\n<meta property=\"og:image\" content=\"https:\/\/www.escapadarural.com\/blog\/wp-content\/uploads\/2024\/10\/1024px-IPinMG_20201014_235714Pinjehjrhewjeded.jpg?v=1754986465\" \/>\n\t<meta property=\"og:image:width\" content=\"1024\" \/>\n\t<meta property=\"og:image:height\" content=\"758\" \/>\n\t<meta property=\"og:image:type\" content=\"image\/jpeg\" \/>\n<meta name=\"author\" content=\"Jos\u00e9 Alejandro Adamuz\" \/>\n<meta name=\"twitter:card\" content=\"summary_large_image\" \/>\n<meta name=\"twitter:label1\" content=\"Escrito por\" \/>\n\t<meta name=\"twitter:data1\" content=\"Jos\u00e9 Alejandro Adamuz\" \/>\n\t<meta name=\"twitter:label2\" content=\"Tiempo de lectura\" \/>\n\t<meta name=\"twitter:data2\" content=\"5 minutos\" \/>\n<script type=\"application\/ld+json\" class=\"yoast-schema-graph\">{\"@context\":\"https:\\\/\\\/schema.org\",\"@graph\":[{\"@type\":\"Article\",\"@id\":\"https:\\\/\\\/www.escapadarural.com\\\/blog\\\/los-5-arboles-mas-singulares-de-espana-del-2021\\\/#article\",\"isPartOf\":{\"@id\":\"https:\\\/\\\/www.escapadarural.com\\\/blog\\\/los-5-arboles-mas-singulares-de-espana-del-2021\\\/\"},\"author\":{\"name\":\"Jos\u00e9 Alejandro Adamuz\",\"@id\":\"https:\\\/\\\/www.escapadarural.com\\\/blog\\\/#\\\/schema\\\/person\\\/ac6969ba5ab90987dda9465be409d6b3\"},\"headline\":\"Los 5 \u00e1rboles m\u00e1s singulares de Espa\u00f1a del 2021\",\"datePublished\":\"2021-02-05T08:04:01+00:00\",\"dateModified\":\"2025-08-12T08:14:24+00:00\",\"mainEntityOfPage\":{\"@id\":\"https:\\\/\\\/www.escapadarural.com\\\/blog\\\/los-5-arboles-mas-singulares-de-espana-del-2021\\\/\"},\"wordCount\":1082,\"commentCount\":2,\"publisher\":{\"@id\":\"https:\\\/\\\/www.escapadarural.com\\\/blog\\\/#organization\"},\"image\":{\"@id\":\"https:\\\/\\\/www.escapadarural.com\\\/blog\\\/los-5-arboles-mas-singulares-de-espana-del-2021\\\/#primaryimage\"},\"thumbnailUrl\":\"https:\\\/\\\/www.escapadarural.com\\\/blog\\\/wp-content\\\/uploads\\\/2024\\\/10\\\/1024px-IPinMG_20201014_235714Pinjehjrhewjeded.jpg\",\"keywords\":[\"Alaqu\u00e1s\",\"\u00c1rbol del a\u00f1o\",\"\u00c1rboles\",\"La Cala del Moral\",\"Listado\",\"Llanos de Don Juan\"],\"articleSection\":[\"Destinos\"],\"inLanguage\":\"es\",\"potentialAction\":[{\"@type\":\"CommentAction\",\"name\":\"Comment\",\"target\":[\"https:\\\/\\\/www.escapadarural.com\\\/blog\\\/los-5-arboles-mas-singulares-de-espana-del-2021\\\/#respond\"]}]},{\"@type\":\"WebPage\",\"@id\":\"https:\\\/\\\/www.escapadarural.com\\\/blog\\\/los-5-arboles-mas-singulares-de-espana-del-2021\\\/\",\"url\":\"https:\\\/\\\/www.escapadarural.com\\\/blog\\\/los-5-arboles-mas-singulares-de-espana-del-2021\\\/\",\"name\":\"Los 5 \u00e1rboles m\u00e1s singulares de Espa\u00f1a del 2021 - EscapadaRural\",\"isPartOf\":{\"@id\":\"https:\\\/\\\/www.escapadarural.com\\\/blog\\\/#website\"},\"primaryImageOfPage\":{\"@id\":\"https:\\\/\\\/www.escapadarural.com\\\/blog\\\/los-5-arboles-mas-singulares-de-espana-del-2021\\\/#primaryimage\"},\"image\":{\"@id\":\"https:\\\/\\\/www.escapadarural.com\\\/blog\\\/los-5-arboles-mas-singulares-de-espana-del-2021\\\/#primaryimage\"},\"thumbnailUrl\":\"https:\\\/\\\/www.escapadarural.com\\\/blog\\\/wp-content\\\/uploads\\\/2024\\\/10\\\/1024px-IPinMG_20201014_235714Pinjehjrhewjeded.jpg\",\"datePublished\":\"2021-02-05T08:04:01+00:00\",\"dateModified\":\"2025-08-12T08:14:24+00:00\",\"breadcrumb\":{\"@id\":\"https:\\\/\\\/www.escapadarural.com\\\/blog\\\/los-5-arboles-mas-singulares-de-espana-del-2021\\\/#breadcrumb\"},\"inLanguage\":\"es\",\"potentialAction\":[{\"@type\":\"ReadAction\",\"target\":[\"https:\\\/\\\/www.escapadarural.com\\\/blog\\\/los-5-arboles-mas-singulares-de-espana-del-2021\\\/\"]}]},{\"@type\":\"ImageObject\",\"inLanguage\":\"es\",\"@id\":\"https:\\\/\\\/www.escapadarural.com\\\/blog\\\/los-5-arboles-mas-singulares-de-espana-del-2021\\\/#primaryimage\",\"url\":\"https:\\\/\\\/www.escapadarural.com\\\/blog\\\/wp-content\\\/uploads\\\/2024\\\/10\\\/1024px-IPinMG_20201014_235714Pinjehjrhewjeded.jpg\",\"contentUrl\":\"https:\\\/\\\/www.escapadarural.com\\\/blog\\\/wp-content\\\/uploads\\\/2024\\\/10\\\/1024px-IPinMG_20201014_235714Pinjehjrhewjeded.jpg\",\"width\":1024,\"height\":758,\"caption\":\"Un gran pino inclinado crece desde una jardinera circular en medio de una plaza de la ciudad, rodeada de coches aparcados y edificios de colores bajo un cielo azul despejado.\"},{\"@type\":\"BreadcrumbList\",\"@id\":\"https:\\\/\\\/www.escapadarural.com\\\/blog\\\/los-5-arboles-mas-singulares-de-espana-del-2021\\\/#breadcrumb\",\"itemListElement\":[{\"@type\":\"ListItem\",\"position\":1,\"name\":\"Inicio\",\"item\":\"https:\\\/\\\/www.escapadarural.com\\\/blog\\\/\"},{\"@type\":\"ListItem\",\"position\":2,\"name\":\"Destinos\",\"item\":\"https:\\\/\\\/www.escapadarural.com\\\/blog\\\/categoria\\\/destinos\\\/\"},{\"@type\":\"ListItem\",\"position\":3,\"name\":\"Los 5 \u00e1rboles m\u00e1s singulares de Espa\u00f1a del 2021\"}]},{\"@type\":\"WebSite\",\"@id\":\"https:\\\/\\\/www.escapadarural.com\\\/blog\\\/#website\",\"url\":\"https:\\\/\\\/www.escapadarural.com\\\/blog\\\/\",\"name\":\"Blog de viajes | turismo rural, alojamientos e inspiraci\u00f3n\",\"description\":\"Alojamientos rurales e inspiraci\u00f3n para tus escapadas\",\"publisher\":{\"@id\":\"https:\\\/\\\/www.escapadarural.com\\\/blog\\\/#organization\"},\"alternateName\":\"Magazine de viajes de EscapadaRural\",\"potentialAction\":[{\"@type\":\"SearchAction\",\"target\":{\"@type\":\"EntryPoint\",\"urlTemplate\":\"https:\\\/\\\/www.escapadarural.com\\\/blog\\\/?s={search_term_string}\"},\"query-input\":{\"@type\":\"PropertyValueSpecification\",\"valueRequired\":true,\"valueName\":\"search_term_string\"}}],\"inLanguage\":\"es\"},{\"@type\":\"Organization\",\"@id\":\"https:\\\/\\\/www.escapadarural.com\\\/blog\\\/#organization\",\"name\":\"EscapadaRural\",\"url\":\"https:\\\/\\\/www.escapadarural.com\\\/blog\\\/\",\"logo\":{\"@type\":\"ImageObject\",\"inLanguage\":\"es\",\"@id\":\"https:\\\/\\\/www.escapadarural.com\\\/blog\\\/#\\\/schema\\\/logo\\\/image\\\/\",\"url\":\"https:\\\/\\\/www.escapadarural.com\\\/blog\\\/wp-content\\\/uploads\\\/2024\\\/10\\\/cropped-cropped-escapada-rural-icon-mag-3.png\",\"contentUrl\":\"https:\\\/\\\/www.escapadarural.com\\\/blog\\\/wp-content\\\/uploads\\\/2024\\\/10\\\/cropped-cropped-escapada-rural-icon-mag-3.png\",\"width\":512,\"height\":512,\"caption\":\"EscapadaRural\"},\"image\":{\"@id\":\"https:\\\/\\\/www.escapadarural.com\\\/blog\\\/#\\\/schema\\\/logo\\\/image\\\/\"},\"sameAs\":[\"https:\\\/\\\/www.facebook.com\\\/escapadarural\",\"https:\\\/\\\/www.instagram.com\\\/escapadarural\\\/\",\"https:\\\/\\\/www.youtube.com\\\/@escapadaruralcom\"]},{\"@type\":\"Person\",\"@id\":\"https:\\\/\\\/www.escapadarural.com\\\/blog\\\/#\\\/schema\\\/person\\\/ac6969ba5ab90987dda9465be409d6b3\",\"name\":\"Jos\u00e9 Alejandro Adamuz\",\"image\":{\"@type\":\"ImageObject\",\"inLanguage\":\"es\",\"@id\":\"https:\\\/\\\/www.escapadarural.com\\\/blog\\\/wp-content\\\/uploads\\\/2025\\\/02\\\/cropped-jose_alejandro_viajar-96x96.webp\",\"url\":\"https:\\\/\\\/www.escapadarural.com\\\/blog\\\/wp-content\\\/uploads\\\/2025\\\/02\\\/cropped-jose_alejandro_viajar-96x96.webp\",\"contentUrl\":\"https:\\\/\\\/www.escapadarural.com\\\/blog\\\/wp-content\\\/uploads\\\/2025\\\/02\\\/cropped-jose_alejandro_viajar-96x96.webp\",\"caption\":\"Jos\u00e9 Alejandro Adamuz\"},\"description\":\"Soy licenciado en filolog\u00eda hisp\u00e1nica y periodista por vocaci\u00f3n. Tambi\u00e9n soy disl\u00e9xico, por lo que suelo confundir la derecha con la izquierda y los kil\u00f3metros con la literatura. Pero de momento me va bien as\u00ed. Colaboro habitualmente en diferentes medios haciendo cr\u00f3nica de viajes y periodismo cultural. Me gusta que los viajes cuenten historias y que las historias me hagan viajar.\",\"sameAs\":[\"https:\\\/\\\/viviratodaletra.com\\\/\"],\"url\":\"https:\\\/\\\/www.escapadarural.com\\\/blog\\\/autor\\\/josealejandro\\\/\"}]}<\/script>\n<!-- \/ Yoast SEO plugin. -->","yoast_head_json":{"title":"Los 5 \u00e1rboles m\u00e1s singulares de Espa\u00f1a del 2021 - EscapadaRural","robots":{"index":"index","follow":"follow","max-snippet":"max-snippet:-1","max-image-preview":"max-image-preview:large","max-video-preview":"max-video-preview:-1"},"canonical":"https:\/\/www.escapadarural.com\/blog\/los-5-arboles-mas-singulares-de-espana-del-2021\/","og_locale":"es_ES","og_type":"article","og_title":"Los 5 \u00e1rboles m\u00e1s singulares de Espa\u00f1a del 2021 - EscapadaRural","og_description":"El concurso \u201c\u00c1rbol del A\u00f1o en Espa\u00f1a\u201d es una forma fabulosa de otorgarles el respeto que se merecen: higueras sagradas, pinos solitarios, algarrobos nobles, encinas milenarias, robles que se salvaron a \u00faltima hora de ser talados, magnolias que llegaron en una maceta\u2026 Algunos son enormes, otros, longevos, o emblem\u00e1ticos, hist\u00f3ricos o est\u00e1n amenazados. Los de esta lista son s\u00f3lo cinco de los \u00e1rboles m\u00e1s singulares en Espa\u00f1a para el 2021.","og_url":"https:\/\/www.escapadarural.com\/blog\/los-5-arboles-mas-singulares-de-espana-del-2021\/","og_site_name":"Magazine de viajes de EscapadaRural","article_publisher":"https:\/\/www.facebook.com\/escapadarural","article_published_time":"2021-02-05T08:04:01+00:00","article_modified_time":"2025-08-12T08:14:24+00:00","og_image":[{"width":1024,"height":758,"url":"https:\/\/www.escapadarural.com\/blog\/wp-content\/uploads\/2024\/10\/1024px-IPinMG_20201014_235714Pinjehjrhewjeded.jpg?v=1754986465","type":"image\/jpeg"}],"author":"Jos\u00e9 Alejandro Adamuz","twitter_card":"summary_large_image","twitter_misc":{"Escrito por":"Jos\u00e9 Alejandro Adamuz","Tiempo de lectura":"5 minutos"},"schema":{"@context":"https:\/\/schema.org","@graph":[{"@type":"Article","@id":"https:\/\/www.escapadarural.com\/blog\/los-5-arboles-mas-singulares-de-espana-del-2021\/#article","isPartOf":{"@id":"https:\/\/www.escapadarural.com\/blog\/los-5-arboles-mas-singulares-de-espana-del-2021\/"},"author":{"name":"Jos\u00e9 Alejandro Adamuz","@id":"https:\/\/www.escapadarural.com\/blog\/#\/schema\/person\/ac6969ba5ab90987dda9465be409d6b3"},"headline":"Los 5 \u00e1rboles m\u00e1s singulares de Espa\u00f1a del 2021","datePublished":"2021-02-05T08:04:01+00:00","dateModified":"2025-08-12T08:14:24+00:00","mainEntityOfPage":{"@id":"https:\/\/www.escapadarural.com\/blog\/los-5-arboles-mas-singulares-de-espana-del-2021\/"},"wordCount":1082,"commentCount":2,"publisher":{"@id":"https:\/\/www.escapadarural.com\/blog\/#organization"},"image":{"@id":"https:\/\/www.escapadarural.com\/blog\/los-5-arboles-mas-singulares-de-espana-del-2021\/#primaryimage"},"thumbnailUrl":"https:\/\/www.escapadarural.com\/blog\/wp-content\/uploads\/2024\/10\/1024px-IPinMG_20201014_235714Pinjehjrhewjeded.jpg","keywords":["Alaqu\u00e1s","\u00c1rbol del a\u00f1o","\u00c1rboles","La Cala del Moral","Listado","Llanos de Don Juan"],"articleSection":["Destinos"],"inLanguage":"es","potentialAction":[{"@type":"CommentAction","name":"Comment","target":["https:\/\/www.escapadarural.com\/blog\/los-5-arboles-mas-singulares-de-espana-del-2021\/#respond"]}]},{"@type":"WebPage","@id":"https:\/\/www.escapadarural.com\/blog\/los-5-arboles-mas-singulares-de-espana-del-2021\/","url":"https:\/\/www.escapadarural.com\/blog\/los-5-arboles-mas-singulares-de-espana-del-2021\/","name":"Los 5 \u00e1rboles m\u00e1s singulares de Espa\u00f1a del 2021 - EscapadaRural","isPartOf":{"@id":"https:\/\/www.escapadarural.com\/blog\/#website"},"primaryImageOfPage":{"@id":"https:\/\/www.escapadarural.com\/blog\/los-5-arboles-mas-singulares-de-espana-del-2021\/#primaryimage"},"image":{"@id":"https:\/\/www.escapadarural.com\/blog\/los-5-arboles-mas-singulares-de-espana-del-2021\/#primaryimage"},"thumbnailUrl":"https:\/\/www.escapadarural.com\/blog\/wp-content\/uploads\/2024\/10\/1024px-IPinMG_20201014_235714Pinjehjrhewjeded.jpg","datePublished":"2021-02-05T08:04:01+00:00","dateModified":"2025-08-12T08:14:24+00:00","breadcrumb":{"@id":"https:\/\/www.escapadarural.com\/blog\/los-5-arboles-mas-singulares-de-espana-del-2021\/#breadcrumb"},"inLanguage":"es","potentialAction":[{"@type":"ReadAction","target":["https:\/\/www.escapadarural.com\/blog\/los-5-arboles-mas-singulares-de-espana-del-2021\/"]}]},{"@type":"ImageObject","inLanguage":"es","@id":"https:\/\/www.escapadarural.com\/blog\/los-5-arboles-mas-singulares-de-espana-del-2021\/#primaryimage","url":"https:\/\/www.escapadarural.com\/blog\/wp-content\/uploads\/2024\/10\/1024px-IPinMG_20201014_235714Pinjehjrhewjeded.jpg","contentUrl":"https:\/\/www.escapadarural.com\/blog\/wp-content\/uploads\/2024\/10\/1024px-IPinMG_20201014_235714Pinjehjrhewjeded.jpg","width":1024,"height":758,"caption":"Un gran pino inclinado crece desde una jardinera circular en medio de una plaza de la ciudad, rodeada de coches aparcados y edificios de colores bajo un cielo azul despejado."},{"@type":"BreadcrumbList","@id":"https:\/\/www.escapadarural.com\/blog\/los-5-arboles-mas-singulares-de-espana-del-2021\/#breadcrumb","itemListElement":[{"@type":"ListItem","position":1,"name":"Inicio","item":"https:\/\/www.escapadarural.com\/blog\/"},{"@type":"ListItem","position":2,"name":"Destinos","item":"https:\/\/www.escapadarural.com\/blog\/categoria\/destinos\/"},{"@type":"ListItem","position":3,"name":"Los 5 \u00e1rboles m\u00e1s singulares de Espa\u00f1a del 2021"}]},{"@type":"WebSite","@id":"https:\/\/www.escapadarural.com\/blog\/#website","url":"https:\/\/www.escapadarural.com\/blog\/","name":"Blog de viajes | turismo rural, alojamientos e inspiraci\u00f3n","description":"Alojamientos rurales e inspiraci\u00f3n para tus escapadas","publisher":{"@id":"https:\/\/www.escapadarural.com\/blog\/#organization"},"alternateName":"Magazine de viajes de EscapadaRural","potentialAction":[{"@type":"SearchAction","target":{"@type":"EntryPoint","urlTemplate":"https:\/\/www.escapadarural.com\/blog\/?s={search_term_string}"},"query-input":{"@type":"PropertyValueSpecification","valueRequired":true,"valueName":"search_term_string"}}],"inLanguage":"es"},{"@type":"Organization","@id":"https:\/\/www.escapadarural.com\/blog\/#organization","name":"EscapadaRural","url":"https:\/\/www.escapadarural.com\/blog\/","logo":{"@type":"ImageObject","inLanguage":"es","@id":"https:\/\/www.escapadarural.com\/blog\/#\/schema\/logo\/image\/","url":"https:\/\/www.escapadarural.com\/blog\/wp-content\/uploads\/2024\/10\/cropped-cropped-escapada-rural-icon-mag-3.png","contentUrl":"https:\/\/www.escapadarural.com\/blog\/wp-content\/uploads\/2024\/10\/cropped-cropped-escapada-rural-icon-mag-3.png","width":512,"height":512,"caption":"EscapadaRural"},"image":{"@id":"https:\/\/www.escapadarural.com\/blog\/#\/schema\/logo\/image\/"},"sameAs":["https:\/\/www.facebook.com\/escapadarural","https:\/\/www.instagram.com\/escapadarural\/","https:\/\/www.youtube.com\/@escapadaruralcom"]},{"@type":"Person","@id":"https:\/\/www.escapadarural.com\/blog\/#\/schema\/person\/ac6969ba5ab90987dda9465be409d6b3","name":"Jos\u00e9 Alejandro Adamuz","image":{"@type":"ImageObject","inLanguage":"es","@id":"https:\/\/www.escapadarural.com\/blog\/wp-content\/uploads\/2025\/02\/cropped-jose_alejandro_viajar-96x96.webp","url":"https:\/\/www.escapadarural.com\/blog\/wp-content\/uploads\/2025\/02\/cropped-jose_alejandro_viajar-96x96.webp","contentUrl":"https:\/\/www.escapadarural.com\/blog\/wp-content\/uploads\/2025\/02\/cropped-jose_alejandro_viajar-96x96.webp","caption":"Jos\u00e9 Alejandro Adamuz"},"description":"Soy licenciado en filolog\u00eda hisp\u00e1nica y periodista por vocaci\u00f3n. Tambi\u00e9n soy disl\u00e9xico, por lo que suelo confundir la derecha con la izquierda y los kil\u00f3metros con la literatura. Pero de momento me va bien as\u00ed. Colaboro habitualmente en diferentes medios haciendo cr\u00f3nica de viajes y periodismo cultural. Me gusta que los viajes cuenten historias y que las historias me hagan viajar.","sameAs":["https:\/\/viviratodaletra.com\/"],"url":"https:\/\/www.escapadarural.com\/blog\/autor\/josealejandro\/"}]}},"_links":{"self":[{"href":"https:\/\/www.escapadarural.com\/blog\/wp-json\/wp\/v2\/posts\/35871","targetHints":{"allow":["GET"]}}],"collection":[{"href":"https:\/\/www.escapadarural.com\/blog\/wp-json\/wp\/v2\/posts"}],"about":[{"href":"https:\/\/www.escapadarural.com\/blog\/wp-json\/wp\/v2\/types\/post"}],"author":[{"embeddable":true,"href":"https:\/\/www.escapadarural.com\/blog\/wp-json\/wp\/v2\/users\/112"}],"replies":[{"embeddable":true,"href":"https:\/\/www.escapadarural.com\/blog\/wp-json\/wp\/v2\/comments?post=35871"}],"version-history":[{"count":0,"href":"https:\/\/www.escapadarural.com\/blog\/wp-json\/wp\/v2\/posts\/35871\/revisions"}],"wp:featuredmedia":[{"embeddable":true,"href":"https:\/\/www.escapadarural.com\/blog\/wp-json\/wp\/v2\/media\/102179"}],"wp:attachment":[{"href":"https:\/\/www.escapadarural.com\/blog\/wp-json\/wp\/v2\/media?parent=35871"}],"wp:term":[{"taxonomy":"category","embeddable":true,"href":"https:\/\/www.escapadarural.com\/blog\/wp-json\/wp\/v2\/categories?post=35871"},{"taxonomy":"post_tag","embeddable":true,"href":"https:\/\/www.escapadarural.com\/blog\/wp-json\/wp\/v2\/tags?post=35871"}],"curies":[{"name":"wp","href":"https:\/\/api.w.org\/{rel}","templated":true}]}}