{"id":36197,"date":"2021-01-15T11:35:44","date_gmt":"2021-01-15T10:35:44","guid":{"rendered":"https:\/\/www.escapadarural.com\/blog\/?p=36197"},"modified":"2025-06-06T14:15:58","modified_gmt":"2025-06-06T12:15:58","slug":"senderismo-por-garajonay","status":"publish","type":"post","link":"https:\/\/www.escapadarural.com\/blog\/senderismo-por-garajonay\/","title":{"rendered":"Senderismo por Garajonay: Ruta 2, hacia la Ermita de Lourdes"},"content":{"rendered":"\n<figure class=\"wp-block-image size-large\"><a href=\"https:\/\/www.escapadarural.com\/blog\/wp-content\/uploads\/forest-stairs-in-a-garajonay-national-park-stockpack-adobe-stock-scaled.jpg\"><img decoding=\"async\" src=\"https:\/\/www.escapadarural.com\/blog\/wp-content\/uploads\/forest-stairs-in-a-garajonay-national-park-stockpack-adobe-stock-1024x683.jpg\" alt=\"Garajonay\" class=\"wp-image-36989\"\/><\/a><figcaption>Por Pav-Pro Photography<\/figcaption><\/figure>\n\n\n\n<p>El Parque Nacional de Garajonay es el coraz\u00f3n verde de la Isla Canaria de <strong><a href=\"https:\/\/lagomera.travel\/\" class=\"rank-math-link\" target=\"_blank\">L<\/a><a href=\"\/casas-rurales\/la-gomera\" class=\"rank-math-link\">a Gomera<\/a><\/strong>. Casi 4.000 metros cuadrados de <strong>para\u00edso verde<\/strong> sobre el que hay dise\u00f1ada una muy bien acondicionada <strong>red de senderos interconectados<\/strong> que permite al viajero sumergirse y dejarse envolver por la naturaleza gomera m\u00e1s salvaje.<\/p>\n\n\n\n<p><strong>18 sendas<\/strong> de distinta duraci\u00f3n, tipolog\u00eda y dificultad que ofrecen la posibilidad de conocer en detalle el amplio abanico de escenarios y especies arb\u00f3reas y bot\u00e1nicas que conviven en el espacio protegido, m\u00e1xime si se hace uso de las <strong>audio gu\u00edas gratuitas<\/strong> que hay disponibles. Un consejo: En determinadas zonas del parque no hay buena se\u00f1al de Internet por lo que es recomendable descargarse los audios previamente para poder reproducirlos de manera <em>offline<\/em> durante el recorrido.<\/p>\n\n\n\n<figure class=\"wp-block-image size-large\"><a href=\"https:\/\/www.escapadarural.com\/blog\/wp-content\/uploads\/2021\/01\/IMG_4913.jpg\"><img decoding=\"async\" src=\"https:\/\/www.escapadarural.com\/blog\/wp-content\/uploads\/2021\/01\/IMG_4913-768x1024.jpg\" alt=\"Ruta 2 del Parque Nacional de Garajonay\" class=\"wp-image-36202\"\/><\/a><figcaption>Por El\u00edsabet Garc\u00eda<\/figcaption><\/figure>\n\n\n\n<p>Si bien cada uno de estos caminos exhibe su particular belleza, el <strong>n\u00famero 2<\/strong>, de dificultad baja, recorrido lineal, un desnivel de apenas 43 metros y una longitud de 1.8 -ida y vuelta- que se completa en 40 minutos, es <strong>el m\u00e1s bello de todos<\/strong>.<\/p>\n\n\n\n<figure class=\"wp-block-image size-large\"><a href=\"https:\/\/www.escapadarural.com\/blog\/wp-content\/uploads\/2021\/01\/IMG_4911.jpg\"><img decoding=\"async\" src=\"https:\/\/www.escapadarural.com\/blog\/wp-content\/uploads\/2021\/01\/IMG_4911-1024x768.jpg\" alt=\"Ruta 2 del Parque Nacional de Garajonay\" class=\"wp-image-36201\"\/><\/a><figcaption>Por El\u00edsabet Garc\u00eda<\/figcaption><\/figure>\n\n\n\n<p>Aunque hay varias formas de comenzarlo, pues conecta con los senderos 8, 9 y 18, la mejor opci\u00f3n es iniciarlo en su <strong>intersecci\u00f3n con la ruta 8<\/strong>. A partir de ese punto, el senderista se convierte en el protagonista de un cuento de hadas que camina por un <strong>frondoso bosque de laurisilva maduro<\/strong>, con ejemplares de gran envergadura, en el que apenas se aprecia la huella del ser humano.<\/p>\n\n\n\n<figure class=\"wp-block-image size-large\"><a href=\"https:\/\/www.escapadarural.com\/blog\/wp-content\/uploads\/2021\/01\/IMG_4926.jpg\"><img decoding=\"async\" src=\"https:\/\/www.escapadarural.com\/blog\/wp-content\/uploads\/2021\/01\/IMG_4926-1024x768.jpg\" alt=\"Ruta 2 del Parque Nacional de Garajonay\" class=\"wp-image-36204\"\/><\/a><figcaption>Por El\u00edsabet Garc\u00eda<\/figcaption><\/figure>\n\n\n\n<p>Esta zona del Parque Nacional es la que mejor ha sabido beneficiarse de la declaraci\u00f3n de espacio protegido pues, seg\u00fan los expertos, <strong>es como si el bosque hubiera vuelto a su estado natural y salvaje<\/strong>, a un estado similar a como se lo encontraron los primeros colonos de la isla.<\/p>\n\n\n\n<figure class=\"wp-block-image size-large\"><a href=\"https:\/\/www.escapadarural.com\/blog\/wp-content\/uploads\/2021\/01\/IMG_4928.jpg\"><img decoding=\"async\" src=\"https:\/\/www.escapadarural.com\/blog\/wp-content\/uploads\/2021\/01\/IMG_4928-768x1024.jpg\" alt=\"Ruta 2 del Parque Nacional de Garajonay\" class=\"wp-image-36205\"\/><\/a><figcaption>Por El\u00edsabet Garc\u00eda<\/figcaption><\/figure>\n\n\n\n<p>Tal es la belleza y tan bien representa los <strong>valores naturales de Garajonay<\/strong> que es la ruta elegida para ense\u00f1ar el parque a las distintas autoridades que visitan la isla; de ah\u00ed que se la conozca con el sobrenombre de \u201cRuta de los pol\u00edticos\u201d.<\/p>\n\n\n\n<figure class=\"wp-block-image size-large\"><a href=\"https:\/\/www.escapadarural.com\/blog\/wp-content\/uploads\/2021\/01\/IMG_4917.jpg\"><img decoding=\"async\" src=\"https:\/\/www.escapadarural.com\/blog\/wp-content\/uploads\/2021\/01\/IMG_4917-768x1024.jpg\" alt=\"Ruta 2 del Parque Nacional de Garajonay\" class=\"wp-image-36203\"\/><\/a><figcaption>Por El\u00edsabet Garc\u00eda<\/figcaption><\/figure>\n\n\n\n<p>Los troncos vestidos de musgo y l\u00edquenes se retuercen de mil formas en todas las direcciones y el suelo, especialmente en oto\u00f1o, est\u00e1 completamente tapizado por un manto ocre, dando lugar a escenas de aut\u00e9ntica postal.<\/p>\n\n\n\n<figure class=\"wp-block-image size-large\"><a href=\"https:\/\/www.escapadarural.com\/blog\/wp-content\/uploads\/2021\/01\/44194912.jpg\"><img decoding=\"async\" src=\"https:\/\/www.escapadarural.com\/blog\/wp-content\/uploads\/2021\/01\/44194912-1024x768.jpg\" alt=\"Ruta 2 del Parque Nacional de Garajonay\" class=\"wp-image-36200\"\/><\/a><figcaption>Por El\u00edsabet Garc\u00eda<\/figcaption><\/figure>\n\n\n\n<figure class=\"wp-block-image size-large\"><a href=\"https:\/\/www.escapadarural.com\/blog\/wp-content\/uploads\/2021\/01\/IMG_4933.jpg\"><img decoding=\"async\" src=\"https:\/\/www.escapadarural.com\/blog\/wp-content\/uploads\/2021\/01\/IMG_4933-768x1024.jpg\" alt=\"Ruta 2 del Parque Nacional de Garajonay\" class=\"wp-image-36206\"\/><\/a><figcaption>Por El\u00edsabet Garc\u00eda<\/figcaption><\/figure>\n\n\n\n<p>Una de las paradas m\u00e1s significativas y reconfortante es la que se realiza frente al<strong> \u00abPadre del Bosque\u00bb<\/strong>, el lugar donde, hasta hace pocos a\u00f1os, se alzaba el laurel m\u00e1s longevo de todo el bosque y de cuyas semillas han nacido buena parte de los \u00e1rboles que vemos hoy d\u00eda. El gran hueco que ha dejado su tronco permite hacerse una ligera idea de sus dimensiones. Y, junto a \u00e9l, varios tocones creciendo con fuerza.<\/p>\n\n\n\n<figure class=\"wp-block-image size-large\"><a href=\"https:\/\/www.escapadarural.com\/blog\/wp-content\/uploads\/2021\/01\/IMG_4944.jpg\"><img decoding=\"async\" src=\"https:\/\/www.escapadarural.com\/blog\/wp-content\/uploads\/2021\/01\/IMG_4944-768x1024.jpg\" alt=\"Ruta 2 del Parque Nacional de Garajonay\" class=\"wp-image-36207\"\/><\/a><figcaption>Por El\u00edsabet Garc\u00eda<\/figcaption><\/figure>\n\n\n\n<p>Esta maravilla de ruta culmina en la popular <strong>Ermita de Lourdes<\/strong>, un peque\u00f1o y coqueto templo religioso levantado junto al Riachuelo del Cedro, el de mayor caudal del parque. En esta zona, adem\u00e1s, hay una placita, un peque\u00f1o chorro de agua potable y unas mesas donde es bastante habitual hacer un alto en el camino para tomar un tentempi\u00e9. Como curiosidad, la ermita se construy\u00f3 en 1935 por orden de <em>Florence Stephan Parry<\/em>, una institutriz inglesa que fue a trabajar a La Gomera y que, tras su jubilaci\u00f3n, logr\u00f3 cumplir su sue\u00f1o.<\/p>\n\n\n\n<figure class=\"wp-block-image size-large\"><a href=\"https:\/\/www.escapadarural.com\/blog\/wp-content\/uploads\/2021\/01\/IMG_4956.jpg\"><img decoding=\"async\" src=\"https:\/\/www.escapadarural.com\/blog\/wp-content\/uploads\/2021\/01\/IMG_4956-1024x768.jpg\" alt=\"Ruta 2 del Parque Nacional de Garajonay\" class=\"wp-image-36208\"\/><\/a><figcaption>Por El\u00edsabet Garc\u00eda<\/figcaption><\/figure>\n\n\n\n<p>Una vez aqu\u00ed, se puede optar por deshacer el camino y continuar la ruta 8 o enlazar con la 9 o la 18 en busca de m\u00e1s rincones m\u00e1gicos de Garajonay.<\/p>\n\n\n\n<div class=\"wp-block-buttons is-layout-flex wp-block-buttons-is-layout-flex\">\n<div class=\"wp-block-button\"><a class=\"wp-block-button__link\" href=\"https:\/\/www.escapadarural.com\/casas-rurales\/la-gomera\">Casas rurales en La Gomera<\/a><\/div>\n<\/div>\n","protected":false},"excerpt":{"rendered":"<p>El Parque Nacional de Garajonay es el coraz\u00f3n verde de  [&#8230;]<\/p>\n","protected":false},"author":109,"featured_media":193595,"comment_status":"open","ping_status":"open","sticky":false,"template":"","format":"standard","meta":{"_acf_changed":false,"om_disable_all_campaigns":false,"footnotes":""},"categories":[1379],"tags":[2154,307,636],"class_list":["post-36197","post","type-post","status-publish","format-standard","has-post-thumbnail","hentry","category-rutas-y-excursiones","tag-espacios-naturales","tag-que-ver-en-islas-canarias","tag-la-gomera"],"acf":[],"featured_image_src":"https:\/\/www.escapadarural.com\/blog\/wp-content\/uploads\/2023\/12\/AdobeStock_233742185_WP_02.webp","author_info":{"display_name":"El\u00edsabet Garc\u00eda","author_link":"https:\/\/www.escapadarural.com\/blog\/autor\/lagranescapada\/"},"yoast_head":"<!-- This site is optimized with the Yoast SEO plugin v27.5 - https:\/\/yoast.com\/product\/yoast-seo-wordpress\/ -->\n<title>Senderismo por Garajonay: Ruta 2, hacia la Ermita de Lourdes - EscapadaRural<\/title>\n<meta name=\"robots\" content=\"index, follow, max-snippet:-1, max-image-preview:large, max-video-preview:-1\" \/>\n<link rel=\"canonical\" href=\"https:\/\/www.escapadarural.com\/blog\/senderismo-por-garajonay\/\" \/>\n<meta property=\"og:locale\" content=\"es_ES\" \/>\n<meta property=\"og:type\" content=\"article\" \/>\n<meta property=\"og:title\" content=\"Senderismo por Garajonay: Ruta 2, hacia la Ermita de Lourdes - EscapadaRural\" \/>\n<meta property=\"og:description\" content=\"El Parque Nacional de Garajonay es el coraz\u00f3n verde de [...]\" \/>\n<meta property=\"og:url\" content=\"https:\/\/www.escapadarural.com\/blog\/senderismo-por-garajonay\/\" \/>\n<meta property=\"og:site_name\" content=\"Magazine de viajes de EscapadaRural\" \/>\n<meta property=\"article:publisher\" content=\"https:\/\/www.facebook.com\/escapadarural\" \/>\n<meta property=\"article:published_time\" content=\"2021-01-15T10:35:44+00:00\" \/>\n<meta property=\"article:modified_time\" content=\"2025-06-06T12:15:58+00:00\" \/>\n<meta property=\"og:image\" content=\"https:\/\/www.escapadarural.com\/blog\/wp-content\/uploads\/2023\/12\/AdobeStock_233742185_WP_02.webp\" \/>\n\t<meta property=\"og:image:width\" content=\"1024\" \/>\n\t<meta property=\"og:image:height\" content=\"683\" \/>\n\t<meta property=\"og:image:type\" content=\"image\/webp\" \/>\n<meta name=\"author\" content=\"El\u00edsabet Garc\u00eda\" \/>\n<meta name=\"twitter:card\" content=\"summary_large_image\" \/>\n<meta name=\"twitter:label1\" content=\"Escrito por\" \/>\n\t<meta name=\"twitter:data1\" content=\"El\u00edsabet Garc\u00eda\" \/>\n\t<meta name=\"twitter:label2\" content=\"Tiempo de lectura\" \/>\n\t<meta name=\"twitter:data2\" content=\"3 minutos\" \/>\n<script type=\"application\/ld+json\" class=\"yoast-schema-graph\">{\"@context\":\"https:\\\/\\\/schema.org\",\"@graph\":[{\"@type\":\"Article\",\"@id\":\"https:\\\/\\\/www.escapadarural.com\\\/blog\\\/senderismo-por-garajonay\\\/#article\",\"isPartOf\":{\"@id\":\"https:\\\/\\\/www.escapadarural.com\\\/blog\\\/senderismo-por-garajonay\\\/\"},\"author\":{\"name\":\"El\u00edsabet Garc\u00eda\",\"@id\":\"https:\\\/\\\/www.escapadarural.com\\\/blog\\\/#\\\/schema\\\/person\\\/2cac652e2d16373a24890ffaa220140f\"},\"headline\":\"Senderismo por Garajonay: Ruta 2, hacia la Ermita de Lourdes\",\"datePublished\":\"2021-01-15T10:35:44+00:00\",\"dateModified\":\"2025-06-06T12:15:58+00:00\",\"mainEntityOfPage\":{\"@id\":\"https:\\\/\\\/www.escapadarural.com\\\/blog\\\/senderismo-por-garajonay\\\/\"},\"wordCount\":650,\"commentCount\":0,\"publisher\":{\"@id\":\"https:\\\/\\\/www.escapadarural.com\\\/blog\\\/#organization\"},\"image\":{\"@id\":\"https:\\\/\\\/www.escapadarural.com\\\/blog\\\/senderismo-por-garajonay\\\/#primaryimage\"},\"thumbnailUrl\":\"https:\\\/\\\/www.escapadarural.com\\\/blog\\\/wp-content\\\/uploads\\\/2023\\\/12\\\/AdobeStock_233742185_WP_02.webp\",\"keywords\":[\"Espacios naturales\",\"Islas Canarias\",\"La Gomera\"],\"articleSection\":[\"Rutas y excursiones\"],\"inLanguage\":\"es\",\"potentialAction\":[{\"@type\":\"CommentAction\",\"name\":\"Comment\",\"target\":[\"https:\\\/\\\/www.escapadarural.com\\\/blog\\\/senderismo-por-garajonay\\\/#respond\"]}]},{\"@type\":\"WebPage\",\"@id\":\"https:\\\/\\\/www.escapadarural.com\\\/blog\\\/senderismo-por-garajonay\\\/\",\"url\":\"https:\\\/\\\/www.escapadarural.com\\\/blog\\\/senderismo-por-garajonay\\\/\",\"name\":\"Senderismo por Garajonay: Ruta 2, hacia la Ermita de Lourdes - EscapadaRural\",\"isPartOf\":{\"@id\":\"https:\\\/\\\/www.escapadarural.com\\\/blog\\\/#website\"},\"primaryImageOfPage\":{\"@id\":\"https:\\\/\\\/www.escapadarural.com\\\/blog\\\/senderismo-por-garajonay\\\/#primaryimage\"},\"image\":{\"@id\":\"https:\\\/\\\/www.escapadarural.com\\\/blog\\\/senderismo-por-garajonay\\\/#primaryimage\"},\"thumbnailUrl\":\"https:\\\/\\\/www.escapadarural.com\\\/blog\\\/wp-content\\\/uploads\\\/2023\\\/12\\\/AdobeStock_233742185_WP_02.webp\",\"datePublished\":\"2021-01-15T10:35:44+00:00\",\"dateModified\":\"2025-06-06T12:15:58+00:00\",\"breadcrumb\":{\"@id\":\"https:\\\/\\\/www.escapadarural.com\\\/blog\\\/senderismo-por-garajonay\\\/#breadcrumb\"},\"inLanguage\":\"es\",\"potentialAction\":[{\"@type\":\"ReadAction\",\"target\":[\"https:\\\/\\\/www.escapadarural.com\\\/blog\\\/senderismo-por-garajonay\\\/\"]}]},{\"@type\":\"ImageObject\",\"inLanguage\":\"es\",\"@id\":\"https:\\\/\\\/www.escapadarural.com\\\/blog\\\/senderismo-por-garajonay\\\/#primaryimage\",\"url\":\"https:\\\/\\\/www.escapadarural.com\\\/blog\\\/wp-content\\\/uploads\\\/2023\\\/12\\\/AdobeStock_233742185_WP_02.webp\",\"contentUrl\":\"https:\\\/\\\/www.escapadarural.com\\\/blog\\\/wp-content\\\/uploads\\\/2023\\\/12\\\/AdobeStock_233742185_WP_02.webp\",\"width\":1024,\"height\":683,\"caption\":\"Monta\u00f1as de Anaga, Tenerife. Por cegli\"},{\"@type\":\"BreadcrumbList\",\"@id\":\"https:\\\/\\\/www.escapadarural.com\\\/blog\\\/senderismo-por-garajonay\\\/#breadcrumb\",\"itemListElement\":[{\"@type\":\"ListItem\",\"position\":1,\"name\":\"Inicio\",\"item\":\"https:\\\/\\\/www.escapadarural.com\\\/blog\\\/\"},{\"@type\":\"ListItem\",\"position\":2,\"name\":\"Rutas y excursiones\",\"item\":\"https:\\\/\\\/www.escapadarural.com\\\/blog\\\/categoria\\\/rutas-y-excursiones\\\/\"},{\"@type\":\"ListItem\",\"position\":3,\"name\":\"Senderismo por Garajonay: Ruta 2, hacia la Ermita de Lourdes\"}]},{\"@type\":\"WebSite\",\"@id\":\"https:\\\/\\\/www.escapadarural.com\\\/blog\\\/#website\",\"url\":\"https:\\\/\\\/www.escapadarural.com\\\/blog\\\/\",\"name\":\"Blog de viajes | turismo rural, alojamientos e inspiraci\u00f3n\",\"description\":\"Alojamientos rurales e inspiraci\u00f3n para tus escapadas\",\"publisher\":{\"@id\":\"https:\\\/\\\/www.escapadarural.com\\\/blog\\\/#organization\"},\"alternateName\":\"Magazine de viajes de EscapadaRural\",\"potentialAction\":[{\"@type\":\"SearchAction\",\"target\":{\"@type\":\"EntryPoint\",\"urlTemplate\":\"https:\\\/\\\/www.escapadarural.com\\\/blog\\\/?s={search_term_string}\"},\"query-input\":{\"@type\":\"PropertyValueSpecification\",\"valueRequired\":true,\"valueName\":\"search_term_string\"}}],\"inLanguage\":\"es\"},{\"@type\":\"Organization\",\"@id\":\"https:\\\/\\\/www.escapadarural.com\\\/blog\\\/#organization\",\"name\":\"EscapadaRural\",\"url\":\"https:\\\/\\\/www.escapadarural.com\\\/blog\\\/\",\"logo\":{\"@type\":\"ImageObject\",\"inLanguage\":\"es\",\"@id\":\"https:\\\/\\\/www.escapadarural.com\\\/blog\\\/#\\\/schema\\\/logo\\\/image\\\/\",\"url\":\"https:\\\/\\\/www.escapadarural.com\\\/blog\\\/wp-content\\\/uploads\\\/2024\\\/10\\\/cropped-cropped-escapada-rural-icon-mag-3.png\",\"contentUrl\":\"https:\\\/\\\/www.escapadarural.com\\\/blog\\\/wp-content\\\/uploads\\\/2024\\\/10\\\/cropped-cropped-escapada-rural-icon-mag-3.png\",\"width\":512,\"height\":512,\"caption\":\"EscapadaRural\"},\"image\":{\"@id\":\"https:\\\/\\\/www.escapadarural.com\\\/blog\\\/#\\\/schema\\\/logo\\\/image\\\/\"},\"sameAs\":[\"https:\\\/\\\/www.facebook.com\\\/escapadarural\",\"https:\\\/\\\/www.instagram.com\\\/escapadarural\\\/\",\"https:\\\/\\\/www.youtube.com\\\/@escapadaruralcom\"]},{\"@type\":\"Person\",\"@id\":\"https:\\\/\\\/www.escapadarural.com\\\/blog\\\/#\\\/schema\\\/person\\\/2cac652e2d16373a24890ffaa220140f\",\"name\":\"El\u00edsabet Garc\u00eda\",\"image\":{\"@type\":\"ImageObject\",\"inLanguage\":\"es\",\"@id\":\"https:\\\/\\\/www.escapadarural.com\\\/blog\\\/wp-content\\\/uploads\\\/2025\\\/02\\\/elisabet_gran_escapada.webp\",\"url\":\"https:\\\/\\\/www.escapadarural.com\\\/blog\\\/wp-content\\\/uploads\\\/2025\\\/02\\\/elisabet_gran_escapada.webp\",\"contentUrl\":\"https:\\\/\\\/www.escapadarural.com\\\/blog\\\/wp-content\\\/uploads\\\/2025\\\/02\\\/elisabet_gran_escapada.webp\",\"caption\":\"El\u00edsabet Garc\u00eda\"},\"description\":\"Hola a todos! Soy El\u00edsabet Garc\u00eda, Consultora Inform\u00e1tica y, desde hace 7 a\u00f1os, blogger de viajes. Me apasiona viajar, conocer lugares inh\u00f3spitos, experimentar aventuras, perderme por la naturaleza y saborear la gastronom\u00eda local de cada lugar. Coeditora del blog lagranescapada.com junto a Mar Gonz\u00e1lez, un lugar que creamos para compartir cada nueva escapada que hacemos por el mundo.\",\"sameAs\":[\"https:\\\/\\\/lagranescapada.com\\\/\"],\"url\":\"https:\\\/\\\/www.escapadarural.com\\\/blog\\\/autor\\\/lagranescapada\\\/\"}]}<\/script>\n<!-- \/ Yoast SEO plugin. -->","yoast_head_json":{"title":"Senderismo por Garajonay: Ruta 2, hacia la Ermita de Lourdes - EscapadaRural","robots":{"index":"index","follow":"follow","max-snippet":"max-snippet:-1","max-image-preview":"max-image-preview:large","max-video-preview":"max-video-preview:-1"},"canonical":"https:\/\/www.escapadarural.com\/blog\/senderismo-por-garajonay\/","og_locale":"es_ES","og_type":"article","og_title":"Senderismo por Garajonay: Ruta 2, hacia la Ermita de Lourdes - EscapadaRural","og_description":"El Parque Nacional de Garajonay es el coraz\u00f3n verde de [...]","og_url":"https:\/\/www.escapadarural.com\/blog\/senderismo-por-garajonay\/","og_site_name":"Magazine de viajes de EscapadaRural","article_publisher":"https:\/\/www.facebook.com\/escapadarural","article_published_time":"2021-01-15T10:35:44+00:00","article_modified_time":"2025-06-06T12:15:58+00:00","og_image":[{"width":1024,"height":683,"url":"https:\/\/www.escapadarural.com\/blog\/wp-content\/uploads\/2023\/12\/AdobeStock_233742185_WP_02.webp","type":"image\/webp"}],"author":"El\u00edsabet Garc\u00eda","twitter_card":"summary_large_image","twitter_misc":{"Escrito por":"El\u00edsabet Garc\u00eda","Tiempo de lectura":"3 minutos"},"schema":{"@context":"https:\/\/schema.org","@graph":[{"@type":"Article","@id":"https:\/\/www.escapadarural.com\/blog\/senderismo-por-garajonay\/#article","isPartOf":{"@id":"https:\/\/www.escapadarural.com\/blog\/senderismo-por-garajonay\/"},"author":{"name":"El\u00edsabet Garc\u00eda","@id":"https:\/\/www.escapadarural.com\/blog\/#\/schema\/person\/2cac652e2d16373a24890ffaa220140f"},"headline":"Senderismo por Garajonay: Ruta 2, hacia la Ermita de Lourdes","datePublished":"2021-01-15T10:35:44+00:00","dateModified":"2025-06-06T12:15:58+00:00","mainEntityOfPage":{"@id":"https:\/\/www.escapadarural.com\/blog\/senderismo-por-garajonay\/"},"wordCount":650,"commentCount":0,"publisher":{"@id":"https:\/\/www.escapadarural.com\/blog\/#organization"},"image":{"@id":"https:\/\/www.escapadarural.com\/blog\/senderismo-por-garajonay\/#primaryimage"},"thumbnailUrl":"https:\/\/www.escapadarural.com\/blog\/wp-content\/uploads\/2023\/12\/AdobeStock_233742185_WP_02.webp","keywords":["Espacios naturales","Islas Canarias","La Gomera"],"articleSection":["Rutas y excursiones"],"inLanguage":"es","potentialAction":[{"@type":"CommentAction","name":"Comment","target":["https:\/\/www.escapadarural.com\/blog\/senderismo-por-garajonay\/#respond"]}]},{"@type":"WebPage","@id":"https:\/\/www.escapadarural.com\/blog\/senderismo-por-garajonay\/","url":"https:\/\/www.escapadarural.com\/blog\/senderismo-por-garajonay\/","name":"Senderismo por Garajonay: Ruta 2, hacia la Ermita de Lourdes - EscapadaRural","isPartOf":{"@id":"https:\/\/www.escapadarural.com\/blog\/#website"},"primaryImageOfPage":{"@id":"https:\/\/www.escapadarural.com\/blog\/senderismo-por-garajonay\/#primaryimage"},"image":{"@id":"https:\/\/www.escapadarural.com\/blog\/senderismo-por-garajonay\/#primaryimage"},"thumbnailUrl":"https:\/\/www.escapadarural.com\/blog\/wp-content\/uploads\/2023\/12\/AdobeStock_233742185_WP_02.webp","datePublished":"2021-01-15T10:35:44+00:00","dateModified":"2025-06-06T12:15:58+00:00","breadcrumb":{"@id":"https:\/\/www.escapadarural.com\/blog\/senderismo-por-garajonay\/#breadcrumb"},"inLanguage":"es","potentialAction":[{"@type":"ReadAction","target":["https:\/\/www.escapadarural.com\/blog\/senderismo-por-garajonay\/"]}]},{"@type":"ImageObject","inLanguage":"es","@id":"https:\/\/www.escapadarural.com\/blog\/senderismo-por-garajonay\/#primaryimage","url":"https:\/\/www.escapadarural.com\/blog\/wp-content\/uploads\/2023\/12\/AdobeStock_233742185_WP_02.webp","contentUrl":"https:\/\/www.escapadarural.com\/blog\/wp-content\/uploads\/2023\/12\/AdobeStock_233742185_WP_02.webp","width":1024,"height":683,"caption":"Monta\u00f1as de Anaga, Tenerife. Por cegli"},{"@type":"BreadcrumbList","@id":"https:\/\/www.escapadarural.com\/blog\/senderismo-por-garajonay\/#breadcrumb","itemListElement":[{"@type":"ListItem","position":1,"name":"Inicio","item":"https:\/\/www.escapadarural.com\/blog\/"},{"@type":"ListItem","position":2,"name":"Rutas y excursiones","item":"https:\/\/www.escapadarural.com\/blog\/categoria\/rutas-y-excursiones\/"},{"@type":"ListItem","position":3,"name":"Senderismo por Garajonay: Ruta 2, hacia la Ermita de Lourdes"}]},{"@type":"WebSite","@id":"https:\/\/www.escapadarural.com\/blog\/#website","url":"https:\/\/www.escapadarural.com\/blog\/","name":"Blog de viajes | turismo rural, alojamientos e inspiraci\u00f3n","description":"Alojamientos rurales e inspiraci\u00f3n para tus escapadas","publisher":{"@id":"https:\/\/www.escapadarural.com\/blog\/#organization"},"alternateName":"Magazine de viajes de EscapadaRural","potentialAction":[{"@type":"SearchAction","target":{"@type":"EntryPoint","urlTemplate":"https:\/\/www.escapadarural.com\/blog\/?s={search_term_string}"},"query-input":{"@type":"PropertyValueSpecification","valueRequired":true,"valueName":"search_term_string"}}],"inLanguage":"es"},{"@type":"Organization","@id":"https:\/\/www.escapadarural.com\/blog\/#organization","name":"EscapadaRural","url":"https:\/\/www.escapadarural.com\/blog\/","logo":{"@type":"ImageObject","inLanguage":"es","@id":"https:\/\/www.escapadarural.com\/blog\/#\/schema\/logo\/image\/","url":"https:\/\/www.escapadarural.com\/blog\/wp-content\/uploads\/2024\/10\/cropped-cropped-escapada-rural-icon-mag-3.png","contentUrl":"https:\/\/www.escapadarural.com\/blog\/wp-content\/uploads\/2024\/10\/cropped-cropped-escapada-rural-icon-mag-3.png","width":512,"height":512,"caption":"EscapadaRural"},"image":{"@id":"https:\/\/www.escapadarural.com\/blog\/#\/schema\/logo\/image\/"},"sameAs":["https:\/\/www.facebook.com\/escapadarural","https:\/\/www.instagram.com\/escapadarural\/","https:\/\/www.youtube.com\/@escapadaruralcom"]},{"@type":"Person","@id":"https:\/\/www.escapadarural.com\/blog\/#\/schema\/person\/2cac652e2d16373a24890ffaa220140f","name":"El\u00edsabet Garc\u00eda","image":{"@type":"ImageObject","inLanguage":"es","@id":"https:\/\/www.escapadarural.com\/blog\/wp-content\/uploads\/2025\/02\/elisabet_gran_escapada.webp","url":"https:\/\/www.escapadarural.com\/blog\/wp-content\/uploads\/2025\/02\/elisabet_gran_escapada.webp","contentUrl":"https:\/\/www.escapadarural.com\/blog\/wp-content\/uploads\/2025\/02\/elisabet_gran_escapada.webp","caption":"El\u00edsabet Garc\u00eda"},"description":"Hola a todos! Soy El\u00edsabet Garc\u00eda, Consultora Inform\u00e1tica y, desde hace 7 a\u00f1os, blogger de viajes. Me apasiona viajar, conocer lugares inh\u00f3spitos, experimentar aventuras, perderme por la naturaleza y saborear la gastronom\u00eda local de cada lugar. Coeditora del blog lagranescapada.com junto a Mar Gonz\u00e1lez, un lugar que creamos para compartir cada nueva escapada que hacemos por el mundo.","sameAs":["https:\/\/lagranescapada.com\/"],"url":"https:\/\/www.escapadarural.com\/blog\/autor\/lagranescapada\/"}]}},"_links":{"self":[{"href":"https:\/\/www.escapadarural.com\/blog\/wp-json\/wp\/v2\/posts\/36197","targetHints":{"allow":["GET"]}}],"collection":[{"href":"https:\/\/www.escapadarural.com\/blog\/wp-json\/wp\/v2\/posts"}],"about":[{"href":"https:\/\/www.escapadarural.com\/blog\/wp-json\/wp\/v2\/types\/post"}],"author":[{"embeddable":true,"href":"https:\/\/www.escapadarural.com\/blog\/wp-json\/wp\/v2\/users\/109"}],"replies":[{"embeddable":true,"href":"https:\/\/www.escapadarural.com\/blog\/wp-json\/wp\/v2\/comments?post=36197"}],"version-history":[{"count":0,"href":"https:\/\/www.escapadarural.com\/blog\/wp-json\/wp\/v2\/posts\/36197\/revisions"}],"wp:featuredmedia":[{"embeddable":true,"href":"https:\/\/www.escapadarural.com\/blog\/wp-json\/wp\/v2\/media\/193595"}],"wp:attachment":[{"href":"https:\/\/www.escapadarural.com\/blog\/wp-json\/wp\/v2\/media?parent=36197"}],"wp:term":[{"taxonomy":"category","embeddable":true,"href":"https:\/\/www.escapadarural.com\/blog\/wp-json\/wp\/v2\/categories?post=36197"},{"taxonomy":"post_tag","embeddable":true,"href":"https:\/\/www.escapadarural.com\/blog\/wp-json\/wp\/v2\/tags?post=36197"}],"curies":[{"name":"wp","href":"https:\/\/api.w.org\/{rel}","templated":true}]}}