{"id":36647,"date":"2021-01-21T09:45:09","date_gmt":"2021-01-21T08:45:09","guid":{"rendered":"https:\/\/www.escapadarural.com\/blog\/?p=36647"},"modified":"2024-12-23T19:40:18","modified_gmt":"2024-12-23T17:40:18","slug":"san-pedro-cultural-astronomia-palencia","status":"publish","type":"post","link":"https:\/\/www.escapadarural.com\/blog\/san-pedro-cultural-astronomia-palencia\/","title":{"rendered":"San Pedro Cultural, de iglesia rom\u00e1nica a templo de la astronom\u00eda"},"content":{"rendered":"\n<figure class=\"wp-block-image size-large\"><a href=\"https:\/\/www.escapadarural.com\/blog\/wp-content\/uploads\/2021\/01\/Plano-general-1-scaled.jpg\"><img decoding=\"async\" src=\"https:\/\/www.escapadarural.com\/blog\/wp-content\/uploads\/2021\/01\/Plano-general-1-1024x681.jpg\" alt=\"San Pedro Cultural\" class=\"wp-image-36686\"\/><\/a><figcaption>Por San Pedro Cultural<\/figcaption><\/figure>\n\n\n\n<p>En San Pedro Cultural la noche estrellada es eterna. Y no es una noche cualquiera, sino la del 29 de junio, festividad, precisamente, de un San Pedro que dio nombre desde el siglo XII a esta iglesia en <a href=\"https:\/\/www.escapadarural.com\/casas-rurales\/becerril-de-campos\" class=\"rank-math-link\">Becerril de Campos<\/a> (<a href=\"https:\/\/www.escapadarural.com\/casas-rurales\/palencia\" class=\"rank-math-link\">Palencia<\/a>). Sus ocho siglos de vida, sin embargo, cayeron en desuso hasta convertirse en poco m\u00e1s que ruinas, condenado, como tantos otros edificios religiosos, al abandono. En 2010 unos arquitectos palentinos decidieron recuperar su antiguo esplendor convirtiendo sus restos rom\u00e1nicos en un centro cultural: un templo de astronom\u00eda, abierto al firmamento y al universo. <\/p>\n\n\n\n<p>\u201cEran unas ruinas muy bonitas\u201d, nos dice \u00c1lvaro Guti\u00e9rrez, uno de los arquitectos responsables de que, junto a Juan y Carlos del Olmo Garc\u00eda, hoy <a href=\"https:\/\/www.sanpedrocultural.es\/\" class=\"rank-math-link\" target=\"_blank\">San Pedro Cultural<\/a> brille m\u00e1s que nunca. La originalidad de su proyecto fue decisiva para su reconstrucci\u00f3n. \u201cQuer\u00edamos que las ruinas estuviesen presentes en el edificio y conservar su esencia. Por ello, adem\u00e1s de reforzar su estructura, le dimos un toque m\u00e1gico. Hicimos desaparecer el techo y la pared a\u00f1adidos.\u201d, nos explica.\u00a0<\/p>\n\n\n\n<figure class=\"wp-block-image size-large\"><a href=\"https:\/\/www.escapadarural.com\/blog\/wp-content\/uploads\/2021\/01\/GrandeHandler.jpg\"><img decoding=\"async\" src=\"https:\/\/www.escapadarural.com\/blog\/wp-content\/uploads\/2021\/01\/GrandeHandler-1024x673.jpg\" alt=\"San Pedro Cultural\" class=\"wp-image-36690\"\/><\/a><figcaption>Por San Pedro Cultural.<\/figcaption><\/figure>\n\n\n\n<p>Guti\u00e9rrez y los hermanos del Olmo pintaron de azul oscuro casi negro el techo y le hicieron un plano al electricista para <strong>colocar unas luces LED que recreasen el firmamento<\/strong>. \u201cHemos hecho que reproduzca c\u00f3mo ser\u00eda el cielo en la noche de San Pedro. Es fiel a las constelaciones y en \u00e9l se puede ver la Osa Mayor, la Osa Menor, Casiopea, la Estrella Polar\u2026\u201d.&nbsp;<\/p>\n\n\n\n<p>Para ocultar la pared a\u00f1adida, los arquitectos decidieron que se colocase un <a href=\"https:\/\/es.wikipedia.org\/wiki\/Trampantojo\" class=\"rank-math-link\" target=\"_blank\">trampantojo<\/a> que diese profundidad al edificio y oscureciera la estancia. La obra la realiz\u00f3 la artista palentina Ana Esther Calvo, que recre\u00f3 con mucho realismo el <strong>sistema solar<\/strong>. <\/p>\n\n\n\n<p>Asimismo, las ventanas se cubrieron con m\u00e1rmol y en una de ellas se ha colocado un prisma de cristal. \u201cLa luz se descompone y se puede ver el arco iris\u201d, nos dice Guti\u00e9rrez.&nbsp;<\/p>\n\n\n\n<h2 class=\"wp-block-heading\"><strong>Una c\u00e1mara oscura para reflejar el sol<\/strong><\/h2>\n\n\n\n<figure class=\"wp-block-image size-large\"><a href=\"https:\/\/www.escapadarural.com\/blog\/wp-content\/uploads\/2021\/01\/i-0115-146.jpg\"><img decoding=\"async\" src=\"https:\/\/www.escapadarural.com\/blog\/wp-content\/uploads\/2021\/01\/i-0115-146-1024x683.jpg\" alt=\"San Pedro Cultural\" class=\"wp-image-36689\"\/><\/a><figcaption>Por San Pedro Cultural<\/figcaption><\/figure>\n\n\n\n<p>Una <strong>l\u00ednea meridiana<\/strong> atraviesa el edificio. Se trata de un experimento astron\u00f3mico que convierte la estancia en una <strong>c\u00e1mara oscura<\/strong>. \u201cUna c\u00e1mara oscura consiste en que si en un edificio oscuro haces una perforaci\u00f3n lo que est\u00e1 en el exterior se proyecta en el interior. Y \u00bfqu\u00e9 es lo que hay en el exterior suficientemente luminoso para que se proyecte en el interior? El sol\u201d, nos explica Guti\u00e9rrez.&nbsp;<\/p>\n\n\n\n<p>Si marc\u00e1semos en el suelo de San Pedro el punto donde se proyecta el sol cuando est\u00e1 en su m\u00e1xima altitud cada d\u00eda del a\u00f1o se crear\u00eda una l\u00ednea que corresponder\u00eda&nbsp; a la meridiana. Sirve de calendario y como reloj, por lo que los m\u00e1s entendidos podr\u00edan saber qu\u00e9 d\u00eda y hora es. <\/p>\n\n\n\n<p>Esta no es la \u00fanica meridiana que hay en Espa\u00f1a, aunque s\u00ed es de las pocas que est\u00e1n en funcionamiento. En Madrid est\u00e1 en El Escorial, y en Italia hay en la catedral de Mil\u00e1n y en Roma. <\/p>\n\n\n\n<p>\u201cSe pueden ver hasta las manchas lunares y las nubes si pasan. No es que est\u00e9 entrando un rayo de sol, sino que se est\u00e1 proyectando el sol sobre las paredes del edificio.\u201d Esta es <strong>una de las grandes obras astron\u00f3micas de San Pedro Cultural<\/strong>, aunque no la \u00fanica. <\/p>\n\n\n\n<figure class=\"wp-block-embed is-type-video is-provider-youtube wp-block-embed-youtube wp-embed-aspect-4-3 wp-has-aspect-ratio\"><div class=\"wp-block-embed__wrapper\">\n<span class=\"mlqeHfzraSgwRP2u0ysjQ7dtWZDKTLp4IxVMiv6Eb9FkOB81ChUcXJAn\"><div class=\"video-shortcode\"><iframe title=\"Paso del Sol por el nicho de San Pedro Cultural\" width=\"1200\" height=\"900\" src=\"https:\/\/www.youtube.com\/embed\/WaJ38PQfDls?start=4&#038;feature=oembed\" frameborder=\"0\" allow=\"accelerometer; autoplay; clipboard-write; encrypted-media; gyroscope; picture-in-picture; web-share\" referrerpolicy=\"strict-origin-when-cross-origin\" allowfullscreen><\/iframe><\/div><\/span>\n<\/div><\/figure>\n\n\n\n<p><a href=\"https:\/\/es.wikipedia.org\/wiki\/P%C3%A9ndulo_de_Foucault\" class=\"rank-math-link\" target=\"_blank\">El P\u00e9ndulo de Foucault<\/a> es otra de sus joyas. Esta pieza imita el experimento realizado por L\u00e9on Foucault en 1851 en el Pante\u00f3n de Par\u00eds para <strong>demostrar la rotaci\u00f3n de la Tierra<\/strong>. Est\u00e1 situado en el \u00e1bside, colgando de un agujero de la semiesfera. \u201cUna c\u00fapula cuando est\u00e1 rota es inestable, por lo que no pod\u00edamos dejarla con el agujero original. Tuvimos que recurrir a algunas t\u00e9cnicas constructivas que nunca hab\u00edamos hecho como la fibra de vidrio para que pareciese que sigue rota, se viera el agujero y, a la vez, las estrellas\u201d, cuenta Guti\u00e9rrez.&nbsp;<\/p>\n\n\n\n<p>San Pedro Cultural ofrece <strong>visitas guiadas<\/strong> para conocer en profundidad cada uno de los elementos astron\u00f3micos. Aunque el arte no solo se encuentra en sus interiores, en el exterior se han construido un reloj solar y una fuente en la que, al anochecer, se pueden ver las constelaciones.\u00a0<\/p>\n\n\n\n<figure class=\"wp-block-image size-large\"><a href=\"https:\/\/www.escapadarural.com\/blog\/wp-content\/uploads\/2021\/01\/DSC07282-scaled.jpg\"><img decoding=\"async\" src=\"https:\/\/www.escapadarural.com\/blog\/wp-content\/uploads\/2021\/01\/DSC07282-1024x683.jpg\" alt=\"San pedro Cultural\" class=\"wp-image-36691\"\/><\/a><figcaption>Por San Pedro Cultural<\/figcaption><\/figure>\n\n\n\n<h2 class=\"wp-block-heading\"><strong>Los cuerpos que yacen atormentados bajo el P\u00e9ndulo de Foucalt<\/strong><\/h2>\n\n\n\n<figure class=\"wp-block-embed is-type-video is-provider-youtube wp-block-embed-youtube wp-embed-aspect-16-9 wp-has-aspect-ratio\"><div class=\"wp-block-embed__wrapper\">\n<span class=\"vr5clYRg9hKS2LVCxwNjPAuqDUnG\"><div class=\"video-shortcode\"><iframe title=\"Parque de las Ciencias de Granada: P\u00e9ndulo de Foucault\" width=\"1200\" height=\"675\" src=\"https:\/\/www.youtube.com\/embed\/vNAMBzIBNZ8?feature=oembed\" frameborder=\"0\" allow=\"accelerometer; autoplay; clipboard-write; encrypted-media; gyroscope; picture-in-picture; web-share\" referrerpolicy=\"strict-origin-when-cross-origin\" allowfullscreen><\/iframe><\/div><\/span>\n<\/div><\/figure>\n\n\n\n<p>San Pedro era una iglesia rom\u00e1nica del siglo XII, aunque a lo largo de los a\u00f1os se ha ido ampliando con elementos g\u00f3ticos, neocl\u00e1sicos y barrocos. <strong>\u201cEs como una enciclopedia de los arquitectos\u201d<\/strong>, dice \u00c1lvaro Guti\u00e9rrez entre risas. \u201cLuego hemos llegado nosotros y la hemos modernizado. Aunque hemos tratado de ser respetuosos con los restos que hab\u00eda\u201d.&nbsp;<\/p>\n\n\n\n<p>Con tanta historia, era de esperar que durante las obras se descubriesen <strong>antiguos enterramientos<\/strong>. Los arquitectos ten\u00edan claro que no se tirar\u00eda ni destrozar\u00eda nada de lo que pudiera aparecer, como las l\u00e1pidas. Todo fue reubicado y documentado con un seguimiento arqueol\u00f3gico.&nbsp;<\/p>\n\n\n\n<p>\u201cPor la inscripci\u00f3n descubrimos que una de las l\u00e1pidas era de una familia que ten\u00eda relaci\u00f3n con la Inquisici\u00f3n, los que hicieron a Galileo Galilei negar el movimiento de la Tierra. La losa estaba bajo el \u00e1bside y la cambiamos de sitio, pero los cuerpos ah\u00ed siguen enterrados. Bajo el P\u00e9ndulo de Foucault. Balance\u00e1ndose y atorment\u00e1ndoles por haber dicho a Galilei que la Tierra no se mov\u00eda\u201d, cuenta.&nbsp;<\/p>\n\n\n\n<p>Otro de los nichos, en cambio, predijo que San Pedro ser\u00eda un centro con motivos astron\u00f3micos. Seg\u00fan Guti\u00e9rrez, durante las obras se contrat\u00f3 a una restauradora para recuperar algunos restos de pintura. En el antiguo altar hab\u00eda un nicho de piedra y, cuando las obras estaban ya casi acabadas, la restauradora encontr\u00f3 dentro de \u00e9l pinturas de estrellas. \u201cNos dio una convulsi\u00f3n, como si alguien de la Edad Media supiera en lo que la iglesia se convertir\u00eda\u201d.&nbsp;<\/p>\n\n\n\n<h2 class=\"wp-block-heading\"><strong>El resurgir de un pueblo<\/strong><\/h2>\n\n\n\n<figure class=\"wp-block-image size-large\"><a href=\"https:\/\/www.escapadarural.com\/blog\/wp-content\/uploads\/2021\/01\/Becerril_de_Campos_-_007_41065447602-scaled.jpg\"><img decoding=\"async\" src=\"https:\/\/www.escapadarural.com\/blog\/wp-content\/uploads\/2021\/01\/Becerril_de_Campos_-_007_41065447602-1024x680.jpg\" alt=\"Becerril de Campos\" class=\"wp-image-36693\"\/><\/a><figcaption>Por <a href=\"https:\/\/www.flickr.com\/people\/140656059@N03\" target=\"_blank\">Luis Rogelio HM<\/a><\/figcaption><\/figure>\n\n\n\n<p>Cada vez son m\u00e1s los pueblos que apuestan por los <strong>proyectos culturales para revitalizar su econom\u00eda<\/strong>. El \u00e9xodo rural ha hecho mucho da\u00f1o a Becerril de Campos, adem\u00e1s de provocar la decadencia de la iglesia original de San Pedro.&nbsp;<\/p>\n\n\n\n<p>Gracias al proyecto de \u00c1lvaro Guti\u00e9rrez y los hermanos del Olmo, parece que el pueblo ha vuelto a resurgir. Cada a\u00f1o San Pedro Cultural atrae a unos <strong>25.000 visitantes<\/strong> que acuden a ver la original obra astron\u00f3mica o asisten a alguna exposici\u00f3n, conferencia, concierto y espect\u00e1culo. El centro es tan polivalente que \u201cest\u00e1 sirviendo incluso para m\u00e1s cosas de las que nos imagin\u00e1bamos. En \u00e9l se han hecho anuncios, programas de televisi\u00f3n y hasta un desfile de modelos\u201d, dice Guti\u00e9rrez orgulloso.&nbsp;<\/p>\n\n\n\n<p>En 2019, San Pedro Cultural fue elegido por la Fundaci\u00f3n Starlight como <strong>Primer Monumento Astron\u00f3mico Starlight de Espa\u00f1a<\/strong>. Asimismo, en 2020 la fundaci\u00f3n tambi\u00e9n premi\u00f3 su tarea de difundir y promocionar esta ciencia a trav\u00e9s de la educaci\u00f3n.&nbsp;<\/p>\n\n\n\n<p>La astronom\u00eda ha hecho que en el pueblo se hayan abierto hoteles rurales, restaurantes y nuevas tiendas. Y es que, conservar y recuperar el patrimonio hist\u00f3rico y cultural es la mejor forma de reinventarse.&nbsp;<\/p>\n\n\n\n<div class=\"wp-block-buttons is-layout-flex wp-block-buttons-is-layout-flex\">\n<div class=\"wp-block-button\"><a class=\"wp-block-button__link\" href=\"https:\/\/www.escapadarural.com\/casas-rurales\/palencia\">Casas rurales en Palencia<\/a><\/div>\n<\/div>\n","protected":false},"excerpt":{"rendered":"<p>En San Pedro Cultural siempre es de noche. Adentrarse en su nave central es hacerlo a un antiguo templo abierto al firmamento y al universo. Son las ruinas de una iglesia rom\u00e1nica del siglo XII que durante a\u00f1os estuvieron abandonadas en Berrecil de Campos (Palencia) y que, en 2015, fueron reconstruidas como centro cultural. <\/p>\n","protected":false},"author":89,"featured_media":102204,"comment_status":"open","ping_status":"open","sticky":false,"template":"","format":"standard","meta":{"_acf_changed":false,"om_disable_all_campaigns":false,"footnotes":""},"categories":[231],"tags":[260,828,3087,2423,870,288,3088,2277],"class_list":["post-36647","post","type-post","status-publish","format-standard","has-post-thumbnail","hentry","category-arte-y-cultura","tag-articulo","tag-astronomia","tag-berrecil-de-campos","tag-despoblacion","tag-monumentos","tag-que-ver-en-palencia","tag-san-pedro-cultural","tag-starlight"],"acf":[],"featured_image_src":"https:\/\/www.escapadarural.com\/blog\/wp-content\/uploads\/2024\/10\/Plano-general-1-1024x681-3.jpg","author_info":{"display_name":"Laura Fern\u00e1ndez","author_link":"https:\/\/www.escapadarural.com\/blog\/autor\/laura\/"},"yoast_head":"<!-- This site is optimized with the Yoast SEO plugin v27.5 - https:\/\/yoast.com\/product\/yoast-seo-wordpress\/ -->\n<title>San Pedro Cultural, de iglesia rom\u00e1nica a templo de la astronom\u00eda - EscapadaRural<\/title>\n<meta name=\"robots\" content=\"index, follow, max-snippet:-1, max-image-preview:large, max-video-preview:-1\" \/>\n<link rel=\"canonical\" href=\"https:\/\/www.escapadarural.com\/blog\/san-pedro-cultural-astronomia-palencia\/\" \/>\n<meta property=\"og:locale\" content=\"es_ES\" \/>\n<meta property=\"og:type\" content=\"article\" \/>\n<meta property=\"og:title\" content=\"San Pedro Cultural, de iglesia rom\u00e1nica a templo de la astronom\u00eda - EscapadaRural\" \/>\n<meta property=\"og:description\" content=\"En San Pedro Cultural siempre es de noche. Adentrarse en su nave central es hacerlo a un antiguo templo abierto al firmamento y al universo. Son las ruinas de una iglesia rom\u00e1nica del siglo XII que durante a\u00f1os estuvieron abandonadas en Berrecil de Campos (Palencia) y que, en 2015, fueron reconstruidas como centro cultural.\" \/>\n<meta property=\"og:url\" content=\"https:\/\/www.escapadarural.com\/blog\/san-pedro-cultural-astronomia-palencia\/\" \/>\n<meta property=\"og:site_name\" content=\"Magazine de viajes de EscapadaRural\" \/>\n<meta property=\"article:publisher\" content=\"https:\/\/www.facebook.com\/escapadarural\" \/>\n<meta property=\"article:published_time\" content=\"2021-01-21T08:45:09+00:00\" \/>\n<meta property=\"article:modified_time\" content=\"2024-12-23T17:40:18+00:00\" \/>\n<meta property=\"og:image\" content=\"https:\/\/www.escapadarural.com\/blog\/wp-content\/uploads\/2024\/10\/Plano-general-1-1024x681-3.jpg\" \/>\n\t<meta property=\"og:image:width\" content=\"1024\" \/>\n\t<meta property=\"og:image:height\" content=\"681\" \/>\n\t<meta property=\"og:image:type\" content=\"image\/jpeg\" \/>\n<meta name=\"author\" content=\"Laura Fern\u00e1ndez\" \/>\n<meta name=\"twitter:card\" content=\"summary_large_image\" \/>\n<meta name=\"twitter:label1\" content=\"Escrito por\" \/>\n\t<meta name=\"twitter:data1\" content=\"Laura Fern\u00e1ndez\" \/>\n\t<meta name=\"twitter:label2\" content=\"Tiempo de lectura\" \/>\n\t<meta name=\"twitter:data2\" content=\"6 minutos\" \/>\n<script type=\"application\/ld+json\" class=\"yoast-schema-graph\">{\"@context\":\"https:\\\/\\\/schema.org\",\"@graph\":[{\"@type\":\"Article\",\"@id\":\"https:\\\/\\\/www.escapadarural.com\\\/blog\\\/san-pedro-cultural-astronomia-palencia\\\/#article\",\"isPartOf\":{\"@id\":\"https:\\\/\\\/www.escapadarural.com\\\/blog\\\/san-pedro-cultural-astronomia-palencia\\\/\"},\"author\":{\"name\":\"Laura Fern\u00e1ndez\",\"@id\":\"https:\\\/\\\/www.escapadarural.com\\\/blog\\\/#\\\/schema\\\/person\\\/a9b46ae4d047d8a2c719f31e75206cff\"},\"headline\":\"San Pedro Cultural, de iglesia rom\u00e1nica a templo de la astronom\u00eda\",\"datePublished\":\"2021-01-21T08:45:09+00:00\",\"dateModified\":\"2024-12-23T17:40:18+00:00\",\"mainEntityOfPage\":{\"@id\":\"https:\\\/\\\/www.escapadarural.com\\\/blog\\\/san-pedro-cultural-astronomia-palencia\\\/\"},\"wordCount\":1280,\"commentCount\":0,\"publisher\":{\"@id\":\"https:\\\/\\\/www.escapadarural.com\\\/blog\\\/#organization\"},\"image\":{\"@id\":\"https:\\\/\\\/www.escapadarural.com\\\/blog\\\/san-pedro-cultural-astronomia-palencia\\\/#primaryimage\"},\"thumbnailUrl\":\"https:\\\/\\\/www.escapadarural.com\\\/blog\\\/wp-content\\\/uploads\\\/2024\\\/10\\\/Plano-general-1-1024x681-3.jpg\",\"keywords\":[\"art\u00edculo\",\"Astronom\u00eda\",\"Berrecil de Campos\",\"despoblaci\u00f3n\",\"Monumentos\",\"Palencia\",\"San Pedro Cultural\",\"starlight\"],\"articleSection\":[\"Arte y Cultura\"],\"inLanguage\":\"es\",\"potentialAction\":[{\"@type\":\"CommentAction\",\"name\":\"Comment\",\"target\":[\"https:\\\/\\\/www.escapadarural.com\\\/blog\\\/san-pedro-cultural-astronomia-palencia\\\/#respond\"]}]},{\"@type\":\"WebPage\",\"@id\":\"https:\\\/\\\/www.escapadarural.com\\\/blog\\\/san-pedro-cultural-astronomia-palencia\\\/\",\"url\":\"https:\\\/\\\/www.escapadarural.com\\\/blog\\\/san-pedro-cultural-astronomia-palencia\\\/\",\"name\":\"San Pedro Cultural, de iglesia rom\u00e1nica a templo de la astronom\u00eda - EscapadaRural\",\"isPartOf\":{\"@id\":\"https:\\\/\\\/www.escapadarural.com\\\/blog\\\/#website\"},\"primaryImageOfPage\":{\"@id\":\"https:\\\/\\\/www.escapadarural.com\\\/blog\\\/san-pedro-cultural-astronomia-palencia\\\/#primaryimage\"},\"image\":{\"@id\":\"https:\\\/\\\/www.escapadarural.com\\\/blog\\\/san-pedro-cultural-astronomia-palencia\\\/#primaryimage\"},\"thumbnailUrl\":\"https:\\\/\\\/www.escapadarural.com\\\/blog\\\/wp-content\\\/uploads\\\/2024\\\/10\\\/Plano-general-1-1024x681-3.jpg\",\"datePublished\":\"2021-01-21T08:45:09+00:00\",\"dateModified\":\"2024-12-23T17:40:18+00:00\",\"breadcrumb\":{\"@id\":\"https:\\\/\\\/www.escapadarural.com\\\/blog\\\/san-pedro-cultural-astronomia-palencia\\\/#breadcrumb\"},\"inLanguage\":\"es\",\"potentialAction\":[{\"@type\":\"ReadAction\",\"target\":[\"https:\\\/\\\/www.escapadarural.com\\\/blog\\\/san-pedro-cultural-astronomia-palencia\\\/\"]}]},{\"@type\":\"ImageObject\",\"inLanguage\":\"es\",\"@id\":\"https:\\\/\\\/www.escapadarural.com\\\/blog\\\/san-pedro-cultural-astronomia-palencia\\\/#primaryimage\",\"url\":\"https:\\\/\\\/www.escapadarural.com\\\/blog\\\/wp-content\\\/uploads\\\/2024\\\/10\\\/Plano-general-1-1024x681-3.jpg\",\"contentUrl\":\"https:\\\/\\\/www.escapadarural.com\\\/blog\\\/wp-content\\\/uploads\\\/2024\\\/10\\\/Plano-general-1-1024x681-3.jpg\",\"width\":1024,\"height\":681,\"caption\":\"Interior de un gran sal\u00f3n con arcos de piedra, columnas y paredes iluminadas por luces azules. El techo est\u00e1 pintado como un cielo nocturno estrellado con planetas y paisajes c\u00f3smicos.\"},{\"@type\":\"BreadcrumbList\",\"@id\":\"https:\\\/\\\/www.escapadarural.com\\\/blog\\\/san-pedro-cultural-astronomia-palencia\\\/#breadcrumb\",\"itemListElement\":[{\"@type\":\"ListItem\",\"position\":1,\"name\":\"Inicio\",\"item\":\"https:\\\/\\\/www.escapadarural.com\\\/blog\\\/\"},{\"@type\":\"ListItem\",\"position\":2,\"name\":\"Arte y Cultura\",\"item\":\"https:\\\/\\\/www.escapadarural.com\\\/blog\\\/categoria\\\/arte-y-cultura\\\/\"},{\"@type\":\"ListItem\",\"position\":3,\"name\":\"San Pedro Cultural, de iglesia rom\u00e1nica a templo de la astronom\u00eda\"}]},{\"@type\":\"WebSite\",\"@id\":\"https:\\\/\\\/www.escapadarural.com\\\/blog\\\/#website\",\"url\":\"https:\\\/\\\/www.escapadarural.com\\\/blog\\\/\",\"name\":\"Blog de viajes | turismo rural, alojamientos e inspiraci\u00f3n\",\"description\":\"Alojamientos rurales e inspiraci\u00f3n para tus escapadas\",\"publisher\":{\"@id\":\"https:\\\/\\\/www.escapadarural.com\\\/blog\\\/#organization\"},\"alternateName\":\"Magazine de viajes de EscapadaRural\",\"potentialAction\":[{\"@type\":\"SearchAction\",\"target\":{\"@type\":\"EntryPoint\",\"urlTemplate\":\"https:\\\/\\\/www.escapadarural.com\\\/blog\\\/?s={search_term_string}\"},\"query-input\":{\"@type\":\"PropertyValueSpecification\",\"valueRequired\":true,\"valueName\":\"search_term_string\"}}],\"inLanguage\":\"es\"},{\"@type\":\"Organization\",\"@id\":\"https:\\\/\\\/www.escapadarural.com\\\/blog\\\/#organization\",\"name\":\"EscapadaRural\",\"url\":\"https:\\\/\\\/www.escapadarural.com\\\/blog\\\/\",\"logo\":{\"@type\":\"ImageObject\",\"inLanguage\":\"es\",\"@id\":\"https:\\\/\\\/www.escapadarural.com\\\/blog\\\/#\\\/schema\\\/logo\\\/image\\\/\",\"url\":\"https:\\\/\\\/www.escapadarural.com\\\/blog\\\/wp-content\\\/uploads\\\/2024\\\/10\\\/cropped-cropped-escapada-rural-icon-mag-3.png\",\"contentUrl\":\"https:\\\/\\\/www.escapadarural.com\\\/blog\\\/wp-content\\\/uploads\\\/2024\\\/10\\\/cropped-cropped-escapada-rural-icon-mag-3.png\",\"width\":512,\"height\":512,\"caption\":\"EscapadaRural\"},\"image\":{\"@id\":\"https:\\\/\\\/www.escapadarural.com\\\/blog\\\/#\\\/schema\\\/logo\\\/image\\\/\"},\"sameAs\":[\"https:\\\/\\\/www.facebook.com\\\/escapadarural\",\"https:\\\/\\\/www.instagram.com\\\/escapadarural\\\/\",\"https:\\\/\\\/www.youtube.com\\\/@escapadaruralcom\"]},{\"@type\":\"Person\",\"@id\":\"https:\\\/\\\/www.escapadarural.com\\\/blog\\\/#\\\/schema\\\/person\\\/a9b46ae4d047d8a2c719f31e75206cff\",\"name\":\"Laura Fern\u00e1ndez\",\"image\":{\"@type\":\"ImageObject\",\"inLanguage\":\"es\",\"@id\":\"https:\\\/\\\/www.escapadarural.com\\\/blog\\\/wp-content\\\/uploads\\\/2025\\\/01\\\/cropped-laura_raponchii-96x96.jpg\",\"url\":\"https:\\\/\\\/www.escapadarural.com\\\/blog\\\/wp-content\\\/uploads\\\/2025\\\/01\\\/cropped-laura_raponchii-96x96.jpg\",\"contentUrl\":\"https:\\\/\\\/www.escapadarural.com\\\/blog\\\/wp-content\\\/uploads\\\/2025\\\/01\\\/cropped-laura_raponchii-96x96.jpg\",\"caption\":\"Laura Fern\u00e1ndez\"},\"description\":\"Periodista, blogger y viajera. No necesariamente en ese orden. En ocasiones me despierto sin saber d\u00f3nde estoy. Adicta a los c\u00f3mics y a los noodles con salsa de cacahuete. Redactora en @escapadarural, colaboradora en la Conde Nast Traveler y en la Divinity. Mi casa: Meridiano180.\",\"sameAs\":[\"http:\\\/\\\/www.meridiano180.com\\\/\"],\"url\":\"https:\\\/\\\/www.escapadarural.com\\\/blog\\\/autor\\\/laura\\\/\"}]}<\/script>\n<!-- \/ Yoast SEO plugin. -->","yoast_head_json":{"title":"San Pedro Cultural, de iglesia rom\u00e1nica a templo de la astronom\u00eda - EscapadaRural","robots":{"index":"index","follow":"follow","max-snippet":"max-snippet:-1","max-image-preview":"max-image-preview:large","max-video-preview":"max-video-preview:-1"},"canonical":"https:\/\/www.escapadarural.com\/blog\/san-pedro-cultural-astronomia-palencia\/","og_locale":"es_ES","og_type":"article","og_title":"San Pedro Cultural, de iglesia rom\u00e1nica a templo de la astronom\u00eda - EscapadaRural","og_description":"En San Pedro Cultural siempre es de noche. Adentrarse en su nave central es hacerlo a un antiguo templo abierto al firmamento y al universo. Son las ruinas de una iglesia rom\u00e1nica del siglo XII que durante a\u00f1os estuvieron abandonadas en Berrecil de Campos (Palencia) y que, en 2015, fueron reconstruidas como centro cultural.","og_url":"https:\/\/www.escapadarural.com\/blog\/san-pedro-cultural-astronomia-palencia\/","og_site_name":"Magazine de viajes de EscapadaRural","article_publisher":"https:\/\/www.facebook.com\/escapadarural","article_published_time":"2021-01-21T08:45:09+00:00","article_modified_time":"2024-12-23T17:40:18+00:00","og_image":[{"width":1024,"height":681,"url":"https:\/\/www.escapadarural.com\/blog\/wp-content\/uploads\/2024\/10\/Plano-general-1-1024x681-3.jpg","type":"image\/jpeg"}],"author":"Laura Fern\u00e1ndez","twitter_card":"summary_large_image","twitter_misc":{"Escrito por":"Laura Fern\u00e1ndez","Tiempo de lectura":"6 minutos"},"schema":{"@context":"https:\/\/schema.org","@graph":[{"@type":"Article","@id":"https:\/\/www.escapadarural.com\/blog\/san-pedro-cultural-astronomia-palencia\/#article","isPartOf":{"@id":"https:\/\/www.escapadarural.com\/blog\/san-pedro-cultural-astronomia-palencia\/"},"author":{"name":"Laura Fern\u00e1ndez","@id":"https:\/\/www.escapadarural.com\/blog\/#\/schema\/person\/a9b46ae4d047d8a2c719f31e75206cff"},"headline":"San Pedro Cultural, de iglesia rom\u00e1nica a templo de la astronom\u00eda","datePublished":"2021-01-21T08:45:09+00:00","dateModified":"2024-12-23T17:40:18+00:00","mainEntityOfPage":{"@id":"https:\/\/www.escapadarural.com\/blog\/san-pedro-cultural-astronomia-palencia\/"},"wordCount":1280,"commentCount":0,"publisher":{"@id":"https:\/\/www.escapadarural.com\/blog\/#organization"},"image":{"@id":"https:\/\/www.escapadarural.com\/blog\/san-pedro-cultural-astronomia-palencia\/#primaryimage"},"thumbnailUrl":"https:\/\/www.escapadarural.com\/blog\/wp-content\/uploads\/2024\/10\/Plano-general-1-1024x681-3.jpg","keywords":["art\u00edculo","Astronom\u00eda","Berrecil de Campos","despoblaci\u00f3n","Monumentos","Palencia","San Pedro Cultural","starlight"],"articleSection":["Arte y Cultura"],"inLanguage":"es","potentialAction":[{"@type":"CommentAction","name":"Comment","target":["https:\/\/www.escapadarural.com\/blog\/san-pedro-cultural-astronomia-palencia\/#respond"]}]},{"@type":"WebPage","@id":"https:\/\/www.escapadarural.com\/blog\/san-pedro-cultural-astronomia-palencia\/","url":"https:\/\/www.escapadarural.com\/blog\/san-pedro-cultural-astronomia-palencia\/","name":"San Pedro Cultural, de iglesia rom\u00e1nica a templo de la astronom\u00eda - EscapadaRural","isPartOf":{"@id":"https:\/\/www.escapadarural.com\/blog\/#website"},"primaryImageOfPage":{"@id":"https:\/\/www.escapadarural.com\/blog\/san-pedro-cultural-astronomia-palencia\/#primaryimage"},"image":{"@id":"https:\/\/www.escapadarural.com\/blog\/san-pedro-cultural-astronomia-palencia\/#primaryimage"},"thumbnailUrl":"https:\/\/www.escapadarural.com\/blog\/wp-content\/uploads\/2024\/10\/Plano-general-1-1024x681-3.jpg","datePublished":"2021-01-21T08:45:09+00:00","dateModified":"2024-12-23T17:40:18+00:00","breadcrumb":{"@id":"https:\/\/www.escapadarural.com\/blog\/san-pedro-cultural-astronomia-palencia\/#breadcrumb"},"inLanguage":"es","potentialAction":[{"@type":"ReadAction","target":["https:\/\/www.escapadarural.com\/blog\/san-pedro-cultural-astronomia-palencia\/"]}]},{"@type":"ImageObject","inLanguage":"es","@id":"https:\/\/www.escapadarural.com\/blog\/san-pedro-cultural-astronomia-palencia\/#primaryimage","url":"https:\/\/www.escapadarural.com\/blog\/wp-content\/uploads\/2024\/10\/Plano-general-1-1024x681-3.jpg","contentUrl":"https:\/\/www.escapadarural.com\/blog\/wp-content\/uploads\/2024\/10\/Plano-general-1-1024x681-3.jpg","width":1024,"height":681,"caption":"Interior de un gran sal\u00f3n con arcos de piedra, columnas y paredes iluminadas por luces azules. El techo est\u00e1 pintado como un cielo nocturno estrellado con planetas y paisajes c\u00f3smicos."},{"@type":"BreadcrumbList","@id":"https:\/\/www.escapadarural.com\/blog\/san-pedro-cultural-astronomia-palencia\/#breadcrumb","itemListElement":[{"@type":"ListItem","position":1,"name":"Inicio","item":"https:\/\/www.escapadarural.com\/blog\/"},{"@type":"ListItem","position":2,"name":"Arte y Cultura","item":"https:\/\/www.escapadarural.com\/blog\/categoria\/arte-y-cultura\/"},{"@type":"ListItem","position":3,"name":"San Pedro Cultural, de iglesia rom\u00e1nica a templo de la astronom\u00eda"}]},{"@type":"WebSite","@id":"https:\/\/www.escapadarural.com\/blog\/#website","url":"https:\/\/www.escapadarural.com\/blog\/","name":"Blog de viajes | turismo rural, alojamientos e inspiraci\u00f3n","description":"Alojamientos rurales e inspiraci\u00f3n para tus escapadas","publisher":{"@id":"https:\/\/www.escapadarural.com\/blog\/#organization"},"alternateName":"Magazine de viajes de EscapadaRural","potentialAction":[{"@type":"SearchAction","target":{"@type":"EntryPoint","urlTemplate":"https:\/\/www.escapadarural.com\/blog\/?s={search_term_string}"},"query-input":{"@type":"PropertyValueSpecification","valueRequired":true,"valueName":"search_term_string"}}],"inLanguage":"es"},{"@type":"Organization","@id":"https:\/\/www.escapadarural.com\/blog\/#organization","name":"EscapadaRural","url":"https:\/\/www.escapadarural.com\/blog\/","logo":{"@type":"ImageObject","inLanguage":"es","@id":"https:\/\/www.escapadarural.com\/blog\/#\/schema\/logo\/image\/","url":"https:\/\/www.escapadarural.com\/blog\/wp-content\/uploads\/2024\/10\/cropped-cropped-escapada-rural-icon-mag-3.png","contentUrl":"https:\/\/www.escapadarural.com\/blog\/wp-content\/uploads\/2024\/10\/cropped-cropped-escapada-rural-icon-mag-3.png","width":512,"height":512,"caption":"EscapadaRural"},"image":{"@id":"https:\/\/www.escapadarural.com\/blog\/#\/schema\/logo\/image\/"},"sameAs":["https:\/\/www.facebook.com\/escapadarural","https:\/\/www.instagram.com\/escapadarural\/","https:\/\/www.youtube.com\/@escapadaruralcom"]},{"@type":"Person","@id":"https:\/\/www.escapadarural.com\/blog\/#\/schema\/person\/a9b46ae4d047d8a2c719f31e75206cff","name":"Laura Fern\u00e1ndez","image":{"@type":"ImageObject","inLanguage":"es","@id":"https:\/\/www.escapadarural.com\/blog\/wp-content\/uploads\/2025\/01\/cropped-laura_raponchii-96x96.jpg","url":"https:\/\/www.escapadarural.com\/blog\/wp-content\/uploads\/2025\/01\/cropped-laura_raponchii-96x96.jpg","contentUrl":"https:\/\/www.escapadarural.com\/blog\/wp-content\/uploads\/2025\/01\/cropped-laura_raponchii-96x96.jpg","caption":"Laura Fern\u00e1ndez"},"description":"Periodista, blogger y viajera. No necesariamente en ese orden. En ocasiones me despierto sin saber d\u00f3nde estoy. Adicta a los c\u00f3mics y a los noodles con salsa de cacahuete. Redactora en @escapadarural, colaboradora en la Conde Nast Traveler y en la Divinity. Mi casa: Meridiano180.","sameAs":["http:\/\/www.meridiano180.com\/"],"url":"https:\/\/www.escapadarural.com\/blog\/autor\/laura\/"}]}},"_links":{"self":[{"href":"https:\/\/www.escapadarural.com\/blog\/wp-json\/wp\/v2\/posts\/36647","targetHints":{"allow":["GET"]}}],"collection":[{"href":"https:\/\/www.escapadarural.com\/blog\/wp-json\/wp\/v2\/posts"}],"about":[{"href":"https:\/\/www.escapadarural.com\/blog\/wp-json\/wp\/v2\/types\/post"}],"author":[{"embeddable":true,"href":"https:\/\/www.escapadarural.com\/blog\/wp-json\/wp\/v2\/users\/89"}],"replies":[{"embeddable":true,"href":"https:\/\/www.escapadarural.com\/blog\/wp-json\/wp\/v2\/comments?post=36647"}],"version-history":[{"count":0,"href":"https:\/\/www.escapadarural.com\/blog\/wp-json\/wp\/v2\/posts\/36647\/revisions"}],"wp:featuredmedia":[{"embeddable":true,"href":"https:\/\/www.escapadarural.com\/blog\/wp-json\/wp\/v2\/media\/102204"}],"wp:attachment":[{"href":"https:\/\/www.escapadarural.com\/blog\/wp-json\/wp\/v2\/media?parent=36647"}],"wp:term":[{"taxonomy":"category","embeddable":true,"href":"https:\/\/www.escapadarural.com\/blog\/wp-json\/wp\/v2\/categories?post=36647"},{"taxonomy":"post_tag","embeddable":true,"href":"https:\/\/www.escapadarural.com\/blog\/wp-json\/wp\/v2\/tags?post=36647"}],"curies":[{"name":"wp","href":"https:\/\/api.w.org\/{rel}","templated":true}]}}