{"id":37617,"date":"2021-02-10T09:40:02","date_gmt":"2021-02-10T08:40:02","guid":{"rendered":"https:\/\/www.escapadarural.com\/blog\/?p=37617"},"modified":"2025-08-12T10:13:43","modified_gmt":"2025-08-12T08:13:43","slug":"ruta-en-coche-por-los-faros-de-la-costa-da-morte","status":"publish","type":"post","link":"https:\/\/www.escapadarural.com\/blog\/ruta-en-coche-por-los-faros-de-la-costa-da-morte\/","title":{"rendered":"Ruta en coche por los faros de la Costa da Morte"},"content":{"rendered":"\n<figure class=\"wp-block-image size-large\"><a href=\"https:\/\/www.escapadarural.com\/blog\/wp-content\/uploads\/faros-costa-da-morte-bota.jpg\"><img decoding=\"async\" src=\"https:\/\/www.escapadarural.com\/blog\/wp-content\/uploads\/faros-costa-da-morte-bota.jpg\" alt=\"Ruta de los Faros de la Costa da Morte\" class=\"wp-image-38070\"\/><\/a><figcaption class=\"wp-element-caption\">Por El\u00edsabet Garc\u00eda<\/figcaption><\/figure>\n\n\n\n<p>Son muy variados los or\u00edgenes que se le atribuyen al nombre de esta parte del litoral del Atl\u00e1ntico. <strong><a href=\"\/casas-rurales\/costa-da-morte\" class=\"rank-math-link\">Costa da Morte<\/a><\/strong>, la Costa de la Muerte. Algunos refieren a la ancestral creencia de que aqu\u00ed, en los <strong>afilados acantilados coru\u00f1eses<\/strong>, se acababa la tierra; para ellos, era el fin del mundo. Otros, m\u00e1s po\u00e9ticos, aluden al ocaso pues, para los caminantes que ven\u00edan de toda Europa, la Costa da Morte era el \u00faltimo lugar donde se pon\u00eda el sol. Y, por supuesto, tambi\u00e9n est\u00e1n los que relacionan su denominaci\u00f3n con los numerosos naufragios y muertes que se produc\u00edan siglos atr\u00e1s en estas <strong>bravas aguas coru\u00f1esas<\/strong>, cuando no hab\u00eda luz alguna que advirtiera a los marineros y exploradores.<\/p>\n\n\n\n<p>Sea cual fuere el porqu\u00e9 de su nombre, de lo que no hay duda es de la naturaleza escarpada y peligrosa de estos <strong>200 kil\u00f3metros de litoral gallego<\/strong>; una cualidad que motiv\u00f3 la construcci\u00f3n de los actuales <strong>8 faros<\/strong> que <strong>recorren la Costa da Morte<\/strong> guiando a buen puerto a los navegantes.<\/p>\n\n\n\n<figure class=\"wp-block-image size-large\"><a href=\"https:\/\/www.escapadarural.com\/blog\/wp-content\/uploads\/faros-costa-da-morte-2.jpg\"><img decoding=\"async\" src=\"https:\/\/www.escapadarural.com\/blog\/wp-content\/uploads\/faros-costa-da-morte-2.jpg\" alt=\"Ruta de los Faros de la Costa da Morte\" class=\"wp-image-38067\"\/><\/a><figcaption class=\"wp-element-caption\">Por El\u00edsabet Garc\u00eda<\/figcaption><\/figure>\n\n\n\n<p>El famoso e hist\u00f3rico <strong>faro de <a href=\"https:\/\/www.escapadarural.com\/casas-rurales\/fisterra\" class=\"rank-math-link\">Finisterre<\/a><\/strong> fue el <strong>primero en erigirse all\u00e1 por 1853<\/strong>. Adem\u00e1s de ser el faro m\u00e1s al sur de la Costa da Morte, hasta hace muy poquito, se pensaba que era el punto m\u00e1s occidental de la Europa continental. De ah\u00ed que reciba el sobrenombre del <strong>faro del fin del mundo<\/strong>. Pero adem\u00e1s de por su situaci\u00f3n y antig\u00fcedad, su torre ortogonal y su haz de luz a 138 metros sobre el nivel del mar, es un s\u00edmbolo triunfal para los miles de <strong>peregrinos del Camino de Santiago<\/strong>. Justo aqu\u00ed es donde ponen fin a su aventura peregrina. El premio es una <strong>inolvidable puesta de sol<\/strong> que inunda la retina.<\/p>\n\n\n\n<p>La siguiente parada la protagoniza el <strong>faro de Touri\u00f1\u00e1n<\/strong>, puesto en funcionamiento en 1981. \u00c9ste s\u00ed es, a d\u00eda de hoy,  el <strong>punto m\u00e1s occidental de <a href=\"\/casas-rurales\/galicia\" class=\"rank-math-link\">Galicia<\/a><\/strong>. El enclave es de una <strong>belleza salvaje sobrecogedora<\/strong>. Llegar hasta \u00e9l es sencillo, pues hay una carretera en aceptable estado. Un camino bien servido de curvas que no expone el edificio hasta sus \u00faltimos metros. Por momentos, parece adentrarse en el Atl\u00e1ntico. <\/p>\n\n\n\n<figure class=\"wp-block-image size-large\"><a href=\"https:\/\/www.escapadarural.com\/blog\/wp-content\/uploads\/faros-costa-da-morte-1.jpg\"><img decoding=\"async\" src=\"https:\/\/www.escapadarural.com\/blog\/wp-content\/uploads\/faros-costa-da-morte-1.jpg\" alt=\"Ruta de los Faros de la Costa da Morte\" class=\"wp-image-38066\"\/><\/a><figcaption class=\"wp-element-caption\">Por El\u00edsabet Garc\u00eda<\/figcaption><\/figure>\n\n\n\n<p>El <strong>faro de Punta da Barca<\/strong>, en la localidad de <a href=\"\/casas-rurales\/muxia\" class=\"rank-math-link\">Mux\u00eda<\/a>, y el <strong>faro de Cabo Vil\u00e1n<\/strong>, en <a href=\"\/casas-rurales\/camarinas\" class=\"rank-math-link\">Camari\u00f1as<\/a>, son los siguientes protagonistas de la ruta. <\/p>\n\n\n\n<p>El primero ilumina a los navegantes desde 1898 y se sit\u00faa a la vera del<strong> santuario Virxe da Barca y de sus dos famosas piedras: \u201c<em>Pedra de Abalar<\/em> y <em>Pedra dos Cadr\u00eds<\/em>\u201d<\/strong>, la una por sus legendarias propiedades para liberar de pecado. La otra por la creencia popular de que sana el dolor de ri\u00f1ones. <\/p>\n\n\n\n<p>El segundo, alzado imponente en lo m\u00e1s alto de la superficie rocosa del accidente geogr\u00e1fico, comenz\u00f3 a funcionar en 1896 y fue el primero en hacerlo con luz el\u00e9ctrica en Espa\u00f1a. El enclave fue <strong>declarado de Inter\u00e9s Tur\u00edstico Nacional<\/strong> en 1933. <\/p>\n\n\n\n<figure class=\"wp-block-image size-large\"><a href=\"https:\/\/www.escapadarural.com\/blog\/wp-content\/uploads\/faros-costa-da-morte-3.jpg\"><img decoding=\"async\" src=\"https:\/\/www.escapadarural.com\/blog\/wp-content\/uploads\/faros-costa-da-morte-3.jpg\" alt=\"Ruta de los Faros de la Costa da Morte\" class=\"wp-image-38068\"\/><\/a><figcaption class=\"wp-element-caption\">Por El\u00edsabet Garc\u00eda<\/figcaption><\/figure>\n\n\n\n<p>Los dos siguientes, <strong>faro de <a href=\"\/casas-rurales\/laxe\" class=\"rank-math-link\">Laxe<\/a><\/strong> y <strong>faro de Cabo Roncudo<\/strong> (situado en Corme), tienen caracter\u00edsticas muy similares. Ambos <strong>empezaron a iluminar la Costa da Morte en 1920<\/strong> y comparten traje de <strong>azulejo blanco<\/strong>. Adem\u00e1s, ninguno de los dos es especialmente bonito como tal. Eso s\u00ed, estos \u00abhermanos gemelos\u00bb tambi\u00e9n comparten la cualidad de estar levantados en un <strong>entorno paisaj\u00edstico abrumadoramente bello<\/strong>.<\/p>\n\n\n\n<figure class=\"wp-block-image size-large\"><a href=\"https:\/\/www.escapadarural.com\/blog\/wp-content\/uploads\/faros-costa-da-morte-4.jpg\"><img decoding=\"async\" src=\"https:\/\/www.escapadarural.com\/blog\/wp-content\/uploads\/faros-costa-da-morte-4.jpg\" alt=\"Ruta de los Faros de la Costa da Morte\" class=\"wp-image-38069\"\/><\/a><figcaption class=\"wp-element-caption\">Por El\u00edsabet Garc\u00eda<\/figcaption><\/figure>\n\n\n\n<p><strong>Junto al faro de Laxe<\/strong> se puede contemplar, adem\u00e1s, el <strong>conmovedor homenaje<\/strong> que la artista gallega Iria Rodr\u00edguez realiz\u00f3 a los marineros desaparecidos en el mar y a sus familias: <strong>\u00ab<em>A espera<\/em>\u00ab<\/strong>,  una escultura de bronce con forma de mujer que sujeta a su ni\u00f1o mientras avista el oc\u00e9ano esperando que el barco que parti\u00f3 hace meses, regrese.<\/p>\n\n\n\n<figure class=\"wp-block-image size-large\"><a href=\"https:\/\/www.escapadarural.com\/blog\/wp-content\/uploads\/faros-costa-da-morte-estatuta.jpg\"><img decoding=\"async\" src=\"https:\/\/www.escapadarural.com\/blog\/wp-content\/uploads\/faros-costa-da-morte-estatuta.jpg\" alt=\"Ruta de los Faros de la Costa da Morte\" class=\"wp-image-38071\"\/><\/a><figcaption class=\"wp-element-caption\">Por El\u00edsabet Garc\u00eda<\/figcaption><\/figure>\n\n\n\n<p>Continuamos con el <strong>faro de Punta Nariga<\/strong>, el <strong>m\u00e1s moderno de <a href=\"https:\/\/www.escapadarural.com\/blog\/pueblos-mas-bonitos-de-galicia\/\">Galicia<\/a><\/strong>. Fue <strong>construido en granito por C\u00e9sar Portela en 1996<\/strong> y su peculiar silueta <strong>recuerda a un barco atracado en puerto<\/strong>. Llegar hasta \u00e9l no es especialmente f\u00e1cil pues est\u00e1 <strong>alzado en lo m\u00e1s alto del monte Nariga<\/strong> y, si bien su acceso est\u00e1 muy bien se\u00f1alizado desde la localidad de <a class=\"rank-math-link\" href=\"\/casas-rurales\/barizo\">Barizo<\/a>, el <strong>tramo de carretera final es bastante estrecho y sinuoso<\/strong>, siendo necesarias unas dosis extras de paciencia y precauci\u00f3n.<\/p>\n\n\n\n<p>Y por fin llegamos al t\u00e9rmino de la <strong>ruta de los faros de la Costa da Morte<\/strong> -o comienzo, todo depende-. Estamos frente al <strong>faro das Illas Sisargas<\/strong>. Este faro, al contrario que el resto, <strong>s\u00f3lo se puede contemplar desde la distancia<\/strong>, pues se encuentra en la cima de la Isla Grande, una de las tres islas que conforman el peque\u00f1o Archipi\u00e9lago de las Illas Sisargas. En la carretera que une <strong>Malpica de Berganti\u00f1os<\/strong> con Barizo se ubica el mirador que permite admirarlo. <\/p>\n\n\n\n<p>Un discreto faro que fue <strong>construido en 1915 gracias al inconmensurable esfuerzo de los habitantes de Malpica<\/strong> quienes subieron a pulso, y luchando con las fuertes r\u00e1fagas de viento que azotan estas islas, cada una de las piedras necesarias para su construcci\u00f3n. Un claro ejemplo de la fortaleza y valor que siempre ha caracterizado a los habitantes de la <em>terri\u00f1a galega<\/em>.<\/p>\n\n\n\n<figure class=\"wp-block-image size-large\"><a href=\"https:\/\/www.google.es\/maps\/dir\/Faro+de+Finisterre+Fisterra,+Cabo+Fisterra,+s%2Fn,+15155+Fisterra,+A+Coru%C3%B1a\/Faro+Touri%C3%B1%C3%A1n,+Mug%C3%ADa\/Punta+da+Barca,+Lugar+Virxen+Barca,+1A,+15124,+A+Coru%C3%B1a\/Faro+de+Cabo+Vil%C3%A1n,+Cabo+Vil%C3%A1n,+Camari%C3%B1as\/Faro+de+Laxe,+Laxe\/Faro+Roncudo,+Puenteceso\/Faro+de+Punta+Nariga,+Malpica\/Punta+Pedra+de+Areas\/@43.1129896,-9.3445395,10z\/data=!4m50!4m49!1m5!1m1!1s0xd292c046b3d4733:0x1c6884b7e87f2463!2m2!1d-9.2718386!2d42.8823835!1m5!1m1!1s0xd2936939b5bdedb:0x5be5a5cc3f9b5843!2m2!1d-9.2981531!2d43.0532509!1m5!1m1!1s0xd294a9dca2ea937:0x8ef5b2a6c13bbbec!2m2!1d-9.2188335!2d43.114086!1m5!1m1!1s0xd2eb5494ea7bc55:0x8d85450f5096a62b!2m2!1d-9.2113703!2d43.1603563!1m5!1m1!1s0xd2eba1260451581:0x34a97c0810b0a447!2m2!1d-9.0005846!2d43.2230221!1m5!1m1!1s0xd2ebac80de88ad9:0xb0e30f7897517dc5!2m2!1d-8.9903945!2d43.2749469!1m5!1m1!1s0xd2ea371c197469d:0xdcddd41b481bb008!2m2!1d-8.9100835!2d43.3206818!1m5!1m1!1s0xd2e989cb51a3da7:0x186109492924a909!2m2!1d-8.8320058!2d43.3443366!3e0\" target=\"_blank\"><img decoding=\"async\" src=\"https:\/\/www.escapadarural.com\/blog\/wp-content\/uploads\/image-73.png\" alt=\"\" class=\"wp-image-38472\"\/><\/a><\/figure>\n\n\n\n<div class=\"wp-block-buttons is-layout-flex wp-block-buttons-is-layout-flex\">\n<div class=\"wp-block-button\"><a class=\"wp-block-button__link wp-element-button\" href=\"https:\/\/www.escapadarural.com\/casas-rurales\/costa-da-morte\">Casas rurales en Costa da Morte<\/a><\/div>\n<\/div>\n","protected":false},"excerpt":{"rendered":"<p>La naturaleza escarpada y peligrosa de estos 200 kil\u00f3metros de litoral gallego motiv\u00f3 la construcci\u00f3n de 8 faros que recorren la Costa da Morte guiando a buen puerto a los navegantes<\/p>\n","protected":false},"author":109,"featured_media":102169,"comment_status":"open","ping_status":"open","sticky":false,"template":"","format":"standard","meta":{"_acf_changed":false,"om_disable_all_campaigns":false,"footnotes":""},"categories":[191,1379],"tags":[241,260,1807,290,468],"class_list":["post-37617","post","type-post","status-publish","format-standard","has-post-thumbnail","hentry","category-destinos","category-rutas-y-excursiones","tag-que-ver-en-a-coruna","tag-articulo","tag-costa-da-morte","tag-faros","tag-que-ver-en-galicia"],"acf":[],"featured_image_src":"https:\/\/www.escapadarural.com\/blog\/wp-content\/uploads\/2024\/10\/faros-costa-da-morte-bota-1.jpg","author_info":{"display_name":"El\u00edsabet Garc\u00eda","author_link":"https:\/\/www.escapadarural.com\/blog\/autor\/lagranescapada\/"},"yoast_head":"<!-- This site is optimized with the Yoast SEO plugin v27.5 - https:\/\/yoast.com\/product\/yoast-seo-wordpress\/ -->\n<title>Ruta en coche por los faros de la Costa da Morte - EscapadaRural<\/title>\n<meta name=\"robots\" content=\"index, follow, max-snippet:-1, max-image-preview:large, max-video-preview:-1\" \/>\n<link rel=\"canonical\" href=\"https:\/\/www.escapadarural.com\/blog\/ruta-en-coche-por-los-faros-de-la-costa-da-morte\/\" \/>\n<meta property=\"og:locale\" content=\"es_ES\" \/>\n<meta property=\"og:type\" content=\"article\" \/>\n<meta property=\"og:title\" content=\"Ruta en coche por los faros de la Costa da Morte - EscapadaRural\" \/>\n<meta property=\"og:description\" content=\"La naturaleza escarpada y peligrosa de estos 200 kil\u00f3metros de litoral gallego motiv\u00f3 la construcci\u00f3n de 8 faros que recorren la Costa da Morte guiando a buen puerto a los navegantes\" \/>\n<meta property=\"og:url\" content=\"https:\/\/www.escapadarural.com\/blog\/ruta-en-coche-por-los-faros-de-la-costa-da-morte\/\" \/>\n<meta property=\"og:site_name\" content=\"Magazine de viajes de EscapadaRural\" \/>\n<meta property=\"article:publisher\" content=\"https:\/\/www.facebook.com\/escapadarural\" \/>\n<meta property=\"article:published_time\" content=\"2021-02-10T08:40:02+00:00\" \/>\n<meta property=\"article:modified_time\" content=\"2025-08-12T08:13:43+00:00\" \/>\n<meta property=\"og:image\" content=\"https:\/\/www.escapadarural.com\/blog\/wp-content\/uploads\/2024\/10\/faros-costa-da-morte-bota-1.jpg?v=1754986425\" \/>\n\t<meta property=\"og:image:width\" content=\"800\" \/>\n\t<meta property=\"og:image:height\" content=\"512\" \/>\n\t<meta property=\"og:image:type\" content=\"image\/jpeg\" \/>\n<meta name=\"author\" content=\"El\u00edsabet Garc\u00eda\" \/>\n<meta name=\"twitter:card\" content=\"summary_large_image\" \/>\n<meta name=\"twitter:label1\" content=\"Escrito por\" \/>\n\t<meta name=\"twitter:data1\" content=\"El\u00edsabet Garc\u00eda\" \/>\n\t<meta name=\"twitter:label2\" content=\"Tiempo de lectura\" \/>\n\t<meta name=\"twitter:data2\" content=\"6 minutos\" \/>\n<script type=\"application\/ld+json\" class=\"yoast-schema-graph\">{\"@context\":\"https:\\\/\\\/schema.org\",\"@graph\":[{\"@type\":\"Article\",\"@id\":\"https:\\\/\\\/www.escapadarural.com\\\/blog\\\/ruta-en-coche-por-los-faros-de-la-costa-da-morte\\\/#article\",\"isPartOf\":{\"@id\":\"https:\\\/\\\/www.escapadarural.com\\\/blog\\\/ruta-en-coche-por-los-faros-de-la-costa-da-morte\\\/\"},\"author\":{\"name\":\"El\u00edsabet Garc\u00eda\",\"@id\":\"https:\\\/\\\/www.escapadarural.com\\\/blog\\\/#\\\/schema\\\/person\\\/2cac652e2d16373a24890ffaa220140f\"},\"headline\":\"Ruta en coche por los faros de la Costa da Morte\",\"datePublished\":\"2021-02-10T08:40:02+00:00\",\"dateModified\":\"2025-08-12T08:13:43+00:00\",\"mainEntityOfPage\":{\"@id\":\"https:\\\/\\\/www.escapadarural.com\\\/blog\\\/ruta-en-coche-por-los-faros-de-la-costa-da-morte\\\/\"},\"wordCount\":919,\"commentCount\":2,\"publisher\":{\"@id\":\"https:\\\/\\\/www.escapadarural.com\\\/blog\\\/#organization\"},\"image\":{\"@id\":\"https:\\\/\\\/www.escapadarural.com\\\/blog\\\/ruta-en-coche-por-los-faros-de-la-costa-da-morte\\\/#primaryimage\"},\"thumbnailUrl\":\"https:\\\/\\\/www.escapadarural.com\\\/blog\\\/wp-content\\\/uploads\\\/2024\\\/10\\\/faros-costa-da-morte-bota-1.jpg\",\"keywords\":[\"A Coru\u00f1a\",\"art\u00edculo\",\"Costa da Morte\",\"faros\",\"Galicia\"],\"articleSection\":[\"Destinos\",\"Rutas y excursiones\"],\"inLanguage\":\"es\",\"potentialAction\":[{\"@type\":\"CommentAction\",\"name\":\"Comment\",\"target\":[\"https:\\\/\\\/www.escapadarural.com\\\/blog\\\/ruta-en-coche-por-los-faros-de-la-costa-da-morte\\\/#respond\"]}]},{\"@type\":\"WebPage\",\"@id\":\"https:\\\/\\\/www.escapadarural.com\\\/blog\\\/ruta-en-coche-por-los-faros-de-la-costa-da-morte\\\/\",\"url\":\"https:\\\/\\\/www.escapadarural.com\\\/blog\\\/ruta-en-coche-por-los-faros-de-la-costa-da-morte\\\/\",\"name\":\"Ruta en coche por los faros de la Costa da Morte - EscapadaRural\",\"isPartOf\":{\"@id\":\"https:\\\/\\\/www.escapadarural.com\\\/blog\\\/#website\"},\"primaryImageOfPage\":{\"@id\":\"https:\\\/\\\/www.escapadarural.com\\\/blog\\\/ruta-en-coche-por-los-faros-de-la-costa-da-morte\\\/#primaryimage\"},\"image\":{\"@id\":\"https:\\\/\\\/www.escapadarural.com\\\/blog\\\/ruta-en-coche-por-los-faros-de-la-costa-da-morte\\\/#primaryimage\"},\"thumbnailUrl\":\"https:\\\/\\\/www.escapadarural.com\\\/blog\\\/wp-content\\\/uploads\\\/2024\\\/10\\\/faros-costa-da-morte-bota-1.jpg\",\"datePublished\":\"2021-02-10T08:40:02+00:00\",\"dateModified\":\"2025-08-12T08:13:43+00:00\",\"breadcrumb\":{\"@id\":\"https:\\\/\\\/www.escapadarural.com\\\/blog\\\/ruta-en-coche-por-los-faros-de-la-costa-da-morte\\\/#breadcrumb\"},\"inLanguage\":\"es\",\"potentialAction\":[{\"@type\":\"ReadAction\",\"target\":[\"https:\\\/\\\/www.escapadarural.com\\\/blog\\\/ruta-en-coche-por-los-faros-de-la-costa-da-morte\\\/\"]}]},{\"@type\":\"ImageObject\",\"inLanguage\":\"es\",\"@id\":\"https:\\\/\\\/www.escapadarural.com\\\/blog\\\/ruta-en-coche-por-los-faros-de-la-costa-da-morte\\\/#primaryimage\",\"url\":\"https:\\\/\\\/www.escapadarural.com\\\/blog\\\/wp-content\\\/uploads\\\/2024\\\/10\\\/faros-costa-da-morte-bota-1.jpg\",\"contentUrl\":\"https:\\\/\\\/www.escapadarural.com\\\/blog\\\/wp-content\\\/uploads\\\/2024\\\/10\\\/faros-costa-da-morte-bota-1.jpg\",\"width\":800,\"height\":512,\"caption\":\"Una \u00fanica escultura de bota de bronce se asienta sobre una gran roca que domina el azul profundo del oc\u00e9ano, con algunas peque\u00f1as plantas visibles en el borde izquierdo.\"},{\"@type\":\"BreadcrumbList\",\"@id\":\"https:\\\/\\\/www.escapadarural.com\\\/blog\\\/ruta-en-coche-por-los-faros-de-la-costa-da-morte\\\/#breadcrumb\",\"itemListElement\":[{\"@type\":\"ListItem\",\"position\":1,\"name\":\"Inicio\",\"item\":\"https:\\\/\\\/www.escapadarural.com\\\/blog\\\/\"},{\"@type\":\"ListItem\",\"position\":2,\"name\":\"Destinos\",\"item\":\"https:\\\/\\\/www.escapadarural.com\\\/blog\\\/categoria\\\/destinos\\\/\"},{\"@type\":\"ListItem\",\"position\":3,\"name\":\"Ruta en coche por los faros de la Costa da Morte\"}]},{\"@type\":\"WebSite\",\"@id\":\"https:\\\/\\\/www.escapadarural.com\\\/blog\\\/#website\",\"url\":\"https:\\\/\\\/www.escapadarural.com\\\/blog\\\/\",\"name\":\"Blog de viajes | turismo rural, alojamientos e inspiraci\u00f3n\",\"description\":\"Alojamientos rurales e inspiraci\u00f3n para tus escapadas\",\"publisher\":{\"@id\":\"https:\\\/\\\/www.escapadarural.com\\\/blog\\\/#organization\"},\"alternateName\":\"Magazine de viajes de EscapadaRural\",\"potentialAction\":[{\"@type\":\"SearchAction\",\"target\":{\"@type\":\"EntryPoint\",\"urlTemplate\":\"https:\\\/\\\/www.escapadarural.com\\\/blog\\\/?s={search_term_string}\"},\"query-input\":{\"@type\":\"PropertyValueSpecification\",\"valueRequired\":true,\"valueName\":\"search_term_string\"}}],\"inLanguage\":\"es\"},{\"@type\":\"Organization\",\"@id\":\"https:\\\/\\\/www.escapadarural.com\\\/blog\\\/#organization\",\"name\":\"EscapadaRural\",\"url\":\"https:\\\/\\\/www.escapadarural.com\\\/blog\\\/\",\"logo\":{\"@type\":\"ImageObject\",\"inLanguage\":\"es\",\"@id\":\"https:\\\/\\\/www.escapadarural.com\\\/blog\\\/#\\\/schema\\\/logo\\\/image\\\/\",\"url\":\"https:\\\/\\\/www.escapadarural.com\\\/blog\\\/wp-content\\\/uploads\\\/2024\\\/10\\\/cropped-cropped-escapada-rural-icon-mag-3.png\",\"contentUrl\":\"https:\\\/\\\/www.escapadarural.com\\\/blog\\\/wp-content\\\/uploads\\\/2024\\\/10\\\/cropped-cropped-escapada-rural-icon-mag-3.png\",\"width\":512,\"height\":512,\"caption\":\"EscapadaRural\"},\"image\":{\"@id\":\"https:\\\/\\\/www.escapadarural.com\\\/blog\\\/#\\\/schema\\\/logo\\\/image\\\/\"},\"sameAs\":[\"https:\\\/\\\/www.facebook.com\\\/escapadarural\",\"https:\\\/\\\/www.instagram.com\\\/escapadarural\\\/\",\"https:\\\/\\\/www.youtube.com\\\/@escapadaruralcom\"]},{\"@type\":\"Person\",\"@id\":\"https:\\\/\\\/www.escapadarural.com\\\/blog\\\/#\\\/schema\\\/person\\\/2cac652e2d16373a24890ffaa220140f\",\"name\":\"El\u00edsabet Garc\u00eda\",\"image\":{\"@type\":\"ImageObject\",\"inLanguage\":\"es\",\"@id\":\"https:\\\/\\\/www.escapadarural.com\\\/blog\\\/wp-content\\\/uploads\\\/2025\\\/02\\\/elisabet_gran_escapada.webp\",\"url\":\"https:\\\/\\\/www.escapadarural.com\\\/blog\\\/wp-content\\\/uploads\\\/2025\\\/02\\\/elisabet_gran_escapada.webp\",\"contentUrl\":\"https:\\\/\\\/www.escapadarural.com\\\/blog\\\/wp-content\\\/uploads\\\/2025\\\/02\\\/elisabet_gran_escapada.webp\",\"caption\":\"El\u00edsabet Garc\u00eda\"},\"description\":\"Hola a todos! Soy El\u00edsabet Garc\u00eda, Consultora Inform\u00e1tica y, desde hace 7 a\u00f1os, blogger de viajes. Me apasiona viajar, conocer lugares inh\u00f3spitos, experimentar aventuras, perderme por la naturaleza y saborear la gastronom\u00eda local de cada lugar. Coeditora del blog lagranescapada.com junto a Mar Gonz\u00e1lez, un lugar que creamos para compartir cada nueva escapada que hacemos por el mundo.\",\"sameAs\":[\"https:\\\/\\\/lagranescapada.com\\\/\"],\"url\":\"https:\\\/\\\/www.escapadarural.com\\\/blog\\\/autor\\\/lagranescapada\\\/\"}]}<\/script>\n<!-- \/ Yoast SEO plugin. -->","yoast_head_json":{"title":"Ruta en coche por los faros de la Costa da Morte - EscapadaRural","robots":{"index":"index","follow":"follow","max-snippet":"max-snippet:-1","max-image-preview":"max-image-preview:large","max-video-preview":"max-video-preview:-1"},"canonical":"https:\/\/www.escapadarural.com\/blog\/ruta-en-coche-por-los-faros-de-la-costa-da-morte\/","og_locale":"es_ES","og_type":"article","og_title":"Ruta en coche por los faros de la Costa da Morte - EscapadaRural","og_description":"La naturaleza escarpada y peligrosa de estos 200 kil\u00f3metros de litoral gallego motiv\u00f3 la construcci\u00f3n de 8 faros que recorren la Costa da Morte guiando a buen puerto a los navegantes","og_url":"https:\/\/www.escapadarural.com\/blog\/ruta-en-coche-por-los-faros-de-la-costa-da-morte\/","og_site_name":"Magazine de viajes de EscapadaRural","article_publisher":"https:\/\/www.facebook.com\/escapadarural","article_published_time":"2021-02-10T08:40:02+00:00","article_modified_time":"2025-08-12T08:13:43+00:00","og_image":[{"width":800,"height":512,"url":"https:\/\/www.escapadarural.com\/blog\/wp-content\/uploads\/2024\/10\/faros-costa-da-morte-bota-1.jpg?v=1754986425","type":"image\/jpeg"}],"author":"El\u00edsabet Garc\u00eda","twitter_card":"summary_large_image","twitter_misc":{"Escrito por":"El\u00edsabet Garc\u00eda","Tiempo de lectura":"6 minutos"},"schema":{"@context":"https:\/\/schema.org","@graph":[{"@type":"Article","@id":"https:\/\/www.escapadarural.com\/blog\/ruta-en-coche-por-los-faros-de-la-costa-da-morte\/#article","isPartOf":{"@id":"https:\/\/www.escapadarural.com\/blog\/ruta-en-coche-por-los-faros-de-la-costa-da-morte\/"},"author":{"name":"El\u00edsabet Garc\u00eda","@id":"https:\/\/www.escapadarural.com\/blog\/#\/schema\/person\/2cac652e2d16373a24890ffaa220140f"},"headline":"Ruta en coche por los faros de la Costa da Morte","datePublished":"2021-02-10T08:40:02+00:00","dateModified":"2025-08-12T08:13:43+00:00","mainEntityOfPage":{"@id":"https:\/\/www.escapadarural.com\/blog\/ruta-en-coche-por-los-faros-de-la-costa-da-morte\/"},"wordCount":919,"commentCount":2,"publisher":{"@id":"https:\/\/www.escapadarural.com\/blog\/#organization"},"image":{"@id":"https:\/\/www.escapadarural.com\/blog\/ruta-en-coche-por-los-faros-de-la-costa-da-morte\/#primaryimage"},"thumbnailUrl":"https:\/\/www.escapadarural.com\/blog\/wp-content\/uploads\/2024\/10\/faros-costa-da-morte-bota-1.jpg","keywords":["A Coru\u00f1a","art\u00edculo","Costa da Morte","faros","Galicia"],"articleSection":["Destinos","Rutas y excursiones"],"inLanguage":"es","potentialAction":[{"@type":"CommentAction","name":"Comment","target":["https:\/\/www.escapadarural.com\/blog\/ruta-en-coche-por-los-faros-de-la-costa-da-morte\/#respond"]}]},{"@type":"WebPage","@id":"https:\/\/www.escapadarural.com\/blog\/ruta-en-coche-por-los-faros-de-la-costa-da-morte\/","url":"https:\/\/www.escapadarural.com\/blog\/ruta-en-coche-por-los-faros-de-la-costa-da-morte\/","name":"Ruta en coche por los faros de la Costa da Morte - EscapadaRural","isPartOf":{"@id":"https:\/\/www.escapadarural.com\/blog\/#website"},"primaryImageOfPage":{"@id":"https:\/\/www.escapadarural.com\/blog\/ruta-en-coche-por-los-faros-de-la-costa-da-morte\/#primaryimage"},"image":{"@id":"https:\/\/www.escapadarural.com\/blog\/ruta-en-coche-por-los-faros-de-la-costa-da-morte\/#primaryimage"},"thumbnailUrl":"https:\/\/www.escapadarural.com\/blog\/wp-content\/uploads\/2024\/10\/faros-costa-da-morte-bota-1.jpg","datePublished":"2021-02-10T08:40:02+00:00","dateModified":"2025-08-12T08:13:43+00:00","breadcrumb":{"@id":"https:\/\/www.escapadarural.com\/blog\/ruta-en-coche-por-los-faros-de-la-costa-da-morte\/#breadcrumb"},"inLanguage":"es","potentialAction":[{"@type":"ReadAction","target":["https:\/\/www.escapadarural.com\/blog\/ruta-en-coche-por-los-faros-de-la-costa-da-morte\/"]}]},{"@type":"ImageObject","inLanguage":"es","@id":"https:\/\/www.escapadarural.com\/blog\/ruta-en-coche-por-los-faros-de-la-costa-da-morte\/#primaryimage","url":"https:\/\/www.escapadarural.com\/blog\/wp-content\/uploads\/2024\/10\/faros-costa-da-morte-bota-1.jpg","contentUrl":"https:\/\/www.escapadarural.com\/blog\/wp-content\/uploads\/2024\/10\/faros-costa-da-morte-bota-1.jpg","width":800,"height":512,"caption":"Una \u00fanica escultura de bota de bronce se asienta sobre una gran roca que domina el azul profundo del oc\u00e9ano, con algunas peque\u00f1as plantas visibles en el borde izquierdo."},{"@type":"BreadcrumbList","@id":"https:\/\/www.escapadarural.com\/blog\/ruta-en-coche-por-los-faros-de-la-costa-da-morte\/#breadcrumb","itemListElement":[{"@type":"ListItem","position":1,"name":"Inicio","item":"https:\/\/www.escapadarural.com\/blog\/"},{"@type":"ListItem","position":2,"name":"Destinos","item":"https:\/\/www.escapadarural.com\/blog\/categoria\/destinos\/"},{"@type":"ListItem","position":3,"name":"Ruta en coche por los faros de la Costa da Morte"}]},{"@type":"WebSite","@id":"https:\/\/www.escapadarural.com\/blog\/#website","url":"https:\/\/www.escapadarural.com\/blog\/","name":"Blog de viajes | turismo rural, alojamientos e inspiraci\u00f3n","description":"Alojamientos rurales e inspiraci\u00f3n para tus escapadas","publisher":{"@id":"https:\/\/www.escapadarural.com\/blog\/#organization"},"alternateName":"Magazine de viajes de EscapadaRural","potentialAction":[{"@type":"SearchAction","target":{"@type":"EntryPoint","urlTemplate":"https:\/\/www.escapadarural.com\/blog\/?s={search_term_string}"},"query-input":{"@type":"PropertyValueSpecification","valueRequired":true,"valueName":"search_term_string"}}],"inLanguage":"es"},{"@type":"Organization","@id":"https:\/\/www.escapadarural.com\/blog\/#organization","name":"EscapadaRural","url":"https:\/\/www.escapadarural.com\/blog\/","logo":{"@type":"ImageObject","inLanguage":"es","@id":"https:\/\/www.escapadarural.com\/blog\/#\/schema\/logo\/image\/","url":"https:\/\/www.escapadarural.com\/blog\/wp-content\/uploads\/2024\/10\/cropped-cropped-escapada-rural-icon-mag-3.png","contentUrl":"https:\/\/www.escapadarural.com\/blog\/wp-content\/uploads\/2024\/10\/cropped-cropped-escapada-rural-icon-mag-3.png","width":512,"height":512,"caption":"EscapadaRural"},"image":{"@id":"https:\/\/www.escapadarural.com\/blog\/#\/schema\/logo\/image\/"},"sameAs":["https:\/\/www.facebook.com\/escapadarural","https:\/\/www.instagram.com\/escapadarural\/","https:\/\/www.youtube.com\/@escapadaruralcom"]},{"@type":"Person","@id":"https:\/\/www.escapadarural.com\/blog\/#\/schema\/person\/2cac652e2d16373a24890ffaa220140f","name":"El\u00edsabet Garc\u00eda","image":{"@type":"ImageObject","inLanguage":"es","@id":"https:\/\/www.escapadarural.com\/blog\/wp-content\/uploads\/2025\/02\/elisabet_gran_escapada.webp","url":"https:\/\/www.escapadarural.com\/blog\/wp-content\/uploads\/2025\/02\/elisabet_gran_escapada.webp","contentUrl":"https:\/\/www.escapadarural.com\/blog\/wp-content\/uploads\/2025\/02\/elisabet_gran_escapada.webp","caption":"El\u00edsabet Garc\u00eda"},"description":"Hola a todos! Soy El\u00edsabet Garc\u00eda, Consultora Inform\u00e1tica y, desde hace 7 a\u00f1os, blogger de viajes. Me apasiona viajar, conocer lugares inh\u00f3spitos, experimentar aventuras, perderme por la naturaleza y saborear la gastronom\u00eda local de cada lugar. Coeditora del blog lagranescapada.com junto a Mar Gonz\u00e1lez, un lugar que creamos para compartir cada nueva escapada que hacemos por el mundo.","sameAs":["https:\/\/lagranescapada.com\/"],"url":"https:\/\/www.escapadarural.com\/blog\/autor\/lagranescapada\/"}]}},"_links":{"self":[{"href":"https:\/\/www.escapadarural.com\/blog\/wp-json\/wp\/v2\/posts\/37617","targetHints":{"allow":["GET"]}}],"collection":[{"href":"https:\/\/www.escapadarural.com\/blog\/wp-json\/wp\/v2\/posts"}],"about":[{"href":"https:\/\/www.escapadarural.com\/blog\/wp-json\/wp\/v2\/types\/post"}],"author":[{"embeddable":true,"href":"https:\/\/www.escapadarural.com\/blog\/wp-json\/wp\/v2\/users\/109"}],"replies":[{"embeddable":true,"href":"https:\/\/www.escapadarural.com\/blog\/wp-json\/wp\/v2\/comments?post=37617"}],"version-history":[{"count":0,"href":"https:\/\/www.escapadarural.com\/blog\/wp-json\/wp\/v2\/posts\/37617\/revisions"}],"wp:featuredmedia":[{"embeddable":true,"href":"https:\/\/www.escapadarural.com\/blog\/wp-json\/wp\/v2\/media\/102169"}],"wp:attachment":[{"href":"https:\/\/www.escapadarural.com\/blog\/wp-json\/wp\/v2\/media?parent=37617"}],"wp:term":[{"taxonomy":"category","embeddable":true,"href":"https:\/\/www.escapadarural.com\/blog\/wp-json\/wp\/v2\/categories?post=37617"},{"taxonomy":"post_tag","embeddable":true,"href":"https:\/\/www.escapadarural.com\/blog\/wp-json\/wp\/v2\/tags?post=37617"}],"curies":[{"name":"wp","href":"https:\/\/api.w.org\/{rel}","templated":true}]}}