{"id":38041,"date":"2021-02-04T10:20:13","date_gmt":"2021-02-04T09:20:13","guid":{"rendered":"https:\/\/www.escapadarural.com\/blog\/?p=38041"},"modified":"2025-04-14T15:57:04","modified_gmt":"2025-04-14T13:57:04","slug":"trago-de-noguera-59-anos-en-silencio","status":"publish","type":"post","link":"https:\/\/www.escapadarural.com\/blog\/trago-de-noguera-59-anos-en-silencio\/","title":{"rendered":"Trag\u00f3 de Noguera, 59 a\u00f1os en silencio"},"content":{"rendered":"\n<figure class=\"wp-block-image size-large\"><a href=\"https:\/\/www.escapadarural.com\/blog\/wp-content\/uploads\/1.jpg\"><img decoding=\"async\" src=\"https:\/\/www.escapadarural.com\/blog\/wp-content\/uploads\/1.jpg\" alt=\"Trag\u00f3 de Noguera\" class=\"wp-image-38050\"\/><\/a><figcaption class=\"wp-element-caption\">Aspecto general del pueblo de Trag\u00f3 de Noguera. A\u00f1o 1962. Por Pere Tufet \u2013 Arxiu Comarcal de la Noguera<\/figcaption><\/figure>\n\n\n\n<figure class=\"wp-block-gallery has-nested-images columns-default is-cropped wp-block-gallery-1 is-layout-flex wp-block-gallery-is-layout-flex\">\n<figure class=\"wp-block-image size-large\"><img decoding=\"async\" data-id=\"38061\" src=\"https:\/\/www.escapadarural.com\/blog\/wp-content\/uploads\/16-1024x715.jpg\" alt=\"Trag\u00f3 de Noguera\" class=\"wp-image-38061\"\/><figcaption class=\"wp-element-caption\">Las aguas suben y el pueblo sucumbe. A\u00f1o 1962. Por Pere Tufet \u2013 Arxiu Comarcal de la Noguera<\/figcaption><\/figure>\n\n\n\n<figure class=\"wp-block-image size-large\"><img decoding=\"async\" data-id=\"38062\" src=\"https:\/\/www.escapadarural.com\/blog\/wp-content\/uploads\/18-1024x768.jpg\" alt=\"Trag\u00f3 de Noguera\" class=\"wp-image-38062\"\/><figcaption class=\"wp-element-caption\">Trag\u00f3 de Noguera. A\u00f1o 2020. Por Francesc Antillach \u2013 Asociaci\u00f3n \u201cAmigos de Trag\u00f3 de Noguera\u201d<\/figcaption><\/figure>\n<\/figure>\n\n\n\n<p>Era 1962 cuando, en un pueblo de <a href=\"https:\/\/www.escapadarural.com\/casas-rurales\/lleida\" target=\"_blank\" aria-label=\"Lleida (opens in a new tab)\" rel=\"noreferrer noopener\" class=\"rank-math-link\">Lleida<\/a>, los vecinos tuvieron que dejar sus casas y tierras para rehacer sus vidas en otro lado. \u00bfEl motivo? La construcci\u00f3n del embalse de Santa Ana, hoy utilizado para el abastecimiento de agua potable, la generaci\u00f3n de electricidad y el regad\u00edo, dejar\u00eda Trag\u00f3 de Noguera bajo el agua.<\/p>\n\n\n\n<p><strong>Trag\u00f3 de Noguera<\/strong> no era extraordinario. Se parec\u00eda a tantos otros pueblos que hay repartidos por Espa\u00f1a, pero era el hogar de 600 personas. Familias numerosas que ganaban su sustento a trav\u00e9s de la agricultura y, como no hab\u00eda recursos suficientes para todos, en verano iban a buscarse la vida trabajando de jornaleros desde Lleida capital a los <a aria-label=\"Pirineos (opens in a new tab)\" href=\"https:\/\/www.escapadarural.com\/casas-rurales\/pirineu-catala\" target=\"_blank\" rel=\"noreferrer noopener\" class=\"rank-math-link\">Pirineos<\/a>.<\/p>\n\n\n\n<p>Antes de la expropiaci\u00f3n, el pueblo era importante para la comarca de la Noguera. Contaba con molinos de aceite y de harina, tiendas de comestibles, caf\u00e9s, dos escuelas -una para ni\u00f1os y otra para ni\u00f1as- y hasta un cine montado dentro de uno de los molinos. Hasta 1936 no hubo un camino donde pudieran circular los camiones. Para entrar o salir del pueblo hab\u00eda que ir a pie o con un caballo. A Trag\u00f3 de Noguera pertenec\u00edan los pueblos de Blancafort, Canelles, Boix y <a href=\"https:\/\/www.escapadarural.com\/casas-rurales\/alberola\" target=\"_blank\" aria-label=\"Alberola (opens in a new tab)\" rel=\"noreferrer noopener\" class=\"rank-math-link\">Alberola<\/a> -de los cuatro, solo el \u00faltimo sigui\u00f3 habitado-.<\/p>\n\n\n<div style=\"background-color: #d9edf7; color: #31708f; border-left-color: #31708f; \" class=\"ub-styled-box ub-notification-box wp-block-ub-styled-box\" id=\"ub-styled-box-7b6c3059-f135-49ea-9f87-1e8c74b709cd\">\n<p id=\"ub-styled-box-notification-content-\">\u00bfSab\u00edas que\u2026?<\/p>\n\n\n\n<p><em>En Blancafort naci\u00f3 en 1910 Rosa Mateu Ges\u00e9, bisabuela del jugador de f\u00fatbol Leo Messi. Rosa Mateu emigr\u00f3 a Argentina cuando ten\u00eda 18 a\u00f1os.<\/em><\/p>\n\n\n<\/div>\n\n\n<h2 class=\"wp-block-heading\" id=\"h-59-anos-de-la-inundacion-de-trago-de-noguera\"><strong>59 a\u00f1os de la inundaci\u00f3n de Trag\u00f3 de Noguera<\/strong><\/h2>\n\n\n\n<figure class=\"wp-block-image size-large\"><a href=\"https:\/\/www.escapadarural.com\/blog\/wp-content\/uploads\/14.jpg\"><img decoding=\"async\" src=\"https:\/\/www.escapadarural.com\/blog\/wp-content\/uploads\/14-1024x727.jpg\" alt=\"Trag\u00f3 de Noguera\" class=\"wp-image-38053\"\/><\/a><figcaption class=\"wp-element-caption\">Subida de las aguas. A\u00f1o 1962. Por Pere Tufet \u2013 Arxiu Comarcal de la Noguera (Lleida).<\/figcaption><\/figure>\n\n\n\n<p>Las obras del embalse de Santa Ana, entre las provincias de Huesca y Lleida, empezaron el 11 de septiembre de 1953, ejecutadas por la <a href=\"https:\/\/es.wikipedia.org\/wiki\/Empresa_Nacional_Hidroel%C3%A9ctrica_del_Ribagorzana\" target=\"_blank\" aria-label=\"ENHER (opens in a new tab)\" rel=\"noreferrer noopener\" class=\"rank-math-link\">ENHER<\/a> (Empresa Nacional Hidroel\u00e9ctrica del Ribagorzana) y dirigidas por el ingeniero Miguel Urquijo Landaluce. La presa fue inaugurada en 1970 por el entonces pr\u00edncipe <strong>Juan Carlos de Borb\u00f3n<\/strong>.<\/p>\n\n\n\n<p>La construcci\u00f3n del embalse influy\u00f3 de manera irreversible en las comarcas cercanas. Irreversible tambi\u00e9n fue la expropiaci\u00f3n forzosa de Trag\u00f3 de Noguera. Seg\u00fan Xavier Mora i Gin\u00e9, profesor de matem\u00e1ticas de la Universitat Aut\u00f3noma de Barcelona y presidente de la Asociaci\u00f3n <em><strong>Amics de Trag\u00f3 de Noguera<\/strong><\/em>, se calcula que en 1860 s\u00f3lo en el pueblo de Trag\u00f3 de Noguera viv\u00edan 1.000 personas. Y desde la d\u00e9cada de 1930, antes de empezar la Guerra Civil Espa\u00f1ola, se hablaba de la construcci\u00f3n del embalse, raz\u00f3n por la cual muchos vecinos emigraron antes de 1962.<\/p>\n\n\n\n<div style=\"width: 100%;\"><div style=\"position: relative; padding-bottom: 100.00%; padding-top: 0; height: 0;\"><iframe frameborder=\"0\" width=\"800\" height=\"800\" style=\"position: absolute; top: 0; left: 0; width: 100%; height: 100%;\" src=\"https:\/\/view.genial.ly\/601a55c4a442a00da74076ff\" type=\"text\/html\" allowscriptaccess=\"always\" allowfullscreen=\"true\" scrolling=\"yes\" allownetworking=\"all\"><\/iframe> <\/div> <\/div>\n\n\n\n<p>En el proceso de expropiaci\u00f3n, al principio se iban a indemnizar s\u00f3lo los terrenos que fuesen afectados por la subida del agua, es decir, \u201clas tierras m\u00e1s pr\u00f3ximas al r\u00edo eran mejores porque facilitaban el regad\u00edo y las m\u00e1s alejadas eran de menos calidad\u201d, explica Xavier. \u201cLo que ocurri\u00f3 es que, en este tipo de cosas, el que paga quiere pagar lo menos posible\u201d. Fue <strong>Mos\u00e9n Jos\u00e9 Mar\u00eda Roig<\/strong> quien \u201cintercedi\u00f3 por la gente del pueblo y consigui\u00f3 un trato algo m\u00e1s favorable\u201d. Mos\u00e9n Roig logr\u00f3 que se indemnizara a todo el t\u00e9rmino municipal, independientemente de si las tierras ser\u00edan anegadas o no.<\/p>\n\n\n\n<p>A diferencia de otros pueblos expropiados de Espa\u00f1a, en Trag\u00f3 de Noguera no se construy\u00f3 un pueblo nuevo para trasladar a los vecinos. \u201cSe contempl\u00f3 esta posibilidad, lo que pas\u00f3 es que como las tierras de m\u00e1s calidad eran las que quedaban inundadas, no les pareci\u00f3 que tuviera mucho sentido\u201d, explica Xavier.<\/p>\n\n\n\n<p>En 1962 los vecinos se marcharon a las poblaciones cercanas como Alfarr\u00e0s y Balaguer. Otros se fueron a grandes ciudades como Lleida, <a href=\"https:\/\/www.escapadarural.com\/casas-rurales\/barcelona\" target=\"_blank\" aria-label=\"Barcelona (opens in a new tab)\" rel=\"noreferrer noopener\" class=\"rank-math-link\">Barcelona<\/a> y Manresa. Pero tambi\u00e9n los que salieron del pa\u00eds y rehicieron sus vidas en Argentina, Francia y M\u00e9xico. Forzados, dejaron atr\u00e1s sus casas y tierras, anegadas bajo las aguas de Santa Ana. Y el silencio se apropi\u00f3 de un pueblo que antes, estaba lleno de vida.<\/p>\n\n\n\n<figure class=\"wp-block-gallery has-nested-images columns-default is-cropped wp-block-gallery-2 is-layout-flex wp-block-gallery-is-layout-flex\">\n<figure class=\"wp-block-image size-large\"><img decoding=\"async\" data-id=\"38054\" src=\"https:\/\/www.escapadarural.com\/blog\/wp-content\/uploads\/4-1024x671.jpg\" alt=\"Trag\u00f3 de Noguera\" class=\"wp-image-38054\"\/><figcaption class=\"wp-element-caption\">Calle de la Fuente. A\u00f1o 1962. Por Pere Tufet \u2013 Arxiu Comarcal de la Noguera<\/figcaption><\/figure>\n\n\n\n<figure class=\"wp-block-image size-large\"><img decoding=\"async\" data-id=\"38055\" src=\"https:\/\/www.escapadarural.com\/blog\/wp-content\/uploads\/5-1024x768.jpg\" alt=\"Trag\u00f3 de Noguera\" class=\"wp-image-38055\"\/><figcaption class=\"wp-element-caption\">Calle de la Fuente. A\u00f1o 2020. Por Francesc Antillach \u2013 Asociaci\u00f3n \u201cAmigos de Trag\u00f3 de Noguera\u201d<\/figcaption><\/figure>\n<\/figure>\n\n\n\n<p>Hace pocos a\u00f1os, algunos vecinos de Trag\u00f3 expresaron sus deseos de ser enterrados en el pueblo inundado. El ayuntamiento de <a href=\"https:\/\/www.escapadarural.com\/casas-rurales\/os-de-balaguer\" target=\"_blank\" aria-label=\"Os de Balaguer (opens in a new tab)\" rel=\"noreferrer noopener\" class=\"rank-math-link\">Os de Balaguer<\/a> -a quien ahora pertenece la zona de Trag\u00f3 de Noguera- accedi\u00f3 a la demanda de los vecinos y construy\u00f3 a pocos kil\u00f3metros del pueblo algunos nichos que ya tienen propietarios.<\/p>\n\n\n\n<h2 class=\"wp-block-heading\" id=\"h-los-amigos-de-trago-mantienen-viva-su-memoria\"><strong>Los Amigos de Trag\u00f3 mantienen viva su memoria<\/strong><\/h2>\n\n\n<div class=\"wp-block-image\">\n<figure class=\"aligncenter size-large\"><a href=\"https:\/\/www.escapadarural.com\/blog\/wp-content\/uploads\/9.jpg\"><img decoding=\"async\" src=\"https:\/\/www.escapadarural.com\/blog\/wp-content\/uploads\/9-673x1024.jpg\" alt=\"Trag\u00f3 de Noguera\" class=\"wp-image-38058\"\/><\/a><figcaption class=\"wp-element-caption\">Vecinos saliendo del Ayuntamiento tras una reuni\u00f3n sobre las expropiaciones. A\u00f1o 1962. Por Pere Tufet \u2013 Arxiu Comarcal de la Noguera<\/figcaption><\/figure>\n<\/div>\n\n\n<p>Cuando se inund\u00f3 el pueblo algunos vecinos iban hasta Trag\u00f3 para ver c\u00f3mo el agua llegaba a las casas. Ya no se pod\u00eda ir al cine, cuidar del ganado o jugar con los otros ni\u00f1os del pueblo. <strong>Trag\u00f3 de Noguera<\/strong> se qued\u00f3 bajo el agua de la presa, algunos pueden pensar que despu\u00e9s de eso se caer\u00eda en el olvido. No pueden estar m\u00e1s equivocados.<\/p>\n\n\n\n<p>En un intento por mantener viva la memoria est\u00e1 el trabajo de la <em><strong>Associaci\u00f3 Amics de Trag\u00f3 de Noguera<\/strong><\/em>. \u201cEste movimiento surgi\u00f3, de alguna forma, del hecho de que el pueblo haya sido abandonado\u201d, relata Xavier Mora, presidente de la asociaci\u00f3n. Para \u00e9l, al estar abandonado las personas tienen m\u00e1s inquietudes por mantener la memoria de Trag\u00f3 y encontrar sus ra\u00edces familiares.<\/p>\n\n\n\n<p>De los vecinos nacidos en Trag\u00f3 de Noguera quedan pocos, pero sus hijos y nietos no lo dejan caer en el olvido. Entre las acciones de los <em>Amics de Trag\u00f3<\/em> est\u00e1 el libro fotogr\u00e1fico del pueblo. \u201cHemos organizado una recopilaci\u00f3n de fotograf\u00edas que ten\u00eda la gente en su casa y lo hicimos en colaboraci\u00f3n con el <a label=\"Archivo Comarcal de Noguera (opens in a new tab)\" href=\"https:\/\/xac.gencat.cat\/ca\/llista_arxius_comarcals\/noguera\/detall\/Nova-Noticia-00555\" target=\"_blank\" rel=\"noreferrer noopener\" class=\"rank-math-link\">Archivo Comarcal de la Noguera<\/a>\u201d, comenta Xavier.<\/p>\n\n\n\n<p>En 2012, como acto conmemorativo del <strong>50\u00ba aniversario de la inundaci\u00f3n del pueblo<\/strong>, se reunieron m\u00e1s de 700 personas alrededor del antiguo monasterio femenino cisterciense de Santa Maria de Vallverd. El monasterio siempre ha sido el punto de encuentro para celebrar la Fiesta Mayor en honor a Sant Jordi, patr\u00f3n de Trag\u00f3 de Noguera. Desde la inundaci\u00f3n, los vecinos se siguen reuniendo cada a\u00f1o -menos ahora, por la pandemia.<\/p>\n\n\n\n<h2 class=\"wp-block-heading\" id=\"h-monasterio-de-santa-maria-de-vallverd\"><strong>Monasterio de Santa Maria de Vallverd<\/strong><\/h2>\n\n\n\n<figure class=\"wp-block-image size-large\"><a href=\"https:\/\/www.escapadarural.com\/blog\/wp-content\/uploads\/21-scaled.jpg\"><img decoding=\"async\" src=\"https:\/\/www.escapadarural.com\/blog\/wp-content\/uploads\/21-1024x768.jpg\" alt=\"Santa Maria de Vallverd\" class=\"wp-image-38051\"\/><\/a><figcaption class=\"wp-element-caption\">Restos del monasterio de Vallverd. A\u00f1o 2021.  Por Francesc Antillach \u2013 Asociaci\u00f3n \u201cAmigos de Trag\u00f3 de Noguera\u201d<\/figcaption><\/figure>\n\n\n\n<p>\u201cEstamos muy satisfechos de que este a\u00f1o hicimos, a pesar de la Covid, una obra de saneamiento del Monasterio de Vallverd\u201d, cuenta Xavier. El monasterio, que no fue afectado por el embalse, fue fundado en el a\u00f1o de 1172 por Ermessenda d\u2019\u00c0ger y su marido Arnau d\u2019Anglesola.<\/p>\n\n\n\n<p>En el siglo XII, el monasterio, que perteneci\u00f3 a la <strong>Orden del C\u00edster<\/strong>, recibi\u00f3 diversas donaciones que convirtieron a su abadesa en se\u00f1ora feudal de Trag\u00f3 de Noguera. Los vecinos del pueblo pagaban sus impuestos al monasterio. \u201cLo que era Trag\u00f3 debe mucho a su relaci\u00f3n con el monasterio\u201d, explica Xavier.<\/p>\n\n\n\n<p>Siglos m\u00e1s tarde hubo la desamortizaci\u00f3n del monasterio y se subast\u00f3. Pas\u00f3 a ser propiedad de una familia del pueblo, que lo utiliz\u00f3 como instalaci\u00f3n agr\u00edcola. A d\u00eda de hoy se conserva la cabecera de la iglesia con tres \u00e1bsides y la nave transversal. Tras a\u00f1os de abandono y estado ruinoso la Asociaci\u00f3n est\u00e1 realizando los procesos de restauraci\u00f3n porque este es el s\u00edmbolo de Trag\u00f3 de Noguera: \u201cY creemos que tiene mucho sentido para <strong>mantener viva la memoria<\/strong> del pueblo\u201d.<\/p>\n","protected":false},"excerpt":{"rendered":"<p>Era 1962 cuando, en un pueblo de Lleida, los vecinos tuvieron que dejar sus casas y tierras para rehacer sus vidas en otro lado. \u00bfEl motivo? La construcci\u00f3n del embalse de Santa Ana, hoy utilizado para el abastecimiento de agua potable, la generaci\u00f3n de electricidad y el regad\u00edo, dejar\u00eda Trag\u00f3 de Noguera bajo el agua.<\/p>\n","protected":false},"author":119,"featured_media":102182,"comment_status":"open","ping_status":"open","sticky":false,"template":"","format":"standard","meta":{"_acf_changed":false,"om_disable_all_campaigns":false,"footnotes":""},"categories":[231],"tags":[260,5994,2423,3102,3103,511,440,196,2365,3104],"class_list":["post-38041","post","type-post","status-publish","format-standard","has-post-thumbnail","hentry","category-arte-y-cultura","tag-articulo","tag-que-ver-en-cataluna","tag-despoblacion","tag-embalse-de-santa-ana","tag-expropiacion","tag-familia","tag-historias-y-curiosidades","tag-que-ver-en-lleida","tag-noguera","tag-trago-de-noguera"],"acf":[],"featured_image_src":"https:\/\/www.escapadarural.com\/blog\/wp-content\/uploads\/2024\/10\/1.jpg","author_info":{"display_name":"Caroline Dalpr\u00e1","author_link":"https:\/\/www.escapadarural.com\/blog\/autor\/caroline\/"},"yoast_head":"<!-- This site is optimized with the Yoast SEO plugin v27.5 - https:\/\/yoast.com\/product\/yoast-seo-wordpress\/ -->\n<title>Trag\u00f3 de Noguera, 59 a\u00f1os en silencio - EscapadaRural<\/title>\n<meta name=\"robots\" content=\"index, follow, max-snippet:-1, max-image-preview:large, max-video-preview:-1\" \/>\n<link rel=\"canonical\" href=\"https:\/\/www.escapadarural.com\/blog\/trago-de-noguera-59-anos-en-silencio\/\" \/>\n<meta property=\"og:locale\" content=\"es_ES\" \/>\n<meta property=\"og:type\" content=\"article\" \/>\n<meta property=\"og:title\" content=\"Trag\u00f3 de Noguera, 59 a\u00f1os en silencio - EscapadaRural\" \/>\n<meta property=\"og:description\" content=\"Era 1962 cuando, en un pueblo de Lleida, los vecinos tuvieron que dejar sus casas y tierras para rehacer sus vidas en otro lado. \u00bfEl motivo? La construcci\u00f3n del embalse de Santa Ana, hoy utilizado para el abastecimiento de agua potable, la generaci\u00f3n de electricidad y el regad\u00edo, dejar\u00eda Trag\u00f3 de Noguera bajo el agua.\" \/>\n<meta property=\"og:url\" content=\"https:\/\/www.escapadarural.com\/blog\/trago-de-noguera-59-anos-en-silencio\/\" \/>\n<meta property=\"og:site_name\" content=\"Magazine de viajes de EscapadaRural\" \/>\n<meta property=\"article:publisher\" content=\"https:\/\/www.facebook.com\/escapadarural\" \/>\n<meta property=\"article:published_time\" content=\"2021-02-04T09:20:13+00:00\" \/>\n<meta property=\"article:modified_time\" content=\"2025-04-14T13:57:04+00:00\" \/>\n<meta property=\"og:image\" content=\"https:\/\/app.escapadarural.com\/blog\/wp-content\/uploads\/2024\/10\/1.jpg\" \/>\n\t<meta property=\"og:image:width\" content=\"1024\" \/>\n\t<meta property=\"og:image:height\" content=\"683\" \/>\n\t<meta property=\"og:image:type\" content=\"image\/jpeg\" \/>\n<meta name=\"author\" content=\"Caroline Dalpr\u00e1\" \/>\n<meta name=\"twitter:card\" content=\"summary_large_image\" \/>\n<meta name=\"twitter:label1\" content=\"Escrito por\" \/>\n\t<meta name=\"twitter:data1\" content=\"Caroline Dalpr\u00e1\" \/>\n\t<meta name=\"twitter:label2\" content=\"Tiempo de lectura\" \/>\n\t<meta name=\"twitter:data2\" content=\"8 minutos\" \/>\n<script type=\"application\/ld+json\" class=\"yoast-schema-graph\">{\"@context\":\"https:\\\/\\\/schema.org\",\"@graph\":[{\"@type\":\"Article\",\"@id\":\"https:\\\/\\\/www.escapadarural.com\\\/blog\\\/trago-de-noguera-59-anos-en-silencio\\\/#article\",\"isPartOf\":{\"@id\":\"https:\\\/\\\/www.escapadarural.com\\\/blog\\\/trago-de-noguera-59-anos-en-silencio\\\/\"},\"author\":{\"name\":\"Caroline Dalpr\u00e1\",\"@id\":\"https:\\\/\\\/www.escapadarural.com\\\/blog\\\/#\\\/schema\\\/person\\\/71a3509afe98d853c3837b4889cdab61\"},\"headline\":\"Trag\u00f3 de Noguera, 59 a\u00f1os en silencio\",\"datePublished\":\"2021-02-04T09:20:13+00:00\",\"dateModified\":\"2025-04-14T13:57:04+00:00\",\"mainEntityOfPage\":{\"@id\":\"https:\\\/\\\/www.escapadarural.com\\\/blog\\\/trago-de-noguera-59-anos-en-silencio\\\/\"},\"wordCount\":1330,\"commentCount\":3,\"publisher\":{\"@id\":\"https:\\\/\\\/www.escapadarural.com\\\/blog\\\/#organization\"},\"image\":{\"@id\":\"https:\\\/\\\/www.escapadarural.com\\\/blog\\\/trago-de-noguera-59-anos-en-silencio\\\/#primaryimage\"},\"thumbnailUrl\":\"https:\\\/\\\/www.escapadarural.com\\\/blog\\\/wp-content\\\/uploads\\\/2024\\\/10\\\/1.jpg\",\"keywords\":[\"art\u00edculo\",\"Catalu\u00f1a\",\"despoblaci\u00f3n\",\"Embalse de Santa Ana\",\"expropiaci\u00f3n\",\"Familia\",\"Historias y Curiosidades\",\"Lleida\",\"Noguera\",\"Trag\u00f3 de Noguera\"],\"articleSection\":[\"Arte y Cultura\"],\"inLanguage\":\"es\",\"potentialAction\":[{\"@type\":\"CommentAction\",\"name\":\"Comment\",\"target\":[\"https:\\\/\\\/www.escapadarural.com\\\/blog\\\/trago-de-noguera-59-anos-en-silencio\\\/#respond\"]}]},{\"@type\":\"WebPage\",\"@id\":\"https:\\\/\\\/www.escapadarural.com\\\/blog\\\/trago-de-noguera-59-anos-en-silencio\\\/\",\"url\":\"https:\\\/\\\/www.escapadarural.com\\\/blog\\\/trago-de-noguera-59-anos-en-silencio\\\/\",\"name\":\"Trag\u00f3 de Noguera, 59 a\u00f1os en silencio - EscapadaRural\",\"isPartOf\":{\"@id\":\"https:\\\/\\\/www.escapadarural.com\\\/blog\\\/#website\"},\"primaryImageOfPage\":{\"@id\":\"https:\\\/\\\/www.escapadarural.com\\\/blog\\\/trago-de-noguera-59-anos-en-silencio\\\/#primaryimage\"},\"image\":{\"@id\":\"https:\\\/\\\/www.escapadarural.com\\\/blog\\\/trago-de-noguera-59-anos-en-silencio\\\/#primaryimage\"},\"thumbnailUrl\":\"https:\\\/\\\/www.escapadarural.com\\\/blog\\\/wp-content\\\/uploads\\\/2024\\\/10\\\/1.jpg\",\"datePublished\":\"2021-02-04T09:20:13+00:00\",\"dateModified\":\"2025-04-14T13:57:04+00:00\",\"breadcrumb\":{\"@id\":\"https:\\\/\\\/www.escapadarural.com\\\/blog\\\/trago-de-noguera-59-anos-en-silencio\\\/#breadcrumb\"},\"inLanguage\":\"es\",\"potentialAction\":[{\"@type\":\"ReadAction\",\"target\":[\"https:\\\/\\\/www.escapadarural.com\\\/blog\\\/trago-de-noguera-59-anos-en-silencio\\\/\"]}]},{\"@type\":\"ImageObject\",\"inLanguage\":\"es\",\"@id\":\"https:\\\/\\\/www.escapadarural.com\\\/blog\\\/trago-de-noguera-59-anos-en-silencio\\\/#primaryimage\",\"url\":\"https:\\\/\\\/www.escapadarural.com\\\/blog\\\/wp-content\\\/uploads\\\/2024\\\/10\\\/1.jpg\",\"contentUrl\":\"https:\\\/\\\/www.escapadarural.com\\\/blog\\\/wp-content\\\/uploads\\\/2024\\\/10\\\/1.jpg\",\"width\":1024,\"height\":683,\"caption\":\"Fotograf\u00eda en blanco y negro de un pueblo en la ladera de una colina con casas apretadas junto a un r\u00edo serpenteante y una pasarela, rodeado de monta\u00f1as escarpadas.\"},{\"@type\":\"BreadcrumbList\",\"@id\":\"https:\\\/\\\/www.escapadarural.com\\\/blog\\\/trago-de-noguera-59-anos-en-silencio\\\/#breadcrumb\",\"itemListElement\":[{\"@type\":\"ListItem\",\"position\":1,\"name\":\"Inicio\",\"item\":\"https:\\\/\\\/www.escapadarural.com\\\/blog\\\/\"},{\"@type\":\"ListItem\",\"position\":2,\"name\":\"Uncategorized\",\"item\":\"https:\\\/\\\/www.escapadarural.com\\\/blog\\\/categoria\\\/uncategorized\\\/\"},{\"@type\":\"ListItem\",\"position\":3,\"name\":\"Trag\u00f3 de Noguera, 59 a\u00f1os en silencio\"}]},{\"@type\":\"WebSite\",\"@id\":\"https:\\\/\\\/www.escapadarural.com\\\/blog\\\/#website\",\"url\":\"https:\\\/\\\/www.escapadarural.com\\\/blog\\\/\",\"name\":\"Blog de viajes | turismo rural, alojamientos e inspiraci\u00f3n\",\"description\":\"Alojamientos rurales e inspiraci\u00f3n para tus escapadas\",\"publisher\":{\"@id\":\"https:\\\/\\\/www.escapadarural.com\\\/blog\\\/#organization\"},\"alternateName\":\"Magazine de viajes de EscapadaRural\",\"potentialAction\":[{\"@type\":\"SearchAction\",\"target\":{\"@type\":\"EntryPoint\",\"urlTemplate\":\"https:\\\/\\\/www.escapadarural.com\\\/blog\\\/?s={search_term_string}\"},\"query-input\":{\"@type\":\"PropertyValueSpecification\",\"valueRequired\":true,\"valueName\":\"search_term_string\"}}],\"inLanguage\":\"es\"},{\"@type\":\"Organization\",\"@id\":\"https:\\\/\\\/www.escapadarural.com\\\/blog\\\/#organization\",\"name\":\"EscapadaRural\",\"url\":\"https:\\\/\\\/www.escapadarural.com\\\/blog\\\/\",\"logo\":{\"@type\":\"ImageObject\",\"inLanguage\":\"es\",\"@id\":\"https:\\\/\\\/www.escapadarural.com\\\/blog\\\/#\\\/schema\\\/logo\\\/image\\\/\",\"url\":\"https:\\\/\\\/www.escapadarural.com\\\/blog\\\/wp-content\\\/uploads\\\/2024\\\/10\\\/cropped-cropped-escapada-rural-icon-mag-3.png\",\"contentUrl\":\"https:\\\/\\\/www.escapadarural.com\\\/blog\\\/wp-content\\\/uploads\\\/2024\\\/10\\\/cropped-cropped-escapada-rural-icon-mag-3.png\",\"width\":512,\"height\":512,\"caption\":\"EscapadaRural\"},\"image\":{\"@id\":\"https:\\\/\\\/www.escapadarural.com\\\/blog\\\/#\\\/schema\\\/logo\\\/image\\\/\"},\"sameAs\":[\"https:\\\/\\\/www.facebook.com\\\/escapadarural\",\"https:\\\/\\\/www.instagram.com\\\/escapadarural\\\/\",\"https:\\\/\\\/www.youtube.com\\\/@escapadaruralcom\"]},{\"@type\":\"Person\",\"@id\":\"https:\\\/\\\/www.escapadarural.com\\\/blog\\\/#\\\/schema\\\/person\\\/71a3509afe98d853c3837b4889cdab61\",\"name\":\"Caroline Dalpr\u00e1\",\"image\":{\"@type\":\"ImageObject\",\"inLanguage\":\"es\",\"@id\":\"https:\\\/\\\/secure.gravatar.com\\\/avatar\\\/7c69701bfb6edce5bb470d94ec03340a2dd7130049dcaa9f93a67689fbb9bce5?s=96&d=mm&r=g\",\"url\":\"https:\\\/\\\/secure.gravatar.com\\\/avatar\\\/7c69701bfb6edce5bb470d94ec03340a2dd7130049dcaa9f93a67689fbb9bce5?s=96&d=mm&r=g\",\"contentUrl\":\"https:\\\/\\\/secure.gravatar.com\\\/avatar\\\/7c69701bfb6edce5bb470d94ec03340a2dd7130049dcaa9f93a67689fbb9bce5?s=96&d=mm&r=g\",\"caption\":\"Caroline Dalpr\u00e1\"},\"description\":\"Periodista de viajes con debilidad por los pueblos con encanto. Brasile\u00f1a curiosa descubriendo la Espa\u00f1a rural, una escapada a la vez. En EscapadaRural llevo el tim\u00f3n del Marketing Digital y busco formas de contar lugares con alma.\",\"url\":\"https:\\\/\\\/www.escapadarural.com\\\/blog\\\/autor\\\/caroline\\\/\"}]}<\/script>\n<!-- \/ Yoast SEO plugin. -->","yoast_head_json":{"title":"Trag\u00f3 de Noguera, 59 a\u00f1os en silencio - EscapadaRural","robots":{"index":"index","follow":"follow","max-snippet":"max-snippet:-1","max-image-preview":"max-image-preview:large","max-video-preview":"max-video-preview:-1"},"canonical":"https:\/\/www.escapadarural.com\/blog\/trago-de-noguera-59-anos-en-silencio\/","og_locale":"es_ES","og_type":"article","og_title":"Trag\u00f3 de Noguera, 59 a\u00f1os en silencio - EscapadaRural","og_description":"Era 1962 cuando, en un pueblo de Lleida, los vecinos tuvieron que dejar sus casas y tierras para rehacer sus vidas en otro lado. \u00bfEl motivo? La construcci\u00f3n del embalse de Santa Ana, hoy utilizado para el abastecimiento de agua potable, la generaci\u00f3n de electricidad y el regad\u00edo, dejar\u00eda Trag\u00f3 de Noguera bajo el agua.","og_url":"https:\/\/www.escapadarural.com\/blog\/trago-de-noguera-59-anos-en-silencio\/","og_site_name":"Magazine de viajes de EscapadaRural","article_publisher":"https:\/\/www.facebook.com\/escapadarural","article_published_time":"2021-02-04T09:20:13+00:00","article_modified_time":"2025-04-14T13:57:04+00:00","og_image":[{"width":1024,"height":683,"url":"https:\/\/app.escapadarural.com\/blog\/wp-content\/uploads\/2024\/10\/1.jpg","type":"image\/jpeg"}],"author":"Caroline Dalpr\u00e1","twitter_card":"summary_large_image","twitter_misc":{"Escrito por":"Caroline Dalpr\u00e1","Tiempo de lectura":"8 minutos"},"schema":{"@context":"https:\/\/schema.org","@graph":[{"@type":"Article","@id":"https:\/\/www.escapadarural.com\/blog\/trago-de-noguera-59-anos-en-silencio\/#article","isPartOf":{"@id":"https:\/\/www.escapadarural.com\/blog\/trago-de-noguera-59-anos-en-silencio\/"},"author":{"name":"Caroline Dalpr\u00e1","@id":"https:\/\/www.escapadarural.com\/blog\/#\/schema\/person\/71a3509afe98d853c3837b4889cdab61"},"headline":"Trag\u00f3 de Noguera, 59 a\u00f1os en silencio","datePublished":"2021-02-04T09:20:13+00:00","dateModified":"2025-04-14T13:57:04+00:00","mainEntityOfPage":{"@id":"https:\/\/www.escapadarural.com\/blog\/trago-de-noguera-59-anos-en-silencio\/"},"wordCount":1330,"commentCount":3,"publisher":{"@id":"https:\/\/www.escapadarural.com\/blog\/#organization"},"image":{"@id":"https:\/\/www.escapadarural.com\/blog\/trago-de-noguera-59-anos-en-silencio\/#primaryimage"},"thumbnailUrl":"https:\/\/www.escapadarural.com\/blog\/wp-content\/uploads\/2024\/10\/1.jpg","keywords":["art\u00edculo","Catalu\u00f1a","despoblaci\u00f3n","Embalse de Santa Ana","expropiaci\u00f3n","Familia","Historias y Curiosidades","Lleida","Noguera","Trag\u00f3 de Noguera"],"articleSection":["Arte y Cultura"],"inLanguage":"es","potentialAction":[{"@type":"CommentAction","name":"Comment","target":["https:\/\/www.escapadarural.com\/blog\/trago-de-noguera-59-anos-en-silencio\/#respond"]}]},{"@type":"WebPage","@id":"https:\/\/www.escapadarural.com\/blog\/trago-de-noguera-59-anos-en-silencio\/","url":"https:\/\/www.escapadarural.com\/blog\/trago-de-noguera-59-anos-en-silencio\/","name":"Trag\u00f3 de Noguera, 59 a\u00f1os en silencio - EscapadaRural","isPartOf":{"@id":"https:\/\/www.escapadarural.com\/blog\/#website"},"primaryImageOfPage":{"@id":"https:\/\/www.escapadarural.com\/blog\/trago-de-noguera-59-anos-en-silencio\/#primaryimage"},"image":{"@id":"https:\/\/www.escapadarural.com\/blog\/trago-de-noguera-59-anos-en-silencio\/#primaryimage"},"thumbnailUrl":"https:\/\/www.escapadarural.com\/blog\/wp-content\/uploads\/2024\/10\/1.jpg","datePublished":"2021-02-04T09:20:13+00:00","dateModified":"2025-04-14T13:57:04+00:00","breadcrumb":{"@id":"https:\/\/www.escapadarural.com\/blog\/trago-de-noguera-59-anos-en-silencio\/#breadcrumb"},"inLanguage":"es","potentialAction":[{"@type":"ReadAction","target":["https:\/\/www.escapadarural.com\/blog\/trago-de-noguera-59-anos-en-silencio\/"]}]},{"@type":"ImageObject","inLanguage":"es","@id":"https:\/\/www.escapadarural.com\/blog\/trago-de-noguera-59-anos-en-silencio\/#primaryimage","url":"https:\/\/www.escapadarural.com\/blog\/wp-content\/uploads\/2024\/10\/1.jpg","contentUrl":"https:\/\/www.escapadarural.com\/blog\/wp-content\/uploads\/2024\/10\/1.jpg","width":1024,"height":683,"caption":"Fotograf\u00eda en blanco y negro de un pueblo en la ladera de una colina con casas apretadas junto a un r\u00edo serpenteante y una pasarela, rodeado de monta\u00f1as escarpadas."},{"@type":"BreadcrumbList","@id":"https:\/\/www.escapadarural.com\/blog\/trago-de-noguera-59-anos-en-silencio\/#breadcrumb","itemListElement":[{"@type":"ListItem","position":1,"name":"Inicio","item":"https:\/\/www.escapadarural.com\/blog\/"},{"@type":"ListItem","position":2,"name":"Uncategorized","item":"https:\/\/www.escapadarural.com\/blog\/categoria\/uncategorized\/"},{"@type":"ListItem","position":3,"name":"Trag\u00f3 de Noguera, 59 a\u00f1os en silencio"}]},{"@type":"WebSite","@id":"https:\/\/www.escapadarural.com\/blog\/#website","url":"https:\/\/www.escapadarural.com\/blog\/","name":"Blog de viajes | turismo rural, alojamientos e inspiraci\u00f3n","description":"Alojamientos rurales e inspiraci\u00f3n para tus escapadas","publisher":{"@id":"https:\/\/www.escapadarural.com\/blog\/#organization"},"alternateName":"Magazine de viajes de EscapadaRural","potentialAction":[{"@type":"SearchAction","target":{"@type":"EntryPoint","urlTemplate":"https:\/\/www.escapadarural.com\/blog\/?s={search_term_string}"},"query-input":{"@type":"PropertyValueSpecification","valueRequired":true,"valueName":"search_term_string"}}],"inLanguage":"es"},{"@type":"Organization","@id":"https:\/\/www.escapadarural.com\/blog\/#organization","name":"EscapadaRural","url":"https:\/\/www.escapadarural.com\/blog\/","logo":{"@type":"ImageObject","inLanguage":"es","@id":"https:\/\/www.escapadarural.com\/blog\/#\/schema\/logo\/image\/","url":"https:\/\/www.escapadarural.com\/blog\/wp-content\/uploads\/2024\/10\/cropped-cropped-escapada-rural-icon-mag-3.png","contentUrl":"https:\/\/www.escapadarural.com\/blog\/wp-content\/uploads\/2024\/10\/cropped-cropped-escapada-rural-icon-mag-3.png","width":512,"height":512,"caption":"EscapadaRural"},"image":{"@id":"https:\/\/www.escapadarural.com\/blog\/#\/schema\/logo\/image\/"},"sameAs":["https:\/\/www.facebook.com\/escapadarural","https:\/\/www.instagram.com\/escapadarural\/","https:\/\/www.youtube.com\/@escapadaruralcom"]},{"@type":"Person","@id":"https:\/\/www.escapadarural.com\/blog\/#\/schema\/person\/71a3509afe98d853c3837b4889cdab61","name":"Caroline Dalpr\u00e1","image":{"@type":"ImageObject","inLanguage":"es","@id":"https:\/\/secure.gravatar.com\/avatar\/7c69701bfb6edce5bb470d94ec03340a2dd7130049dcaa9f93a67689fbb9bce5?s=96&d=mm&r=g","url":"https:\/\/secure.gravatar.com\/avatar\/7c69701bfb6edce5bb470d94ec03340a2dd7130049dcaa9f93a67689fbb9bce5?s=96&d=mm&r=g","contentUrl":"https:\/\/secure.gravatar.com\/avatar\/7c69701bfb6edce5bb470d94ec03340a2dd7130049dcaa9f93a67689fbb9bce5?s=96&d=mm&r=g","caption":"Caroline Dalpr\u00e1"},"description":"Periodista de viajes con debilidad por los pueblos con encanto. Brasile\u00f1a curiosa descubriendo la Espa\u00f1a rural, una escapada a la vez. En EscapadaRural llevo el tim\u00f3n del Marketing Digital y busco formas de contar lugares con alma.","url":"https:\/\/www.escapadarural.com\/blog\/autor\/caroline\/"}]}},"_links":{"self":[{"href":"https:\/\/www.escapadarural.com\/blog\/wp-json\/wp\/v2\/posts\/38041","targetHints":{"allow":["GET"]}}],"collection":[{"href":"https:\/\/www.escapadarural.com\/blog\/wp-json\/wp\/v2\/posts"}],"about":[{"href":"https:\/\/www.escapadarural.com\/blog\/wp-json\/wp\/v2\/types\/post"}],"author":[{"embeddable":true,"href":"https:\/\/www.escapadarural.com\/blog\/wp-json\/wp\/v2\/users\/119"}],"replies":[{"embeddable":true,"href":"https:\/\/www.escapadarural.com\/blog\/wp-json\/wp\/v2\/comments?post=38041"}],"version-history":[{"count":0,"href":"https:\/\/www.escapadarural.com\/blog\/wp-json\/wp\/v2\/posts\/38041\/revisions"}],"wp:featuredmedia":[{"embeddable":true,"href":"https:\/\/www.escapadarural.com\/blog\/wp-json\/wp\/v2\/media\/102182"}],"wp:attachment":[{"href":"https:\/\/www.escapadarural.com\/blog\/wp-json\/wp\/v2\/media?parent=38041"}],"wp:term":[{"taxonomy":"category","embeddable":true,"href":"https:\/\/www.escapadarural.com\/blog\/wp-json\/wp\/v2\/categories?post=38041"},{"taxonomy":"post_tag","embeddable":true,"href":"https:\/\/www.escapadarural.com\/blog\/wp-json\/wp\/v2\/tags?post=38041"}],"curies":[{"name":"wp","href":"https:\/\/api.w.org\/{rel}","templated":true}]}}