{"id":38442,"date":"2021-02-12T09:00:00","date_gmt":"2021-02-12T08:00:00","guid":{"rendered":"https:\/\/www.escapadarural.com\/blog\/?p=38442"},"modified":"2025-03-10T11:39:23","modified_gmt":"2025-03-10T09:39:23","slug":"la-reina-coronada-despues-de-muerta","status":"publish","type":"post","link":"https:\/\/www.escapadarural.com\/blog\/la-reina-coronada-despues-de-muerta\/","title":{"rendered":"La reina coronada despu\u00e9s de muerta"},"content":{"rendered":"\n<figure class=\"wp-block-image size-large\"><a href=\"https:\/\/www.escapadarural.com\/blog\/wp-content\/uploads\/Webp.net-resizeimage-19.jpg\"><img decoding=\"async\" src=\"https:\/\/www.escapadarural.com\/blog\/wp-content\/uploads\/Webp.net-resizeimage-19.jpg\" alt=\"Don Pedro y la reina In\u00e9s de Castro\" class=\"wp-image-38455\"\/><\/a><figcaption class=\"wp-element-caption\">Don Pedro e In\u00e9s de Castro. Por Funda\u00e7\u00e3o In\u00eas de Castro<\/figcaption><\/figure>\n\n\n\n<p>Hay historias de amor que son eternas y que marcan lugares, tiempos, literatura, m\u00fasica. Romeo y Julieta, Cleopatra y Marco Antonio, Don Quijote y Dulcinea son personajes que nos llevan a viajar por las historias de amor y tragedia y siguen inspir\u00e1ndonos.<\/p>\n\n\n\n<p>En Portugal, la historia de amor de <strong>Don Pedro e In\u00e9s de Castro<\/strong> marc\u00f3 sin duda la historia del pa\u00eds e inspir\u00f3 a grandes escritores como Lu\u00eds de Cam\u00f5es, que dedic\u00f3 un episodio de <em>Os Lus\u00edadas<\/em> (la epopeya fundacional de Portugal) a la \u201cbella In\u00e9s\u201d.<\/p>\n\n\n\n<div class=\"wp-block-group\"><div class=\"wp-block-group__inner-container is-layout-flow wp-block-group-is-layout-flow\">\n<blockquote class=\"wp-block-quote has-text-align-center is-style-large is-layout-flow wp-block-quote-is-layout-flow\">\n<p>\u00abLas hijas del Mond\u00e9go \u00a1oh noche oscura!<br>Llorando sin cesar te recordaron;<br>Y para alta memoria, en fuente pura<br>Las l\u00e1grimas lloradas trasformaron:<br>El nombre le pusieron, que aun le dura,<br>De \u00abLas Cuitas de In\u00e9s\u00bb que all\u00ed pasaron;<br>Y de esa fuente, hoy vida de las flores,<br>Son l\u00e1grimas el agua, el nombre Amores.<br><\/p>\n<cite>\u2014 <a href=\"https:\/\/www.cervantesvirtual.com\/obra-visor\/los-lusiadas-poema-epico--0\/html\/fefa5d48-82b1-11df-acc7-002185ce6064_4.html\" class=\"rank-math-link\" target=\"_blank\">Lu\u00eds de Cam\u00f5es<\/a><\/cite><\/blockquote>\n<\/div><\/div>\n\n\n\n<p><strong>In\u00e9s de Castro<\/strong> era hija de Pedro Fern\u00e1ndez de Castro, se\u00f1or de Lemos y S\u00e1rria (Galicia), y de la noble dama portuguesa, Aldonza Lorenzo de Valladares (cerca de Melga\u00e7o, en la frontera entre Espa\u00f1a y Portugal). Su familia era descendiente de nobles gallegos y portugueses y tambi\u00e9n estaba vinculada a la familia real castellana por descendencia ileg\u00edtima.<\/p>\n\n\n\n<p>En 1339, In\u00e9s llega a Portugal como acompa\u00f1ante de Constanza Manuel de Villena, hija del noble Don Juan Manuel, cronista y poeta, se\u00f1or de varios pueblos y castillos, descendiente de los reyes de Castilla, Le\u00f3n y Arag\u00f3n. Poco tiempo despu\u00e9s, <strong>Constanza se cas\u00f3 con Don Pedro<\/strong>, infante de Portugal, hijo del rey Don Alfonso IV y de Beatriz de Castilla.<\/p>\n\n\n<div class=\"wp-block-image\">\n<figure class=\"aligncenter size-large\"><a href=\"https:\/\/www.escapadarural.com\/blog\/wp-content\/uploads\/Webp.net-resizeimage-15.jpg\"><img decoding=\"async\" src=\"https:\/\/www.escapadarural.com\/blog\/wp-content\/uploads\/Webp.net-resizeimage-15-724x1024.jpg\" alt=\"In\u00e9s de Castro\" class=\"wp-image-38458\"\/><\/a><figcaption class=\"wp-element-caption\">Representaci\u00f3n del siglo XIX de In\u00e9s de Castro, en Quinta da Regaleira. Por C\u00e2mara Municipal de Sintra<\/figcaption><\/figure>\n<\/div>\n\n\n<p>Como muchos matrimonios en la \u00e9poca, se combin\u00f3 para crear una alianza con otro reino. Esta conexi\u00f3n no fue del agrado del infante Don Pedro, que se mantuvo alejado de Constanza despu\u00e9s de la boda. En ese momento D. Pedro ya estar\u00eda perdidamente enamorado de la dama de compa\u00f1\u00eda de Constanza. Se dice que In\u00e9s era rubia, de pelo abundante y muy elegante.<\/p>\n\n\n\n<p>La historia de amor se hizo p\u00fablica r\u00e1pidamente y fue mal aceptada por la corte y por el rey Alfonso IV, que no ve\u00eda con buenos ojos la amistad entre Don Pedro y los hermanos de In\u00e9s de Castro, que ten\u00edan pretensiones de poder. Sin embargo, nada pudo detener el amor de los dos.<\/p>\n\n\n\n<p>El rey Alfonso IV orden\u00f3 entonces que In\u00e9s fuera expulsada de la corte en 1344 y la oblig\u00f3 a abandonar el pa\u00eds. In\u00e9s se refugi\u00f3 en el <strong>Castillo de Albuquerque<\/strong>, cerca de la frontera portuguesa, en <a href=\"https:\/\/www.escapadarural.com\/casas-rurales\/badajoz\" class=\"rank-math-link\">Badajoz<\/a>. Este era el castillo de Alfonso S\u00e1nchez, hermano bastardo de Don Alfonso IV, que el rey vio como otra afrenta. A pesar de todo esto, <strong>Don Pedro e In\u00e9s siguieron carte\u00e1ndose<\/strong>.<\/p>\n\n\n\n<figure class=\"wp-block-image size-large\"><a href=\"https:\/\/www.escapadarural.com\/blog\/wp-content\/uploads\/Alburquerque_Castillo_042.jpg\"><img decoding=\"async\" src=\"https:\/\/www.escapadarural.com\/blog\/wp-content\/uploads\/Alburquerque_Castillo_042.jpg\" alt=\"Castillo de Albuquerque\" class=\"wp-image-38464\"\/><\/a><figcaption class=\"wp-element-caption\">Castillo de Albuquerque, Badajoz. Por GFreihalter<\/figcaption><\/figure>\n\n\n\n<p>En 1354, Constanza muri\u00f3 en el parto al dar a luz a su tercer hijo, el futuro rey Don Fernando. Entonces Don Pedro se deshizo de ese matrimonio y orden\u00f3 el regreso de In\u00e9s, instal\u00e1ndola en una <strong>finca en Moledo<\/strong>, cerca de la sierra d&#8217;el Rei, donde vivieron momentos felices. All\u00ed tuvieron tres hijos: Alfonso, Juan y Dionisio.&nbsp;<\/p>\n\n\n\n<figure class=\"wp-block-image size-large\"><a href=\"https:\/\/www.escapadarural.com\/blog\/wp-content\/uploads\/Webp.net-resizeimage-5.jpg\"><img decoding=\"async\" src=\"https:\/\/www.escapadarural.com\/blog\/wp-content\/uploads\/Webp.net-resizeimage-5.jpg\" alt=\"Don Pedro e In\u00e9s\" class=\"wp-image-38463\"\/><\/a><figcaption class=\"wp-element-caption\">Don Pedro e In\u00e9s, Ruta P\u00fablica de Escultura de Moledo. Por Freguesia de S\u00e3o Bartolomeu dos Galegos e Moledo<\/figcaption><\/figure>\n\n\n<div style=\"background-color: #d9edf7; color: #31708f; border-left-color: #31708f; \" class=\"ub-styled-box ub-notification-box wp-block-ub-styled-box\" id=\"ub-styled-box-ac57871e-30a9-4a6d-86c7-f8279f792994\">\n<p id=\"ub-styled-box-notification-content-\">\u00bfQu\u00e9 visitar?<\/p>\n\n\n\n<p>En<strong>\u00a0Moledo<\/strong>, en el municipio de Lourinh\u00e3, se encontraba el\u00a0<strong>Pal\u00e1cio de Ca\u00e7a<\/strong>, donde se encontraban Don Pedro e In\u00e9s, del que actualmente s\u00f3lo quedan un muro y un pozo.<\/p>\n\n\n\n<p>Sin embargo, la poblaci\u00f3n quiso mantener vivo el paso de los dos amantes por este lugar y desarroll\u00f3 un proyecto de arte p\u00fablico, que eventualmente derivar\u00eda en la construcci\u00f3n de una\u00a0<strong>Ruta P\u00fablica de Escultura<\/strong>, con un total de 16 piezas, todas ellas alusivas a la pasi\u00f3n de Don Pedro e In\u00e9s de Castro.<\/p>\n\n\n<\/div>\n\n\n<p>La relaci\u00f3n entre los dos sigui\u00f3 siendo rechazada por la poblaci\u00f3n y la situaci\u00f3n empeor\u00f3 con la aparici\u00f3n de la plaga que empobreci\u00f3 al reino. Los campos una vez f\u00e9rtiles fueron abandonados y la poblaci\u00f3n huy\u00f3.<\/p>\n\n\n\n<p>Don Pedro decidi\u00f3 entonces marcharse con In\u00e9s y se instalaron en la <strong>Quinta do Canidelo<\/strong>. Don\u00f3 el patronato de la Iglesia de San Andr\u00e9s de Canidelo y la instal\u00f3 con todos los honores y comodidades. All\u00ed naci\u00f3 una hija en 1353, Beatriz.<\/p>\n\n\n\n<figure class=\"wp-block-image size-large\"><a href=\"https:\/\/www.escapadarural.com\/blog\/wp-content\/uploads\/Webp.net-resizeimage-6.jpg\"><img decoding=\"async\" src=\"https:\/\/www.escapadarural.com\/blog\/wp-content\/uploads\/Webp.net-resizeimage-6.jpg\" alt=\"Quinta do Canidelo\" class=\"wp-image-38462\"\/><\/a><figcaption class=\"wp-element-caption\">Quinta do Canidelo. Por O Cantinho das Arom\u00e1ticas<\/figcaption><\/figure>\n\n\n<div style=\"background-color: #d9edf7; color: #31708f; border-left-color: #31708f; \" class=\"ub-styled-box ub-notification-box wp-block-ub-styled-box\" id=\"ub-styled-box-c0b4ad47-1b28-4bd5-b6b3-7f37e86bf2ee\">\n<p id=\"ub-styled-box-notification-content-\">\u00bfQu\u00e9 visitar?<\/p>\n\n\n\n<p>En la antigua\u00a0<strong>Quinta do Canidelo<\/strong>, en Vila Nova de Gaia, existe ahora una casa del siglo XVIII, pero que conserva gran parte de las tierras originales. Actualmente, existe una finca agr\u00edcola dedicada a la producci\u00f3n de hierbas arom\u00e1ticas org\u00e1nicas \u201cO Cantinho das Arom\u00e1ticas\u201d.<\/p>\n\n\n<\/div>\n\n\n<p>Unos a\u00f1os m\u00e1s tarde, Don Pedro e In\u00e9s de Castro se trasladaron al <strong>Pa\u00e7o de Santa Clara<\/strong>, en Coimbra. Esta cercan\u00eda al Monasterio de Santa Clara fue muy mal vista por la gente que se opon\u00edan a ese amor.<\/p>\n\n\n\n<figure class=\"wp-block-image size-large\"><a href=\"https:\/\/www.escapadarural.com\/blog\/wp-content\/uploads\/1024px-Most_sta_clara_a_velha_3.jpg\"><img decoding=\"async\" src=\"https:\/\/www.escapadarural.com\/blog\/wp-content\/uploads\/1024px-Most_sta_clara_a_velha_3.jpg\" alt=\"Monasterio de Santa Clara-a-Velha\" class=\"wp-image-38456\"\/><\/a><figcaption class=\"wp-element-caption\">Antiguo Pa\u00e7o de Santa Clara, actual Monasterio de Santa Clara-a-Velha. Por Carlos Luis M C da Cruz<\/figcaption><\/figure>\n\n\n\n<p>El rey Alfonso IV tambi\u00e9n ve\u00eda con aprensi\u00f3n la existencia de los cuatro bastardos de Don Pedro, considerando que pod\u00eda amenazar la independencia del pa\u00eds. Sus consejeros P\u00earo Coelho, \u00c1lvaro Gon\u00e7alves y Diogo Lopes Pacheco tem\u00edan que los hermanos de In\u00e9s pudieran poner en peligro la vida del infante Don Fernando, el leg\u00edtimo heredero del trono, si In\u00e9s llegaba a ser reina alg\u00fan d\u00eda. Por esta raz\u00f3n, presionaron al rey para eliminar esta amenaza, matando a In\u00e9s de Castro.<\/p>\n\n\n\n<p>El 6 de enero de 1355 In\u00e9s es condenada a muerte en un juicio en el <strong>Castillo de Montemor-o-Velho<\/strong>. Al d\u00eda siguiente, Don Alfonso IV llega a Coimbra acompa\u00f1ado de sus consejeros armados.<\/p>\n\n\n\n<figure class=\"wp-block-image size-large\"><a href=\"https:\/\/www.escapadarural.com\/blog\/wp-content\/uploads\/1024px-MontemorVelho-CCBY-4.jpg\"><img decoding=\"async\" src=\"https:\/\/www.escapadarural.com\/blog\/wp-content\/uploads\/1024px-MontemorVelho-CCBY-4.jpg\" alt=\"Castillo de Montemor-o-Velho\" class=\"wp-image-38461\"\/><\/a><figcaption class=\"wp-element-caption\">Castillo de Montemor-o-Velho. Por Rui Ornelas<\/figcaption><\/figure>\n\n\n<div style=\"background-color: #d9edf7; color: #31708f; border-left-color: #31708f; \" class=\"ub-styled-box ub-notification-box wp-block-ub-styled-box\" id=\"ub-styled-box-a8588047-cc52-485a-ac38-e788071ce11e\">\n<p id=\"ub-styled-box-notification-content-\">\u00bfQu\u00e9 visitar?<\/p>\n\n\n\n<p>El\u00a0<strong>Castillo de Montemor-o-Velho<\/strong>\u00a0es la mayor fortificaci\u00f3n del r\u00edo Mondego y una de las m\u00e1s importantes del pa\u00eds, habiendo jugado un papel fundamental en la consolidaci\u00f3n de la independencia de lo que hoy es Portugal.<br><br>Desde lo alto de sus muros tendr\u00e1s una vista impresionante sobre los llanos y arrozales de Mondego. En el interior, encontrar\u00e1 las ruinas de la Capilla de San Juan y la antigua casa se\u00f1orial, la Iglesia de Santa Maria da Alc\u00e1\u00e7ova, de 1090, y la Torre do Rel\u00f3gio da Vila, construida en 1877.<\/p>\n\n\n<\/div>\n\n\n<figure class=\"wp-block-image size-large\"><a href=\"https:\/\/www.escapadarural.com\/blog\/wp-content\/uploads\/Ines_de_castro.jpg\"><img decoding=\"async\" src=\"https:\/\/www.escapadarural.com\/blog\/wp-content\/uploads\/Ines_de_castro.jpg\" alt=\"In\u00e9s de Castro\" class=\"wp-image-38466\"\/><\/a><figcaption class=\"wp-element-caption\">Drama de In\u00e9s de Castro, de Columbano Bordalo Pinheiro, en Museo Militar de Lisboa<\/figcaption><\/figure>\n\n\n\n<p>El 7 de enero de 1355, Don Pedro ten\u00eda previsto salir de caza. Don Alfonso IV y sus consejeros aprovecharon la ausencia de Don Pedro para entrar en el palacio y decapitaron a In\u00e9s, a pesar de las s\u00faplicas y gritos de sus hijos. Tras el asesinato, In\u00e9s fue enterrada en la <strong>Iglesia de Santa Clara<\/strong>.<\/p>\n\n\n\n<figure class=\"wp-block-image size-large\"><a href=\"https:\/\/www.escapadarural.com\/blog\/wp-content\/uploads\/Webp.net-resizeimage-7.jpg\"><img decoding=\"async\" src=\"https:\/\/www.escapadarural.com\/blog\/wp-content\/uploads\/Webp.net-resizeimage-7.jpg\" alt=\"Fuente de las L\u00e1grimas\" class=\"wp-image-38460\"\/><\/a><figcaption class=\"wp-element-caption\">Fuente de las L\u00e1grimas. Por Carlos Luis M C da Cruz<\/figcaption><\/figure>\n\n\n<div style=\"background-color: #d9edf7; color: #31708f; border-left-color: #31708f; \" class=\"ub-styled-box ub-notification-box wp-block-ub-styled-box\" id=\"ub-styled-box-ca66af5a-140e-4347-b63b-9d22a077b192\">\n<p id=\"ub-styled-box-notification-content-\">\u00bfQu\u00e9 visitar?<\/p>\n\n\n\n<p>En Coimbra,\u00a0<strong>Quinta das L\u00e1grimas<\/strong>\u00a0fue el escenario m\u00e1s grande del amor de Don Pedro e In\u00e9s de Castro y existen numerosas referencias a esta historia. Aqu\u00ed est\u00e1 la llamada\u00a0<strong>Fuente de los Amores<\/strong>, precisamente porque fue el escenario de este amor.<br><br>La otra fuente de la Quinta fue nombrada por el poeta Lu\u00eds de Cam\u00f5es en\u00a0<em>Os Lus\u00edadas<\/em>\u00a0como\u00a0<strong>Fuente de las L\u00e1grimas<\/strong>, refiri\u00e9ndose a que naci\u00f3 de las l\u00e1grimas derramadas por In\u00e9s cuando fue asesinada. En el fondo de la fuente hay unas peculiares algas rojas que dan a las piedras un tono rojizo. Cuenta la leyenda que fue en Quinta das L\u00e1grimas donde fue asesinada In\u00e9s y su sangre a\u00fan pinta las rocas de la fuente.<\/p>\n\n\n<\/div>\n\n\n<p><strong>El asesinato de In\u00e9s provoc\u00f3 la revuelta de Don Pedro<\/strong> contra su padre, el rey Don Alfonso IV, y se inici\u00f3 una guerra civil. Despu\u00e9s de meses de conflicto, la reina Beatriz pudo intervenir y sellar un acuerdo de paz en agosto de 1355.<\/p>\n\n\n\n<p>En 1357 muere Don Alfonso IV y asciende al trono Don Pedro. El nuevo rey busc\u00f3 inmediatamente venganza de los asesinos de In\u00e9s. En junio de 1360 declar\u00f3 en Cantanhede, ante testigos, que se habr\u00eda casado en secreto con In\u00e9s, en 1354, legitimando as\u00ed a los hijos de los dos y legalizando el matrimonio.<\/p>\n\n\n\n<p>Posteriormente Don Pedro desterr\u00f3 a P\u00earo Coelho y \u00c1lvaro Gon\u00e7alves. Solo Diogo Lopes Pacheco logr\u00f3 escapar a Arag\u00f3n y finalmente encontr\u00f3 refugio en Francia. Los dos hombres fueron capturados y ejecutados en Santar\u00e9m. Cuenta la leyenda que Don Pedro, sediento de venganza, orden\u00f3 al verdugo que le arrancara el coraz\u00f3n del pecho a P\u00earo Coelho y de la espalda a \u00c1lvaro Gon\u00e7alves, lo que le vali\u00f3 el sobrenombre de \u00abEl Cruel\u00bb.<\/p>\n\n\n\n<p>Vengada la muerte de In\u00e9s, Don Pedro construy\u00f3 un sepulcro en Alcoba\u00e7a para recoger los restos de su eterna amada. Posteriormente, el cuerpo de In\u00e9s de Castro fue trasladado del Monasterio de Santa Clara de Coimbra al <strong>Monasterio de Alcoba\u00e7a<\/strong>, acompa\u00f1ado de una procesi\u00f3n de m\u00e1s de mil hombres y mujeres con cirios encendidos.<\/p>\n\n\n\n<figure class=\"wp-block-image size-large\"><a href=\"https:\/\/www.escapadarural.com\/blog\/wp-content\/uploads\/Mosteiro_de_Alcobaca_tumulo_D._Ines_de_Castro1.jpg\"><img decoding=\"async\" src=\"https:\/\/www.escapadarural.com\/blog\/wp-content\/uploads\/Mosteiro_de_Alcobaca_tumulo_D._Ines_de_Castro1.jpg\" alt=\"Monasterio de Alcoba\u00e7a\" class=\"wp-image-38459\"\/><\/a><figcaption class=\"wp-element-caption\">Tumba de In\u00e9s de Castro, Monasterio de Alcoba\u00e7a. Por Schwarze engel<\/figcaption><\/figure>\n\n\n\n<p>Se dice que Don Pedro orden\u00f3 colocar el cuerpo de In\u00e9s en un trono, coloc\u00f3 la corona real en su calavera y oblig\u00f3 a todos los nobles, bajo amenaza de muerte, a besar la mano de aquella que ha sido reina despu\u00e9s de muerta.<\/p>\n\n\n\n<figure class=\"wp-block-image size-large\"><a href=\"https:\/\/www.escapadarural.com\/blog\/wp-content\/uploads\/Webp.net-resizeimage-18.jpg\"><img decoding=\"async\" src=\"https:\/\/www.escapadarural.com\/blog\/wp-content\/uploads\/Webp.net-resizeimage-18-782x1024.jpg\" alt=\"In\u00e9s de Castro\" class=\"wp-image-38457\"\/><\/a><figcaption class=\"wp-element-caption\">La coronaci\u00f3n de In\u00e9s de Castro en 1361, por Pierre-Charles Comte<\/figcaption><\/figure>\n\n\n\n<p><strong>Don Pedro muri\u00f3 en enero de 1367.<\/strong> En su testamento orden\u00f3 que su cad\u00e1ver fuera llevado a Alcoba\u00e7a y depositado all\u00ed en el sepulcro que hab\u00eda construido junto con el de In\u00e9s de Castro. A\u00fan hoy permanecen juntos, cara a cara, para que <strong>\u201cpuedan mirarse a los ojos cuando despierten el d\u00eda del juicio final\u201d<\/strong>, como dice la leyenda.<\/p>\n\n\n<div style=\"background-color: #d9edf7; color: #31708f; border-left-color: #31708f; \" class=\"ub-styled-box ub-notification-box wp-block-ub-styled-box\" id=\"ub-styled-box-d83cd37f-e1cf-4188-8b76-88d0a0d78354\">\n<p id=\"ub-styled-box-notification-content-\">\u00bfQu\u00e9 visitar?<\/p>\n\n\n\n<p>El\u00a0<strong>Monasterio de Alcoba\u00e7a<\/strong>\u00a0es la primera obra \u00edntegramente g\u00f3tica erigida en suelo portugu\u00e9s. La construcci\u00f3n comenz\u00f3 en 1178 por los monjes cistercienses. Sus piezas m\u00e1s emblem\u00e1ticas son las tumbas de Don Pedro e In\u00e9s, que fueron muy valiosas para la clasificaci\u00f3n del monasterio como\u00a0<strong>Patrimonio de la Humanidad<\/strong>\u00a0por la UNESCO, en 1989.<br><br>Don Pedro orden\u00f3 la construcci\u00f3n de las tumbas en 1360, aunque no se sabe exactamente a qui\u00e9n atribuir la autor\u00eda. Hoy son una de las estructuras funerarias m\u00e1s importantes de la Edad Media que a\u00fan existen.<\/p>\n\n\n<\/div>","protected":false},"excerpt":{"rendered":"<p>Hay historias de amor que son eternas y que marcan lugares, tiempos, literatura, m\u00fasica. Romeo y Julieta, Cleopatra y Marco Antonio, Don Quijote y Dulcinea son personajes que nos llevan a viajar por las historias de amor y tragedia y siguen inspir\u00e1ndonos.<\/p>\n","protected":false},"author":135,"featured_media":102160,"comment_status":"open","ping_status":"open","sticky":false,"template":"","format":"standard","meta":{"_acf_changed":false,"om_disable_all_campaigns":false,"footnotes":""},"categories":[231],"tags":[3124,539,2071,3125,440,3126,538,3127],"class_list":["post-38442","post","type-post","status-publish","format-standard","has-post-thumbnail","hentry","category-arte-y-cultura","tag-alcobaca","tag-que-ver-en-badajoz","tag-coimbra","tag-don-pedro","tag-historias-y-curiosidades","tag-ines-de-castro","tag-portugal","tag-quinta-das-lagrimas"],"acf":[],"featured_image_src":"https:\/\/www.escapadarural.com\/blog\/wp-content\/uploads\/2024\/10\/Webp.net-resizeimage-19-1.jpg","author_info":{"display_name":"\u00c2ngela Coelho","author_link":"https:\/\/www.escapadarural.com\/blog\/autor\/angela\/"},"yoast_head":"<!-- This site is optimized with the Yoast SEO plugin v27.5 - https:\/\/yoast.com\/product\/yoast-seo-wordpress\/ -->\n<title>La reina coronada despu\u00e9s de muerta - EscapadaRural<\/title>\n<meta name=\"robots\" content=\"index, follow, max-snippet:-1, max-image-preview:large, max-video-preview:-1\" \/>\n<link rel=\"canonical\" href=\"https:\/\/www.escapadarural.com\/blog\/la-reina-coronada-despues-de-muerta\/\" \/>\n<meta property=\"og:locale\" content=\"es_ES\" \/>\n<meta property=\"og:type\" content=\"article\" \/>\n<meta property=\"og:title\" content=\"La reina coronada despu\u00e9s de muerta - EscapadaRural\" \/>\n<meta property=\"og:description\" content=\"Hay historias de amor que son eternas y que marcan lugares, tiempos, literatura, m\u00fasica. Romeo y Julieta, Cleopatra y Marco Antonio, Don Quijote y Dulcinea son personajes que nos llevan a viajar por las historias de amor y tragedia y siguen inspir\u00e1ndonos.\" \/>\n<meta property=\"og:url\" content=\"https:\/\/www.escapadarural.com\/blog\/la-reina-coronada-despues-de-muerta\/\" \/>\n<meta property=\"og:site_name\" content=\"Magazine de viajes de EscapadaRural\" \/>\n<meta property=\"article:publisher\" content=\"https:\/\/www.facebook.com\/escapadarural\" \/>\n<meta property=\"article:published_time\" content=\"2021-02-12T08:00:00+00:00\" \/>\n<meta property=\"article:modified_time\" content=\"2025-03-10T09:39:23+00:00\" \/>\n<meta property=\"og:image\" content=\"https:\/\/app.escapadarural.com\/blog\/wp-content\/uploads\/2024\/10\/Webp.net-resizeimage-19-1.jpg\" \/>\n\t<meta property=\"og:image:width\" content=\"1024\" \/>\n\t<meta property=\"og:image:height\" content=\"640\" \/>\n\t<meta property=\"og:image:type\" content=\"image\/jpeg\" \/>\n<meta name=\"author\" content=\"\u00c2ngela Coelho\" \/>\n<meta name=\"twitter:card\" content=\"summary_large_image\" \/>\n<meta name=\"twitter:label1\" content=\"Escrito por\" \/>\n\t<meta name=\"twitter:data1\" content=\"\u00c2ngela Coelho\" \/>\n\t<meta name=\"twitter:label2\" content=\"Tiempo de lectura\" \/>\n\t<meta name=\"twitter:data2\" content=\"10 minutos\" \/>\n<script type=\"application\/ld+json\" class=\"yoast-schema-graph\">{\"@context\":\"https:\\\/\\\/schema.org\",\"@graph\":[{\"@type\":\"Article\",\"@id\":\"https:\\\/\\\/www.escapadarural.com\\\/blog\\\/la-reina-coronada-despues-de-muerta\\\/#article\",\"isPartOf\":{\"@id\":\"https:\\\/\\\/www.escapadarural.com\\\/blog\\\/la-reina-coronada-despues-de-muerta\\\/\"},\"author\":{\"name\":\"\u00c2ngela Coelho\",\"@id\":\"https:\\\/\\\/www.escapadarural.com\\\/blog\\\/#\\\/schema\\\/person\\\/27db72653db008ab82e5d7fe93d09972\"},\"headline\":\"La reina coronada despu\u00e9s de muerta\",\"datePublished\":\"2021-02-12T08:00:00+00:00\",\"dateModified\":\"2025-03-10T09:39:23+00:00\",\"mainEntityOfPage\":{\"@id\":\"https:\\\/\\\/www.escapadarural.com\\\/blog\\\/la-reina-coronada-despues-de-muerta\\\/\"},\"wordCount\":1861,\"commentCount\":0,\"publisher\":{\"@id\":\"https:\\\/\\\/www.escapadarural.com\\\/blog\\\/#organization\"},\"image\":{\"@id\":\"https:\\\/\\\/www.escapadarural.com\\\/blog\\\/la-reina-coronada-despues-de-muerta\\\/#primaryimage\"},\"thumbnailUrl\":\"https:\\\/\\\/www.escapadarural.com\\\/blog\\\/wp-content\\\/uploads\\\/2024\\\/10\\\/Webp.net-resizeimage-19-1.jpg\",\"keywords\":[\"alcoba\u00e7a\",\"Badajoz\",\"Co\u00edmbra\",\"don pedro\",\"Historias y Curiosidades\",\"in\u00e9s de castro\",\"portugal\",\"quinta das l\u00e1grimas\"],\"articleSection\":[\"Arte y Cultura\"],\"inLanguage\":\"es\",\"potentialAction\":[{\"@type\":\"CommentAction\",\"name\":\"Comment\",\"target\":[\"https:\\\/\\\/www.escapadarural.com\\\/blog\\\/la-reina-coronada-despues-de-muerta\\\/#respond\"]}]},{\"@type\":\"WebPage\",\"@id\":\"https:\\\/\\\/www.escapadarural.com\\\/blog\\\/la-reina-coronada-despues-de-muerta\\\/\",\"url\":\"https:\\\/\\\/www.escapadarural.com\\\/blog\\\/la-reina-coronada-despues-de-muerta\\\/\",\"name\":\"La reina coronada despu\u00e9s de muerta - EscapadaRural\",\"isPartOf\":{\"@id\":\"https:\\\/\\\/www.escapadarural.com\\\/blog\\\/#website\"},\"primaryImageOfPage\":{\"@id\":\"https:\\\/\\\/www.escapadarural.com\\\/blog\\\/la-reina-coronada-despues-de-muerta\\\/#primaryimage\"},\"image\":{\"@id\":\"https:\\\/\\\/www.escapadarural.com\\\/blog\\\/la-reina-coronada-despues-de-muerta\\\/#primaryimage\"},\"thumbnailUrl\":\"https:\\\/\\\/www.escapadarural.com\\\/blog\\\/wp-content\\\/uploads\\\/2024\\\/10\\\/Webp.net-resizeimage-19-1.jpg\",\"datePublished\":\"2021-02-12T08:00:00+00:00\",\"dateModified\":\"2025-03-10T09:39:23+00:00\",\"breadcrumb\":{\"@id\":\"https:\\\/\\\/www.escapadarural.com\\\/blog\\\/la-reina-coronada-despues-de-muerta\\\/#breadcrumb\"},\"inLanguage\":\"es\",\"potentialAction\":[{\"@type\":\"ReadAction\",\"target\":[\"https:\\\/\\\/www.escapadarural.com\\\/blog\\\/la-reina-coronada-despues-de-muerta\\\/\"]}]},{\"@type\":\"ImageObject\",\"inLanguage\":\"es\",\"@id\":\"https:\\\/\\\/www.escapadarural.com\\\/blog\\\/la-reina-coronada-despues-de-muerta\\\/#primaryimage\",\"url\":\"https:\\\/\\\/www.escapadarural.com\\\/blog\\\/wp-content\\\/uploads\\\/2024\\\/10\\\/Webp.net-resizeimage-19-1.jpg\",\"contentUrl\":\"https:\\\/\\\/www.escapadarural.com\\\/blog\\\/wp-content\\\/uploads\\\/2024\\\/10\\\/Webp.net-resizeimage-19-1.jpg\",\"width\":1024,\"height\":640,\"caption\":\"Un cuadro hist\u00f3rico muestra a una reina sentada en un trono y a un rey a su lado. Varios hombres vestidos de \u00e9poca se arrodillan o permanecen de pie respetuosamente, algunos con sombreros en la mano, en una gran sala con cortinas verdes.\"},{\"@type\":\"BreadcrumbList\",\"@id\":\"https:\\\/\\\/www.escapadarural.com\\\/blog\\\/la-reina-coronada-despues-de-muerta\\\/#breadcrumb\",\"itemListElement\":[{\"@type\":\"ListItem\",\"position\":1,\"name\":\"Inicio\",\"item\":\"https:\\\/\\\/www.escapadarural.com\\\/blog\\\/\"},{\"@type\":\"ListItem\",\"position\":2,\"name\":\"Arte y Cultura\",\"item\":\"https:\\\/\\\/www.escapadarural.com\\\/blog\\\/categoria\\\/arte-y-cultura\\\/\"},{\"@type\":\"ListItem\",\"position\":3,\"name\":\"La reina coronada despu\u00e9s de muerta\"}]},{\"@type\":\"WebSite\",\"@id\":\"https:\\\/\\\/www.escapadarural.com\\\/blog\\\/#website\",\"url\":\"https:\\\/\\\/www.escapadarural.com\\\/blog\\\/\",\"name\":\"Blog de viajes | turismo rural, alojamientos e inspiraci\u00f3n\",\"description\":\"Alojamientos rurales e inspiraci\u00f3n para tus escapadas\",\"publisher\":{\"@id\":\"https:\\\/\\\/www.escapadarural.com\\\/blog\\\/#organization\"},\"alternateName\":\"Magazine de viajes de EscapadaRural\",\"potentialAction\":[{\"@type\":\"SearchAction\",\"target\":{\"@type\":\"EntryPoint\",\"urlTemplate\":\"https:\\\/\\\/www.escapadarural.com\\\/blog\\\/?s={search_term_string}\"},\"query-input\":{\"@type\":\"PropertyValueSpecification\",\"valueRequired\":true,\"valueName\":\"search_term_string\"}}],\"inLanguage\":\"es\"},{\"@type\":\"Organization\",\"@id\":\"https:\\\/\\\/www.escapadarural.com\\\/blog\\\/#organization\",\"name\":\"EscapadaRural\",\"url\":\"https:\\\/\\\/www.escapadarural.com\\\/blog\\\/\",\"logo\":{\"@type\":\"ImageObject\",\"inLanguage\":\"es\",\"@id\":\"https:\\\/\\\/www.escapadarural.com\\\/blog\\\/#\\\/schema\\\/logo\\\/image\\\/\",\"url\":\"https:\\\/\\\/www.escapadarural.com\\\/blog\\\/wp-content\\\/uploads\\\/2024\\\/10\\\/cropped-cropped-escapada-rural-icon-mag-3.png\",\"contentUrl\":\"https:\\\/\\\/www.escapadarural.com\\\/blog\\\/wp-content\\\/uploads\\\/2024\\\/10\\\/cropped-cropped-escapada-rural-icon-mag-3.png\",\"width\":512,\"height\":512,\"caption\":\"EscapadaRural\"},\"image\":{\"@id\":\"https:\\\/\\\/www.escapadarural.com\\\/blog\\\/#\\\/schema\\\/logo\\\/image\\\/\"},\"sameAs\":[\"https:\\\/\\\/www.facebook.com\\\/escapadarural\",\"https:\\\/\\\/www.instagram.com\\\/escapadarural\\\/\",\"https:\\\/\\\/www.youtube.com\\\/@escapadaruralcom\"]},{\"@type\":\"Person\",\"@id\":\"https:\\\/\\\/www.escapadarural.com\\\/blog\\\/#\\\/schema\\\/person\\\/27db72653db008ab82e5d7fe93d09972\",\"name\":\"\u00c2ngela Coelho\",\"image\":{\"@type\":\"ImageObject\",\"inLanguage\":\"es\",\"@id\":\"https:\\\/\\\/secure.gravatar.com\\\/avatar\\\/266007c4d733a1352809d25c72c8c5b058255e48028e729b91b5970cdc3b19ab?s=96&d=mm&r=g\",\"url\":\"https:\\\/\\\/secure.gravatar.com\\\/avatar\\\/266007c4d733a1352809d25c72c8c5b058255e48028e729b91b5970cdc3b19ab?s=96&d=mm&r=g\",\"contentUrl\":\"https:\\\/\\\/secure.gravatar.com\\\/avatar\\\/266007c4d733a1352809d25c72c8c5b058255e48028e729b91b5970cdc3b19ab?s=96&d=mm&r=g\",\"caption\":\"\u00c2ngela Coelho\"},\"url\":\"https:\\\/\\\/www.escapadarural.com\\\/blog\\\/autor\\\/angela\\\/\"}]}<\/script>\n<!-- \/ Yoast SEO plugin. -->","yoast_head_json":{"title":"La reina coronada despu\u00e9s de muerta - EscapadaRural","robots":{"index":"index","follow":"follow","max-snippet":"max-snippet:-1","max-image-preview":"max-image-preview:large","max-video-preview":"max-video-preview:-1"},"canonical":"https:\/\/www.escapadarural.com\/blog\/la-reina-coronada-despues-de-muerta\/","og_locale":"es_ES","og_type":"article","og_title":"La reina coronada despu\u00e9s de muerta - EscapadaRural","og_description":"Hay historias de amor que son eternas y que marcan lugares, tiempos, literatura, m\u00fasica. Romeo y Julieta, Cleopatra y Marco Antonio, Don Quijote y Dulcinea son personajes que nos llevan a viajar por las historias de amor y tragedia y siguen inspir\u00e1ndonos.","og_url":"https:\/\/www.escapadarural.com\/blog\/la-reina-coronada-despues-de-muerta\/","og_site_name":"Magazine de viajes de EscapadaRural","article_publisher":"https:\/\/www.facebook.com\/escapadarural","article_published_time":"2021-02-12T08:00:00+00:00","article_modified_time":"2025-03-10T09:39:23+00:00","og_image":[{"width":1024,"height":640,"url":"https:\/\/app.escapadarural.com\/blog\/wp-content\/uploads\/2024\/10\/Webp.net-resizeimage-19-1.jpg","type":"image\/jpeg"}],"author":"\u00c2ngela Coelho","twitter_card":"summary_large_image","twitter_misc":{"Escrito por":"\u00c2ngela Coelho","Tiempo de lectura":"10 minutos"},"schema":{"@context":"https:\/\/schema.org","@graph":[{"@type":"Article","@id":"https:\/\/www.escapadarural.com\/blog\/la-reina-coronada-despues-de-muerta\/#article","isPartOf":{"@id":"https:\/\/www.escapadarural.com\/blog\/la-reina-coronada-despues-de-muerta\/"},"author":{"name":"\u00c2ngela Coelho","@id":"https:\/\/www.escapadarural.com\/blog\/#\/schema\/person\/27db72653db008ab82e5d7fe93d09972"},"headline":"La reina coronada despu\u00e9s de muerta","datePublished":"2021-02-12T08:00:00+00:00","dateModified":"2025-03-10T09:39:23+00:00","mainEntityOfPage":{"@id":"https:\/\/www.escapadarural.com\/blog\/la-reina-coronada-despues-de-muerta\/"},"wordCount":1861,"commentCount":0,"publisher":{"@id":"https:\/\/www.escapadarural.com\/blog\/#organization"},"image":{"@id":"https:\/\/www.escapadarural.com\/blog\/la-reina-coronada-despues-de-muerta\/#primaryimage"},"thumbnailUrl":"https:\/\/www.escapadarural.com\/blog\/wp-content\/uploads\/2024\/10\/Webp.net-resizeimage-19-1.jpg","keywords":["alcoba\u00e7a","Badajoz","Co\u00edmbra","don pedro","Historias y Curiosidades","in\u00e9s de castro","portugal","quinta das l\u00e1grimas"],"articleSection":["Arte y Cultura"],"inLanguage":"es","potentialAction":[{"@type":"CommentAction","name":"Comment","target":["https:\/\/www.escapadarural.com\/blog\/la-reina-coronada-despues-de-muerta\/#respond"]}]},{"@type":"WebPage","@id":"https:\/\/www.escapadarural.com\/blog\/la-reina-coronada-despues-de-muerta\/","url":"https:\/\/www.escapadarural.com\/blog\/la-reina-coronada-despues-de-muerta\/","name":"La reina coronada despu\u00e9s de muerta - EscapadaRural","isPartOf":{"@id":"https:\/\/www.escapadarural.com\/blog\/#website"},"primaryImageOfPage":{"@id":"https:\/\/www.escapadarural.com\/blog\/la-reina-coronada-despues-de-muerta\/#primaryimage"},"image":{"@id":"https:\/\/www.escapadarural.com\/blog\/la-reina-coronada-despues-de-muerta\/#primaryimage"},"thumbnailUrl":"https:\/\/www.escapadarural.com\/blog\/wp-content\/uploads\/2024\/10\/Webp.net-resizeimage-19-1.jpg","datePublished":"2021-02-12T08:00:00+00:00","dateModified":"2025-03-10T09:39:23+00:00","breadcrumb":{"@id":"https:\/\/www.escapadarural.com\/blog\/la-reina-coronada-despues-de-muerta\/#breadcrumb"},"inLanguage":"es","potentialAction":[{"@type":"ReadAction","target":["https:\/\/www.escapadarural.com\/blog\/la-reina-coronada-despues-de-muerta\/"]}]},{"@type":"ImageObject","inLanguage":"es","@id":"https:\/\/www.escapadarural.com\/blog\/la-reina-coronada-despues-de-muerta\/#primaryimage","url":"https:\/\/www.escapadarural.com\/blog\/wp-content\/uploads\/2024\/10\/Webp.net-resizeimage-19-1.jpg","contentUrl":"https:\/\/www.escapadarural.com\/blog\/wp-content\/uploads\/2024\/10\/Webp.net-resizeimage-19-1.jpg","width":1024,"height":640,"caption":"Un cuadro hist\u00f3rico muestra a una reina sentada en un trono y a un rey a su lado. Varios hombres vestidos de \u00e9poca se arrodillan o permanecen de pie respetuosamente, algunos con sombreros en la mano, en una gran sala con cortinas verdes."},{"@type":"BreadcrumbList","@id":"https:\/\/www.escapadarural.com\/blog\/la-reina-coronada-despues-de-muerta\/#breadcrumb","itemListElement":[{"@type":"ListItem","position":1,"name":"Inicio","item":"https:\/\/www.escapadarural.com\/blog\/"},{"@type":"ListItem","position":2,"name":"Arte y Cultura","item":"https:\/\/www.escapadarural.com\/blog\/categoria\/arte-y-cultura\/"},{"@type":"ListItem","position":3,"name":"La reina coronada despu\u00e9s de muerta"}]},{"@type":"WebSite","@id":"https:\/\/www.escapadarural.com\/blog\/#website","url":"https:\/\/www.escapadarural.com\/blog\/","name":"Blog de viajes | turismo rural, alojamientos e inspiraci\u00f3n","description":"Alojamientos rurales e inspiraci\u00f3n para tus escapadas","publisher":{"@id":"https:\/\/www.escapadarural.com\/blog\/#organization"},"alternateName":"Magazine de viajes de EscapadaRural","potentialAction":[{"@type":"SearchAction","target":{"@type":"EntryPoint","urlTemplate":"https:\/\/www.escapadarural.com\/blog\/?s={search_term_string}"},"query-input":{"@type":"PropertyValueSpecification","valueRequired":true,"valueName":"search_term_string"}}],"inLanguage":"es"},{"@type":"Organization","@id":"https:\/\/www.escapadarural.com\/blog\/#organization","name":"EscapadaRural","url":"https:\/\/www.escapadarural.com\/blog\/","logo":{"@type":"ImageObject","inLanguage":"es","@id":"https:\/\/www.escapadarural.com\/blog\/#\/schema\/logo\/image\/","url":"https:\/\/www.escapadarural.com\/blog\/wp-content\/uploads\/2024\/10\/cropped-cropped-escapada-rural-icon-mag-3.png","contentUrl":"https:\/\/www.escapadarural.com\/blog\/wp-content\/uploads\/2024\/10\/cropped-cropped-escapada-rural-icon-mag-3.png","width":512,"height":512,"caption":"EscapadaRural"},"image":{"@id":"https:\/\/www.escapadarural.com\/blog\/#\/schema\/logo\/image\/"},"sameAs":["https:\/\/www.facebook.com\/escapadarural","https:\/\/www.instagram.com\/escapadarural\/","https:\/\/www.youtube.com\/@escapadaruralcom"]},{"@type":"Person","@id":"https:\/\/www.escapadarural.com\/blog\/#\/schema\/person\/27db72653db008ab82e5d7fe93d09972","name":"\u00c2ngela Coelho","image":{"@type":"ImageObject","inLanguage":"es","@id":"https:\/\/secure.gravatar.com\/avatar\/266007c4d733a1352809d25c72c8c5b058255e48028e729b91b5970cdc3b19ab?s=96&d=mm&r=g","url":"https:\/\/secure.gravatar.com\/avatar\/266007c4d733a1352809d25c72c8c5b058255e48028e729b91b5970cdc3b19ab?s=96&d=mm&r=g","contentUrl":"https:\/\/secure.gravatar.com\/avatar\/266007c4d733a1352809d25c72c8c5b058255e48028e729b91b5970cdc3b19ab?s=96&d=mm&r=g","caption":"\u00c2ngela Coelho"},"url":"https:\/\/www.escapadarural.com\/blog\/autor\/angela\/"}]}},"_links":{"self":[{"href":"https:\/\/www.escapadarural.com\/blog\/wp-json\/wp\/v2\/posts\/38442","targetHints":{"allow":["GET"]}}],"collection":[{"href":"https:\/\/www.escapadarural.com\/blog\/wp-json\/wp\/v2\/posts"}],"about":[{"href":"https:\/\/www.escapadarural.com\/blog\/wp-json\/wp\/v2\/types\/post"}],"author":[{"embeddable":true,"href":"https:\/\/www.escapadarural.com\/blog\/wp-json\/wp\/v2\/users\/135"}],"replies":[{"embeddable":true,"href":"https:\/\/www.escapadarural.com\/blog\/wp-json\/wp\/v2\/comments?post=38442"}],"version-history":[{"count":0,"href":"https:\/\/www.escapadarural.com\/blog\/wp-json\/wp\/v2\/posts\/38442\/revisions"}],"wp:featuredmedia":[{"embeddable":true,"href":"https:\/\/www.escapadarural.com\/blog\/wp-json\/wp\/v2\/media\/102160"}],"wp:attachment":[{"href":"https:\/\/www.escapadarural.com\/blog\/wp-json\/wp\/v2\/media?parent=38442"}],"wp:term":[{"taxonomy":"category","embeddable":true,"href":"https:\/\/www.escapadarural.com\/blog\/wp-json\/wp\/v2\/categories?post=38442"},{"taxonomy":"post_tag","embeddable":true,"href":"https:\/\/www.escapadarural.com\/blog\/wp-json\/wp\/v2\/tags?post=38442"}],"curies":[{"name":"wp","href":"https:\/\/api.w.org\/{rel}","templated":true}]}}