{"id":38498,"date":"2021-02-24T08:30:00","date_gmt":"2021-02-24T07:30:00","guid":{"rendered":"https:\/\/www.escapadarural.com\/blog\/?p=38498"},"modified":"2025-08-12T10:09:29","modified_gmt":"2025-08-12T08:09:29","slug":"asturias-escenario-de-ficcion","status":"publish","type":"post","link":"https:\/\/www.escapadarural.com\/blog\/asturias-escenario-de-ficcion\/","title":{"rendered":"Asturias, escenario de ficci\u00f3n"},"content":{"rendered":"\n<figure class=\"wp-block-image size-large\"><a href=\"https:\/\/www.escapadarural.com\/blog\/wp-content\/uploads\/AdobeStock_187806693.jpg\"><img decoding=\"async\" src=\"https:\/\/www.escapadarural.com\/blog\/wp-content\/uploads\/AdobeStock_187806693-1024x683.jpg\" alt=\"\" class=\"wp-image-38742\"\/><\/a><figcaption class=\"wp-element-caption\">Llanes. Por Luis Leamus<\/figcaption><\/figure>\n\n\n\n<p>El pasado 5 de febrero, la plataforma de streaming y productora Netflix public\u00f3 en su perfil de <a href=\"https:\/\/twitter.com\/NetflixES\/status\/1357705563438743556\" class=\"rank-math-link\" target=\"_blank\">Twitter<\/a> las primeras im\u00e1genes de <strong>la serie espa\u00f1ola <em>Alma<\/em><\/strong>, cuyo rodaje termina dentro de unas semanas. Muchos de los datos que se conocen acerca de esta nueva ficci\u00f3n son interesantes, pero uno de los que m\u00e1s ha resaltado es que Asturias es la tierra en la que se emplazan todas las localizaciones.&nbsp;<\/p>\n\n\n\n<figure class=\"wp-block-embed is-type-rich is-provider-twitter wp-block-embed-twitter\"><div class=\"wp-block-embed__wrapper\">\n<span class=\"0EY8fkysSWN49GAn1lXhU5jG1Rw4J7KEsamFpmHBXNp2firZQoVJOHTVt7chRS9lxtBd5dg\"><div class=\"video-shortcode\"><blockquote class=\"twitter-tweet\" data-width=\"550\" data-dnt=\"true\"><p lang=\"es\" dir=\"ltr\">Gu\u00e1rdate este tuit porque sus caras las vas a volver a ver. Estas son las primeras fotos de &#39;Alma&#39; y su rodaje termina en las pr\u00f3ximas semanas. <a href=\"https:\/\/t.co\/U5ctLfD9Sc\" target=\"_blank\">pic.twitter.com\/U5ctLfD9Sc<\/a><\/p>&mdash; Netflix Espa\u00f1a (@NetflixES) <a href=\"https:\/\/twitter.com\/NetflixES\/status\/1357705563438743556?ref_src=twsrc%5Etfw\" target=\"_blank\">February 5, 2021<\/a><\/blockquote><script async src=\"https:\/\/platform.twitter.com\/widgets.js\" charset=\"utf-8\"><\/script><\/div><\/span>\n<\/div><\/figure>\n\n\n\n<p>Al menos para los habitantes de \u2018la tierrina\u2019, muchos de los cuales han actuado como actores figurantes. Adem\u00e1s, <strong>el director Sergio G. S\u00e1nchez, originario de <a href=\"https:\/\/www.escapadarural.com\/casas-rurales\/oviedo\" class=\"rank-math-link\">Oviedo<\/a><\/strong>, moviliz\u00f3 a un equipo de unas cien personas hasta el norte de Espa\u00f1a para filmar los diez cap\u00edtulos de la serie. \u00bfLos escenarios? La mayor\u00eda de ellos en <a href=\"https:\/\/www.escapadarural.com\/casas-rurales\/llanes\" class=\"rank-math-link\">Llanes<\/a>, aunque tambi\u00e9n encendieron las c\u00e1maras en la capital, la Cuevona de Ardines en <a href=\"https:\/\/www.escapadarural.com\/casas-rurales\/ribadesella\" class=\"rank-math-link\">Ribadesella<\/a> y en la playa de Porc\u00eda en <a href=\"https:\/\/www.escapadarural.com\/casas-rurales\/el-franco\" class=\"rank-math-link\">El Franco<\/a>. Asimismo tambi\u00e9n estaba previsto que pasaran por concejos como <a href=\"https:\/\/www.escapadarural.com\/casas-rurales\/valdes_asturias\" class=\"rank-math-link\">Vald\u00e9s<\/a>, Gij\u00f3n o <a href=\"https:\/\/www.escapadarural.com\/casas-rurales\/caso\" class=\"rank-math-link\">Caso<\/a>, seg\u00fan informaci\u00f3n <a class=\"rank-math-link\" href=\"https:\/\/www.rtpa.es\/noticias-sociedad:Sergio-G.-Sanchez-rueda-a-partir-del-lunes-en-Asturias-una-serie-para-Netflix_111599918351.html\" target=\"_blank\">publicada<\/a> en la prensa regional.<\/p>\n\n\n\n<p>Un <a class=\"rank-math-link\" href=\"https:\/\/www.lne.es\/centro\/2021\/02\/07\/lugones-planta-secuoyas-netflix-34184374.html\" target=\"_blank\">dato curios<\/a>o y bastante sorprendente es que el gigante estadounidense del \u2018streaming\u2019 <strong>ha donado dos secuoyas al concejo de <a href=\"https:\/\/www.escapadarural.com\/casas-rurales\/siero\" class=\"rank-math-link\">Siero<\/a><\/strong> para que las plantara en el parque de La Cebera, en Lugones. Por lo visto fue un gesto de agradecimiento de Netflix a la localidad que acogi\u00f3 parte del rodaje y un impulso para mejorar el estado de dichos jardines, el espacio verde m\u00e1s importante del lugar.<\/p>\n\n\n\n<p>No es la primera vez que Sergio G. S\u00e1nchez lleva sus producciones a Asturias, ni mucho menos. El realizador lleva apostando por su tierra como escenario desde hace bastantes a\u00f1os. Cuando fue guionista en <strong>la pel\u00edcula <em>El Orfanato<\/em> (2007), dirigida por Jos\u00e9 Antonio Bayona<\/strong>, escogi\u00f3 el palacio de Partarr\u00edu, tambi\u00e9n en Llanes, para que fuese el edificio en el que se desarrolla la trama. Aunque es necesario apuntar que solo se muestra el exterior, porque el interior est\u00e1 rodado en unos estudios en <a href=\"https:\/\/www.escapadarural.com\/casas-rurales\/barcelona\" class=\"rank-math-link\">Barcelona<\/a>.&nbsp;<\/p>\n\n\n\n<figure class=\"wp-block-image size-large\"><a href=\"https:\/\/www.escapadarural.com\/blog\/wp-content\/uploads\/AdobeStock_295789570-scaled.jpeg\"><img decoding=\"async\" src=\"https:\/\/www.escapadarural.com\/blog\/wp-content\/uploads\/AdobeStock_295789570-1024x683.jpeg\" alt=\"\" class=\"wp-image-38743\"\/><\/a><figcaption class=\"wp-element-caption\">Palacio de Partar\u00edu utilizado en la pel\u00edcula El orfanato. Por&nbsp;<a href=\"https:\/\/stock.adobe.com\/es\/contributor\/207812921\/enrique-del-barrio?load_type=author&amp;prev_url=detail\" target=\"_blank\">Enrique del Barrio<\/a><\/figcaption><\/figure>\n\n\n\n<p>Para su primer largometraje como director, <strong><em>El secreto de Marrowbone<\/em> (2017), volvi\u00f3 a desplazar a su equipo a el Principado<\/strong>. Grabaron en <a href=\"https:\/\/www.escapadarural.com\/casas-rurales\/pravia\" class=\"rank-math-link\">Pravia<\/a>, en la antigua f\u00e1brica de Armas de La Vega en Oviedo y en playas como Xag\u00f3 en <a href=\"https:\/\/www.escapadarural.com\/casas-rurales\/gozon\" class=\"rank-math-link\">Goz\u00f3n<\/a> o el Silencio en <a href=\"https:\/\/www.escapadarural.com\/casas-rurales\/cudillero\" class=\"rank-math-link\">Cudillero<\/a>. Entre ellos se encontraba la productora Sandra Hermida, que tambi\u00e9n hab\u00eda estado relacionada en <strong>otros proyectos cinematogr\u00e1ficos rodados en Asturias<\/strong> como<em> La torre de Suso<\/em> (Tom Fern\u00e1ndez, 2007), en concreto en Castrill\u00f3n, Mieres y Aller.<\/p>\n\n\n\n<p>Por supuesto, la de G. S\u00e1nchez no es la \u00fanica ni la \u00faltima pel\u00edcula que se rodar\u00e1 all\u00ed, en gran parte gracias al esfuerzo de entidades como <a href=\"https:\/\/filmcommission.turismoasturias.es\/\" target=\"_blank\">Asturias Film Commission<\/a>. En principio, este pr\u00f3ximo verano \u2013si la crisis sanitaria no modifica los planes\u2013 <strong>Santiago Segura estrenar\u00e1 su pel\u00edcula <em>\u00a1A todo tren! Destino Asturias<\/em><\/strong>, protagonizada por \u00e9l mismo y el c\u00f3mico Leo Harlem. Las localizaciones est\u00e1n emplazadas en Madrid y como su propio nombre indica, en la comunidad cant\u00e1brica aunque a\u00fan no se han publicado m\u00e1s detalles.<\/p>\n\n\n\n<p>Se prev\u00e9 que sea un \u00e9xito de taquilla, teniendo en cuenta lo que el director recaud\u00f3 con sus dos pel\u00edculas anteriores, tambi\u00e9n de g\u00e9nero familiar y tituladas <em>Padre no hay m\u00e1s que uno<\/em> (2019) y <em>Padre no hay m\u00e1s que uno 2: La llegada de la suegra<\/em> (2020). Lo mismo que ocurri\u00f3 con la comedia <strong><em>Si yo fuera rico<\/em>, dirigida por \u00c1lvaro Fern\u00e1ndez Armero en 2018<\/strong> y que fue todo un triunfo (lleg\u00f3 incluso a quitarle el n\u00famero 1 a <em>El Joker<\/em>). Los protagonistas \u00c1lex Garc\u00eda, Adri\u00e1n Lastra o Alexandra Jim\u00e9nez aparecen acompa\u00f1ados en pantalla por los m\u00e1s de 500 extras que participaron en la producci\u00f3n. La mayor parte lugare\u00f1os, claro.<\/p>\n\n\n\n<figure class=\"wp-block-image size-large\"><a href=\"https:\/\/www.escapadarural.com\/blog\/wp-content\/uploads\/AdobeStock_240570219-scaled.jpeg\"><img decoding=\"async\" src=\"https:\/\/www.escapadarural.com\/blog\/wp-content\/uploads\/AdobeStock_240570219-1024x576.jpeg\" alt=\"\" class=\"wp-image-38744\"\/><\/a><figcaption class=\"wp-element-caption\">Playa de Salinas que aparece en <em>Si yo fuera rico<\/em>. Por&nbsp;<a href=\"https:\/\/stock.adobe.com\/es\/contributor\/205594500\/lleandralacuerva?load_type=author&amp;prev_url=detail\" target=\"_blank\">lleandralacuerva<\/a><\/figcaption><\/figure>\n\n\n\n<p>Casi el total de <strong>las im\u00e1genes asturianas est\u00e1n rodadas en <a href=\"https:\/\/www.escapadarural.com\/casas-rurales\/gijon\" class=\"rank-math-link\">Gij\u00f3n<\/a><\/strong>, en puntos emblem\u00e1ticos como el paseo de Bego\u00f1a o la Universidad Laboral, aunque tambi\u00e9n se puede ver la playa de Salinas. Incluso sale el aeropuerto, al que le otorgan unas dimensiones que poco tienen que ver con la realidad, pero es lo que tiene la ficci\u00f3n. Como se ha dicho, la pel\u00edcula tuvo muy buena acogida, aunque el p\u00fablico asturiano se cachonde\u00f3 un poco del acento asturiano que intentaron poner los actores, que no siempre lo bordaron.&nbsp;<\/p>\n\n\n\n<h2 class=\"wp-block-heading\" id=\"h-acantilados-playas-y-drones\"><strong>Acantilados, playas y drones<\/strong><\/h2>\n\n\n\n<figure class=\"wp-block-image size-large\"><a href=\"https:\/\/www.escapadarural.com\/blog\/wp-content\/uploads\/AdobeStock_239524358-scaled.jpeg\"><img decoding=\"async\" src=\"https:\/\/www.escapadarural.com\/blog\/wp-content\/uploads\/AdobeStock_239524358-1024x684.jpeg\" alt=\"\" class=\"wp-image-38745\"\/><\/a><figcaption class=\"wp-element-caption\">Faro de San Juan de Nieva que aparece en la pel\u00edcula <em>Vicky, Cristina, Barcelona<\/em>. Por <a href=\"https:\/\/stock.adobe.com\/es\/contributor\/200869569\/noradoa?load_type=author&amp;prev_url=detail\" target=\"_blank\">Noradoa<\/a><\/figcaption><\/figure>\n\n\n\n<p><strong>Asturias Film Commission (AFC)<\/strong>, mencionado unos p\u00e1rrafos antes, es un servicio p\u00fablico de \u201capoyo a los rodajes en Asturias y promoci\u00f3n del territorio como plat\u00f3 natural\u201d, seg\u00fan su propia definici\u00f3n. Seg\u00fan un estudio de TCI Research, <strong>80 millones de viajeros eligen su destino bas\u00e1ndose en pel\u00edculas y series<\/strong> de televisi\u00f3n.<\/p>\n\n\n\n<p>Este dato puede encontrarse en<strong> <a href=\"https:\/\/www.ifema.es\/fitur\/fitur-screen\" target=\"_blank\">la web<\/a> de Fitur Screen<\/strong>, el espacio dedicado a ese turismo relacionado con las producciones audiovisuales en FITUR, la feria de turismo por excelencia en Espa\u00f1a. Desde \u00e9l se hace hincapi\u00e9 en c\u00f3mo un rodaje, por ejemplo, es <strong>una forma importante para activar la econom\u00eda del lugar<\/strong>. Otras cifras en las que se apoyan: \u201cseg\u00fan los datos oficiales facilitados por la Asociaci\u00f3n de Productores APPA, la econom\u00eda que se genera a trav\u00e9s de los rodajes de cine y series de televisi\u00f3n llega a los 646 millones de euros anuales, a los que hay que a\u00f1adir los 457 millones que generan los rodajes publicitarios\u201d.<\/p>\n\n\n\n<p>Conscientes de la oportunidad que supone para el Principado este tipo de turismo, la AFC elabor\u00f3 <strong>un v\u00eddeo en el que recopilaron las diferentes producciones audiovisuales<\/strong> \u2013pel\u00edculas, anuncios, videoclips\u2013 que se han realizado en la comunidad en los \u00faltimos a\u00f1os (la llegada de la Covid-19 ha trastocado todos los planes, pero se espera que solo sea un par\u00f3n pasajero).<\/p>\n\n\n\n<figure class=\"wp-block-embed is-type-rich is-provider-twitter wp-block-embed-twitter\"><div class=\"wp-block-embed__wrapper\">\n<span class=\"UeeaT6N2SQmC1tCWiO3bYqAarRvMA84nX1GK0BhtyG9lTiVwHgFzdynDZscJPoXqLN05hpoj765wpKuWLMcPBHrFz\"><div class=\"video-shortcode\"><blockquote class=\"twitter-tweet\" data-width=\"550\" data-dnt=\"true\"><p lang=\"es\" dir=\"ltr\">\ud83d\udd34 <a href=\"https:\/\/twitter.com\/hashtag\/RUEDAENASTURIAS?src=hash&amp;ref_src=twsrc%5Etfw\" target=\"_blank\">#RUEDAENASTURIAS<\/a> \ud83d\udc49 Justo hace un a\u00f1o, y antes de la irrupci\u00f3n de la <a href=\"https:\/\/twitter.com\/hashtag\/COVID19?src=hash&amp;ref_src=twsrc%5Etfw\" target=\"_blank\">#COVID19<\/a>, asist\u00edamos a nuestro \u00faltimo <a href=\"https:\/\/twitter.com\/hashtag\/mercado?src=hash&amp;ref_src=twsrc%5Etfw\" target=\"_blank\">#mercado<\/a> cinematogr\u00e1fico presencial, <a href=\"https:\/\/twitter.com\/hashtag\/FITURscreen?src=hash&amp;ref_src=twsrc%5Etfw\" target=\"_blank\">#FITURscreen<\/a>, d\u00f3nde presentamos este video resumen de <a href=\"https:\/\/twitter.com\/AsturiasFilm?ref_src=twsrc%5Etfw\" target=\"_blank\">@AsturiasFilm<\/a> que hoy os recordamos. \ud83d\udcfc\ud83d\udc4c\ud83c\udffb (1\/2) <a href=\"https:\/\/t.co\/3Rc8js9NrM\" target=\"_blank\">pic.twitter.com\/3Rc8js9NrM<\/a><\/p>&mdash; Asturias Para\u00edso Natural Film Commission (@AsturiasFilm) <a href=\"https:\/\/twitter.com\/AsturiasFilm\/status\/1353648745775296512?ref_src=twsrc%5Etfw\" target=\"_blank\">January 25, 2021<\/a><\/blockquote><script async src=\"https:\/\/platform.twitter.com\/widgets.js\" charset=\"utf-8\"><\/script><\/div><\/span>\n<\/div><\/figure>\n\n\n\n<p><em>Lo que arde<\/em> (Oliver Laxe, 2019), <em>La distancia<\/em> (Fernando Lorenzana, 2018), <em>Bajo la piel del lobo<\/em> (Samu Fuentes, 2017) son <strong>algunas de las pelis que se recogen en el resumen<\/strong>. Tambi\u00e9n videoclips como el de las canciones <em>Mui\u00f1eira para a bruxa<\/em> de Rodrigo Cuevas, <em>Verano inmenso<\/em> de Pauline en la playa o <em>El trato<\/em> de Alejandro Sanz, por nombrar solo algunos de los t\u00edtulos incluidos.<\/p>\n\n\n\n<p>Si el Principado siempre ha podido presumir de su gastronom\u00eda, el car\u00e1cter de sus gentes y sus parajes, ahora tambi\u00e9n puede decir que <strong>es un escenario de pel\u00edcula<\/strong> sin estar exagerando.<\/p>\n\n\n\n<div class=\"wp-block-buttons is-layout-flex wp-block-buttons-is-layout-flex\">\n<div class=\"wp-block-button\"><a class=\"wp-block-button__link wp-element-button\" href=\"https:\/\/www.escapadarural.com\/casas-rurales\/asturias\">Casas rurales en Asturias<\/a><\/div>\n<\/div>\n","protected":false},"excerpt":{"rendered":"<p>El pasado 5 de febrero, la plataforma de streaming y productora Netflix public\u00f3 en su perfil de Twitter las primeras im\u00e1genes de la serie espa\u00f1ola Alma, cuyo rodaje termina dentro de unas semanas. Muchos de los datos que se conocen acerca de esta nueva ficci\u00f3n son interesantes, pero uno de los que m\u00e1s ha resaltado es que Asturias es la tierra en la que se emplazan todas las localizaciones. <\/p>\n","protected":false},"author":114,"featured_media":102107,"comment_status":"open","ping_status":"open","sticky":false,"template":"","format":"standard","meta":{"_acf_changed":false,"om_disable_all_campaigns":false,"footnotes":""},"categories":[231],"tags":[3129,260,246,3130,3131,1195,864,3132,3133,2645,3134],"class_list":["post-38498","post","type-post","status-publish","format-standard","has-post-thumbnail","hentry","category-arte-y-cultura","tag-alma","tag-articulo","tag-que-ver-en-asturias","tag-asturias-film-commission","tag-fitur-screen","tag-netflix","tag-peliculas","tag-rodajes","tag-santiago-segura","tag-series","tag-turismo-cinematografico-y-televisivo"],"acf":[],"featured_image_src":"https:\/\/www.escapadarural.com\/blog\/wp-content\/uploads\/2024\/10\/AdobeStock_187806693-1024x683-3.jpg","author_info":{"display_name":"Carmen L\u00f3pez","author_link":"https:\/\/www.escapadarural.com\/blog\/autor\/carmenlopez\/"},"yoast_head":"<!-- This site is optimized with the Yoast SEO plugin v27.5 - https:\/\/yoast.com\/product\/yoast-seo-wordpress\/ -->\n<title>Asturias, escenario de ficci\u00f3n - EscapadaRural<\/title>\n<meta name=\"robots\" content=\"index, follow, max-snippet:-1, max-image-preview:large, max-video-preview:-1\" \/>\n<link rel=\"canonical\" href=\"https:\/\/www.escapadarural.com\/blog\/asturias-escenario-de-ficcion\/\" \/>\n<meta property=\"og:locale\" content=\"es_ES\" \/>\n<meta property=\"og:type\" content=\"article\" \/>\n<meta property=\"og:title\" content=\"Asturias, escenario de ficci\u00f3n - EscapadaRural\" \/>\n<meta property=\"og:description\" content=\"El pasado 5 de febrero, la plataforma de streaming y productora Netflix public\u00f3 en su perfil de Twitter las primeras im\u00e1genes de la serie espa\u00f1ola Alma, cuyo rodaje termina dentro de unas semanas. Muchos de los datos que se conocen acerca de esta nueva ficci\u00f3n son interesantes, pero uno de los que m\u00e1s ha resaltado es que Asturias es la tierra en la que se emplazan todas las localizaciones.\" \/>\n<meta property=\"og:url\" content=\"https:\/\/www.escapadarural.com\/blog\/asturias-escenario-de-ficcion\/\" \/>\n<meta property=\"og:site_name\" content=\"Magazine de viajes de EscapadaRural\" \/>\n<meta property=\"article:publisher\" content=\"https:\/\/www.facebook.com\/escapadarural\" \/>\n<meta property=\"article:published_time\" content=\"2021-02-24T07:30:00+00:00\" \/>\n<meta property=\"article:modified_time\" content=\"2025-08-12T08:09:29+00:00\" \/>\n<meta property=\"og:image\" content=\"https:\/\/www.escapadarural.com\/blog\/wp-content\/uploads\/2024\/10\/AdobeStock_187806693-1024x683-3.jpg?v=1754986171\" \/>\n\t<meta property=\"og:image:width\" content=\"1024\" \/>\n\t<meta property=\"og:image:height\" content=\"683\" \/>\n\t<meta property=\"og:image:type\" content=\"image\/jpeg\" \/>\n<meta name=\"author\" content=\"Carmen L\u00f3pez\" \/>\n<meta name=\"twitter:card\" content=\"summary_large_image\" \/>\n<meta name=\"twitter:label1\" content=\"Escrito por\" \/>\n\t<meta name=\"twitter:data1\" content=\"Carmen L\u00f3pez\" \/>\n\t<meta name=\"twitter:label2\" content=\"Tiempo de lectura\" \/>\n\t<meta name=\"twitter:data2\" content=\"6 minutos\" \/>\n<script type=\"application\/ld+json\" class=\"yoast-schema-graph\">{\"@context\":\"https:\\\/\\\/schema.org\",\"@graph\":[{\"@type\":\"Article\",\"@id\":\"https:\\\/\\\/www.escapadarural.com\\\/blog\\\/asturias-escenario-de-ficcion\\\/#article\",\"isPartOf\":{\"@id\":\"https:\\\/\\\/www.escapadarural.com\\\/blog\\\/asturias-escenario-de-ficcion\\\/\"},\"author\":{\"name\":\"Carmen L\u00f3pez\",\"@id\":\"https:\\\/\\\/www.escapadarural.com\\\/blog\\\/#\\\/schema\\\/person\\\/42dfdff6118172efc6a04c8ae599a2ce\"},\"headline\":\"Asturias, escenario de ficci\u00f3n\",\"datePublished\":\"2021-02-24T07:30:00+00:00\",\"dateModified\":\"2025-08-12T08:09:29+00:00\",\"mainEntityOfPage\":{\"@id\":\"https:\\\/\\\/www.escapadarural.com\\\/blog\\\/asturias-escenario-de-ficcion\\\/\"},\"wordCount\":1150,\"commentCount\":0,\"publisher\":{\"@id\":\"https:\\\/\\\/www.escapadarural.com\\\/blog\\\/#organization\"},\"image\":{\"@id\":\"https:\\\/\\\/www.escapadarural.com\\\/blog\\\/asturias-escenario-de-ficcion\\\/#primaryimage\"},\"thumbnailUrl\":\"https:\\\/\\\/www.escapadarural.com\\\/blog\\\/wp-content\\\/uploads\\\/2024\\\/10\\\/AdobeStock_187806693-1024x683-3.jpg\",\"keywords\":[\"alma\",\"art\u00edculo\",\"Asturias\",\"asturias film commission\",\"fitur screen\",\"Netflix\",\"Pel\u00edculas\",\"rodajes\",\"santiago segura\",\"series\",\"turismo cinematogr\u00e1fico y televisivo\"],\"articleSection\":[\"Arte y Cultura\"],\"inLanguage\":\"es\",\"potentialAction\":[{\"@type\":\"CommentAction\",\"name\":\"Comment\",\"target\":[\"https:\\\/\\\/www.escapadarural.com\\\/blog\\\/asturias-escenario-de-ficcion\\\/#respond\"]}]},{\"@type\":\"WebPage\",\"@id\":\"https:\\\/\\\/www.escapadarural.com\\\/blog\\\/asturias-escenario-de-ficcion\\\/\",\"url\":\"https:\\\/\\\/www.escapadarural.com\\\/blog\\\/asturias-escenario-de-ficcion\\\/\",\"name\":\"Asturias, escenario de ficci\u00f3n - EscapadaRural\",\"isPartOf\":{\"@id\":\"https:\\\/\\\/www.escapadarural.com\\\/blog\\\/#website\"},\"primaryImageOfPage\":{\"@id\":\"https:\\\/\\\/www.escapadarural.com\\\/blog\\\/asturias-escenario-de-ficcion\\\/#primaryimage\"},\"image\":{\"@id\":\"https:\\\/\\\/www.escapadarural.com\\\/blog\\\/asturias-escenario-de-ficcion\\\/#primaryimage\"},\"thumbnailUrl\":\"https:\\\/\\\/www.escapadarural.com\\\/blog\\\/wp-content\\\/uploads\\\/2024\\\/10\\\/AdobeStock_187806693-1024x683-3.jpg\",\"datePublished\":\"2021-02-24T07:30:00+00:00\",\"dateModified\":\"2025-08-12T08:09:29+00:00\",\"breadcrumb\":{\"@id\":\"https:\\\/\\\/www.escapadarural.com\\\/blog\\\/asturias-escenario-de-ficcion\\\/#breadcrumb\"},\"inLanguage\":\"es\",\"potentialAction\":[{\"@type\":\"ReadAction\",\"target\":[\"https:\\\/\\\/www.escapadarural.com\\\/blog\\\/asturias-escenario-de-ficcion\\\/\"]}]},{\"@type\":\"ImageObject\",\"inLanguage\":\"es\",\"@id\":\"https:\\\/\\\/www.escapadarural.com\\\/blog\\\/asturias-escenario-de-ficcion\\\/#primaryimage\",\"url\":\"https:\\\/\\\/www.escapadarural.com\\\/blog\\\/wp-content\\\/uploads\\\/2024\\\/10\\\/AdobeStock_187806693-1024x683-3.jpg\",\"contentUrl\":\"https:\\\/\\\/www.escapadarural.com\\\/blog\\\/wp-content\\\/uploads\\\/2024\\\/10\\\/AdobeStock_187806693-1024x683-3.jpg\",\"width\":1024,\"height\":683,\"caption\":\"Varios barcos peque\u00f1os atracan en un puerto tranquilo, con coloridos edificios de estilo antiguo que bordean el muelle. El agua refleja tanto los barcos como los edificios, y el cielo est\u00e1 nublado.\"},{\"@type\":\"BreadcrumbList\",\"@id\":\"https:\\\/\\\/www.escapadarural.com\\\/blog\\\/asturias-escenario-de-ficcion\\\/#breadcrumb\",\"itemListElement\":[{\"@type\":\"ListItem\",\"position\":1,\"name\":\"Inicio\",\"item\":\"https:\\\/\\\/www.escapadarural.com\\\/blog\\\/\"},{\"@type\":\"ListItem\",\"position\":2,\"name\":\"Arte y Cultura\",\"item\":\"https:\\\/\\\/www.escapadarural.com\\\/blog\\\/categoria\\\/arte-y-cultura\\\/\"},{\"@type\":\"ListItem\",\"position\":3,\"name\":\"Asturias, escenario de ficci\u00f3n\"}]},{\"@type\":\"WebSite\",\"@id\":\"https:\\\/\\\/www.escapadarural.com\\\/blog\\\/#website\",\"url\":\"https:\\\/\\\/www.escapadarural.com\\\/blog\\\/\",\"name\":\"Blog de viajes | turismo rural, alojamientos e inspiraci\u00f3n\",\"description\":\"Alojamientos rurales e inspiraci\u00f3n para tus escapadas\",\"publisher\":{\"@id\":\"https:\\\/\\\/www.escapadarural.com\\\/blog\\\/#organization\"},\"alternateName\":\"Magazine de viajes de EscapadaRural\",\"potentialAction\":[{\"@type\":\"SearchAction\",\"target\":{\"@type\":\"EntryPoint\",\"urlTemplate\":\"https:\\\/\\\/www.escapadarural.com\\\/blog\\\/?s={search_term_string}\"},\"query-input\":{\"@type\":\"PropertyValueSpecification\",\"valueRequired\":true,\"valueName\":\"search_term_string\"}}],\"inLanguage\":\"es\"},{\"@type\":\"Organization\",\"@id\":\"https:\\\/\\\/www.escapadarural.com\\\/blog\\\/#organization\",\"name\":\"EscapadaRural\",\"url\":\"https:\\\/\\\/www.escapadarural.com\\\/blog\\\/\",\"logo\":{\"@type\":\"ImageObject\",\"inLanguage\":\"es\",\"@id\":\"https:\\\/\\\/www.escapadarural.com\\\/blog\\\/#\\\/schema\\\/logo\\\/image\\\/\",\"url\":\"https:\\\/\\\/www.escapadarural.com\\\/blog\\\/wp-content\\\/uploads\\\/2024\\\/10\\\/cropped-cropped-escapada-rural-icon-mag-3.png\",\"contentUrl\":\"https:\\\/\\\/www.escapadarural.com\\\/blog\\\/wp-content\\\/uploads\\\/2024\\\/10\\\/cropped-cropped-escapada-rural-icon-mag-3.png\",\"width\":512,\"height\":512,\"caption\":\"EscapadaRural\"},\"image\":{\"@id\":\"https:\\\/\\\/www.escapadarural.com\\\/blog\\\/#\\\/schema\\\/logo\\\/image\\\/\"},\"sameAs\":[\"https:\\\/\\\/www.facebook.com\\\/escapadarural\",\"https:\\\/\\\/www.instagram.com\\\/escapadarural\\\/\",\"https:\\\/\\\/www.youtube.com\\\/@escapadaruralcom\"]},{\"@type\":\"Person\",\"@id\":\"https:\\\/\\\/www.escapadarural.com\\\/blog\\\/#\\\/schema\\\/person\\\/42dfdff6118172efc6a04c8ae599a2ce\",\"name\":\"Carmen L\u00f3pez\",\"image\":{\"@type\":\"ImageObject\",\"inLanguage\":\"es\",\"@id\":\"https:\\\/\\\/www.escapadarural.com\\\/blog\\\/wp-content\\\/uploads\\\/2024\\\/11\\\/cropped-perfil_eldiario-96x96-1-96x96.jpeg\",\"url\":\"https:\\\/\\\/www.escapadarural.com\\\/blog\\\/wp-content\\\/uploads\\\/2024\\\/11\\\/cropped-perfil_eldiario-96x96-1-96x96.jpeg\",\"contentUrl\":\"https:\\\/\\\/www.escapadarural.com\\\/blog\\\/wp-content\\\/uploads\\\/2024\\\/11\\\/cropped-perfil_eldiario-96x96-1-96x96.jpeg\",\"caption\":\"Carmen L\u00f3pez\"},\"description\":\"Soy periodista y escribo sobre cosas que importan en sitios que interesan desde hace m\u00e1s de una d\u00e9cada.\",\"url\":\"https:\\\/\\\/www.escapadarural.com\\\/blog\\\/autor\\\/carmenlopez\\\/\"}]}<\/script>\n<!-- \/ Yoast SEO plugin. -->","yoast_head_json":{"title":"Asturias, escenario de ficci\u00f3n - EscapadaRural","robots":{"index":"index","follow":"follow","max-snippet":"max-snippet:-1","max-image-preview":"max-image-preview:large","max-video-preview":"max-video-preview:-1"},"canonical":"https:\/\/www.escapadarural.com\/blog\/asturias-escenario-de-ficcion\/","og_locale":"es_ES","og_type":"article","og_title":"Asturias, escenario de ficci\u00f3n - EscapadaRural","og_description":"El pasado 5 de febrero, la plataforma de streaming y productora Netflix public\u00f3 en su perfil de Twitter las primeras im\u00e1genes de la serie espa\u00f1ola Alma, cuyo rodaje termina dentro de unas semanas. Muchos de los datos que se conocen acerca de esta nueva ficci\u00f3n son interesantes, pero uno de los que m\u00e1s ha resaltado es que Asturias es la tierra en la que se emplazan todas las localizaciones.","og_url":"https:\/\/www.escapadarural.com\/blog\/asturias-escenario-de-ficcion\/","og_site_name":"Magazine de viajes de EscapadaRural","article_publisher":"https:\/\/www.facebook.com\/escapadarural","article_published_time":"2021-02-24T07:30:00+00:00","article_modified_time":"2025-08-12T08:09:29+00:00","og_image":[{"width":1024,"height":683,"url":"https:\/\/www.escapadarural.com\/blog\/wp-content\/uploads\/2024\/10\/AdobeStock_187806693-1024x683-3.jpg?v=1754986171","type":"image\/jpeg"}],"author":"Carmen L\u00f3pez","twitter_card":"summary_large_image","twitter_misc":{"Escrito por":"Carmen L\u00f3pez","Tiempo de lectura":"6 minutos"},"schema":{"@context":"https:\/\/schema.org","@graph":[{"@type":"Article","@id":"https:\/\/www.escapadarural.com\/blog\/asturias-escenario-de-ficcion\/#article","isPartOf":{"@id":"https:\/\/www.escapadarural.com\/blog\/asturias-escenario-de-ficcion\/"},"author":{"name":"Carmen L\u00f3pez","@id":"https:\/\/www.escapadarural.com\/blog\/#\/schema\/person\/42dfdff6118172efc6a04c8ae599a2ce"},"headline":"Asturias, escenario de ficci\u00f3n","datePublished":"2021-02-24T07:30:00+00:00","dateModified":"2025-08-12T08:09:29+00:00","mainEntityOfPage":{"@id":"https:\/\/www.escapadarural.com\/blog\/asturias-escenario-de-ficcion\/"},"wordCount":1150,"commentCount":0,"publisher":{"@id":"https:\/\/www.escapadarural.com\/blog\/#organization"},"image":{"@id":"https:\/\/www.escapadarural.com\/blog\/asturias-escenario-de-ficcion\/#primaryimage"},"thumbnailUrl":"https:\/\/www.escapadarural.com\/blog\/wp-content\/uploads\/2024\/10\/AdobeStock_187806693-1024x683-3.jpg","keywords":["alma","art\u00edculo","Asturias","asturias film commission","fitur screen","Netflix","Pel\u00edculas","rodajes","santiago segura","series","turismo cinematogr\u00e1fico y televisivo"],"articleSection":["Arte y Cultura"],"inLanguage":"es","potentialAction":[{"@type":"CommentAction","name":"Comment","target":["https:\/\/www.escapadarural.com\/blog\/asturias-escenario-de-ficcion\/#respond"]}]},{"@type":"WebPage","@id":"https:\/\/www.escapadarural.com\/blog\/asturias-escenario-de-ficcion\/","url":"https:\/\/www.escapadarural.com\/blog\/asturias-escenario-de-ficcion\/","name":"Asturias, escenario de ficci\u00f3n - EscapadaRural","isPartOf":{"@id":"https:\/\/www.escapadarural.com\/blog\/#website"},"primaryImageOfPage":{"@id":"https:\/\/www.escapadarural.com\/blog\/asturias-escenario-de-ficcion\/#primaryimage"},"image":{"@id":"https:\/\/www.escapadarural.com\/blog\/asturias-escenario-de-ficcion\/#primaryimage"},"thumbnailUrl":"https:\/\/www.escapadarural.com\/blog\/wp-content\/uploads\/2024\/10\/AdobeStock_187806693-1024x683-3.jpg","datePublished":"2021-02-24T07:30:00+00:00","dateModified":"2025-08-12T08:09:29+00:00","breadcrumb":{"@id":"https:\/\/www.escapadarural.com\/blog\/asturias-escenario-de-ficcion\/#breadcrumb"},"inLanguage":"es","potentialAction":[{"@type":"ReadAction","target":["https:\/\/www.escapadarural.com\/blog\/asturias-escenario-de-ficcion\/"]}]},{"@type":"ImageObject","inLanguage":"es","@id":"https:\/\/www.escapadarural.com\/blog\/asturias-escenario-de-ficcion\/#primaryimage","url":"https:\/\/www.escapadarural.com\/blog\/wp-content\/uploads\/2024\/10\/AdobeStock_187806693-1024x683-3.jpg","contentUrl":"https:\/\/www.escapadarural.com\/blog\/wp-content\/uploads\/2024\/10\/AdobeStock_187806693-1024x683-3.jpg","width":1024,"height":683,"caption":"Varios barcos peque\u00f1os atracan en un puerto tranquilo, con coloridos edificios de estilo antiguo que bordean el muelle. El agua refleja tanto los barcos como los edificios, y el cielo est\u00e1 nublado."},{"@type":"BreadcrumbList","@id":"https:\/\/www.escapadarural.com\/blog\/asturias-escenario-de-ficcion\/#breadcrumb","itemListElement":[{"@type":"ListItem","position":1,"name":"Inicio","item":"https:\/\/www.escapadarural.com\/blog\/"},{"@type":"ListItem","position":2,"name":"Arte y Cultura","item":"https:\/\/www.escapadarural.com\/blog\/categoria\/arte-y-cultura\/"},{"@type":"ListItem","position":3,"name":"Asturias, escenario de ficci\u00f3n"}]},{"@type":"WebSite","@id":"https:\/\/www.escapadarural.com\/blog\/#website","url":"https:\/\/www.escapadarural.com\/blog\/","name":"Blog de viajes | turismo rural, alojamientos e inspiraci\u00f3n","description":"Alojamientos rurales e inspiraci\u00f3n para tus escapadas","publisher":{"@id":"https:\/\/www.escapadarural.com\/blog\/#organization"},"alternateName":"Magazine de viajes de EscapadaRural","potentialAction":[{"@type":"SearchAction","target":{"@type":"EntryPoint","urlTemplate":"https:\/\/www.escapadarural.com\/blog\/?s={search_term_string}"},"query-input":{"@type":"PropertyValueSpecification","valueRequired":true,"valueName":"search_term_string"}}],"inLanguage":"es"},{"@type":"Organization","@id":"https:\/\/www.escapadarural.com\/blog\/#organization","name":"EscapadaRural","url":"https:\/\/www.escapadarural.com\/blog\/","logo":{"@type":"ImageObject","inLanguage":"es","@id":"https:\/\/www.escapadarural.com\/blog\/#\/schema\/logo\/image\/","url":"https:\/\/www.escapadarural.com\/blog\/wp-content\/uploads\/2024\/10\/cropped-cropped-escapada-rural-icon-mag-3.png","contentUrl":"https:\/\/www.escapadarural.com\/blog\/wp-content\/uploads\/2024\/10\/cropped-cropped-escapada-rural-icon-mag-3.png","width":512,"height":512,"caption":"EscapadaRural"},"image":{"@id":"https:\/\/www.escapadarural.com\/blog\/#\/schema\/logo\/image\/"},"sameAs":["https:\/\/www.facebook.com\/escapadarural","https:\/\/www.instagram.com\/escapadarural\/","https:\/\/www.youtube.com\/@escapadaruralcom"]},{"@type":"Person","@id":"https:\/\/www.escapadarural.com\/blog\/#\/schema\/person\/42dfdff6118172efc6a04c8ae599a2ce","name":"Carmen L\u00f3pez","image":{"@type":"ImageObject","inLanguage":"es","@id":"https:\/\/www.escapadarural.com\/blog\/wp-content\/uploads\/2024\/11\/cropped-perfil_eldiario-96x96-1-96x96.jpeg","url":"https:\/\/www.escapadarural.com\/blog\/wp-content\/uploads\/2024\/11\/cropped-perfil_eldiario-96x96-1-96x96.jpeg","contentUrl":"https:\/\/www.escapadarural.com\/blog\/wp-content\/uploads\/2024\/11\/cropped-perfil_eldiario-96x96-1-96x96.jpeg","caption":"Carmen L\u00f3pez"},"description":"Soy periodista y escribo sobre cosas que importan en sitios que interesan desde hace m\u00e1s de una d\u00e9cada.","url":"https:\/\/www.escapadarural.com\/blog\/autor\/carmenlopez\/"}]}},"_links":{"self":[{"href":"https:\/\/www.escapadarural.com\/blog\/wp-json\/wp\/v2\/posts\/38498","targetHints":{"allow":["GET"]}}],"collection":[{"href":"https:\/\/www.escapadarural.com\/blog\/wp-json\/wp\/v2\/posts"}],"about":[{"href":"https:\/\/www.escapadarural.com\/blog\/wp-json\/wp\/v2\/types\/post"}],"author":[{"embeddable":true,"href":"https:\/\/www.escapadarural.com\/blog\/wp-json\/wp\/v2\/users\/114"}],"replies":[{"embeddable":true,"href":"https:\/\/www.escapadarural.com\/blog\/wp-json\/wp\/v2\/comments?post=38498"}],"version-history":[{"count":0,"href":"https:\/\/www.escapadarural.com\/blog\/wp-json\/wp\/v2\/posts\/38498\/revisions"}],"wp:featuredmedia":[{"embeddable":true,"href":"https:\/\/www.escapadarural.com\/blog\/wp-json\/wp\/v2\/media\/102107"}],"wp:attachment":[{"href":"https:\/\/www.escapadarural.com\/blog\/wp-json\/wp\/v2\/media?parent=38498"}],"wp:term":[{"taxonomy":"category","embeddable":true,"href":"https:\/\/www.escapadarural.com\/blog\/wp-json\/wp\/v2\/categories?post=38498"},{"taxonomy":"post_tag","embeddable":true,"href":"https:\/\/www.escapadarural.com\/blog\/wp-json\/wp\/v2\/tags?post=38498"}],"curies":[{"name":"wp","href":"https:\/\/api.w.org\/{rel}","templated":true}]}}