{"id":38605,"date":"2021-02-23T11:19:05","date_gmt":"2021-02-23T10:19:05","guid":{"rendered":"https:\/\/www.escapadarural.com\/blog\/?p=38605"},"modified":"2025-08-12T10:10:26","modified_gmt":"2025-08-12T08:10:26","slug":"la-cripta-de-gaudi-que-inspiro-a-la-sagrada-familia","status":"publish","type":"post","link":"https:\/\/www.escapadarural.com\/blog\/la-cripta-de-gaudi-que-inspiro-a-la-sagrada-familia\/","title":{"rendered":"La cripta de Gaud\u00ed que inspir\u00f3 a la Sagrada Familia"},"content":{"rendered":"\n<figure class=\"wp-block-image size-large\"><img decoding=\"async\" src=\"https:\/\/www.escapadarural.com\/blog\/wp-content\/uploads\/colonia-1-1024x691.jpg\" alt=\"Cripta de Gaud\u00ed\" class=\"wp-image-38616\"\/><\/figure>\n\n\n\n<p>A las afueras de <a href=\"https:\/\/www.escapadarural.com\/casas-rurales\/barcelona\" class=\"rank-math-link\">Barcelona<\/a> capital, en el municipio de Santa Coloma de Cervell\u00f3, a\u00fan se conserva pr\u00e1cticamente intacta una de las colonias de una antigua f\u00e1brica textil. Es la <a href=\"https:\/\/gaudicoloniaguell.org\/\" class=\"rank-math-link\" target=\"_blank\">Colonia G\u00fcell<\/a>, el poblado que el empresario Eusebi G\u00fcell levant\u00f3 para sus trabajadores y cuyo dise\u00f1o corri\u00f3 a cargo de Antoni Gaud\u00ed.&nbsp;<\/p>\n\n\n\n<p>Fue pionera. Y no solo por su <strong>arquitectura modernista<\/strong>, sino tambi\u00e9n por su organizaci\u00f3n y privilegios. El empresario catal\u00e1n la dot\u00f3 de servicios e infraestructuras culturales. En ella hab\u00eda dos escuelas (una masculina y otra femenina), un hospital, comercios, una fonda, teatro y una iglesia: la cripta de Gaud\u00ed, un laboratorio donde el arquitecto catal\u00e1n experiment\u00f3 con <strong>formas y materiales que le sirvieron de inspiraci\u00f3n<\/strong> para la Sagrada Familia.<\/p>\n\n\n\n<p>Montse Garc\u00eda, Responsable del Centro de Interpretaci\u00f3n Colonia G\u00fcell, nos espera a la entrada del templo. El d\u00eda amenaza lluvia. El cielo est\u00e1 encapotado, aunque es principios de octubre y a\u00fan hace calor.&nbsp;<\/p>\n\n\n\n<p>\u201cAntiguamente la cripta estaba integrada con el bosque\u201d, nos explica mientras abre la valla que da acceso al templo. \u201cAhora quiz\u00e1 no se aprecia tanto, un hurac\u00e1n se llev\u00f3 parte de los pinos\u201d.&nbsp;A\u00fan as\u00ed, est\u00e1 rodeada de abundante vegetaci\u00f3n. Desde la parte superior se pueden ver algunas de las casas del pueblo, as\u00ed como parte del bosque que avanza hacia \u00e9l.&nbsp;<\/p>\n\n\n\n<figure class=\"wp-block-image size-large\"><img decoding=\"async\" src=\"https:\/\/www.escapadarural.com\/blog\/wp-content\/uploads\/Cripta-Gaudi-1024x576.jpg\" alt=\"Cripta de Gaud\u00ed\" class=\"wp-image-38614\"\/><\/figure>\n\n\n\n<p>\u201cEn los planos originales iba a tener m\u00e1s pisos\u201d, nos dice Montse Garc\u00eda. \u201cIba a ser como la Sagrada Familia en miniatura. Aqu\u00ed es donde Gaud\u00ed hizo sus c\u00e1lculos y practic\u00f3 la totalidad de sus innovaciones arquitect\u00f3nicas\u201d. El arquitecto catal\u00e1n utiliz\u00f3 en la cripta, por primera vez, los arcos de catenaria, la entrada con forma de paraboloides hiperb\u00f3licos y <strong>materiales reciclados<\/strong>.&nbsp;<\/p>\n\n\n\n<p>\u201cNo hay ning\u00fan material de lujo. Gaud\u00ed cogi\u00f3 ladrillos quemados, escoria de fundici\u00f3n, hierro y madera\u201d, explica mientras se\u00f1ala la pared de uno de los laterales del templo. Debido a su ubicaci\u00f3n, sobre un promontorio, est\u00e1 inspirada en la forma de los seres vivos.&nbsp;&nbsp;<\/p>\n\n\n\n<div class=\"wp-block-columns is-layout-flex wp-container-core-columns-is-layout-9d6595d7 wp-block-columns-is-layout-flex\">\n<div class=\"wp-block-column is-layout-flow wp-block-column-is-layout-flow\" style=\"flex-basis:100%\">\n<blockquote class=\"wp-block-quote is-layout-flow wp-block-quote-is-layout-flow\">\n<p>Gaud\u00ed no fue a la inauguraci\u00f3n de su cripta<\/p>\n<\/blockquote>\n<\/div>\n<\/div>\n\n\n\n<p>Su interior es como una gruta natural semicircular cuya \u00fanica luz, nebulosa, es la que se escurre entre las vidrieras ofreciendo un choque de colores. La nave es de planta libre, <strong>el altar se puede contemplar desde cualquier punto<\/strong>. Solo las columnas de piedra delimitan el espacio central, ocupado por bancos de madera y forja. No son los originales.&nbsp;<\/p>\n\n\n\n<figure class=\"wp-block-image size-large\"><img decoding=\"async\" src=\"https:\/\/www.escapadarural.com\/blog\/wp-content\/uploads\/vidriera-1024x544.jpg\" alt=\"Cripta de Gaud\u00ed\" class=\"wp-image-38613\"\/><\/figure>\n\n\n\n<p>\u201cUno de ellos se vendi\u00f3 durante la guerra civil por un mill\u00f3n de pesetas. El dinero fue para la colonia, para aquellos que lo necesitaban para seguir viviendo aqu\u00ed. <strong>Solo hay 20 bancos originales<\/strong>, algunos se vendieron y 11 de ellos est\u00e1n en el Museo Diocesano de Barcelona\u201d, nos explica Montse Garc\u00eda.&nbsp;<\/p>\n\n\n\n<p>En el exterior nos muestra la foto original de la maqueta del edificio. Gaud\u00ed tard\u00f3 10 a\u00f1os en hacerla y, seg\u00fan los planos, <strong>el templo iba a tener 40 metros de altura<\/strong>. <\/p>\n\n\n\n<figure class=\"wp-block-image size-large\"><img decoding=\"async\" src=\"https:\/\/www.escapadarural.com\/blog\/wp-content\/uploads\/cripta-1024x576.jpg\" alt=\"Cripta de Gaud\u00ed\" class=\"wp-image-38615\"\/><\/figure>\n\n\n\n<p>La primera piedra se puso en 1908, aunque en 1914 se paralizaron las obras. Eusebi G\u00fcell cay\u00f3 enfermo y sus hijos decidieron dejar de financiar su obra. La gente de la colonia trabaj\u00f3 para que, al menos, en la parte superior de la cripta no entrase agua. Un a\u00f1o despu\u00e9s, <strong>en 1915, el templo se consagr\u00f3 como iglesia<\/strong>. \u201c<strong>Gaud\u00ed no fue a su inauguraci\u00f3n<\/strong>. Dijo que su obra estaba inacabada\u201d, nos cuenta Montse Garc\u00eda. As\u00ed, puede considerarse como una de las <a href=\"https:\/\/www.escapadarural.com\/blog\/iglesias-inacabadas-en-espana\/\">iglesias inacabadas que podemos encontrar en Espa\u00f1a<\/a>.<\/p>\n\n\n\n<h2 class=\"wp-block-heading\" id=\"h-una-colonia-modernista-unica\"><strong>Una colonia modernista \u00fanica<\/strong><\/h2>\n\n\n\n<figure class=\"wp-block-image size-large\"><img decoding=\"async\" src=\"https:\/\/www.escapadarural.com\/blog\/wp-content\/uploads\/AdobeStock_350442165-1024x680.jpeg\" alt=\"Colonia G\u00fcell\" class=\"wp-image-38617\"\/><figcaption class=\"wp-element-caption\">Por&nbsp;<a href=\"https:\/\/stock.adobe.com\/es\/contributor\/207044247\/pixhound?load_type=author&amp;prev_url=detail\" target=\"_blank\">PixHound<\/a><\/figcaption><\/figure>\n\n\n\n<p>La Colonia G\u00fcell ten\u00eda muchas particularidades. Su estilo modernista es \u00fanico, aunque su ubicaci\u00f3n tambi\u00e9n fue una extra\u00f1eza para su \u00e9poca.&nbsp;<\/p>\n\n\n\n<p>En Catalu\u00f1a hab\u00eda m\u00e1s de 100 colonias. La mayor parte de ellas se localizaban en los m\u00e1rgenes de los r\u00edos Ter, Llobregat y Cardener. Aprovechaban el cauce del agua para generar energ\u00eda hidr\u00e1ulica para sus f\u00e1bricas.&nbsp;La Colonia G\u00fcell, en cambio, estaba alejada de los r\u00edos. La energ\u00eda se obten\u00eda del carb\u00f3n que se sustra\u00eda de las minas de Eusebi G\u00fcell.&nbsp;<\/p>\n\n\n\n<p>La f\u00e1brica textil de la colonia era muy importante. Aqu\u00ed se produc\u00eda algod\u00f3n, pana y el <strong>terciopelo con el que se vestir\u00eda la aristocracia espa\u00f1ola<\/strong>. Para que los trabajadores fueran a buen ritmo y optimizasen su producci\u00f3n, G\u00fcell cuid\u00f3 de que al poblado no le faltase de nada.&nbsp;<\/p>\n\n\n\n<figure class=\"wp-block-image size-large\"><img decoding=\"async\" src=\"https:\/\/www.escapadarural.com\/blog\/wp-content\/uploads\/guell-1-1024x576.jpg\" alt=\"Colonia G\u00fcell\" class=\"wp-image-38621\"\/><\/figure>\n\n\n\n<p>El dise\u00f1o depend\u00eda de Gaud\u00ed, aunque \u00e9l solo se involucr\u00f3 en la cripta. Las casas e inmuebles fueron obra de sus disc\u00edpulos:&nbsp; Francesc Berenger y Joan Rubi\u00f3, quienes <strong>levantaron la colonia en forma de tri\u00e1ngulo<\/strong>. En los v\u00e9rtices est\u00e1n la cripta, la f\u00e1brica y la escuela. \u201cEl tri\u00e1ngulo significa el ojo de Dios que todo lo ve\u201d.&nbsp;<\/p>\n\n\n\n<p>Para la distribuci\u00f3n de su casco urbano, <strong>G\u00fcell se inspir\u00f3 en las colonias alemanas<\/strong>. \u201cLas calles son anchas y est\u00e1n compuestas por casas unifamiliares de dos plantas, por lo que no tapan el sol\u201d, explica Montse Garc\u00eda mientras subimos por una de las calles que llegan hasta la plaza.<\/p>\n\n\n\n<figure class=\"wp-block-image size-large\"><img decoding=\"async\" src=\"https:\/\/www.escapadarural.com\/blog\/wp-content\/uploads\/colonia-guell-1024x576.jpg\" alt=\"Colonia G\u00fcell\" class=\"wp-image-38620\"\/><\/figure>\n\n\n\n<p>En el centro de este cruce de caminos, lo encontramos a \u00e9l. Al ide\u00f3logo de la colonia: Eusebi G\u00fcell. \u201cLa vida entonces era muy paternalista, se hac\u00eda lo que dec\u00eda el amo\u201d, nos cuenta Montse Garc\u00eda mientras se\u00f1ala la escultura.&nbsp;Aunque los trabajadores se rebelaron. Durante la guerra civil comenzaron los <strong>movimientos sindicales<\/strong>, la f\u00e1brica fue colectivizada y pas\u00f3 a manos de los trabajadores. Hasta que se termino la guerra, que la familia G\u00fcell la recuper\u00f3. En 1945 la vendieron y la f\u00e1brica sigui\u00f3 con su producci\u00f3n. <\/p>\n\n\n\n<p>Hoy, la vida en la colonia es tranquila y sosegada. Y esta es una de las razones por la que los vecinos, como Montse, adoran vivir aqu\u00ed. <\/p>\n\n\n\n<p>Con el cierre de la f\u00e1brica, en 1973, los extrabajadores y sus familias tuvieron la oportunidad de comprar las casas y seguir cuidando del pueblo. La industria y el cultivo de los campos de los alrededores siguen siendo el motor principal del lugar, aunque ahora tambi\u00e9n tienen que sumar el turismo.&nbsp;<\/p>\n\n\n\n<figure class=\"wp-block-image size-large\"><img decoding=\"async\" src=\"https:\/\/www.escapadarural.com\/blog\/wp-content\/uploads\/colonia-guell-2-1-1024x576.jpg\" alt=\"Colonia G\u00fcell\" class=\"wp-image-38623\"\/><\/figure>\n\n\n\n<p>\u201cSomos Patrimonio de la Humanidad y hemos recibido premios por la sostenibilidad de la colonia. Aqu\u00ed lo reciclamos todo. Y, s\u00ed, hemos crecido. Ahora somos unos 700-800, pero lo hemos hecho poco a poco y, aunque cada vez viene m\u00e1s gente a visitarnos, no estamos masificados\u201d, explica Montse Garc\u00eda orgullosa. Ella reconoce ser una afortunada, pues hace lo que m\u00e1s le gusta: guiar a los turistas por un patrimonio pr\u00e1cticamente desconocido pero de lo m\u00e1s relevante. \u00abLos que estudian a Gaud\u00ed consideran que esta es <strong>una de sus obras m\u00e1s importantes<\/strong>, ya que tuvo total libertad para realizarla\u00bb, concluye. <\/p>\n\n\n\n<p>La Colonia G\u00fcell es la <strong>\u00fanica colonia de estas caracter\u00edsticas<\/strong> que a\u00fan se conserva en Catalu\u00f1a.<\/p>\n\n\n\n<div class=\"wp-block-buttons is-layout-flex wp-block-buttons-is-layout-flex\">\n<div class=\"wp-block-button\"><a class=\"wp-block-button__link wp-element-button\" href=\"https:\/\/www.escapadarural.com\/casas-rurales\/barcelona\">Casas rurales en Barcelona<\/a><\/div>\n<\/div>\n","protected":false},"excerpt":{"rendered":"<p>La cripta de Gaud\u00ed, en la Colonia G\u00fcell, fue una laboratorio para el arquitecto catal\u00e1n. Aqu\u00ed experiment\u00f3 con materiales y formas que acabar\u00edan inspir\u00e1ndole para crear la Sagrada Familia-  <\/p>\n","protected":false},"author":89,"featured_media":102112,"comment_status":"open","ping_status":"open","sticky":false,"template":"","format":"standard","meta":{"_acf_changed":false,"om_disable_all_campaigns":false,"footnotes":""},"categories":[231],"tags":[3023,284,260,211,3136,1265,870],"class_list":["post-38605","post","type-post","status-publish","format-standard","has-post-thumbnail","hentry","category-arte-y-cultura","tag-antonio-gaudi","tag-arquitectura","tag-articulo","tag-que-ver-en-barcelona","tag-colonia-guell","tag-modernismo","tag-monumentos"],"acf":[],"featured_image_src":"https:\/\/www.escapadarural.com\/blog\/wp-content\/uploads\/2024\/10\/colonia-1-1024x691-2.jpg","author_info":{"display_name":"Laura Fern\u00e1ndez","author_link":"https:\/\/www.escapadarural.com\/blog\/autor\/laura\/"},"yoast_head":"<!-- This site is optimized with the Yoast SEO plugin v27.2 - https:\/\/yoast.com\/product\/yoast-seo-wordpress\/ -->\n<title>La cripta de Gaud\u00ed que inspir\u00f3 a la Sagrada Familia - EscapadaRural<\/title>\n<meta name=\"robots\" content=\"index, follow, max-snippet:-1, max-image-preview:large, max-video-preview:-1\" \/>\n<link rel=\"canonical\" href=\"https:\/\/www.escapadarural.com\/blog\/la-cripta-de-gaudi-que-inspiro-a-la-sagrada-familia\/\" \/>\n<meta property=\"og:locale\" content=\"es_ES\" \/>\n<meta property=\"og:type\" content=\"article\" \/>\n<meta property=\"og:title\" content=\"La cripta de Gaud\u00ed que inspir\u00f3 a la Sagrada Familia - EscapadaRural\" \/>\n<meta property=\"og:description\" content=\"La cripta de Gaud\u00ed, en la Colonia G\u00fcell, fue una laboratorio para el arquitecto catal\u00e1n. Aqu\u00ed experiment\u00f3 con materiales y formas que acabar\u00edan inspir\u00e1ndole para crear la Sagrada Familia-\" \/>\n<meta property=\"og:url\" content=\"https:\/\/www.escapadarural.com\/blog\/la-cripta-de-gaudi-que-inspiro-a-la-sagrada-familia\/\" \/>\n<meta property=\"og:site_name\" content=\"Magazine de viajes de EscapadaRural\" \/>\n<meta property=\"article:publisher\" content=\"https:\/\/www.facebook.com\/escapadarural\" \/>\n<meta property=\"article:published_time\" content=\"2021-02-23T10:19:05+00:00\" \/>\n<meta property=\"article:modified_time\" content=\"2025-08-12T08:10:26+00:00\" \/>\n<meta property=\"og:image\" content=\"https:\/\/www.escapadarural.com\/blog\/wp-content\/uploads\/2024\/10\/colonia-1-1024x691-2.jpg?v=1754986227\" \/>\n\t<meta property=\"og:image:width\" content=\"1024\" \/>\n\t<meta property=\"og:image:height\" content=\"691\" \/>\n\t<meta property=\"og:image:type\" content=\"image\/jpeg\" \/>\n<meta name=\"author\" content=\"Laura Fern\u00e1ndez\" \/>\n<meta name=\"twitter:card\" content=\"summary_large_image\" \/>\n<meta name=\"twitter:label1\" content=\"Escrito por\" \/>\n\t<meta name=\"twitter:data1\" content=\"Laura Fern\u00e1ndez\" \/>\n\t<meta name=\"twitter:label2\" content=\"Tiempo de lectura\" \/>\n\t<meta name=\"twitter:data2\" content=\"7 minutos\" \/>\n<script type=\"application\/ld+json\" class=\"yoast-schema-graph\">{\"@context\":\"https:\/\/schema.org\",\"@graph\":[{\"@type\":\"Article\",\"@id\":\"https:\/\/www.escapadarural.com\/blog\/la-cripta-de-gaudi-que-inspiro-a-la-sagrada-familia\/#article\",\"isPartOf\":{\"@id\":\"https:\/\/www.escapadarural.com\/blog\/la-cripta-de-gaudi-que-inspiro-a-la-sagrada-familia\/\"},\"author\":{\"name\":\"Laura Fern\u00e1ndez\",\"@id\":\"https:\/\/www.escapadarural.com\/blog\/#\/schema\/person\/a9b46ae4d047d8a2c719f31e75206cff\"},\"headline\":\"La cripta de Gaud\u00ed que inspir\u00f3 a la Sagrada Familia\",\"datePublished\":\"2021-02-23T10:19:05+00:00\",\"dateModified\":\"2025-08-12T08:10:26+00:00\",\"mainEntityOfPage\":{\"@id\":\"https:\/\/www.escapadarural.com\/blog\/la-cripta-de-gaudi-que-inspiro-a-la-sagrada-familia\/\"},\"wordCount\":1208,\"commentCount\":0,\"publisher\":{\"@id\":\"https:\/\/www.escapadarural.com\/blog\/#organization\"},\"image\":{\"@id\":\"https:\/\/www.escapadarural.com\/blog\/la-cripta-de-gaudi-que-inspiro-a-la-sagrada-familia\/#primaryimage\"},\"thumbnailUrl\":\"https:\/\/www.escapadarural.com\/blog\/wp-content\/uploads\/2024\/10\/colonia-1-1024x691-2.jpg\",\"keywords\":[\"antonio gaudi\",\"Arquitectura\",\"art\u00edculo\",\"Barcelona\",\"Colonia G\u00fcell\",\"modernismo\",\"Monumentos\"],\"articleSection\":[\"Arte y Cultura\"],\"inLanguage\":\"es\",\"potentialAction\":[{\"@type\":\"CommentAction\",\"name\":\"Comment\",\"target\":[\"https:\/\/www.escapadarural.com\/blog\/la-cripta-de-gaudi-que-inspiro-a-la-sagrada-familia\/#respond\"]}]},{\"@type\":\"WebPage\",\"@id\":\"https:\/\/www.escapadarural.com\/blog\/la-cripta-de-gaudi-que-inspiro-a-la-sagrada-familia\/\",\"url\":\"https:\/\/www.escapadarural.com\/blog\/la-cripta-de-gaudi-que-inspiro-a-la-sagrada-familia\/\",\"name\":\"La cripta de Gaud\u00ed que inspir\u00f3 a la Sagrada Familia - EscapadaRural\",\"isPartOf\":{\"@id\":\"https:\/\/www.escapadarural.com\/blog\/#website\"},\"primaryImageOfPage\":{\"@id\":\"https:\/\/www.escapadarural.com\/blog\/la-cripta-de-gaudi-que-inspiro-a-la-sagrada-familia\/#primaryimage\"},\"image\":{\"@id\":\"https:\/\/www.escapadarural.com\/blog\/la-cripta-de-gaudi-que-inspiro-a-la-sagrada-familia\/#primaryimage\"},\"thumbnailUrl\":\"https:\/\/www.escapadarural.com\/blog\/wp-content\/uploads\/2024\/10\/colonia-1-1024x691-2.jpg\",\"datePublished\":\"2021-02-23T10:19:05+00:00\",\"dateModified\":\"2025-08-12T08:10:26+00:00\",\"breadcrumb\":{\"@id\":\"https:\/\/www.escapadarural.com\/blog\/la-cripta-de-gaudi-que-inspiro-a-la-sagrada-familia\/#breadcrumb\"},\"inLanguage\":\"es\",\"potentialAction\":[{\"@type\":\"ReadAction\",\"target\":[\"https:\/\/www.escapadarural.com\/blog\/la-cripta-de-gaudi-que-inspiro-a-la-sagrada-familia\/\"]}]},{\"@type\":\"ImageObject\",\"inLanguage\":\"es\",\"@id\":\"https:\/\/www.escapadarural.com\/blog\/la-cripta-de-gaudi-que-inspiro-a-la-sagrada-familia\/#primaryimage\",\"url\":\"https:\/\/www.escapadarural.com\/blog\/wp-content\/uploads\/2024\/10\/colonia-1-1024x691-2.jpg\",\"contentUrl\":\"https:\/\/www.escapadarural.com\/blog\/wp-content\/uploads\/2024\/10\/colonia-1-1024x691-2.jpg\",\"width\":1024,\"height\":691,\"caption\":\"Un singular edificio de piedra con entradas arqueadas y formas angulosas, rodeado de \u00e1rboles y bajo un cielo parcialmente nublado. La arquitectura presenta intrincados detalles de ladrillo y vidrieras.\"},{\"@type\":\"BreadcrumbList\",\"@id\":\"https:\/\/www.escapadarural.com\/blog\/la-cripta-de-gaudi-que-inspiro-a-la-sagrada-familia\/#breadcrumb\",\"itemListElement\":[{\"@type\":\"ListItem\",\"position\":1,\"name\":\"Inicio\",\"item\":\"https:\/\/www.escapadarural.com\/blog\/\"},{\"@type\":\"ListItem\",\"position\":2,\"name\":\"Arte y Cultura\",\"item\":\"https:\/\/www.escapadarural.com\/blog\/categoria\/arte-y-cultura\/\"},{\"@type\":\"ListItem\",\"position\":3,\"name\":\"La cripta de Gaud\u00ed que inspir\u00f3 a la Sagrada Familia\"}]},{\"@type\":\"WebSite\",\"@id\":\"https:\/\/www.escapadarural.com\/blog\/#website\",\"url\":\"https:\/\/www.escapadarural.com\/blog\/\",\"name\":\"Blog de viajes | turismo rural, alojamientos e inspiraci\u00f3n\",\"description\":\"Alojamientos rurales e inspiraci\u00f3n para tus escapadas\",\"publisher\":{\"@id\":\"https:\/\/www.escapadarural.com\/blog\/#organization\"},\"alternateName\":\"Magazine de viajes de EscapadaRural\",\"potentialAction\":[{\"@type\":\"SearchAction\",\"target\":{\"@type\":\"EntryPoint\",\"urlTemplate\":\"https:\/\/www.escapadarural.com\/blog\/?s={search_term_string}\"},\"query-input\":{\"@type\":\"PropertyValueSpecification\",\"valueRequired\":true,\"valueName\":\"search_term_string\"}}],\"inLanguage\":\"es\"},{\"@type\":\"Organization\",\"@id\":\"https:\/\/www.escapadarural.com\/blog\/#organization\",\"name\":\"EscapadaRural\",\"url\":\"https:\/\/www.escapadarural.com\/blog\/\",\"logo\":{\"@type\":\"ImageObject\",\"inLanguage\":\"es\",\"@id\":\"https:\/\/www.escapadarural.com\/blog\/#\/schema\/logo\/image\/\",\"url\":\"https:\/\/www.escapadarural.com\/blog\/wp-content\/uploads\/2024\/10\/cropped-cropped-escapada-rural-icon-mag-3.png\",\"contentUrl\":\"https:\/\/www.escapadarural.com\/blog\/wp-content\/uploads\/2024\/10\/cropped-cropped-escapada-rural-icon-mag-3.png\",\"width\":512,\"height\":512,\"caption\":\"EscapadaRural\"},\"image\":{\"@id\":\"https:\/\/www.escapadarural.com\/blog\/#\/schema\/logo\/image\/\"},\"sameAs\":[\"https:\/\/www.facebook.com\/escapadarural\",\"https:\/\/www.instagram.com\/escapadarural\/\",\"https:\/\/www.youtube.com\/@escapadaruralcom\"]},{\"@type\":\"Person\",\"@id\":\"https:\/\/www.escapadarural.com\/blog\/#\/schema\/person\/a9b46ae4d047d8a2c719f31e75206cff\",\"name\":\"Laura Fern\u00e1ndez\",\"image\":{\"@type\":\"ImageObject\",\"inLanguage\":\"es\",\"@id\":\"https:\/\/www.escapadarural.com\/blog\/wp-content\/uploads\/2025\/01\/cropped-laura_raponchii-96x96.jpg\",\"url\":\"https:\/\/www.escapadarural.com\/blog\/wp-content\/uploads\/2025\/01\/cropped-laura_raponchii-96x96.jpg\",\"contentUrl\":\"https:\/\/www.escapadarural.com\/blog\/wp-content\/uploads\/2025\/01\/cropped-laura_raponchii-96x96.jpg\",\"caption\":\"Laura Fern\u00e1ndez\"},\"description\":\"Periodista, blogger y viajera. No necesariamente en ese orden. En ocasiones me despierto sin saber d\u00f3nde estoy. Adicta a los c\u00f3mics y a los noodles con salsa de cacahuete. Redactora en @escapadarural, colaboradora en la Conde Nast Traveler y en la Divinity. Mi casa: Meridiano180.\",\"sameAs\":[\"http:\/\/www.meridiano180.com\/\"],\"url\":\"https:\/\/www.escapadarural.com\/blog\/autor\/laura\/\"}]}<\/script>\n<!-- \/ Yoast SEO plugin. -->","yoast_head_json":{"title":"La cripta de Gaud\u00ed que inspir\u00f3 a la Sagrada Familia - EscapadaRural","robots":{"index":"index","follow":"follow","max-snippet":"max-snippet:-1","max-image-preview":"max-image-preview:large","max-video-preview":"max-video-preview:-1"},"canonical":"https:\/\/www.escapadarural.com\/blog\/la-cripta-de-gaudi-que-inspiro-a-la-sagrada-familia\/","og_locale":"es_ES","og_type":"article","og_title":"La cripta de Gaud\u00ed que inspir\u00f3 a la Sagrada Familia - EscapadaRural","og_description":"La cripta de Gaud\u00ed, en la Colonia G\u00fcell, fue una laboratorio para el arquitecto catal\u00e1n. Aqu\u00ed experiment\u00f3 con materiales y formas que acabar\u00edan inspir\u00e1ndole para crear la Sagrada Familia-","og_url":"https:\/\/www.escapadarural.com\/blog\/la-cripta-de-gaudi-que-inspiro-a-la-sagrada-familia\/","og_site_name":"Magazine de viajes de EscapadaRural","article_publisher":"https:\/\/www.facebook.com\/escapadarural","article_published_time":"2021-02-23T10:19:05+00:00","article_modified_time":"2025-08-12T08:10:26+00:00","og_image":[{"width":1024,"height":691,"url":"https:\/\/www.escapadarural.com\/blog\/wp-content\/uploads\/2024\/10\/colonia-1-1024x691-2.jpg?v=1754986227","type":"image\/jpeg"}],"author":"Laura Fern\u00e1ndez","twitter_card":"summary_large_image","twitter_misc":{"Escrito por":"Laura Fern\u00e1ndez","Tiempo de lectura":"7 minutos"},"schema":{"@context":"https:\/\/schema.org","@graph":[{"@type":"Article","@id":"https:\/\/www.escapadarural.com\/blog\/la-cripta-de-gaudi-que-inspiro-a-la-sagrada-familia\/#article","isPartOf":{"@id":"https:\/\/www.escapadarural.com\/blog\/la-cripta-de-gaudi-que-inspiro-a-la-sagrada-familia\/"},"author":{"name":"Laura Fern\u00e1ndez","@id":"https:\/\/www.escapadarural.com\/blog\/#\/schema\/person\/a9b46ae4d047d8a2c719f31e75206cff"},"headline":"La cripta de Gaud\u00ed que inspir\u00f3 a la Sagrada Familia","datePublished":"2021-02-23T10:19:05+00:00","dateModified":"2025-08-12T08:10:26+00:00","mainEntityOfPage":{"@id":"https:\/\/www.escapadarural.com\/blog\/la-cripta-de-gaudi-que-inspiro-a-la-sagrada-familia\/"},"wordCount":1208,"commentCount":0,"publisher":{"@id":"https:\/\/www.escapadarural.com\/blog\/#organization"},"image":{"@id":"https:\/\/www.escapadarural.com\/blog\/la-cripta-de-gaudi-que-inspiro-a-la-sagrada-familia\/#primaryimage"},"thumbnailUrl":"https:\/\/www.escapadarural.com\/blog\/wp-content\/uploads\/2024\/10\/colonia-1-1024x691-2.jpg","keywords":["antonio gaudi","Arquitectura","art\u00edculo","Barcelona","Colonia G\u00fcell","modernismo","Monumentos"],"articleSection":["Arte y Cultura"],"inLanguage":"es","potentialAction":[{"@type":"CommentAction","name":"Comment","target":["https:\/\/www.escapadarural.com\/blog\/la-cripta-de-gaudi-que-inspiro-a-la-sagrada-familia\/#respond"]}]},{"@type":"WebPage","@id":"https:\/\/www.escapadarural.com\/blog\/la-cripta-de-gaudi-que-inspiro-a-la-sagrada-familia\/","url":"https:\/\/www.escapadarural.com\/blog\/la-cripta-de-gaudi-que-inspiro-a-la-sagrada-familia\/","name":"La cripta de Gaud\u00ed que inspir\u00f3 a la Sagrada Familia - EscapadaRural","isPartOf":{"@id":"https:\/\/www.escapadarural.com\/blog\/#website"},"primaryImageOfPage":{"@id":"https:\/\/www.escapadarural.com\/blog\/la-cripta-de-gaudi-que-inspiro-a-la-sagrada-familia\/#primaryimage"},"image":{"@id":"https:\/\/www.escapadarural.com\/blog\/la-cripta-de-gaudi-que-inspiro-a-la-sagrada-familia\/#primaryimage"},"thumbnailUrl":"https:\/\/www.escapadarural.com\/blog\/wp-content\/uploads\/2024\/10\/colonia-1-1024x691-2.jpg","datePublished":"2021-02-23T10:19:05+00:00","dateModified":"2025-08-12T08:10:26+00:00","breadcrumb":{"@id":"https:\/\/www.escapadarural.com\/blog\/la-cripta-de-gaudi-que-inspiro-a-la-sagrada-familia\/#breadcrumb"},"inLanguage":"es","potentialAction":[{"@type":"ReadAction","target":["https:\/\/www.escapadarural.com\/blog\/la-cripta-de-gaudi-que-inspiro-a-la-sagrada-familia\/"]}]},{"@type":"ImageObject","inLanguage":"es","@id":"https:\/\/www.escapadarural.com\/blog\/la-cripta-de-gaudi-que-inspiro-a-la-sagrada-familia\/#primaryimage","url":"https:\/\/www.escapadarural.com\/blog\/wp-content\/uploads\/2024\/10\/colonia-1-1024x691-2.jpg","contentUrl":"https:\/\/www.escapadarural.com\/blog\/wp-content\/uploads\/2024\/10\/colonia-1-1024x691-2.jpg","width":1024,"height":691,"caption":"Un singular edificio de piedra con entradas arqueadas y formas angulosas, rodeado de \u00e1rboles y bajo un cielo parcialmente nublado. La arquitectura presenta intrincados detalles de ladrillo y vidrieras."},{"@type":"BreadcrumbList","@id":"https:\/\/www.escapadarural.com\/blog\/la-cripta-de-gaudi-que-inspiro-a-la-sagrada-familia\/#breadcrumb","itemListElement":[{"@type":"ListItem","position":1,"name":"Inicio","item":"https:\/\/www.escapadarural.com\/blog\/"},{"@type":"ListItem","position":2,"name":"Arte y Cultura","item":"https:\/\/www.escapadarural.com\/blog\/categoria\/arte-y-cultura\/"},{"@type":"ListItem","position":3,"name":"La cripta de Gaud\u00ed que inspir\u00f3 a la Sagrada Familia"}]},{"@type":"WebSite","@id":"https:\/\/www.escapadarural.com\/blog\/#website","url":"https:\/\/www.escapadarural.com\/blog\/","name":"Blog de viajes | turismo rural, alojamientos e inspiraci\u00f3n","description":"Alojamientos rurales e inspiraci\u00f3n para tus escapadas","publisher":{"@id":"https:\/\/www.escapadarural.com\/blog\/#organization"},"alternateName":"Magazine de viajes de EscapadaRural","potentialAction":[{"@type":"SearchAction","target":{"@type":"EntryPoint","urlTemplate":"https:\/\/www.escapadarural.com\/blog\/?s={search_term_string}"},"query-input":{"@type":"PropertyValueSpecification","valueRequired":true,"valueName":"search_term_string"}}],"inLanguage":"es"},{"@type":"Organization","@id":"https:\/\/www.escapadarural.com\/blog\/#organization","name":"EscapadaRural","url":"https:\/\/www.escapadarural.com\/blog\/","logo":{"@type":"ImageObject","inLanguage":"es","@id":"https:\/\/www.escapadarural.com\/blog\/#\/schema\/logo\/image\/","url":"https:\/\/www.escapadarural.com\/blog\/wp-content\/uploads\/2024\/10\/cropped-cropped-escapada-rural-icon-mag-3.png","contentUrl":"https:\/\/www.escapadarural.com\/blog\/wp-content\/uploads\/2024\/10\/cropped-cropped-escapada-rural-icon-mag-3.png","width":512,"height":512,"caption":"EscapadaRural"},"image":{"@id":"https:\/\/www.escapadarural.com\/blog\/#\/schema\/logo\/image\/"},"sameAs":["https:\/\/www.facebook.com\/escapadarural","https:\/\/www.instagram.com\/escapadarural\/","https:\/\/www.youtube.com\/@escapadaruralcom"]},{"@type":"Person","@id":"https:\/\/www.escapadarural.com\/blog\/#\/schema\/person\/a9b46ae4d047d8a2c719f31e75206cff","name":"Laura Fern\u00e1ndez","image":{"@type":"ImageObject","inLanguage":"es","@id":"https:\/\/www.escapadarural.com\/blog\/wp-content\/uploads\/2025\/01\/cropped-laura_raponchii-96x96.jpg","url":"https:\/\/www.escapadarural.com\/blog\/wp-content\/uploads\/2025\/01\/cropped-laura_raponchii-96x96.jpg","contentUrl":"https:\/\/www.escapadarural.com\/blog\/wp-content\/uploads\/2025\/01\/cropped-laura_raponchii-96x96.jpg","caption":"Laura Fern\u00e1ndez"},"description":"Periodista, blogger y viajera. No necesariamente en ese orden. En ocasiones me despierto sin saber d\u00f3nde estoy. Adicta a los c\u00f3mics y a los noodles con salsa de cacahuete. Redactora en @escapadarural, colaboradora en la Conde Nast Traveler y en la Divinity. Mi casa: Meridiano180.","sameAs":["http:\/\/www.meridiano180.com\/"],"url":"https:\/\/www.escapadarural.com\/blog\/autor\/laura\/"}]}},"_links":{"self":[{"href":"https:\/\/www.escapadarural.com\/blog\/wp-json\/wp\/v2\/posts\/38605","targetHints":{"allow":["GET"]}}],"collection":[{"href":"https:\/\/www.escapadarural.com\/blog\/wp-json\/wp\/v2\/posts"}],"about":[{"href":"https:\/\/www.escapadarural.com\/blog\/wp-json\/wp\/v2\/types\/post"}],"author":[{"embeddable":true,"href":"https:\/\/www.escapadarural.com\/blog\/wp-json\/wp\/v2\/users\/89"}],"replies":[{"embeddable":true,"href":"https:\/\/www.escapadarural.com\/blog\/wp-json\/wp\/v2\/comments?post=38605"}],"version-history":[{"count":0,"href":"https:\/\/www.escapadarural.com\/blog\/wp-json\/wp\/v2\/posts\/38605\/revisions"}],"wp:featuredmedia":[{"embeddable":true,"href":"https:\/\/www.escapadarural.com\/blog\/wp-json\/wp\/v2\/media\/102112"}],"wp:attachment":[{"href":"https:\/\/www.escapadarural.com\/blog\/wp-json\/wp\/v2\/media?parent=38605"}],"wp:term":[{"taxonomy":"category","embeddable":true,"href":"https:\/\/www.escapadarural.com\/blog\/wp-json\/wp\/v2\/categories?post=38605"},{"taxonomy":"post_tag","embeddable":true,"href":"https:\/\/www.escapadarural.com\/blog\/wp-json\/wp\/v2\/tags?post=38605"}],"curies":[{"name":"wp","href":"https:\/\/api.w.org\/{rel}","templated":true}]}}