{"id":38771,"date":"2021-03-01T16:18:17","date_gmt":"2021-03-01T15:18:17","guid":{"rendered":"https:\/\/www.escapadarural.com\/blog\/?p=38771"},"modified":"2025-04-11T10:30:14","modified_gmt":"2025-04-11T08:30:14","slug":"por-que-se-mueren-los-pueblos-en-espana","status":"publish","type":"post","link":"https:\/\/www.escapadarural.com\/blog\/por-que-se-mueren-los-pueblos-en-espana\/","title":{"rendered":"\u00bfPor qu\u00e9 se mueren los pueblos en Espa\u00f1a? Algunas respuestas"},"content":{"rendered":"\n<figure class=\"wp-block-image size-large\"><a href=\"https:\/\/www.escapadarural.com\/blog\/wp-content\/uploads\/AdobeStock_209073751-scaled.jpeg\"><img decoding=\"async\" src=\"https:\/\/www.escapadarural.com\/blog\/wp-content\/uploads\/AdobeStock_209073751-1024x575.jpeg\" alt=\"Pueblos\" class=\"wp-image-37645\"\/><\/a><figcaption>Pueblo abandonado en Soria. Por Evan Frank<\/figcaption><\/figure>\n\n\n\n<p>La cercan\u00eda con los vecinos, el aire limpio de contaminaci\u00f3n, un ritmo de vida calmado, la naturaleza a pie de calle. Son algunos de <strong>los atractivos del mundo rural<\/strong> que una persona enumera cuando anuncia que quiere irse a vivir a un pueblo o los que esgrime alguien que quiere atraer a nuevos habitantes a su aldea. Por no hablar del aspecto econ\u00f3mico: por lo que pagas por un piso de 30 m\u00b2 en el centro de Madrid, tienes una casa de tres plantas y un terreno para cultivar una huerta en cualquier pueblo semi-vac\u00edo de Espa\u00f1a, se oye por ah\u00ed.<\/p>\n\n\n\n<p>\u00bfPor qu\u00e9 se ha ido la gente de esos sitios? \u00bfQu\u00e9 ha llevado a que surjan t\u00e9rminos como <strong>\u2018La Espa\u00f1a vaciada\u2019 o \u2018Espa\u00f1a vac\u00eda\u2019<\/strong>? Seg\u00fan los aspectos que se acaban de enumerar, la vida en el campo es m\u00e1s que ventajosa. Para encontrar una respuesta v\u00e1lida y que no est\u00e9 basada en clich\u00e9s, hemos pedido ayuda a un experto en el tema.<\/p>\n\n\n\n<p>Pedro Tom\u00e9 es antrop\u00f3logo, responsable del Departamento de Antropolog\u00eda del Consejo Superior de Investigaciones Cient\u00edficas (CSIC) y explica que: \u201c<strong>No hay una \u00fanica causa, sino muchas concatenadas<\/strong> que se desarrollan a lo largo de varias d\u00e9cadas \u2013desde fines de los 50 hasta ahora, que sigue- y que, en parte, van cambiando. <\/p>\n\n\n\n<p>La <strong>fundamental <\/strong>podr\u00eda ser la creencia de que en las ciudades hay una calidad de vida mucho m\u00e1s elevada que en los pueblos y que, por tanto, ser\u00e1 m\u00e1s f\u00e1cil progresar econ\u00f3mica y socialmente. Esta idea es firmemente apoyada desde instancias p\u00fablicas y reforzada desde otras muchas direcciones (medios de comunicaci\u00f3n, cine, procesos de emulaci\u00f3n, etc.) que conjuntamente asientan la idea de que si se quiere que los hijos vivan mejor que los padres hay que \u2018abandonar\u2019 el pueblo\u201d.<\/p>\n\n\n\n<p>Pero no es el \u00fanico motivo. Tom\u00e9 indica que tambi\u00e9n \u201c<strong>hay muchos factores locales e individuales que hacen que no en todas partes sea igual.<\/strong> Hay lugares en que se hab\u00eda pasado mucha hambre y la ciudad se ofrece como un reclamo para dejar atr\u00e1s esa situaci\u00f3n. Otros lugares, donde la poblaci\u00f3n, sin ser casi nunca excesiva, hab\u00eda crecido lo suficiente como para que los frutos de la tierra no \u2018dieran\u2019 para alimentar a todos. A la vez, en la d\u00e9cada de los 60, sobre todo, comienza una r\u00e1pida mecanizaci\u00f3n de algunas \u00e1reas que hacen que no sea precisa tanta mano de obra para trabajar el campo\u201d.<\/p>\n\n\n\n<p>Asimismo, se\u00f1ala que \u201cun n\u00famero importante de personas, pero no sabemos cu\u00e1ntas, se marchan para <strong>eludir el exceso de control social<\/strong> que hay en muchos pueblos, particularmente en aquellos en que ha habido una represi\u00f3n muy fuerte o se manten\u00edan estructuras pol\u00edticas que dificultaban un libre ejercicio de derechos que hoy se nos antojan inalienables. En otros casos, sobre todo desde finales de los 60 y en los 70, la despoblaci\u00f3n tiene que ver con las posibilidades de que los hijos estudien o con la posibilidad de acceder a ciertas comodidades que no hay en muchos pueblos (calefacci\u00f3n, agua caliente, etc.)\u201d.\u00a0<\/p>\n\n\n\n<p>La conclusi\u00f3n con la que resume su respuesta a una pregunta tan abierta como el por qu\u00e9 pasa esto es: \u201cEn fin, <strong>no hay una \u00fanica causa y depende mucho de las regiones<\/strong> de las que se est\u00e9 hablando\u201d.<\/p>\n\n\n\n<h2 class=\"wp-block-heading\"><strong>\u00bfSer\u00e1 posible revertir esta tendencia en los pueblos?<\/strong><\/h2>\n\n\n\n<figure class=\"wp-block-image size-large\"><a href=\"https:\/\/www.escapadarural.com\/blog\/wp-content\/uploads\/2020\/05\/Granadilla-1.jpg\"><img decoding=\"async\" src=\"https:\/\/www.escapadarural.com\/blog\/wp-content\/uploads\/2020\/05\/Granadilla-1.jpg\" alt=\"Granadilla\" class=\"wp-image-22465\"\/><\/a><figcaption>Vista de Granadilla. Por abriendomundo <\/figcaption><\/figure>\n\n\n\n<p>Otra cuesti\u00f3n que <strong>no se puede responder con un mero s\u00ed o no<\/strong>. Pedro Tom\u00e9 dice que \u201cActualmente la tendencia a dejar el medio rural sigue estando presente y est\u00e1 afectando a las cabeceras comarcales que, m\u00e1s o menos, aguantaron. Parece muy dif\u00edcil y, en todo caso, aunque haya personas que \u2018vuelvan\u2019 o \u2018se vayan\u2019 a los pueblos har\u00eda falta mucho tiempo con una tendencia mantenida para que se invierta la tendencia. Es posible, en todo caso, que estemos yendo hacia <strong>formas diferentes de ruralidad<\/strong>, en la que algunos (o muchos, no sabemos) pueblos est\u00e9n habitados varios meses y haya tambi\u00e9n \u00e9pocas en las que no viva nadie.\u00a0<\/p>\n\n\n\n<p>Tambi\u00e9n plantea otra posibilidad, la de que existan \u201c<strong>agricultores que vivan en ciudades intermedias cercanas<\/strong> y se trasladen con sus veh\u00edculos cada d\u00eda al campo. Lo que s\u00ed parece cierto es que el <a href=\"https:\/\/www.escapadarural.com\/\" class=\"rank-math-link\">turismo<\/a>, al que se acude como un mantra, no es una soluci\u00f3n v\u00e1lida para todos. S\u00ed para algunos, pero, posiblemente, no para la mayor\u00eda\u201d.<\/p>\n\n\n\n<p>Y la \u00faltima pregunta: \u00bfser\u00eda posible que entidades como el Gobierno, empresas privadas, asociaciones, etc., llevasen a cabo alg\u00fan tipo de acci\u00f3n espec\u00edficas para mejorar la situaci\u00f3n de la Espa\u00f1a rural? \u201cLo principal es que <strong>se aborde una ordenaci\u00f3n del territorio de manera integral<\/strong>. Si unos lugares crecen, es porque otros decrecen. No se puede abordar el vaciamiento sin atender a las causas que est\u00e1n propiciando el \u2018llenado\u2019 de otros sitios.<strong> No se puede \u2018proteger\u2019 unos lugares si otros se desprotegen&#8217;,<\/strong> contempla el antrop\u00f3logo.<\/p>\n\n\n\n<p>Seg\u00fan su punto de vista, \u201cuna adecuada ordenaci\u00f3n del territorio permitir\u00eda una distribuci\u00f3n de los servicios de forma que todas las personas (o la inmensa mayor\u00eda) tuvieran la oportunidad de <strong>cubrir sus necesidades sin esfuerzos desmedidos<\/strong> (no es razonable que una persona tenga que emplear un d\u00eda entero, por ejemplo, con trasbordos de ambulancias incluidos, para 15 minutos de radioterapia; o que haya ni\u00f1os que se encuentren en situaci\u00f3n de desigualdad con respecto a otros). A la vez, es precisa una pol\u00edtica p\u00fablica que haga que estos servicios \u2013m\u00e9dicos, escuela, pero tambi\u00e9n internet de alta calidad, espacios culturales, etc.- puedan <strong>llegar con equidad a todas las \u00e1reas rurales<\/strong>\u201d.<\/p>\n","protected":false},"excerpt":{"rendered":"<p>Si unos lugares crecen, es porque otros decrecen. No se puede abordar el vaciamiento sin atender a las causas que est\u00e1n propiciando el \u2018llenado\u2019 de otros sitios. No se puede \u2018proteger\u2019 unos lugares si otros se desprotegen&#8217;.<\/p>\n","protected":false},"author":114,"featured_media":102175,"comment_status":"open","ping_status":"open","sticky":false,"template":"","format":"standard","meta":{"_acf_changed":false,"om_disable_all_campaigns":false,"footnotes":""},"categories":[231],"tags":[2986,2423,720,2487,2424,440,1553,212],"class_list":["post-38771","post","type-post","status-publish","format-standard","has-post-thumbnail","hentry","category-arte-y-cultura","tag-antropologia","tag-despoblacion","tag-entrevista","tag-espana-vacia","tag-espana-vaciada","tag-historias-y-curiosidades","tag-mundo-rural","tag-pueblos"],"acf":[],"featured_image_src":"https:\/\/www.escapadarural.com\/blog\/wp-content\/uploads\/2024\/10\/AdobeStock_209073751-1024x575-9.jpeg","author_info":{"display_name":"Carmen L\u00f3pez","author_link":"https:\/\/www.escapadarural.com\/blog\/autor\/carmenlopez\/"},"yoast_head":"<!-- This site is optimized with the Yoast SEO plugin v27.5 - https:\/\/yoast.com\/product\/yoast-seo-wordpress\/ -->\n<title>\u00bfPor qu\u00e9 se mueren los pueblos en Espa\u00f1a? Algunas respuestas - EscapadaRural<\/title>\n<meta name=\"robots\" content=\"index, follow, max-snippet:-1, max-image-preview:large, max-video-preview:-1\" \/>\n<link rel=\"canonical\" href=\"https:\/\/www.escapadarural.com\/blog\/por-que-se-mueren-los-pueblos-en-espana\/\" \/>\n<meta property=\"og:locale\" content=\"es_ES\" \/>\n<meta property=\"og:type\" content=\"article\" \/>\n<meta property=\"og:title\" content=\"\u00bfPor qu\u00e9 se mueren los pueblos en Espa\u00f1a? Algunas respuestas - EscapadaRural\" \/>\n<meta property=\"og:description\" content=\"Si unos lugares crecen, es porque otros decrecen. No se puede abordar el vaciamiento sin atender a las causas que est\u00e1n propiciando el \u2018llenado\u2019 de otros sitios. No se puede \u2018proteger\u2019 unos lugares si otros se desprotegen&#039;.\" \/>\n<meta property=\"og:url\" content=\"https:\/\/www.escapadarural.com\/blog\/por-que-se-mueren-los-pueblos-en-espana\/\" \/>\n<meta property=\"og:site_name\" content=\"Magazine de viajes de EscapadaRural\" \/>\n<meta property=\"article:publisher\" content=\"https:\/\/www.facebook.com\/escapadarural\" \/>\n<meta property=\"article:published_time\" content=\"2021-03-01T15:18:17+00:00\" \/>\n<meta property=\"article:modified_time\" content=\"2025-04-11T08:30:14+00:00\" \/>\n<meta property=\"og:image\" content=\"https:\/\/www.escapadarural.com\/blog\/wp-content\/uploads\/2024\/10\/AdobeStock_209073751-1024x575-9.jpeg\" \/>\n\t<meta property=\"og:image:width\" content=\"1024\" \/>\n\t<meta property=\"og:image:height\" content=\"575\" \/>\n\t<meta property=\"og:image:type\" content=\"image\/jpeg\" \/>\n<meta name=\"author\" content=\"Carmen L\u00f3pez\" \/>\n<meta name=\"twitter:card\" content=\"summary_large_image\" \/>\n<meta name=\"twitter:label1\" content=\"Escrito por\" \/>\n\t<meta name=\"twitter:data1\" content=\"Carmen L\u00f3pez\" \/>\n\t<meta name=\"twitter:label2\" content=\"Tiempo de lectura\" \/>\n\t<meta name=\"twitter:data2\" content=\"5 minutos\" \/>\n<script type=\"application\/ld+json\" class=\"yoast-schema-graph\">{\"@context\":\"https:\\\/\\\/schema.org\",\"@graph\":[{\"@type\":\"Article\",\"@id\":\"https:\\\/\\\/www.escapadarural.com\\\/blog\\\/por-que-se-mueren-los-pueblos-en-espana\\\/#article\",\"isPartOf\":{\"@id\":\"https:\\\/\\\/www.escapadarural.com\\\/blog\\\/por-que-se-mueren-los-pueblos-en-espana\\\/\"},\"author\":{\"name\":\"Carmen L\u00f3pez\",\"@id\":\"https:\\\/\\\/www.escapadarural.com\\\/blog\\\/#\\\/schema\\\/person\\\/42dfdff6118172efc6a04c8ae599a2ce\"},\"headline\":\"\u00bfPor qu\u00e9 se mueren los pueblos en Espa\u00f1a? Algunas respuestas\",\"datePublished\":\"2021-03-01T15:18:17+00:00\",\"dateModified\":\"2025-04-11T08:30:14+00:00\",\"mainEntityOfPage\":{\"@id\":\"https:\\\/\\\/www.escapadarural.com\\\/blog\\\/por-que-se-mueren-los-pueblos-en-espana\\\/\"},\"wordCount\":999,\"commentCount\":0,\"publisher\":{\"@id\":\"https:\\\/\\\/www.escapadarural.com\\\/blog\\\/#organization\"},\"image\":{\"@id\":\"https:\\\/\\\/www.escapadarural.com\\\/blog\\\/por-que-se-mueren-los-pueblos-en-espana\\\/#primaryimage\"},\"thumbnailUrl\":\"https:\\\/\\\/www.escapadarural.com\\\/blog\\\/wp-content\\\/uploads\\\/2024\\\/10\\\/AdobeStock_209073751-1024x575-9.jpeg\",\"keywords\":[\"Antropolog\u00eda\",\"despoblaci\u00f3n\",\"Entrevista\",\"Espa\u00f1a vac\u00eda\",\"Espa\u00f1a vaciada\",\"Historias y Curiosidades\",\"Mundo Rural\",\"pueblos\"],\"articleSection\":[\"Arte y Cultura\"],\"inLanguage\":\"es\",\"potentialAction\":[{\"@type\":\"CommentAction\",\"name\":\"Comment\",\"target\":[\"https:\\\/\\\/www.escapadarural.com\\\/blog\\\/por-que-se-mueren-los-pueblos-en-espana\\\/#respond\"]}]},{\"@type\":\"WebPage\",\"@id\":\"https:\\\/\\\/www.escapadarural.com\\\/blog\\\/por-que-se-mueren-los-pueblos-en-espana\\\/\",\"url\":\"https:\\\/\\\/www.escapadarural.com\\\/blog\\\/por-que-se-mueren-los-pueblos-en-espana\\\/\",\"name\":\"\u00bfPor qu\u00e9 se mueren los pueblos en Espa\u00f1a? Algunas respuestas - EscapadaRural\",\"isPartOf\":{\"@id\":\"https:\\\/\\\/www.escapadarural.com\\\/blog\\\/#website\"},\"primaryImageOfPage\":{\"@id\":\"https:\\\/\\\/www.escapadarural.com\\\/blog\\\/por-que-se-mueren-los-pueblos-en-espana\\\/#primaryimage\"},\"image\":{\"@id\":\"https:\\\/\\\/www.escapadarural.com\\\/blog\\\/por-que-se-mueren-los-pueblos-en-espana\\\/#primaryimage\"},\"thumbnailUrl\":\"https:\\\/\\\/www.escapadarural.com\\\/blog\\\/wp-content\\\/uploads\\\/2024\\\/10\\\/AdobeStock_209073751-1024x575-9.jpeg\",\"datePublished\":\"2021-03-01T15:18:17+00:00\",\"dateModified\":\"2025-04-11T08:30:14+00:00\",\"breadcrumb\":{\"@id\":\"https:\\\/\\\/www.escapadarural.com\\\/blog\\\/por-que-se-mueren-los-pueblos-en-espana\\\/#breadcrumb\"},\"inLanguage\":\"es\",\"potentialAction\":[{\"@type\":\"ReadAction\",\"target\":[\"https:\\\/\\\/www.escapadarural.com\\\/blog\\\/por-que-se-mueren-los-pueblos-en-espana\\\/\"]}]},{\"@type\":\"ImageObject\",\"inLanguage\":\"es\",\"@id\":\"https:\\\/\\\/www.escapadarural.com\\\/blog\\\/por-que-se-mueren-los-pueblos-en-espana\\\/#primaryimage\",\"url\":\"https:\\\/\\\/www.escapadarural.com\\\/blog\\\/wp-content\\\/uploads\\\/2024\\\/10\\\/AdobeStock_209073751-1024x575-9.jpeg\",\"contentUrl\":\"https:\\\/\\\/www.escapadarural.com\\\/blog\\\/wp-content\\\/uploads\\\/2024\\\/10\\\/AdobeStock_209073751-1024x575-9.jpeg\",\"width\":1024,\"height\":575,\"caption\":\"Vista a\u00e9rea de un pueblo de piedra abandonado con tejados de tejas rojas, rodeado de vegetaci\u00f3n y \u00e1rboles densos, situado en un paisaje rural monta\u00f1oso.\"},{\"@type\":\"BreadcrumbList\",\"@id\":\"https:\\\/\\\/www.escapadarural.com\\\/blog\\\/por-que-se-mueren-los-pueblos-en-espana\\\/#breadcrumb\",\"itemListElement\":[{\"@type\":\"ListItem\",\"position\":1,\"name\":\"Inicio\",\"item\":\"https:\\\/\\\/www.escapadarural.com\\\/blog\\\/\"},{\"@type\":\"ListItem\",\"position\":2,\"name\":\"Arte y Cultura\",\"item\":\"https:\\\/\\\/www.escapadarural.com\\\/blog\\\/categoria\\\/arte-y-cultura\\\/\"},{\"@type\":\"ListItem\",\"position\":3,\"name\":\"\u00bfPor qu\u00e9 se mueren los pueblos en Espa\u00f1a? Algunas respuestas\"}]},{\"@type\":\"WebSite\",\"@id\":\"https:\\\/\\\/www.escapadarural.com\\\/blog\\\/#website\",\"url\":\"https:\\\/\\\/www.escapadarural.com\\\/blog\\\/\",\"name\":\"Blog de viajes | turismo rural, alojamientos e inspiraci\u00f3n\",\"description\":\"Alojamientos rurales e inspiraci\u00f3n para tus escapadas\",\"publisher\":{\"@id\":\"https:\\\/\\\/www.escapadarural.com\\\/blog\\\/#organization\"},\"alternateName\":\"Magazine de viajes de EscapadaRural\",\"potentialAction\":[{\"@type\":\"SearchAction\",\"target\":{\"@type\":\"EntryPoint\",\"urlTemplate\":\"https:\\\/\\\/www.escapadarural.com\\\/blog\\\/?s={search_term_string}\"},\"query-input\":{\"@type\":\"PropertyValueSpecification\",\"valueRequired\":true,\"valueName\":\"search_term_string\"}}],\"inLanguage\":\"es\"},{\"@type\":\"Organization\",\"@id\":\"https:\\\/\\\/www.escapadarural.com\\\/blog\\\/#organization\",\"name\":\"EscapadaRural\",\"url\":\"https:\\\/\\\/www.escapadarural.com\\\/blog\\\/\",\"logo\":{\"@type\":\"ImageObject\",\"inLanguage\":\"es\",\"@id\":\"https:\\\/\\\/www.escapadarural.com\\\/blog\\\/#\\\/schema\\\/logo\\\/image\\\/\",\"url\":\"https:\\\/\\\/www.escapadarural.com\\\/blog\\\/wp-content\\\/uploads\\\/2024\\\/10\\\/cropped-cropped-escapada-rural-icon-mag-3.png\",\"contentUrl\":\"https:\\\/\\\/www.escapadarural.com\\\/blog\\\/wp-content\\\/uploads\\\/2024\\\/10\\\/cropped-cropped-escapada-rural-icon-mag-3.png\",\"width\":512,\"height\":512,\"caption\":\"EscapadaRural\"},\"image\":{\"@id\":\"https:\\\/\\\/www.escapadarural.com\\\/blog\\\/#\\\/schema\\\/logo\\\/image\\\/\"},\"sameAs\":[\"https:\\\/\\\/www.facebook.com\\\/escapadarural\",\"https:\\\/\\\/www.instagram.com\\\/escapadarural\\\/\",\"https:\\\/\\\/www.youtube.com\\\/@escapadaruralcom\"]},{\"@type\":\"Person\",\"@id\":\"https:\\\/\\\/www.escapadarural.com\\\/blog\\\/#\\\/schema\\\/person\\\/42dfdff6118172efc6a04c8ae599a2ce\",\"name\":\"Carmen L\u00f3pez\",\"image\":{\"@type\":\"ImageObject\",\"inLanguage\":\"es\",\"@id\":\"https:\\\/\\\/www.escapadarural.com\\\/blog\\\/wp-content\\\/uploads\\\/2024\\\/11\\\/cropped-perfil_eldiario-96x96-1-96x96.jpeg\",\"url\":\"https:\\\/\\\/www.escapadarural.com\\\/blog\\\/wp-content\\\/uploads\\\/2024\\\/11\\\/cropped-perfil_eldiario-96x96-1-96x96.jpeg\",\"contentUrl\":\"https:\\\/\\\/www.escapadarural.com\\\/blog\\\/wp-content\\\/uploads\\\/2024\\\/11\\\/cropped-perfil_eldiario-96x96-1-96x96.jpeg\",\"caption\":\"Carmen L\u00f3pez\"},\"description\":\"Soy periodista y escribo sobre cosas que importan en sitios que interesan desde hace m\u00e1s de una d\u00e9cada.\",\"url\":\"https:\\\/\\\/www.escapadarural.com\\\/blog\\\/autor\\\/carmenlopez\\\/\"}]}<\/script>\n<!-- \/ Yoast SEO plugin. -->","yoast_head_json":{"title":"\u00bfPor qu\u00e9 se mueren los pueblos en Espa\u00f1a? Algunas respuestas - EscapadaRural","robots":{"index":"index","follow":"follow","max-snippet":"max-snippet:-1","max-image-preview":"max-image-preview:large","max-video-preview":"max-video-preview:-1"},"canonical":"https:\/\/www.escapadarural.com\/blog\/por-que-se-mueren-los-pueblos-en-espana\/","og_locale":"es_ES","og_type":"article","og_title":"\u00bfPor qu\u00e9 se mueren los pueblos en Espa\u00f1a? Algunas respuestas - EscapadaRural","og_description":"Si unos lugares crecen, es porque otros decrecen. No se puede abordar el vaciamiento sin atender a las causas que est\u00e1n propiciando el \u2018llenado\u2019 de otros sitios. No se puede \u2018proteger\u2019 unos lugares si otros se desprotegen'.","og_url":"https:\/\/www.escapadarural.com\/blog\/por-que-se-mueren-los-pueblos-en-espana\/","og_site_name":"Magazine de viajes de EscapadaRural","article_publisher":"https:\/\/www.facebook.com\/escapadarural","article_published_time":"2021-03-01T15:18:17+00:00","article_modified_time":"2025-04-11T08:30:14+00:00","og_image":[{"width":1024,"height":575,"url":"https:\/\/www.escapadarural.com\/blog\/wp-content\/uploads\/2024\/10\/AdobeStock_209073751-1024x575-9.jpeg","type":"image\/jpeg"}],"author":"Carmen L\u00f3pez","twitter_card":"summary_large_image","twitter_misc":{"Escrito por":"Carmen L\u00f3pez","Tiempo de lectura":"5 minutos"},"schema":{"@context":"https:\/\/schema.org","@graph":[{"@type":"Article","@id":"https:\/\/www.escapadarural.com\/blog\/por-que-se-mueren-los-pueblos-en-espana\/#article","isPartOf":{"@id":"https:\/\/www.escapadarural.com\/blog\/por-que-se-mueren-los-pueblos-en-espana\/"},"author":{"name":"Carmen L\u00f3pez","@id":"https:\/\/www.escapadarural.com\/blog\/#\/schema\/person\/42dfdff6118172efc6a04c8ae599a2ce"},"headline":"\u00bfPor qu\u00e9 se mueren los pueblos en Espa\u00f1a? Algunas respuestas","datePublished":"2021-03-01T15:18:17+00:00","dateModified":"2025-04-11T08:30:14+00:00","mainEntityOfPage":{"@id":"https:\/\/www.escapadarural.com\/blog\/por-que-se-mueren-los-pueblos-en-espana\/"},"wordCount":999,"commentCount":0,"publisher":{"@id":"https:\/\/www.escapadarural.com\/blog\/#organization"},"image":{"@id":"https:\/\/www.escapadarural.com\/blog\/por-que-se-mueren-los-pueblos-en-espana\/#primaryimage"},"thumbnailUrl":"https:\/\/www.escapadarural.com\/blog\/wp-content\/uploads\/2024\/10\/AdobeStock_209073751-1024x575-9.jpeg","keywords":["Antropolog\u00eda","despoblaci\u00f3n","Entrevista","Espa\u00f1a vac\u00eda","Espa\u00f1a vaciada","Historias y Curiosidades","Mundo Rural","pueblos"],"articleSection":["Arte y Cultura"],"inLanguage":"es","potentialAction":[{"@type":"CommentAction","name":"Comment","target":["https:\/\/www.escapadarural.com\/blog\/por-que-se-mueren-los-pueblos-en-espana\/#respond"]}]},{"@type":"WebPage","@id":"https:\/\/www.escapadarural.com\/blog\/por-que-se-mueren-los-pueblos-en-espana\/","url":"https:\/\/www.escapadarural.com\/blog\/por-que-se-mueren-los-pueblos-en-espana\/","name":"\u00bfPor qu\u00e9 se mueren los pueblos en Espa\u00f1a? Algunas respuestas - EscapadaRural","isPartOf":{"@id":"https:\/\/www.escapadarural.com\/blog\/#website"},"primaryImageOfPage":{"@id":"https:\/\/www.escapadarural.com\/blog\/por-que-se-mueren-los-pueblos-en-espana\/#primaryimage"},"image":{"@id":"https:\/\/www.escapadarural.com\/blog\/por-que-se-mueren-los-pueblos-en-espana\/#primaryimage"},"thumbnailUrl":"https:\/\/www.escapadarural.com\/blog\/wp-content\/uploads\/2024\/10\/AdobeStock_209073751-1024x575-9.jpeg","datePublished":"2021-03-01T15:18:17+00:00","dateModified":"2025-04-11T08:30:14+00:00","breadcrumb":{"@id":"https:\/\/www.escapadarural.com\/blog\/por-que-se-mueren-los-pueblos-en-espana\/#breadcrumb"},"inLanguage":"es","potentialAction":[{"@type":"ReadAction","target":["https:\/\/www.escapadarural.com\/blog\/por-que-se-mueren-los-pueblos-en-espana\/"]}]},{"@type":"ImageObject","inLanguage":"es","@id":"https:\/\/www.escapadarural.com\/blog\/por-que-se-mueren-los-pueblos-en-espana\/#primaryimage","url":"https:\/\/www.escapadarural.com\/blog\/wp-content\/uploads\/2024\/10\/AdobeStock_209073751-1024x575-9.jpeg","contentUrl":"https:\/\/www.escapadarural.com\/blog\/wp-content\/uploads\/2024\/10\/AdobeStock_209073751-1024x575-9.jpeg","width":1024,"height":575,"caption":"Vista a\u00e9rea de un pueblo de piedra abandonado con tejados de tejas rojas, rodeado de vegetaci\u00f3n y \u00e1rboles densos, situado en un paisaje rural monta\u00f1oso."},{"@type":"BreadcrumbList","@id":"https:\/\/www.escapadarural.com\/blog\/por-que-se-mueren-los-pueblos-en-espana\/#breadcrumb","itemListElement":[{"@type":"ListItem","position":1,"name":"Inicio","item":"https:\/\/www.escapadarural.com\/blog\/"},{"@type":"ListItem","position":2,"name":"Arte y Cultura","item":"https:\/\/www.escapadarural.com\/blog\/categoria\/arte-y-cultura\/"},{"@type":"ListItem","position":3,"name":"\u00bfPor qu\u00e9 se mueren los pueblos en Espa\u00f1a? Algunas respuestas"}]},{"@type":"WebSite","@id":"https:\/\/www.escapadarural.com\/blog\/#website","url":"https:\/\/www.escapadarural.com\/blog\/","name":"Blog de viajes | turismo rural, alojamientos e inspiraci\u00f3n","description":"Alojamientos rurales e inspiraci\u00f3n para tus escapadas","publisher":{"@id":"https:\/\/www.escapadarural.com\/blog\/#organization"},"alternateName":"Magazine de viajes de EscapadaRural","potentialAction":[{"@type":"SearchAction","target":{"@type":"EntryPoint","urlTemplate":"https:\/\/www.escapadarural.com\/blog\/?s={search_term_string}"},"query-input":{"@type":"PropertyValueSpecification","valueRequired":true,"valueName":"search_term_string"}}],"inLanguage":"es"},{"@type":"Organization","@id":"https:\/\/www.escapadarural.com\/blog\/#organization","name":"EscapadaRural","url":"https:\/\/www.escapadarural.com\/blog\/","logo":{"@type":"ImageObject","inLanguage":"es","@id":"https:\/\/www.escapadarural.com\/blog\/#\/schema\/logo\/image\/","url":"https:\/\/www.escapadarural.com\/blog\/wp-content\/uploads\/2024\/10\/cropped-cropped-escapada-rural-icon-mag-3.png","contentUrl":"https:\/\/www.escapadarural.com\/blog\/wp-content\/uploads\/2024\/10\/cropped-cropped-escapada-rural-icon-mag-3.png","width":512,"height":512,"caption":"EscapadaRural"},"image":{"@id":"https:\/\/www.escapadarural.com\/blog\/#\/schema\/logo\/image\/"},"sameAs":["https:\/\/www.facebook.com\/escapadarural","https:\/\/www.instagram.com\/escapadarural\/","https:\/\/www.youtube.com\/@escapadaruralcom"]},{"@type":"Person","@id":"https:\/\/www.escapadarural.com\/blog\/#\/schema\/person\/42dfdff6118172efc6a04c8ae599a2ce","name":"Carmen L\u00f3pez","image":{"@type":"ImageObject","inLanguage":"es","@id":"https:\/\/www.escapadarural.com\/blog\/wp-content\/uploads\/2024\/11\/cropped-perfil_eldiario-96x96-1-96x96.jpeg","url":"https:\/\/www.escapadarural.com\/blog\/wp-content\/uploads\/2024\/11\/cropped-perfil_eldiario-96x96-1-96x96.jpeg","contentUrl":"https:\/\/www.escapadarural.com\/blog\/wp-content\/uploads\/2024\/11\/cropped-perfil_eldiario-96x96-1-96x96.jpeg","caption":"Carmen L\u00f3pez"},"description":"Soy periodista y escribo sobre cosas que importan en sitios que interesan desde hace m\u00e1s de una d\u00e9cada.","url":"https:\/\/www.escapadarural.com\/blog\/autor\/carmenlopez\/"}]}},"_links":{"self":[{"href":"https:\/\/www.escapadarural.com\/blog\/wp-json\/wp\/v2\/posts\/38771","targetHints":{"allow":["GET"]}}],"collection":[{"href":"https:\/\/www.escapadarural.com\/blog\/wp-json\/wp\/v2\/posts"}],"about":[{"href":"https:\/\/www.escapadarural.com\/blog\/wp-json\/wp\/v2\/types\/post"}],"author":[{"embeddable":true,"href":"https:\/\/www.escapadarural.com\/blog\/wp-json\/wp\/v2\/users\/114"}],"replies":[{"embeddable":true,"href":"https:\/\/www.escapadarural.com\/blog\/wp-json\/wp\/v2\/comments?post=38771"}],"version-history":[{"count":0,"href":"https:\/\/www.escapadarural.com\/blog\/wp-json\/wp\/v2\/posts\/38771\/revisions"}],"wp:featuredmedia":[{"embeddable":true,"href":"https:\/\/www.escapadarural.com\/blog\/wp-json\/wp\/v2\/media\/102175"}],"wp:attachment":[{"href":"https:\/\/www.escapadarural.com\/blog\/wp-json\/wp\/v2\/media?parent=38771"}],"wp:term":[{"taxonomy":"category","embeddable":true,"href":"https:\/\/www.escapadarural.com\/blog\/wp-json\/wp\/v2\/categories?post=38771"},{"taxonomy":"post_tag","embeddable":true,"href":"https:\/\/www.escapadarural.com\/blog\/wp-json\/wp\/v2\/tags?post=38771"}],"curies":[{"name":"wp","href":"https:\/\/api.w.org\/{rel}","templated":true}]}}