{"id":39154,"date":"2021-03-18T09:38:15","date_gmt":"2021-03-18T08:38:15","guid":{"rendered":"https:\/\/www.escapadarural.com\/blog\/?p=39154"},"modified":"2025-08-12T10:07:53","modified_gmt":"2025-08-12T08:07:53","slug":"del-mollete-a-la-regana-8-panes-tipicos-de-andalucia","status":"publish","type":"post","link":"https:\/\/www.escapadarural.com\/blog\/del-mollete-a-la-regana-8-panes-tipicos-de-andalucia\/","title":{"rendered":"Del mollete a la rega\u00f1\u00e1: 8 panes t\u00edpicos de Andaluc\u00eda"},"content":{"rendered":"\n<figure class=\"wp-block-image size-large\"><a href=\"https:\/\/www.escapadarural.com\/blog\/wp-content\/uploads\/AdobeStock_260964372-scaled.jpeg\"><img decoding=\"async\" src=\"https:\/\/www.escapadarural.com\/blog\/wp-content\/uploads\/AdobeStock_260964372-1024x684.jpeg\" alt=\"\" class=\"wp-image-39216\"\/><\/a><figcaption class=\"wp-element-caption\">Mollete. Por DalaiFood<\/figcaption><\/figure>\n\n\n\n<p>Muy poco tiene que gustarle a alguien el pan como para que no se relama ante <strong>un famoso mollete de <a href=\"https:\/\/www.escapadarural.com\/casas-rurales\/comarca-de-antequera\" class=\"rank-math-link\">Antequera<\/a>.<\/strong> El popular pan malague\u00f1o es tan apreciado que ha recibido hace apenas unos meses l<strong>a Indicaci\u00f3n Geogr\u00e1fica Protegida (IGP)<\/strong> despu\u00e9s de d\u00e9cada y media de tr\u00e1mites burocr\u00e1ticos con la Comisi\u00f3n Europea.&nbsp;<\/p>\n\n\n\n<p>Este sello indica que un producto alimenticio est\u00e1 elaborado, producido o transformado en la zona geogr\u00e1fica que protege. Y <a class=\"rank-math-link\" href=\"https:\/\/www.malagahoy.es\/antequera\/mollete-Antequera-indicacion-origen-protegida_0_1520548430.html\" target=\"_blank\">seg\u00fan Bruselas<\/a>, este <strong>tipo de pan se elabora en Antequera<\/strong> de forma ininterrumpida desde 1539 como m\u00ednimo. Asimismo, la descripci\u00f3n que ofrecen del popular bollo es que tiene una textura \u201ctierna, suave y tersa\u201d y un aroma intenso que aportan una \u201ccalidad sensorial elevada\u201d \u00bfQui\u00e9n se puede resistir?<\/p>\n\n\n\n<p>El pan de Antequera est\u00e1 acompa\u00f1ado por otros <strong>1.500 productos espa\u00f1oles con IGP.<\/strong> Por ejemplo, la sidra de <a href=\"https:\/\/www.escapadarural.com\/casas-rurales\/asturias\" class=\"rank-math-link\">Asturias<\/a>, la chufa de <a href=\"https:\/\/www.escapadarural.com\/casas-rurales\/comunidad-valenciana\" class=\"rank-math-link\">Valencia<\/a>, la pera de <a href=\"https:\/\/www.escapadarural.com\/casas-rurales\/jumilla\" class=\"rank-math-link\">Jumilla<\/a>, el pimiento de <a href=\"https:\/\/www.escapadarural.com\/casas-rurales\/la-rioja\" class=\"rank-math-link\">La Rioja<\/a>, la coliflor de <a href=\"https:\/\/www.escapadarural.com\/casas-rurales\/calahorra\" class=\"rank-math-link\">Calahorra<\/a>, la mantequilla de <a href=\"https:\/\/www.escapadarural.com\/casas-rurales\/soria\" class=\"rank-math-link\">Soria<\/a>, la miel de <a href=\"https:\/\/www.escapadarural.com\/casas-rurales\/liebana\" class=\"rank-math-link\">Li\u00e9bana<\/a>, la morcilla de <a href=\"https:\/\/www.escapadarural.com\/casas-rurales\/burgos\" class=\"rank-math-link\">Burgos<\/a>, la ternera de <a href=\"https:\/\/www.escapadarural.com\/casas-rurales\/aliste\" class=\"rank-math-link\">Aliste<\/a> o el gofio de las <a href=\"https:\/\/www.escapadarural.com\/casas-rurales\/islas-canarias\" class=\"rank-math-link\">Islas Canarias<\/a>.<\/p>\n\n\n\n<p>Curiosamente, el mollete no es el \u00fanico pan andaluz que tiene IGP, sino que el de<strong> <a href=\"https:\/\/www.escapadarural.com\/casas-rurales\/alfacar\" class=\"rank-math-link\">Alfacar<\/a> tambi\u00e9n posee dicho sello<\/strong>. Tiene varias formas \u2013de bollo, rosco, rosca u hogaza\u2013, que se obtienen a partir de una misma masa de origen.&nbsp;<\/p>\n\n\n\n<p>Seg\u00fan <a class=\"rank-math-link\" href=\"https:\/\/ayuntamientodealfacar.es\/wp-content\/uploads\/2017\/07\/BOJA-IGP-Pan-de_Alfacar.pdf\" target=\"_blank\">la inscripci\u00f3n<\/a> de la Junta de Andaluc\u00eda: \u201ces un pan tradicional a base de harinas de trigo, masa madre natural fermentada en la zona de elaboraci\u00f3n, <strong>agua del manantial de Alfacar<\/strong>, levadura de panificaci\u00f3n y sal comestible. Los panaderos logran un pan caracter\u00edstico gracias a la utilizaci\u00f3n de materias primas espec\u00edficas, cuyas caracter\u00edsticas se encuentran vinculadas tanto a factores naturales como humanos de la zona de elaboraci\u00f3n\u201d.<\/p>\n\n\n\n<p>Lo cierto es que <strong><a href=\"https:\/\/www.escapadarural.com\/casas-rurales\/andalucia\" class=\"rank-math-link\">Andaluc\u00eda<\/a> es una regi\u00f3n rica en panes<\/strong> de calidad (adem\u00e1s de en aceite, embutidos, vinos y otras delicias gastron\u00f3micas, por supuesto). Estos son algunos de los m\u00e1s reconocidos:<\/p>\n\n\n\n<h2 class=\"wp-block-heading\" id=\"h-el-mollete\">El Mollete<\/h2>\n\n\n\n<p><strong>El mollete<\/strong>, del que ya hemos hablado y alrededor del cual existe un trasunto de discusi\u00f3n parecida a la de si la tortilla de patata debe llevar cebolla o no. En este caso se refiere a si el mollete debe ir tostado por dentro (abierto por la mitad y puesto en la plancha o tostadora) o solo por fuera para que el interior siga esponjoso. Para gustos, los colores, pero lo que s\u00ed es habitual es untarlo con <em>manteca color\u00e1<\/em> o echarle un chorrito de aceite y un poco de sal.<\/p>\n\n\n\n<h2 class=\"wp-block-heading\" id=\"h-pan-de-alfacar\"><strong>Pan de Alfacar<\/strong><\/h2>\n\n\n\n<figure class=\"wp-block-embed is-type-rich is-provider-twitter wp-block-embed-twitter\"><div class=\"wp-block-embed__wrapper\">\n<span class=\"nJjE3BRZoV5csq6utWr1dglw\"><div class=\"video-shortcode\"><blockquote class=\"twitter-tweet\" data-width=\"550\" data-dnt=\"true\"><p lang=\"es\" dir=\"ltr\">El Pan de Alfacar presenta la etiqueta europea que certifica su calidad <a href=\"http:\/\/t.co\/HG6ws1MQjz\" target=\"_blank\">http:\/\/t.co\/HG6ws1MQjz<\/a> <a href=\"http:\/\/t.co\/vDhYKU4oi0\" target=\"_blank\">pic.twitter.com\/vDhYKU4oi0<\/a><\/p>&mdash; Besana PortalAgrario (@PortalBesana) <a href=\"https:\/\/twitter.com\/PortalBesana\/status\/514349744123310080?ref_src=twsrc%5Etfw\" target=\"_blank\">September 23, 2014<\/a><\/blockquote><script async src=\"https:\/\/platform.twitter.com\/widgets.js\" charset=\"utf-8\"><\/script><\/div><\/span>\n<\/div><\/figure>\n\n\n\n<p>Tambi\u00e9n incluido en la disertaci\u00f3n de entrada, el pan  de Alfacar naci\u00f3 en t\u00e9rminos municipales de Alfacar y <a href=\"https:\/\/www.escapadarural.com\/casas-rurales\/viznar\" class=\"rank-math-link\">V\u00edznar<\/a>. Seg\u00fan los datos que se poseen, parece que comenz\u00f3 a elaborarse a finales del siglo XV, despu\u00e9s de la conquista del reino de Granada. La receta fue pasando de padres a hijos y actualmente son seis las panader\u00edas que tienen el sello de IGP.<\/p>\n\n\n\n<h2 class=\"wp-block-heading\" id=\"h-pan-cateto\"><strong>Pan cateto<\/strong><\/h2>\n\n\n\n<figure class=\"wp-block-image size-large\"><img decoding=\"async\" src=\"https:\/\/www.escapadarural.com\/blog\/wp-content\/uploads\/AdobeStock_335824393-1024x683.jpeg\" alt=\"\" class=\"wp-image-39217\"\/><figcaption class=\"wp-element-caption\">Pan cateto. Por diegomartinfernandez<\/figcaption><\/figure>\n\n\n\n<p>T\u00edpico de la regi\u00f3n de <a href=\"https:\/\/www.escapadarural.com\/casas-rurales\/malaga\" class=\"rank-math-link\">M\u00e1laga<\/a>, el pan cateto es conocido principalmente porque aguanta unos cinco d\u00edas en buen estado si se tapa con un pa\u00f1o. Se vende en forma de hogazas de kilo o de medio kilo. Su miga es compacta y la harina que se utiliza para su preparaci\u00f3n es de fuerza media, sin blanquear ni refinar, por lo que su color es m\u00e1s oscuro que el de otros panes. Era un alimento t\u00edpico de la gente humilde por su duraci\u00f3n (tambi\u00e9n se usa para hacer migas, con lo que se aprovecha a\u00fan m\u00e1s). En <a href=\"https:\/\/www.escapadarural.com\/casas-rurales\/algeciras\" class=\"rank-math-link\">Algeciras<\/a> y <a href=\"https:\/\/www.escapadarural.com\/casas-rurales\/tarifa\" class=\"rank-math-link\">Tarifa<\/a> tambi\u00e9n se lo conoce como <strong>pan macho<\/strong>.<\/p>\n\n\n\n<h2 class=\"wp-block-heading\" id=\"h-la-albardilla\">La albardilla<\/h2>\n\n\n\n<figure class=\"wp-block-embed is-type-rich is-provider-twitter wp-block-embed-twitter\"><div class=\"wp-block-embed__wrapper\">\n<span class=\"AbLCGvFmVDZrjKh\"><div class=\"video-shortcode\"><blockquote class=\"twitter-tweet\" data-width=\"550\" data-dnt=\"true\"><p lang=\"es\" dir=\"ltr\">Esta semana seguimos con la Promoci\u00f3n de la Vuelta al Cole, con nuestras Albardillas, perfectas para los bocadillos del recreo o del desayuno en casa!!!<br>\u2668\ufe0f\ud83e\udd56\u2668\ufe0f\ud83e\udd56\u2668\ufe0f<a href=\"https:\/\/twitter.com\/hashtag\/buenosdias?src=hash&amp;ref_src=twsrc%5Etfw\" target=\"_blank\">#buenosdias<\/a> <a href=\"https:\/\/twitter.com\/hashtag\/promoci%C3%B3n?src=hash&amp;ref_src=twsrc%5Etfw\" target=\"_blank\">#promoci\u00f3n<\/a> <a href=\"https:\/\/twitter.com\/hashtag\/vueltaalcole?src=hash&amp;ref_src=twsrc%5Etfw\" target=\"_blank\">#vueltaalcole<\/a> <a href=\"https:\/\/twitter.com\/hashtag\/albardilla?src=hash&amp;ref_src=twsrc%5Etfw\" target=\"_blank\">#albardilla<\/a> <a href=\"https:\/\/twitter.com\/hashtag\/bocadillos?src=hash&amp;ref_src=twsrc%5Etfw\" target=\"_blank\">#bocadillos<\/a> <a href=\"https:\/\/twitter.com\/hashtag\/recreo?src=hash&amp;ref_src=twsrc%5Etfw\" target=\"_blank\">#recreo<\/a> <a href=\"https:\/\/twitter.com\/hashtag\/colegio?src=hash&amp;ref_src=twsrc%5Etfw\" target=\"_blank\">#colegio<\/a> <a href=\"https:\/\/t.co\/TEUZM6RXGH\" target=\"_blank\">pic.twitter.com\/TEUZM6RXGH<\/a><\/p>&mdash; El Mimbre (@panelmimbre) <a href=\"https:\/\/twitter.com\/panelmimbre\/status\/1170939900151173120?ref_src=twsrc%5Etfw\" target=\"_blank\">September 9, 2019<\/a><\/blockquote><script async src=\"https:\/\/platform.twitter.com\/widgets.js\" charset=\"utf-8\"><\/script><\/div><\/span>\n<\/div><\/figure>\n\n\n\n<p>La albardilla es tradicional de M\u00e1laga y tiene una miga blanda y masa dura. Se hornea con baja hidrataci\u00f3n y se vende en forma ovalada con un corte profundo en el centro.<\/p>\n\n\n\n<h2 class=\"wp-block-heading\" id=\"h-viena-y-pitufo\">Viena y pitufo<\/h2>\n\n\n\n<figure class=\"wp-block-image size-large\"><img decoding=\"async\" src=\"https:\/\/www.escapadarural.com\/blog\/wp-content\/uploads\/AdobeStock_107184659-1024x683.jpeg\" alt=\"\" class=\"wp-image-39218\"\/><figcaption class=\"wp-element-caption\">Pan pitufo. Por Bj\u00f6rn Wylezich<\/figcaption><\/figure>\n\n\n\n<p><strong>Viena<\/strong> es el cl\u00e1sico pan que se utiliza para hacer bocadillos, muy popular incluso fuera de la Comunidad. Tiene puntas redondeadas, con miga blanda y corteza crujiente. En <strong>M\u00e1laga se conocen como pitufos<\/strong> a las vienas de tama\u00f1o m\u00e1s reducido. Su nombre es responsabilidad de la panificadora Mateo Luque, fundada en 1964, que ide\u00f3 este formato m\u00e1s peque\u00f1o dirigido a los ni\u00f1os. Para promocionar su producto, utiliz\u00f3 un cartel luminoso con un pitufo que sosten\u00eda los bollitos y poco a poco fue gan\u00e1ndose el nombre.<\/p>\n\n\n\n<h2 class=\"wp-block-heading\" id=\"h-regana\">Rega\u00f1\u00e1<\/h2>\n\n\n\n<figure class=\"wp-block-image size-large\"><a href=\"https:\/\/www.escapadarural.com\/blog\/wp-content\/uploads\/Reganas_IMG_2368-scaled.jpg\"><img decoding=\"async\" src=\"https:\/\/www.escapadarural.com\/blog\/wp-content\/uploads\/Reganas_IMG_2368-1024x683.jpg\" alt=\"\" class=\"wp-image-39219\"\/><\/a><figcaption class=\"wp-element-caption\">Rega\u00f1\u00e1s. Por El Pantera <\/figcaption><\/figure>\n\n\n\n<p>El aspecto de la rega\u00f1\u00e1 se asemeja m\u00e1s al de una galleta que al del pan \u2018de barra\u2019 u hogaza. Se trata de una especie de torta que se comercializa en trozos ovalados o cuadrados y es originaria de <a href=\"https:\/\/www.escapadarural.com\/casas-rurales\/sevilla\" class=\"rank-math-link\">Sevilla<\/a>, en teor\u00eda de Alcal\u00e1 de Guada\u00edra. Se dice que los panaderos empezaron a elaborarla en el siglo XIV al descubrir que si se deja la masa m\u00e1s del tiempo recomendado en el horno, el agua se evapora y el resultado es una corteza crujiente sin miga.&nbsp;<\/p>\n\n\n\n<p>Su consumo se atribu\u00eda a las clases bajas y en especial a los marineros, ya que se conserva bien en sitios h\u00famedos y adem\u00e1s aporta energ\u00eda. Sobre el nombre, no hay certeza, pero se dice que viene de que era el alimento de los marineros a los que confinaban por mal comportamiento (rega\u00f1ados o a rega\u00f1adientes).<\/p>\n\n\n\n<h2 class=\"wp-block-heading\" id=\"h-telera\">Telera<\/h2>\n\n\n\n<figure class=\"wp-block-image size-large\"><a href=\"https:\/\/www.escapadarural.com\/blog\/wp-content\/uploads\/Telera_01-scaled.jpg\"><img decoding=\"async\" src=\"https:\/\/www.escapadarural.com\/blog\/wp-content\/uploads\/Telera_01-1024x681.jpg\" alt=\"\" class=\"wp-image-39220\"\/><\/a><figcaption class=\"wp-element-caption\">Telera. Por AlejandroLinaresGarcia<\/figcaption><\/figure>\n\n\n\n<p>La <strong>telera<\/strong> es propia de <a href=\"https:\/\/www.escapadarural.com\/casas-rurales\/cordoba\" class=\"rank-math-link\">C\u00f3rdoba<\/a>. Se elabora con harina candeal, su masa es prieta y su corteza crujiente y dorada. Se la considera la acompa\u00f1ante perfecta del salmorejo, tambi\u00e9n un plato t\u00edpico cordob\u00e9s.<\/p>\n\n\n\n<h2 class=\"wp-block-heading\" id=\"h-la-saladilla\">La saladilla<\/h2>\n\n\n\n<figure class=\"wp-block-embed is-type-rich is-provider-twitter wp-block-embed-twitter\"><div class=\"wp-block-embed__wrapper\">\n<span class=\"7ZUF0Y26gRzNk5PrehoyCRShtf3GnDmHW1YQvWxngJuAcsmNAVdDrsf9E4exw3iaBq2B\"><div class=\"video-shortcode\"><blockquote class=\"twitter-tweet\" data-width=\"550\" data-dnt=\"true\"><p lang=\"es\" dir=\"ltr\">Descubrimos el delicioso <a href=\"https:\/\/twitter.com\/hashtag\/pan?src=hash&amp;ref_src=twsrc%5Etfw\" target=\"_blank\">#pan<\/a> de saladilla t\u00edpico de <a href=\"https:\/\/twitter.com\/hashtag\/Granada?src=hash&amp;ref_src=twsrc%5Etfw\" target=\"_blank\">#Granada<\/a> <a href=\"https:\/\/twitter.com\/hashtag\/travelphotography?src=hash&amp;ref_src=twsrc%5Etfw\" target=\"_blank\">#travelphotography<\/a> <a href=\"https:\/\/twitter.com\/hashtag\/travelblogger?src=hash&amp;ref_src=twsrc%5Etfw\" target=\"_blank\">#travelblogger<\/a>  <a href=\"https:\/\/twitter.com\/hashtag\/food?src=hash&amp;ref_src=twsrc%5Etfw\" target=\"_blank\">#food<\/a> <a href=\"https:\/\/twitter.com\/hashtag\/foodie?src=hash&amp;ref_src=twsrc%5Etfw\" target=\"_blank\">#foodie<\/a> <a href=\"https:\/\/twitter.com\/hashtag\/foodietravel?src=hash&amp;ref_src=twsrc%5Etfw\" target=\"_blank\">#foodietravel<\/a> <a href=\"https:\/\/twitter.com\/hashtag\/travel?src=hash&amp;ref_src=twsrc%5Etfw\" target=\"_blank\">#travel<\/a> <a href=\"https:\/\/twitter.com\/hashtag\/travelblogger?src=hash&amp;ref_src=twsrc%5Etfw\" target=\"_blank\">#travelblogger<\/a> <a href=\"https:\/\/twitter.com\/hashtag\/travelphotography?src=hash&amp;ref_src=twsrc%5Etfw\" target=\"_blank\">#travelphotography<\/a> <a href=\"https:\/\/t.co\/2Z8hDzoOXC\" target=\"_blank\">pic.twitter.com\/2Z8hDzoOXC<\/a><\/p>&mdash; TravellersandCo (@travellersandco) <a href=\"https:\/\/twitter.com\/travellersandco\/status\/1100026773478273024?ref_src=twsrc%5Etfw\" target=\"_blank\">February 25, 2019<\/a><\/blockquote><script async src=\"https:\/\/platform.twitter.com\/widgets.js\" charset=\"utf-8\"><\/script><\/div><\/span>\n<\/div><\/figure>\n\n\n\n<p>La<strong> saladilla<\/strong>, tambi\u00e9n conocida como sala\u00edlla o torta de carda. Es una torta de pan elaborada con aceite de oliva y espolvoreada con sal gorda (podr\u00eda decirse que es parecida a la focaccia italiana) t\u00edpica de <a href=\"https:\/\/www.escapadarural.com\/casas-rurales\/granada\" class=\"rank-math-link\">Granada<\/a>. Tradicionalmente se come acompa\u00f1ada por habas frescas, jam\u00f3n, bacalao seco o tocino, por ejemplo. Aunque es t\u00edpicas de festividades como el D\u00eda de la Cruz, en realidad se consume todo el a\u00f1o.<\/p>\n","protected":false},"excerpt":{"rendered":"<p> Andaluc\u00eda es una regi\u00f3n rica en panes de calidad (adem\u00e1s de en aceite, embutidos, vinos y otras delicias gastron\u00f3micas, por supuesto). Estos son algunos de los m\u00e1s reconocidos:<\/p>\n","protected":false},"author":114,"featured_media":102024,"comment_status":"open","ping_status":"open","sticky":false,"template":"","format":"standard","meta":{"_acf_changed":false,"om_disable_all_campaigns":false,"footnotes":""},"categories":[231],"tags":[448,2195,508,215,3185,2597,3186],"class_list":["post-39154","post","type-post","status-publish","format-standard","has-post-thumbnail","hentry","category-arte-y-cultura","tag-que-ver-en-andalucia","tag-antequera","tag-gastronomia","tag-listado","tag-mollete","tag-pan","tag-regana"],"acf":[],"featured_image_src":"https:\/\/www.escapadarural.com\/blog\/wp-content\/uploads\/2024\/10\/AdobeStock_260964372-1024x684-3.jpeg","author_info":{"display_name":"Carmen L\u00f3pez","author_link":"https:\/\/www.escapadarural.com\/blog\/autor\/carmenlopez\/"},"yoast_head":"<!-- This site is optimized with the Yoast SEO plugin v27.5 - https:\/\/yoast.com\/product\/yoast-seo-wordpress\/ -->\n<title>Del mollete a la rega\u00f1\u00e1: 8 panes t\u00edpicos de Andaluc\u00eda - EscapadaRural<\/title>\n<meta name=\"robots\" content=\"index, follow, max-snippet:-1, max-image-preview:large, max-video-preview:-1\" \/>\n<link rel=\"canonical\" href=\"https:\/\/www.escapadarural.com\/blog\/del-mollete-a-la-regana-8-panes-tipicos-de-andalucia\/\" \/>\n<meta property=\"og:locale\" content=\"es_ES\" \/>\n<meta property=\"og:type\" content=\"article\" \/>\n<meta property=\"og:title\" content=\"Del mollete a la rega\u00f1\u00e1: 8 panes t\u00edpicos de Andaluc\u00eda - EscapadaRural\" \/>\n<meta property=\"og:description\" content=\"Andaluc\u00eda es una regi\u00f3n rica en panes de calidad (adem\u00e1s de en aceite, embutidos, vinos y otras delicias gastron\u00f3micas, por supuesto). Estos son algunos de los m\u00e1s reconocidos:\" \/>\n<meta property=\"og:url\" content=\"https:\/\/www.escapadarural.com\/blog\/del-mollete-a-la-regana-8-panes-tipicos-de-andalucia\/\" \/>\n<meta property=\"og:site_name\" content=\"Magazine de viajes de EscapadaRural\" \/>\n<meta property=\"article:publisher\" content=\"https:\/\/www.facebook.com\/escapadarural\" \/>\n<meta property=\"article:published_time\" content=\"2021-03-18T08:38:15+00:00\" \/>\n<meta property=\"article:modified_time\" content=\"2025-08-12T08:07:53+00:00\" \/>\n<meta property=\"og:image\" content=\"https:\/\/www.escapadarural.com\/blog\/wp-content\/uploads\/2024\/10\/AdobeStock_260964372-1024x684-3.jpeg?v=1754986075\" \/>\n\t<meta property=\"og:image:width\" content=\"1024\" \/>\n\t<meta property=\"og:image:height\" content=\"684\" \/>\n\t<meta property=\"og:image:type\" content=\"image\/jpeg\" \/>\n<meta name=\"author\" content=\"Carmen L\u00f3pez\" \/>\n<meta name=\"twitter:card\" content=\"summary_large_image\" \/>\n<meta name=\"twitter:label1\" content=\"Escrito por\" \/>\n\t<meta name=\"twitter:data1\" content=\"Carmen L\u00f3pez\" \/>\n\t<meta name=\"twitter:label2\" content=\"Tiempo de lectura\" \/>\n\t<meta name=\"twitter:data2\" content=\"5 minutos\" \/>\n<script type=\"application\/ld+json\" class=\"yoast-schema-graph\">{\"@context\":\"https:\\\/\\\/schema.org\",\"@graph\":[{\"@type\":\"Article\",\"@id\":\"https:\\\/\\\/www.escapadarural.com\\\/blog\\\/del-mollete-a-la-regana-8-panes-tipicos-de-andalucia\\\/#article\",\"isPartOf\":{\"@id\":\"https:\\\/\\\/www.escapadarural.com\\\/blog\\\/del-mollete-a-la-regana-8-panes-tipicos-de-andalucia\\\/\"},\"author\":{\"name\":\"Carmen L\u00f3pez\",\"@id\":\"https:\\\/\\\/www.escapadarural.com\\\/blog\\\/#\\\/schema\\\/person\\\/42dfdff6118172efc6a04c8ae599a2ce\"},\"headline\":\"Del mollete a la rega\u00f1\u00e1: 8 panes t\u00edpicos de Andaluc\u00eda\",\"datePublished\":\"2021-03-18T08:38:15+00:00\",\"dateModified\":\"2025-08-12T08:07:53+00:00\",\"mainEntityOfPage\":{\"@id\":\"https:\\\/\\\/www.escapadarural.com\\\/blog\\\/del-mollete-a-la-regana-8-panes-tipicos-de-andalucia\\\/\"},\"wordCount\":1096,\"commentCount\":0,\"publisher\":{\"@id\":\"https:\\\/\\\/www.escapadarural.com\\\/blog\\\/#organization\"},\"image\":{\"@id\":\"https:\\\/\\\/www.escapadarural.com\\\/blog\\\/del-mollete-a-la-regana-8-panes-tipicos-de-andalucia\\\/#primaryimage\"},\"thumbnailUrl\":\"https:\\\/\\\/www.escapadarural.com\\\/blog\\\/wp-content\\\/uploads\\\/2024\\\/10\\\/AdobeStock_260964372-1024x684-3.jpeg\",\"keywords\":[\"Andaluc\u00eda\",\"Antequera\",\"Gastronom\u00eda\",\"Listado\",\"mollete\",\"Pan\",\"rega\u00f1\u00e1\"],\"articleSection\":[\"Arte y Cultura\"],\"inLanguage\":\"es\",\"potentialAction\":[{\"@type\":\"CommentAction\",\"name\":\"Comment\",\"target\":[\"https:\\\/\\\/www.escapadarural.com\\\/blog\\\/del-mollete-a-la-regana-8-panes-tipicos-de-andalucia\\\/#respond\"]}]},{\"@type\":\"WebPage\",\"@id\":\"https:\\\/\\\/www.escapadarural.com\\\/blog\\\/del-mollete-a-la-regana-8-panes-tipicos-de-andalucia\\\/\",\"url\":\"https:\\\/\\\/www.escapadarural.com\\\/blog\\\/del-mollete-a-la-regana-8-panes-tipicos-de-andalucia\\\/\",\"name\":\"Del mollete a la rega\u00f1\u00e1: 8 panes t\u00edpicos de Andaluc\u00eda - EscapadaRural\",\"isPartOf\":{\"@id\":\"https:\\\/\\\/www.escapadarural.com\\\/blog\\\/#website\"},\"primaryImageOfPage\":{\"@id\":\"https:\\\/\\\/www.escapadarural.com\\\/blog\\\/del-mollete-a-la-regana-8-panes-tipicos-de-andalucia\\\/#primaryimage\"},\"image\":{\"@id\":\"https:\\\/\\\/www.escapadarural.com\\\/blog\\\/del-mollete-a-la-regana-8-panes-tipicos-de-andalucia\\\/#primaryimage\"},\"thumbnailUrl\":\"https:\\\/\\\/www.escapadarural.com\\\/blog\\\/wp-content\\\/uploads\\\/2024\\\/10\\\/AdobeStock_260964372-1024x684-3.jpeg\",\"datePublished\":\"2021-03-18T08:38:15+00:00\",\"dateModified\":\"2025-08-12T08:07:53+00:00\",\"breadcrumb\":{\"@id\":\"https:\\\/\\\/www.escapadarural.com\\\/blog\\\/del-mollete-a-la-regana-8-panes-tipicos-de-andalucia\\\/#breadcrumb\"},\"inLanguage\":\"es\",\"potentialAction\":[{\"@type\":\"ReadAction\",\"target\":[\"https:\\\/\\\/www.escapadarural.com\\\/blog\\\/del-mollete-a-la-regana-8-panes-tipicos-de-andalucia\\\/\"]}]},{\"@type\":\"ImageObject\",\"inLanguage\":\"es\",\"@id\":\"https:\\\/\\\/www.escapadarural.com\\\/blog\\\/del-mollete-a-la-regana-8-panes-tipicos-de-andalucia\\\/#primaryimage\",\"url\":\"https:\\\/\\\/www.escapadarural.com\\\/blog\\\/wp-content\\\/uploads\\\/2024\\\/10\\\/AdobeStock_260964372-1024x684-3.jpeg\",\"contentUrl\":\"https:\\\/\\\/www.escapadarural.com\\\/blog\\\/wp-content\\\/uploads\\\/2024\\\/10\\\/AdobeStock_260964372-1024x684-3.jpeg\",\"width\":1024,\"height\":684,\"caption\":\"Un panecillo ingl\u00e9s cortado en rebanadas y rociado con aceite de oliva en un plato blanco, junto a una taza de caf\u00e9, una peque\u00f1a jarra de aceite de oliva y un panecillo entero en una tabla de cortar de madera encima de una mesa r\u00fastica.\"},{\"@type\":\"BreadcrumbList\",\"@id\":\"https:\\\/\\\/www.escapadarural.com\\\/blog\\\/del-mollete-a-la-regana-8-panes-tipicos-de-andalucia\\\/#breadcrumb\",\"itemListElement\":[{\"@type\":\"ListItem\",\"position\":1,\"name\":\"Inicio\",\"item\":\"https:\\\/\\\/www.escapadarural.com\\\/blog\\\/\"},{\"@type\":\"ListItem\",\"position\":2,\"name\":\"Arte y Cultura\",\"item\":\"https:\\\/\\\/www.escapadarural.com\\\/blog\\\/categoria\\\/arte-y-cultura\\\/\"},{\"@type\":\"ListItem\",\"position\":3,\"name\":\"Del mollete a la rega\u00f1\u00e1: 8 panes t\u00edpicos de Andaluc\u00eda\"}]},{\"@type\":\"WebSite\",\"@id\":\"https:\\\/\\\/www.escapadarural.com\\\/blog\\\/#website\",\"url\":\"https:\\\/\\\/www.escapadarural.com\\\/blog\\\/\",\"name\":\"Blog de viajes | turismo rural, alojamientos e inspiraci\u00f3n\",\"description\":\"Alojamientos rurales e inspiraci\u00f3n para tus escapadas\",\"publisher\":{\"@id\":\"https:\\\/\\\/www.escapadarural.com\\\/blog\\\/#organization\"},\"alternateName\":\"Magazine de viajes de EscapadaRural\",\"potentialAction\":[{\"@type\":\"SearchAction\",\"target\":{\"@type\":\"EntryPoint\",\"urlTemplate\":\"https:\\\/\\\/www.escapadarural.com\\\/blog\\\/?s={search_term_string}\"},\"query-input\":{\"@type\":\"PropertyValueSpecification\",\"valueRequired\":true,\"valueName\":\"search_term_string\"}}],\"inLanguage\":\"es\"},{\"@type\":\"Organization\",\"@id\":\"https:\\\/\\\/www.escapadarural.com\\\/blog\\\/#organization\",\"name\":\"EscapadaRural\",\"url\":\"https:\\\/\\\/www.escapadarural.com\\\/blog\\\/\",\"logo\":{\"@type\":\"ImageObject\",\"inLanguage\":\"es\",\"@id\":\"https:\\\/\\\/www.escapadarural.com\\\/blog\\\/#\\\/schema\\\/logo\\\/image\\\/\",\"url\":\"https:\\\/\\\/www.escapadarural.com\\\/blog\\\/wp-content\\\/uploads\\\/2024\\\/10\\\/cropped-cropped-escapada-rural-icon-mag-3.png\",\"contentUrl\":\"https:\\\/\\\/www.escapadarural.com\\\/blog\\\/wp-content\\\/uploads\\\/2024\\\/10\\\/cropped-cropped-escapada-rural-icon-mag-3.png\",\"width\":512,\"height\":512,\"caption\":\"EscapadaRural\"},\"image\":{\"@id\":\"https:\\\/\\\/www.escapadarural.com\\\/blog\\\/#\\\/schema\\\/logo\\\/image\\\/\"},\"sameAs\":[\"https:\\\/\\\/www.facebook.com\\\/escapadarural\",\"https:\\\/\\\/www.instagram.com\\\/escapadarural\\\/\",\"https:\\\/\\\/www.youtube.com\\\/@escapadaruralcom\"]},{\"@type\":\"Person\",\"@id\":\"https:\\\/\\\/www.escapadarural.com\\\/blog\\\/#\\\/schema\\\/person\\\/42dfdff6118172efc6a04c8ae599a2ce\",\"name\":\"Carmen L\u00f3pez\",\"image\":{\"@type\":\"ImageObject\",\"inLanguage\":\"es\",\"@id\":\"https:\\\/\\\/www.escapadarural.com\\\/blog\\\/wp-content\\\/uploads\\\/2024\\\/11\\\/cropped-perfil_eldiario-96x96-1-96x96.jpeg\",\"url\":\"https:\\\/\\\/www.escapadarural.com\\\/blog\\\/wp-content\\\/uploads\\\/2024\\\/11\\\/cropped-perfil_eldiario-96x96-1-96x96.jpeg\",\"contentUrl\":\"https:\\\/\\\/www.escapadarural.com\\\/blog\\\/wp-content\\\/uploads\\\/2024\\\/11\\\/cropped-perfil_eldiario-96x96-1-96x96.jpeg\",\"caption\":\"Carmen L\u00f3pez\"},\"description\":\"Soy periodista y escribo sobre cosas que importan en sitios que interesan desde hace m\u00e1s de una d\u00e9cada.\",\"url\":\"https:\\\/\\\/www.escapadarural.com\\\/blog\\\/autor\\\/carmenlopez\\\/\"}]}<\/script>\n<!-- \/ Yoast SEO plugin. -->","yoast_head_json":{"title":"Del mollete a la rega\u00f1\u00e1: 8 panes t\u00edpicos de Andaluc\u00eda - EscapadaRural","robots":{"index":"index","follow":"follow","max-snippet":"max-snippet:-1","max-image-preview":"max-image-preview:large","max-video-preview":"max-video-preview:-1"},"canonical":"https:\/\/www.escapadarural.com\/blog\/del-mollete-a-la-regana-8-panes-tipicos-de-andalucia\/","og_locale":"es_ES","og_type":"article","og_title":"Del mollete a la rega\u00f1\u00e1: 8 panes t\u00edpicos de Andaluc\u00eda - EscapadaRural","og_description":"Andaluc\u00eda es una regi\u00f3n rica en panes de calidad (adem\u00e1s de en aceite, embutidos, vinos y otras delicias gastron\u00f3micas, por supuesto). Estos son algunos de los m\u00e1s reconocidos:","og_url":"https:\/\/www.escapadarural.com\/blog\/del-mollete-a-la-regana-8-panes-tipicos-de-andalucia\/","og_site_name":"Magazine de viajes de EscapadaRural","article_publisher":"https:\/\/www.facebook.com\/escapadarural","article_published_time":"2021-03-18T08:38:15+00:00","article_modified_time":"2025-08-12T08:07:53+00:00","og_image":[{"width":1024,"height":684,"url":"https:\/\/www.escapadarural.com\/blog\/wp-content\/uploads\/2024\/10\/AdobeStock_260964372-1024x684-3.jpeg?v=1754986075","type":"image\/jpeg"}],"author":"Carmen L\u00f3pez","twitter_card":"summary_large_image","twitter_misc":{"Escrito por":"Carmen L\u00f3pez","Tiempo de lectura":"5 minutos"},"schema":{"@context":"https:\/\/schema.org","@graph":[{"@type":"Article","@id":"https:\/\/www.escapadarural.com\/blog\/del-mollete-a-la-regana-8-panes-tipicos-de-andalucia\/#article","isPartOf":{"@id":"https:\/\/www.escapadarural.com\/blog\/del-mollete-a-la-regana-8-panes-tipicos-de-andalucia\/"},"author":{"name":"Carmen L\u00f3pez","@id":"https:\/\/www.escapadarural.com\/blog\/#\/schema\/person\/42dfdff6118172efc6a04c8ae599a2ce"},"headline":"Del mollete a la rega\u00f1\u00e1: 8 panes t\u00edpicos de Andaluc\u00eda","datePublished":"2021-03-18T08:38:15+00:00","dateModified":"2025-08-12T08:07:53+00:00","mainEntityOfPage":{"@id":"https:\/\/www.escapadarural.com\/blog\/del-mollete-a-la-regana-8-panes-tipicos-de-andalucia\/"},"wordCount":1096,"commentCount":0,"publisher":{"@id":"https:\/\/www.escapadarural.com\/blog\/#organization"},"image":{"@id":"https:\/\/www.escapadarural.com\/blog\/del-mollete-a-la-regana-8-panes-tipicos-de-andalucia\/#primaryimage"},"thumbnailUrl":"https:\/\/www.escapadarural.com\/blog\/wp-content\/uploads\/2024\/10\/AdobeStock_260964372-1024x684-3.jpeg","keywords":["Andaluc\u00eda","Antequera","Gastronom\u00eda","Listado","mollete","Pan","rega\u00f1\u00e1"],"articleSection":["Arte y Cultura"],"inLanguage":"es","potentialAction":[{"@type":"CommentAction","name":"Comment","target":["https:\/\/www.escapadarural.com\/blog\/del-mollete-a-la-regana-8-panes-tipicos-de-andalucia\/#respond"]}]},{"@type":"WebPage","@id":"https:\/\/www.escapadarural.com\/blog\/del-mollete-a-la-regana-8-panes-tipicos-de-andalucia\/","url":"https:\/\/www.escapadarural.com\/blog\/del-mollete-a-la-regana-8-panes-tipicos-de-andalucia\/","name":"Del mollete a la rega\u00f1\u00e1: 8 panes t\u00edpicos de Andaluc\u00eda - EscapadaRural","isPartOf":{"@id":"https:\/\/www.escapadarural.com\/blog\/#website"},"primaryImageOfPage":{"@id":"https:\/\/www.escapadarural.com\/blog\/del-mollete-a-la-regana-8-panes-tipicos-de-andalucia\/#primaryimage"},"image":{"@id":"https:\/\/www.escapadarural.com\/blog\/del-mollete-a-la-regana-8-panes-tipicos-de-andalucia\/#primaryimage"},"thumbnailUrl":"https:\/\/www.escapadarural.com\/blog\/wp-content\/uploads\/2024\/10\/AdobeStock_260964372-1024x684-3.jpeg","datePublished":"2021-03-18T08:38:15+00:00","dateModified":"2025-08-12T08:07:53+00:00","breadcrumb":{"@id":"https:\/\/www.escapadarural.com\/blog\/del-mollete-a-la-regana-8-panes-tipicos-de-andalucia\/#breadcrumb"},"inLanguage":"es","potentialAction":[{"@type":"ReadAction","target":["https:\/\/www.escapadarural.com\/blog\/del-mollete-a-la-regana-8-panes-tipicos-de-andalucia\/"]}]},{"@type":"ImageObject","inLanguage":"es","@id":"https:\/\/www.escapadarural.com\/blog\/del-mollete-a-la-regana-8-panes-tipicos-de-andalucia\/#primaryimage","url":"https:\/\/www.escapadarural.com\/blog\/wp-content\/uploads\/2024\/10\/AdobeStock_260964372-1024x684-3.jpeg","contentUrl":"https:\/\/www.escapadarural.com\/blog\/wp-content\/uploads\/2024\/10\/AdobeStock_260964372-1024x684-3.jpeg","width":1024,"height":684,"caption":"Un panecillo ingl\u00e9s cortado en rebanadas y rociado con aceite de oliva en un plato blanco, junto a una taza de caf\u00e9, una peque\u00f1a jarra de aceite de oliva y un panecillo entero en una tabla de cortar de madera encima de una mesa r\u00fastica."},{"@type":"BreadcrumbList","@id":"https:\/\/www.escapadarural.com\/blog\/del-mollete-a-la-regana-8-panes-tipicos-de-andalucia\/#breadcrumb","itemListElement":[{"@type":"ListItem","position":1,"name":"Inicio","item":"https:\/\/www.escapadarural.com\/blog\/"},{"@type":"ListItem","position":2,"name":"Arte y Cultura","item":"https:\/\/www.escapadarural.com\/blog\/categoria\/arte-y-cultura\/"},{"@type":"ListItem","position":3,"name":"Del mollete a la rega\u00f1\u00e1: 8 panes t\u00edpicos de Andaluc\u00eda"}]},{"@type":"WebSite","@id":"https:\/\/www.escapadarural.com\/blog\/#website","url":"https:\/\/www.escapadarural.com\/blog\/","name":"Blog de viajes | turismo rural, alojamientos e inspiraci\u00f3n","description":"Alojamientos rurales e inspiraci\u00f3n para tus escapadas","publisher":{"@id":"https:\/\/www.escapadarural.com\/blog\/#organization"},"alternateName":"Magazine de viajes de EscapadaRural","potentialAction":[{"@type":"SearchAction","target":{"@type":"EntryPoint","urlTemplate":"https:\/\/www.escapadarural.com\/blog\/?s={search_term_string}"},"query-input":{"@type":"PropertyValueSpecification","valueRequired":true,"valueName":"search_term_string"}}],"inLanguage":"es"},{"@type":"Organization","@id":"https:\/\/www.escapadarural.com\/blog\/#organization","name":"EscapadaRural","url":"https:\/\/www.escapadarural.com\/blog\/","logo":{"@type":"ImageObject","inLanguage":"es","@id":"https:\/\/www.escapadarural.com\/blog\/#\/schema\/logo\/image\/","url":"https:\/\/www.escapadarural.com\/blog\/wp-content\/uploads\/2024\/10\/cropped-cropped-escapada-rural-icon-mag-3.png","contentUrl":"https:\/\/www.escapadarural.com\/blog\/wp-content\/uploads\/2024\/10\/cropped-cropped-escapada-rural-icon-mag-3.png","width":512,"height":512,"caption":"EscapadaRural"},"image":{"@id":"https:\/\/www.escapadarural.com\/blog\/#\/schema\/logo\/image\/"},"sameAs":["https:\/\/www.facebook.com\/escapadarural","https:\/\/www.instagram.com\/escapadarural\/","https:\/\/www.youtube.com\/@escapadaruralcom"]},{"@type":"Person","@id":"https:\/\/www.escapadarural.com\/blog\/#\/schema\/person\/42dfdff6118172efc6a04c8ae599a2ce","name":"Carmen L\u00f3pez","image":{"@type":"ImageObject","inLanguage":"es","@id":"https:\/\/www.escapadarural.com\/blog\/wp-content\/uploads\/2024\/11\/cropped-perfil_eldiario-96x96-1-96x96.jpeg","url":"https:\/\/www.escapadarural.com\/blog\/wp-content\/uploads\/2024\/11\/cropped-perfil_eldiario-96x96-1-96x96.jpeg","contentUrl":"https:\/\/www.escapadarural.com\/blog\/wp-content\/uploads\/2024\/11\/cropped-perfil_eldiario-96x96-1-96x96.jpeg","caption":"Carmen L\u00f3pez"},"description":"Soy periodista y escribo sobre cosas que importan en sitios que interesan desde hace m\u00e1s de una d\u00e9cada.","url":"https:\/\/www.escapadarural.com\/blog\/autor\/carmenlopez\/"}]}},"_links":{"self":[{"href":"https:\/\/www.escapadarural.com\/blog\/wp-json\/wp\/v2\/posts\/39154","targetHints":{"allow":["GET"]}}],"collection":[{"href":"https:\/\/www.escapadarural.com\/blog\/wp-json\/wp\/v2\/posts"}],"about":[{"href":"https:\/\/www.escapadarural.com\/blog\/wp-json\/wp\/v2\/types\/post"}],"author":[{"embeddable":true,"href":"https:\/\/www.escapadarural.com\/blog\/wp-json\/wp\/v2\/users\/114"}],"replies":[{"embeddable":true,"href":"https:\/\/www.escapadarural.com\/blog\/wp-json\/wp\/v2\/comments?post=39154"}],"version-history":[{"count":0,"href":"https:\/\/www.escapadarural.com\/blog\/wp-json\/wp\/v2\/posts\/39154\/revisions"}],"wp:featuredmedia":[{"embeddable":true,"href":"https:\/\/www.escapadarural.com\/blog\/wp-json\/wp\/v2\/media\/102024"}],"wp:attachment":[{"href":"https:\/\/www.escapadarural.com\/blog\/wp-json\/wp\/v2\/media?parent=39154"}],"wp:term":[{"taxonomy":"category","embeddable":true,"href":"https:\/\/www.escapadarural.com\/blog\/wp-json\/wp\/v2\/categories?post=39154"},{"taxonomy":"post_tag","embeddable":true,"href":"https:\/\/www.escapadarural.com\/blog\/wp-json\/wp\/v2\/tags?post=39154"}],"curies":[{"name":"wp","href":"https:\/\/api.w.org\/{rel}","templated":true}]}}