{"id":39262,"date":"2021-03-22T12:06:21","date_gmt":"2021-03-22T11:06:21","guid":{"rendered":"https:\/\/www.escapadarural.com\/blog\/?p=39262"},"modified":"2025-04-11T10:30:03","modified_gmt":"2025-04-11T08:30:03","slug":"el-burro-de-azores","status":"publish","type":"post","link":"https:\/\/www.escapadarural.com\/blog\/el-burro-de-azores\/","title":{"rendered":"De Italia hasta Azores para salvar el burro de la isla Graciosa"},"content":{"rendered":"\n<figure class=\"wp-block-image size-large\"><a href=\"https:\/\/www.escapadarural.com\/blog\/wp-content\/uploads\/burro1.jpg\"><img decoding=\"async\" src=\"https:\/\/www.escapadarural.com\/blog\/wp-content\/uploads\/burro1.jpg\" alt=\"Burros de Graciosa\" class=\"wp-image-39273\"\/><\/a><figcaption>Burros de Graciosa. Por Franco Ceraolo<\/figcaption><\/figure>\n\n\n\n<p>Dicen que en el archipi\u00e9lago de las Azores hay tres vacas por cada habitante, pero en la isla Graciosa el burro es el rey. Ra\u00fal Brand\u00e3o le llam\u00f3 <strong>\u00abIsla Blanca<\/strong>\u00bb en su obra <em>Las Islas Desconocidas<\/em>, de 1926, por las casas blancas y por llover poco, lo que hace que la isla se seque y tenga un tono blanquecino a finales del verano.<\/p>\n\n\n\n<p>Pero la segunda isla m\u00e1s peque\u00f1a del archipi\u00e9lago tambi\u00e9n se conoce como <strong>\u00abla isla de los burros\u00bb<\/strong>. Lo confirma <strong>Franco Ceraolo<\/strong>, un italiano que dedic\u00f3 gran parte de su vida al cine y al teatro como escen\u00f3grafo, pero que en 2006 aterriz\u00f3 en Azores y decidi\u00f3 quedarse a vivir all\u00ed.<\/p>\n\n\n\n<figure class=\"wp-block-image size-large\"><a href=\"https:\/\/www.escapadarural.com\/blog\/wp-content\/uploads\/burro2.jpg\"><img decoding=\"async\" src=\"https:\/\/www.escapadarural.com\/blog\/wp-content\/uploads\/burro2.jpg\" alt=\"Burros de Graciosa\" class=\"wp-image-39272\"\/><\/a><figcaption>Franco Ceraolo con los burros de Graciosa<\/figcaption><\/figure>\n\n\n\n<p>Franco nos abre la puerta de su casa &#8211; a trav\u00e9s del m\u00f3vil, claro &#8211; al sonido de Ray Charles mientras cocina una salsa para la pasta, por supuesto, digna de un italiano nacido en Cerveteri, no muy lejos de Roma. \u201cNo puedo vivir sin m\u00fasica. Me gusta mucho la m\u00fasica antigua\u201d, confiesa entre risas, transport\u00e1ndonos de inmediato a ese ambiente acogedor donde casi podemos oler lo que cocina.<\/p>\n\n\n\n<p>Cuando le preguntamos c\u00f3mo es que un escen\u00f3grafo italiano que ha trabajado con grandes nombres como <a href=\"https:\/\/es.wikipedia.org\/wiki\/Ettore_Scola\" class=\"rank-math-link\" target=\"_blank\">Ettore Scola<\/a>, <a href=\"https:\/\/es.wikipedia.org\/wiki\/Federico_Fellini\" class=\"rank-math-link\" target=\"_blank\">Federico Fellini<\/a>, <a href=\"https:\/\/es.wikipedia.org\/wiki\/Bernardo_Bertolucci\" class=\"rank-math-link\" target=\"_blank\">Bernardo Bertolucci<\/a>, <a href=\"https:\/\/es.wikipedia.org\/wiki\/Martin_Scorsese\" class=\"rank-math-link\" target=\"_blank\">Martin Scorsese<\/a>, entre muchos otros, acab\u00f3 viviendo en la Graciosa, Franco nos advierte que \u201ces una larga historia\u201d. No esper\u00e1bamos otra cosa de una figura tan vibrante y emocionante.<\/p>\n\n\n\n<p>La idea de visitar Azores surgi\u00f3 en 2002 cuando su novia en ese momento, una estadounidense que viv\u00eda en Los \u00c1ngeles, sugiri\u00f3 que se encontrasen en Azores, convenientemente a mitad de camino para ambos -Franco viv\u00eda en Roma.<\/p>\n\n\n\n<figure class=\"wp-block-image size-large\"><a href=\"https:\/\/www.escapadarural.com\/blog\/wp-content\/uploads\/graciosa.jpg\"><img decoding=\"async\" src=\"https:\/\/www.escapadarural.com\/blog\/wp-content\/uploads\/graciosa.jpg\" alt=\"Isla Graciosa, Azores\" class=\"wp-image-39271\"\/><\/a><figcaption>Isla Graciosa, Azores. Por Angrense<\/figcaption><\/figure>\n\n\n\n<p>Al buscar libros sobre el archipi\u00e9lago, Franco se enfrent\u00f3 a una falta de informaci\u00f3n y conocimiento en Italia sobre estas islas portuguesas. Esta falta de conocimiento le agrad\u00f3. El escen\u00f3grafo pens\u00f3 entonces en salir a descubrir el archipi\u00e9lago y tal vez incluso publicar una gu\u00eda de viajes sobre Azores.<\/p>\n\n\n\n<p>Su idea inicial, en 2003, era pasar un a\u00f1o sin trabajar y descubrir Azores, conocer gente, vivir como un local. <strong>\u201cNo me gusta viajar por turismo. Me gusta vivir en contacto con la gente\u201d<\/strong>, explica Franco.<\/p>\n\n\n\n<p>Pero el sue\u00f1o de viajar hasta Azores tuvo que posponerse porque le surgi\u00f3 la oportunidad de trabajar en la pel\u00edcula \u201cLa mejor juventud\u201d, obra aclamada del director Marco Tullio Giordana, un proyecto que no pudo rechazar.<\/p>\n\n\n\n<figure class=\"wp-block-image size-large\"><a href=\"https:\/\/www.escapadarural.com\/blog\/wp-content\/uploads\/burro3.jpg\"><img decoding=\"async\" src=\"https:\/\/www.escapadarural.com\/blog\/wp-content\/uploads\/burro3.jpg\" alt=\"Burro de Graciosa\" class=\"wp-image-39270\"\/><\/a><figcaption>Burro de Graciosa. Por Franco Ceraolo<\/figcaption><\/figure>\n\n\n\n<p>Finalmente lleg\u00f3 a Azores en 2006. \u201cQuer\u00eda quedarme un mes, quer\u00eda dar un paseo por todas las islas\u201d, dice Franco a EscapadaRural. \u201cEstaba buscando un lugar para quedarme, comprar una ruina, no ten\u00eda ni idea en ese momento. <strong>Pero ya hab\u00eda decidido que no quer\u00eda ser enterrado en Roma<\/strong>\u201d, dice entre risas, mientras prueba la salsa para la pasta.<\/p>\n\n\n\n<p>La primera isla que visit\u00f3 fue Horta, luego fue en un bote a la isla de Pico. De Pico fue a S\u00e3o Jorge y fue all\u00ed donde se dio cuenta de algo muy importante. Franco quer\u00eda encontrar un refugio para cuando fuera mayor y en S\u00e3o Jorge se dio cuenta de que <strong>\u00abestas islas son un lugar fant\u00e1stico para vivir todo el a\u00f1o, pero no son ideales para el turismo\u00bb<\/strong>.<\/p>\n\n\n\n<p>Para el italiano, el clima lluvioso e inestable de las Azores no es para cualquiera e incluso dice que dej\u00f3 de hablar con un viejo amigo, porque, en una visita a la Graciosa, la esposa de su amigo no pudo soportar la lluvia del verano azoriano.<\/p>\n\n\n\n<figure class=\"wp-block-image size-large\"><a href=\"https:\/\/www.escapadarural.com\/blog\/wp-content\/uploads\/burro4.jpg\"><img decoding=\"async\" src=\"https:\/\/www.escapadarural.com\/blog\/wp-content\/uploads\/burro4.jpg\" alt=\"Burros da la Graciosa\" class=\"wp-image-39269\"\/><\/a><figcaption>Burros de Graciosa. Por Franco Ceraolo<\/figcaption><\/figure>\n\n\n\n<p>Cuando lleg\u00f3 a la Isla Graciosa, todo el mundo hablaba del <strong>burro de la Graciosa<\/strong>. Franco Ceraolo comenz\u00f3 a interesarse por el tema e investigar m\u00e1s sobre la raza. \u201cEl burro de Graciosa tiene una historia fant\u00e1stica. <strong>Fue un motor de la econom\u00eda de la isla<\/strong> en el pasado, porque los burros lo eran todo: eran transporte, serv\u00edan para arar la tierra\u201d, explica.<\/p>\n\n\n\n<p>A pesar de los profundos cambios en la agricultura y la mecanizaci\u00f3n del trabajo agr\u00edcola, hoy en d\u00eda todav\u00eda hay personas en la isla que utilizan el burro para arar la tierra y como medio de transporte.<\/p>\n\n\n\n<figure class=\"wp-block-image size-large\"><a href=\"https:\/\/www.escapadarural.com\/blog\/wp-content\/uploads\/burro5.jpg\"><img decoding=\"async\" src=\"https:\/\/www.escapadarural.com\/blog\/wp-content\/uploads\/burro5.jpg\" alt=\"Burricada en la Graciosa\" class=\"wp-image-39268\"\/><\/a><figcaption>Burricada en Graciosa. Por Franco Ceraolo<\/figcaption><\/figure>\n\n\n\n<p>En el pasado, el burro incluso se utilizaba en actividades recreativas, como las <strong>\u00abburricadas<\/strong>\u00ab, que eran paseos en burro por la isla. Despu\u00e9s de 40 a\u00f1os, Franco logr\u00f3 organizar una \u00abburricada\u00bb en Graciosa en Octubre de 2020.<\/p>\n\n\n\n<p>\u201cHab\u00eda alrededor de 14 burros, algunos de celda, de sill\u00edn, otros en un carro. Hicimos un paseo, que era algo que se sol\u00eda hacer en el pasado. Era una forma de que la gente se reuniera. Para m\u00ed fue la parte m\u00e1s interesante, reunir a la gente para dar un paseo\u201d, recuerda el \u201citaliano de los burros\u201d, como se le conoce en la isla.<\/p>\n\n\n\n<h2 class=\"wp-block-heading\">Conservaci\u00f3n de una raza aut\u00f3ctona<\/h2>\n\n\n\n<figure class=\"wp-block-image size-large\"><a href=\"https:\/\/www.escapadarural.com\/blog\/wp-content\/uploads\/burro6.jpg\"><img decoding=\"async\" src=\"https:\/\/www.escapadarural.com\/blog\/wp-content\/uploads\/burro6.jpg\" alt=\"Burricada\" class=\"wp-image-39267\"\/><\/a><figcaption>Burricada. Fuente: Confraria do Catarino<\/figcaption><\/figure>\n\n\n\n<p>Un informe estad\u00edstico de Manuel Bettercourt sobre Graciosa, publicado en 1950, revela que en 1926 la isla ten\u00eda unos 6.800 habitantes y 1.164 burros. \u201cEs decir, era m\u00e1s de un burro por familia\u201d, concluye Franco.<\/p>\n\n\n\n<p>Hoy en d\u00eda hay alrededor de <strong>90 burros en toda la isla<\/strong> y Franco tiene la cr\u00eda m\u00e1s grande con 26 burros. \u201cPero tambi\u00e9n existen en otras islas, porque, hasta el d\u00eda de hoy, estos burros se venden a otras islas\u201d.<\/p>\n\n\n\n<figure class=\"wp-block-image size-large\"><a href=\"https:\/\/www.escapadarural.com\/blog\/wp-content\/uploads\/burro7.jpg\"><img decoding=\"async\" src=\"https:\/\/www.escapadarural.com\/blog\/wp-content\/uploads\/burro7.jpg\" alt=\"Burro de la Graciosa\" class=\"wp-image-39266\"\/><\/a><figcaption>Burro de Graciosa. Por Franco Ceraolo<\/figcaption><\/figure>\n\n\n\n<p>Originario del norte de \u00c1frica, el <strong>burro de Graciosa<\/strong> es gris, tiene rayas en el lomo, el vientre o las patas y no excede los 1.05 metros. A pesar de no tener caracter\u00edsticas para ser considerado un enano, en Azores as\u00ed se conoce al burro, debido a su baja estatura.<\/p>\n\n\n\n<p>Para protegerlos y evitar la desaparici\u00f3n de la raza, el primer paso fue crear la <strong><a href=\"https:\/\/www.facebook.com\/burrodagraciosa\/\" class=\"rank-math-link\" target=\"_blank\">Asociaci\u00f3n de Criadores y Amigos del Burro de la Isla Graciosa<\/a><\/strong> y hacer una encuesta de todos los animales que exist\u00edan en todas las islas, particularmente en Graciosa.<\/p>\n\n\n\n<p>Con la ayuda del profesor <a href=\"https:\/\/www.researchgate.net\/profile\/Artur-Machado-2\/2\" class=\"rank-math-link\" target=\"_blank\">Artur Machado<\/a>, del Centro de Biotecnolog\u00eda de la Universidad de Azores, se realizaron estudios biom\u00e9tricos y gen\u00e9ticos y, a finales de junio de 2015, <strong>el burro de Graciosa fue reconocido como raza aut\u00f3ctona<\/strong>.<\/p>\n\n\n\n<figure class=\"wp-block-image size-large\"><a href=\"https:\/\/www.escapadarural.com\/blog\/wp-content\/uploads\/burro8.jpg\"><img decoding=\"async\" src=\"https:\/\/www.escapadarural.com\/blog\/wp-content\/uploads\/burro8.jpg\" alt=\"Burro de Graciosa\" class=\"wp-image-39265\"\/><\/a><figcaption>Burro de Graciosa. Por Franco Ceraolo<\/figcaption><\/figure>\n\n\n\n<p>El desaf\u00edo ahora es hacer un registro geneal\u00f3gico de cada burro, lo que tiene un costo. Franco Ceraolo explica que <strong>los criadores a\u00fan no cuentan con el apoyo de la Comunidad Europea<\/strong>, porque para eso es necesario registrar todos los animales existentes.<\/p>\n\n\n\n<p>La asociaci\u00f3n azoriana mantiene contacto con otra asociaci\u00f3n del continente que intenta proteger la raza aut\u00f3ctona del burro de Miranda. \u201cNos est\u00e1n ayudando a encontrar apoyo\u201d, dice.<\/p>\n\n\n\n<p>Quien visita Graciosa puede visitar los burros de Franco y otros dispersos por la isla, interactuar con ellos y darles comida. Estos animales tienen potencial tur\u00edstico para paseos cortos, terapias (asinoterapia) o incluso producci\u00f3n de leche, como ya ocurre en la isla Terceira.<\/p>\n\n\n\n<h2 class=\"wp-block-heading\">El burro de Graciosa en el cine<\/h2>\n\n\n\n<figure class=\"wp-block-image size-large\"><a href=\"https:\/\/www.escapadarural.com\/blog\/wp-content\/uploads\/burro9.jpg\"><img decoding=\"async\" src=\"https:\/\/www.escapadarural.com\/blog\/wp-content\/uploads\/burro9.jpg\" alt=\"Burros de Graciosa\" class=\"wp-image-39264\"\/><\/a><figcaption>Burros de Graciosa. Por Franco Ceraolo<\/figcaption><\/figure>\n\n\n\n<p>A pesar de estar alejado de la carrera de escen\u00f3grafo, el gusto de Franco Ceraolo por el cine sigue muy vivo. Despu\u00e9s de leer la obra <em>Platero y yo<\/em>, del poeta espa\u00f1ol Juan Ram\u00f3n Jim\u00e9nez, que recrea po\u00e9ticamente la vida y la muerte de una mascota, el burro Platero, el italiano inmediatamente pens\u00f3 que ten\u00eda que hacer una pel\u00edcula sobre la historia.<\/p>\n\n\n\n<p>Franco se puso en contacto con <strong>Gon\u00e7alo Tocha<\/strong>, un director portugu\u00e9s que en 2011 estren\u00f3 un documental rodado en Azores en la isla de Corvo, titulado <em>\u00c9 na Terra n\u00e3o \u00e9 na Lua<\/em>, ganador de varios premios internacionales.&nbsp;<\/p>\n\n\n\n<p>\u201cYa conoc\u00eda a Gon\u00e7alo Tocha, ya conoc\u00eda su fant\u00e1stico trabajo, le contact\u00e9, le envi\u00e9 el texto y le pregunt\u00e9 qu\u00e9 pensaba de hacer una pel\u00edcula sobre los burros\u201d, explica Franco con entusiasmo.<\/p>\n\n\n\n<p>Las grabaciones llevan m\u00e1s de un a\u00f1o y se espera que terminen pronto. A\u00fan no hay fecha de estreno ni t\u00edtulo para esta pel\u00edcula donde el burro de Graciosa es el protagonista. Sin embargo, Franco Ceraolo garantiza que tienen \u201cmuy buen material\u201d.<\/p>\n\n\n\n<div class=\"wp-block-buttons is-layout-flex wp-block-buttons-is-layout-flex\"><\/div>\n\n\n\n<p><\/p>\n","protected":false},"excerpt":{"rendered":"<p>Dicen que en el archipi\u00e9lago de las Azores hay tres vacas por cada habitante, pero en la isla Graciosa el burro es el rey. Ra\u00fal Brand\u00e3o le llam\u00f3 \u201cIsla Blanca\u201d en su obra Las Islas Desconocidas, de 1926, por las casas blancas y por llover poco, lo que hace que la isla se seque y tenga un tono blanquecino a finales del verano.<\/p>\n","protected":false},"author":135,"featured_media":102006,"comment_status":"open","ping_status":"open","sticky":false,"template":"","format":"standard","meta":{"_acf_changed":false,"om_disable_all_campaigns":false,"footnotes":""},"categories":[231],"tags":[2298,3208,1667,3209,440,3210,538,3211],"class_list":["post-39262","post","type-post","status-publish","format-standard","has-post-thumbnail","hentry","category-arte-y-cultura","tag-azores","tag-burro","tag-burros","tag-franco-ceraolo","tag-historias-y-curiosidades","tag-isla-graciosa","tag-portugal","tag-raza-autoctona"],"acf":[],"featured_image_src":"https:\/\/www.escapadarural.com\/blog\/wp-content\/uploads\/2024\/10\/burro1-1.jpg","author_info":{"display_name":"\u00c2ngela Coelho","author_link":"https:\/\/www.escapadarural.com\/blog\/autor\/angela\/"},"yoast_head":"<!-- This site is optimized with the Yoast SEO plugin v27.5 - https:\/\/yoast.com\/product\/yoast-seo-wordpress\/ -->\n<title>De Italia hasta Azores para salvar el burro de la isla Graciosa - EscapadaRural<\/title>\n<meta name=\"robots\" content=\"index, follow, max-snippet:-1, max-image-preview:large, max-video-preview:-1\" \/>\n<link rel=\"canonical\" href=\"https:\/\/www.escapadarural.com\/blog\/el-burro-de-azores\/\" \/>\n<meta property=\"og:locale\" content=\"es_ES\" \/>\n<meta property=\"og:type\" content=\"article\" \/>\n<meta property=\"og:title\" content=\"De Italia hasta Azores para salvar el burro de la isla Graciosa - EscapadaRural\" \/>\n<meta property=\"og:description\" content=\"Dicen que en el archipi\u00e9lago de las Azores hay tres vacas por cada habitante, pero en la isla Graciosa el burro es el rey. Ra\u00fal Brand\u00e3o le llam\u00f3 \u201cIsla Blanca\u201d en su obra Las Islas Desconocidas, de 1926, por las casas blancas y por llover poco, lo que hace que la isla se seque y tenga un tono blanquecino a finales del verano.\" \/>\n<meta property=\"og:url\" content=\"https:\/\/www.escapadarural.com\/blog\/el-burro-de-azores\/\" \/>\n<meta property=\"og:site_name\" content=\"Magazine de viajes de EscapadaRural\" \/>\n<meta property=\"article:publisher\" content=\"https:\/\/www.facebook.com\/escapadarural\" \/>\n<meta property=\"article:published_time\" content=\"2021-03-22T11:06:21+00:00\" \/>\n<meta property=\"article:modified_time\" content=\"2025-04-11T08:30:03+00:00\" \/>\n<meta property=\"og:image\" content=\"https:\/\/www.escapadarural.com\/blog\/wp-content\/uploads\/2024\/10\/burro1-1.jpg\" \/>\n\t<meta property=\"og:image:width\" content=\"1024\" \/>\n\t<meta property=\"og:image:height\" content=\"768\" \/>\n\t<meta property=\"og:image:type\" content=\"image\/jpeg\" \/>\n<meta name=\"author\" content=\"\u00c2ngela Coelho\" \/>\n<meta name=\"twitter:card\" content=\"summary_large_image\" \/>\n<meta name=\"twitter:label1\" content=\"Escrito por\" \/>\n\t<meta name=\"twitter:data1\" content=\"\u00c2ngela Coelho\" \/>\n\t<meta name=\"twitter:label2\" content=\"Tiempo de lectura\" \/>\n\t<meta name=\"twitter:data2\" content=\"7 minutos\" \/>\n<script type=\"application\/ld+json\" class=\"yoast-schema-graph\">{\"@context\":\"https:\\\/\\\/schema.org\",\"@graph\":[{\"@type\":\"Article\",\"@id\":\"https:\\\/\\\/www.escapadarural.com\\\/blog\\\/el-burro-de-azores\\\/#article\",\"isPartOf\":{\"@id\":\"https:\\\/\\\/www.escapadarural.com\\\/blog\\\/el-burro-de-azores\\\/\"},\"author\":{\"name\":\"\u00c2ngela Coelho\",\"@id\":\"https:\\\/\\\/www.escapadarural.com\\\/blog\\\/#\\\/schema\\\/person\\\/27db72653db008ab82e5d7fe93d09972\"},\"headline\":\"De Italia hasta Azores para salvar el burro de la isla Graciosa\",\"datePublished\":\"2021-03-22T11:06:21+00:00\",\"dateModified\":\"2025-04-11T08:30:03+00:00\",\"mainEntityOfPage\":{\"@id\":\"https:\\\/\\\/www.escapadarural.com\\\/blog\\\/el-burro-de-azores\\\/\"},\"wordCount\":1428,\"commentCount\":2,\"publisher\":{\"@id\":\"https:\\\/\\\/www.escapadarural.com\\\/blog\\\/#organization\"},\"image\":{\"@id\":\"https:\\\/\\\/www.escapadarural.com\\\/blog\\\/el-burro-de-azores\\\/#primaryimage\"},\"thumbnailUrl\":\"https:\\\/\\\/www.escapadarural.com\\\/blog\\\/wp-content\\\/uploads\\\/2024\\\/10\\\/burro1-1.jpg\",\"keywords\":[\"Azores\",\"burro\",\"burros\",\"Franco Ceraolo\",\"Historias y Curiosidades\",\"isla graciosa\",\"portugal\",\"raza aut\u00f3ctona\"],\"articleSection\":[\"Arte y Cultura\"],\"inLanguage\":\"es\",\"potentialAction\":[{\"@type\":\"CommentAction\",\"name\":\"Comment\",\"target\":[\"https:\\\/\\\/www.escapadarural.com\\\/blog\\\/el-burro-de-azores\\\/#respond\"]}]},{\"@type\":\"WebPage\",\"@id\":\"https:\\\/\\\/www.escapadarural.com\\\/blog\\\/el-burro-de-azores\\\/\",\"url\":\"https:\\\/\\\/www.escapadarural.com\\\/blog\\\/el-burro-de-azores\\\/\",\"name\":\"De Italia hasta Azores para salvar el burro de la isla Graciosa - EscapadaRural\",\"isPartOf\":{\"@id\":\"https:\\\/\\\/www.escapadarural.com\\\/blog\\\/#website\"},\"primaryImageOfPage\":{\"@id\":\"https:\\\/\\\/www.escapadarural.com\\\/blog\\\/el-burro-de-azores\\\/#primaryimage\"},\"image\":{\"@id\":\"https:\\\/\\\/www.escapadarural.com\\\/blog\\\/el-burro-de-azores\\\/#primaryimage\"},\"thumbnailUrl\":\"https:\\\/\\\/www.escapadarural.com\\\/blog\\\/wp-content\\\/uploads\\\/2024\\\/10\\\/burro1-1.jpg\",\"datePublished\":\"2021-03-22T11:06:21+00:00\",\"dateModified\":\"2025-04-11T08:30:03+00:00\",\"breadcrumb\":{\"@id\":\"https:\\\/\\\/www.escapadarural.com\\\/blog\\\/el-burro-de-azores\\\/#breadcrumb\"},\"inLanguage\":\"es\",\"potentialAction\":[{\"@type\":\"ReadAction\",\"target\":[\"https:\\\/\\\/www.escapadarural.com\\\/blog\\\/el-burro-de-azores\\\/\"]}]},{\"@type\":\"ImageObject\",\"inLanguage\":\"es\",\"@id\":\"https:\\\/\\\/www.escapadarural.com\\\/blog\\\/el-burro-de-azores\\\/#primaryimage\",\"url\":\"https:\\\/\\\/www.escapadarural.com\\\/blog\\\/wp-content\\\/uploads\\\/2024\\\/10\\\/burro1-1.jpg\",\"contentUrl\":\"https:\\\/\\\/www.escapadarural.com\\\/blog\\\/wp-content\\\/uploads\\\/2024\\\/10\\\/burro1-1.jpg\",\"width\":1024,\"height\":768,\"caption\":\"Tres burros pastan sobre hierba verde en un campo vallado bajo un cielo nublado, con un arco iris brillante en lo alto. Al fondo se ven muros de piedra y colinas onduladas.\"},{\"@type\":\"BreadcrumbList\",\"@id\":\"https:\\\/\\\/www.escapadarural.com\\\/blog\\\/el-burro-de-azores\\\/#breadcrumb\",\"itemListElement\":[{\"@type\":\"ListItem\",\"position\":1,\"name\":\"Inicio\",\"item\":\"https:\\\/\\\/www.escapadarural.com\\\/blog\\\/\"},{\"@type\":\"ListItem\",\"position\":2,\"name\":\"Arte y Cultura\",\"item\":\"https:\\\/\\\/www.escapadarural.com\\\/blog\\\/categoria\\\/arte-y-cultura\\\/\"},{\"@type\":\"ListItem\",\"position\":3,\"name\":\"De Italia hasta Azores para salvar el burro de la isla Graciosa\"}]},{\"@type\":\"WebSite\",\"@id\":\"https:\\\/\\\/www.escapadarural.com\\\/blog\\\/#website\",\"url\":\"https:\\\/\\\/www.escapadarural.com\\\/blog\\\/\",\"name\":\"Blog de viajes | turismo rural, alojamientos e inspiraci\u00f3n\",\"description\":\"Alojamientos rurales e inspiraci\u00f3n para tus escapadas\",\"publisher\":{\"@id\":\"https:\\\/\\\/www.escapadarural.com\\\/blog\\\/#organization\"},\"alternateName\":\"Magazine de viajes de EscapadaRural\",\"potentialAction\":[{\"@type\":\"SearchAction\",\"target\":{\"@type\":\"EntryPoint\",\"urlTemplate\":\"https:\\\/\\\/www.escapadarural.com\\\/blog\\\/?s={search_term_string}\"},\"query-input\":{\"@type\":\"PropertyValueSpecification\",\"valueRequired\":true,\"valueName\":\"search_term_string\"}}],\"inLanguage\":\"es\"},{\"@type\":\"Organization\",\"@id\":\"https:\\\/\\\/www.escapadarural.com\\\/blog\\\/#organization\",\"name\":\"EscapadaRural\",\"url\":\"https:\\\/\\\/www.escapadarural.com\\\/blog\\\/\",\"logo\":{\"@type\":\"ImageObject\",\"inLanguage\":\"es\",\"@id\":\"https:\\\/\\\/www.escapadarural.com\\\/blog\\\/#\\\/schema\\\/logo\\\/image\\\/\",\"url\":\"https:\\\/\\\/www.escapadarural.com\\\/blog\\\/wp-content\\\/uploads\\\/2024\\\/10\\\/cropped-cropped-escapada-rural-icon-mag-3.png\",\"contentUrl\":\"https:\\\/\\\/www.escapadarural.com\\\/blog\\\/wp-content\\\/uploads\\\/2024\\\/10\\\/cropped-cropped-escapada-rural-icon-mag-3.png\",\"width\":512,\"height\":512,\"caption\":\"EscapadaRural\"},\"image\":{\"@id\":\"https:\\\/\\\/www.escapadarural.com\\\/blog\\\/#\\\/schema\\\/logo\\\/image\\\/\"},\"sameAs\":[\"https:\\\/\\\/www.facebook.com\\\/escapadarural\",\"https:\\\/\\\/www.instagram.com\\\/escapadarural\\\/\",\"https:\\\/\\\/www.youtube.com\\\/@escapadaruralcom\"]},{\"@type\":\"Person\",\"@id\":\"https:\\\/\\\/www.escapadarural.com\\\/blog\\\/#\\\/schema\\\/person\\\/27db72653db008ab82e5d7fe93d09972\",\"name\":\"\u00c2ngela Coelho\",\"image\":{\"@type\":\"ImageObject\",\"inLanguage\":\"es\",\"@id\":\"https:\\\/\\\/secure.gravatar.com\\\/avatar\\\/266007c4d733a1352809d25c72c8c5b058255e48028e729b91b5970cdc3b19ab?s=96&d=mm&r=g\",\"url\":\"https:\\\/\\\/secure.gravatar.com\\\/avatar\\\/266007c4d733a1352809d25c72c8c5b058255e48028e729b91b5970cdc3b19ab?s=96&d=mm&r=g\",\"contentUrl\":\"https:\\\/\\\/secure.gravatar.com\\\/avatar\\\/266007c4d733a1352809d25c72c8c5b058255e48028e729b91b5970cdc3b19ab?s=96&d=mm&r=g\",\"caption\":\"\u00c2ngela Coelho\"},\"url\":\"https:\\\/\\\/www.escapadarural.com\\\/blog\\\/autor\\\/angela\\\/\"}]}<\/script>\n<!-- \/ Yoast SEO plugin. -->","yoast_head_json":{"title":"De Italia hasta Azores para salvar el burro de la isla Graciosa - EscapadaRural","robots":{"index":"index","follow":"follow","max-snippet":"max-snippet:-1","max-image-preview":"max-image-preview:large","max-video-preview":"max-video-preview:-1"},"canonical":"https:\/\/www.escapadarural.com\/blog\/el-burro-de-azores\/","og_locale":"es_ES","og_type":"article","og_title":"De Italia hasta Azores para salvar el burro de la isla Graciosa - EscapadaRural","og_description":"Dicen que en el archipi\u00e9lago de las Azores hay tres vacas por cada habitante, pero en la isla Graciosa el burro es el rey. Ra\u00fal Brand\u00e3o le llam\u00f3 \u201cIsla Blanca\u201d en su obra Las Islas Desconocidas, de 1926, por las casas blancas y por llover poco, lo que hace que la isla se seque y tenga un tono blanquecino a finales del verano.","og_url":"https:\/\/www.escapadarural.com\/blog\/el-burro-de-azores\/","og_site_name":"Magazine de viajes de EscapadaRural","article_publisher":"https:\/\/www.facebook.com\/escapadarural","article_published_time":"2021-03-22T11:06:21+00:00","article_modified_time":"2025-04-11T08:30:03+00:00","og_image":[{"width":1024,"height":768,"url":"https:\/\/www.escapadarural.com\/blog\/wp-content\/uploads\/2024\/10\/burro1-1.jpg","type":"image\/jpeg"}],"author":"\u00c2ngela Coelho","twitter_card":"summary_large_image","twitter_misc":{"Escrito por":"\u00c2ngela Coelho","Tiempo de lectura":"7 minutos"},"schema":{"@context":"https:\/\/schema.org","@graph":[{"@type":"Article","@id":"https:\/\/www.escapadarural.com\/blog\/el-burro-de-azores\/#article","isPartOf":{"@id":"https:\/\/www.escapadarural.com\/blog\/el-burro-de-azores\/"},"author":{"name":"\u00c2ngela Coelho","@id":"https:\/\/www.escapadarural.com\/blog\/#\/schema\/person\/27db72653db008ab82e5d7fe93d09972"},"headline":"De Italia hasta Azores para salvar el burro de la isla Graciosa","datePublished":"2021-03-22T11:06:21+00:00","dateModified":"2025-04-11T08:30:03+00:00","mainEntityOfPage":{"@id":"https:\/\/www.escapadarural.com\/blog\/el-burro-de-azores\/"},"wordCount":1428,"commentCount":2,"publisher":{"@id":"https:\/\/www.escapadarural.com\/blog\/#organization"},"image":{"@id":"https:\/\/www.escapadarural.com\/blog\/el-burro-de-azores\/#primaryimage"},"thumbnailUrl":"https:\/\/www.escapadarural.com\/blog\/wp-content\/uploads\/2024\/10\/burro1-1.jpg","keywords":["Azores","burro","burros","Franco Ceraolo","Historias y Curiosidades","isla graciosa","portugal","raza aut\u00f3ctona"],"articleSection":["Arte y Cultura"],"inLanguage":"es","potentialAction":[{"@type":"CommentAction","name":"Comment","target":["https:\/\/www.escapadarural.com\/blog\/el-burro-de-azores\/#respond"]}]},{"@type":"WebPage","@id":"https:\/\/www.escapadarural.com\/blog\/el-burro-de-azores\/","url":"https:\/\/www.escapadarural.com\/blog\/el-burro-de-azores\/","name":"De Italia hasta Azores para salvar el burro de la isla Graciosa - EscapadaRural","isPartOf":{"@id":"https:\/\/www.escapadarural.com\/blog\/#website"},"primaryImageOfPage":{"@id":"https:\/\/www.escapadarural.com\/blog\/el-burro-de-azores\/#primaryimage"},"image":{"@id":"https:\/\/www.escapadarural.com\/blog\/el-burro-de-azores\/#primaryimage"},"thumbnailUrl":"https:\/\/www.escapadarural.com\/blog\/wp-content\/uploads\/2024\/10\/burro1-1.jpg","datePublished":"2021-03-22T11:06:21+00:00","dateModified":"2025-04-11T08:30:03+00:00","breadcrumb":{"@id":"https:\/\/www.escapadarural.com\/blog\/el-burro-de-azores\/#breadcrumb"},"inLanguage":"es","potentialAction":[{"@type":"ReadAction","target":["https:\/\/www.escapadarural.com\/blog\/el-burro-de-azores\/"]}]},{"@type":"ImageObject","inLanguage":"es","@id":"https:\/\/www.escapadarural.com\/blog\/el-burro-de-azores\/#primaryimage","url":"https:\/\/www.escapadarural.com\/blog\/wp-content\/uploads\/2024\/10\/burro1-1.jpg","contentUrl":"https:\/\/www.escapadarural.com\/blog\/wp-content\/uploads\/2024\/10\/burro1-1.jpg","width":1024,"height":768,"caption":"Tres burros pastan sobre hierba verde en un campo vallado bajo un cielo nublado, con un arco iris brillante en lo alto. Al fondo se ven muros de piedra y colinas onduladas."},{"@type":"BreadcrumbList","@id":"https:\/\/www.escapadarural.com\/blog\/el-burro-de-azores\/#breadcrumb","itemListElement":[{"@type":"ListItem","position":1,"name":"Inicio","item":"https:\/\/www.escapadarural.com\/blog\/"},{"@type":"ListItem","position":2,"name":"Arte y Cultura","item":"https:\/\/www.escapadarural.com\/blog\/categoria\/arte-y-cultura\/"},{"@type":"ListItem","position":3,"name":"De Italia hasta Azores para salvar el burro de la isla Graciosa"}]},{"@type":"WebSite","@id":"https:\/\/www.escapadarural.com\/blog\/#website","url":"https:\/\/www.escapadarural.com\/blog\/","name":"Blog de viajes | turismo rural, alojamientos e inspiraci\u00f3n","description":"Alojamientos rurales e inspiraci\u00f3n para tus escapadas","publisher":{"@id":"https:\/\/www.escapadarural.com\/blog\/#organization"},"alternateName":"Magazine de viajes de EscapadaRural","potentialAction":[{"@type":"SearchAction","target":{"@type":"EntryPoint","urlTemplate":"https:\/\/www.escapadarural.com\/blog\/?s={search_term_string}"},"query-input":{"@type":"PropertyValueSpecification","valueRequired":true,"valueName":"search_term_string"}}],"inLanguage":"es"},{"@type":"Organization","@id":"https:\/\/www.escapadarural.com\/blog\/#organization","name":"EscapadaRural","url":"https:\/\/www.escapadarural.com\/blog\/","logo":{"@type":"ImageObject","inLanguage":"es","@id":"https:\/\/www.escapadarural.com\/blog\/#\/schema\/logo\/image\/","url":"https:\/\/www.escapadarural.com\/blog\/wp-content\/uploads\/2024\/10\/cropped-cropped-escapada-rural-icon-mag-3.png","contentUrl":"https:\/\/www.escapadarural.com\/blog\/wp-content\/uploads\/2024\/10\/cropped-cropped-escapada-rural-icon-mag-3.png","width":512,"height":512,"caption":"EscapadaRural"},"image":{"@id":"https:\/\/www.escapadarural.com\/blog\/#\/schema\/logo\/image\/"},"sameAs":["https:\/\/www.facebook.com\/escapadarural","https:\/\/www.instagram.com\/escapadarural\/","https:\/\/www.youtube.com\/@escapadaruralcom"]},{"@type":"Person","@id":"https:\/\/www.escapadarural.com\/blog\/#\/schema\/person\/27db72653db008ab82e5d7fe93d09972","name":"\u00c2ngela Coelho","image":{"@type":"ImageObject","inLanguage":"es","@id":"https:\/\/secure.gravatar.com\/avatar\/266007c4d733a1352809d25c72c8c5b058255e48028e729b91b5970cdc3b19ab?s=96&d=mm&r=g","url":"https:\/\/secure.gravatar.com\/avatar\/266007c4d733a1352809d25c72c8c5b058255e48028e729b91b5970cdc3b19ab?s=96&d=mm&r=g","contentUrl":"https:\/\/secure.gravatar.com\/avatar\/266007c4d733a1352809d25c72c8c5b058255e48028e729b91b5970cdc3b19ab?s=96&d=mm&r=g","caption":"\u00c2ngela Coelho"},"url":"https:\/\/www.escapadarural.com\/blog\/autor\/angela\/"}]}},"_links":{"self":[{"href":"https:\/\/www.escapadarural.com\/blog\/wp-json\/wp\/v2\/posts\/39262","targetHints":{"allow":["GET"]}}],"collection":[{"href":"https:\/\/www.escapadarural.com\/blog\/wp-json\/wp\/v2\/posts"}],"about":[{"href":"https:\/\/www.escapadarural.com\/blog\/wp-json\/wp\/v2\/types\/post"}],"author":[{"embeddable":true,"href":"https:\/\/www.escapadarural.com\/blog\/wp-json\/wp\/v2\/users\/135"}],"replies":[{"embeddable":true,"href":"https:\/\/www.escapadarural.com\/blog\/wp-json\/wp\/v2\/comments?post=39262"}],"version-history":[{"count":0,"href":"https:\/\/www.escapadarural.com\/blog\/wp-json\/wp\/v2\/posts\/39262\/revisions"}],"wp:featuredmedia":[{"embeddable":true,"href":"https:\/\/www.escapadarural.com\/blog\/wp-json\/wp\/v2\/media\/102006"}],"wp:attachment":[{"href":"https:\/\/www.escapadarural.com\/blog\/wp-json\/wp\/v2\/media?parent=39262"}],"wp:term":[{"taxonomy":"category","embeddable":true,"href":"https:\/\/www.escapadarural.com\/blog\/wp-json\/wp\/v2\/categories?post=39262"},{"taxonomy":"post_tag","embeddable":true,"href":"https:\/\/www.escapadarural.com\/blog\/wp-json\/wp\/v2\/tags?post=39262"}],"curies":[{"name":"wp","href":"https:\/\/api.w.org\/{rel}","templated":true}]}}