{"id":3949,"date":"2014-06-16T10:22:56","date_gmt":"2014-06-16T10:22:56","guid":{"rendered":"http:\/\/15.188.81.248\/2014\/06\/16\/las-alfombras-de-serrin-de-elche-de-la-sierra\/"},"modified":"2025-08-12T14:30:48","modified_gmt":"2025-08-12T12:30:48","slug":"las-alfombras-de-serrin-de-elche-de-la-sierra","status":"publish","type":"post","link":"https:\/\/www.escapadarural.com\/blog\/las-alfombras-de-serrin-de-elche-de-la-sierra\/","title":{"rendered":"Las Alfombras de Serr\u00edn de Elche de la Sierra"},"content":{"rendered":"\n<figure class=\"wp-block-image size-large\"><a href=\"https:\/\/www.escapadarural.com\/blog\/wp-content\/uploads\/Alfombras-de-Serrin-Elche-de-la-Sierra.jpg\"><img decoding=\"async\" src=\"https:\/\/www.escapadarural.com\/blog\/wp-content\/uploads\/2014\/06\/Alfombras-de-Serrin-Elche-de-la-Sierra-1024x715-1.jpg\" alt=\"Alfombras de Serr\u00edn\" class=\"wp-image-36775\"\/><\/a><figcaption class=\"wp-element-caption\">Fuente: Asociaci\u00f3n de Amigos de las Alfombras del Corpus\n\n<\/figcaption><\/figure>\n\n\n\n<p>\u00bfHab\u00e9is estado en Elche de la Sierra? Es un pueblo de Albacete, en la monta\u00f1a, <a href=\"\/blog\/albacete-que-no-es-poco\/\">m\u00e1s de Pirineo que de estepa<\/a> castellana. All\u00ed se organiza durante el Corpus una fiesta original: <strong>las calles se decoran con virutas de colores<\/strong> vibrantes. Recuerdan al arte ef\u00edmero de los mandalas budistas o a las alfombras de flores catalanas.<\/p>\n\n\n\n<p>De hecho, seg\u00fan la organizaci\u00f3n, la fiesta de las Alfombras de Serr\u00edn de Elche de la Sierra es heredera de las alfombras de flores catalanas. <strong>\u00bfEl origen?<\/strong> El 28 de mayo del 64, diez j\u00f3venes del pueblo construyeron una alfombra de serr\u00edn de colores clandestinamente. Imaginad la sorpresa del pueblo. El caso es que gust\u00f3, arrel\u00f3 y hace apenas un mes se declar\u00f3 Fiesta de Inter\u00e9s Tur\u00edstico Nacional. Este a\u00f1o se celebrar\u00e1 del 21 al 22 de junio.<\/p>\n\n\n\n<figure class=\"wp-block-embed is-type-video is-provider-youtube wp-block-embed-youtube wp-embed-aspect-16-9 wp-has-aspect-ratio\"><div class=\"wp-block-embed__wrapper\">\n<span class=\"WDOd32MXPiIxtYN7KUCqSvLayw0pnbgsl5ue1GkRQEVfrz946ohjZTJ\"><div class=\"video-shortcode\"><iframe title=\"Alfombras de serr\u00edn , Elche de la Sierra\" width=\"1200\" height=\"675\" src=\"https:\/\/www.youtube.com\/embed\/XX_g4sDsUi0?feature=oembed\" frameborder=\"0\" allow=\"accelerometer; autoplay; clipboard-write; encrypted-media; gyroscope; picture-in-picture; web-share\" referrerpolicy=\"strict-origin-when-cross-origin\" allowfullscreen><\/iframe><\/div><\/span>\n<\/div><\/figure>\n\n\n\n<p>Este 2014 se celebra la 50\u00aa edici\u00f3n de las Alfombras de Serr\u00edn del Corpus, una de las fechas m\u00e1s esperadas del a\u00f1o por los vecinos de Elche de la Sierra. En conjunto se llenar\u00e1n de arte ef\u00edmero y colorido 27 tramos de calles y 3 plazas, justo por el recorrido por donde pasa la procesi\u00f3n del Corpus. De cada calle se ocupa una pe\u00f1a.<\/p>\n\n\n\n<figure class=\"wp-block-image size-large\"><a href=\"https:\/\/www.escapadarural.com\/blog\/wp-content\/uploads\/2014\/06\/Alfombras-5.jpg\"><img decoding=\"async\" src=\"https:\/\/www.escapadarural.com\/blog\/wp-content\/uploads\/2014\/06\/Alfombras-5.jpg\" alt=\"Elche de la Sierra\" class=\"wp-image-36774\"\/><\/a><figcaption class=\"wp-element-caption\">Fuente: Asociaci\u00f3n de Amigos de las Alfombras del Corpus\n\n<\/figcaption><\/figure>\n\n\n\n<p>Las pe\u00f1as preparan los dise\u00f1os y materiales de sus alfombras los meses previos al Corpus. La obra se ejecuta durante toda la madrugada del 21 al 22, desde las 22:00 hasta las 9:00. Meses de trabajo y nocturnidad para exponer una obra durante escasas 3 horas. Parad\u00f3jicamente, lo ef\u00edmero del arte le das m\u00e1s valor. Pasa igual con nuestras vidas.<\/p>\n\n\n\n<p>La Asociaci\u00f3n de Amigos de las Alfombras de Serr\u00edn del Corpus gestiona la celebraci\u00f3n, junto con el Ayuntamiento, desde 1990. Como indican, \u00abestamos orgulloso de nuestra tradici\u00f3n [&#8230;]. Espa\u00f1a est\u00e1 llena de tradiciones \u00fanicas de cada pueblo. Tradiciones intangibles que no tienen m\u00e1s protecci\u00f3n que el respeto\u00bb.<\/p>\n\n\n\n<figure class=\"wp-block-image size-large\"><a href=\"https:\/\/www.escapadarural.com\/blog\/wp-content\/uploads\/NPI-2013.jpg\"><img decoding=\"async\" src=\"https:\/\/www.escapadarural.com\/blog\/wp-content\/uploads\/2014\/06\/NPI-2013-1024x987-1.jpg\" alt=\"Alfombras de Serr\u00edn\" class=\"wp-image-36772\"\/><\/a><figcaption class=\"wp-element-caption\">Fuente: Asociaci\u00f3n de Amigos de las Alfombras del Corpus\n\n<\/figcaption><\/figure>\n\n\n\n<p>Este 2014 se declar\u00f3 Fiesta de Inter\u00e9s Tur\u00edstico Nacional y se incluy\u00f3 como Bien de Inter\u00e9s Cultural de Castilla-La Mancha. Con estas figuras se espera dar m\u00e1s visibilidad a las Alfombras de Serr\u00edn del Corpus y protecci\u00f3n a la tradici\u00f3n. Desde 2013, esta fiesta se incluye tambi\u00e9n en la Comisi\u00f3n Internacional de Arte Ef\u00edmero.<\/p>\n\n\n\n<p>La organizaci\u00f3n se reserva el derecho a mantener el secreto sobre c\u00f3mo se hace una alfombra de serr\u00edn bien vistosa. Quieren que lo conozcas in situ,&nbsp;<a href=\"https:\/\/alfombrasdeserrin.com\/\" target=\"_blank\">que no te lo cuenten<\/a>&nbsp;y que vivas las novedades de la edici\u00f3n 2014 (<a href=\"\/blog\/wp-content\/uploads\/2014\/06\/novedades-2014.pdf\">.pdf<\/a>). \u00a1Ya sabes!<\/p>\n","protected":false},"excerpt":{"rendered":"<p>Del 21 al 22 de junio se celebrar\u00e1 la Fiesta de las Alfombras de Serr\u00edn de Elche de la Sierra, arte ef\u00edmero y vistoso durante 50 a\u00f1os&#8230;<\/p>\n","protected":false},"author":136,"featured_media":114426,"comment_status":"open","ping_status":"closed","sticky":false,"template":"","format":"standard","meta":{"_acf_changed":false,"om_disable_all_campaigns":false,"footnotes":""},"categories":[231],"tags":[921,1451,260,1452,1004,625],"class_list":["post-3949","post","type-post","status-publish","format-standard","has-post-thumbnail","hentry","category-arte-y-cultura","tag-que-ver-en-albacete","tag-alfombras-de-serrin","tag-articulo","tag-elche-de-la-sierra","tag-fiesta","tag-folclore-y-tradiciones"],"acf":[],"featured_image_src":"https:\/\/www.escapadarural.com\/blog\/wp-content\/uploads\/2014\/06\/NPI-2013-1024x987-1.jpg","author_info":{"display_name":"Escapada Rural","author_link":"https:\/\/www.escapadarural.com\/blog\/autor\/user\/"},"yoast_head":"<!-- This site is optimized with the Yoast SEO plugin v27.5 - https:\/\/yoast.com\/product\/yoast-seo-wordpress\/ -->\n<title>Las Alfombras de Serr\u00edn de Elche de la Sierra - EscapadaRural<\/title>\n<meta name=\"robots\" content=\"index, follow, max-snippet:-1, max-image-preview:large, max-video-preview:-1\" \/>\n<link rel=\"canonical\" href=\"https:\/\/www.escapadarural.com\/blog\/las-alfombras-de-serrin-de-elche-de-la-sierra\/\" \/>\n<meta property=\"og:locale\" content=\"es_ES\" \/>\n<meta property=\"og:type\" content=\"article\" \/>\n<meta property=\"og:title\" content=\"Las Alfombras de Serr\u00edn de Elche de la Sierra - EscapadaRural\" \/>\n<meta property=\"og:description\" content=\"Del 21 al 22 de junio se celebrar\u00e1 la Fiesta de las Alfombras de Serr\u00edn de Elche de la Sierra, arte ef\u00edmero y vistoso durante 50 a\u00f1os...\" \/>\n<meta property=\"og:url\" content=\"https:\/\/www.escapadarural.com\/blog\/las-alfombras-de-serrin-de-elche-de-la-sierra\/\" \/>\n<meta property=\"og:site_name\" content=\"Magazine de viajes de EscapadaRural\" \/>\n<meta property=\"article:publisher\" content=\"https:\/\/www.facebook.com\/escapadarural\" \/>\n<meta property=\"article:author\" content=\"https:\/\/www.facebook.com\/escapadarural\" \/>\n<meta property=\"article:published_time\" content=\"2014-06-16T10:22:56+00:00\" \/>\n<meta property=\"article:modified_time\" content=\"2025-08-12T12:30:48+00:00\" \/>\n<meta property=\"og:image\" content=\"https:\/\/www.escapadarural.com\/blog\/wp-content\/uploads\/2014\/06\/NPI-2013-1024x987-1.jpg?v=1755001849\" \/>\n\t<meta property=\"og:image:width\" content=\"1024\" \/>\n\t<meta property=\"og:image:height\" content=\"987\" \/>\n\t<meta property=\"og:image:type\" content=\"image\/jpeg\" \/>\n<meta name=\"author\" content=\"Escapada Rural\" \/>\n<meta name=\"twitter:card\" content=\"summary_large_image\" \/>\n<meta name=\"twitter:creator\" content=\"@https:\/\/x.com\/i\/flow\/login?redirect_after_login=escapadarural\" \/>\n<meta name=\"twitter:label1\" content=\"Escrito por\" \/>\n\t<meta name=\"twitter:data1\" content=\"Escapada Rural\" \/>\n\t<meta name=\"twitter:label2\" content=\"Tiempo de lectura\" \/>\n\t<meta name=\"twitter:data2\" content=\"2 minutos\" \/>\n<script type=\"application\/ld+json\" class=\"yoast-schema-graph\">{\"@context\":\"https:\\\/\\\/schema.org\",\"@graph\":[{\"@type\":\"Article\",\"@id\":\"https:\\\/\\\/www.escapadarural.com\\\/blog\\\/las-alfombras-de-serrin-de-elche-de-la-sierra\\\/#article\",\"isPartOf\":{\"@id\":\"https:\\\/\\\/www.escapadarural.com\\\/blog\\\/las-alfombras-de-serrin-de-elche-de-la-sierra\\\/\"},\"author\":{\"name\":\"Escapada Rural\",\"@id\":\"https:\\\/\\\/www.escapadarural.com\\\/blog\\\/#\\\/schema\\\/person\\\/d9ee55ff3e0cef41d6eac8922b4f972c\"},\"headline\":\"Las Alfombras de Serr\u00edn de Elche de la Sierra\",\"datePublished\":\"2014-06-16T10:22:56+00:00\",\"dateModified\":\"2025-08-12T12:30:48+00:00\",\"mainEntityOfPage\":{\"@id\":\"https:\\\/\\\/www.escapadarural.com\\\/blog\\\/las-alfombras-de-serrin-de-elche-de-la-sierra\\\/\"},\"wordCount\":480,\"commentCount\":0,\"publisher\":{\"@id\":\"https:\\\/\\\/www.escapadarural.com\\\/blog\\\/#organization\"},\"image\":{\"@id\":\"https:\\\/\\\/www.escapadarural.com\\\/blog\\\/las-alfombras-de-serrin-de-elche-de-la-sierra\\\/#primaryimage\"},\"thumbnailUrl\":\"https:\\\/\\\/www.escapadarural.com\\\/blog\\\/wp-content\\\/uploads\\\/2014\\\/06\\\/NPI-2013-1024x987-1.jpg\",\"keywords\":[\"Albacete\",\"Alfombras de serr\u00edn\",\"art\u00edculo\",\"Elche de la Sierra\",\"Fiesta\",\"Folclore y tradiciones\"],\"articleSection\":[\"Arte y Cultura\"],\"inLanguage\":\"es\",\"potentialAction\":[{\"@type\":\"CommentAction\",\"name\":\"Comment\",\"target\":[\"https:\\\/\\\/www.escapadarural.com\\\/blog\\\/las-alfombras-de-serrin-de-elche-de-la-sierra\\\/#respond\"]}]},{\"@type\":\"WebPage\",\"@id\":\"https:\\\/\\\/www.escapadarural.com\\\/blog\\\/las-alfombras-de-serrin-de-elche-de-la-sierra\\\/\",\"url\":\"https:\\\/\\\/www.escapadarural.com\\\/blog\\\/las-alfombras-de-serrin-de-elche-de-la-sierra\\\/\",\"name\":\"Las Alfombras de Serr\u00edn de Elche de la Sierra - EscapadaRural\",\"isPartOf\":{\"@id\":\"https:\\\/\\\/www.escapadarural.com\\\/blog\\\/#website\"},\"primaryImageOfPage\":{\"@id\":\"https:\\\/\\\/www.escapadarural.com\\\/blog\\\/las-alfombras-de-serrin-de-elche-de-la-sierra\\\/#primaryimage\"},\"image\":{\"@id\":\"https:\\\/\\\/www.escapadarural.com\\\/blog\\\/las-alfombras-de-serrin-de-elche-de-la-sierra\\\/#primaryimage\"},\"thumbnailUrl\":\"https:\\\/\\\/www.escapadarural.com\\\/blog\\\/wp-content\\\/uploads\\\/2014\\\/06\\\/NPI-2013-1024x987-1.jpg\",\"datePublished\":\"2014-06-16T10:22:56+00:00\",\"dateModified\":\"2025-08-12T12:30:48+00:00\",\"breadcrumb\":{\"@id\":\"https:\\\/\\\/www.escapadarural.com\\\/blog\\\/las-alfombras-de-serrin-de-elche-de-la-sierra\\\/#breadcrumb\"},\"inLanguage\":\"es\",\"potentialAction\":[{\"@type\":\"ReadAction\",\"target\":[\"https:\\\/\\\/www.escapadarural.com\\\/blog\\\/las-alfombras-de-serrin-de-elche-de-la-sierra\\\/\"]}]},{\"@type\":\"ImageObject\",\"inLanguage\":\"es\",\"@id\":\"https:\\\/\\\/www.escapadarural.com\\\/blog\\\/las-alfombras-de-serrin-de-elche-de-la-sierra\\\/#primaryimage\",\"url\":\"https:\\\/\\\/www.escapadarural.com\\\/blog\\\/wp-content\\\/uploads\\\/2014\\\/06\\\/NPI-2013-1024x987-1.jpg\",\"contentUrl\":\"https:\\\/\\\/www.escapadarural.com\\\/blog\\\/wp-content\\\/uploads\\\/2014\\\/06\\\/NPI-2013-1024x987-1.jpg\",\"width\":1024,\"height\":987,\"caption\":\"Alfombras de Serr\u00edn de Elche de la Sierra\"},{\"@type\":\"BreadcrumbList\",\"@id\":\"https:\\\/\\\/www.escapadarural.com\\\/blog\\\/las-alfombras-de-serrin-de-elche-de-la-sierra\\\/#breadcrumb\",\"itemListElement\":[{\"@type\":\"ListItem\",\"position\":1,\"name\":\"Inicio\",\"item\":\"https:\\\/\\\/www.escapadarural.com\\\/blog\\\/\"},{\"@type\":\"ListItem\",\"position\":2,\"name\":\"Arte y Cultura\",\"item\":\"https:\\\/\\\/www.escapadarural.com\\\/blog\\\/categoria\\\/arte-y-cultura\\\/\"},{\"@type\":\"ListItem\",\"position\":3,\"name\":\"Las Alfombras de Serr\u00edn de Elche de la Sierra\"}]},{\"@type\":\"WebSite\",\"@id\":\"https:\\\/\\\/www.escapadarural.com\\\/blog\\\/#website\",\"url\":\"https:\\\/\\\/www.escapadarural.com\\\/blog\\\/\",\"name\":\"Blog de viajes | turismo rural, alojamientos e inspiraci\u00f3n\",\"description\":\"Alojamientos rurales e inspiraci\u00f3n para tus escapadas\",\"publisher\":{\"@id\":\"https:\\\/\\\/www.escapadarural.com\\\/blog\\\/#organization\"},\"alternateName\":\"Magazine de viajes de EscapadaRural\",\"potentialAction\":[{\"@type\":\"SearchAction\",\"target\":{\"@type\":\"EntryPoint\",\"urlTemplate\":\"https:\\\/\\\/www.escapadarural.com\\\/blog\\\/?s={search_term_string}\"},\"query-input\":{\"@type\":\"PropertyValueSpecification\",\"valueRequired\":true,\"valueName\":\"search_term_string\"}}],\"inLanguage\":\"es\"},{\"@type\":\"Organization\",\"@id\":\"https:\\\/\\\/www.escapadarural.com\\\/blog\\\/#organization\",\"name\":\"EscapadaRural\",\"url\":\"https:\\\/\\\/www.escapadarural.com\\\/blog\\\/\",\"logo\":{\"@type\":\"ImageObject\",\"inLanguage\":\"es\",\"@id\":\"https:\\\/\\\/www.escapadarural.com\\\/blog\\\/#\\\/schema\\\/logo\\\/image\\\/\",\"url\":\"https:\\\/\\\/www.escapadarural.com\\\/blog\\\/wp-content\\\/uploads\\\/2024\\\/10\\\/cropped-cropped-escapada-rural-icon-mag-3.png\",\"contentUrl\":\"https:\\\/\\\/www.escapadarural.com\\\/blog\\\/wp-content\\\/uploads\\\/2024\\\/10\\\/cropped-cropped-escapada-rural-icon-mag-3.png\",\"width\":512,\"height\":512,\"caption\":\"EscapadaRural\"},\"image\":{\"@id\":\"https:\\\/\\\/www.escapadarural.com\\\/blog\\\/#\\\/schema\\\/logo\\\/image\\\/\"},\"sameAs\":[\"https:\\\/\\\/www.facebook.com\\\/escapadarural\",\"https:\\\/\\\/www.instagram.com\\\/escapadarural\\\/\",\"https:\\\/\\\/www.youtube.com\\\/@escapadaruralcom\"]},{\"@type\":\"Person\",\"@id\":\"https:\\\/\\\/www.escapadarural.com\\\/blog\\\/#\\\/schema\\\/person\\\/d9ee55ff3e0cef41d6eac8922b4f972c\",\"name\":\"Escapada Rural\",\"image\":{\"@type\":\"ImageObject\",\"inLanguage\":\"es\",\"@id\":\"https:\\\/\\\/www.escapadarural.com\\\/blog\\\/wp-content\\\/uploads\\\/2024\\\/10\\\/cropped-cropped-escapada-rural-icon-mag-3-96x96.png\",\"url\":\"https:\\\/\\\/www.escapadarural.com\\\/blog\\\/wp-content\\\/uploads\\\/2024\\\/10\\\/cropped-cropped-escapada-rural-icon-mag-3-96x96.png\",\"contentUrl\":\"https:\\\/\\\/www.escapadarural.com\\\/blog\\\/wp-content\\\/uploads\\\/2024\\\/10\\\/cropped-cropped-escapada-rural-icon-mag-3-96x96.png\",\"caption\":\"Escapada Rural\"},\"sameAs\":[\"https:\\\/\\\/www.facebook.com\\\/escapadarural\",\"https:\\\/\\\/www.linkedin.com\\\/company\\\/escapada-rural\\\/?originalSubdomain=es\",\"https:\\\/\\\/x.com\\\/https:\\\/\\\/x.com\\\/i\\\/flow\\\/login?redirect_after_login=escapadarural\"],\"url\":\"https:\\\/\\\/www.escapadarural.com\\\/blog\\\/autor\\\/user\\\/\"}]}<\/script>\n<!-- \/ Yoast SEO plugin. -->","yoast_head_json":{"title":"Las Alfombras de Serr\u00edn de Elche de la Sierra - EscapadaRural","robots":{"index":"index","follow":"follow","max-snippet":"max-snippet:-1","max-image-preview":"max-image-preview:large","max-video-preview":"max-video-preview:-1"},"canonical":"https:\/\/www.escapadarural.com\/blog\/las-alfombras-de-serrin-de-elche-de-la-sierra\/","og_locale":"es_ES","og_type":"article","og_title":"Las Alfombras de Serr\u00edn de Elche de la Sierra - EscapadaRural","og_description":"Del 21 al 22 de junio se celebrar\u00e1 la Fiesta de las Alfombras de Serr\u00edn de Elche de la Sierra, arte ef\u00edmero y vistoso durante 50 a\u00f1os...","og_url":"https:\/\/www.escapadarural.com\/blog\/las-alfombras-de-serrin-de-elche-de-la-sierra\/","og_site_name":"Magazine de viajes de EscapadaRural","article_publisher":"https:\/\/www.facebook.com\/escapadarural","article_author":"https:\/\/www.facebook.com\/escapadarural","article_published_time":"2014-06-16T10:22:56+00:00","article_modified_time":"2025-08-12T12:30:48+00:00","og_image":[{"width":1024,"height":987,"url":"https:\/\/www.escapadarural.com\/blog\/wp-content\/uploads\/2014\/06\/NPI-2013-1024x987-1.jpg?v=1755001849","type":"image\/jpeg"}],"author":"Escapada Rural","twitter_card":"summary_large_image","twitter_creator":"@https:\/\/x.com\/i\/flow\/login?redirect_after_login=escapadarural","twitter_misc":{"Escrito por":"Escapada Rural","Tiempo de lectura":"2 minutos"},"schema":{"@context":"https:\/\/schema.org","@graph":[{"@type":"Article","@id":"https:\/\/www.escapadarural.com\/blog\/las-alfombras-de-serrin-de-elche-de-la-sierra\/#article","isPartOf":{"@id":"https:\/\/www.escapadarural.com\/blog\/las-alfombras-de-serrin-de-elche-de-la-sierra\/"},"author":{"name":"Escapada Rural","@id":"https:\/\/www.escapadarural.com\/blog\/#\/schema\/person\/d9ee55ff3e0cef41d6eac8922b4f972c"},"headline":"Las Alfombras de Serr\u00edn de Elche de la Sierra","datePublished":"2014-06-16T10:22:56+00:00","dateModified":"2025-08-12T12:30:48+00:00","mainEntityOfPage":{"@id":"https:\/\/www.escapadarural.com\/blog\/las-alfombras-de-serrin-de-elche-de-la-sierra\/"},"wordCount":480,"commentCount":0,"publisher":{"@id":"https:\/\/www.escapadarural.com\/blog\/#organization"},"image":{"@id":"https:\/\/www.escapadarural.com\/blog\/las-alfombras-de-serrin-de-elche-de-la-sierra\/#primaryimage"},"thumbnailUrl":"https:\/\/www.escapadarural.com\/blog\/wp-content\/uploads\/2014\/06\/NPI-2013-1024x987-1.jpg","keywords":["Albacete","Alfombras de serr\u00edn","art\u00edculo","Elche de la Sierra","Fiesta","Folclore y tradiciones"],"articleSection":["Arte y Cultura"],"inLanguage":"es","potentialAction":[{"@type":"CommentAction","name":"Comment","target":["https:\/\/www.escapadarural.com\/blog\/las-alfombras-de-serrin-de-elche-de-la-sierra\/#respond"]}]},{"@type":"WebPage","@id":"https:\/\/www.escapadarural.com\/blog\/las-alfombras-de-serrin-de-elche-de-la-sierra\/","url":"https:\/\/www.escapadarural.com\/blog\/las-alfombras-de-serrin-de-elche-de-la-sierra\/","name":"Las Alfombras de Serr\u00edn de Elche de la Sierra - EscapadaRural","isPartOf":{"@id":"https:\/\/www.escapadarural.com\/blog\/#website"},"primaryImageOfPage":{"@id":"https:\/\/www.escapadarural.com\/blog\/las-alfombras-de-serrin-de-elche-de-la-sierra\/#primaryimage"},"image":{"@id":"https:\/\/www.escapadarural.com\/blog\/las-alfombras-de-serrin-de-elche-de-la-sierra\/#primaryimage"},"thumbnailUrl":"https:\/\/www.escapadarural.com\/blog\/wp-content\/uploads\/2014\/06\/NPI-2013-1024x987-1.jpg","datePublished":"2014-06-16T10:22:56+00:00","dateModified":"2025-08-12T12:30:48+00:00","breadcrumb":{"@id":"https:\/\/www.escapadarural.com\/blog\/las-alfombras-de-serrin-de-elche-de-la-sierra\/#breadcrumb"},"inLanguage":"es","potentialAction":[{"@type":"ReadAction","target":["https:\/\/www.escapadarural.com\/blog\/las-alfombras-de-serrin-de-elche-de-la-sierra\/"]}]},{"@type":"ImageObject","inLanguage":"es","@id":"https:\/\/www.escapadarural.com\/blog\/las-alfombras-de-serrin-de-elche-de-la-sierra\/#primaryimage","url":"https:\/\/www.escapadarural.com\/blog\/wp-content\/uploads\/2014\/06\/NPI-2013-1024x987-1.jpg","contentUrl":"https:\/\/www.escapadarural.com\/blog\/wp-content\/uploads\/2014\/06\/NPI-2013-1024x987-1.jpg","width":1024,"height":987,"caption":"Alfombras de Serr\u00edn de Elche de la Sierra"},{"@type":"BreadcrumbList","@id":"https:\/\/www.escapadarural.com\/blog\/las-alfombras-de-serrin-de-elche-de-la-sierra\/#breadcrumb","itemListElement":[{"@type":"ListItem","position":1,"name":"Inicio","item":"https:\/\/www.escapadarural.com\/blog\/"},{"@type":"ListItem","position":2,"name":"Arte y Cultura","item":"https:\/\/www.escapadarural.com\/blog\/categoria\/arte-y-cultura\/"},{"@type":"ListItem","position":3,"name":"Las Alfombras de Serr\u00edn de Elche de la Sierra"}]},{"@type":"WebSite","@id":"https:\/\/www.escapadarural.com\/blog\/#website","url":"https:\/\/www.escapadarural.com\/blog\/","name":"Blog de viajes | turismo rural, alojamientos e inspiraci\u00f3n","description":"Alojamientos rurales e inspiraci\u00f3n para tus escapadas","publisher":{"@id":"https:\/\/www.escapadarural.com\/blog\/#organization"},"alternateName":"Magazine de viajes de EscapadaRural","potentialAction":[{"@type":"SearchAction","target":{"@type":"EntryPoint","urlTemplate":"https:\/\/www.escapadarural.com\/blog\/?s={search_term_string}"},"query-input":{"@type":"PropertyValueSpecification","valueRequired":true,"valueName":"search_term_string"}}],"inLanguage":"es"},{"@type":"Organization","@id":"https:\/\/www.escapadarural.com\/blog\/#organization","name":"EscapadaRural","url":"https:\/\/www.escapadarural.com\/blog\/","logo":{"@type":"ImageObject","inLanguage":"es","@id":"https:\/\/www.escapadarural.com\/blog\/#\/schema\/logo\/image\/","url":"https:\/\/www.escapadarural.com\/blog\/wp-content\/uploads\/2024\/10\/cropped-cropped-escapada-rural-icon-mag-3.png","contentUrl":"https:\/\/www.escapadarural.com\/blog\/wp-content\/uploads\/2024\/10\/cropped-cropped-escapada-rural-icon-mag-3.png","width":512,"height":512,"caption":"EscapadaRural"},"image":{"@id":"https:\/\/www.escapadarural.com\/blog\/#\/schema\/logo\/image\/"},"sameAs":["https:\/\/www.facebook.com\/escapadarural","https:\/\/www.instagram.com\/escapadarural\/","https:\/\/www.youtube.com\/@escapadaruralcom"]},{"@type":"Person","@id":"https:\/\/www.escapadarural.com\/blog\/#\/schema\/person\/d9ee55ff3e0cef41d6eac8922b4f972c","name":"Escapada Rural","image":{"@type":"ImageObject","inLanguage":"es","@id":"https:\/\/www.escapadarural.com\/blog\/wp-content\/uploads\/2024\/10\/cropped-cropped-escapada-rural-icon-mag-3-96x96.png","url":"https:\/\/www.escapadarural.com\/blog\/wp-content\/uploads\/2024\/10\/cropped-cropped-escapada-rural-icon-mag-3-96x96.png","contentUrl":"https:\/\/www.escapadarural.com\/blog\/wp-content\/uploads\/2024\/10\/cropped-cropped-escapada-rural-icon-mag-3-96x96.png","caption":"Escapada Rural"},"sameAs":["https:\/\/www.facebook.com\/escapadarural","https:\/\/www.linkedin.com\/company\/escapada-rural\/?originalSubdomain=es","https:\/\/x.com\/https:\/\/x.com\/i\/flow\/login?redirect_after_login=escapadarural"],"url":"https:\/\/www.escapadarural.com\/blog\/autor\/user\/"}]}},"_links":{"self":[{"href":"https:\/\/www.escapadarural.com\/blog\/wp-json\/wp\/v2\/posts\/3949","targetHints":{"allow":["GET"]}}],"collection":[{"href":"https:\/\/www.escapadarural.com\/blog\/wp-json\/wp\/v2\/posts"}],"about":[{"href":"https:\/\/www.escapadarural.com\/blog\/wp-json\/wp\/v2\/types\/post"}],"author":[{"embeddable":true,"href":"https:\/\/www.escapadarural.com\/blog\/wp-json\/wp\/v2\/users\/136"}],"replies":[{"embeddable":true,"href":"https:\/\/www.escapadarural.com\/blog\/wp-json\/wp\/v2\/comments?post=3949"}],"version-history":[{"count":0,"href":"https:\/\/www.escapadarural.com\/blog\/wp-json\/wp\/v2\/posts\/3949\/revisions"}],"wp:featuredmedia":[{"embeddable":true,"href":"https:\/\/www.escapadarural.com\/blog\/wp-json\/wp\/v2\/media\/114426"}],"wp:attachment":[{"href":"https:\/\/www.escapadarural.com\/blog\/wp-json\/wp\/v2\/media?parent=3949"}],"wp:term":[{"taxonomy":"category","embeddable":true,"href":"https:\/\/www.escapadarural.com\/blog\/wp-json\/wp\/v2\/categories?post=3949"},{"taxonomy":"post_tag","embeddable":true,"href":"https:\/\/www.escapadarural.com\/blog\/wp-json\/wp\/v2\/tags?post=3949"}],"curies":[{"name":"wp","href":"https:\/\/api.w.org\/{rel}","templated":true}]}}