{"id":39866,"date":"2021-05-04T16:56:28","date_gmt":"2021-05-04T15:56:28","guid":{"rendered":"https:\/\/www.escapadarural.com\/blog\/?p=39866"},"modified":"2026-02-05T14:19:37","modified_gmt":"2026-02-05T13:19:37","slug":"floracion-del-piorno-sierra-de-gredos","status":"publish","type":"post","link":"https:\/\/www.escapadarural.com\/blog\/floracion-del-piorno-sierra-de-gredos\/","title":{"rendered":"M\u00e1s all\u00e1 del cerezo: la floraci\u00f3n del piorno en la Sierra de Gredos"},"content":{"rendered":"\n<figure class=\"wp-block-image size-large\"><a href=\"https:\/\/www.escapadarural.com\/blog\/wp-content\/uploads\/Piornos-2.jpg\"><img decoding=\"async\" src=\"https:\/\/www.escapadarural.com\/blog\/wp-content\/uploads\/Piornos-2-1024x683.jpg\" alt=\"Piornos Sierra de Gredos\" class=\"wp-image-39901\"\/><\/a><figcaption>Por fuen30<\/figcaption><\/figure>\n\n\n\n<p>Cada idioma se desarrolla en una sociedad y se adapta a sus costumbres, a sus conceptos e incluso a las ideas. Por eso, a veces, no existen palabras equivalentes en dos lenguas. Por ejemplo, el alem\u00e1n tiene una que \u201cresume\u201d el sentimiento de echar de menos un lugar en el que nunca se ha estado: <em>fernweh<\/em>. No tiene equivalente en espa\u00f1ol como tampoco hay un t\u00e9rmino que por s\u00ed solo nombre <strong>la actividad de observar las flores<\/strong> que en japon\u00e9s se explica con <strong>la palabra <em>hanami<\/em>.<\/strong><\/p>\n\n\n\n<p>\u00bfPor qu\u00e9 ocurre esto? Puede que sea porque esos sentimientos o costumbres son tan importantes en el pa\u00eds o zona en la que se habla esa lengua que era necesario o c\u00f3modo poder nombrarlo con un solo vocablo. Y para los nipones <strong>observar la floraci\u00f3n de los cerezos (<em>sakura<\/em>, en japon\u00e9s) al inicio de cada primavera<\/strong> es una tradici\u00f3n milenaria muy importante en su cultura. Tanto que atrae a visitantes de todo el mundo que quieren disfrutar de la imagen de los p\u00e9talos rosas dando color al paisaje.<\/p>\n\n\n\n<p>La forma de celebrar ese regalo fugaz de la naturaleza (suele durar unas dos semanas) ha ido evolucionando con el tiempo y de ser una actividad propia de las clases superiores <strong>ha terminado siendo una fiesta popular.<\/strong> La gente monta picnics debajo de los \u00e1rboles y disfrutan del ambiente rosado incluso entrada la noche, gracias a las bombillas que se instalan en los parques. Es el mencionado <em>hanami<\/em>.<\/p>\n\n\n\n<p>En Espa\u00f1a no hay una sola palabra que la defina, pero s\u00ed hay costumbre de visualizar la floraci\u00f3n en el campo. Las <strong>escapadas al <\/strong><a href=\"https:\/\/www.escapadarural.com\/casas-rurales\/valle-del-jerte\" class=\"rank-math-link\"><strong>Valle del Jerte<\/strong><\/a><strong> en los meses de marzo y abril <\/strong>para ver las flores blancas de sus cerezos es el caso m\u00e1s conocido, aunque no es el \u00fanico. De hecho, <strong>en la <\/strong><a href=\"https:\/\/www.escapadarural.com\/casas-rurales\/sierra-de-gredos\" class=\"rank-math-link\"><strong>Sierra de Gredos<\/strong><\/a> hay puntos que se ti\u00f1en de amarillo entre mayo y junio pero no a consecuencia del despertar de un \u00e1rbol, sino de un arbusto.<\/p>\n\n\n\n<figure class=\"wp-block-image size-large\"><a href=\"https:\/\/www.escapadarural.com\/blog\/wp-content\/uploads\/Piornos-1.jpg\"><img decoding=\"async\" src=\"https:\/\/www.escapadarural.com\/blog\/wp-content\/uploads\/Piornos-1-1024x683.jpg\" alt=\"\" class=\"wp-image-39903\"\/><\/a><figcaption>Patrik Stedrak<\/figcaption><\/figure>\n\n\n\n<p>Se trata del <strong>piorno, una especie arbustiva cuyas plantas pueden tener flores<\/strong> blancas aunque las m\u00e1s habituales son amarillas o doradas. Durante la \u00e9poca que se ha se\u00f1alado colorean las laderas de las 65.000 hect\u00e1reas por las que se extiende. Debido a lo espectacular del paisaje que se forma cuando florece, la Asociaci\u00f3n de Empresarios de Gredos Norte (ASENORG) organiza cada a\u00f1o <strong>el <\/strong><a href=\"https:\/\/twitter.com\/Piornoenflor\" target=\"_blank\"><strong>Festival del Piorno en Flor<\/strong><\/a><strong> <\/strong>para atraer a visitantes y animar a los vecinos locales \u2013hay 25 municipios en la zona\u2013 a disfrutar de lo que ofrece la naturaleza.<\/p>\n\n\n\n<p>La pandemia hizo que el a\u00f1o pasado las actividades fuesen online y ante la incertidumbre de <strong>las medidas sanitarias que se ir\u00e1n tomando<\/strong> durante los pr\u00f3ximos meses, muchas de las que se han organizado para este 2021 tambi\u00e9n ser\u00e1n digitales. Pero desde la organizaci\u00f3n invitan a quienes se decidan a disfrutar de su propia jornada de hanami a compartir sus fotos a trav\u00e9s de las redes sociales. <strong>Hay<\/strong> <strong>m\u00e1s de 60 puntos de observaci\u00f3n<\/strong> en los que tomar instant\u00e1neas o grabar v\u00eddeos de la experiencia, lo que ofrece una ventaja a\u00f1adida al disfrute de la naturaleza: no hay problema de aglomeraciones.<\/p>\n\n\n\n<p>Los hashtags con los que etiquetar las aportaciones en las redes sociales son #piornosenflor, #piornosforever,&nbsp; #piornosdesdecasa o #piornizate. Ya se pueden ver las primeras aportaciones de este a\u00f1o o hacerse una idea de lo que supone adentrarse <strong>en los campos de la Sierra de Gredos<\/strong> viendo las de los anteriores.&nbsp;<\/p>\n\n\n\n<h2 class=\"wp-block-heading\"><strong>Otros <em>hanamis<\/em> por Espa\u00f1a<\/strong><\/h2>\n\n\n\n<p>Adem\u00e1s de las mencionadas floraciones famosas como las de <strong>los cerezos en <\/strong><a href=\"https:\/\/www.escapadarural.com\/casas-rurales\/extremadura\" class=\"rank-math-link\"><strong>Extremadura<\/strong><\/a><strong> o el piorno en Gredos<\/strong>, hay otros puntos del pa\u00eds en los que la naturaleza tambi\u00e9n brinda un buen espect\u00e1culo de color. De hecho, hasta podr\u00eda ser una buena tem\u00e1tica para <strong>una ruta primaveral de escapadas<\/strong>. Estos son algunos de los m\u00e1s atractivos.<\/p>\n\n\n\n<h2 class=\"wp-block-heading\"><strong>Los melocotoneros de <\/strong><a href=\"https:\/\/www.escapadarural.com\/casas-rurales\/cieza\" class=\"rank-math-link\"><strong>Cieza<\/strong><\/a><\/h2>\n\n\n\n<figure class=\"wp-block-image size-large\"><img decoding=\"async\" src=\"https:\/\/www.escapadarural.com\/blog\/wp-content\/uploads\/2017\/03\/foto-7.jpg\" alt=\"Floraci\u00f3n de cieza\" class=\"wp-image-29364\"\/><figcaption>Por floraciondecieza.com<\/figcaption><\/figure>\n\n\n\n<p>La <strong>flor del melocot\u00f3n de este municipio de <\/strong><a class=\"rank-math-link\" href=\"https:\/\/www.escapadarural.com\/casas-rurales\/murcia\"><strong>Murcia<\/strong><\/a> ti\u00f1e los campos de rosa intenso combinado con el blanco de los p\u00e9talos de los albaricoqueros y ciruelos. Aunque los brotes se dan antes de la primavera, entre febrero y marzo, algunas semanas antes o despu\u00e9s se puede disfrutar de la experiencia aunque sea mitigada.\u00a0<\/p>\n\n\n\n<p>Debido a la fama que ha ido tomando \u2013impulsada primero por los fot\u00f3grafos que se desplazaban a la regi\u00f3n para capturar en im\u00e1genes el fen\u00f3meno\u2013 se empez\u00f3 a organizar<strong> la <\/strong><strong>Ruta de la Floraci\u00f3n<\/strong><strong>,<\/strong> que adem\u00e1s de conducir a los visitantes por los mejores rincones de observaci\u00f3n, tambi\u00e9n incluye ofertas gastron\u00f3micas y concursos de fotograf\u00eda.<\/p>\n\n\n\n<h2 class=\"wp-block-heading\"><strong>Los almendros de la Sierra de la Tramuntana<\/strong>\u00a0<\/h2>\n\n\n\n<figure class=\"wp-block-image size-large\"><a href=\"https:\/\/www.escapadarural.com\/blog\/wp-content\/uploads\/almendros-en-flor-inca-mallorca-balearic-islands-spain-europe-stockpack-adobe-stock-scaled.jpg\"><img decoding=\"async\" src=\"https:\/\/www.escapadarural.com\/blog\/wp-content\/uploads\/almendros-en-flor-inca-mallorca-balearic-islands-spain-europe-stockpack-adobe-stock-1024x602.jpg\" alt=\"almendros en flor, Inca, Mallorca, balearic islands, spain, europe\" class=\"wp-image-38995\"\/><\/a><figcaption>Almendros en flor, Inca, Mallorca. Por Tolo.<\/figcaption><\/figure>\n\n\n\n<p>En 2019 este <strong>espacio natural de <\/strong><a href=\"https:\/\/www.escapadarural.com\/casas-rurales\/mallorca\" class=\"rank-math-link\"><strong>Mallorca<\/strong><\/a><strong> fue declarado Patrimonio de la Humanidad<\/strong>. Tiene la peculiaridad de ser la primera floraci\u00f3n de este \u00e1rbol \u2013en la isla hay m\u00e1s de 10.000\u2013 en el Estado, posiblemente por el clima del archipi\u00e9lago. Las ramas empiezan a llenarse de color cuando todav\u00eda es invierno, alrededor del comienzo de febrero.<\/p>\n\n\n\n<p>A trav\u00e9s de sus 62.000 hect\u00e1reas se pueden realizar diferentes rutas a pie, en coche o en bicicleta para adentrarse en el espect\u00e1culo. Una buena idea para quienes quieran conocer algunas <strong>localidades en las que se ven las flores es ruta la circular<\/strong> que se extiende durante 11 kil\u00f3metros y pasa por municipios como <a href=\"https:\/\/www.escapadarural.com\/casas-rurales\/selva\" class=\"rank-math-link\">Selva<\/a>, Binibona o Caimari.\u00a0<\/p>\n\n\n\n<h2 class=\"wp-block-heading\"><strong>Los ciruelos de <\/strong><a href=\"https:\/\/www.escapadarural.com\/casas-rurales\/nalda\" class=\"rank-math-link\"><strong>Nalda<\/strong><\/a><\/h2>\n\n\n\n<p>Hay quien tambi\u00e9n conoce la zona como el otro Jerte o el peque\u00f1o Jerte debido a la exuberancia de sus campos cuando florece <strong>el frutal que predomina en la zona: el ciruelo<\/strong>, en concreto el de la variedad Claudia verde. Su fecha de esplendor es abril y durante la primera semana del mes se celebra <strong>el D\u00eda del Ciruelo en Flor<\/strong>.<\/p>\n\n\n\n<p>As\u00ed, esta localidad de <a href=\"https:\/\/www.escapadarural.com\/casas-rurales\/la-rioja\" class=\"rank-math-link\">La Rioja<\/a> organiza m\u00faltiples actividades gastron\u00f3micas y culturales, adem\u00e1s de la tradicional <strong>subida al Mirador del Castillo de Nalda<\/strong>. Desde ese punto se puede observar con amplitud el <a href=\"https:\/\/www.escapadarural.com\/casas-rurales\/valle-del-iregua\" class=\"rank-math-link\">Valle del Iregua<\/a> y por el camino es posible conocer algunos monumentos como las ruinas del convento de San Antonio.<\/p>\n\n\n\n<div class=\"wp-block-buttons is-layout-flex wp-block-buttons-is-layout-flex\">\n<div class=\"wp-block-button\"><a class=\"wp-block-button__link\" href=\"https:\/\/www.escapadarural.com\/casas-rurales\/sierra-de-gredos\">Casas rurales en la Sierra de Gredos<\/a><\/div>\n<\/div>\n","protected":false},"excerpt":{"rendered":"<p>La actividad de observar las flores que en japon\u00e9s se explica con la palabra: \u2018hanami\u2019.<\/p>\n","protected":false},"author":114,"featured_media":101860,"comment_status":"open","ping_status":"open","sticky":false,"template":"","format":"standard","meta":{"_acf_changed":false,"om_disable_all_campaigns":false,"footnotes":""},"categories":[191],"tags":[3282,1927,3283,1246,3284,3285,3286,585,1031,257,1285,3287,772,1806],"class_list":["post-39866","post","type-post","status-publish","format-standard","has-post-thumbnail","hentry","category-destinos","tag-almendros","tag-cieza","tag-ciruelos","tag-floracion","tag-hanami","tag-melocotoneros","tag-nalda","tag-naturaleza","tag-piorno","tag-primavera","tag-sierra-de-gredos","tag-sierra-de-la-tramontana","tag-tradicion","tag-valle-del-jerte"],"acf":[],"featured_image_src":"https:\/\/www.escapadarural.com\/blog\/wp-content\/uploads\/2024\/10\/Piornos-2-1024x683-3.jpg","author_info":{"display_name":"Carmen L\u00f3pez","author_link":"https:\/\/www.escapadarural.com\/blog\/autor\/carmenlopez\/"},"yoast_head":"<!-- This site is optimized with the Yoast SEO plugin v27.5 - https:\/\/yoast.com\/product\/yoast-seo-wordpress\/ -->\n<title>M\u00e1s all\u00e1 del cerezo: la floraci\u00f3n del piorno en la Sierra de Gredos - EscapadaRural<\/title>\n<meta name=\"robots\" content=\"index, follow, max-snippet:-1, max-image-preview:large, max-video-preview:-1\" \/>\n<link rel=\"canonical\" href=\"https:\/\/www.escapadarural.com\/blog\/floracion-del-piorno-sierra-de-gredos\/\" \/>\n<meta property=\"og:locale\" content=\"es_ES\" \/>\n<meta property=\"og:type\" content=\"article\" \/>\n<meta property=\"og:title\" content=\"M\u00e1s all\u00e1 del cerezo: la floraci\u00f3n del piorno en la Sierra de Gredos - EscapadaRural\" \/>\n<meta property=\"og:description\" content=\"La actividad de observar las flores que en japon\u00e9s se explica con la palabra: \u2018hanami\u2019.\" \/>\n<meta property=\"og:url\" content=\"https:\/\/www.escapadarural.com\/blog\/floracion-del-piorno-sierra-de-gredos\/\" \/>\n<meta property=\"og:site_name\" content=\"Magazine de viajes de EscapadaRural\" \/>\n<meta property=\"article:publisher\" content=\"https:\/\/www.facebook.com\/escapadarural\" \/>\n<meta property=\"article:published_time\" content=\"2021-05-04T15:56:28+00:00\" \/>\n<meta property=\"article:modified_time\" content=\"2026-02-05T13:19:37+00:00\" \/>\n<meta property=\"og:image\" content=\"https:\/\/www.escapadarural.com\/blog\/wp-content\/uploads\/2024\/10\/Piornos-2-1024x683-3.jpg\" \/>\n\t<meta property=\"og:image:width\" content=\"1024\" \/>\n\t<meta property=\"og:image:height\" content=\"683\" \/>\n\t<meta property=\"og:image:type\" content=\"image\/jpeg\" \/>\n<meta name=\"author\" content=\"Carmen L\u00f3pez\" \/>\n<meta name=\"twitter:card\" content=\"summary_large_image\" \/>\n<meta name=\"twitter:label1\" content=\"Escrito por\" \/>\n\t<meta name=\"twitter:data1\" content=\"Carmen L\u00f3pez\" \/>\n\t<meta name=\"twitter:label2\" content=\"Tiempo de lectura\" \/>\n\t<meta name=\"twitter:data2\" content=\"5 minutos\" \/>\n<script type=\"application\/ld+json\" class=\"yoast-schema-graph\">{\"@context\":\"https:\\\/\\\/schema.org\",\"@graph\":[{\"@type\":\"Article\",\"@id\":\"https:\\\/\\\/www.escapadarural.com\\\/blog\\\/floracion-del-piorno-sierra-de-gredos\\\/#article\",\"isPartOf\":{\"@id\":\"https:\\\/\\\/www.escapadarural.com\\\/blog\\\/floracion-del-piorno-sierra-de-gredos\\\/\"},\"author\":{\"name\":\"Carmen L\u00f3pez\",\"@id\":\"https:\\\/\\\/www.escapadarural.com\\\/blog\\\/#\\\/schema\\\/person\\\/42dfdff6118172efc6a04c8ae599a2ce\"},\"headline\":\"M\u00e1s all\u00e1 del cerezo: la floraci\u00f3n del piorno en la Sierra de Gredos\",\"datePublished\":\"2021-05-04T15:56:28+00:00\",\"dateModified\":\"2026-02-05T13:19:37+00:00\",\"mainEntityOfPage\":{\"@id\":\"https:\\\/\\\/www.escapadarural.com\\\/blog\\\/floracion-del-piorno-sierra-de-gredos\\\/\"},\"wordCount\":1078,\"commentCount\":0,\"publisher\":{\"@id\":\"https:\\\/\\\/www.escapadarural.com\\\/blog\\\/#organization\"},\"image\":{\"@id\":\"https:\\\/\\\/www.escapadarural.com\\\/blog\\\/floracion-del-piorno-sierra-de-gredos\\\/#primaryimage\"},\"thumbnailUrl\":\"https:\\\/\\\/www.escapadarural.com\\\/blog\\\/wp-content\\\/uploads\\\/2024\\\/10\\\/Piornos-2-1024x683-3.jpg\",\"keywords\":[\"almendros\",\"Cieza\",\"ciruelos\",\"floraci\u00f3n\",\"hanami\",\"melocotoneros\",\"nalda\",\"Naturaleza\",\"Piorno\",\"Primavera\",\"Sierra de Gredos\",\"sierra de la tramontana\",\"Tradici\u00f3n\",\"Valle del Jerte\"],\"articleSection\":[\"Destinos\"],\"inLanguage\":\"es\",\"potentialAction\":[{\"@type\":\"CommentAction\",\"name\":\"Comment\",\"target\":[\"https:\\\/\\\/www.escapadarural.com\\\/blog\\\/floracion-del-piorno-sierra-de-gredos\\\/#respond\"]}]},{\"@type\":\"WebPage\",\"@id\":\"https:\\\/\\\/www.escapadarural.com\\\/blog\\\/floracion-del-piorno-sierra-de-gredos\\\/\",\"url\":\"https:\\\/\\\/www.escapadarural.com\\\/blog\\\/floracion-del-piorno-sierra-de-gredos\\\/\",\"name\":\"M\u00e1s all\u00e1 del cerezo: la floraci\u00f3n del piorno en la Sierra de Gredos - EscapadaRural\",\"isPartOf\":{\"@id\":\"https:\\\/\\\/www.escapadarural.com\\\/blog\\\/#website\"},\"primaryImageOfPage\":{\"@id\":\"https:\\\/\\\/www.escapadarural.com\\\/blog\\\/floracion-del-piorno-sierra-de-gredos\\\/#primaryimage\"},\"image\":{\"@id\":\"https:\\\/\\\/www.escapadarural.com\\\/blog\\\/floracion-del-piorno-sierra-de-gredos\\\/#primaryimage\"},\"thumbnailUrl\":\"https:\\\/\\\/www.escapadarural.com\\\/blog\\\/wp-content\\\/uploads\\\/2024\\\/10\\\/Piornos-2-1024x683-3.jpg\",\"datePublished\":\"2021-05-04T15:56:28+00:00\",\"dateModified\":\"2026-02-05T13:19:37+00:00\",\"breadcrumb\":{\"@id\":\"https:\\\/\\\/www.escapadarural.com\\\/blog\\\/floracion-del-piorno-sierra-de-gredos\\\/#breadcrumb\"},\"inLanguage\":\"es\",\"potentialAction\":[{\"@type\":\"ReadAction\",\"target\":[\"https:\\\/\\\/www.escapadarural.com\\\/blog\\\/floracion-del-piorno-sierra-de-gredos\\\/\"]}]},{\"@type\":\"ImageObject\",\"inLanguage\":\"es\",\"@id\":\"https:\\\/\\\/www.escapadarural.com\\\/blog\\\/floracion-del-piorno-sierra-de-gredos\\\/#primaryimage\",\"url\":\"https:\\\/\\\/www.escapadarural.com\\\/blog\\\/wp-content\\\/uploads\\\/2024\\\/10\\\/Piornos-2-1024x683-3.jpg\",\"contentUrl\":\"https:\\\/\\\/www.escapadarural.com\\\/blog\\\/wp-content\\\/uploads\\\/2024\\\/10\\\/Piornos-2-1024x683-3.jpg\",\"width\":1024,\"height\":683,\"caption\":\"En primer plano crecen arbustos con brillantes flores amarillas, con ondulantes colinas verdes y monta\u00f1as rocosas bajo un cielo azul despejado de fondo.\"},{\"@type\":\"BreadcrumbList\",\"@id\":\"https:\\\/\\\/www.escapadarural.com\\\/blog\\\/floracion-del-piorno-sierra-de-gredos\\\/#breadcrumb\",\"itemListElement\":[{\"@type\":\"ListItem\",\"position\":1,\"name\":\"Inicio\",\"item\":\"https:\\\/\\\/www.escapadarural.com\\\/blog\\\/\"},{\"@type\":\"ListItem\",\"position\":2,\"name\":\"Destinos\",\"item\":\"https:\\\/\\\/www.escapadarural.com\\\/blog\\\/categoria\\\/destinos\\\/\"},{\"@type\":\"ListItem\",\"position\":3,\"name\":\"M\u00e1s all\u00e1 del cerezo: la floraci\u00f3n del piorno en la Sierra de Gredos\"}]},{\"@type\":\"WebSite\",\"@id\":\"https:\\\/\\\/www.escapadarural.com\\\/blog\\\/#website\",\"url\":\"https:\\\/\\\/www.escapadarural.com\\\/blog\\\/\",\"name\":\"Blog de viajes | turismo rural, alojamientos e inspiraci\u00f3n\",\"description\":\"Alojamientos rurales e inspiraci\u00f3n para tus escapadas\",\"publisher\":{\"@id\":\"https:\\\/\\\/www.escapadarural.com\\\/blog\\\/#organization\"},\"alternateName\":\"Magazine de viajes de EscapadaRural\",\"potentialAction\":[{\"@type\":\"SearchAction\",\"target\":{\"@type\":\"EntryPoint\",\"urlTemplate\":\"https:\\\/\\\/www.escapadarural.com\\\/blog\\\/?s={search_term_string}\"},\"query-input\":{\"@type\":\"PropertyValueSpecification\",\"valueRequired\":true,\"valueName\":\"search_term_string\"}}],\"inLanguage\":\"es\"},{\"@type\":\"Organization\",\"@id\":\"https:\\\/\\\/www.escapadarural.com\\\/blog\\\/#organization\",\"name\":\"EscapadaRural\",\"url\":\"https:\\\/\\\/www.escapadarural.com\\\/blog\\\/\",\"logo\":{\"@type\":\"ImageObject\",\"inLanguage\":\"es\",\"@id\":\"https:\\\/\\\/www.escapadarural.com\\\/blog\\\/#\\\/schema\\\/logo\\\/image\\\/\",\"url\":\"https:\\\/\\\/www.escapadarural.com\\\/blog\\\/wp-content\\\/uploads\\\/2024\\\/10\\\/cropped-cropped-escapada-rural-icon-mag-3.png\",\"contentUrl\":\"https:\\\/\\\/www.escapadarural.com\\\/blog\\\/wp-content\\\/uploads\\\/2024\\\/10\\\/cropped-cropped-escapada-rural-icon-mag-3.png\",\"width\":512,\"height\":512,\"caption\":\"EscapadaRural\"},\"image\":{\"@id\":\"https:\\\/\\\/www.escapadarural.com\\\/blog\\\/#\\\/schema\\\/logo\\\/image\\\/\"},\"sameAs\":[\"https:\\\/\\\/www.facebook.com\\\/escapadarural\",\"https:\\\/\\\/www.instagram.com\\\/escapadarural\\\/\",\"https:\\\/\\\/www.youtube.com\\\/@escapadaruralcom\"]},{\"@type\":\"Person\",\"@id\":\"https:\\\/\\\/www.escapadarural.com\\\/blog\\\/#\\\/schema\\\/person\\\/42dfdff6118172efc6a04c8ae599a2ce\",\"name\":\"Carmen L\u00f3pez\",\"image\":{\"@type\":\"ImageObject\",\"inLanguage\":\"es\",\"@id\":\"https:\\\/\\\/www.escapadarural.com\\\/blog\\\/wp-content\\\/uploads\\\/2024\\\/11\\\/cropped-perfil_eldiario-96x96-1-96x96.jpeg\",\"url\":\"https:\\\/\\\/www.escapadarural.com\\\/blog\\\/wp-content\\\/uploads\\\/2024\\\/11\\\/cropped-perfil_eldiario-96x96-1-96x96.jpeg\",\"contentUrl\":\"https:\\\/\\\/www.escapadarural.com\\\/blog\\\/wp-content\\\/uploads\\\/2024\\\/11\\\/cropped-perfil_eldiario-96x96-1-96x96.jpeg\",\"caption\":\"Carmen L\u00f3pez\"},\"description\":\"Soy periodista y escribo sobre cosas que importan en sitios que interesan desde hace m\u00e1s de una d\u00e9cada.\",\"url\":\"https:\\\/\\\/www.escapadarural.com\\\/blog\\\/autor\\\/carmenlopez\\\/\"}]}<\/script>\n<!-- \/ Yoast SEO plugin. -->","yoast_head_json":{"title":"M\u00e1s all\u00e1 del cerezo: la floraci\u00f3n del piorno en la Sierra de Gredos - EscapadaRural","robots":{"index":"index","follow":"follow","max-snippet":"max-snippet:-1","max-image-preview":"max-image-preview:large","max-video-preview":"max-video-preview:-1"},"canonical":"https:\/\/www.escapadarural.com\/blog\/floracion-del-piorno-sierra-de-gredos\/","og_locale":"es_ES","og_type":"article","og_title":"M\u00e1s all\u00e1 del cerezo: la floraci\u00f3n del piorno en la Sierra de Gredos - EscapadaRural","og_description":"La actividad de observar las flores que en japon\u00e9s se explica con la palabra: \u2018hanami\u2019.","og_url":"https:\/\/www.escapadarural.com\/blog\/floracion-del-piorno-sierra-de-gredos\/","og_site_name":"Magazine de viajes de EscapadaRural","article_publisher":"https:\/\/www.facebook.com\/escapadarural","article_published_time":"2021-05-04T15:56:28+00:00","article_modified_time":"2026-02-05T13:19:37+00:00","og_image":[{"width":1024,"height":683,"url":"https:\/\/www.escapadarural.com\/blog\/wp-content\/uploads\/2024\/10\/Piornos-2-1024x683-3.jpg","type":"image\/jpeg"}],"author":"Carmen L\u00f3pez","twitter_card":"summary_large_image","twitter_misc":{"Escrito por":"Carmen L\u00f3pez","Tiempo de lectura":"5 minutos"},"schema":{"@context":"https:\/\/schema.org","@graph":[{"@type":"Article","@id":"https:\/\/www.escapadarural.com\/blog\/floracion-del-piorno-sierra-de-gredos\/#article","isPartOf":{"@id":"https:\/\/www.escapadarural.com\/blog\/floracion-del-piorno-sierra-de-gredos\/"},"author":{"name":"Carmen L\u00f3pez","@id":"https:\/\/www.escapadarural.com\/blog\/#\/schema\/person\/42dfdff6118172efc6a04c8ae599a2ce"},"headline":"M\u00e1s all\u00e1 del cerezo: la floraci\u00f3n del piorno en la Sierra de Gredos","datePublished":"2021-05-04T15:56:28+00:00","dateModified":"2026-02-05T13:19:37+00:00","mainEntityOfPage":{"@id":"https:\/\/www.escapadarural.com\/blog\/floracion-del-piorno-sierra-de-gredos\/"},"wordCount":1078,"commentCount":0,"publisher":{"@id":"https:\/\/www.escapadarural.com\/blog\/#organization"},"image":{"@id":"https:\/\/www.escapadarural.com\/blog\/floracion-del-piorno-sierra-de-gredos\/#primaryimage"},"thumbnailUrl":"https:\/\/www.escapadarural.com\/blog\/wp-content\/uploads\/2024\/10\/Piornos-2-1024x683-3.jpg","keywords":["almendros","Cieza","ciruelos","floraci\u00f3n","hanami","melocotoneros","nalda","Naturaleza","Piorno","Primavera","Sierra de Gredos","sierra de la tramontana","Tradici\u00f3n","Valle del Jerte"],"articleSection":["Destinos"],"inLanguage":"es","potentialAction":[{"@type":"CommentAction","name":"Comment","target":["https:\/\/www.escapadarural.com\/blog\/floracion-del-piorno-sierra-de-gredos\/#respond"]}]},{"@type":"WebPage","@id":"https:\/\/www.escapadarural.com\/blog\/floracion-del-piorno-sierra-de-gredos\/","url":"https:\/\/www.escapadarural.com\/blog\/floracion-del-piorno-sierra-de-gredos\/","name":"M\u00e1s all\u00e1 del cerezo: la floraci\u00f3n del piorno en la Sierra de Gredos - EscapadaRural","isPartOf":{"@id":"https:\/\/www.escapadarural.com\/blog\/#website"},"primaryImageOfPage":{"@id":"https:\/\/www.escapadarural.com\/blog\/floracion-del-piorno-sierra-de-gredos\/#primaryimage"},"image":{"@id":"https:\/\/www.escapadarural.com\/blog\/floracion-del-piorno-sierra-de-gredos\/#primaryimage"},"thumbnailUrl":"https:\/\/www.escapadarural.com\/blog\/wp-content\/uploads\/2024\/10\/Piornos-2-1024x683-3.jpg","datePublished":"2021-05-04T15:56:28+00:00","dateModified":"2026-02-05T13:19:37+00:00","breadcrumb":{"@id":"https:\/\/www.escapadarural.com\/blog\/floracion-del-piorno-sierra-de-gredos\/#breadcrumb"},"inLanguage":"es","potentialAction":[{"@type":"ReadAction","target":["https:\/\/www.escapadarural.com\/blog\/floracion-del-piorno-sierra-de-gredos\/"]}]},{"@type":"ImageObject","inLanguage":"es","@id":"https:\/\/www.escapadarural.com\/blog\/floracion-del-piorno-sierra-de-gredos\/#primaryimage","url":"https:\/\/www.escapadarural.com\/blog\/wp-content\/uploads\/2024\/10\/Piornos-2-1024x683-3.jpg","contentUrl":"https:\/\/www.escapadarural.com\/blog\/wp-content\/uploads\/2024\/10\/Piornos-2-1024x683-3.jpg","width":1024,"height":683,"caption":"En primer plano crecen arbustos con brillantes flores amarillas, con ondulantes colinas verdes y monta\u00f1as rocosas bajo un cielo azul despejado de fondo."},{"@type":"BreadcrumbList","@id":"https:\/\/www.escapadarural.com\/blog\/floracion-del-piorno-sierra-de-gredos\/#breadcrumb","itemListElement":[{"@type":"ListItem","position":1,"name":"Inicio","item":"https:\/\/www.escapadarural.com\/blog\/"},{"@type":"ListItem","position":2,"name":"Destinos","item":"https:\/\/www.escapadarural.com\/blog\/categoria\/destinos\/"},{"@type":"ListItem","position":3,"name":"M\u00e1s all\u00e1 del cerezo: la floraci\u00f3n del piorno en la Sierra de Gredos"}]},{"@type":"WebSite","@id":"https:\/\/www.escapadarural.com\/blog\/#website","url":"https:\/\/www.escapadarural.com\/blog\/","name":"Blog de viajes | turismo rural, alojamientos e inspiraci\u00f3n","description":"Alojamientos rurales e inspiraci\u00f3n para tus escapadas","publisher":{"@id":"https:\/\/www.escapadarural.com\/blog\/#organization"},"alternateName":"Magazine de viajes de EscapadaRural","potentialAction":[{"@type":"SearchAction","target":{"@type":"EntryPoint","urlTemplate":"https:\/\/www.escapadarural.com\/blog\/?s={search_term_string}"},"query-input":{"@type":"PropertyValueSpecification","valueRequired":true,"valueName":"search_term_string"}}],"inLanguage":"es"},{"@type":"Organization","@id":"https:\/\/www.escapadarural.com\/blog\/#organization","name":"EscapadaRural","url":"https:\/\/www.escapadarural.com\/blog\/","logo":{"@type":"ImageObject","inLanguage":"es","@id":"https:\/\/www.escapadarural.com\/blog\/#\/schema\/logo\/image\/","url":"https:\/\/www.escapadarural.com\/blog\/wp-content\/uploads\/2024\/10\/cropped-cropped-escapada-rural-icon-mag-3.png","contentUrl":"https:\/\/www.escapadarural.com\/blog\/wp-content\/uploads\/2024\/10\/cropped-cropped-escapada-rural-icon-mag-3.png","width":512,"height":512,"caption":"EscapadaRural"},"image":{"@id":"https:\/\/www.escapadarural.com\/blog\/#\/schema\/logo\/image\/"},"sameAs":["https:\/\/www.facebook.com\/escapadarural","https:\/\/www.instagram.com\/escapadarural\/","https:\/\/www.youtube.com\/@escapadaruralcom"]},{"@type":"Person","@id":"https:\/\/www.escapadarural.com\/blog\/#\/schema\/person\/42dfdff6118172efc6a04c8ae599a2ce","name":"Carmen L\u00f3pez","image":{"@type":"ImageObject","inLanguage":"es","@id":"https:\/\/www.escapadarural.com\/blog\/wp-content\/uploads\/2024\/11\/cropped-perfil_eldiario-96x96-1-96x96.jpeg","url":"https:\/\/www.escapadarural.com\/blog\/wp-content\/uploads\/2024\/11\/cropped-perfil_eldiario-96x96-1-96x96.jpeg","contentUrl":"https:\/\/www.escapadarural.com\/blog\/wp-content\/uploads\/2024\/11\/cropped-perfil_eldiario-96x96-1-96x96.jpeg","caption":"Carmen L\u00f3pez"},"description":"Soy periodista y escribo sobre cosas que importan en sitios que interesan desde hace m\u00e1s de una d\u00e9cada.","url":"https:\/\/www.escapadarural.com\/blog\/autor\/carmenlopez\/"}]}},"_links":{"self":[{"href":"https:\/\/www.escapadarural.com\/blog\/wp-json\/wp\/v2\/posts\/39866","targetHints":{"allow":["GET"]}}],"collection":[{"href":"https:\/\/www.escapadarural.com\/blog\/wp-json\/wp\/v2\/posts"}],"about":[{"href":"https:\/\/www.escapadarural.com\/blog\/wp-json\/wp\/v2\/types\/post"}],"author":[{"embeddable":true,"href":"https:\/\/www.escapadarural.com\/blog\/wp-json\/wp\/v2\/users\/114"}],"replies":[{"embeddable":true,"href":"https:\/\/www.escapadarural.com\/blog\/wp-json\/wp\/v2\/comments?post=39866"}],"version-history":[{"count":0,"href":"https:\/\/www.escapadarural.com\/blog\/wp-json\/wp\/v2\/posts\/39866\/revisions"}],"wp:featuredmedia":[{"embeddable":true,"href":"https:\/\/www.escapadarural.com\/blog\/wp-json\/wp\/v2\/media\/101860"}],"wp:attachment":[{"href":"https:\/\/www.escapadarural.com\/blog\/wp-json\/wp\/v2\/media?parent=39866"}],"wp:term":[{"taxonomy":"category","embeddable":true,"href":"https:\/\/www.escapadarural.com\/blog\/wp-json\/wp\/v2\/categories?post=39866"},{"taxonomy":"post_tag","embeddable":true,"href":"https:\/\/www.escapadarural.com\/blog\/wp-json\/wp\/v2\/tags?post=39866"}],"curies":[{"name":"wp","href":"https:\/\/api.w.org\/{rel}","templated":true}]}}