{"id":39876,"date":"2021-05-13T09:26:34","date_gmt":"2021-05-13T08:26:34","guid":{"rendered":"https:\/\/www.escapadarural.com\/blog\/?p=39876"},"modified":"2025-08-11T14:40:18","modified_gmt":"2025-08-11T12:40:18","slug":"la-leyenda-de-la-horchata","status":"publish","type":"post","link":"https:\/\/www.escapadarural.com\/blog\/la-leyenda-de-la-horchata\/","title":{"rendered":"La leyenda de la horchata y otras curiosidades"},"content":{"rendered":"\n<figure class=\"wp-block-image size-large\"><a href=\"https:\/\/www.escapadarural.com\/blog\/wp-content\/uploads\/2019\/12\/horchata1-1.jpg\"><img decoding=\"async\" src=\"https:\/\/www.escapadarural.com\/blog\/wp-content\/uploads\/2019\/12\/horchata1-1.jpg\" alt=\"Horchata\" class=\"wp-image-22903\"\/><\/a><figcaption class=\"wp-element-caption\">Por pat_hastings<\/figcaption><\/figure>\n\n\n\n<p>O se venera o se rechaza de pleno. Hay pocas personas que tengan un t\u00e9rmino medio en su relaci\u00f3n con la horchata, la bebida \u2013no alcoh\u00f3lica\u2013 a la que en muchas ocasiones se le ha otorgado el t\u00edtulo <strong>de representante del verano espa\u00f1ol<\/strong>. No hay datos oficiales de cu\u00e1ntos integran cada bando, pero las cifras de consumo de este l\u00edquido procedente del procesado de un tub\u00e9rculo son bastante favorables. Las colas que se forman delante de <strong>los establecimientos de horchata de calidad<\/strong> cuando aprieta el calor por la zona del Mediterr\u00e1neo tambi\u00e9n son un buen indicativo.<\/p>\n\n\n\n<p>El <strong>vegetal mencionado es la chufa,<\/strong> cuyo cultivo en el mundo se remonta unos cuantos a\u00f1os atr\u00e1s. Tantos como que en \u201clos ajuares funerarios de los faraones predin\u00e1sticos ya aparecen tub\u00e9rculos secos de chufa\u201d, afirma J. V Maroto. Borrego, catedr\u00e1tico de Fitotecnia II, <a class=\"rank-math-link\" href=\"https:\/\/www.chufadevalencia.org\/bd\/archivos\/archivo412.pdf\" target=\"_blank\">en su ensayo<\/a> <em>La chufa. Introducci\u00f3n hist\u00f3rica y cultivo<\/em>. La lectura completa se encuentra en <a href=\"https:\/\/www.chufadevalencia.org\/\" class=\"rank-math-link\" target=\"_blank\">la web<\/a> del Consejo Regulador de la Denominaci\u00f3n de Origen Chufa de <a href=\"https:\/\/www.escapadarural.com\/casas-rurales\/valencia\" class=\"rank-math-link\">Valencia<\/a>, organismo que se encarga de verificar que la horchata est\u00e1 elaborada con materia prima procedente de los <strong>19 municipios de L&#8217;Horta Nord de Valencia<\/strong>.<\/p>\n\n\n\n<p>El sello de calidad que aporta la organizaci\u00f3n asegura que esa horchata que se va a consumir est\u00e1 elaborada con chufa 100% valenciana y protege as\u00ed la econom\u00eda de los agricultores de la zona y la calidad del producto. La necesidad surgi\u00f3 a finales del siglo XX, cuando otros productores procedentes en su mayor\u00eda de \u00c1frica (parad\u00f3jicamente, lugar del que la chufa lleg\u00f3 a la Pen\u00ednsula en tiempos \u00e1rabes) comenzaron a vender su mercanc\u00eda en Espa\u00f1a para la elaboraci\u00f3n de la bebida. Actualmente, <strong>la zona de cultivo de la chufa en L&#8217;Horta Nord supera las mil hect\u00e1reas<\/strong>.<\/p>\n\n\n\n<figure class=\"wp-block-image size-large\"><a href=\"https:\/\/www.escapadarural.com\/blog\/wp-content\/uploads\/2019\/06\/horchata-1.jpg\"><img decoding=\"async\" src=\"https:\/\/www.escapadarural.com\/blog\/wp-content\/uploads\/2019\/06\/horchata-1.jpg\" alt=\"horchata\" class=\"wp-image-24622\"\/><\/a><figcaption class=\"wp-element-caption\">Por pat_hastings<\/figcaption><\/figure>\n\n\n\n<p>La tradici\u00f3n de la elaboraci\u00f3n de horchata en Valencia se remonta tambi\u00e9n muchos siglos atr\u00e1s. Por lo menos hasta el XIV. El recetario de cocina medieval de 1324 de autor an\u00f3nimo titulado <strong><em>El Llibre de Sent Sov\u00ed<\/em> contiene una referencia a la leche de chufas<\/strong>, que es una definici\u00f3n v\u00e1lida para explicar qu\u00e9 es esa bebida. Su preparaci\u00f3n, en realidad, es similar a la de otras bebidas vegetales que ahora se utilizan como alternativa a la leche de vaca, como la de almendras o la de arroz.&nbsp;<\/p>\n\n\n\n<p>No se escucha demasiado en los bares pedir caf\u00e9 con horchata, al menos fuera de la comunidad de la chufa porque all\u00ed s\u00ed que tienen un combinado de ambos ingredientes. Lo llaman <strong><em>mig i mig<\/em> y est\u00e1 compuesto mitad de horchata y mitad de granizado de caf\u00e9<\/strong> (de ah\u00ed el nombre). Tambi\u00e9n hay referencias a otras combinaciones, como la de horchata y agua de cebada (otra bebida t\u00edpica de Valencia y tambi\u00e9n de <a href=\"https:\/\/www.escapadarural.com\/casas-rurales\/murcia\" class=\"rank-math-link\">Murcia<\/a>). Fue el viajero e hispanista Richard Ford uno de los que document\u00f3 en <a class=\"rank-math-link\" href=\"https:\/\/es.scribd.com\/document\/440988741\/Comidas-vinos-y-albergues-de-Espana-Richard-Ford\" target=\"_blank\">su libro<\/a> de 1845 <em>Comidas, vinos y albergues<\/em> de Espa\u00f1a la existencia de dicho \u2018c\u00f3ctel\u2019 y de su popularidad fuera de su tierra natal, en concreto en <a href=\"https:\/\/www.escapadarural.com\/casas-rurales\/madrid\" class=\"rank-math-link\">Madrid<\/a>.&nbsp;<\/p>\n\n\n\n<p>Lo que no est\u00e1 documentado con rigor es la procedencia de su nombre. En su lugar hay una leyenda que, a falta de otra explicaci\u00f3n m\u00e1s fiable, se toma como v\u00e1lida o, por lo menos, como amena. <strong>Se dice que Jaume I<\/strong>, rey de Arag\u00f3n, Valencia y <a href=\"https:\/\/www.escapadarural.com\/casas-rurales\/mallorca\" class=\"rank-math-link\">Mallorca<\/a> adem\u00e1s de Conde de <a href=\"https:\/\/www.escapadarural.com\/casas-rurales\/barcelona\" class=\"rank-math-link\">Barcelona<\/a> y otros cuantos t\u00edtulos nobiliarios m\u00e1s (y tambi\u00e9n conocido como El conquistador), all\u00e1 por el siglo XIII  lleg\u00f3 a tierras valencianas con sed. Una joven le dio a beber un vaso de leche de chufa y \u00e9l le pregunt\u00f3: <em>\u201c\u00bfQu\u00e9 es aix\u00f2?<\/em> (\u00bfQu\u00e9 es esto?)\u201d y cuando ella le contest\u00f3 leche de chufa, \u00e9l exclam\u00f3 encantado: <strong>\u201c\u00bb\u00a1Aixo no \u00e9s llet, aixo es or, xata!\u00bb (\u00a1esto no es leche, esto es oro, guapa!)\u201d<\/strong>. Or + chata: = horchata (la h muda vino despu\u00e9s).<\/p>\n\n\n\n<p>\u00bfCre\u00edble? Depende de qui\u00e9n lo escucha. \u00bf\u00c9pico? Sin duda.<\/p>\n\n\n\n<h2 class=\"wp-block-heading\" id=\"h-los-acompanantes-del-evento\"><strong>Los acompa\u00f1antes del evento<\/strong><\/h2>\n\n\n\n<p>En los a\u00f1os 60 del siglo pasado, una <strong>familia de reposteros sita en <a href=\"https:\/\/www.escapadarural.com\/casas-rurales\/alboraya\" class=\"rank-math-link\">Alboraya<\/a><\/strong> \u2013localidad considerada la cuna de la horchata\u2013 dio con la clave del \u00e9xito y cre\u00f3 el maridaje perfecto para la \u2018leche de chufa\u2019. Se trata de un bollo alargado con az\u00facar glas o glaseado con una textura que absorbe la bebida y que en los a\u00f1os 90 ya se hab\u00eda hecho famoso en el resto del pa\u00eds. <strong>Su nombre es farton<\/strong>.<\/p>\n\n\n\n<p>Los <strong>hermanos Dionisio y Jos\u00e9 Polo<\/strong> experimentaron en el obrador hasta dar con la textura y el sabor adecuados para acompa\u00f1ar a la horchata. La idea es que el sabor del bollo no influya en el de la bebida, sino que este funcione como \u2018pajita\u2019 o transporte del vaso a la boca. En 2017 la empresa de los Polo, que empez\u00f3 como un peque\u00f1o negocio, fabricaba m\u00e1s de 20.000 fartons a la hora. Y aunque la producci\u00f3n se ha aligerado con algunas m\u00e1quinas, sigue siendo artesanal.<\/p>\n\n\n\n<p>Antes de que <strong>el farton se convirtiese en el novio oficial de la horchata<\/strong> \u2013en los a\u00f1os 70 ya eran famosos en toda la regi\u00f3n valenciana\u2013 la bebida no estaba del todo soltera. Se consum\u00eda acompa\u00f1ada de <strong>rosquilletas, unas tiras de pan sin miga, duro y crujiente<\/strong>. A\u00fan hoy hay puristas que las consideran las leg\u00edtimas acompa\u00f1antes, aunque los que prefieren el farton las acusan de no ser los suficientemente absorbentes adem\u00e1s de romperse en ocasiones. Habr\u00e1 quien no le haga ascos a ninguno de los dos complementos.<\/p>\n\n\n\n<p>La horchata est\u00e1 intr\u00ednsecamente ligada a la cultura popular espa\u00f1ola y por eso se hace referencia a ella en muchas obras de escritores, cantantes o realizadores televisivos. Por ejemplo, era <strong>la bebida preferida de Tito y Pira\u00f1a<\/strong>, integrantes de la pandilla de chavales veraneantes en <a href=\"https:\/\/www.escapadarural.com\/casas-rurales?l=nerja\">Nerja<\/a> de la serie <em>Verano azul<\/em>. M\u00e1s inquietante resulta <strong>la canci\u00f3n con la que King \u00c1frica<\/strong> intent\u00f3 ganar el concurso de La canci\u00f3n del verano organizada por el programa de la cadena Cuatro El Hormiguero en 2010. Titulada <em>Horchata de chufa<\/em>, en sus versos no falta el \u00a1bailarrrr! caracter\u00edstico del grupo y connotaciones, por decirlo de alguna manera, poco castas. No gan\u00f3, al contrario que la bebida a la que dedicaba sus rimas, que cada a\u00f1o consigue ser la preferida [de nuevo, no alcoh\u00f3lica] del verano.<\/p>\n\n\n\n<div class=\"wp-block-buttons is-layout-flex wp-block-buttons-is-layout-flex\">\n<div class=\"wp-block-button\"><a class=\"wp-block-button__link wp-element-button\" href=\"https:\/\/www.escapadarural.com\/casas-rurales\/valencia\">Casas rurales en Valencia<\/a><\/div>\n<\/div>\n","protected":false},"excerpt":{"rendered":"<p>O se venera o se rechaza de pleno. Hay pocas personas que tengan un t\u00e9rmino medio en su relaci\u00f3n con la horchata, la bebida \u2013no alcoh\u00f3lica\u2013 a la que en muchas ocasiones se le ha otorgado el t\u00edtulo de representante del verano espa\u00f1ol. <\/p>\n","protected":false},"author":114,"featured_media":101825,"comment_status":"open","ping_status":"open","sticky":false,"template":"","format":"standard","meta":{"_acf_changed":false,"om_disable_all_campaigns":false,"footnotes":""},"categories":[231],"tags":[3288,3289,3290,508,2347,3291,3292,3293,3294],"class_list":["post-39876","post","type-post","status-publish","format-standard","has-post-thumbnail","hentry","category-arte-y-cultura","tag-alboraya","tag-chufa","tag-fartons","tag-gastronomia","tag-horchata","tag-jaume-i","tag-lhorta-nord-de-valencia","tag-leche-de-chufa","tag-leyenda"],"acf":[],"featured_image_src":"https:\/\/www.escapadarural.com\/blog\/wp-content\/uploads\/2024\/10\/horchata1-1-2.jpg","author_info":{"display_name":"Carmen L\u00f3pez","author_link":"https:\/\/www.escapadarural.com\/blog\/autor\/carmenlopez\/"},"yoast_head":"<!-- This site is optimized with the Yoast SEO plugin v27.5 - https:\/\/yoast.com\/product\/yoast-seo-wordpress\/ -->\n<title>La leyenda de la horchata y otras curiosidades - EscapadaRural<\/title>\n<meta name=\"robots\" content=\"index, follow, max-snippet:-1, max-image-preview:large, max-video-preview:-1\" \/>\n<link rel=\"canonical\" href=\"https:\/\/www.escapadarural.com\/blog\/la-leyenda-de-la-horchata\/\" \/>\n<meta property=\"og:locale\" content=\"es_ES\" \/>\n<meta property=\"og:type\" content=\"article\" \/>\n<meta property=\"og:title\" content=\"La leyenda de la horchata y otras curiosidades - EscapadaRural\" \/>\n<meta property=\"og:description\" content=\"O se venera o se rechaza de pleno. Hay pocas personas que tengan un t\u00e9rmino medio en su relaci\u00f3n con la horchata, la bebida \u2013no alcoh\u00f3lica\u2013 a la que en muchas ocasiones se le ha otorgado el t\u00edtulo de representante del verano espa\u00f1ol.\" \/>\n<meta property=\"og:url\" content=\"https:\/\/www.escapadarural.com\/blog\/la-leyenda-de-la-horchata\/\" \/>\n<meta property=\"og:site_name\" content=\"Magazine de viajes de EscapadaRural\" \/>\n<meta property=\"article:publisher\" content=\"https:\/\/www.facebook.com\/escapadarural\" \/>\n<meta property=\"article:published_time\" content=\"2021-05-13T08:26:34+00:00\" \/>\n<meta property=\"article:modified_time\" content=\"2025-08-11T12:40:18+00:00\" \/>\n<meta property=\"og:image\" content=\"https:\/\/www.escapadarural.com\/blog\/wp-content\/uploads\/2024\/10\/horchata1-1-2.jpg?v=1754916019\" \/>\n\t<meta property=\"og:image:width\" content=\"1024\" \/>\n\t<meta property=\"og:image:height\" content=\"678\" \/>\n\t<meta property=\"og:image:type\" content=\"image\/jpeg\" \/>\n<meta name=\"author\" content=\"Carmen L\u00f3pez\" \/>\n<meta name=\"twitter:card\" content=\"summary_large_image\" \/>\n<meta name=\"twitter:label1\" content=\"Escrito por\" \/>\n\t<meta name=\"twitter:data1\" content=\"Carmen L\u00f3pez\" \/>\n\t<meta name=\"twitter:label2\" content=\"Tiempo de lectura\" \/>\n\t<meta name=\"twitter:data2\" content=\"5 minutos\" \/>\n<script type=\"application\/ld+json\" class=\"yoast-schema-graph\">{\"@context\":\"https:\\\/\\\/schema.org\",\"@graph\":[{\"@type\":\"Article\",\"@id\":\"https:\\\/\\\/www.escapadarural.com\\\/blog\\\/la-leyenda-de-la-horchata\\\/#article\",\"isPartOf\":{\"@id\":\"https:\\\/\\\/www.escapadarural.com\\\/blog\\\/la-leyenda-de-la-horchata\\\/\"},\"author\":{\"name\":\"Carmen L\u00f3pez\",\"@id\":\"https:\\\/\\\/www.escapadarural.com\\\/blog\\\/#\\\/schema\\\/person\\\/42dfdff6118172efc6a04c8ae599a2ce\"},\"headline\":\"La leyenda de la horchata y otras curiosidades\",\"datePublished\":\"2021-05-13T08:26:34+00:00\",\"dateModified\":\"2025-08-11T12:40:18+00:00\",\"mainEntityOfPage\":{\"@id\":\"https:\\\/\\\/www.escapadarural.com\\\/blog\\\/la-leyenda-de-la-horchata\\\/\"},\"wordCount\":1107,\"commentCount\":0,\"publisher\":{\"@id\":\"https:\\\/\\\/www.escapadarural.com\\\/blog\\\/#organization\"},\"image\":{\"@id\":\"https:\\\/\\\/www.escapadarural.com\\\/blog\\\/la-leyenda-de-la-horchata\\\/#primaryimage\"},\"thumbnailUrl\":\"https:\\\/\\\/www.escapadarural.com\\\/blog\\\/wp-content\\\/uploads\\\/2024\\\/10\\\/horchata1-1-2.jpg\",\"keywords\":[\"Alboraya\",\"chufa\",\"fartons\",\"Gastronom\u00eda\",\"horchata\",\"jaume I\",\"L&#039;Horta Nord de Valencia\",\"leche de chufa\",\"leyenda\"],\"articleSection\":[\"Arte y Cultura\"],\"inLanguage\":\"es\",\"potentialAction\":[{\"@type\":\"CommentAction\",\"name\":\"Comment\",\"target\":[\"https:\\\/\\\/www.escapadarural.com\\\/blog\\\/la-leyenda-de-la-horchata\\\/#respond\"]}]},{\"@type\":\"WebPage\",\"@id\":\"https:\\\/\\\/www.escapadarural.com\\\/blog\\\/la-leyenda-de-la-horchata\\\/\",\"url\":\"https:\\\/\\\/www.escapadarural.com\\\/blog\\\/la-leyenda-de-la-horchata\\\/\",\"name\":\"La leyenda de la horchata y otras curiosidades - EscapadaRural\",\"isPartOf\":{\"@id\":\"https:\\\/\\\/www.escapadarural.com\\\/blog\\\/#website\"},\"primaryImageOfPage\":{\"@id\":\"https:\\\/\\\/www.escapadarural.com\\\/blog\\\/la-leyenda-de-la-horchata\\\/#primaryimage\"},\"image\":{\"@id\":\"https:\\\/\\\/www.escapadarural.com\\\/blog\\\/la-leyenda-de-la-horchata\\\/#primaryimage\"},\"thumbnailUrl\":\"https:\\\/\\\/www.escapadarural.com\\\/blog\\\/wp-content\\\/uploads\\\/2024\\\/10\\\/horchata1-1-2.jpg\",\"datePublished\":\"2021-05-13T08:26:34+00:00\",\"dateModified\":\"2025-08-11T12:40:18+00:00\",\"breadcrumb\":{\"@id\":\"https:\\\/\\\/www.escapadarural.com\\\/blog\\\/la-leyenda-de-la-horchata\\\/#breadcrumb\"},\"inLanguage\":\"es\",\"potentialAction\":[{\"@type\":\"ReadAction\",\"target\":[\"https:\\\/\\\/www.escapadarural.com\\\/blog\\\/la-leyenda-de-la-horchata\\\/\"]}]},{\"@type\":\"ImageObject\",\"inLanguage\":\"es\",\"@id\":\"https:\\\/\\\/www.escapadarural.com\\\/blog\\\/la-leyenda-de-la-horchata\\\/#primaryimage\",\"url\":\"https:\\\/\\\/www.escapadarural.com\\\/blog\\\/wp-content\\\/uploads\\\/2024\\\/10\\\/horchata1-1-2.jpg\",\"contentUrl\":\"https:\\\/\\\/www.escapadarural.com\\\/blog\\\/wp-content\\\/uploads\\\/2024\\\/10\\\/horchata1-1-2.jpg\",\"width\":1024,\"height\":678,\"caption\":\"Dos vasos de horchata en una bandeja blanca, con pajitas de colores, una cucharada de chufas y un plato de pastas de az\u00facar glas al fondo. El ambiente es luminoso y acogedor.\"},{\"@type\":\"BreadcrumbList\",\"@id\":\"https:\\\/\\\/www.escapadarural.com\\\/blog\\\/la-leyenda-de-la-horchata\\\/#breadcrumb\",\"itemListElement\":[{\"@type\":\"ListItem\",\"position\":1,\"name\":\"Inicio\",\"item\":\"https:\\\/\\\/www.escapadarural.com\\\/blog\\\/\"},{\"@type\":\"ListItem\",\"position\":2,\"name\":\"Arte y Cultura\",\"item\":\"https:\\\/\\\/www.escapadarural.com\\\/blog\\\/categoria\\\/arte-y-cultura\\\/\"},{\"@type\":\"ListItem\",\"position\":3,\"name\":\"La leyenda de la horchata y otras curiosidades\"}]},{\"@type\":\"WebSite\",\"@id\":\"https:\\\/\\\/www.escapadarural.com\\\/blog\\\/#website\",\"url\":\"https:\\\/\\\/www.escapadarural.com\\\/blog\\\/\",\"name\":\"Blog de viajes | turismo rural, alojamientos e inspiraci\u00f3n\",\"description\":\"Alojamientos rurales e inspiraci\u00f3n para tus escapadas\",\"publisher\":{\"@id\":\"https:\\\/\\\/www.escapadarural.com\\\/blog\\\/#organization\"},\"alternateName\":\"Magazine de viajes de EscapadaRural\",\"potentialAction\":[{\"@type\":\"SearchAction\",\"target\":{\"@type\":\"EntryPoint\",\"urlTemplate\":\"https:\\\/\\\/www.escapadarural.com\\\/blog\\\/?s={search_term_string}\"},\"query-input\":{\"@type\":\"PropertyValueSpecification\",\"valueRequired\":true,\"valueName\":\"search_term_string\"}}],\"inLanguage\":\"es\"},{\"@type\":\"Organization\",\"@id\":\"https:\\\/\\\/www.escapadarural.com\\\/blog\\\/#organization\",\"name\":\"EscapadaRural\",\"url\":\"https:\\\/\\\/www.escapadarural.com\\\/blog\\\/\",\"logo\":{\"@type\":\"ImageObject\",\"inLanguage\":\"es\",\"@id\":\"https:\\\/\\\/www.escapadarural.com\\\/blog\\\/#\\\/schema\\\/logo\\\/image\\\/\",\"url\":\"https:\\\/\\\/www.escapadarural.com\\\/blog\\\/wp-content\\\/uploads\\\/2024\\\/10\\\/cropped-cropped-escapada-rural-icon-mag-3.png\",\"contentUrl\":\"https:\\\/\\\/www.escapadarural.com\\\/blog\\\/wp-content\\\/uploads\\\/2024\\\/10\\\/cropped-cropped-escapada-rural-icon-mag-3.png\",\"width\":512,\"height\":512,\"caption\":\"EscapadaRural\"},\"image\":{\"@id\":\"https:\\\/\\\/www.escapadarural.com\\\/blog\\\/#\\\/schema\\\/logo\\\/image\\\/\"},\"sameAs\":[\"https:\\\/\\\/www.facebook.com\\\/escapadarural\",\"https:\\\/\\\/www.instagram.com\\\/escapadarural\\\/\",\"https:\\\/\\\/www.youtube.com\\\/@escapadaruralcom\"]},{\"@type\":\"Person\",\"@id\":\"https:\\\/\\\/www.escapadarural.com\\\/blog\\\/#\\\/schema\\\/person\\\/42dfdff6118172efc6a04c8ae599a2ce\",\"name\":\"Carmen L\u00f3pez\",\"image\":{\"@type\":\"ImageObject\",\"inLanguage\":\"es\",\"@id\":\"https:\\\/\\\/www.escapadarural.com\\\/blog\\\/wp-content\\\/uploads\\\/2024\\\/11\\\/cropped-perfil_eldiario-96x96-1-96x96.jpeg\",\"url\":\"https:\\\/\\\/www.escapadarural.com\\\/blog\\\/wp-content\\\/uploads\\\/2024\\\/11\\\/cropped-perfil_eldiario-96x96-1-96x96.jpeg\",\"contentUrl\":\"https:\\\/\\\/www.escapadarural.com\\\/blog\\\/wp-content\\\/uploads\\\/2024\\\/11\\\/cropped-perfil_eldiario-96x96-1-96x96.jpeg\",\"caption\":\"Carmen L\u00f3pez\"},\"description\":\"Soy periodista y escribo sobre cosas que importan en sitios que interesan desde hace m\u00e1s de una d\u00e9cada.\",\"url\":\"https:\\\/\\\/www.escapadarural.com\\\/blog\\\/autor\\\/carmenlopez\\\/\"}]}<\/script>\n<!-- \/ Yoast SEO plugin. -->","yoast_head_json":{"title":"La leyenda de la horchata y otras curiosidades - EscapadaRural","robots":{"index":"index","follow":"follow","max-snippet":"max-snippet:-1","max-image-preview":"max-image-preview:large","max-video-preview":"max-video-preview:-1"},"canonical":"https:\/\/www.escapadarural.com\/blog\/la-leyenda-de-la-horchata\/","og_locale":"es_ES","og_type":"article","og_title":"La leyenda de la horchata y otras curiosidades - EscapadaRural","og_description":"O se venera o se rechaza de pleno. Hay pocas personas que tengan un t\u00e9rmino medio en su relaci\u00f3n con la horchata, la bebida \u2013no alcoh\u00f3lica\u2013 a la que en muchas ocasiones se le ha otorgado el t\u00edtulo de representante del verano espa\u00f1ol.","og_url":"https:\/\/www.escapadarural.com\/blog\/la-leyenda-de-la-horchata\/","og_site_name":"Magazine de viajes de EscapadaRural","article_publisher":"https:\/\/www.facebook.com\/escapadarural","article_published_time":"2021-05-13T08:26:34+00:00","article_modified_time":"2025-08-11T12:40:18+00:00","og_image":[{"width":1024,"height":678,"url":"https:\/\/www.escapadarural.com\/blog\/wp-content\/uploads\/2024\/10\/horchata1-1-2.jpg?v=1754916019","type":"image\/jpeg"}],"author":"Carmen L\u00f3pez","twitter_card":"summary_large_image","twitter_misc":{"Escrito por":"Carmen L\u00f3pez","Tiempo de lectura":"5 minutos"},"schema":{"@context":"https:\/\/schema.org","@graph":[{"@type":"Article","@id":"https:\/\/www.escapadarural.com\/blog\/la-leyenda-de-la-horchata\/#article","isPartOf":{"@id":"https:\/\/www.escapadarural.com\/blog\/la-leyenda-de-la-horchata\/"},"author":{"name":"Carmen L\u00f3pez","@id":"https:\/\/www.escapadarural.com\/blog\/#\/schema\/person\/42dfdff6118172efc6a04c8ae599a2ce"},"headline":"La leyenda de la horchata y otras curiosidades","datePublished":"2021-05-13T08:26:34+00:00","dateModified":"2025-08-11T12:40:18+00:00","mainEntityOfPage":{"@id":"https:\/\/www.escapadarural.com\/blog\/la-leyenda-de-la-horchata\/"},"wordCount":1107,"commentCount":0,"publisher":{"@id":"https:\/\/www.escapadarural.com\/blog\/#organization"},"image":{"@id":"https:\/\/www.escapadarural.com\/blog\/la-leyenda-de-la-horchata\/#primaryimage"},"thumbnailUrl":"https:\/\/www.escapadarural.com\/blog\/wp-content\/uploads\/2024\/10\/horchata1-1-2.jpg","keywords":["Alboraya","chufa","fartons","Gastronom\u00eda","horchata","jaume I","L&#039;Horta Nord de Valencia","leche de chufa","leyenda"],"articleSection":["Arte y Cultura"],"inLanguage":"es","potentialAction":[{"@type":"CommentAction","name":"Comment","target":["https:\/\/www.escapadarural.com\/blog\/la-leyenda-de-la-horchata\/#respond"]}]},{"@type":"WebPage","@id":"https:\/\/www.escapadarural.com\/blog\/la-leyenda-de-la-horchata\/","url":"https:\/\/www.escapadarural.com\/blog\/la-leyenda-de-la-horchata\/","name":"La leyenda de la horchata y otras curiosidades - EscapadaRural","isPartOf":{"@id":"https:\/\/www.escapadarural.com\/blog\/#website"},"primaryImageOfPage":{"@id":"https:\/\/www.escapadarural.com\/blog\/la-leyenda-de-la-horchata\/#primaryimage"},"image":{"@id":"https:\/\/www.escapadarural.com\/blog\/la-leyenda-de-la-horchata\/#primaryimage"},"thumbnailUrl":"https:\/\/www.escapadarural.com\/blog\/wp-content\/uploads\/2024\/10\/horchata1-1-2.jpg","datePublished":"2021-05-13T08:26:34+00:00","dateModified":"2025-08-11T12:40:18+00:00","breadcrumb":{"@id":"https:\/\/www.escapadarural.com\/blog\/la-leyenda-de-la-horchata\/#breadcrumb"},"inLanguage":"es","potentialAction":[{"@type":"ReadAction","target":["https:\/\/www.escapadarural.com\/blog\/la-leyenda-de-la-horchata\/"]}]},{"@type":"ImageObject","inLanguage":"es","@id":"https:\/\/www.escapadarural.com\/blog\/la-leyenda-de-la-horchata\/#primaryimage","url":"https:\/\/www.escapadarural.com\/blog\/wp-content\/uploads\/2024\/10\/horchata1-1-2.jpg","contentUrl":"https:\/\/www.escapadarural.com\/blog\/wp-content\/uploads\/2024\/10\/horchata1-1-2.jpg","width":1024,"height":678,"caption":"Dos vasos de horchata en una bandeja blanca, con pajitas de colores, una cucharada de chufas y un plato de pastas de az\u00facar glas al fondo. El ambiente es luminoso y acogedor."},{"@type":"BreadcrumbList","@id":"https:\/\/www.escapadarural.com\/blog\/la-leyenda-de-la-horchata\/#breadcrumb","itemListElement":[{"@type":"ListItem","position":1,"name":"Inicio","item":"https:\/\/www.escapadarural.com\/blog\/"},{"@type":"ListItem","position":2,"name":"Arte y Cultura","item":"https:\/\/www.escapadarural.com\/blog\/categoria\/arte-y-cultura\/"},{"@type":"ListItem","position":3,"name":"La leyenda de la horchata y otras curiosidades"}]},{"@type":"WebSite","@id":"https:\/\/www.escapadarural.com\/blog\/#website","url":"https:\/\/www.escapadarural.com\/blog\/","name":"Blog de viajes | turismo rural, alojamientos e inspiraci\u00f3n","description":"Alojamientos rurales e inspiraci\u00f3n para tus escapadas","publisher":{"@id":"https:\/\/www.escapadarural.com\/blog\/#organization"},"alternateName":"Magazine de viajes de EscapadaRural","potentialAction":[{"@type":"SearchAction","target":{"@type":"EntryPoint","urlTemplate":"https:\/\/www.escapadarural.com\/blog\/?s={search_term_string}"},"query-input":{"@type":"PropertyValueSpecification","valueRequired":true,"valueName":"search_term_string"}}],"inLanguage":"es"},{"@type":"Organization","@id":"https:\/\/www.escapadarural.com\/blog\/#organization","name":"EscapadaRural","url":"https:\/\/www.escapadarural.com\/blog\/","logo":{"@type":"ImageObject","inLanguage":"es","@id":"https:\/\/www.escapadarural.com\/blog\/#\/schema\/logo\/image\/","url":"https:\/\/www.escapadarural.com\/blog\/wp-content\/uploads\/2024\/10\/cropped-cropped-escapada-rural-icon-mag-3.png","contentUrl":"https:\/\/www.escapadarural.com\/blog\/wp-content\/uploads\/2024\/10\/cropped-cropped-escapada-rural-icon-mag-3.png","width":512,"height":512,"caption":"EscapadaRural"},"image":{"@id":"https:\/\/www.escapadarural.com\/blog\/#\/schema\/logo\/image\/"},"sameAs":["https:\/\/www.facebook.com\/escapadarural","https:\/\/www.instagram.com\/escapadarural\/","https:\/\/www.youtube.com\/@escapadaruralcom"]},{"@type":"Person","@id":"https:\/\/www.escapadarural.com\/blog\/#\/schema\/person\/42dfdff6118172efc6a04c8ae599a2ce","name":"Carmen L\u00f3pez","image":{"@type":"ImageObject","inLanguage":"es","@id":"https:\/\/www.escapadarural.com\/blog\/wp-content\/uploads\/2024\/11\/cropped-perfil_eldiario-96x96-1-96x96.jpeg","url":"https:\/\/www.escapadarural.com\/blog\/wp-content\/uploads\/2024\/11\/cropped-perfil_eldiario-96x96-1-96x96.jpeg","contentUrl":"https:\/\/www.escapadarural.com\/blog\/wp-content\/uploads\/2024\/11\/cropped-perfil_eldiario-96x96-1-96x96.jpeg","caption":"Carmen L\u00f3pez"},"description":"Soy periodista y escribo sobre cosas que importan en sitios que interesan desde hace m\u00e1s de una d\u00e9cada.","url":"https:\/\/www.escapadarural.com\/blog\/autor\/carmenlopez\/"}]}},"_links":{"self":[{"href":"https:\/\/www.escapadarural.com\/blog\/wp-json\/wp\/v2\/posts\/39876","targetHints":{"allow":["GET"]}}],"collection":[{"href":"https:\/\/www.escapadarural.com\/blog\/wp-json\/wp\/v2\/posts"}],"about":[{"href":"https:\/\/www.escapadarural.com\/blog\/wp-json\/wp\/v2\/types\/post"}],"author":[{"embeddable":true,"href":"https:\/\/www.escapadarural.com\/blog\/wp-json\/wp\/v2\/users\/114"}],"replies":[{"embeddable":true,"href":"https:\/\/www.escapadarural.com\/blog\/wp-json\/wp\/v2\/comments?post=39876"}],"version-history":[{"count":0,"href":"https:\/\/www.escapadarural.com\/blog\/wp-json\/wp\/v2\/posts\/39876\/revisions"}],"wp:featuredmedia":[{"embeddable":true,"href":"https:\/\/www.escapadarural.com\/blog\/wp-json\/wp\/v2\/media\/101825"}],"wp:attachment":[{"href":"https:\/\/www.escapadarural.com\/blog\/wp-json\/wp\/v2\/media?parent=39876"}],"wp:term":[{"taxonomy":"category","embeddable":true,"href":"https:\/\/www.escapadarural.com\/blog\/wp-json\/wp\/v2\/categories?post=39876"},{"taxonomy":"post_tag","embeddable":true,"href":"https:\/\/www.escapadarural.com\/blog\/wp-json\/wp\/v2\/tags?post=39876"}],"curies":[{"name":"wp","href":"https:\/\/api.w.org\/{rel}","templated":true}]}}