{"id":40115,"date":"2021-05-24T14:58:41","date_gmt":"2021-05-24T13:58:41","guid":{"rendered":"https:\/\/www.escapadarural.com\/blog\/?p=40115"},"modified":"2026-02-05T16:04:43","modified_gmt":"2026-02-05T15:04:43","slug":"que-ver-en-olvera","status":"publish","type":"post","link":"https:\/\/www.escapadarural.com\/blog\/que-ver-en-olvera\/","title":{"rendered":"Qu\u00e9 ver en Olvera, gu\u00eda para un finde"},"content":{"rendered":"\n<figure class=\"wp-block-image size-large is-resized\"><a href=\"https:\/\/www.escapadarural.com\/blog\/wp-content\/uploads\/Olvera-8.jpg\"><img decoding=\"async\" src=\"https:\/\/www.escapadarural.com\/blog\/wp-content\/uploads\/Olvera-8-1024x684.jpg\" alt=\"\" class=\"wp-image-40035\" style=\"width:780px;height:521px\"\/><\/a><figcaption class=\"wp-element-caption\">Por kite_rin<\/figcaption><\/figure>\n\n\n\n<p>El destino que te proponemos para tu pr\u00f3xima escapada de 48 horas es&nbsp;<strong>Olvera<\/strong>, Capital del Turismo Rural 2021.&nbsp;Se encuentra en la&nbsp;<strong>Sierra Norte de C\u00e1diz<\/strong>, en el epicentro de la Andaluc\u00eda occidental. Sin&nbsp; olvidarnos que pertenece a la maravillosa Ruta de los Pueblos Blancos y que Olvera fue&nbsp;declarado&nbsp;<strong>Conjunto Hist\u00f3rico Art\u00edstico<\/strong>&nbsp;en 1983.<\/p>\n\n\n\n<p>Olvera te ofrece las dos mejores panor\u00e1micas que puedas imaginar. Desde antes de&nbsp; llegar por la carretera, ya disfrutas de una estampa inconfundible de casas encaladas y&nbsp; calles empinadas que desembocan en dos obras maestras de las que presume este&nbsp; municipio: La&nbsp;<strong>Iglesia Parroquial Nuestra Se\u00f1ora de la Encarnaci\u00f3n<\/strong>&nbsp;y el&nbsp;<strong>Castillo Medieval<\/strong>&nbsp;construido en el siglo XI.&nbsp;<\/p>\n\n\n<div data-is_sticky=\"false\" data-sticky_toc_position=\"left\" data-hide_sticky_on_mobile=\"false\" data-sticky_button_icon='&lt;svg style=\"color:#000000;\" class=\"ub_sticky-toc-open-button-icon\" xmlns=\"http:\/\/www.w3.org\/2000\/svg\" height=\"34px\" width=\"34px\" viewBox=\"0, 0, 448, 512\"&gt;&lt;path fill=\"currentColor\" d=\"M0 96C0 78.33 14.33 64 32 64H416C433.7 64 448 78.33 448 96C448 113.7 433.7 128 416 128H32C14.33 128 0 113.7 0 96zM0 256C0 238.3 14.33 224 32 224H416C433.7 224 448 238.3 448 256C448 273.7 433.7 288 416 288H32C14.33 288 0 273.7 0 256zM416 448H32C14.33 448 0 433.7 0 416C0 398.3 14.33 384 32 384H416C433.7 384 448 398.3 448 416C448 433.7 433.7 448 416 448z\"&gt;&lt;\/svg&gt;' data-sticky_button_color=\"#000000\" data-sticky_toc_width=\"320px\" class=\"wp-block-ub-table-of-contents-block ub_table-of-contents\" id=\"ub_table-of-contents-9d91ae49-9e2c-40bb-8f15-d7993805fbd4\" data-linktodivider=\"false\" data-showtext=\"show\" data-hidetext=\"hide\" data-scrolltype=\"auto\" data-enablesmoothscroll=\"false\" data-initiallyhideonmobile=\"false\" data-initiallyshow=\"true\"><div class=\"ub_table-of-contents-header-container\" style=\"\">\n\t\t\t<div class=\"ub_table-of-contents-header\" style=\"text-align: left; \">\n\t\t\t\t<div class=\"ub_table-of-contents-title\"><\/div>\n\t\t\t\t\n\t\t\t<\/div>\n\t\t<\/div><div class=\"ub_table-of-contents-extra-container\" style=\"\">\n\t\t\t<div class=\"ub_table-of-contents-container ub_table-of-contents-1-column \">\n\t\t\t\t<ul style=\"\"><li style=\"\"><a href=\"https:\/\/www.escapadarural.com\/blog\/que-ver-en-olvera\/#0-viernes-por-la-tarde-\" style=\"\">Viernes por la tarde\u00a0<\/a><\/li><li style=\"\"><a href=\"https:\/\/www.escapadarural.com\/blog\/que-ver-en-olvera\/#1-s%C3%A1bado-por-la-ma%C3%B1ana-\" style=\"\">S\u00e1bado por la ma\u00f1ana\u00a0\u00a0<\/a><\/li><li style=\"\"><a href=\"https:\/\/www.escapadarural.com\/blog\/que-ver-en-olvera\/#2-s%C3%A1bado-por-la-tarde-\" style=\"\">S\u00e1bado por la tarde\u00a0<\/a><\/li><li style=\"\"><a href=\"https:\/\/www.escapadarural.com\/blog\/que-ver-en-olvera\/#3-domingo-por-la-ma%C3%B1ana-\" style=\"\">Domingo por la ma\u00f1ana\u00a0<\/a><\/li><li style=\"\"><a href=\"https:\/\/www.escapadarural.com\/blog\/que-ver-en-olvera\/#4-domingo-por-la-tarde-\" style=\"\">Domingo por la tarde\u00a0<\/a><\/li><\/ul>\n\t\t\t<\/div>\n\t\t<\/div><\/div>\n\n\n<p>Una vez dentro del pueblo, esas calles, esa Iglesia y ese Castillo te ofrecen las mejores&nbsp; vistas a la&nbsp;<strong>Sierra de C\u00e1diz, M\u00e1laga y Sevilla<\/strong>.&nbsp;<\/p>\n\n\n\n<p>Como dijo el poeta Joaqu\u00edn Romero Murube: Olvera es una calle, un castillo y una iglesia, \u00a1Pero qu\u00e9 calle, qu\u00e9 iglesia y qu\u00e9 castillo!<\/p>\n\n\n\n<p>Otra de sus peculiaridades, es que por Olvera transcurre la&nbsp;<strong>V\u00eda Verde de la Sierra<\/strong>, la&nbsp; \u00fanica ruta declarada de inter\u00e9s tur\u00edstico en Andaluc\u00eda. Dicha ruta transita por el antiguo&nbsp; trazado ferroviario Jerez- Almargen, hoy en d\u00eda ya adecuados al uso de v\u00eda verde, se&nbsp; encuentran transitables 36,5 kil\u00f3metros que unen las localidades de Puerto Serrano y&nbsp;Olvera.&nbsp;<\/p>\n\n\n\n<p>Para descubrir este lugar te proponemos las 48 horas en nuestro municipio, no sabemos&nbsp; si ser\u00e1n suficientes porque desde tiempos de musulmanes se dec\u00eda: Olvera ni por la vera&nbsp; pero \u00e9l que viene se queda. \u00bfTe pasar\u00e1 a ti lo mismo?<\/p>\n\n\n\n<h2 class=\"wp-block-heading\" id=\"0-viernes-por-la-tarde-\"><strong>Viernes por la tarde&nbsp;<\/strong><\/h2>\n\n\n\n<figure class=\"wp-block-image size-large\"><img decoding=\"async\" src=\"https:\/\/www.escapadarural.com\/blog\/wp-content\/uploads\/Olvera-5-1024x683.jpg\" alt=\"Olvera\" class=\"wp-image-40032\"\/><figcaption class=\"wp-element-caption\">Por bbsferrari<\/figcaption><\/figure>\n\n\n\n<p>Unas de las mejores \u00e9pocas para visitar Olvera ser\u00eda en primavera o principio de verano,&nbsp;donde te enamorar\u00e1s de sus calles llenas de geranios, pero el invierno y el oto\u00f1o tambi\u00e9n&nbsp; tienen un encanto especial tanto por sus recursos tur\u00edsticos, sus alojamientos con&nbsp;chimeneas y su variedad gastron\u00f3mica.<\/p>\n\n\n\n<p>Tanto si viajas en familia como en pareja o con amigos,&nbsp;no te resultar\u00e1 dif\u00edcil encontrar&nbsp; alojamiento en un pueblo como Olvera. Para gustos los colores. Desde el Hotel Tugasa&nbsp; Sierra y Cal, en la zona nueva del pueblo hasta el Hotel Fuente del Pino que se encuentra a 1 km del municipio o el Hotel y los vagones de la&nbsp;<strong>V\u00eda Verde<\/strong>, antigua estaci\u00f3n de&nbsp;<strong>Ferrocarril<\/strong>&nbsp;rehabilitada como alojamiento y el Camping Pueblos Blancos con posibilidad&nbsp;de camping y alojamiento en acogedoras caba\u00f1as de madera. Adem\u00e1s de los numerosos&nbsp;alojamientos rurales tanto en el conjunto hist\u00f3rico del pueblo como a las afueras del&nbsp;pueblo.<\/p>\n\n\n\n<p>Desc\u00fabrelos en un click:<\/p>\n\n\n\n<ul class=\"wp-block-list\">\n<li>Portal oficial de turismo del Ayuntamiento\u00a0de Olvera\u00a0<\/li>\n\n\n\n<li><a class=\"rank-math-link\" href=\"https:\/\/www.cadizturismo.com\/es\/municipios\/olvera\" target=\"_blank\">Portal oficial del patronato de turismo\u00a0de C\u00e1diz<\/a><\/li>\n\n\n\n<li><a class=\"rank-math-link\" href=\"https:\/\/www.andalucia.org\/es\/alojamientos\" target=\"_blank\">Portal oficial de turismo de la Junta de\u00a0Andaluc\u00eda\u00a0<\/a><\/li>\n<\/ul>\n\n\n\n<p>La&nbsp;<strong>gastronom\u00eda olvere\u00f1a<\/strong>&nbsp;derrocha sabores y variedades, contando con un condimento&nbsp; especial, nuestro oro l\u00edquido, el Aceite de Oliva Virgen Extra, con&nbsp;<strong>Denominaci\u00f3n de Origen&nbsp;Sierra de C\u00e1diz<\/strong>.&nbsp;<\/p>\n\n\n\n<p>Tambi\u00e9n destacan los productos de chacinas y embutidos como los chorizos,&nbsp; salchichones, chicharrones,etc.<\/p>\n\n\n\n<p>De entre sus platos m\u00e1s elaborados y t\u00edpicos est\u00e1n las \u201csopas peg\u00e1s\u201d, la sopa de tomate,&nbsp; el solomillo relleno o la pajarilla en salsa. Sin olvidarnos de la reposter\u00eda, donde destacan&nbsp; los alfajores, galletas de carnaval y torta del&nbsp;<strong>Lunes Quasimodo<\/strong>.<\/p>\n\n\n\n<h2 class=\"wp-block-heading\" id=\"1-s%C3%A1bado-por-la-ma%C3%B1ana-\"><strong>S\u00e1bado por la ma\u00f1ana<\/strong>&nbsp;&nbsp;<\/h2>\n\n\n\n<figure class=\"wp-block-image size-large\"><img decoding=\"async\" src=\"https:\/\/www.escapadarural.com\/blog\/wp-content\/uploads\/Olvera-6-1024x684.jpg\" alt=\"\" class=\"wp-image-40033\"\/><figcaption class=\"wp-element-caption\">Por akturer<\/figcaption><\/figure>\n\n\n\n<p>Olvera necesita un calzado c\u00f3modo por la complejidad y empinado de sus calles. En el&nbsp;recorrido se entremezclan tanto la&nbsp;<strong>ruta nazar\u00ed<\/strong>&nbsp;como la ruta de la&nbsp;<strong>Edad Moderna<\/strong>. Te&nbsp; recomendamos el siguiente itinerario:&nbsp;<\/p>\n\n\n\n<p><strong>Calle Calvario:<\/strong>&nbsp;donde llamar\u00e1n tu atenci\u00f3n los peque\u00f1os detalles de azulejos pintados a&nbsp; mano, representando el V\u00eda Crucis de Jes\u00fas, en las fachadas de las casas. Puedes visitar la&nbsp;<strong>Casa Hermandad<\/strong>&nbsp;de la Muy Antigua Real y Venerable Cofrad\u00eda Sacramental del&nbsp;Sant\u00edsimo Cristo de la Vera Cruz, Mar\u00eda Sant\u00edsima de la Esperanza y San Juan&nbsp; Evangelista<\/p>\n\n\n\n<p><strong>Pe\u00f1\u00f3n del Cerretillo:<\/strong>&nbsp;Pinar que se encuentra en una pe\u00f1a y esta acondicionado para&nbsp; pasear. Dispone de varios miradores y un merendero.&nbsp;<\/p>\n\n\n\n<p><strong>Pe\u00f1\u00f3n del Sagrado Coraz\u00f3n:<\/strong>&nbsp;Desde hace siglos este jard\u00edn colgante ha supuesto un&nbsp;espacio de recreo para la ciudadan\u00eda olvere\u00f1a. Cuenta con abundante vegetaci\u00f3n y el&nbsp; acceso se realiza mediante escaleras dispuestas en peque\u00f1as terrazas. Desde 1929 el&nbsp;Sagrado Coraz\u00f3n de Jes\u00fas&nbsp;corona esta pe\u00f1a. La cima ofrece adem\u00e1s unas vistas&nbsp; panor\u00e1micas que pueden ser contempladas desde un balc\u00f3n colgado al vac\u00edo.<\/p>\n\n\n\n<p><strong>Calles con encanto:<\/strong>&nbsp;A la salida del Pe\u00f1\u00f3n del Sagrado Coraz\u00f3n se encuentra un&nbsp; entramado de calles de especial encanto como son la calle Jos\u00e9 Chico, calle Pe\u00f1\u00f3n y&nbsp; calle los Cantillos, hasta salir a la calle principal la calle Llana.&nbsp;<\/p>\n\n\n\n<p><strong>Viviendas Se\u00f1oriales:&nbsp;<\/strong>Tanto en calle Victoria como en calle Llana se encuentran varias&nbsp; viviendas se\u00f1oriales que destacan por sus fachadas de piedra y escudos. En el n\u00famero 3 de la Calle Llana se encuentra la casa de verano del Duque de Osuna. Se\u00f1or\u00edo al que perteneci\u00f3 esta villa.&nbsp;<\/p>\n\n\n\n<p><strong>Plaza del Ayuntamiento:&nbsp;<\/strong>Antes de entrar en la plaza hallar\u00e1s dos s\u00edmbolos&nbsp; importantes de este pueblo: El escudo de Olvera y un cuadro de azulejos de la Patrona&nbsp; Nuestra Se\u00f1ora de los Remedios. Desde esta acogedora plaza se pueden contemplar la&nbsp;Iglesia Nuestra Se\u00f1ora de la Encarnaci\u00f3n y el Castillo Medieval.&nbsp;&nbsp;<\/p>\n\n\n\n<p>Cerca se encuentran la Casa Hermandad de Nuestro Padre Jes\u00fas Nazareno y Nuestra&nbsp; Se\u00f1ora de los Dolores y la Casa Hermandad del Santo Entierro de Nuestro Se\u00f1or&nbsp;Jesucristo Yacente, Maria Sant\u00edsima de la Soledad y Santa \u00c1ngela de la Cruz.<\/p>\n\n\n\n<p><strong>Calle Calzada:<\/strong>&nbsp;Calle de escalones anchos desde donde tambi\u00e9n se tiene una&nbsp; panor\u00e1mica de la Iglesia Parroquial.&nbsp;<\/p>\n\n\n\n<p><strong>Barrio de la Villa:<\/strong>&nbsp;Este barrio junto con la Plaza de la Iglesia y el Castillo, formaba la almedina \u00e1rabe. Se&nbsp;dibuja a partir de irregularidades del terreno, formando calles estrechas y recoletas,&nbsp; albardillas y casas a distinto nivel. Las huellas m\u00e1s patentes del pasado \u00e1rabe pueden&nbsp; hallarse en la&nbsp;Torre del Pan, antigua construcci\u00f3n musulmana que funcion\u00f3 como tahona&nbsp;o la&nbsp;Torre de los Olivillos. De especial peculiaridad es la calle Resolana. Sumergirse por&nbsp;sus calles es viajar 700 a\u00f1os atr\u00e1s, all\u00e1 donde hab\u00eda una Olvera mora.&nbsp;<\/p>\n\n\n\n<p><strong>Iglesia Arciprestal Nuestra Se\u00f1ora de la Encarnaci\u00f3n:<\/strong>&nbsp;Concluida en 1843 por el Duque de Osuna, de estilo neocl\u00e1sico, este monumental templo&nbsp; fue erigido sobre la antigua iglesia mayor de estilo g\u00f3tico-mud\u00e9jar, de la que todav\u00eda se&nbsp;conserva su \u00e1bside. La mayor parte de los retablos que atesora en su interior se hallaban&nbsp; originariamente en otros templos del municipio.&nbsp;&nbsp;<\/p>\n\n\n\n<p>Acoge la mayor\u00eda de las im\u00e1genes que salen en Semana Santa en procesi\u00f3n, fiesta&nbsp;declarada de&nbsp;<strong>Inter\u00e9s Tur\u00edstico Nacional de Andaluc\u00eda<\/strong>.<\/p>\n\n\n\n<p><strong>Castillo Medieval:<\/strong>&nbsp;Erigido a finales del siglo XII, el Castillo de Olvera formaba parte del sistema defensivo del&nbsp;Reino Nazar\u00ed de Granada, hasta que su toma por las tropas cristianas en el a\u00f1o 1327 lo&nbsp; llevar\u00eda a convertirse en basti\u00f3n de la Corona de Castilla. Su posici\u00f3n estrat\u00e9gica, a 623 metros sobre el nivel del mar, permit\u00eda divisar la l\u00ednea fronteriza de castillos que separa la&nbsp;Espa\u00f1a Musulmana y Cristiana.&nbsp;<\/p>\n\n\n\n<p><strong>Cementerio Parroquial:<\/strong>&nbsp;Lugar de enterramiento desde hace siglos, la estructura actual de este camposanto&nbsp; intramuros data del siglo XIX, cuando comenzaron a ser erigidos los primeros panteones y sepulturas a los pies del Castillo. Protegido por la fortaleza medieval y los riscos sobre los&nbsp;que se asienta, desde este lugar pueden contemplarse unas vistas panor\u00e1micas de toda&nbsp;la comarca. Ganador del Concurso el Cementerio m\u00e1s bonito de Espa\u00f1a en 2019.<\/p>\n\n\n\n<p><strong>Edificio \u2018La Cilla\u2019 y Centro de Interpretaci\u00f3n \u2018La Frontera y los Castillos\u2019:<\/strong>&nbsp;Conocida como Casa de \u00abLa Cilla\u00bb, edificio construido durante el Se\u00f1or\u00edo de la Casa de&nbsp; Osuna, sin fecha exacta. Su destino primitivo era la recogida de granos, frutos y productos de las cosechas del t\u00e9rmino municipal, pertenecientes al Ducado. Posteriormente otro de&nbsp; sus usos fue c\u00e1rcel municipal y lagar y bodega. Actualmente es la Oficina Municipal de&nbsp;Turismo y Centro de Interpretaci\u00f3n \u2018La Frontera y los Castillos\u2019.<\/p>\n\n\n\n<h2 class=\"wp-block-heading\" id=\"2-s%C3%A1bado-por-la-tarde-\"><strong>S\u00e1bado por la tarde<\/strong>&nbsp;<\/h2>\n\n\n\n<figure class=\"wp-block-image size-large\"><img decoding=\"async\" src=\"https:\/\/www.escapadarural.com\/blog\/wp-content\/uploads\/Olvera-9-1024x576.jpg\" alt=\"\" class=\"wp-image-40036\"\/><figcaption class=\"wp-element-caption\">Por Pablo Avanzini<\/figcaption><\/figure>\n\n\n\n<p>Tras la intensa ma\u00f1ana puedes realizar una visita guiada algo m\u00e1s tranquila a alguna de&nbsp;las 3 almazaras de aceite de la localidad que incluyen la visita al olivar, si la \u00e9poca lo&nbsp; permite y terminar con una cata de aceite.&nbsp;<\/p>\n\n\n\n<p>Nuestro aceite con&nbsp;<a href=\"https:\/\/www.dopsierradecadiz.com\/\" target=\"_blank\">Denominaci\u00f3n de Origen Sierra de C\u00e1diz<\/a>&nbsp;es un oliva virgen extra&nbsp;distinto, con identidad propia. Procedente de olivar de monta\u00f1a, nuestros olivareros&nbsp; conservan la forma de cultivo m\u00e1s tradicional. Es por ello que te invitamos a visitar una de nuestras tres almazaras de la localidad:&nbsp;<\/p>\n\n\n\n<ul class=\"wp-block-list\">\n<li>La Cooperativa \u2018Nuestra Se\u00f1ora de los Remedios\u2019\u00a0<\/li>\n\n\n\n<li>El Molino el Salado\u00a0<\/li>\n\n\n\n<li>El Molino las Pilas\u00a0<\/li>\n<\/ul>\n\n\n\n<p>Adem\u00e1s de aprovechar para comprar otros productos t\u00edpicos como son las chacinas en&nbsp;establecimientos como La Serrana, El Montaraz, Chacinas Conejo o la Dehesa del Ib\u00e9rico y reposter\u00eda en las pasteler\u00edas La Gloria y Pasteler\u00eda Linero.<\/p>\n\n\n\n<h2 class=\"wp-block-heading\" id=\"3-domingo-por-la-ma%C3%B1ana-\"><strong>Domingo por la ma\u00f1ana&nbsp;<\/strong><\/h2>\n\n\n\n<figure class=\"wp-block-image size-large\"><a href=\"https:\/\/www.escapadarural.com\/blog\/wp-content\/uploads\/2017\/01\/Olvera.-C\u00e1diz-1.jpg\"><img decoding=\"async\" src=\"https:\/\/www.escapadarural.com\/blog\/wp-content\/uploads\/2017\/01\/Olvera.-C\u00e1diz-1.jpg\" alt=\"Olvera\" class=\"wp-image-29552\"\/><\/a><figcaption class=\"wp-element-caption\">Por Jose Ignacio Soto<\/figcaption><\/figure>\n\n\n\n<p>S\u00f3lo necesitas calzado c\u00f3modo y decidir que ruta vas a realizar:&nbsp;<\/p>\n\n\n\n<p><strong>V\u00eda Verde de la Sierra:<\/strong>&nbsp;antigua infraestructura ferroviaria que actualmente se encuentra&nbsp; acondicionada para uso tur\u00edstico. Durante el recorrido se encuentran unos 30 t\u00faneles, 4&nbsp;viaductos y 5 estaciones, algunas de ellas acondicionadas como hoteles y restaurantes y&nbsp;otras como centros de interpretaci\u00f3n. Destacamos el&nbsp;<strong>Pe\u00f1\u00f3n de Zaframag\u00f3n<\/strong>, Reserva&nbsp;Natural que alberga la mayor colonia de&nbsp;<strong>Buitres Leonados de Europa<\/strong>. El equipamiento de&nbsp;la&nbsp;V\u00eda Verde&nbsp;cubre todas las necesidades del excursionista, con puntos de abastecimiento de agua, paneles informativos, se\u00f1ales, zonas de descanso, etc. Adem\u00e1s, se encuentra ubicado junto a la Estaci\u00f3n de Olvera, el Centro de Interpretaci\u00f3n \u00abV\u00eda Verde de la Sierra\u00bb&nbsp;donde de forma amena e interactiva disfrutar\u00e1s de las sensaciones que transmite una&nbsp; proyecci\u00f3n en 4D sobre la V\u00eda.&nbsp;<\/p>\n\n\n\n<p>Puedes contactar con empresas de Turismo Activo para el alquiler de bicicleta, cuatricicletas,&nbsp; caballos, avistamiento de p\u00e1jaros o multiaventura.&nbsp;<\/p>\n\n\n\n<ul class=\"wp-block-list\">\n<li><a href=\"https:\/\/www.fundacionviaverdedelasierra.es\/\" target=\"_blank\">Portal oficial de la V\u00eda Verde de la Sierra<\/a><\/li>\n\n\n\n<li><a class=\"rank-math-link\" href=\"https:\/\/www.turismolvera.com\/es\/\" target=\"_blank\">Portal oficial del Ayuntamiento de Olvera<\/a><\/li>\n<\/ul>\n\n\n\n<p><strong>Ruta Sierra de L\u00edjar:<\/strong>&nbsp;entre las localidades de Olvera y Algodonales, donde se pueden&nbsp;realizar varios itinerarios:&nbsp;<strong>Canalizo-Fuente de la V\u00edbora<\/strong>&nbsp;o&nbsp;<strong>La Muela-el Canalizo<\/strong>, que os&nbsp;conducir\u00e1 a trav\u00e9s de un entramado de bosque sobre todo de madro\u00f1os hasta su v\u00e9rtice&nbsp; geod\u00e9sico. En esta sierra se encuentra el&nbsp;<strong>Pico de L\u00edjar<\/strong>&nbsp;con 1.051 m. La&nbsp; cercan\u00eda de grandes roquedos hace que este sea un lugar muy propicio para que con un&nbsp; poco de suerte, se pueda observar el vuelo de grandes rapaces, e incluso sobre la roca&nbsp;blanquecina a la escurridiza cabra mont\u00e9s.&nbsp;<\/p>\n\n\n\n<p><strong>Olvera-Torre Alh\u00e1quime-Setenil de las Bodegas:<\/strong>&nbsp;El sendero que hay que tomar es por&nbsp;la Vereda de Pino, que arranca en el&nbsp;Pol\u00edgono Industrial Nuestra Se\u00f1ora de los Remedios. La duraci\u00f3n aproximada es de 3 horas. Si vamos con ni\u00f1os peque\u00f1os podemos hacer&nbsp; esta ruta m\u00e1s corta. Es una ruta sencilla donde los ni\u00f1os identificar\u00e1n lo que es un pilar&nbsp; para beber los caballos, el lavadero de Pino, donde las mujeres iban a lavar la ropa a&nbsp; mano, la Capilla del Arte (un museo del artista local Miguel Sevillano) y el&nbsp;<strong>Santuario&nbsp;Nuestra Se\u00f1ora de los Remedios<\/strong>, uno de los mayores exponentes del fervor cristiano en&nbsp;Olvera. Es un templo del siglo XVIII donde se venera a la Virgen Nuestra Se\u00f1ora de los&nbsp;Remedios, patrona de la localidad, coronada can\u00f3nicamente en 1956. En sus alrededores adem\u00e1s se celebra la&nbsp;<strong>Romer\u00eda del Lunes de Quasimodo<\/strong>, declarada fiesta de Inter\u00e9s&nbsp;Tur\u00edstico Nacional de Andaluc\u00eda. En los alrededores hay merenderos para almorzar. La&nbsp; ruta contin\u00faa por los conocidos callejones de la torre, pueblo que se encuentra a m\u00e1s o&nbsp;menos 1 km de Olvera.<\/p>\n\n\n\n<h2 class=\"wp-block-heading\" id=\"4-domingo-por-la-tarde-\"><strong>Domingo por la tarde&nbsp;<\/strong><\/h2>\n\n\n\n<p>Si por la ma\u00f1ana te has decidido por una de las dos primeras rutas y no has visitado el&nbsp;Santuario de Nuestra Se\u00f1ora de los Remedios, te recomendamos un atardecer desde su&nbsp; entorno, donde el skyline te enamorar\u00e1 absolutamente.<\/p>\n\n\n\n<div class=\"wp-block-buttons is-layout-flex wp-block-buttons-is-layout-flex\">\n<div class=\"wp-block-button\"><a class=\"wp-block-button__link wp-element-button\" href=\"https:\/\/www.escapadarural.com\/casas-rurales\/olvera\">Casas rurales en Olvera<\/a><\/div>\n<\/div>\n","protected":false},"excerpt":{"rendered":"<p>El destino que te proponemos para tu pr\u00f3xima escapada de 48 horas es Olvera. Se encuentra en la Sierra Norte de C\u00e1diz, en el epicentro de la Andaluc\u00eda occidental. Sin  olvidarnos que pertenece a la maravillosa Ruta de los Pueblos Blancos y que Olvera fue declarado Conjunto Hist\u00f3rico Art\u00edstico en 1983.<\/p>\n","protected":false},"author":85,"featured_media":97371,"comment_status":"open","ping_status":"open","sticky":false,"template":"","format":"standard","meta":{"_acf_changed":false,"om_disable_all_campaigns":false,"footnotes":""},"categories":[191,333],"tags":[448,648,272,3322,257,1240],"class_list":["post-40115","post","type-post","status-publish","format-standard","has-post-thumbnail","hentry","category-destinos","category-guias","tag-que-ver-en-andalucia","tag-que-ver-en-cadiz","tag-capital-del-turismo-rural","tag-olvera","tag-primavera","tag-pueblos-blancos"],"acf":[],"featured_image_src":"https:\/\/www.escapadarural.com\/blog\/wp-content\/uploads\/2024\/10\/Olvera-5-1024x683-1.jpg","author_info":{"display_name":"Redacci\u00f3n ER","author_link":"https:\/\/www.escapadarural.com\/blog\/autor\/admin\/"},"yoast_head":"<!-- This site is optimized with the Yoast SEO plugin v27.5 - https:\/\/yoast.com\/product\/yoast-seo-wordpress\/ -->\n<title>Qu\u00e9 ver en Olvera, gu\u00eda para un finde - EscapadaRural<\/title>\n<meta name=\"robots\" content=\"index, follow, max-snippet:-1, max-image-preview:large, max-video-preview:-1\" \/>\n<link rel=\"canonical\" href=\"https:\/\/www.escapadarural.com\/blog\/que-ver-en-olvera\/\" \/>\n<meta property=\"og:locale\" content=\"es_ES\" \/>\n<meta property=\"og:type\" content=\"article\" \/>\n<meta property=\"og:title\" content=\"Qu\u00e9 ver en Olvera, gu\u00eda para un finde - EscapadaRural\" \/>\n<meta property=\"og:description\" content=\"El destino que te proponemos para tu pr\u00f3xima escapada de 48 horas es Olvera. Se encuentra en la Sierra Norte de C\u00e1diz, en el epicentro de la Andaluc\u00eda occidental. Sin olvidarnos que pertenece a la maravillosa Ruta de los Pueblos Blancos y que Olvera fue declarado Conjunto Hist\u00f3rico Art\u00edstico en 1983.\" \/>\n<meta property=\"og:url\" content=\"https:\/\/www.escapadarural.com\/blog\/que-ver-en-olvera\/\" \/>\n<meta property=\"og:site_name\" content=\"Magazine de viajes de EscapadaRural\" \/>\n<meta property=\"article:publisher\" content=\"https:\/\/www.facebook.com\/escapadarural\" \/>\n<meta property=\"article:published_time\" content=\"2021-05-24T13:58:41+00:00\" \/>\n<meta property=\"article:modified_time\" content=\"2026-02-05T15:04:43+00:00\" \/>\n<meta property=\"og:image\" content=\"https:\/\/www.escapadarural.com\/blog\/wp-content\/uploads\/2024\/10\/Olvera-5-1024x683-1.jpg\" \/>\n\t<meta property=\"og:image:width\" content=\"1024\" \/>\n\t<meta property=\"og:image:height\" content=\"683\" \/>\n\t<meta property=\"og:image:type\" content=\"image\/jpeg\" \/>\n<meta name=\"author\" content=\"Redacci\u00f3n ER\" \/>\n<meta name=\"twitter:card\" content=\"summary_large_image\" \/>\n<meta name=\"twitter:label1\" content=\"Escrito por\" \/>\n\t<meta name=\"twitter:data1\" content=\"Redacci\u00f3n ER\" \/>\n\t<meta name=\"twitter:label2\" content=\"Tiempo de lectura\" \/>\n\t<meta name=\"twitter:data2\" content=\"11 minutos\" \/>\n<script type=\"application\/ld+json\" class=\"yoast-schema-graph\">{\"@context\":\"https:\\\/\\\/schema.org\",\"@graph\":[{\"@type\":\"Article\",\"@id\":\"https:\\\/\\\/www.escapadarural.com\\\/blog\\\/que-ver-en-olvera\\\/#article\",\"isPartOf\":{\"@id\":\"https:\\\/\\\/www.escapadarural.com\\\/blog\\\/que-ver-en-olvera\\\/\"},\"author\":{\"name\":\"Redacci\u00f3n ER\",\"@id\":\"https:\\\/\\\/www.escapadarural.com\\\/blog\\\/#\\\/schema\\\/person\\\/bd5b0d7ad308a0bf4efed73e8308b4fa\"},\"headline\":\"Qu\u00e9 ver en Olvera, gu\u00eda para un finde\",\"datePublished\":\"2021-05-24T13:58:41+00:00\",\"dateModified\":\"2026-02-05T15:04:43+00:00\",\"mainEntityOfPage\":{\"@id\":\"https:\\\/\\\/www.escapadarural.com\\\/blog\\\/que-ver-en-olvera\\\/\"},\"wordCount\":2299,\"commentCount\":0,\"publisher\":{\"@id\":\"https:\\\/\\\/www.escapadarural.com\\\/blog\\\/#organization\"},\"image\":{\"@id\":\"https:\\\/\\\/www.escapadarural.com\\\/blog\\\/que-ver-en-olvera\\\/#primaryimage\"},\"thumbnailUrl\":\"https:\\\/\\\/www.escapadarural.com\\\/blog\\\/wp-content\\\/uploads\\\/2024\\\/10\\\/Olvera-5-1024x683-1.jpg\",\"keywords\":[\"Andaluc\u00eda\",\"C\u00e1diz\",\"Capital del Turismo Rural\",\"Olvera\",\"Primavera\",\"Pueblos blancos\"],\"articleSection\":[\"Destinos\",\"Gu\u00edas\"],\"inLanguage\":\"es\",\"potentialAction\":[{\"@type\":\"CommentAction\",\"name\":\"Comment\",\"target\":[\"https:\\\/\\\/www.escapadarural.com\\\/blog\\\/que-ver-en-olvera\\\/#respond\"]}]},{\"@type\":\"WebPage\",\"@id\":\"https:\\\/\\\/www.escapadarural.com\\\/blog\\\/que-ver-en-olvera\\\/\",\"url\":\"https:\\\/\\\/www.escapadarural.com\\\/blog\\\/que-ver-en-olvera\\\/\",\"name\":\"Qu\u00e9 ver en Olvera, gu\u00eda para un finde - EscapadaRural\",\"isPartOf\":{\"@id\":\"https:\\\/\\\/www.escapadarural.com\\\/blog\\\/#website\"},\"primaryImageOfPage\":{\"@id\":\"https:\\\/\\\/www.escapadarural.com\\\/blog\\\/que-ver-en-olvera\\\/#primaryimage\"},\"image\":{\"@id\":\"https:\\\/\\\/www.escapadarural.com\\\/blog\\\/que-ver-en-olvera\\\/#primaryimage\"},\"thumbnailUrl\":\"https:\\\/\\\/www.escapadarural.com\\\/blog\\\/wp-content\\\/uploads\\\/2024\\\/10\\\/Olvera-5-1024x683-1.jpg\",\"datePublished\":\"2021-05-24T13:58:41+00:00\",\"dateModified\":\"2026-02-05T15:04:43+00:00\",\"breadcrumb\":{\"@id\":\"https:\\\/\\\/www.escapadarural.com\\\/blog\\\/que-ver-en-olvera\\\/#breadcrumb\"},\"inLanguage\":\"es\",\"potentialAction\":[{\"@type\":\"ReadAction\",\"target\":[\"https:\\\/\\\/www.escapadarural.com\\\/blog\\\/que-ver-en-olvera\\\/\"]}]},{\"@type\":\"ImageObject\",\"inLanguage\":\"es\",\"@id\":\"https:\\\/\\\/www.escapadarural.com\\\/blog\\\/que-ver-en-olvera\\\/#primaryimage\",\"url\":\"https:\\\/\\\/www.escapadarural.com\\\/blog\\\/wp-content\\\/uploads\\\/2024\\\/10\\\/Olvera-5-1024x683-1.jpg\",\"contentUrl\":\"https:\\\/\\\/www.escapadarural.com\\\/blog\\\/wp-content\\\/uploads\\\/2024\\\/10\\\/Olvera-5-1024x683-1.jpg\",\"width\":1024,\"height\":683,\"caption\":\"Olvera, en C\u00e1diz\"},{\"@type\":\"BreadcrumbList\",\"@id\":\"https:\\\/\\\/www.escapadarural.com\\\/blog\\\/que-ver-en-olvera\\\/#breadcrumb\",\"itemListElement\":[{\"@type\":\"ListItem\",\"position\":1,\"name\":\"Inicio\",\"item\":\"https:\\\/\\\/www.escapadarural.com\\\/blog\\\/\"},{\"@type\":\"ListItem\",\"position\":2,\"name\":\"Destinos\",\"item\":\"https:\\\/\\\/www.escapadarural.com\\\/blog\\\/categoria\\\/destinos\\\/\"},{\"@type\":\"ListItem\",\"position\":3,\"name\":\"Qu\u00e9 ver en Olvera, gu\u00eda para un finde\"}]},{\"@type\":\"WebSite\",\"@id\":\"https:\\\/\\\/www.escapadarural.com\\\/blog\\\/#website\",\"url\":\"https:\\\/\\\/www.escapadarural.com\\\/blog\\\/\",\"name\":\"Blog de viajes | turismo rural, alojamientos e inspiraci\u00f3n\",\"description\":\"Alojamientos rurales e inspiraci\u00f3n para tus escapadas\",\"publisher\":{\"@id\":\"https:\\\/\\\/www.escapadarural.com\\\/blog\\\/#organization\"},\"alternateName\":\"Magazine de viajes de EscapadaRural\",\"potentialAction\":[{\"@type\":\"SearchAction\",\"target\":{\"@type\":\"EntryPoint\",\"urlTemplate\":\"https:\\\/\\\/www.escapadarural.com\\\/blog\\\/?s={search_term_string}\"},\"query-input\":{\"@type\":\"PropertyValueSpecification\",\"valueRequired\":true,\"valueName\":\"search_term_string\"}}],\"inLanguage\":\"es\"},{\"@type\":\"Organization\",\"@id\":\"https:\\\/\\\/www.escapadarural.com\\\/blog\\\/#organization\",\"name\":\"EscapadaRural\",\"url\":\"https:\\\/\\\/www.escapadarural.com\\\/blog\\\/\",\"logo\":{\"@type\":\"ImageObject\",\"inLanguage\":\"es\",\"@id\":\"https:\\\/\\\/www.escapadarural.com\\\/blog\\\/#\\\/schema\\\/logo\\\/image\\\/\",\"url\":\"https:\\\/\\\/www.escapadarural.com\\\/blog\\\/wp-content\\\/uploads\\\/2024\\\/10\\\/cropped-cropped-escapada-rural-icon-mag-3.png\",\"contentUrl\":\"https:\\\/\\\/www.escapadarural.com\\\/blog\\\/wp-content\\\/uploads\\\/2024\\\/10\\\/cropped-cropped-escapada-rural-icon-mag-3.png\",\"width\":512,\"height\":512,\"caption\":\"EscapadaRural\"},\"image\":{\"@id\":\"https:\\\/\\\/www.escapadarural.com\\\/blog\\\/#\\\/schema\\\/logo\\\/image\\\/\"},\"sameAs\":[\"https:\\\/\\\/www.facebook.com\\\/escapadarural\",\"https:\\\/\\\/www.instagram.com\\\/escapadarural\\\/\",\"https:\\\/\\\/www.youtube.com\\\/@escapadaruralcom\"]},{\"@type\":\"Person\",\"@id\":\"https:\\\/\\\/www.escapadarural.com\\\/blog\\\/#\\\/schema\\\/person\\\/bd5b0d7ad308a0bf4efed73e8308b4fa\",\"name\":\"Redacci\u00f3n ER\",\"image\":{\"@type\":\"ImageObject\",\"inLanguage\":\"es\",\"@id\":\"https:\\\/\\\/www.escapadarural.com\\\/blog\\\/wp-content\\\/uploads\\\/2024\\\/10\\\/cropped-cropped-escapada-rural-icon-mag-3-96x96.png\",\"url\":\"https:\\\/\\\/www.escapadarural.com\\\/blog\\\/wp-content\\\/uploads\\\/2024\\\/10\\\/cropped-cropped-escapada-rural-icon-mag-3-96x96.png\",\"contentUrl\":\"https:\\\/\\\/www.escapadarural.com\\\/blog\\\/wp-content\\\/uploads\\\/2024\\\/10\\\/cropped-cropped-escapada-rural-icon-mag-3-96x96.png\",\"caption\":\"Redacci\u00f3n ER\"},\"description\":\"Nos encanta inspirar a viajeros y ayudar a los propietarios con nuestros contenidos\",\"url\":\"https:\\\/\\\/www.escapadarural.com\\\/blog\\\/autor\\\/admin\\\/\"}]}<\/script>\n<!-- \/ Yoast SEO plugin. -->","yoast_head_json":{"title":"Qu\u00e9 ver en Olvera, gu\u00eda para un finde - EscapadaRural","robots":{"index":"index","follow":"follow","max-snippet":"max-snippet:-1","max-image-preview":"max-image-preview:large","max-video-preview":"max-video-preview:-1"},"canonical":"https:\/\/www.escapadarural.com\/blog\/que-ver-en-olvera\/","og_locale":"es_ES","og_type":"article","og_title":"Qu\u00e9 ver en Olvera, gu\u00eda para un finde - EscapadaRural","og_description":"El destino que te proponemos para tu pr\u00f3xima escapada de 48 horas es Olvera. Se encuentra en la Sierra Norte de C\u00e1diz, en el epicentro de la Andaluc\u00eda occidental. Sin olvidarnos que pertenece a la maravillosa Ruta de los Pueblos Blancos y que Olvera fue declarado Conjunto Hist\u00f3rico Art\u00edstico en 1983.","og_url":"https:\/\/www.escapadarural.com\/blog\/que-ver-en-olvera\/","og_site_name":"Magazine de viajes de EscapadaRural","article_publisher":"https:\/\/www.facebook.com\/escapadarural","article_published_time":"2021-05-24T13:58:41+00:00","article_modified_time":"2026-02-05T15:04:43+00:00","og_image":[{"width":1024,"height":683,"url":"https:\/\/www.escapadarural.com\/blog\/wp-content\/uploads\/2024\/10\/Olvera-5-1024x683-1.jpg","type":"image\/jpeg"}],"author":"Redacci\u00f3n ER","twitter_card":"summary_large_image","twitter_misc":{"Escrito por":"Redacci\u00f3n ER","Tiempo de lectura":"11 minutos"},"schema":{"@context":"https:\/\/schema.org","@graph":[{"@type":"Article","@id":"https:\/\/www.escapadarural.com\/blog\/que-ver-en-olvera\/#article","isPartOf":{"@id":"https:\/\/www.escapadarural.com\/blog\/que-ver-en-olvera\/"},"author":{"name":"Redacci\u00f3n ER","@id":"https:\/\/www.escapadarural.com\/blog\/#\/schema\/person\/bd5b0d7ad308a0bf4efed73e8308b4fa"},"headline":"Qu\u00e9 ver en Olvera, gu\u00eda para un finde","datePublished":"2021-05-24T13:58:41+00:00","dateModified":"2026-02-05T15:04:43+00:00","mainEntityOfPage":{"@id":"https:\/\/www.escapadarural.com\/blog\/que-ver-en-olvera\/"},"wordCount":2299,"commentCount":0,"publisher":{"@id":"https:\/\/www.escapadarural.com\/blog\/#organization"},"image":{"@id":"https:\/\/www.escapadarural.com\/blog\/que-ver-en-olvera\/#primaryimage"},"thumbnailUrl":"https:\/\/www.escapadarural.com\/blog\/wp-content\/uploads\/2024\/10\/Olvera-5-1024x683-1.jpg","keywords":["Andaluc\u00eda","C\u00e1diz","Capital del Turismo Rural","Olvera","Primavera","Pueblos blancos"],"articleSection":["Destinos","Gu\u00edas"],"inLanguage":"es","potentialAction":[{"@type":"CommentAction","name":"Comment","target":["https:\/\/www.escapadarural.com\/blog\/que-ver-en-olvera\/#respond"]}]},{"@type":"WebPage","@id":"https:\/\/www.escapadarural.com\/blog\/que-ver-en-olvera\/","url":"https:\/\/www.escapadarural.com\/blog\/que-ver-en-olvera\/","name":"Qu\u00e9 ver en Olvera, gu\u00eda para un finde - EscapadaRural","isPartOf":{"@id":"https:\/\/www.escapadarural.com\/blog\/#website"},"primaryImageOfPage":{"@id":"https:\/\/www.escapadarural.com\/blog\/que-ver-en-olvera\/#primaryimage"},"image":{"@id":"https:\/\/www.escapadarural.com\/blog\/que-ver-en-olvera\/#primaryimage"},"thumbnailUrl":"https:\/\/www.escapadarural.com\/blog\/wp-content\/uploads\/2024\/10\/Olvera-5-1024x683-1.jpg","datePublished":"2021-05-24T13:58:41+00:00","dateModified":"2026-02-05T15:04:43+00:00","breadcrumb":{"@id":"https:\/\/www.escapadarural.com\/blog\/que-ver-en-olvera\/#breadcrumb"},"inLanguage":"es","potentialAction":[{"@type":"ReadAction","target":["https:\/\/www.escapadarural.com\/blog\/que-ver-en-olvera\/"]}]},{"@type":"ImageObject","inLanguage":"es","@id":"https:\/\/www.escapadarural.com\/blog\/que-ver-en-olvera\/#primaryimage","url":"https:\/\/www.escapadarural.com\/blog\/wp-content\/uploads\/2024\/10\/Olvera-5-1024x683-1.jpg","contentUrl":"https:\/\/www.escapadarural.com\/blog\/wp-content\/uploads\/2024\/10\/Olvera-5-1024x683-1.jpg","width":1024,"height":683,"caption":"Olvera, en C\u00e1diz"},{"@type":"BreadcrumbList","@id":"https:\/\/www.escapadarural.com\/blog\/que-ver-en-olvera\/#breadcrumb","itemListElement":[{"@type":"ListItem","position":1,"name":"Inicio","item":"https:\/\/www.escapadarural.com\/blog\/"},{"@type":"ListItem","position":2,"name":"Destinos","item":"https:\/\/www.escapadarural.com\/blog\/categoria\/destinos\/"},{"@type":"ListItem","position":3,"name":"Qu\u00e9 ver en Olvera, gu\u00eda para un finde"}]},{"@type":"WebSite","@id":"https:\/\/www.escapadarural.com\/blog\/#website","url":"https:\/\/www.escapadarural.com\/blog\/","name":"Blog de viajes | turismo rural, alojamientos e inspiraci\u00f3n","description":"Alojamientos rurales e inspiraci\u00f3n para tus escapadas","publisher":{"@id":"https:\/\/www.escapadarural.com\/blog\/#organization"},"alternateName":"Magazine de viajes de EscapadaRural","potentialAction":[{"@type":"SearchAction","target":{"@type":"EntryPoint","urlTemplate":"https:\/\/www.escapadarural.com\/blog\/?s={search_term_string}"},"query-input":{"@type":"PropertyValueSpecification","valueRequired":true,"valueName":"search_term_string"}}],"inLanguage":"es"},{"@type":"Organization","@id":"https:\/\/www.escapadarural.com\/blog\/#organization","name":"EscapadaRural","url":"https:\/\/www.escapadarural.com\/blog\/","logo":{"@type":"ImageObject","inLanguage":"es","@id":"https:\/\/www.escapadarural.com\/blog\/#\/schema\/logo\/image\/","url":"https:\/\/www.escapadarural.com\/blog\/wp-content\/uploads\/2024\/10\/cropped-cropped-escapada-rural-icon-mag-3.png","contentUrl":"https:\/\/www.escapadarural.com\/blog\/wp-content\/uploads\/2024\/10\/cropped-cropped-escapada-rural-icon-mag-3.png","width":512,"height":512,"caption":"EscapadaRural"},"image":{"@id":"https:\/\/www.escapadarural.com\/blog\/#\/schema\/logo\/image\/"},"sameAs":["https:\/\/www.facebook.com\/escapadarural","https:\/\/www.instagram.com\/escapadarural\/","https:\/\/www.youtube.com\/@escapadaruralcom"]},{"@type":"Person","@id":"https:\/\/www.escapadarural.com\/blog\/#\/schema\/person\/bd5b0d7ad308a0bf4efed73e8308b4fa","name":"Redacci\u00f3n ER","image":{"@type":"ImageObject","inLanguage":"es","@id":"https:\/\/www.escapadarural.com\/blog\/wp-content\/uploads\/2024\/10\/cropped-cropped-escapada-rural-icon-mag-3-96x96.png","url":"https:\/\/www.escapadarural.com\/blog\/wp-content\/uploads\/2024\/10\/cropped-cropped-escapada-rural-icon-mag-3-96x96.png","contentUrl":"https:\/\/www.escapadarural.com\/blog\/wp-content\/uploads\/2024\/10\/cropped-cropped-escapada-rural-icon-mag-3-96x96.png","caption":"Redacci\u00f3n ER"},"description":"Nos encanta inspirar a viajeros y ayudar a los propietarios con nuestros contenidos","url":"https:\/\/www.escapadarural.com\/blog\/autor\/admin\/"}]}},"_links":{"self":[{"href":"https:\/\/www.escapadarural.com\/blog\/wp-json\/wp\/v2\/posts\/40115","targetHints":{"allow":["GET"]}}],"collection":[{"href":"https:\/\/www.escapadarural.com\/blog\/wp-json\/wp\/v2\/posts"}],"about":[{"href":"https:\/\/www.escapadarural.com\/blog\/wp-json\/wp\/v2\/types\/post"}],"author":[{"embeddable":true,"href":"https:\/\/www.escapadarural.com\/blog\/wp-json\/wp\/v2\/users\/85"}],"replies":[{"embeddable":true,"href":"https:\/\/www.escapadarural.com\/blog\/wp-json\/wp\/v2\/comments?post=40115"}],"version-history":[{"count":0,"href":"https:\/\/www.escapadarural.com\/blog\/wp-json\/wp\/v2\/posts\/40115\/revisions"}],"wp:featuredmedia":[{"embeddable":true,"href":"https:\/\/www.escapadarural.com\/blog\/wp-json\/wp\/v2\/media\/97371"}],"wp:attachment":[{"href":"https:\/\/www.escapadarural.com\/blog\/wp-json\/wp\/v2\/media?parent=40115"}],"wp:term":[{"taxonomy":"category","embeddable":true,"href":"https:\/\/www.escapadarural.com\/blog\/wp-json\/wp\/v2\/categories?post=40115"},{"taxonomy":"post_tag","embeddable":true,"href":"https:\/\/www.escapadarural.com\/blog\/wp-json\/wp\/v2\/tags?post=40115"}],"curies":[{"name":"wp","href":"https:\/\/api.w.org\/{rel}","templated":true}]}}