{"id":40147,"date":"2021-05-31T08:48:15","date_gmt":"2021-05-31T07:48:15","guid":{"rendered":"https:\/\/www.escapadarural.com\/blog\/?p=40147"},"modified":"2025-08-11T14:34:47","modified_gmt":"2025-08-11T12:34:47","slug":"faro-de-orchilla-y-antiguo-meridiano-cero","status":"publish","type":"post","link":"https:\/\/www.escapadarural.com\/blog\/faro-de-orchilla-y-antiguo-meridiano-cero\/","title":{"rendered":"Faro de Orchilla y el antiguo Meridiano Cero"},"content":{"rendered":"\n<figure class=\"wp-block-image size-large\"><a href=\"https:\/\/www.escapadarural.com\/blog\/wp-content\/uploads\/el-hierro-faro-de-orchilla-y-alrededores-vista-del-faro.jpg\"><img decoding=\"async\" src=\"https:\/\/www.escapadarural.com\/blog\/wp-content\/uploads\/el-hierro-faro-de-orchilla-y-alrededores-vista-del-faro.jpg\" alt=\"Faro de Orchilla y antiguo Meridiano Cero en el Hierro\" class=\"wp-image-40154\"\/><\/a><figcaption class=\"wp-element-caption\">Por El\u00edsabet Garc\u00eda<\/figcaption><\/figure>\n\n\n\n<p>La <strong>diversidad paisaj\u00edstica<\/strong> de la isla canaria de <strong><a href=\"\/casas-rurales\/el-hierro\" class=\"rank-math-link\">El Hierro<\/a><\/strong> es abrumadora. En sus escasos kil\u00f3metros cuadrados de superficie, coexisten para\u00edsos verdes que te inundan de naturaleza, maravillosos lugares donde darse un chapuz\u00f3n en el Atl\u00e1ntico, miradores que quitan el hipo, tesoros submarinos y rincones salvajes tapizados de lava petrificada que desprenden un innegable magnetismo. Hoy te hablamos de dos rincones muy especiales que pertenecen a este \u00faltimo grupo: el <strong>faro de Orchilla<\/strong> y el que en su d\u00eda fue el punto exacto por el que pasaba el <strong>Meridiano Cero<\/strong>. <\/p>\n\n\n\n<p>El <strong>faro de Orchilla<\/strong> es el punto m\u00e1s occidental de Espa\u00f1a y pertenece al municipio herre\u00f1o de El Pinar. Se encendi\u00f3 por vez primera en septiembre de 1933 y su <strong>sobria pero elegante construcci\u00f3n<\/strong>, levantada por completo con piedra de canter\u00eda, destaca sobre el oscuro manto negro de lava volc\u00e1nica que cubre esta zona de la isla. Un \u00e1rea declarada <strong>Reserva Marina en 1996<\/strong> donde conviven, en armon\u00eda, la pesca artesanal, la investigaci\u00f3n y el submarinismo. Ingredientes que han convertido a este lugar en <strong>uno de los m\u00e1s visitados de la isla por su belleza y biodiversidad<\/strong>.<\/p>\n\n\n\n<figure class=\"wp-block-image size-large\"><a href=\"https:\/\/www.escapadarural.com\/blog\/wp-content\/uploads\/el-hierro-faro-de-orchilla-y-alrededores-vista-general.jpg\"><img decoding=\"async\" src=\"https:\/\/www.escapadarural.com\/blog\/wp-content\/uploads\/el-hierro-faro-de-orchilla-y-alrededores-vista-general.jpg\" alt=\"Faro de Orchilla y antiguo Meridiano Cero en el Hierro\" class=\"wp-image-40155\"\/><\/a><figcaption class=\"wp-element-caption\">Por El\u00edsabet Garc\u00eda<\/figcaption><\/figure>\n\n\n\n<p>Llegar al <strong>inh\u00f3spito emplazamiento<\/strong> requiere de una <strong>buena dosis de paciencia para recorrer las infinitas curvas de la carretera serpenteante Hi-503<\/strong>. Aunque bien merece la pena por disfrutar de un paisaje que desprende una <strong>fuerza visual abrumadora<\/strong> y que est\u00e1 cargado de misticismo por las leyendas que se han contado en esos tiempos cuando se cre\u00eda que la Tierra era plana. O, ya en tiempos m\u00e1s modernos, por la cantidad de historias de los marineros que iban y ven\u00edan de tierras americanas. Sea por uno u otro motivo, <strong>el faro de Orchilla y sus alrededores transmiten esa magia inherente a los lugares fronterizos<\/strong>.<\/p>\n\n\n\n<figure class=\"wp-block-image size-large\"><a href=\"https:\/\/www.escapadarural.com\/blog\/wp-content\/uploads\/el-hierro-faro-de-orchilla-y-alrededores-indicaciones.jpg\"><img decoding=\"async\" src=\"https:\/\/www.escapadarural.com\/blog\/wp-content\/uploads\/el-hierro-faro-de-orchilla-y-alrededores-indicaciones.jpg\" alt=\"Faro de Orchilla y antiguo Meridiano Cero en el Hierro\" class=\"wp-image-40151\"\/><\/a><figcaption class=\"wp-element-caption\">Por El\u00edsabet Garc\u00eda<\/figcaption><\/figure>\n\n\n\n<p>Pero el faro no es el \u00fanico rinc\u00f3n especial de esta parte de El Hierro. Apenas un kil\u00f3metro antes de llegar a la gu\u00eda marinera, da comienzo un <strong>sencillo sendero de 1.4 kil\u00f3metros (ida<\/strong>), bien se\u00f1alizado pero desprovisto de sombra. Conduce al <strong>monumento que homenajea<\/strong> esos a\u00f1os en los que, en este lugar, se estableci\u00f3 <strong>el Meridiano Cero<\/strong>.<\/p>\n\n\n\n<figure class=\"wp-block-image size-large\"><a href=\"https:\/\/www.escapadarural.com\/blog\/wp-content\/uploads\/el-hierro-faro-de-orchilla-y-alrededores-detalle-2.jpg\"><img decoding=\"async\" src=\"https:\/\/www.escapadarural.com\/blog\/wp-content\/uploads\/el-hierro-faro-de-orchilla-y-alrededores-detalle-2.jpg\" alt=\"Faro de Orchilla y antiguo Meridiano Cero en el Hierro\" class=\"wp-image-40150\"\/><\/a><figcaption class=\"wp-element-caption\">Por El\u00edsabet Garc\u00eda<\/figcaption><\/figure>\n\n\n\n<p>S\u00ed, en efecto. <strong>Desde 1634<\/strong> -a\u00f1o en el que lo establecieron los franceses- <strong>hasta el siglo XIX<\/strong>, cuando Inglaterra lo defini\u00f3 en Greenwich, <strong>el Meridiano 0<\/strong>, la l\u00ednea imaginaria por la que se reg\u00edan los mapas cartogr\u00e1ficos, las variaciones horarias y la navegaci\u00f3n mundial, <strong>pasaba por El Hierro<\/strong>. <\/p>\n\n\n\n<figure class=\"wp-block-image size-large\"><a href=\"https:\/\/www.escapadarural.com\/blog\/wp-content\/uploads\/el-hierro-faro-de-orchilla-y-alrededores-meridiano-0.jpg\"><img decoding=\"async\" src=\"https:\/\/www.escapadarural.com\/blog\/wp-content\/uploads\/el-hierro-faro-de-orchilla-y-alrededores-meridiano-0.jpg\" alt=\"Faro de Orchilla y antiguo Meridiano Cero en el Hierro\" class=\"wp-image-40152\"\/><\/a><figcaption class=\"wp-element-caption\">Por El\u00edsabet Garc\u00eda<\/figcaption><\/figure>\n\n\n\n<p>La visita a esta singular zona herre\u00f1a la completa el <strong>muelle de Orchilla<\/strong>, la \u00fanica v\u00eda que permit\u00eda alcanzar este extremo de la isla cuando a\u00fan no exist\u00edan las carreteras. <\/p>\n\n\n\n<figure class=\"wp-block-image size-large\"><a href=\"https:\/\/www.escapadarural.com\/blog\/wp-content\/uploads\/el-hierro-faro-de-orchilla-y-alrededores-muelle.jpg\"><img decoding=\"async\" src=\"https:\/\/www.escapadarural.com\/blog\/wp-content\/uploads\/el-hierro-faro-de-orchilla-y-alrededores-muelle.jpg\" alt=\"Faro de Orchilla y antiguo Meridiano Cero en el Hierro\" class=\"wp-image-40153\"\/><\/a><figcaption class=\"wp-element-caption\">Por El\u00edsabet Garc\u00eda<\/figcaption><\/figure>\n\n\n\n<p>Un lugar hist\u00f3rico, al que se llega por un breve tramo de carretera sin asfaltar que parte del propio faro. Dada la quietud de las aguas que lo rodean, el <strong>mar de las Calmas<\/strong>, se ha convertido en <strong>una de las zonas de ba\u00f1o m\u00e1s demandadas <\/strong>por los que habitan y visitan El Hierro.<\/p>\n\n\n\n<div class=\"wp-block-buttons is-layout-flex wp-block-buttons-is-layout-flex\">\n<div class=\"wp-block-button\"><a class=\"wp-block-button__link wp-element-button\" href=\"https:\/\/www.escapadarural.com\/casas-rurales\/el-hierro\">Casas rurales en El Hierro<\/a><\/div>\n<\/div>\n","protected":false},"excerpt":{"rendered":"<p>La diversidad paisaj\u00edstica de la isla canaria de El Hierro es abrumadora. En sus escasos kil\u00f3metros cuadrados de superficie, coexisten para\u00edsos verdes que te inundan de naturaleza, maravillosos lugares donde darse un chapuz\u00f3n en el Atl\u00e1ntico, miradores que quitan el hipo, tesoros submarinos y rincones salvajes tapizados de lava petrificada que desprenden un innegable magnetismo.<\/p>\n","protected":false},"author":109,"featured_media":101756,"comment_status":"open","ping_status":"open","sticky":false,"template":"","format":"standard","meta":{"_acf_changed":false,"om_disable_all_campaigns":false,"footnotes":""},"categories":[1379],"tags":[260,605,2154,1905,307],"class_list":["post-40147","post","type-post","status-publish","format-standard","has-post-thumbnail","hentry","category-rutas-y-excursiones","tag-articulo","tag-el-hierro","tag-espacios-naturales","tag-faro-de-punta-orchilla","tag-que-ver-en-islas-canarias"],"acf":[],"featured_image_src":"https:\/\/www.escapadarural.com\/blog\/wp-content\/uploads\/2024\/10\/el-hierro-faro-de-orchilla-y-alrededores-vista-del-faro-2.jpg","author_info":{"display_name":"El\u00edsabet Garc\u00eda","author_link":"https:\/\/www.escapadarural.com\/blog\/autor\/lagranescapada\/"},"yoast_head":"<!-- This site is optimized with the Yoast SEO plugin v27.2 - https:\/\/yoast.com\/product\/yoast-seo-wordpress\/ -->\n<title>Faro de Orchilla y el antiguo Meridiano Cero - EscapadaRural<\/title>\n<meta name=\"robots\" content=\"index, follow, max-snippet:-1, max-image-preview:large, max-video-preview:-1\" \/>\n<link rel=\"canonical\" href=\"https:\/\/www.escapadarural.com\/blog\/faro-de-orchilla-y-antiguo-meridiano-cero\/\" \/>\n<meta property=\"og:locale\" content=\"es_ES\" \/>\n<meta property=\"og:type\" content=\"article\" \/>\n<meta property=\"og:title\" content=\"Faro de Orchilla y el antiguo Meridiano Cero - EscapadaRural\" \/>\n<meta property=\"og:description\" content=\"La diversidad paisaj\u00edstica de la isla canaria de El Hierro es abrumadora. En sus escasos kil\u00f3metros cuadrados de superficie, coexisten para\u00edsos verdes que te inundan de naturaleza, maravillosos lugares donde darse un chapuz\u00f3n en el Atl\u00e1ntico, miradores que quitan el hipo, tesoros submarinos y rincones salvajes tapizados de lava petrificada que desprenden un innegable magnetismo.\" \/>\n<meta property=\"og:url\" content=\"https:\/\/www.escapadarural.com\/blog\/faro-de-orchilla-y-antiguo-meridiano-cero\/\" \/>\n<meta property=\"og:site_name\" content=\"Magazine de viajes de EscapadaRural\" \/>\n<meta property=\"article:publisher\" content=\"https:\/\/www.facebook.com\/escapadarural\" \/>\n<meta property=\"article:published_time\" content=\"2021-05-31T07:48:15+00:00\" \/>\n<meta property=\"article:modified_time\" content=\"2025-08-11T12:34:47+00:00\" \/>\n<meta property=\"og:image\" content=\"https:\/\/www.escapadarural.com\/blog\/wp-content\/uploads\/2024\/10\/el-hierro-faro-de-orchilla-y-alrededores-vista-del-faro-2.jpg?v=1754915688\" \/>\n\t<meta property=\"og:image:width\" content=\"1000\" \/>\n\t<meta property=\"og:image:height\" content=\"750\" \/>\n\t<meta property=\"og:image:type\" content=\"image\/jpeg\" \/>\n<meta name=\"author\" content=\"El\u00edsabet Garc\u00eda\" \/>\n<meta name=\"twitter:card\" content=\"summary_large_image\" \/>\n<meta name=\"twitter:label1\" content=\"Escrito por\" \/>\n\t<meta name=\"twitter:data1\" content=\"El\u00edsabet Garc\u00eda\" \/>\n\t<meta name=\"twitter:label2\" content=\"Tiempo de lectura\" \/>\n\t<meta name=\"twitter:data2\" content=\"3 minutos\" \/>\n<script type=\"application\/ld+json\" class=\"yoast-schema-graph\">{\"@context\":\"https:\/\/schema.org\",\"@graph\":[{\"@type\":\"Article\",\"@id\":\"https:\/\/www.escapadarural.com\/blog\/faro-de-orchilla-y-antiguo-meridiano-cero\/#article\",\"isPartOf\":{\"@id\":\"https:\/\/www.escapadarural.com\/blog\/faro-de-orchilla-y-antiguo-meridiano-cero\/\"},\"author\":{\"name\":\"El\u00edsabet Garc\u00eda\",\"@id\":\"https:\/\/www.escapadarural.com\/blog\/#\/schema\/person\/2cac652e2d16373a24890ffaa220140f\"},\"headline\":\"Faro de Orchilla y el antiguo Meridiano Cero\",\"datePublished\":\"2021-05-31T07:48:15+00:00\",\"dateModified\":\"2025-08-11T12:34:47+00:00\",\"mainEntityOfPage\":{\"@id\":\"https:\/\/www.escapadarural.com\/blog\/faro-de-orchilla-y-antiguo-meridiano-cero\/\"},\"wordCount\":556,\"commentCount\":0,\"publisher\":{\"@id\":\"https:\/\/www.escapadarural.com\/blog\/#organization\"},\"image\":{\"@id\":\"https:\/\/www.escapadarural.com\/blog\/faro-de-orchilla-y-antiguo-meridiano-cero\/#primaryimage\"},\"thumbnailUrl\":\"https:\/\/www.escapadarural.com\/blog\/wp-content\/uploads\/2024\/10\/el-hierro-faro-de-orchilla-y-alrededores-vista-del-faro-2.jpg\",\"keywords\":[\"art\u00edculo\",\"El Hierro\",\"Espacios naturales\",\"Faro de Punta Orchilla\",\"Islas Canarias\"],\"articleSection\":[\"Rutas y excursiones\"],\"inLanguage\":\"es\",\"potentialAction\":[{\"@type\":\"CommentAction\",\"name\":\"Comment\",\"target\":[\"https:\/\/www.escapadarural.com\/blog\/faro-de-orchilla-y-antiguo-meridiano-cero\/#respond\"]}]},{\"@type\":\"WebPage\",\"@id\":\"https:\/\/www.escapadarural.com\/blog\/faro-de-orchilla-y-antiguo-meridiano-cero\/\",\"url\":\"https:\/\/www.escapadarural.com\/blog\/faro-de-orchilla-y-antiguo-meridiano-cero\/\",\"name\":\"Faro de Orchilla y el antiguo Meridiano Cero - EscapadaRural\",\"isPartOf\":{\"@id\":\"https:\/\/www.escapadarural.com\/blog\/#website\"},\"primaryImageOfPage\":{\"@id\":\"https:\/\/www.escapadarural.com\/blog\/faro-de-orchilla-y-antiguo-meridiano-cero\/#primaryimage\"},\"image\":{\"@id\":\"https:\/\/www.escapadarural.com\/blog\/faro-de-orchilla-y-antiguo-meridiano-cero\/#primaryimage\"},\"thumbnailUrl\":\"https:\/\/www.escapadarural.com\/blog\/wp-content\/uploads\/2024\/10\/el-hierro-faro-de-orchilla-y-alrededores-vista-del-faro-2.jpg\",\"datePublished\":\"2021-05-31T07:48:15+00:00\",\"dateModified\":\"2025-08-11T12:34:47+00:00\",\"breadcrumb\":{\"@id\":\"https:\/\/www.escapadarural.com\/blog\/faro-de-orchilla-y-antiguo-meridiano-cero\/#breadcrumb\"},\"inLanguage\":\"es\",\"potentialAction\":[{\"@type\":\"ReadAction\",\"target\":[\"https:\/\/www.escapadarural.com\/blog\/faro-de-orchilla-y-antiguo-meridiano-cero\/\"]}]},{\"@type\":\"ImageObject\",\"inLanguage\":\"es\",\"@id\":\"https:\/\/www.escapadarural.com\/blog\/faro-de-orchilla-y-antiguo-meridiano-cero\/#primaryimage\",\"url\":\"https:\/\/www.escapadarural.com\/blog\/wp-content\/uploads\/2024\/10\/el-hierro-faro-de-orchilla-y-alrededores-vista-del-faro-2.jpg\",\"contentUrl\":\"https:\/\/www.escapadarural.com\/blog\/wp-content\/uploads\/2024\/10\/el-hierro-faro-de-orchilla-y-alrededores-vista-del-faro-2.jpg\",\"width\":1000,\"height\":750,\"caption\":\"Faro de Orchilla, uno de los extremos de Espa\u00f1a\"},{\"@type\":\"BreadcrumbList\",\"@id\":\"https:\/\/www.escapadarural.com\/blog\/faro-de-orchilla-y-antiguo-meridiano-cero\/#breadcrumb\",\"itemListElement\":[{\"@type\":\"ListItem\",\"position\":1,\"name\":\"Inicio\",\"item\":\"https:\/\/www.escapadarural.com\/blog\/\"},{\"@type\":\"ListItem\",\"position\":2,\"name\":\"Rutas y excursiones\",\"item\":\"https:\/\/www.escapadarural.com\/blog\/categoria\/rutas-y-excursiones\/\"},{\"@type\":\"ListItem\",\"position\":3,\"name\":\"Faro de Orchilla y el antiguo Meridiano Cero\"}]},{\"@type\":\"WebSite\",\"@id\":\"https:\/\/www.escapadarural.com\/blog\/#website\",\"url\":\"https:\/\/www.escapadarural.com\/blog\/\",\"name\":\"Blog de viajes | turismo rural, alojamientos e inspiraci\u00f3n\",\"description\":\"Alojamientos rurales e inspiraci\u00f3n para tus escapadas\",\"publisher\":{\"@id\":\"https:\/\/www.escapadarural.com\/blog\/#organization\"},\"alternateName\":\"Magazine de viajes de EscapadaRural\",\"potentialAction\":[{\"@type\":\"SearchAction\",\"target\":{\"@type\":\"EntryPoint\",\"urlTemplate\":\"https:\/\/www.escapadarural.com\/blog\/?s={search_term_string}\"},\"query-input\":{\"@type\":\"PropertyValueSpecification\",\"valueRequired\":true,\"valueName\":\"search_term_string\"}}],\"inLanguage\":\"es\"},{\"@type\":\"Organization\",\"@id\":\"https:\/\/www.escapadarural.com\/blog\/#organization\",\"name\":\"EscapadaRural\",\"url\":\"https:\/\/www.escapadarural.com\/blog\/\",\"logo\":{\"@type\":\"ImageObject\",\"inLanguage\":\"es\",\"@id\":\"https:\/\/www.escapadarural.com\/blog\/#\/schema\/logo\/image\/\",\"url\":\"https:\/\/www.escapadarural.com\/blog\/wp-content\/uploads\/2024\/10\/cropped-cropped-escapada-rural-icon-mag-3.png\",\"contentUrl\":\"https:\/\/www.escapadarural.com\/blog\/wp-content\/uploads\/2024\/10\/cropped-cropped-escapada-rural-icon-mag-3.png\",\"width\":512,\"height\":512,\"caption\":\"EscapadaRural\"},\"image\":{\"@id\":\"https:\/\/www.escapadarural.com\/blog\/#\/schema\/logo\/image\/\"},\"sameAs\":[\"https:\/\/www.facebook.com\/escapadarural\",\"https:\/\/www.instagram.com\/escapadarural\/\",\"https:\/\/www.youtube.com\/@escapadaruralcom\"]},{\"@type\":\"Person\",\"@id\":\"https:\/\/www.escapadarural.com\/blog\/#\/schema\/person\/2cac652e2d16373a24890ffaa220140f\",\"name\":\"El\u00edsabet Garc\u00eda\",\"image\":{\"@type\":\"ImageObject\",\"inLanguage\":\"es\",\"@id\":\"https:\/\/www.escapadarural.com\/blog\/wp-content\/uploads\/2025\/02\/elisabet_gran_escapada.webp\",\"url\":\"https:\/\/www.escapadarural.com\/blog\/wp-content\/uploads\/2025\/02\/elisabet_gran_escapada.webp\",\"contentUrl\":\"https:\/\/www.escapadarural.com\/blog\/wp-content\/uploads\/2025\/02\/elisabet_gran_escapada.webp\",\"caption\":\"El\u00edsabet Garc\u00eda\"},\"description\":\"Hola a todos! Soy El\u00edsabet Garc\u00eda, Consultora Inform\u00e1tica y, desde hace 7 a\u00f1os, blogger de viajes. Me apasiona viajar, conocer lugares inh\u00f3spitos, experimentar aventuras, perderme por la naturaleza y saborear la gastronom\u00eda local de cada lugar. Coeditora del blog lagranescapada.com junto a Mar Gonz\u00e1lez, un lugar que creamos para compartir cada nueva escapada que hacemos por el mundo.\",\"sameAs\":[\"https:\/\/lagranescapada.com\/\"],\"url\":\"https:\/\/www.escapadarural.com\/blog\/autor\/lagranescapada\/\"}]}<\/script>\n<!-- \/ Yoast SEO plugin. -->","yoast_head_json":{"title":"Faro de Orchilla y el antiguo Meridiano Cero - EscapadaRural","robots":{"index":"index","follow":"follow","max-snippet":"max-snippet:-1","max-image-preview":"max-image-preview:large","max-video-preview":"max-video-preview:-1"},"canonical":"https:\/\/www.escapadarural.com\/blog\/faro-de-orchilla-y-antiguo-meridiano-cero\/","og_locale":"es_ES","og_type":"article","og_title":"Faro de Orchilla y el antiguo Meridiano Cero - EscapadaRural","og_description":"La diversidad paisaj\u00edstica de la isla canaria de El Hierro es abrumadora. En sus escasos kil\u00f3metros cuadrados de superficie, coexisten para\u00edsos verdes que te inundan de naturaleza, maravillosos lugares donde darse un chapuz\u00f3n en el Atl\u00e1ntico, miradores que quitan el hipo, tesoros submarinos y rincones salvajes tapizados de lava petrificada que desprenden un innegable magnetismo.","og_url":"https:\/\/www.escapadarural.com\/blog\/faro-de-orchilla-y-antiguo-meridiano-cero\/","og_site_name":"Magazine de viajes de EscapadaRural","article_publisher":"https:\/\/www.facebook.com\/escapadarural","article_published_time":"2021-05-31T07:48:15+00:00","article_modified_time":"2025-08-11T12:34:47+00:00","og_image":[{"width":1000,"height":750,"url":"https:\/\/www.escapadarural.com\/blog\/wp-content\/uploads\/2024\/10\/el-hierro-faro-de-orchilla-y-alrededores-vista-del-faro-2.jpg?v=1754915688","type":"image\/jpeg"}],"author":"El\u00edsabet Garc\u00eda","twitter_card":"summary_large_image","twitter_misc":{"Escrito por":"El\u00edsabet Garc\u00eda","Tiempo de lectura":"3 minutos"},"schema":{"@context":"https:\/\/schema.org","@graph":[{"@type":"Article","@id":"https:\/\/www.escapadarural.com\/blog\/faro-de-orchilla-y-antiguo-meridiano-cero\/#article","isPartOf":{"@id":"https:\/\/www.escapadarural.com\/blog\/faro-de-orchilla-y-antiguo-meridiano-cero\/"},"author":{"name":"El\u00edsabet Garc\u00eda","@id":"https:\/\/www.escapadarural.com\/blog\/#\/schema\/person\/2cac652e2d16373a24890ffaa220140f"},"headline":"Faro de Orchilla y el antiguo Meridiano Cero","datePublished":"2021-05-31T07:48:15+00:00","dateModified":"2025-08-11T12:34:47+00:00","mainEntityOfPage":{"@id":"https:\/\/www.escapadarural.com\/blog\/faro-de-orchilla-y-antiguo-meridiano-cero\/"},"wordCount":556,"commentCount":0,"publisher":{"@id":"https:\/\/www.escapadarural.com\/blog\/#organization"},"image":{"@id":"https:\/\/www.escapadarural.com\/blog\/faro-de-orchilla-y-antiguo-meridiano-cero\/#primaryimage"},"thumbnailUrl":"https:\/\/www.escapadarural.com\/blog\/wp-content\/uploads\/2024\/10\/el-hierro-faro-de-orchilla-y-alrededores-vista-del-faro-2.jpg","keywords":["art\u00edculo","El Hierro","Espacios naturales","Faro de Punta Orchilla","Islas Canarias"],"articleSection":["Rutas y excursiones"],"inLanguage":"es","potentialAction":[{"@type":"CommentAction","name":"Comment","target":["https:\/\/www.escapadarural.com\/blog\/faro-de-orchilla-y-antiguo-meridiano-cero\/#respond"]}]},{"@type":"WebPage","@id":"https:\/\/www.escapadarural.com\/blog\/faro-de-orchilla-y-antiguo-meridiano-cero\/","url":"https:\/\/www.escapadarural.com\/blog\/faro-de-orchilla-y-antiguo-meridiano-cero\/","name":"Faro de Orchilla y el antiguo Meridiano Cero - EscapadaRural","isPartOf":{"@id":"https:\/\/www.escapadarural.com\/blog\/#website"},"primaryImageOfPage":{"@id":"https:\/\/www.escapadarural.com\/blog\/faro-de-orchilla-y-antiguo-meridiano-cero\/#primaryimage"},"image":{"@id":"https:\/\/www.escapadarural.com\/blog\/faro-de-orchilla-y-antiguo-meridiano-cero\/#primaryimage"},"thumbnailUrl":"https:\/\/www.escapadarural.com\/blog\/wp-content\/uploads\/2024\/10\/el-hierro-faro-de-orchilla-y-alrededores-vista-del-faro-2.jpg","datePublished":"2021-05-31T07:48:15+00:00","dateModified":"2025-08-11T12:34:47+00:00","breadcrumb":{"@id":"https:\/\/www.escapadarural.com\/blog\/faro-de-orchilla-y-antiguo-meridiano-cero\/#breadcrumb"},"inLanguage":"es","potentialAction":[{"@type":"ReadAction","target":["https:\/\/www.escapadarural.com\/blog\/faro-de-orchilla-y-antiguo-meridiano-cero\/"]}]},{"@type":"ImageObject","inLanguage":"es","@id":"https:\/\/www.escapadarural.com\/blog\/faro-de-orchilla-y-antiguo-meridiano-cero\/#primaryimage","url":"https:\/\/www.escapadarural.com\/blog\/wp-content\/uploads\/2024\/10\/el-hierro-faro-de-orchilla-y-alrededores-vista-del-faro-2.jpg","contentUrl":"https:\/\/www.escapadarural.com\/blog\/wp-content\/uploads\/2024\/10\/el-hierro-faro-de-orchilla-y-alrededores-vista-del-faro-2.jpg","width":1000,"height":750,"caption":"Faro de Orchilla, uno de los extremos de Espa\u00f1a"},{"@type":"BreadcrumbList","@id":"https:\/\/www.escapadarural.com\/blog\/faro-de-orchilla-y-antiguo-meridiano-cero\/#breadcrumb","itemListElement":[{"@type":"ListItem","position":1,"name":"Inicio","item":"https:\/\/www.escapadarural.com\/blog\/"},{"@type":"ListItem","position":2,"name":"Rutas y excursiones","item":"https:\/\/www.escapadarural.com\/blog\/categoria\/rutas-y-excursiones\/"},{"@type":"ListItem","position":3,"name":"Faro de Orchilla y el antiguo Meridiano Cero"}]},{"@type":"WebSite","@id":"https:\/\/www.escapadarural.com\/blog\/#website","url":"https:\/\/www.escapadarural.com\/blog\/","name":"Blog de viajes | turismo rural, alojamientos e inspiraci\u00f3n","description":"Alojamientos rurales e inspiraci\u00f3n para tus escapadas","publisher":{"@id":"https:\/\/www.escapadarural.com\/blog\/#organization"},"alternateName":"Magazine de viajes de EscapadaRural","potentialAction":[{"@type":"SearchAction","target":{"@type":"EntryPoint","urlTemplate":"https:\/\/www.escapadarural.com\/blog\/?s={search_term_string}"},"query-input":{"@type":"PropertyValueSpecification","valueRequired":true,"valueName":"search_term_string"}}],"inLanguage":"es"},{"@type":"Organization","@id":"https:\/\/www.escapadarural.com\/blog\/#organization","name":"EscapadaRural","url":"https:\/\/www.escapadarural.com\/blog\/","logo":{"@type":"ImageObject","inLanguage":"es","@id":"https:\/\/www.escapadarural.com\/blog\/#\/schema\/logo\/image\/","url":"https:\/\/www.escapadarural.com\/blog\/wp-content\/uploads\/2024\/10\/cropped-cropped-escapada-rural-icon-mag-3.png","contentUrl":"https:\/\/www.escapadarural.com\/blog\/wp-content\/uploads\/2024\/10\/cropped-cropped-escapada-rural-icon-mag-3.png","width":512,"height":512,"caption":"EscapadaRural"},"image":{"@id":"https:\/\/www.escapadarural.com\/blog\/#\/schema\/logo\/image\/"},"sameAs":["https:\/\/www.facebook.com\/escapadarural","https:\/\/www.instagram.com\/escapadarural\/","https:\/\/www.youtube.com\/@escapadaruralcom"]},{"@type":"Person","@id":"https:\/\/www.escapadarural.com\/blog\/#\/schema\/person\/2cac652e2d16373a24890ffaa220140f","name":"El\u00edsabet Garc\u00eda","image":{"@type":"ImageObject","inLanguage":"es","@id":"https:\/\/www.escapadarural.com\/blog\/wp-content\/uploads\/2025\/02\/elisabet_gran_escapada.webp","url":"https:\/\/www.escapadarural.com\/blog\/wp-content\/uploads\/2025\/02\/elisabet_gran_escapada.webp","contentUrl":"https:\/\/www.escapadarural.com\/blog\/wp-content\/uploads\/2025\/02\/elisabet_gran_escapada.webp","caption":"El\u00edsabet Garc\u00eda"},"description":"Hola a todos! Soy El\u00edsabet Garc\u00eda, Consultora Inform\u00e1tica y, desde hace 7 a\u00f1os, blogger de viajes. Me apasiona viajar, conocer lugares inh\u00f3spitos, experimentar aventuras, perderme por la naturaleza y saborear la gastronom\u00eda local de cada lugar. Coeditora del blog lagranescapada.com junto a Mar Gonz\u00e1lez, un lugar que creamos para compartir cada nueva escapada que hacemos por el mundo.","sameAs":["https:\/\/lagranescapada.com\/"],"url":"https:\/\/www.escapadarural.com\/blog\/autor\/lagranescapada\/"}]}},"_links":{"self":[{"href":"https:\/\/www.escapadarural.com\/blog\/wp-json\/wp\/v2\/posts\/40147","targetHints":{"allow":["GET"]}}],"collection":[{"href":"https:\/\/www.escapadarural.com\/blog\/wp-json\/wp\/v2\/posts"}],"about":[{"href":"https:\/\/www.escapadarural.com\/blog\/wp-json\/wp\/v2\/types\/post"}],"author":[{"embeddable":true,"href":"https:\/\/www.escapadarural.com\/blog\/wp-json\/wp\/v2\/users\/109"}],"replies":[{"embeddable":true,"href":"https:\/\/www.escapadarural.com\/blog\/wp-json\/wp\/v2\/comments?post=40147"}],"version-history":[{"count":0,"href":"https:\/\/www.escapadarural.com\/blog\/wp-json\/wp\/v2\/posts\/40147\/revisions"}],"wp:featuredmedia":[{"embeddable":true,"href":"https:\/\/www.escapadarural.com\/blog\/wp-json\/wp\/v2\/media\/101756"}],"wp:attachment":[{"href":"https:\/\/www.escapadarural.com\/blog\/wp-json\/wp\/v2\/media?parent=40147"}],"wp:term":[{"taxonomy":"category","embeddable":true,"href":"https:\/\/www.escapadarural.com\/blog\/wp-json\/wp\/v2\/categories?post=40147"},{"taxonomy":"post_tag","embeddable":true,"href":"https:\/\/www.escapadarural.com\/blog\/wp-json\/wp\/v2\/tags?post=40147"}],"curies":[{"name":"wp","href":"https:\/\/api.w.org\/{rel}","templated":true}]}}