{"id":40247,"date":"2021-06-03T10:07:45","date_gmt":"2021-06-03T09:07:45","guid":{"rendered":"https:\/\/www.escapadarural.com\/blog\/?p=40247"},"modified":"2025-08-11T14:34:12","modified_gmt":"2025-08-11T12:34:12","slug":"la-ruta-de-chiquito","status":"publish","type":"post","link":"https:\/\/www.escapadarural.com\/blog\/la-ruta-de-chiquito\/","title":{"rendered":"La ruta de Chiquito y otros caminos con prestigio en Espa\u00f1a"},"content":{"rendered":"\n<figure class=\"wp-block-embed is-type-video is-provider-youtube wp-block-embed-youtube wp-embed-aspect-4-3 wp-has-aspect-ratio\"><div class=\"wp-block-embed__wrapper\">\n<span class=\"wNveuyEFL2jsc0PlXxkcz2IvVHJYQWqsbFKoHCa3gSmt1d6tDZiT6fYGVlCmo4kBu1bZNpJzSh4I0rnMUdLinO8\"><div class=\"video-shortcode\"><iframe title=\"LOS MEJORES CHISTES DE CHIQUITO DE LA CALZADA NS17\" width=\"1200\" height=\"900\" src=\"https:\/\/www.youtube.com\/embed\/oc97q8AEPxQ?feature=oembed\" frameborder=\"0\" allow=\"accelerometer; autoplay; clipboard-write; encrypted-media; gyroscope; picture-in-picture; web-share\" referrerpolicy=\"strict-origin-when-cross-origin\" allowfullscreen><\/iframe><\/div><\/span>\n<\/div><\/figure>\n\n\n\n<p>No solo consigui\u00f3 arrancar carcajadas, sino que cre\u00f3 un lenguaje propio que se introdujo en el habla popular en todos los estratos sociales. Es posible que al mismo tiempo pero en lugares muy diferentes, un acaudalado empresario por una parte y el limpiador de su oficina por otro, est\u00e9n contando un chiste que contenga la expresi\u00f3n \u2018fistro pecador\u2019. Ese fue uno de los grandes talentos -entre otros\u2013 de <strong>Chiquito de la Calzada, uno de nuestros c\u00f3micos m\u00e1s internacionales<\/strong> aunque en un principio nadie hubiera podido imaginarlo. Aunque lo mismo ocurri\u00f3 con la canci\u00f3n <em>Macarena<\/em> y hasta Bill Clinton lleg\u00f3 a bailarla.<\/p>\n\n\n\n<figure class=\"wp-block-image size-large\"><img decoding=\"async\" src=\"https:\/\/www.escapadarural.com\/blog\/wp-content\/uploads\/Chiquito_de_la_Calzada-768x1024.jpg\" alt=\"ruta de Chiquito de la Calzada\" class=\"wp-image-40306\"\/><figcaption class=\"wp-element-caption\">Por <a href=\"https:\/\/es.wikipedia.org\/wiki\/Chiquito_de_la_Calzada#\/media\/Archivo:Chiquito_de_la_Calzada.jpg\" class=\"rank-math-link\" target=\"_blank\">Daniel Capilla<\/a>.<\/figcaption><\/figure>\n\n\n\n<p>Ese poder de consenso de Gregorio S\u00e1nchez, que es el nombre original del artista, se volvi\u00f3 a hacer patente el pasado 21 de mayo, cuando la comisi\u00f3n municipal de Cultura del ayuntamiento de <a href=\"https:\/\/www.escapadarural.com\/casas-rurales\/malaga\" class=\"rank-math-link\">M\u00e1laga<\/a> aprob\u00f3 la moci\u00f3n de Adelante M\u00e1laga para crear una<strong> ruta de Chiquito de la Calzada por la ciudad<\/strong>. Todos los grupos municipales (Adelante M\u00e1laga, PSOE, PP y Ciudadanos) dijeron que s\u00ed, casi un milagro en estos tiempos revueltos en el sector pol\u00edtico.<\/p>\n\n\n\n<p>El camino tem\u00e1tico pasar\u00e1 por la casa en la que naci\u00f3, en Calzada de la Trinidad (de ah\u00ed el nombre art\u00edstico) o por el caf\u00e9 de Chinitas, del que era parroquiano, entre otros puntos relevantes. <strong>El detalle m\u00e1s novedoso es el sem\u00e1foro<\/strong> que en lugar de mostrar los tradicionales iconos de personas para dar o parar el paso, muestre la ya cl\u00e1sica figura de Chiquito. Tambi\u00e9n se est\u00e1 estudiando que incluya sonidos como \u2018jarl\u2019.<\/p>\n\n\n\n<p>La idea salida del consistorio seguramente <strong>se convierta en un reclamo tur\u00edstico de \u00e9xito<\/strong>. La figura del artista es muy apreciada incluso fuera del pa\u00eds \u2013sobre todo despu\u00e9s de su fallecimiento hace tres a\u00f1os\u2013 y atraer\u00e1 a un gran n\u00famero de seguidores que querr\u00e1n subir sus im\u00e1genes y v\u00eddeos junto al sem\u00e1foro a sus redes sociales sin duda.<\/p>\n\n\n\n<h2 class=\"wp-block-heading\" id=\"h-las-rutas-de-las-estrellas\"><strong>Las rutas de las estrellas<\/strong><\/h2>\n\n\n\n<p>Por supuesto, Chiquito no es el primero que tiene una ruta por los lugares relevantes de su biograf\u00eda. Principalmente porque Espa\u00f1a es un pa\u00eds con larga tradici\u00f3n cultural de la que han salido grandes creadores. Uno de ellos es <strong>Picasso, por ejemplo, que tambi\u00e9n tiene su propio recorrido por M\u00e1laga<\/strong>, su ciudad de nacimiento, adem\u00e1s de por <a href=\"https:\/\/www.escapadarural.com\/casas-rurales\/barcelona\" class=\"rank-math-link\">Barcelona<\/a> y <a href=\"https:\/\/www.escapadarural.com\/casas-rurales\/a-coruna\" class=\"rank-math-link\">A Coru\u00f1a<\/a> (fuera del pa\u00eds tambi\u00e9n tiene en Par\u00eds y Cannes).<\/p>\n\n\n\n<p>Sin salir de Andaluc\u00eda y en una provincia colindante, <a href=\"https:\/\/www.escapadarural.com\/casas-rurales\/cadiz\" class=\"rank-math-link\">C\u00e1diz<\/a>, hay otra ruta indispensable para los amantes de la copla y el folclore. Es la que sigue<strong> los pasos de Roc\u00edo Jurado por el pueblo en el que vio la luz por primera vez: <\/strong><a href=\"https:\/\/www.escapadarural.com\/casas-rurales\/chipiona\" class=\"rank-math-link\"><strong>Chipiona<\/strong><\/a>. El bar Tani, que tambi\u00e9n es un museo de la artista, su estrella de la fama \u2013situada junto al Santuario de la Virgen de Regla, de quien Jurado era devota\u2013, o el chalet en el que viv\u00eda llamado \u2018Mi abuela Roc\u00edo\u2019.&nbsp;<\/p>\n\n\n\n<p>Para recordar al tambi\u00e9n andaluz <strong>Federico Garc\u00eda Lorca hay que recorrer varios puntos de <\/strong><a class=\"rank-math-link\" href=\"https:\/\/www.escapadarural.com\/casas-rurales\/granada\"><strong>Granada<\/strong><\/a>, tierra de origen del escritor. Desde los pueblos de <a href=\"https:\/\/www.escapadarural.com\/casas-rurales\/fuente-vaqueros\" class=\"rank-math-link\">Fuente Vaqueros<\/a> o <a href=\"https:\/\/www.escapadarural.com\/casas-rurales\/valderrubio\" class=\"rank-math-link\">Valderrubio<\/a>, primeros lugares de residencia de Lorca hasta <a href=\"https:\/\/www.escapadarural.com\/casas-rurales\/viznar\" class=\"rank-math-link\">V\u00edznar<\/a>, cerca del Pe\u00f1\u00f3n de Colorado, el lugar donde se supone que lo fusilaron. La capital tambi\u00e9n tiene numerosos puntos de inter\u00e9s para sus lectores, de hecho hay numerosas ofertas de rutas para seguir su rastro.&nbsp;<\/p>\n\n\n\n<p>Lejos de Andaluc\u00eda hay otra escritora afamada que tambi\u00e9n tiene su propio itinerario hist\u00f3rico. Se trata <strong>de Emilia Pardo Baz\u00e1n, quien hace cien a\u00f1os naci\u00f3 en Galicia<\/strong>, concretamente en A Coru\u00f1a, donde se puede visitar la Casa Museo de Emilia Pardo Baz\u00e1n. Evidentemente, no se puede pasar por alto el Pazo de Meir\u00e1s, en Sada, donde la autora resid\u00eda durante parte del a\u00f1o. La condesa de Pardo pas\u00f3 muchos veranos en el castillo de Santa Cruz, erigido en <a class=\"rank-math-link\" href=\"https:\/\/www.escapadarural.com\/casas-rurales\/oleiros_a-coruna\">Oleiros<\/a>, que ahora acoge la sede del Centro de Extensi\u00f3n Universitaria e Divulgaci\u00f3n Ambiental de Galicia (CEIDA). Pontevedra tambi\u00e9n tiene algunos puntos de referencia, como Mondariz (era aficionada a los balnearios), Sanxenxo o la capital de la provincia.&nbsp;<\/p>\n\n\n\n<p><a href=\"https:\/\/www.escapadarural.com\/casas-rurales\/castilla-la-mancha\" class=\"rank-math-link\">Castilla- La Mancha<\/a> no solo tiene a Cervantes como personaje relevante a la hora de ejercer el turismo cultural. Resulta que <strong>Pedro Almod\u00f3var<\/strong>, manchego de pro, ha promocionado su comunidad en numerosas ocasiones a trav\u00e9s del medio que mejor domina: el cine. Ha rodado pel\u00edculas en <a href=\"https:\/\/www.escapadarural.com\/casas-rurales?l=almagro\" class=\"rank-math-link\">Almagro<\/a>, en Gran\u00e1tula de Calatrava y en Campo de Calatrava. De hecho, \u00e9l es originario de <a href=\"https:\/\/www.escapadarural.com\/casas-rurales\/calzada-de-calatrava\">Calzada de Calatrava<\/a>. Los fans de Sara Montiel tambi\u00e9n tienen su lugar de peregrinaci\u00f3n en la zona, ya que<strong> Sarit\u00edsima naci\u00f3 en Campo de Criptana (y tambi\u00e9n el m\u00fasico Luis Cobos)<\/strong> y por supuesto, hay rutas para seguir su biograf\u00eda. La actriz y cantante tambi\u00e9n tiene un recorrido en <a href=\"https:\/\/www.escapadarural.com\/casas-rurales\/orihuela\" class=\"rank-math-link\">Orihuela<\/a>, donde le concedieron el t\u00edtulo de \u2018Hija adoptiva\u2019.<\/p>\n\n\n\n<p>Camilo Jos\u00e9 Cela es uno de los grandes divulgadores de los atractivos del pa\u00eds que ha tenido Espa\u00f1a. El Premio Nobel de Literatura escribi\u00f3 varios libros de viajes, entre ellos <em>Viaje a la Alcarria<\/em>, que relata un recorrido que pasa por Torija y sigue por Brihuega, Trillo o Pastrana. Adem\u00e1s, tambi\u00e9n tiene otros vol\u00famenes como <em>Viaje a los Pirineos de L\u00e9rida<\/em>, <em>Primer viaje andaluz<\/em> o De Mi\u00f1o al Bidasoa. En este \u00faltimo realiza <strong>m\u00faltiples paradas en pueblos como Mondo\u00f1edo, Ribadeo o Muskiz<\/strong>.<\/p>\n\n\n\n<p>Estas son solo algunas de <strong>las rutas \u2018de famosos\u2019 <\/strong>que se pueden encontrar dentro del territorio, que tambi\u00e9n se puede conocer siguiendo el rastro de Goya, el camino que recorri\u00f3 el Cid o el Vigo de Julio Verne \u00bfAlguna m\u00e1s? Se aceptan propuestas.&nbsp;<\/p>\n\n\n\n<div class=\"wp-block-buttons is-layout-flex wp-block-buttons-is-layout-flex\">\n<div class=\"wp-block-button\"><a class=\"wp-block-button__link wp-element-button\" href=\"https:\/\/www.escapadarural.com\/casas-rurales\/malaga\">Casas rurales en M\u00e1laga<\/a><\/div>\n<\/div>\n","protected":false},"excerpt":{"rendered":"<p>Ese poder de consenso de Gregorio S\u00e1nchez, que es el nombre original del artista, se volvi\u00f3 a hacer patente el pasado 21 de mayo, cuando la comisi\u00f3n municipal de Cultura del ayuntamiento de M\u00e1laga aprob\u00f3 la moci\u00f3n de Adelante M\u00e1laga para crear una ruta oficial de Chiquito de la Calzada por la ciudad. Todos los grupos municipales (Adelante M\u00e1laga, PSOE, PP y Ciudadanos) dijeron que s\u00ed, casi un milagro en estos tiempos revueltos en el sector pol\u00edtico.<\/p>\n","protected":false},"author":114,"featured_media":101720,"comment_status":"open","ping_status":"open","sticky":false,"template":"","format":"standard","meta":{"_acf_changed":false,"om_disable_all_campaigns":false,"footnotes":""},"categories":[231,1379],"tags":[3334,3335,294,2235,3336,792,871],"class_list":["post-40247","post","type-post","status-publish","format-standard","has-post-thumbnail","hentry","category-arte-y-cultura","category-rutas-y-excursiones","tag-artistas","tag-chiquito-de-la-calzada","tag-cultura","tag-escritores","tag-famosos","tag-que-ver-en-malaga","tag-turismo-cultural"],"acf":[],"featured_image_src":"https:\/\/www.escapadarural.com\/blog\/wp-content\/uploads\/2024\/10\/Chiquito_de_la_Calzada-768x1024-2.jpg","author_info":{"display_name":"Carmen L\u00f3pez","author_link":"https:\/\/www.escapadarural.com\/blog\/autor\/carmenlopez\/"},"yoast_head":"<!-- This site is optimized with the Yoast SEO plugin v27.5 - https:\/\/yoast.com\/product\/yoast-seo-wordpress\/ -->\n<title>La ruta de Chiquito y otros caminos con prestigio en Espa\u00f1a - EscapadaRural<\/title>\n<meta name=\"robots\" content=\"index, follow, max-snippet:-1, max-image-preview:large, max-video-preview:-1\" \/>\n<link rel=\"canonical\" href=\"https:\/\/www.escapadarural.com\/blog\/la-ruta-de-chiquito\/\" \/>\n<meta property=\"og:locale\" content=\"es_ES\" \/>\n<meta property=\"og:type\" content=\"article\" \/>\n<meta property=\"og:title\" content=\"La ruta de Chiquito y otros caminos con prestigio en Espa\u00f1a - EscapadaRural\" \/>\n<meta property=\"og:description\" content=\"Ese poder de consenso de Gregorio S\u00e1nchez, que es el nombre original del artista, se volvi\u00f3 a hacer patente el pasado 21 de mayo, cuando la comisi\u00f3n municipal de Cultura del ayuntamiento de M\u00e1laga aprob\u00f3 la moci\u00f3n de Adelante M\u00e1laga para crear una ruta oficial de Chiquito de la Calzada por la ciudad. Todos los grupos municipales (Adelante M\u00e1laga, PSOE, PP y Ciudadanos) dijeron que s\u00ed, casi un milagro en estos tiempos revueltos en el sector pol\u00edtico.\" \/>\n<meta property=\"og:url\" content=\"https:\/\/www.escapadarural.com\/blog\/la-ruta-de-chiquito\/\" \/>\n<meta property=\"og:site_name\" content=\"Magazine de viajes de EscapadaRural\" \/>\n<meta property=\"article:publisher\" content=\"https:\/\/www.facebook.com\/escapadarural\" \/>\n<meta property=\"article:published_time\" content=\"2021-06-03T09:07:45+00:00\" \/>\n<meta property=\"article:modified_time\" content=\"2025-08-11T12:34:12+00:00\" \/>\n<meta property=\"og:image\" content=\"https:\/\/www.escapadarural.com\/blog\/wp-content\/uploads\/2024\/10\/Chiquito_de_la_Calzada-768x1024-2.jpg?v=1754915654\" \/>\n\t<meta property=\"og:image:width\" content=\"768\" \/>\n\t<meta property=\"og:image:height\" content=\"1024\" \/>\n\t<meta property=\"og:image:type\" content=\"image\/jpeg\" \/>\n<meta name=\"author\" content=\"Carmen L\u00f3pez\" \/>\n<meta name=\"twitter:card\" content=\"summary_large_image\" \/>\n<meta name=\"twitter:label1\" content=\"Escrito por\" \/>\n\t<meta name=\"twitter:data1\" content=\"Carmen L\u00f3pez\" \/>\n\t<meta name=\"twitter:label2\" content=\"Tiempo de lectura\" \/>\n\t<meta name=\"twitter:data2\" content=\"5 minutos\" \/>\n<script type=\"application\/ld+json\" class=\"yoast-schema-graph\">{\"@context\":\"https:\\\/\\\/schema.org\",\"@graph\":[{\"@type\":\"Article\",\"@id\":\"https:\\\/\\\/www.escapadarural.com\\\/blog\\\/la-ruta-de-chiquito\\\/#article\",\"isPartOf\":{\"@id\":\"https:\\\/\\\/www.escapadarural.com\\\/blog\\\/la-ruta-de-chiquito\\\/\"},\"author\":{\"name\":\"Carmen L\u00f3pez\",\"@id\":\"https:\\\/\\\/www.escapadarural.com\\\/blog\\\/#\\\/schema\\\/person\\\/42dfdff6118172efc6a04c8ae599a2ce\"},\"headline\":\"La ruta de Chiquito y otros caminos con prestigio en Espa\u00f1a\",\"datePublished\":\"2021-06-03T09:07:45+00:00\",\"dateModified\":\"2025-08-11T12:34:12+00:00\",\"mainEntityOfPage\":{\"@id\":\"https:\\\/\\\/www.escapadarural.com\\\/blog\\\/la-ruta-de-chiquito\\\/\"},\"wordCount\":1020,\"commentCount\":0,\"publisher\":{\"@id\":\"https:\\\/\\\/www.escapadarural.com\\\/blog\\\/#organization\"},\"image\":{\"@id\":\"https:\\\/\\\/www.escapadarural.com\\\/blog\\\/la-ruta-de-chiquito\\\/#primaryimage\"},\"thumbnailUrl\":\"https:\\\/\\\/www.escapadarural.com\\\/blog\\\/wp-content\\\/uploads\\\/2024\\\/10\\\/Chiquito_de_la_Calzada-768x1024-2.jpg\",\"keywords\":[\"artistas\",\"chiquito de la calzada\",\"cultura\",\"escritores\",\"famosos\",\"M\u00e1laga\",\"Turismo cultural\"],\"articleSection\":[\"Arte y Cultura\",\"Rutas y excursiones\"],\"inLanguage\":\"es\",\"potentialAction\":[{\"@type\":\"CommentAction\",\"name\":\"Comment\",\"target\":[\"https:\\\/\\\/www.escapadarural.com\\\/blog\\\/la-ruta-de-chiquito\\\/#respond\"]}]},{\"@type\":\"WebPage\",\"@id\":\"https:\\\/\\\/www.escapadarural.com\\\/blog\\\/la-ruta-de-chiquito\\\/\",\"url\":\"https:\\\/\\\/www.escapadarural.com\\\/blog\\\/la-ruta-de-chiquito\\\/\",\"name\":\"La ruta de Chiquito y otros caminos con prestigio en Espa\u00f1a - EscapadaRural\",\"isPartOf\":{\"@id\":\"https:\\\/\\\/www.escapadarural.com\\\/blog\\\/#website\"},\"primaryImageOfPage\":{\"@id\":\"https:\\\/\\\/www.escapadarural.com\\\/blog\\\/la-ruta-de-chiquito\\\/#primaryimage\"},\"image\":{\"@id\":\"https:\\\/\\\/www.escapadarural.com\\\/blog\\\/la-ruta-de-chiquito\\\/#primaryimage\"},\"thumbnailUrl\":\"https:\\\/\\\/www.escapadarural.com\\\/blog\\\/wp-content\\\/uploads\\\/2024\\\/10\\\/Chiquito_de_la_Calzada-768x1024-2.jpg\",\"datePublished\":\"2021-06-03T09:07:45+00:00\",\"dateModified\":\"2025-08-11T12:34:12+00:00\",\"breadcrumb\":{\"@id\":\"https:\\\/\\\/www.escapadarural.com\\\/blog\\\/la-ruta-de-chiquito\\\/#breadcrumb\"},\"inLanguage\":\"es\",\"potentialAction\":[{\"@type\":\"ReadAction\",\"target\":[\"https:\\\/\\\/www.escapadarural.com\\\/blog\\\/la-ruta-de-chiquito\\\/\"]}]},{\"@type\":\"ImageObject\",\"inLanguage\":\"es\",\"@id\":\"https:\\\/\\\/www.escapadarural.com\\\/blog\\\/la-ruta-de-chiquito\\\/#primaryimage\",\"url\":\"https:\\\/\\\/www.escapadarural.com\\\/blog\\\/wp-content\\\/uploads\\\/2024\\\/10\\\/Chiquito_de_la_Calzada-768x1024-2.jpg\",\"contentUrl\":\"https:\\\/\\\/www.escapadarural.com\\\/blog\\\/wp-content\\\/uploads\\\/2024\\\/10\\\/Chiquito_de_la_Calzada-768x1024-2.jpg\",\"width\":768,\"height\":1024,\"caption\":\"Un mural en blanco y negro representa a un hombre sonriente con entradas y vestido con una chaqueta estampada. El retrato es realista, resaltando los rasgos faciales y las texturas de forma estilizada.\"},{\"@type\":\"BreadcrumbList\",\"@id\":\"https:\\\/\\\/www.escapadarural.com\\\/blog\\\/la-ruta-de-chiquito\\\/#breadcrumb\",\"itemListElement\":[{\"@type\":\"ListItem\",\"position\":1,\"name\":\"Inicio\",\"item\":\"https:\\\/\\\/www.escapadarural.com\\\/blog\\\/\"},{\"@type\":\"ListItem\",\"position\":2,\"name\":\"Arte y Cultura\",\"item\":\"https:\\\/\\\/www.escapadarural.com\\\/blog\\\/categoria\\\/arte-y-cultura\\\/\"},{\"@type\":\"ListItem\",\"position\":3,\"name\":\"La ruta de Chiquito y otros caminos con prestigio en Espa\u00f1a\"}]},{\"@type\":\"WebSite\",\"@id\":\"https:\\\/\\\/www.escapadarural.com\\\/blog\\\/#website\",\"url\":\"https:\\\/\\\/www.escapadarural.com\\\/blog\\\/\",\"name\":\"Blog de viajes | turismo rural, alojamientos e inspiraci\u00f3n\",\"description\":\"Alojamientos rurales e inspiraci\u00f3n para tus escapadas\",\"publisher\":{\"@id\":\"https:\\\/\\\/www.escapadarural.com\\\/blog\\\/#organization\"},\"alternateName\":\"Magazine de viajes de EscapadaRural\",\"potentialAction\":[{\"@type\":\"SearchAction\",\"target\":{\"@type\":\"EntryPoint\",\"urlTemplate\":\"https:\\\/\\\/www.escapadarural.com\\\/blog\\\/?s={search_term_string}\"},\"query-input\":{\"@type\":\"PropertyValueSpecification\",\"valueRequired\":true,\"valueName\":\"search_term_string\"}}],\"inLanguage\":\"es\"},{\"@type\":\"Organization\",\"@id\":\"https:\\\/\\\/www.escapadarural.com\\\/blog\\\/#organization\",\"name\":\"EscapadaRural\",\"url\":\"https:\\\/\\\/www.escapadarural.com\\\/blog\\\/\",\"logo\":{\"@type\":\"ImageObject\",\"inLanguage\":\"es\",\"@id\":\"https:\\\/\\\/www.escapadarural.com\\\/blog\\\/#\\\/schema\\\/logo\\\/image\\\/\",\"url\":\"https:\\\/\\\/www.escapadarural.com\\\/blog\\\/wp-content\\\/uploads\\\/2024\\\/10\\\/cropped-cropped-escapada-rural-icon-mag-3.png\",\"contentUrl\":\"https:\\\/\\\/www.escapadarural.com\\\/blog\\\/wp-content\\\/uploads\\\/2024\\\/10\\\/cropped-cropped-escapada-rural-icon-mag-3.png\",\"width\":512,\"height\":512,\"caption\":\"EscapadaRural\"},\"image\":{\"@id\":\"https:\\\/\\\/www.escapadarural.com\\\/blog\\\/#\\\/schema\\\/logo\\\/image\\\/\"},\"sameAs\":[\"https:\\\/\\\/www.facebook.com\\\/escapadarural\",\"https:\\\/\\\/www.instagram.com\\\/escapadarural\\\/\",\"https:\\\/\\\/www.youtube.com\\\/@escapadaruralcom\"]},{\"@type\":\"Person\",\"@id\":\"https:\\\/\\\/www.escapadarural.com\\\/blog\\\/#\\\/schema\\\/person\\\/42dfdff6118172efc6a04c8ae599a2ce\",\"name\":\"Carmen L\u00f3pez\",\"image\":{\"@type\":\"ImageObject\",\"inLanguage\":\"es\",\"@id\":\"https:\\\/\\\/www.escapadarural.com\\\/blog\\\/wp-content\\\/uploads\\\/2024\\\/11\\\/cropped-perfil_eldiario-96x96-1-96x96.jpeg\",\"url\":\"https:\\\/\\\/www.escapadarural.com\\\/blog\\\/wp-content\\\/uploads\\\/2024\\\/11\\\/cropped-perfil_eldiario-96x96-1-96x96.jpeg\",\"contentUrl\":\"https:\\\/\\\/www.escapadarural.com\\\/blog\\\/wp-content\\\/uploads\\\/2024\\\/11\\\/cropped-perfil_eldiario-96x96-1-96x96.jpeg\",\"caption\":\"Carmen L\u00f3pez\"},\"description\":\"Soy periodista y escribo sobre cosas que importan en sitios que interesan desde hace m\u00e1s de una d\u00e9cada.\",\"url\":\"https:\\\/\\\/www.escapadarural.com\\\/blog\\\/autor\\\/carmenlopez\\\/\"}]}<\/script>\n<!-- \/ Yoast SEO plugin. -->","yoast_head_json":{"title":"La ruta de Chiquito y otros caminos con prestigio en Espa\u00f1a - EscapadaRural","robots":{"index":"index","follow":"follow","max-snippet":"max-snippet:-1","max-image-preview":"max-image-preview:large","max-video-preview":"max-video-preview:-1"},"canonical":"https:\/\/www.escapadarural.com\/blog\/la-ruta-de-chiquito\/","og_locale":"es_ES","og_type":"article","og_title":"La ruta de Chiquito y otros caminos con prestigio en Espa\u00f1a - EscapadaRural","og_description":"Ese poder de consenso de Gregorio S\u00e1nchez, que es el nombre original del artista, se volvi\u00f3 a hacer patente el pasado 21 de mayo, cuando la comisi\u00f3n municipal de Cultura del ayuntamiento de M\u00e1laga aprob\u00f3 la moci\u00f3n de Adelante M\u00e1laga para crear una ruta oficial de Chiquito de la Calzada por la ciudad. Todos los grupos municipales (Adelante M\u00e1laga, PSOE, PP y Ciudadanos) dijeron que s\u00ed, casi un milagro en estos tiempos revueltos en el sector pol\u00edtico.","og_url":"https:\/\/www.escapadarural.com\/blog\/la-ruta-de-chiquito\/","og_site_name":"Magazine de viajes de EscapadaRural","article_publisher":"https:\/\/www.facebook.com\/escapadarural","article_published_time":"2021-06-03T09:07:45+00:00","article_modified_time":"2025-08-11T12:34:12+00:00","og_image":[{"width":768,"height":1024,"url":"https:\/\/www.escapadarural.com\/blog\/wp-content\/uploads\/2024\/10\/Chiquito_de_la_Calzada-768x1024-2.jpg?v=1754915654","type":"image\/jpeg"}],"author":"Carmen L\u00f3pez","twitter_card":"summary_large_image","twitter_misc":{"Escrito por":"Carmen L\u00f3pez","Tiempo de lectura":"5 minutos"},"schema":{"@context":"https:\/\/schema.org","@graph":[{"@type":"Article","@id":"https:\/\/www.escapadarural.com\/blog\/la-ruta-de-chiquito\/#article","isPartOf":{"@id":"https:\/\/www.escapadarural.com\/blog\/la-ruta-de-chiquito\/"},"author":{"name":"Carmen L\u00f3pez","@id":"https:\/\/www.escapadarural.com\/blog\/#\/schema\/person\/42dfdff6118172efc6a04c8ae599a2ce"},"headline":"La ruta de Chiquito y otros caminos con prestigio en Espa\u00f1a","datePublished":"2021-06-03T09:07:45+00:00","dateModified":"2025-08-11T12:34:12+00:00","mainEntityOfPage":{"@id":"https:\/\/www.escapadarural.com\/blog\/la-ruta-de-chiquito\/"},"wordCount":1020,"commentCount":0,"publisher":{"@id":"https:\/\/www.escapadarural.com\/blog\/#organization"},"image":{"@id":"https:\/\/www.escapadarural.com\/blog\/la-ruta-de-chiquito\/#primaryimage"},"thumbnailUrl":"https:\/\/www.escapadarural.com\/blog\/wp-content\/uploads\/2024\/10\/Chiquito_de_la_Calzada-768x1024-2.jpg","keywords":["artistas","chiquito de la calzada","cultura","escritores","famosos","M\u00e1laga","Turismo cultural"],"articleSection":["Arte y Cultura","Rutas y excursiones"],"inLanguage":"es","potentialAction":[{"@type":"CommentAction","name":"Comment","target":["https:\/\/www.escapadarural.com\/blog\/la-ruta-de-chiquito\/#respond"]}]},{"@type":"WebPage","@id":"https:\/\/www.escapadarural.com\/blog\/la-ruta-de-chiquito\/","url":"https:\/\/www.escapadarural.com\/blog\/la-ruta-de-chiquito\/","name":"La ruta de Chiquito y otros caminos con prestigio en Espa\u00f1a - EscapadaRural","isPartOf":{"@id":"https:\/\/www.escapadarural.com\/blog\/#website"},"primaryImageOfPage":{"@id":"https:\/\/www.escapadarural.com\/blog\/la-ruta-de-chiquito\/#primaryimage"},"image":{"@id":"https:\/\/www.escapadarural.com\/blog\/la-ruta-de-chiquito\/#primaryimage"},"thumbnailUrl":"https:\/\/www.escapadarural.com\/blog\/wp-content\/uploads\/2024\/10\/Chiquito_de_la_Calzada-768x1024-2.jpg","datePublished":"2021-06-03T09:07:45+00:00","dateModified":"2025-08-11T12:34:12+00:00","breadcrumb":{"@id":"https:\/\/www.escapadarural.com\/blog\/la-ruta-de-chiquito\/#breadcrumb"},"inLanguage":"es","potentialAction":[{"@type":"ReadAction","target":["https:\/\/www.escapadarural.com\/blog\/la-ruta-de-chiquito\/"]}]},{"@type":"ImageObject","inLanguage":"es","@id":"https:\/\/www.escapadarural.com\/blog\/la-ruta-de-chiquito\/#primaryimage","url":"https:\/\/www.escapadarural.com\/blog\/wp-content\/uploads\/2024\/10\/Chiquito_de_la_Calzada-768x1024-2.jpg","contentUrl":"https:\/\/www.escapadarural.com\/blog\/wp-content\/uploads\/2024\/10\/Chiquito_de_la_Calzada-768x1024-2.jpg","width":768,"height":1024,"caption":"Un mural en blanco y negro representa a un hombre sonriente con entradas y vestido con una chaqueta estampada. El retrato es realista, resaltando los rasgos faciales y las texturas de forma estilizada."},{"@type":"BreadcrumbList","@id":"https:\/\/www.escapadarural.com\/blog\/la-ruta-de-chiquito\/#breadcrumb","itemListElement":[{"@type":"ListItem","position":1,"name":"Inicio","item":"https:\/\/www.escapadarural.com\/blog\/"},{"@type":"ListItem","position":2,"name":"Arte y Cultura","item":"https:\/\/www.escapadarural.com\/blog\/categoria\/arte-y-cultura\/"},{"@type":"ListItem","position":3,"name":"La ruta de Chiquito y otros caminos con prestigio en Espa\u00f1a"}]},{"@type":"WebSite","@id":"https:\/\/www.escapadarural.com\/blog\/#website","url":"https:\/\/www.escapadarural.com\/blog\/","name":"Blog de viajes | turismo rural, alojamientos e inspiraci\u00f3n","description":"Alojamientos rurales e inspiraci\u00f3n para tus escapadas","publisher":{"@id":"https:\/\/www.escapadarural.com\/blog\/#organization"},"alternateName":"Magazine de viajes de EscapadaRural","potentialAction":[{"@type":"SearchAction","target":{"@type":"EntryPoint","urlTemplate":"https:\/\/www.escapadarural.com\/blog\/?s={search_term_string}"},"query-input":{"@type":"PropertyValueSpecification","valueRequired":true,"valueName":"search_term_string"}}],"inLanguage":"es"},{"@type":"Organization","@id":"https:\/\/www.escapadarural.com\/blog\/#organization","name":"EscapadaRural","url":"https:\/\/www.escapadarural.com\/blog\/","logo":{"@type":"ImageObject","inLanguage":"es","@id":"https:\/\/www.escapadarural.com\/blog\/#\/schema\/logo\/image\/","url":"https:\/\/www.escapadarural.com\/blog\/wp-content\/uploads\/2024\/10\/cropped-cropped-escapada-rural-icon-mag-3.png","contentUrl":"https:\/\/www.escapadarural.com\/blog\/wp-content\/uploads\/2024\/10\/cropped-cropped-escapada-rural-icon-mag-3.png","width":512,"height":512,"caption":"EscapadaRural"},"image":{"@id":"https:\/\/www.escapadarural.com\/blog\/#\/schema\/logo\/image\/"},"sameAs":["https:\/\/www.facebook.com\/escapadarural","https:\/\/www.instagram.com\/escapadarural\/","https:\/\/www.youtube.com\/@escapadaruralcom"]},{"@type":"Person","@id":"https:\/\/www.escapadarural.com\/blog\/#\/schema\/person\/42dfdff6118172efc6a04c8ae599a2ce","name":"Carmen L\u00f3pez","image":{"@type":"ImageObject","inLanguage":"es","@id":"https:\/\/www.escapadarural.com\/blog\/wp-content\/uploads\/2024\/11\/cropped-perfil_eldiario-96x96-1-96x96.jpeg","url":"https:\/\/www.escapadarural.com\/blog\/wp-content\/uploads\/2024\/11\/cropped-perfil_eldiario-96x96-1-96x96.jpeg","contentUrl":"https:\/\/www.escapadarural.com\/blog\/wp-content\/uploads\/2024\/11\/cropped-perfil_eldiario-96x96-1-96x96.jpeg","caption":"Carmen L\u00f3pez"},"description":"Soy periodista y escribo sobre cosas que importan en sitios que interesan desde hace m\u00e1s de una d\u00e9cada.","url":"https:\/\/www.escapadarural.com\/blog\/autor\/carmenlopez\/"}]}},"_links":{"self":[{"href":"https:\/\/www.escapadarural.com\/blog\/wp-json\/wp\/v2\/posts\/40247","targetHints":{"allow":["GET"]}}],"collection":[{"href":"https:\/\/www.escapadarural.com\/blog\/wp-json\/wp\/v2\/posts"}],"about":[{"href":"https:\/\/www.escapadarural.com\/blog\/wp-json\/wp\/v2\/types\/post"}],"author":[{"embeddable":true,"href":"https:\/\/www.escapadarural.com\/blog\/wp-json\/wp\/v2\/users\/114"}],"replies":[{"embeddable":true,"href":"https:\/\/www.escapadarural.com\/blog\/wp-json\/wp\/v2\/comments?post=40247"}],"version-history":[{"count":0,"href":"https:\/\/www.escapadarural.com\/blog\/wp-json\/wp\/v2\/posts\/40247\/revisions"}],"wp:featuredmedia":[{"embeddable":true,"href":"https:\/\/www.escapadarural.com\/blog\/wp-json\/wp\/v2\/media\/101720"}],"wp:attachment":[{"href":"https:\/\/www.escapadarural.com\/blog\/wp-json\/wp\/v2\/media?parent=40247"}],"wp:term":[{"taxonomy":"category","embeddable":true,"href":"https:\/\/www.escapadarural.com\/blog\/wp-json\/wp\/v2\/categories?post=40247"},{"taxonomy":"post_tag","embeddable":true,"href":"https:\/\/www.escapadarural.com\/blog\/wp-json\/wp\/v2\/tags?post=40247"}],"curies":[{"name":"wp","href":"https:\/\/api.w.org\/{rel}","templated":true}]}}