{"id":40289,"date":"2021-06-08T09:18:24","date_gmt":"2021-06-08T08:18:24","guid":{"rendered":"https:\/\/www.escapadarural.com\/blog\/?p=40289"},"modified":"2025-08-11T14:33:52","modified_gmt":"2025-08-11T12:33:52","slug":"un-recorrido-por-las-casas-museo-de-espana","status":"publish","type":"post","link":"https:\/\/www.escapadarural.com\/blog\/un-recorrido-por-las-casas-museo-de-espana\/","title":{"rendered":"Casas Museo de Espa\u00f1a: aqu\u00ed vivieron nuestros artistas"},"content":{"rendered":"\n<figure class=\"wp-block-image size-large\"><a href=\"https:\/\/www.escapadarural.com\/blog\/wp-content\/uploads\/007003_-_Alcala_de_Henares_8239337160.jpg\"><img decoding=\"async\" src=\"https:\/\/www.escapadarural.com\/blog\/wp-content\/uploads\/007003_-_Alcala_de_Henares_8239337160-1024x684.jpg\" alt=\"\" class=\"wp-image-40400\"\/><\/a><figcaption class=\"wp-element-caption\">Casa Cervantes en Alcal\u00e1 de Henares. Por M.Peinado&nbsp;<\/figcaption><\/figure>\n\n\n\n<p>Eche un vistazo al interior de su casa, fij\u00e1ndose en los detalles que m\u00e1s le representen: el trofeo de pesca en la balda de la estanter\u00eda, los retratos colgados en las paredes, los t\u00edtulos de su biblioteca, los imanes de la nevera. Ahora, imagine a desconocidos que pasean por las estancias (sin poder tocar, solo observar) y se montan una idea de lo que pudo ser su vida. Una versi\u00f3n que se acerca a la realidad o que no tiene nada que ver. \u00bfSeguir\u00edan esos objetos ocupando un lugar visible o los cambiar\u00eda por otros m\u00e1s pintones? Si muchos de los <strong>personajes que habitaron las hoy conocidas como<\/strong> <strong>Casas Museo <\/strong>hubiesen sabido que la gente podr\u00eda entrar en sus moradas en el futuro, quiz\u00e1s habr\u00edan reflexionado sobre la cuesti\u00f3n.<\/p>\n\n\n\n<h2 class=\"wp-block-heading\" id=\"h-casa-museo-de-el-greco\">Casa Museo de El Greco<\/h2>\n\n\n\n<figure class=\"wp-block-image size-large\"><a href=\"https:\/\/www.escapadarural.com\/blog\/wp-content\/uploads\/1440px-Estrado_del_Museo_del_Greco.jpg\"><img decoding=\"async\" src=\"https:\/\/www.escapadarural.com\/blog\/wp-content\/uploads\/1440px-Estrado_del_Museo_del_Greco-1024x768.jpg\" alt=\"Casas Museo: El Greco\" class=\"wp-image-40392\"\/><\/a><figcaption class=\"wp-element-caption\">Casas Museo. Por Museo del Greco<\/figcaption><\/figure>\n\n\n\n<p><strong>La primera Casa Museo en crearse fue la de El Greco, en <\/strong><a href=\"https:\/\/www.escapadarural.com\/casas-rurales\/toledo_toledo\" class=\"rank-math-link\"><strong>Toledo<\/strong><\/a>. Supuso un importante avance en el \u00e1mbito muse\u00edstico: un espacio en el que no solo se exhiben obras del artista sino que tambi\u00e9n se muestra un ejemplo de lo que pudo ser su vida. El visitante puede satisfacer as\u00ed las ganas de conocer su trabajo a la par que el hambre de cotilleo que en el fondo todos llevamos dentro de una forma m\u00e1s o menos latente. \u00bfC\u00f3mo ser\u00eda su cama? \u00bfQu\u00e9 vistas tendr\u00eda desde su ventana? \u00bfViv\u00eda en un espacio lujoso o su existencia fue humilde?<\/p>\n\n\n\n<p>El responsable de <strong>la creaci\u00f3n de la Casa Museo del pintor griego fue el Marqu\u00e9s de la Vega-Incl\u00e1n<\/strong>, que en 1905 adquiri\u00f3 unas casas situadas en la juder\u00eda de Toledo. Su intenci\u00f3n fue encontrar un entorno caracter\u00edstico de lo que habr\u00eda sido la ciudad en el siglo XVI para as\u00ed poder recrear donde habr\u00eda vivido El Greco. Un dato: no todas las casas convertidas en galer\u00edas \u2013 en especial las m\u00e1s antiguas\u2013 son las originales ni contienen objetos pertenecientes al inquilino al que se le atribuyen, sino que son recreaciones lo m\u00e1s fieles posibles.&nbsp;<\/p>\n\n\n\n<p>El edificio est\u00e1 dividido en dos partes: el Museo, con cuadros y la casa, organizada en torno a un patio t\u00edpico toledano. Benigno de la Vega-Incl\u00e1n, que adem\u00e1s fue el creador de la Red de Paradores y el primer comisario de Turismo en la \u00e9poca de Alfonso XIII (principios del siglo XX), tambi\u00e9n erigi\u00f3<strong> la Casa Museo de Cervantes en 1915 en <\/strong><a href=\"https:\/\/www.escapadarural.com\/casas-rurales\/valladolid_valladolid\" class=\"rank-math-link\"><strong>Valladolid<\/strong><\/a><strong>.&nbsp;<\/strong><\/p>\n\n\n\n<h2 class=\"wp-block-heading\" id=\"h-casa-museo-de-cervantes\">Casa Museo de Cervantes<\/h2>\n\n\n\n<figure class=\"wp-block-image size-large\"><a href=\"https:\/\/www.escapadarural.com\/blog\/wp-content\/uploads\/Casacervantes_academia_artes01_lou.jpg\"><img decoding=\"async\" src=\"https:\/\/www.escapadarural.com\/blog\/wp-content\/uploads\/Casacervantes_academia_artes01_lou-1024x760.jpg\" alt=\"Casas Museo: Cervantes\" class=\"wp-image-40393\"\/><\/a><figcaption class=\"wp-element-caption\">Casa Museo de Cervantes. Por Lourdes Cardenal <\/figcaption><\/figure>\n\n\n\n<p>El escritor, en su segunda estancia en la ciudad, ocup\u00f3 una planta de una de las casas situada en el conjunto de cinco edificios que Juan de las Navas levant\u00f3 en 1601. El recorrido por el museo empieza en la planta baja, donde est\u00e1n la la biblioteca originaria de 1916 y el patio interior. Y despu\u00e9s, los visitantes pueden pasar al recibidor, el estrado, el aposento con la alcoba, la alcobilla, el comedor y la cocina. En dichas estancias <strong>se puede ver c\u00f3mo viv\u00eda el famoso padre de Don Quijote<\/strong>.<\/p>\n\n\n\n<p>Pero quienes quieran indagar en los or\u00edgenes del escritor, pueden curiosear <strong>su casa natal en Alcal\u00e1 de Henares<\/strong> (aunque cada cierto tiempo se reaviva la pol\u00e9mica que asegura que Cervantes vio la luz por primera vez en Alc\u00e1zar de San Juan). Como en la anterior, el inmueble tambi\u00e9n recrea el ambiente en el que se habr\u00eda criado el literato y permite evocar c\u00f3mo se viv\u00eda en Espa\u00f1a en los siglos XVI y XVII, al menos en el estrato social de la familia.<\/p>\n\n\n\n<h2 class=\"wp-block-heading\" id=\"h-las-casas-de-dali\"><strong>Las casas de Dal\u00ed<\/strong><\/h2>\n\n\n\n<figure class=\"wp-block-image size-large\"><a href=\"https:\/\/www.escapadarural.com\/blog\/wp-content\/uploads\/AdobeStock_228881557-scaled.jpeg\"><img decoding=\"async\" src=\"https:\/\/www.escapadarural.com\/blog\/wp-content\/uploads\/AdobeStock_228881557-1024x681.jpeg\" alt=\"Casas Museo de Dal\u00ed\" class=\"wp-image-40457\"\/><\/a><figcaption class=\"wp-element-caption\">Casas Museo de Dal\u00ed. Por Gilles Paire<\/figcaption><\/figure>\n\n\n\n<p>No son las \u00fanicas que hay en el pa\u00eds, por supuesto. A lo largo del territorio se pueden visitar alrededor de 40 Casas Museo de este tipo. Por ejemplo, <strong>la Casa Museo de Portlligat, en <\/strong><a href=\"https:\/\/www.escapadarural.com\/casas-rurales\/cadaques\" class=\"rank-math-link\"><strong>Cadaqu\u00e9s<\/strong><\/a><strong> que construyeron Salvador Dal\u00ed y Gala<\/strong>. Ellos, que hicieron del surrealismo su forma de vida m\u00e1s all\u00e1 de su arte, planificaron la vivienda en forma de laberinto que se inicia en el Vest\u00edbulo del Oso.&nbsp;<\/p>\n\n\n\n<p>A partir de ah\u00ed el camino discurre por <strong>habitaciones conectadas de forma extravagante y llenas de objetos<\/strong> personales del artista. Seg\u00fan sus propias palabras: \u201cPortlligat es el lugar de las realizaciones. Es el lugar perfecto para mi trabajo. Todo se conjura para que as\u00ed sea: el tiempo transcurre m\u00e1s lentamente y cada hora tiene su justa dimensi\u00f3n. Hay una tranquilidad geol\u00f3gica: es un caso planetario \u00fanico\u201d.<\/p>\n\n\n\n<figure class=\"wp-block-image size-large\"><a href=\"https:\/\/www.escapadarural.com\/blog\/wp-content\/uploads\/036_Castell_de_Pubol_Casa_Museu_Gala_Dali_salo_dels_escuts-scaled.jpg\"><img decoding=\"async\" src=\"https:\/\/www.escapadarural.com\/blog\/wp-content\/uploads\/036_Castell_de_Pubol_Casa_Museu_Gala_Dali_salo_dels_escuts-1024x768.jpg\" alt=\"Castillo de P\u00fabol\" class=\"wp-image-40395\"\/><\/a><figcaption class=\"wp-element-caption\">Castillo de P\u00fabol. Por Enric <\/figcaption><\/figure>\n\n\n\n<p>Los fans de la pareja tambi\u00e9n pueden visitar otra de sus Casas Museo: <strong>el <a href=\"https:\/\/www.escapadarural.com\/blog\/la-historia-del-castillo-de-pubol-que-dali-regalo-a-gala\/\" class=\"rank-math-link\">castillo Gala Dal\u00ed de P\u00fabol<\/a> que Salvador regal\u00f3 a su esposa situado en <\/strong><a href=\"https:\/\/www.escapadarural.com\/casas-rurales\/la-pera\" class=\"rank-math-link\"><strong>La Pera<\/strong><\/a>.&nbsp; El artista solo pod\u00eda visitarla si ped\u00eda audiencia con antelaci\u00f3n y la idea original fue que el edificio fuese el mausoleo de su amada. De hecho, en \u00e9l descansa su cuerpo en la actualidad.&nbsp;<\/p>\n\n\n\n<h2 class=\"wp-block-heading\" id=\"h-la-casa-da-matanza-de-rosalia-de-castro\">La casa da Matanza de Rosal\u00eda de Castro<\/h2>\n\n\n\n<figure class=\"wp-block-image size-large\"><a href=\"https:\/\/www.escapadarural.com\/blog\/wp-content\/uploads\/Facade_of_Rosalia_de_Castro_Museum_in_Iria_Flavia_Padron_Galicia_Spain-001.jpg\"><img decoding=\"async\" src=\"https:\/\/www.escapadarural.com\/blog\/wp-content\/uploads\/Facade_of_Rosalia_de_Castro_Museum_in_Iria_Flavia_Padron_Galicia_Spain-001-1024x674.jpg\" alt=\"Casa da Matanza\" class=\"wp-image-40396\"\/><\/a><figcaption class=\"wp-element-caption\">Casa da Matanza. Por Iago Pillado<\/figcaption><\/figure>\n\n\n\n<p>Rosal\u00eda de Castro pas\u00f3 los \u00faltimos a\u00f1os de su existencia, a finales del siglo XIX, en <strong>la Casa da Matanza, en <\/strong><a href=\"https:\/\/www.escapadarural.com\/casas-rurales\/padron\" class=\"rank-math-link\"><strong>Padr\u00f3n<\/strong><\/a><strong>.<\/strong> No se sabe qu\u00e9 pensar\u00eda la escritora, que pidi\u00f3 a sus hijas que quemasen sus manuscritos cuando muriese, de esa apertura a lo que fue su intimidad pero el caso es que ahora se puede visitar la vivienda. En la planta baja hay una exposici\u00f3n de objetos y recuerdos de la autora y el piso superior se conserva como la t\u00edpica casa labriega en la que vivi\u00f3 la escritora.<\/p>\n\n\n\n<h2 class=\"wp-block-heading\" id=\"h-casa-museo-de-miguel-hernandez\">Casa Museo de Miguel Hern\u00e1ndez<\/h2>\n\n\n\n<figure class=\"wp-block-image size-large\"><a href=\"https:\/\/www.escapadarural.com\/blog\/wp-content\/uploads\/Casa_museu_de_Miguel_Hernandez_Oriola_Pais_Valencia-scaled.jpg\"><img decoding=\"async\" src=\"https:\/\/www.escapadarural.com\/blog\/wp-content\/uploads\/Casa_museu_de_Miguel_Hernandez_Oriola_Pais_Valencia-1024x768.jpg\" alt=\"Casas Museo: Miguel Hern\u00e1ndez\" class=\"wp-image-40398\"\/><\/a><figcaption class=\"wp-element-caption\">Casas Museo: Miguel Hern\u00e1ndez Por Joanbanjo<\/figcaption><\/figure>\n\n\n\n<p>En <a href=\"https:\/\/www.escapadarural.com\/casas-rurales\/orihuela\" class=\"rank-math-link\"><strong>Orihuela<\/strong><\/a><strong> se puede comprobar la humildad con la que el malparado Miguel Hern\u00e1ndez<\/strong> vivi\u00f3 con su familia. Adem\u00e1s de la casita, tiene un patio peque\u00f1o y un corral. Dentro se pueden ver objetos personales, muebles y fotos del autor de <em>El rayo que no cesa<\/em> y <em>Vientos del pueblo<\/em>. <strong>En <\/strong><a href=\"https:\/\/www.escapadarural.com\/casas-rurales\/huelva\" class=\"rank-math-link\"><strong>Huelva<\/strong><\/a><strong>, concretamente en Moguer, se puede encontrar la Casa Museo de otro poeta, Juan Ram\u00f3n Jim\u00e9nez.<\/strong> La casona del Premio Nobel, de estilo t\u00edpico andaluz con patio y dos plantas, data del siglo XVIII y en ella tambi\u00e9n se pueden ver fotograf\u00edas, cuadros, enseres de la vivienda y su biblioteca personal adem\u00e1s de su hemeroteca.&nbsp;<\/p>\n\n\n\n<h2 class=\"wp-block-heading\" id=\"h-casa-natal-de-goya\">Casa natal de Goya<\/h2>\n\n\n\n<figure class=\"wp-block-image size-large\"><a href=\"https:\/\/www.escapadarural.com\/blog\/wp-content\/uploads\/1483px-Casa_natal_de_Francisco_Goya_Fuendetodos_Zaragoza_Espana_2015-01-08_DD_06.jpg\"><img decoding=\"async\" src=\"https:\/\/www.escapadarural.com\/blog\/wp-content\/uploads\/1483px-Casa_natal_de_Francisco_Goya_Fuendetodos_Zaragoza_Espana_2015-01-08_DD_06-1024x746.jpg\" alt=\"Casa de Goya\" class=\"wp-image-40397\"\/><\/a><figcaption class=\"wp-element-caption\">Casa natal de Francisco de Goya. Por Diego Delso<\/figcaption><\/figure>\n\n\n\n<p>Y para terminar el recorrido por las Casas Museo de Espa\u00f1a, la edificaci\u00f3n en la que naci\u00f3 otro grande de la cultura espa\u00f1ola: <strong>Francisco de Goya. Originario de <\/strong><a class=\"rank-math-link\" href=\"https:\/\/www.escapadarural.com\/casas-rurales\/fuendetodos\"><strong>Fuendetodos<\/strong><\/a><strong>, en <\/strong><a class=\"rank-math-link\" href=\"https:\/\/www.escapadarural.com\/casas-rurales\/campo-de-belchite\"><strong>Campo de Belchite<\/strong><\/a>, su casa se construy\u00f3 en el siglo XVIII y su due\u00f1o era un t\u00edo de su madre. No se identific\u00f3 como tal hasta 1913, cuando el artista pl\u00e1stico Ignacio Zuloaga descubri\u00f3 que era la cuna del pintor. En 1982 fue declarada Monumento Hist\u00f3rico Nacional y la Fundaci\u00f3n Goya Fuendetodos organiza visitas culturales guiadas.<\/p>\n","protected":false},"excerpt":{"rendered":"<p>La primera de las Casas Museo en crearse en Espa\u00f1a fue la de El Greco, en Toledo. Supuso un importante avance en el \u00e1mbito muse\u00edstico: un espacio en el que no solo se exhiben obras del artista sino que tambi\u00e9n se muestra un ejemplo de lo que pudo ser su vida es todo un invento. <\/p>\n","protected":false},"author":114,"featured_media":13590,"comment_status":"open","ping_status":"open","sticky":false,"template":"","format":"standard","meta":{"_acf_changed":false,"om_disable_all_campaigns":false,"footnotes":""},"categories":[231],"tags":[3345,1318,294,3346,331,2907,2314,3347,215,3348,2237,2910],"class_list":["post-40289","post","type-post","status-publish","format-standard","has-post-thumbnail","hentry","category-arte-y-cultura","tag-casa-museo","tag-cervantes","tag-cultura","tag-el-greco","tag-espana","tag-gala","tag-goya","tag-juan-ramon-jimenez","tag-listado","tag-miguel-hernandez","tag-museos","tag-salvador-dali"],"acf":[],"featured_image_src":"https:\/\/www.escapadarural.com\/blog\/wp-content\/uploads\/2020\/04\/28-Museo-Etnografico-de-Cantabria.jpg","author_info":{"display_name":"Carmen L\u00f3pez","author_link":"https:\/\/www.escapadarural.com\/blog\/autor\/carmenlopez\/"},"yoast_head":"<!-- This site is optimized with the Yoast SEO plugin v27.5 - https:\/\/yoast.com\/product\/yoast-seo-wordpress\/ -->\n<title>Casas Museo de Espa\u00f1a: aqu\u00ed vivieron nuestros artistas - EscapadaRural<\/title>\n<meta name=\"robots\" content=\"index, follow, max-snippet:-1, max-image-preview:large, max-video-preview:-1\" \/>\n<link rel=\"canonical\" href=\"https:\/\/www.escapadarural.com\/blog\/un-recorrido-por-las-casas-museo-de-espana\/\" \/>\n<meta property=\"og:locale\" content=\"es_ES\" \/>\n<meta property=\"og:type\" content=\"article\" \/>\n<meta property=\"og:title\" content=\"Casas Museo de Espa\u00f1a: aqu\u00ed vivieron nuestros artistas - EscapadaRural\" \/>\n<meta property=\"og:description\" content=\"La primera de las Casas Museo en crearse en Espa\u00f1a fue la de El Greco, en Toledo. Supuso un importante avance en el \u00e1mbito muse\u00edstico: un espacio en el que no solo se exhiben obras del artista sino que tambi\u00e9n se muestra un ejemplo de lo que pudo ser su vida es todo un invento.\" \/>\n<meta property=\"og:url\" content=\"https:\/\/www.escapadarural.com\/blog\/un-recorrido-por-las-casas-museo-de-espana\/\" \/>\n<meta property=\"og:site_name\" content=\"Magazine de viajes de EscapadaRural\" \/>\n<meta property=\"article:publisher\" content=\"https:\/\/www.facebook.com\/escapadarural\" \/>\n<meta property=\"article:published_time\" content=\"2021-06-08T08:18:24+00:00\" \/>\n<meta property=\"article:modified_time\" content=\"2025-08-11T12:33:52+00:00\" \/>\n<meta property=\"og:image\" content=\"https:\/\/www.escapadarural.com\/blog\/wp-content\/uploads\/2020\/04\/28-Museo-Etnografico-de-Cantabria.jpg?v=1754915632\" \/>\n\t<meta property=\"og:image:width\" content=\"500\" \/>\n\t<meta property=\"og:image:height\" content=\"326\" \/>\n\t<meta property=\"og:image:type\" content=\"image\/jpeg\" \/>\n<meta name=\"author\" content=\"Carmen L\u00f3pez\" \/>\n<meta name=\"twitter:card\" content=\"summary_large_image\" \/>\n<meta name=\"twitter:label1\" content=\"Escrito por\" \/>\n\t<meta name=\"twitter:data1\" content=\"Carmen L\u00f3pez\" \/>\n\t<meta name=\"twitter:label2\" content=\"Tiempo de lectura\" \/>\n\t<meta name=\"twitter:data2\" content=\"6 minutos\" \/>\n<script type=\"application\/ld+json\" class=\"yoast-schema-graph\">{\"@context\":\"https:\\\/\\\/schema.org\",\"@graph\":[{\"@type\":\"Article\",\"@id\":\"https:\\\/\\\/www.escapadarural.com\\\/blog\\\/un-recorrido-por-las-casas-museo-de-espana\\\/#article\",\"isPartOf\":{\"@id\":\"https:\\\/\\\/www.escapadarural.com\\\/blog\\\/un-recorrido-por-las-casas-museo-de-espana\\\/\"},\"author\":{\"name\":\"Carmen L\u00f3pez\",\"@id\":\"https:\\\/\\\/www.escapadarural.com\\\/blog\\\/#\\\/schema\\\/person\\\/42dfdff6118172efc6a04c8ae599a2ce\"},\"headline\":\"Casas Museo de Espa\u00f1a: aqu\u00ed vivieron nuestros artistas\",\"datePublished\":\"2021-06-08T08:18:24+00:00\",\"dateModified\":\"2025-08-11T12:33:52+00:00\",\"mainEntityOfPage\":{\"@id\":\"https:\\\/\\\/www.escapadarural.com\\\/blog\\\/un-recorrido-por-las-casas-museo-de-espana\\\/\"},\"wordCount\":1220,\"commentCount\":0,\"publisher\":{\"@id\":\"https:\\\/\\\/www.escapadarural.com\\\/blog\\\/#organization\"},\"image\":{\"@id\":\"https:\\\/\\\/www.escapadarural.com\\\/blog\\\/un-recorrido-por-las-casas-museo-de-espana\\\/#primaryimage\"},\"thumbnailUrl\":\"https:\\\/\\\/www.escapadarural.com\\\/blog\\\/wp-content\\\/uploads\\\/2020\\\/04\\\/28-Museo-Etnografico-de-Cantabria.jpg\",\"keywords\":[\"casa museo\",\"cervantes\",\"cultura\",\"el greco\",\"Espa\u00f1a\",\"gala\",\"Goya\",\"juan ram\u00f3n jimenez\",\"Listado\",\"miguel hern\u00e1ndez\",\"museos\",\"salvador dal\u00ed\"],\"articleSection\":[\"Arte y Cultura\"],\"inLanguage\":\"es\",\"potentialAction\":[{\"@type\":\"CommentAction\",\"name\":\"Comment\",\"target\":[\"https:\\\/\\\/www.escapadarural.com\\\/blog\\\/un-recorrido-por-las-casas-museo-de-espana\\\/#respond\"]}]},{\"@type\":\"WebPage\",\"@id\":\"https:\\\/\\\/www.escapadarural.com\\\/blog\\\/un-recorrido-por-las-casas-museo-de-espana\\\/\",\"url\":\"https:\\\/\\\/www.escapadarural.com\\\/blog\\\/un-recorrido-por-las-casas-museo-de-espana\\\/\",\"name\":\"Casas Museo de Espa\u00f1a: aqu\u00ed vivieron nuestros artistas - EscapadaRural\",\"isPartOf\":{\"@id\":\"https:\\\/\\\/www.escapadarural.com\\\/blog\\\/#website\"},\"primaryImageOfPage\":{\"@id\":\"https:\\\/\\\/www.escapadarural.com\\\/blog\\\/un-recorrido-por-las-casas-museo-de-espana\\\/#primaryimage\"},\"image\":{\"@id\":\"https:\\\/\\\/www.escapadarural.com\\\/blog\\\/un-recorrido-por-las-casas-museo-de-espana\\\/#primaryimage\"},\"thumbnailUrl\":\"https:\\\/\\\/www.escapadarural.com\\\/blog\\\/wp-content\\\/uploads\\\/2020\\\/04\\\/28-Museo-Etnografico-de-Cantabria.jpg\",\"datePublished\":\"2021-06-08T08:18:24+00:00\",\"dateModified\":\"2025-08-11T12:33:52+00:00\",\"breadcrumb\":{\"@id\":\"https:\\\/\\\/www.escapadarural.com\\\/blog\\\/un-recorrido-por-las-casas-museo-de-espana\\\/#breadcrumb\"},\"inLanguage\":\"es\",\"potentialAction\":[{\"@type\":\"ReadAction\",\"target\":[\"https:\\\/\\\/www.escapadarural.com\\\/blog\\\/un-recorrido-por-las-casas-museo-de-espana\\\/\"]}]},{\"@type\":\"ImageObject\",\"inLanguage\":\"es\",\"@id\":\"https:\\\/\\\/www.escapadarural.com\\\/blog\\\/un-recorrido-por-las-casas-museo-de-espana\\\/#primaryimage\",\"url\":\"https:\\\/\\\/www.escapadarural.com\\\/blog\\\/wp-content\\\/uploads\\\/2020\\\/04\\\/28-Museo-Etnografico-de-Cantabria.jpg\",\"contentUrl\":\"https:\\\/\\\/www.escapadarural.com\\\/blog\\\/wp-content\\\/uploads\\\/2020\\\/04\\\/28-Museo-Etnografico-de-Cantabria.jpg\",\"width\":500,\"height\":326,\"caption\":\"Museo Etnogr\u00e1fico de Cantabria\"},{\"@type\":\"BreadcrumbList\",\"@id\":\"https:\\\/\\\/www.escapadarural.com\\\/blog\\\/un-recorrido-por-las-casas-museo-de-espana\\\/#breadcrumb\",\"itemListElement\":[{\"@type\":\"ListItem\",\"position\":1,\"name\":\"Inicio\",\"item\":\"https:\\\/\\\/www.escapadarural.com\\\/blog\\\/\"},{\"@type\":\"ListItem\",\"position\":2,\"name\":\"Arte y Cultura\",\"item\":\"https:\\\/\\\/www.escapadarural.com\\\/blog\\\/categoria\\\/arte-y-cultura\\\/\"},{\"@type\":\"ListItem\",\"position\":3,\"name\":\"Casas Museo de Espa\u00f1a: aqu\u00ed vivieron nuestros artistas\"}]},{\"@type\":\"WebSite\",\"@id\":\"https:\\\/\\\/www.escapadarural.com\\\/blog\\\/#website\",\"url\":\"https:\\\/\\\/www.escapadarural.com\\\/blog\\\/\",\"name\":\"Blog de viajes | turismo rural, alojamientos e inspiraci\u00f3n\",\"description\":\"Alojamientos rurales e inspiraci\u00f3n para tus escapadas\",\"publisher\":{\"@id\":\"https:\\\/\\\/www.escapadarural.com\\\/blog\\\/#organization\"},\"alternateName\":\"Magazine de viajes de EscapadaRural\",\"potentialAction\":[{\"@type\":\"SearchAction\",\"target\":{\"@type\":\"EntryPoint\",\"urlTemplate\":\"https:\\\/\\\/www.escapadarural.com\\\/blog\\\/?s={search_term_string}\"},\"query-input\":{\"@type\":\"PropertyValueSpecification\",\"valueRequired\":true,\"valueName\":\"search_term_string\"}}],\"inLanguage\":\"es\"},{\"@type\":\"Organization\",\"@id\":\"https:\\\/\\\/www.escapadarural.com\\\/blog\\\/#organization\",\"name\":\"EscapadaRural\",\"url\":\"https:\\\/\\\/www.escapadarural.com\\\/blog\\\/\",\"logo\":{\"@type\":\"ImageObject\",\"inLanguage\":\"es\",\"@id\":\"https:\\\/\\\/www.escapadarural.com\\\/blog\\\/#\\\/schema\\\/logo\\\/image\\\/\",\"url\":\"https:\\\/\\\/www.escapadarural.com\\\/blog\\\/wp-content\\\/uploads\\\/2024\\\/10\\\/cropped-cropped-escapada-rural-icon-mag-3.png\",\"contentUrl\":\"https:\\\/\\\/www.escapadarural.com\\\/blog\\\/wp-content\\\/uploads\\\/2024\\\/10\\\/cropped-cropped-escapada-rural-icon-mag-3.png\",\"width\":512,\"height\":512,\"caption\":\"EscapadaRural\"},\"image\":{\"@id\":\"https:\\\/\\\/www.escapadarural.com\\\/blog\\\/#\\\/schema\\\/logo\\\/image\\\/\"},\"sameAs\":[\"https:\\\/\\\/www.facebook.com\\\/escapadarural\",\"https:\\\/\\\/www.instagram.com\\\/escapadarural\\\/\",\"https:\\\/\\\/www.youtube.com\\\/@escapadaruralcom\"]},{\"@type\":\"Person\",\"@id\":\"https:\\\/\\\/www.escapadarural.com\\\/blog\\\/#\\\/schema\\\/person\\\/42dfdff6118172efc6a04c8ae599a2ce\",\"name\":\"Carmen L\u00f3pez\",\"image\":{\"@type\":\"ImageObject\",\"inLanguage\":\"es\",\"@id\":\"https:\\\/\\\/www.escapadarural.com\\\/blog\\\/wp-content\\\/uploads\\\/2024\\\/11\\\/cropped-perfil_eldiario-96x96-1-96x96.jpeg\",\"url\":\"https:\\\/\\\/www.escapadarural.com\\\/blog\\\/wp-content\\\/uploads\\\/2024\\\/11\\\/cropped-perfil_eldiario-96x96-1-96x96.jpeg\",\"contentUrl\":\"https:\\\/\\\/www.escapadarural.com\\\/blog\\\/wp-content\\\/uploads\\\/2024\\\/11\\\/cropped-perfil_eldiario-96x96-1-96x96.jpeg\",\"caption\":\"Carmen L\u00f3pez\"},\"description\":\"Soy periodista y escribo sobre cosas que importan en sitios que interesan desde hace m\u00e1s de una d\u00e9cada.\",\"url\":\"https:\\\/\\\/www.escapadarural.com\\\/blog\\\/autor\\\/carmenlopez\\\/\"}]}<\/script>\n<!-- \/ Yoast SEO plugin. -->","yoast_head_json":{"title":"Casas Museo de Espa\u00f1a: aqu\u00ed vivieron nuestros artistas - EscapadaRural","robots":{"index":"index","follow":"follow","max-snippet":"max-snippet:-1","max-image-preview":"max-image-preview:large","max-video-preview":"max-video-preview:-1"},"canonical":"https:\/\/www.escapadarural.com\/blog\/un-recorrido-por-las-casas-museo-de-espana\/","og_locale":"es_ES","og_type":"article","og_title":"Casas Museo de Espa\u00f1a: aqu\u00ed vivieron nuestros artistas - EscapadaRural","og_description":"La primera de las Casas Museo en crearse en Espa\u00f1a fue la de El Greco, en Toledo. Supuso un importante avance en el \u00e1mbito muse\u00edstico: un espacio en el que no solo se exhiben obras del artista sino que tambi\u00e9n se muestra un ejemplo de lo que pudo ser su vida es todo un invento.","og_url":"https:\/\/www.escapadarural.com\/blog\/un-recorrido-por-las-casas-museo-de-espana\/","og_site_name":"Magazine de viajes de EscapadaRural","article_publisher":"https:\/\/www.facebook.com\/escapadarural","article_published_time":"2021-06-08T08:18:24+00:00","article_modified_time":"2025-08-11T12:33:52+00:00","og_image":[{"width":500,"height":326,"url":"https:\/\/www.escapadarural.com\/blog\/wp-content\/uploads\/2020\/04\/28-Museo-Etnografico-de-Cantabria.jpg?v=1754915632","type":"image\/jpeg"}],"author":"Carmen L\u00f3pez","twitter_card":"summary_large_image","twitter_misc":{"Escrito por":"Carmen L\u00f3pez","Tiempo de lectura":"6 minutos"},"schema":{"@context":"https:\/\/schema.org","@graph":[{"@type":"Article","@id":"https:\/\/www.escapadarural.com\/blog\/un-recorrido-por-las-casas-museo-de-espana\/#article","isPartOf":{"@id":"https:\/\/www.escapadarural.com\/blog\/un-recorrido-por-las-casas-museo-de-espana\/"},"author":{"name":"Carmen L\u00f3pez","@id":"https:\/\/www.escapadarural.com\/blog\/#\/schema\/person\/42dfdff6118172efc6a04c8ae599a2ce"},"headline":"Casas Museo de Espa\u00f1a: aqu\u00ed vivieron nuestros artistas","datePublished":"2021-06-08T08:18:24+00:00","dateModified":"2025-08-11T12:33:52+00:00","mainEntityOfPage":{"@id":"https:\/\/www.escapadarural.com\/blog\/un-recorrido-por-las-casas-museo-de-espana\/"},"wordCount":1220,"commentCount":0,"publisher":{"@id":"https:\/\/www.escapadarural.com\/blog\/#organization"},"image":{"@id":"https:\/\/www.escapadarural.com\/blog\/un-recorrido-por-las-casas-museo-de-espana\/#primaryimage"},"thumbnailUrl":"https:\/\/www.escapadarural.com\/blog\/wp-content\/uploads\/2020\/04\/28-Museo-Etnografico-de-Cantabria.jpg","keywords":["casa museo","cervantes","cultura","el greco","Espa\u00f1a","gala","Goya","juan ram\u00f3n jimenez","Listado","miguel hern\u00e1ndez","museos","salvador dal\u00ed"],"articleSection":["Arte y Cultura"],"inLanguage":"es","potentialAction":[{"@type":"CommentAction","name":"Comment","target":["https:\/\/www.escapadarural.com\/blog\/un-recorrido-por-las-casas-museo-de-espana\/#respond"]}]},{"@type":"WebPage","@id":"https:\/\/www.escapadarural.com\/blog\/un-recorrido-por-las-casas-museo-de-espana\/","url":"https:\/\/www.escapadarural.com\/blog\/un-recorrido-por-las-casas-museo-de-espana\/","name":"Casas Museo de Espa\u00f1a: aqu\u00ed vivieron nuestros artistas - EscapadaRural","isPartOf":{"@id":"https:\/\/www.escapadarural.com\/blog\/#website"},"primaryImageOfPage":{"@id":"https:\/\/www.escapadarural.com\/blog\/un-recorrido-por-las-casas-museo-de-espana\/#primaryimage"},"image":{"@id":"https:\/\/www.escapadarural.com\/blog\/un-recorrido-por-las-casas-museo-de-espana\/#primaryimage"},"thumbnailUrl":"https:\/\/www.escapadarural.com\/blog\/wp-content\/uploads\/2020\/04\/28-Museo-Etnografico-de-Cantabria.jpg","datePublished":"2021-06-08T08:18:24+00:00","dateModified":"2025-08-11T12:33:52+00:00","breadcrumb":{"@id":"https:\/\/www.escapadarural.com\/blog\/un-recorrido-por-las-casas-museo-de-espana\/#breadcrumb"},"inLanguage":"es","potentialAction":[{"@type":"ReadAction","target":["https:\/\/www.escapadarural.com\/blog\/un-recorrido-por-las-casas-museo-de-espana\/"]}]},{"@type":"ImageObject","inLanguage":"es","@id":"https:\/\/www.escapadarural.com\/blog\/un-recorrido-por-las-casas-museo-de-espana\/#primaryimage","url":"https:\/\/www.escapadarural.com\/blog\/wp-content\/uploads\/2020\/04\/28-Museo-Etnografico-de-Cantabria.jpg","contentUrl":"https:\/\/www.escapadarural.com\/blog\/wp-content\/uploads\/2020\/04\/28-Museo-Etnografico-de-Cantabria.jpg","width":500,"height":326,"caption":"Museo Etnogr\u00e1fico de Cantabria"},{"@type":"BreadcrumbList","@id":"https:\/\/www.escapadarural.com\/blog\/un-recorrido-por-las-casas-museo-de-espana\/#breadcrumb","itemListElement":[{"@type":"ListItem","position":1,"name":"Inicio","item":"https:\/\/www.escapadarural.com\/blog\/"},{"@type":"ListItem","position":2,"name":"Arte y Cultura","item":"https:\/\/www.escapadarural.com\/blog\/categoria\/arte-y-cultura\/"},{"@type":"ListItem","position":3,"name":"Casas Museo de Espa\u00f1a: aqu\u00ed vivieron nuestros artistas"}]},{"@type":"WebSite","@id":"https:\/\/www.escapadarural.com\/blog\/#website","url":"https:\/\/www.escapadarural.com\/blog\/","name":"Blog de viajes | turismo rural, alojamientos e inspiraci\u00f3n","description":"Alojamientos rurales e inspiraci\u00f3n para tus escapadas","publisher":{"@id":"https:\/\/www.escapadarural.com\/blog\/#organization"},"alternateName":"Magazine de viajes de EscapadaRural","potentialAction":[{"@type":"SearchAction","target":{"@type":"EntryPoint","urlTemplate":"https:\/\/www.escapadarural.com\/blog\/?s={search_term_string}"},"query-input":{"@type":"PropertyValueSpecification","valueRequired":true,"valueName":"search_term_string"}}],"inLanguage":"es"},{"@type":"Organization","@id":"https:\/\/www.escapadarural.com\/blog\/#organization","name":"EscapadaRural","url":"https:\/\/www.escapadarural.com\/blog\/","logo":{"@type":"ImageObject","inLanguage":"es","@id":"https:\/\/www.escapadarural.com\/blog\/#\/schema\/logo\/image\/","url":"https:\/\/www.escapadarural.com\/blog\/wp-content\/uploads\/2024\/10\/cropped-cropped-escapada-rural-icon-mag-3.png","contentUrl":"https:\/\/www.escapadarural.com\/blog\/wp-content\/uploads\/2024\/10\/cropped-cropped-escapada-rural-icon-mag-3.png","width":512,"height":512,"caption":"EscapadaRural"},"image":{"@id":"https:\/\/www.escapadarural.com\/blog\/#\/schema\/logo\/image\/"},"sameAs":["https:\/\/www.facebook.com\/escapadarural","https:\/\/www.instagram.com\/escapadarural\/","https:\/\/www.youtube.com\/@escapadaruralcom"]},{"@type":"Person","@id":"https:\/\/www.escapadarural.com\/blog\/#\/schema\/person\/42dfdff6118172efc6a04c8ae599a2ce","name":"Carmen L\u00f3pez","image":{"@type":"ImageObject","inLanguage":"es","@id":"https:\/\/www.escapadarural.com\/blog\/wp-content\/uploads\/2024\/11\/cropped-perfil_eldiario-96x96-1-96x96.jpeg","url":"https:\/\/www.escapadarural.com\/blog\/wp-content\/uploads\/2024\/11\/cropped-perfil_eldiario-96x96-1-96x96.jpeg","contentUrl":"https:\/\/www.escapadarural.com\/blog\/wp-content\/uploads\/2024\/11\/cropped-perfil_eldiario-96x96-1-96x96.jpeg","caption":"Carmen L\u00f3pez"},"description":"Soy periodista y escribo sobre cosas que importan en sitios que interesan desde hace m\u00e1s de una d\u00e9cada.","url":"https:\/\/www.escapadarural.com\/blog\/autor\/carmenlopez\/"}]}},"_links":{"self":[{"href":"https:\/\/www.escapadarural.com\/blog\/wp-json\/wp\/v2\/posts\/40289","targetHints":{"allow":["GET"]}}],"collection":[{"href":"https:\/\/www.escapadarural.com\/blog\/wp-json\/wp\/v2\/posts"}],"about":[{"href":"https:\/\/www.escapadarural.com\/blog\/wp-json\/wp\/v2\/types\/post"}],"author":[{"embeddable":true,"href":"https:\/\/www.escapadarural.com\/blog\/wp-json\/wp\/v2\/users\/114"}],"replies":[{"embeddable":true,"href":"https:\/\/www.escapadarural.com\/blog\/wp-json\/wp\/v2\/comments?post=40289"}],"version-history":[{"count":0,"href":"https:\/\/www.escapadarural.com\/blog\/wp-json\/wp\/v2\/posts\/40289\/revisions"}],"wp:featuredmedia":[{"embeddable":true,"href":"https:\/\/www.escapadarural.com\/blog\/wp-json\/wp\/v2\/media\/13590"}],"wp:attachment":[{"href":"https:\/\/www.escapadarural.com\/blog\/wp-json\/wp\/v2\/media?parent=40289"}],"wp:term":[{"taxonomy":"category","embeddable":true,"href":"https:\/\/www.escapadarural.com\/blog\/wp-json\/wp\/v2\/categories?post=40289"},{"taxonomy":"post_tag","embeddable":true,"href":"https:\/\/www.escapadarural.com\/blog\/wp-json\/wp\/v2\/tags?post=40289"}],"curies":[{"name":"wp","href":"https:\/\/api.w.org\/{rel}","templated":true}]}}